{"id":16252,"date":"2021-12-16T07:50:22","date_gmt":"2021-12-16T06:50:22","guid":{"rendered":"https:\/\/congovirtuel.com\/information\/?p=16252"},"modified":"2021-12-16T07:50:24","modified_gmt":"2021-12-16T06:50:24","slug":"rdc-felix-tshisekedi-au-sommet-turquie-afrique","status":"publish","type":"post","link":"https:\/\/congovirtuel.com\/information\/rdc-felix-tshisekedi-au-sommet-turquie-afrique\/","title":{"rendered":"RDC: F\u00e9lix Tshisekedi au Sommet Turquie-Afrique","gt_translate_keys":[{"key":"rendered","format":"text"}]},"content":{"rendered":"\n<p class=\"wp-block-paragraph\"><strong>F\u00e9lix Antoine Tshisekedi, Pr\u00e9sident de la R\u00e9publique D\u00e9mocratique du Congo et pr\u00e9sident en exercice de l\u2019Union Africaine, a re\u00e7u de son homologue turc, Recep Tayyip Erdogan, l\u2019invitation \u00e0 prendre part au 3me Sommet Turquie-Afrique, pr\u00e9vu du 17 au 18 d\u00e9cembre 2021 \u00e0 Istanbul. Plusieurs Chefs d\u2019Etat et de gouvernement y sont \u00e9galement attendus.<\/strong><\/p>\n\n\n\n<p class=\"wp-block-paragraph\">&nbsp;&nbsp;&nbsp;&nbsp;&nbsp;&nbsp;&nbsp;&nbsp; Entre autres activit\u00e9s annonc\u00e9es au Palais des Congr\u00e8s d\u2019Istanbul, il y a des entretiens bilat\u00e9raux entre hommes d\u2019Etat et un d\u00e9jeuner de travail qui va se focaliser sur les investissements.<\/p>\n\n\n\n<p class=\"wp-block-paragraph\">&nbsp;&nbsp;&nbsp;&nbsp;&nbsp;&nbsp;&nbsp;&nbsp; L\u2019objectif de ce forum est le resserrement des liens politiques et commerciaux entre la Turquie et l\u2019Afrique, d\u00e9j\u00e0 vieux de vingt ans. Un des points saillants de cette rencontre sera aussi la lutte contre le terrorisme en Afrique.<\/p>\n\n\n\n<p class=\"wp-block-paragraph\">&nbsp;&nbsp;&nbsp;&nbsp;&nbsp;&nbsp;&nbsp;&nbsp; On rappelle que la Turquie avait \u00e9t\u00e9 d\u00e9clar\u00e9e \u00ab&nbsp;Partenaire strat\u00e9gique&nbsp;\u00bb de l\u2019Union Africaine au cours d\u2019un sommet de cette organisation tenue en 2008. On signale que le volume des \u00e9changes commerciaux entre la Turquie et l\u2019Afrique est pass\u00e9 de 5,4 milliards de dollars am\u00e9ricains en 2003 \u00e0 plus de 25 milliards de dollars am\u00e9ricains en 2020, en d\u00e9pit des d\u00e9g\u00e2ts caus\u00e9s par la pand\u00e9mie du coronavirus sur l\u2019\u00e9conomie mondiale.<\/p>\n\n\n\n<p class=\"wp-block-paragraph\">&nbsp;&nbsp;&nbsp;&nbsp;&nbsp;&nbsp;&nbsp;&nbsp; Plus de mille entrepreneurs turcs et africains sont attendus \u00e0 cette troisi\u00e8me \u00e9dition. Il y a lieu de rappeler que les deux premiers Sommets entre la Turquie et le continent africain s\u2019\u00e9taient tenus en 2016 et 2018 \u00e0 Istanbul.<\/p>\n\n\n\n<p class=\"wp-block-paragraph\"><strong>Bient\u00f4t des batteries \u00e9lectriques en RDC<\/strong><\/p>\n\n\n\n<p class=\"wp-block-paragraph\">\u00a0\u00a0\u00a0\u00a0\u00a0\u00a0\u00a0\u00a0 Afreximbank est pr\u00eate \u00e0 mettre 500 millions de dollars am\u00e9ricains dans la balance pour financer la production des batteries \u00e9lectriques en RDC. C\u2019est la promesse faite hier au Chef de l\u2019Etat par le repr\u00e9sentant de ce groupe, lors de l\u2019audience lui accord\u00e9e \u00e0 la Cit\u00e9 de l\u2019Union Africaine, en compagnie de Madame Songwe, Secr\u00e9taire Ex\u00e9cutive de la CEA (Commission Economique pour l\u2019Afrique). On rappelle que le projet avait \u00e9t\u00e9 abondamment discut\u00e9 lors du \u00ab Business Forum \u00bb tenu \u00e0 Kinshasa il y a trois semaines. Cr\u00e9dit\u00e9e des plus grandes r\u00e9serves mondiales du cobalt, la RDC se situe en pole position pour la production des batteries \u00e9lectriques, appel\u00e9s \u00e0 r\u00e9volutionner le secteur mobile.<\/p>\n\n\n\n<p class=\"wp-block-paragraph\"><strong>Lephare<\/strong><\/p>\n","protected":false,"gt_translate_keys":[{"key":"rendered","format":"html"}]},"excerpt":{"rendered":"<p>F\u00e9lix Antoine Tshisekedi, Pr\u00e9sident de la R\u00e9publique D\u00e9mocratique du Congo et pr\u00e9sident en exercice de l\u2019Union Africaine, a re\u00e7u de son homologue turc, Recep Tayyip Erdogan, l\u2019invitation \u00e0 prendre part au 3me Sommet Turquie-Afrique, pr\u00e9vu du 17 au 18 d\u00e9cembre 2021 \u00e0 Istanbul. Plusieurs Chefs d\u2019Etat et de gouvernement y sont \u00e9galement attendus. &nbsp;&nbsp;&nbsp;&nbsp;&nbsp;&nbsp;&nbsp;&nbsp; Entre autres activit\u00e9s annonc\u00e9es au Palais des Congr\u00e8s d\u2019Istanbul, il y a des entretiens bilat\u00e9raux entre hommes d\u2019Etat et un d\u00e9jeuner de travail qui va se focaliser sur les investissements. &nbsp;&nbsp;&nbsp;&nbsp;&nbsp;&nbsp;&nbsp;&nbsp; L\u2019objectif de ce forum est&hellip;<\/p>\n","protected":false,"gt_translate_keys":[{"key":"rendered","format":"html"}]},"author":1,"featured_media":16254,"comment_status":"open","ping_status":"open","sticky":false,"template":"","format":"standard","meta":{"_crdt_document":"","footnotes":""},"categories":[12],"tags":[30406,30407],"class_list":["post-16252","post","type-post","status-publish","format-standard","has-post-thumbnail","hentry","category-afrique","tag-sommet-istanbul","tag-tshisekedi-sommet-turquie-afrique"],"gutentor_comment":0,"yoast_head":"<!-- This site is optimized with the Yoast SEO plugin v27.5 - https:\/\/yoast.com\/product\/yoast-seo-wordpress\/ -->\n<title>RDC: F\u00e9lix Tshisekedi au Sommet Turquie-Afrique - Actualit\u00e9s congolaises et internationales<\/title>\n<meta name=\"robots\" content=\"index, follow, max-snippet:-1, max-image-preview:large, max-video-preview:-1\" \/>\n<link rel=\"canonical\" href=\"https:\/\/congovirtuel.com\/information\/rdc-felix-tshisekedi-au-sommet-turquie-afrique\/\" \/>\n<meta property=\"og:locale\" content=\"fr_FR\" \/>\n<meta property=\"og:type\" content=\"article\" \/>\n<meta property=\"og:title\" content=\"RDC: F\u00e9lix Tshisekedi au Sommet Turquie-Afrique - Actualit\u00e9s congolaises et internationales\" \/>\n<meta property=\"og:description\" content=\"F\u00e9lix Antoine Tshisekedi, Pr\u00e9sident de la R\u00e9publique D\u00e9mocratique du Congo et pr\u00e9sident en exercice de l\u2019Union Africaine, a re\u00e7u de son homologue turc, Recep Tayyip Erdogan, l\u2019invitation \u00e0 prendre part au 3me Sommet Turquie-Afrique, pr\u00e9vu du 17 au 18 d\u00e9cembre 2021 \u00e0 Istanbul. Plusieurs Chefs d\u2019Etat et de gouvernement y sont \u00e9galement attendus. &nbsp;&nbsp;&nbsp;&nbsp;&nbsp;&nbsp;&nbsp;&nbsp; Entre autres activit\u00e9s annonc\u00e9es au Palais des Congr\u00e8s d\u2019Istanbul, il y a des entretiens bilat\u00e9raux entre hommes d\u2019Etat et un d\u00e9jeuner de travail qui va se focaliser sur les investissements. &nbsp;&nbsp;&nbsp;&nbsp;&nbsp;&nbsp;&nbsp;&nbsp; L\u2019objectif de ce forum est&hellip;\" \/>\n<meta property=\"og:url\" content=\"https:\/\/congovirtuel.com\/information\/rdc-felix-tshisekedi-au-sommet-turquie-afrique\/\" \/>\n<meta property=\"og:site_name\" content=\"Actualit\u00e9s congolaises et internationales\" \/>\n<meta property=\"article:publisher\" content=\"https:\/\/web.facebook.com\/Congovirtuel-763617960319601\/?ref=aymt_homepage_panel&amp;amp%3bamp%3bamp%3bamp%3bamp%3bamp%3bamp%3bamp%3bamp%3bamp%3bamp%3beid=ARCoxULa66767kIgF_KYav6VdjXTI4yk_LW4yoVO9s6NXpysgb7Cb65vpxcxgqzOAKvIbLQxaAETcqHT\" \/>\n<meta property=\"article:published_time\" content=\"2021-12-16T06:50:22+00:00\" \/>\n<meta property=\"article:modified_time\" content=\"2021-12-16T06:50:24+00:00\" \/>\n<meta property=\"og:image\" content=\"https:\/\/congovirtuel.com\/information\/wp-content\/uploads\/2021\/12\/tshisekedi_felix_et_erdogan_tayyip_21_jpeg_640_350_1.jpeg\" \/>\n\t<meta property=\"og:image:width\" content=\"640\" \/>\n\t<meta property=\"og:image:height\" content=\"350\" \/>\n\t<meta property=\"og:image:type\" content=\"image\/jpeg\" \/>\n<meta name=\"author\" content=\"infocongovirtuel\" \/>\n<meta name=\"twitter:card\" content=\"summary_large_image\" \/>\n<meta name=\"twitter:creator\" content=\"@congovirtuel\" \/>\n<meta name=\"twitter:site\" content=\"@congovirtuel\" \/>\n<meta name=\"twitter:label1\" content=\"\u00c9crit par\" \/>\n\t<meta name=\"twitter:data1\" content=\"infocongovirtuel\" \/>\n\t<meta name=\"twitter:label2\" content=\"Dur\u00e9e de lecture estim\u00e9e\" \/>\n\t<meta name=\"twitter:data2\" content=\"2 minutes\" \/>\n<script type=\"application\/ld+json\" class=\"yoast-schema-graph\">{\"@context\":\"https:\\\/\\\/schema.org\",\"@graph\":[{\"@type\":\"Article\",\"@id\":\"https:\\\/\\\/congovirtuel.com\\\/information\\\/rdc-felix-tshisekedi-au-sommet-turquie-afrique\\\/#article\",\"isPartOf\":{\"@id\":\"https:\\\/\\\/congovirtuel.com\\\/information\\\/rdc-felix-tshisekedi-au-sommet-turquie-afrique\\\/\"},\"author\":{\"name\":\"infocongovirtuel\",\"@id\":\"https:\\\/\\\/congovirtuel.com\\\/information\\\/#\\\/schema\\\/person\\\/739a44bf7990966cb53d58d2fdeca0b6\"},\"headline\":\"RDC: F\u00e9lix Tshisekedi au Sommet Turquie-Afrique\",\"datePublished\":\"2021-12-16T06:50:22+00:00\",\"dateModified\":\"2021-12-16T06:50:24+00:00\",\"mainEntityOfPage\":{\"@id\":\"https:\\\/\\\/congovirtuel.com\\\/information\\\/rdc-felix-tshisekedi-au-sommet-turquie-afrique\\\/\"},\"wordCount\":421,\"commentCount\":0,\"publisher\":{\"@id\":\"https:\\\/\\\/congovirtuel.com\\\/information\\\/#organization\"},\"image\":{\"@id\":\"https:\\\/\\\/congovirtuel.com\\\/information\\\/rdc-felix-tshisekedi-au-sommet-turquie-afrique\\\/#primaryimage\"},\"thumbnailUrl\":\"https:\\\/\\\/congovirtuel.com\\\/information\\\/wp-content\\\/uploads\\\/2021\\\/12\\\/tshisekedi_felix_et_erdogan_tayyip_21_jpeg_640_350_1.jpeg\",\"keywords\":[\"Sommet Istanbul\",\"Tshisekedi sommet Turquie Afrique\"],\"articleSection\":[\"Afrique\"],\"inLanguage\":\"fr-FR\",\"potentialAction\":[{\"@type\":\"CommentAction\",\"name\":\"Comment\",\"target\":[\"https:\\\/\\\/congovirtuel.com\\\/information\\\/rdc-felix-tshisekedi-au-sommet-turquie-afrique\\\/#respond\"]}]},{\"@type\":\"WebPage\",\"@id\":\"https:\\\/\\\/congovirtuel.com\\\/information\\\/rdc-felix-tshisekedi-au-sommet-turquie-afrique\\\/\",\"url\":\"https:\\\/\\\/congovirtuel.com\\\/information\\\/rdc-felix-tshisekedi-au-sommet-turquie-afrique\\\/\",\"name\":\"RDC: F\u00e9lix Tshisekedi au Sommet Turquie-Afrique - Actualit\u00e9s congolaises et internationales\",\"isPartOf\":{\"@id\":\"https:\\\/\\\/congovirtuel.com\\\/information\\\/#website\"},\"primaryImageOfPage\":{\"@id\":\"https:\\\/\\\/congovirtuel.com\\\/information\\\/rdc-felix-tshisekedi-au-sommet-turquie-afrique\\\/#primaryimage\"},\"image\":{\"@id\":\"https:\\\/\\\/congovirtuel.com\\\/information\\\/rdc-felix-tshisekedi-au-sommet-turquie-afrique\\\/#primaryimage\"},\"thumbnailUrl\":\"https:\\\/\\\/congovirtuel.com\\\/information\\\/wp-content\\\/uploads\\\/2021\\\/12\\\/tshisekedi_felix_et_erdogan_tayyip_21_jpeg_640_350_1.jpeg\",\"datePublished\":\"2021-12-16T06:50:22+00:00\",\"dateModified\":\"2021-12-16T06:50:24+00:00\",\"breadcrumb\":{\"@id\":\"https:\\\/\\\/congovirtuel.com\\\/information\\\/rdc-felix-tshisekedi-au-sommet-turquie-afrique\\\/#breadcrumb\"},\"inLanguage\":\"fr-FR\",\"potentialAction\":[{\"@type\":\"ReadAction\",\"target\":[\"https:\\\/\\\/congovirtuel.com\\\/information\\\/rdc-felix-tshisekedi-au-sommet-turquie-afrique\\\/\"]}]},{\"@type\":\"ImageObject\",\"inLanguage\":\"fr-FR\",\"@id\":\"https:\\\/\\\/congovirtuel.com\\\/information\\\/rdc-felix-tshisekedi-au-sommet-turquie-afrique\\\/#primaryimage\",\"url\":\"https:\\\/\\\/congovirtuel.com\\\/information\\\/wp-content\\\/uploads\\\/2021\\\/12\\\/tshisekedi_felix_et_erdogan_tayyip_21_jpeg_640_350_1.jpeg\",\"contentUrl\":\"https:\\\/\\\/congovirtuel.com\\\/information\\\/wp-content\\\/uploads\\\/2021\\\/12\\\/tshisekedi_felix_et_erdogan_tayyip_21_jpeg_640_350_1.jpeg\",\"width\":640,\"height\":350},{\"@type\":\"BreadcrumbList\",\"@id\":\"https:\\\/\\\/congovirtuel.com\\\/information\\\/rdc-felix-tshisekedi-au-sommet-turquie-afrique\\\/#breadcrumb\",\"itemListElement\":[{\"@type\":\"ListItem\",\"position\":1,\"name\":\"Accueil\",\"item\":\"https:\\\/\\\/congovirtuel.com\\\/information\\\/\"},{\"@type\":\"ListItem\",\"position\":2,\"name\":\"RDC: F\u00e9lix Tshisekedi au Sommet Turquie-Afrique\"}]},{\"@type\":\"WebSite\",\"@id\":\"https:\\\/\\\/congovirtuel.com\\\/information\\\/#website\",\"url\":\"https:\\\/\\\/congovirtuel.com\\\/information\\\/\",\"name\":\"Actualit\u00e9s congolaises et internationales\",\"description\":\"site d&#039;analyse et de traitement d&#039;information\",\"publisher\":{\"@id\":\"https:\\\/\\\/congovirtuel.com\\\/information\\\/#organization\"},\"potentialAction\":[{\"@type\":\"SearchAction\",\"target\":{\"@type\":\"EntryPoint\",\"urlTemplate\":\"https:\\\/\\\/congovirtuel.com\\\/information\\\/?s={search_term_string}\"},\"query-input\":{\"@type\":\"PropertyValueSpecification\",\"valueRequired\":true,\"valueName\":\"search_term_string\"}}],\"inLanguage\":\"fr-FR\"},{\"@type\":\"Organization\",\"@id\":\"https:\\\/\\\/congovirtuel.com\\\/information\\\/#organization\",\"name\":\"Biblioth\u00e8que Virtuelle de la RDC\",\"url\":\"https:\\\/\\\/congovirtuel.com\\\/information\\\/\",\"logo\":{\"@type\":\"ImageObject\",\"inLanguage\":\"fr-FR\",\"@id\":\"https:\\\/\\\/congovirtuel.com\\\/information\\\/#\\\/schema\\\/logo\\\/image\\\/\",\"url\":\"https:\\\/\\\/congovirtuel.com\\\/information\\\/wp-content\\\/uploads\\\/2018\\\/10\\\/header-info-congovirtuel-vraie.jpg\",\"contentUrl\":\"https:\\\/\\\/congovirtuel.com\\\/information\\\/wp-content\\\/uploads\\\/2018\\\/10\\\/header-info-congovirtuel-vraie.jpg\",\"width\":728,\"height\":90,\"caption\":\"Biblioth\u00e8que Virtuelle de la RDC\"},\"image\":{\"@id\":\"https:\\\/\\\/congovirtuel.com\\\/information\\\/#\\\/schema\\\/logo\\\/image\\\/\"},\"sameAs\":[\"https:\\\/\\\/web.facebook.com\\\/Congovirtuel-763617960319601\\\/?ref=aymt_homepage_panel&amp;amp;amp;amp;amp;amp;amp;amp;amp;amp;amp;eid=ARCoxULa66767kIgF_KYav6VdjXTI4yk_LW4yoVO9s6NXpysgb7Cb65vpxcxgqzOAKvIbLQxaAETcqHT\",\"https:\\\/\\\/x.com\\\/congovirtuel\",\"https:\\\/\\\/www.youtube.com\\\/channel\\\/UCkFfprYzGgS3EWNpeMXpToQ?view_as=subscriber\"]},{\"@type\":\"Person\",\"@id\":\"https:\\\/\\\/congovirtuel.com\\\/information\\\/#\\\/schema\\\/person\\\/739a44bf7990966cb53d58d2fdeca0b6\",\"name\":\"infocongovirtuel\",\"image\":{\"@type\":\"ImageObject\",\"inLanguage\":\"fr-FR\",\"@id\":\"https:\\\/\\\/secure.gravatar.com\\\/avatar\\\/4d76991aa72469f0eb22e772586c99113c6997f88da636a9db8f2ce3a2c05e69?s=96&d=mm&r=g\",\"url\":\"https:\\\/\\\/secure.gravatar.com\\\/avatar\\\/4d76991aa72469f0eb22e772586c99113c6997f88da636a9db8f2ce3a2c05e69?s=96&d=mm&r=g\",\"contentUrl\":\"https:\\\/\\\/secure.gravatar.com\\\/avatar\\\/4d76991aa72469f0eb22e772586c99113c6997f88da636a9db8f2ce3a2c05e69?s=96&d=mm&r=g\",\"caption\":\"infocongovirtuel\"},\"url\":\"https:\\\/\\\/congovirtuel.com\\\/information\\\/author\\\/infocongovirtuel\\\/\"}]}<\/script>\n<!-- \/ Yoast SEO plugin. -->","yoast_head_json":{"title":"RDC: F\u00e9lix Tshisekedi au Sommet Turquie-Afrique - Actualit\u00e9s congolaises et internationales","robots":{"index":"index","follow":"follow","max-snippet":"max-snippet:-1","max-image-preview":"max-image-preview:large","max-video-preview":"max-video-preview:-1"},"canonical":"https:\/\/congovirtuel.com\/information\/rdc-felix-tshisekedi-au-sommet-turquie-afrique\/","og_locale":"fr_FR","og_type":"article","og_title":"RDC: F\u00e9lix Tshisekedi au Sommet Turquie-Afrique - Actualit\u00e9s congolaises et internationales","og_description":"F\u00e9lix Antoine Tshisekedi, Pr\u00e9sident de la R\u00e9publique D\u00e9mocratique du Congo et pr\u00e9sident en exercice de l\u2019Union Africaine, a re\u00e7u de son homologue turc, Recep Tayyip Erdogan, l\u2019invitation \u00e0 prendre part au 3me Sommet Turquie-Afrique, pr\u00e9vu du 17 au 18 d\u00e9cembre 2021 \u00e0 Istanbul. Plusieurs Chefs d\u2019Etat et de gouvernement y sont \u00e9galement attendus. &nbsp;&nbsp;&nbsp;&nbsp;&nbsp;&nbsp;&nbsp;&nbsp; Entre autres activit\u00e9s annonc\u00e9es au Palais des Congr\u00e8s d\u2019Istanbul, il y a des entretiens bilat\u00e9raux entre hommes d\u2019Etat et un d\u00e9jeuner de travail qui va se focaliser sur les investissements. &nbsp;&nbsp;&nbsp;&nbsp;&nbsp;&nbsp;&nbsp;&nbsp; L\u2019objectif de ce forum est&hellip;","og_url":"https:\/\/congovirtuel.com\/information\/rdc-felix-tshisekedi-au-sommet-turquie-afrique\/","og_site_name":"Actualit\u00e9s congolaises et internationales","article_publisher":"https:\/\/web.facebook.com\/Congovirtuel-763617960319601\/?ref=aymt_homepage_panel&amp%3bamp%3bamp%3bamp%3bamp%3bamp%3bamp%3bamp%3bamp%3bamp%3bamp%3beid=ARCoxULa66767kIgF_KYav6VdjXTI4yk_LW4yoVO9s6NXpysgb7Cb65vpxcxgqzOAKvIbLQxaAETcqHT","article_published_time":"2021-12-16T06:50:22+00:00","article_modified_time":"2021-12-16T06:50:24+00:00","og_image":[{"width":640,"height":350,"url":"https:\/\/congovirtuel.com\/information\/wp-content\/uploads\/2021\/12\/tshisekedi_felix_et_erdogan_tayyip_21_jpeg_640_350_1.jpeg","type":"image\/jpeg"}],"author":"infocongovirtuel","twitter_card":"summary_large_image","twitter_creator":"@congovirtuel","twitter_site":"@congovirtuel","twitter_misc":{"\u00c9crit par":"infocongovirtuel","Dur\u00e9e de lecture estim\u00e9e":"2 minutes"},"schema":{"@context":"https:\/\/schema.org","@graph":[{"@type":"Article","@id":"https:\/\/congovirtuel.com\/information\/rdc-felix-tshisekedi-au-sommet-turquie-afrique\/#article","isPartOf":{"@id":"https:\/\/congovirtuel.com\/information\/rdc-felix-tshisekedi-au-sommet-turquie-afrique\/"},"author":{"name":"infocongovirtuel","@id":"https:\/\/congovirtuel.com\/information\/#\/schema\/person\/739a44bf7990966cb53d58d2fdeca0b6"},"headline":"RDC: F\u00e9lix Tshisekedi au Sommet Turquie-Afrique","datePublished":"2021-12-16T06:50:22+00:00","dateModified":"2021-12-16T06:50:24+00:00","mainEntityOfPage":{"@id":"https:\/\/congovirtuel.com\/information\/rdc-felix-tshisekedi-au-sommet-turquie-afrique\/"},"wordCount":421,"commentCount":0,"publisher":{"@id":"https:\/\/congovirtuel.com\/information\/#organization"},"image":{"@id":"https:\/\/congovirtuel.com\/information\/rdc-felix-tshisekedi-au-sommet-turquie-afrique\/#primaryimage"},"thumbnailUrl":"https:\/\/congovirtuel.com\/information\/wp-content\/uploads\/2021\/12\/tshisekedi_felix_et_erdogan_tayyip_21_jpeg_640_350_1.jpeg","keywords":["Sommet Istanbul","Tshisekedi sommet Turquie Afrique"],"articleSection":["Afrique"],"inLanguage":"fr-FR","potentialAction":[{"@type":"CommentAction","name":"Comment","target":["https:\/\/congovirtuel.com\/information\/rdc-felix-tshisekedi-au-sommet-turquie-afrique\/#respond"]}]},{"@type":"WebPage","@id":"https:\/\/congovirtuel.com\/information\/rdc-felix-tshisekedi-au-sommet-turquie-afrique\/","url":"https:\/\/congovirtuel.com\/information\/rdc-felix-tshisekedi-au-sommet-turquie-afrique\/","name":"RDC: F\u00e9lix Tshisekedi au Sommet Turquie-Afrique - Actualit\u00e9s congolaises et internationales","isPartOf":{"@id":"https:\/\/congovirtuel.com\/information\/#website"},"primaryImageOfPage":{"@id":"https:\/\/congovirtuel.com\/information\/rdc-felix-tshisekedi-au-sommet-turquie-afrique\/#primaryimage"},"image":{"@id":"https:\/\/congovirtuel.com\/information\/rdc-felix-tshisekedi-au-sommet-turquie-afrique\/#primaryimage"},"thumbnailUrl":"https:\/\/congovirtuel.com\/information\/wp-content\/uploads\/2021\/12\/tshisekedi_felix_et_erdogan_tayyip_21_jpeg_640_350_1.jpeg","datePublished":"2021-12-16T06:50:22+00:00","dateModified":"2021-12-16T06:50:24+00:00","breadcrumb":{"@id":"https:\/\/congovirtuel.com\/information\/rdc-felix-tshisekedi-au-sommet-turquie-afrique\/#breadcrumb"},"inLanguage":"fr-FR","potentialAction":[{"@type":"ReadAction","target":["https:\/\/congovirtuel.com\/information\/rdc-felix-tshisekedi-au-sommet-turquie-afrique\/"]}]},{"@type":"ImageObject","inLanguage":"fr-FR","@id":"https:\/\/congovirtuel.com\/information\/rdc-felix-tshisekedi-au-sommet-turquie-afrique\/#primaryimage","url":"https:\/\/congovirtuel.com\/information\/wp-content\/uploads\/2021\/12\/tshisekedi_felix_et_erdogan_tayyip_21_jpeg_640_350_1.jpeg","contentUrl":"https:\/\/congovirtuel.com\/information\/wp-content\/uploads\/2021\/12\/tshisekedi_felix_et_erdogan_tayyip_21_jpeg_640_350_1.jpeg","width":640,"height":350},{"@type":"BreadcrumbList","@id":"https:\/\/congovirtuel.com\/information\/rdc-felix-tshisekedi-au-sommet-turquie-afrique\/#breadcrumb","itemListElement":[{"@type":"ListItem","position":1,"name":"Accueil","item":"https:\/\/congovirtuel.com\/information\/"},{"@type":"ListItem","position":2,"name":"RDC: F\u00e9lix Tshisekedi au Sommet Turquie-Afrique"}]},{"@type":"WebSite","@id":"https:\/\/congovirtuel.com\/information\/#website","url":"https:\/\/congovirtuel.com\/information\/","name":"Actualit\u00e9s congolaises et internationales","description":"site d&#039;analyse et de traitement d&#039;information","publisher":{"@id":"https:\/\/congovirtuel.com\/information\/#organization"},"potentialAction":[{"@type":"SearchAction","target":{"@type":"EntryPoint","urlTemplate":"https:\/\/congovirtuel.com\/information\/?s={search_term_string}"},"query-input":{"@type":"PropertyValueSpecification","valueRequired":true,"valueName":"search_term_string"}}],"inLanguage":"fr-FR"},{"@type":"Organization","@id":"https:\/\/congovirtuel.com\/information\/#organization","name":"Biblioth\u00e8que Virtuelle de la RDC","url":"https:\/\/congovirtuel.com\/information\/","logo":{"@type":"ImageObject","inLanguage":"fr-FR","@id":"https:\/\/congovirtuel.com\/information\/#\/schema\/logo\/image\/","url":"https:\/\/congovirtuel.com\/information\/wp-content\/uploads\/2018\/10\/header-info-congovirtuel-vraie.jpg","contentUrl":"https:\/\/congovirtuel.com\/information\/wp-content\/uploads\/2018\/10\/header-info-congovirtuel-vraie.jpg","width":728,"height":90,"caption":"Biblioth\u00e8que Virtuelle de la RDC"},"image":{"@id":"https:\/\/congovirtuel.com\/information\/#\/schema\/logo\/image\/"},"sameAs":["https:\/\/web.facebook.com\/Congovirtuel-763617960319601\/?ref=aymt_homepage_panel&amp;amp;amp;amp;amp;amp;amp;amp;amp;amp;amp;eid=ARCoxULa66767kIgF_KYav6VdjXTI4yk_LW4yoVO9s6NXpysgb7Cb65vpxcxgqzOAKvIbLQxaAETcqHT","https:\/\/x.com\/congovirtuel","https:\/\/www.youtube.com\/channel\/UCkFfprYzGgS3EWNpeMXpToQ?view_as=subscriber"]},{"@type":"Person","@id":"https:\/\/congovirtuel.com\/information\/#\/schema\/person\/739a44bf7990966cb53d58d2fdeca0b6","name":"infocongovirtuel","image":{"@type":"ImageObject","inLanguage":"fr-FR","@id":"https:\/\/secure.gravatar.com\/avatar\/4d76991aa72469f0eb22e772586c99113c6997f88da636a9db8f2ce3a2c05e69?s=96&d=mm&r=g","url":"https:\/\/secure.gravatar.com\/avatar\/4d76991aa72469f0eb22e772586c99113c6997f88da636a9db8f2ce3a2c05e69?s=96&d=mm&r=g","contentUrl":"https:\/\/secure.gravatar.com\/avatar\/4d76991aa72469f0eb22e772586c99113c6997f88da636a9db8f2ce3a2c05e69?s=96&d=mm&r=g","caption":"infocongovirtuel"},"url":"https:\/\/congovirtuel.com\/information\/author\/infocongovirtuel\/"}]}},"gt_translate_keys":[{"key":"link","format":"url"}],"_links":{"self":[{"href":"https:\/\/congovirtuel.com\/information\/wp-json\/wp\/v2\/posts\/16252","targetHints":{"allow":["GET"]}}],"collection":[{"href":"https:\/\/congovirtuel.com\/information\/wp-json\/wp\/v2\/posts"}],"about":[{"href":"https:\/\/congovirtuel.com\/information\/wp-json\/wp\/v2\/types\/post"}],"author":[{"embeddable":true,"href":"https:\/\/congovirtuel.com\/information\/wp-json\/wp\/v2\/users\/1"}],"replies":[{"embeddable":true,"href":"https:\/\/congovirtuel.com\/information\/wp-json\/wp\/v2\/comments?post=16252"}],"version-history":[{"count":1,"href":"https:\/\/congovirtuel.com\/information\/wp-json\/wp\/v2\/posts\/16252\/revisions"}],"predecessor-version":[{"id":16255,"href":"https:\/\/congovirtuel.com\/information\/wp-json\/wp\/v2\/posts\/16252\/revisions\/16255"}],"wp:featuredmedia":[{"embeddable":true,"href":"https:\/\/congovirtuel.com\/information\/wp-json\/wp\/v2\/media\/16254"}],"wp:attachment":[{"href":"https:\/\/congovirtuel.com\/information\/wp-json\/wp\/v2\/media?parent=16252"}],"wp:term":[{"taxonomy":"category","embeddable":true,"href":"https:\/\/congovirtuel.com\/information\/wp-json\/wp\/v2\/categories?post=16252"},{"taxonomy":"post_tag","embeddable":true,"href":"https:\/\/congovirtuel.com\/information\/wp-json\/wp\/v2\/tags?post=16252"}],"curies":[{"name":"wp","href":"https:\/\/api.w.org\/{rel}","templated":true}]}}