{"id":16276,"date":"2021-12-16T09:20:46","date_gmt":"2021-12-16T08:20:46","guid":{"rendered":"https:\/\/congovirtuel.com\/information\/?p=16276"},"modified":"2021-12-16T09:27:34","modified_gmt":"2021-12-16T08:27:34","slug":"journee-internationale-de-lecrivain-africain-29eme-edition-2021","status":"publish","type":"post","link":"https:\/\/congovirtuel.com\/information\/journee-internationale-de-lecrivain-africain-29eme-edition-2021\/","title":{"rendered":"Journ\u00e9e internationale de l&rsquo;\u00e9crivain africain, 29\u00e8me \u00e9dition 2021","gt_translate_keys":[{"key":"rendered","format":"text"}]},"content":{"rendered":"\n<p class=\"wp-block-paragraph\">RD CONGO Chronique presse Rubrique CULTURE \/ LIVRE.<\/p>\n\n\n\n<p class=\"wp-block-paragraph\"><strong>Journ\u00e9e internationale de l&rsquo;\u00e9crivain africain, 29\u00e8me \u00e9dition 2021. L\u2019auteur engag\u00e9, Richard Ossoma-Lesmois, signifie d\u2019autres actions que pourrait mener un \u00e9crivain aux c\u00f4t\u00e9s des personnes pr\u00e9caires, dr\u00e9panocytaires \u00e0 l\u2019int\u00e9rieur des soci\u00e9t\u00e9s contemporaines africaines.<\/strong><\/p>\n\n\n\n<p class=\"wp-block-paragraph\">Dimanche 7 novembre 2021 a \u00e9t\u00e9 c\u00e9l\u00e9br\u00e9 la 29\u00e8me \u00e9dition de la Journ\u00e9e internationale de l\u2019\u00e9crivain africain. L\u2019occasion pour l\u2019auteur engag\u00e9, Richard Ossoma-Lesmois, de rappeler d\u2019autres actions que pourrait mener un \u00e9crivain aux c\u00f4t\u00e9s des personnes pr\u00e9caires. Ainsi porte-t-il la voix des personnes dr\u00e9panocytaires stigmatis\u00e9es \u00e0 travers son ouvrage, <strong><em>Passez le test\u00a0! L\u2019\u00e9lectrophor\u00e8se m\u2019a sauv\u00e9e\u00a0; R\u00e9ussir sa vie malgr\u00e9 la dr\u00e9panocytose.<\/em><\/strong>. Roman publi\u00e9 en Allemagne, aux \u00e9ditions Muse.<\/p>\n\n\n\n<p class=\"wp-block-paragraph\"><strong>L\u2019univers de ce roman, c\u2019est la dr\u00e9panocytose. Si la maladie reste m\u00e9connue du public ordinaire, voire de la plupart des professionnels de sant\u00e9, la dr\u00e9panocytose fait l\u2019objet de nombreux pr\u00e9jug\u00e9s dans l\u2019esprit des africains<\/strong>. Le r\u00e9cit participe \u00e0 la sensibilisation en relatant une errance m\u00e9dicale v\u00e9cue par Imbot, h\u00e9ro\u00efne du roman, \u00e0 la recherche d\u2019une gu\u00e9rison contre la dr\u00e9panocytose \u00e0 traitement forc\u00e9. Entre les t\u00e2tonnements de diagnostic \u00e0 la clinique Laquintinie \u00e0 Douala, au Cameroun, et l\u2019apparition d\u2019Ulc\u00e8re \u00e0 Lom\u00e9 h\u00f4pital, au Togo, Imbot voit son corps devenir un r\u00e9ceptacle de douleurs. Quarante ans de gu\u00e9risseurs et de soignants sans suite probante. Et la dr\u00e9panocytose s\u00e9vissait toujours dans son corps. Jusqu\u2019\u00e0 son \u00e9vacuation sanitaire \u00e0 Noisiel, en France, pour se subir un test \u00e9lectrophor\u00e8se.<\/p>\n\n\n\n<p class=\"wp-block-paragraph\">A partir des conclusions affich\u00e9es par cet examen de&nbsp; l\u2019h\u00e9moglobine, les m\u00e9decins parviennent \u00e0 identifier la maladie qui lui pourrissait la vie&nbsp;: la dr\u00e9panocytose.<\/p>\n\n\n\n<p class=\"wp-block-paragraph\">\u00ab Au d\u00e9part, j\u2019ignorais tout ce que signifiait mon parcours de soins. Je n\u2019appr\u00e9hendais pas mon errance m\u00e9dicale. Quel sens donn\u00e9 \u00e0 un tel parcours de soins&nbsp;? Mais \u00e0 base d&rsquo;indices, des faits, des souffrances physique et psychique \u00e9prouv\u00e9es, je r\u00e9alisais que j&rsquo;\u00e9tais une \u00e2me qui prenait ce qu\u2019on lui donnait. On me donnait la dr\u00e9panocytose, on ne m\u2019\u00f4tait pas la vie par la maladie. Maintenant, j\u2019arrivais au bout de la souffrance. Je gagnais mon combat&nbsp;: sortir la dr\u00e9panocytose de l\u2019oubli, des pr\u00e9jug\u00e9s mal\u00e9fiques que l\u2019on entourait \u00e0 la maladie. Par la connaissance acquise \u00e0 propose des formes par lesquelles se manifeste la pathologie, et l\u2019\u00e9lectrophor\u00e8se pratiqu\u00e9e, je parvenais \u00e0 identifier le mal qui me rongeait la sant\u00e9 \u00bb, pleure la patiente dans le livre.<\/p>\n\n\n\n<p class=\"wp-block-paragraph\"><strong>Auteur impliqu\u00e9 dans la lutte contre la dr\u00e9panocytose en Afrique centrale, Richard Ossoma-Lesmois intervient directement aupr\u00e8s des personnes \u00e0 travers une aide multiforme<\/strong>. En R\u00e9publique d\u00e9mocratique du Congo, dix mille personnes meurent chaque ann\u00e9e de la dr\u00e9panocytose. Principalement, les enfants de moins de sept ans et les jeunes de moins de 34 ans.&nbsp; Les filles dr\u00e9panocytaires \u00e9prouvent une honte \u00e0 parler de leur maladie. Affectant le sang, la dr\u00e9panocytose est une maladie tr\u00e8s stigmatisante. Dans la ville de Gbadolit\u00e9, un partenariat liant l\u2019\u00e9crivain Richard Ossoma-Lesmois \u00e0 l\u2019Association de soutien aux personnes dr\u00e9panocytaires (ASPD) a permis de recenser 1420 enfants abandonn\u00e9s \u00e0 leur triste sort, en ao\u00fbt 2021. Les m\u00e9canismes de prise en charge des personnes touch\u00e9es par la dr\u00e9panocytose sont quasiment inexistantes dans plusieurs r\u00e9gions de la RDC.<\/p>\n\n\n\n<p class=\"wp-block-paragraph\">Depuis janvier 2021, l\u2019\u00e9crivain humaniste, Richard Ossoma-Lesmois, soutient deux adolescents \u00e2g\u00e9s de 17 ans et 23 ans \u00e0 Kinshasa. Christian Mpela et Modeste&nbsp; Modekepa. Le premier b\u00e9n\u00e9ficie d\u2019un don trimestriel de m\u00e9dicaments traitements dr\u00e9panocytose, le second profite en plus d\u2019un soutien scolaire pour sa formation en 3\u00e8me ann\u00e9e Gradua Sciences infirmi\u00e8res, Orientation hospitali\u00e8re \u00e0 l\u2019ISTM de Karawa au nord Ubangui.<\/p>\n\n\n\n<p class=\"wp-block-paragraph\"><strong>Etre \u00e9crivain aujourd\u2019hui dans les soci\u00e9t\u00e9s contemporaines africaines, c\u2019est aussi participer tant, aux actions sociales qu\u2019aux causes impliquant les plus fragiles et les personnes pr\u00e9caires<\/strong>, signifie tr\u00e8s en verbe, <\/p>\n\n\n\n<p class=\"wp-block-paragraph\"><strong>Richard Ossoma-Lesmois.<\/strong><\/p>\n","protected":false,"gt_translate_keys":[{"key":"rendered","format":"html"}]},"excerpt":{"rendered":"<p>RD CONGO Chronique presse Rubrique CULTURE \/ LIVRE. Journ\u00e9e internationale de l&rsquo;\u00e9crivain africain, 29\u00e8me \u00e9dition 2021. L\u2019auteur engag\u00e9, Richard Ossoma-Lesmois, signifie d\u2019autres actions que pourrait mener un \u00e9crivain aux c\u00f4t\u00e9s des personnes pr\u00e9caires, dr\u00e9panocytaires \u00e0 l\u2019int\u00e9rieur des soci\u00e9t\u00e9s contemporaines africaines. Dimanche 7 novembre 2021 a \u00e9t\u00e9 c\u00e9l\u00e9br\u00e9 la 29\u00e8me \u00e9dition de la Journ\u00e9e internationale de l\u2019\u00e9crivain africain. L\u2019occasion pour l\u2019auteur engag\u00e9, Richard Ossoma-Lesmois, de rappeler d\u2019autres actions que pourrait mener un \u00e9crivain aux c\u00f4t\u00e9s des personnes pr\u00e9caires. Ainsi porte-t-il la voix des personnes dr\u00e9panocytaires stigmatis\u00e9es \u00e0 travers son ouvrage, Passez&hellip;<\/p>\n","protected":false,"gt_translate_keys":[{"key":"rendered","format":"html"}]},"author":1,"featured_media":16280,"comment_status":"open","ping_status":"open","sticky":false,"template":"","format":"standard","meta":{"_crdt_document":"","footnotes":""},"categories":[7836],"tags":[],"class_list":["post-16276","post","type-post","status-publish","format-standard","has-post-thumbnail","hentry","category-litterature"],"gutentor_comment":0,"yoast_head":"<!-- This site is optimized with the Yoast SEO plugin v27.5 - https:\/\/yoast.com\/product\/yoast-seo-wordpress\/ -->\n<title>Journ\u00e9e internationale de l&#039;\u00e9crivain africain, 29\u00e8me \u00e9dition 2021 - Actualit\u00e9s congolaises et internationales<\/title>\n<meta name=\"robots\" content=\"index, follow, max-snippet:-1, max-image-preview:large, max-video-preview:-1\" \/>\n<link rel=\"canonical\" href=\"https:\/\/congovirtuel.com\/information\/journee-internationale-de-lecrivain-africain-29eme-edition-2021\/\" \/>\n<meta property=\"og:locale\" content=\"fr_FR\" \/>\n<meta property=\"og:type\" content=\"article\" \/>\n<meta property=\"og:title\" content=\"Journ\u00e9e internationale de l&#039;\u00e9crivain africain, 29\u00e8me \u00e9dition 2021 - Actualit\u00e9s congolaises et internationales\" \/>\n<meta property=\"og:description\" content=\"RD CONGO Chronique presse Rubrique CULTURE \/ LIVRE. Journ\u00e9e internationale de l&rsquo;\u00e9crivain africain, 29\u00e8me \u00e9dition 2021. L\u2019auteur engag\u00e9, Richard Ossoma-Lesmois, signifie d\u2019autres actions que pourrait mener un \u00e9crivain aux c\u00f4t\u00e9s des personnes pr\u00e9caires, dr\u00e9panocytaires \u00e0 l\u2019int\u00e9rieur des soci\u00e9t\u00e9s contemporaines africaines. Dimanche 7 novembre 2021 a \u00e9t\u00e9 c\u00e9l\u00e9br\u00e9 la 29\u00e8me \u00e9dition de la Journ\u00e9e internationale de l\u2019\u00e9crivain africain. L\u2019occasion pour l\u2019auteur engag\u00e9, Richard Ossoma-Lesmois, de rappeler d\u2019autres actions que pourrait mener un \u00e9crivain aux c\u00f4t\u00e9s des personnes pr\u00e9caires. Ainsi porte-t-il la voix des personnes dr\u00e9panocytaires stigmatis\u00e9es \u00e0 travers son ouvrage, Passez&hellip;\" \/>\n<meta property=\"og:url\" content=\"https:\/\/congovirtuel.com\/information\/journee-internationale-de-lecrivain-africain-29eme-edition-2021\/\" \/>\n<meta property=\"og:site_name\" content=\"Actualit\u00e9s congolaises et internationales\" \/>\n<meta property=\"article:publisher\" content=\"https:\/\/web.facebook.com\/Congovirtuel-763617960319601\/?ref=aymt_homepage_panel&amp;amp%3bamp%3bamp%3bamp%3bamp%3bamp%3bamp%3bamp%3bamp%3bamp%3bamp%3beid=ARCoxULa66767kIgF_KYav6VdjXTI4yk_LW4yoVO9s6NXpysgb7Cb65vpxcxgqzOAKvIbLQxaAETcqHT\" \/>\n<meta property=\"article:published_time\" content=\"2021-12-16T08:20:46+00:00\" \/>\n<meta property=\"article:modified_time\" content=\"2021-12-16T08:27:34+00:00\" \/>\n<meta property=\"og:image\" content=\"https:\/\/congovirtuel.com\/information\/wp-content\/uploads\/2021\/12\/FB_IMG_1626450927770.jpg\" \/>\n\t<meta property=\"og:image:width\" content=\"588\" \/>\n\t<meta property=\"og:image:height\" content=\"846\" \/>\n\t<meta property=\"og:image:type\" content=\"image\/jpeg\" \/>\n<meta name=\"author\" content=\"infocongovirtuel\" \/>\n<meta name=\"twitter:card\" content=\"summary_large_image\" \/>\n<meta name=\"twitter:creator\" content=\"@congovirtuel\" \/>\n<meta name=\"twitter:site\" content=\"@congovirtuel\" \/>\n<meta name=\"twitter:label1\" content=\"\u00c9crit par\" \/>\n\t<meta name=\"twitter:data1\" content=\"infocongovirtuel\" \/>\n\t<meta name=\"twitter:label2\" content=\"Dur\u00e9e de lecture estim\u00e9e\" \/>\n\t<meta name=\"twitter:data2\" content=\"4 minutes\" \/>\n<script type=\"application\/ld+json\" class=\"yoast-schema-graph\">{\"@context\":\"https:\\\/\\\/schema.org\",\"@graph\":[{\"@type\":\"Article\",\"@id\":\"https:\\\/\\\/congovirtuel.com\\\/information\\\/journee-internationale-de-lecrivain-africain-29eme-edition-2021\\\/#article\",\"isPartOf\":{\"@id\":\"https:\\\/\\\/congovirtuel.com\\\/information\\\/journee-internationale-de-lecrivain-africain-29eme-edition-2021\\\/\"},\"author\":{\"name\":\"infocongovirtuel\",\"@id\":\"https:\\\/\\\/congovirtuel.com\\\/information\\\/#\\\/schema\\\/person\\\/739a44bf7990966cb53d58d2fdeca0b6\"},\"headline\":\"Journ\u00e9e internationale de l&rsquo;\u00e9crivain africain, 29\u00e8me \u00e9dition 2021\",\"datePublished\":\"2021-12-16T08:20:46+00:00\",\"dateModified\":\"2021-12-16T08:27:34+00:00\",\"mainEntityOfPage\":{\"@id\":\"https:\\\/\\\/congovirtuel.com\\\/information\\\/journee-internationale-de-lecrivain-africain-29eme-edition-2021\\\/\"},\"wordCount\":703,\"commentCount\":0,\"publisher\":{\"@id\":\"https:\\\/\\\/congovirtuel.com\\\/information\\\/#organization\"},\"image\":{\"@id\":\"https:\\\/\\\/congovirtuel.com\\\/information\\\/journee-internationale-de-lecrivain-africain-29eme-edition-2021\\\/#primaryimage\"},\"thumbnailUrl\":\"https:\\\/\\\/congovirtuel.com\\\/information\\\/wp-content\\\/uploads\\\/2021\\\/12\\\/FB_IMG_1626450927770.jpg\",\"articleSection\":[\"litt\u00e9rature\"],\"inLanguage\":\"fr-FR\",\"potentialAction\":[{\"@type\":\"CommentAction\",\"name\":\"Comment\",\"target\":[\"https:\\\/\\\/congovirtuel.com\\\/information\\\/journee-internationale-de-lecrivain-africain-29eme-edition-2021\\\/#respond\"]}]},{\"@type\":\"WebPage\",\"@id\":\"https:\\\/\\\/congovirtuel.com\\\/information\\\/journee-internationale-de-lecrivain-africain-29eme-edition-2021\\\/\",\"url\":\"https:\\\/\\\/congovirtuel.com\\\/information\\\/journee-internationale-de-lecrivain-africain-29eme-edition-2021\\\/\",\"name\":\"Journ\u00e9e internationale de l'\u00e9crivain africain, 29\u00e8me \u00e9dition 2021 - Actualit\u00e9s congolaises et internationales\",\"isPartOf\":{\"@id\":\"https:\\\/\\\/congovirtuel.com\\\/information\\\/#website\"},\"primaryImageOfPage\":{\"@id\":\"https:\\\/\\\/congovirtuel.com\\\/information\\\/journee-internationale-de-lecrivain-africain-29eme-edition-2021\\\/#primaryimage\"},\"image\":{\"@id\":\"https:\\\/\\\/congovirtuel.com\\\/information\\\/journee-internationale-de-lecrivain-africain-29eme-edition-2021\\\/#primaryimage\"},\"thumbnailUrl\":\"https:\\\/\\\/congovirtuel.com\\\/information\\\/wp-content\\\/uploads\\\/2021\\\/12\\\/FB_IMG_1626450927770.jpg\",\"datePublished\":\"2021-12-16T08:20:46+00:00\",\"dateModified\":\"2021-12-16T08:27:34+00:00\",\"breadcrumb\":{\"@id\":\"https:\\\/\\\/congovirtuel.com\\\/information\\\/journee-internationale-de-lecrivain-africain-29eme-edition-2021\\\/#breadcrumb\"},\"inLanguage\":\"fr-FR\",\"potentialAction\":[{\"@type\":\"ReadAction\",\"target\":[\"https:\\\/\\\/congovirtuel.com\\\/information\\\/journee-internationale-de-lecrivain-africain-29eme-edition-2021\\\/\"]}]},{\"@type\":\"ImageObject\",\"inLanguage\":\"fr-FR\",\"@id\":\"https:\\\/\\\/congovirtuel.com\\\/information\\\/journee-internationale-de-lecrivain-africain-29eme-edition-2021\\\/#primaryimage\",\"url\":\"https:\\\/\\\/congovirtuel.com\\\/information\\\/wp-content\\\/uploads\\\/2021\\\/12\\\/FB_IMG_1626450927770.jpg\",\"contentUrl\":\"https:\\\/\\\/congovirtuel.com\\\/information\\\/wp-content\\\/uploads\\\/2021\\\/12\\\/FB_IMG_1626450927770.jpg\",\"width\":588,\"height\":846},{\"@type\":\"BreadcrumbList\",\"@id\":\"https:\\\/\\\/congovirtuel.com\\\/information\\\/journee-internationale-de-lecrivain-africain-29eme-edition-2021\\\/#breadcrumb\",\"itemListElement\":[{\"@type\":\"ListItem\",\"position\":1,\"name\":\"Accueil\",\"item\":\"https:\\\/\\\/congovirtuel.com\\\/information\\\/\"},{\"@type\":\"ListItem\",\"position\":2,\"name\":\"Journ\u00e9e internationale de l&rsquo;\u00e9crivain africain, 29\u00e8me \u00e9dition 2021\"}]},{\"@type\":\"WebSite\",\"@id\":\"https:\\\/\\\/congovirtuel.com\\\/information\\\/#website\",\"url\":\"https:\\\/\\\/congovirtuel.com\\\/information\\\/\",\"name\":\"Actualit\u00e9s congolaises et internationales\",\"description\":\"site d&#039;analyse et de traitement d&#039;information\",\"publisher\":{\"@id\":\"https:\\\/\\\/congovirtuel.com\\\/information\\\/#organization\"},\"potentialAction\":[{\"@type\":\"SearchAction\",\"target\":{\"@type\":\"EntryPoint\",\"urlTemplate\":\"https:\\\/\\\/congovirtuel.com\\\/information\\\/?s={search_term_string}\"},\"query-input\":{\"@type\":\"PropertyValueSpecification\",\"valueRequired\":true,\"valueName\":\"search_term_string\"}}],\"inLanguage\":\"fr-FR\"},{\"@type\":\"Organization\",\"@id\":\"https:\\\/\\\/congovirtuel.com\\\/information\\\/#organization\",\"name\":\"Biblioth\u00e8que Virtuelle de la RDC\",\"url\":\"https:\\\/\\\/congovirtuel.com\\\/information\\\/\",\"logo\":{\"@type\":\"ImageObject\",\"inLanguage\":\"fr-FR\",\"@id\":\"https:\\\/\\\/congovirtuel.com\\\/information\\\/#\\\/schema\\\/logo\\\/image\\\/\",\"url\":\"https:\\\/\\\/congovirtuel.com\\\/information\\\/wp-content\\\/uploads\\\/2018\\\/10\\\/header-info-congovirtuel-vraie.jpg\",\"contentUrl\":\"https:\\\/\\\/congovirtuel.com\\\/information\\\/wp-content\\\/uploads\\\/2018\\\/10\\\/header-info-congovirtuel-vraie.jpg\",\"width\":728,\"height\":90,\"caption\":\"Biblioth\u00e8que Virtuelle de la RDC\"},\"image\":{\"@id\":\"https:\\\/\\\/congovirtuel.com\\\/information\\\/#\\\/schema\\\/logo\\\/image\\\/\"},\"sameAs\":[\"https:\\\/\\\/web.facebook.com\\\/Congovirtuel-763617960319601\\\/?ref=aymt_homepage_panel&amp;amp;amp;amp;amp;amp;amp;amp;amp;amp;amp;eid=ARCoxULa66767kIgF_KYav6VdjXTI4yk_LW4yoVO9s6NXpysgb7Cb65vpxcxgqzOAKvIbLQxaAETcqHT\",\"https:\\\/\\\/x.com\\\/congovirtuel\",\"https:\\\/\\\/www.youtube.com\\\/channel\\\/UCkFfprYzGgS3EWNpeMXpToQ?view_as=subscriber\"]},{\"@type\":\"Person\",\"@id\":\"https:\\\/\\\/congovirtuel.com\\\/information\\\/#\\\/schema\\\/person\\\/739a44bf7990966cb53d58d2fdeca0b6\",\"name\":\"infocongovirtuel\",\"image\":{\"@type\":\"ImageObject\",\"inLanguage\":\"fr-FR\",\"@id\":\"https:\\\/\\\/secure.gravatar.com\\\/avatar\\\/4d76991aa72469f0eb22e772586c99113c6997f88da636a9db8f2ce3a2c05e69?s=96&d=mm&r=g\",\"url\":\"https:\\\/\\\/secure.gravatar.com\\\/avatar\\\/4d76991aa72469f0eb22e772586c99113c6997f88da636a9db8f2ce3a2c05e69?s=96&d=mm&r=g\",\"contentUrl\":\"https:\\\/\\\/secure.gravatar.com\\\/avatar\\\/4d76991aa72469f0eb22e772586c99113c6997f88da636a9db8f2ce3a2c05e69?s=96&d=mm&r=g\",\"caption\":\"infocongovirtuel\"},\"url\":\"https:\\\/\\\/congovirtuel.com\\\/information\\\/author\\\/infocongovirtuel\\\/\"}]}<\/script>\n<!-- \/ Yoast SEO plugin. -->","yoast_head_json":{"title":"Journ\u00e9e internationale de l'\u00e9crivain africain, 29\u00e8me \u00e9dition 2021 - Actualit\u00e9s congolaises et internationales","robots":{"index":"index","follow":"follow","max-snippet":"max-snippet:-1","max-image-preview":"max-image-preview:large","max-video-preview":"max-video-preview:-1"},"canonical":"https:\/\/congovirtuel.com\/information\/journee-internationale-de-lecrivain-africain-29eme-edition-2021\/","og_locale":"fr_FR","og_type":"article","og_title":"Journ\u00e9e internationale de l'\u00e9crivain africain, 29\u00e8me \u00e9dition 2021 - Actualit\u00e9s congolaises et internationales","og_description":"RD CONGO Chronique presse Rubrique CULTURE \/ LIVRE. Journ\u00e9e internationale de l&rsquo;\u00e9crivain africain, 29\u00e8me \u00e9dition 2021. L\u2019auteur engag\u00e9, Richard Ossoma-Lesmois, signifie d\u2019autres actions que pourrait mener un \u00e9crivain aux c\u00f4t\u00e9s des personnes pr\u00e9caires, dr\u00e9panocytaires \u00e0 l\u2019int\u00e9rieur des soci\u00e9t\u00e9s contemporaines africaines. Dimanche 7 novembre 2021 a \u00e9t\u00e9 c\u00e9l\u00e9br\u00e9 la 29\u00e8me \u00e9dition de la Journ\u00e9e internationale de l\u2019\u00e9crivain africain. L\u2019occasion pour l\u2019auteur engag\u00e9, Richard Ossoma-Lesmois, de rappeler d\u2019autres actions que pourrait mener un \u00e9crivain aux c\u00f4t\u00e9s des personnes pr\u00e9caires. Ainsi porte-t-il la voix des personnes dr\u00e9panocytaires stigmatis\u00e9es \u00e0 travers son ouvrage, Passez&hellip;","og_url":"https:\/\/congovirtuel.com\/information\/journee-internationale-de-lecrivain-africain-29eme-edition-2021\/","og_site_name":"Actualit\u00e9s congolaises et internationales","article_publisher":"https:\/\/web.facebook.com\/Congovirtuel-763617960319601\/?ref=aymt_homepage_panel&amp%3bamp%3bamp%3bamp%3bamp%3bamp%3bamp%3bamp%3bamp%3bamp%3bamp%3beid=ARCoxULa66767kIgF_KYav6VdjXTI4yk_LW4yoVO9s6NXpysgb7Cb65vpxcxgqzOAKvIbLQxaAETcqHT","article_published_time":"2021-12-16T08:20:46+00:00","article_modified_time":"2021-12-16T08:27:34+00:00","og_image":[{"width":588,"height":846,"url":"https:\/\/congovirtuel.com\/information\/wp-content\/uploads\/2021\/12\/FB_IMG_1626450927770.jpg","type":"image\/jpeg"}],"author":"infocongovirtuel","twitter_card":"summary_large_image","twitter_creator":"@congovirtuel","twitter_site":"@congovirtuel","twitter_misc":{"\u00c9crit par":"infocongovirtuel","Dur\u00e9e de lecture estim\u00e9e":"4 minutes"},"schema":{"@context":"https:\/\/schema.org","@graph":[{"@type":"Article","@id":"https:\/\/congovirtuel.com\/information\/journee-internationale-de-lecrivain-africain-29eme-edition-2021\/#article","isPartOf":{"@id":"https:\/\/congovirtuel.com\/information\/journee-internationale-de-lecrivain-africain-29eme-edition-2021\/"},"author":{"name":"infocongovirtuel","@id":"https:\/\/congovirtuel.com\/information\/#\/schema\/person\/739a44bf7990966cb53d58d2fdeca0b6"},"headline":"Journ\u00e9e internationale de l&rsquo;\u00e9crivain africain, 29\u00e8me \u00e9dition 2021","datePublished":"2021-12-16T08:20:46+00:00","dateModified":"2021-12-16T08:27:34+00:00","mainEntityOfPage":{"@id":"https:\/\/congovirtuel.com\/information\/journee-internationale-de-lecrivain-africain-29eme-edition-2021\/"},"wordCount":703,"commentCount":0,"publisher":{"@id":"https:\/\/congovirtuel.com\/information\/#organization"},"image":{"@id":"https:\/\/congovirtuel.com\/information\/journee-internationale-de-lecrivain-africain-29eme-edition-2021\/#primaryimage"},"thumbnailUrl":"https:\/\/congovirtuel.com\/information\/wp-content\/uploads\/2021\/12\/FB_IMG_1626450927770.jpg","articleSection":["litt\u00e9rature"],"inLanguage":"fr-FR","potentialAction":[{"@type":"CommentAction","name":"Comment","target":["https:\/\/congovirtuel.com\/information\/journee-internationale-de-lecrivain-africain-29eme-edition-2021\/#respond"]}]},{"@type":"WebPage","@id":"https:\/\/congovirtuel.com\/information\/journee-internationale-de-lecrivain-africain-29eme-edition-2021\/","url":"https:\/\/congovirtuel.com\/information\/journee-internationale-de-lecrivain-africain-29eme-edition-2021\/","name":"Journ\u00e9e internationale de l'\u00e9crivain africain, 29\u00e8me \u00e9dition 2021 - Actualit\u00e9s congolaises et internationales","isPartOf":{"@id":"https:\/\/congovirtuel.com\/information\/#website"},"primaryImageOfPage":{"@id":"https:\/\/congovirtuel.com\/information\/journee-internationale-de-lecrivain-africain-29eme-edition-2021\/#primaryimage"},"image":{"@id":"https:\/\/congovirtuel.com\/information\/journee-internationale-de-lecrivain-africain-29eme-edition-2021\/#primaryimage"},"thumbnailUrl":"https:\/\/congovirtuel.com\/information\/wp-content\/uploads\/2021\/12\/FB_IMG_1626450927770.jpg","datePublished":"2021-12-16T08:20:46+00:00","dateModified":"2021-12-16T08:27:34+00:00","breadcrumb":{"@id":"https:\/\/congovirtuel.com\/information\/journee-internationale-de-lecrivain-africain-29eme-edition-2021\/#breadcrumb"},"inLanguage":"fr-FR","potentialAction":[{"@type":"ReadAction","target":["https:\/\/congovirtuel.com\/information\/journee-internationale-de-lecrivain-africain-29eme-edition-2021\/"]}]},{"@type":"ImageObject","inLanguage":"fr-FR","@id":"https:\/\/congovirtuel.com\/information\/journee-internationale-de-lecrivain-africain-29eme-edition-2021\/#primaryimage","url":"https:\/\/congovirtuel.com\/information\/wp-content\/uploads\/2021\/12\/FB_IMG_1626450927770.jpg","contentUrl":"https:\/\/congovirtuel.com\/information\/wp-content\/uploads\/2021\/12\/FB_IMG_1626450927770.jpg","width":588,"height":846},{"@type":"BreadcrumbList","@id":"https:\/\/congovirtuel.com\/information\/journee-internationale-de-lecrivain-africain-29eme-edition-2021\/#breadcrumb","itemListElement":[{"@type":"ListItem","position":1,"name":"Accueil","item":"https:\/\/congovirtuel.com\/information\/"},{"@type":"ListItem","position":2,"name":"Journ\u00e9e internationale de l&rsquo;\u00e9crivain africain, 29\u00e8me \u00e9dition 2021"}]},{"@type":"WebSite","@id":"https:\/\/congovirtuel.com\/information\/#website","url":"https:\/\/congovirtuel.com\/information\/","name":"Actualit\u00e9s congolaises et internationales","description":"site d&#039;analyse et de traitement d&#039;information","publisher":{"@id":"https:\/\/congovirtuel.com\/information\/#organization"},"potentialAction":[{"@type":"SearchAction","target":{"@type":"EntryPoint","urlTemplate":"https:\/\/congovirtuel.com\/information\/?s={search_term_string}"},"query-input":{"@type":"PropertyValueSpecification","valueRequired":true,"valueName":"search_term_string"}}],"inLanguage":"fr-FR"},{"@type":"Organization","@id":"https:\/\/congovirtuel.com\/information\/#organization","name":"Biblioth\u00e8que Virtuelle de la RDC","url":"https:\/\/congovirtuel.com\/information\/","logo":{"@type":"ImageObject","inLanguage":"fr-FR","@id":"https:\/\/congovirtuel.com\/information\/#\/schema\/logo\/image\/","url":"https:\/\/congovirtuel.com\/information\/wp-content\/uploads\/2018\/10\/header-info-congovirtuel-vraie.jpg","contentUrl":"https:\/\/congovirtuel.com\/information\/wp-content\/uploads\/2018\/10\/header-info-congovirtuel-vraie.jpg","width":728,"height":90,"caption":"Biblioth\u00e8que Virtuelle de la RDC"},"image":{"@id":"https:\/\/congovirtuel.com\/information\/#\/schema\/logo\/image\/"},"sameAs":["https:\/\/web.facebook.com\/Congovirtuel-763617960319601\/?ref=aymt_homepage_panel&amp;amp;amp;amp;amp;amp;amp;amp;amp;amp;amp;eid=ARCoxULa66767kIgF_KYav6VdjXTI4yk_LW4yoVO9s6NXpysgb7Cb65vpxcxgqzOAKvIbLQxaAETcqHT","https:\/\/x.com\/congovirtuel","https:\/\/www.youtube.com\/channel\/UCkFfprYzGgS3EWNpeMXpToQ?view_as=subscriber"]},{"@type":"Person","@id":"https:\/\/congovirtuel.com\/information\/#\/schema\/person\/739a44bf7990966cb53d58d2fdeca0b6","name":"infocongovirtuel","image":{"@type":"ImageObject","inLanguage":"fr-FR","@id":"https:\/\/secure.gravatar.com\/avatar\/4d76991aa72469f0eb22e772586c99113c6997f88da636a9db8f2ce3a2c05e69?s=96&d=mm&r=g","url":"https:\/\/secure.gravatar.com\/avatar\/4d76991aa72469f0eb22e772586c99113c6997f88da636a9db8f2ce3a2c05e69?s=96&d=mm&r=g","contentUrl":"https:\/\/secure.gravatar.com\/avatar\/4d76991aa72469f0eb22e772586c99113c6997f88da636a9db8f2ce3a2c05e69?s=96&d=mm&r=g","caption":"infocongovirtuel"},"url":"https:\/\/congovirtuel.com\/information\/author\/infocongovirtuel\/"}]}},"gt_translate_keys":[{"key":"link","format":"url"}],"_links":{"self":[{"href":"https:\/\/congovirtuel.com\/information\/wp-json\/wp\/v2\/posts\/16276","targetHints":{"allow":["GET"]}}],"collection":[{"href":"https:\/\/congovirtuel.com\/information\/wp-json\/wp\/v2\/posts"}],"about":[{"href":"https:\/\/congovirtuel.com\/information\/wp-json\/wp\/v2\/types\/post"}],"author":[{"embeddable":true,"href":"https:\/\/congovirtuel.com\/information\/wp-json\/wp\/v2\/users\/1"}],"replies":[{"embeddable":true,"href":"https:\/\/congovirtuel.com\/information\/wp-json\/wp\/v2\/comments?post=16276"}],"version-history":[{"count":2,"href":"https:\/\/congovirtuel.com\/information\/wp-json\/wp\/v2\/posts\/16276\/revisions"}],"predecessor-version":[{"id":16283,"href":"https:\/\/congovirtuel.com\/information\/wp-json\/wp\/v2\/posts\/16276\/revisions\/16283"}],"wp:featuredmedia":[{"embeddable":true,"href":"https:\/\/congovirtuel.com\/information\/wp-json\/wp\/v2\/media\/16280"}],"wp:attachment":[{"href":"https:\/\/congovirtuel.com\/information\/wp-json\/wp\/v2\/media?parent=16276"}],"wp:term":[{"taxonomy":"category","embeddable":true,"href":"https:\/\/congovirtuel.com\/information\/wp-json\/wp\/v2\/categories?post=16276"},{"taxonomy":"post_tag","embeddable":true,"href":"https:\/\/congovirtuel.com\/information\/wp-json\/wp\/v2\/tags?post=16276"}],"curies":[{"name":"wp","href":"https:\/\/api.w.org\/{rel}","templated":true}]}}