{"id":16303,"date":"2021-12-16T16:19:02","date_gmt":"2021-12-16T15:19:02","guid":{"rendered":"https:\/\/congovirtuel.com\/information\/?p=16303"},"modified":"2021-12-16T16:19:04","modified_gmt":"2021-12-16T15:19:04","slug":"fin-de-la-13e-epidemie-debola-en-rdc","status":"publish","type":"post","link":"https:\/\/congovirtuel.com\/information\/fin-de-la-13e-epidemie-debola-en-rdc\/","title":{"rendered":"Fin de la 13e \u00e9pid\u00e9mie d&rsquo;Ebola en RDC","gt_translate_keys":[{"key":"rendered","format":"text"}]},"content":{"rendered":"\n<p class=\"wp-block-paragraph\">Le ministre congolais de la Sant\u00e9 a d\u00e9clar\u00e9 jeudi \u00e0 Kinshasa la fin de la treizi\u00e8me \u00e9pid\u00e9mie d&rsquo;Ebola en R\u00e9publique d\u00e9mocratique du Congo, apr\u00e8s 42 jours sans nouveau cas d\u00e9tect\u00e9 \u00e0 Beni, dans l&rsquo;est.<\/p>\n\n\n\n<p class=\"wp-block-paragraph\">\u00ab\u00a0En ce jeudi 16 d\u00e9cembre 2021, apr\u00e8s 42 jours de surveillance renforc\u00e9e sans nouveau cas confirm\u00e9 (&#8230;) je suis heureux de d\u00e9clarer solennellement la fin de la 13e \u00e9pid\u00e9mie de la maladie \u00e0 virus Ebola\u00a0\u00bb dans le Nord-Kivu, a d\u00e9clar\u00e9 le ministre congolais de la Sant\u00e9, le Dr Jean-Jacques Mbungani.<\/p>\n\n\n\n<p class=\"wp-block-paragraph\">Cette \u00e9pid\u00e9mie, circonscrite dans la zone de sant\u00e9 de Beni, a dur\u00e9 au total \u00ab\u00a0deux mois et neuf jours\u00a0\u00bb depuis sa r\u00e9surgence le 8 octobre. Il y a eu en tout \u00ab\u00a011 cas, dont 8 confirm\u00e9s et 3 probables, avec au total 9 d\u00e9c\u00e8s, soit une l\u00e9talit\u00e9 de 82 %\u00a0\u00bb, a expliqu\u00e9 le Dr Mbungani.<\/p>\n\n\n\n<p class=\"wp-block-paragraph\">\u00ab\u00a0Cette r\u00e9surgence (d&rsquo;Ebola) a eu des particularit\u00e9s, \u00e0 savoir: plus de 50% de personnes affect\u00e9es sont des enfants de moins de 5 ans et la d\u00e9tection a \u00e9t\u00e9 tardive \u00e0 cause de la gr\u00e8ve du personnel de sant\u00e9\u00a0\u00bb, a d\u00e9plor\u00e9 le ministre.<\/p>\n\n\n\n<p class=\"wp-block-paragraph\">Sur les trois malades qui ont b\u00e9n\u00e9fici\u00e9 de soins dans un Centre de traitement Ebola (CTE), \u00ab\u00a0un seul d\u00e9c\u00e8s a \u00e9t\u00e9 d\u00e9plor\u00e9, soit un taux de gu\u00e9rison de 66,7%\u00a0\u00bb, a-t-il indiqu\u00e9.<\/p>\n\n\n\n<p class=\"wp-block-paragraph\">Deux traitements, approuv\u00e9s fin 2020 par l&rsquo;Agence am\u00e9ricaine des m\u00e9dicaments (FDA), ont permis de gu\u00e9rir deux malades sur 11: le REGN-EB3, un cocktail de trois anticorps monoclonaux, et le mAb114, un anticorps monoclonal commercialis\u00e9 sous la marque Ebanga.<\/p>\n\n\n\n<p class=\"wp-block-paragraph\">Mille doses du vaccin anti-Ebola rVSV-ZEBOV, livr\u00e9es cinq jours apr\u00e8s l&rsquo;apparition du premier cas, ont permis d&rsquo;interrompre la cha\u00eene de transmission, par la vaccination des contacts des malades.<\/p>\n\n\n\n<p class=\"wp-block-paragraph\">Identifi\u00e9 pour la premi\u00e8re fois en 1976 en RDC (ex-Za\u00efre), le virus Ebola se transmet \u00e0 l&rsquo;homme par des animaux infect\u00e9s. La transmission humaine se fait par les liquides corporels, avec pour principaux sympt\u00f4mes des fi\u00e8vres, vomissements, saignements, diarrh\u00e9es.<\/p>\n\n\n\n<p class=\"wp-block-paragraph\"><strong>VOA<\/strong><\/p>\n","protected":false,"gt_translate_keys":[{"key":"rendered","format":"html"}]},"excerpt":{"rendered":"<p>Le ministre congolais de la Sant\u00e9 a d\u00e9clar\u00e9 jeudi \u00e0 Kinshasa la fin de la treizi\u00e8me \u00e9pid\u00e9mie d&rsquo;Ebola en R\u00e9publique d\u00e9mocratique du Congo, apr\u00e8s 42 jours sans nouveau cas d\u00e9tect\u00e9 \u00e0 Beni, dans l&rsquo;est. \u00ab\u00a0En ce jeudi 16 d\u00e9cembre 2021, apr\u00e8s 42 jours de surveillance renforc\u00e9e sans nouveau cas confirm\u00e9 (&#8230;) je suis heureux de d\u00e9clarer solennellement la fin de la 13e \u00e9pid\u00e9mie de la maladie \u00e0 virus Ebola\u00a0\u00bb dans le Nord-Kivu, a d\u00e9clar\u00e9 le ministre congolais de la Sant\u00e9, le Dr Jean-Jacques Mbungani. Cette \u00e9pid\u00e9mie, circonscrite dans la zone&hellip;<\/p>\n","protected":false,"gt_translate_keys":[{"key":"rendered","format":"html"}]},"author":1,"featured_media":16305,"comment_status":"open","ping_status":"open","sticky":false,"template":"","format":"standard","meta":{"_crdt_document":"","footnotes":""},"categories":[17],"tags":[7213],"class_list":["post-16303","post","type-post","status-publish","format-standard","has-post-thumbnail","hentry","category-ebola","tag-fin-ebola-rdc"],"gutentor_comment":0,"yoast_head":"<!-- This site is optimized with the Yoast SEO plugin v27.5 - https:\/\/yoast.com\/product\/yoast-seo-wordpress\/ -->\n<title>Fin de la 13e \u00e9pid\u00e9mie d&#039;Ebola en RDC - Actualit\u00e9s congolaises et internationales<\/title>\n<meta name=\"robots\" content=\"index, follow, max-snippet:-1, max-image-preview:large, max-video-preview:-1\" \/>\n<link rel=\"canonical\" href=\"https:\/\/congovirtuel.com\/information\/fin-de-la-13e-epidemie-debola-en-rdc\/\" \/>\n<meta property=\"og:locale\" content=\"fr_FR\" \/>\n<meta property=\"og:type\" content=\"article\" \/>\n<meta property=\"og:title\" content=\"Fin de la 13e \u00e9pid\u00e9mie d&#039;Ebola en RDC - Actualit\u00e9s congolaises et internationales\" \/>\n<meta property=\"og:description\" content=\"Le ministre congolais de la Sant\u00e9 a d\u00e9clar\u00e9 jeudi \u00e0 Kinshasa la fin de la treizi\u00e8me \u00e9pid\u00e9mie d&rsquo;Ebola en R\u00e9publique d\u00e9mocratique du Congo, apr\u00e8s 42 jours sans nouveau cas d\u00e9tect\u00e9 \u00e0 Beni, dans l&rsquo;est. \u00ab\u00a0En ce jeudi 16 d\u00e9cembre 2021, apr\u00e8s 42 jours de surveillance renforc\u00e9e sans nouveau cas confirm\u00e9 (&#8230;) je suis heureux de d\u00e9clarer solennellement la fin de la 13e \u00e9pid\u00e9mie de la maladie \u00e0 virus Ebola\u00a0\u00bb dans le Nord-Kivu, a d\u00e9clar\u00e9 le ministre congolais de la Sant\u00e9, le Dr Jean-Jacques Mbungani. Cette \u00e9pid\u00e9mie, circonscrite dans la zone&hellip;\" \/>\n<meta property=\"og:url\" content=\"https:\/\/congovirtuel.com\/information\/fin-de-la-13e-epidemie-debola-en-rdc\/\" \/>\n<meta property=\"og:site_name\" content=\"Actualit\u00e9s congolaises et internationales\" \/>\n<meta property=\"article:publisher\" content=\"https:\/\/web.facebook.com\/Congovirtuel-763617960319601\/?ref=aymt_homepage_panel&amp;amp%3bamp%3bamp%3bamp%3bamp%3bamp%3bamp%3bamp%3bamp%3bamp%3bamp%3beid=ARCoxULa66767kIgF_KYav6VdjXTI4yk_LW4yoVO9s6NXpysgb7Cb65vpxcxgqzOAKvIbLQxaAETcqHT\" \/>\n<meta property=\"article:published_time\" content=\"2021-12-16T15:19:02+00:00\" \/>\n<meta property=\"article:modified_time\" content=\"2021-12-16T15:19:04+00:00\" \/>\n<meta property=\"og:image\" content=\"https:\/\/congovirtuel.com\/information\/wp-content\/uploads\/2021\/12\/Ebola.jpg\" \/>\n\t<meta property=\"og:image:width\" content=\"1023\" \/>\n\t<meta property=\"og:image:height\" content=\"575\" \/>\n\t<meta property=\"og:image:type\" content=\"image\/jpeg\" \/>\n<meta name=\"author\" content=\"infocongovirtuel\" \/>\n<meta name=\"twitter:card\" content=\"summary_large_image\" \/>\n<meta name=\"twitter:creator\" content=\"@congovirtuel\" \/>\n<meta name=\"twitter:site\" content=\"@congovirtuel\" \/>\n<meta name=\"twitter:label1\" content=\"\u00c9crit par\" \/>\n\t<meta name=\"twitter:data1\" content=\"infocongovirtuel\" \/>\n\t<meta name=\"twitter:label2\" content=\"Dur\u00e9e de lecture estim\u00e9e\" \/>\n\t<meta name=\"twitter:data2\" content=\"2 minutes\" \/>\n<script type=\"application\/ld+json\" class=\"yoast-schema-graph\">{\"@context\":\"https:\\\/\\\/schema.org\",\"@graph\":[{\"@type\":\"Article\",\"@id\":\"https:\\\/\\\/congovirtuel.com\\\/information\\\/fin-de-la-13e-epidemie-debola-en-rdc\\\/#article\",\"isPartOf\":{\"@id\":\"https:\\\/\\\/congovirtuel.com\\\/information\\\/fin-de-la-13e-epidemie-debola-en-rdc\\\/\"},\"author\":{\"name\":\"infocongovirtuel\",\"@id\":\"https:\\\/\\\/congovirtuel.com\\\/information\\\/#\\\/schema\\\/person\\\/739a44bf7990966cb53d58d2fdeca0b6\"},\"headline\":\"Fin de la 13e \u00e9pid\u00e9mie d&rsquo;Ebola en RDC\",\"datePublished\":\"2021-12-16T15:19:02+00:00\",\"dateModified\":\"2021-12-16T15:19:04+00:00\",\"mainEntityOfPage\":{\"@id\":\"https:\\\/\\\/congovirtuel.com\\\/information\\\/fin-de-la-13e-epidemie-debola-en-rdc\\\/\"},\"wordCount\":355,\"commentCount\":0,\"publisher\":{\"@id\":\"https:\\\/\\\/congovirtuel.com\\\/information\\\/#organization\"},\"image\":{\"@id\":\"https:\\\/\\\/congovirtuel.com\\\/information\\\/fin-de-la-13e-epidemie-debola-en-rdc\\\/#primaryimage\"},\"thumbnailUrl\":\"https:\\\/\\\/congovirtuel.com\\\/information\\\/wp-content\\\/uploads\\\/2021\\\/12\\\/Ebola.jpg\",\"keywords\":[\"fin Ebola RDC\"],\"articleSection\":[\"Ebola\"],\"inLanguage\":\"fr-FR\",\"potentialAction\":[{\"@type\":\"CommentAction\",\"name\":\"Comment\",\"target\":[\"https:\\\/\\\/congovirtuel.com\\\/information\\\/fin-de-la-13e-epidemie-debola-en-rdc\\\/#respond\"]}]},{\"@type\":\"WebPage\",\"@id\":\"https:\\\/\\\/congovirtuel.com\\\/information\\\/fin-de-la-13e-epidemie-debola-en-rdc\\\/\",\"url\":\"https:\\\/\\\/congovirtuel.com\\\/information\\\/fin-de-la-13e-epidemie-debola-en-rdc\\\/\",\"name\":\"Fin de la 13e \u00e9pid\u00e9mie d'Ebola en RDC - Actualit\u00e9s congolaises et internationales\",\"isPartOf\":{\"@id\":\"https:\\\/\\\/congovirtuel.com\\\/information\\\/#website\"},\"primaryImageOfPage\":{\"@id\":\"https:\\\/\\\/congovirtuel.com\\\/information\\\/fin-de-la-13e-epidemie-debola-en-rdc\\\/#primaryimage\"},\"image\":{\"@id\":\"https:\\\/\\\/congovirtuel.com\\\/information\\\/fin-de-la-13e-epidemie-debola-en-rdc\\\/#primaryimage\"},\"thumbnailUrl\":\"https:\\\/\\\/congovirtuel.com\\\/information\\\/wp-content\\\/uploads\\\/2021\\\/12\\\/Ebola.jpg\",\"datePublished\":\"2021-12-16T15:19:02+00:00\",\"dateModified\":\"2021-12-16T15:19:04+00:00\",\"breadcrumb\":{\"@id\":\"https:\\\/\\\/congovirtuel.com\\\/information\\\/fin-de-la-13e-epidemie-debola-en-rdc\\\/#breadcrumb\"},\"inLanguage\":\"fr-FR\",\"potentialAction\":[{\"@type\":\"ReadAction\",\"target\":[\"https:\\\/\\\/congovirtuel.com\\\/information\\\/fin-de-la-13e-epidemie-debola-en-rdc\\\/\"]}]},{\"@type\":\"ImageObject\",\"inLanguage\":\"fr-FR\",\"@id\":\"https:\\\/\\\/congovirtuel.com\\\/information\\\/fin-de-la-13e-epidemie-debola-en-rdc\\\/#primaryimage\",\"url\":\"https:\\\/\\\/congovirtuel.com\\\/information\\\/wp-content\\\/uploads\\\/2021\\\/12\\\/Ebola.jpg\",\"contentUrl\":\"https:\\\/\\\/congovirtuel.com\\\/information\\\/wp-content\\\/uploads\\\/2021\\\/12\\\/Ebola.jpg\",\"width\":1023,\"height\":575},{\"@type\":\"BreadcrumbList\",\"@id\":\"https:\\\/\\\/congovirtuel.com\\\/information\\\/fin-de-la-13e-epidemie-debola-en-rdc\\\/#breadcrumb\",\"itemListElement\":[{\"@type\":\"ListItem\",\"position\":1,\"name\":\"Accueil\",\"item\":\"https:\\\/\\\/congovirtuel.com\\\/information\\\/\"},{\"@type\":\"ListItem\",\"position\":2,\"name\":\"Fin de la 13e \u00e9pid\u00e9mie d&rsquo;Ebola en RDC\"}]},{\"@type\":\"WebSite\",\"@id\":\"https:\\\/\\\/congovirtuel.com\\\/information\\\/#website\",\"url\":\"https:\\\/\\\/congovirtuel.com\\\/information\\\/\",\"name\":\"Actualit\u00e9s congolaises et internationales\",\"description\":\"site d&#039;analyse et de traitement d&#039;information\",\"publisher\":{\"@id\":\"https:\\\/\\\/congovirtuel.com\\\/information\\\/#organization\"},\"potentialAction\":[{\"@type\":\"SearchAction\",\"target\":{\"@type\":\"EntryPoint\",\"urlTemplate\":\"https:\\\/\\\/congovirtuel.com\\\/information\\\/?s={search_term_string}\"},\"query-input\":{\"@type\":\"PropertyValueSpecification\",\"valueRequired\":true,\"valueName\":\"search_term_string\"}}],\"inLanguage\":\"fr-FR\"},{\"@type\":\"Organization\",\"@id\":\"https:\\\/\\\/congovirtuel.com\\\/information\\\/#organization\",\"name\":\"Biblioth\u00e8que Virtuelle de la RDC\",\"url\":\"https:\\\/\\\/congovirtuel.com\\\/information\\\/\",\"logo\":{\"@type\":\"ImageObject\",\"inLanguage\":\"fr-FR\",\"@id\":\"https:\\\/\\\/congovirtuel.com\\\/information\\\/#\\\/schema\\\/logo\\\/image\\\/\",\"url\":\"https:\\\/\\\/congovirtuel.com\\\/information\\\/wp-content\\\/uploads\\\/2018\\\/10\\\/header-info-congovirtuel-vraie.jpg\",\"contentUrl\":\"https:\\\/\\\/congovirtuel.com\\\/information\\\/wp-content\\\/uploads\\\/2018\\\/10\\\/header-info-congovirtuel-vraie.jpg\",\"width\":728,\"height\":90,\"caption\":\"Biblioth\u00e8que Virtuelle de la RDC\"},\"image\":{\"@id\":\"https:\\\/\\\/congovirtuel.com\\\/information\\\/#\\\/schema\\\/logo\\\/image\\\/\"},\"sameAs\":[\"https:\\\/\\\/web.facebook.com\\\/Congovirtuel-763617960319601\\\/?ref=aymt_homepage_panel&amp;amp;amp;amp;amp;amp;amp;amp;amp;amp;amp;eid=ARCoxULa66767kIgF_KYav6VdjXTI4yk_LW4yoVO9s6NXpysgb7Cb65vpxcxgqzOAKvIbLQxaAETcqHT\",\"https:\\\/\\\/x.com\\\/congovirtuel\",\"https:\\\/\\\/www.youtube.com\\\/channel\\\/UCkFfprYzGgS3EWNpeMXpToQ?view_as=subscriber\"]},{\"@type\":\"Person\",\"@id\":\"https:\\\/\\\/congovirtuel.com\\\/information\\\/#\\\/schema\\\/person\\\/739a44bf7990966cb53d58d2fdeca0b6\",\"name\":\"infocongovirtuel\",\"image\":{\"@type\":\"ImageObject\",\"inLanguage\":\"fr-FR\",\"@id\":\"https:\\\/\\\/secure.gravatar.com\\\/avatar\\\/4d76991aa72469f0eb22e772586c99113c6997f88da636a9db8f2ce3a2c05e69?s=96&d=mm&r=g\",\"url\":\"https:\\\/\\\/secure.gravatar.com\\\/avatar\\\/4d76991aa72469f0eb22e772586c99113c6997f88da636a9db8f2ce3a2c05e69?s=96&d=mm&r=g\",\"contentUrl\":\"https:\\\/\\\/secure.gravatar.com\\\/avatar\\\/4d76991aa72469f0eb22e772586c99113c6997f88da636a9db8f2ce3a2c05e69?s=96&d=mm&r=g\",\"caption\":\"infocongovirtuel\"},\"url\":\"https:\\\/\\\/congovirtuel.com\\\/information\\\/author\\\/infocongovirtuel\\\/\"}]}<\/script>\n<!-- \/ Yoast SEO plugin. -->","yoast_head_json":{"title":"Fin de la 13e \u00e9pid\u00e9mie d'Ebola en RDC - Actualit\u00e9s congolaises et internationales","robots":{"index":"index","follow":"follow","max-snippet":"max-snippet:-1","max-image-preview":"max-image-preview:large","max-video-preview":"max-video-preview:-1"},"canonical":"https:\/\/congovirtuel.com\/information\/fin-de-la-13e-epidemie-debola-en-rdc\/","og_locale":"fr_FR","og_type":"article","og_title":"Fin de la 13e \u00e9pid\u00e9mie d'Ebola en RDC - Actualit\u00e9s congolaises et internationales","og_description":"Le ministre congolais de la Sant\u00e9 a d\u00e9clar\u00e9 jeudi \u00e0 Kinshasa la fin de la treizi\u00e8me \u00e9pid\u00e9mie d&rsquo;Ebola en R\u00e9publique d\u00e9mocratique du Congo, apr\u00e8s 42 jours sans nouveau cas d\u00e9tect\u00e9 \u00e0 Beni, dans l&rsquo;est. \u00ab\u00a0En ce jeudi 16 d\u00e9cembre 2021, apr\u00e8s 42 jours de surveillance renforc\u00e9e sans nouveau cas confirm\u00e9 (&#8230;) je suis heureux de d\u00e9clarer solennellement la fin de la 13e \u00e9pid\u00e9mie de la maladie \u00e0 virus Ebola\u00a0\u00bb dans le Nord-Kivu, a d\u00e9clar\u00e9 le ministre congolais de la Sant\u00e9, le Dr Jean-Jacques Mbungani. Cette \u00e9pid\u00e9mie, circonscrite dans la zone&hellip;","og_url":"https:\/\/congovirtuel.com\/information\/fin-de-la-13e-epidemie-debola-en-rdc\/","og_site_name":"Actualit\u00e9s congolaises et internationales","article_publisher":"https:\/\/web.facebook.com\/Congovirtuel-763617960319601\/?ref=aymt_homepage_panel&amp%3bamp%3bamp%3bamp%3bamp%3bamp%3bamp%3bamp%3bamp%3bamp%3bamp%3beid=ARCoxULa66767kIgF_KYav6VdjXTI4yk_LW4yoVO9s6NXpysgb7Cb65vpxcxgqzOAKvIbLQxaAETcqHT","article_published_time":"2021-12-16T15:19:02+00:00","article_modified_time":"2021-12-16T15:19:04+00:00","og_image":[{"width":1023,"height":575,"url":"https:\/\/congovirtuel.com\/information\/wp-content\/uploads\/2021\/12\/Ebola.jpg","type":"image\/jpeg"}],"author":"infocongovirtuel","twitter_card":"summary_large_image","twitter_creator":"@congovirtuel","twitter_site":"@congovirtuel","twitter_misc":{"\u00c9crit par":"infocongovirtuel","Dur\u00e9e de lecture estim\u00e9e":"2 minutes"},"schema":{"@context":"https:\/\/schema.org","@graph":[{"@type":"Article","@id":"https:\/\/congovirtuel.com\/information\/fin-de-la-13e-epidemie-debola-en-rdc\/#article","isPartOf":{"@id":"https:\/\/congovirtuel.com\/information\/fin-de-la-13e-epidemie-debola-en-rdc\/"},"author":{"name":"infocongovirtuel","@id":"https:\/\/congovirtuel.com\/information\/#\/schema\/person\/739a44bf7990966cb53d58d2fdeca0b6"},"headline":"Fin de la 13e \u00e9pid\u00e9mie d&rsquo;Ebola en RDC","datePublished":"2021-12-16T15:19:02+00:00","dateModified":"2021-12-16T15:19:04+00:00","mainEntityOfPage":{"@id":"https:\/\/congovirtuel.com\/information\/fin-de-la-13e-epidemie-debola-en-rdc\/"},"wordCount":355,"commentCount":0,"publisher":{"@id":"https:\/\/congovirtuel.com\/information\/#organization"},"image":{"@id":"https:\/\/congovirtuel.com\/information\/fin-de-la-13e-epidemie-debola-en-rdc\/#primaryimage"},"thumbnailUrl":"https:\/\/congovirtuel.com\/information\/wp-content\/uploads\/2021\/12\/Ebola.jpg","keywords":["fin Ebola RDC"],"articleSection":["Ebola"],"inLanguage":"fr-FR","potentialAction":[{"@type":"CommentAction","name":"Comment","target":["https:\/\/congovirtuel.com\/information\/fin-de-la-13e-epidemie-debola-en-rdc\/#respond"]}]},{"@type":"WebPage","@id":"https:\/\/congovirtuel.com\/information\/fin-de-la-13e-epidemie-debola-en-rdc\/","url":"https:\/\/congovirtuel.com\/information\/fin-de-la-13e-epidemie-debola-en-rdc\/","name":"Fin de la 13e \u00e9pid\u00e9mie d'Ebola en RDC - Actualit\u00e9s congolaises et internationales","isPartOf":{"@id":"https:\/\/congovirtuel.com\/information\/#website"},"primaryImageOfPage":{"@id":"https:\/\/congovirtuel.com\/information\/fin-de-la-13e-epidemie-debola-en-rdc\/#primaryimage"},"image":{"@id":"https:\/\/congovirtuel.com\/information\/fin-de-la-13e-epidemie-debola-en-rdc\/#primaryimage"},"thumbnailUrl":"https:\/\/congovirtuel.com\/information\/wp-content\/uploads\/2021\/12\/Ebola.jpg","datePublished":"2021-12-16T15:19:02+00:00","dateModified":"2021-12-16T15:19:04+00:00","breadcrumb":{"@id":"https:\/\/congovirtuel.com\/information\/fin-de-la-13e-epidemie-debola-en-rdc\/#breadcrumb"},"inLanguage":"fr-FR","potentialAction":[{"@type":"ReadAction","target":["https:\/\/congovirtuel.com\/information\/fin-de-la-13e-epidemie-debola-en-rdc\/"]}]},{"@type":"ImageObject","inLanguage":"fr-FR","@id":"https:\/\/congovirtuel.com\/information\/fin-de-la-13e-epidemie-debola-en-rdc\/#primaryimage","url":"https:\/\/congovirtuel.com\/information\/wp-content\/uploads\/2021\/12\/Ebola.jpg","contentUrl":"https:\/\/congovirtuel.com\/information\/wp-content\/uploads\/2021\/12\/Ebola.jpg","width":1023,"height":575},{"@type":"BreadcrumbList","@id":"https:\/\/congovirtuel.com\/information\/fin-de-la-13e-epidemie-debola-en-rdc\/#breadcrumb","itemListElement":[{"@type":"ListItem","position":1,"name":"Accueil","item":"https:\/\/congovirtuel.com\/information\/"},{"@type":"ListItem","position":2,"name":"Fin de la 13e \u00e9pid\u00e9mie d&rsquo;Ebola en RDC"}]},{"@type":"WebSite","@id":"https:\/\/congovirtuel.com\/information\/#website","url":"https:\/\/congovirtuel.com\/information\/","name":"Actualit\u00e9s congolaises et internationales","description":"site d&#039;analyse et de traitement d&#039;information","publisher":{"@id":"https:\/\/congovirtuel.com\/information\/#organization"},"potentialAction":[{"@type":"SearchAction","target":{"@type":"EntryPoint","urlTemplate":"https:\/\/congovirtuel.com\/information\/?s={search_term_string}"},"query-input":{"@type":"PropertyValueSpecification","valueRequired":true,"valueName":"search_term_string"}}],"inLanguage":"fr-FR"},{"@type":"Organization","@id":"https:\/\/congovirtuel.com\/information\/#organization","name":"Biblioth\u00e8que Virtuelle de la RDC","url":"https:\/\/congovirtuel.com\/information\/","logo":{"@type":"ImageObject","inLanguage":"fr-FR","@id":"https:\/\/congovirtuel.com\/information\/#\/schema\/logo\/image\/","url":"https:\/\/congovirtuel.com\/information\/wp-content\/uploads\/2018\/10\/header-info-congovirtuel-vraie.jpg","contentUrl":"https:\/\/congovirtuel.com\/information\/wp-content\/uploads\/2018\/10\/header-info-congovirtuel-vraie.jpg","width":728,"height":90,"caption":"Biblioth\u00e8que Virtuelle de la RDC"},"image":{"@id":"https:\/\/congovirtuel.com\/information\/#\/schema\/logo\/image\/"},"sameAs":["https:\/\/web.facebook.com\/Congovirtuel-763617960319601\/?ref=aymt_homepage_panel&amp;amp;amp;amp;amp;amp;amp;amp;amp;amp;amp;eid=ARCoxULa66767kIgF_KYav6VdjXTI4yk_LW4yoVO9s6NXpysgb7Cb65vpxcxgqzOAKvIbLQxaAETcqHT","https:\/\/x.com\/congovirtuel","https:\/\/www.youtube.com\/channel\/UCkFfprYzGgS3EWNpeMXpToQ?view_as=subscriber"]},{"@type":"Person","@id":"https:\/\/congovirtuel.com\/information\/#\/schema\/person\/739a44bf7990966cb53d58d2fdeca0b6","name":"infocongovirtuel","image":{"@type":"ImageObject","inLanguage":"fr-FR","@id":"https:\/\/secure.gravatar.com\/avatar\/4d76991aa72469f0eb22e772586c99113c6997f88da636a9db8f2ce3a2c05e69?s=96&d=mm&r=g","url":"https:\/\/secure.gravatar.com\/avatar\/4d76991aa72469f0eb22e772586c99113c6997f88da636a9db8f2ce3a2c05e69?s=96&d=mm&r=g","contentUrl":"https:\/\/secure.gravatar.com\/avatar\/4d76991aa72469f0eb22e772586c99113c6997f88da636a9db8f2ce3a2c05e69?s=96&d=mm&r=g","caption":"infocongovirtuel"},"url":"https:\/\/congovirtuel.com\/information\/author\/infocongovirtuel\/"}]}},"gt_translate_keys":[{"key":"link","format":"url"}],"_links":{"self":[{"href":"https:\/\/congovirtuel.com\/information\/wp-json\/wp\/v2\/posts\/16303","targetHints":{"allow":["GET"]}}],"collection":[{"href":"https:\/\/congovirtuel.com\/information\/wp-json\/wp\/v2\/posts"}],"about":[{"href":"https:\/\/congovirtuel.com\/information\/wp-json\/wp\/v2\/types\/post"}],"author":[{"embeddable":true,"href":"https:\/\/congovirtuel.com\/information\/wp-json\/wp\/v2\/users\/1"}],"replies":[{"embeddable":true,"href":"https:\/\/congovirtuel.com\/information\/wp-json\/wp\/v2\/comments?post=16303"}],"version-history":[{"count":1,"href":"https:\/\/congovirtuel.com\/information\/wp-json\/wp\/v2\/posts\/16303\/revisions"}],"predecessor-version":[{"id":16306,"href":"https:\/\/congovirtuel.com\/information\/wp-json\/wp\/v2\/posts\/16303\/revisions\/16306"}],"wp:featuredmedia":[{"embeddable":true,"href":"https:\/\/congovirtuel.com\/information\/wp-json\/wp\/v2\/media\/16305"}],"wp:attachment":[{"href":"https:\/\/congovirtuel.com\/information\/wp-json\/wp\/v2\/media?parent=16303"}],"wp:term":[{"taxonomy":"category","embeddable":true,"href":"https:\/\/congovirtuel.com\/information\/wp-json\/wp\/v2\/categories?post=16303"},{"taxonomy":"post_tag","embeddable":true,"href":"https:\/\/congovirtuel.com\/information\/wp-json\/wp\/v2\/tags?post=16303"}],"curies":[{"name":"wp","href":"https:\/\/api.w.org\/{rel}","templated":true}]}}