{"id":16333,"date":"2021-12-17T07:58:48","date_gmt":"2021-12-17T06:58:48","guid":{"rendered":"https:\/\/congovirtuel.com\/information\/?p=16333"},"modified":"2021-12-17T07:58:50","modified_gmt":"2021-12-17T06:58:50","slug":"rdc-six-mois-darrieres-de-salaires-et-loyers-pour-les-diplomates-congolais","status":"publish","type":"post","link":"https:\/\/congovirtuel.com\/information\/rdc-six-mois-darrieres-de-salaires-et-loyers-pour-les-diplomates-congolais\/","title":{"rendered":"RDC: Six mois d\u2019arri\u00e9r\u00e9s de salaires et loyers pour les diplomates congolais","gt_translate_keys":[{"key":"rendered","format":"text"}]},"content":{"rendered":"\n<p class=\"wp-block-paragraph\"><strong><em>En r\u00e9action \u00e0 notre article paru hier et faisant \u00e9tat d\u2019une triste fin d\u2019ann\u00e9e pour les diplomates congolais, des sources proches du corps diplomatique congolais ont non seulement confirm\u00e9 la nouvelle travers\u00e9e du d\u00e9sert mais surtout pr\u00e9cis\u00e9 que les arri\u00e9r\u00e9s de salaires et de loyers se chiffrent d\u00e9j\u00e0 \u00e0 six mois, soit janvier, f\u00e9vrier et mars 2021, octobre, novembre et d\u00e9cembre 2021. Les frais de fonctionnement non vers\u00e9s ob\u00e9issent \u00e0 la m\u00eame proportion.<\/em><\/strong><\/p>\n\n\n\n<p class=\"wp-block-paragraph\">&nbsp;&nbsp;&nbsp;&nbsp;&nbsp;&nbsp; Les hommes et les femmes charg\u00e9s de la lourde mission de repr\u00e9senter le pays \u00e0 l\u2019ext\u00e9rieur s\u2019interrogent sur le paradoxe entre la volont\u00e9 du Pr\u00e9sident de la R\u00e9publique de redorer le blason terni de la diplomatie congolaise dans les milieux internationaux et la persistance des antivaleurs de nature \u00e0 la tirer par le bas. Est-il possible d\u2019avoir une diplomatie dynamique avec des diplomates clochardis\u00e9s et des missions diplomatiques continuellement frapp\u00e9es par la disette? &nbsp;&nbsp;&nbsp;&nbsp;&nbsp;<\/p>\n\n\n\n<p class=\"wp-block-paragraph\">\u00a0\u00a0\u00a0\u00a0\u00a0\u00a0 Que sont devenues les recommandations de la Commission tripartite compos\u00e9e des minist\u00e8res des Affaires Etrang\u00e8res, du Budget et des Finances, destin\u00e9es \u00e0 vider tous les contentieux financiers et logistiques en rapport avec les conditions sociales et de travail des diplomates congolais en poste \u00e0 l\u2019\u00e9tranger ?\u00a0 A quel niveau se situe le goulot d\u2019\u00e9tranglement ?<\/p>\n\n\n\n<p class=\"wp-block-paragraph\"><strong>Lephare<\/strong><\/p>\n","protected":false,"gt_translate_keys":[{"key":"rendered","format":"html"}]},"excerpt":{"rendered":"<p>En r\u00e9action \u00e0 notre article paru hier et faisant \u00e9tat d\u2019une triste fin d\u2019ann\u00e9e pour les diplomates congolais, des sources proches du corps diplomatique congolais ont non seulement confirm\u00e9 la nouvelle travers\u00e9e du d\u00e9sert mais surtout pr\u00e9cis\u00e9 que les arri\u00e9r\u00e9s de salaires et de loyers se chiffrent d\u00e9j\u00e0 \u00e0 six mois, soit janvier, f\u00e9vrier et mars 2021, octobre, novembre et d\u00e9cembre 2021. Les frais de fonctionnement non vers\u00e9s ob\u00e9issent \u00e0 la m\u00eame proportion. &nbsp;&nbsp;&nbsp;&nbsp;&nbsp;&nbsp; Les hommes et les femmes charg\u00e9s de la lourde mission de repr\u00e9senter le pays \u00e0 l\u2019ext\u00e9rieur&hellip;<\/p>\n","protected":false,"gt_translate_keys":[{"key":"rendered","format":"html"}]},"author":1,"featured_media":14806,"comment_status":"open","ping_status":"open","sticky":false,"template":"","format":"standard","meta":{"_crdt_document":"","footnotes":""},"categories":[27165],"tags":[30653],"class_list":["post-16333","post","type-post","status-publish","format-standard","has-post-thumbnail","hentry","category-diplomatie","tag-arriere-diplomates-congolais"],"gutentor_comment":0,"yoast_head":"<!-- This site is optimized with the Yoast SEO plugin v27.5 - https:\/\/yoast.com\/product\/yoast-seo-wordpress\/ -->\n<title>RDC: Six mois d\u2019arri\u00e9r\u00e9s de salaires et loyers pour les diplomates congolais - Actualit\u00e9s congolaises et internationales<\/title>\n<meta name=\"robots\" content=\"index, follow, max-snippet:-1, max-image-preview:large, max-video-preview:-1\" \/>\n<link rel=\"canonical\" href=\"https:\/\/congovirtuel.com\/information\/rdc-six-mois-darrieres-de-salaires-et-loyers-pour-les-diplomates-congolais\/\" \/>\n<meta property=\"og:locale\" content=\"fr_FR\" \/>\n<meta property=\"og:type\" content=\"article\" \/>\n<meta property=\"og:title\" content=\"RDC: Six mois d\u2019arri\u00e9r\u00e9s de salaires et loyers pour les diplomates congolais - Actualit\u00e9s congolaises et internationales\" \/>\n<meta property=\"og:description\" content=\"En r\u00e9action \u00e0 notre article paru hier et faisant \u00e9tat d\u2019une triste fin d\u2019ann\u00e9e pour les diplomates congolais, des sources proches du corps diplomatique congolais ont non seulement confirm\u00e9 la nouvelle travers\u00e9e du d\u00e9sert mais surtout pr\u00e9cis\u00e9 que les arri\u00e9r\u00e9s de salaires et de loyers se chiffrent d\u00e9j\u00e0 \u00e0 six mois, soit janvier, f\u00e9vrier et mars 2021, octobre, novembre et d\u00e9cembre 2021. Les frais de fonctionnement non vers\u00e9s ob\u00e9issent \u00e0 la m\u00eame proportion. &nbsp;&nbsp;&nbsp;&nbsp;&nbsp;&nbsp; Les hommes et les femmes charg\u00e9s de la lourde mission de repr\u00e9senter le pays \u00e0 l\u2019ext\u00e9rieur&hellip;\" \/>\n<meta property=\"og:url\" content=\"https:\/\/congovirtuel.com\/information\/rdc-six-mois-darrieres-de-salaires-et-loyers-pour-les-diplomates-congolais\/\" \/>\n<meta property=\"og:site_name\" content=\"Actualit\u00e9s congolaises et internationales\" \/>\n<meta property=\"article:publisher\" content=\"https:\/\/web.facebook.com\/Congovirtuel-763617960319601\/?ref=aymt_homepage_panel&amp;amp%3bamp%3bamp%3bamp%3bamp%3bamp%3bamp%3bamp%3bamp%3bamp%3bamp%3beid=ARCoxULa66767kIgF_KYav6VdjXTI4yk_LW4yoVO9s6NXpysgb7Cb65vpxcxgqzOAKvIbLQxaAETcqHT\" \/>\n<meta property=\"article:published_time\" content=\"2021-12-17T06:58:48+00:00\" \/>\n<meta property=\"article:modified_time\" content=\"2021-12-17T06:58:50+00:00\" \/>\n<meta property=\"og:image\" content=\"https:\/\/congovirtuel.com\/information\/wp-content\/uploads\/2021\/10\/lutundula_apala_21_02145_jpg_640_350_1.jpeg\" \/>\n\t<meta property=\"og:image:width\" content=\"640\" \/>\n\t<meta property=\"og:image:height\" content=\"350\" \/>\n\t<meta property=\"og:image:type\" content=\"image\/jpeg\" \/>\n<meta name=\"author\" content=\"infocongovirtuel\" \/>\n<meta name=\"twitter:card\" content=\"summary_large_image\" \/>\n<meta name=\"twitter:creator\" content=\"@congovirtuel\" \/>\n<meta name=\"twitter:site\" content=\"@congovirtuel\" \/>\n<meta name=\"twitter:label1\" content=\"\u00c9crit par\" \/>\n\t<meta name=\"twitter:data1\" content=\"infocongovirtuel\" \/>\n\t<meta name=\"twitter:label2\" content=\"Dur\u00e9e de lecture estim\u00e9e\" \/>\n\t<meta name=\"twitter:data2\" content=\"2 minutes\" \/>\n<script type=\"application\/ld+json\" class=\"yoast-schema-graph\">{\"@context\":\"https:\\\/\\\/schema.org\",\"@graph\":[{\"@type\":\"Article\",\"@id\":\"https:\\\/\\\/congovirtuel.com\\\/information\\\/rdc-six-mois-darrieres-de-salaires-et-loyers-pour-les-diplomates-congolais\\\/#article\",\"isPartOf\":{\"@id\":\"https:\\\/\\\/congovirtuel.com\\\/information\\\/rdc-six-mois-darrieres-de-salaires-et-loyers-pour-les-diplomates-congolais\\\/\"},\"author\":{\"name\":\"infocongovirtuel\",\"@id\":\"https:\\\/\\\/congovirtuel.com\\\/information\\\/#\\\/schema\\\/person\\\/739a44bf7990966cb53d58d2fdeca0b6\"},\"headline\":\"RDC: Six mois d\u2019arri\u00e9r\u00e9s de salaires et loyers pour les diplomates congolais\",\"datePublished\":\"2021-12-17T06:58:48+00:00\",\"dateModified\":\"2021-12-17T06:58:50+00:00\",\"mainEntityOfPage\":{\"@id\":\"https:\\\/\\\/congovirtuel.com\\\/information\\\/rdc-six-mois-darrieres-de-salaires-et-loyers-pour-les-diplomates-congolais\\\/\"},\"wordCount\":248,\"commentCount\":0,\"publisher\":{\"@id\":\"https:\\\/\\\/congovirtuel.com\\\/information\\\/#organization\"},\"image\":{\"@id\":\"https:\\\/\\\/congovirtuel.com\\\/information\\\/rdc-six-mois-darrieres-de-salaires-et-loyers-pour-les-diplomates-congolais\\\/#primaryimage\"},\"thumbnailUrl\":\"https:\\\/\\\/congovirtuel.com\\\/information\\\/wp-content\\\/uploads\\\/2021\\\/10\\\/lutundula_apala_21_02145_jpg_640_350_1.jpeg\",\"keywords\":[\"Arri\u00e9r\u00e9 diplomates congolais\"],\"articleSection\":[\"Diplomatie\"],\"inLanguage\":\"fr-FR\",\"potentialAction\":[{\"@type\":\"CommentAction\",\"name\":\"Comment\",\"target\":[\"https:\\\/\\\/congovirtuel.com\\\/information\\\/rdc-six-mois-darrieres-de-salaires-et-loyers-pour-les-diplomates-congolais\\\/#respond\"]}]},{\"@type\":\"WebPage\",\"@id\":\"https:\\\/\\\/congovirtuel.com\\\/information\\\/rdc-six-mois-darrieres-de-salaires-et-loyers-pour-les-diplomates-congolais\\\/\",\"url\":\"https:\\\/\\\/congovirtuel.com\\\/information\\\/rdc-six-mois-darrieres-de-salaires-et-loyers-pour-les-diplomates-congolais\\\/\",\"name\":\"RDC: Six mois d\u2019arri\u00e9r\u00e9s de salaires et loyers pour les diplomates congolais - Actualit\u00e9s congolaises et internationales\",\"isPartOf\":{\"@id\":\"https:\\\/\\\/congovirtuel.com\\\/information\\\/#website\"},\"primaryImageOfPage\":{\"@id\":\"https:\\\/\\\/congovirtuel.com\\\/information\\\/rdc-six-mois-darrieres-de-salaires-et-loyers-pour-les-diplomates-congolais\\\/#primaryimage\"},\"image\":{\"@id\":\"https:\\\/\\\/congovirtuel.com\\\/information\\\/rdc-six-mois-darrieres-de-salaires-et-loyers-pour-les-diplomates-congolais\\\/#primaryimage\"},\"thumbnailUrl\":\"https:\\\/\\\/congovirtuel.com\\\/information\\\/wp-content\\\/uploads\\\/2021\\\/10\\\/lutundula_apala_21_02145_jpg_640_350_1.jpeg\",\"datePublished\":\"2021-12-17T06:58:48+00:00\",\"dateModified\":\"2021-12-17T06:58:50+00:00\",\"breadcrumb\":{\"@id\":\"https:\\\/\\\/congovirtuel.com\\\/information\\\/rdc-six-mois-darrieres-de-salaires-et-loyers-pour-les-diplomates-congolais\\\/#breadcrumb\"},\"inLanguage\":\"fr-FR\",\"potentialAction\":[{\"@type\":\"ReadAction\",\"target\":[\"https:\\\/\\\/congovirtuel.com\\\/information\\\/rdc-six-mois-darrieres-de-salaires-et-loyers-pour-les-diplomates-congolais\\\/\"]}]},{\"@type\":\"ImageObject\",\"inLanguage\":\"fr-FR\",\"@id\":\"https:\\\/\\\/congovirtuel.com\\\/information\\\/rdc-six-mois-darrieres-de-salaires-et-loyers-pour-les-diplomates-congolais\\\/#primaryimage\",\"url\":\"https:\\\/\\\/congovirtuel.com\\\/information\\\/wp-content\\\/uploads\\\/2021\\\/10\\\/lutundula_apala_21_02145_jpg_640_350_1.jpeg\",\"contentUrl\":\"https:\\\/\\\/congovirtuel.com\\\/information\\\/wp-content\\\/uploads\\\/2021\\\/10\\\/lutundula_apala_21_02145_jpg_640_350_1.jpeg\",\"width\":640,\"height\":350},{\"@type\":\"BreadcrumbList\",\"@id\":\"https:\\\/\\\/congovirtuel.com\\\/information\\\/rdc-six-mois-darrieres-de-salaires-et-loyers-pour-les-diplomates-congolais\\\/#breadcrumb\",\"itemListElement\":[{\"@type\":\"ListItem\",\"position\":1,\"name\":\"Accueil\",\"item\":\"https:\\\/\\\/congovirtuel.com\\\/information\\\/\"},{\"@type\":\"ListItem\",\"position\":2,\"name\":\"RDC: Six mois d\u2019arri\u00e9r\u00e9s de salaires et loyers pour les diplomates congolais\"}]},{\"@type\":\"WebSite\",\"@id\":\"https:\\\/\\\/congovirtuel.com\\\/information\\\/#website\",\"url\":\"https:\\\/\\\/congovirtuel.com\\\/information\\\/\",\"name\":\"Actualit\u00e9s congolaises et internationales\",\"description\":\"site d&#039;analyse et de traitement d&#039;information\",\"publisher\":{\"@id\":\"https:\\\/\\\/congovirtuel.com\\\/information\\\/#organization\"},\"potentialAction\":[{\"@type\":\"SearchAction\",\"target\":{\"@type\":\"EntryPoint\",\"urlTemplate\":\"https:\\\/\\\/congovirtuel.com\\\/information\\\/?s={search_term_string}\"},\"query-input\":{\"@type\":\"PropertyValueSpecification\",\"valueRequired\":true,\"valueName\":\"search_term_string\"}}],\"inLanguage\":\"fr-FR\"},{\"@type\":\"Organization\",\"@id\":\"https:\\\/\\\/congovirtuel.com\\\/information\\\/#organization\",\"name\":\"Biblioth\u00e8que Virtuelle de la RDC\",\"url\":\"https:\\\/\\\/congovirtuel.com\\\/information\\\/\",\"logo\":{\"@type\":\"ImageObject\",\"inLanguage\":\"fr-FR\",\"@id\":\"https:\\\/\\\/congovirtuel.com\\\/information\\\/#\\\/schema\\\/logo\\\/image\\\/\",\"url\":\"https:\\\/\\\/congovirtuel.com\\\/information\\\/wp-content\\\/uploads\\\/2018\\\/10\\\/header-info-congovirtuel-vraie.jpg\",\"contentUrl\":\"https:\\\/\\\/congovirtuel.com\\\/information\\\/wp-content\\\/uploads\\\/2018\\\/10\\\/header-info-congovirtuel-vraie.jpg\",\"width\":728,\"height\":90,\"caption\":\"Biblioth\u00e8que Virtuelle de la RDC\"},\"image\":{\"@id\":\"https:\\\/\\\/congovirtuel.com\\\/information\\\/#\\\/schema\\\/logo\\\/image\\\/\"},\"sameAs\":[\"https:\\\/\\\/web.facebook.com\\\/Congovirtuel-763617960319601\\\/?ref=aymt_homepage_panel&amp;amp;amp;amp;amp;amp;amp;amp;amp;amp;amp;eid=ARCoxULa66767kIgF_KYav6VdjXTI4yk_LW4yoVO9s6NXpysgb7Cb65vpxcxgqzOAKvIbLQxaAETcqHT\",\"https:\\\/\\\/x.com\\\/congovirtuel\",\"https:\\\/\\\/www.youtube.com\\\/channel\\\/UCkFfprYzGgS3EWNpeMXpToQ?view_as=subscriber\"]},{\"@type\":\"Person\",\"@id\":\"https:\\\/\\\/congovirtuel.com\\\/information\\\/#\\\/schema\\\/person\\\/739a44bf7990966cb53d58d2fdeca0b6\",\"name\":\"infocongovirtuel\",\"image\":{\"@type\":\"ImageObject\",\"inLanguage\":\"fr-FR\",\"@id\":\"https:\\\/\\\/secure.gravatar.com\\\/avatar\\\/4d76991aa72469f0eb22e772586c99113c6997f88da636a9db8f2ce3a2c05e69?s=96&d=mm&r=g\",\"url\":\"https:\\\/\\\/secure.gravatar.com\\\/avatar\\\/4d76991aa72469f0eb22e772586c99113c6997f88da636a9db8f2ce3a2c05e69?s=96&d=mm&r=g\",\"contentUrl\":\"https:\\\/\\\/secure.gravatar.com\\\/avatar\\\/4d76991aa72469f0eb22e772586c99113c6997f88da636a9db8f2ce3a2c05e69?s=96&d=mm&r=g\",\"caption\":\"infocongovirtuel\"},\"url\":\"https:\\\/\\\/congovirtuel.com\\\/information\\\/author\\\/infocongovirtuel\\\/\"}]}<\/script>\n<!-- \/ Yoast SEO plugin. -->","yoast_head_json":{"title":"RDC: Six mois d\u2019arri\u00e9r\u00e9s de salaires et loyers pour les diplomates congolais - Actualit\u00e9s congolaises et internationales","robots":{"index":"index","follow":"follow","max-snippet":"max-snippet:-1","max-image-preview":"max-image-preview:large","max-video-preview":"max-video-preview:-1"},"canonical":"https:\/\/congovirtuel.com\/information\/rdc-six-mois-darrieres-de-salaires-et-loyers-pour-les-diplomates-congolais\/","og_locale":"fr_FR","og_type":"article","og_title":"RDC: Six mois d\u2019arri\u00e9r\u00e9s de salaires et loyers pour les diplomates congolais - Actualit\u00e9s congolaises et internationales","og_description":"En r\u00e9action \u00e0 notre article paru hier et faisant \u00e9tat d\u2019une triste fin d\u2019ann\u00e9e pour les diplomates congolais, des sources proches du corps diplomatique congolais ont non seulement confirm\u00e9 la nouvelle travers\u00e9e du d\u00e9sert mais surtout pr\u00e9cis\u00e9 que les arri\u00e9r\u00e9s de salaires et de loyers se chiffrent d\u00e9j\u00e0 \u00e0 six mois, soit janvier, f\u00e9vrier et mars 2021, octobre, novembre et d\u00e9cembre 2021. Les frais de fonctionnement non vers\u00e9s ob\u00e9issent \u00e0 la m\u00eame proportion. &nbsp;&nbsp;&nbsp;&nbsp;&nbsp;&nbsp; Les hommes et les femmes charg\u00e9s de la lourde mission de repr\u00e9senter le pays \u00e0 l\u2019ext\u00e9rieur&hellip;","og_url":"https:\/\/congovirtuel.com\/information\/rdc-six-mois-darrieres-de-salaires-et-loyers-pour-les-diplomates-congolais\/","og_site_name":"Actualit\u00e9s congolaises et internationales","article_publisher":"https:\/\/web.facebook.com\/Congovirtuel-763617960319601\/?ref=aymt_homepage_panel&amp%3bamp%3bamp%3bamp%3bamp%3bamp%3bamp%3bamp%3bamp%3bamp%3bamp%3beid=ARCoxULa66767kIgF_KYav6VdjXTI4yk_LW4yoVO9s6NXpysgb7Cb65vpxcxgqzOAKvIbLQxaAETcqHT","article_published_time":"2021-12-17T06:58:48+00:00","article_modified_time":"2021-12-17T06:58:50+00:00","og_image":[{"width":640,"height":350,"url":"https:\/\/congovirtuel.com\/information\/wp-content\/uploads\/2021\/10\/lutundula_apala_21_02145_jpg_640_350_1.jpeg","type":"image\/jpeg"}],"author":"infocongovirtuel","twitter_card":"summary_large_image","twitter_creator":"@congovirtuel","twitter_site":"@congovirtuel","twitter_misc":{"\u00c9crit par":"infocongovirtuel","Dur\u00e9e de lecture estim\u00e9e":"2 minutes"},"schema":{"@context":"https:\/\/schema.org","@graph":[{"@type":"Article","@id":"https:\/\/congovirtuel.com\/information\/rdc-six-mois-darrieres-de-salaires-et-loyers-pour-les-diplomates-congolais\/#article","isPartOf":{"@id":"https:\/\/congovirtuel.com\/information\/rdc-six-mois-darrieres-de-salaires-et-loyers-pour-les-diplomates-congolais\/"},"author":{"name":"infocongovirtuel","@id":"https:\/\/congovirtuel.com\/information\/#\/schema\/person\/739a44bf7990966cb53d58d2fdeca0b6"},"headline":"RDC: Six mois d\u2019arri\u00e9r\u00e9s de salaires et loyers pour les diplomates congolais","datePublished":"2021-12-17T06:58:48+00:00","dateModified":"2021-12-17T06:58:50+00:00","mainEntityOfPage":{"@id":"https:\/\/congovirtuel.com\/information\/rdc-six-mois-darrieres-de-salaires-et-loyers-pour-les-diplomates-congolais\/"},"wordCount":248,"commentCount":0,"publisher":{"@id":"https:\/\/congovirtuel.com\/information\/#organization"},"image":{"@id":"https:\/\/congovirtuel.com\/information\/rdc-six-mois-darrieres-de-salaires-et-loyers-pour-les-diplomates-congolais\/#primaryimage"},"thumbnailUrl":"https:\/\/congovirtuel.com\/information\/wp-content\/uploads\/2021\/10\/lutundula_apala_21_02145_jpg_640_350_1.jpeg","keywords":["Arri\u00e9r\u00e9 diplomates congolais"],"articleSection":["Diplomatie"],"inLanguage":"fr-FR","potentialAction":[{"@type":"CommentAction","name":"Comment","target":["https:\/\/congovirtuel.com\/information\/rdc-six-mois-darrieres-de-salaires-et-loyers-pour-les-diplomates-congolais\/#respond"]}]},{"@type":"WebPage","@id":"https:\/\/congovirtuel.com\/information\/rdc-six-mois-darrieres-de-salaires-et-loyers-pour-les-diplomates-congolais\/","url":"https:\/\/congovirtuel.com\/information\/rdc-six-mois-darrieres-de-salaires-et-loyers-pour-les-diplomates-congolais\/","name":"RDC: Six mois d\u2019arri\u00e9r\u00e9s de salaires et loyers pour les diplomates congolais - Actualit\u00e9s congolaises et internationales","isPartOf":{"@id":"https:\/\/congovirtuel.com\/information\/#website"},"primaryImageOfPage":{"@id":"https:\/\/congovirtuel.com\/information\/rdc-six-mois-darrieres-de-salaires-et-loyers-pour-les-diplomates-congolais\/#primaryimage"},"image":{"@id":"https:\/\/congovirtuel.com\/information\/rdc-six-mois-darrieres-de-salaires-et-loyers-pour-les-diplomates-congolais\/#primaryimage"},"thumbnailUrl":"https:\/\/congovirtuel.com\/information\/wp-content\/uploads\/2021\/10\/lutundula_apala_21_02145_jpg_640_350_1.jpeg","datePublished":"2021-12-17T06:58:48+00:00","dateModified":"2021-12-17T06:58:50+00:00","breadcrumb":{"@id":"https:\/\/congovirtuel.com\/information\/rdc-six-mois-darrieres-de-salaires-et-loyers-pour-les-diplomates-congolais\/#breadcrumb"},"inLanguage":"fr-FR","potentialAction":[{"@type":"ReadAction","target":["https:\/\/congovirtuel.com\/information\/rdc-six-mois-darrieres-de-salaires-et-loyers-pour-les-diplomates-congolais\/"]}]},{"@type":"ImageObject","inLanguage":"fr-FR","@id":"https:\/\/congovirtuel.com\/information\/rdc-six-mois-darrieres-de-salaires-et-loyers-pour-les-diplomates-congolais\/#primaryimage","url":"https:\/\/congovirtuel.com\/information\/wp-content\/uploads\/2021\/10\/lutundula_apala_21_02145_jpg_640_350_1.jpeg","contentUrl":"https:\/\/congovirtuel.com\/information\/wp-content\/uploads\/2021\/10\/lutundula_apala_21_02145_jpg_640_350_1.jpeg","width":640,"height":350},{"@type":"BreadcrumbList","@id":"https:\/\/congovirtuel.com\/information\/rdc-six-mois-darrieres-de-salaires-et-loyers-pour-les-diplomates-congolais\/#breadcrumb","itemListElement":[{"@type":"ListItem","position":1,"name":"Accueil","item":"https:\/\/congovirtuel.com\/information\/"},{"@type":"ListItem","position":2,"name":"RDC: Six mois d\u2019arri\u00e9r\u00e9s de salaires et loyers pour les diplomates congolais"}]},{"@type":"WebSite","@id":"https:\/\/congovirtuel.com\/information\/#website","url":"https:\/\/congovirtuel.com\/information\/","name":"Actualit\u00e9s congolaises et internationales","description":"site d&#039;analyse et de traitement d&#039;information","publisher":{"@id":"https:\/\/congovirtuel.com\/information\/#organization"},"potentialAction":[{"@type":"SearchAction","target":{"@type":"EntryPoint","urlTemplate":"https:\/\/congovirtuel.com\/information\/?s={search_term_string}"},"query-input":{"@type":"PropertyValueSpecification","valueRequired":true,"valueName":"search_term_string"}}],"inLanguage":"fr-FR"},{"@type":"Organization","@id":"https:\/\/congovirtuel.com\/information\/#organization","name":"Biblioth\u00e8que Virtuelle de la RDC","url":"https:\/\/congovirtuel.com\/information\/","logo":{"@type":"ImageObject","inLanguage":"fr-FR","@id":"https:\/\/congovirtuel.com\/information\/#\/schema\/logo\/image\/","url":"https:\/\/congovirtuel.com\/information\/wp-content\/uploads\/2018\/10\/header-info-congovirtuel-vraie.jpg","contentUrl":"https:\/\/congovirtuel.com\/information\/wp-content\/uploads\/2018\/10\/header-info-congovirtuel-vraie.jpg","width":728,"height":90,"caption":"Biblioth\u00e8que Virtuelle de la RDC"},"image":{"@id":"https:\/\/congovirtuel.com\/information\/#\/schema\/logo\/image\/"},"sameAs":["https:\/\/web.facebook.com\/Congovirtuel-763617960319601\/?ref=aymt_homepage_panel&amp;amp;amp;amp;amp;amp;amp;amp;amp;amp;amp;eid=ARCoxULa66767kIgF_KYav6VdjXTI4yk_LW4yoVO9s6NXpysgb7Cb65vpxcxgqzOAKvIbLQxaAETcqHT","https:\/\/x.com\/congovirtuel","https:\/\/www.youtube.com\/channel\/UCkFfprYzGgS3EWNpeMXpToQ?view_as=subscriber"]},{"@type":"Person","@id":"https:\/\/congovirtuel.com\/information\/#\/schema\/person\/739a44bf7990966cb53d58d2fdeca0b6","name":"infocongovirtuel","image":{"@type":"ImageObject","inLanguage":"fr-FR","@id":"https:\/\/secure.gravatar.com\/avatar\/4d76991aa72469f0eb22e772586c99113c6997f88da636a9db8f2ce3a2c05e69?s=96&d=mm&r=g","url":"https:\/\/secure.gravatar.com\/avatar\/4d76991aa72469f0eb22e772586c99113c6997f88da636a9db8f2ce3a2c05e69?s=96&d=mm&r=g","contentUrl":"https:\/\/secure.gravatar.com\/avatar\/4d76991aa72469f0eb22e772586c99113c6997f88da636a9db8f2ce3a2c05e69?s=96&d=mm&r=g","caption":"infocongovirtuel"},"url":"https:\/\/congovirtuel.com\/information\/author\/infocongovirtuel\/"}]}},"gt_translate_keys":[{"key":"link","format":"url"}],"_links":{"self":[{"href":"https:\/\/congovirtuel.com\/information\/wp-json\/wp\/v2\/posts\/16333","targetHints":{"allow":["GET"]}}],"collection":[{"href":"https:\/\/congovirtuel.com\/information\/wp-json\/wp\/v2\/posts"}],"about":[{"href":"https:\/\/congovirtuel.com\/information\/wp-json\/wp\/v2\/types\/post"}],"author":[{"embeddable":true,"href":"https:\/\/congovirtuel.com\/information\/wp-json\/wp\/v2\/users\/1"}],"replies":[{"embeddable":true,"href":"https:\/\/congovirtuel.com\/information\/wp-json\/wp\/v2\/comments?post=16333"}],"version-history":[{"count":1,"href":"https:\/\/congovirtuel.com\/information\/wp-json\/wp\/v2\/posts\/16333\/revisions"}],"predecessor-version":[{"id":16335,"href":"https:\/\/congovirtuel.com\/information\/wp-json\/wp\/v2\/posts\/16333\/revisions\/16335"}],"wp:featuredmedia":[{"embeddable":true,"href":"https:\/\/congovirtuel.com\/information\/wp-json\/wp\/v2\/media\/14806"}],"wp:attachment":[{"href":"https:\/\/congovirtuel.com\/information\/wp-json\/wp\/v2\/media?parent=16333"}],"wp:term":[{"taxonomy":"category","embeddable":true,"href":"https:\/\/congovirtuel.com\/information\/wp-json\/wp\/v2\/categories?post=16333"},{"taxonomy":"post_tag","embeddable":true,"href":"https:\/\/congovirtuel.com\/information\/wp-json\/wp\/v2\/tags?post=16333"}],"curies":[{"name":"wp","href":"https:\/\/api.w.org\/{rel}","templated":true}]}}