{"id":16484,"date":"2021-12-22T07:09:10","date_gmt":"2021-12-22T06:09:10","guid":{"rendered":"https:\/\/congovirtuel.com\/information\/?p=16484"},"modified":"2021-12-22T07:09:15","modified_gmt":"2021-12-22T06:09:15","slug":"rdc-annonce-ce-week-end-a-mbuji-mayi-felix-tshisekedi-va-palper-les-defis-sociaux-du-grand-kasai","status":"publish","type":"post","link":"https:\/\/congovirtuel.com\/information\/rdc-annonce-ce-week-end-a-mbuji-mayi-felix-tshisekedi-va-palper-les-defis-sociaux-du-grand-kasai\/","title":{"rendered":"RDC: Annonc\u00e9 ce week-end \u00e0 Mbuji-Mayi :\u00a0F\u00e9lix Tshisekedi va palper les d\u00e9fis sociaux du Grand Kasa\u00ef","gt_translate_keys":[{"key":"rendered","format":"text"}]},"content":{"rendered":"\n<p class=\"wp-block-paragraph\"><strong><em>Environ 25 Km de routes doivent \u00eatre asphalt\u00e9s \u00e0 Mbuji-Mayi, 35 Km \u00e0 Kananga, 15,39 Km \u00e0 Tshikapa, 10 Km \u00e0 Kabinda, 10 Km \u00e0 Lusambo et 5,5Km \u00e0 Mwene-Ditu dans le cadre du projet Tshilejelu. Cette initiative du pr\u00e9sident de la R\u00e9publique qui consiste \u00e0 r\u00e9habiliter et moderniser les infrastructures du pays devra relancer cette partie du pays sur la voie de d\u00e9veloppement. Cependant, le Grand-Kasa\u00ef dans son ensemble et, particuli\u00e8rement la province du Kasa\u00ef Oriental,&nbsp;fait face \u00e0 plusieurs d\u00e9fis sociaux tels que l\u2019eau potable qui manque encore aux robinets et l\u2019\u00e9lectricit\u00e9 qui est une denr\u00e9e rare dans la province. C\u2019est donc dans un d\u00e9cor de la pauvret\u00e9 criante dans la r\u00e9gion que le pr\u00e9sident de la R\u00e9publique, F\u00e9lix Tshisekedi, est attendu pour la toute premi\u00e8re fois depuis son accession \u00e0 la magistrature supr\u00eame dans sa province d\u2019origine, le Kasa\u00ef-Oriental. Sauf changement, il devra y rester pour passer No\u00ebl sur le sol de ses a\u00efeux.<\/em><\/strong><\/p>\n\n\n\n<p class=\"wp-block-paragraph\">La nouvelle se pr\u00e9cise d\u00e9j\u00e0 \u00e0 Mbuji-Mayi qui est dans la fi\u00e8vre des pr\u00e9paratifs. Un conseil de s\u00e9curit\u00e9 provincial a \u00e9t\u00e9 tenu \u00e0 cet effet, mardi 21 d\u00e9cembre 2021, pour pr\u00e9parer l\u2019arriv\u00e9e du chef de l\u2019\u00c9tat F\u00e9lix Tshisekedi et de son \u00e9pouse, Mme Denise Nyakeru.<\/p>\n\n\n\n<p class=\"wp-block-paragraph\">Au cours de cette r\u00e9union, apprend-on, l\u2019adjoint au maire a invit\u00e9 les bourgmestres des diff\u00e9rentes communes de Mbuji-Mayi \u00e0 rendre propre leurs juridictions respectives. Et d\u00e9j\u00e0, une \u00e9quipe d\u2019avance de la pr\u00e9sidence de la R\u00e9publique est sur place. La d\u00e9l\u00e9gation mixte Pr\u00e9sidence de la R\u00e9publique-Fonds de promotion de l\u2019industrie (FPI) conduite par Guylain Nyembo, directeur de cabinet du chef de l\u2019\u00c9tat, est all\u00e9e inspecter les travaux de construction des infrastructures structurantes, \u00e9coles et h\u00f4pitaux.<\/p>\n\n\n\n<p class=\"wp-block-paragraph\">Les diff\u00e9rents chantiers visit\u00e9s sont inscrits dans le programme pr\u00e9sidentiel acc\u00e9l\u00e9r\u00e9 de lutte contre la pauvret\u00e9 et r\u00e9duction des in\u00e9galit\u00e9s sociales. Sur le terrain, le constat c\u2019est que les travaux avancent \u00e0 pas de g\u00e9ant sur tous les sites visit\u00e9s.<\/p>\n\n\n\n<p class=\"wp-block-paragraph\">Pour bien des observateurs, la pr\u00e9sence du chef de l\u2019\u00c9tat devra aussi permettre de booster la relance de la Mini\u00e8re de Bakwanga (MIBA) et plusieurs autres projets, notamment les travaux du barrage de Katende.<\/p>\n\n\n\n<p class=\"wp-block-paragraph\">F\u00e9lix Tshisekedi qui foulera ses pieds pour la premi\u00e8re fois depuis le d\u00e9but de son bail au Palais de la nation \u00e0 Kinshasa, en janvier 2019, devra conforter et rassurer la population de cette partie du pays sur sa d\u00e9termination \u00e0 reconstruire la RDC dont la d\u00e9chirure ou la d\u00e9gradation du tissu socio-\u00e9conomique, depuis des d\u00e9cennies, est tr\u00e8s profonde.<\/p>\n\n\n\n<p class=\"wp-block-paragraph\">\u00c0 Mbuji-Mayi, Tshisekedi devra \u00e9galement souligner la culture de la paix et l\u2019amour, gage de tout d\u00e9veloppement, la coh\u00e9sion et l\u2019unit\u00e9 nationale, en appelant ses siens \u00e0 bannir toutes les antivaleurs telles que le tribalisme, le favoritisme clanique, le d\u00e9tournement de biens publics, le client\u00e9lisme, la haine et la division\u2026<\/p>\n\n\n\n<p class=\"wp-block-paragraph\">Par ailleurs, le progr\u00e8s social est ce chapitre fondamental pour lequel les Kasa\u00efens attendent Tshisekedi. Il y a longtemps que cette population ne demande pas plus si ce n\u2019est l\u2019am\u00e9lioration de son bien-\u00eatre, inspir\u00e9 du slogan&nbsp;:&nbsp;<em>\u00ab&nbsp;Le Peuple d\u2019abord \u00bb.<\/em>&nbsp;Ainsi, des pr\u00e9occupations imm\u00e9diates, le chef de l\u2019\u00c9tat devra rassurer sur les actions \u00e0 mener pour compenser, notamment, au manque d\u2019\u00e9nergie \u00e9lectrique, de l\u2019eau potable, etc.<\/p>\n\n\n\n<p class=\"wp-block-paragraph\">Ce serait un moment id\u00e9al aux diff\u00e9rentes couches sociales et aux notabilit\u00e9s pour porter directement leurs voix au chef de l\u2019\u00c9tat. Il sera bien l\u00e0, pour palper lui-m\u00eame du doigt les d\u00e9fis sociaux et s\u00e9curitaires de la r\u00e9gion.<\/p>\n\n\n\n<p class=\"wp-block-paragraph\"><strong>Le Potentiel<\/strong><\/p>\n","protected":false,"gt_translate_keys":[{"key":"rendered","format":"html"}]},"excerpt":{"rendered":"<p>Environ 25 Km de routes doivent \u00eatre asphalt\u00e9s \u00e0 Mbuji-Mayi, 35 Km \u00e0 Kananga, 15,39 Km \u00e0 Tshikapa, 10 Km \u00e0 Kabinda, 10 Km \u00e0 Lusambo et 5,5Km \u00e0 Mwene-Ditu dans le cadre du projet Tshilejelu. Cette initiative du pr\u00e9sident de la R\u00e9publique qui consiste \u00e0 r\u00e9habiliter et moderniser les infrastructures du pays devra relancer cette partie du pays sur la voie de d\u00e9veloppement. Cependant, le Grand-Kasa\u00ef dans son ensemble et, particuli\u00e8rement la province du Kasa\u00ef Oriental,&nbsp;fait face \u00e0 plusieurs d\u00e9fis sociaux tels que l\u2019eau potable qui manque encore aux&hellip;<\/p>\n","protected":false,"gt_translate_keys":[{"key":"rendered","format":"html"}]},"author":1,"featured_media":8425,"comment_status":"open","ping_status":"open","sticky":false,"template":"","format":"standard","meta":{"_crdt_document":"","footnotes":""},"categories":[285],"tags":[31187,31186],"class_list":["post-16484","post","type-post","status-publish","format-standard","has-post-thumbnail","hentry","category-presidence","tag-arrivee-tshisekedi-mbuji-mayi","tag-voyage-tshisekedi-kasai-oriental"],"gutentor_comment":0,"yoast_head":"<!-- This site is optimized with the Yoast SEO plugin v27.5 - https:\/\/yoast.com\/product\/yoast-seo-wordpress\/ -->\n<title>RDC: Annonc\u00e9 ce week-end \u00e0 Mbuji-Mayi :\u00a0F\u00e9lix Tshisekedi va palper les d\u00e9fis sociaux du Grand Kasa\u00ef - Actualit\u00e9s congolaises et internationales<\/title>\n<meta name=\"robots\" content=\"index, follow, max-snippet:-1, max-image-preview:large, max-video-preview:-1\" \/>\n<link rel=\"canonical\" href=\"https:\/\/congovirtuel.com\/information\/rdc-annonce-ce-week-end-a-mbuji-mayi-felix-tshisekedi-va-palper-les-defis-sociaux-du-grand-kasai\/\" \/>\n<meta property=\"og:locale\" content=\"fr_FR\" \/>\n<meta property=\"og:type\" content=\"article\" \/>\n<meta property=\"og:title\" content=\"RDC: Annonc\u00e9 ce week-end \u00e0 Mbuji-Mayi :\u00a0F\u00e9lix Tshisekedi va palper les d\u00e9fis sociaux du Grand Kasa\u00ef - Actualit\u00e9s congolaises et internationales\" \/>\n<meta property=\"og:description\" content=\"Environ 25 Km de routes doivent \u00eatre asphalt\u00e9s \u00e0 Mbuji-Mayi, 35 Km \u00e0 Kananga, 15,39 Km \u00e0 Tshikapa, 10 Km \u00e0 Kabinda, 10 Km \u00e0 Lusambo et 5,5Km \u00e0 Mwene-Ditu dans le cadre du projet Tshilejelu. Cette initiative du pr\u00e9sident de la R\u00e9publique qui consiste \u00e0 r\u00e9habiliter et moderniser les infrastructures du pays devra relancer cette partie du pays sur la voie de d\u00e9veloppement. Cependant, le Grand-Kasa\u00ef dans son ensemble et, particuli\u00e8rement la province du Kasa\u00ef Oriental,&nbsp;fait face \u00e0 plusieurs d\u00e9fis sociaux tels que l\u2019eau potable qui manque encore aux&hellip;\" \/>\n<meta property=\"og:url\" content=\"https:\/\/congovirtuel.com\/information\/rdc-annonce-ce-week-end-a-mbuji-mayi-felix-tshisekedi-va-palper-les-defis-sociaux-du-grand-kasai\/\" \/>\n<meta property=\"og:site_name\" content=\"Actualit\u00e9s congolaises et internationales\" \/>\n<meta property=\"article:publisher\" content=\"https:\/\/web.facebook.com\/Congovirtuel-763617960319601\/?ref=aymt_homepage_panel&amp;amp%3bamp%3bamp%3bamp%3bamp%3bamp%3bamp%3bamp%3bamp%3bamp%3bamp%3beid=ARCoxULa66767kIgF_KYav6VdjXTI4yk_LW4yoVO9s6NXpysgb7Cb65vpxcxgqzOAKvIbLQxaAETcqHT\" \/>\n<meta property=\"article:published_time\" content=\"2021-12-22T06:09:10+00:00\" \/>\n<meta property=\"article:modified_time\" content=\"2021-12-22T06:09:15+00:00\" \/>\n<meta property=\"og:image\" content=\"https:\/\/congovirtuel.com\/information\/wp-content\/uploads\/2021\/04\/Tshikas-1200-x-675.jpg\" \/>\n\t<meta property=\"og:image:width\" content=\"1200\" \/>\n\t<meta property=\"og:image:height\" content=\"675\" \/>\n\t<meta property=\"og:image:type\" content=\"image\/jpeg\" \/>\n<meta name=\"author\" content=\"infocongovirtuel\" \/>\n<meta name=\"twitter:card\" content=\"summary_large_image\" \/>\n<meta name=\"twitter:creator\" content=\"@congovirtuel\" \/>\n<meta name=\"twitter:site\" content=\"@congovirtuel\" \/>\n<meta name=\"twitter:label1\" content=\"\u00c9crit par\" \/>\n\t<meta name=\"twitter:data1\" content=\"infocongovirtuel\" \/>\n\t<meta name=\"twitter:label2\" content=\"Dur\u00e9e de lecture estim\u00e9e\" \/>\n\t<meta name=\"twitter:data2\" content=\"3 minutes\" \/>\n<script type=\"application\/ld+json\" class=\"yoast-schema-graph\">{\"@context\":\"https:\\\/\\\/schema.org\",\"@graph\":[{\"@type\":\"Article\",\"@id\":\"https:\\\/\\\/congovirtuel.com\\\/information\\\/rdc-annonce-ce-week-end-a-mbuji-mayi-felix-tshisekedi-va-palper-les-defis-sociaux-du-grand-kasai\\\/#article\",\"isPartOf\":{\"@id\":\"https:\\\/\\\/congovirtuel.com\\\/information\\\/rdc-annonce-ce-week-end-a-mbuji-mayi-felix-tshisekedi-va-palper-les-defis-sociaux-du-grand-kasai\\\/\"},\"author\":{\"name\":\"infocongovirtuel\",\"@id\":\"https:\\\/\\\/congovirtuel.com\\\/information\\\/#\\\/schema\\\/person\\\/739a44bf7990966cb53d58d2fdeca0b6\"},\"headline\":\"RDC: Annonc\u00e9 ce week-end \u00e0 Mbuji-Mayi :\u00a0F\u00e9lix Tshisekedi va palper les d\u00e9fis sociaux du Grand Kasa\u00ef\",\"datePublished\":\"2021-12-22T06:09:10+00:00\",\"dateModified\":\"2021-12-22T06:09:15+00:00\",\"mainEntityOfPage\":{\"@id\":\"https:\\\/\\\/congovirtuel.com\\\/information\\\/rdc-annonce-ce-week-end-a-mbuji-mayi-felix-tshisekedi-va-palper-les-defis-sociaux-du-grand-kasai\\\/\"},\"wordCount\":657,\"commentCount\":0,\"publisher\":{\"@id\":\"https:\\\/\\\/congovirtuel.com\\\/information\\\/#organization\"},\"image\":{\"@id\":\"https:\\\/\\\/congovirtuel.com\\\/information\\\/rdc-annonce-ce-week-end-a-mbuji-mayi-felix-tshisekedi-va-palper-les-defis-sociaux-du-grand-kasai\\\/#primaryimage\"},\"thumbnailUrl\":\"https:\\\/\\\/congovirtuel.com\\\/information\\\/wp-content\\\/uploads\\\/2021\\\/04\\\/Tshikas-1200-x-675.jpg\",\"keywords\":[\"Arriv\u00e9e Tshisekedi Mbuji Mayi\",\"Voyage Tshisekedi Kasa\u00ef oriental\"],\"articleSection\":[\"Pr\u00e9sidence\"],\"inLanguage\":\"fr-FR\",\"potentialAction\":[{\"@type\":\"CommentAction\",\"name\":\"Comment\",\"target\":[\"https:\\\/\\\/congovirtuel.com\\\/information\\\/rdc-annonce-ce-week-end-a-mbuji-mayi-felix-tshisekedi-va-palper-les-defis-sociaux-du-grand-kasai\\\/#respond\"]}]},{\"@type\":\"WebPage\",\"@id\":\"https:\\\/\\\/congovirtuel.com\\\/information\\\/rdc-annonce-ce-week-end-a-mbuji-mayi-felix-tshisekedi-va-palper-les-defis-sociaux-du-grand-kasai\\\/\",\"url\":\"https:\\\/\\\/congovirtuel.com\\\/information\\\/rdc-annonce-ce-week-end-a-mbuji-mayi-felix-tshisekedi-va-palper-les-defis-sociaux-du-grand-kasai\\\/\",\"name\":\"RDC: Annonc\u00e9 ce week-end \u00e0 Mbuji-Mayi :\u00a0F\u00e9lix Tshisekedi va palper les d\u00e9fis sociaux du Grand Kasa\u00ef - Actualit\u00e9s congolaises et internationales\",\"isPartOf\":{\"@id\":\"https:\\\/\\\/congovirtuel.com\\\/information\\\/#website\"},\"primaryImageOfPage\":{\"@id\":\"https:\\\/\\\/congovirtuel.com\\\/information\\\/rdc-annonce-ce-week-end-a-mbuji-mayi-felix-tshisekedi-va-palper-les-defis-sociaux-du-grand-kasai\\\/#primaryimage\"},\"image\":{\"@id\":\"https:\\\/\\\/congovirtuel.com\\\/information\\\/rdc-annonce-ce-week-end-a-mbuji-mayi-felix-tshisekedi-va-palper-les-defis-sociaux-du-grand-kasai\\\/#primaryimage\"},\"thumbnailUrl\":\"https:\\\/\\\/congovirtuel.com\\\/information\\\/wp-content\\\/uploads\\\/2021\\\/04\\\/Tshikas-1200-x-675.jpg\",\"datePublished\":\"2021-12-22T06:09:10+00:00\",\"dateModified\":\"2021-12-22T06:09:15+00:00\",\"breadcrumb\":{\"@id\":\"https:\\\/\\\/congovirtuel.com\\\/information\\\/rdc-annonce-ce-week-end-a-mbuji-mayi-felix-tshisekedi-va-palper-les-defis-sociaux-du-grand-kasai\\\/#breadcrumb\"},\"inLanguage\":\"fr-FR\",\"potentialAction\":[{\"@type\":\"ReadAction\",\"target\":[\"https:\\\/\\\/congovirtuel.com\\\/information\\\/rdc-annonce-ce-week-end-a-mbuji-mayi-felix-tshisekedi-va-palper-les-defis-sociaux-du-grand-kasai\\\/\"]}]},{\"@type\":\"ImageObject\",\"inLanguage\":\"fr-FR\",\"@id\":\"https:\\\/\\\/congovirtuel.com\\\/information\\\/rdc-annonce-ce-week-end-a-mbuji-mayi-felix-tshisekedi-va-palper-les-defis-sociaux-du-grand-kasai\\\/#primaryimage\",\"url\":\"https:\\\/\\\/congovirtuel.com\\\/information\\\/wp-content\\\/uploads\\\/2021\\\/04\\\/Tshikas-1200-x-675.jpg\",\"contentUrl\":\"https:\\\/\\\/congovirtuel.com\\\/information\\\/wp-content\\\/uploads\\\/2021\\\/04\\\/Tshikas-1200-x-675.jpg\",\"width\":1200,\"height\":675,\"caption\":\"F\u00e9lix Tshisekedi au Bureau\"},{\"@type\":\"BreadcrumbList\",\"@id\":\"https:\\\/\\\/congovirtuel.com\\\/information\\\/rdc-annonce-ce-week-end-a-mbuji-mayi-felix-tshisekedi-va-palper-les-defis-sociaux-du-grand-kasai\\\/#breadcrumb\",\"itemListElement\":[{\"@type\":\"ListItem\",\"position\":1,\"name\":\"Accueil\",\"item\":\"https:\\\/\\\/congovirtuel.com\\\/information\\\/\"},{\"@type\":\"ListItem\",\"position\":2,\"name\":\"RDC: Annonc\u00e9 ce week-end \u00e0 Mbuji-Mayi :\u00a0F\u00e9lix Tshisekedi va palper les d\u00e9fis sociaux du Grand Kasa\u00ef\"}]},{\"@type\":\"WebSite\",\"@id\":\"https:\\\/\\\/congovirtuel.com\\\/information\\\/#website\",\"url\":\"https:\\\/\\\/congovirtuel.com\\\/information\\\/\",\"name\":\"Actualit\u00e9s congolaises et internationales\",\"description\":\"site d&#039;analyse et de traitement d&#039;information\",\"publisher\":{\"@id\":\"https:\\\/\\\/congovirtuel.com\\\/information\\\/#organization\"},\"potentialAction\":[{\"@type\":\"SearchAction\",\"target\":{\"@type\":\"EntryPoint\",\"urlTemplate\":\"https:\\\/\\\/congovirtuel.com\\\/information\\\/?s={search_term_string}\"},\"query-input\":{\"@type\":\"PropertyValueSpecification\",\"valueRequired\":true,\"valueName\":\"search_term_string\"}}],\"inLanguage\":\"fr-FR\"},{\"@type\":\"Organization\",\"@id\":\"https:\\\/\\\/congovirtuel.com\\\/information\\\/#organization\",\"name\":\"Biblioth\u00e8que Virtuelle de la RDC\",\"url\":\"https:\\\/\\\/congovirtuel.com\\\/information\\\/\",\"logo\":{\"@type\":\"ImageObject\",\"inLanguage\":\"fr-FR\",\"@id\":\"https:\\\/\\\/congovirtuel.com\\\/information\\\/#\\\/schema\\\/logo\\\/image\\\/\",\"url\":\"https:\\\/\\\/congovirtuel.com\\\/information\\\/wp-content\\\/uploads\\\/2018\\\/10\\\/header-info-congovirtuel-vraie.jpg\",\"contentUrl\":\"https:\\\/\\\/congovirtuel.com\\\/information\\\/wp-content\\\/uploads\\\/2018\\\/10\\\/header-info-congovirtuel-vraie.jpg\",\"width\":728,\"height\":90,\"caption\":\"Biblioth\u00e8que Virtuelle de la RDC\"},\"image\":{\"@id\":\"https:\\\/\\\/congovirtuel.com\\\/information\\\/#\\\/schema\\\/logo\\\/image\\\/\"},\"sameAs\":[\"https:\\\/\\\/web.facebook.com\\\/Congovirtuel-763617960319601\\\/?ref=aymt_homepage_panel&amp;amp;amp;amp;amp;amp;amp;amp;amp;amp;amp;eid=ARCoxULa66767kIgF_KYav6VdjXTI4yk_LW4yoVO9s6NXpysgb7Cb65vpxcxgqzOAKvIbLQxaAETcqHT\",\"https:\\\/\\\/x.com\\\/congovirtuel\",\"https:\\\/\\\/www.youtube.com\\\/channel\\\/UCkFfprYzGgS3EWNpeMXpToQ?view_as=subscriber\"]},{\"@type\":\"Person\",\"@id\":\"https:\\\/\\\/congovirtuel.com\\\/information\\\/#\\\/schema\\\/person\\\/739a44bf7990966cb53d58d2fdeca0b6\",\"name\":\"infocongovirtuel\",\"image\":{\"@type\":\"ImageObject\",\"inLanguage\":\"fr-FR\",\"@id\":\"https:\\\/\\\/secure.gravatar.com\\\/avatar\\\/4d76991aa72469f0eb22e772586c99113c6997f88da636a9db8f2ce3a2c05e69?s=96&d=mm&r=g\",\"url\":\"https:\\\/\\\/secure.gravatar.com\\\/avatar\\\/4d76991aa72469f0eb22e772586c99113c6997f88da636a9db8f2ce3a2c05e69?s=96&d=mm&r=g\",\"contentUrl\":\"https:\\\/\\\/secure.gravatar.com\\\/avatar\\\/4d76991aa72469f0eb22e772586c99113c6997f88da636a9db8f2ce3a2c05e69?s=96&d=mm&r=g\",\"caption\":\"infocongovirtuel\"},\"url\":\"https:\\\/\\\/congovirtuel.com\\\/information\\\/author\\\/infocongovirtuel\\\/\"}]}<\/script>\n<!-- \/ Yoast SEO plugin. -->","yoast_head_json":{"title":"RDC: Annonc\u00e9 ce week-end \u00e0 Mbuji-Mayi :\u00a0F\u00e9lix Tshisekedi va palper les d\u00e9fis sociaux du Grand Kasa\u00ef - Actualit\u00e9s congolaises et internationales","robots":{"index":"index","follow":"follow","max-snippet":"max-snippet:-1","max-image-preview":"max-image-preview:large","max-video-preview":"max-video-preview:-1"},"canonical":"https:\/\/congovirtuel.com\/information\/rdc-annonce-ce-week-end-a-mbuji-mayi-felix-tshisekedi-va-palper-les-defis-sociaux-du-grand-kasai\/","og_locale":"fr_FR","og_type":"article","og_title":"RDC: Annonc\u00e9 ce week-end \u00e0 Mbuji-Mayi :\u00a0F\u00e9lix Tshisekedi va palper les d\u00e9fis sociaux du Grand Kasa\u00ef - Actualit\u00e9s congolaises et internationales","og_description":"Environ 25 Km de routes doivent \u00eatre asphalt\u00e9s \u00e0 Mbuji-Mayi, 35 Km \u00e0 Kananga, 15,39 Km \u00e0 Tshikapa, 10 Km \u00e0 Kabinda, 10 Km \u00e0 Lusambo et 5,5Km \u00e0 Mwene-Ditu dans le cadre du projet Tshilejelu. Cette initiative du pr\u00e9sident de la R\u00e9publique qui consiste \u00e0 r\u00e9habiliter et moderniser les infrastructures du pays devra relancer cette partie du pays sur la voie de d\u00e9veloppement. Cependant, le Grand-Kasa\u00ef dans son ensemble et, particuli\u00e8rement la province du Kasa\u00ef Oriental,&nbsp;fait face \u00e0 plusieurs d\u00e9fis sociaux tels que l\u2019eau potable qui manque encore aux&hellip;","og_url":"https:\/\/congovirtuel.com\/information\/rdc-annonce-ce-week-end-a-mbuji-mayi-felix-tshisekedi-va-palper-les-defis-sociaux-du-grand-kasai\/","og_site_name":"Actualit\u00e9s congolaises et internationales","article_publisher":"https:\/\/web.facebook.com\/Congovirtuel-763617960319601\/?ref=aymt_homepage_panel&amp%3bamp%3bamp%3bamp%3bamp%3bamp%3bamp%3bamp%3bamp%3bamp%3bamp%3beid=ARCoxULa66767kIgF_KYav6VdjXTI4yk_LW4yoVO9s6NXpysgb7Cb65vpxcxgqzOAKvIbLQxaAETcqHT","article_published_time":"2021-12-22T06:09:10+00:00","article_modified_time":"2021-12-22T06:09:15+00:00","og_image":[{"width":1200,"height":675,"url":"https:\/\/congovirtuel.com\/information\/wp-content\/uploads\/2021\/04\/Tshikas-1200-x-675.jpg","type":"image\/jpeg"}],"author":"infocongovirtuel","twitter_card":"summary_large_image","twitter_creator":"@congovirtuel","twitter_site":"@congovirtuel","twitter_misc":{"\u00c9crit par":"infocongovirtuel","Dur\u00e9e de lecture estim\u00e9e":"3 minutes"},"schema":{"@context":"https:\/\/schema.org","@graph":[{"@type":"Article","@id":"https:\/\/congovirtuel.com\/information\/rdc-annonce-ce-week-end-a-mbuji-mayi-felix-tshisekedi-va-palper-les-defis-sociaux-du-grand-kasai\/#article","isPartOf":{"@id":"https:\/\/congovirtuel.com\/information\/rdc-annonce-ce-week-end-a-mbuji-mayi-felix-tshisekedi-va-palper-les-defis-sociaux-du-grand-kasai\/"},"author":{"name":"infocongovirtuel","@id":"https:\/\/congovirtuel.com\/information\/#\/schema\/person\/739a44bf7990966cb53d58d2fdeca0b6"},"headline":"RDC: Annonc\u00e9 ce week-end \u00e0 Mbuji-Mayi :\u00a0F\u00e9lix Tshisekedi va palper les d\u00e9fis sociaux du Grand Kasa\u00ef","datePublished":"2021-12-22T06:09:10+00:00","dateModified":"2021-12-22T06:09:15+00:00","mainEntityOfPage":{"@id":"https:\/\/congovirtuel.com\/information\/rdc-annonce-ce-week-end-a-mbuji-mayi-felix-tshisekedi-va-palper-les-defis-sociaux-du-grand-kasai\/"},"wordCount":657,"commentCount":0,"publisher":{"@id":"https:\/\/congovirtuel.com\/information\/#organization"},"image":{"@id":"https:\/\/congovirtuel.com\/information\/rdc-annonce-ce-week-end-a-mbuji-mayi-felix-tshisekedi-va-palper-les-defis-sociaux-du-grand-kasai\/#primaryimage"},"thumbnailUrl":"https:\/\/congovirtuel.com\/information\/wp-content\/uploads\/2021\/04\/Tshikas-1200-x-675.jpg","keywords":["Arriv\u00e9e Tshisekedi Mbuji Mayi","Voyage Tshisekedi Kasa\u00ef oriental"],"articleSection":["Pr\u00e9sidence"],"inLanguage":"fr-FR","potentialAction":[{"@type":"CommentAction","name":"Comment","target":["https:\/\/congovirtuel.com\/information\/rdc-annonce-ce-week-end-a-mbuji-mayi-felix-tshisekedi-va-palper-les-defis-sociaux-du-grand-kasai\/#respond"]}]},{"@type":"WebPage","@id":"https:\/\/congovirtuel.com\/information\/rdc-annonce-ce-week-end-a-mbuji-mayi-felix-tshisekedi-va-palper-les-defis-sociaux-du-grand-kasai\/","url":"https:\/\/congovirtuel.com\/information\/rdc-annonce-ce-week-end-a-mbuji-mayi-felix-tshisekedi-va-palper-les-defis-sociaux-du-grand-kasai\/","name":"RDC: Annonc\u00e9 ce week-end \u00e0 Mbuji-Mayi :\u00a0F\u00e9lix Tshisekedi va palper les d\u00e9fis sociaux du Grand Kasa\u00ef - Actualit\u00e9s congolaises et internationales","isPartOf":{"@id":"https:\/\/congovirtuel.com\/information\/#website"},"primaryImageOfPage":{"@id":"https:\/\/congovirtuel.com\/information\/rdc-annonce-ce-week-end-a-mbuji-mayi-felix-tshisekedi-va-palper-les-defis-sociaux-du-grand-kasai\/#primaryimage"},"image":{"@id":"https:\/\/congovirtuel.com\/information\/rdc-annonce-ce-week-end-a-mbuji-mayi-felix-tshisekedi-va-palper-les-defis-sociaux-du-grand-kasai\/#primaryimage"},"thumbnailUrl":"https:\/\/congovirtuel.com\/information\/wp-content\/uploads\/2021\/04\/Tshikas-1200-x-675.jpg","datePublished":"2021-12-22T06:09:10+00:00","dateModified":"2021-12-22T06:09:15+00:00","breadcrumb":{"@id":"https:\/\/congovirtuel.com\/information\/rdc-annonce-ce-week-end-a-mbuji-mayi-felix-tshisekedi-va-palper-les-defis-sociaux-du-grand-kasai\/#breadcrumb"},"inLanguage":"fr-FR","potentialAction":[{"@type":"ReadAction","target":["https:\/\/congovirtuel.com\/information\/rdc-annonce-ce-week-end-a-mbuji-mayi-felix-tshisekedi-va-palper-les-defis-sociaux-du-grand-kasai\/"]}]},{"@type":"ImageObject","inLanguage":"fr-FR","@id":"https:\/\/congovirtuel.com\/information\/rdc-annonce-ce-week-end-a-mbuji-mayi-felix-tshisekedi-va-palper-les-defis-sociaux-du-grand-kasai\/#primaryimage","url":"https:\/\/congovirtuel.com\/information\/wp-content\/uploads\/2021\/04\/Tshikas-1200-x-675.jpg","contentUrl":"https:\/\/congovirtuel.com\/information\/wp-content\/uploads\/2021\/04\/Tshikas-1200-x-675.jpg","width":1200,"height":675,"caption":"F\u00e9lix Tshisekedi au Bureau"},{"@type":"BreadcrumbList","@id":"https:\/\/congovirtuel.com\/information\/rdc-annonce-ce-week-end-a-mbuji-mayi-felix-tshisekedi-va-palper-les-defis-sociaux-du-grand-kasai\/#breadcrumb","itemListElement":[{"@type":"ListItem","position":1,"name":"Accueil","item":"https:\/\/congovirtuel.com\/information\/"},{"@type":"ListItem","position":2,"name":"RDC: Annonc\u00e9 ce week-end \u00e0 Mbuji-Mayi :\u00a0F\u00e9lix Tshisekedi va palper les d\u00e9fis sociaux du Grand Kasa\u00ef"}]},{"@type":"WebSite","@id":"https:\/\/congovirtuel.com\/information\/#website","url":"https:\/\/congovirtuel.com\/information\/","name":"Actualit\u00e9s congolaises et internationales","description":"site d&#039;analyse et de traitement d&#039;information","publisher":{"@id":"https:\/\/congovirtuel.com\/information\/#organization"},"potentialAction":[{"@type":"SearchAction","target":{"@type":"EntryPoint","urlTemplate":"https:\/\/congovirtuel.com\/information\/?s={search_term_string}"},"query-input":{"@type":"PropertyValueSpecification","valueRequired":true,"valueName":"search_term_string"}}],"inLanguage":"fr-FR"},{"@type":"Organization","@id":"https:\/\/congovirtuel.com\/information\/#organization","name":"Biblioth\u00e8que Virtuelle de la RDC","url":"https:\/\/congovirtuel.com\/information\/","logo":{"@type":"ImageObject","inLanguage":"fr-FR","@id":"https:\/\/congovirtuel.com\/information\/#\/schema\/logo\/image\/","url":"https:\/\/congovirtuel.com\/information\/wp-content\/uploads\/2018\/10\/header-info-congovirtuel-vraie.jpg","contentUrl":"https:\/\/congovirtuel.com\/information\/wp-content\/uploads\/2018\/10\/header-info-congovirtuel-vraie.jpg","width":728,"height":90,"caption":"Biblioth\u00e8que Virtuelle de la RDC"},"image":{"@id":"https:\/\/congovirtuel.com\/information\/#\/schema\/logo\/image\/"},"sameAs":["https:\/\/web.facebook.com\/Congovirtuel-763617960319601\/?ref=aymt_homepage_panel&amp;amp;amp;amp;amp;amp;amp;amp;amp;amp;amp;eid=ARCoxULa66767kIgF_KYav6VdjXTI4yk_LW4yoVO9s6NXpysgb7Cb65vpxcxgqzOAKvIbLQxaAETcqHT","https:\/\/x.com\/congovirtuel","https:\/\/www.youtube.com\/channel\/UCkFfprYzGgS3EWNpeMXpToQ?view_as=subscriber"]},{"@type":"Person","@id":"https:\/\/congovirtuel.com\/information\/#\/schema\/person\/739a44bf7990966cb53d58d2fdeca0b6","name":"infocongovirtuel","image":{"@type":"ImageObject","inLanguage":"fr-FR","@id":"https:\/\/secure.gravatar.com\/avatar\/4d76991aa72469f0eb22e772586c99113c6997f88da636a9db8f2ce3a2c05e69?s=96&d=mm&r=g","url":"https:\/\/secure.gravatar.com\/avatar\/4d76991aa72469f0eb22e772586c99113c6997f88da636a9db8f2ce3a2c05e69?s=96&d=mm&r=g","contentUrl":"https:\/\/secure.gravatar.com\/avatar\/4d76991aa72469f0eb22e772586c99113c6997f88da636a9db8f2ce3a2c05e69?s=96&d=mm&r=g","caption":"infocongovirtuel"},"url":"https:\/\/congovirtuel.com\/information\/author\/infocongovirtuel\/"}]}},"gt_translate_keys":[{"key":"link","format":"url"}],"_links":{"self":[{"href":"https:\/\/congovirtuel.com\/information\/wp-json\/wp\/v2\/posts\/16484","targetHints":{"allow":["GET"]}}],"collection":[{"href":"https:\/\/congovirtuel.com\/information\/wp-json\/wp\/v2\/posts"}],"about":[{"href":"https:\/\/congovirtuel.com\/information\/wp-json\/wp\/v2\/types\/post"}],"author":[{"embeddable":true,"href":"https:\/\/congovirtuel.com\/information\/wp-json\/wp\/v2\/users\/1"}],"replies":[{"embeddable":true,"href":"https:\/\/congovirtuel.com\/information\/wp-json\/wp\/v2\/comments?post=16484"}],"version-history":[{"count":1,"href":"https:\/\/congovirtuel.com\/information\/wp-json\/wp\/v2\/posts\/16484\/revisions"}],"predecessor-version":[{"id":16486,"href":"https:\/\/congovirtuel.com\/information\/wp-json\/wp\/v2\/posts\/16484\/revisions\/16486"}],"wp:featuredmedia":[{"embeddable":true,"href":"https:\/\/congovirtuel.com\/information\/wp-json\/wp\/v2\/media\/8425"}],"wp:attachment":[{"href":"https:\/\/congovirtuel.com\/information\/wp-json\/wp\/v2\/media?parent=16484"}],"wp:term":[{"taxonomy":"category","embeddable":true,"href":"https:\/\/congovirtuel.com\/information\/wp-json\/wp\/v2\/categories?post=16484"},{"taxonomy":"post_tag","embeddable":true,"href":"https:\/\/congovirtuel.com\/information\/wp-json\/wp\/v2\/tags?post=16484"}],"curies":[{"name":"wp","href":"https:\/\/api.w.org\/{rel}","templated":true}]}}