{"id":16505,"date":"2021-12-22T22:53:27","date_gmt":"2021-12-22T21:53:27","guid":{"rendered":"https:\/\/congovirtuel.com\/information\/?p=16505"},"modified":"2021-12-22T22:53:28","modified_gmt":"2021-12-22T21:53:28","slug":"rdc-proces-chebeya-confrontation-entre-le-general-djadidja-et-le-major-paul-milambwe","status":"publish","type":"post","link":"https:\/\/congovirtuel.com\/information\/rdc-proces-chebeya-confrontation-entre-le-general-djadidja-et-le-major-paul-milambwe\/","title":{"rendered":"RDC-Proc\u00e8s Chebeya :confrontation entre le g\u00e9n\u00e9ral Djadidja et le major Paul Milambwe","gt_translate_keys":[{"key":"rendered","format":"text"}]},"content":{"rendered":"\n<p class=\"wp-block-paragraph\">La Haute cour militaire si\u00e9geant en mati\u00e8re r\u00e9pressive, au second degr\u00e9, a confront\u00e9 mercredi, le g\u00e9n\u00e9ral Zelwa Katanga alias Djadidja, ancien commandant bataillon de la Police militaire ville de Kinshasa et le major Paul Milambwe, ancien charg\u00e9 de s\u00e9curit\u00e9&nbsp; du b\u00e2timent de l\u2019Inspection g\u00e9n\u00e9rale de la Police en 2010 au sujet de l\u2019endroit o\u00f9 aurait \u00e9t\u00e9 enterr\u00e9 le corps de Fic\u00e8le Bazana.<\/p>\n\n\n\n<p class=\"wp-block-paragraph\">Cette confrontation a \u00e9t\u00e9 faite, au cours de l\u2019audience tenue en chambre foraine \u00e0 la prison de Ndolo, dans l\u2019affaire minist\u00e8re public, la partie civile Chebeya contre les pr\u00e9venus Christian Ngoy Kenga Kenga et son garde du corps Jacques Migabo, accus\u00e9s de d\u00e9tournement d\u2019armes et munitions de guerre, association des malfaiteurs, assassinat, enl\u00e8vement, terrorisme et d\u00e9sertion simple.<\/p>\n\n\n\n<p class=\"wp-block-paragraph\">Dans sa d\u00e9position, le major Paul Milambwe a indiqu\u00e9 avoir&nbsp; envoy\u00e9 un croquis dans les r\u00e9seaux sociaux lors de son exil au S\u00e9n\u00e9gal pour \u00e9clairer l\u2019opinion sur la situation g\u00e9ographique de la concession du g\u00e9n\u00e9ral Djadidja \u00e0 Mitendi o\u00f9 aurait \u00e9t\u00e9 enterr\u00e9 le corps de Fid\u00e8le Bazana.<\/p>\n\n\n\n<p class=\"wp-block-paragraph\">Il a ajout\u00e9 avoir fait ce sch\u00e9ma par rapport aux informations qu\u2019il avait re\u00e7ues avant son exil de la part du g\u00e9n\u00e9ral Djadidja, de Christian Ngoy Kenga Kenga et de l\u2019adjudant Banza indiquant &nbsp;que Fid\u00e8le Bazana avait \u00e9t\u00e9 enterr\u00e9 dans la concession du g\u00e9n\u00e9ral Djadidja.<\/p>\n\n\n\n<p class=\"wp-block-paragraph\">Paul Milambwe dit avoir connu cette parcelle pour avoir accompagn\u00e9 Christian Ngoy Kenga Kenga dans cette concession sur invitation du g\u00e9n\u00e9ral Djadidja en 2008. C\u2019\u00e9tait ce m\u00eame jour, a-t-il dit, que le g\u00e9n\u00e9ral Djadidja lui avait pr\u00e9sent\u00e9 l\u2019adjudant Banza, gardien de la concession qui \u00e9tait un soldat du bataillon Police militaire de Mitendi.<\/p>\n\n\n\n<p class=\"wp-block-paragraph\"><strong><em>Rejet par le g\u00e9n\u00e9ral Djadidja des all\u00e9gations de Paul Milambwe<\/em><\/strong><\/p>\n\n\n\n<p class=\"wp-block-paragraph\">Pour sa part, le g\u00e9n\u00e9ral Djadidja a rejet\u00e9 les all\u00e9gations de Paul Milambwe r\u00e9torquant que Fid\u00e8le Bazana n\u2019avait pas \u00e9t\u00e9 enterr\u00e9 dans sa concession de Mitendi, ajoutant&nbsp; la descente effectu\u00e9e par la Haute cour est une preuve ind\u00e9niable. Il a, par ailleurs, fait savoir qu\u2019il n\u2019avait jamais connu l\u2019adjudant Banza en tant que soldat de son bataillon.<\/p>\n\n\n\n<p class=\"wp-block-paragraph\">En r\u00e9action, l\u2019officier du minist\u00e8re public a renseign\u00e9 que la descente effectu\u00e9e \u00e0 Mitendi n\u2019avait pas pour objectif de chercher la preuve de l\u2019enterrement de Bazana mais de reconstituer les faits de la cause. Il a, en outre, d\u00e9clar\u00e9 que les propos du g\u00e9n\u00e9ral Djadidja ne le surprenent pas parce qu\u2019il a adopt\u00e9 l\u2019attitude de tout nier.<\/p>\n\n\n\n<p class=\"wp-block-paragraph\">Par ailleurs, la Haute cour a auditionn\u00e9 en tant que renseignant le commissaire sup\u00e9rieur Christian Kongolo Muanda, ancien chef d\u2019escorte de la s\u00e9curit\u00e9 de John Numbi, actuellement en d\u00e9tention \u00e0 la prison de Ndolo, pour avoir organis\u00e9 le voyage vers Lubumbashi des ex\u00e9cutants de l\u2019assassinat de Chebeya et Bazana, le 04 juin 2010, \u00e0 savoir, Doudou Ilunga, Jeancy Mulanga et Sadam Kibumbe.<\/p>\n\n\n\n<p class=\"wp-block-paragraph\">Auparavant, le pr\u00e9venu Paul Milambwe a fait \u00e9couter \u00e0 la Haute cour l\u2019audio sur les menaces de mort prof\u00e9r\u00e9es contre sa personne par des proches de John Numbi, au cas o\u00f9 il retournerait \u00e0 Kinshasa. Cette audio a aussi renseign\u00e9 que la veuve Chebeya avait re\u00e7u une somme de 6.500.000 USD de l\u2019ancien Pr\u00e9sident Kabila par l\u2019entremise de feu Katumba Mwanke, pour son voyage au Canada et l\u2019achat d\u2019un appartement.<\/p>\n\n\n\n<p class=\"wp-block-paragraph\"><strong><em>\u00a0<\/em><\/strong><\/p>\n\n\n\n<p class=\"wp-block-paragraph\"><strong><em>D\u00e9menti formel de la partie civile Chebeya de l\u2019audio de Paul Milambwe<\/em><\/strong><\/p>\n\n\n\n<p class=\"wp-block-paragraph\">La partie civile Chebeya a apport\u00e9 un d\u00e9menti formel \u00e0 cette audio en disant qu\u2019un mensonge grossier s\u2019est gliss\u00e9 l\u00e0-dessus. Pour elle, le voyage de la veuve Chebeya et ses orphelin au Canada a \u00e9t\u00e9 pris en charge par les organisations de droits de l\u2019homme et qu\u2019aucune somme d\u2019argent n\u2019avait &nbsp;\u00e9t\u00e9 donn\u00e9e par les autorit\u00e9s de l\u2019\u00e9poque quant \u00e0 ce.<\/p>\n\n\n\n<p class=\"wp-block-paragraph\">L\u2019organe de la loi a apais\u00e9 la partie civile Chebeya en soutenant que cette audio a \u00e9t\u00e9 \u00e9cout\u00e9e du fait des menaces de mort que courait Paul Milambo, avant d\u2019ajouter que ce qui a \u00e9t\u00e9 dit dans cette audio recoupe avec les choses qui ont \u00e9t\u00e9 dites aux audiences.<\/p>\n\n\n\n<p class=\"wp-block-paragraph\">La Haute cour a renvoy\u00e9 la prochaine audience au 12 janvier prochain. Elle sera consacr\u00e9e \u00e0 la plaidoirie des avocats.\u00a0<\/p>\n\n\n\n<p class=\"wp-block-paragraph\"><strong>ACP\/<\/strong><\/p>\n","protected":false,"gt_translate_keys":[{"key":"rendered","format":"html"}]},"excerpt":{"rendered":"<p>La Haute cour militaire si\u00e9geant en mati\u00e8re r\u00e9pressive, au second degr\u00e9, a confront\u00e9 mercredi, le g\u00e9n\u00e9ral Zelwa Katanga alias Djadidja, ancien commandant bataillon de la Police militaire ville de Kinshasa et le major Paul Milambwe, ancien charg\u00e9 de s\u00e9curit\u00e9&nbsp; du b\u00e2timent de l\u2019Inspection g\u00e9n\u00e9rale de la Police en 2010 au sujet de l\u2019endroit o\u00f9 aurait \u00e9t\u00e9 enterr\u00e9 le corps de Fic\u00e8le Bazana. Cette confrontation a \u00e9t\u00e9 faite, au cours de l\u2019audience tenue en chambre foraine \u00e0 la prison de Ndolo, dans l\u2019affaire minist\u00e8re public, la partie civile Chebeya contre les&hellip;<\/p>\n","protected":false,"gt_translate_keys":[{"key":"rendered","format":"html"}]},"author":1,"featured_media":16507,"comment_status":"open","ping_status":"open","sticky":false,"template":"","format":"standard","meta":{"_crdt_document":"","footnotes":""},"categories":[5389,461],"tags":[31319],"class_list":["post-16505","post","type-post","status-publish","format-standard","has-post-thumbnail","hentry","category-assassinat","category-justice","tag-paul-milambwe-et-djadidja"],"gutentor_comment":0,"yoast_head":"<!-- This site is optimized with the Yoast SEO plugin v27.5 - https:\/\/yoast.com\/product\/yoast-seo-wordpress\/ -->\n<title>RDC-Proc\u00e8s Chebeya :confrontation entre le g\u00e9n\u00e9ral Djadidja et le major Paul Milambwe - Actualit\u00e9s congolaises et internationales<\/title>\n<meta name=\"robots\" content=\"index, follow, max-snippet:-1, max-image-preview:large, max-video-preview:-1\" \/>\n<link rel=\"canonical\" href=\"https:\/\/congovirtuel.com\/information\/rdc-proces-chebeya-confrontation-entre-le-general-djadidja-et-le-major-paul-milambwe\/\" \/>\n<meta property=\"og:locale\" content=\"fr_FR\" \/>\n<meta property=\"og:type\" content=\"article\" \/>\n<meta property=\"og:title\" content=\"RDC-Proc\u00e8s Chebeya :confrontation entre le g\u00e9n\u00e9ral Djadidja et le major Paul Milambwe - Actualit\u00e9s congolaises et internationales\" \/>\n<meta property=\"og:description\" content=\"La Haute cour militaire si\u00e9geant en mati\u00e8re r\u00e9pressive, au second degr\u00e9, a confront\u00e9 mercredi, le g\u00e9n\u00e9ral Zelwa Katanga alias Djadidja, ancien commandant bataillon de la Police militaire ville de Kinshasa et le major Paul Milambwe, ancien charg\u00e9 de s\u00e9curit\u00e9&nbsp; du b\u00e2timent de l\u2019Inspection g\u00e9n\u00e9rale de la Police en 2010 au sujet de l\u2019endroit o\u00f9 aurait \u00e9t\u00e9 enterr\u00e9 le corps de Fic\u00e8le Bazana. Cette confrontation a \u00e9t\u00e9 faite, au cours de l\u2019audience tenue en chambre foraine \u00e0 la prison de Ndolo, dans l\u2019affaire minist\u00e8re public, la partie civile Chebeya contre les&hellip;\" \/>\n<meta property=\"og:url\" content=\"https:\/\/congovirtuel.com\/information\/rdc-proces-chebeya-confrontation-entre-le-general-djadidja-et-le-major-paul-milambwe\/\" \/>\n<meta property=\"og:site_name\" content=\"Actualit\u00e9s congolaises et internationales\" \/>\n<meta property=\"article:publisher\" content=\"https:\/\/web.facebook.com\/Congovirtuel-763617960319601\/?ref=aymt_homepage_panel&amp;amp%3bamp%3bamp%3bamp%3bamp%3bamp%3bamp%3bamp%3bamp%3bamp%3bamp%3beid=ARCoxULa66767kIgF_KYav6VdjXTI4yk_LW4yoVO9s6NXpysgb7Cb65vpxcxgqzOAKvIbLQxaAETcqHT\" \/>\n<meta property=\"article:published_time\" content=\"2021-12-22T21:53:27+00:00\" \/>\n<meta property=\"article:modified_time\" content=\"2021-12-22T21:53:28+00:00\" \/>\n<meta property=\"og:image\" content=\"https:\/\/congovirtuel.com\/information\/wp-content\/uploads\/2021\/12\/5-14.jpg\" \/>\n\t<meta property=\"og:image:width\" content=\"396\" \/>\n\t<meta property=\"og:image:height\" content=\"286\" \/>\n\t<meta property=\"og:image:type\" content=\"image\/jpeg\" \/>\n<meta name=\"author\" content=\"infocongovirtuel\" \/>\n<meta name=\"twitter:card\" content=\"summary_large_image\" \/>\n<meta name=\"twitter:creator\" content=\"@congovirtuel\" \/>\n<meta name=\"twitter:site\" content=\"@congovirtuel\" \/>\n<meta name=\"twitter:label1\" content=\"\u00c9crit par\" \/>\n\t<meta name=\"twitter:data1\" content=\"infocongovirtuel\" \/>\n\t<meta name=\"twitter:label2\" content=\"Dur\u00e9e de lecture estim\u00e9e\" \/>\n\t<meta name=\"twitter:data2\" content=\"4 minutes\" \/>\n<script type=\"application\/ld+json\" class=\"yoast-schema-graph\">{\"@context\":\"https:\\\/\\\/schema.org\",\"@graph\":[{\"@type\":\"Article\",\"@id\":\"https:\\\/\\\/congovirtuel.com\\\/information\\\/rdc-proces-chebeya-confrontation-entre-le-general-djadidja-et-le-major-paul-milambwe\\\/#article\",\"isPartOf\":{\"@id\":\"https:\\\/\\\/congovirtuel.com\\\/information\\\/rdc-proces-chebeya-confrontation-entre-le-general-djadidja-et-le-major-paul-milambwe\\\/\"},\"author\":{\"name\":\"infocongovirtuel\",\"@id\":\"https:\\\/\\\/congovirtuel.com\\\/information\\\/#\\\/schema\\\/person\\\/739a44bf7990966cb53d58d2fdeca0b6\"},\"headline\":\"RDC-Proc\u00e8s Chebeya :confrontation entre le g\u00e9n\u00e9ral Djadidja et le major Paul Milambwe\",\"datePublished\":\"2021-12-22T21:53:27+00:00\",\"dateModified\":\"2021-12-22T21:53:28+00:00\",\"mainEntityOfPage\":{\"@id\":\"https:\\\/\\\/congovirtuel.com\\\/information\\\/rdc-proces-chebeya-confrontation-entre-le-general-djadidja-et-le-major-paul-milambwe\\\/\"},\"wordCount\":771,\"commentCount\":0,\"publisher\":{\"@id\":\"https:\\\/\\\/congovirtuel.com\\\/information\\\/#organization\"},\"image\":{\"@id\":\"https:\\\/\\\/congovirtuel.com\\\/information\\\/rdc-proces-chebeya-confrontation-entre-le-general-djadidja-et-le-major-paul-milambwe\\\/#primaryimage\"},\"thumbnailUrl\":\"https:\\\/\\\/congovirtuel.com\\\/information\\\/wp-content\\\/uploads\\\/2021\\\/12\\\/5-14.jpg\",\"keywords\":[\"Paul Milambwe et Djadidja\"],\"articleSection\":[\"Assassinat\",\"Justice\"],\"inLanguage\":\"fr-FR\",\"potentialAction\":[{\"@type\":\"CommentAction\",\"name\":\"Comment\",\"target\":[\"https:\\\/\\\/congovirtuel.com\\\/information\\\/rdc-proces-chebeya-confrontation-entre-le-general-djadidja-et-le-major-paul-milambwe\\\/#respond\"]}]},{\"@type\":\"WebPage\",\"@id\":\"https:\\\/\\\/congovirtuel.com\\\/information\\\/rdc-proces-chebeya-confrontation-entre-le-general-djadidja-et-le-major-paul-milambwe\\\/\",\"url\":\"https:\\\/\\\/congovirtuel.com\\\/information\\\/rdc-proces-chebeya-confrontation-entre-le-general-djadidja-et-le-major-paul-milambwe\\\/\",\"name\":\"RDC-Proc\u00e8s Chebeya :confrontation entre le g\u00e9n\u00e9ral Djadidja et le major Paul Milambwe - Actualit\u00e9s congolaises et internationales\",\"isPartOf\":{\"@id\":\"https:\\\/\\\/congovirtuel.com\\\/information\\\/#website\"},\"primaryImageOfPage\":{\"@id\":\"https:\\\/\\\/congovirtuel.com\\\/information\\\/rdc-proces-chebeya-confrontation-entre-le-general-djadidja-et-le-major-paul-milambwe\\\/#primaryimage\"},\"image\":{\"@id\":\"https:\\\/\\\/congovirtuel.com\\\/information\\\/rdc-proces-chebeya-confrontation-entre-le-general-djadidja-et-le-major-paul-milambwe\\\/#primaryimage\"},\"thumbnailUrl\":\"https:\\\/\\\/congovirtuel.com\\\/information\\\/wp-content\\\/uploads\\\/2021\\\/12\\\/5-14.jpg\",\"datePublished\":\"2021-12-22T21:53:27+00:00\",\"dateModified\":\"2021-12-22T21:53:28+00:00\",\"breadcrumb\":{\"@id\":\"https:\\\/\\\/congovirtuel.com\\\/information\\\/rdc-proces-chebeya-confrontation-entre-le-general-djadidja-et-le-major-paul-milambwe\\\/#breadcrumb\"},\"inLanguage\":\"fr-FR\",\"potentialAction\":[{\"@type\":\"ReadAction\",\"target\":[\"https:\\\/\\\/congovirtuel.com\\\/information\\\/rdc-proces-chebeya-confrontation-entre-le-general-djadidja-et-le-major-paul-milambwe\\\/\"]}]},{\"@type\":\"ImageObject\",\"inLanguage\":\"fr-FR\",\"@id\":\"https:\\\/\\\/congovirtuel.com\\\/information\\\/rdc-proces-chebeya-confrontation-entre-le-general-djadidja-et-le-major-paul-milambwe\\\/#primaryimage\",\"url\":\"https:\\\/\\\/congovirtuel.com\\\/information\\\/wp-content\\\/uploads\\\/2021\\\/12\\\/5-14.jpg\",\"contentUrl\":\"https:\\\/\\\/congovirtuel.com\\\/information\\\/wp-content\\\/uploads\\\/2021\\\/12\\\/5-14.jpg\",\"width\":396,\"height\":286},{\"@type\":\"BreadcrumbList\",\"@id\":\"https:\\\/\\\/congovirtuel.com\\\/information\\\/rdc-proces-chebeya-confrontation-entre-le-general-djadidja-et-le-major-paul-milambwe\\\/#breadcrumb\",\"itemListElement\":[{\"@type\":\"ListItem\",\"position\":1,\"name\":\"Accueil\",\"item\":\"https:\\\/\\\/congovirtuel.com\\\/information\\\/\"},{\"@type\":\"ListItem\",\"position\":2,\"name\":\"RDC-Proc\u00e8s Chebeya :confrontation entre le g\u00e9n\u00e9ral Djadidja et le major Paul Milambwe\"}]},{\"@type\":\"WebSite\",\"@id\":\"https:\\\/\\\/congovirtuel.com\\\/information\\\/#website\",\"url\":\"https:\\\/\\\/congovirtuel.com\\\/information\\\/\",\"name\":\"Actualit\u00e9s congolaises et internationales\",\"description\":\"site d&#039;analyse et de traitement d&#039;information\",\"publisher\":{\"@id\":\"https:\\\/\\\/congovirtuel.com\\\/information\\\/#organization\"},\"potentialAction\":[{\"@type\":\"SearchAction\",\"target\":{\"@type\":\"EntryPoint\",\"urlTemplate\":\"https:\\\/\\\/congovirtuel.com\\\/information\\\/?s={search_term_string}\"},\"query-input\":{\"@type\":\"PropertyValueSpecification\",\"valueRequired\":true,\"valueName\":\"search_term_string\"}}],\"inLanguage\":\"fr-FR\"},{\"@type\":\"Organization\",\"@id\":\"https:\\\/\\\/congovirtuel.com\\\/information\\\/#organization\",\"name\":\"Biblioth\u00e8que Virtuelle de la RDC\",\"url\":\"https:\\\/\\\/congovirtuel.com\\\/information\\\/\",\"logo\":{\"@type\":\"ImageObject\",\"inLanguage\":\"fr-FR\",\"@id\":\"https:\\\/\\\/congovirtuel.com\\\/information\\\/#\\\/schema\\\/logo\\\/image\\\/\",\"url\":\"https:\\\/\\\/congovirtuel.com\\\/information\\\/wp-content\\\/uploads\\\/2018\\\/10\\\/header-info-congovirtuel-vraie.jpg\",\"contentUrl\":\"https:\\\/\\\/congovirtuel.com\\\/information\\\/wp-content\\\/uploads\\\/2018\\\/10\\\/header-info-congovirtuel-vraie.jpg\",\"width\":728,\"height\":90,\"caption\":\"Biblioth\u00e8que Virtuelle de la RDC\"},\"image\":{\"@id\":\"https:\\\/\\\/congovirtuel.com\\\/information\\\/#\\\/schema\\\/logo\\\/image\\\/\"},\"sameAs\":[\"https:\\\/\\\/web.facebook.com\\\/Congovirtuel-763617960319601\\\/?ref=aymt_homepage_panel&amp;amp;amp;amp;amp;amp;amp;amp;amp;amp;amp;eid=ARCoxULa66767kIgF_KYav6VdjXTI4yk_LW4yoVO9s6NXpysgb7Cb65vpxcxgqzOAKvIbLQxaAETcqHT\",\"https:\\\/\\\/x.com\\\/congovirtuel\",\"https:\\\/\\\/www.youtube.com\\\/channel\\\/UCkFfprYzGgS3EWNpeMXpToQ?view_as=subscriber\"]},{\"@type\":\"Person\",\"@id\":\"https:\\\/\\\/congovirtuel.com\\\/information\\\/#\\\/schema\\\/person\\\/739a44bf7990966cb53d58d2fdeca0b6\",\"name\":\"infocongovirtuel\",\"image\":{\"@type\":\"ImageObject\",\"inLanguage\":\"fr-FR\",\"@id\":\"https:\\\/\\\/secure.gravatar.com\\\/avatar\\\/4d76991aa72469f0eb22e772586c99113c6997f88da636a9db8f2ce3a2c05e69?s=96&d=mm&r=g\",\"url\":\"https:\\\/\\\/secure.gravatar.com\\\/avatar\\\/4d76991aa72469f0eb22e772586c99113c6997f88da636a9db8f2ce3a2c05e69?s=96&d=mm&r=g\",\"contentUrl\":\"https:\\\/\\\/secure.gravatar.com\\\/avatar\\\/4d76991aa72469f0eb22e772586c99113c6997f88da636a9db8f2ce3a2c05e69?s=96&d=mm&r=g\",\"caption\":\"infocongovirtuel\"},\"url\":\"https:\\\/\\\/congovirtuel.com\\\/information\\\/author\\\/infocongovirtuel\\\/\"}]}<\/script>\n<!-- \/ Yoast SEO plugin. -->","yoast_head_json":{"title":"RDC-Proc\u00e8s Chebeya :confrontation entre le g\u00e9n\u00e9ral Djadidja et le major Paul Milambwe - Actualit\u00e9s congolaises et internationales","robots":{"index":"index","follow":"follow","max-snippet":"max-snippet:-1","max-image-preview":"max-image-preview:large","max-video-preview":"max-video-preview:-1"},"canonical":"https:\/\/congovirtuel.com\/information\/rdc-proces-chebeya-confrontation-entre-le-general-djadidja-et-le-major-paul-milambwe\/","og_locale":"fr_FR","og_type":"article","og_title":"RDC-Proc\u00e8s Chebeya :confrontation entre le g\u00e9n\u00e9ral Djadidja et le major Paul Milambwe - Actualit\u00e9s congolaises et internationales","og_description":"La Haute cour militaire si\u00e9geant en mati\u00e8re r\u00e9pressive, au second degr\u00e9, a confront\u00e9 mercredi, le g\u00e9n\u00e9ral Zelwa Katanga alias Djadidja, ancien commandant bataillon de la Police militaire ville de Kinshasa et le major Paul Milambwe, ancien charg\u00e9 de s\u00e9curit\u00e9&nbsp; du b\u00e2timent de l\u2019Inspection g\u00e9n\u00e9rale de la Police en 2010 au sujet de l\u2019endroit o\u00f9 aurait \u00e9t\u00e9 enterr\u00e9 le corps de Fic\u00e8le Bazana. Cette confrontation a \u00e9t\u00e9 faite, au cours de l\u2019audience tenue en chambre foraine \u00e0 la prison de Ndolo, dans l\u2019affaire minist\u00e8re public, la partie civile Chebeya contre les&hellip;","og_url":"https:\/\/congovirtuel.com\/information\/rdc-proces-chebeya-confrontation-entre-le-general-djadidja-et-le-major-paul-milambwe\/","og_site_name":"Actualit\u00e9s congolaises et internationales","article_publisher":"https:\/\/web.facebook.com\/Congovirtuel-763617960319601\/?ref=aymt_homepage_panel&amp%3bamp%3bamp%3bamp%3bamp%3bamp%3bamp%3bamp%3bamp%3bamp%3bamp%3beid=ARCoxULa66767kIgF_KYav6VdjXTI4yk_LW4yoVO9s6NXpysgb7Cb65vpxcxgqzOAKvIbLQxaAETcqHT","article_published_time":"2021-12-22T21:53:27+00:00","article_modified_time":"2021-12-22T21:53:28+00:00","og_image":[{"width":396,"height":286,"url":"https:\/\/congovirtuel.com\/information\/wp-content\/uploads\/2021\/12\/5-14.jpg","type":"image\/jpeg"}],"author":"infocongovirtuel","twitter_card":"summary_large_image","twitter_creator":"@congovirtuel","twitter_site":"@congovirtuel","twitter_misc":{"\u00c9crit par":"infocongovirtuel","Dur\u00e9e de lecture estim\u00e9e":"4 minutes"},"schema":{"@context":"https:\/\/schema.org","@graph":[{"@type":"Article","@id":"https:\/\/congovirtuel.com\/information\/rdc-proces-chebeya-confrontation-entre-le-general-djadidja-et-le-major-paul-milambwe\/#article","isPartOf":{"@id":"https:\/\/congovirtuel.com\/information\/rdc-proces-chebeya-confrontation-entre-le-general-djadidja-et-le-major-paul-milambwe\/"},"author":{"name":"infocongovirtuel","@id":"https:\/\/congovirtuel.com\/information\/#\/schema\/person\/739a44bf7990966cb53d58d2fdeca0b6"},"headline":"RDC-Proc\u00e8s Chebeya :confrontation entre le g\u00e9n\u00e9ral Djadidja et le major Paul Milambwe","datePublished":"2021-12-22T21:53:27+00:00","dateModified":"2021-12-22T21:53:28+00:00","mainEntityOfPage":{"@id":"https:\/\/congovirtuel.com\/information\/rdc-proces-chebeya-confrontation-entre-le-general-djadidja-et-le-major-paul-milambwe\/"},"wordCount":771,"commentCount":0,"publisher":{"@id":"https:\/\/congovirtuel.com\/information\/#organization"},"image":{"@id":"https:\/\/congovirtuel.com\/information\/rdc-proces-chebeya-confrontation-entre-le-general-djadidja-et-le-major-paul-milambwe\/#primaryimage"},"thumbnailUrl":"https:\/\/congovirtuel.com\/information\/wp-content\/uploads\/2021\/12\/5-14.jpg","keywords":["Paul Milambwe et Djadidja"],"articleSection":["Assassinat","Justice"],"inLanguage":"fr-FR","potentialAction":[{"@type":"CommentAction","name":"Comment","target":["https:\/\/congovirtuel.com\/information\/rdc-proces-chebeya-confrontation-entre-le-general-djadidja-et-le-major-paul-milambwe\/#respond"]}]},{"@type":"WebPage","@id":"https:\/\/congovirtuel.com\/information\/rdc-proces-chebeya-confrontation-entre-le-general-djadidja-et-le-major-paul-milambwe\/","url":"https:\/\/congovirtuel.com\/information\/rdc-proces-chebeya-confrontation-entre-le-general-djadidja-et-le-major-paul-milambwe\/","name":"RDC-Proc\u00e8s Chebeya :confrontation entre le g\u00e9n\u00e9ral Djadidja et le major Paul Milambwe - Actualit\u00e9s congolaises et internationales","isPartOf":{"@id":"https:\/\/congovirtuel.com\/information\/#website"},"primaryImageOfPage":{"@id":"https:\/\/congovirtuel.com\/information\/rdc-proces-chebeya-confrontation-entre-le-general-djadidja-et-le-major-paul-milambwe\/#primaryimage"},"image":{"@id":"https:\/\/congovirtuel.com\/information\/rdc-proces-chebeya-confrontation-entre-le-general-djadidja-et-le-major-paul-milambwe\/#primaryimage"},"thumbnailUrl":"https:\/\/congovirtuel.com\/information\/wp-content\/uploads\/2021\/12\/5-14.jpg","datePublished":"2021-12-22T21:53:27+00:00","dateModified":"2021-12-22T21:53:28+00:00","breadcrumb":{"@id":"https:\/\/congovirtuel.com\/information\/rdc-proces-chebeya-confrontation-entre-le-general-djadidja-et-le-major-paul-milambwe\/#breadcrumb"},"inLanguage":"fr-FR","potentialAction":[{"@type":"ReadAction","target":["https:\/\/congovirtuel.com\/information\/rdc-proces-chebeya-confrontation-entre-le-general-djadidja-et-le-major-paul-milambwe\/"]}]},{"@type":"ImageObject","inLanguage":"fr-FR","@id":"https:\/\/congovirtuel.com\/information\/rdc-proces-chebeya-confrontation-entre-le-general-djadidja-et-le-major-paul-milambwe\/#primaryimage","url":"https:\/\/congovirtuel.com\/information\/wp-content\/uploads\/2021\/12\/5-14.jpg","contentUrl":"https:\/\/congovirtuel.com\/information\/wp-content\/uploads\/2021\/12\/5-14.jpg","width":396,"height":286},{"@type":"BreadcrumbList","@id":"https:\/\/congovirtuel.com\/information\/rdc-proces-chebeya-confrontation-entre-le-general-djadidja-et-le-major-paul-milambwe\/#breadcrumb","itemListElement":[{"@type":"ListItem","position":1,"name":"Accueil","item":"https:\/\/congovirtuel.com\/information\/"},{"@type":"ListItem","position":2,"name":"RDC-Proc\u00e8s Chebeya :confrontation entre le g\u00e9n\u00e9ral Djadidja et le major Paul Milambwe"}]},{"@type":"WebSite","@id":"https:\/\/congovirtuel.com\/information\/#website","url":"https:\/\/congovirtuel.com\/information\/","name":"Actualit\u00e9s congolaises et internationales","description":"site d&#039;analyse et de traitement d&#039;information","publisher":{"@id":"https:\/\/congovirtuel.com\/information\/#organization"},"potentialAction":[{"@type":"SearchAction","target":{"@type":"EntryPoint","urlTemplate":"https:\/\/congovirtuel.com\/information\/?s={search_term_string}"},"query-input":{"@type":"PropertyValueSpecification","valueRequired":true,"valueName":"search_term_string"}}],"inLanguage":"fr-FR"},{"@type":"Organization","@id":"https:\/\/congovirtuel.com\/information\/#organization","name":"Biblioth\u00e8que Virtuelle de la RDC","url":"https:\/\/congovirtuel.com\/information\/","logo":{"@type":"ImageObject","inLanguage":"fr-FR","@id":"https:\/\/congovirtuel.com\/information\/#\/schema\/logo\/image\/","url":"https:\/\/congovirtuel.com\/information\/wp-content\/uploads\/2018\/10\/header-info-congovirtuel-vraie.jpg","contentUrl":"https:\/\/congovirtuel.com\/information\/wp-content\/uploads\/2018\/10\/header-info-congovirtuel-vraie.jpg","width":728,"height":90,"caption":"Biblioth\u00e8que Virtuelle de la RDC"},"image":{"@id":"https:\/\/congovirtuel.com\/information\/#\/schema\/logo\/image\/"},"sameAs":["https:\/\/web.facebook.com\/Congovirtuel-763617960319601\/?ref=aymt_homepage_panel&amp;amp;amp;amp;amp;amp;amp;amp;amp;amp;amp;eid=ARCoxULa66767kIgF_KYav6VdjXTI4yk_LW4yoVO9s6NXpysgb7Cb65vpxcxgqzOAKvIbLQxaAETcqHT","https:\/\/x.com\/congovirtuel","https:\/\/www.youtube.com\/channel\/UCkFfprYzGgS3EWNpeMXpToQ?view_as=subscriber"]},{"@type":"Person","@id":"https:\/\/congovirtuel.com\/information\/#\/schema\/person\/739a44bf7990966cb53d58d2fdeca0b6","name":"infocongovirtuel","image":{"@type":"ImageObject","inLanguage":"fr-FR","@id":"https:\/\/secure.gravatar.com\/avatar\/4d76991aa72469f0eb22e772586c99113c6997f88da636a9db8f2ce3a2c05e69?s=96&d=mm&r=g","url":"https:\/\/secure.gravatar.com\/avatar\/4d76991aa72469f0eb22e772586c99113c6997f88da636a9db8f2ce3a2c05e69?s=96&d=mm&r=g","contentUrl":"https:\/\/secure.gravatar.com\/avatar\/4d76991aa72469f0eb22e772586c99113c6997f88da636a9db8f2ce3a2c05e69?s=96&d=mm&r=g","caption":"infocongovirtuel"},"url":"https:\/\/congovirtuel.com\/information\/author\/infocongovirtuel\/"}]}},"gt_translate_keys":[{"key":"link","format":"url"}],"_links":{"self":[{"href":"https:\/\/congovirtuel.com\/information\/wp-json\/wp\/v2\/posts\/16505","targetHints":{"allow":["GET"]}}],"collection":[{"href":"https:\/\/congovirtuel.com\/information\/wp-json\/wp\/v2\/posts"}],"about":[{"href":"https:\/\/congovirtuel.com\/information\/wp-json\/wp\/v2\/types\/post"}],"author":[{"embeddable":true,"href":"https:\/\/congovirtuel.com\/information\/wp-json\/wp\/v2\/users\/1"}],"replies":[{"embeddable":true,"href":"https:\/\/congovirtuel.com\/information\/wp-json\/wp\/v2\/comments?post=16505"}],"version-history":[{"count":1,"href":"https:\/\/congovirtuel.com\/information\/wp-json\/wp\/v2\/posts\/16505\/revisions"}],"predecessor-version":[{"id":16508,"href":"https:\/\/congovirtuel.com\/information\/wp-json\/wp\/v2\/posts\/16505\/revisions\/16508"}],"wp:featuredmedia":[{"embeddable":true,"href":"https:\/\/congovirtuel.com\/information\/wp-json\/wp\/v2\/media\/16507"}],"wp:attachment":[{"href":"https:\/\/congovirtuel.com\/information\/wp-json\/wp\/v2\/media?parent=16505"}],"wp:term":[{"taxonomy":"category","embeddable":true,"href":"https:\/\/congovirtuel.com\/information\/wp-json\/wp\/v2\/categories?post=16505"},{"taxonomy":"post_tag","embeddable":true,"href":"https:\/\/congovirtuel.com\/information\/wp-json\/wp\/v2\/tags?post=16505"}],"curies":[{"name":"wp","href":"https:\/\/api.w.org\/{rel}","templated":true}]}}