{"id":16534,"date":"2021-12-23T16:34:11","date_gmt":"2021-12-23T15:34:11","guid":{"rendered":"https:\/\/congovirtuel.com\/information\/?p=16534"},"modified":"2021-12-23T16:34:14","modified_gmt":"2021-12-23T15:34:14","slug":"miss-nigeria-2021-shatu-garko-la-premiere-miss-nigeria-qui-porte-le-hijab-suscite-le-debat-autour-de-sa-participation-au-concours","status":"publish","type":"post","link":"https:\/\/congovirtuel.com\/information\/miss-nigeria-2021-shatu-garko-la-premiere-miss-nigeria-qui-porte-le-hijab-suscite-le-debat-autour-de-sa-participation-au-concours\/","title":{"rendered":"Miss Nig\u00e9ria 2021 : Shatu Garko la premi\u00e8re Miss Nig\u00e9ria qui porte le hijab suscite le d\u00e9bat autour de sa participation au concours","gt_translate_keys":[{"key":"rendered","format":"text"}]},"content":{"rendered":"\n<p class=\"wp-block-paragraph\"><strong>Ce qui devait \u00eatre un triomphe se transforme en une pol\u00e9mique pour Shatu Garko, laur\u00e9ate du concours Miss Nig\u00e9ria 2021.<\/strong><\/p>\n\n\n\n<p class=\"wp-block-paragraph\">Shatu Garko, \u00e2g\u00e9e de 18 ans, est entr\u00e9e dans l&rsquo;histoire vendredi 17 d\u00e9cembre, en devenant la premi\u00e8re voil\u00e9e \u00e0 remporter la 44e \u00e9dition du concours de beaut\u00e9 dans son pays.<\/p>\n\n\n\n<p class=\"wp-block-paragraph\">Mais voil\u00e0 que la police islamique de l&rsquo;Etat de Kano, la Hisbah, s&rsquo;est invit\u00e9e dans la f\u00eate en signifiant aux parents de la gagnante de Miss Nig\u00e9ria que la participation de leur fille au concours de beaut\u00e9 est \u00ab\u00a0ill\u00e9gale\u00a0\u00bb au regard de l&rsquo;Islam.<\/p>\n\n\n\n<p class=\"wp-block-paragraph\">Le commandant de la police islamique de l&rsquo;\u00c9tat de Kano, Sheik Harun Ibn Sina, annonce qu&rsquo;il a convoqu\u00e9 les parents de Shatu Garko, pour discuter de sa participation au concours de beaut\u00e9.<\/p>\n\n\n\n<p class=\"wp-block-paragraph\">\u00ab\u00a0Nous (Hisbah) ne sommes pas d&rsquo;accord avec le fait que Shatu Garko, qui est une musulmane de l&rsquo;Etat de Kano, ses parents sont de la r\u00e9gion de Garko, puisse participer \u00e0 un tel concours\u00a0\u00bb, dit-il.<\/p>\n\n\n\n<p class=\"wp-block-paragraph\">\u00ab\u00a0Kano est un Etat islamique et c&rsquo;est pourquoi nous ne permettons pas \u00e0 aucune de ses filles de participer \u00e0 ce genre de concours\u00a0\u00bb, poursuit-il.<\/p>\n\n\n\n<p class=\"wp-block-paragraph\">\u00ab\u00a0Nous allons parler aux parents des actions de leur fille et du fait que ce qu&rsquo;elle fait est ill\u00e9gal aux yeux de l&rsquo;Islam au cas o\u00f9 ils ne le sauraient pas, afin qu&rsquo;elle ne continue pas sur cette voie et qu&rsquo;elle emp\u00eache les autres filles de la copier\u00a0\u00bb, explique le commandant de la Hisbah \u00e0 BBC News Pidgin.<\/p>\n\n\n\n<h2 class=\"wp-block-heading\" id=\"Pr\u00eache-de-Hisbah-sur-les-enseignements-du-Coran\">Pr\u00eache de Hisbah sur les enseignements du Coran<\/h2>\n\n\n\n<figure class=\"wp-block-image\"><img decoding=\"async\" src=\"https:\/\/ichef.bbci.co.uk\/news\/640\/cpsprodpb\/13CA1\/production\/_122475018_capturedcranshatu2.png\" alt=\"Etsanyi Tukura, originaire de l'\u00c9tat de Taraba, la 43e gagnante du concours Miss Nig\u00e9ria en 2019\"\/><figcaption>L\u00e9gende image,Shatu Garko succ\u00e8de \u00e0 Etsanyi Tukura, originaire de l&rsquo;\u00c9tat de Taraba, la 43e gagnante du concours Miss Nig\u00e9ria en 2019<\/figcaption><\/figure>\n\n\n\n<p class=\"wp-block-paragraph\">Sheik Ibn Sina, qui \u00e9tait un professeur d&rsquo;\u00e9tudes islamiques tr\u00e8s populaire avant sa nomination au poste de chef de la Hisbah, a utilis\u00e9 certains versets du Coran et des enseignements de sa religion pour en expliquer davantage.<\/p>\n\n\n\n<p class=\"wp-block-paragraph\">\u00ab\u00a0L&rsquo;Islam interdit (il r\u00e9p\u00e8te 3 fois le mot interdit) \u00e0 toute personne de participer \u00e0 un concours de beaut\u00e9. Il y a longtemps, ils ont pos\u00e9 \u00e0 notre grand ma\u00eetre Mustafa Saba&rsquo;i une question sur les concours de beaut\u00e9 et il a r\u00e9pondu que c&rsquo;\u00e9tait interdit pour les raisons suivantes,\u00a0\u00bb explique-t-il.<\/p>\n\n\n\n<p class=\"wp-block-paragraph\">\u00ab\u00a0Beaucoup de choses qui se produisent lors de ces \u00e9v\u00e9nements vont \u00e0 l&rsquo;encontre de l&rsquo;Islam, par exemple, beaucoup d&rsquo;exposition de corps se produisent et ces \u00e9v\u00e9nements apprennent aux femmes \u00e0 ne pas \u00eatre timides et r\u00e9serv\u00e9es,\u00a0\u00bb dit-il.<\/p>\n\n\n\n<p class=\"wp-block-paragraph\">\u00ab\u00a0Dieu tout-puissant, dans le Coran, a invit\u00e9 au proph\u00e8te de dire \u00e0 ses femmes, ses filles et les autres femmes de foi de se couvrir correctement,\u00a0\u00bb poursuit-il.<\/p>\n\n\n\n<p class=\"wp-block-paragraph\">\u00ab\u00a0Dans un autre verset du Coran, Dieu ordonne \u00e9galement aux hommes de ne pas regarder les p\u00e9ch\u00e9s, comme les parties du corps expos\u00e9es, et aux femmes de ne pas exposer leur beaut\u00e9 au monde ext\u00e9rieur, sauf leur visage, leurs mains et leurs pieds,\u00a0\u00bb argumente le chef de la police islamique.<\/p>\n\n\n\n<p class=\"wp-block-paragraph\">Le commandant ajoute \u00e9galement que les organisateurs de ces spectacles de beaut\u00e9 s&rsquo;attirent \u00e9galement la col\u00e8re de Dieu, car c&rsquo;est une chose qu&rsquo;il n&rsquo;aime pas.<\/p>\n\n\n\n<h2 class=\"wp-block-heading\" id=\"Qui-est-Shatu-Garko-\">Qui est Shatu Garko ?<\/h2>\n\n\n\n<figure class=\"wp-block-image\"><img decoding=\"async\" src=\"https:\/\/ichef.bbci.co.uk\/news\/640\/cpsprodpb\/2F19\/production\/_122475021_capturedcranshatu3.png\" alt=\"Shatu Garko est originaire du district de Garko dans l'Etat de Kano\"\/><figcaption>L\u00e9gende image,Shatu Garko est originaire du district de Garko dans l&rsquo;Etat de Kano<\/figcaption><\/figure>\n\n\n\n<p class=\"wp-block-paragraph\">Shatu Garko est originaire de Garko LGA, dans l&rsquo;\u00c9tat de Kano, et repr\u00e9sente la zone nord-ouest pour la comp\u00e9tition.<\/p>\n\n\n\n<p class=\"wp-block-paragraph\">Avant de gagner, elle est apparue sur des panneaux d&rsquo;affichage dans tout le nord du Nig\u00e9ria pour faire de la publicit\u00e9 pour une entreprise de condiments.<\/p>\n\n\n\n<p class=\"wp-block-paragraph\">Selon sa biographie pour le concours, elle est un mod\u00e8le hijab de 18 ans qui aime l&rsquo;\u00e9quitation.<\/p>\n\n\n\n<p class=\"wp-block-paragraph\">Garko a \u00e9galement c\u00e9l\u00e9br\u00e9 sur sa page Instagram le fait qu&rsquo;elle est devenue le premier mod\u00e8le hijab \u00e0 d\u00e9crocher un emploi de mannequin.<\/p>\n\n\n\n<p class=\"wp-block-paragraph\">Elle prend la rel\u00e8ve d&rsquo;Etsanyi Tukura, originaire de l&rsquo;\u00c9tat de Taraba, la 43e gagnante du concours Miss Nig\u00e9ria en 2019.<\/p>\n\n\n\n<p class=\"wp-block-paragraph\">Garko a battu 18 autres candidates au concours de beaut\u00e9 qui s&rsquo;est d\u00e9roul\u00e9 au Landmark Centre de Victoria Island, \u00e0 Lagos, au Nig\u00e9ria.<\/p>\n\n\n\n<p class=\"wp-block-paragraph\">Nicole Ikot est la premi\u00e8re dauphine et Kasarachi Okoro la deuxi\u00e8me dauphine du concours.<\/p>\n\n\n\n<p class=\"wp-block-paragraph\">Selon les organisateurs du concours, Garko a gagn\u00e9 une maison de 10 millions nairas (14 103 407 FCFA), une r\u00e9sidence d&rsquo;un an dans un appartement de luxe, une voiture neuve et des opportunit\u00e9s d&rsquo;ambassadrice de la marque ogbonge.<\/p>\n\n\n\n<p class=\"wp-block-paragraph\"><strong>BBC<\/strong><\/p>\n","protected":false,"gt_translate_keys":[{"key":"rendered","format":"html"}]},"excerpt":{"rendered":"<p>Ce qui devait \u00eatre un triomphe se transforme en une pol\u00e9mique pour Shatu Garko, laur\u00e9ate du concours Miss Nig\u00e9ria 2021. Shatu Garko, \u00e2g\u00e9e de 18 ans, est entr\u00e9e dans l&rsquo;histoire vendredi 17 d\u00e9cembre, en devenant la premi\u00e8re voil\u00e9e \u00e0 remporter la 44e \u00e9dition du concours de beaut\u00e9 dans son pays. Mais voil\u00e0 que la police islamique de l&rsquo;Etat de Kano, la Hisbah, s&rsquo;est invit\u00e9e dans la f\u00eate en signifiant aux parents de la gagnante de Miss Nig\u00e9ria que la participation de leur fille au concours de beaut\u00e9 est \u00ab\u00a0ill\u00e9gale\u00a0\u00bb au&hellip;<\/p>\n","protected":false,"gt_translate_keys":[{"key":"rendered","format":"html"}]},"author":1,"featured_media":16536,"comment_status":"open","ping_status":"open","sticky":false,"template":"","format":"standard","meta":{"_crdt_document":"","footnotes":""},"categories":[1691],"tags":[31397,31398],"class_list":["post-16534","post","type-post","status-publish","format-standard","has-post-thumbnail","hentry","category-nigeria","tag-miss-nigeria","tag-shatu-garko"],"gutentor_comment":0,"yoast_head":"<!-- This site is optimized with the Yoast SEO plugin v27.5 - https:\/\/yoast.com\/product\/yoast-seo-wordpress\/ -->\n<title>Miss Nig\u00e9ria 2021 : Shatu Garko la premi\u00e8re Miss Nig\u00e9ria qui porte le hijab suscite le d\u00e9bat autour de sa participation au concours - Actualit\u00e9s congolaises et internationales<\/title>\n<meta name=\"robots\" content=\"index, follow, max-snippet:-1, max-image-preview:large, max-video-preview:-1\" \/>\n<link rel=\"canonical\" href=\"https:\/\/congovirtuel.com\/information\/miss-nigeria-2021-shatu-garko-la-premiere-miss-nigeria-qui-porte-le-hijab-suscite-le-debat-autour-de-sa-participation-au-concours\/\" \/>\n<meta property=\"og:locale\" content=\"fr_FR\" \/>\n<meta property=\"og:type\" content=\"article\" \/>\n<meta property=\"og:title\" content=\"Miss Nig\u00e9ria 2021 : Shatu Garko la premi\u00e8re Miss Nig\u00e9ria qui porte le hijab suscite le d\u00e9bat autour de sa participation au concours - Actualit\u00e9s congolaises et internationales\" \/>\n<meta property=\"og:description\" content=\"Ce qui devait \u00eatre un triomphe se transforme en une pol\u00e9mique pour Shatu Garko, laur\u00e9ate du concours Miss Nig\u00e9ria 2021. Shatu Garko, \u00e2g\u00e9e de 18 ans, est entr\u00e9e dans l&rsquo;histoire vendredi 17 d\u00e9cembre, en devenant la premi\u00e8re voil\u00e9e \u00e0 remporter la 44e \u00e9dition du concours de beaut\u00e9 dans son pays. Mais voil\u00e0 que la police islamique de l&rsquo;Etat de Kano, la Hisbah, s&rsquo;est invit\u00e9e dans la f\u00eate en signifiant aux parents de la gagnante de Miss Nig\u00e9ria que la participation de leur fille au concours de beaut\u00e9 est \u00ab\u00a0ill\u00e9gale\u00a0\u00bb au&hellip;\" \/>\n<meta property=\"og:url\" content=\"https:\/\/congovirtuel.com\/information\/miss-nigeria-2021-shatu-garko-la-premiere-miss-nigeria-qui-porte-le-hijab-suscite-le-debat-autour-de-sa-participation-au-concours\/\" \/>\n<meta property=\"og:site_name\" content=\"Actualit\u00e9s congolaises et internationales\" \/>\n<meta property=\"article:publisher\" content=\"https:\/\/web.facebook.com\/Congovirtuel-763617960319601\/?ref=aymt_homepage_panel&amp;amp%3bamp%3bamp%3bamp%3bamp%3bamp%3bamp%3bamp%3bamp%3bamp%3bamp%3beid=ARCoxULa66767kIgF_KYav6VdjXTI4yk_LW4yoVO9s6NXpysgb7Cb65vpxcxgqzOAKvIbLQxaAETcqHT\" \/>\n<meta property=\"article:published_time\" content=\"2021-12-23T15:34:11+00:00\" \/>\n<meta property=\"article:modified_time\" content=\"2021-12-23T15:34:14+00:00\" \/>\n<meta property=\"og:image\" content=\"https:\/\/congovirtuel.com\/information\/wp-content\/uploads\/2021\/12\/Miss_Nigeria2.jpg\" \/>\n\t<meta property=\"og:image:width\" content=\"633\" \/>\n\t<meta property=\"og:image:height\" content=\"597\" \/>\n\t<meta property=\"og:image:type\" content=\"image\/jpeg\" \/>\n<meta name=\"author\" content=\"infocongovirtuel\" \/>\n<meta name=\"twitter:card\" content=\"summary_large_image\" \/>\n<meta name=\"twitter:creator\" content=\"@congovirtuel\" \/>\n<meta name=\"twitter:site\" content=\"@congovirtuel\" \/>\n<meta name=\"twitter:label1\" content=\"\u00c9crit par\" \/>\n\t<meta name=\"twitter:data1\" content=\"infocongovirtuel\" \/>\n\t<meta name=\"twitter:label2\" content=\"Dur\u00e9e de lecture estim\u00e9e\" \/>\n\t<meta name=\"twitter:data2\" content=\"4 minutes\" \/>\n<script type=\"application\/ld+json\" class=\"yoast-schema-graph\">{\"@context\":\"https:\\\/\\\/schema.org\",\"@graph\":[{\"@type\":\"Article\",\"@id\":\"https:\\\/\\\/congovirtuel.com\\\/information\\\/miss-nigeria-2021-shatu-garko-la-premiere-miss-nigeria-qui-porte-le-hijab-suscite-le-debat-autour-de-sa-participation-au-concours\\\/#article\",\"isPartOf\":{\"@id\":\"https:\\\/\\\/congovirtuel.com\\\/information\\\/miss-nigeria-2021-shatu-garko-la-premiere-miss-nigeria-qui-porte-le-hijab-suscite-le-debat-autour-de-sa-participation-au-concours\\\/\"},\"author\":{\"name\":\"infocongovirtuel\",\"@id\":\"https:\\\/\\\/congovirtuel.com\\\/information\\\/#\\\/schema\\\/person\\\/739a44bf7990966cb53d58d2fdeca0b6\"},\"headline\":\"Miss Nig\u00e9ria 2021 : Shatu Garko la premi\u00e8re Miss Nig\u00e9ria qui porte le hijab suscite le d\u00e9bat autour de sa participation au concours\",\"datePublished\":\"2021-12-23T15:34:11+00:00\",\"dateModified\":\"2021-12-23T15:34:14+00:00\",\"mainEntityOfPage\":{\"@id\":\"https:\\\/\\\/congovirtuel.com\\\/information\\\/miss-nigeria-2021-shatu-garko-la-premiere-miss-nigeria-qui-porte-le-hijab-suscite-le-debat-autour-de-sa-participation-au-concours\\\/\"},\"wordCount\":784,\"commentCount\":0,\"publisher\":{\"@id\":\"https:\\\/\\\/congovirtuel.com\\\/information\\\/#organization\"},\"image\":{\"@id\":\"https:\\\/\\\/congovirtuel.com\\\/information\\\/miss-nigeria-2021-shatu-garko-la-premiere-miss-nigeria-qui-porte-le-hijab-suscite-le-debat-autour-de-sa-participation-au-concours\\\/#primaryimage\"},\"thumbnailUrl\":\"https:\\\/\\\/congovirtuel.com\\\/information\\\/wp-content\\\/uploads\\\/2021\\\/12\\\/Miss_Nigeria2.jpg\",\"keywords\":[\"Miss Nigeria\",\"Shatu Garko\"],\"articleSection\":[\"Nigeria\"],\"inLanguage\":\"fr-FR\",\"potentialAction\":[{\"@type\":\"CommentAction\",\"name\":\"Comment\",\"target\":[\"https:\\\/\\\/congovirtuel.com\\\/information\\\/miss-nigeria-2021-shatu-garko-la-premiere-miss-nigeria-qui-porte-le-hijab-suscite-le-debat-autour-de-sa-participation-au-concours\\\/#respond\"]}]},{\"@type\":\"WebPage\",\"@id\":\"https:\\\/\\\/congovirtuel.com\\\/information\\\/miss-nigeria-2021-shatu-garko-la-premiere-miss-nigeria-qui-porte-le-hijab-suscite-le-debat-autour-de-sa-participation-au-concours\\\/\",\"url\":\"https:\\\/\\\/congovirtuel.com\\\/information\\\/miss-nigeria-2021-shatu-garko-la-premiere-miss-nigeria-qui-porte-le-hijab-suscite-le-debat-autour-de-sa-participation-au-concours\\\/\",\"name\":\"Miss Nig\u00e9ria 2021 : Shatu Garko la premi\u00e8re Miss Nig\u00e9ria qui porte le hijab suscite le d\u00e9bat autour de sa participation au concours - Actualit\u00e9s congolaises et internationales\",\"isPartOf\":{\"@id\":\"https:\\\/\\\/congovirtuel.com\\\/information\\\/#website\"},\"primaryImageOfPage\":{\"@id\":\"https:\\\/\\\/congovirtuel.com\\\/information\\\/miss-nigeria-2021-shatu-garko-la-premiere-miss-nigeria-qui-porte-le-hijab-suscite-le-debat-autour-de-sa-participation-au-concours\\\/#primaryimage\"},\"image\":{\"@id\":\"https:\\\/\\\/congovirtuel.com\\\/information\\\/miss-nigeria-2021-shatu-garko-la-premiere-miss-nigeria-qui-porte-le-hijab-suscite-le-debat-autour-de-sa-participation-au-concours\\\/#primaryimage\"},\"thumbnailUrl\":\"https:\\\/\\\/congovirtuel.com\\\/information\\\/wp-content\\\/uploads\\\/2021\\\/12\\\/Miss_Nigeria2.jpg\",\"datePublished\":\"2021-12-23T15:34:11+00:00\",\"dateModified\":\"2021-12-23T15:34:14+00:00\",\"breadcrumb\":{\"@id\":\"https:\\\/\\\/congovirtuel.com\\\/information\\\/miss-nigeria-2021-shatu-garko-la-premiere-miss-nigeria-qui-porte-le-hijab-suscite-le-debat-autour-de-sa-participation-au-concours\\\/#breadcrumb\"},\"inLanguage\":\"fr-FR\",\"potentialAction\":[{\"@type\":\"ReadAction\",\"target\":[\"https:\\\/\\\/congovirtuel.com\\\/information\\\/miss-nigeria-2021-shatu-garko-la-premiere-miss-nigeria-qui-porte-le-hijab-suscite-le-debat-autour-de-sa-participation-au-concours\\\/\"]}]},{\"@type\":\"ImageObject\",\"inLanguage\":\"fr-FR\",\"@id\":\"https:\\\/\\\/congovirtuel.com\\\/information\\\/miss-nigeria-2021-shatu-garko-la-premiere-miss-nigeria-qui-porte-le-hijab-suscite-le-debat-autour-de-sa-participation-au-concours\\\/#primaryimage\",\"url\":\"https:\\\/\\\/congovirtuel.com\\\/information\\\/wp-content\\\/uploads\\\/2021\\\/12\\\/Miss_Nigeria2.jpg\",\"contentUrl\":\"https:\\\/\\\/congovirtuel.com\\\/information\\\/wp-content\\\/uploads\\\/2021\\\/12\\\/Miss_Nigeria2.jpg\",\"width\":633,\"height\":597,\"caption\":\"Miss_Nigeria\"},{\"@type\":\"BreadcrumbList\",\"@id\":\"https:\\\/\\\/congovirtuel.com\\\/information\\\/miss-nigeria-2021-shatu-garko-la-premiere-miss-nigeria-qui-porte-le-hijab-suscite-le-debat-autour-de-sa-participation-au-concours\\\/#breadcrumb\",\"itemListElement\":[{\"@type\":\"ListItem\",\"position\":1,\"name\":\"Accueil\",\"item\":\"https:\\\/\\\/congovirtuel.com\\\/information\\\/\"},{\"@type\":\"ListItem\",\"position\":2,\"name\":\"Miss Nig\u00e9ria 2021 : Shatu Garko la premi\u00e8re Miss Nig\u00e9ria qui porte le hijab suscite le d\u00e9bat autour de sa participation au concours\"}]},{\"@type\":\"WebSite\",\"@id\":\"https:\\\/\\\/congovirtuel.com\\\/information\\\/#website\",\"url\":\"https:\\\/\\\/congovirtuel.com\\\/information\\\/\",\"name\":\"Actualit\u00e9s congolaises et internationales\",\"description\":\"site d&#039;analyse et de traitement d&#039;information\",\"publisher\":{\"@id\":\"https:\\\/\\\/congovirtuel.com\\\/information\\\/#organization\"},\"potentialAction\":[{\"@type\":\"SearchAction\",\"target\":{\"@type\":\"EntryPoint\",\"urlTemplate\":\"https:\\\/\\\/congovirtuel.com\\\/information\\\/?s={search_term_string}\"},\"query-input\":{\"@type\":\"PropertyValueSpecification\",\"valueRequired\":true,\"valueName\":\"search_term_string\"}}],\"inLanguage\":\"fr-FR\"},{\"@type\":\"Organization\",\"@id\":\"https:\\\/\\\/congovirtuel.com\\\/information\\\/#organization\",\"name\":\"Biblioth\u00e8que Virtuelle de la RDC\",\"url\":\"https:\\\/\\\/congovirtuel.com\\\/information\\\/\",\"logo\":{\"@type\":\"ImageObject\",\"inLanguage\":\"fr-FR\",\"@id\":\"https:\\\/\\\/congovirtuel.com\\\/information\\\/#\\\/schema\\\/logo\\\/image\\\/\",\"url\":\"https:\\\/\\\/congovirtuel.com\\\/information\\\/wp-content\\\/uploads\\\/2018\\\/10\\\/header-info-congovirtuel-vraie.jpg\",\"contentUrl\":\"https:\\\/\\\/congovirtuel.com\\\/information\\\/wp-content\\\/uploads\\\/2018\\\/10\\\/header-info-congovirtuel-vraie.jpg\",\"width\":728,\"height\":90,\"caption\":\"Biblioth\u00e8que Virtuelle de la RDC\"},\"image\":{\"@id\":\"https:\\\/\\\/congovirtuel.com\\\/information\\\/#\\\/schema\\\/logo\\\/image\\\/\"},\"sameAs\":[\"https:\\\/\\\/web.facebook.com\\\/Congovirtuel-763617960319601\\\/?ref=aymt_homepage_panel&amp;amp;amp;amp;amp;amp;amp;amp;amp;amp;amp;eid=ARCoxULa66767kIgF_KYav6VdjXTI4yk_LW4yoVO9s6NXpysgb7Cb65vpxcxgqzOAKvIbLQxaAETcqHT\",\"https:\\\/\\\/x.com\\\/congovirtuel\",\"https:\\\/\\\/www.youtube.com\\\/channel\\\/UCkFfprYzGgS3EWNpeMXpToQ?view_as=subscriber\"]},{\"@type\":\"Person\",\"@id\":\"https:\\\/\\\/congovirtuel.com\\\/information\\\/#\\\/schema\\\/person\\\/739a44bf7990966cb53d58d2fdeca0b6\",\"name\":\"infocongovirtuel\",\"image\":{\"@type\":\"ImageObject\",\"inLanguage\":\"fr-FR\",\"@id\":\"https:\\\/\\\/secure.gravatar.com\\\/avatar\\\/4d76991aa72469f0eb22e772586c99113c6997f88da636a9db8f2ce3a2c05e69?s=96&d=mm&r=g\",\"url\":\"https:\\\/\\\/secure.gravatar.com\\\/avatar\\\/4d76991aa72469f0eb22e772586c99113c6997f88da636a9db8f2ce3a2c05e69?s=96&d=mm&r=g\",\"contentUrl\":\"https:\\\/\\\/secure.gravatar.com\\\/avatar\\\/4d76991aa72469f0eb22e772586c99113c6997f88da636a9db8f2ce3a2c05e69?s=96&d=mm&r=g\",\"caption\":\"infocongovirtuel\"},\"url\":\"https:\\\/\\\/congovirtuel.com\\\/information\\\/author\\\/infocongovirtuel\\\/\"}]}<\/script>\n<!-- \/ Yoast SEO plugin. -->","yoast_head_json":{"title":"Miss Nig\u00e9ria 2021 : Shatu Garko la premi\u00e8re Miss Nig\u00e9ria qui porte le hijab suscite le d\u00e9bat autour de sa participation au concours - Actualit\u00e9s congolaises et internationales","robots":{"index":"index","follow":"follow","max-snippet":"max-snippet:-1","max-image-preview":"max-image-preview:large","max-video-preview":"max-video-preview:-1"},"canonical":"https:\/\/congovirtuel.com\/information\/miss-nigeria-2021-shatu-garko-la-premiere-miss-nigeria-qui-porte-le-hijab-suscite-le-debat-autour-de-sa-participation-au-concours\/","og_locale":"fr_FR","og_type":"article","og_title":"Miss Nig\u00e9ria 2021 : Shatu Garko la premi\u00e8re Miss Nig\u00e9ria qui porte le hijab suscite le d\u00e9bat autour de sa participation au concours - Actualit\u00e9s congolaises et internationales","og_description":"Ce qui devait \u00eatre un triomphe se transforme en une pol\u00e9mique pour Shatu Garko, laur\u00e9ate du concours Miss Nig\u00e9ria 2021. Shatu Garko, \u00e2g\u00e9e de 18 ans, est entr\u00e9e dans l&rsquo;histoire vendredi 17 d\u00e9cembre, en devenant la premi\u00e8re voil\u00e9e \u00e0 remporter la 44e \u00e9dition du concours de beaut\u00e9 dans son pays. Mais voil\u00e0 que la police islamique de l&rsquo;Etat de Kano, la Hisbah, s&rsquo;est invit\u00e9e dans la f\u00eate en signifiant aux parents de la gagnante de Miss Nig\u00e9ria que la participation de leur fille au concours de beaut\u00e9 est \u00ab\u00a0ill\u00e9gale\u00a0\u00bb au&hellip;","og_url":"https:\/\/congovirtuel.com\/information\/miss-nigeria-2021-shatu-garko-la-premiere-miss-nigeria-qui-porte-le-hijab-suscite-le-debat-autour-de-sa-participation-au-concours\/","og_site_name":"Actualit\u00e9s congolaises et internationales","article_publisher":"https:\/\/web.facebook.com\/Congovirtuel-763617960319601\/?ref=aymt_homepage_panel&amp%3bamp%3bamp%3bamp%3bamp%3bamp%3bamp%3bamp%3bamp%3bamp%3bamp%3beid=ARCoxULa66767kIgF_KYav6VdjXTI4yk_LW4yoVO9s6NXpysgb7Cb65vpxcxgqzOAKvIbLQxaAETcqHT","article_published_time":"2021-12-23T15:34:11+00:00","article_modified_time":"2021-12-23T15:34:14+00:00","og_image":[{"width":633,"height":597,"url":"https:\/\/congovirtuel.com\/information\/wp-content\/uploads\/2021\/12\/Miss_Nigeria2.jpg","type":"image\/jpeg"}],"author":"infocongovirtuel","twitter_card":"summary_large_image","twitter_creator":"@congovirtuel","twitter_site":"@congovirtuel","twitter_misc":{"\u00c9crit par":"infocongovirtuel","Dur\u00e9e de lecture estim\u00e9e":"4 minutes"},"schema":{"@context":"https:\/\/schema.org","@graph":[{"@type":"Article","@id":"https:\/\/congovirtuel.com\/information\/miss-nigeria-2021-shatu-garko-la-premiere-miss-nigeria-qui-porte-le-hijab-suscite-le-debat-autour-de-sa-participation-au-concours\/#article","isPartOf":{"@id":"https:\/\/congovirtuel.com\/information\/miss-nigeria-2021-shatu-garko-la-premiere-miss-nigeria-qui-porte-le-hijab-suscite-le-debat-autour-de-sa-participation-au-concours\/"},"author":{"name":"infocongovirtuel","@id":"https:\/\/congovirtuel.com\/information\/#\/schema\/person\/739a44bf7990966cb53d58d2fdeca0b6"},"headline":"Miss Nig\u00e9ria 2021 : Shatu Garko la premi\u00e8re Miss Nig\u00e9ria qui porte le hijab suscite le d\u00e9bat autour de sa participation au concours","datePublished":"2021-12-23T15:34:11+00:00","dateModified":"2021-12-23T15:34:14+00:00","mainEntityOfPage":{"@id":"https:\/\/congovirtuel.com\/information\/miss-nigeria-2021-shatu-garko-la-premiere-miss-nigeria-qui-porte-le-hijab-suscite-le-debat-autour-de-sa-participation-au-concours\/"},"wordCount":784,"commentCount":0,"publisher":{"@id":"https:\/\/congovirtuel.com\/information\/#organization"},"image":{"@id":"https:\/\/congovirtuel.com\/information\/miss-nigeria-2021-shatu-garko-la-premiere-miss-nigeria-qui-porte-le-hijab-suscite-le-debat-autour-de-sa-participation-au-concours\/#primaryimage"},"thumbnailUrl":"https:\/\/congovirtuel.com\/information\/wp-content\/uploads\/2021\/12\/Miss_Nigeria2.jpg","keywords":["Miss Nigeria","Shatu Garko"],"articleSection":["Nigeria"],"inLanguage":"fr-FR","potentialAction":[{"@type":"CommentAction","name":"Comment","target":["https:\/\/congovirtuel.com\/information\/miss-nigeria-2021-shatu-garko-la-premiere-miss-nigeria-qui-porte-le-hijab-suscite-le-debat-autour-de-sa-participation-au-concours\/#respond"]}]},{"@type":"WebPage","@id":"https:\/\/congovirtuel.com\/information\/miss-nigeria-2021-shatu-garko-la-premiere-miss-nigeria-qui-porte-le-hijab-suscite-le-debat-autour-de-sa-participation-au-concours\/","url":"https:\/\/congovirtuel.com\/information\/miss-nigeria-2021-shatu-garko-la-premiere-miss-nigeria-qui-porte-le-hijab-suscite-le-debat-autour-de-sa-participation-au-concours\/","name":"Miss Nig\u00e9ria 2021 : Shatu Garko la premi\u00e8re Miss Nig\u00e9ria qui porte le hijab suscite le d\u00e9bat autour de sa participation au concours - Actualit\u00e9s congolaises et internationales","isPartOf":{"@id":"https:\/\/congovirtuel.com\/information\/#website"},"primaryImageOfPage":{"@id":"https:\/\/congovirtuel.com\/information\/miss-nigeria-2021-shatu-garko-la-premiere-miss-nigeria-qui-porte-le-hijab-suscite-le-debat-autour-de-sa-participation-au-concours\/#primaryimage"},"image":{"@id":"https:\/\/congovirtuel.com\/information\/miss-nigeria-2021-shatu-garko-la-premiere-miss-nigeria-qui-porte-le-hijab-suscite-le-debat-autour-de-sa-participation-au-concours\/#primaryimage"},"thumbnailUrl":"https:\/\/congovirtuel.com\/information\/wp-content\/uploads\/2021\/12\/Miss_Nigeria2.jpg","datePublished":"2021-12-23T15:34:11+00:00","dateModified":"2021-12-23T15:34:14+00:00","breadcrumb":{"@id":"https:\/\/congovirtuel.com\/information\/miss-nigeria-2021-shatu-garko-la-premiere-miss-nigeria-qui-porte-le-hijab-suscite-le-debat-autour-de-sa-participation-au-concours\/#breadcrumb"},"inLanguage":"fr-FR","potentialAction":[{"@type":"ReadAction","target":["https:\/\/congovirtuel.com\/information\/miss-nigeria-2021-shatu-garko-la-premiere-miss-nigeria-qui-porte-le-hijab-suscite-le-debat-autour-de-sa-participation-au-concours\/"]}]},{"@type":"ImageObject","inLanguage":"fr-FR","@id":"https:\/\/congovirtuel.com\/information\/miss-nigeria-2021-shatu-garko-la-premiere-miss-nigeria-qui-porte-le-hijab-suscite-le-debat-autour-de-sa-participation-au-concours\/#primaryimage","url":"https:\/\/congovirtuel.com\/information\/wp-content\/uploads\/2021\/12\/Miss_Nigeria2.jpg","contentUrl":"https:\/\/congovirtuel.com\/information\/wp-content\/uploads\/2021\/12\/Miss_Nigeria2.jpg","width":633,"height":597,"caption":"Miss_Nigeria"},{"@type":"BreadcrumbList","@id":"https:\/\/congovirtuel.com\/information\/miss-nigeria-2021-shatu-garko-la-premiere-miss-nigeria-qui-porte-le-hijab-suscite-le-debat-autour-de-sa-participation-au-concours\/#breadcrumb","itemListElement":[{"@type":"ListItem","position":1,"name":"Accueil","item":"https:\/\/congovirtuel.com\/information\/"},{"@type":"ListItem","position":2,"name":"Miss Nig\u00e9ria 2021 : Shatu Garko la premi\u00e8re Miss Nig\u00e9ria qui porte le hijab suscite le d\u00e9bat autour de sa participation au concours"}]},{"@type":"WebSite","@id":"https:\/\/congovirtuel.com\/information\/#website","url":"https:\/\/congovirtuel.com\/information\/","name":"Actualit\u00e9s congolaises et internationales","description":"site d&#039;analyse et de traitement d&#039;information","publisher":{"@id":"https:\/\/congovirtuel.com\/information\/#organization"},"potentialAction":[{"@type":"SearchAction","target":{"@type":"EntryPoint","urlTemplate":"https:\/\/congovirtuel.com\/information\/?s={search_term_string}"},"query-input":{"@type":"PropertyValueSpecification","valueRequired":true,"valueName":"search_term_string"}}],"inLanguage":"fr-FR"},{"@type":"Organization","@id":"https:\/\/congovirtuel.com\/information\/#organization","name":"Biblioth\u00e8que Virtuelle de la RDC","url":"https:\/\/congovirtuel.com\/information\/","logo":{"@type":"ImageObject","inLanguage":"fr-FR","@id":"https:\/\/congovirtuel.com\/information\/#\/schema\/logo\/image\/","url":"https:\/\/congovirtuel.com\/information\/wp-content\/uploads\/2018\/10\/header-info-congovirtuel-vraie.jpg","contentUrl":"https:\/\/congovirtuel.com\/information\/wp-content\/uploads\/2018\/10\/header-info-congovirtuel-vraie.jpg","width":728,"height":90,"caption":"Biblioth\u00e8que Virtuelle de la RDC"},"image":{"@id":"https:\/\/congovirtuel.com\/information\/#\/schema\/logo\/image\/"},"sameAs":["https:\/\/web.facebook.com\/Congovirtuel-763617960319601\/?ref=aymt_homepage_panel&amp;amp;amp;amp;amp;amp;amp;amp;amp;amp;amp;eid=ARCoxULa66767kIgF_KYav6VdjXTI4yk_LW4yoVO9s6NXpysgb7Cb65vpxcxgqzOAKvIbLQxaAETcqHT","https:\/\/x.com\/congovirtuel","https:\/\/www.youtube.com\/channel\/UCkFfprYzGgS3EWNpeMXpToQ?view_as=subscriber"]},{"@type":"Person","@id":"https:\/\/congovirtuel.com\/information\/#\/schema\/person\/739a44bf7990966cb53d58d2fdeca0b6","name":"infocongovirtuel","image":{"@type":"ImageObject","inLanguage":"fr-FR","@id":"https:\/\/secure.gravatar.com\/avatar\/4d76991aa72469f0eb22e772586c99113c6997f88da636a9db8f2ce3a2c05e69?s=96&d=mm&r=g","url":"https:\/\/secure.gravatar.com\/avatar\/4d76991aa72469f0eb22e772586c99113c6997f88da636a9db8f2ce3a2c05e69?s=96&d=mm&r=g","contentUrl":"https:\/\/secure.gravatar.com\/avatar\/4d76991aa72469f0eb22e772586c99113c6997f88da636a9db8f2ce3a2c05e69?s=96&d=mm&r=g","caption":"infocongovirtuel"},"url":"https:\/\/congovirtuel.com\/information\/author\/infocongovirtuel\/"}]}},"gt_translate_keys":[{"key":"link","format":"url"}],"_links":{"self":[{"href":"https:\/\/congovirtuel.com\/information\/wp-json\/wp\/v2\/posts\/16534","targetHints":{"allow":["GET"]}}],"collection":[{"href":"https:\/\/congovirtuel.com\/information\/wp-json\/wp\/v2\/posts"}],"about":[{"href":"https:\/\/congovirtuel.com\/information\/wp-json\/wp\/v2\/types\/post"}],"author":[{"embeddable":true,"href":"https:\/\/congovirtuel.com\/information\/wp-json\/wp\/v2\/users\/1"}],"replies":[{"embeddable":true,"href":"https:\/\/congovirtuel.com\/information\/wp-json\/wp\/v2\/comments?post=16534"}],"version-history":[{"count":1,"href":"https:\/\/congovirtuel.com\/information\/wp-json\/wp\/v2\/posts\/16534\/revisions"}],"predecessor-version":[{"id":16537,"href":"https:\/\/congovirtuel.com\/information\/wp-json\/wp\/v2\/posts\/16534\/revisions\/16537"}],"wp:featuredmedia":[{"embeddable":true,"href":"https:\/\/congovirtuel.com\/information\/wp-json\/wp\/v2\/media\/16536"}],"wp:attachment":[{"href":"https:\/\/congovirtuel.com\/information\/wp-json\/wp\/v2\/media?parent=16534"}],"wp:term":[{"taxonomy":"category","embeddable":true,"href":"https:\/\/congovirtuel.com\/information\/wp-json\/wp\/v2\/categories?post=16534"},{"taxonomy":"post_tag","embeddable":true,"href":"https:\/\/congovirtuel.com\/information\/wp-json\/wp\/v2\/tags?post=16534"}],"curies":[{"name":"wp","href":"https:\/\/api.w.org\/{rel}","templated":true}]}}