{"id":16687,"date":"2021-12-27T18:56:15","date_gmt":"2021-12-27T17:56:15","guid":{"rendered":"https:\/\/congovirtuel.com\/information\/?p=16687"},"modified":"2021-12-27T18:56:21","modified_gmt":"2021-12-27T17:56:21","slug":"rdc-le-chef-rebelle-makanika-sempare-de-kamombo-a-fizi","status":"publish","type":"post","link":"https:\/\/congovirtuel.com\/information\/rdc-le-chef-rebelle-makanika-sempare-de-kamombo-a-fizi\/","title":{"rendered":"RDC : Le chef rebelle Makanika s\u2019empare de Kamombo \u00e0 Fizi","gt_translate_keys":[{"key":"rendered","format":"text"}]},"content":{"rendered":"\n<p class=\"wp-block-paragraph\">Le colonel d\u00e9serteur des FARDC Michel Rukunda alias Makanika a exprim\u00e9 sa volont\u00e9 de rejoindre le dialogue \u00e0 condition que ce dernier soit facilit\u00e9 uniquement par la MONUSCO, \u00e0 Minembwe (Sud-Kivu), ont annonc\u00e9 les leaders locaux et les notables de Minembwe, mercredi 9 juin \u00e0 l\u2019issue de plusieurs rencontres cibl\u00e9es organis\u00e9es depuis le week-end dernier dans la r\u00e9gion.<\/p>\n\n\n\n<p class=\"wp-block-paragraph\">Initi\u00e9es par la section des affaires civiles de la MONUSCO, ces rencontres portent sur l\u2019\u00e9valuation de la situation actuelle de protection des civils \u00e0 Minembwe et dans ses environs.<\/p>\n\n\n\n<p class=\"wp-block-paragraph\">Les notables Banyamulenge confirment avoir engag\u00e9 leur communaut\u00e9 pour accro\u00eetre la confiance et la collaboration avec les services de s\u00e9curit\u00e9 et principalement les FARDC. Ils ont demand\u00e9 la facilitation de la MONUSCO pour soutenir les activit\u00e9s de gouvernance de la s\u00e9curit\u00e9 locale \u00e0 Minembwe, au cours des rencontres organis\u00e9es sur place.<\/p>\n\n\n\n<p class=\"wp-block-paragraph\"><strong>Michel Rukunda Makanika pr\u00eat pour le dialogue<\/strong><\/p>\n\n\n\n<p class=\"wp-block-paragraph\">D\u2019apr\u00e8s Radio Okapi, des sources locales confirment ainsi que le colonel d\u00e9serteur Michel Rukunda Makanika est maintenant pr\u00eat de s\u2019engager dans la voie du dialogue, comme les autres seigneurs de guerre dans la r\u00e9gion. Il attendait, d\u2019apr\u00e8s la m\u00eame source locale, le changement \u00e0 la t\u00eate du commandement de la 12e brigade de r\u00e9action rapide des FARDC qui est aujourd\u2019hui command\u00e9 par le g\u00e9n\u00e9ral de brigade Patrick Opia Mbondami.&nbsp;<\/p>\n\n\n\n<p class=\"wp-block-paragraph\">Depuis le mois de mai dernier, deux hauts officiers des FARDC d\u00e9p\u00each\u00e9s par l\u2019Etat major g\u00e9n\u00e9ral de l\u2019arm\u00e9e ont initi\u00e9 le dialogue avec les groupes arm\u00e9s et les communaut\u00e9s locales en vue d\u2019un programme de d\u00e9sengagement et de cohabitation pacifique.<\/p>\n\n\n\n<p class=\"wp-block-paragraph\">La MONUSCO, \u00e0 travers la section des affaires civiles, encourage les jeunes et les notables de Minembwe \u00e0 continuer de sensibiliser les membres de leurs communaut\u00e9s \u00e0 se dissocier du soutien aux groupes arm\u00e9s, \u00e0 travailler au renforcement de la coh\u00e9sion sociale, au renforcement des relations intercommunautaires et \u00e0 la consolidation de la paix.<\/p>\n\n\n\n<p class=\"wp-block-paragraph\"><strong>Infocongo<\/strong><\/p>\n","protected":false,"gt_translate_keys":[{"key":"rendered","format":"html"}]},"excerpt":{"rendered":"<p>Le colonel d\u00e9serteur des FARDC Michel Rukunda alias Makanika a exprim\u00e9 sa volont\u00e9 de rejoindre le dialogue \u00e0 condition que ce dernier soit facilit\u00e9 uniquement par la MONUSCO, \u00e0 Minembwe (Sud-Kivu), ont annonc\u00e9 les leaders locaux et les notables de Minembwe, mercredi 9 juin \u00e0 l\u2019issue de plusieurs rencontres cibl\u00e9es organis\u00e9es depuis le week-end dernier dans la r\u00e9gion. Initi\u00e9es par la section des affaires civiles de la MONUSCO, ces rencontres portent sur l\u2019\u00e9valuation de la situation actuelle de protection des civils \u00e0 Minembwe et dans ses environs. Les notables Banyamulenge&hellip;<\/p>\n","protected":false,"gt_translate_keys":[{"key":"rendered","format":"html"}]},"author":1,"featured_media":16689,"comment_status":"open","ping_status":"open","sticky":false,"template":"","format":"standard","meta":{"_crdt_document":"","footnotes":""},"categories":[199],"tags":[31960],"class_list":["post-16687","post","type-post","status-publish","format-standard","has-post-thumbnail","hentry","category-insecurite","tag-makaniki-beni"],"gutentor_comment":0,"yoast_head":"<!-- This site is optimized with the Yoast SEO plugin v27.5 - https:\/\/yoast.com\/product\/yoast-seo-wordpress\/ -->\n<title>RDC : Le chef rebelle Makanika s\u2019empare de Kamombo \u00e0 Fizi - Actualit\u00e9s congolaises et internationales<\/title>\n<meta name=\"robots\" content=\"index, follow, max-snippet:-1, max-image-preview:large, max-video-preview:-1\" \/>\n<link rel=\"canonical\" href=\"https:\/\/congovirtuel.com\/information\/rdc-le-chef-rebelle-makanika-sempare-de-kamombo-a-fizi\/\" \/>\n<meta property=\"og:locale\" content=\"fr_FR\" \/>\n<meta property=\"og:type\" content=\"article\" \/>\n<meta property=\"og:title\" content=\"RDC : Le chef rebelle Makanika s\u2019empare de Kamombo \u00e0 Fizi - Actualit\u00e9s congolaises et internationales\" \/>\n<meta property=\"og:description\" content=\"Le colonel d\u00e9serteur des FARDC Michel Rukunda alias Makanika a exprim\u00e9 sa volont\u00e9 de rejoindre le dialogue \u00e0 condition que ce dernier soit facilit\u00e9 uniquement par la MONUSCO, \u00e0 Minembwe (Sud-Kivu), ont annonc\u00e9 les leaders locaux et les notables de Minembwe, mercredi 9 juin \u00e0 l\u2019issue de plusieurs rencontres cibl\u00e9es organis\u00e9es depuis le week-end dernier dans la r\u00e9gion. Initi\u00e9es par la section des affaires civiles de la MONUSCO, ces rencontres portent sur l\u2019\u00e9valuation de la situation actuelle de protection des civils \u00e0 Minembwe et dans ses environs. Les notables Banyamulenge&hellip;\" \/>\n<meta property=\"og:url\" content=\"https:\/\/congovirtuel.com\/information\/rdc-le-chef-rebelle-makanika-sempare-de-kamombo-a-fizi\/\" \/>\n<meta property=\"og:site_name\" content=\"Actualit\u00e9s congolaises et internationales\" \/>\n<meta property=\"article:publisher\" content=\"https:\/\/web.facebook.com\/Congovirtuel-763617960319601\/?ref=aymt_homepage_panel&amp;amp%3bamp%3bamp%3bamp%3bamp%3bamp%3bamp%3bamp%3bamp%3bamp%3bamp%3beid=ARCoxULa66767kIgF_KYav6VdjXTI4yk_LW4yoVO9s6NXpysgb7Cb65vpxcxgqzOAKvIbLQxaAETcqHT\" \/>\n<meta property=\"article:published_time\" content=\"2021-12-27T17:56:15+00:00\" \/>\n<meta property=\"article:modified_time\" content=\"2021-12-27T17:56:21+00:00\" \/>\n<meta property=\"og:image\" content=\"https:\/\/congovirtuel.com\/information\/wp-content\/uploads\/2021\/12\/Michel-Rukunda-1160x560-1.jpg\" \/>\n\t<meta property=\"og:image:width\" content=\"1160\" \/>\n\t<meta property=\"og:image:height\" content=\"560\" \/>\n\t<meta property=\"og:image:type\" content=\"image\/jpeg\" \/>\n<meta name=\"author\" content=\"infocongovirtuel\" \/>\n<meta name=\"twitter:card\" content=\"summary_large_image\" \/>\n<meta name=\"twitter:creator\" content=\"@congovirtuel\" \/>\n<meta name=\"twitter:site\" content=\"@congovirtuel\" \/>\n<meta name=\"twitter:label1\" content=\"\u00c9crit par\" \/>\n\t<meta name=\"twitter:data1\" content=\"infocongovirtuel\" \/>\n\t<meta name=\"twitter:label2\" content=\"Dur\u00e9e de lecture estim\u00e9e\" \/>\n\t<meta name=\"twitter:data2\" content=\"2 minutes\" \/>\n<script type=\"application\/ld+json\" class=\"yoast-schema-graph\">{\"@context\":\"https:\\\/\\\/schema.org\",\"@graph\":[{\"@type\":\"Article\",\"@id\":\"https:\\\/\\\/congovirtuel.com\\\/information\\\/rdc-le-chef-rebelle-makanika-sempare-de-kamombo-a-fizi\\\/#article\",\"isPartOf\":{\"@id\":\"https:\\\/\\\/congovirtuel.com\\\/information\\\/rdc-le-chef-rebelle-makanika-sempare-de-kamombo-a-fizi\\\/\"},\"author\":{\"name\":\"infocongovirtuel\",\"@id\":\"https:\\\/\\\/congovirtuel.com\\\/information\\\/#\\\/schema\\\/person\\\/739a44bf7990966cb53d58d2fdeca0b6\"},\"headline\":\"RDC : Le chef rebelle Makanika s\u2019empare de Kamombo \u00e0 Fizi\",\"datePublished\":\"2021-12-27T17:56:15+00:00\",\"dateModified\":\"2021-12-27T17:56:21+00:00\",\"mainEntityOfPage\":{\"@id\":\"https:\\\/\\\/congovirtuel.com\\\/information\\\/rdc-le-chef-rebelle-makanika-sempare-de-kamombo-a-fizi\\\/\"},\"wordCount\":350,\"commentCount\":0,\"publisher\":{\"@id\":\"https:\\\/\\\/congovirtuel.com\\\/information\\\/#organization\"},\"image\":{\"@id\":\"https:\\\/\\\/congovirtuel.com\\\/information\\\/rdc-le-chef-rebelle-makanika-sempare-de-kamombo-a-fizi\\\/#primaryimage\"},\"thumbnailUrl\":\"https:\\\/\\\/congovirtuel.com\\\/information\\\/wp-content\\\/uploads\\\/2021\\\/12\\\/Michel-Rukunda-1160x560-1.jpg\",\"keywords\":[\"Makaniki Beni\"],\"articleSection\":[\"Ins\u00e9curit\u00e9\"],\"inLanguage\":\"fr-FR\",\"potentialAction\":[{\"@type\":\"CommentAction\",\"name\":\"Comment\",\"target\":[\"https:\\\/\\\/congovirtuel.com\\\/information\\\/rdc-le-chef-rebelle-makanika-sempare-de-kamombo-a-fizi\\\/#respond\"]}]},{\"@type\":\"WebPage\",\"@id\":\"https:\\\/\\\/congovirtuel.com\\\/information\\\/rdc-le-chef-rebelle-makanika-sempare-de-kamombo-a-fizi\\\/\",\"url\":\"https:\\\/\\\/congovirtuel.com\\\/information\\\/rdc-le-chef-rebelle-makanika-sempare-de-kamombo-a-fizi\\\/\",\"name\":\"RDC : Le chef rebelle Makanika s\u2019empare de Kamombo \u00e0 Fizi - Actualit\u00e9s congolaises et internationales\",\"isPartOf\":{\"@id\":\"https:\\\/\\\/congovirtuel.com\\\/information\\\/#website\"},\"primaryImageOfPage\":{\"@id\":\"https:\\\/\\\/congovirtuel.com\\\/information\\\/rdc-le-chef-rebelle-makanika-sempare-de-kamombo-a-fizi\\\/#primaryimage\"},\"image\":{\"@id\":\"https:\\\/\\\/congovirtuel.com\\\/information\\\/rdc-le-chef-rebelle-makanika-sempare-de-kamombo-a-fizi\\\/#primaryimage\"},\"thumbnailUrl\":\"https:\\\/\\\/congovirtuel.com\\\/information\\\/wp-content\\\/uploads\\\/2021\\\/12\\\/Michel-Rukunda-1160x560-1.jpg\",\"datePublished\":\"2021-12-27T17:56:15+00:00\",\"dateModified\":\"2021-12-27T17:56:21+00:00\",\"breadcrumb\":{\"@id\":\"https:\\\/\\\/congovirtuel.com\\\/information\\\/rdc-le-chef-rebelle-makanika-sempare-de-kamombo-a-fizi\\\/#breadcrumb\"},\"inLanguage\":\"fr-FR\",\"potentialAction\":[{\"@type\":\"ReadAction\",\"target\":[\"https:\\\/\\\/congovirtuel.com\\\/information\\\/rdc-le-chef-rebelle-makanika-sempare-de-kamombo-a-fizi\\\/\"]}]},{\"@type\":\"ImageObject\",\"inLanguage\":\"fr-FR\",\"@id\":\"https:\\\/\\\/congovirtuel.com\\\/information\\\/rdc-le-chef-rebelle-makanika-sempare-de-kamombo-a-fizi\\\/#primaryimage\",\"url\":\"https:\\\/\\\/congovirtuel.com\\\/information\\\/wp-content\\\/uploads\\\/2021\\\/12\\\/Michel-Rukunda-1160x560-1.jpg\",\"contentUrl\":\"https:\\\/\\\/congovirtuel.com\\\/information\\\/wp-content\\\/uploads\\\/2021\\\/12\\\/Michel-Rukunda-1160x560-1.jpg\",\"width\":1160,\"height\":560},{\"@type\":\"BreadcrumbList\",\"@id\":\"https:\\\/\\\/congovirtuel.com\\\/information\\\/rdc-le-chef-rebelle-makanika-sempare-de-kamombo-a-fizi\\\/#breadcrumb\",\"itemListElement\":[{\"@type\":\"ListItem\",\"position\":1,\"name\":\"Accueil\",\"item\":\"https:\\\/\\\/congovirtuel.com\\\/information\\\/\"},{\"@type\":\"ListItem\",\"position\":2,\"name\":\"RDC : Le chef rebelle Makanika s\u2019empare de Kamombo \u00e0 Fizi\"}]},{\"@type\":\"WebSite\",\"@id\":\"https:\\\/\\\/congovirtuel.com\\\/information\\\/#website\",\"url\":\"https:\\\/\\\/congovirtuel.com\\\/information\\\/\",\"name\":\"Actualit\u00e9s congolaises et internationales\",\"description\":\"site d&#039;analyse et de traitement d&#039;information\",\"publisher\":{\"@id\":\"https:\\\/\\\/congovirtuel.com\\\/information\\\/#organization\"},\"potentialAction\":[{\"@type\":\"SearchAction\",\"target\":{\"@type\":\"EntryPoint\",\"urlTemplate\":\"https:\\\/\\\/congovirtuel.com\\\/information\\\/?s={search_term_string}\"},\"query-input\":{\"@type\":\"PropertyValueSpecification\",\"valueRequired\":true,\"valueName\":\"search_term_string\"}}],\"inLanguage\":\"fr-FR\"},{\"@type\":\"Organization\",\"@id\":\"https:\\\/\\\/congovirtuel.com\\\/information\\\/#organization\",\"name\":\"Biblioth\u00e8que Virtuelle de la RDC\",\"url\":\"https:\\\/\\\/congovirtuel.com\\\/information\\\/\",\"logo\":{\"@type\":\"ImageObject\",\"inLanguage\":\"fr-FR\",\"@id\":\"https:\\\/\\\/congovirtuel.com\\\/information\\\/#\\\/schema\\\/logo\\\/image\\\/\",\"url\":\"https:\\\/\\\/congovirtuel.com\\\/information\\\/wp-content\\\/uploads\\\/2018\\\/10\\\/header-info-congovirtuel-vraie.jpg\",\"contentUrl\":\"https:\\\/\\\/congovirtuel.com\\\/information\\\/wp-content\\\/uploads\\\/2018\\\/10\\\/header-info-congovirtuel-vraie.jpg\",\"width\":728,\"height\":90,\"caption\":\"Biblioth\u00e8que Virtuelle de la RDC\"},\"image\":{\"@id\":\"https:\\\/\\\/congovirtuel.com\\\/information\\\/#\\\/schema\\\/logo\\\/image\\\/\"},\"sameAs\":[\"https:\\\/\\\/web.facebook.com\\\/Congovirtuel-763617960319601\\\/?ref=aymt_homepage_panel&amp;amp;amp;amp;amp;amp;amp;amp;amp;amp;amp;eid=ARCoxULa66767kIgF_KYav6VdjXTI4yk_LW4yoVO9s6NXpysgb7Cb65vpxcxgqzOAKvIbLQxaAETcqHT\",\"https:\\\/\\\/x.com\\\/congovirtuel\",\"https:\\\/\\\/www.youtube.com\\\/channel\\\/UCkFfprYzGgS3EWNpeMXpToQ?view_as=subscriber\"]},{\"@type\":\"Person\",\"@id\":\"https:\\\/\\\/congovirtuel.com\\\/information\\\/#\\\/schema\\\/person\\\/739a44bf7990966cb53d58d2fdeca0b6\",\"name\":\"infocongovirtuel\",\"image\":{\"@type\":\"ImageObject\",\"inLanguage\":\"fr-FR\",\"@id\":\"https:\\\/\\\/secure.gravatar.com\\\/avatar\\\/4d76991aa72469f0eb22e772586c99113c6997f88da636a9db8f2ce3a2c05e69?s=96&d=mm&r=g\",\"url\":\"https:\\\/\\\/secure.gravatar.com\\\/avatar\\\/4d76991aa72469f0eb22e772586c99113c6997f88da636a9db8f2ce3a2c05e69?s=96&d=mm&r=g\",\"contentUrl\":\"https:\\\/\\\/secure.gravatar.com\\\/avatar\\\/4d76991aa72469f0eb22e772586c99113c6997f88da636a9db8f2ce3a2c05e69?s=96&d=mm&r=g\",\"caption\":\"infocongovirtuel\"},\"url\":\"https:\\\/\\\/congovirtuel.com\\\/information\\\/author\\\/infocongovirtuel\\\/\"}]}<\/script>\n<!-- \/ Yoast SEO plugin. -->","yoast_head_json":{"title":"RDC : Le chef rebelle Makanika s\u2019empare de Kamombo \u00e0 Fizi - Actualit\u00e9s congolaises et internationales","robots":{"index":"index","follow":"follow","max-snippet":"max-snippet:-1","max-image-preview":"max-image-preview:large","max-video-preview":"max-video-preview:-1"},"canonical":"https:\/\/congovirtuel.com\/information\/rdc-le-chef-rebelle-makanika-sempare-de-kamombo-a-fizi\/","og_locale":"fr_FR","og_type":"article","og_title":"RDC : Le chef rebelle Makanika s\u2019empare de Kamombo \u00e0 Fizi - Actualit\u00e9s congolaises et internationales","og_description":"Le colonel d\u00e9serteur des FARDC Michel Rukunda alias Makanika a exprim\u00e9 sa volont\u00e9 de rejoindre le dialogue \u00e0 condition que ce dernier soit facilit\u00e9 uniquement par la MONUSCO, \u00e0 Minembwe (Sud-Kivu), ont annonc\u00e9 les leaders locaux et les notables de Minembwe, mercredi 9 juin \u00e0 l\u2019issue de plusieurs rencontres cibl\u00e9es organis\u00e9es depuis le week-end dernier dans la r\u00e9gion. Initi\u00e9es par la section des affaires civiles de la MONUSCO, ces rencontres portent sur l\u2019\u00e9valuation de la situation actuelle de protection des civils \u00e0 Minembwe et dans ses environs. Les notables Banyamulenge&hellip;","og_url":"https:\/\/congovirtuel.com\/information\/rdc-le-chef-rebelle-makanika-sempare-de-kamombo-a-fizi\/","og_site_name":"Actualit\u00e9s congolaises et internationales","article_publisher":"https:\/\/web.facebook.com\/Congovirtuel-763617960319601\/?ref=aymt_homepage_panel&amp%3bamp%3bamp%3bamp%3bamp%3bamp%3bamp%3bamp%3bamp%3bamp%3bamp%3beid=ARCoxULa66767kIgF_KYav6VdjXTI4yk_LW4yoVO9s6NXpysgb7Cb65vpxcxgqzOAKvIbLQxaAETcqHT","article_published_time":"2021-12-27T17:56:15+00:00","article_modified_time":"2021-12-27T17:56:21+00:00","og_image":[{"width":1160,"height":560,"url":"https:\/\/congovirtuel.com\/information\/wp-content\/uploads\/2021\/12\/Michel-Rukunda-1160x560-1.jpg","type":"image\/jpeg"}],"author":"infocongovirtuel","twitter_card":"summary_large_image","twitter_creator":"@congovirtuel","twitter_site":"@congovirtuel","twitter_misc":{"\u00c9crit par":"infocongovirtuel","Dur\u00e9e de lecture estim\u00e9e":"2 minutes"},"schema":{"@context":"https:\/\/schema.org","@graph":[{"@type":"Article","@id":"https:\/\/congovirtuel.com\/information\/rdc-le-chef-rebelle-makanika-sempare-de-kamombo-a-fizi\/#article","isPartOf":{"@id":"https:\/\/congovirtuel.com\/information\/rdc-le-chef-rebelle-makanika-sempare-de-kamombo-a-fizi\/"},"author":{"name":"infocongovirtuel","@id":"https:\/\/congovirtuel.com\/information\/#\/schema\/person\/739a44bf7990966cb53d58d2fdeca0b6"},"headline":"RDC : Le chef rebelle Makanika s\u2019empare de Kamombo \u00e0 Fizi","datePublished":"2021-12-27T17:56:15+00:00","dateModified":"2021-12-27T17:56:21+00:00","mainEntityOfPage":{"@id":"https:\/\/congovirtuel.com\/information\/rdc-le-chef-rebelle-makanika-sempare-de-kamombo-a-fizi\/"},"wordCount":350,"commentCount":0,"publisher":{"@id":"https:\/\/congovirtuel.com\/information\/#organization"},"image":{"@id":"https:\/\/congovirtuel.com\/information\/rdc-le-chef-rebelle-makanika-sempare-de-kamombo-a-fizi\/#primaryimage"},"thumbnailUrl":"https:\/\/congovirtuel.com\/information\/wp-content\/uploads\/2021\/12\/Michel-Rukunda-1160x560-1.jpg","keywords":["Makaniki Beni"],"articleSection":["Ins\u00e9curit\u00e9"],"inLanguage":"fr-FR","potentialAction":[{"@type":"CommentAction","name":"Comment","target":["https:\/\/congovirtuel.com\/information\/rdc-le-chef-rebelle-makanika-sempare-de-kamombo-a-fizi\/#respond"]}]},{"@type":"WebPage","@id":"https:\/\/congovirtuel.com\/information\/rdc-le-chef-rebelle-makanika-sempare-de-kamombo-a-fizi\/","url":"https:\/\/congovirtuel.com\/information\/rdc-le-chef-rebelle-makanika-sempare-de-kamombo-a-fizi\/","name":"RDC : Le chef rebelle Makanika s\u2019empare de Kamombo \u00e0 Fizi - Actualit\u00e9s congolaises et internationales","isPartOf":{"@id":"https:\/\/congovirtuel.com\/information\/#website"},"primaryImageOfPage":{"@id":"https:\/\/congovirtuel.com\/information\/rdc-le-chef-rebelle-makanika-sempare-de-kamombo-a-fizi\/#primaryimage"},"image":{"@id":"https:\/\/congovirtuel.com\/information\/rdc-le-chef-rebelle-makanika-sempare-de-kamombo-a-fizi\/#primaryimage"},"thumbnailUrl":"https:\/\/congovirtuel.com\/information\/wp-content\/uploads\/2021\/12\/Michel-Rukunda-1160x560-1.jpg","datePublished":"2021-12-27T17:56:15+00:00","dateModified":"2021-12-27T17:56:21+00:00","breadcrumb":{"@id":"https:\/\/congovirtuel.com\/information\/rdc-le-chef-rebelle-makanika-sempare-de-kamombo-a-fizi\/#breadcrumb"},"inLanguage":"fr-FR","potentialAction":[{"@type":"ReadAction","target":["https:\/\/congovirtuel.com\/information\/rdc-le-chef-rebelle-makanika-sempare-de-kamombo-a-fizi\/"]}]},{"@type":"ImageObject","inLanguage":"fr-FR","@id":"https:\/\/congovirtuel.com\/information\/rdc-le-chef-rebelle-makanika-sempare-de-kamombo-a-fizi\/#primaryimage","url":"https:\/\/congovirtuel.com\/information\/wp-content\/uploads\/2021\/12\/Michel-Rukunda-1160x560-1.jpg","contentUrl":"https:\/\/congovirtuel.com\/information\/wp-content\/uploads\/2021\/12\/Michel-Rukunda-1160x560-1.jpg","width":1160,"height":560},{"@type":"BreadcrumbList","@id":"https:\/\/congovirtuel.com\/information\/rdc-le-chef-rebelle-makanika-sempare-de-kamombo-a-fizi\/#breadcrumb","itemListElement":[{"@type":"ListItem","position":1,"name":"Accueil","item":"https:\/\/congovirtuel.com\/information\/"},{"@type":"ListItem","position":2,"name":"RDC : Le chef rebelle Makanika s\u2019empare de Kamombo \u00e0 Fizi"}]},{"@type":"WebSite","@id":"https:\/\/congovirtuel.com\/information\/#website","url":"https:\/\/congovirtuel.com\/information\/","name":"Actualit\u00e9s congolaises et internationales","description":"site d&#039;analyse et de traitement d&#039;information","publisher":{"@id":"https:\/\/congovirtuel.com\/information\/#organization"},"potentialAction":[{"@type":"SearchAction","target":{"@type":"EntryPoint","urlTemplate":"https:\/\/congovirtuel.com\/information\/?s={search_term_string}"},"query-input":{"@type":"PropertyValueSpecification","valueRequired":true,"valueName":"search_term_string"}}],"inLanguage":"fr-FR"},{"@type":"Organization","@id":"https:\/\/congovirtuel.com\/information\/#organization","name":"Biblioth\u00e8que Virtuelle de la RDC","url":"https:\/\/congovirtuel.com\/information\/","logo":{"@type":"ImageObject","inLanguage":"fr-FR","@id":"https:\/\/congovirtuel.com\/information\/#\/schema\/logo\/image\/","url":"https:\/\/congovirtuel.com\/information\/wp-content\/uploads\/2018\/10\/header-info-congovirtuel-vraie.jpg","contentUrl":"https:\/\/congovirtuel.com\/information\/wp-content\/uploads\/2018\/10\/header-info-congovirtuel-vraie.jpg","width":728,"height":90,"caption":"Biblioth\u00e8que Virtuelle de la RDC"},"image":{"@id":"https:\/\/congovirtuel.com\/information\/#\/schema\/logo\/image\/"},"sameAs":["https:\/\/web.facebook.com\/Congovirtuel-763617960319601\/?ref=aymt_homepage_panel&amp;amp;amp;amp;amp;amp;amp;amp;amp;amp;amp;eid=ARCoxULa66767kIgF_KYav6VdjXTI4yk_LW4yoVO9s6NXpysgb7Cb65vpxcxgqzOAKvIbLQxaAETcqHT","https:\/\/x.com\/congovirtuel","https:\/\/www.youtube.com\/channel\/UCkFfprYzGgS3EWNpeMXpToQ?view_as=subscriber"]},{"@type":"Person","@id":"https:\/\/congovirtuel.com\/information\/#\/schema\/person\/739a44bf7990966cb53d58d2fdeca0b6","name":"infocongovirtuel","image":{"@type":"ImageObject","inLanguage":"fr-FR","@id":"https:\/\/secure.gravatar.com\/avatar\/4d76991aa72469f0eb22e772586c99113c6997f88da636a9db8f2ce3a2c05e69?s=96&d=mm&r=g","url":"https:\/\/secure.gravatar.com\/avatar\/4d76991aa72469f0eb22e772586c99113c6997f88da636a9db8f2ce3a2c05e69?s=96&d=mm&r=g","contentUrl":"https:\/\/secure.gravatar.com\/avatar\/4d76991aa72469f0eb22e772586c99113c6997f88da636a9db8f2ce3a2c05e69?s=96&d=mm&r=g","caption":"infocongovirtuel"},"url":"https:\/\/congovirtuel.com\/information\/author\/infocongovirtuel\/"}]}},"gt_translate_keys":[{"key":"link","format":"url"}],"_links":{"self":[{"href":"https:\/\/congovirtuel.com\/information\/wp-json\/wp\/v2\/posts\/16687","targetHints":{"allow":["GET"]}}],"collection":[{"href":"https:\/\/congovirtuel.com\/information\/wp-json\/wp\/v2\/posts"}],"about":[{"href":"https:\/\/congovirtuel.com\/information\/wp-json\/wp\/v2\/types\/post"}],"author":[{"embeddable":true,"href":"https:\/\/congovirtuel.com\/information\/wp-json\/wp\/v2\/users\/1"}],"replies":[{"embeddable":true,"href":"https:\/\/congovirtuel.com\/information\/wp-json\/wp\/v2\/comments?post=16687"}],"version-history":[{"count":1,"href":"https:\/\/congovirtuel.com\/information\/wp-json\/wp\/v2\/posts\/16687\/revisions"}],"predecessor-version":[{"id":16690,"href":"https:\/\/congovirtuel.com\/information\/wp-json\/wp\/v2\/posts\/16687\/revisions\/16690"}],"wp:featuredmedia":[{"embeddable":true,"href":"https:\/\/congovirtuel.com\/information\/wp-json\/wp\/v2\/media\/16689"}],"wp:attachment":[{"href":"https:\/\/congovirtuel.com\/information\/wp-json\/wp\/v2\/media?parent=16687"}],"wp:term":[{"taxonomy":"category","embeddable":true,"href":"https:\/\/congovirtuel.com\/information\/wp-json\/wp\/v2\/categories?post=16687"},{"taxonomy":"post_tag","embeddable":true,"href":"https:\/\/congovirtuel.com\/information\/wp-json\/wp\/v2\/tags?post=16687"}],"curies":[{"name":"wp","href":"https:\/\/api.w.org\/{rel}","templated":true}]}}