{"id":16758,"date":"2021-12-29T14:49:16","date_gmt":"2021-12-29T13:49:16","guid":{"rendered":"https:\/\/congovirtuel.com\/information\/?p=16758"},"modified":"2021-12-29T14:49:21","modified_gmt":"2021-12-29T13:49:21","slug":"rdc-pddrc-s-le-vice-ministre-des-affaires-etrangeres-est-arrive-a-bunia","status":"publish","type":"post","link":"https:\/\/congovirtuel.com\/information\/rdc-pddrc-s-le-vice-ministre-des-affaires-etrangeres-est-arrive-a-bunia\/","title":{"rendered":"RDC : PDDRC-S, le Vice-ministre des affaires \u00e9trang\u00e8res est arriv\u00e9 \u00e0 Bunia","gt_translate_keys":[{"key":"rendered","format":"text"}]},"content":{"rendered":"\n<p class=\"wp-block-paragraph\">Le Vice-ministre des affaires \u00e9trang\u00e8res s\u00e9journe depuis l\u2019apr\u00e8s-midi de ce mardi 28 d\u00e9cembre 2021 dans la ville de Bunia, chef-lieu de la province de l\u2019Ituri dans la partie Est de la R\u00e9publique D\u00e9mocratique du Congo.<\/p>\n\n\n\n<p class=\"wp-block-paragraph\">S.E Samuel Adubango Awotho dit venir dans cette province dans l\u2019objectif de lancer le programme de d\u00e9sarmement, d\u00e9mobilisation, r\u00e9insertion communautaire et stabilit\u00e9 (PDDRC-S).<\/p>\n\n\n\n<p class=\"wp-block-paragraph\">Dans un entretien avec la presse locale ce mardi 28 d\u00e9cembre, ce membre du gouvernement Sama Lukonde a estim\u00e9 qu\u2019il est temps que les groupes arm\u00e9s locaux d\u00e9posent les armes et adh\u00e9rent effectivement au processus de reddition volontaire.<\/p>\n\n\n\n<p class=\"wp-block-paragraph\">\u00ab Je suis venu officiellement lancer le programme DDRC-S, programme tr\u00e8s ambitieux. Le message est le seul, je ne parlerais pas des groupes arm\u00e9s, mais je parlerais plut\u00f4t de mes fr\u00e8res qui ont pris les armes, je dois relativiser. Le moment est venu pour qu\u2019ils d\u00e9posent les armes \u00bb a-t-il expliqu\u00e9.<\/p>\n\n\n\n<p class=\"wp-block-paragraph\">Sur place \u00e0 Bunia, le vice ministre des affaires \u00e9trang\u00e8res dit attendre le coordonnateur national de ce programme dans les 72 heures qui suivent \u00e0 dater de ce mardi, pour qu\u2019ensemble, les deux m\u00e8nent une s\u00e9rie d\u2019actions marquant l\u2019effectivit\u00e9 de ce programme dans cette province, d\u00e9chir\u00e9e par des cycles des violences li\u00e9es \u00e0 l\u2019ins\u00e9curit\u00e9 entretenue par des groupes arm\u00e9s.<\/p>\n\n\n\n<p class=\"wp-block-paragraph\"><strong>KAKULE Sikwaya D\u00e9puis Beni<\/strong><\/p>\n","protected":false,"gt_translate_keys":[{"key":"rendered","format":"html"}]},"excerpt":{"rendered":"<p>Le Vice-ministre des affaires \u00e9trang\u00e8res s\u00e9journe depuis l\u2019apr\u00e8s-midi de ce mardi 28 d\u00e9cembre 2021 dans la ville de Bunia, chef-lieu de la province de l\u2019Ituri dans la partie Est de la R\u00e9publique D\u00e9mocratique du Congo. S.E Samuel Adubango Awotho dit venir dans cette province dans l\u2019objectif de lancer le programme de d\u00e9sarmement, d\u00e9mobilisation, r\u00e9insertion communautaire et stabilit\u00e9 (PDDRC-S). Dans un entretien avec la presse locale ce mardi 28 d\u00e9cembre, ce membre du gouvernement Sama Lukonde a estim\u00e9 qu\u2019il est temps que les groupes arm\u00e9s locaux d\u00e9posent les armes et adh\u00e9rent&hellip;<\/p>\n","protected":false,"gt_translate_keys":[{"key":"rendered","format":"html"}]},"author":1,"featured_media":16760,"comment_status":"open","ping_status":"open","sticky":false,"template":"","format":"standard","meta":{"_crdt_document":"","footnotes":""},"categories":[199],"tags":[32267],"class_list":["post-16758","post","type-post","status-publish","format-standard","has-post-thumbnail","hentry","category-insecurite","tag-pddrc-s-bunia"],"gutentor_comment":0,"yoast_head":"<!-- This site is optimized with the Yoast SEO plugin v27.5 - https:\/\/yoast.com\/product\/yoast-seo-wordpress\/ -->\n<title>RDC : PDDRC-S, le Vice-ministre des affaires \u00e9trang\u00e8res est arriv\u00e9 \u00e0 Bunia - Actualit\u00e9s congolaises et internationales<\/title>\n<meta name=\"robots\" content=\"index, follow, max-snippet:-1, max-image-preview:large, max-video-preview:-1\" \/>\n<link rel=\"canonical\" href=\"https:\/\/congovirtuel.com\/information\/rdc-pddrc-s-le-vice-ministre-des-affaires-etrangeres-est-arrive-a-bunia\/\" \/>\n<meta property=\"og:locale\" content=\"fr_FR\" \/>\n<meta property=\"og:type\" content=\"article\" \/>\n<meta property=\"og:title\" content=\"RDC : PDDRC-S, le Vice-ministre des affaires \u00e9trang\u00e8res est arriv\u00e9 \u00e0 Bunia - Actualit\u00e9s congolaises et internationales\" \/>\n<meta property=\"og:description\" content=\"Le Vice-ministre des affaires \u00e9trang\u00e8res s\u00e9journe depuis l\u2019apr\u00e8s-midi de ce mardi 28 d\u00e9cembre 2021 dans la ville de Bunia, chef-lieu de la province de l\u2019Ituri dans la partie Est de la R\u00e9publique D\u00e9mocratique du Congo. S.E Samuel Adubango Awotho dit venir dans cette province dans l\u2019objectif de lancer le programme de d\u00e9sarmement, d\u00e9mobilisation, r\u00e9insertion communautaire et stabilit\u00e9 (PDDRC-S). Dans un entretien avec la presse locale ce mardi 28 d\u00e9cembre, ce membre du gouvernement Sama Lukonde a estim\u00e9 qu\u2019il est temps que les groupes arm\u00e9s locaux d\u00e9posent les armes et adh\u00e9rent&hellip;\" \/>\n<meta property=\"og:url\" content=\"https:\/\/congovirtuel.com\/information\/rdc-pddrc-s-le-vice-ministre-des-affaires-etrangeres-est-arrive-a-bunia\/\" \/>\n<meta property=\"og:site_name\" content=\"Actualit\u00e9s congolaises et internationales\" \/>\n<meta property=\"article:publisher\" content=\"https:\/\/web.facebook.com\/Congovirtuel-763617960319601\/?ref=aymt_homepage_panel&amp;amp%3bamp%3bamp%3bamp%3bamp%3bamp%3bamp%3bamp%3bamp%3bamp%3bamp%3beid=ARCoxULa66767kIgF_KYav6VdjXTI4yk_LW4yoVO9s6NXpysgb7Cb65vpxcxgqzOAKvIbLQxaAETcqHT\" \/>\n<meta property=\"article:published_time\" content=\"2021-12-29T13:49:16+00:00\" \/>\n<meta property=\"article:modified_time\" content=\"2021-12-29T13:49:21+00:00\" \/>\n<meta property=\"og:image\" content=\"https:\/\/congovirtuel.com\/information\/wp-content\/uploads\/2021\/12\/IMG-20211229-WA0032.jpg\" \/>\n\t<meta property=\"og:image:width\" content=\"667\" \/>\n\t<meta property=\"og:image:height\" content=\"949\" \/>\n\t<meta property=\"og:image:type\" content=\"image\/jpeg\" \/>\n<meta name=\"author\" content=\"infocongovirtuel\" \/>\n<meta name=\"twitter:card\" content=\"summary_large_image\" \/>\n<meta name=\"twitter:creator\" content=\"@congovirtuel\" \/>\n<meta name=\"twitter:site\" content=\"@congovirtuel\" \/>\n<meta name=\"twitter:label1\" content=\"\u00c9crit par\" \/>\n\t<meta name=\"twitter:data1\" content=\"infocongovirtuel\" \/>\n\t<meta name=\"twitter:label2\" content=\"Dur\u00e9e de lecture estim\u00e9e\" \/>\n\t<meta name=\"twitter:data2\" content=\"2 minutes\" \/>\n<script type=\"application\/ld+json\" class=\"yoast-schema-graph\">{\"@context\":\"https:\\\/\\\/schema.org\",\"@graph\":[{\"@type\":\"Article\",\"@id\":\"https:\\\/\\\/congovirtuel.com\\\/information\\\/rdc-pddrc-s-le-vice-ministre-des-affaires-etrangeres-est-arrive-a-bunia\\\/#article\",\"isPartOf\":{\"@id\":\"https:\\\/\\\/congovirtuel.com\\\/information\\\/rdc-pddrc-s-le-vice-ministre-des-affaires-etrangeres-est-arrive-a-bunia\\\/\"},\"author\":{\"name\":\"infocongovirtuel\",\"@id\":\"https:\\\/\\\/congovirtuel.com\\\/information\\\/#\\\/schema\\\/person\\\/739a44bf7990966cb53d58d2fdeca0b6\"},\"headline\":\"RDC : PDDRC-S, le Vice-ministre des affaires \u00e9trang\u00e8res est arriv\u00e9 \u00e0 Bunia\",\"datePublished\":\"2021-12-29T13:49:16+00:00\",\"dateModified\":\"2021-12-29T13:49:21+00:00\",\"mainEntityOfPage\":{\"@id\":\"https:\\\/\\\/congovirtuel.com\\\/information\\\/rdc-pddrc-s-le-vice-ministre-des-affaires-etrangeres-est-arrive-a-bunia\\\/\"},\"wordCount\":249,\"commentCount\":0,\"publisher\":{\"@id\":\"https:\\\/\\\/congovirtuel.com\\\/information\\\/#organization\"},\"image\":{\"@id\":\"https:\\\/\\\/congovirtuel.com\\\/information\\\/rdc-pddrc-s-le-vice-ministre-des-affaires-etrangeres-est-arrive-a-bunia\\\/#primaryimage\"},\"thumbnailUrl\":\"https:\\\/\\\/congovirtuel.com\\\/information\\\/wp-content\\\/uploads\\\/2021\\\/12\\\/IMG-20211229-WA0032.jpg\",\"keywords\":[\"(PDDRC-S) Bunia\"],\"articleSection\":[\"Ins\u00e9curit\u00e9\"],\"inLanguage\":\"fr-FR\",\"potentialAction\":[{\"@type\":\"CommentAction\",\"name\":\"Comment\",\"target\":[\"https:\\\/\\\/congovirtuel.com\\\/information\\\/rdc-pddrc-s-le-vice-ministre-des-affaires-etrangeres-est-arrive-a-bunia\\\/#respond\"]}]},{\"@type\":\"WebPage\",\"@id\":\"https:\\\/\\\/congovirtuel.com\\\/information\\\/rdc-pddrc-s-le-vice-ministre-des-affaires-etrangeres-est-arrive-a-bunia\\\/\",\"url\":\"https:\\\/\\\/congovirtuel.com\\\/information\\\/rdc-pddrc-s-le-vice-ministre-des-affaires-etrangeres-est-arrive-a-bunia\\\/\",\"name\":\"RDC : PDDRC-S, le Vice-ministre des affaires \u00e9trang\u00e8res est arriv\u00e9 \u00e0 Bunia - Actualit\u00e9s congolaises et internationales\",\"isPartOf\":{\"@id\":\"https:\\\/\\\/congovirtuel.com\\\/information\\\/#website\"},\"primaryImageOfPage\":{\"@id\":\"https:\\\/\\\/congovirtuel.com\\\/information\\\/rdc-pddrc-s-le-vice-ministre-des-affaires-etrangeres-est-arrive-a-bunia\\\/#primaryimage\"},\"image\":{\"@id\":\"https:\\\/\\\/congovirtuel.com\\\/information\\\/rdc-pddrc-s-le-vice-ministre-des-affaires-etrangeres-est-arrive-a-bunia\\\/#primaryimage\"},\"thumbnailUrl\":\"https:\\\/\\\/congovirtuel.com\\\/information\\\/wp-content\\\/uploads\\\/2021\\\/12\\\/IMG-20211229-WA0032.jpg\",\"datePublished\":\"2021-12-29T13:49:16+00:00\",\"dateModified\":\"2021-12-29T13:49:21+00:00\",\"breadcrumb\":{\"@id\":\"https:\\\/\\\/congovirtuel.com\\\/information\\\/rdc-pddrc-s-le-vice-ministre-des-affaires-etrangeres-est-arrive-a-bunia\\\/#breadcrumb\"},\"inLanguage\":\"fr-FR\",\"potentialAction\":[{\"@type\":\"ReadAction\",\"target\":[\"https:\\\/\\\/congovirtuel.com\\\/information\\\/rdc-pddrc-s-le-vice-ministre-des-affaires-etrangeres-est-arrive-a-bunia\\\/\"]}]},{\"@type\":\"ImageObject\",\"inLanguage\":\"fr-FR\",\"@id\":\"https:\\\/\\\/congovirtuel.com\\\/information\\\/rdc-pddrc-s-le-vice-ministre-des-affaires-etrangeres-est-arrive-a-bunia\\\/#primaryimage\",\"url\":\"https:\\\/\\\/congovirtuel.com\\\/information\\\/wp-content\\\/uploads\\\/2021\\\/12\\\/IMG-20211229-WA0032.jpg\",\"contentUrl\":\"https:\\\/\\\/congovirtuel.com\\\/information\\\/wp-content\\\/uploads\\\/2021\\\/12\\\/IMG-20211229-WA0032.jpg\",\"width\":667,\"height\":949},{\"@type\":\"BreadcrumbList\",\"@id\":\"https:\\\/\\\/congovirtuel.com\\\/information\\\/rdc-pddrc-s-le-vice-ministre-des-affaires-etrangeres-est-arrive-a-bunia\\\/#breadcrumb\",\"itemListElement\":[{\"@type\":\"ListItem\",\"position\":1,\"name\":\"Accueil\",\"item\":\"https:\\\/\\\/congovirtuel.com\\\/information\\\/\"},{\"@type\":\"ListItem\",\"position\":2,\"name\":\"RDC : PDDRC-S, le Vice-ministre des affaires \u00e9trang\u00e8res est arriv\u00e9 \u00e0 Bunia\"}]},{\"@type\":\"WebSite\",\"@id\":\"https:\\\/\\\/congovirtuel.com\\\/information\\\/#website\",\"url\":\"https:\\\/\\\/congovirtuel.com\\\/information\\\/\",\"name\":\"Actualit\u00e9s congolaises et internationales\",\"description\":\"site d&#039;analyse et de traitement d&#039;information\",\"publisher\":{\"@id\":\"https:\\\/\\\/congovirtuel.com\\\/information\\\/#organization\"},\"potentialAction\":[{\"@type\":\"SearchAction\",\"target\":{\"@type\":\"EntryPoint\",\"urlTemplate\":\"https:\\\/\\\/congovirtuel.com\\\/information\\\/?s={search_term_string}\"},\"query-input\":{\"@type\":\"PropertyValueSpecification\",\"valueRequired\":true,\"valueName\":\"search_term_string\"}}],\"inLanguage\":\"fr-FR\"},{\"@type\":\"Organization\",\"@id\":\"https:\\\/\\\/congovirtuel.com\\\/information\\\/#organization\",\"name\":\"Biblioth\u00e8que Virtuelle de la RDC\",\"url\":\"https:\\\/\\\/congovirtuel.com\\\/information\\\/\",\"logo\":{\"@type\":\"ImageObject\",\"inLanguage\":\"fr-FR\",\"@id\":\"https:\\\/\\\/congovirtuel.com\\\/information\\\/#\\\/schema\\\/logo\\\/image\\\/\",\"url\":\"https:\\\/\\\/congovirtuel.com\\\/information\\\/wp-content\\\/uploads\\\/2018\\\/10\\\/header-info-congovirtuel-vraie.jpg\",\"contentUrl\":\"https:\\\/\\\/congovirtuel.com\\\/information\\\/wp-content\\\/uploads\\\/2018\\\/10\\\/header-info-congovirtuel-vraie.jpg\",\"width\":728,\"height\":90,\"caption\":\"Biblioth\u00e8que Virtuelle de la RDC\"},\"image\":{\"@id\":\"https:\\\/\\\/congovirtuel.com\\\/information\\\/#\\\/schema\\\/logo\\\/image\\\/\"},\"sameAs\":[\"https:\\\/\\\/web.facebook.com\\\/Congovirtuel-763617960319601\\\/?ref=aymt_homepage_panel&amp;amp;amp;amp;amp;amp;amp;amp;amp;amp;amp;eid=ARCoxULa66767kIgF_KYav6VdjXTI4yk_LW4yoVO9s6NXpysgb7Cb65vpxcxgqzOAKvIbLQxaAETcqHT\",\"https:\\\/\\\/x.com\\\/congovirtuel\",\"https:\\\/\\\/www.youtube.com\\\/channel\\\/UCkFfprYzGgS3EWNpeMXpToQ?view_as=subscriber\"]},{\"@type\":\"Person\",\"@id\":\"https:\\\/\\\/congovirtuel.com\\\/information\\\/#\\\/schema\\\/person\\\/739a44bf7990966cb53d58d2fdeca0b6\",\"name\":\"infocongovirtuel\",\"image\":{\"@type\":\"ImageObject\",\"inLanguage\":\"fr-FR\",\"@id\":\"https:\\\/\\\/secure.gravatar.com\\\/avatar\\\/4d76991aa72469f0eb22e772586c99113c6997f88da636a9db8f2ce3a2c05e69?s=96&d=mm&r=g\",\"url\":\"https:\\\/\\\/secure.gravatar.com\\\/avatar\\\/4d76991aa72469f0eb22e772586c99113c6997f88da636a9db8f2ce3a2c05e69?s=96&d=mm&r=g\",\"contentUrl\":\"https:\\\/\\\/secure.gravatar.com\\\/avatar\\\/4d76991aa72469f0eb22e772586c99113c6997f88da636a9db8f2ce3a2c05e69?s=96&d=mm&r=g\",\"caption\":\"infocongovirtuel\"},\"url\":\"https:\\\/\\\/congovirtuel.com\\\/information\\\/author\\\/infocongovirtuel\\\/\"}]}<\/script>\n<!-- \/ Yoast SEO plugin. -->","yoast_head_json":{"title":"RDC : PDDRC-S, le Vice-ministre des affaires \u00e9trang\u00e8res est arriv\u00e9 \u00e0 Bunia - Actualit\u00e9s congolaises et internationales","robots":{"index":"index","follow":"follow","max-snippet":"max-snippet:-1","max-image-preview":"max-image-preview:large","max-video-preview":"max-video-preview:-1"},"canonical":"https:\/\/congovirtuel.com\/information\/rdc-pddrc-s-le-vice-ministre-des-affaires-etrangeres-est-arrive-a-bunia\/","og_locale":"fr_FR","og_type":"article","og_title":"RDC : PDDRC-S, le Vice-ministre des affaires \u00e9trang\u00e8res est arriv\u00e9 \u00e0 Bunia - Actualit\u00e9s congolaises et internationales","og_description":"Le Vice-ministre des affaires \u00e9trang\u00e8res s\u00e9journe depuis l\u2019apr\u00e8s-midi de ce mardi 28 d\u00e9cembre 2021 dans la ville de Bunia, chef-lieu de la province de l\u2019Ituri dans la partie Est de la R\u00e9publique D\u00e9mocratique du Congo. S.E Samuel Adubango Awotho dit venir dans cette province dans l\u2019objectif de lancer le programme de d\u00e9sarmement, d\u00e9mobilisation, r\u00e9insertion communautaire et stabilit\u00e9 (PDDRC-S). Dans un entretien avec la presse locale ce mardi 28 d\u00e9cembre, ce membre du gouvernement Sama Lukonde a estim\u00e9 qu\u2019il est temps que les groupes arm\u00e9s locaux d\u00e9posent les armes et adh\u00e9rent&hellip;","og_url":"https:\/\/congovirtuel.com\/information\/rdc-pddrc-s-le-vice-ministre-des-affaires-etrangeres-est-arrive-a-bunia\/","og_site_name":"Actualit\u00e9s congolaises et internationales","article_publisher":"https:\/\/web.facebook.com\/Congovirtuel-763617960319601\/?ref=aymt_homepage_panel&amp%3bamp%3bamp%3bamp%3bamp%3bamp%3bamp%3bamp%3bamp%3bamp%3bamp%3beid=ARCoxULa66767kIgF_KYav6VdjXTI4yk_LW4yoVO9s6NXpysgb7Cb65vpxcxgqzOAKvIbLQxaAETcqHT","article_published_time":"2021-12-29T13:49:16+00:00","article_modified_time":"2021-12-29T13:49:21+00:00","og_image":[{"width":667,"height":949,"url":"https:\/\/congovirtuel.com\/information\/wp-content\/uploads\/2021\/12\/IMG-20211229-WA0032.jpg","type":"image\/jpeg"}],"author":"infocongovirtuel","twitter_card":"summary_large_image","twitter_creator":"@congovirtuel","twitter_site":"@congovirtuel","twitter_misc":{"\u00c9crit par":"infocongovirtuel","Dur\u00e9e de lecture estim\u00e9e":"2 minutes"},"schema":{"@context":"https:\/\/schema.org","@graph":[{"@type":"Article","@id":"https:\/\/congovirtuel.com\/information\/rdc-pddrc-s-le-vice-ministre-des-affaires-etrangeres-est-arrive-a-bunia\/#article","isPartOf":{"@id":"https:\/\/congovirtuel.com\/information\/rdc-pddrc-s-le-vice-ministre-des-affaires-etrangeres-est-arrive-a-bunia\/"},"author":{"name":"infocongovirtuel","@id":"https:\/\/congovirtuel.com\/information\/#\/schema\/person\/739a44bf7990966cb53d58d2fdeca0b6"},"headline":"RDC : PDDRC-S, le Vice-ministre des affaires \u00e9trang\u00e8res est arriv\u00e9 \u00e0 Bunia","datePublished":"2021-12-29T13:49:16+00:00","dateModified":"2021-12-29T13:49:21+00:00","mainEntityOfPage":{"@id":"https:\/\/congovirtuel.com\/information\/rdc-pddrc-s-le-vice-ministre-des-affaires-etrangeres-est-arrive-a-bunia\/"},"wordCount":249,"commentCount":0,"publisher":{"@id":"https:\/\/congovirtuel.com\/information\/#organization"},"image":{"@id":"https:\/\/congovirtuel.com\/information\/rdc-pddrc-s-le-vice-ministre-des-affaires-etrangeres-est-arrive-a-bunia\/#primaryimage"},"thumbnailUrl":"https:\/\/congovirtuel.com\/information\/wp-content\/uploads\/2021\/12\/IMG-20211229-WA0032.jpg","keywords":["(PDDRC-S) Bunia"],"articleSection":["Ins\u00e9curit\u00e9"],"inLanguage":"fr-FR","potentialAction":[{"@type":"CommentAction","name":"Comment","target":["https:\/\/congovirtuel.com\/information\/rdc-pddrc-s-le-vice-ministre-des-affaires-etrangeres-est-arrive-a-bunia\/#respond"]}]},{"@type":"WebPage","@id":"https:\/\/congovirtuel.com\/information\/rdc-pddrc-s-le-vice-ministre-des-affaires-etrangeres-est-arrive-a-bunia\/","url":"https:\/\/congovirtuel.com\/information\/rdc-pddrc-s-le-vice-ministre-des-affaires-etrangeres-est-arrive-a-bunia\/","name":"RDC : PDDRC-S, le Vice-ministre des affaires \u00e9trang\u00e8res est arriv\u00e9 \u00e0 Bunia - Actualit\u00e9s congolaises et internationales","isPartOf":{"@id":"https:\/\/congovirtuel.com\/information\/#website"},"primaryImageOfPage":{"@id":"https:\/\/congovirtuel.com\/information\/rdc-pddrc-s-le-vice-ministre-des-affaires-etrangeres-est-arrive-a-bunia\/#primaryimage"},"image":{"@id":"https:\/\/congovirtuel.com\/information\/rdc-pddrc-s-le-vice-ministre-des-affaires-etrangeres-est-arrive-a-bunia\/#primaryimage"},"thumbnailUrl":"https:\/\/congovirtuel.com\/information\/wp-content\/uploads\/2021\/12\/IMG-20211229-WA0032.jpg","datePublished":"2021-12-29T13:49:16+00:00","dateModified":"2021-12-29T13:49:21+00:00","breadcrumb":{"@id":"https:\/\/congovirtuel.com\/information\/rdc-pddrc-s-le-vice-ministre-des-affaires-etrangeres-est-arrive-a-bunia\/#breadcrumb"},"inLanguage":"fr-FR","potentialAction":[{"@type":"ReadAction","target":["https:\/\/congovirtuel.com\/information\/rdc-pddrc-s-le-vice-ministre-des-affaires-etrangeres-est-arrive-a-bunia\/"]}]},{"@type":"ImageObject","inLanguage":"fr-FR","@id":"https:\/\/congovirtuel.com\/information\/rdc-pddrc-s-le-vice-ministre-des-affaires-etrangeres-est-arrive-a-bunia\/#primaryimage","url":"https:\/\/congovirtuel.com\/information\/wp-content\/uploads\/2021\/12\/IMG-20211229-WA0032.jpg","contentUrl":"https:\/\/congovirtuel.com\/information\/wp-content\/uploads\/2021\/12\/IMG-20211229-WA0032.jpg","width":667,"height":949},{"@type":"BreadcrumbList","@id":"https:\/\/congovirtuel.com\/information\/rdc-pddrc-s-le-vice-ministre-des-affaires-etrangeres-est-arrive-a-bunia\/#breadcrumb","itemListElement":[{"@type":"ListItem","position":1,"name":"Accueil","item":"https:\/\/congovirtuel.com\/information\/"},{"@type":"ListItem","position":2,"name":"RDC : PDDRC-S, le Vice-ministre des affaires \u00e9trang\u00e8res est arriv\u00e9 \u00e0 Bunia"}]},{"@type":"WebSite","@id":"https:\/\/congovirtuel.com\/information\/#website","url":"https:\/\/congovirtuel.com\/information\/","name":"Actualit\u00e9s congolaises et internationales","description":"site d&#039;analyse et de traitement d&#039;information","publisher":{"@id":"https:\/\/congovirtuel.com\/information\/#organization"},"potentialAction":[{"@type":"SearchAction","target":{"@type":"EntryPoint","urlTemplate":"https:\/\/congovirtuel.com\/information\/?s={search_term_string}"},"query-input":{"@type":"PropertyValueSpecification","valueRequired":true,"valueName":"search_term_string"}}],"inLanguage":"fr-FR"},{"@type":"Organization","@id":"https:\/\/congovirtuel.com\/information\/#organization","name":"Biblioth\u00e8que Virtuelle de la RDC","url":"https:\/\/congovirtuel.com\/information\/","logo":{"@type":"ImageObject","inLanguage":"fr-FR","@id":"https:\/\/congovirtuel.com\/information\/#\/schema\/logo\/image\/","url":"https:\/\/congovirtuel.com\/information\/wp-content\/uploads\/2018\/10\/header-info-congovirtuel-vraie.jpg","contentUrl":"https:\/\/congovirtuel.com\/information\/wp-content\/uploads\/2018\/10\/header-info-congovirtuel-vraie.jpg","width":728,"height":90,"caption":"Biblioth\u00e8que Virtuelle de la RDC"},"image":{"@id":"https:\/\/congovirtuel.com\/information\/#\/schema\/logo\/image\/"},"sameAs":["https:\/\/web.facebook.com\/Congovirtuel-763617960319601\/?ref=aymt_homepage_panel&amp;amp;amp;amp;amp;amp;amp;amp;amp;amp;amp;eid=ARCoxULa66767kIgF_KYav6VdjXTI4yk_LW4yoVO9s6NXpysgb7Cb65vpxcxgqzOAKvIbLQxaAETcqHT","https:\/\/x.com\/congovirtuel","https:\/\/www.youtube.com\/channel\/UCkFfprYzGgS3EWNpeMXpToQ?view_as=subscriber"]},{"@type":"Person","@id":"https:\/\/congovirtuel.com\/information\/#\/schema\/person\/739a44bf7990966cb53d58d2fdeca0b6","name":"infocongovirtuel","image":{"@type":"ImageObject","inLanguage":"fr-FR","@id":"https:\/\/secure.gravatar.com\/avatar\/4d76991aa72469f0eb22e772586c99113c6997f88da636a9db8f2ce3a2c05e69?s=96&d=mm&r=g","url":"https:\/\/secure.gravatar.com\/avatar\/4d76991aa72469f0eb22e772586c99113c6997f88da636a9db8f2ce3a2c05e69?s=96&d=mm&r=g","contentUrl":"https:\/\/secure.gravatar.com\/avatar\/4d76991aa72469f0eb22e772586c99113c6997f88da636a9db8f2ce3a2c05e69?s=96&d=mm&r=g","caption":"infocongovirtuel"},"url":"https:\/\/congovirtuel.com\/information\/author\/infocongovirtuel\/"}]}},"gt_translate_keys":[{"key":"link","format":"url"}],"_links":{"self":[{"href":"https:\/\/congovirtuel.com\/information\/wp-json\/wp\/v2\/posts\/16758","targetHints":{"allow":["GET"]}}],"collection":[{"href":"https:\/\/congovirtuel.com\/information\/wp-json\/wp\/v2\/posts"}],"about":[{"href":"https:\/\/congovirtuel.com\/information\/wp-json\/wp\/v2\/types\/post"}],"author":[{"embeddable":true,"href":"https:\/\/congovirtuel.com\/information\/wp-json\/wp\/v2\/users\/1"}],"replies":[{"embeddable":true,"href":"https:\/\/congovirtuel.com\/information\/wp-json\/wp\/v2\/comments?post=16758"}],"version-history":[{"count":1,"href":"https:\/\/congovirtuel.com\/information\/wp-json\/wp\/v2\/posts\/16758\/revisions"}],"predecessor-version":[{"id":16761,"href":"https:\/\/congovirtuel.com\/information\/wp-json\/wp\/v2\/posts\/16758\/revisions\/16761"}],"wp:featuredmedia":[{"embeddable":true,"href":"https:\/\/congovirtuel.com\/information\/wp-json\/wp\/v2\/media\/16760"}],"wp:attachment":[{"href":"https:\/\/congovirtuel.com\/information\/wp-json\/wp\/v2\/media?parent=16758"}],"wp:term":[{"taxonomy":"category","embeddable":true,"href":"https:\/\/congovirtuel.com\/information\/wp-json\/wp\/v2\/categories?post=16758"},{"taxonomy":"post_tag","embeddable":true,"href":"https:\/\/congovirtuel.com\/information\/wp-json\/wp\/v2\/tags?post=16758"}],"curies":[{"name":"wp","href":"https:\/\/api.w.org\/{rel}","templated":true}]}}