{"id":16775,"date":"2021-12-29T18:37:33","date_gmt":"2021-12-29T17:37:33","guid":{"rendered":"https:\/\/congovirtuel.com\/information\/?p=16775"},"modified":"2021-12-29T18:37:35","modified_gmt":"2021-12-29T17:37:35","slug":"rdc-fizi-la-societe-civile-se-rejouit-de-la-reconquete-de-kamombo-par-les-fardc","status":"publish","type":"post","link":"https:\/\/congovirtuel.com\/information\/rdc-fizi-la-societe-civile-se-rejouit-de-la-reconquete-de-kamombo-par-les-fardc\/","title":{"rendered":"RDC-Fizi : la soci\u00e9t\u00e9 civile se r\u00e9jouit de la reconqu\u00eate de Kamombo par les FARDC","gt_translate_keys":[{"key":"rendered","format":"text"}]},"content":{"rendered":"\n<p class=\"wp-block-paragraph\">Les Forces arm\u00e9es de la R\u00e9publique d\u00e9mocratique du Congo (FARDC) ont reconquis mardi 28 d\u00e9cembre, la localit\u00e9 de Kamombo qui \u00e9tait pass\u00e9e un jour avant sous contr\u00f4le des miliciens Gumino et Twigwaneho dirig\u00e9s par le colonel d\u00e9serteur Michel Rukundo dit Makanika, \u00e0 la grande satisfaction de la soci\u00e9t\u00e9 civile locale.<\/p>\n\n\n\n<p class=\"wp-block-paragraph\">\u00ab&nbsp;<em>Nous sommes \u00e0 Kamombo, l\u2019ennemi a pris fuite. Nous avons commenc\u00e9 les affrontements au niveau de Mikarati jusqu\u2019ici et ils ont pris la direction de Nyamara. Nous sommes encore \u00e0 Kamombo avec certains civils qui s\u2019\u00e9taient cach\u00e9s dans la brousse, tous en bon \u00e9tat, ils sont sortis apr\u00e8s notre arriv\u00e9e et nous allons poursuivre l\u2019ennemi partout o\u00f9 il est. C\u2019est pour cela que nous demandons \u00e0 la population de ne pas c\u00e9der \u00e0 la panique car nous sommes l\u00e0 pour sa protection<\/em>&nbsp;\u00bb, a dit le colonel Andr\u00e9 Ekembe, commandant du 121e bataillon des commandos et qui dirige les op\u00e9rations.<\/p>\n\n\n\n<p class=\"wp-block-paragraph\">\u00ab\u00a0<em>C\u2019est avec une grande joie que nous avons appris que l\u2019arm\u00e9e vient de chasser Makanika de Kamombo. Nous ne consid\u00e9rons pas cette victoire comme celle de l\u2019arm\u00e9e mais une victoire de la population victime de l\u2019ins\u00e9curit\u00e9 caus\u00e9e par ces rebelles dans cette partie de la r\u00e9gion. Et cette victoire nous a prouv\u00e9 \u00e0 suffisance que notre arm\u00e9e est vraiment capable\u00a0<\/em>\u00bb, a d\u00e9clar\u00e9 Mickson Alaka, secr\u00e9taire de la soci\u00e9t\u00e9 civile du secteur d\u2019Itombwe. Depuis, plusieurs villageois retournent \u00e0 Kamombo, tandis que ceux des localit\u00e9s de Mikenge et Kipupu qui s\u2019appr\u00eataient \u00e0 fuir suite au regard de l\u2019avanc\u00e9e des assaillants sont aussi soulag\u00e9s.<\/p>\n\n\n\n<h4 class=\"wp-block-heading\" id=\"deux-autres-localites-toujours-occupees\">Deux autres localit\u00e9s toujours occup\u00e9es<\/h4>\n\n\n\n<p class=\"wp-block-paragraph\">Mais, deux autres localit\u00e9s, Chakira et Nyamara sont encore occup\u00e9es par les miliciens depuis lundi 27 d\u00e9cembre dernier.<\/p>\n\n\n\n<p class=\"wp-block-paragraph\">\u00ab\u00a0<em>Il y avait d\u00e9j\u00e0 des villages vid\u00e9s de ses habitants. Mais apr\u00e8s la reprise de cette localit\u00e9 de Kamombo par l\u2019arm\u00e9e, les villageois commencent \u00e0 retourner dans leurs villages. C\u2019est pour cela que nous demandons aux FARDC de progresser afin de r\u00e9cup\u00e9rer ces deux autres localit\u00e9s qui restent sous contr\u00f4le de l\u2019ennemi\u00a0<\/em>\u00bb, a ajout\u00e9 M. Alaka.<\/p>\n\n\n\n<p class=\"wp-block-paragraph\">Pour rappel, les miliciens ont attaqu\u00e9 lundi 27 d\u00e9cembre dernier les positions des FARDC \u00e0 Kamombo, Chakira et Nyamara jusqu\u2019\u00e0 conqu\u00e9rir ces trois localit\u00e9s. Ces combats ont fait 16 morts parmi lesquels 4 soldats et 13 miliciens, d\u2019apr\u00e8s le bilan communiqu\u00e9 par l\u2019arm\u00e9e. Cette derni\u00e8re a soulign\u00e9 que les miliciens ont b\u00e9n\u00e9fici\u00e9 d\u2019un appui \u00e9tranger sans en pr\u00e9ciser la provenance.<\/p>\n\n\n\n<p class=\"wp-block-paragraph\">La localit\u00e9 de Kamombo (Territoire de Fizi) est donc de nouveau contr\u00f4l\u00e9e par les Forces arm\u00e9es de la R\u00e9publique d\u00e9mocratique du Congo (FARDC) apr\u00e8s une offensive ce mardi 28 d\u00e9cembre contre les miliciens Gumino et Twigwaneho, apr\u00e8s avoir re\u00e7u un renfort en provenance de Minembwe.<\/p>\n\n\n\n<p class=\"wp-block-paragraph\">Selon des sources s\u00e9curitaires, les combats pour la reconqu\u00eate de Kamombo ont commenc\u00e9 \u00e0 Mikarati, \u00e0 12 km. Les miliciens ont d\u00e9croch\u00e9 et se sont repli\u00e9s sur Nyamara. <\/p>\n\n\n\n<p class=\"wp-block-paragraph\"><strong>Infocongo<\/strong><\/p>\n\n\n\n<p class=\"wp-block-paragraph\"><\/p>\n","protected":false,"gt_translate_keys":[{"key":"rendered","format":"html"}]},"excerpt":{"rendered":"<p>Les Forces arm\u00e9es de la R\u00e9publique d\u00e9mocratique du Congo (FARDC) ont reconquis mardi 28 d\u00e9cembre, la localit\u00e9 de Kamombo qui \u00e9tait pass\u00e9e un jour avant sous contr\u00f4le des miliciens Gumino et Twigwaneho dirig\u00e9s par le colonel d\u00e9serteur Michel Rukundo dit Makanika, \u00e0 la grande satisfaction de la soci\u00e9t\u00e9 civile locale. \u00ab&nbsp;Nous sommes \u00e0 Kamombo, l\u2019ennemi a pris fuite. Nous avons commenc\u00e9 les affrontements au niveau de Mikarati jusqu\u2019ici et ils ont pris la direction de Nyamara. Nous sommes encore \u00e0 Kamombo avec certains civils qui s\u2019\u00e9taient cach\u00e9s dans la brousse,&hellip;<\/p>\n","protected":false,"gt_translate_keys":[{"key":"rendered","format":"html"}]},"author":1,"featured_media":16777,"comment_status":"open","ping_status":"open","sticky":false,"template":"","format":"standard","meta":{"_crdt_document":"","footnotes":""},"categories":[199],"tags":[32310,73,32309],"class_list":["post-16775","post","type-post","status-publish","format-standard","has-post-thumbnail","hentry","category-insecurite","tag-dieu","tag-fardc","tag-kamombo"],"gutentor_comment":0,"yoast_head":"<!-- This site is optimized with the Yoast SEO plugin v27.5 - https:\/\/yoast.com\/product\/yoast-seo-wordpress\/ -->\n<title>RDC-Fizi : la soci\u00e9t\u00e9 civile se r\u00e9jouit de la reconqu\u00eate de Kamombo par les FARDC - Actualit\u00e9s congolaises et internationales<\/title>\n<meta name=\"robots\" content=\"index, follow, max-snippet:-1, max-image-preview:large, max-video-preview:-1\" \/>\n<link rel=\"canonical\" href=\"https:\/\/congovirtuel.com\/information\/rdc-fizi-la-societe-civile-se-rejouit-de-la-reconquete-de-kamombo-par-les-fardc\/\" \/>\n<meta property=\"og:locale\" content=\"fr_FR\" \/>\n<meta property=\"og:type\" content=\"article\" \/>\n<meta property=\"og:title\" content=\"RDC-Fizi : la soci\u00e9t\u00e9 civile se r\u00e9jouit de la reconqu\u00eate de Kamombo par les FARDC - Actualit\u00e9s congolaises et internationales\" \/>\n<meta property=\"og:description\" content=\"Les Forces arm\u00e9es de la R\u00e9publique d\u00e9mocratique du Congo (FARDC) ont reconquis mardi 28 d\u00e9cembre, la localit\u00e9 de Kamombo qui \u00e9tait pass\u00e9e un jour avant sous contr\u00f4le des miliciens Gumino et Twigwaneho dirig\u00e9s par le colonel d\u00e9serteur Michel Rukundo dit Makanika, \u00e0 la grande satisfaction de la soci\u00e9t\u00e9 civile locale. \u00ab&nbsp;Nous sommes \u00e0 Kamombo, l\u2019ennemi a pris fuite. Nous avons commenc\u00e9 les affrontements au niveau de Mikarati jusqu\u2019ici et ils ont pris la direction de Nyamara. Nous sommes encore \u00e0 Kamombo avec certains civils qui s\u2019\u00e9taient cach\u00e9s dans la brousse,&hellip;\" \/>\n<meta property=\"og:url\" content=\"https:\/\/congovirtuel.com\/information\/rdc-fizi-la-societe-civile-se-rejouit-de-la-reconquete-de-kamombo-par-les-fardc\/\" \/>\n<meta property=\"og:site_name\" content=\"Actualit\u00e9s congolaises et internationales\" \/>\n<meta property=\"article:publisher\" content=\"https:\/\/web.facebook.com\/Congovirtuel-763617960319601\/?ref=aymt_homepage_panel&amp;amp%3bamp%3bamp%3bamp%3bamp%3bamp%3bamp%3bamp%3bamp%3bamp%3bamp%3beid=ARCoxULa66767kIgF_KYav6VdjXTI4yk_LW4yoVO9s6NXpysgb7Cb65vpxcxgqzOAKvIbLQxaAETcqHT\" \/>\n<meta property=\"article:published_time\" content=\"2021-12-29T17:37:33+00:00\" \/>\n<meta property=\"article:modified_time\" content=\"2021-12-29T17:37:35+00:00\" \/>\n<meta property=\"og:image\" content=\"https:\/\/congovirtuel.com\/information\/wp-content\/uploads\/2021\/12\/kamombo-1160x560-1.jpg\" \/>\n\t<meta property=\"og:image:width\" content=\"1160\" \/>\n\t<meta property=\"og:image:height\" content=\"560\" \/>\n\t<meta property=\"og:image:type\" content=\"image\/jpeg\" \/>\n<meta name=\"author\" content=\"infocongovirtuel\" \/>\n<meta name=\"twitter:card\" content=\"summary_large_image\" \/>\n<meta name=\"twitter:creator\" content=\"@congovirtuel\" \/>\n<meta name=\"twitter:site\" content=\"@congovirtuel\" \/>\n<meta name=\"twitter:label1\" content=\"\u00c9crit par\" \/>\n\t<meta name=\"twitter:data1\" content=\"infocongovirtuel\" \/>\n\t<meta name=\"twitter:label2\" content=\"Dur\u00e9e de lecture estim\u00e9e\" \/>\n\t<meta name=\"twitter:data2\" content=\"3 minutes\" \/>\n<script type=\"application\/ld+json\" class=\"yoast-schema-graph\">{\"@context\":\"https:\\\/\\\/schema.org\",\"@graph\":[{\"@type\":\"Article\",\"@id\":\"https:\\\/\\\/congovirtuel.com\\\/information\\\/rdc-fizi-la-societe-civile-se-rejouit-de-la-reconquete-de-kamombo-par-les-fardc\\\/#article\",\"isPartOf\":{\"@id\":\"https:\\\/\\\/congovirtuel.com\\\/information\\\/rdc-fizi-la-societe-civile-se-rejouit-de-la-reconquete-de-kamombo-par-les-fardc\\\/\"},\"author\":{\"name\":\"infocongovirtuel\",\"@id\":\"https:\\\/\\\/congovirtuel.com\\\/information\\\/#\\\/schema\\\/person\\\/739a44bf7990966cb53d58d2fdeca0b6\"},\"headline\":\"RDC-Fizi : la soci\u00e9t\u00e9 civile se r\u00e9jouit de la reconqu\u00eate de Kamombo par les FARDC\",\"datePublished\":\"2021-12-29T17:37:33+00:00\",\"dateModified\":\"2021-12-29T17:37:35+00:00\",\"mainEntityOfPage\":{\"@id\":\"https:\\\/\\\/congovirtuel.com\\\/information\\\/rdc-fizi-la-societe-civile-se-rejouit-de-la-reconquete-de-kamombo-par-les-fardc\\\/\"},\"wordCount\":543,\"commentCount\":0,\"publisher\":{\"@id\":\"https:\\\/\\\/congovirtuel.com\\\/information\\\/#organization\"},\"image\":{\"@id\":\"https:\\\/\\\/congovirtuel.com\\\/information\\\/rdc-fizi-la-societe-civile-se-rejouit-de-la-reconquete-de-kamombo-par-les-fardc\\\/#primaryimage\"},\"thumbnailUrl\":\"https:\\\/\\\/congovirtuel.com\\\/information\\\/wp-content\\\/uploads\\\/2021\\\/12\\\/kamombo-1160x560-1.jpg\",\"keywords\":[\"Dieu\",\"FARDC\",\"Kamombo\"],\"articleSection\":[\"Ins\u00e9curit\u00e9\"],\"inLanguage\":\"fr-FR\",\"potentialAction\":[{\"@type\":\"CommentAction\",\"name\":\"Comment\",\"target\":[\"https:\\\/\\\/congovirtuel.com\\\/information\\\/rdc-fizi-la-societe-civile-se-rejouit-de-la-reconquete-de-kamombo-par-les-fardc\\\/#respond\"]}]},{\"@type\":\"WebPage\",\"@id\":\"https:\\\/\\\/congovirtuel.com\\\/information\\\/rdc-fizi-la-societe-civile-se-rejouit-de-la-reconquete-de-kamombo-par-les-fardc\\\/\",\"url\":\"https:\\\/\\\/congovirtuel.com\\\/information\\\/rdc-fizi-la-societe-civile-se-rejouit-de-la-reconquete-de-kamombo-par-les-fardc\\\/\",\"name\":\"RDC-Fizi : la soci\u00e9t\u00e9 civile se r\u00e9jouit de la reconqu\u00eate de Kamombo par les FARDC - Actualit\u00e9s congolaises et internationales\",\"isPartOf\":{\"@id\":\"https:\\\/\\\/congovirtuel.com\\\/information\\\/#website\"},\"primaryImageOfPage\":{\"@id\":\"https:\\\/\\\/congovirtuel.com\\\/information\\\/rdc-fizi-la-societe-civile-se-rejouit-de-la-reconquete-de-kamombo-par-les-fardc\\\/#primaryimage\"},\"image\":{\"@id\":\"https:\\\/\\\/congovirtuel.com\\\/information\\\/rdc-fizi-la-societe-civile-se-rejouit-de-la-reconquete-de-kamombo-par-les-fardc\\\/#primaryimage\"},\"thumbnailUrl\":\"https:\\\/\\\/congovirtuel.com\\\/information\\\/wp-content\\\/uploads\\\/2021\\\/12\\\/kamombo-1160x560-1.jpg\",\"datePublished\":\"2021-12-29T17:37:33+00:00\",\"dateModified\":\"2021-12-29T17:37:35+00:00\",\"breadcrumb\":{\"@id\":\"https:\\\/\\\/congovirtuel.com\\\/information\\\/rdc-fizi-la-societe-civile-se-rejouit-de-la-reconquete-de-kamombo-par-les-fardc\\\/#breadcrumb\"},\"inLanguage\":\"fr-FR\",\"potentialAction\":[{\"@type\":\"ReadAction\",\"target\":[\"https:\\\/\\\/congovirtuel.com\\\/information\\\/rdc-fizi-la-societe-civile-se-rejouit-de-la-reconquete-de-kamombo-par-les-fardc\\\/\"]}]},{\"@type\":\"ImageObject\",\"inLanguage\":\"fr-FR\",\"@id\":\"https:\\\/\\\/congovirtuel.com\\\/information\\\/rdc-fizi-la-societe-civile-se-rejouit-de-la-reconquete-de-kamombo-par-les-fardc\\\/#primaryimage\",\"url\":\"https:\\\/\\\/congovirtuel.com\\\/information\\\/wp-content\\\/uploads\\\/2021\\\/12\\\/kamombo-1160x560-1.jpg\",\"contentUrl\":\"https:\\\/\\\/congovirtuel.com\\\/information\\\/wp-content\\\/uploads\\\/2021\\\/12\\\/kamombo-1160x560-1.jpg\",\"width\":1160,\"height\":560},{\"@type\":\"BreadcrumbList\",\"@id\":\"https:\\\/\\\/congovirtuel.com\\\/information\\\/rdc-fizi-la-societe-civile-se-rejouit-de-la-reconquete-de-kamombo-par-les-fardc\\\/#breadcrumb\",\"itemListElement\":[{\"@type\":\"ListItem\",\"position\":1,\"name\":\"Accueil\",\"item\":\"https:\\\/\\\/congovirtuel.com\\\/information\\\/\"},{\"@type\":\"ListItem\",\"position\":2,\"name\":\"RDC-Fizi : la soci\u00e9t\u00e9 civile se r\u00e9jouit de la reconqu\u00eate de Kamombo par les FARDC\"}]},{\"@type\":\"WebSite\",\"@id\":\"https:\\\/\\\/congovirtuel.com\\\/information\\\/#website\",\"url\":\"https:\\\/\\\/congovirtuel.com\\\/information\\\/\",\"name\":\"Actualit\u00e9s congolaises et internationales\",\"description\":\"site d&#039;analyse et de traitement d&#039;information\",\"publisher\":{\"@id\":\"https:\\\/\\\/congovirtuel.com\\\/information\\\/#organization\"},\"potentialAction\":[{\"@type\":\"SearchAction\",\"target\":{\"@type\":\"EntryPoint\",\"urlTemplate\":\"https:\\\/\\\/congovirtuel.com\\\/information\\\/?s={search_term_string}\"},\"query-input\":{\"@type\":\"PropertyValueSpecification\",\"valueRequired\":true,\"valueName\":\"search_term_string\"}}],\"inLanguage\":\"fr-FR\"},{\"@type\":\"Organization\",\"@id\":\"https:\\\/\\\/congovirtuel.com\\\/information\\\/#organization\",\"name\":\"Biblioth\u00e8que Virtuelle de la RDC\",\"url\":\"https:\\\/\\\/congovirtuel.com\\\/information\\\/\",\"logo\":{\"@type\":\"ImageObject\",\"inLanguage\":\"fr-FR\",\"@id\":\"https:\\\/\\\/congovirtuel.com\\\/information\\\/#\\\/schema\\\/logo\\\/image\\\/\",\"url\":\"https:\\\/\\\/congovirtuel.com\\\/information\\\/wp-content\\\/uploads\\\/2018\\\/10\\\/header-info-congovirtuel-vraie.jpg\",\"contentUrl\":\"https:\\\/\\\/congovirtuel.com\\\/information\\\/wp-content\\\/uploads\\\/2018\\\/10\\\/header-info-congovirtuel-vraie.jpg\",\"width\":728,\"height\":90,\"caption\":\"Biblioth\u00e8que Virtuelle de la RDC\"},\"image\":{\"@id\":\"https:\\\/\\\/congovirtuel.com\\\/information\\\/#\\\/schema\\\/logo\\\/image\\\/\"},\"sameAs\":[\"https:\\\/\\\/web.facebook.com\\\/Congovirtuel-763617960319601\\\/?ref=aymt_homepage_panel&amp;amp;amp;amp;amp;amp;amp;amp;amp;amp;amp;eid=ARCoxULa66767kIgF_KYav6VdjXTI4yk_LW4yoVO9s6NXpysgb7Cb65vpxcxgqzOAKvIbLQxaAETcqHT\",\"https:\\\/\\\/x.com\\\/congovirtuel\",\"https:\\\/\\\/www.youtube.com\\\/channel\\\/UCkFfprYzGgS3EWNpeMXpToQ?view_as=subscriber\"]},{\"@type\":\"Person\",\"@id\":\"https:\\\/\\\/congovirtuel.com\\\/information\\\/#\\\/schema\\\/person\\\/739a44bf7990966cb53d58d2fdeca0b6\",\"name\":\"infocongovirtuel\",\"image\":{\"@type\":\"ImageObject\",\"inLanguage\":\"fr-FR\",\"@id\":\"https:\\\/\\\/secure.gravatar.com\\\/avatar\\\/4d76991aa72469f0eb22e772586c99113c6997f88da636a9db8f2ce3a2c05e69?s=96&d=mm&r=g\",\"url\":\"https:\\\/\\\/secure.gravatar.com\\\/avatar\\\/4d76991aa72469f0eb22e772586c99113c6997f88da636a9db8f2ce3a2c05e69?s=96&d=mm&r=g\",\"contentUrl\":\"https:\\\/\\\/secure.gravatar.com\\\/avatar\\\/4d76991aa72469f0eb22e772586c99113c6997f88da636a9db8f2ce3a2c05e69?s=96&d=mm&r=g\",\"caption\":\"infocongovirtuel\"},\"url\":\"https:\\\/\\\/congovirtuel.com\\\/information\\\/author\\\/infocongovirtuel\\\/\"}]}<\/script>\n<!-- \/ Yoast SEO plugin. -->","yoast_head_json":{"title":"RDC-Fizi : la soci\u00e9t\u00e9 civile se r\u00e9jouit de la reconqu\u00eate de Kamombo par les FARDC - Actualit\u00e9s congolaises et internationales","robots":{"index":"index","follow":"follow","max-snippet":"max-snippet:-1","max-image-preview":"max-image-preview:large","max-video-preview":"max-video-preview:-1"},"canonical":"https:\/\/congovirtuel.com\/information\/rdc-fizi-la-societe-civile-se-rejouit-de-la-reconquete-de-kamombo-par-les-fardc\/","og_locale":"fr_FR","og_type":"article","og_title":"RDC-Fizi : la soci\u00e9t\u00e9 civile se r\u00e9jouit de la reconqu\u00eate de Kamombo par les FARDC - Actualit\u00e9s congolaises et internationales","og_description":"Les Forces arm\u00e9es de la R\u00e9publique d\u00e9mocratique du Congo (FARDC) ont reconquis mardi 28 d\u00e9cembre, la localit\u00e9 de Kamombo qui \u00e9tait pass\u00e9e un jour avant sous contr\u00f4le des miliciens Gumino et Twigwaneho dirig\u00e9s par le colonel d\u00e9serteur Michel Rukundo dit Makanika, \u00e0 la grande satisfaction de la soci\u00e9t\u00e9 civile locale. \u00ab&nbsp;Nous sommes \u00e0 Kamombo, l\u2019ennemi a pris fuite. Nous avons commenc\u00e9 les affrontements au niveau de Mikarati jusqu\u2019ici et ils ont pris la direction de Nyamara. Nous sommes encore \u00e0 Kamombo avec certains civils qui s\u2019\u00e9taient cach\u00e9s dans la brousse,&hellip;","og_url":"https:\/\/congovirtuel.com\/information\/rdc-fizi-la-societe-civile-se-rejouit-de-la-reconquete-de-kamombo-par-les-fardc\/","og_site_name":"Actualit\u00e9s congolaises et internationales","article_publisher":"https:\/\/web.facebook.com\/Congovirtuel-763617960319601\/?ref=aymt_homepage_panel&amp%3bamp%3bamp%3bamp%3bamp%3bamp%3bamp%3bamp%3bamp%3bamp%3bamp%3beid=ARCoxULa66767kIgF_KYav6VdjXTI4yk_LW4yoVO9s6NXpysgb7Cb65vpxcxgqzOAKvIbLQxaAETcqHT","article_published_time":"2021-12-29T17:37:33+00:00","article_modified_time":"2021-12-29T17:37:35+00:00","og_image":[{"width":1160,"height":560,"url":"https:\/\/congovirtuel.com\/information\/wp-content\/uploads\/2021\/12\/kamombo-1160x560-1.jpg","type":"image\/jpeg"}],"author":"infocongovirtuel","twitter_card":"summary_large_image","twitter_creator":"@congovirtuel","twitter_site":"@congovirtuel","twitter_misc":{"\u00c9crit par":"infocongovirtuel","Dur\u00e9e de lecture estim\u00e9e":"3 minutes"},"schema":{"@context":"https:\/\/schema.org","@graph":[{"@type":"Article","@id":"https:\/\/congovirtuel.com\/information\/rdc-fizi-la-societe-civile-se-rejouit-de-la-reconquete-de-kamombo-par-les-fardc\/#article","isPartOf":{"@id":"https:\/\/congovirtuel.com\/information\/rdc-fizi-la-societe-civile-se-rejouit-de-la-reconquete-de-kamombo-par-les-fardc\/"},"author":{"name":"infocongovirtuel","@id":"https:\/\/congovirtuel.com\/information\/#\/schema\/person\/739a44bf7990966cb53d58d2fdeca0b6"},"headline":"RDC-Fizi : la soci\u00e9t\u00e9 civile se r\u00e9jouit de la reconqu\u00eate de Kamombo par les FARDC","datePublished":"2021-12-29T17:37:33+00:00","dateModified":"2021-12-29T17:37:35+00:00","mainEntityOfPage":{"@id":"https:\/\/congovirtuel.com\/information\/rdc-fizi-la-societe-civile-se-rejouit-de-la-reconquete-de-kamombo-par-les-fardc\/"},"wordCount":543,"commentCount":0,"publisher":{"@id":"https:\/\/congovirtuel.com\/information\/#organization"},"image":{"@id":"https:\/\/congovirtuel.com\/information\/rdc-fizi-la-societe-civile-se-rejouit-de-la-reconquete-de-kamombo-par-les-fardc\/#primaryimage"},"thumbnailUrl":"https:\/\/congovirtuel.com\/information\/wp-content\/uploads\/2021\/12\/kamombo-1160x560-1.jpg","keywords":["Dieu","FARDC","Kamombo"],"articleSection":["Ins\u00e9curit\u00e9"],"inLanguage":"fr-FR","potentialAction":[{"@type":"CommentAction","name":"Comment","target":["https:\/\/congovirtuel.com\/information\/rdc-fizi-la-societe-civile-se-rejouit-de-la-reconquete-de-kamombo-par-les-fardc\/#respond"]}]},{"@type":"WebPage","@id":"https:\/\/congovirtuel.com\/information\/rdc-fizi-la-societe-civile-se-rejouit-de-la-reconquete-de-kamombo-par-les-fardc\/","url":"https:\/\/congovirtuel.com\/information\/rdc-fizi-la-societe-civile-se-rejouit-de-la-reconquete-de-kamombo-par-les-fardc\/","name":"RDC-Fizi : la soci\u00e9t\u00e9 civile se r\u00e9jouit de la reconqu\u00eate de Kamombo par les FARDC - Actualit\u00e9s congolaises et internationales","isPartOf":{"@id":"https:\/\/congovirtuel.com\/information\/#website"},"primaryImageOfPage":{"@id":"https:\/\/congovirtuel.com\/information\/rdc-fizi-la-societe-civile-se-rejouit-de-la-reconquete-de-kamombo-par-les-fardc\/#primaryimage"},"image":{"@id":"https:\/\/congovirtuel.com\/information\/rdc-fizi-la-societe-civile-se-rejouit-de-la-reconquete-de-kamombo-par-les-fardc\/#primaryimage"},"thumbnailUrl":"https:\/\/congovirtuel.com\/information\/wp-content\/uploads\/2021\/12\/kamombo-1160x560-1.jpg","datePublished":"2021-12-29T17:37:33+00:00","dateModified":"2021-12-29T17:37:35+00:00","breadcrumb":{"@id":"https:\/\/congovirtuel.com\/information\/rdc-fizi-la-societe-civile-se-rejouit-de-la-reconquete-de-kamombo-par-les-fardc\/#breadcrumb"},"inLanguage":"fr-FR","potentialAction":[{"@type":"ReadAction","target":["https:\/\/congovirtuel.com\/information\/rdc-fizi-la-societe-civile-se-rejouit-de-la-reconquete-de-kamombo-par-les-fardc\/"]}]},{"@type":"ImageObject","inLanguage":"fr-FR","@id":"https:\/\/congovirtuel.com\/information\/rdc-fizi-la-societe-civile-se-rejouit-de-la-reconquete-de-kamombo-par-les-fardc\/#primaryimage","url":"https:\/\/congovirtuel.com\/information\/wp-content\/uploads\/2021\/12\/kamombo-1160x560-1.jpg","contentUrl":"https:\/\/congovirtuel.com\/information\/wp-content\/uploads\/2021\/12\/kamombo-1160x560-1.jpg","width":1160,"height":560},{"@type":"BreadcrumbList","@id":"https:\/\/congovirtuel.com\/information\/rdc-fizi-la-societe-civile-se-rejouit-de-la-reconquete-de-kamombo-par-les-fardc\/#breadcrumb","itemListElement":[{"@type":"ListItem","position":1,"name":"Accueil","item":"https:\/\/congovirtuel.com\/information\/"},{"@type":"ListItem","position":2,"name":"RDC-Fizi : la soci\u00e9t\u00e9 civile se r\u00e9jouit de la reconqu\u00eate de Kamombo par les FARDC"}]},{"@type":"WebSite","@id":"https:\/\/congovirtuel.com\/information\/#website","url":"https:\/\/congovirtuel.com\/information\/","name":"Actualit\u00e9s congolaises et internationales","description":"site d&#039;analyse et de traitement d&#039;information","publisher":{"@id":"https:\/\/congovirtuel.com\/information\/#organization"},"potentialAction":[{"@type":"SearchAction","target":{"@type":"EntryPoint","urlTemplate":"https:\/\/congovirtuel.com\/information\/?s={search_term_string}"},"query-input":{"@type":"PropertyValueSpecification","valueRequired":true,"valueName":"search_term_string"}}],"inLanguage":"fr-FR"},{"@type":"Organization","@id":"https:\/\/congovirtuel.com\/information\/#organization","name":"Biblioth\u00e8que Virtuelle de la RDC","url":"https:\/\/congovirtuel.com\/information\/","logo":{"@type":"ImageObject","inLanguage":"fr-FR","@id":"https:\/\/congovirtuel.com\/information\/#\/schema\/logo\/image\/","url":"https:\/\/congovirtuel.com\/information\/wp-content\/uploads\/2018\/10\/header-info-congovirtuel-vraie.jpg","contentUrl":"https:\/\/congovirtuel.com\/information\/wp-content\/uploads\/2018\/10\/header-info-congovirtuel-vraie.jpg","width":728,"height":90,"caption":"Biblioth\u00e8que Virtuelle de la RDC"},"image":{"@id":"https:\/\/congovirtuel.com\/information\/#\/schema\/logo\/image\/"},"sameAs":["https:\/\/web.facebook.com\/Congovirtuel-763617960319601\/?ref=aymt_homepage_panel&amp;amp;amp;amp;amp;amp;amp;amp;amp;amp;amp;eid=ARCoxULa66767kIgF_KYav6VdjXTI4yk_LW4yoVO9s6NXpysgb7Cb65vpxcxgqzOAKvIbLQxaAETcqHT","https:\/\/x.com\/congovirtuel","https:\/\/www.youtube.com\/channel\/UCkFfprYzGgS3EWNpeMXpToQ?view_as=subscriber"]},{"@type":"Person","@id":"https:\/\/congovirtuel.com\/information\/#\/schema\/person\/739a44bf7990966cb53d58d2fdeca0b6","name":"infocongovirtuel","image":{"@type":"ImageObject","inLanguage":"fr-FR","@id":"https:\/\/secure.gravatar.com\/avatar\/4d76991aa72469f0eb22e772586c99113c6997f88da636a9db8f2ce3a2c05e69?s=96&d=mm&r=g","url":"https:\/\/secure.gravatar.com\/avatar\/4d76991aa72469f0eb22e772586c99113c6997f88da636a9db8f2ce3a2c05e69?s=96&d=mm&r=g","contentUrl":"https:\/\/secure.gravatar.com\/avatar\/4d76991aa72469f0eb22e772586c99113c6997f88da636a9db8f2ce3a2c05e69?s=96&d=mm&r=g","caption":"infocongovirtuel"},"url":"https:\/\/congovirtuel.com\/information\/author\/infocongovirtuel\/"}]}},"gt_translate_keys":[{"key":"link","format":"url"}],"_links":{"self":[{"href":"https:\/\/congovirtuel.com\/information\/wp-json\/wp\/v2\/posts\/16775","targetHints":{"allow":["GET"]}}],"collection":[{"href":"https:\/\/congovirtuel.com\/information\/wp-json\/wp\/v2\/posts"}],"about":[{"href":"https:\/\/congovirtuel.com\/information\/wp-json\/wp\/v2\/types\/post"}],"author":[{"embeddable":true,"href":"https:\/\/congovirtuel.com\/information\/wp-json\/wp\/v2\/users\/1"}],"replies":[{"embeddable":true,"href":"https:\/\/congovirtuel.com\/information\/wp-json\/wp\/v2\/comments?post=16775"}],"version-history":[{"count":1,"href":"https:\/\/congovirtuel.com\/information\/wp-json\/wp\/v2\/posts\/16775\/revisions"}],"predecessor-version":[{"id":16778,"href":"https:\/\/congovirtuel.com\/information\/wp-json\/wp\/v2\/posts\/16775\/revisions\/16778"}],"wp:featuredmedia":[{"embeddable":true,"href":"https:\/\/congovirtuel.com\/information\/wp-json\/wp\/v2\/media\/16777"}],"wp:attachment":[{"href":"https:\/\/congovirtuel.com\/information\/wp-json\/wp\/v2\/media?parent=16775"}],"wp:term":[{"taxonomy":"category","embeddable":true,"href":"https:\/\/congovirtuel.com\/information\/wp-json\/wp\/v2\/categories?post=16775"},{"taxonomy":"post_tag","embeddable":true,"href":"https:\/\/congovirtuel.com\/information\/wp-json\/wp\/v2\/tags?post=16775"}],"curies":[{"name":"wp","href":"https:\/\/api.w.org\/{rel}","templated":true}]}}