{"id":16781,"date":"2021-12-30T13:53:28","date_gmt":"2021-12-30T12:53:28","guid":{"rendered":"https:\/\/congovirtuel.com\/information\/?p=16781"},"modified":"2021-12-30T13:53:30","modified_gmt":"2021-12-30T12:53:30","slug":"joseph-kabila-a-nomme-l-avocat-dali-mpofu-dafrique-du-sud-pour-poursuivre-le-journal-the-namibian-pour-diffamation","status":"publish","type":"post","link":"https:\/\/congovirtuel.com\/information\/joseph-kabila-a-nomme-l-avocat-dali-mpofu-dafrique-du-sud-pour-poursuivre-le-journal-the-namibian-pour-diffamation\/","title":{"rendered":"Joseph Kabila a nomm\u00e9\u00a0 l &lsquo;avocat Dali Mpofu d&rsquo;Afrique du Sud pour poursuivre le journal The Namibian pour \u00ab\u00a0diffamation\u00a0\u00bb","gt_translate_keys":[{"key":"rendered","format":"text"}]},"content":{"rendered":"\n<p class=\"wp-block-paragraph\">L&rsquo;ancien pr\u00e9sident de la R\u00e9publique d\u00e9mocratique du Congo, Joseph Kabila, menace de poursuivre The Namibian en justice pour deux articles publi\u00e9s dans le journal ce mois-ci.<\/p>\n\n\n\n<p class=\"wp-block-paragraph\">Les repr\u00e9sentants des m\u00e9dias de Kabila l&rsquo;ont annonc\u00e9 mardi dans une d\u00e9claration publique.<\/p>\n\n\n\n<p class=\"wp-block-paragraph\">Les organisations namibiennes et 18 m\u00e9dias \u00e0 travers le monde, dont la BBC et Bloomberg, ont signal\u00e9 une fuite de 3,5 millions de documents bancaires qui montrent comment des milliards de dollars ont \u00e9t\u00e9 d\u00e9tourn\u00e9s du tr\u00e9sor de la R\u00e9publique d\u00e9mocratique du Congo (RDC) par le biais d&rsquo;un r\u00e9seau d&rsquo;entreprises li\u00e9es \u00e0 Kabila et \u00e0 son entourage.<\/p>\n\n\n\n<p class=\"wp-block-paragraph\">Aujourd&rsquo;hui, Kabila menace de poursuivre The Namibian en justice pour deux articles, intitul\u00e9s \u00ab\u00a0<em>Les milliards perdus de la RDC sont retrouv\u00e9s en Namibie\u00a0\u00bb et \u00ab\u00a0Le voyage secret de Kabila en Namibie\u00a0\u00bb.<\/em><\/p>\n\n\n\n<p class=\"wp-block-paragraph\">\u00ab <em>L&rsquo;ex-pr\u00e9sident [Kabila] a demand\u00e9 aux avocats de Windhoek et de Johannesburg de poursuivre The Namibian pour diffamation<\/em> \u00bb, a d\u00e9clar\u00e9 le repr\u00e9sentant des m\u00e9dias de Kabila, Lebo Radebe, de Sgwilli Media Group, dans un communiqu\u00e9.<\/p>\n\n\n\n<p class=\"wp-block-paragraph\">\u00ab\u00a0L&rsquo;ex-pr\u00e9sident a nomm\u00e9 Dali Mpofu d&rsquo;Afrique du Sud pour r\u00e9unir et diriger son \u00e9quipe juridique\u00a0\u00bb, a d\u00e9clar\u00e9 Radebe.<\/p>\n\n\n\n<p class=\"wp-block-paragraph\">Selon Radebe, l&rsquo;un des articles all\u00e8gue qu&rsquo;une transaction commerciale entre les soci\u00e9t\u00e9s Egal et Samaki Fishing a \u00e9t\u00e9 camoufl\u00e9e en une transaction impliquant l&rsquo;importation et l&rsquo;exportation d&rsquo;aliments surgel\u00e9s alors qu&rsquo;en fait son v\u00e9ritable objectif \u00e9tait n\u00e9faste.<\/p>\n\n\n\n<p class=\"wp-block-paragraph\">\u00ab <em>On pr\u00e9tend qu&rsquo;Albert Yuma de la G\u00e9camines, Marc Piedboeuf, Eric Monga, Haddis Tilahun et Martha Namundjebo-Tilahun sont directeurs de Samaki Fishing. La soci\u00e9t\u00e9 n&rsquo;aurait livr\u00e9 que 4 millions de dollars namibiens de produits \u00e0 la RDC, alors qu&rsquo;elle a re\u00e7u 516 millions de dollars namibiens d&rsquo;Egal pour une p\u00e9riode de quatre ans<\/em> \u00bb, a d\u00e9clar\u00e9 Radebe.<\/p>\n\n\n\n<p class=\"wp-block-paragraph\">La d\u00e9claration indique que l&rsquo;article relie Kabila \u00e0 Samaki Fishing et Egal \u00e0 cause des \u00ab <em>protagonistes et non \u00e0 travers la moindre preuve<\/em> \u00bb.<\/p>\n\n\n\n<p class=\"wp-block-paragraph\">\u00ab <em>The Namibian est parvenu \u00e0 ses d\u00e9clarations diffamatoires contre l&rsquo;ex-pr\u00e9sident en pr\u00e9sentant des \u00ab faits \u00bb avec un tour de passe-passe. The namibian a fait des hypoth\u00e8ses cruciales mais erron\u00e9es pour parvenir \u00e0 ses conclusions. Nous allons dissiper deux &lsquo;faits&rsquo; erron\u00e9s concernant Egal et Albert Yuma, car tous deux vont au c\u0153ur de l&rsquo;article<\/em> \u00bb.<\/p>\n\n\n\n<p class=\"wp-block-paragraph\">Les repr\u00e9sentants de Kabila pr\u00e9tendent que The Namibian, d\u00e9lib\u00e9r\u00e9ment et avec l&rsquo;intention de nuire \u00e0 la r\u00e9putation de Kabila, n&rsquo;a pas signal\u00e9 qu&rsquo;une enqu\u00eate l&rsquo;avait innocent\u00e9 de tout acte r\u00e9pr\u00e9hensible \u00e0 l&rsquo;\u00e9gard d&rsquo;Egal.<\/p>\n\n\n\n<p class=\"wp-block-paragraph\">La d\u00e9claration a \u00e9galement ni\u00e9 d&rsquo;une propri\u00e9t\u00e9 en Namibie appartenant \u00e0 Kabila<\/p>\n\n\n\n<p class=\"wp-block-paragraph\">\u00ab <em>The Namibian a affirm\u00e9 que l&rsquo;ex-pr\u00e9sident poss\u00e9dait un luxueux domaine de 36 hectares au sommet d&rsquo;une colline \u00e0 Brakwater par l&rsquo;interm\u00e9diaire de Sycamore Investments CC. Cette d\u00e9claration est fausse et d\u00e9pourvue de toute v\u00e9rit\u00e9<\/em>.<\/p>\n\n\n\n<p class=\"wp-block-paragraph\">Une fuite de documents connue sous le nom de \u00ab\u00a0Congo Hold-Up\u00a0\u00bb a \u00e9t\u00e9 confi\u00e9e \u00e0 la Plateforme de protection des lanceurs d&rsquo;alerte en Afrique et au journal fran\u00e7ais en ligne Mediapart.<\/p>\n\n\n\n<p class=\"wp-block-paragraph\">Ils l&rsquo;ont partag\u00e9 avec le r\u00e9seau European Investigative Collaborations, qui a coordonn\u00e9 un consortium de journalistes repr\u00e9sentant 19 maisons de presse, dont The Namibian , dans la couverture des documents.<\/p>\n\n\n\n<p class=\"wp-block-paragraph\"><a href=\"https:\/\/www.namibian.com.na\/108657\/read\/DRC-ex-president-threatens-to-sue-The-Namibian\">The Namibian<\/a><\/p>\n","protected":false,"gt_translate_keys":[{"key":"rendered","format":"html"}]},"excerpt":{"rendered":"<p>L&rsquo;ancien pr\u00e9sident de la R\u00e9publique d\u00e9mocratique du Congo, Joseph Kabila, menace de poursuivre The Namibian en justice pour deux articles publi\u00e9s dans le journal ce mois-ci. Les repr\u00e9sentants des m\u00e9dias de Kabila l&rsquo;ont annonc\u00e9 mardi dans une d\u00e9claration publique. Les organisations namibiennes et 18 m\u00e9dias \u00e0 travers le monde, dont la BBC et Bloomberg, ont signal\u00e9 une fuite de 3,5 millions de documents bancaires qui montrent comment des milliards de dollars ont \u00e9t\u00e9 d\u00e9tourn\u00e9s du tr\u00e9sor de la R\u00e9publique d\u00e9mocratique du Congo (RDC) par le biais d&rsquo;un r\u00e9seau d&rsquo;entreprises li\u00e9es&hellip;<\/p>\n","protected":false,"gt_translate_keys":[{"key":"rendered","format":"html"}]},"author":1,"featured_media":7960,"comment_status":"open","ping_status":"open","sticky":false,"template":"","format":"standard","meta":{"_crdt_document":"","footnotes":""},"categories":[660],"tags":[32323],"class_list":["post-16781","post","type-post","status-publish","format-standard","has-post-thumbnail","hentry","category-detournement","tag-residence-kabila-namibie"],"gutentor_comment":0,"yoast_head":"<!-- This site is optimized with the Yoast SEO plugin v27.5 - https:\/\/yoast.com\/product\/yoast-seo-wordpress\/ -->\n<title>Joseph Kabila a nomm\u00e9\u00a0 l &#039;avocat Dali Mpofu d&#039;Afrique du Sud pour poursuivre le journal The Namibian pour &quot;diffamation&quot; - Actualit\u00e9s congolaises et internationales<\/title>\n<meta name=\"robots\" content=\"index, follow, max-snippet:-1, max-image-preview:large, max-video-preview:-1\" \/>\n<link rel=\"canonical\" href=\"https:\/\/congovirtuel.com\/information\/joseph-kabila-a-nomme-l-avocat-dali-mpofu-dafrique-du-sud-pour-poursuivre-le-journal-the-namibian-pour-diffamation\/\" \/>\n<meta property=\"og:locale\" content=\"fr_FR\" \/>\n<meta property=\"og:type\" content=\"article\" \/>\n<meta property=\"og:title\" content=\"Joseph Kabila a nomm\u00e9\u00a0 l &#039;avocat Dali Mpofu d&#039;Afrique du Sud pour poursuivre le journal The Namibian pour &quot;diffamation&quot; - Actualit\u00e9s congolaises et internationales\" \/>\n<meta property=\"og:description\" content=\"L&rsquo;ancien pr\u00e9sident de la R\u00e9publique d\u00e9mocratique du Congo, Joseph Kabila, menace de poursuivre The Namibian en justice pour deux articles publi\u00e9s dans le journal ce mois-ci. Les repr\u00e9sentants des m\u00e9dias de Kabila l&rsquo;ont annonc\u00e9 mardi dans une d\u00e9claration publique. Les organisations namibiennes et 18 m\u00e9dias \u00e0 travers le monde, dont la BBC et Bloomberg, ont signal\u00e9 une fuite de 3,5 millions de documents bancaires qui montrent comment des milliards de dollars ont \u00e9t\u00e9 d\u00e9tourn\u00e9s du tr\u00e9sor de la R\u00e9publique d\u00e9mocratique du Congo (RDC) par le biais d&rsquo;un r\u00e9seau d&rsquo;entreprises li\u00e9es&hellip;\" \/>\n<meta property=\"og:url\" content=\"https:\/\/congovirtuel.com\/information\/joseph-kabila-a-nomme-l-avocat-dali-mpofu-dafrique-du-sud-pour-poursuivre-le-journal-the-namibian-pour-diffamation\/\" \/>\n<meta property=\"og:site_name\" content=\"Actualit\u00e9s congolaises et internationales\" \/>\n<meta property=\"article:publisher\" content=\"https:\/\/web.facebook.com\/Congovirtuel-763617960319601\/?ref=aymt_homepage_panel&amp;amp%3bamp%3bamp%3bamp%3bamp%3bamp%3bamp%3bamp%3bamp%3bamp%3bamp%3beid=ARCoxULa66767kIgF_KYav6VdjXTI4yk_LW4yoVO9s6NXpysgb7Cb65vpxcxgqzOAKvIbLQxaAETcqHT\" \/>\n<meta property=\"article:published_time\" content=\"2021-12-30T12:53:28+00:00\" \/>\n<meta property=\"article:modified_time\" content=\"2021-12-30T12:53:30+00:00\" \/>\n<meta property=\"og:image\" content=\"https:\/\/congovirtuel.com\/information\/wp-content\/uploads\/2021\/04\/Kabila6-1200-x-600.jpg\" \/>\n\t<meta property=\"og:image:width\" content=\"1200\" \/>\n\t<meta property=\"og:image:height\" content=\"600\" \/>\n\t<meta property=\"og:image:type\" content=\"image\/jpeg\" \/>\n<meta name=\"author\" content=\"infocongovirtuel\" \/>\n<meta name=\"twitter:card\" content=\"summary_large_image\" \/>\n<meta name=\"twitter:creator\" content=\"@congovirtuel\" \/>\n<meta name=\"twitter:site\" content=\"@congovirtuel\" \/>\n<meta name=\"twitter:label1\" content=\"\u00c9crit par\" \/>\n\t<meta name=\"twitter:data1\" content=\"infocongovirtuel\" \/>\n\t<meta name=\"twitter:label2\" content=\"Dur\u00e9e de lecture estim\u00e9e\" \/>\n\t<meta name=\"twitter:data2\" content=\"3 minutes\" \/>\n<script type=\"application\/ld+json\" class=\"yoast-schema-graph\">{\"@context\":\"https:\\\/\\\/schema.org\",\"@graph\":[{\"@type\":\"Article\",\"@id\":\"https:\\\/\\\/congovirtuel.com\\\/information\\\/joseph-kabila-a-nomme-l-avocat-dali-mpofu-dafrique-du-sud-pour-poursuivre-le-journal-the-namibian-pour-diffamation\\\/#article\",\"isPartOf\":{\"@id\":\"https:\\\/\\\/congovirtuel.com\\\/information\\\/joseph-kabila-a-nomme-l-avocat-dali-mpofu-dafrique-du-sud-pour-poursuivre-le-journal-the-namibian-pour-diffamation\\\/\"},\"author\":{\"name\":\"infocongovirtuel\",\"@id\":\"https:\\\/\\\/congovirtuel.com\\\/information\\\/#\\\/schema\\\/person\\\/739a44bf7990966cb53d58d2fdeca0b6\"},\"headline\":\"Joseph Kabila a nomm\u00e9\u00a0 l &lsquo;avocat Dali Mpofu d&rsquo;Afrique du Sud pour poursuivre le journal The Namibian pour \u00ab\u00a0diffamation\u00a0\u00bb\",\"datePublished\":\"2021-12-30T12:53:28+00:00\",\"dateModified\":\"2021-12-30T12:53:30+00:00\",\"mainEntityOfPage\":{\"@id\":\"https:\\\/\\\/congovirtuel.com\\\/information\\\/joseph-kabila-a-nomme-l-avocat-dali-mpofu-dafrique-du-sud-pour-poursuivre-le-journal-the-namibian-pour-diffamation\\\/\"},\"wordCount\":585,\"commentCount\":0,\"publisher\":{\"@id\":\"https:\\\/\\\/congovirtuel.com\\\/information\\\/#organization\"},\"image\":{\"@id\":\"https:\\\/\\\/congovirtuel.com\\\/information\\\/joseph-kabila-a-nomme-l-avocat-dali-mpofu-dafrique-du-sud-pour-poursuivre-le-journal-the-namibian-pour-diffamation\\\/#primaryimage\"},\"thumbnailUrl\":\"https:\\\/\\\/congovirtuel.com\\\/information\\\/wp-content\\\/uploads\\\/2021\\\/04\\\/Kabila6-1200-x-600.jpg\",\"keywords\":[\"R\u00e9sidence Kabila Namibie\"],\"articleSection\":[\"D\u00e9tournement\"],\"inLanguage\":\"fr-FR\",\"potentialAction\":[{\"@type\":\"CommentAction\",\"name\":\"Comment\",\"target\":[\"https:\\\/\\\/congovirtuel.com\\\/information\\\/joseph-kabila-a-nomme-l-avocat-dali-mpofu-dafrique-du-sud-pour-poursuivre-le-journal-the-namibian-pour-diffamation\\\/#respond\"]}]},{\"@type\":\"WebPage\",\"@id\":\"https:\\\/\\\/congovirtuel.com\\\/information\\\/joseph-kabila-a-nomme-l-avocat-dali-mpofu-dafrique-du-sud-pour-poursuivre-le-journal-the-namibian-pour-diffamation\\\/\",\"url\":\"https:\\\/\\\/congovirtuel.com\\\/information\\\/joseph-kabila-a-nomme-l-avocat-dali-mpofu-dafrique-du-sud-pour-poursuivre-le-journal-the-namibian-pour-diffamation\\\/\",\"name\":\"Joseph Kabila a nomm\u00e9\u00a0 l 'avocat Dali Mpofu d'Afrique du Sud pour poursuivre le journal The Namibian pour \\\"diffamation\\\" - Actualit\u00e9s congolaises et internationales\",\"isPartOf\":{\"@id\":\"https:\\\/\\\/congovirtuel.com\\\/information\\\/#website\"},\"primaryImageOfPage\":{\"@id\":\"https:\\\/\\\/congovirtuel.com\\\/information\\\/joseph-kabila-a-nomme-l-avocat-dali-mpofu-dafrique-du-sud-pour-poursuivre-le-journal-the-namibian-pour-diffamation\\\/#primaryimage\"},\"image\":{\"@id\":\"https:\\\/\\\/congovirtuel.com\\\/information\\\/joseph-kabila-a-nomme-l-avocat-dali-mpofu-dafrique-du-sud-pour-poursuivre-le-journal-the-namibian-pour-diffamation\\\/#primaryimage\"},\"thumbnailUrl\":\"https:\\\/\\\/congovirtuel.com\\\/information\\\/wp-content\\\/uploads\\\/2021\\\/04\\\/Kabila6-1200-x-600.jpg\",\"datePublished\":\"2021-12-30T12:53:28+00:00\",\"dateModified\":\"2021-12-30T12:53:30+00:00\",\"breadcrumb\":{\"@id\":\"https:\\\/\\\/congovirtuel.com\\\/information\\\/joseph-kabila-a-nomme-l-avocat-dali-mpofu-dafrique-du-sud-pour-poursuivre-le-journal-the-namibian-pour-diffamation\\\/#breadcrumb\"},\"inLanguage\":\"fr-FR\",\"potentialAction\":[{\"@type\":\"ReadAction\",\"target\":[\"https:\\\/\\\/congovirtuel.com\\\/information\\\/joseph-kabila-a-nomme-l-avocat-dali-mpofu-dafrique-du-sud-pour-poursuivre-le-journal-the-namibian-pour-diffamation\\\/\"]}]},{\"@type\":\"ImageObject\",\"inLanguage\":\"fr-FR\",\"@id\":\"https:\\\/\\\/congovirtuel.com\\\/information\\\/joseph-kabila-a-nomme-l-avocat-dali-mpofu-dafrique-du-sud-pour-poursuivre-le-journal-the-namibian-pour-diffamation\\\/#primaryimage\",\"url\":\"https:\\\/\\\/congovirtuel.com\\\/information\\\/wp-content\\\/uploads\\\/2021\\\/04\\\/Kabila6-1200-x-600.jpg\",\"contentUrl\":\"https:\\\/\\\/congovirtuel.com\\\/information\\\/wp-content\\\/uploads\\\/2021\\\/04\\\/Kabila6-1200-x-600.jpg\",\"width\":1200,\"height\":600,\"caption\":\"Kabila\"},{\"@type\":\"BreadcrumbList\",\"@id\":\"https:\\\/\\\/congovirtuel.com\\\/information\\\/joseph-kabila-a-nomme-l-avocat-dali-mpofu-dafrique-du-sud-pour-poursuivre-le-journal-the-namibian-pour-diffamation\\\/#breadcrumb\",\"itemListElement\":[{\"@type\":\"ListItem\",\"position\":1,\"name\":\"Accueil\",\"item\":\"https:\\\/\\\/congovirtuel.com\\\/information\\\/\"},{\"@type\":\"ListItem\",\"position\":2,\"name\":\"Joseph Kabila a nomm\u00e9\u00a0 l &lsquo;avocat Dali Mpofu d&rsquo;Afrique du Sud pour poursuivre le journal The Namibian pour \u00ab\u00a0diffamation\u00a0\u00bb\"}]},{\"@type\":\"WebSite\",\"@id\":\"https:\\\/\\\/congovirtuel.com\\\/information\\\/#website\",\"url\":\"https:\\\/\\\/congovirtuel.com\\\/information\\\/\",\"name\":\"Actualit\u00e9s congolaises et internationales\",\"description\":\"site d&#039;analyse et de traitement d&#039;information\",\"publisher\":{\"@id\":\"https:\\\/\\\/congovirtuel.com\\\/information\\\/#organization\"},\"potentialAction\":[{\"@type\":\"SearchAction\",\"target\":{\"@type\":\"EntryPoint\",\"urlTemplate\":\"https:\\\/\\\/congovirtuel.com\\\/information\\\/?s={search_term_string}\"},\"query-input\":{\"@type\":\"PropertyValueSpecification\",\"valueRequired\":true,\"valueName\":\"search_term_string\"}}],\"inLanguage\":\"fr-FR\"},{\"@type\":\"Organization\",\"@id\":\"https:\\\/\\\/congovirtuel.com\\\/information\\\/#organization\",\"name\":\"Biblioth\u00e8que Virtuelle de la RDC\",\"url\":\"https:\\\/\\\/congovirtuel.com\\\/information\\\/\",\"logo\":{\"@type\":\"ImageObject\",\"inLanguage\":\"fr-FR\",\"@id\":\"https:\\\/\\\/congovirtuel.com\\\/information\\\/#\\\/schema\\\/logo\\\/image\\\/\",\"url\":\"https:\\\/\\\/congovirtuel.com\\\/information\\\/wp-content\\\/uploads\\\/2018\\\/10\\\/header-info-congovirtuel-vraie.jpg\",\"contentUrl\":\"https:\\\/\\\/congovirtuel.com\\\/information\\\/wp-content\\\/uploads\\\/2018\\\/10\\\/header-info-congovirtuel-vraie.jpg\",\"width\":728,\"height\":90,\"caption\":\"Biblioth\u00e8que Virtuelle de la RDC\"},\"image\":{\"@id\":\"https:\\\/\\\/congovirtuel.com\\\/information\\\/#\\\/schema\\\/logo\\\/image\\\/\"},\"sameAs\":[\"https:\\\/\\\/web.facebook.com\\\/Congovirtuel-763617960319601\\\/?ref=aymt_homepage_panel&amp;amp;amp;amp;amp;amp;amp;amp;amp;amp;amp;eid=ARCoxULa66767kIgF_KYav6VdjXTI4yk_LW4yoVO9s6NXpysgb7Cb65vpxcxgqzOAKvIbLQxaAETcqHT\",\"https:\\\/\\\/x.com\\\/congovirtuel\",\"https:\\\/\\\/www.youtube.com\\\/channel\\\/UCkFfprYzGgS3EWNpeMXpToQ?view_as=subscriber\"]},{\"@type\":\"Person\",\"@id\":\"https:\\\/\\\/congovirtuel.com\\\/information\\\/#\\\/schema\\\/person\\\/739a44bf7990966cb53d58d2fdeca0b6\",\"name\":\"infocongovirtuel\",\"image\":{\"@type\":\"ImageObject\",\"inLanguage\":\"fr-FR\",\"@id\":\"https:\\\/\\\/secure.gravatar.com\\\/avatar\\\/4d76991aa72469f0eb22e772586c99113c6997f88da636a9db8f2ce3a2c05e69?s=96&d=mm&r=g\",\"url\":\"https:\\\/\\\/secure.gravatar.com\\\/avatar\\\/4d76991aa72469f0eb22e772586c99113c6997f88da636a9db8f2ce3a2c05e69?s=96&d=mm&r=g\",\"contentUrl\":\"https:\\\/\\\/secure.gravatar.com\\\/avatar\\\/4d76991aa72469f0eb22e772586c99113c6997f88da636a9db8f2ce3a2c05e69?s=96&d=mm&r=g\",\"caption\":\"infocongovirtuel\"},\"url\":\"https:\\\/\\\/congovirtuel.com\\\/information\\\/author\\\/infocongovirtuel\\\/\"}]}<\/script>\n<!-- \/ Yoast SEO plugin. -->","yoast_head_json":{"title":"Joseph Kabila a nomm\u00e9\u00a0 l 'avocat Dali Mpofu d'Afrique du Sud pour poursuivre le journal The Namibian pour \"diffamation\" - Actualit\u00e9s congolaises et internationales","robots":{"index":"index","follow":"follow","max-snippet":"max-snippet:-1","max-image-preview":"max-image-preview:large","max-video-preview":"max-video-preview:-1"},"canonical":"https:\/\/congovirtuel.com\/information\/joseph-kabila-a-nomme-l-avocat-dali-mpofu-dafrique-du-sud-pour-poursuivre-le-journal-the-namibian-pour-diffamation\/","og_locale":"fr_FR","og_type":"article","og_title":"Joseph Kabila a nomm\u00e9\u00a0 l 'avocat Dali Mpofu d'Afrique du Sud pour poursuivre le journal The Namibian pour \"diffamation\" - Actualit\u00e9s congolaises et internationales","og_description":"L&rsquo;ancien pr\u00e9sident de la R\u00e9publique d\u00e9mocratique du Congo, Joseph Kabila, menace de poursuivre The Namibian en justice pour deux articles publi\u00e9s dans le journal ce mois-ci. Les repr\u00e9sentants des m\u00e9dias de Kabila l&rsquo;ont annonc\u00e9 mardi dans une d\u00e9claration publique. Les organisations namibiennes et 18 m\u00e9dias \u00e0 travers le monde, dont la BBC et Bloomberg, ont signal\u00e9 une fuite de 3,5 millions de documents bancaires qui montrent comment des milliards de dollars ont \u00e9t\u00e9 d\u00e9tourn\u00e9s du tr\u00e9sor de la R\u00e9publique d\u00e9mocratique du Congo (RDC) par le biais d&rsquo;un r\u00e9seau d&rsquo;entreprises li\u00e9es&hellip;","og_url":"https:\/\/congovirtuel.com\/information\/joseph-kabila-a-nomme-l-avocat-dali-mpofu-dafrique-du-sud-pour-poursuivre-le-journal-the-namibian-pour-diffamation\/","og_site_name":"Actualit\u00e9s congolaises et internationales","article_publisher":"https:\/\/web.facebook.com\/Congovirtuel-763617960319601\/?ref=aymt_homepage_panel&amp%3bamp%3bamp%3bamp%3bamp%3bamp%3bamp%3bamp%3bamp%3bamp%3bamp%3beid=ARCoxULa66767kIgF_KYav6VdjXTI4yk_LW4yoVO9s6NXpysgb7Cb65vpxcxgqzOAKvIbLQxaAETcqHT","article_published_time":"2021-12-30T12:53:28+00:00","article_modified_time":"2021-12-30T12:53:30+00:00","og_image":[{"width":1200,"height":600,"url":"https:\/\/congovirtuel.com\/information\/wp-content\/uploads\/2021\/04\/Kabila6-1200-x-600.jpg","type":"image\/jpeg"}],"author":"infocongovirtuel","twitter_card":"summary_large_image","twitter_creator":"@congovirtuel","twitter_site":"@congovirtuel","twitter_misc":{"\u00c9crit par":"infocongovirtuel","Dur\u00e9e de lecture estim\u00e9e":"3 minutes"},"schema":{"@context":"https:\/\/schema.org","@graph":[{"@type":"Article","@id":"https:\/\/congovirtuel.com\/information\/joseph-kabila-a-nomme-l-avocat-dali-mpofu-dafrique-du-sud-pour-poursuivre-le-journal-the-namibian-pour-diffamation\/#article","isPartOf":{"@id":"https:\/\/congovirtuel.com\/information\/joseph-kabila-a-nomme-l-avocat-dali-mpofu-dafrique-du-sud-pour-poursuivre-le-journal-the-namibian-pour-diffamation\/"},"author":{"name":"infocongovirtuel","@id":"https:\/\/congovirtuel.com\/information\/#\/schema\/person\/739a44bf7990966cb53d58d2fdeca0b6"},"headline":"Joseph Kabila a nomm\u00e9\u00a0 l &lsquo;avocat Dali Mpofu d&rsquo;Afrique du Sud pour poursuivre le journal The Namibian pour \u00ab\u00a0diffamation\u00a0\u00bb","datePublished":"2021-12-30T12:53:28+00:00","dateModified":"2021-12-30T12:53:30+00:00","mainEntityOfPage":{"@id":"https:\/\/congovirtuel.com\/information\/joseph-kabila-a-nomme-l-avocat-dali-mpofu-dafrique-du-sud-pour-poursuivre-le-journal-the-namibian-pour-diffamation\/"},"wordCount":585,"commentCount":0,"publisher":{"@id":"https:\/\/congovirtuel.com\/information\/#organization"},"image":{"@id":"https:\/\/congovirtuel.com\/information\/joseph-kabila-a-nomme-l-avocat-dali-mpofu-dafrique-du-sud-pour-poursuivre-le-journal-the-namibian-pour-diffamation\/#primaryimage"},"thumbnailUrl":"https:\/\/congovirtuel.com\/information\/wp-content\/uploads\/2021\/04\/Kabila6-1200-x-600.jpg","keywords":["R\u00e9sidence Kabila Namibie"],"articleSection":["D\u00e9tournement"],"inLanguage":"fr-FR","potentialAction":[{"@type":"CommentAction","name":"Comment","target":["https:\/\/congovirtuel.com\/information\/joseph-kabila-a-nomme-l-avocat-dali-mpofu-dafrique-du-sud-pour-poursuivre-le-journal-the-namibian-pour-diffamation\/#respond"]}]},{"@type":"WebPage","@id":"https:\/\/congovirtuel.com\/information\/joseph-kabila-a-nomme-l-avocat-dali-mpofu-dafrique-du-sud-pour-poursuivre-le-journal-the-namibian-pour-diffamation\/","url":"https:\/\/congovirtuel.com\/information\/joseph-kabila-a-nomme-l-avocat-dali-mpofu-dafrique-du-sud-pour-poursuivre-le-journal-the-namibian-pour-diffamation\/","name":"Joseph Kabila a nomm\u00e9\u00a0 l 'avocat Dali Mpofu d'Afrique du Sud pour poursuivre le journal The Namibian pour \"diffamation\" - Actualit\u00e9s congolaises et internationales","isPartOf":{"@id":"https:\/\/congovirtuel.com\/information\/#website"},"primaryImageOfPage":{"@id":"https:\/\/congovirtuel.com\/information\/joseph-kabila-a-nomme-l-avocat-dali-mpofu-dafrique-du-sud-pour-poursuivre-le-journal-the-namibian-pour-diffamation\/#primaryimage"},"image":{"@id":"https:\/\/congovirtuel.com\/information\/joseph-kabila-a-nomme-l-avocat-dali-mpofu-dafrique-du-sud-pour-poursuivre-le-journal-the-namibian-pour-diffamation\/#primaryimage"},"thumbnailUrl":"https:\/\/congovirtuel.com\/information\/wp-content\/uploads\/2021\/04\/Kabila6-1200-x-600.jpg","datePublished":"2021-12-30T12:53:28+00:00","dateModified":"2021-12-30T12:53:30+00:00","breadcrumb":{"@id":"https:\/\/congovirtuel.com\/information\/joseph-kabila-a-nomme-l-avocat-dali-mpofu-dafrique-du-sud-pour-poursuivre-le-journal-the-namibian-pour-diffamation\/#breadcrumb"},"inLanguage":"fr-FR","potentialAction":[{"@type":"ReadAction","target":["https:\/\/congovirtuel.com\/information\/joseph-kabila-a-nomme-l-avocat-dali-mpofu-dafrique-du-sud-pour-poursuivre-le-journal-the-namibian-pour-diffamation\/"]}]},{"@type":"ImageObject","inLanguage":"fr-FR","@id":"https:\/\/congovirtuel.com\/information\/joseph-kabila-a-nomme-l-avocat-dali-mpofu-dafrique-du-sud-pour-poursuivre-le-journal-the-namibian-pour-diffamation\/#primaryimage","url":"https:\/\/congovirtuel.com\/information\/wp-content\/uploads\/2021\/04\/Kabila6-1200-x-600.jpg","contentUrl":"https:\/\/congovirtuel.com\/information\/wp-content\/uploads\/2021\/04\/Kabila6-1200-x-600.jpg","width":1200,"height":600,"caption":"Kabila"},{"@type":"BreadcrumbList","@id":"https:\/\/congovirtuel.com\/information\/joseph-kabila-a-nomme-l-avocat-dali-mpofu-dafrique-du-sud-pour-poursuivre-le-journal-the-namibian-pour-diffamation\/#breadcrumb","itemListElement":[{"@type":"ListItem","position":1,"name":"Accueil","item":"https:\/\/congovirtuel.com\/information\/"},{"@type":"ListItem","position":2,"name":"Joseph Kabila a nomm\u00e9\u00a0 l &lsquo;avocat Dali Mpofu d&rsquo;Afrique du Sud pour poursuivre le journal The Namibian pour \u00ab\u00a0diffamation\u00a0\u00bb"}]},{"@type":"WebSite","@id":"https:\/\/congovirtuel.com\/information\/#website","url":"https:\/\/congovirtuel.com\/information\/","name":"Actualit\u00e9s congolaises et internationales","description":"site d&#039;analyse et de traitement d&#039;information","publisher":{"@id":"https:\/\/congovirtuel.com\/information\/#organization"},"potentialAction":[{"@type":"SearchAction","target":{"@type":"EntryPoint","urlTemplate":"https:\/\/congovirtuel.com\/information\/?s={search_term_string}"},"query-input":{"@type":"PropertyValueSpecification","valueRequired":true,"valueName":"search_term_string"}}],"inLanguage":"fr-FR"},{"@type":"Organization","@id":"https:\/\/congovirtuel.com\/information\/#organization","name":"Biblioth\u00e8que Virtuelle de la RDC","url":"https:\/\/congovirtuel.com\/information\/","logo":{"@type":"ImageObject","inLanguage":"fr-FR","@id":"https:\/\/congovirtuel.com\/information\/#\/schema\/logo\/image\/","url":"https:\/\/congovirtuel.com\/information\/wp-content\/uploads\/2018\/10\/header-info-congovirtuel-vraie.jpg","contentUrl":"https:\/\/congovirtuel.com\/information\/wp-content\/uploads\/2018\/10\/header-info-congovirtuel-vraie.jpg","width":728,"height":90,"caption":"Biblioth\u00e8que Virtuelle de la RDC"},"image":{"@id":"https:\/\/congovirtuel.com\/information\/#\/schema\/logo\/image\/"},"sameAs":["https:\/\/web.facebook.com\/Congovirtuel-763617960319601\/?ref=aymt_homepage_panel&amp;amp;amp;amp;amp;amp;amp;amp;amp;amp;amp;eid=ARCoxULa66767kIgF_KYav6VdjXTI4yk_LW4yoVO9s6NXpysgb7Cb65vpxcxgqzOAKvIbLQxaAETcqHT","https:\/\/x.com\/congovirtuel","https:\/\/www.youtube.com\/channel\/UCkFfprYzGgS3EWNpeMXpToQ?view_as=subscriber"]},{"@type":"Person","@id":"https:\/\/congovirtuel.com\/information\/#\/schema\/person\/739a44bf7990966cb53d58d2fdeca0b6","name":"infocongovirtuel","image":{"@type":"ImageObject","inLanguage":"fr-FR","@id":"https:\/\/secure.gravatar.com\/avatar\/4d76991aa72469f0eb22e772586c99113c6997f88da636a9db8f2ce3a2c05e69?s=96&d=mm&r=g","url":"https:\/\/secure.gravatar.com\/avatar\/4d76991aa72469f0eb22e772586c99113c6997f88da636a9db8f2ce3a2c05e69?s=96&d=mm&r=g","contentUrl":"https:\/\/secure.gravatar.com\/avatar\/4d76991aa72469f0eb22e772586c99113c6997f88da636a9db8f2ce3a2c05e69?s=96&d=mm&r=g","caption":"infocongovirtuel"},"url":"https:\/\/congovirtuel.com\/information\/author\/infocongovirtuel\/"}]}},"gt_translate_keys":[{"key":"link","format":"url"}],"_links":{"self":[{"href":"https:\/\/congovirtuel.com\/information\/wp-json\/wp\/v2\/posts\/16781","targetHints":{"allow":["GET"]}}],"collection":[{"href":"https:\/\/congovirtuel.com\/information\/wp-json\/wp\/v2\/posts"}],"about":[{"href":"https:\/\/congovirtuel.com\/information\/wp-json\/wp\/v2\/types\/post"}],"author":[{"embeddable":true,"href":"https:\/\/congovirtuel.com\/information\/wp-json\/wp\/v2\/users\/1"}],"replies":[{"embeddable":true,"href":"https:\/\/congovirtuel.com\/information\/wp-json\/wp\/v2\/comments?post=16781"}],"version-history":[{"count":1,"href":"https:\/\/congovirtuel.com\/information\/wp-json\/wp\/v2\/posts\/16781\/revisions"}],"predecessor-version":[{"id":16783,"href":"https:\/\/congovirtuel.com\/information\/wp-json\/wp\/v2\/posts\/16781\/revisions\/16783"}],"wp:featuredmedia":[{"embeddable":true,"href":"https:\/\/congovirtuel.com\/information\/wp-json\/wp\/v2\/media\/7960"}],"wp:attachment":[{"href":"https:\/\/congovirtuel.com\/information\/wp-json\/wp\/v2\/media?parent=16781"}],"wp:term":[{"taxonomy":"category","embeddable":true,"href":"https:\/\/congovirtuel.com\/information\/wp-json\/wp\/v2\/categories?post=16781"},{"taxonomy":"post_tag","embeddable":true,"href":"https:\/\/congovirtuel.com\/information\/wp-json\/wp\/v2\/tags?post=16781"}],"curies":[{"name":"wp","href":"https:\/\/api.w.org\/{rel}","templated":true}]}}