{"id":16793,"date":"2021-12-30T18:54:56","date_gmt":"2021-12-30T17:54:56","guid":{"rendered":"https:\/\/congovirtuel.com\/information\/?p=16793"},"modified":"2021-12-30T18:54:58","modified_gmt":"2021-12-30T17:54:58","slug":"namibie-gate-rencontre-du-07-novembre-entre-joseph-kabila-et-sam-nujoma-a-windhoek-le-bureau-de-lancien-president-namibien-se-defend","status":"publish","type":"post","link":"https:\/\/congovirtuel.com\/information\/namibie-gate-rencontre-du-07-novembre-entre-joseph-kabila-et-sam-nujoma-a-windhoek-le-bureau-de-lancien-president-namibien-se-defend\/","title":{"rendered":"Namibie gate \/Rencontre du 07 novembre entre Joseph Kabila et Sam Nujoma \u00e0 Windhoek, le bureau de l&rsquo;ancien pr\u00e9sident namibien se d\u00e9fend","gt_translate_keys":[{"key":"rendered","format":"text"}]},"content":{"rendered":"\n<p class=\"wp-block-paragraph\">Le bureau de l&rsquo;ancien pr\u00e9sident Sam Nujoma a d\u00e9fendu une rencontre entre Nujoma et l&rsquo;ancien dirigeant de la R\u00e9publique d\u00e9mocratique du Congo Joseph Kabila.L&rsquo;assistant sp\u00e9cial principal de Nujoma, Paul Shipale, a publi\u00e9 mercredi une d\u00e9claration affirmant que la rencontre entre les deux dirigeants \u00e0 Walvis Bay n&rsquo;\u00e9tait pas un secret.<\/p>\n\n\n\n<p class=\"wp-block-paragraph\">Il a d\u00e9clar\u00e9 que Kabila s&rsquo;\u00e9tait rendu chez Sam Nujoma le 7 novembre 2021, apr\u00e8s avoir voyag\u00e9 en Afrique du Sud&nbsp; o\u00f9 il \u00ab\u00a0a soutenu sa th\u00e8se de ma\u00eetrise en sciences politiques sur le leadership en RDC\u00a0\u00bb.<\/p>\n\n\n\n<p class=\"wp-block-paragraph\">La r\u00e9union a attir\u00e9 l&rsquo;attention de plusieurs personnalit\u00e9s puissantes en Namibie et en RDC.<\/p>\n\n\n\n<p class=\"wp-block-paragraph\">Des personnes famili\u00e8res avec cette affaire ont d\u00e9clar\u00e9 que la rencontre entre Nujoma et Kabila est survenue lors d&rsquo;une conversation entre Geingob et l&rsquo;actuel pr\u00e9sident de la RDC Felix Tshisekedi il y a deux semaines,<\/p>\n\n\n\n<p class=\"wp-block-paragraph\">Tshisekedi remettant en cause le voyage de Kabila en Namibie.<\/p>\n\n\n\n<p class=\"wp-block-paragraph\">Shipale a d\u00e9clar\u00e9 que Nujoma et Kabila ont discut\u00e9 de questions d&rsquo;int\u00e9r\u00eat national commun et de relations bilat\u00e9rales entre les deux pays.<\/p>\n\n\n\n<p class=\"wp-block-paragraph\">\u00ab <em>Les deux dirigeants ont rappel\u00e9 les liens fraternels de longue date d&rsquo;amiti\u00e9 et de solidarit\u00e9 qui existait entre le peuple de la RDC et le peuple de la Namibie.<\/em> \u00bb<\/p>\n\n\n\n<p class=\"wp-block-paragraph\">Shipale a d\u00e9clar\u00e9 Kabila a remerci\u00e9 la Namibie pour le soutien politique, mat\u00e9riel et diplomatique , il a fourni \u00e0 la RDC.<\/p>\n\n\n\n<p class=\"wp-block-paragraph\">\u00ab <em>Kabila a d\u00e9clar\u00e9 que le peuple namibien a fait preuve de gentillesse, d&rsquo;humanit\u00e9 et d&rsquo;ubuntu, dans l&rsquo;esprit du panafricanisme, non seulement envers la RDC, mais aussi envers les autres \u00c9tats membres de la SADC.<\/em><\/p>\n\n\n\n<p class=\"wp-block-paragraph\">Shipale a d\u00e9clar\u00e9 que Nujoma avait \u00e9t\u00e9 initialement invit\u00e9e sur la c\u00f4te pour une campagne de nettoyage, accompagn\u00e9e du ministre de l&rsquo;Environnement Pohamba Shifeta, du gouverneur de Kunene Marius Sheya et du chef de l&rsquo;Autorit\u00e9 traditionnelle Namidaman Jeremiah Gaobaeb.<\/p>\n\n\n\n<p class=\"wp-block-paragraph\">The Namibien a \u00e9tabli que Kabila et 28 agents de s\u00e9curit\u00e9 dans 10 v\u00e9hicules sont entr\u00e9s dans le pays \u00e0 Oranjemund depuis Le Cap, en Afrique du Sud, le 6 novembre, et ont pass\u00e9 deux semaines en Namibie.<\/p>\n\n\n\n<p class=\"wp-block-paragraph\">Le voyage de Kabila a \u00e9t\u00e9 entrepris alors qu&rsquo;une enqu\u00eate m\u00e9diatique internationale finalisait un rapport sur la fa\u00e7on dont entre 2,2 et 3,6 milliards de dollars namibiens ont \u00e9t\u00e9 d\u00e9tourn\u00e9s de la RDC au cours de son dernier mandat.<\/p>\n\n\n\n<p class=\"wp-block-paragraph\">Kabila a depuis menac\u00e9 de poursuivre The Namibian pour deux articles publi\u00e9s ce mois-ci.<\/p>\n\n\n\n<p class=\"wp-block-paragraph\"><strong>Shinoven Emmanuel\/<\/strong><a href=\"https:\/\/www.namibian.com.na\/108678\/read\/Nujomas-office-defends-Kabila-meeting\"><strong>The Namibian<\/strong><\/a><\/p>\n","protected":false,"gt_translate_keys":[{"key":"rendered","format":"html"}]},"excerpt":{"rendered":"<p>Le bureau de l&rsquo;ancien pr\u00e9sident Sam Nujoma a d\u00e9fendu une rencontre entre Nujoma et l&rsquo;ancien dirigeant de la R\u00e9publique d\u00e9mocratique du Congo Joseph Kabila.L&rsquo;assistant sp\u00e9cial principal de Nujoma, Paul Shipale, a publi\u00e9 mercredi une d\u00e9claration affirmant que la rencontre entre les deux dirigeants \u00e0 Walvis Bay n&rsquo;\u00e9tait pas un secret. Il a d\u00e9clar\u00e9 que Kabila s&rsquo;\u00e9tait rendu chez Sam Nujoma le 7 novembre 2021, apr\u00e8s avoir voyag\u00e9 en Afrique du Sud&nbsp; o\u00f9 il \u00ab\u00a0a soutenu sa th\u00e8se de ma\u00eetrise en sciences politiques sur le leadership en RDC\u00a0\u00bb. La r\u00e9union a&hellip;<\/p>\n","protected":false,"gt_translate_keys":[{"key":"rendered","format":"html"}]},"author":1,"featured_media":16795,"comment_status":"open","ping_status":"open","sticky":false,"template":"","format":"standard","meta":{"_crdt_document":"","footnotes":""},"categories":[1260],"tags":[32467],"class_list":["post-16793","post","type-post","status-publish","format-standard","has-post-thumbnail","hentry","category-opposition","tag-kabila-a-namibie"],"gutentor_comment":0,"yoast_head":"<!-- This site is optimized with the Yoast SEO plugin v27.5 - https:\/\/yoast.com\/product\/yoast-seo-wordpress\/ -->\n<title>Namibie gate \/Rencontre du 07 novembre entre Joseph Kabila et Sam Nujoma \u00e0 Windhoek, le bureau de l&#039;ancien pr\u00e9sident namibien se d\u00e9fend - Actualit\u00e9s congolaises et internationales<\/title>\n<meta name=\"robots\" content=\"index, follow, max-snippet:-1, max-image-preview:large, max-video-preview:-1\" \/>\n<link rel=\"canonical\" href=\"https:\/\/congovirtuel.com\/information\/namibie-gate-rencontre-du-07-novembre-entre-joseph-kabila-et-sam-nujoma-a-windhoek-le-bureau-de-lancien-president-namibien-se-defend\/\" \/>\n<meta property=\"og:locale\" content=\"fr_FR\" \/>\n<meta property=\"og:type\" content=\"article\" \/>\n<meta property=\"og:title\" content=\"Namibie gate \/Rencontre du 07 novembre entre Joseph Kabila et Sam Nujoma \u00e0 Windhoek, le bureau de l&#039;ancien pr\u00e9sident namibien se d\u00e9fend - Actualit\u00e9s congolaises et internationales\" \/>\n<meta property=\"og:description\" content=\"Le bureau de l&rsquo;ancien pr\u00e9sident Sam Nujoma a d\u00e9fendu une rencontre entre Nujoma et l&rsquo;ancien dirigeant de la R\u00e9publique d\u00e9mocratique du Congo Joseph Kabila.L&rsquo;assistant sp\u00e9cial principal de Nujoma, Paul Shipale, a publi\u00e9 mercredi une d\u00e9claration affirmant que la rencontre entre les deux dirigeants \u00e0 Walvis Bay n&rsquo;\u00e9tait pas un secret. Il a d\u00e9clar\u00e9 que Kabila s&rsquo;\u00e9tait rendu chez Sam Nujoma le 7 novembre 2021, apr\u00e8s avoir voyag\u00e9 en Afrique du Sud&nbsp; o\u00f9 il \u00ab\u00a0a soutenu sa th\u00e8se de ma\u00eetrise en sciences politiques sur le leadership en RDC\u00a0\u00bb. La r\u00e9union a&hellip;\" \/>\n<meta property=\"og:url\" content=\"https:\/\/congovirtuel.com\/information\/namibie-gate-rencontre-du-07-novembre-entre-joseph-kabila-et-sam-nujoma-a-windhoek-le-bureau-de-lancien-president-namibien-se-defend\/\" \/>\n<meta property=\"og:site_name\" content=\"Actualit\u00e9s congolaises et internationales\" \/>\n<meta property=\"article:publisher\" content=\"https:\/\/web.facebook.com\/Congovirtuel-763617960319601\/?ref=aymt_homepage_panel&amp;amp%3bamp%3bamp%3bamp%3bamp%3bamp%3bamp%3bamp%3bamp%3bamp%3bamp%3beid=ARCoxULa66767kIgF_KYav6VdjXTI4yk_LW4yoVO9s6NXpysgb7Cb65vpxcxgqzOAKvIbLQxaAETcqHT\" \/>\n<meta property=\"article:published_time\" content=\"2021-12-30T17:54:56+00:00\" \/>\n<meta property=\"article:modified_time\" content=\"2021-12-30T17:54:58+00:00\" \/>\n<meta property=\"og:image\" content=\"https:\/\/congovirtuel.com\/information\/wp-content\/uploads\/2021\/12\/IMG-20211230-WA0041.jpg\" \/>\n\t<meta property=\"og:image:width\" content=\"640\" \/>\n\t<meta property=\"og:image:height\" content=\"470\" \/>\n\t<meta property=\"og:image:type\" content=\"image\/jpeg\" \/>\n<meta name=\"author\" content=\"infocongovirtuel\" \/>\n<meta name=\"twitter:card\" content=\"summary_large_image\" \/>\n<meta name=\"twitter:creator\" content=\"@congovirtuel\" \/>\n<meta name=\"twitter:site\" content=\"@congovirtuel\" \/>\n<meta name=\"twitter:label1\" content=\"\u00c9crit par\" \/>\n\t<meta name=\"twitter:data1\" content=\"infocongovirtuel\" \/>\n\t<meta name=\"twitter:label2\" content=\"Dur\u00e9e de lecture estim\u00e9e\" \/>\n\t<meta name=\"twitter:data2\" content=\"2 minutes\" \/>\n<script type=\"application\/ld+json\" class=\"yoast-schema-graph\">{\"@context\":\"https:\\\/\\\/schema.org\",\"@graph\":[{\"@type\":\"Article\",\"@id\":\"https:\\\/\\\/congovirtuel.com\\\/information\\\/namibie-gate-rencontre-du-07-novembre-entre-joseph-kabila-et-sam-nujoma-a-windhoek-le-bureau-de-lancien-president-namibien-se-defend\\\/#article\",\"isPartOf\":{\"@id\":\"https:\\\/\\\/congovirtuel.com\\\/information\\\/namibie-gate-rencontre-du-07-novembre-entre-joseph-kabila-et-sam-nujoma-a-windhoek-le-bureau-de-lancien-president-namibien-se-defend\\\/\"},\"author\":{\"name\":\"infocongovirtuel\",\"@id\":\"https:\\\/\\\/congovirtuel.com\\\/information\\\/#\\\/schema\\\/person\\\/739a44bf7990966cb53d58d2fdeca0b6\"},\"headline\":\"Namibie gate \\\/Rencontre du 07 novembre entre Joseph Kabila et Sam Nujoma \u00e0 Windhoek, le bureau de l&rsquo;ancien pr\u00e9sident namibien se d\u00e9fend\",\"datePublished\":\"2021-12-30T17:54:56+00:00\",\"dateModified\":\"2021-12-30T17:54:58+00:00\",\"mainEntityOfPage\":{\"@id\":\"https:\\\/\\\/congovirtuel.com\\\/information\\\/namibie-gate-rencontre-du-07-novembre-entre-joseph-kabila-et-sam-nujoma-a-windhoek-le-bureau-de-lancien-president-namibien-se-defend\\\/\"},\"wordCount\":452,\"commentCount\":0,\"publisher\":{\"@id\":\"https:\\\/\\\/congovirtuel.com\\\/information\\\/#organization\"},\"image\":{\"@id\":\"https:\\\/\\\/congovirtuel.com\\\/information\\\/namibie-gate-rencontre-du-07-novembre-entre-joseph-kabila-et-sam-nujoma-a-windhoek-le-bureau-de-lancien-president-namibien-se-defend\\\/#primaryimage\"},\"thumbnailUrl\":\"https:\\\/\\\/congovirtuel.com\\\/information\\\/wp-content\\\/uploads\\\/2021\\\/12\\\/IMG-20211230-WA0041.jpg\",\"keywords\":[\"Kabila \u00e0 Namibie\"],\"articleSection\":[\"Opposition\"],\"inLanguage\":\"fr-FR\",\"potentialAction\":[{\"@type\":\"CommentAction\",\"name\":\"Comment\",\"target\":[\"https:\\\/\\\/congovirtuel.com\\\/information\\\/namibie-gate-rencontre-du-07-novembre-entre-joseph-kabila-et-sam-nujoma-a-windhoek-le-bureau-de-lancien-president-namibien-se-defend\\\/#respond\"]}]},{\"@type\":\"WebPage\",\"@id\":\"https:\\\/\\\/congovirtuel.com\\\/information\\\/namibie-gate-rencontre-du-07-novembre-entre-joseph-kabila-et-sam-nujoma-a-windhoek-le-bureau-de-lancien-president-namibien-se-defend\\\/\",\"url\":\"https:\\\/\\\/congovirtuel.com\\\/information\\\/namibie-gate-rencontre-du-07-novembre-entre-joseph-kabila-et-sam-nujoma-a-windhoek-le-bureau-de-lancien-president-namibien-se-defend\\\/\",\"name\":\"Namibie gate \\\/Rencontre du 07 novembre entre Joseph Kabila et Sam Nujoma \u00e0 Windhoek, le bureau de l'ancien pr\u00e9sident namibien se d\u00e9fend - Actualit\u00e9s congolaises et internationales\",\"isPartOf\":{\"@id\":\"https:\\\/\\\/congovirtuel.com\\\/information\\\/#website\"},\"primaryImageOfPage\":{\"@id\":\"https:\\\/\\\/congovirtuel.com\\\/information\\\/namibie-gate-rencontre-du-07-novembre-entre-joseph-kabila-et-sam-nujoma-a-windhoek-le-bureau-de-lancien-president-namibien-se-defend\\\/#primaryimage\"},\"image\":{\"@id\":\"https:\\\/\\\/congovirtuel.com\\\/information\\\/namibie-gate-rencontre-du-07-novembre-entre-joseph-kabila-et-sam-nujoma-a-windhoek-le-bureau-de-lancien-president-namibien-se-defend\\\/#primaryimage\"},\"thumbnailUrl\":\"https:\\\/\\\/congovirtuel.com\\\/information\\\/wp-content\\\/uploads\\\/2021\\\/12\\\/IMG-20211230-WA0041.jpg\",\"datePublished\":\"2021-12-30T17:54:56+00:00\",\"dateModified\":\"2021-12-30T17:54:58+00:00\",\"breadcrumb\":{\"@id\":\"https:\\\/\\\/congovirtuel.com\\\/information\\\/namibie-gate-rencontre-du-07-novembre-entre-joseph-kabila-et-sam-nujoma-a-windhoek-le-bureau-de-lancien-president-namibien-se-defend\\\/#breadcrumb\"},\"inLanguage\":\"fr-FR\",\"potentialAction\":[{\"@type\":\"ReadAction\",\"target\":[\"https:\\\/\\\/congovirtuel.com\\\/information\\\/namibie-gate-rencontre-du-07-novembre-entre-joseph-kabila-et-sam-nujoma-a-windhoek-le-bureau-de-lancien-president-namibien-se-defend\\\/\"]}]},{\"@type\":\"ImageObject\",\"inLanguage\":\"fr-FR\",\"@id\":\"https:\\\/\\\/congovirtuel.com\\\/information\\\/namibie-gate-rencontre-du-07-novembre-entre-joseph-kabila-et-sam-nujoma-a-windhoek-le-bureau-de-lancien-president-namibien-se-defend\\\/#primaryimage\",\"url\":\"https:\\\/\\\/congovirtuel.com\\\/information\\\/wp-content\\\/uploads\\\/2021\\\/12\\\/IMG-20211230-WA0041.jpg\",\"contentUrl\":\"https:\\\/\\\/congovirtuel.com\\\/information\\\/wp-content\\\/uploads\\\/2021\\\/12\\\/IMG-20211230-WA0041.jpg\",\"width\":640,\"height\":470},{\"@type\":\"BreadcrumbList\",\"@id\":\"https:\\\/\\\/congovirtuel.com\\\/information\\\/namibie-gate-rencontre-du-07-novembre-entre-joseph-kabila-et-sam-nujoma-a-windhoek-le-bureau-de-lancien-president-namibien-se-defend\\\/#breadcrumb\",\"itemListElement\":[{\"@type\":\"ListItem\",\"position\":1,\"name\":\"Accueil\",\"item\":\"https:\\\/\\\/congovirtuel.com\\\/information\\\/\"},{\"@type\":\"ListItem\",\"position\":2,\"name\":\"Namibie gate \\\/Rencontre du 07 novembre entre Joseph Kabila et Sam Nujoma \u00e0 Windhoek, le bureau de l&rsquo;ancien pr\u00e9sident namibien se d\u00e9fend\"}]},{\"@type\":\"WebSite\",\"@id\":\"https:\\\/\\\/congovirtuel.com\\\/information\\\/#website\",\"url\":\"https:\\\/\\\/congovirtuel.com\\\/information\\\/\",\"name\":\"Actualit\u00e9s congolaises et internationales\",\"description\":\"site d&#039;analyse et de traitement d&#039;information\",\"publisher\":{\"@id\":\"https:\\\/\\\/congovirtuel.com\\\/information\\\/#organization\"},\"potentialAction\":[{\"@type\":\"SearchAction\",\"target\":{\"@type\":\"EntryPoint\",\"urlTemplate\":\"https:\\\/\\\/congovirtuel.com\\\/information\\\/?s={search_term_string}\"},\"query-input\":{\"@type\":\"PropertyValueSpecification\",\"valueRequired\":true,\"valueName\":\"search_term_string\"}}],\"inLanguage\":\"fr-FR\"},{\"@type\":\"Organization\",\"@id\":\"https:\\\/\\\/congovirtuel.com\\\/information\\\/#organization\",\"name\":\"Biblioth\u00e8que Virtuelle de la RDC\",\"url\":\"https:\\\/\\\/congovirtuel.com\\\/information\\\/\",\"logo\":{\"@type\":\"ImageObject\",\"inLanguage\":\"fr-FR\",\"@id\":\"https:\\\/\\\/congovirtuel.com\\\/information\\\/#\\\/schema\\\/logo\\\/image\\\/\",\"url\":\"https:\\\/\\\/congovirtuel.com\\\/information\\\/wp-content\\\/uploads\\\/2018\\\/10\\\/header-info-congovirtuel-vraie.jpg\",\"contentUrl\":\"https:\\\/\\\/congovirtuel.com\\\/information\\\/wp-content\\\/uploads\\\/2018\\\/10\\\/header-info-congovirtuel-vraie.jpg\",\"width\":728,\"height\":90,\"caption\":\"Biblioth\u00e8que Virtuelle de la RDC\"},\"image\":{\"@id\":\"https:\\\/\\\/congovirtuel.com\\\/information\\\/#\\\/schema\\\/logo\\\/image\\\/\"},\"sameAs\":[\"https:\\\/\\\/web.facebook.com\\\/Congovirtuel-763617960319601\\\/?ref=aymt_homepage_panel&amp;amp;amp;amp;amp;amp;amp;amp;amp;amp;amp;eid=ARCoxULa66767kIgF_KYav6VdjXTI4yk_LW4yoVO9s6NXpysgb7Cb65vpxcxgqzOAKvIbLQxaAETcqHT\",\"https:\\\/\\\/x.com\\\/congovirtuel\",\"https:\\\/\\\/www.youtube.com\\\/channel\\\/UCkFfprYzGgS3EWNpeMXpToQ?view_as=subscriber\"]},{\"@type\":\"Person\",\"@id\":\"https:\\\/\\\/congovirtuel.com\\\/information\\\/#\\\/schema\\\/person\\\/739a44bf7990966cb53d58d2fdeca0b6\",\"name\":\"infocongovirtuel\",\"image\":{\"@type\":\"ImageObject\",\"inLanguage\":\"fr-FR\",\"@id\":\"https:\\\/\\\/secure.gravatar.com\\\/avatar\\\/4d76991aa72469f0eb22e772586c99113c6997f88da636a9db8f2ce3a2c05e69?s=96&d=mm&r=g\",\"url\":\"https:\\\/\\\/secure.gravatar.com\\\/avatar\\\/4d76991aa72469f0eb22e772586c99113c6997f88da636a9db8f2ce3a2c05e69?s=96&d=mm&r=g\",\"contentUrl\":\"https:\\\/\\\/secure.gravatar.com\\\/avatar\\\/4d76991aa72469f0eb22e772586c99113c6997f88da636a9db8f2ce3a2c05e69?s=96&d=mm&r=g\",\"caption\":\"infocongovirtuel\"},\"url\":\"https:\\\/\\\/congovirtuel.com\\\/information\\\/author\\\/infocongovirtuel\\\/\"}]}<\/script>\n<!-- \/ Yoast SEO plugin. -->","yoast_head_json":{"title":"Namibie gate \/Rencontre du 07 novembre entre Joseph Kabila et Sam Nujoma \u00e0 Windhoek, le bureau de l'ancien pr\u00e9sident namibien se d\u00e9fend - Actualit\u00e9s congolaises et internationales","robots":{"index":"index","follow":"follow","max-snippet":"max-snippet:-1","max-image-preview":"max-image-preview:large","max-video-preview":"max-video-preview:-1"},"canonical":"https:\/\/congovirtuel.com\/information\/namibie-gate-rencontre-du-07-novembre-entre-joseph-kabila-et-sam-nujoma-a-windhoek-le-bureau-de-lancien-president-namibien-se-defend\/","og_locale":"fr_FR","og_type":"article","og_title":"Namibie gate \/Rencontre du 07 novembre entre Joseph Kabila et Sam Nujoma \u00e0 Windhoek, le bureau de l'ancien pr\u00e9sident namibien se d\u00e9fend - Actualit\u00e9s congolaises et internationales","og_description":"Le bureau de l&rsquo;ancien pr\u00e9sident Sam Nujoma a d\u00e9fendu une rencontre entre Nujoma et l&rsquo;ancien dirigeant de la R\u00e9publique d\u00e9mocratique du Congo Joseph Kabila.L&rsquo;assistant sp\u00e9cial principal de Nujoma, Paul Shipale, a publi\u00e9 mercredi une d\u00e9claration affirmant que la rencontre entre les deux dirigeants \u00e0 Walvis Bay n&rsquo;\u00e9tait pas un secret. Il a d\u00e9clar\u00e9 que Kabila s&rsquo;\u00e9tait rendu chez Sam Nujoma le 7 novembre 2021, apr\u00e8s avoir voyag\u00e9 en Afrique du Sud&nbsp; o\u00f9 il \u00ab\u00a0a soutenu sa th\u00e8se de ma\u00eetrise en sciences politiques sur le leadership en RDC\u00a0\u00bb. La r\u00e9union a&hellip;","og_url":"https:\/\/congovirtuel.com\/information\/namibie-gate-rencontre-du-07-novembre-entre-joseph-kabila-et-sam-nujoma-a-windhoek-le-bureau-de-lancien-president-namibien-se-defend\/","og_site_name":"Actualit\u00e9s congolaises et internationales","article_publisher":"https:\/\/web.facebook.com\/Congovirtuel-763617960319601\/?ref=aymt_homepage_panel&amp%3bamp%3bamp%3bamp%3bamp%3bamp%3bamp%3bamp%3bamp%3bamp%3bamp%3beid=ARCoxULa66767kIgF_KYav6VdjXTI4yk_LW4yoVO9s6NXpysgb7Cb65vpxcxgqzOAKvIbLQxaAETcqHT","article_published_time":"2021-12-30T17:54:56+00:00","article_modified_time":"2021-12-30T17:54:58+00:00","og_image":[{"width":640,"height":470,"url":"https:\/\/congovirtuel.com\/information\/wp-content\/uploads\/2021\/12\/IMG-20211230-WA0041.jpg","type":"image\/jpeg"}],"author":"infocongovirtuel","twitter_card":"summary_large_image","twitter_creator":"@congovirtuel","twitter_site":"@congovirtuel","twitter_misc":{"\u00c9crit par":"infocongovirtuel","Dur\u00e9e de lecture estim\u00e9e":"2 minutes"},"schema":{"@context":"https:\/\/schema.org","@graph":[{"@type":"Article","@id":"https:\/\/congovirtuel.com\/information\/namibie-gate-rencontre-du-07-novembre-entre-joseph-kabila-et-sam-nujoma-a-windhoek-le-bureau-de-lancien-president-namibien-se-defend\/#article","isPartOf":{"@id":"https:\/\/congovirtuel.com\/information\/namibie-gate-rencontre-du-07-novembre-entre-joseph-kabila-et-sam-nujoma-a-windhoek-le-bureau-de-lancien-president-namibien-se-defend\/"},"author":{"name":"infocongovirtuel","@id":"https:\/\/congovirtuel.com\/information\/#\/schema\/person\/739a44bf7990966cb53d58d2fdeca0b6"},"headline":"Namibie gate \/Rencontre du 07 novembre entre Joseph Kabila et Sam Nujoma \u00e0 Windhoek, le bureau de l&rsquo;ancien pr\u00e9sident namibien se d\u00e9fend","datePublished":"2021-12-30T17:54:56+00:00","dateModified":"2021-12-30T17:54:58+00:00","mainEntityOfPage":{"@id":"https:\/\/congovirtuel.com\/information\/namibie-gate-rencontre-du-07-novembre-entre-joseph-kabila-et-sam-nujoma-a-windhoek-le-bureau-de-lancien-president-namibien-se-defend\/"},"wordCount":452,"commentCount":0,"publisher":{"@id":"https:\/\/congovirtuel.com\/information\/#organization"},"image":{"@id":"https:\/\/congovirtuel.com\/information\/namibie-gate-rencontre-du-07-novembre-entre-joseph-kabila-et-sam-nujoma-a-windhoek-le-bureau-de-lancien-president-namibien-se-defend\/#primaryimage"},"thumbnailUrl":"https:\/\/congovirtuel.com\/information\/wp-content\/uploads\/2021\/12\/IMG-20211230-WA0041.jpg","keywords":["Kabila \u00e0 Namibie"],"articleSection":["Opposition"],"inLanguage":"fr-FR","potentialAction":[{"@type":"CommentAction","name":"Comment","target":["https:\/\/congovirtuel.com\/information\/namibie-gate-rencontre-du-07-novembre-entre-joseph-kabila-et-sam-nujoma-a-windhoek-le-bureau-de-lancien-president-namibien-se-defend\/#respond"]}]},{"@type":"WebPage","@id":"https:\/\/congovirtuel.com\/information\/namibie-gate-rencontre-du-07-novembre-entre-joseph-kabila-et-sam-nujoma-a-windhoek-le-bureau-de-lancien-president-namibien-se-defend\/","url":"https:\/\/congovirtuel.com\/information\/namibie-gate-rencontre-du-07-novembre-entre-joseph-kabila-et-sam-nujoma-a-windhoek-le-bureau-de-lancien-president-namibien-se-defend\/","name":"Namibie gate \/Rencontre du 07 novembre entre Joseph Kabila et Sam Nujoma \u00e0 Windhoek, le bureau de l'ancien pr\u00e9sident namibien se d\u00e9fend - Actualit\u00e9s congolaises et internationales","isPartOf":{"@id":"https:\/\/congovirtuel.com\/information\/#website"},"primaryImageOfPage":{"@id":"https:\/\/congovirtuel.com\/information\/namibie-gate-rencontre-du-07-novembre-entre-joseph-kabila-et-sam-nujoma-a-windhoek-le-bureau-de-lancien-president-namibien-se-defend\/#primaryimage"},"image":{"@id":"https:\/\/congovirtuel.com\/information\/namibie-gate-rencontre-du-07-novembre-entre-joseph-kabila-et-sam-nujoma-a-windhoek-le-bureau-de-lancien-president-namibien-se-defend\/#primaryimage"},"thumbnailUrl":"https:\/\/congovirtuel.com\/information\/wp-content\/uploads\/2021\/12\/IMG-20211230-WA0041.jpg","datePublished":"2021-12-30T17:54:56+00:00","dateModified":"2021-12-30T17:54:58+00:00","breadcrumb":{"@id":"https:\/\/congovirtuel.com\/information\/namibie-gate-rencontre-du-07-novembre-entre-joseph-kabila-et-sam-nujoma-a-windhoek-le-bureau-de-lancien-president-namibien-se-defend\/#breadcrumb"},"inLanguage":"fr-FR","potentialAction":[{"@type":"ReadAction","target":["https:\/\/congovirtuel.com\/information\/namibie-gate-rencontre-du-07-novembre-entre-joseph-kabila-et-sam-nujoma-a-windhoek-le-bureau-de-lancien-president-namibien-se-defend\/"]}]},{"@type":"ImageObject","inLanguage":"fr-FR","@id":"https:\/\/congovirtuel.com\/information\/namibie-gate-rencontre-du-07-novembre-entre-joseph-kabila-et-sam-nujoma-a-windhoek-le-bureau-de-lancien-president-namibien-se-defend\/#primaryimage","url":"https:\/\/congovirtuel.com\/information\/wp-content\/uploads\/2021\/12\/IMG-20211230-WA0041.jpg","contentUrl":"https:\/\/congovirtuel.com\/information\/wp-content\/uploads\/2021\/12\/IMG-20211230-WA0041.jpg","width":640,"height":470},{"@type":"BreadcrumbList","@id":"https:\/\/congovirtuel.com\/information\/namibie-gate-rencontre-du-07-novembre-entre-joseph-kabila-et-sam-nujoma-a-windhoek-le-bureau-de-lancien-president-namibien-se-defend\/#breadcrumb","itemListElement":[{"@type":"ListItem","position":1,"name":"Accueil","item":"https:\/\/congovirtuel.com\/information\/"},{"@type":"ListItem","position":2,"name":"Namibie gate \/Rencontre du 07 novembre entre Joseph Kabila et Sam Nujoma \u00e0 Windhoek, le bureau de l&rsquo;ancien pr\u00e9sident namibien se d\u00e9fend"}]},{"@type":"WebSite","@id":"https:\/\/congovirtuel.com\/information\/#website","url":"https:\/\/congovirtuel.com\/information\/","name":"Actualit\u00e9s congolaises et internationales","description":"site d&#039;analyse et de traitement d&#039;information","publisher":{"@id":"https:\/\/congovirtuel.com\/information\/#organization"},"potentialAction":[{"@type":"SearchAction","target":{"@type":"EntryPoint","urlTemplate":"https:\/\/congovirtuel.com\/information\/?s={search_term_string}"},"query-input":{"@type":"PropertyValueSpecification","valueRequired":true,"valueName":"search_term_string"}}],"inLanguage":"fr-FR"},{"@type":"Organization","@id":"https:\/\/congovirtuel.com\/information\/#organization","name":"Biblioth\u00e8que Virtuelle de la RDC","url":"https:\/\/congovirtuel.com\/information\/","logo":{"@type":"ImageObject","inLanguage":"fr-FR","@id":"https:\/\/congovirtuel.com\/information\/#\/schema\/logo\/image\/","url":"https:\/\/congovirtuel.com\/information\/wp-content\/uploads\/2018\/10\/header-info-congovirtuel-vraie.jpg","contentUrl":"https:\/\/congovirtuel.com\/information\/wp-content\/uploads\/2018\/10\/header-info-congovirtuel-vraie.jpg","width":728,"height":90,"caption":"Biblioth\u00e8que Virtuelle de la RDC"},"image":{"@id":"https:\/\/congovirtuel.com\/information\/#\/schema\/logo\/image\/"},"sameAs":["https:\/\/web.facebook.com\/Congovirtuel-763617960319601\/?ref=aymt_homepage_panel&amp;amp;amp;amp;amp;amp;amp;amp;amp;amp;amp;eid=ARCoxULa66767kIgF_KYav6VdjXTI4yk_LW4yoVO9s6NXpysgb7Cb65vpxcxgqzOAKvIbLQxaAETcqHT","https:\/\/x.com\/congovirtuel","https:\/\/www.youtube.com\/channel\/UCkFfprYzGgS3EWNpeMXpToQ?view_as=subscriber"]},{"@type":"Person","@id":"https:\/\/congovirtuel.com\/information\/#\/schema\/person\/739a44bf7990966cb53d58d2fdeca0b6","name":"infocongovirtuel","image":{"@type":"ImageObject","inLanguage":"fr-FR","@id":"https:\/\/secure.gravatar.com\/avatar\/4d76991aa72469f0eb22e772586c99113c6997f88da636a9db8f2ce3a2c05e69?s=96&d=mm&r=g","url":"https:\/\/secure.gravatar.com\/avatar\/4d76991aa72469f0eb22e772586c99113c6997f88da636a9db8f2ce3a2c05e69?s=96&d=mm&r=g","contentUrl":"https:\/\/secure.gravatar.com\/avatar\/4d76991aa72469f0eb22e772586c99113c6997f88da636a9db8f2ce3a2c05e69?s=96&d=mm&r=g","caption":"infocongovirtuel"},"url":"https:\/\/congovirtuel.com\/information\/author\/infocongovirtuel\/"}]}},"gt_translate_keys":[{"key":"link","format":"url"}],"_links":{"self":[{"href":"https:\/\/congovirtuel.com\/information\/wp-json\/wp\/v2\/posts\/16793","targetHints":{"allow":["GET"]}}],"collection":[{"href":"https:\/\/congovirtuel.com\/information\/wp-json\/wp\/v2\/posts"}],"about":[{"href":"https:\/\/congovirtuel.com\/information\/wp-json\/wp\/v2\/types\/post"}],"author":[{"embeddable":true,"href":"https:\/\/congovirtuel.com\/information\/wp-json\/wp\/v2\/users\/1"}],"replies":[{"embeddable":true,"href":"https:\/\/congovirtuel.com\/information\/wp-json\/wp\/v2\/comments?post=16793"}],"version-history":[{"count":1,"href":"https:\/\/congovirtuel.com\/information\/wp-json\/wp\/v2\/posts\/16793\/revisions"}],"predecessor-version":[{"id":16796,"href":"https:\/\/congovirtuel.com\/information\/wp-json\/wp\/v2\/posts\/16793\/revisions\/16796"}],"wp:featuredmedia":[{"embeddable":true,"href":"https:\/\/congovirtuel.com\/information\/wp-json\/wp\/v2\/media\/16795"}],"wp:attachment":[{"href":"https:\/\/congovirtuel.com\/information\/wp-json\/wp\/v2\/media?parent=16793"}],"wp:term":[{"taxonomy":"category","embeddable":true,"href":"https:\/\/congovirtuel.com\/information\/wp-json\/wp\/v2\/categories?post=16793"},{"taxonomy":"post_tag","embeddable":true,"href":"https:\/\/congovirtuel.com\/information\/wp-json\/wp\/v2\/tags?post=16793"}],"curies":[{"name":"wp","href":"https:\/\/api.w.org\/{rel}","templated":true}]}}