{"id":168,"date":"2019-07-31T07:58:43","date_gmt":"2019-07-31T05:58:43","guid":{"rendered":"https:\/\/congovirtuel.com\/information\/?p=168"},"modified":"2019-07-31T07:58:44","modified_gmt":"2019-07-31T05:58:44","slug":"beni-protestation-non-stop-jusqua-ce-quarrive-le-chef-de-letat","status":"publish","type":"post","link":"https:\/\/congovirtuel.com\/information\/beni-protestation-non-stop-jusqua-ce-quarrive-le-chef-de-letat\/","title":{"rendered":"Beni: Protestation non stop jusqu\u2019\u00e0 ce qu\u2019arrive le chef de l\u2019Etat\u2026","gt_translate_keys":[{"key":"rendered","format":"text"}]},"content":{"rendered":"\n<p class=\"wp-block-paragraph\">Face \u00e0 la reprise intensive des actions tragiques des tueurs contre les civils dans la partie Est de la r\u00e9gion de Beni, la soci\u00e9t\u00e9 civile de cette entit\u00e9 a mont\u00e9 une s\u00e9rie d\u2019action en guise de protestation. L\u2019objectif consiste \u00e0 forcer la main du pouvoir enfin \u00e0 agir pour ramener la paix dans la r\u00e9giion. Car la reconqu\u00eate de la paix \u00e0 Beni n\u2019est pas une utopie, mais question de volont\u00e9.<br><\/p>\n\n\n\n<p class=\"wp-block-paragraph\">Ainsi, en plus de deux jours sans activit\u00e9s qui viennent d\u2019\u00eatre pass\u00e9s, d\u00e9sormais il y aura allumage du feu toutes les nuits dans tous les quartiers, cellules et avenues du chef-lieu du territoire ainsi qu\u2019\u00e0 son int\u00e9rieur jusqu\u2019au jour o\u00f9 le pr\u00e9sident F\u00e9lix Tshisekedi, chef de l\u2019Etat viendra personnellement \u00e0 Beni palper et exp\u00e9rimenter le degr\u00e9 de l\u2019amertume v\u00e9cue au quotidien dans cette partie du pays.<br><\/p>\n\n\n\n<script async src=\"\/\/pagead2.googlesyndication.com\/pagead\/js\/adsbygoogle.js\"><\/script>\n<!-- code responsive -->\n<ins class=\"adsbygoogle\"\n     style=\"display:block\"\n     data-ad-client=\"ca-pub-2119363214666215\"\n     data-ad-slot=\"1973679082\"\n     data-ad-format=\"auto\"><\/ins>\n<script>\n(adsbygoogle = window.adsbygoogle || []).push({});\n<\/script>\n\n\n\n<p class=\"wp-block-paragraph\">Bien plus, \u00e0 cette disposition s\u2019ajoute la suspension de perception des taxes de l\u2019Etat sur toute l\u2019etendue du territoire de Beni. Souvent le gouvernement congolais est plus sensible \u00e0 ce qui touche \u00e0 l\u2019argent de sa caisse qu\u2019\u00e0 ce qui d\u00e9cime la vie de ses citoyens. Toutes ces dispositions sont d\u00e9cr\u00e9t\u00e9es comme un signal fort pour exiger de l\u2019autorit\u00e9 des actions concr\u00e8tes en vue de stopper d\u00e9finitivement les tueries \u00e0 r\u00e9p\u00e9tition. Cela est possible, si on y met le minimum de bonne volont\u00e9 et de l\u2019honn\u00eatet\u00e9.<br><\/p>\n\n\n\n<p class=\"wp-block-paragraph\">Les autorit\u00e9s locales tentent vainement d\u2019emp\u00eacher la poursuite de ces protestations. Malheureusement, \u00e0 tout ce courage manque la solidarit\u00e9 nationale de la part du reste des compatriotes qui pensent que le malheur s\u2019abattant sur la r\u00e9gion de Beni ne les concernent pas!<\/p>\n\n\n\n<p class=\"wp-block-paragraph\">Talangai Katchelewa<br>Beni<\/p>\n","protected":false,"gt_translate_keys":[{"key":"rendered","format":"html"}]},"excerpt":{"rendered":"<p>Face \u00e0 la reprise intensive des actions tragiques des tueurs contre les civils dans la partie Est de la r\u00e9gion de Beni, la soci\u00e9t\u00e9 civile de cette entit\u00e9 a mont\u00e9 une s\u00e9rie d\u2019action en guise de protestation. L\u2019objectif consiste \u00e0 forcer la main du pouvoir enfin \u00e0 agir pour ramener la paix dans la r\u00e9giion. Car la reconqu\u00eate de la paix \u00e0 Beni n\u2019est pas une utopie, mais question de volont\u00e9. Ainsi, en plus de deux jours sans activit\u00e9s qui viennent d\u2019\u00eatre pass\u00e9s, d\u00e9sormais il y aura allumage du feu&hellip;<\/p>\n","protected":false,"gt_translate_keys":[{"key":"rendered","format":"html"}]},"author":1,"featured_media":169,"comment_status":"open","ping_status":"open","sticky":false,"template":"","format":"standard","meta":{"_crdt_document":"","footnotes":""},"categories":[7],"tags":[],"class_list":["post-168","post","type-post","status-publish","format-standard","has-post-thumbnail","hentry","category-securite"],"gutentor_comment":0,"yoast_head":"<!-- This site is optimized with the Yoast SEO plugin v27.5 - https:\/\/yoast.com\/product\/yoast-seo-wordpress\/ -->\n<title>Beni: Protestation non stop jusqu\u2019\u00e0 ce qu\u2019arrive le chef de l\u2019Etat\u2026 - Actualit\u00e9s congolaises et internationales<\/title>\n<meta name=\"robots\" content=\"index, follow, max-snippet:-1, max-image-preview:large, max-video-preview:-1\" \/>\n<link rel=\"canonical\" href=\"https:\/\/congovirtuel.com\/information\/beni-protestation-non-stop-jusqua-ce-quarrive-le-chef-de-letat\/\" \/>\n<meta property=\"og:locale\" content=\"fr_FR\" \/>\n<meta property=\"og:type\" content=\"article\" \/>\n<meta property=\"og:title\" content=\"Beni: Protestation non stop jusqu\u2019\u00e0 ce qu\u2019arrive le chef de l\u2019Etat\u2026 - Actualit\u00e9s congolaises et internationales\" \/>\n<meta property=\"og:description\" content=\"Face \u00e0 la reprise intensive des actions tragiques des tueurs contre les civils dans la partie Est de la r\u00e9gion de Beni, la soci\u00e9t\u00e9 civile de cette entit\u00e9 a mont\u00e9 une s\u00e9rie d\u2019action en guise de protestation. L\u2019objectif consiste \u00e0 forcer la main du pouvoir enfin \u00e0 agir pour ramener la paix dans la r\u00e9giion. Car la reconqu\u00eate de la paix \u00e0 Beni n\u2019est pas une utopie, mais question de volont\u00e9. Ainsi, en plus de deux jours sans activit\u00e9s qui viennent d\u2019\u00eatre pass\u00e9s, d\u00e9sormais il y aura allumage du feu&hellip;\" \/>\n<meta property=\"og:url\" content=\"https:\/\/congovirtuel.com\/information\/beni-protestation-non-stop-jusqua-ce-quarrive-le-chef-de-letat\/\" \/>\n<meta property=\"og:site_name\" content=\"Actualit\u00e9s congolaises et internationales\" \/>\n<meta property=\"article:publisher\" content=\"https:\/\/web.facebook.com\/Congovirtuel-763617960319601\/?ref=aymt_homepage_panel&amp;amp%3bamp%3bamp%3bamp%3bamp%3bamp%3bamp%3bamp%3bamp%3bamp%3bamp%3beid=ARCoxULa66767kIgF_KYav6VdjXTI4yk_LW4yoVO9s6NXpysgb7Cb65vpxcxgqzOAKvIbLQxaAETcqHT\" \/>\n<meta property=\"article:published_time\" content=\"2019-07-31T05:58:43+00:00\" \/>\n<meta property=\"article:modified_time\" content=\"2019-07-31T05:58:44+00:00\" \/>\n<meta property=\"og:image\" content=\"https:\/\/congovirtuel.com\/information\/wp-content\/uploads\/2019\/07\/beni_ville.jpg\" \/>\n\t<meta property=\"og:image:width\" content=\"620\" \/>\n\t<meta property=\"og:image:height\" content=\"330\" \/>\n\t<meta property=\"og:image:type\" content=\"image\/jpeg\" \/>\n<meta name=\"author\" content=\"infocongovirtuel\" \/>\n<meta name=\"twitter:card\" content=\"summary_large_image\" \/>\n<meta name=\"twitter:creator\" content=\"@congovirtuel\" \/>\n<meta name=\"twitter:site\" content=\"@congovirtuel\" \/>\n<meta name=\"twitter:label1\" content=\"\u00c9crit par\" \/>\n\t<meta name=\"twitter:data1\" content=\"infocongovirtuel\" \/>\n\t<meta name=\"twitter:label2\" content=\"Dur\u00e9e de lecture estim\u00e9e\" \/>\n\t<meta name=\"twitter:data2\" content=\"1 minute\" \/>\n<script type=\"application\/ld+json\" class=\"yoast-schema-graph\">{\"@context\":\"https:\\\/\\\/schema.org\",\"@graph\":[{\"@type\":\"Article\",\"@id\":\"https:\\\/\\\/congovirtuel.com\\\/information\\\/beni-protestation-non-stop-jusqua-ce-quarrive-le-chef-de-letat\\\/#article\",\"isPartOf\":{\"@id\":\"https:\\\/\\\/congovirtuel.com\\\/information\\\/beni-protestation-non-stop-jusqua-ce-quarrive-le-chef-de-letat\\\/\"},\"author\":{\"name\":\"infocongovirtuel\",\"@id\":\"https:\\\/\\\/congovirtuel.com\\\/information\\\/#\\\/schema\\\/person\\\/739a44bf7990966cb53d58d2fdeca0b6\"},\"headline\":\"Beni: Protestation non stop jusqu\u2019\u00e0 ce qu\u2019arrive le chef de l\u2019Etat\u2026\",\"datePublished\":\"2019-07-31T05:58:43+00:00\",\"dateModified\":\"2019-07-31T05:58:44+00:00\",\"mainEntityOfPage\":{\"@id\":\"https:\\\/\\\/congovirtuel.com\\\/information\\\/beni-protestation-non-stop-jusqua-ce-quarrive-le-chef-de-letat\\\/\"},\"wordCount\":310,\"commentCount\":0,\"publisher\":{\"@id\":\"https:\\\/\\\/congovirtuel.com\\\/information\\\/#organization\"},\"image\":{\"@id\":\"https:\\\/\\\/congovirtuel.com\\\/information\\\/beni-protestation-non-stop-jusqua-ce-quarrive-le-chef-de-letat\\\/#primaryimage\"},\"thumbnailUrl\":\"https:\\\/\\\/congovirtuel.com\\\/information\\\/wp-content\\\/uploads\\\/2019\\\/07\\\/beni_ville.jpg\",\"articleSection\":[\"Securit\u00e9\"],\"inLanguage\":\"fr-FR\",\"potentialAction\":[{\"@type\":\"CommentAction\",\"name\":\"Comment\",\"target\":[\"https:\\\/\\\/congovirtuel.com\\\/information\\\/beni-protestation-non-stop-jusqua-ce-quarrive-le-chef-de-letat\\\/#respond\"]}]},{\"@type\":\"WebPage\",\"@id\":\"https:\\\/\\\/congovirtuel.com\\\/information\\\/beni-protestation-non-stop-jusqua-ce-quarrive-le-chef-de-letat\\\/\",\"url\":\"https:\\\/\\\/congovirtuel.com\\\/information\\\/beni-protestation-non-stop-jusqua-ce-quarrive-le-chef-de-letat\\\/\",\"name\":\"Beni: Protestation non stop jusqu\u2019\u00e0 ce qu\u2019arrive le chef de l\u2019Etat\u2026 - Actualit\u00e9s congolaises et internationales\",\"isPartOf\":{\"@id\":\"https:\\\/\\\/congovirtuel.com\\\/information\\\/#website\"},\"primaryImageOfPage\":{\"@id\":\"https:\\\/\\\/congovirtuel.com\\\/information\\\/beni-protestation-non-stop-jusqua-ce-quarrive-le-chef-de-letat\\\/#primaryimage\"},\"image\":{\"@id\":\"https:\\\/\\\/congovirtuel.com\\\/information\\\/beni-protestation-non-stop-jusqua-ce-quarrive-le-chef-de-letat\\\/#primaryimage\"},\"thumbnailUrl\":\"https:\\\/\\\/congovirtuel.com\\\/information\\\/wp-content\\\/uploads\\\/2019\\\/07\\\/beni_ville.jpg\",\"datePublished\":\"2019-07-31T05:58:43+00:00\",\"dateModified\":\"2019-07-31T05:58:44+00:00\",\"breadcrumb\":{\"@id\":\"https:\\\/\\\/congovirtuel.com\\\/information\\\/beni-protestation-non-stop-jusqua-ce-quarrive-le-chef-de-letat\\\/#breadcrumb\"},\"inLanguage\":\"fr-FR\",\"potentialAction\":[{\"@type\":\"ReadAction\",\"target\":[\"https:\\\/\\\/congovirtuel.com\\\/information\\\/beni-protestation-non-stop-jusqua-ce-quarrive-le-chef-de-letat\\\/\"]}]},{\"@type\":\"ImageObject\",\"inLanguage\":\"fr-FR\",\"@id\":\"https:\\\/\\\/congovirtuel.com\\\/information\\\/beni-protestation-non-stop-jusqua-ce-quarrive-le-chef-de-letat\\\/#primaryimage\",\"url\":\"https:\\\/\\\/congovirtuel.com\\\/information\\\/wp-content\\\/uploads\\\/2019\\\/07\\\/beni_ville.jpg\",\"contentUrl\":\"https:\\\/\\\/congovirtuel.com\\\/information\\\/wp-content\\\/uploads\\\/2019\\\/07\\\/beni_ville.jpg\",\"width\":620,\"height\":330},{\"@type\":\"BreadcrumbList\",\"@id\":\"https:\\\/\\\/congovirtuel.com\\\/information\\\/beni-protestation-non-stop-jusqua-ce-quarrive-le-chef-de-letat\\\/#breadcrumb\",\"itemListElement\":[{\"@type\":\"ListItem\",\"position\":1,\"name\":\"Accueil\",\"item\":\"https:\\\/\\\/congovirtuel.com\\\/information\\\/\"},{\"@type\":\"ListItem\",\"position\":2,\"name\":\"Beni: Protestation non stop jusqu\u2019\u00e0 ce qu\u2019arrive le chef de l\u2019Etat\u2026\"}]},{\"@type\":\"WebSite\",\"@id\":\"https:\\\/\\\/congovirtuel.com\\\/information\\\/#website\",\"url\":\"https:\\\/\\\/congovirtuel.com\\\/information\\\/\",\"name\":\"Actualit\u00e9s congolaises et internationales\",\"description\":\"site d&#039;analyse et de traitement d&#039;information\",\"publisher\":{\"@id\":\"https:\\\/\\\/congovirtuel.com\\\/information\\\/#organization\"},\"potentialAction\":[{\"@type\":\"SearchAction\",\"target\":{\"@type\":\"EntryPoint\",\"urlTemplate\":\"https:\\\/\\\/congovirtuel.com\\\/information\\\/?s={search_term_string}\"},\"query-input\":{\"@type\":\"PropertyValueSpecification\",\"valueRequired\":true,\"valueName\":\"search_term_string\"}}],\"inLanguage\":\"fr-FR\"},{\"@type\":\"Organization\",\"@id\":\"https:\\\/\\\/congovirtuel.com\\\/information\\\/#organization\",\"name\":\"Biblioth\u00e8que Virtuelle de la RDC\",\"url\":\"https:\\\/\\\/congovirtuel.com\\\/information\\\/\",\"logo\":{\"@type\":\"ImageObject\",\"inLanguage\":\"fr-FR\",\"@id\":\"https:\\\/\\\/congovirtuel.com\\\/information\\\/#\\\/schema\\\/logo\\\/image\\\/\",\"url\":\"https:\\\/\\\/congovirtuel.com\\\/information\\\/wp-content\\\/uploads\\\/2018\\\/10\\\/header-info-congovirtuel-vraie.jpg\",\"contentUrl\":\"https:\\\/\\\/congovirtuel.com\\\/information\\\/wp-content\\\/uploads\\\/2018\\\/10\\\/header-info-congovirtuel-vraie.jpg\",\"width\":728,\"height\":90,\"caption\":\"Biblioth\u00e8que Virtuelle de la RDC\"},\"image\":{\"@id\":\"https:\\\/\\\/congovirtuel.com\\\/information\\\/#\\\/schema\\\/logo\\\/image\\\/\"},\"sameAs\":[\"https:\\\/\\\/web.facebook.com\\\/Congovirtuel-763617960319601\\\/?ref=aymt_homepage_panel&amp;amp;amp;amp;amp;amp;amp;amp;amp;amp;amp;eid=ARCoxULa66767kIgF_KYav6VdjXTI4yk_LW4yoVO9s6NXpysgb7Cb65vpxcxgqzOAKvIbLQxaAETcqHT\",\"https:\\\/\\\/x.com\\\/congovirtuel\",\"https:\\\/\\\/www.youtube.com\\\/channel\\\/UCkFfprYzGgS3EWNpeMXpToQ?view_as=subscriber\"]},{\"@type\":\"Person\",\"@id\":\"https:\\\/\\\/congovirtuel.com\\\/information\\\/#\\\/schema\\\/person\\\/739a44bf7990966cb53d58d2fdeca0b6\",\"name\":\"infocongovirtuel\",\"image\":{\"@type\":\"ImageObject\",\"inLanguage\":\"fr-FR\",\"@id\":\"https:\\\/\\\/secure.gravatar.com\\\/avatar\\\/4d76991aa72469f0eb22e772586c99113c6997f88da636a9db8f2ce3a2c05e69?s=96&d=mm&r=g\",\"url\":\"https:\\\/\\\/secure.gravatar.com\\\/avatar\\\/4d76991aa72469f0eb22e772586c99113c6997f88da636a9db8f2ce3a2c05e69?s=96&d=mm&r=g\",\"contentUrl\":\"https:\\\/\\\/secure.gravatar.com\\\/avatar\\\/4d76991aa72469f0eb22e772586c99113c6997f88da636a9db8f2ce3a2c05e69?s=96&d=mm&r=g\",\"caption\":\"infocongovirtuel\"},\"url\":\"https:\\\/\\\/congovirtuel.com\\\/information\\\/author\\\/infocongovirtuel\\\/\"}]}<\/script>\n<!-- \/ Yoast SEO plugin. -->","yoast_head_json":{"title":"Beni: Protestation non stop jusqu\u2019\u00e0 ce qu\u2019arrive le chef de l\u2019Etat\u2026 - Actualit\u00e9s congolaises et internationales","robots":{"index":"index","follow":"follow","max-snippet":"max-snippet:-1","max-image-preview":"max-image-preview:large","max-video-preview":"max-video-preview:-1"},"canonical":"https:\/\/congovirtuel.com\/information\/beni-protestation-non-stop-jusqua-ce-quarrive-le-chef-de-letat\/","og_locale":"fr_FR","og_type":"article","og_title":"Beni: Protestation non stop jusqu\u2019\u00e0 ce qu\u2019arrive le chef de l\u2019Etat\u2026 - Actualit\u00e9s congolaises et internationales","og_description":"Face \u00e0 la reprise intensive des actions tragiques des tueurs contre les civils dans la partie Est de la r\u00e9gion de Beni, la soci\u00e9t\u00e9 civile de cette entit\u00e9 a mont\u00e9 une s\u00e9rie d\u2019action en guise de protestation. L\u2019objectif consiste \u00e0 forcer la main du pouvoir enfin \u00e0 agir pour ramener la paix dans la r\u00e9giion. Car la reconqu\u00eate de la paix \u00e0 Beni n\u2019est pas une utopie, mais question de volont\u00e9. Ainsi, en plus de deux jours sans activit\u00e9s qui viennent d\u2019\u00eatre pass\u00e9s, d\u00e9sormais il y aura allumage du feu&hellip;","og_url":"https:\/\/congovirtuel.com\/information\/beni-protestation-non-stop-jusqua-ce-quarrive-le-chef-de-letat\/","og_site_name":"Actualit\u00e9s congolaises et internationales","article_publisher":"https:\/\/web.facebook.com\/Congovirtuel-763617960319601\/?ref=aymt_homepage_panel&amp%3bamp%3bamp%3bamp%3bamp%3bamp%3bamp%3bamp%3bamp%3bamp%3bamp%3beid=ARCoxULa66767kIgF_KYav6VdjXTI4yk_LW4yoVO9s6NXpysgb7Cb65vpxcxgqzOAKvIbLQxaAETcqHT","article_published_time":"2019-07-31T05:58:43+00:00","article_modified_time":"2019-07-31T05:58:44+00:00","og_image":[{"width":620,"height":330,"url":"https:\/\/congovirtuel.com\/information\/wp-content\/uploads\/2019\/07\/beni_ville.jpg","type":"image\/jpeg"}],"author":"infocongovirtuel","twitter_card":"summary_large_image","twitter_creator":"@congovirtuel","twitter_site":"@congovirtuel","twitter_misc":{"\u00c9crit par":"infocongovirtuel","Dur\u00e9e de lecture estim\u00e9e":"1 minute"},"schema":{"@context":"https:\/\/schema.org","@graph":[{"@type":"Article","@id":"https:\/\/congovirtuel.com\/information\/beni-protestation-non-stop-jusqua-ce-quarrive-le-chef-de-letat\/#article","isPartOf":{"@id":"https:\/\/congovirtuel.com\/information\/beni-protestation-non-stop-jusqua-ce-quarrive-le-chef-de-letat\/"},"author":{"name":"infocongovirtuel","@id":"https:\/\/congovirtuel.com\/information\/#\/schema\/person\/739a44bf7990966cb53d58d2fdeca0b6"},"headline":"Beni: Protestation non stop jusqu\u2019\u00e0 ce qu\u2019arrive le chef de l\u2019Etat\u2026","datePublished":"2019-07-31T05:58:43+00:00","dateModified":"2019-07-31T05:58:44+00:00","mainEntityOfPage":{"@id":"https:\/\/congovirtuel.com\/information\/beni-protestation-non-stop-jusqua-ce-quarrive-le-chef-de-letat\/"},"wordCount":310,"commentCount":0,"publisher":{"@id":"https:\/\/congovirtuel.com\/information\/#organization"},"image":{"@id":"https:\/\/congovirtuel.com\/information\/beni-protestation-non-stop-jusqua-ce-quarrive-le-chef-de-letat\/#primaryimage"},"thumbnailUrl":"https:\/\/congovirtuel.com\/information\/wp-content\/uploads\/2019\/07\/beni_ville.jpg","articleSection":["Securit\u00e9"],"inLanguage":"fr-FR","potentialAction":[{"@type":"CommentAction","name":"Comment","target":["https:\/\/congovirtuel.com\/information\/beni-protestation-non-stop-jusqua-ce-quarrive-le-chef-de-letat\/#respond"]}]},{"@type":"WebPage","@id":"https:\/\/congovirtuel.com\/information\/beni-protestation-non-stop-jusqua-ce-quarrive-le-chef-de-letat\/","url":"https:\/\/congovirtuel.com\/information\/beni-protestation-non-stop-jusqua-ce-quarrive-le-chef-de-letat\/","name":"Beni: Protestation non stop jusqu\u2019\u00e0 ce qu\u2019arrive le chef de l\u2019Etat\u2026 - Actualit\u00e9s congolaises et internationales","isPartOf":{"@id":"https:\/\/congovirtuel.com\/information\/#website"},"primaryImageOfPage":{"@id":"https:\/\/congovirtuel.com\/information\/beni-protestation-non-stop-jusqua-ce-quarrive-le-chef-de-letat\/#primaryimage"},"image":{"@id":"https:\/\/congovirtuel.com\/information\/beni-protestation-non-stop-jusqua-ce-quarrive-le-chef-de-letat\/#primaryimage"},"thumbnailUrl":"https:\/\/congovirtuel.com\/information\/wp-content\/uploads\/2019\/07\/beni_ville.jpg","datePublished":"2019-07-31T05:58:43+00:00","dateModified":"2019-07-31T05:58:44+00:00","breadcrumb":{"@id":"https:\/\/congovirtuel.com\/information\/beni-protestation-non-stop-jusqua-ce-quarrive-le-chef-de-letat\/#breadcrumb"},"inLanguage":"fr-FR","potentialAction":[{"@type":"ReadAction","target":["https:\/\/congovirtuel.com\/information\/beni-protestation-non-stop-jusqua-ce-quarrive-le-chef-de-letat\/"]}]},{"@type":"ImageObject","inLanguage":"fr-FR","@id":"https:\/\/congovirtuel.com\/information\/beni-protestation-non-stop-jusqua-ce-quarrive-le-chef-de-letat\/#primaryimage","url":"https:\/\/congovirtuel.com\/information\/wp-content\/uploads\/2019\/07\/beni_ville.jpg","contentUrl":"https:\/\/congovirtuel.com\/information\/wp-content\/uploads\/2019\/07\/beni_ville.jpg","width":620,"height":330},{"@type":"BreadcrumbList","@id":"https:\/\/congovirtuel.com\/information\/beni-protestation-non-stop-jusqua-ce-quarrive-le-chef-de-letat\/#breadcrumb","itemListElement":[{"@type":"ListItem","position":1,"name":"Accueil","item":"https:\/\/congovirtuel.com\/information\/"},{"@type":"ListItem","position":2,"name":"Beni: Protestation non stop jusqu\u2019\u00e0 ce qu\u2019arrive le chef de l\u2019Etat\u2026"}]},{"@type":"WebSite","@id":"https:\/\/congovirtuel.com\/information\/#website","url":"https:\/\/congovirtuel.com\/information\/","name":"Actualit\u00e9s congolaises et internationales","description":"site d&#039;analyse et de traitement d&#039;information","publisher":{"@id":"https:\/\/congovirtuel.com\/information\/#organization"},"potentialAction":[{"@type":"SearchAction","target":{"@type":"EntryPoint","urlTemplate":"https:\/\/congovirtuel.com\/information\/?s={search_term_string}"},"query-input":{"@type":"PropertyValueSpecification","valueRequired":true,"valueName":"search_term_string"}}],"inLanguage":"fr-FR"},{"@type":"Organization","@id":"https:\/\/congovirtuel.com\/information\/#organization","name":"Biblioth\u00e8que Virtuelle de la RDC","url":"https:\/\/congovirtuel.com\/information\/","logo":{"@type":"ImageObject","inLanguage":"fr-FR","@id":"https:\/\/congovirtuel.com\/information\/#\/schema\/logo\/image\/","url":"https:\/\/congovirtuel.com\/information\/wp-content\/uploads\/2018\/10\/header-info-congovirtuel-vraie.jpg","contentUrl":"https:\/\/congovirtuel.com\/information\/wp-content\/uploads\/2018\/10\/header-info-congovirtuel-vraie.jpg","width":728,"height":90,"caption":"Biblioth\u00e8que Virtuelle de la RDC"},"image":{"@id":"https:\/\/congovirtuel.com\/information\/#\/schema\/logo\/image\/"},"sameAs":["https:\/\/web.facebook.com\/Congovirtuel-763617960319601\/?ref=aymt_homepage_panel&amp;amp;amp;amp;amp;amp;amp;amp;amp;amp;amp;eid=ARCoxULa66767kIgF_KYav6VdjXTI4yk_LW4yoVO9s6NXpysgb7Cb65vpxcxgqzOAKvIbLQxaAETcqHT","https:\/\/x.com\/congovirtuel","https:\/\/www.youtube.com\/channel\/UCkFfprYzGgS3EWNpeMXpToQ?view_as=subscriber"]},{"@type":"Person","@id":"https:\/\/congovirtuel.com\/information\/#\/schema\/person\/739a44bf7990966cb53d58d2fdeca0b6","name":"infocongovirtuel","image":{"@type":"ImageObject","inLanguage":"fr-FR","@id":"https:\/\/secure.gravatar.com\/avatar\/4d76991aa72469f0eb22e772586c99113c6997f88da636a9db8f2ce3a2c05e69?s=96&d=mm&r=g","url":"https:\/\/secure.gravatar.com\/avatar\/4d76991aa72469f0eb22e772586c99113c6997f88da636a9db8f2ce3a2c05e69?s=96&d=mm&r=g","contentUrl":"https:\/\/secure.gravatar.com\/avatar\/4d76991aa72469f0eb22e772586c99113c6997f88da636a9db8f2ce3a2c05e69?s=96&d=mm&r=g","caption":"infocongovirtuel"},"url":"https:\/\/congovirtuel.com\/information\/author\/infocongovirtuel\/"}]}},"gt_translate_keys":[{"key":"link","format":"url"}],"_links":{"self":[{"href":"https:\/\/congovirtuel.com\/information\/wp-json\/wp\/v2\/posts\/168","targetHints":{"allow":["GET"]}}],"collection":[{"href":"https:\/\/congovirtuel.com\/information\/wp-json\/wp\/v2\/posts"}],"about":[{"href":"https:\/\/congovirtuel.com\/information\/wp-json\/wp\/v2\/types\/post"}],"author":[{"embeddable":true,"href":"https:\/\/congovirtuel.com\/information\/wp-json\/wp\/v2\/users\/1"}],"replies":[{"embeddable":true,"href":"https:\/\/congovirtuel.com\/information\/wp-json\/wp\/v2\/comments?post=168"}],"version-history":[{"count":1,"href":"https:\/\/congovirtuel.com\/information\/wp-json\/wp\/v2\/posts\/168\/revisions"}],"predecessor-version":[{"id":170,"href":"https:\/\/congovirtuel.com\/information\/wp-json\/wp\/v2\/posts\/168\/revisions\/170"}],"wp:featuredmedia":[{"embeddable":true,"href":"https:\/\/congovirtuel.com\/information\/wp-json\/wp\/v2\/media\/169"}],"wp:attachment":[{"href":"https:\/\/congovirtuel.com\/information\/wp-json\/wp\/v2\/media?parent=168"}],"wp:term":[{"taxonomy":"category","embeddable":true,"href":"https:\/\/congovirtuel.com\/information\/wp-json\/wp\/v2\/categories?post=168"},{"taxonomy":"post_tag","embeddable":true,"href":"https:\/\/congovirtuel.com\/information\/wp-json\/wp\/v2\/tags?post=168"}],"curies":[{"name":"wp","href":"https:\/\/api.w.org\/{rel}","templated":true}]}}