{"id":16919,"date":"2022-01-04T07:47:16","date_gmt":"2022-01-04T06:47:16","guid":{"rendered":"https:\/\/congovirtuel.com\/information\/?p=16919"},"modified":"2022-01-04T07:47:18","modified_gmt":"2022-01-04T06:47:18","slug":"rdc-butembo-covid-19-plus-de-80-cas-positifs-enregistres","status":"publish","type":"post","link":"https:\/\/congovirtuel.com\/information\/rdc-butembo-covid-19-plus-de-80-cas-positifs-enregistres\/","title":{"rendered":"RDC-Butembo : Covid-19, plus de 80 cas positifs enregistr\u00e9s","gt_translate_keys":[{"key":"rendered","format":"text"}]},"content":{"rendered":"\n<p class=\"wp-block-paragraph\">La Division Provinciale de la Sant\u00e9 (DPS) antenne de Butembo affirme que la ville a comptabilis\u00e9 en une semaine, 165 \u00e9chantillons de Covid-19 avec 82 cas test\u00e9s positifs.<\/p>\n\n\n\n<p class=\"wp-block-paragraph\">Dans un point de presse anim\u00e9 ce lundi 3 janvier 2022, le communicateur de la DPS antenne de Butembo a fait remarquer que la zone de sant\u00e9 de Katwa a eu 66 cas alors que celle de Butembo a comptabilis\u00e9 20. Il affirme que le reste des cas sont pour les zones de sant\u00e9 de Kyondo, Kayna et Vuhovi.<\/p>\n\n\n\n<p class=\"wp-block-paragraph\">\u00ab C\u2019est plus pr\u00e9cis\u00e9ment dans la zone de sant\u00e9 de Butembo, l\u00e0 o\u00f9 on a eu 20 cas. Et dans la zone de sant\u00e9 de Katwa, on a eu 66 cas. Ce qui fait le total de 86 cas pour la ville de Butembo. \u00c0 Kyondo, nous avons eu 3 cas. \u00c0 Kayna nous avons connu aussi un cas positif et \u00e0 Vuhovi, il y a eu deux cas positifs \u00bb, a expliqu\u00e9 Mumbere Luhavo Damase.<\/p>\n\n\n\n<p class=\"wp-block-paragraph\">Eu regard \u00e0 la grippe qui bat record ce dernier temps en ville de Butembo, Mumbere Luhavo Damien conseille \u00e0 la population, le d\u00e9pistage \u00ab \u00e9tant donn\u00e9 que les signes de la grippe sont similaires \u00e0 ceux de la Covid-19 \u00bb.<br>La m\u00eame source appelle en outre la population \u00e0 l\u2019observance stricte des mesures barri\u00e8res.<\/p>\n\n\n\n<p class=\"wp-block-paragraph\">KAKULE Sikwaya depuis Beni <\/p>\n","protected":false,"gt_translate_keys":[{"key":"rendered","format":"html"}]},"excerpt":{"rendered":"<p>La Division Provinciale de la Sant\u00e9 (DPS) antenne de Butembo affirme que la ville a comptabilis\u00e9 en une semaine, 165 \u00e9chantillons de Covid-19 avec 82 cas test\u00e9s positifs. Dans un point de presse anim\u00e9 ce lundi 3 janvier 2022, le communicateur de la DPS antenne de Butembo a fait remarquer que la zone de sant\u00e9 de Katwa a eu 66 cas alors que celle de Butembo a comptabilis\u00e9 20. Il affirme que le reste des cas sont pour les zones de sant\u00e9 de Kyondo, Kayna et Vuhovi. \u00ab C\u2019est plus&hellip;<\/p>\n","protected":false,"gt_translate_keys":[{"key":"rendered","format":"html"}]},"author":1,"featured_media":16921,"comment_status":"open","ping_status":"open","sticky":false,"template":"","format":"standard","meta":{"_crdt_document":"","footnotes":""},"categories":[317],"tags":[32809],"class_list":["post-16919","post","type-post","status-publish","format-standard","has-post-thumbnail","hentry","category-covid-19","tag-covid-19-butembo"],"gutentor_comment":0,"yoast_head":"<!-- This site is optimized with the Yoast SEO plugin v27.5 - https:\/\/yoast.com\/product\/yoast-seo-wordpress\/ -->\n<title>RDC-Butembo : Covid-19, plus de 80 cas positifs enregistr\u00e9s - Actualit\u00e9s congolaises et internationales<\/title>\n<meta name=\"robots\" content=\"index, follow, max-snippet:-1, max-image-preview:large, max-video-preview:-1\" \/>\n<link rel=\"canonical\" href=\"https:\/\/congovirtuel.com\/information\/rdc-butembo-covid-19-plus-de-80-cas-positifs-enregistres\/\" \/>\n<meta property=\"og:locale\" content=\"fr_FR\" \/>\n<meta property=\"og:type\" content=\"article\" \/>\n<meta property=\"og:title\" content=\"RDC-Butembo : Covid-19, plus de 80 cas positifs enregistr\u00e9s - Actualit\u00e9s congolaises et internationales\" \/>\n<meta property=\"og:description\" content=\"La Division Provinciale de la Sant\u00e9 (DPS) antenne de Butembo affirme que la ville a comptabilis\u00e9 en une semaine, 165 \u00e9chantillons de Covid-19 avec 82 cas test\u00e9s positifs. Dans un point de presse anim\u00e9 ce lundi 3 janvier 2022, le communicateur de la DPS antenne de Butembo a fait remarquer que la zone de sant\u00e9 de Katwa a eu 66 cas alors que celle de Butembo a comptabilis\u00e9 20. Il affirme que le reste des cas sont pour les zones de sant\u00e9 de Kyondo, Kayna et Vuhovi. \u00ab C\u2019est plus&hellip;\" \/>\n<meta property=\"og:url\" content=\"https:\/\/congovirtuel.com\/information\/rdc-butembo-covid-19-plus-de-80-cas-positifs-enregistres\/\" \/>\n<meta property=\"og:site_name\" content=\"Actualit\u00e9s congolaises et internationales\" \/>\n<meta property=\"article:publisher\" content=\"https:\/\/web.facebook.com\/Congovirtuel-763617960319601\/?ref=aymt_homepage_panel&amp;amp%3bamp%3bamp%3bamp%3bamp%3bamp%3bamp%3bamp%3bamp%3bamp%3bamp%3beid=ARCoxULa66767kIgF_KYav6VdjXTI4yk_LW4yoVO9s6NXpysgb7Cb65vpxcxgqzOAKvIbLQxaAETcqHT\" \/>\n<meta property=\"article:published_time\" content=\"2022-01-04T06:47:16+00:00\" \/>\n<meta property=\"article:modified_time\" content=\"2022-01-04T06:47:18+00:00\" \/>\n<meta property=\"og:image\" content=\"https:\/\/congovirtuel.com\/information\/wp-content\/uploads\/2022\/01\/IMG-20220104-WA0011.jpg\" \/>\n\t<meta property=\"og:image:width\" content=\"669\" \/>\n\t<meta property=\"og:image:height\" content=\"330\" \/>\n\t<meta property=\"og:image:type\" content=\"image\/jpeg\" \/>\n<meta name=\"author\" content=\"infocongovirtuel\" \/>\n<meta name=\"twitter:card\" content=\"summary_large_image\" \/>\n<meta name=\"twitter:creator\" content=\"@congovirtuel\" \/>\n<meta name=\"twitter:site\" content=\"@congovirtuel\" \/>\n<meta name=\"twitter:label1\" content=\"\u00c9crit par\" \/>\n\t<meta name=\"twitter:data1\" content=\"infocongovirtuel\" \/>\n\t<meta name=\"twitter:label2\" content=\"Dur\u00e9e de lecture estim\u00e9e\" \/>\n\t<meta name=\"twitter:data2\" content=\"2 minutes\" \/>\n<script type=\"application\/ld+json\" class=\"yoast-schema-graph\">{\"@context\":\"https:\\\/\\\/schema.org\",\"@graph\":[{\"@type\":\"Article\",\"@id\":\"https:\\\/\\\/congovirtuel.com\\\/information\\\/rdc-butembo-covid-19-plus-de-80-cas-positifs-enregistres\\\/#article\",\"isPartOf\":{\"@id\":\"https:\\\/\\\/congovirtuel.com\\\/information\\\/rdc-butembo-covid-19-plus-de-80-cas-positifs-enregistres\\\/\"},\"author\":{\"name\":\"infocongovirtuel\",\"@id\":\"https:\\\/\\\/congovirtuel.com\\\/information\\\/#\\\/schema\\\/person\\\/739a44bf7990966cb53d58d2fdeca0b6\"},\"headline\":\"RDC-Butembo : Covid-19, plus de 80 cas positifs enregistr\u00e9s\",\"datePublished\":\"2022-01-04T06:47:16+00:00\",\"dateModified\":\"2022-01-04T06:47:18+00:00\",\"mainEntityOfPage\":{\"@id\":\"https:\\\/\\\/congovirtuel.com\\\/information\\\/rdc-butembo-covid-19-plus-de-80-cas-positifs-enregistres\\\/\"},\"wordCount\":217,\"commentCount\":0,\"publisher\":{\"@id\":\"https:\\\/\\\/congovirtuel.com\\\/information\\\/#organization\"},\"image\":{\"@id\":\"https:\\\/\\\/congovirtuel.com\\\/information\\\/rdc-butembo-covid-19-plus-de-80-cas-positifs-enregistres\\\/#primaryimage\"},\"thumbnailUrl\":\"https:\\\/\\\/congovirtuel.com\\\/information\\\/wp-content\\\/uploads\\\/2022\\\/01\\\/IMG-20220104-WA0011.jpg\",\"keywords\":[\"Covid 19 Butembo\"],\"articleSection\":[\"COVID-19\"],\"inLanguage\":\"fr-FR\",\"potentialAction\":[{\"@type\":\"CommentAction\",\"name\":\"Comment\",\"target\":[\"https:\\\/\\\/congovirtuel.com\\\/information\\\/rdc-butembo-covid-19-plus-de-80-cas-positifs-enregistres\\\/#respond\"]}]},{\"@type\":\"WebPage\",\"@id\":\"https:\\\/\\\/congovirtuel.com\\\/information\\\/rdc-butembo-covid-19-plus-de-80-cas-positifs-enregistres\\\/\",\"url\":\"https:\\\/\\\/congovirtuel.com\\\/information\\\/rdc-butembo-covid-19-plus-de-80-cas-positifs-enregistres\\\/\",\"name\":\"RDC-Butembo : Covid-19, plus de 80 cas positifs enregistr\u00e9s - Actualit\u00e9s congolaises et internationales\",\"isPartOf\":{\"@id\":\"https:\\\/\\\/congovirtuel.com\\\/information\\\/#website\"},\"primaryImageOfPage\":{\"@id\":\"https:\\\/\\\/congovirtuel.com\\\/information\\\/rdc-butembo-covid-19-plus-de-80-cas-positifs-enregistres\\\/#primaryimage\"},\"image\":{\"@id\":\"https:\\\/\\\/congovirtuel.com\\\/information\\\/rdc-butembo-covid-19-plus-de-80-cas-positifs-enregistres\\\/#primaryimage\"},\"thumbnailUrl\":\"https:\\\/\\\/congovirtuel.com\\\/information\\\/wp-content\\\/uploads\\\/2022\\\/01\\\/IMG-20220104-WA0011.jpg\",\"datePublished\":\"2022-01-04T06:47:16+00:00\",\"dateModified\":\"2022-01-04T06:47:18+00:00\",\"breadcrumb\":{\"@id\":\"https:\\\/\\\/congovirtuel.com\\\/information\\\/rdc-butembo-covid-19-plus-de-80-cas-positifs-enregistres\\\/#breadcrumb\"},\"inLanguage\":\"fr-FR\",\"potentialAction\":[{\"@type\":\"ReadAction\",\"target\":[\"https:\\\/\\\/congovirtuel.com\\\/information\\\/rdc-butembo-covid-19-plus-de-80-cas-positifs-enregistres\\\/\"]}]},{\"@type\":\"ImageObject\",\"inLanguage\":\"fr-FR\",\"@id\":\"https:\\\/\\\/congovirtuel.com\\\/information\\\/rdc-butembo-covid-19-plus-de-80-cas-positifs-enregistres\\\/#primaryimage\",\"url\":\"https:\\\/\\\/congovirtuel.com\\\/information\\\/wp-content\\\/uploads\\\/2022\\\/01\\\/IMG-20220104-WA0011.jpg\",\"contentUrl\":\"https:\\\/\\\/congovirtuel.com\\\/information\\\/wp-content\\\/uploads\\\/2022\\\/01\\\/IMG-20220104-WA0011.jpg\",\"width\":669,\"height\":330},{\"@type\":\"BreadcrumbList\",\"@id\":\"https:\\\/\\\/congovirtuel.com\\\/information\\\/rdc-butembo-covid-19-plus-de-80-cas-positifs-enregistres\\\/#breadcrumb\",\"itemListElement\":[{\"@type\":\"ListItem\",\"position\":1,\"name\":\"Accueil\",\"item\":\"https:\\\/\\\/congovirtuel.com\\\/information\\\/\"},{\"@type\":\"ListItem\",\"position\":2,\"name\":\"RDC-Butembo : Covid-19, plus de 80 cas positifs enregistr\u00e9s\"}]},{\"@type\":\"WebSite\",\"@id\":\"https:\\\/\\\/congovirtuel.com\\\/information\\\/#website\",\"url\":\"https:\\\/\\\/congovirtuel.com\\\/information\\\/\",\"name\":\"Actualit\u00e9s congolaises et internationales\",\"description\":\"site d&#039;analyse et de traitement d&#039;information\",\"publisher\":{\"@id\":\"https:\\\/\\\/congovirtuel.com\\\/information\\\/#organization\"},\"potentialAction\":[{\"@type\":\"SearchAction\",\"target\":{\"@type\":\"EntryPoint\",\"urlTemplate\":\"https:\\\/\\\/congovirtuel.com\\\/information\\\/?s={search_term_string}\"},\"query-input\":{\"@type\":\"PropertyValueSpecification\",\"valueRequired\":true,\"valueName\":\"search_term_string\"}}],\"inLanguage\":\"fr-FR\"},{\"@type\":\"Organization\",\"@id\":\"https:\\\/\\\/congovirtuel.com\\\/information\\\/#organization\",\"name\":\"Biblioth\u00e8que Virtuelle de la RDC\",\"url\":\"https:\\\/\\\/congovirtuel.com\\\/information\\\/\",\"logo\":{\"@type\":\"ImageObject\",\"inLanguage\":\"fr-FR\",\"@id\":\"https:\\\/\\\/congovirtuel.com\\\/information\\\/#\\\/schema\\\/logo\\\/image\\\/\",\"url\":\"https:\\\/\\\/congovirtuel.com\\\/information\\\/wp-content\\\/uploads\\\/2018\\\/10\\\/header-info-congovirtuel-vraie.jpg\",\"contentUrl\":\"https:\\\/\\\/congovirtuel.com\\\/information\\\/wp-content\\\/uploads\\\/2018\\\/10\\\/header-info-congovirtuel-vraie.jpg\",\"width\":728,\"height\":90,\"caption\":\"Biblioth\u00e8que Virtuelle de la RDC\"},\"image\":{\"@id\":\"https:\\\/\\\/congovirtuel.com\\\/information\\\/#\\\/schema\\\/logo\\\/image\\\/\"},\"sameAs\":[\"https:\\\/\\\/web.facebook.com\\\/Congovirtuel-763617960319601\\\/?ref=aymt_homepage_panel&amp;amp;amp;amp;amp;amp;amp;amp;amp;amp;amp;eid=ARCoxULa66767kIgF_KYav6VdjXTI4yk_LW4yoVO9s6NXpysgb7Cb65vpxcxgqzOAKvIbLQxaAETcqHT\",\"https:\\\/\\\/x.com\\\/congovirtuel\",\"https:\\\/\\\/www.youtube.com\\\/channel\\\/UCkFfprYzGgS3EWNpeMXpToQ?view_as=subscriber\"]},{\"@type\":\"Person\",\"@id\":\"https:\\\/\\\/congovirtuel.com\\\/information\\\/#\\\/schema\\\/person\\\/739a44bf7990966cb53d58d2fdeca0b6\",\"name\":\"infocongovirtuel\",\"image\":{\"@type\":\"ImageObject\",\"inLanguage\":\"fr-FR\",\"@id\":\"https:\\\/\\\/secure.gravatar.com\\\/avatar\\\/4d76991aa72469f0eb22e772586c99113c6997f88da636a9db8f2ce3a2c05e69?s=96&d=mm&r=g\",\"url\":\"https:\\\/\\\/secure.gravatar.com\\\/avatar\\\/4d76991aa72469f0eb22e772586c99113c6997f88da636a9db8f2ce3a2c05e69?s=96&d=mm&r=g\",\"contentUrl\":\"https:\\\/\\\/secure.gravatar.com\\\/avatar\\\/4d76991aa72469f0eb22e772586c99113c6997f88da636a9db8f2ce3a2c05e69?s=96&d=mm&r=g\",\"caption\":\"infocongovirtuel\"},\"url\":\"https:\\\/\\\/congovirtuel.com\\\/information\\\/author\\\/infocongovirtuel\\\/\"}]}<\/script>\n<!-- \/ Yoast SEO plugin. -->","yoast_head_json":{"title":"RDC-Butembo : Covid-19, plus de 80 cas positifs enregistr\u00e9s - Actualit\u00e9s congolaises et internationales","robots":{"index":"index","follow":"follow","max-snippet":"max-snippet:-1","max-image-preview":"max-image-preview:large","max-video-preview":"max-video-preview:-1"},"canonical":"https:\/\/congovirtuel.com\/information\/rdc-butembo-covid-19-plus-de-80-cas-positifs-enregistres\/","og_locale":"fr_FR","og_type":"article","og_title":"RDC-Butembo : Covid-19, plus de 80 cas positifs enregistr\u00e9s - Actualit\u00e9s congolaises et internationales","og_description":"La Division Provinciale de la Sant\u00e9 (DPS) antenne de Butembo affirme que la ville a comptabilis\u00e9 en une semaine, 165 \u00e9chantillons de Covid-19 avec 82 cas test\u00e9s positifs. Dans un point de presse anim\u00e9 ce lundi 3 janvier 2022, le communicateur de la DPS antenne de Butembo a fait remarquer que la zone de sant\u00e9 de Katwa a eu 66 cas alors que celle de Butembo a comptabilis\u00e9 20. Il affirme que le reste des cas sont pour les zones de sant\u00e9 de Kyondo, Kayna et Vuhovi. \u00ab C\u2019est plus&hellip;","og_url":"https:\/\/congovirtuel.com\/information\/rdc-butembo-covid-19-plus-de-80-cas-positifs-enregistres\/","og_site_name":"Actualit\u00e9s congolaises et internationales","article_publisher":"https:\/\/web.facebook.com\/Congovirtuel-763617960319601\/?ref=aymt_homepage_panel&amp%3bamp%3bamp%3bamp%3bamp%3bamp%3bamp%3bamp%3bamp%3bamp%3bamp%3beid=ARCoxULa66767kIgF_KYav6VdjXTI4yk_LW4yoVO9s6NXpysgb7Cb65vpxcxgqzOAKvIbLQxaAETcqHT","article_published_time":"2022-01-04T06:47:16+00:00","article_modified_time":"2022-01-04T06:47:18+00:00","og_image":[{"width":669,"height":330,"url":"https:\/\/congovirtuel.com\/information\/wp-content\/uploads\/2022\/01\/IMG-20220104-WA0011.jpg","type":"image\/jpeg"}],"author":"infocongovirtuel","twitter_card":"summary_large_image","twitter_creator":"@congovirtuel","twitter_site":"@congovirtuel","twitter_misc":{"\u00c9crit par":"infocongovirtuel","Dur\u00e9e de lecture estim\u00e9e":"2 minutes"},"schema":{"@context":"https:\/\/schema.org","@graph":[{"@type":"Article","@id":"https:\/\/congovirtuel.com\/information\/rdc-butembo-covid-19-plus-de-80-cas-positifs-enregistres\/#article","isPartOf":{"@id":"https:\/\/congovirtuel.com\/information\/rdc-butembo-covid-19-plus-de-80-cas-positifs-enregistres\/"},"author":{"name":"infocongovirtuel","@id":"https:\/\/congovirtuel.com\/information\/#\/schema\/person\/739a44bf7990966cb53d58d2fdeca0b6"},"headline":"RDC-Butembo : Covid-19, plus de 80 cas positifs enregistr\u00e9s","datePublished":"2022-01-04T06:47:16+00:00","dateModified":"2022-01-04T06:47:18+00:00","mainEntityOfPage":{"@id":"https:\/\/congovirtuel.com\/information\/rdc-butembo-covid-19-plus-de-80-cas-positifs-enregistres\/"},"wordCount":217,"commentCount":0,"publisher":{"@id":"https:\/\/congovirtuel.com\/information\/#organization"},"image":{"@id":"https:\/\/congovirtuel.com\/information\/rdc-butembo-covid-19-plus-de-80-cas-positifs-enregistres\/#primaryimage"},"thumbnailUrl":"https:\/\/congovirtuel.com\/information\/wp-content\/uploads\/2022\/01\/IMG-20220104-WA0011.jpg","keywords":["Covid 19 Butembo"],"articleSection":["COVID-19"],"inLanguage":"fr-FR","potentialAction":[{"@type":"CommentAction","name":"Comment","target":["https:\/\/congovirtuel.com\/information\/rdc-butembo-covid-19-plus-de-80-cas-positifs-enregistres\/#respond"]}]},{"@type":"WebPage","@id":"https:\/\/congovirtuel.com\/information\/rdc-butembo-covid-19-plus-de-80-cas-positifs-enregistres\/","url":"https:\/\/congovirtuel.com\/information\/rdc-butembo-covid-19-plus-de-80-cas-positifs-enregistres\/","name":"RDC-Butembo : Covid-19, plus de 80 cas positifs enregistr\u00e9s - Actualit\u00e9s congolaises et internationales","isPartOf":{"@id":"https:\/\/congovirtuel.com\/information\/#website"},"primaryImageOfPage":{"@id":"https:\/\/congovirtuel.com\/information\/rdc-butembo-covid-19-plus-de-80-cas-positifs-enregistres\/#primaryimage"},"image":{"@id":"https:\/\/congovirtuel.com\/information\/rdc-butembo-covid-19-plus-de-80-cas-positifs-enregistres\/#primaryimage"},"thumbnailUrl":"https:\/\/congovirtuel.com\/information\/wp-content\/uploads\/2022\/01\/IMG-20220104-WA0011.jpg","datePublished":"2022-01-04T06:47:16+00:00","dateModified":"2022-01-04T06:47:18+00:00","breadcrumb":{"@id":"https:\/\/congovirtuel.com\/information\/rdc-butembo-covid-19-plus-de-80-cas-positifs-enregistres\/#breadcrumb"},"inLanguage":"fr-FR","potentialAction":[{"@type":"ReadAction","target":["https:\/\/congovirtuel.com\/information\/rdc-butembo-covid-19-plus-de-80-cas-positifs-enregistres\/"]}]},{"@type":"ImageObject","inLanguage":"fr-FR","@id":"https:\/\/congovirtuel.com\/information\/rdc-butembo-covid-19-plus-de-80-cas-positifs-enregistres\/#primaryimage","url":"https:\/\/congovirtuel.com\/information\/wp-content\/uploads\/2022\/01\/IMG-20220104-WA0011.jpg","contentUrl":"https:\/\/congovirtuel.com\/information\/wp-content\/uploads\/2022\/01\/IMG-20220104-WA0011.jpg","width":669,"height":330},{"@type":"BreadcrumbList","@id":"https:\/\/congovirtuel.com\/information\/rdc-butembo-covid-19-plus-de-80-cas-positifs-enregistres\/#breadcrumb","itemListElement":[{"@type":"ListItem","position":1,"name":"Accueil","item":"https:\/\/congovirtuel.com\/information\/"},{"@type":"ListItem","position":2,"name":"RDC-Butembo : Covid-19, plus de 80 cas positifs enregistr\u00e9s"}]},{"@type":"WebSite","@id":"https:\/\/congovirtuel.com\/information\/#website","url":"https:\/\/congovirtuel.com\/information\/","name":"Actualit\u00e9s congolaises et internationales","description":"site d&#039;analyse et de traitement d&#039;information","publisher":{"@id":"https:\/\/congovirtuel.com\/information\/#organization"},"potentialAction":[{"@type":"SearchAction","target":{"@type":"EntryPoint","urlTemplate":"https:\/\/congovirtuel.com\/information\/?s={search_term_string}"},"query-input":{"@type":"PropertyValueSpecification","valueRequired":true,"valueName":"search_term_string"}}],"inLanguage":"fr-FR"},{"@type":"Organization","@id":"https:\/\/congovirtuel.com\/information\/#organization","name":"Biblioth\u00e8que Virtuelle de la RDC","url":"https:\/\/congovirtuel.com\/information\/","logo":{"@type":"ImageObject","inLanguage":"fr-FR","@id":"https:\/\/congovirtuel.com\/information\/#\/schema\/logo\/image\/","url":"https:\/\/congovirtuel.com\/information\/wp-content\/uploads\/2018\/10\/header-info-congovirtuel-vraie.jpg","contentUrl":"https:\/\/congovirtuel.com\/information\/wp-content\/uploads\/2018\/10\/header-info-congovirtuel-vraie.jpg","width":728,"height":90,"caption":"Biblioth\u00e8que Virtuelle de la RDC"},"image":{"@id":"https:\/\/congovirtuel.com\/information\/#\/schema\/logo\/image\/"},"sameAs":["https:\/\/web.facebook.com\/Congovirtuel-763617960319601\/?ref=aymt_homepage_panel&amp;amp;amp;amp;amp;amp;amp;amp;amp;amp;amp;eid=ARCoxULa66767kIgF_KYav6VdjXTI4yk_LW4yoVO9s6NXpysgb7Cb65vpxcxgqzOAKvIbLQxaAETcqHT","https:\/\/x.com\/congovirtuel","https:\/\/www.youtube.com\/channel\/UCkFfprYzGgS3EWNpeMXpToQ?view_as=subscriber"]},{"@type":"Person","@id":"https:\/\/congovirtuel.com\/information\/#\/schema\/person\/739a44bf7990966cb53d58d2fdeca0b6","name":"infocongovirtuel","image":{"@type":"ImageObject","inLanguage":"fr-FR","@id":"https:\/\/secure.gravatar.com\/avatar\/4d76991aa72469f0eb22e772586c99113c6997f88da636a9db8f2ce3a2c05e69?s=96&d=mm&r=g","url":"https:\/\/secure.gravatar.com\/avatar\/4d76991aa72469f0eb22e772586c99113c6997f88da636a9db8f2ce3a2c05e69?s=96&d=mm&r=g","contentUrl":"https:\/\/secure.gravatar.com\/avatar\/4d76991aa72469f0eb22e772586c99113c6997f88da636a9db8f2ce3a2c05e69?s=96&d=mm&r=g","caption":"infocongovirtuel"},"url":"https:\/\/congovirtuel.com\/information\/author\/infocongovirtuel\/"}]}},"gt_translate_keys":[{"key":"link","format":"url"}],"_links":{"self":[{"href":"https:\/\/congovirtuel.com\/information\/wp-json\/wp\/v2\/posts\/16919","targetHints":{"allow":["GET"]}}],"collection":[{"href":"https:\/\/congovirtuel.com\/information\/wp-json\/wp\/v2\/posts"}],"about":[{"href":"https:\/\/congovirtuel.com\/information\/wp-json\/wp\/v2\/types\/post"}],"author":[{"embeddable":true,"href":"https:\/\/congovirtuel.com\/information\/wp-json\/wp\/v2\/users\/1"}],"replies":[{"embeddable":true,"href":"https:\/\/congovirtuel.com\/information\/wp-json\/wp\/v2\/comments?post=16919"}],"version-history":[{"count":1,"href":"https:\/\/congovirtuel.com\/information\/wp-json\/wp\/v2\/posts\/16919\/revisions"}],"predecessor-version":[{"id":16922,"href":"https:\/\/congovirtuel.com\/information\/wp-json\/wp\/v2\/posts\/16919\/revisions\/16922"}],"wp:featuredmedia":[{"embeddable":true,"href":"https:\/\/congovirtuel.com\/information\/wp-json\/wp\/v2\/media\/16921"}],"wp:attachment":[{"href":"https:\/\/congovirtuel.com\/information\/wp-json\/wp\/v2\/media?parent=16919"}],"wp:term":[{"taxonomy":"category","embeddable":true,"href":"https:\/\/congovirtuel.com\/information\/wp-json\/wp\/v2\/categories?post=16919"},{"taxonomy":"post_tag","embeddable":true,"href":"https:\/\/congovirtuel.com\/information\/wp-json\/wp\/v2\/tags?post=16919"}],"curies":[{"name":"wp","href":"https:\/\/api.w.org\/{rel}","templated":true}]}}