{"id":17244,"date":"2022-01-14T14:54:40","date_gmt":"2022-01-14T13:54:40","guid":{"rendered":"https:\/\/congovirtuel.com\/information\/?p=17244"},"modified":"2022-01-14T15:13:57","modified_gmt":"2022-01-14T14:13:57","slug":"rdc-jean-marc-kabund-demissionne-de-ses-fonctions-du-premier-vice-president-de-lassemblee-nationale","status":"publish","type":"post","link":"https:\/\/congovirtuel.com\/information\/rdc-jean-marc-kabund-demissionne-de-ses-fonctions-du-premier-vice-president-de-lassemblee-nationale\/","title":{"rendered":"RDC: Jean Marc Kabund d\u00e9missionne de ses fonctions du premier vice-pr\u00e9sident de l&rsquo;Assembl\u00e9e nationale","gt_translate_keys":[{"key":"rendered","format":"text"}]},"content":{"rendered":"\n<p class=\"wp-block-paragraph\">Jean Marc Kabund a annonc\u00e9 ce vendredi 14 janvier sa d\u00e9mission de ses fonctions de premier vice-pr\u00e9sident de l\u2019Assembl\u00e9e nationale.&nbsp;<\/p>\n\n\n\n<p class=\"wp-block-paragraph\">Cette d\u00e9mission forc\u00e9e ou volontaire est cons\u00e9cutive \u00e0 la violation de son domicile par les \u00e9l\u00e9ments de la garde pr\u00e9sidentielle.<\/p>\n\n\n\n<figure class=\"wp-block-embed is-type-rich is-provider-twitter wp-block-embed-twitter\"><div class=\"wp-block-embed__wrapper\">\n<blockquote class=\"twitter-tweet\" data-width=\"550\" data-dnt=\"true\"><p lang=\"fr\" dir=\"ltr\">En ce jour je prends la d\u00e9cision de d\u00e9missionner de mes fonctions de 1er VP de l\u2019AN. Ainsi s\u2019ouvre une nouvelle page de l\u2019histoire, qui sera \u00e9crite avec la sueur de notre front, qui coulera chaque jour qu\u2019on affrontera les brimades, humiliations et tortures&#8230;<\/p>&mdash; Jean Marc KABUND-A-KABUND (@kabund_jmkkrock) <a href=\"https:\/\/twitter.com\/kabund_jmkkrock\/status\/1481982813767446535?ref_src=twsrc%5Etfw\">January 14, 2022<\/a><\/blockquote><script async src=\"https:\/\/platform.twitter.com\/widgets.js\" charset=\"utf-8\"><\/script>\n<\/div><\/figure>\n\n\n\n<p class=\"wp-block-paragraph\">Avec Actualite.cd<\/p>\n","protected":false,"gt_translate_keys":[{"key":"rendered","format":"html"}]},"excerpt":{"rendered":"<p>Jean Marc Kabund a annonc\u00e9 ce vendredi 14 janvier sa d\u00e9mission de ses fonctions de premier vice-pr\u00e9sident de l\u2019Assembl\u00e9e nationale.&nbsp; Cette d\u00e9mission forc\u00e9e ou volontaire est cons\u00e9cutive \u00e0 la violation de son domicile par les \u00e9l\u00e9ments de la garde pr\u00e9sidentielle. Avec Actualite.cd<\/p>\n","protected":false,"gt_translate_keys":[{"key":"rendered","format":"html"}]},"author":1,"featured_media":16978,"comment_status":"open","ping_status":"open","sticky":false,"template":"","format":"standard","meta":{"_crdt_document":"","footnotes":""},"categories":[132],"tags":[33775,33776],"class_list":["post-17244","post","type-post","status-publish","format-standard","has-post-thumbnail","hentry","category-udps","tag-demission-kabund","tag-kabund-demissionne"],"gutentor_comment":0,"yoast_head":"<!-- This site is optimized with the Yoast SEO plugin v27.5 - https:\/\/yoast.com\/product\/yoast-seo-wordpress\/ -->\n<title>RDC: Jean Marc Kabund d\u00e9missionne de ses fonctions du premier vice-pr\u00e9sident de l&#039;Assembl\u00e9e nationale - Actualit\u00e9s congolaises et internationales<\/title>\n<meta name=\"robots\" content=\"index, follow, max-snippet:-1, max-image-preview:large, max-video-preview:-1\" \/>\n<link rel=\"canonical\" href=\"https:\/\/congovirtuel.com\/information\/rdc-jean-marc-kabund-demissionne-de-ses-fonctions-du-premier-vice-president-de-lassemblee-nationale\/\" \/>\n<meta property=\"og:locale\" content=\"fr_FR\" \/>\n<meta property=\"og:type\" content=\"article\" \/>\n<meta property=\"og:title\" content=\"RDC: Jean Marc Kabund d\u00e9missionne de ses fonctions du premier vice-pr\u00e9sident de l&#039;Assembl\u00e9e nationale - Actualit\u00e9s congolaises et internationales\" \/>\n<meta property=\"og:description\" content=\"Jean Marc Kabund a annonc\u00e9 ce vendredi 14 janvier sa d\u00e9mission de ses fonctions de premier vice-pr\u00e9sident de l\u2019Assembl\u00e9e nationale.&nbsp; Cette d\u00e9mission forc\u00e9e ou volontaire est cons\u00e9cutive \u00e0 la violation de son domicile par les \u00e9l\u00e9ments de la garde pr\u00e9sidentielle. Avec Actualite.cd\" \/>\n<meta property=\"og:url\" content=\"https:\/\/congovirtuel.com\/information\/rdc-jean-marc-kabund-demissionne-de-ses-fonctions-du-premier-vice-president-de-lassemblee-nationale\/\" \/>\n<meta property=\"og:site_name\" content=\"Actualit\u00e9s congolaises et internationales\" \/>\n<meta property=\"article:publisher\" content=\"https:\/\/web.facebook.com\/Congovirtuel-763617960319601\/?ref=aymt_homepage_panel&amp;amp%3bamp%3bamp%3bamp%3bamp%3bamp%3bamp%3bamp%3bamp%3bamp%3bamp%3beid=ARCoxULa66767kIgF_KYav6VdjXTI4yk_LW4yoVO9s6NXpysgb7Cb65vpxcxgqzOAKvIbLQxaAETcqHT\" \/>\n<meta property=\"article:published_time\" content=\"2022-01-14T13:54:40+00:00\" \/>\n<meta property=\"article:modified_time\" content=\"2022-01-14T14:13:57+00:00\" \/>\n<meta property=\"og:image\" content=\"https:\/\/congovirtuel.com\/information\/wp-content\/uploads\/2022\/01\/Jean_Marc_Kabund.jpg\" \/>\n\t<meta property=\"og:image:width\" content=\"1024\" \/>\n\t<meta property=\"og:image:height\" content=\"537\" \/>\n\t<meta property=\"og:image:type\" content=\"image\/jpeg\" \/>\n<meta name=\"author\" content=\"infocongovirtuel\" \/>\n<meta name=\"twitter:card\" content=\"summary_large_image\" \/>\n<meta name=\"twitter:creator\" content=\"@congovirtuel\" \/>\n<meta name=\"twitter:site\" content=\"@congovirtuel\" \/>\n<meta name=\"twitter:label1\" content=\"\u00c9crit par\" \/>\n\t<meta name=\"twitter:data1\" content=\"infocongovirtuel\" \/>\n\t<meta name=\"twitter:label2\" content=\"Dur\u00e9e de lecture estim\u00e9e\" \/>\n\t<meta name=\"twitter:data2\" content=\"1 minute\" \/>\n<script type=\"application\/ld+json\" class=\"yoast-schema-graph\">{\"@context\":\"https:\\\/\\\/schema.org\",\"@graph\":[{\"@type\":\"Article\",\"@id\":\"https:\\\/\\\/congovirtuel.com\\\/information\\\/rdc-jean-marc-kabund-demissionne-de-ses-fonctions-du-premier-vice-president-de-lassemblee-nationale\\\/#article\",\"isPartOf\":{\"@id\":\"https:\\\/\\\/congovirtuel.com\\\/information\\\/rdc-jean-marc-kabund-demissionne-de-ses-fonctions-du-premier-vice-president-de-lassemblee-nationale\\\/\"},\"author\":{\"name\":\"infocongovirtuel\",\"@id\":\"https:\\\/\\\/congovirtuel.com\\\/information\\\/#\\\/schema\\\/person\\\/739a44bf7990966cb53d58d2fdeca0b6\"},\"headline\":\"RDC: Jean Marc Kabund d\u00e9missionne de ses fonctions du premier vice-pr\u00e9sident de l&rsquo;Assembl\u00e9e nationale\",\"datePublished\":\"2022-01-14T13:54:40+00:00\",\"dateModified\":\"2022-01-14T14:13:57+00:00\",\"mainEntityOfPage\":{\"@id\":\"https:\\\/\\\/congovirtuel.com\\\/information\\\/rdc-jean-marc-kabund-demissionne-de-ses-fonctions-du-premier-vice-president-de-lassemblee-nationale\\\/\"},\"wordCount\":81,\"commentCount\":0,\"publisher\":{\"@id\":\"https:\\\/\\\/congovirtuel.com\\\/information\\\/#organization\"},\"image\":{\"@id\":\"https:\\\/\\\/congovirtuel.com\\\/information\\\/rdc-jean-marc-kabund-demissionne-de-ses-fonctions-du-premier-vice-president-de-lassemblee-nationale\\\/#primaryimage\"},\"thumbnailUrl\":\"https:\\\/\\\/congovirtuel.com\\\/information\\\/wp-content\\\/uploads\\\/2022\\\/01\\\/Jean_Marc_Kabund.jpg\",\"keywords\":[\"D\u00e9mission Kabund\",\"Kabund demissionne\"],\"articleSection\":[\"UDPS\"],\"inLanguage\":\"fr-FR\",\"potentialAction\":[{\"@type\":\"CommentAction\",\"name\":\"Comment\",\"target\":[\"https:\\\/\\\/congovirtuel.com\\\/information\\\/rdc-jean-marc-kabund-demissionne-de-ses-fonctions-du-premier-vice-president-de-lassemblee-nationale\\\/#respond\"]}]},{\"@type\":\"WebPage\",\"@id\":\"https:\\\/\\\/congovirtuel.com\\\/information\\\/rdc-jean-marc-kabund-demissionne-de-ses-fonctions-du-premier-vice-president-de-lassemblee-nationale\\\/\",\"url\":\"https:\\\/\\\/congovirtuel.com\\\/information\\\/rdc-jean-marc-kabund-demissionne-de-ses-fonctions-du-premier-vice-president-de-lassemblee-nationale\\\/\",\"name\":\"RDC: Jean Marc Kabund d\u00e9missionne de ses fonctions du premier vice-pr\u00e9sident de l'Assembl\u00e9e nationale - Actualit\u00e9s congolaises et internationales\",\"isPartOf\":{\"@id\":\"https:\\\/\\\/congovirtuel.com\\\/information\\\/#website\"},\"primaryImageOfPage\":{\"@id\":\"https:\\\/\\\/congovirtuel.com\\\/information\\\/rdc-jean-marc-kabund-demissionne-de-ses-fonctions-du-premier-vice-president-de-lassemblee-nationale\\\/#primaryimage\"},\"image\":{\"@id\":\"https:\\\/\\\/congovirtuel.com\\\/information\\\/rdc-jean-marc-kabund-demissionne-de-ses-fonctions-du-premier-vice-president-de-lassemblee-nationale\\\/#primaryimage\"},\"thumbnailUrl\":\"https:\\\/\\\/congovirtuel.com\\\/information\\\/wp-content\\\/uploads\\\/2022\\\/01\\\/Jean_Marc_Kabund.jpg\",\"datePublished\":\"2022-01-14T13:54:40+00:00\",\"dateModified\":\"2022-01-14T14:13:57+00:00\",\"breadcrumb\":{\"@id\":\"https:\\\/\\\/congovirtuel.com\\\/information\\\/rdc-jean-marc-kabund-demissionne-de-ses-fonctions-du-premier-vice-president-de-lassemblee-nationale\\\/#breadcrumb\"},\"inLanguage\":\"fr-FR\",\"potentialAction\":[{\"@type\":\"ReadAction\",\"target\":[\"https:\\\/\\\/congovirtuel.com\\\/information\\\/rdc-jean-marc-kabund-demissionne-de-ses-fonctions-du-premier-vice-president-de-lassemblee-nationale\\\/\"]}]},{\"@type\":\"ImageObject\",\"inLanguage\":\"fr-FR\",\"@id\":\"https:\\\/\\\/congovirtuel.com\\\/information\\\/rdc-jean-marc-kabund-demissionne-de-ses-fonctions-du-premier-vice-president-de-lassemblee-nationale\\\/#primaryimage\",\"url\":\"https:\\\/\\\/congovirtuel.com\\\/information\\\/wp-content\\\/uploads\\\/2022\\\/01\\\/Jean_Marc_Kabund.jpg\",\"contentUrl\":\"https:\\\/\\\/congovirtuel.com\\\/information\\\/wp-content\\\/uploads\\\/2022\\\/01\\\/Jean_Marc_Kabund.jpg\",\"width\":1024,\"height\":537,\"caption\":\"Jean_Marc_Kabund\"},{\"@type\":\"BreadcrumbList\",\"@id\":\"https:\\\/\\\/congovirtuel.com\\\/information\\\/rdc-jean-marc-kabund-demissionne-de-ses-fonctions-du-premier-vice-president-de-lassemblee-nationale\\\/#breadcrumb\",\"itemListElement\":[{\"@type\":\"ListItem\",\"position\":1,\"name\":\"Accueil\",\"item\":\"https:\\\/\\\/congovirtuel.com\\\/information\\\/\"},{\"@type\":\"ListItem\",\"position\":2,\"name\":\"RDC: Jean Marc Kabund d\u00e9missionne de ses fonctions du premier vice-pr\u00e9sident de l&rsquo;Assembl\u00e9e nationale\"}]},{\"@type\":\"WebSite\",\"@id\":\"https:\\\/\\\/congovirtuel.com\\\/information\\\/#website\",\"url\":\"https:\\\/\\\/congovirtuel.com\\\/information\\\/\",\"name\":\"Actualit\u00e9s congolaises et internationales\",\"description\":\"site d&#039;analyse et de traitement d&#039;information\",\"publisher\":{\"@id\":\"https:\\\/\\\/congovirtuel.com\\\/information\\\/#organization\"},\"potentialAction\":[{\"@type\":\"SearchAction\",\"target\":{\"@type\":\"EntryPoint\",\"urlTemplate\":\"https:\\\/\\\/congovirtuel.com\\\/information\\\/?s={search_term_string}\"},\"query-input\":{\"@type\":\"PropertyValueSpecification\",\"valueRequired\":true,\"valueName\":\"search_term_string\"}}],\"inLanguage\":\"fr-FR\"},{\"@type\":\"Organization\",\"@id\":\"https:\\\/\\\/congovirtuel.com\\\/information\\\/#organization\",\"name\":\"Biblioth\u00e8que Virtuelle de la RDC\",\"url\":\"https:\\\/\\\/congovirtuel.com\\\/information\\\/\",\"logo\":{\"@type\":\"ImageObject\",\"inLanguage\":\"fr-FR\",\"@id\":\"https:\\\/\\\/congovirtuel.com\\\/information\\\/#\\\/schema\\\/logo\\\/image\\\/\",\"url\":\"https:\\\/\\\/congovirtuel.com\\\/information\\\/wp-content\\\/uploads\\\/2018\\\/10\\\/header-info-congovirtuel-vraie.jpg\",\"contentUrl\":\"https:\\\/\\\/congovirtuel.com\\\/information\\\/wp-content\\\/uploads\\\/2018\\\/10\\\/header-info-congovirtuel-vraie.jpg\",\"width\":728,\"height\":90,\"caption\":\"Biblioth\u00e8que Virtuelle de la RDC\"},\"image\":{\"@id\":\"https:\\\/\\\/congovirtuel.com\\\/information\\\/#\\\/schema\\\/logo\\\/image\\\/\"},\"sameAs\":[\"https:\\\/\\\/web.facebook.com\\\/Congovirtuel-763617960319601\\\/?ref=aymt_homepage_panel&amp;amp;amp;amp;amp;amp;amp;amp;amp;amp;amp;eid=ARCoxULa66767kIgF_KYav6VdjXTI4yk_LW4yoVO9s6NXpysgb7Cb65vpxcxgqzOAKvIbLQxaAETcqHT\",\"https:\\\/\\\/x.com\\\/congovirtuel\",\"https:\\\/\\\/www.youtube.com\\\/channel\\\/UCkFfprYzGgS3EWNpeMXpToQ?view_as=subscriber\"]},{\"@type\":\"Person\",\"@id\":\"https:\\\/\\\/congovirtuel.com\\\/information\\\/#\\\/schema\\\/person\\\/739a44bf7990966cb53d58d2fdeca0b6\",\"name\":\"infocongovirtuel\",\"image\":{\"@type\":\"ImageObject\",\"inLanguage\":\"fr-FR\",\"@id\":\"https:\\\/\\\/secure.gravatar.com\\\/avatar\\\/4d76991aa72469f0eb22e772586c99113c6997f88da636a9db8f2ce3a2c05e69?s=96&d=mm&r=g\",\"url\":\"https:\\\/\\\/secure.gravatar.com\\\/avatar\\\/4d76991aa72469f0eb22e772586c99113c6997f88da636a9db8f2ce3a2c05e69?s=96&d=mm&r=g\",\"contentUrl\":\"https:\\\/\\\/secure.gravatar.com\\\/avatar\\\/4d76991aa72469f0eb22e772586c99113c6997f88da636a9db8f2ce3a2c05e69?s=96&d=mm&r=g\",\"caption\":\"infocongovirtuel\"},\"url\":\"https:\\\/\\\/congovirtuel.com\\\/information\\\/author\\\/infocongovirtuel\\\/\"}]}<\/script>\n<!-- \/ Yoast SEO plugin. -->","yoast_head_json":{"title":"RDC: Jean Marc Kabund d\u00e9missionne de ses fonctions du premier vice-pr\u00e9sident de l'Assembl\u00e9e nationale - Actualit\u00e9s congolaises et internationales","robots":{"index":"index","follow":"follow","max-snippet":"max-snippet:-1","max-image-preview":"max-image-preview:large","max-video-preview":"max-video-preview:-1"},"canonical":"https:\/\/congovirtuel.com\/information\/rdc-jean-marc-kabund-demissionne-de-ses-fonctions-du-premier-vice-president-de-lassemblee-nationale\/","og_locale":"fr_FR","og_type":"article","og_title":"RDC: Jean Marc Kabund d\u00e9missionne de ses fonctions du premier vice-pr\u00e9sident de l'Assembl\u00e9e nationale - Actualit\u00e9s congolaises et internationales","og_description":"Jean Marc Kabund a annonc\u00e9 ce vendredi 14 janvier sa d\u00e9mission de ses fonctions de premier vice-pr\u00e9sident de l\u2019Assembl\u00e9e nationale.&nbsp; Cette d\u00e9mission forc\u00e9e ou volontaire est cons\u00e9cutive \u00e0 la violation de son domicile par les \u00e9l\u00e9ments de la garde pr\u00e9sidentielle. Avec Actualite.cd","og_url":"https:\/\/congovirtuel.com\/information\/rdc-jean-marc-kabund-demissionne-de-ses-fonctions-du-premier-vice-president-de-lassemblee-nationale\/","og_site_name":"Actualit\u00e9s congolaises et internationales","article_publisher":"https:\/\/web.facebook.com\/Congovirtuel-763617960319601\/?ref=aymt_homepage_panel&amp%3bamp%3bamp%3bamp%3bamp%3bamp%3bamp%3bamp%3bamp%3bamp%3bamp%3beid=ARCoxULa66767kIgF_KYav6VdjXTI4yk_LW4yoVO9s6NXpysgb7Cb65vpxcxgqzOAKvIbLQxaAETcqHT","article_published_time":"2022-01-14T13:54:40+00:00","article_modified_time":"2022-01-14T14:13:57+00:00","og_image":[{"width":1024,"height":537,"url":"https:\/\/congovirtuel.com\/information\/wp-content\/uploads\/2022\/01\/Jean_Marc_Kabund.jpg","type":"image\/jpeg"}],"author":"infocongovirtuel","twitter_card":"summary_large_image","twitter_creator":"@congovirtuel","twitter_site":"@congovirtuel","twitter_misc":{"\u00c9crit par":"infocongovirtuel","Dur\u00e9e de lecture estim\u00e9e":"1 minute"},"schema":{"@context":"https:\/\/schema.org","@graph":[{"@type":"Article","@id":"https:\/\/congovirtuel.com\/information\/rdc-jean-marc-kabund-demissionne-de-ses-fonctions-du-premier-vice-president-de-lassemblee-nationale\/#article","isPartOf":{"@id":"https:\/\/congovirtuel.com\/information\/rdc-jean-marc-kabund-demissionne-de-ses-fonctions-du-premier-vice-president-de-lassemblee-nationale\/"},"author":{"name":"infocongovirtuel","@id":"https:\/\/congovirtuel.com\/information\/#\/schema\/person\/739a44bf7990966cb53d58d2fdeca0b6"},"headline":"RDC: Jean Marc Kabund d\u00e9missionne de ses fonctions du premier vice-pr\u00e9sident de l&rsquo;Assembl\u00e9e nationale","datePublished":"2022-01-14T13:54:40+00:00","dateModified":"2022-01-14T14:13:57+00:00","mainEntityOfPage":{"@id":"https:\/\/congovirtuel.com\/information\/rdc-jean-marc-kabund-demissionne-de-ses-fonctions-du-premier-vice-president-de-lassemblee-nationale\/"},"wordCount":81,"commentCount":0,"publisher":{"@id":"https:\/\/congovirtuel.com\/information\/#organization"},"image":{"@id":"https:\/\/congovirtuel.com\/information\/rdc-jean-marc-kabund-demissionne-de-ses-fonctions-du-premier-vice-president-de-lassemblee-nationale\/#primaryimage"},"thumbnailUrl":"https:\/\/congovirtuel.com\/information\/wp-content\/uploads\/2022\/01\/Jean_Marc_Kabund.jpg","keywords":["D\u00e9mission Kabund","Kabund demissionne"],"articleSection":["UDPS"],"inLanguage":"fr-FR","potentialAction":[{"@type":"CommentAction","name":"Comment","target":["https:\/\/congovirtuel.com\/information\/rdc-jean-marc-kabund-demissionne-de-ses-fonctions-du-premier-vice-president-de-lassemblee-nationale\/#respond"]}]},{"@type":"WebPage","@id":"https:\/\/congovirtuel.com\/information\/rdc-jean-marc-kabund-demissionne-de-ses-fonctions-du-premier-vice-president-de-lassemblee-nationale\/","url":"https:\/\/congovirtuel.com\/information\/rdc-jean-marc-kabund-demissionne-de-ses-fonctions-du-premier-vice-president-de-lassemblee-nationale\/","name":"RDC: Jean Marc Kabund d\u00e9missionne de ses fonctions du premier vice-pr\u00e9sident de l'Assembl\u00e9e nationale - Actualit\u00e9s congolaises et internationales","isPartOf":{"@id":"https:\/\/congovirtuel.com\/information\/#website"},"primaryImageOfPage":{"@id":"https:\/\/congovirtuel.com\/information\/rdc-jean-marc-kabund-demissionne-de-ses-fonctions-du-premier-vice-president-de-lassemblee-nationale\/#primaryimage"},"image":{"@id":"https:\/\/congovirtuel.com\/information\/rdc-jean-marc-kabund-demissionne-de-ses-fonctions-du-premier-vice-president-de-lassemblee-nationale\/#primaryimage"},"thumbnailUrl":"https:\/\/congovirtuel.com\/information\/wp-content\/uploads\/2022\/01\/Jean_Marc_Kabund.jpg","datePublished":"2022-01-14T13:54:40+00:00","dateModified":"2022-01-14T14:13:57+00:00","breadcrumb":{"@id":"https:\/\/congovirtuel.com\/information\/rdc-jean-marc-kabund-demissionne-de-ses-fonctions-du-premier-vice-president-de-lassemblee-nationale\/#breadcrumb"},"inLanguage":"fr-FR","potentialAction":[{"@type":"ReadAction","target":["https:\/\/congovirtuel.com\/information\/rdc-jean-marc-kabund-demissionne-de-ses-fonctions-du-premier-vice-president-de-lassemblee-nationale\/"]}]},{"@type":"ImageObject","inLanguage":"fr-FR","@id":"https:\/\/congovirtuel.com\/information\/rdc-jean-marc-kabund-demissionne-de-ses-fonctions-du-premier-vice-president-de-lassemblee-nationale\/#primaryimage","url":"https:\/\/congovirtuel.com\/information\/wp-content\/uploads\/2022\/01\/Jean_Marc_Kabund.jpg","contentUrl":"https:\/\/congovirtuel.com\/information\/wp-content\/uploads\/2022\/01\/Jean_Marc_Kabund.jpg","width":1024,"height":537,"caption":"Jean_Marc_Kabund"},{"@type":"BreadcrumbList","@id":"https:\/\/congovirtuel.com\/information\/rdc-jean-marc-kabund-demissionne-de-ses-fonctions-du-premier-vice-president-de-lassemblee-nationale\/#breadcrumb","itemListElement":[{"@type":"ListItem","position":1,"name":"Accueil","item":"https:\/\/congovirtuel.com\/information\/"},{"@type":"ListItem","position":2,"name":"RDC: Jean Marc Kabund d\u00e9missionne de ses fonctions du premier vice-pr\u00e9sident de l&rsquo;Assembl\u00e9e nationale"}]},{"@type":"WebSite","@id":"https:\/\/congovirtuel.com\/information\/#website","url":"https:\/\/congovirtuel.com\/information\/","name":"Actualit\u00e9s congolaises et internationales","description":"site d&#039;analyse et de traitement d&#039;information","publisher":{"@id":"https:\/\/congovirtuel.com\/information\/#organization"},"potentialAction":[{"@type":"SearchAction","target":{"@type":"EntryPoint","urlTemplate":"https:\/\/congovirtuel.com\/information\/?s={search_term_string}"},"query-input":{"@type":"PropertyValueSpecification","valueRequired":true,"valueName":"search_term_string"}}],"inLanguage":"fr-FR"},{"@type":"Organization","@id":"https:\/\/congovirtuel.com\/information\/#organization","name":"Biblioth\u00e8que Virtuelle de la RDC","url":"https:\/\/congovirtuel.com\/information\/","logo":{"@type":"ImageObject","inLanguage":"fr-FR","@id":"https:\/\/congovirtuel.com\/information\/#\/schema\/logo\/image\/","url":"https:\/\/congovirtuel.com\/information\/wp-content\/uploads\/2018\/10\/header-info-congovirtuel-vraie.jpg","contentUrl":"https:\/\/congovirtuel.com\/information\/wp-content\/uploads\/2018\/10\/header-info-congovirtuel-vraie.jpg","width":728,"height":90,"caption":"Biblioth\u00e8que Virtuelle de la RDC"},"image":{"@id":"https:\/\/congovirtuel.com\/information\/#\/schema\/logo\/image\/"},"sameAs":["https:\/\/web.facebook.com\/Congovirtuel-763617960319601\/?ref=aymt_homepage_panel&amp;amp;amp;amp;amp;amp;amp;amp;amp;amp;amp;eid=ARCoxULa66767kIgF_KYav6VdjXTI4yk_LW4yoVO9s6NXpysgb7Cb65vpxcxgqzOAKvIbLQxaAETcqHT","https:\/\/x.com\/congovirtuel","https:\/\/www.youtube.com\/channel\/UCkFfprYzGgS3EWNpeMXpToQ?view_as=subscriber"]},{"@type":"Person","@id":"https:\/\/congovirtuel.com\/information\/#\/schema\/person\/739a44bf7990966cb53d58d2fdeca0b6","name":"infocongovirtuel","image":{"@type":"ImageObject","inLanguage":"fr-FR","@id":"https:\/\/secure.gravatar.com\/avatar\/4d76991aa72469f0eb22e772586c99113c6997f88da636a9db8f2ce3a2c05e69?s=96&d=mm&r=g","url":"https:\/\/secure.gravatar.com\/avatar\/4d76991aa72469f0eb22e772586c99113c6997f88da636a9db8f2ce3a2c05e69?s=96&d=mm&r=g","contentUrl":"https:\/\/secure.gravatar.com\/avatar\/4d76991aa72469f0eb22e772586c99113c6997f88da636a9db8f2ce3a2c05e69?s=96&d=mm&r=g","caption":"infocongovirtuel"},"url":"https:\/\/congovirtuel.com\/information\/author\/infocongovirtuel\/"}]}},"gt_translate_keys":[{"key":"link","format":"url"}],"_links":{"self":[{"href":"https:\/\/congovirtuel.com\/information\/wp-json\/wp\/v2\/posts\/17244","targetHints":{"allow":["GET"]}}],"collection":[{"href":"https:\/\/congovirtuel.com\/information\/wp-json\/wp\/v2\/posts"}],"about":[{"href":"https:\/\/congovirtuel.com\/information\/wp-json\/wp\/v2\/types\/post"}],"author":[{"embeddable":true,"href":"https:\/\/congovirtuel.com\/information\/wp-json\/wp\/v2\/users\/1"}],"replies":[{"embeddable":true,"href":"https:\/\/congovirtuel.com\/information\/wp-json\/wp\/v2\/comments?post=17244"}],"version-history":[{"count":2,"href":"https:\/\/congovirtuel.com\/information\/wp-json\/wp\/v2\/posts\/17244\/revisions"}],"predecessor-version":[{"id":17248,"href":"https:\/\/congovirtuel.com\/information\/wp-json\/wp\/v2\/posts\/17244\/revisions\/17248"}],"wp:featuredmedia":[{"embeddable":true,"href":"https:\/\/congovirtuel.com\/information\/wp-json\/wp\/v2\/media\/16978"}],"wp:attachment":[{"href":"https:\/\/congovirtuel.com\/information\/wp-json\/wp\/v2\/media?parent=17244"}],"wp:term":[{"taxonomy":"category","embeddable":true,"href":"https:\/\/congovirtuel.com\/information\/wp-json\/wp\/v2\/categories?post=17244"},{"taxonomy":"post_tag","embeddable":true,"href":"https:\/\/congovirtuel.com\/information\/wp-json\/wp\/v2\/tags?post=17244"}],"curies":[{"name":"wp","href":"https:\/\/api.w.org\/{rel}","templated":true}]}}