{"id":17535,"date":"2022-01-24T07:57:06","date_gmt":"2022-01-24T06:57:06","guid":{"rendered":"https:\/\/congovirtuel.com\/information\/?p=17535"},"modified":"2022-01-24T07:57:08","modified_gmt":"2022-01-24T06:57:08","slug":"rdc-beni-situation-tendue-a-mulekera-des-jeunes-protestent-pour-la-fin-de-letat-de-siege","status":"publish","type":"post","link":"https:\/\/congovirtuel.com\/information\/rdc-beni-situation-tendue-a-mulekera-des-jeunes-protestent-pour-la-fin-de-letat-de-siege\/","title":{"rendered":"RDC-Beni : Situation tendue \u00e0 Mulekera, des jeunes protestent pour la fin de l&rsquo;\u00e9tat de si\u00e8ge","gt_translate_keys":[{"key":"rendered","format":"text"}]},"content":{"rendered":"\n<p class=\"wp-block-paragraph\">Situation tendue depuis ce matin dans la commune de Mulekera en pleine ville de Beni dans le Nord-Kivu. Les \u00e9l\u00e9ments de la police nationale congolaise font face depuis hier dimanche \u00e0 un mouvement de protestation g\u00e9n\u00e9rale des jeunes.<\/p>\n\n\n\n<p class=\"wp-block-paragraph\">Ces manifestants de la synergie des groupes de pression et mouvements citoyens exigent la fin de l\u2019\u00e9tat de si\u00e8ge d\u00e9cr\u00e9t\u00e9 par le Chef de l\u2019\u00c9tat dans le Nord-Kivu et en Ituri.<\/p>\n\n\n\n<p class=\"wp-block-paragraph\">Les policiers ont fait usage des gaz lacrymog\u00e8nes et tirs de sommations afin de dispers\u00e9s ces jeunes dont certains s&rsquo;en prennent \u00e0 eux.<\/p>\n\n\n\n<p class=\"wp-block-paragraph\">\u00ab [\u2026] Que la population de Beni ne panique pas car tout va bien. Chacun peut vaquer librement \u00e0 ses occupations car les dispositifs s\u00e9curitaires ont \u00e9t\u00e9s renforc\u00e9s dans la ville \u00bb, rassure Nasson Murara, communicateur de la police en ville de Beni.<\/p>\n\n\n\n<p class=\"wp-block-paragraph\">Cette journ\u00e9e de lundi s\u2019annonce tr\u00e8s mal. Les activit\u00e9s scolaires risquent d\u2019\u00eatre paralys\u00e9es surtout dans la commune de Mulekera, o\u00f9 les manifestants se sont concentr\u00e9s. Des pneus sont br\u00fbl\u00e9s dans diff\u00e9rents rond-point depuis la soir\u00e9e de dimanche.<\/p>\n\n\n\n<p class=\"wp-block-paragraph\"><strong>KAKULE Sikwaya depuis Beni<\/strong><\/p>\n","protected":false,"gt_translate_keys":[{"key":"rendered","format":"html"}]},"excerpt":{"rendered":"<p>Situation tendue depuis ce matin dans la commune de Mulekera en pleine ville de Beni dans le Nord-Kivu. Les \u00e9l\u00e9ments de la police nationale congolaise font face depuis hier dimanche \u00e0 un mouvement de protestation g\u00e9n\u00e9rale des jeunes. Ces manifestants de la synergie des groupes de pression et mouvements citoyens exigent la fin de l\u2019\u00e9tat de si\u00e8ge d\u00e9cr\u00e9t\u00e9 par le Chef de l\u2019\u00c9tat dans le Nord-Kivu et en Ituri. Les policiers ont fait usage des gaz lacrymog\u00e8nes et tirs de sommations afin de dispers\u00e9s ces jeunes dont certains s&rsquo;en prennent&hellip;<\/p>\n","protected":false,"gt_translate_keys":[{"key":"rendered","format":"html"}]},"author":1,"featured_media":17537,"comment_status":"open","ping_status":"open","sticky":false,"template":"","format":"standard","meta":{"_crdt_document":"","footnotes":""},"categories":[199],"tags":[34776,34774,34775],"class_list":["post-17535","post","type-post","status-publish","format-standard","has-post-thumbnail","hentry","category-insecurite","tag-fin-etat-de-siege-beni","tag-marche-a-mulekera","tag-protestation-a-mulekera"],"gutentor_comment":0,"yoast_head":"<!-- This site is optimized with the Yoast SEO plugin v27.5 - https:\/\/yoast.com\/product\/yoast-seo-wordpress\/ -->\n<title>RDC-Beni : Situation tendue \u00e0 Mulekera, des jeunes protestent pour la fin de l&#039;\u00e9tat de si\u00e8ge - Actualit\u00e9s congolaises et internationales<\/title>\n<meta name=\"robots\" content=\"index, follow, max-snippet:-1, max-image-preview:large, max-video-preview:-1\" \/>\n<link rel=\"canonical\" href=\"https:\/\/congovirtuel.com\/information\/rdc-beni-situation-tendue-a-mulekera-des-jeunes-protestent-pour-la-fin-de-letat-de-siege\/\" \/>\n<meta property=\"og:locale\" content=\"fr_FR\" \/>\n<meta property=\"og:type\" content=\"article\" \/>\n<meta property=\"og:title\" content=\"RDC-Beni : Situation tendue \u00e0 Mulekera, des jeunes protestent pour la fin de l&#039;\u00e9tat de si\u00e8ge - Actualit\u00e9s congolaises et internationales\" \/>\n<meta property=\"og:description\" content=\"Situation tendue depuis ce matin dans la commune de Mulekera en pleine ville de Beni dans le Nord-Kivu. Les \u00e9l\u00e9ments de la police nationale congolaise font face depuis hier dimanche \u00e0 un mouvement de protestation g\u00e9n\u00e9rale des jeunes. Ces manifestants de la synergie des groupes de pression et mouvements citoyens exigent la fin de l\u2019\u00e9tat de si\u00e8ge d\u00e9cr\u00e9t\u00e9 par le Chef de l\u2019\u00c9tat dans le Nord-Kivu et en Ituri. Les policiers ont fait usage des gaz lacrymog\u00e8nes et tirs de sommations afin de dispers\u00e9s ces jeunes dont certains s&rsquo;en prennent&hellip;\" \/>\n<meta property=\"og:url\" content=\"https:\/\/congovirtuel.com\/information\/rdc-beni-situation-tendue-a-mulekera-des-jeunes-protestent-pour-la-fin-de-letat-de-siege\/\" \/>\n<meta property=\"og:site_name\" content=\"Actualit\u00e9s congolaises et internationales\" \/>\n<meta property=\"article:publisher\" content=\"https:\/\/web.facebook.com\/Congovirtuel-763617960319601\/?ref=aymt_homepage_panel&amp;amp%3bamp%3bamp%3bamp%3bamp%3bamp%3bamp%3bamp%3bamp%3bamp%3bamp%3beid=ARCoxULa66767kIgF_KYav6VdjXTI4yk_LW4yoVO9s6NXpysgb7Cb65vpxcxgqzOAKvIbLQxaAETcqHT\" \/>\n<meta property=\"article:published_time\" content=\"2022-01-24T06:57:06+00:00\" \/>\n<meta property=\"article:modified_time\" content=\"2022-01-24T06:57:08+00:00\" \/>\n<meta property=\"og:image\" content=\"https:\/\/congovirtuel.com\/information\/wp-content\/uploads\/2022\/01\/IMG-20220124-WA0023.jpg\" \/>\n\t<meta property=\"og:image:width\" content=\"653\" \/>\n\t<meta property=\"og:image:height\" content=\"467\" \/>\n\t<meta property=\"og:image:type\" content=\"image\/jpeg\" \/>\n<meta name=\"author\" content=\"infocongovirtuel\" \/>\n<meta name=\"twitter:card\" content=\"summary_large_image\" \/>\n<meta name=\"twitter:creator\" content=\"@congovirtuel\" \/>\n<meta name=\"twitter:site\" content=\"@congovirtuel\" \/>\n<meta name=\"twitter:label1\" content=\"\u00c9crit par\" \/>\n\t<meta name=\"twitter:data1\" content=\"infocongovirtuel\" \/>\n\t<meta name=\"twitter:label2\" content=\"Dur\u00e9e de lecture estim\u00e9e\" \/>\n\t<meta name=\"twitter:data2\" content=\"1 minute\" \/>\n<script type=\"application\/ld+json\" class=\"yoast-schema-graph\">{\"@context\":\"https:\\\/\\\/schema.org\",\"@graph\":[{\"@type\":\"Article\",\"@id\":\"https:\\\/\\\/congovirtuel.com\\\/information\\\/rdc-beni-situation-tendue-a-mulekera-des-jeunes-protestent-pour-la-fin-de-letat-de-siege\\\/#article\",\"isPartOf\":{\"@id\":\"https:\\\/\\\/congovirtuel.com\\\/information\\\/rdc-beni-situation-tendue-a-mulekera-des-jeunes-protestent-pour-la-fin-de-letat-de-siege\\\/\"},\"author\":{\"name\":\"infocongovirtuel\",\"@id\":\"https:\\\/\\\/congovirtuel.com\\\/information\\\/#\\\/schema\\\/person\\\/739a44bf7990966cb53d58d2fdeca0b6\"},\"headline\":\"RDC-Beni : Situation tendue \u00e0 Mulekera, des jeunes protestent pour la fin de l&rsquo;\u00e9tat de si\u00e8ge\",\"datePublished\":\"2022-01-24T06:57:06+00:00\",\"dateModified\":\"2022-01-24T06:57:08+00:00\",\"mainEntityOfPage\":{\"@id\":\"https:\\\/\\\/congovirtuel.com\\\/information\\\/rdc-beni-situation-tendue-a-mulekera-des-jeunes-protestent-pour-la-fin-de-letat-de-siege\\\/\"},\"wordCount\":211,\"commentCount\":0,\"publisher\":{\"@id\":\"https:\\\/\\\/congovirtuel.com\\\/information\\\/#organization\"},\"image\":{\"@id\":\"https:\\\/\\\/congovirtuel.com\\\/information\\\/rdc-beni-situation-tendue-a-mulekera-des-jeunes-protestent-pour-la-fin-de-letat-de-siege\\\/#primaryimage\"},\"thumbnailUrl\":\"https:\\\/\\\/congovirtuel.com\\\/information\\\/wp-content\\\/uploads\\\/2022\\\/01\\\/IMG-20220124-WA0023.jpg\",\"keywords\":[\"Fin \u00e9tat de si\u00e8ge B\u00e9ni\",\"Marche \u00e0 Mulekera\",\"Protestation \u00e0 Mulekera\"],\"articleSection\":[\"Ins\u00e9curit\u00e9\"],\"inLanguage\":\"fr-FR\",\"potentialAction\":[{\"@type\":\"CommentAction\",\"name\":\"Comment\",\"target\":[\"https:\\\/\\\/congovirtuel.com\\\/information\\\/rdc-beni-situation-tendue-a-mulekera-des-jeunes-protestent-pour-la-fin-de-letat-de-siege\\\/#respond\"]}]},{\"@type\":\"WebPage\",\"@id\":\"https:\\\/\\\/congovirtuel.com\\\/information\\\/rdc-beni-situation-tendue-a-mulekera-des-jeunes-protestent-pour-la-fin-de-letat-de-siege\\\/\",\"url\":\"https:\\\/\\\/congovirtuel.com\\\/information\\\/rdc-beni-situation-tendue-a-mulekera-des-jeunes-protestent-pour-la-fin-de-letat-de-siege\\\/\",\"name\":\"RDC-Beni : Situation tendue \u00e0 Mulekera, des jeunes protestent pour la fin de l'\u00e9tat de si\u00e8ge - Actualit\u00e9s congolaises et internationales\",\"isPartOf\":{\"@id\":\"https:\\\/\\\/congovirtuel.com\\\/information\\\/#website\"},\"primaryImageOfPage\":{\"@id\":\"https:\\\/\\\/congovirtuel.com\\\/information\\\/rdc-beni-situation-tendue-a-mulekera-des-jeunes-protestent-pour-la-fin-de-letat-de-siege\\\/#primaryimage\"},\"image\":{\"@id\":\"https:\\\/\\\/congovirtuel.com\\\/information\\\/rdc-beni-situation-tendue-a-mulekera-des-jeunes-protestent-pour-la-fin-de-letat-de-siege\\\/#primaryimage\"},\"thumbnailUrl\":\"https:\\\/\\\/congovirtuel.com\\\/information\\\/wp-content\\\/uploads\\\/2022\\\/01\\\/IMG-20220124-WA0023.jpg\",\"datePublished\":\"2022-01-24T06:57:06+00:00\",\"dateModified\":\"2022-01-24T06:57:08+00:00\",\"breadcrumb\":{\"@id\":\"https:\\\/\\\/congovirtuel.com\\\/information\\\/rdc-beni-situation-tendue-a-mulekera-des-jeunes-protestent-pour-la-fin-de-letat-de-siege\\\/#breadcrumb\"},\"inLanguage\":\"fr-FR\",\"potentialAction\":[{\"@type\":\"ReadAction\",\"target\":[\"https:\\\/\\\/congovirtuel.com\\\/information\\\/rdc-beni-situation-tendue-a-mulekera-des-jeunes-protestent-pour-la-fin-de-letat-de-siege\\\/\"]}]},{\"@type\":\"ImageObject\",\"inLanguage\":\"fr-FR\",\"@id\":\"https:\\\/\\\/congovirtuel.com\\\/information\\\/rdc-beni-situation-tendue-a-mulekera-des-jeunes-protestent-pour-la-fin-de-letat-de-siege\\\/#primaryimage\",\"url\":\"https:\\\/\\\/congovirtuel.com\\\/information\\\/wp-content\\\/uploads\\\/2022\\\/01\\\/IMG-20220124-WA0023.jpg\",\"contentUrl\":\"https:\\\/\\\/congovirtuel.com\\\/information\\\/wp-content\\\/uploads\\\/2022\\\/01\\\/IMG-20220124-WA0023.jpg\",\"width\":653,\"height\":467},{\"@type\":\"BreadcrumbList\",\"@id\":\"https:\\\/\\\/congovirtuel.com\\\/information\\\/rdc-beni-situation-tendue-a-mulekera-des-jeunes-protestent-pour-la-fin-de-letat-de-siege\\\/#breadcrumb\",\"itemListElement\":[{\"@type\":\"ListItem\",\"position\":1,\"name\":\"Accueil\",\"item\":\"https:\\\/\\\/congovirtuel.com\\\/information\\\/\"},{\"@type\":\"ListItem\",\"position\":2,\"name\":\"RDC-Beni : Situation tendue \u00e0 Mulekera, des jeunes protestent pour la fin de l&rsquo;\u00e9tat de si\u00e8ge\"}]},{\"@type\":\"WebSite\",\"@id\":\"https:\\\/\\\/congovirtuel.com\\\/information\\\/#website\",\"url\":\"https:\\\/\\\/congovirtuel.com\\\/information\\\/\",\"name\":\"Actualit\u00e9s congolaises et internationales\",\"description\":\"site d&#039;analyse et de traitement d&#039;information\",\"publisher\":{\"@id\":\"https:\\\/\\\/congovirtuel.com\\\/information\\\/#organization\"},\"potentialAction\":[{\"@type\":\"SearchAction\",\"target\":{\"@type\":\"EntryPoint\",\"urlTemplate\":\"https:\\\/\\\/congovirtuel.com\\\/information\\\/?s={search_term_string}\"},\"query-input\":{\"@type\":\"PropertyValueSpecification\",\"valueRequired\":true,\"valueName\":\"search_term_string\"}}],\"inLanguage\":\"fr-FR\"},{\"@type\":\"Organization\",\"@id\":\"https:\\\/\\\/congovirtuel.com\\\/information\\\/#organization\",\"name\":\"Biblioth\u00e8que Virtuelle de la RDC\",\"url\":\"https:\\\/\\\/congovirtuel.com\\\/information\\\/\",\"logo\":{\"@type\":\"ImageObject\",\"inLanguage\":\"fr-FR\",\"@id\":\"https:\\\/\\\/congovirtuel.com\\\/information\\\/#\\\/schema\\\/logo\\\/image\\\/\",\"url\":\"https:\\\/\\\/congovirtuel.com\\\/information\\\/wp-content\\\/uploads\\\/2018\\\/10\\\/header-info-congovirtuel-vraie.jpg\",\"contentUrl\":\"https:\\\/\\\/congovirtuel.com\\\/information\\\/wp-content\\\/uploads\\\/2018\\\/10\\\/header-info-congovirtuel-vraie.jpg\",\"width\":728,\"height\":90,\"caption\":\"Biblioth\u00e8que Virtuelle de la RDC\"},\"image\":{\"@id\":\"https:\\\/\\\/congovirtuel.com\\\/information\\\/#\\\/schema\\\/logo\\\/image\\\/\"},\"sameAs\":[\"https:\\\/\\\/web.facebook.com\\\/Congovirtuel-763617960319601\\\/?ref=aymt_homepage_panel&amp;amp;amp;amp;amp;amp;amp;amp;amp;amp;amp;eid=ARCoxULa66767kIgF_KYav6VdjXTI4yk_LW4yoVO9s6NXpysgb7Cb65vpxcxgqzOAKvIbLQxaAETcqHT\",\"https:\\\/\\\/x.com\\\/congovirtuel\",\"https:\\\/\\\/www.youtube.com\\\/channel\\\/UCkFfprYzGgS3EWNpeMXpToQ?view_as=subscriber\"]},{\"@type\":\"Person\",\"@id\":\"https:\\\/\\\/congovirtuel.com\\\/information\\\/#\\\/schema\\\/person\\\/739a44bf7990966cb53d58d2fdeca0b6\",\"name\":\"infocongovirtuel\",\"image\":{\"@type\":\"ImageObject\",\"inLanguage\":\"fr-FR\",\"@id\":\"https:\\\/\\\/secure.gravatar.com\\\/avatar\\\/4d76991aa72469f0eb22e772586c99113c6997f88da636a9db8f2ce3a2c05e69?s=96&d=mm&r=g\",\"url\":\"https:\\\/\\\/secure.gravatar.com\\\/avatar\\\/4d76991aa72469f0eb22e772586c99113c6997f88da636a9db8f2ce3a2c05e69?s=96&d=mm&r=g\",\"contentUrl\":\"https:\\\/\\\/secure.gravatar.com\\\/avatar\\\/4d76991aa72469f0eb22e772586c99113c6997f88da636a9db8f2ce3a2c05e69?s=96&d=mm&r=g\",\"caption\":\"infocongovirtuel\"},\"url\":\"https:\\\/\\\/congovirtuel.com\\\/information\\\/author\\\/infocongovirtuel\\\/\"}]}<\/script>\n<!-- \/ Yoast SEO plugin. -->","yoast_head_json":{"title":"RDC-Beni : Situation tendue \u00e0 Mulekera, des jeunes protestent pour la fin de l'\u00e9tat de si\u00e8ge - Actualit\u00e9s congolaises et internationales","robots":{"index":"index","follow":"follow","max-snippet":"max-snippet:-1","max-image-preview":"max-image-preview:large","max-video-preview":"max-video-preview:-1"},"canonical":"https:\/\/congovirtuel.com\/information\/rdc-beni-situation-tendue-a-mulekera-des-jeunes-protestent-pour-la-fin-de-letat-de-siege\/","og_locale":"fr_FR","og_type":"article","og_title":"RDC-Beni : Situation tendue \u00e0 Mulekera, des jeunes protestent pour la fin de l'\u00e9tat de si\u00e8ge - Actualit\u00e9s congolaises et internationales","og_description":"Situation tendue depuis ce matin dans la commune de Mulekera en pleine ville de Beni dans le Nord-Kivu. Les \u00e9l\u00e9ments de la police nationale congolaise font face depuis hier dimanche \u00e0 un mouvement de protestation g\u00e9n\u00e9rale des jeunes. Ces manifestants de la synergie des groupes de pression et mouvements citoyens exigent la fin de l\u2019\u00e9tat de si\u00e8ge d\u00e9cr\u00e9t\u00e9 par le Chef de l\u2019\u00c9tat dans le Nord-Kivu et en Ituri. Les policiers ont fait usage des gaz lacrymog\u00e8nes et tirs de sommations afin de dispers\u00e9s ces jeunes dont certains s&rsquo;en prennent&hellip;","og_url":"https:\/\/congovirtuel.com\/information\/rdc-beni-situation-tendue-a-mulekera-des-jeunes-protestent-pour-la-fin-de-letat-de-siege\/","og_site_name":"Actualit\u00e9s congolaises et internationales","article_publisher":"https:\/\/web.facebook.com\/Congovirtuel-763617960319601\/?ref=aymt_homepage_panel&amp%3bamp%3bamp%3bamp%3bamp%3bamp%3bamp%3bamp%3bamp%3bamp%3bamp%3beid=ARCoxULa66767kIgF_KYav6VdjXTI4yk_LW4yoVO9s6NXpysgb7Cb65vpxcxgqzOAKvIbLQxaAETcqHT","article_published_time":"2022-01-24T06:57:06+00:00","article_modified_time":"2022-01-24T06:57:08+00:00","og_image":[{"width":653,"height":467,"url":"https:\/\/congovirtuel.com\/information\/wp-content\/uploads\/2022\/01\/IMG-20220124-WA0023.jpg","type":"image\/jpeg"}],"author":"infocongovirtuel","twitter_card":"summary_large_image","twitter_creator":"@congovirtuel","twitter_site":"@congovirtuel","twitter_misc":{"\u00c9crit par":"infocongovirtuel","Dur\u00e9e de lecture estim\u00e9e":"1 minute"},"schema":{"@context":"https:\/\/schema.org","@graph":[{"@type":"Article","@id":"https:\/\/congovirtuel.com\/information\/rdc-beni-situation-tendue-a-mulekera-des-jeunes-protestent-pour-la-fin-de-letat-de-siege\/#article","isPartOf":{"@id":"https:\/\/congovirtuel.com\/information\/rdc-beni-situation-tendue-a-mulekera-des-jeunes-protestent-pour-la-fin-de-letat-de-siege\/"},"author":{"name":"infocongovirtuel","@id":"https:\/\/congovirtuel.com\/information\/#\/schema\/person\/739a44bf7990966cb53d58d2fdeca0b6"},"headline":"RDC-Beni : Situation tendue \u00e0 Mulekera, des jeunes protestent pour la fin de l&rsquo;\u00e9tat de si\u00e8ge","datePublished":"2022-01-24T06:57:06+00:00","dateModified":"2022-01-24T06:57:08+00:00","mainEntityOfPage":{"@id":"https:\/\/congovirtuel.com\/information\/rdc-beni-situation-tendue-a-mulekera-des-jeunes-protestent-pour-la-fin-de-letat-de-siege\/"},"wordCount":211,"commentCount":0,"publisher":{"@id":"https:\/\/congovirtuel.com\/information\/#organization"},"image":{"@id":"https:\/\/congovirtuel.com\/information\/rdc-beni-situation-tendue-a-mulekera-des-jeunes-protestent-pour-la-fin-de-letat-de-siege\/#primaryimage"},"thumbnailUrl":"https:\/\/congovirtuel.com\/information\/wp-content\/uploads\/2022\/01\/IMG-20220124-WA0023.jpg","keywords":["Fin \u00e9tat de si\u00e8ge B\u00e9ni","Marche \u00e0 Mulekera","Protestation \u00e0 Mulekera"],"articleSection":["Ins\u00e9curit\u00e9"],"inLanguage":"fr-FR","potentialAction":[{"@type":"CommentAction","name":"Comment","target":["https:\/\/congovirtuel.com\/information\/rdc-beni-situation-tendue-a-mulekera-des-jeunes-protestent-pour-la-fin-de-letat-de-siege\/#respond"]}]},{"@type":"WebPage","@id":"https:\/\/congovirtuel.com\/information\/rdc-beni-situation-tendue-a-mulekera-des-jeunes-protestent-pour-la-fin-de-letat-de-siege\/","url":"https:\/\/congovirtuel.com\/information\/rdc-beni-situation-tendue-a-mulekera-des-jeunes-protestent-pour-la-fin-de-letat-de-siege\/","name":"RDC-Beni : Situation tendue \u00e0 Mulekera, des jeunes protestent pour la fin de l'\u00e9tat de si\u00e8ge - Actualit\u00e9s congolaises et internationales","isPartOf":{"@id":"https:\/\/congovirtuel.com\/information\/#website"},"primaryImageOfPage":{"@id":"https:\/\/congovirtuel.com\/information\/rdc-beni-situation-tendue-a-mulekera-des-jeunes-protestent-pour-la-fin-de-letat-de-siege\/#primaryimage"},"image":{"@id":"https:\/\/congovirtuel.com\/information\/rdc-beni-situation-tendue-a-mulekera-des-jeunes-protestent-pour-la-fin-de-letat-de-siege\/#primaryimage"},"thumbnailUrl":"https:\/\/congovirtuel.com\/information\/wp-content\/uploads\/2022\/01\/IMG-20220124-WA0023.jpg","datePublished":"2022-01-24T06:57:06+00:00","dateModified":"2022-01-24T06:57:08+00:00","breadcrumb":{"@id":"https:\/\/congovirtuel.com\/information\/rdc-beni-situation-tendue-a-mulekera-des-jeunes-protestent-pour-la-fin-de-letat-de-siege\/#breadcrumb"},"inLanguage":"fr-FR","potentialAction":[{"@type":"ReadAction","target":["https:\/\/congovirtuel.com\/information\/rdc-beni-situation-tendue-a-mulekera-des-jeunes-protestent-pour-la-fin-de-letat-de-siege\/"]}]},{"@type":"ImageObject","inLanguage":"fr-FR","@id":"https:\/\/congovirtuel.com\/information\/rdc-beni-situation-tendue-a-mulekera-des-jeunes-protestent-pour-la-fin-de-letat-de-siege\/#primaryimage","url":"https:\/\/congovirtuel.com\/information\/wp-content\/uploads\/2022\/01\/IMG-20220124-WA0023.jpg","contentUrl":"https:\/\/congovirtuel.com\/information\/wp-content\/uploads\/2022\/01\/IMG-20220124-WA0023.jpg","width":653,"height":467},{"@type":"BreadcrumbList","@id":"https:\/\/congovirtuel.com\/information\/rdc-beni-situation-tendue-a-mulekera-des-jeunes-protestent-pour-la-fin-de-letat-de-siege\/#breadcrumb","itemListElement":[{"@type":"ListItem","position":1,"name":"Accueil","item":"https:\/\/congovirtuel.com\/information\/"},{"@type":"ListItem","position":2,"name":"RDC-Beni : Situation tendue \u00e0 Mulekera, des jeunes protestent pour la fin de l&rsquo;\u00e9tat de si\u00e8ge"}]},{"@type":"WebSite","@id":"https:\/\/congovirtuel.com\/information\/#website","url":"https:\/\/congovirtuel.com\/information\/","name":"Actualit\u00e9s congolaises et internationales","description":"site d&#039;analyse et de traitement d&#039;information","publisher":{"@id":"https:\/\/congovirtuel.com\/information\/#organization"},"potentialAction":[{"@type":"SearchAction","target":{"@type":"EntryPoint","urlTemplate":"https:\/\/congovirtuel.com\/information\/?s={search_term_string}"},"query-input":{"@type":"PropertyValueSpecification","valueRequired":true,"valueName":"search_term_string"}}],"inLanguage":"fr-FR"},{"@type":"Organization","@id":"https:\/\/congovirtuel.com\/information\/#organization","name":"Biblioth\u00e8que Virtuelle de la RDC","url":"https:\/\/congovirtuel.com\/information\/","logo":{"@type":"ImageObject","inLanguage":"fr-FR","@id":"https:\/\/congovirtuel.com\/information\/#\/schema\/logo\/image\/","url":"https:\/\/congovirtuel.com\/information\/wp-content\/uploads\/2018\/10\/header-info-congovirtuel-vraie.jpg","contentUrl":"https:\/\/congovirtuel.com\/information\/wp-content\/uploads\/2018\/10\/header-info-congovirtuel-vraie.jpg","width":728,"height":90,"caption":"Biblioth\u00e8que Virtuelle de la RDC"},"image":{"@id":"https:\/\/congovirtuel.com\/information\/#\/schema\/logo\/image\/"},"sameAs":["https:\/\/web.facebook.com\/Congovirtuel-763617960319601\/?ref=aymt_homepage_panel&amp;amp;amp;amp;amp;amp;amp;amp;amp;amp;amp;eid=ARCoxULa66767kIgF_KYav6VdjXTI4yk_LW4yoVO9s6NXpysgb7Cb65vpxcxgqzOAKvIbLQxaAETcqHT","https:\/\/x.com\/congovirtuel","https:\/\/www.youtube.com\/channel\/UCkFfprYzGgS3EWNpeMXpToQ?view_as=subscriber"]},{"@type":"Person","@id":"https:\/\/congovirtuel.com\/information\/#\/schema\/person\/739a44bf7990966cb53d58d2fdeca0b6","name":"infocongovirtuel","image":{"@type":"ImageObject","inLanguage":"fr-FR","@id":"https:\/\/secure.gravatar.com\/avatar\/4d76991aa72469f0eb22e772586c99113c6997f88da636a9db8f2ce3a2c05e69?s=96&d=mm&r=g","url":"https:\/\/secure.gravatar.com\/avatar\/4d76991aa72469f0eb22e772586c99113c6997f88da636a9db8f2ce3a2c05e69?s=96&d=mm&r=g","contentUrl":"https:\/\/secure.gravatar.com\/avatar\/4d76991aa72469f0eb22e772586c99113c6997f88da636a9db8f2ce3a2c05e69?s=96&d=mm&r=g","caption":"infocongovirtuel"},"url":"https:\/\/congovirtuel.com\/information\/author\/infocongovirtuel\/"}]}},"gt_translate_keys":[{"key":"link","format":"url"}],"_links":{"self":[{"href":"https:\/\/congovirtuel.com\/information\/wp-json\/wp\/v2\/posts\/17535","targetHints":{"allow":["GET"]}}],"collection":[{"href":"https:\/\/congovirtuel.com\/information\/wp-json\/wp\/v2\/posts"}],"about":[{"href":"https:\/\/congovirtuel.com\/information\/wp-json\/wp\/v2\/types\/post"}],"author":[{"embeddable":true,"href":"https:\/\/congovirtuel.com\/information\/wp-json\/wp\/v2\/users\/1"}],"replies":[{"embeddable":true,"href":"https:\/\/congovirtuel.com\/information\/wp-json\/wp\/v2\/comments?post=17535"}],"version-history":[{"count":1,"href":"https:\/\/congovirtuel.com\/information\/wp-json\/wp\/v2\/posts\/17535\/revisions"}],"predecessor-version":[{"id":17538,"href":"https:\/\/congovirtuel.com\/information\/wp-json\/wp\/v2\/posts\/17535\/revisions\/17538"}],"wp:featuredmedia":[{"embeddable":true,"href":"https:\/\/congovirtuel.com\/information\/wp-json\/wp\/v2\/media\/17537"}],"wp:attachment":[{"href":"https:\/\/congovirtuel.com\/information\/wp-json\/wp\/v2\/media?parent=17535"}],"wp:term":[{"taxonomy":"category","embeddable":true,"href":"https:\/\/congovirtuel.com\/information\/wp-json\/wp\/v2\/categories?post=17535"},{"taxonomy":"post_tag","embeddable":true,"href":"https:\/\/congovirtuel.com\/information\/wp-json\/wp\/v2\/tags?post=17535"}],"curies":[{"name":"wp","href":"https:\/\/api.w.org\/{rel}","templated":true}]}}