{"id":17578,"date":"2022-01-24T14:45:03","date_gmt":"2022-01-24T13:45:03","guid":{"rendered":"https:\/\/congovirtuel.com\/information\/?p=17578"},"modified":"2022-01-24T14:45:04","modified_gmt":"2022-01-24T13:45:04","slug":"an-3-de-lalternance-politique-en-rdc-les-erreurs-du-pouvoir-tshisekedi-fils","status":"publish","type":"post","link":"https:\/\/congovirtuel.com\/information\/an-3-de-lalternance-politique-en-rdc-les-erreurs-du-pouvoir-tshisekedi-fils\/","title":{"rendered":"An 3 de l\u2019alternance politique en RDC:\u00a0 Les erreurs du Pouvoir Tshisekedi Fils","gt_translate_keys":[{"key":"rendered","format":"text"}]},"content":{"rendered":"\n<p class=\"wp-block-paragraph\">24 janvier 2019- 24 janvier 2022, cela fait 3 ans depuis que la RDC a connu sa premi\u00e8re alternance politique pacifique entre F\u00e9lix-A Tshisekedi et Joseph Kabila, son pr\u00e9decesseur.<\/p>\n\n\n\n<p class=\"wp-block-paragraph\">3 ans apr\u00e8s que reste-t-il des espoirs suscit\u00e9s par ce grand \u00e9v\u00e9nement politique qui est arriv\u00e9 pour la premi\u00e8re fois dans notre histoire depuis l\u2019ind\u00e9pendance ?<\/p>\n\n\n\n<p class=\"wp-block-paragraph\">\u00c0 son accession au pouvoir, F\u00e9lix Tshisekedi a pr\u00f4n\u00e9 \u00ab&nbsp;un Congo qui ne sera pas un Congo de la haine, du tribalisme et de la division. Mais un Congo r\u00e9concili\u00e9\u2019.&nbsp;\u00bb<\/p>\n\n\n\n<p class=\"wp-block-paragraph\">O\u00f9 en sommes-nous?<\/p>\n\n\n\n<p class=\"wp-block-paragraph\">Qu\u2019est ce qui a march\u00e9 jusque-l\u00e0, et qu\u2019est ce qui a marqu\u00e9 les pas?<\/p>\n\n\n\n<p class=\"wp-block-paragraph\">Sommes-nous r\u00e9solument tourn\u00e9s vers ce \u00ab&nbsp;Congo nouveau&nbsp;\u00bb dont a parl\u00e9 le nouveau chef de l\u2019\u00c9tat, ou nous continuons toujours \u00e0 patauger ?<\/p>\n\n\n\n<p class=\"wp-block-paragraph\">Qui croit encore en l\u2019avenir radieux de ce pays ?<\/p>\n\n\n\n<p class=\"wp-block-paragraph\">Qu\u2019est-ce que F\u00e9lix Tshisekedi, qui a incarn\u00e9 tous les espoirs doit encore faire pour redonner le sourire \u00e0 ce peuple qui ne croit plus majoritairement \u00e0 son destin?<\/p>\n\n\n\n<p class=\"wp-block-paragraph\">Et dans cet apr\u00e8s, quel est le r\u00f4le qu\u2019aurait d\u00fb jouer le pr\u00e9sident sorti, le s\u00e9nateur \u00e0 vie Joseph Kabila?<\/p>\n\n\n\n<p class=\"wp-block-paragraph\">Toutes ces questions en suspens ont \u00e9t\u00e9 pos\u00e9es par Babi Kundu, juriste de son \u00e9tat, et face \u00e0 ces inconnues, il a relev\u00e9 quelques erreurs du r\u00e9gime de F\u00e9lix Tshisekedi que nous reprenons ici en y mettant aussi nos propres \u00e9l\u00e9ments de recherche.<\/p>\n\n\n\n<p class=\"wp-block-paragraph\">LES ERREURS DU PR\u00c9SIDENT F\u00c9LIX TSHISEKEDI<\/p>\n\n\n\n<ol class=\"wp-block-list\"><li>SE CROIRE SAUVEUR !<\/li><\/ol>\n\n\n\n<p class=\"wp-block-paragraph\">L\u2019actuel chef de l\u2019\u00c9tat a h\u00e9rit\u00e9 d\u2019un pays compl\u00e8tement d\u00e9labr\u00e9, sinistr\u00e9 et au fond du gouffre, apr\u00e8s une razzia de 21 ans par un clan politique et une famille biologique bien identifi\u00e9s.<\/p>\n\n\n\n<p class=\"wp-block-paragraph\">Durant la cohabitation FCC-CACH, Fatshi n\u2019a pas pu imprimer son rythme et sa volont\u00e9 de faire changer les choses, emp\u00eatr\u00e9 dans un marigot de crocodiles, malheureusement.<\/p>\n\n\n\n<p class=\"wp-block-paragraph\">Mais apr\u00e8s s\u2019\u00eatre d\u00e9barrass\u00e9 de son encombrant alli\u00e9, il s\u2019est vite retrouv\u00e9 dans les r\u00e9alit\u00e9s du pouvoir non partag\u00e9, qui a aussi ses probl\u00e8mes, et malheureusement, le peuple ayant plac\u00e9 tous ses espoirs dans sa gouvernance, il s\u2019est content\u00e9, pour ne pas d\u00e9cevoir, de faire croire qu\u2019il allait nous sortir du bourbier en si peu de temps.<\/p>\n\n\n\n<p class=\"wp-block-paragraph\">Erreur de communication et d\u2019approche, ses communicateurs devaient avoir des \u00e9l\u00e9ments de langage tr\u00e8s pr\u00e9cis pour faire passer que le pr\u00e9sident n\u2019\u00e9tait pas notre sauveur, mais un baliseur, les chantiers \u00e9taient plus sur les r\u00e9formes, mentalit\u00e9s et recadrages.<br>Voil\u00e0 pourquoi il apparait de plus en plus aux yeux d\u2019une certaine opinion comme un pr\u00e9sident inefficace, ce qui n\u2019est pas le cas.<\/p>\n\n\n\n<p class=\"wp-block-paragraph\">2.&nbsp;AVOIR RAMEN\u00c9 AU PAYS UNE CERTAINE \u00ab&nbsp;RACAILLE&nbsp;\u00bb DE LA DIASPORA<\/p>\n\n\n\n<p class=\"wp-block-paragraph\">Qui est aujourd\u2019hui embusqu\u00e9e dans les rouages de la pr\u00e9sidence, du gouvernement, des cabinets minist\u00e9riels sur recommandation, et d\u2019autres services \u00e9tatiques.<\/p>\n\n\n\n<p class=\"wp-block-paragraph\">Cette racaille, habitu\u00e9e aux \u00ab&nbsp;coop&nbsp;\u00bb qui la faisait vivre en Europe avec les m\u00e9thodes que nous connaissons tous, s\u2019est mise vite au travail en infectant la pr\u00e9sidence et toute la machine, et en r\u00e9installant la maffia qui venait d\u2019\u00eatre d\u00e9boulonn\u00e9e.<\/p>\n\n\n\n<p class=\"wp-block-paragraph\">C\u2019est ce mauvais entourage dont on parle depuis le d\u00e9but de son quinquennat, avec des conseillers qui braquent la R\u00e9publique, distribuent des baffes en public par-ci, ou compromettent l\u2019organisation des jeux de la francophonie, condamnant tout un pays.<\/p>\n\n\n\n<p class=\"wp-block-paragraph\">Cette racaille que l\u2019on peut qualifier des \u00ab&nbsp;conseillers en Weston&nbsp;\u00bb impressionne par un bon fran\u00e7ais, l\u2019arrogance, mais en r\u00e9alit\u00e9 c\u2019est des m\u00e9diocres.<\/p>\n\n\n\n<p class=\"wp-block-paragraph\">Les nouvelles annon\u00e7ant le d\u00e9tournement pr\u00e9sum\u00e9 des millions USD par les collaborateurs du chef de l\u2019\u00c9tat circule dans plusieurs plates formes num\u00e9riques. Cette situation jette un discr\u00e9dit et salie l\u2019image des conseillers et m\u00eame du chef de l\u2019\u00c9tat.<\/p>\n\n\n\n<p class=\"wp-block-paragraph\">Sur le terrain, en effet, des conseillers du pr\u00e9sident de la R\u00e9publique se conduisent en ministres, d\u00e9pouillant l\u2019Ex\u00e9cutif de toutes ses pr\u00e9rogatives.<\/p>\n\n\n\n<p class=\"wp-block-paragraph\">Plusieurs cas peuvent \u00eatre cit\u00e9s:<\/p>\n\n\n\n<p class=\"wp-block-paragraph\">Dieudonn\u00e9 Lobo Bebel, coordonnateur administratif des services personnels de F\u00e9lix Tshisekedi, fut arr\u00eat\u00e9 et \u00e9crou\u00e9 \u00e0 la prison centrale de Makala pour avoir donn\u00e9 sans qualit\u00e9 un mandat sp\u00e9cial \u00e0 la compagnie Saint-Louis BGM Sarl d\u2019aller \u00e0 Mbuji-Mayi afin d\u2019effectuer des \u00e9tudes li\u00e9es notamment \u00e0 l\u2019exploitation industrielle du diamant dans la concession de la MIBA. Il a \u00e9t\u00e9 liber\u00e9 ensuite faute des preuves.<\/p>\n\n\n\n<p class=\"wp-block-paragraph\">Il y a eu aussi le cas Fortunat Biselele accus\u00e9 notamment d\u2019avoir donn\u00e9 un titre minier en garantie \u00e0 Afriland bank contre 20 millions usd, disant \u00e0 la banque que lorsque le titre sera octroy\u00e9 \u00e0 un minier, le \u00ab pas de porte \u00bb que paierait ce minier pourrait compenser ou rembourser les 20 millions.<\/p>\n\n\n\n<p class=\"wp-block-paragraph\">Le plus r\u00e9cent est le cas Marcellin Bilomba cit\u00e9 dans l\u2019affaire de 3 \u00e9coles et 2 h\u00f4pitaux \u00e0 14 millions USD au Kasa\u00ef oriental d\u00e9nonc\u00e9e par l\u2019ancien gouverneur de cette province dans son ancienne et actuelle configuration, actuellement d\u00e9put\u00e9 national, Alphonse Ngoyi Kasanji. Le conseiller de Fatshi, Marcellin Bilomba n\u2019avait trouv\u00e9 bon que de d\u00e9biter insulte et m\u00e9disance \u00e0 son endroit.<\/p>\n\n\n\n<p class=\"wp-block-paragraph\">Il y a eu aussi des cas de d\u00e9linquance comme celui de Vidiye Tshimanga qui s\u2019est battu en public.<\/p>\n\n\n\n<p class=\"wp-block-paragraph\">3.&nbsp;AVOIR CONFI\u00c9 LA DIRECTION DU PARTI \u00c0 UN IMMATURE POLITIQUE<\/p>\n\n\n\n<p class=\"wp-block-paragraph\">Lorsqu\u2019on regarde les sorties m\u00e9diatiques du Secr\u00e9taire G\u00e9n\u00e9ral du Parti Pr\u00e9sidentiel, Augustin Kabuya, on s\u2019interroge s\u2019il est encore SG, super ministre, intendant de la R\u00e9publique, ou tout simplement h\u00e9ritier d\u2019un business qu\u2019est la RDC?<\/p>\n\n\n\n<p class=\"wp-block-paragraph\">Il suffit d\u2019une actualit\u00e9 politique, le gars s\u2019empresse d\u2019organiser une matin\u00e9e politique avec des jouxtes verbales et des propos de fois grossiers et d\u00e9nigrants vis \u00e0 vis des adversaires politiques.<\/p>\n\n\n\n<p class=\"wp-block-paragraph\">Et pourtant, ce parti a plus besoin de recoller les morceaux, d\u2019allier plus de forces parce que l\u2019UDPS seule ne gagnera pas la prochaine \u00e9lection.<\/p>\n\n\n\n<p class=\"wp-block-paragraph\">Le SG actuel n\u2019est ni un tacticien, ni un diplomate, mais tout simplement un ami du chef.<\/p>\n\n\n\n<p class=\"wp-block-paragraph\">Il ne f\u00e9d\u00e9rera aucune autre force autour de lui, il n\u2019en a pas l\u2019art.<\/p>\n\n\n\n<p class=\"wp-block-paragraph\">Il y a aussi le cas du Pr\u00e9sident interimaire du parti qui pr\u00e9f\u00e8re jouer au policier de circulation routi\u00e8re que de g\u00e9rer ce grand Parti.<\/p>\n\n\n\n<p class=\"wp-block-paragraph\">Et depuis sa prise de bec avec la garde R\u00e9publicaine, il est de plus en plus d\u00e9savou\u00e9 par les instances du parti.<\/p>\n\n\n\n<p class=\"wp-block-paragraph\">La plupart de ses d\u00e9clarations politiques sont lamentables, et \u00e0 la limite pu\u00e9riles, il devrait plut\u00f4t \u00eatre un chef de section, m\u00eame pas pr\u00e9sident f\u00e9d\u00e9ral.<\/p>\n\n\n\n<p class=\"wp-block-paragraph\">L\u2019UDPS commence \u00e0 s\u2019attirer de l\u2019inimiti\u00e9 populaire, du jamais vu du vivant du docteur \u00c9tienne Tshisekedi !<\/p>\n\n\n\n<p class=\"wp-block-paragraph\">Si cette chute se poursuit, le Pr\u00e9sident de la R\u00e9publique sera dans l\u2019obligation de se pr\u00e9senter sous la banni\u00e8re \u00ab&nbsp;Ind\u00e9pendant&nbsp;\u00bben 2023.<\/p>\n\n\n\n<p class=\"wp-block-paragraph\">\u00c0 ce jour, l\u2019UDPS n\u2019a ni carte des membres ni un site internet et moins encore des m\u00e9dias sociaux certifi\u00e9s.<\/p>\n\n\n\n<p class=\"wp-block-paragraph\">4.&nbsp;SE PRENDRE POUR ETIENNE TSHISEKEDI<\/p>\n\n\n\n<p class=\"wp-block-paragraph\">Bien qu\u2019\u00e9tant le fils biologique d\u2019\u00c9tienne Tshisekedi, mais il faut avouer que le pr\u00e9sident de la R\u00e9publique F\u00e9lix Tshisekedi n\u2019a pas le m\u00eame aura que son mystique et mythique d\u00e9funt P\u00e8re.<\/p>\n\n\n\n<p class=\"wp-block-paragraph\">\u00c9tienne Tshisekedi, fut un mythe, un Esprit, au point que durant la cohabitation avec Mobutu, le bref temps o\u00f9 il a \u00e9t\u00e9 premier ministre, m\u00eame les \u00ab&nbsp;Mobutards&nbsp;\u00bb se mettaient au pas, ce qui n\u2019a pas \u00e9t\u00e9 idem durant la cohabitation FCC-CACH.<\/p>\n\n\n\n<p class=\"wp-block-paragraph\">Le pr\u00e9sident de la R\u00e9publique doit abandonner certaines approches du leader maximo, et doit imprimer sa propre touche.<\/p>\n\n\n\n<p class=\"wp-block-paragraph\">Certes on dit qu\u2019il est plus diplomate que son illustre p\u00e8re, mais les fondamentaux restent les m\u00eames, malheureusement.<\/p>\n\n\n\n<p class=\"wp-block-paragraph\">5.&nbsp;CROIRE QUE L\u2019USN VA L\u2019AIDER,<\/p>\n\n\n\n<p class=\"wp-block-paragraph\">Un vrai mensonge !<\/p>\n\n\n\n<p class=\"wp-block-paragraph\">Il n\u2019y a aucun doute que<br>cette affaire de l\u2019Union sacr\u00e9e pour la Nation, comme l\u2019AFDL, est &nbsp;\u00bb un conglom\u00e9rat d\u2019aventuriers et d\u2019opportunistes \u00ab&nbsp;, et une nouvelle blanchisserie politicienne, avec comme tare que les nouveaux venus ram\u00e8nent leurs anciennes mauvaises habitudes des lieux d\u2019o\u00f9 ils viennent: la corruption, les d\u00e9tournements des deniers publics, les trafics d\u2019influence, les vices, etc.<\/p>\n\n\n\n<p class=\"wp-block-paragraph\">Le premier coup de cette n\u00e9buleuse \u00e9tait d\u2019acheter des SUV aux d\u00e9put\u00e9s, sur montage des mobuto-kabilistes comme Mboso, d\u2019un total de 25 millions de dollars, alors que notre pays re\u00e7oit honteusement des dons de 5 millions par-ci, 10 par l\u00e0, des ambulances et autres mat\u00e9riels de la part d\u2019Isra\u00ebl d\u2019\u00e0 peine 2 millions, mais nous avons \u00e9t\u00e9 capable de d\u00e9penser comme \u00e7a 25 millions pour des d\u00e9put\u00e9s, si ce n\u2019est pas la sorcellerie!<\/p>\n\n\n\n<p class=\"wp-block-paragraph\">Et ce conglom\u00e9rat continue de peaufiner des strat\u00e9gies pour rester au pouvoir avec\u2026Fatshi, avec les maigres r\u00e9sultats comme on en voit avec le Gouvernement des pr\u00e9tendus warriors et un parlement devenu une caisse de r\u00e9sonance.<\/p>\n\n\n\n<p class=\"wp-block-paragraph\">Une situation qui risque de bloquer l\u2019\u00e9mergence d\u2019une nouvelle classe politique en RDC.<\/p>\n\n\n\n<p class=\"wp-block-paragraph\">Le PPRD vient de vider presque toute sa caciquie, les gens sont devenus beaux, saints, honn\u00eates, elles rejoignent tous l\u2019USN.<\/p>\n\n\n\n<p class=\"wp-block-paragraph\">Il y a risque que cette classe politique d\u00e9savou\u00e9e revienne encore prendre les manettes du pouvoir, on ne fait m\u00eame pas attention aux nouvelles \u00e9nergies.<\/p>\n\n\n\n<p class=\"wp-block-paragraph\">6.&nbsp;AVOIR LAISS\u00c9 Joseph Kabila EN LIBERT\u00c9<\/p>\n\n\n\n<p class=\"wp-block-paragraph\">Monsieur le s\u00e9nateur \u00e0 vie est parmi les principaux personnages qui ont pouss\u00e9 ce pays dans le gouffre.<\/p>\n\n\n\n<p class=\"wp-block-paragraph\">Non seulement que lui, sa famille politique et biologique ont pill\u00e9 le pays, mais ce pr\u00e9sident de la R\u00e9publique a compl\u00e8tement noyaut\u00e9 l\u2019arm\u00e9e et les services de s\u00e9curit\u00e9 en y incorporant des \u00e9l\u00e9ments \u00e9trangers notoires sous les op\u00e9rations fallacieuses de mixage, et autres ridiculit\u00e9s nous sorties au lendemain des rebellions du M23 et de Nkundabatware.<\/p>\n\n\n\n<p class=\"wp-block-paragraph\">Depuis ce temps, notre arm\u00e9e, renforc\u00e9e par les tra\u00eetres de l\u2019int\u00e9rieur, est devenue un vrai fruit pourri avec des vers \u00e0 l\u2019int\u00e9rieur, qui le rongent, en laissant la pulpe bien verte, pour ne pas alerter le planteur !<\/p>\n\n\n\n<p class=\"wp-block-paragraph\">Durant la cohabitation FCC-CACH, le S\u00e9nateur \u00e0 vie a tent\u00e9 de reprendre haut la main le pouvoir qu\u2019il avait perdu en bloquant tout, n\u2019e\u00fbt \u00e9t\u00e9 l\u2019intelligence de Fatshi qui a d\u00e9truit sa majorit\u00e9 fantoche.<\/p>\n\n\n\n<p class=\"wp-block-paragraph\">Homme des r\u00e9seaux, milliardaire et confiscateur des pans entiers des terres arables et de vill\u00e9giature du pays, cet homme reste dangereux pour le pouvoir, et peut \u00e0 tout moment lancer des troubles au travers ses canaux.<\/p>\n\n\n\n<p class=\"wp-block-paragraph\">Mais surtout cit\u00e9 quasi nomm\u00e9ment dans certains dossiers d\u2019assassinat comme celui de Chebeya, sa libert\u00e9 est un luxe!<\/p>\n\n\n\n<p class=\"wp-block-paragraph\">Il a des comptes \u00e0 rendre au pays, et \u00e0 des familles, des victimes par centaines, sinon par milliers. Le laisser vaquer librement \u00e0 ses occupations, \u00e0 continuer \u00e0 voler le pays par des business douteux, est une erreur\u2026<\/p>\n\n\n\n<p class=\"wp-block-paragraph\">7.&nbsp;AVOIR D\u00c9LAISS\u00c9 LA BONNE VIEILLE GARDE DU DR ETIENNE TSHISEKEDI<\/p>\n\n\n\n<p class=\"wp-block-paragraph\">Pour s\u2019accommoder des jeunes turcs pour la plupart sans exp\u00e9rience, et sans impl\u00e9mentation de la vraie doctrine fondatrice de l\u2019UDPS.<\/p>\n\n\n\n<p class=\"wp-block-paragraph\">Certes il n\u2019est pas de leur g\u00e9n\u00e9ration, ou m\u00eame de leur temp\u00e9rament, mais des pr\u00e9curseurs comme Me Joseph Mukendi (d\u2019heureuse m\u00e9moire), Valentin Mubake, Moleka, feu Bruno Mavungu, Jacquemain Shabani, Sylvain Kamany et bien d\u2019autres, auraient d\u00fb \u00eatre rappel\u00e9s pour faire cette jonction entre les anciens et les nouveaux.<\/p>\n\n\n\n<p class=\"wp-block-paragraph\">Il suffit de voir comment fonctionne aujourd\u2019hui l\u2019UDPS (dans l\u2019immaturit\u00e9 notoire, avec des parlementaires debouts enflamm\u00e9s, qui d\u00e9bitent des inepties \u00e0 longueur des journ\u00e9es), ainsi que la pr\u00e9sidence avec les nouveaux Bilomba &amp; Cie aux comportements reprochables pour s\u2019en rendre compte.<\/p>\n\n\n\n<p class=\"wp-block-paragraph\">Le vieux ministre d\u00e9l\u00e9gu\u00e9 \u00e0 la pr\u00e9sidence, le docteur Andr\u00e9 Kabanda a eu un seul projet: faire imprimer des timbres aux effigies de Fatshi et Joseph kabila pour l\u2019anniversaire de l\u2019alternance, \u00e0 vendre, hum !<\/p>\n\n\n\n<p class=\"wp-block-paragraph\">\u00ab&nbsp;Je ne m\u2019en veux pas aux nouveaux venus, aux amis et autres recommand\u00e9s de tous bords, mais on sent parfaitement bien que la cr\u00e8me, le fromage qui caract\u00e9risaient l\u2019Udps et l\u2019entourage de l\u2019ancien premier ministre docteur \u00c9tienne Tshisekedistes ont compl\u00e8tement fondu, nous avons aujourd\u2019hui affaire \u00e0 des baroudeurs, des chercheurs d\u2019argent et de richesses autour du Chef, des m\u2019a-tu vu, des conseillers en Weston capables de produire des concerts et de se faire d\u00e9dicacer par un petit chanteur de cabaret comme But na Filet, quelle d\u00e9ch\u00e9ance pour l\u2019image du parti et d\u2019\u00c9tienne Tshisekedi !,&nbsp;\u00bb s\u2019exclame Babi Kundu.<\/p>\n\n\n\n<p class=\"wp-block-paragraph\">Et de poursuivre:<\/p>\n\n\n\n<p class=\"wp-block-paragraph\">\u00ab&nbsp;Je me suis toujours pos\u00e9 la question de savoir comment des jeunes dynamiques comme les Shabani Jacquemin et autres n\u2019ont pas \u00e9t\u00e9 relanc\u00e9s, et \u00e0 la place on nous a amen\u00e9 des Bimbalo, des Yevidi, des Selelebi, et consorts ?<br>Je ne dis pas qu\u2019ils ne m\u00e9ritent pas, mais\u2026&nbsp;\u00bb<\/p>\n\n\n\n<p class=\"wp-block-paragraph\">8.&nbsp;TROP DE PROMESSE !<\/p>\n\n\n\n<p class=\"wp-block-paragraph\">Surnomm\u00e9 par ses d\u00e9tracteurs \u00ab&nbsp;Papa Promedi&nbsp;\u00bb ou \u00ab&nbsp;Prometacine&nbsp;\u00bb, le Chef de l\u2019\u00c9tat a pass\u00e9 beaucoup de temps \u00e0 promettre monts et merveilles, surtout lors de ses d\u00e9placements \u00e0 l\u2019int\u00e9rieur et \u00e0 l\u2019\u00e9tranger.<\/p>\n\n\n\n<p class=\"wp-block-paragraph\">Heureusement qu\u2019il vient publiquement de reconna\u00eetre \u00e0 Lodja que &nbsp;\u00bb Mboka ekufa nango d\u00e9j\u00e0, mais toye pona ko sekuisa pe kolamusa yango &nbsp;\u00bb et que ses promesses sont \u00e0 envisager dans la dur\u00e9e.<\/p>\n\n\n\n<p class=\"wp-block-paragraph\">Les d\u00e9clarations du Chef de l\u2019\u00c9tat devraient \u00eatre filtr\u00e9es, car si on reprochait \u00e0 Joseph Kabila d\u2019\u00eatre un taiseux, on peut \u00e0 juste titre reprocher \u00e0 Fatshi d\u2019\u00eatre parfois inutilement volubile.<\/p>\n\n\n\n<p class=\"wp-block-paragraph\">\u00ab&nbsp;J\u2019ai failli pleurer quand je l\u2019ai entendu d\u00e9clarer \u00e0 haute voix que &nbsp;\u00bb il n\u2019y a rien \u00e0 voler ni \u00e0 d\u00e9truire, car le pays est d\u00e9j\u00e0 mort&nbsp;\u00bb!,&nbsp;\u00bb dit Babi Kundu.<\/p>\n\n\n\n<p class=\"wp-block-paragraph\">&nbsp;\u00bb Non monsieur le pr\u00e9sident de la r\u00e9publique, le pays n\u2019est pas mort, il est vivant. Il a des probl\u00e8mes qu\u2019on doit r\u00e9gler, que vous, votre gouvernement et votre cabinet doivent r\u00e9gler, vous avez \u00e9t\u00e9 \u00e9lus pour \u00e7a. NE DITES PLUS JAMAIS \u00c7A EN PUBLIC, c\u2019est trop grave !&nbsp;\u00bb, a-t-il<\/p>\n\n\n\n<p class=\"wp-block-paragraph\">Babi Kundu conseille ceci: &nbsp;\u00bb Moi je salue vos efforts depuis votre arriv\u00e9e au pouvoir, mais sachez aussi que ce statocide (le terme est du professeur Ntumba Lwaba Lumu charg\u00e9 du panel d\u2019accompagner le mandat du chef de l\u2019\u00c9tat \u00e0 l\u2019UA, il veut dire la mort d\u2019un \u00c9tat) annonc\u00e9 est aussi l\u2019\u0153uvre de vos collaborateurs actuels, car le plus grand braquage instantan\u00e9 que ce pays a connu est intervenu sous votre r\u00e8gne, avec votre ancien directeur de cabinet, qui \u00e0 pris des millions en un seul coup sec, VLAN !&nbsp;\u00bb<\/p>\n\n\n\n<p class=\"wp-block-paragraph\">\u00c0 deux ans de fin de son mandat, le Chef de l\u2019\u00c9tat doit tirer toutes les cons\u00e9quences et partir de l\u2019avant: l\u2019avenir de tout un pays en d\u00e9pend.<\/p>\n\n\n\n<p class=\"wp-block-paragraph\">Bishop Mfundu\/CONGOPROFOND.NET<\/p>\n","protected":false,"gt_translate_keys":[{"key":"rendered","format":"html"}]},"excerpt":{"rendered":"<p>24 janvier 2019- 24 janvier 2022, cela fait 3 ans depuis que la RDC a connu sa premi\u00e8re alternance politique pacifique entre F\u00e9lix-A Tshisekedi et Joseph Kabila, son pr\u00e9decesseur. 3 ans apr\u00e8s que reste-t-il des espoirs suscit\u00e9s par ce grand \u00e9v\u00e9nement politique qui est arriv\u00e9 pour la premi\u00e8re fois dans notre histoire depuis l\u2019ind\u00e9pendance ? \u00c0 son accession au pouvoir, F\u00e9lix Tshisekedi a pr\u00f4n\u00e9 \u00ab&nbsp;un Congo qui ne sera pas un Congo de la haine, du tribalisme et de la division. Mais un Congo r\u00e9concili\u00e9\u2019.&nbsp;\u00bb O\u00f9 en sommes-nous? Qu\u2019est ce&hellip;<\/p>\n","protected":false,"gt_translate_keys":[{"key":"rendered","format":"html"}]},"author":1,"featured_media":17580,"comment_status":"open","ping_status":"open","sticky":false,"template":"","format":"standard","meta":{"_crdt_document":"","footnotes":""},"categories":[285],"tags":[35030],"class_list":["post-17578","post","type-post","status-publish","format-standard","has-post-thumbnail","hentry","category-presidence","tag-les-erreurs-de-tshisekedi"],"gutentor_comment":0,"yoast_head":"<!-- This site is optimized with the Yoast SEO plugin v27.5 - https:\/\/yoast.com\/product\/yoast-seo-wordpress\/ -->\n<title>An 3 de l\u2019alternance politique en RDC:\u00a0 Les erreurs du Pouvoir Tshisekedi Fils - Actualit\u00e9s congolaises et internationales<\/title>\n<meta name=\"robots\" content=\"index, follow, max-snippet:-1, max-image-preview:large, max-video-preview:-1\" \/>\n<link rel=\"canonical\" href=\"https:\/\/congovirtuel.com\/information\/an-3-de-lalternance-politique-en-rdc-les-erreurs-du-pouvoir-tshisekedi-fils\/\" \/>\n<meta property=\"og:locale\" content=\"fr_FR\" \/>\n<meta property=\"og:type\" content=\"article\" \/>\n<meta property=\"og:title\" content=\"An 3 de l\u2019alternance politique en RDC:\u00a0 Les erreurs du Pouvoir Tshisekedi Fils - Actualit\u00e9s congolaises et internationales\" \/>\n<meta property=\"og:description\" content=\"24 janvier 2019- 24 janvier 2022, cela fait 3 ans depuis que la RDC a connu sa premi\u00e8re alternance politique pacifique entre F\u00e9lix-A Tshisekedi et Joseph Kabila, son pr\u00e9decesseur. 3 ans apr\u00e8s que reste-t-il des espoirs suscit\u00e9s par ce grand \u00e9v\u00e9nement politique qui est arriv\u00e9 pour la premi\u00e8re fois dans notre histoire depuis l\u2019ind\u00e9pendance ? \u00c0 son accession au pouvoir, F\u00e9lix Tshisekedi a pr\u00f4n\u00e9 \u00ab&nbsp;un Congo qui ne sera pas un Congo de la haine, du tribalisme et de la division. Mais un Congo r\u00e9concili\u00e9\u2019.&nbsp;\u00bb O\u00f9 en sommes-nous? Qu\u2019est ce&hellip;\" \/>\n<meta property=\"og:url\" content=\"https:\/\/congovirtuel.com\/information\/an-3-de-lalternance-politique-en-rdc-les-erreurs-du-pouvoir-tshisekedi-fils\/\" \/>\n<meta property=\"og:site_name\" content=\"Actualit\u00e9s congolaises et internationales\" \/>\n<meta property=\"article:publisher\" content=\"https:\/\/web.facebook.com\/Congovirtuel-763617960319601\/?ref=aymt_homepage_panel&amp;amp%3bamp%3bamp%3bamp%3bamp%3bamp%3bamp%3bamp%3bamp%3bamp%3bamp%3beid=ARCoxULa66767kIgF_KYav6VdjXTI4yk_LW4yoVO9s6NXpysgb7Cb65vpxcxgqzOAKvIbLQxaAETcqHT\" \/>\n<meta property=\"article:published_time\" content=\"2022-01-24T13:45:03+00:00\" \/>\n<meta property=\"article:modified_time\" content=\"2022-01-24T13:45:04+00:00\" \/>\n<meta property=\"og:image\" content=\"https:\/\/congovirtuel.com\/information\/wp-content\/uploads\/2022\/01\/IMG-20220124-WA0287.jpg\" \/>\n\t<meta property=\"og:image:width\" content=\"640\" \/>\n\t<meta property=\"og:image:height\" content=\"640\" \/>\n\t<meta property=\"og:image:type\" content=\"image\/jpeg\" \/>\n<meta name=\"author\" content=\"infocongovirtuel\" \/>\n<meta name=\"twitter:card\" content=\"summary_large_image\" \/>\n<meta name=\"twitter:creator\" content=\"@congovirtuel\" \/>\n<meta name=\"twitter:site\" content=\"@congovirtuel\" \/>\n<meta name=\"twitter:label1\" content=\"\u00c9crit par\" \/>\n\t<meta name=\"twitter:data1\" content=\"infocongovirtuel\" \/>\n\t<meta name=\"twitter:label2\" content=\"Dur\u00e9e de lecture estim\u00e9e\" \/>\n\t<meta name=\"twitter:data2\" content=\"12 minutes\" \/>\n<script type=\"application\/ld+json\" class=\"yoast-schema-graph\">{\"@context\":\"https:\\\/\\\/schema.org\",\"@graph\":[{\"@type\":\"Article\",\"@id\":\"https:\\\/\\\/congovirtuel.com\\\/information\\\/an-3-de-lalternance-politique-en-rdc-les-erreurs-du-pouvoir-tshisekedi-fils\\\/#article\",\"isPartOf\":{\"@id\":\"https:\\\/\\\/congovirtuel.com\\\/information\\\/an-3-de-lalternance-politique-en-rdc-les-erreurs-du-pouvoir-tshisekedi-fils\\\/\"},\"author\":{\"name\":\"infocongovirtuel\",\"@id\":\"https:\\\/\\\/congovirtuel.com\\\/information\\\/#\\\/schema\\\/person\\\/739a44bf7990966cb53d58d2fdeca0b6\"},\"headline\":\"An 3 de l\u2019alternance politique en RDC:\u00a0 Les erreurs du Pouvoir Tshisekedi Fils\",\"datePublished\":\"2022-01-24T13:45:03+00:00\",\"dateModified\":\"2022-01-24T13:45:04+00:00\",\"mainEntityOfPage\":{\"@id\":\"https:\\\/\\\/congovirtuel.com\\\/information\\\/an-3-de-lalternance-politique-en-rdc-les-erreurs-du-pouvoir-tshisekedi-fils\\\/\"},\"wordCount\":2573,\"commentCount\":0,\"publisher\":{\"@id\":\"https:\\\/\\\/congovirtuel.com\\\/information\\\/#organization\"},\"image\":{\"@id\":\"https:\\\/\\\/congovirtuel.com\\\/information\\\/an-3-de-lalternance-politique-en-rdc-les-erreurs-du-pouvoir-tshisekedi-fils\\\/#primaryimage\"},\"thumbnailUrl\":\"https:\\\/\\\/congovirtuel.com\\\/information\\\/wp-content\\\/uploads\\\/2022\\\/01\\\/IMG-20220124-WA0287.jpg\",\"keywords\":[\"Les erreurs de Tshisekedi\"],\"articleSection\":[\"Pr\u00e9sidence\"],\"inLanguage\":\"fr-FR\",\"potentialAction\":[{\"@type\":\"CommentAction\",\"name\":\"Comment\",\"target\":[\"https:\\\/\\\/congovirtuel.com\\\/information\\\/an-3-de-lalternance-politique-en-rdc-les-erreurs-du-pouvoir-tshisekedi-fils\\\/#respond\"]}]},{\"@type\":\"WebPage\",\"@id\":\"https:\\\/\\\/congovirtuel.com\\\/information\\\/an-3-de-lalternance-politique-en-rdc-les-erreurs-du-pouvoir-tshisekedi-fils\\\/\",\"url\":\"https:\\\/\\\/congovirtuel.com\\\/information\\\/an-3-de-lalternance-politique-en-rdc-les-erreurs-du-pouvoir-tshisekedi-fils\\\/\",\"name\":\"An 3 de l\u2019alternance politique en RDC:\u00a0 Les erreurs du Pouvoir Tshisekedi Fils - Actualit\u00e9s congolaises et internationales\",\"isPartOf\":{\"@id\":\"https:\\\/\\\/congovirtuel.com\\\/information\\\/#website\"},\"primaryImageOfPage\":{\"@id\":\"https:\\\/\\\/congovirtuel.com\\\/information\\\/an-3-de-lalternance-politique-en-rdc-les-erreurs-du-pouvoir-tshisekedi-fils\\\/#primaryimage\"},\"image\":{\"@id\":\"https:\\\/\\\/congovirtuel.com\\\/information\\\/an-3-de-lalternance-politique-en-rdc-les-erreurs-du-pouvoir-tshisekedi-fils\\\/#primaryimage\"},\"thumbnailUrl\":\"https:\\\/\\\/congovirtuel.com\\\/information\\\/wp-content\\\/uploads\\\/2022\\\/01\\\/IMG-20220124-WA0287.jpg\",\"datePublished\":\"2022-01-24T13:45:03+00:00\",\"dateModified\":\"2022-01-24T13:45:04+00:00\",\"breadcrumb\":{\"@id\":\"https:\\\/\\\/congovirtuel.com\\\/information\\\/an-3-de-lalternance-politique-en-rdc-les-erreurs-du-pouvoir-tshisekedi-fils\\\/#breadcrumb\"},\"inLanguage\":\"fr-FR\",\"potentialAction\":[{\"@type\":\"ReadAction\",\"target\":[\"https:\\\/\\\/congovirtuel.com\\\/information\\\/an-3-de-lalternance-politique-en-rdc-les-erreurs-du-pouvoir-tshisekedi-fils\\\/\"]}]},{\"@type\":\"ImageObject\",\"inLanguage\":\"fr-FR\",\"@id\":\"https:\\\/\\\/congovirtuel.com\\\/information\\\/an-3-de-lalternance-politique-en-rdc-les-erreurs-du-pouvoir-tshisekedi-fils\\\/#primaryimage\",\"url\":\"https:\\\/\\\/congovirtuel.com\\\/information\\\/wp-content\\\/uploads\\\/2022\\\/01\\\/IMG-20220124-WA0287.jpg\",\"contentUrl\":\"https:\\\/\\\/congovirtuel.com\\\/information\\\/wp-content\\\/uploads\\\/2022\\\/01\\\/IMG-20220124-WA0287.jpg\",\"width\":640,\"height\":640},{\"@type\":\"BreadcrumbList\",\"@id\":\"https:\\\/\\\/congovirtuel.com\\\/information\\\/an-3-de-lalternance-politique-en-rdc-les-erreurs-du-pouvoir-tshisekedi-fils\\\/#breadcrumb\",\"itemListElement\":[{\"@type\":\"ListItem\",\"position\":1,\"name\":\"Accueil\",\"item\":\"https:\\\/\\\/congovirtuel.com\\\/information\\\/\"},{\"@type\":\"ListItem\",\"position\":2,\"name\":\"An 3 de l\u2019alternance politique en RDC:\u00a0 Les erreurs du Pouvoir Tshisekedi Fils\"}]},{\"@type\":\"WebSite\",\"@id\":\"https:\\\/\\\/congovirtuel.com\\\/information\\\/#website\",\"url\":\"https:\\\/\\\/congovirtuel.com\\\/information\\\/\",\"name\":\"Actualit\u00e9s congolaises et internationales\",\"description\":\"site d&#039;analyse et de traitement d&#039;information\",\"publisher\":{\"@id\":\"https:\\\/\\\/congovirtuel.com\\\/information\\\/#organization\"},\"potentialAction\":[{\"@type\":\"SearchAction\",\"target\":{\"@type\":\"EntryPoint\",\"urlTemplate\":\"https:\\\/\\\/congovirtuel.com\\\/information\\\/?s={search_term_string}\"},\"query-input\":{\"@type\":\"PropertyValueSpecification\",\"valueRequired\":true,\"valueName\":\"search_term_string\"}}],\"inLanguage\":\"fr-FR\"},{\"@type\":\"Organization\",\"@id\":\"https:\\\/\\\/congovirtuel.com\\\/information\\\/#organization\",\"name\":\"Biblioth\u00e8que Virtuelle de la RDC\",\"url\":\"https:\\\/\\\/congovirtuel.com\\\/information\\\/\",\"logo\":{\"@type\":\"ImageObject\",\"inLanguage\":\"fr-FR\",\"@id\":\"https:\\\/\\\/congovirtuel.com\\\/information\\\/#\\\/schema\\\/logo\\\/image\\\/\",\"url\":\"https:\\\/\\\/congovirtuel.com\\\/information\\\/wp-content\\\/uploads\\\/2018\\\/10\\\/header-info-congovirtuel-vraie.jpg\",\"contentUrl\":\"https:\\\/\\\/congovirtuel.com\\\/information\\\/wp-content\\\/uploads\\\/2018\\\/10\\\/header-info-congovirtuel-vraie.jpg\",\"width\":728,\"height\":90,\"caption\":\"Biblioth\u00e8que Virtuelle de la RDC\"},\"image\":{\"@id\":\"https:\\\/\\\/congovirtuel.com\\\/information\\\/#\\\/schema\\\/logo\\\/image\\\/\"},\"sameAs\":[\"https:\\\/\\\/web.facebook.com\\\/Congovirtuel-763617960319601\\\/?ref=aymt_homepage_panel&amp;amp;amp;amp;amp;amp;amp;amp;amp;amp;amp;eid=ARCoxULa66767kIgF_KYav6VdjXTI4yk_LW4yoVO9s6NXpysgb7Cb65vpxcxgqzOAKvIbLQxaAETcqHT\",\"https:\\\/\\\/x.com\\\/congovirtuel\",\"https:\\\/\\\/www.youtube.com\\\/channel\\\/UCkFfprYzGgS3EWNpeMXpToQ?view_as=subscriber\"]},{\"@type\":\"Person\",\"@id\":\"https:\\\/\\\/congovirtuel.com\\\/information\\\/#\\\/schema\\\/person\\\/739a44bf7990966cb53d58d2fdeca0b6\",\"name\":\"infocongovirtuel\",\"image\":{\"@type\":\"ImageObject\",\"inLanguage\":\"fr-FR\",\"@id\":\"https:\\\/\\\/secure.gravatar.com\\\/avatar\\\/4d76991aa72469f0eb22e772586c99113c6997f88da636a9db8f2ce3a2c05e69?s=96&d=mm&r=g\",\"url\":\"https:\\\/\\\/secure.gravatar.com\\\/avatar\\\/4d76991aa72469f0eb22e772586c99113c6997f88da636a9db8f2ce3a2c05e69?s=96&d=mm&r=g\",\"contentUrl\":\"https:\\\/\\\/secure.gravatar.com\\\/avatar\\\/4d76991aa72469f0eb22e772586c99113c6997f88da636a9db8f2ce3a2c05e69?s=96&d=mm&r=g\",\"caption\":\"infocongovirtuel\"},\"url\":\"https:\\\/\\\/congovirtuel.com\\\/information\\\/author\\\/infocongovirtuel\\\/\"}]}<\/script>\n<!-- \/ Yoast SEO plugin. -->","yoast_head_json":{"title":"An 3 de l\u2019alternance politique en RDC:\u00a0 Les erreurs du Pouvoir Tshisekedi Fils - Actualit\u00e9s congolaises et internationales","robots":{"index":"index","follow":"follow","max-snippet":"max-snippet:-1","max-image-preview":"max-image-preview:large","max-video-preview":"max-video-preview:-1"},"canonical":"https:\/\/congovirtuel.com\/information\/an-3-de-lalternance-politique-en-rdc-les-erreurs-du-pouvoir-tshisekedi-fils\/","og_locale":"fr_FR","og_type":"article","og_title":"An 3 de l\u2019alternance politique en RDC:\u00a0 Les erreurs du Pouvoir Tshisekedi Fils - Actualit\u00e9s congolaises et internationales","og_description":"24 janvier 2019- 24 janvier 2022, cela fait 3 ans depuis que la RDC a connu sa premi\u00e8re alternance politique pacifique entre F\u00e9lix-A Tshisekedi et Joseph Kabila, son pr\u00e9decesseur. 3 ans apr\u00e8s que reste-t-il des espoirs suscit\u00e9s par ce grand \u00e9v\u00e9nement politique qui est arriv\u00e9 pour la premi\u00e8re fois dans notre histoire depuis l\u2019ind\u00e9pendance ? \u00c0 son accession au pouvoir, F\u00e9lix Tshisekedi a pr\u00f4n\u00e9 \u00ab&nbsp;un Congo qui ne sera pas un Congo de la haine, du tribalisme et de la division. Mais un Congo r\u00e9concili\u00e9\u2019.&nbsp;\u00bb O\u00f9 en sommes-nous? Qu\u2019est ce&hellip;","og_url":"https:\/\/congovirtuel.com\/information\/an-3-de-lalternance-politique-en-rdc-les-erreurs-du-pouvoir-tshisekedi-fils\/","og_site_name":"Actualit\u00e9s congolaises et internationales","article_publisher":"https:\/\/web.facebook.com\/Congovirtuel-763617960319601\/?ref=aymt_homepage_panel&amp%3bamp%3bamp%3bamp%3bamp%3bamp%3bamp%3bamp%3bamp%3bamp%3bamp%3beid=ARCoxULa66767kIgF_KYav6VdjXTI4yk_LW4yoVO9s6NXpysgb7Cb65vpxcxgqzOAKvIbLQxaAETcqHT","article_published_time":"2022-01-24T13:45:03+00:00","article_modified_time":"2022-01-24T13:45:04+00:00","og_image":[{"width":640,"height":640,"url":"https:\/\/congovirtuel.com\/information\/wp-content\/uploads\/2022\/01\/IMG-20220124-WA0287.jpg","type":"image\/jpeg"}],"author":"infocongovirtuel","twitter_card":"summary_large_image","twitter_creator":"@congovirtuel","twitter_site":"@congovirtuel","twitter_misc":{"\u00c9crit par":"infocongovirtuel","Dur\u00e9e de lecture estim\u00e9e":"12 minutes"},"schema":{"@context":"https:\/\/schema.org","@graph":[{"@type":"Article","@id":"https:\/\/congovirtuel.com\/information\/an-3-de-lalternance-politique-en-rdc-les-erreurs-du-pouvoir-tshisekedi-fils\/#article","isPartOf":{"@id":"https:\/\/congovirtuel.com\/information\/an-3-de-lalternance-politique-en-rdc-les-erreurs-du-pouvoir-tshisekedi-fils\/"},"author":{"name":"infocongovirtuel","@id":"https:\/\/congovirtuel.com\/information\/#\/schema\/person\/739a44bf7990966cb53d58d2fdeca0b6"},"headline":"An 3 de l\u2019alternance politique en RDC:\u00a0 Les erreurs du Pouvoir Tshisekedi Fils","datePublished":"2022-01-24T13:45:03+00:00","dateModified":"2022-01-24T13:45:04+00:00","mainEntityOfPage":{"@id":"https:\/\/congovirtuel.com\/information\/an-3-de-lalternance-politique-en-rdc-les-erreurs-du-pouvoir-tshisekedi-fils\/"},"wordCount":2573,"commentCount":0,"publisher":{"@id":"https:\/\/congovirtuel.com\/information\/#organization"},"image":{"@id":"https:\/\/congovirtuel.com\/information\/an-3-de-lalternance-politique-en-rdc-les-erreurs-du-pouvoir-tshisekedi-fils\/#primaryimage"},"thumbnailUrl":"https:\/\/congovirtuel.com\/information\/wp-content\/uploads\/2022\/01\/IMG-20220124-WA0287.jpg","keywords":["Les erreurs de Tshisekedi"],"articleSection":["Pr\u00e9sidence"],"inLanguage":"fr-FR","potentialAction":[{"@type":"CommentAction","name":"Comment","target":["https:\/\/congovirtuel.com\/information\/an-3-de-lalternance-politique-en-rdc-les-erreurs-du-pouvoir-tshisekedi-fils\/#respond"]}]},{"@type":"WebPage","@id":"https:\/\/congovirtuel.com\/information\/an-3-de-lalternance-politique-en-rdc-les-erreurs-du-pouvoir-tshisekedi-fils\/","url":"https:\/\/congovirtuel.com\/information\/an-3-de-lalternance-politique-en-rdc-les-erreurs-du-pouvoir-tshisekedi-fils\/","name":"An 3 de l\u2019alternance politique en RDC:\u00a0 Les erreurs du Pouvoir Tshisekedi Fils - Actualit\u00e9s congolaises et internationales","isPartOf":{"@id":"https:\/\/congovirtuel.com\/information\/#website"},"primaryImageOfPage":{"@id":"https:\/\/congovirtuel.com\/information\/an-3-de-lalternance-politique-en-rdc-les-erreurs-du-pouvoir-tshisekedi-fils\/#primaryimage"},"image":{"@id":"https:\/\/congovirtuel.com\/information\/an-3-de-lalternance-politique-en-rdc-les-erreurs-du-pouvoir-tshisekedi-fils\/#primaryimage"},"thumbnailUrl":"https:\/\/congovirtuel.com\/information\/wp-content\/uploads\/2022\/01\/IMG-20220124-WA0287.jpg","datePublished":"2022-01-24T13:45:03+00:00","dateModified":"2022-01-24T13:45:04+00:00","breadcrumb":{"@id":"https:\/\/congovirtuel.com\/information\/an-3-de-lalternance-politique-en-rdc-les-erreurs-du-pouvoir-tshisekedi-fils\/#breadcrumb"},"inLanguage":"fr-FR","potentialAction":[{"@type":"ReadAction","target":["https:\/\/congovirtuel.com\/information\/an-3-de-lalternance-politique-en-rdc-les-erreurs-du-pouvoir-tshisekedi-fils\/"]}]},{"@type":"ImageObject","inLanguage":"fr-FR","@id":"https:\/\/congovirtuel.com\/information\/an-3-de-lalternance-politique-en-rdc-les-erreurs-du-pouvoir-tshisekedi-fils\/#primaryimage","url":"https:\/\/congovirtuel.com\/information\/wp-content\/uploads\/2022\/01\/IMG-20220124-WA0287.jpg","contentUrl":"https:\/\/congovirtuel.com\/information\/wp-content\/uploads\/2022\/01\/IMG-20220124-WA0287.jpg","width":640,"height":640},{"@type":"BreadcrumbList","@id":"https:\/\/congovirtuel.com\/information\/an-3-de-lalternance-politique-en-rdc-les-erreurs-du-pouvoir-tshisekedi-fils\/#breadcrumb","itemListElement":[{"@type":"ListItem","position":1,"name":"Accueil","item":"https:\/\/congovirtuel.com\/information\/"},{"@type":"ListItem","position":2,"name":"An 3 de l\u2019alternance politique en RDC:\u00a0 Les erreurs du Pouvoir Tshisekedi Fils"}]},{"@type":"WebSite","@id":"https:\/\/congovirtuel.com\/information\/#website","url":"https:\/\/congovirtuel.com\/information\/","name":"Actualit\u00e9s congolaises et internationales","description":"site d&#039;analyse et de traitement d&#039;information","publisher":{"@id":"https:\/\/congovirtuel.com\/information\/#organization"},"potentialAction":[{"@type":"SearchAction","target":{"@type":"EntryPoint","urlTemplate":"https:\/\/congovirtuel.com\/information\/?s={search_term_string}"},"query-input":{"@type":"PropertyValueSpecification","valueRequired":true,"valueName":"search_term_string"}}],"inLanguage":"fr-FR"},{"@type":"Organization","@id":"https:\/\/congovirtuel.com\/information\/#organization","name":"Biblioth\u00e8que Virtuelle de la RDC","url":"https:\/\/congovirtuel.com\/information\/","logo":{"@type":"ImageObject","inLanguage":"fr-FR","@id":"https:\/\/congovirtuel.com\/information\/#\/schema\/logo\/image\/","url":"https:\/\/congovirtuel.com\/information\/wp-content\/uploads\/2018\/10\/header-info-congovirtuel-vraie.jpg","contentUrl":"https:\/\/congovirtuel.com\/information\/wp-content\/uploads\/2018\/10\/header-info-congovirtuel-vraie.jpg","width":728,"height":90,"caption":"Biblioth\u00e8que Virtuelle de la RDC"},"image":{"@id":"https:\/\/congovirtuel.com\/information\/#\/schema\/logo\/image\/"},"sameAs":["https:\/\/web.facebook.com\/Congovirtuel-763617960319601\/?ref=aymt_homepage_panel&amp;amp;amp;amp;amp;amp;amp;amp;amp;amp;amp;eid=ARCoxULa66767kIgF_KYav6VdjXTI4yk_LW4yoVO9s6NXpysgb7Cb65vpxcxgqzOAKvIbLQxaAETcqHT","https:\/\/x.com\/congovirtuel","https:\/\/www.youtube.com\/channel\/UCkFfprYzGgS3EWNpeMXpToQ?view_as=subscriber"]},{"@type":"Person","@id":"https:\/\/congovirtuel.com\/information\/#\/schema\/person\/739a44bf7990966cb53d58d2fdeca0b6","name":"infocongovirtuel","image":{"@type":"ImageObject","inLanguage":"fr-FR","@id":"https:\/\/secure.gravatar.com\/avatar\/4d76991aa72469f0eb22e772586c99113c6997f88da636a9db8f2ce3a2c05e69?s=96&d=mm&r=g","url":"https:\/\/secure.gravatar.com\/avatar\/4d76991aa72469f0eb22e772586c99113c6997f88da636a9db8f2ce3a2c05e69?s=96&d=mm&r=g","contentUrl":"https:\/\/secure.gravatar.com\/avatar\/4d76991aa72469f0eb22e772586c99113c6997f88da636a9db8f2ce3a2c05e69?s=96&d=mm&r=g","caption":"infocongovirtuel"},"url":"https:\/\/congovirtuel.com\/information\/author\/infocongovirtuel\/"}]}},"gt_translate_keys":[{"key":"link","format":"url"}],"_links":{"self":[{"href":"https:\/\/congovirtuel.com\/information\/wp-json\/wp\/v2\/posts\/17578","targetHints":{"allow":["GET"]}}],"collection":[{"href":"https:\/\/congovirtuel.com\/information\/wp-json\/wp\/v2\/posts"}],"about":[{"href":"https:\/\/congovirtuel.com\/information\/wp-json\/wp\/v2\/types\/post"}],"author":[{"embeddable":true,"href":"https:\/\/congovirtuel.com\/information\/wp-json\/wp\/v2\/users\/1"}],"replies":[{"embeddable":true,"href":"https:\/\/congovirtuel.com\/information\/wp-json\/wp\/v2\/comments?post=17578"}],"version-history":[{"count":1,"href":"https:\/\/congovirtuel.com\/information\/wp-json\/wp\/v2\/posts\/17578\/revisions"}],"predecessor-version":[{"id":17581,"href":"https:\/\/congovirtuel.com\/information\/wp-json\/wp\/v2\/posts\/17578\/revisions\/17581"}],"wp:featuredmedia":[{"embeddable":true,"href":"https:\/\/congovirtuel.com\/information\/wp-json\/wp\/v2\/media\/17580"}],"wp:attachment":[{"href":"https:\/\/congovirtuel.com\/information\/wp-json\/wp\/v2\/media?parent=17578"}],"wp:term":[{"taxonomy":"category","embeddable":true,"href":"https:\/\/congovirtuel.com\/information\/wp-json\/wp\/v2\/categories?post=17578"},{"taxonomy":"post_tag","embeddable":true,"href":"https:\/\/congovirtuel.com\/information\/wp-json\/wp\/v2\/tags?post=17578"}],"curies":[{"name":"wp","href":"https:\/\/api.w.org\/{rel}","templated":true}]}}