{"id":17630,"date":"2022-01-27T07:21:21","date_gmt":"2022-01-27T06:21:21","guid":{"rendered":"https:\/\/congovirtuel.com\/information\/?p=17630"},"modified":"2022-01-27T07:21:24","modified_gmt":"2022-01-27T06:21:24","slug":"rdc-ram-le-greffier-jules-ngoy-transfere-a-la-prison-de-makala","status":"publish","type":"post","link":"https:\/\/congovirtuel.com\/information\/rdc-ram-le-greffier-jules-ngoy-transfere-a-la-prison-de-makala\/","title":{"rendered":"RDC-RAM : le greffier Jules Ngoy transf\u00e9r\u00e9 \u00e0 la prison de Makala","gt_translate_keys":[{"key":"rendered","format":"text"}]},"content":{"rendered":"\n<p class=\"wp-block-paragraph\">Le greffier du Tribunal de commerce de la Gombe Jules Ngoy a \u00e9t\u00e9 transf\u00e9r\u00e9 ce soir \u00e0 la prison centrale de Makala, a annonc\u00e9 Me Herv\u00e9 Diakiese dans un tweet.<\/p>\n\n\n\n<p class=\"wp-block-paragraph\">Le greffier Jules Ngoy, appr\u00e9hend\u00e9 le m\u00eame jour \u00e0 Kinshasa, est coupable d\u2019avoir notifi\u00e9 une sommation aux soci\u00e9t\u00e9s de t\u00e9l\u00e9phonie cellulaire, leur enjoignant de mettre un terme au pr\u00e9l\u00e8vement de la taxe RAM, qualifi\u00e9e d\u2019escroquerie par la chambre basse du Parlement.La sommation avait \u00e9t\u00e9 initi\u00e9e par les avocats d\u2019un groupe des usagers, conduits par leur avocat Me Herv\u00e9 Diakiese.<\/p>\n\n\n\n<p class=\"wp-block-paragraph\">La d\u00e9livrance de cette sommation avait \u00e9t\u00e9 d\u00e9mentie dans un premier temps par le Tribunal de commerce de la Gombe, qui parlait d\u2019un faux dont les auteurs seraient en fuite et recherch\u00e9 par la justice.<\/p>\n\n\n\n<p class=\"wp-block-paragraph\">Dans une d\u00e9claration \u00e0 une cha\u00eene num\u00e9rique de Kinshasa, Me Herv\u00e9 Diakiese a fait part des menaces et des appels anonymes dont feraient l\u2019objet les membres du groupe des plaignants.<\/p>\n\n\n\n<p class=\"wp-block-paragraph\"><strong>Infocongo<\/strong><\/p>\n","protected":false,"gt_translate_keys":[{"key":"rendered","format":"html"}]},"excerpt":{"rendered":"<p>Le greffier du Tribunal de commerce de la Gombe Jules Ngoy a \u00e9t\u00e9 transf\u00e9r\u00e9 ce soir \u00e0 la prison centrale de Makala, a annonc\u00e9 Me Herv\u00e9 Diakiese dans un tweet. Le greffier Jules Ngoy, appr\u00e9hend\u00e9 le m\u00eame jour \u00e0 Kinshasa, est coupable d\u2019avoir notifi\u00e9 une sommation aux soci\u00e9t\u00e9s de t\u00e9l\u00e9phonie cellulaire, leur enjoignant de mettre un terme au pr\u00e9l\u00e8vement de la taxe RAM, qualifi\u00e9e d\u2019escroquerie par la chambre basse du Parlement.La sommation avait \u00e9t\u00e9 initi\u00e9e par les avocats d\u2019un groupe des usagers, conduits par leur avocat Me Herv\u00e9 Diakiese. La&hellip;<\/p>\n","protected":false,"gt_translate_keys":[{"key":"rendered","format":"html"}]},"author":1,"featured_media":17632,"comment_status":"open","ping_status":"open","sticky":false,"template":"","format":"standard","meta":{"_crdt_document":"","footnotes":""},"categories":[461],"tags":[35300],"class_list":["post-17630","post","type-post","status-publish","format-standard","has-post-thumbnail","hentry","category-justice","tag-dossier-ram-rdc"],"gutentor_comment":0,"yoast_head":"<!-- This site is optimized with the Yoast SEO plugin v27.5 - https:\/\/yoast.com\/product\/yoast-seo-wordpress\/ -->\n<title>RDC-RAM : le greffier Jules Ngoy transf\u00e9r\u00e9 \u00e0 la prison de Makala - Actualit\u00e9s congolaises et internationales<\/title>\n<meta name=\"robots\" content=\"index, follow, max-snippet:-1, max-image-preview:large, max-video-preview:-1\" \/>\n<link rel=\"canonical\" href=\"https:\/\/congovirtuel.com\/information\/rdc-ram-le-greffier-jules-ngoy-transfere-a-la-prison-de-makala\/\" \/>\n<meta property=\"og:locale\" content=\"fr_FR\" \/>\n<meta property=\"og:type\" content=\"article\" \/>\n<meta property=\"og:title\" content=\"RDC-RAM : le greffier Jules Ngoy transf\u00e9r\u00e9 \u00e0 la prison de Makala - Actualit\u00e9s congolaises et internationales\" \/>\n<meta property=\"og:description\" content=\"Le greffier du Tribunal de commerce de la Gombe Jules Ngoy a \u00e9t\u00e9 transf\u00e9r\u00e9 ce soir \u00e0 la prison centrale de Makala, a annonc\u00e9 Me Herv\u00e9 Diakiese dans un tweet. Le greffier Jules Ngoy, appr\u00e9hend\u00e9 le m\u00eame jour \u00e0 Kinshasa, est coupable d\u2019avoir notifi\u00e9 une sommation aux soci\u00e9t\u00e9s de t\u00e9l\u00e9phonie cellulaire, leur enjoignant de mettre un terme au pr\u00e9l\u00e8vement de la taxe RAM, qualifi\u00e9e d\u2019escroquerie par la chambre basse du Parlement.La sommation avait \u00e9t\u00e9 initi\u00e9e par les avocats d\u2019un groupe des usagers, conduits par leur avocat Me Herv\u00e9 Diakiese. La&hellip;\" \/>\n<meta property=\"og:url\" content=\"https:\/\/congovirtuel.com\/information\/rdc-ram-le-greffier-jules-ngoy-transfere-a-la-prison-de-makala\/\" \/>\n<meta property=\"og:site_name\" content=\"Actualit\u00e9s congolaises et internationales\" \/>\n<meta property=\"article:publisher\" content=\"https:\/\/web.facebook.com\/Congovirtuel-763617960319601\/?ref=aymt_homepage_panel&amp;amp%3bamp%3bamp%3bamp%3bamp%3bamp%3bamp%3bamp%3bamp%3bamp%3bamp%3beid=ARCoxULa66767kIgF_KYav6VdjXTI4yk_LW4yoVO9s6NXpysgb7Cb65vpxcxgqzOAKvIbLQxaAETcqHT\" \/>\n<meta property=\"article:published_time\" content=\"2022-01-27T06:21:21+00:00\" \/>\n<meta property=\"article:modified_time\" content=\"2022-01-27T06:21:24+00:00\" \/>\n<meta property=\"og:image\" content=\"https:\/\/congovirtuel.com\/information\/wp-content\/uploads\/2022\/01\/Taxe-RAM-1160x560-1.jpg\" \/>\n\t<meta property=\"og:image:width\" content=\"1160\" \/>\n\t<meta property=\"og:image:height\" content=\"560\" \/>\n\t<meta property=\"og:image:type\" content=\"image\/jpeg\" \/>\n<meta name=\"author\" content=\"infocongovirtuel\" \/>\n<meta name=\"twitter:card\" content=\"summary_large_image\" \/>\n<meta name=\"twitter:creator\" content=\"@congovirtuel\" \/>\n<meta name=\"twitter:site\" content=\"@congovirtuel\" \/>\n<meta name=\"twitter:label1\" content=\"\u00c9crit par\" \/>\n\t<meta name=\"twitter:data1\" content=\"infocongovirtuel\" \/>\n\t<meta name=\"twitter:label2\" content=\"Dur\u00e9e de lecture estim\u00e9e\" \/>\n\t<meta name=\"twitter:data2\" content=\"1 minute\" \/>\n<script type=\"application\/ld+json\" class=\"yoast-schema-graph\">{\"@context\":\"https:\\\/\\\/schema.org\",\"@graph\":[{\"@type\":\"Article\",\"@id\":\"https:\\\/\\\/congovirtuel.com\\\/information\\\/rdc-ram-le-greffier-jules-ngoy-transfere-a-la-prison-de-makala\\\/#article\",\"isPartOf\":{\"@id\":\"https:\\\/\\\/congovirtuel.com\\\/information\\\/rdc-ram-le-greffier-jules-ngoy-transfere-a-la-prison-de-makala\\\/\"},\"author\":{\"name\":\"infocongovirtuel\",\"@id\":\"https:\\\/\\\/congovirtuel.com\\\/information\\\/#\\\/schema\\\/person\\\/739a44bf7990966cb53d58d2fdeca0b6\"},\"headline\":\"RDC-RAM : le greffier Jules Ngoy transf\u00e9r\u00e9 \u00e0 la prison de Makala\",\"datePublished\":\"2022-01-27T06:21:21+00:00\",\"dateModified\":\"2022-01-27T06:21:24+00:00\",\"mainEntityOfPage\":{\"@id\":\"https:\\\/\\\/congovirtuel.com\\\/information\\\/rdc-ram-le-greffier-jules-ngoy-transfere-a-la-prison-de-makala\\\/\"},\"wordCount\":185,\"commentCount\":0,\"publisher\":{\"@id\":\"https:\\\/\\\/congovirtuel.com\\\/information\\\/#organization\"},\"image\":{\"@id\":\"https:\\\/\\\/congovirtuel.com\\\/information\\\/rdc-ram-le-greffier-jules-ngoy-transfere-a-la-prison-de-makala\\\/#primaryimage\"},\"thumbnailUrl\":\"https:\\\/\\\/congovirtuel.com\\\/information\\\/wp-content\\\/uploads\\\/2022\\\/01\\\/Taxe-RAM-1160x560-1.jpg\",\"keywords\":[\"Dossier RAM RDC\"],\"articleSection\":[\"Justice\"],\"inLanguage\":\"fr-FR\",\"potentialAction\":[{\"@type\":\"CommentAction\",\"name\":\"Comment\",\"target\":[\"https:\\\/\\\/congovirtuel.com\\\/information\\\/rdc-ram-le-greffier-jules-ngoy-transfere-a-la-prison-de-makala\\\/#respond\"]}]},{\"@type\":\"WebPage\",\"@id\":\"https:\\\/\\\/congovirtuel.com\\\/information\\\/rdc-ram-le-greffier-jules-ngoy-transfere-a-la-prison-de-makala\\\/\",\"url\":\"https:\\\/\\\/congovirtuel.com\\\/information\\\/rdc-ram-le-greffier-jules-ngoy-transfere-a-la-prison-de-makala\\\/\",\"name\":\"RDC-RAM : le greffier Jules Ngoy transf\u00e9r\u00e9 \u00e0 la prison de Makala - Actualit\u00e9s congolaises et internationales\",\"isPartOf\":{\"@id\":\"https:\\\/\\\/congovirtuel.com\\\/information\\\/#website\"},\"primaryImageOfPage\":{\"@id\":\"https:\\\/\\\/congovirtuel.com\\\/information\\\/rdc-ram-le-greffier-jules-ngoy-transfere-a-la-prison-de-makala\\\/#primaryimage\"},\"image\":{\"@id\":\"https:\\\/\\\/congovirtuel.com\\\/information\\\/rdc-ram-le-greffier-jules-ngoy-transfere-a-la-prison-de-makala\\\/#primaryimage\"},\"thumbnailUrl\":\"https:\\\/\\\/congovirtuel.com\\\/information\\\/wp-content\\\/uploads\\\/2022\\\/01\\\/Taxe-RAM-1160x560-1.jpg\",\"datePublished\":\"2022-01-27T06:21:21+00:00\",\"dateModified\":\"2022-01-27T06:21:24+00:00\",\"breadcrumb\":{\"@id\":\"https:\\\/\\\/congovirtuel.com\\\/information\\\/rdc-ram-le-greffier-jules-ngoy-transfere-a-la-prison-de-makala\\\/#breadcrumb\"},\"inLanguage\":\"fr-FR\",\"potentialAction\":[{\"@type\":\"ReadAction\",\"target\":[\"https:\\\/\\\/congovirtuel.com\\\/information\\\/rdc-ram-le-greffier-jules-ngoy-transfere-a-la-prison-de-makala\\\/\"]}]},{\"@type\":\"ImageObject\",\"inLanguage\":\"fr-FR\",\"@id\":\"https:\\\/\\\/congovirtuel.com\\\/information\\\/rdc-ram-le-greffier-jules-ngoy-transfere-a-la-prison-de-makala\\\/#primaryimage\",\"url\":\"https:\\\/\\\/congovirtuel.com\\\/information\\\/wp-content\\\/uploads\\\/2022\\\/01\\\/Taxe-RAM-1160x560-1.jpg\",\"contentUrl\":\"https:\\\/\\\/congovirtuel.com\\\/information\\\/wp-content\\\/uploads\\\/2022\\\/01\\\/Taxe-RAM-1160x560-1.jpg\",\"width\":1160,\"height\":560},{\"@type\":\"BreadcrumbList\",\"@id\":\"https:\\\/\\\/congovirtuel.com\\\/information\\\/rdc-ram-le-greffier-jules-ngoy-transfere-a-la-prison-de-makala\\\/#breadcrumb\",\"itemListElement\":[{\"@type\":\"ListItem\",\"position\":1,\"name\":\"Accueil\",\"item\":\"https:\\\/\\\/congovirtuel.com\\\/information\\\/\"},{\"@type\":\"ListItem\",\"position\":2,\"name\":\"RDC-RAM : le greffier Jules Ngoy transf\u00e9r\u00e9 \u00e0 la prison de Makala\"}]},{\"@type\":\"WebSite\",\"@id\":\"https:\\\/\\\/congovirtuel.com\\\/information\\\/#website\",\"url\":\"https:\\\/\\\/congovirtuel.com\\\/information\\\/\",\"name\":\"Actualit\u00e9s congolaises et internationales\",\"description\":\"site d&#039;analyse et de traitement d&#039;information\",\"publisher\":{\"@id\":\"https:\\\/\\\/congovirtuel.com\\\/information\\\/#organization\"},\"potentialAction\":[{\"@type\":\"SearchAction\",\"target\":{\"@type\":\"EntryPoint\",\"urlTemplate\":\"https:\\\/\\\/congovirtuel.com\\\/information\\\/?s={search_term_string}\"},\"query-input\":{\"@type\":\"PropertyValueSpecification\",\"valueRequired\":true,\"valueName\":\"search_term_string\"}}],\"inLanguage\":\"fr-FR\"},{\"@type\":\"Organization\",\"@id\":\"https:\\\/\\\/congovirtuel.com\\\/information\\\/#organization\",\"name\":\"Biblioth\u00e8que Virtuelle de la RDC\",\"url\":\"https:\\\/\\\/congovirtuel.com\\\/information\\\/\",\"logo\":{\"@type\":\"ImageObject\",\"inLanguage\":\"fr-FR\",\"@id\":\"https:\\\/\\\/congovirtuel.com\\\/information\\\/#\\\/schema\\\/logo\\\/image\\\/\",\"url\":\"https:\\\/\\\/congovirtuel.com\\\/information\\\/wp-content\\\/uploads\\\/2018\\\/10\\\/header-info-congovirtuel-vraie.jpg\",\"contentUrl\":\"https:\\\/\\\/congovirtuel.com\\\/information\\\/wp-content\\\/uploads\\\/2018\\\/10\\\/header-info-congovirtuel-vraie.jpg\",\"width\":728,\"height\":90,\"caption\":\"Biblioth\u00e8que Virtuelle de la RDC\"},\"image\":{\"@id\":\"https:\\\/\\\/congovirtuel.com\\\/information\\\/#\\\/schema\\\/logo\\\/image\\\/\"},\"sameAs\":[\"https:\\\/\\\/web.facebook.com\\\/Congovirtuel-763617960319601\\\/?ref=aymt_homepage_panel&amp;amp;amp;amp;amp;amp;amp;amp;amp;amp;amp;eid=ARCoxULa66767kIgF_KYav6VdjXTI4yk_LW4yoVO9s6NXpysgb7Cb65vpxcxgqzOAKvIbLQxaAETcqHT\",\"https:\\\/\\\/x.com\\\/congovirtuel\",\"https:\\\/\\\/www.youtube.com\\\/channel\\\/UCkFfprYzGgS3EWNpeMXpToQ?view_as=subscriber\"]},{\"@type\":\"Person\",\"@id\":\"https:\\\/\\\/congovirtuel.com\\\/information\\\/#\\\/schema\\\/person\\\/739a44bf7990966cb53d58d2fdeca0b6\",\"name\":\"infocongovirtuel\",\"image\":{\"@type\":\"ImageObject\",\"inLanguage\":\"fr-FR\",\"@id\":\"https:\\\/\\\/secure.gravatar.com\\\/avatar\\\/4d76991aa72469f0eb22e772586c99113c6997f88da636a9db8f2ce3a2c05e69?s=96&d=mm&r=g\",\"url\":\"https:\\\/\\\/secure.gravatar.com\\\/avatar\\\/4d76991aa72469f0eb22e772586c99113c6997f88da636a9db8f2ce3a2c05e69?s=96&d=mm&r=g\",\"contentUrl\":\"https:\\\/\\\/secure.gravatar.com\\\/avatar\\\/4d76991aa72469f0eb22e772586c99113c6997f88da636a9db8f2ce3a2c05e69?s=96&d=mm&r=g\",\"caption\":\"infocongovirtuel\"},\"url\":\"https:\\\/\\\/congovirtuel.com\\\/information\\\/author\\\/infocongovirtuel\\\/\"}]}<\/script>\n<!-- \/ Yoast SEO plugin. -->","yoast_head_json":{"title":"RDC-RAM : le greffier Jules Ngoy transf\u00e9r\u00e9 \u00e0 la prison de Makala - Actualit\u00e9s congolaises et internationales","robots":{"index":"index","follow":"follow","max-snippet":"max-snippet:-1","max-image-preview":"max-image-preview:large","max-video-preview":"max-video-preview:-1"},"canonical":"https:\/\/congovirtuel.com\/information\/rdc-ram-le-greffier-jules-ngoy-transfere-a-la-prison-de-makala\/","og_locale":"fr_FR","og_type":"article","og_title":"RDC-RAM : le greffier Jules Ngoy transf\u00e9r\u00e9 \u00e0 la prison de Makala - Actualit\u00e9s congolaises et internationales","og_description":"Le greffier du Tribunal de commerce de la Gombe Jules Ngoy a \u00e9t\u00e9 transf\u00e9r\u00e9 ce soir \u00e0 la prison centrale de Makala, a annonc\u00e9 Me Herv\u00e9 Diakiese dans un tweet. Le greffier Jules Ngoy, appr\u00e9hend\u00e9 le m\u00eame jour \u00e0 Kinshasa, est coupable d\u2019avoir notifi\u00e9 une sommation aux soci\u00e9t\u00e9s de t\u00e9l\u00e9phonie cellulaire, leur enjoignant de mettre un terme au pr\u00e9l\u00e8vement de la taxe RAM, qualifi\u00e9e d\u2019escroquerie par la chambre basse du Parlement.La sommation avait \u00e9t\u00e9 initi\u00e9e par les avocats d\u2019un groupe des usagers, conduits par leur avocat Me Herv\u00e9 Diakiese. La&hellip;","og_url":"https:\/\/congovirtuel.com\/information\/rdc-ram-le-greffier-jules-ngoy-transfere-a-la-prison-de-makala\/","og_site_name":"Actualit\u00e9s congolaises et internationales","article_publisher":"https:\/\/web.facebook.com\/Congovirtuel-763617960319601\/?ref=aymt_homepage_panel&amp%3bamp%3bamp%3bamp%3bamp%3bamp%3bamp%3bamp%3bamp%3bamp%3bamp%3beid=ARCoxULa66767kIgF_KYav6VdjXTI4yk_LW4yoVO9s6NXpysgb7Cb65vpxcxgqzOAKvIbLQxaAETcqHT","article_published_time":"2022-01-27T06:21:21+00:00","article_modified_time":"2022-01-27T06:21:24+00:00","og_image":[{"width":1160,"height":560,"url":"https:\/\/congovirtuel.com\/information\/wp-content\/uploads\/2022\/01\/Taxe-RAM-1160x560-1.jpg","type":"image\/jpeg"}],"author":"infocongovirtuel","twitter_card":"summary_large_image","twitter_creator":"@congovirtuel","twitter_site":"@congovirtuel","twitter_misc":{"\u00c9crit par":"infocongovirtuel","Dur\u00e9e de lecture estim\u00e9e":"1 minute"},"schema":{"@context":"https:\/\/schema.org","@graph":[{"@type":"Article","@id":"https:\/\/congovirtuel.com\/information\/rdc-ram-le-greffier-jules-ngoy-transfere-a-la-prison-de-makala\/#article","isPartOf":{"@id":"https:\/\/congovirtuel.com\/information\/rdc-ram-le-greffier-jules-ngoy-transfere-a-la-prison-de-makala\/"},"author":{"name":"infocongovirtuel","@id":"https:\/\/congovirtuel.com\/information\/#\/schema\/person\/739a44bf7990966cb53d58d2fdeca0b6"},"headline":"RDC-RAM : le greffier Jules Ngoy transf\u00e9r\u00e9 \u00e0 la prison de Makala","datePublished":"2022-01-27T06:21:21+00:00","dateModified":"2022-01-27T06:21:24+00:00","mainEntityOfPage":{"@id":"https:\/\/congovirtuel.com\/information\/rdc-ram-le-greffier-jules-ngoy-transfere-a-la-prison-de-makala\/"},"wordCount":185,"commentCount":0,"publisher":{"@id":"https:\/\/congovirtuel.com\/information\/#organization"},"image":{"@id":"https:\/\/congovirtuel.com\/information\/rdc-ram-le-greffier-jules-ngoy-transfere-a-la-prison-de-makala\/#primaryimage"},"thumbnailUrl":"https:\/\/congovirtuel.com\/information\/wp-content\/uploads\/2022\/01\/Taxe-RAM-1160x560-1.jpg","keywords":["Dossier RAM RDC"],"articleSection":["Justice"],"inLanguage":"fr-FR","potentialAction":[{"@type":"CommentAction","name":"Comment","target":["https:\/\/congovirtuel.com\/information\/rdc-ram-le-greffier-jules-ngoy-transfere-a-la-prison-de-makala\/#respond"]}]},{"@type":"WebPage","@id":"https:\/\/congovirtuel.com\/information\/rdc-ram-le-greffier-jules-ngoy-transfere-a-la-prison-de-makala\/","url":"https:\/\/congovirtuel.com\/information\/rdc-ram-le-greffier-jules-ngoy-transfere-a-la-prison-de-makala\/","name":"RDC-RAM : le greffier Jules Ngoy transf\u00e9r\u00e9 \u00e0 la prison de Makala - Actualit\u00e9s congolaises et internationales","isPartOf":{"@id":"https:\/\/congovirtuel.com\/information\/#website"},"primaryImageOfPage":{"@id":"https:\/\/congovirtuel.com\/information\/rdc-ram-le-greffier-jules-ngoy-transfere-a-la-prison-de-makala\/#primaryimage"},"image":{"@id":"https:\/\/congovirtuel.com\/information\/rdc-ram-le-greffier-jules-ngoy-transfere-a-la-prison-de-makala\/#primaryimage"},"thumbnailUrl":"https:\/\/congovirtuel.com\/information\/wp-content\/uploads\/2022\/01\/Taxe-RAM-1160x560-1.jpg","datePublished":"2022-01-27T06:21:21+00:00","dateModified":"2022-01-27T06:21:24+00:00","breadcrumb":{"@id":"https:\/\/congovirtuel.com\/information\/rdc-ram-le-greffier-jules-ngoy-transfere-a-la-prison-de-makala\/#breadcrumb"},"inLanguage":"fr-FR","potentialAction":[{"@type":"ReadAction","target":["https:\/\/congovirtuel.com\/information\/rdc-ram-le-greffier-jules-ngoy-transfere-a-la-prison-de-makala\/"]}]},{"@type":"ImageObject","inLanguage":"fr-FR","@id":"https:\/\/congovirtuel.com\/information\/rdc-ram-le-greffier-jules-ngoy-transfere-a-la-prison-de-makala\/#primaryimage","url":"https:\/\/congovirtuel.com\/information\/wp-content\/uploads\/2022\/01\/Taxe-RAM-1160x560-1.jpg","contentUrl":"https:\/\/congovirtuel.com\/information\/wp-content\/uploads\/2022\/01\/Taxe-RAM-1160x560-1.jpg","width":1160,"height":560},{"@type":"BreadcrumbList","@id":"https:\/\/congovirtuel.com\/information\/rdc-ram-le-greffier-jules-ngoy-transfere-a-la-prison-de-makala\/#breadcrumb","itemListElement":[{"@type":"ListItem","position":1,"name":"Accueil","item":"https:\/\/congovirtuel.com\/information\/"},{"@type":"ListItem","position":2,"name":"RDC-RAM : le greffier Jules Ngoy transf\u00e9r\u00e9 \u00e0 la prison de Makala"}]},{"@type":"WebSite","@id":"https:\/\/congovirtuel.com\/information\/#website","url":"https:\/\/congovirtuel.com\/information\/","name":"Actualit\u00e9s congolaises et internationales","description":"site d&#039;analyse et de traitement d&#039;information","publisher":{"@id":"https:\/\/congovirtuel.com\/information\/#organization"},"potentialAction":[{"@type":"SearchAction","target":{"@type":"EntryPoint","urlTemplate":"https:\/\/congovirtuel.com\/information\/?s={search_term_string}"},"query-input":{"@type":"PropertyValueSpecification","valueRequired":true,"valueName":"search_term_string"}}],"inLanguage":"fr-FR"},{"@type":"Organization","@id":"https:\/\/congovirtuel.com\/information\/#organization","name":"Biblioth\u00e8que Virtuelle de la RDC","url":"https:\/\/congovirtuel.com\/information\/","logo":{"@type":"ImageObject","inLanguage":"fr-FR","@id":"https:\/\/congovirtuel.com\/information\/#\/schema\/logo\/image\/","url":"https:\/\/congovirtuel.com\/information\/wp-content\/uploads\/2018\/10\/header-info-congovirtuel-vraie.jpg","contentUrl":"https:\/\/congovirtuel.com\/information\/wp-content\/uploads\/2018\/10\/header-info-congovirtuel-vraie.jpg","width":728,"height":90,"caption":"Biblioth\u00e8que Virtuelle de la RDC"},"image":{"@id":"https:\/\/congovirtuel.com\/information\/#\/schema\/logo\/image\/"},"sameAs":["https:\/\/web.facebook.com\/Congovirtuel-763617960319601\/?ref=aymt_homepage_panel&amp;amp;amp;amp;amp;amp;amp;amp;amp;amp;amp;eid=ARCoxULa66767kIgF_KYav6VdjXTI4yk_LW4yoVO9s6NXpysgb7Cb65vpxcxgqzOAKvIbLQxaAETcqHT","https:\/\/x.com\/congovirtuel","https:\/\/www.youtube.com\/channel\/UCkFfprYzGgS3EWNpeMXpToQ?view_as=subscriber"]},{"@type":"Person","@id":"https:\/\/congovirtuel.com\/information\/#\/schema\/person\/739a44bf7990966cb53d58d2fdeca0b6","name":"infocongovirtuel","image":{"@type":"ImageObject","inLanguage":"fr-FR","@id":"https:\/\/secure.gravatar.com\/avatar\/4d76991aa72469f0eb22e772586c99113c6997f88da636a9db8f2ce3a2c05e69?s=96&d=mm&r=g","url":"https:\/\/secure.gravatar.com\/avatar\/4d76991aa72469f0eb22e772586c99113c6997f88da636a9db8f2ce3a2c05e69?s=96&d=mm&r=g","contentUrl":"https:\/\/secure.gravatar.com\/avatar\/4d76991aa72469f0eb22e772586c99113c6997f88da636a9db8f2ce3a2c05e69?s=96&d=mm&r=g","caption":"infocongovirtuel"},"url":"https:\/\/congovirtuel.com\/information\/author\/infocongovirtuel\/"}]}},"gt_translate_keys":[{"key":"link","format":"url"}],"_links":{"self":[{"href":"https:\/\/congovirtuel.com\/information\/wp-json\/wp\/v2\/posts\/17630","targetHints":{"allow":["GET"]}}],"collection":[{"href":"https:\/\/congovirtuel.com\/information\/wp-json\/wp\/v2\/posts"}],"about":[{"href":"https:\/\/congovirtuel.com\/information\/wp-json\/wp\/v2\/types\/post"}],"author":[{"embeddable":true,"href":"https:\/\/congovirtuel.com\/information\/wp-json\/wp\/v2\/users\/1"}],"replies":[{"embeddable":true,"href":"https:\/\/congovirtuel.com\/information\/wp-json\/wp\/v2\/comments?post=17630"}],"version-history":[{"count":1,"href":"https:\/\/congovirtuel.com\/information\/wp-json\/wp\/v2\/posts\/17630\/revisions"}],"predecessor-version":[{"id":17633,"href":"https:\/\/congovirtuel.com\/information\/wp-json\/wp\/v2\/posts\/17630\/revisions\/17633"}],"wp:featuredmedia":[{"embeddable":true,"href":"https:\/\/congovirtuel.com\/information\/wp-json\/wp\/v2\/media\/17632"}],"wp:attachment":[{"href":"https:\/\/congovirtuel.com\/information\/wp-json\/wp\/v2\/media?parent=17630"}],"wp:term":[{"taxonomy":"category","embeddable":true,"href":"https:\/\/congovirtuel.com\/information\/wp-json\/wp\/v2\/categories?post=17630"},{"taxonomy":"post_tag","embeddable":true,"href":"https:\/\/congovirtuel.com\/information\/wp-json\/wp\/v2\/tags?post=17630"}],"curies":[{"name":"wp","href":"https:\/\/api.w.org\/{rel}","templated":true}]}}