{"id":17903,"date":"2022-02-08T16:18:27","date_gmt":"2022-02-08T15:18:27","guid":{"rendered":"https:\/\/congovirtuel.com\/information\/?p=17903"},"modified":"2022-02-08T16:18:42","modified_gmt":"2022-02-08T15:18:42","slug":"contagion-la-fievre-des-coups-detat-a-t-elle-gagne-la-rdc","status":"publish","type":"post","link":"https:\/\/congovirtuel.com\/information\/contagion-la-fievre-des-coups-detat-a-t-elle-gagne-la-rdc\/","title":{"rendered":"Contagion, la fi\u00e8vre des coups d\u2019\u00c9tat a-t-elle gagn\u00e9 la RDC ?","gt_translate_keys":[{"key":"rendered","format":"text"}]},"content":{"rendered":"\n<p class=\"wp-block-paragraph\">La&nbsp;R\u00e9publique D\u00e9mocratique du Congo (RDC) a-t-elle \u00e9chapp\u00e9 \u00e0 un coup d\u2019\u00c9tat s\u2019interroge la Revue de presse de&nbsp;<em>RFI.<\/em>&nbsp;L\u2019arrestation d\u2019un conseiller du Pr\u00e9sident&nbsp;Tshisekedi intervient dans le cadre d\u2019une vaste reprise en main de l\u2019appareil s\u00e9curitaire par le Pr\u00e9sident&nbsp;congolais.&nbsp;<\/p>\n\n\n\n<p class=\"wp-block-paragraph\">Fran\u00e7ois Beya, conseiller s\u00e9curit\u00e9 du pr\u00e9sident Tshisekedi, a pass\u00e9 sa troisi\u00e8me nuit dans les locaux de l\u2019ANR, l\u2019Agence nationale de renseignements. \u201c<em>Arr\u00eat\u00e9 samedi dernier&nbsp;<\/em>[5 f\u00e9vrier],&nbsp;pointe le site d\u2019information congolais&nbsp;<strong>Cas-Info<\/strong><strong>,<\/strong>&nbsp;<em>ce dernier est soup\u00e7onn\u00e9 d\u2019avoir organis\u00e9 des r\u00e9unions visant \u00e0 d\u00e9stabiliser le pouvoir de F\u00e9lix Tshisekedi. Avant-hier, dimanche&nbsp;<\/em>[6 f\u00e9vrier],<em>&nbsp;des militants de l\u2019UDPS, le parti au pouvoir, ont manifest\u00e9 sur le boulevard Lumumba, \u00e0 Kinshasa, pour dire non \u00e0 toute tentative de coup d\u2019\u00c9tat. Aucune communication officielle n\u2019a \u00e9t\u00e9 faite sur ce dossier<\/em>\u201d, rel\u00e8ve encore le&nbsp;site.<\/p>\n\n\n\n<h3 class=\"wp-block-heading\" id=\"silence-radio-du-cote-des-autorites\">Silence radio du c\u00f4t\u00e9 des&nbsp;autorit\u00e9s<\/h3>\n\n\n\n<p class=\"wp-block-paragraph\">Alors, \u201c<em>Comment en est-on arriv\u00e9 l\u00e0&nbsp;?<\/em>,&nbsp;<a href=\"https:\/\/enjeuxafricains.com\/rdc-francois-beya-preparait-il-un-coup-detat-contre-felix-tshisekedi\/\" target=\"_blank\" rel=\"noreferrer noopener\">s\u2019interroge le magazine&nbsp;<strong>Enjeux Africains<\/strong><\/a><strong>.&nbsp;<\/strong><em>De quoi accuse-t-on le s\u00e9curocrate en chef nomm\u00e9 \u00e0 ce poste en 2019 par le chef de l\u2019\u00c9tat congolais&nbsp;? Tout commence samedi peu apr\u00e8s midi. Les hommes du renseignement militaire d\u00e9barquent chez Fran\u00e7ois Beya. Manifestement, ils ne sont pas les bienvenus. L\u2019accueil se passe mal, les esprits se tenden<\/em>t.&nbsp;<em>Y a-t-il eu m\u00e9prise&nbsp;sur l\u2019identit\u00e9 de la personne recherch\u00e9e&nbsp;?, s\u2019interroge-t-on alors dans l\u2019entourage de l\u2019homme au cr\u00e2ne ras\u00e9 que certaines mauvaises langues ont surnomm\u00e9 Fant\u00f4mas. Ce dernier ne leur oppose aucune r\u00e9sistance. Si on vient le qu\u00e9rir chez lui dans ces conditions, c\u2019est que l\u2019ordre vient sans aucun doute d\u2019en-haut. Sinon, qui oserait p\u00e9n\u00e9trer dans l\u2019enceinte de la r\u00e9sidence du patron du Conseil national de s\u00e9curit\u00e9, le saint des saints de tous les organes de la Pr\u00e9sidence&nbsp;?&nbsp;(\u2026) Que reproche-t-on, donc, au conseiller sp\u00e9cial en mati\u00e8re de s\u00e9curit\u00e9 de F\u00e9lix Tshisekedi,&nbsp;<\/em>s\u2019interroge encore Enjeux Africains<em>&nbsp;?<\/em><\/p>\n\n\n\n<p class=\"wp-block-paragraph\"><em>\u201cSilence radio du c\u00f4t\u00e9 du cabinet pr\u00e9sidentiel et encore plus du c\u00f4t\u00e9 gouvernemental. L\u2019heure est plus grave qu\u2019on ne le dit. Il est surtout question d\u2019une tentative de coup d\u2019\u00c9tat d\u00e9jou\u00e9e, apprend-on du c\u00f4t\u00e9 de l\u2019UDPS, le parti au pouvoir.<\/em>\u201d<\/p>\n\n\n\n<h3 class=\"wp-block-heading\" id=\"dekabilisation\">\u201cD\u00e9kabilisation\u201d<\/h3>\n\n\n\n<p class=\"wp-block-paragraph\">\u201c<em>Ce que l\u2019on sait<\/em>,&nbsp;<a href=\"http:\/\/afrikarabia.com\/wordpress\/rdc-tshisekedi-fait-le-menage-chez-les-securocrates\/\" target=\"_blank\" rel=\"noreferrer noopener\">compl\u00e8te&nbsp;<strong>Afrikarabia<\/strong><\/a><strong>,<\/strong>&nbsp;site sp\u00e9cialis\u00e9 sur la&nbsp;RDC,&nbsp;<em>c\u2019est que les relations entre Fran\u00e7ois Beya, F\u00e9lix Tshisekedi et le cercle pr\u00e9sidentiel, n\u2019ont jamais \u00e9t\u00e9 au beau fixe. Arriv\u00e9 \u00e0 la pr\u00e9sidence apr\u00e8s un deal avec son pr\u00e9d\u00e9cesseur, Joseph Kabila, sans aucun relais dans l\u2019arm\u00e9e, ni dans les milieux s\u00e9curitaires, F\u00e9lix Tshisekedi s\u2019est beaucoup appuy\u00e9 sur Fran\u00e7ois Beya, fin connaisseur de la machine \u00e9tatique. Mais \u201cFant\u00f4mas\u201d a toujours \u00e9t\u00e9 per\u00e7u comme une taupe de Kabila&nbsp;<\/em>[Joseph Kabila, Pr\u00e9sident de la&nbsp;RDC&nbsp;de 2001 \u00e0 2019]<em>&nbsp;au c\u0153ur du palais de la Nation<\/em>.\u201d<\/p>\n\n\n\n<p class=\"wp-block-paragraph\">\u201c<em>Ce qui a pr\u00e9cipit\u00e9 la chute de Fran\u00e7ois Beya,&nbsp;<\/em>poursuit Afrikarabia<em>, c\u2019est avant tout la volont\u00e9 de F\u00e9lix Tshisekedi de continuer sa lente d\u00e9kabilisation de l\u2019appareil s\u00e9curitaire. Delphin Kahimbi (l\u2019ex-patron du renseignement militaire) mort, Kalev Mutond (l\u2019ex-chef de l\u2019ANR) en fuite, John Numbi (l\u2019ex-patron de la police) en cavale et Fran\u00e7ois Beya en prison, permet au pr\u00e9sident de placer des hommes plus loyaux \u00e0 ces postes et de mieux contr\u00f4ler la s\u00e9curit\u00e9 de son propre pouvoir, qui, pour le moment lui \u00e9chappait.<\/em>\u201d<\/p>\n\n\n\n<p class=\"wp-block-paragraph\">En tout cas, rel\u00e8ve encore&nbsp;<em>Afrikarabia<\/em>, \u201c<em>la possibilit\u00e9 d\u2019un coup d\u2019\u00c9tat est prise tr\u00e8s au s\u00e9rieux \u00e0 Kinshasa et dans les milieux diplomatiques. L\u2019arrestation de Fran\u00e7ois Beya, que tout le monde croyait intouchable, a suffi pour envoyer un message fort \u00e0 tous les putschistes en herbe qui pouvaient avoir l\u2019id\u00e9e de prendre le&nbsp;pouvoir.\u201d<\/em><\/p>\n\n\n\n<p class=\"wp-block-paragraph\"><strong>Fr\u00e9d\u00e9ric Couteau\/Courrier International<\/strong><\/p>\n","protected":false,"gt_translate_keys":[{"key":"rendered","format":"html"}]},"excerpt":{"rendered":"<p>La&nbsp;R\u00e9publique D\u00e9mocratique du Congo (RDC) a-t-elle \u00e9chapp\u00e9 \u00e0 un coup d\u2019\u00c9tat s\u2019interroge la Revue de presse de&nbsp;RFI.&nbsp;L\u2019arrestation d\u2019un conseiller du Pr\u00e9sident&nbsp;Tshisekedi intervient dans le cadre d\u2019une vaste reprise en main de l\u2019appareil s\u00e9curitaire par le Pr\u00e9sident&nbsp;congolais.&nbsp; Fran\u00e7ois Beya, conseiller s\u00e9curit\u00e9 du pr\u00e9sident Tshisekedi, a pass\u00e9 sa troisi\u00e8me nuit dans les locaux de l\u2019ANR, l\u2019Agence nationale de renseignements. \u201cArr\u00eat\u00e9 samedi dernier&nbsp;[5 f\u00e9vrier],&nbsp;pointe le site d\u2019information congolais&nbsp;Cas-Info,&nbsp;ce dernier est soup\u00e7onn\u00e9 d\u2019avoir organis\u00e9 des r\u00e9unions visant \u00e0 d\u00e9stabiliser le pouvoir de F\u00e9lix Tshisekedi. Avant-hier, dimanche&nbsp;[6 f\u00e9vrier],&nbsp;des militants de l\u2019UDPS, le parti au pouvoir,&hellip;<\/p>\n","protected":false,"gt_translate_keys":[{"key":"rendered","format":"html"}]},"author":1,"featured_media":14859,"comment_status":"open","ping_status":"open","sticky":false,"template":"","format":"standard","meta":{"_crdt_document":"","footnotes":""},"categories":[7],"tags":[],"class_list":["post-17903","post","type-post","status-publish","format-standard","has-post-thumbnail","hentry","category-securite"],"gutentor_comment":0,"yoast_head":"<!-- This site is optimized with the Yoast SEO plugin v27.5 - https:\/\/yoast.com\/product\/yoast-seo-wordpress\/ -->\n<title>Contagion, la fi\u00e8vre des coups d\u2019\u00c9tat a-t-elle gagn\u00e9 la RDC ? - Actualit\u00e9s congolaises et internationales<\/title>\n<meta name=\"robots\" content=\"index, follow, max-snippet:-1, max-image-preview:large, max-video-preview:-1\" \/>\n<link rel=\"canonical\" href=\"https:\/\/congovirtuel.com\/information\/contagion-la-fievre-des-coups-detat-a-t-elle-gagne-la-rdc\/\" \/>\n<meta property=\"og:locale\" content=\"fr_FR\" \/>\n<meta property=\"og:type\" content=\"article\" \/>\n<meta property=\"og:title\" content=\"Contagion, la fi\u00e8vre des coups d\u2019\u00c9tat a-t-elle gagn\u00e9 la RDC ? - Actualit\u00e9s congolaises et internationales\" \/>\n<meta property=\"og:description\" content=\"La&nbsp;R\u00e9publique D\u00e9mocratique du Congo (RDC) a-t-elle \u00e9chapp\u00e9 \u00e0 un coup d\u2019\u00c9tat s\u2019interroge la Revue de presse de&nbsp;RFI.&nbsp;L\u2019arrestation d\u2019un conseiller du Pr\u00e9sident&nbsp;Tshisekedi intervient dans le cadre d\u2019une vaste reprise en main de l\u2019appareil s\u00e9curitaire par le Pr\u00e9sident&nbsp;congolais.&nbsp; Fran\u00e7ois Beya, conseiller s\u00e9curit\u00e9 du pr\u00e9sident Tshisekedi, a pass\u00e9 sa troisi\u00e8me nuit dans les locaux de l\u2019ANR, l\u2019Agence nationale de renseignements. \u201cArr\u00eat\u00e9 samedi dernier&nbsp;[5 f\u00e9vrier],&nbsp;pointe le site d\u2019information congolais&nbsp;Cas-Info,&nbsp;ce dernier est soup\u00e7onn\u00e9 d\u2019avoir organis\u00e9 des r\u00e9unions visant \u00e0 d\u00e9stabiliser le pouvoir de F\u00e9lix Tshisekedi. Avant-hier, dimanche&nbsp;[6 f\u00e9vrier],&nbsp;des militants de l\u2019UDPS, le parti au pouvoir,&hellip;\" \/>\n<meta property=\"og:url\" content=\"https:\/\/congovirtuel.com\/information\/contagion-la-fievre-des-coups-detat-a-t-elle-gagne-la-rdc\/\" \/>\n<meta property=\"og:site_name\" content=\"Actualit\u00e9s congolaises et internationales\" \/>\n<meta property=\"article:publisher\" content=\"https:\/\/web.facebook.com\/Congovirtuel-763617960319601\/?ref=aymt_homepage_panel&amp;amp%3bamp%3bamp%3bamp%3bamp%3bamp%3bamp%3bamp%3bamp%3bamp%3bamp%3beid=ARCoxULa66767kIgF_KYav6VdjXTI4yk_LW4yoVO9s6NXpysgb7Cb65vpxcxgqzOAKvIbLQxaAETcqHT\" \/>\n<meta property=\"article:published_time\" content=\"2022-02-08T15:18:27+00:00\" \/>\n<meta property=\"article:modified_time\" content=\"2022-02-08T15:18:42+00:00\" \/>\n<meta property=\"og:image\" content=\"https:\/\/congovirtuel.com\/information\/wp-content\/uploads\/2021\/10\/Tshisekedi_arme.jpg\" \/>\n\t<meta property=\"og:image:width\" content=\"605\" \/>\n\t<meta property=\"og:image:height\" content=\"403\" \/>\n\t<meta property=\"og:image:type\" content=\"image\/jpeg\" \/>\n<meta name=\"author\" content=\"infocongovirtuel\" \/>\n<meta name=\"twitter:card\" content=\"summary_large_image\" \/>\n<meta name=\"twitter:creator\" content=\"@congovirtuel\" \/>\n<meta name=\"twitter:site\" content=\"@congovirtuel\" \/>\n<meta name=\"twitter:label1\" content=\"\u00c9crit par\" \/>\n\t<meta name=\"twitter:data1\" content=\"infocongovirtuel\" \/>\n\t<meta name=\"twitter:label2\" content=\"Dur\u00e9e de lecture estim\u00e9e\" \/>\n\t<meta name=\"twitter:data2\" content=\"3 minutes\" \/>\n<script type=\"application\/ld+json\" class=\"yoast-schema-graph\">{\"@context\":\"https:\\\/\\\/schema.org\",\"@graph\":[{\"@type\":\"Article\",\"@id\":\"https:\\\/\\\/congovirtuel.com\\\/information\\\/contagion-la-fievre-des-coups-detat-a-t-elle-gagne-la-rdc\\\/#article\",\"isPartOf\":{\"@id\":\"https:\\\/\\\/congovirtuel.com\\\/information\\\/contagion-la-fievre-des-coups-detat-a-t-elle-gagne-la-rdc\\\/\"},\"author\":{\"name\":\"infocongovirtuel\",\"@id\":\"https:\\\/\\\/congovirtuel.com\\\/information\\\/#\\\/schema\\\/person\\\/739a44bf7990966cb53d58d2fdeca0b6\"},\"headline\":\"Contagion, la fi\u00e8vre des coups d\u2019\u00c9tat a-t-elle gagn\u00e9 la RDC ?\",\"datePublished\":\"2022-02-08T15:18:27+00:00\",\"dateModified\":\"2022-02-08T15:18:42+00:00\",\"mainEntityOfPage\":{\"@id\":\"https:\\\/\\\/congovirtuel.com\\\/information\\\/contagion-la-fievre-des-coups-detat-a-t-elle-gagne-la-rdc\\\/\"},\"wordCount\":725,\"commentCount\":0,\"publisher\":{\"@id\":\"https:\\\/\\\/congovirtuel.com\\\/information\\\/#organization\"},\"image\":{\"@id\":\"https:\\\/\\\/congovirtuel.com\\\/information\\\/contagion-la-fievre-des-coups-detat-a-t-elle-gagne-la-rdc\\\/#primaryimage\"},\"thumbnailUrl\":\"https:\\\/\\\/congovirtuel.com\\\/information\\\/wp-content\\\/uploads\\\/2021\\\/10\\\/Tshisekedi_arme.jpg\",\"articleSection\":[\"Securit\u00e9\"],\"inLanguage\":\"fr-FR\",\"potentialAction\":[{\"@type\":\"CommentAction\",\"name\":\"Comment\",\"target\":[\"https:\\\/\\\/congovirtuel.com\\\/information\\\/contagion-la-fievre-des-coups-detat-a-t-elle-gagne-la-rdc\\\/#respond\"]}]},{\"@type\":\"WebPage\",\"@id\":\"https:\\\/\\\/congovirtuel.com\\\/information\\\/contagion-la-fievre-des-coups-detat-a-t-elle-gagne-la-rdc\\\/\",\"url\":\"https:\\\/\\\/congovirtuel.com\\\/information\\\/contagion-la-fievre-des-coups-detat-a-t-elle-gagne-la-rdc\\\/\",\"name\":\"Contagion, la fi\u00e8vre des coups d\u2019\u00c9tat a-t-elle gagn\u00e9 la RDC ? - Actualit\u00e9s congolaises et internationales\",\"isPartOf\":{\"@id\":\"https:\\\/\\\/congovirtuel.com\\\/information\\\/#website\"},\"primaryImageOfPage\":{\"@id\":\"https:\\\/\\\/congovirtuel.com\\\/information\\\/contagion-la-fievre-des-coups-detat-a-t-elle-gagne-la-rdc\\\/#primaryimage\"},\"image\":{\"@id\":\"https:\\\/\\\/congovirtuel.com\\\/information\\\/contagion-la-fievre-des-coups-detat-a-t-elle-gagne-la-rdc\\\/#primaryimage\"},\"thumbnailUrl\":\"https:\\\/\\\/congovirtuel.com\\\/information\\\/wp-content\\\/uploads\\\/2021\\\/10\\\/Tshisekedi_arme.jpg\",\"datePublished\":\"2022-02-08T15:18:27+00:00\",\"dateModified\":\"2022-02-08T15:18:42+00:00\",\"breadcrumb\":{\"@id\":\"https:\\\/\\\/congovirtuel.com\\\/information\\\/contagion-la-fievre-des-coups-detat-a-t-elle-gagne-la-rdc\\\/#breadcrumb\"},\"inLanguage\":\"fr-FR\",\"potentialAction\":[{\"@type\":\"ReadAction\",\"target\":[\"https:\\\/\\\/congovirtuel.com\\\/information\\\/contagion-la-fievre-des-coups-detat-a-t-elle-gagne-la-rdc\\\/\"]}]},{\"@type\":\"ImageObject\",\"inLanguage\":\"fr-FR\",\"@id\":\"https:\\\/\\\/congovirtuel.com\\\/information\\\/contagion-la-fievre-des-coups-detat-a-t-elle-gagne-la-rdc\\\/#primaryimage\",\"url\":\"https:\\\/\\\/congovirtuel.com\\\/information\\\/wp-content\\\/uploads\\\/2021\\\/10\\\/Tshisekedi_arme.jpg\",\"contentUrl\":\"https:\\\/\\\/congovirtuel.com\\\/information\\\/wp-content\\\/uploads\\\/2021\\\/10\\\/Tshisekedi_arme.jpg\",\"width\":605,\"height\":403},{\"@type\":\"BreadcrumbList\",\"@id\":\"https:\\\/\\\/congovirtuel.com\\\/information\\\/contagion-la-fievre-des-coups-detat-a-t-elle-gagne-la-rdc\\\/#breadcrumb\",\"itemListElement\":[{\"@type\":\"ListItem\",\"position\":1,\"name\":\"Accueil\",\"item\":\"https:\\\/\\\/congovirtuel.com\\\/information\\\/\"},{\"@type\":\"ListItem\",\"position\":2,\"name\":\"Contagion, la fi\u00e8vre des coups d\u2019\u00c9tat a-t-elle gagn\u00e9 la RDC ?\"}]},{\"@type\":\"WebSite\",\"@id\":\"https:\\\/\\\/congovirtuel.com\\\/information\\\/#website\",\"url\":\"https:\\\/\\\/congovirtuel.com\\\/information\\\/\",\"name\":\"Actualit\u00e9s congolaises et internationales\",\"description\":\"site d&#039;analyse et de traitement d&#039;information\",\"publisher\":{\"@id\":\"https:\\\/\\\/congovirtuel.com\\\/information\\\/#organization\"},\"potentialAction\":[{\"@type\":\"SearchAction\",\"target\":{\"@type\":\"EntryPoint\",\"urlTemplate\":\"https:\\\/\\\/congovirtuel.com\\\/information\\\/?s={search_term_string}\"},\"query-input\":{\"@type\":\"PropertyValueSpecification\",\"valueRequired\":true,\"valueName\":\"search_term_string\"}}],\"inLanguage\":\"fr-FR\"},{\"@type\":\"Organization\",\"@id\":\"https:\\\/\\\/congovirtuel.com\\\/information\\\/#organization\",\"name\":\"Biblioth\u00e8que Virtuelle de la RDC\",\"url\":\"https:\\\/\\\/congovirtuel.com\\\/information\\\/\",\"logo\":{\"@type\":\"ImageObject\",\"inLanguage\":\"fr-FR\",\"@id\":\"https:\\\/\\\/congovirtuel.com\\\/information\\\/#\\\/schema\\\/logo\\\/image\\\/\",\"url\":\"https:\\\/\\\/congovirtuel.com\\\/information\\\/wp-content\\\/uploads\\\/2018\\\/10\\\/header-info-congovirtuel-vraie.jpg\",\"contentUrl\":\"https:\\\/\\\/congovirtuel.com\\\/information\\\/wp-content\\\/uploads\\\/2018\\\/10\\\/header-info-congovirtuel-vraie.jpg\",\"width\":728,\"height\":90,\"caption\":\"Biblioth\u00e8que Virtuelle de la RDC\"},\"image\":{\"@id\":\"https:\\\/\\\/congovirtuel.com\\\/information\\\/#\\\/schema\\\/logo\\\/image\\\/\"},\"sameAs\":[\"https:\\\/\\\/web.facebook.com\\\/Congovirtuel-763617960319601\\\/?ref=aymt_homepage_panel&amp;amp;amp;amp;amp;amp;amp;amp;amp;amp;amp;eid=ARCoxULa66767kIgF_KYav6VdjXTI4yk_LW4yoVO9s6NXpysgb7Cb65vpxcxgqzOAKvIbLQxaAETcqHT\",\"https:\\\/\\\/x.com\\\/congovirtuel\",\"https:\\\/\\\/www.youtube.com\\\/channel\\\/UCkFfprYzGgS3EWNpeMXpToQ?view_as=subscriber\"]},{\"@type\":\"Person\",\"@id\":\"https:\\\/\\\/congovirtuel.com\\\/information\\\/#\\\/schema\\\/person\\\/739a44bf7990966cb53d58d2fdeca0b6\",\"name\":\"infocongovirtuel\",\"image\":{\"@type\":\"ImageObject\",\"inLanguage\":\"fr-FR\",\"@id\":\"https:\\\/\\\/secure.gravatar.com\\\/avatar\\\/4d76991aa72469f0eb22e772586c99113c6997f88da636a9db8f2ce3a2c05e69?s=96&d=mm&r=g\",\"url\":\"https:\\\/\\\/secure.gravatar.com\\\/avatar\\\/4d76991aa72469f0eb22e772586c99113c6997f88da636a9db8f2ce3a2c05e69?s=96&d=mm&r=g\",\"contentUrl\":\"https:\\\/\\\/secure.gravatar.com\\\/avatar\\\/4d76991aa72469f0eb22e772586c99113c6997f88da636a9db8f2ce3a2c05e69?s=96&d=mm&r=g\",\"caption\":\"infocongovirtuel\"},\"url\":\"https:\\\/\\\/congovirtuel.com\\\/information\\\/author\\\/infocongovirtuel\\\/\"}]}<\/script>\n<!-- \/ Yoast SEO plugin. -->","yoast_head_json":{"title":"Contagion, la fi\u00e8vre des coups d\u2019\u00c9tat a-t-elle gagn\u00e9 la RDC ? - Actualit\u00e9s congolaises et internationales","robots":{"index":"index","follow":"follow","max-snippet":"max-snippet:-1","max-image-preview":"max-image-preview:large","max-video-preview":"max-video-preview:-1"},"canonical":"https:\/\/congovirtuel.com\/information\/contagion-la-fievre-des-coups-detat-a-t-elle-gagne-la-rdc\/","og_locale":"fr_FR","og_type":"article","og_title":"Contagion, la fi\u00e8vre des coups d\u2019\u00c9tat a-t-elle gagn\u00e9 la RDC ? - Actualit\u00e9s congolaises et internationales","og_description":"La&nbsp;R\u00e9publique D\u00e9mocratique du Congo (RDC) a-t-elle \u00e9chapp\u00e9 \u00e0 un coup d\u2019\u00c9tat s\u2019interroge la Revue de presse de&nbsp;RFI.&nbsp;L\u2019arrestation d\u2019un conseiller du Pr\u00e9sident&nbsp;Tshisekedi intervient dans le cadre d\u2019une vaste reprise en main de l\u2019appareil s\u00e9curitaire par le Pr\u00e9sident&nbsp;congolais.&nbsp; Fran\u00e7ois Beya, conseiller s\u00e9curit\u00e9 du pr\u00e9sident Tshisekedi, a pass\u00e9 sa troisi\u00e8me nuit dans les locaux de l\u2019ANR, l\u2019Agence nationale de renseignements. \u201cArr\u00eat\u00e9 samedi dernier&nbsp;[5 f\u00e9vrier],&nbsp;pointe le site d\u2019information congolais&nbsp;Cas-Info,&nbsp;ce dernier est soup\u00e7onn\u00e9 d\u2019avoir organis\u00e9 des r\u00e9unions visant \u00e0 d\u00e9stabiliser le pouvoir de F\u00e9lix Tshisekedi. Avant-hier, dimanche&nbsp;[6 f\u00e9vrier],&nbsp;des militants de l\u2019UDPS, le parti au pouvoir,&hellip;","og_url":"https:\/\/congovirtuel.com\/information\/contagion-la-fievre-des-coups-detat-a-t-elle-gagne-la-rdc\/","og_site_name":"Actualit\u00e9s congolaises et internationales","article_publisher":"https:\/\/web.facebook.com\/Congovirtuel-763617960319601\/?ref=aymt_homepage_panel&amp%3bamp%3bamp%3bamp%3bamp%3bamp%3bamp%3bamp%3bamp%3bamp%3bamp%3beid=ARCoxULa66767kIgF_KYav6VdjXTI4yk_LW4yoVO9s6NXpysgb7Cb65vpxcxgqzOAKvIbLQxaAETcqHT","article_published_time":"2022-02-08T15:18:27+00:00","article_modified_time":"2022-02-08T15:18:42+00:00","og_image":[{"width":605,"height":403,"url":"https:\/\/congovirtuel.com\/information\/wp-content\/uploads\/2021\/10\/Tshisekedi_arme.jpg","type":"image\/jpeg"}],"author":"infocongovirtuel","twitter_card":"summary_large_image","twitter_creator":"@congovirtuel","twitter_site":"@congovirtuel","twitter_misc":{"\u00c9crit par":"infocongovirtuel","Dur\u00e9e de lecture estim\u00e9e":"3 minutes"},"schema":{"@context":"https:\/\/schema.org","@graph":[{"@type":"Article","@id":"https:\/\/congovirtuel.com\/information\/contagion-la-fievre-des-coups-detat-a-t-elle-gagne-la-rdc\/#article","isPartOf":{"@id":"https:\/\/congovirtuel.com\/information\/contagion-la-fievre-des-coups-detat-a-t-elle-gagne-la-rdc\/"},"author":{"name":"infocongovirtuel","@id":"https:\/\/congovirtuel.com\/information\/#\/schema\/person\/739a44bf7990966cb53d58d2fdeca0b6"},"headline":"Contagion, la fi\u00e8vre des coups d\u2019\u00c9tat a-t-elle gagn\u00e9 la RDC ?","datePublished":"2022-02-08T15:18:27+00:00","dateModified":"2022-02-08T15:18:42+00:00","mainEntityOfPage":{"@id":"https:\/\/congovirtuel.com\/information\/contagion-la-fievre-des-coups-detat-a-t-elle-gagne-la-rdc\/"},"wordCount":725,"commentCount":0,"publisher":{"@id":"https:\/\/congovirtuel.com\/information\/#organization"},"image":{"@id":"https:\/\/congovirtuel.com\/information\/contagion-la-fievre-des-coups-detat-a-t-elle-gagne-la-rdc\/#primaryimage"},"thumbnailUrl":"https:\/\/congovirtuel.com\/information\/wp-content\/uploads\/2021\/10\/Tshisekedi_arme.jpg","articleSection":["Securit\u00e9"],"inLanguage":"fr-FR","potentialAction":[{"@type":"CommentAction","name":"Comment","target":["https:\/\/congovirtuel.com\/information\/contagion-la-fievre-des-coups-detat-a-t-elle-gagne-la-rdc\/#respond"]}]},{"@type":"WebPage","@id":"https:\/\/congovirtuel.com\/information\/contagion-la-fievre-des-coups-detat-a-t-elle-gagne-la-rdc\/","url":"https:\/\/congovirtuel.com\/information\/contagion-la-fievre-des-coups-detat-a-t-elle-gagne-la-rdc\/","name":"Contagion, la fi\u00e8vre des coups d\u2019\u00c9tat a-t-elle gagn\u00e9 la RDC ? - Actualit\u00e9s congolaises et internationales","isPartOf":{"@id":"https:\/\/congovirtuel.com\/information\/#website"},"primaryImageOfPage":{"@id":"https:\/\/congovirtuel.com\/information\/contagion-la-fievre-des-coups-detat-a-t-elle-gagne-la-rdc\/#primaryimage"},"image":{"@id":"https:\/\/congovirtuel.com\/information\/contagion-la-fievre-des-coups-detat-a-t-elle-gagne-la-rdc\/#primaryimage"},"thumbnailUrl":"https:\/\/congovirtuel.com\/information\/wp-content\/uploads\/2021\/10\/Tshisekedi_arme.jpg","datePublished":"2022-02-08T15:18:27+00:00","dateModified":"2022-02-08T15:18:42+00:00","breadcrumb":{"@id":"https:\/\/congovirtuel.com\/information\/contagion-la-fievre-des-coups-detat-a-t-elle-gagne-la-rdc\/#breadcrumb"},"inLanguage":"fr-FR","potentialAction":[{"@type":"ReadAction","target":["https:\/\/congovirtuel.com\/information\/contagion-la-fievre-des-coups-detat-a-t-elle-gagne-la-rdc\/"]}]},{"@type":"ImageObject","inLanguage":"fr-FR","@id":"https:\/\/congovirtuel.com\/information\/contagion-la-fievre-des-coups-detat-a-t-elle-gagne-la-rdc\/#primaryimage","url":"https:\/\/congovirtuel.com\/information\/wp-content\/uploads\/2021\/10\/Tshisekedi_arme.jpg","contentUrl":"https:\/\/congovirtuel.com\/information\/wp-content\/uploads\/2021\/10\/Tshisekedi_arme.jpg","width":605,"height":403},{"@type":"BreadcrumbList","@id":"https:\/\/congovirtuel.com\/information\/contagion-la-fievre-des-coups-detat-a-t-elle-gagne-la-rdc\/#breadcrumb","itemListElement":[{"@type":"ListItem","position":1,"name":"Accueil","item":"https:\/\/congovirtuel.com\/information\/"},{"@type":"ListItem","position":2,"name":"Contagion, la fi\u00e8vre des coups d\u2019\u00c9tat a-t-elle gagn\u00e9 la RDC ?"}]},{"@type":"WebSite","@id":"https:\/\/congovirtuel.com\/information\/#website","url":"https:\/\/congovirtuel.com\/information\/","name":"Actualit\u00e9s congolaises et internationales","description":"site d&#039;analyse et de traitement d&#039;information","publisher":{"@id":"https:\/\/congovirtuel.com\/information\/#organization"},"potentialAction":[{"@type":"SearchAction","target":{"@type":"EntryPoint","urlTemplate":"https:\/\/congovirtuel.com\/information\/?s={search_term_string}"},"query-input":{"@type":"PropertyValueSpecification","valueRequired":true,"valueName":"search_term_string"}}],"inLanguage":"fr-FR"},{"@type":"Organization","@id":"https:\/\/congovirtuel.com\/information\/#organization","name":"Biblioth\u00e8que Virtuelle de la RDC","url":"https:\/\/congovirtuel.com\/information\/","logo":{"@type":"ImageObject","inLanguage":"fr-FR","@id":"https:\/\/congovirtuel.com\/information\/#\/schema\/logo\/image\/","url":"https:\/\/congovirtuel.com\/information\/wp-content\/uploads\/2018\/10\/header-info-congovirtuel-vraie.jpg","contentUrl":"https:\/\/congovirtuel.com\/information\/wp-content\/uploads\/2018\/10\/header-info-congovirtuel-vraie.jpg","width":728,"height":90,"caption":"Biblioth\u00e8que Virtuelle de la RDC"},"image":{"@id":"https:\/\/congovirtuel.com\/information\/#\/schema\/logo\/image\/"},"sameAs":["https:\/\/web.facebook.com\/Congovirtuel-763617960319601\/?ref=aymt_homepage_panel&amp;amp;amp;amp;amp;amp;amp;amp;amp;amp;amp;eid=ARCoxULa66767kIgF_KYav6VdjXTI4yk_LW4yoVO9s6NXpysgb7Cb65vpxcxgqzOAKvIbLQxaAETcqHT","https:\/\/x.com\/congovirtuel","https:\/\/www.youtube.com\/channel\/UCkFfprYzGgS3EWNpeMXpToQ?view_as=subscriber"]},{"@type":"Person","@id":"https:\/\/congovirtuel.com\/information\/#\/schema\/person\/739a44bf7990966cb53d58d2fdeca0b6","name":"infocongovirtuel","image":{"@type":"ImageObject","inLanguage":"fr-FR","@id":"https:\/\/secure.gravatar.com\/avatar\/4d76991aa72469f0eb22e772586c99113c6997f88da636a9db8f2ce3a2c05e69?s=96&d=mm&r=g","url":"https:\/\/secure.gravatar.com\/avatar\/4d76991aa72469f0eb22e772586c99113c6997f88da636a9db8f2ce3a2c05e69?s=96&d=mm&r=g","contentUrl":"https:\/\/secure.gravatar.com\/avatar\/4d76991aa72469f0eb22e772586c99113c6997f88da636a9db8f2ce3a2c05e69?s=96&d=mm&r=g","caption":"infocongovirtuel"},"url":"https:\/\/congovirtuel.com\/information\/author\/infocongovirtuel\/"}]}},"gt_translate_keys":[{"key":"link","format":"url"}],"_links":{"self":[{"href":"https:\/\/congovirtuel.com\/information\/wp-json\/wp\/v2\/posts\/17903","targetHints":{"allow":["GET"]}}],"collection":[{"href":"https:\/\/congovirtuel.com\/information\/wp-json\/wp\/v2\/posts"}],"about":[{"href":"https:\/\/congovirtuel.com\/information\/wp-json\/wp\/v2\/types\/post"}],"author":[{"embeddable":true,"href":"https:\/\/congovirtuel.com\/information\/wp-json\/wp\/v2\/users\/1"}],"replies":[{"embeddable":true,"href":"https:\/\/congovirtuel.com\/information\/wp-json\/wp\/v2\/comments?post=17903"}],"version-history":[{"count":1,"href":"https:\/\/congovirtuel.com\/information\/wp-json\/wp\/v2\/posts\/17903\/revisions"}],"predecessor-version":[{"id":17905,"href":"https:\/\/congovirtuel.com\/information\/wp-json\/wp\/v2\/posts\/17903\/revisions\/17905"}],"wp:featuredmedia":[{"embeddable":true,"href":"https:\/\/congovirtuel.com\/information\/wp-json\/wp\/v2\/media\/14859"}],"wp:attachment":[{"href":"https:\/\/congovirtuel.com\/information\/wp-json\/wp\/v2\/media?parent=17903"}],"wp:term":[{"taxonomy":"category","embeddable":true,"href":"https:\/\/congovirtuel.com\/information\/wp-json\/wp\/v2\/categories?post=17903"},{"taxonomy":"post_tag","embeddable":true,"href":"https:\/\/congovirtuel.com\/information\/wp-json\/wp\/v2\/tags?post=17903"}],"curies":[{"name":"wp","href":"https:\/\/api.w.org\/{rel}","templated":true}]}}