{"id":1801,"date":"2020-06-07T14:22:33","date_gmt":"2020-06-07T13:22:33","guid":{"rendered":"https:\/\/congovirtuel.com\/information\/?p=1801"},"modified":"2020-06-07T14:23:05","modified_gmt":"2020-06-07T13:23:05","slug":"covid-19-rdc-un-pont-aerien-europeen-depuis-zaventem-pour-deconfiner-le-travail-humanitaire","status":"publish","type":"post","link":"https:\/\/congovirtuel.com\/information\/covid-19-rdc-un-pont-aerien-europeen-depuis-zaventem-pour-deconfiner-le-travail-humanitaire\/","title":{"rendered":"COVID-19 RDC: un pont a\u00e9rien europ\u00e9en depuis Zaventem pour \u00ab\u00a0d\u00e9confiner le travail humanitaire\u00a0\u00bb","gt_translate_keys":[{"key":"rendered","format":"text"}]},"content":{"rendered":"\n<p class=\"wp-block-paragraph\">Trois avions d\u00e9colleront ce soir de l\u2019a\u00e9roport de Bruxelles, \u00e0 Zaventem.<\/p>\n\n\n\n<p class=\"wp-block-paragraph\">Ils partent pour la R\u00e9publique d\u00e9mocratique du Congo&nbsp;aux frais de l\u2019Union europ\u00e9enne. A leur bord, 370 passagers&nbsp;: des politiques, des diplomates&nbsp;et des humanitaires, ainsi que du mat\u00e9riel.<\/p>\n\n\n\n<p class=\"wp-block-paragraph\">Le mois dernier d\u00e9j\u00e0, trois autres avions avaient d\u00e9coll\u00e9 de Lyon, en France, \u00e9galement affr\u00e9t\u00e9s par&nbsp;l\u2019Union europ\u00e9enne, mais cette fois \u00e0 destination de la R\u00e9publique Centrafricaine.<\/p>\n\n\n\n<p class=\"wp-block-paragraph\">Une double mission qualifi\u00e9e de \u00ab\u00a0pont a\u00e9rien\u00a0\u00bb par l\u2019Union europ\u00e9enne, pour soutenir le travail humanitaire alourdi&nbsp;<a href=\"https:\/\/www.rtbf.be\/info\/monde\/detail_coronavirus-en-rdc-l-etat-d-urgence-sanitaire-a-nouveau-prolonge?id=10517039\">par le coronavirus<\/a>.<\/p>\n\n\n\n<h3 class=\"wp-block-heading\">Un commissaire dans l\u2019avion<\/h3>\n\n\n\n<p class=\"wp-block-paragraph\">Le Commissaire europ\u00e9en en charge de la gestion des&nbsp;crises&nbsp;Janez Lenar\u010di\u010d&nbsp;sera cette fois du voyage&nbsp;ainsi que les ministres des Affaires \u00e9trang\u00e8res belge et fran\u00e7ais, Philippe Goffin et Jean-Yves Le Drian. Une rencontre est pr\u00e9vue \u00e0 Kinshasa avec le pr\u00e9sident de la RDC F\u00e9lix Tshisekedi.<\/p>\n\n\n\n<p class=\"wp-block-paragraph\">A leurs c\u00f4t\u00e9s, des diplomates&nbsp;et 172 travailleurs humanitaires&nbsp;d\u2019une trentaine d\u2019ONG\u2019s diff\u00e9rentes&nbsp;: Handicap International, M\u00e9decins Sans Fronti\u00e8res, la Croix Rouge, Solidarit\u00e9s international\u2026&nbsp;Ils viennent relayer ou renforcer les \u00e9quipes humanitaires en RDC.<\/p>\n\n\n\n<p class=\"wp-block-paragraph\">Dans les soutes, il y aura 45 tonnes de protections m\u00e9dicales individuelles (300 m\u00e8tres cubes), masques et combinaisons, filtres \u00e0 eau, m\u00e9dicaments, mat\u00e9riel de soutien nutritionnel&nbsp;: une cargaison pour soutenir la lutte contre le coronavirus, mais aussi la poursuite d\u2019autres projets humanitaires essentiels, compliqu\u00e9e par le virus.<\/p>\n\n\n\n<h3 class=\"wp-block-heading\"><em>D\u00e9confiner le travail humanitaire<\/em><\/h3>\n\n\n\n<p class=\"wp-block-paragraph\">L\u2019arriv\u00e9e de ces trois avions est salu\u00e9e par la trentaine d\u2019ONG\u2019s qui ont pu trouver place \u00e0 bord.<\/p>\n\n\n\n<p class=\"wp-block-paragraph\">Elles peinent, depuis le d\u00e9but de la crise sanitaire, \u00e0 se r\u00e9approvisionner\u00a0en mat\u00e9riel\u00a0: le passage des fronti\u00e8res est devenu plus compliqu\u00e9 pour les cargaisons\u00a0et m\u00eame quasiment impossible pour les renforts humains qui viennent de l\u2019\u00e9tranger. Les \u00e9quipes d\u2019humanitaires sur le terrain n\u2019ont\u00a0pas pu \u00eatre relay\u00e9es ni renforc\u00e9es par des ext\u00e9rieurs depuis mars.\u00a0<\/p>\n\n\n\n<p class=\"wp-block-paragraph\"><em>\u00ab\u00a0Ces vols vont nous permettre de d\u00e9confiner le travail humanitaire\u00a0\u00bb<\/em>, r\u00e9sume Manuel Patrouillard, le directeur g\u00e9n\u00e9ral de Handicap International, qui sera \u00e0 bord. Il salue l\u2019intervention du commissaire europ\u00e9en, le travail diplomatique qui&nbsp;a permis d\u2019entrouvrir des fronti\u00e8res que le coronavirus avait ferm\u00e9es aux \u00e9trangers.<\/p>\n\n\n\n<p class=\"wp-block-paragraph\">Ce \u00ab\u00a0confinement\u00a0\u00bb des humanitaires a compliqu\u00e9&nbsp;la poursuite de projets souvent non li\u00e9s au coronavirus, mais pas moins essentiels.<\/p>\n\n\n\n<h2 class=\"wp-block-heading\">Rougeole, chol\u00e9ra, Ebola<\/h2>\n\n\n\n<p class=\"wp-block-paragraph\"><em>\u00ab\u00a0Le RDC fait face \u00e0 un besoin humanitaire important\u00a0\u00bb,&nbsp;<\/em>r\u00e9sume&nbsp;Manuel Patrouillard.<\/p>\n\n\n\n<p class=\"wp-block-paragraph\"><em>\u00ab\u00a0Il y a l\u2019impact&nbsp;de&nbsp;catastrophes naturelles, notamment des inondations&nbsp;qui ont d\u00e9truit certaines&nbsp;r\u00e9coltes et semences. A cela s\u2019ajoutent les catastrophes &lsquo;humaines&rsquo;, les conflits arm\u00e9s qui agitent certaines r\u00e9gions et ont d\u00e9plac\u00e9&nbsp;plus&nbsp;de 5&nbsp;millions de personnes, en plus d\u2019un demi-million de d\u00e9plac\u00e9s d\u2019autres pays, pr\u00e9sents au Congo. On estime que plus de 14&nbsp;millions de personnes sont en situation d\u2019urgence humanitaire aujourd\u2019hui en RDC.\u00a0\u00bb<\/em><\/p>\n\n\n\n<p class=\"wp-block-paragraph\">S\u2019ajoutent&nbsp;\u00e0 ces \u00ab\u00a0catastrophes\u00a0\u00bb&nbsp;le poids d\u2019\u00e9pid\u00e9mies virulentes, autres que le Covid-19. Les soins et les campagnes de pr\u00e9vention contre ces maladies ont souvent p\u00e2ti des restrictions li\u00e9es au Coronavirus.<\/p>\n\n\n\n<p class=\"wp-block-paragraph\"><em>\u00ab\u00a0La RDC est le foyer de rougeole le plus important au monde aujourd\u2019hui\u00a0\u00bb,&nbsp;<\/em>souligne Manuel Patrouillard.<em>\u00ab\u00a0Et il y a&nbsp;la pr\u00e9sence du chol\u00e9ra et une r\u00e9surgence d\u2019Ebola au nord du pays.\u00a0\u00bb<\/em><\/p>\n\n\n\n<p class=\"wp-block-paragraph\">L\u2019arriv\u00e9e de ce&nbsp;mat\u00e9riel va permettre de reprendre ou de renforcer le travail sur ces maladies. Handicap international, par exemple, charge un stock de 14.000 masques dans les soutes de ces avions.<\/p>\n\n\n\n<p class=\"wp-block-paragraph\">\u00ab\u00a0<em>Ce mat\u00e9riel est important pour nous&nbsp;: il&nbsp;permet de prot\u00e9ger les personnes b\u00e9n\u00e9ficiaires mais aussi nos collaborateurs&nbsp;dans leur travail. Quand la crise a d\u00e9marr\u00e9, nous avons donn\u00e9 des stocks aux diff\u00e9rents h\u00f4pitaux pour leur permettre d\u2019assurer l\u2019accueil des patients Covid. Maintenant nous devons retrouver des stocks pour pouvoir continuer de travailler, tant pour le&nbsp;Covid que pour Ebola, la rougeole ou le&nbsp;chol\u00e9ra\u00a0\u00bb.<\/em><\/p>\n\n\n\n<h3 class=\"wp-block-heading\"><em>Une crise humanitaire de premi\u00e8re importance se profile en RDC<\/em><\/h3>\n\n\n\n<p class=\"wp-block-paragraph\">Les statistiques officielles de la RDC aujourd\u2019hui font \u00e9tat de 85 d\u00e9c\u00e8s du Covid-19 et 4016 cas confirm\u00e9s. Des statistiques vraisemblablement sous-\u00e9valu\u00e9es&nbsp;puisque, comme nous l\u2019explique&nbsp;un humanitaire en poste \u00e0 Kinshasa, il ne s\u2019agit souvent que de cas av\u00e9r\u00e9s, test\u00e9s&nbsp;dans les h\u00f4pitaux. De tr\u00e8s nombreux malades ne se rendent pas \u00e0 l\u2019h\u00f4pital. De nombreux d\u00e9c\u00e8s pour Covid-19 hors h\u00f4pital sont vraisemblablement aussi attribu\u00e9s \u00e0 la malaria, \u00e0 l&rsquo;\u00e2ge.<\/p>\n\n\n\n<figure class=\"wp-block-image\"><a href=\"https:\/\/ds1.static.rtbf.be\/article\/image\/1240x800\/c\/f\/6\/cb06766f8595f8eaf991b09639259161-1591526134.jpg\" target=\"_blank\" rel=\"noreferrer noopener\"><img decoding=\"async\" src=\"https:\/\/ds1.static.rtbf.be\/article\/image\/180x100\/c\/f\/6\/cb06766f8595f8eaf991b09639259161-1591526134.jpg\" alt=\"Un travailleur sanitaire du minist\u00e8re de la sant\u00e9 congolais se pr\u00e9pare \u00e0 r\u00e9aliser un test du Covid-19, \u00e0 Goma. \" title=\"Un travailleur sanitaire du minist\u00e8re de la sant\u00e9 congolais se pr\u00e9pare \u00e0 r\u00e9aliser un test du Covid-19, \u00e0 Goma. \"\/><\/a><figcaption>Un travailleur sanitaire du minist\u00e8re de la sant\u00e9 congolais se pr\u00e9pare \u00e0 r\u00e9aliser un test du Covid-19, \u00e0 Goma. &#8211; \u00a9 ALEXIS HUGUET &#8211; AFP<\/figcaption><\/figure>\n\n\n\n<p class=\"wp-block-paragraph\">Il n\u2019emp\u00eache&nbsp;: l\u2019impact du coronavirus semble, pour l\u2019heure en tout cas, relativement limit\u00e9 en R\u00e9publique d\u00e9mocratique du Congo, tandis que la rougeole y cause plus de 6000 d\u00e9c\u00e8s par an. Les restrictions de d\u00e9placements aux fronti\u00e8res ont vraisemblablement&nbsp;pu freiner&nbsp;la progression du coronavirus&nbsp;mais en aggravant d&rsquo;autres besoins humanitaires.<\/p>\n\n\n\n<p class=\"wp-block-paragraph\"><em>\u00ab\u00a0C\u2019est l\u2019arbre qui cache la for\u00eat, le Covid. Il a paralys\u00e9 des infrastructures, compliqu\u00e9 la mobilit\u00e9 des personnes, paralys\u00e9 l\u2019aide humanitaire et notamment l\u2019aide alimentaire. C\u2019est la crise qui en cache beaucoup d\u2019autres\u00a0\u00bb<\/em>. Et Manuel Patrouillard conclut&nbsp;:&nbsp;<em>\u00ab\u00a0Une crise humanitaire de premi\u00e8re importance se profile en RDC\u00a0\u00bb.<\/em><\/p>\n\n\n\n<p class=\"wp-block-paragraph\">A Kinshasa, un humanitaire en attente de coll\u00e8gues\u00a0\u00e0 bord de ces trois avions,\u00a0nous dit esp\u00e9rer que ce \u00ab\u00a0pont a\u00e9rien\u00a0\u00bb ouvrira la voie \u00e0 d\u2019autres vols.<\/p>\n\n\n\n<p class=\"wp-block-paragraph\"><strong>RTBF<\/strong><\/p>\n","protected":false,"gt_translate_keys":[{"key":"rendered","format":"html"}]},"excerpt":{"rendered":"<p>Trois avions d\u00e9colleront ce soir de l\u2019a\u00e9roport de Bruxelles, \u00e0 Zaventem. Ils partent pour la R\u00e9publique d\u00e9mocratique du Congo&nbsp;aux frais de l\u2019Union europ\u00e9enne. A leur bord, 370 passagers&nbsp;: des politiques, des diplomates&nbsp;et des humanitaires, ainsi que du mat\u00e9riel. Le mois dernier d\u00e9j\u00e0, trois autres avions avaient d\u00e9coll\u00e9 de Lyon, en France, \u00e9galement affr\u00e9t\u00e9s par&nbsp;l\u2019Union europ\u00e9enne, mais cette fois \u00e0 destination de la R\u00e9publique Centrafricaine. Une double mission qualifi\u00e9e de \u00ab\u00a0pont a\u00e9rien\u00a0\u00bb par l\u2019Union europ\u00e9enne, pour soutenir le travail humanitaire alourdi&nbsp;par le coronavirus. Un commissaire dans l\u2019avion Le Commissaire europ\u00e9en en&hellip;<\/p>\n","protected":false,"gt_translate_keys":[{"key":"rendered","format":"html"}]},"author":1,"featured_media":1810,"comment_status":"open","ping_status":"open","sticky":false,"template":"","format":"standard","meta":{"_crdt_document":"","footnotes":""},"categories":[671],"tags":[],"class_list":["post-1801","post","type-post","status-publish","format-standard","has-post-thumbnail","hentry","category-rdc-belgique"],"gutentor_comment":0,"yoast_head":"<!-- This site is optimized with the Yoast SEO plugin v27.5 - https:\/\/yoast.com\/product\/yoast-seo-wordpress\/ -->\n<title>COVID-19 RDC: un pont a\u00e9rien europ\u00e9en depuis Zaventem pour &quot;d\u00e9confiner le travail humanitaire&quot; - Actualit\u00e9s congolaises et internationales<\/title>\n<meta name=\"robots\" content=\"index, follow, max-snippet:-1, max-image-preview:large, max-video-preview:-1\" \/>\n<link rel=\"canonical\" href=\"https:\/\/congovirtuel.com\/information\/covid-19-rdc-un-pont-aerien-europeen-depuis-zaventem-pour-deconfiner-le-travail-humanitaire\/\" \/>\n<meta property=\"og:locale\" content=\"fr_FR\" \/>\n<meta property=\"og:type\" content=\"article\" \/>\n<meta property=\"og:title\" content=\"COVID-19 RDC: un pont a\u00e9rien europ\u00e9en depuis Zaventem pour &quot;d\u00e9confiner le travail humanitaire&quot; - Actualit\u00e9s congolaises et internationales\" \/>\n<meta property=\"og:description\" content=\"Trois avions d\u00e9colleront ce soir de l\u2019a\u00e9roport de Bruxelles, \u00e0 Zaventem. Ils partent pour la R\u00e9publique d\u00e9mocratique du Congo&nbsp;aux frais de l\u2019Union europ\u00e9enne. A leur bord, 370 passagers&nbsp;: des politiques, des diplomates&nbsp;et des humanitaires, ainsi que du mat\u00e9riel. Le mois dernier d\u00e9j\u00e0, trois autres avions avaient d\u00e9coll\u00e9 de Lyon, en France, \u00e9galement affr\u00e9t\u00e9s par&nbsp;l\u2019Union europ\u00e9enne, mais cette fois \u00e0 destination de la R\u00e9publique Centrafricaine. Une double mission qualifi\u00e9e de \u00ab\u00a0pont a\u00e9rien\u00a0\u00bb par l\u2019Union europ\u00e9enne, pour soutenir le travail humanitaire alourdi&nbsp;par le coronavirus. Un commissaire dans l\u2019avion Le Commissaire europ\u00e9en en&hellip;\" \/>\n<meta property=\"og:url\" content=\"https:\/\/congovirtuel.com\/information\/covid-19-rdc-un-pont-aerien-europeen-depuis-zaventem-pour-deconfiner-le-travail-humanitaire\/\" \/>\n<meta property=\"og:site_name\" content=\"Actualit\u00e9s congolaises et internationales\" \/>\n<meta property=\"article:publisher\" content=\"https:\/\/web.facebook.com\/Congovirtuel-763617960319601\/?ref=aymt_homepage_panel&amp;amp%3bamp%3bamp%3bamp%3bamp%3bamp%3bamp%3bamp%3bamp%3bamp%3bamp%3beid=ARCoxULa66767kIgF_KYav6VdjXTI4yk_LW4yoVO9s6NXpysgb7Cb65vpxcxgqzOAKvIbLQxaAETcqHT\" \/>\n<meta property=\"article:published_time\" content=\"2020-06-07T13:22:33+00:00\" \/>\n<meta property=\"article:modified_time\" content=\"2020-06-07T13:23:05+00:00\" \/>\n<meta property=\"og:image\" content=\"https:\/\/congovirtuel.com\/information\/wp-content\/uploads\/2020\/06\/geste_barri\u00e8re-1200-x-675.jpg\" \/>\n\t<meta property=\"og:image:width\" content=\"1200\" \/>\n\t<meta property=\"og:image:height\" content=\"675\" \/>\n\t<meta property=\"og:image:type\" content=\"image\/jpeg\" \/>\n<meta name=\"author\" content=\"infocongovirtuel\" \/>\n<meta name=\"twitter:card\" content=\"summary_large_image\" \/>\n<meta name=\"twitter:creator\" content=\"@congovirtuel\" \/>\n<meta name=\"twitter:site\" content=\"@congovirtuel\" \/>\n<meta name=\"twitter:label1\" content=\"\u00c9crit par\" \/>\n\t<meta name=\"twitter:data1\" content=\"infocongovirtuel\" \/>\n\t<meta name=\"twitter:label2\" content=\"Dur\u00e9e de lecture estim\u00e9e\" \/>\n\t<meta name=\"twitter:data2\" content=\"5 minutes\" \/>\n<script type=\"application\/ld+json\" class=\"yoast-schema-graph\">{\"@context\":\"https:\\\/\\\/schema.org\",\"@graph\":[{\"@type\":\"Article\",\"@id\":\"https:\\\/\\\/congovirtuel.com\\\/information\\\/covid-19-rdc-un-pont-aerien-europeen-depuis-zaventem-pour-deconfiner-le-travail-humanitaire\\\/#article\",\"isPartOf\":{\"@id\":\"https:\\\/\\\/congovirtuel.com\\\/information\\\/covid-19-rdc-un-pont-aerien-europeen-depuis-zaventem-pour-deconfiner-le-travail-humanitaire\\\/\"},\"author\":{\"name\":\"infocongovirtuel\",\"@id\":\"https:\\\/\\\/congovirtuel.com\\\/information\\\/#\\\/schema\\\/person\\\/739a44bf7990966cb53d58d2fdeca0b6\"},\"headline\":\"COVID-19 RDC: un pont a\u00e9rien europ\u00e9en depuis Zaventem pour \u00ab\u00a0d\u00e9confiner le travail humanitaire\u00a0\u00bb\",\"datePublished\":\"2020-06-07T13:22:33+00:00\",\"dateModified\":\"2020-06-07T13:23:05+00:00\",\"mainEntityOfPage\":{\"@id\":\"https:\\\/\\\/congovirtuel.com\\\/information\\\/covid-19-rdc-un-pont-aerien-europeen-depuis-zaventem-pour-deconfiner-le-travail-humanitaire\\\/\"},\"wordCount\":1017,\"commentCount\":0,\"publisher\":{\"@id\":\"https:\\\/\\\/congovirtuel.com\\\/information\\\/#organization\"},\"image\":{\"@id\":\"https:\\\/\\\/congovirtuel.com\\\/information\\\/covid-19-rdc-un-pont-aerien-europeen-depuis-zaventem-pour-deconfiner-le-travail-humanitaire\\\/#primaryimage\"},\"thumbnailUrl\":\"https:\\\/\\\/congovirtuel.com\\\/information\\\/wp-content\\\/uploads\\\/2020\\\/06\\\/geste_barri\u00e8re-1200-x-675.jpg\",\"articleSection\":[\"RDC-BELGIQUE\"],\"inLanguage\":\"fr-FR\",\"potentialAction\":[{\"@type\":\"CommentAction\",\"name\":\"Comment\",\"target\":[\"https:\\\/\\\/congovirtuel.com\\\/information\\\/covid-19-rdc-un-pont-aerien-europeen-depuis-zaventem-pour-deconfiner-le-travail-humanitaire\\\/#respond\"]}]},{\"@type\":\"WebPage\",\"@id\":\"https:\\\/\\\/congovirtuel.com\\\/information\\\/covid-19-rdc-un-pont-aerien-europeen-depuis-zaventem-pour-deconfiner-le-travail-humanitaire\\\/\",\"url\":\"https:\\\/\\\/congovirtuel.com\\\/information\\\/covid-19-rdc-un-pont-aerien-europeen-depuis-zaventem-pour-deconfiner-le-travail-humanitaire\\\/\",\"name\":\"COVID-19 RDC: un pont a\u00e9rien europ\u00e9en depuis Zaventem pour \\\"d\u00e9confiner le travail humanitaire\\\" - Actualit\u00e9s congolaises et internationales\",\"isPartOf\":{\"@id\":\"https:\\\/\\\/congovirtuel.com\\\/information\\\/#website\"},\"primaryImageOfPage\":{\"@id\":\"https:\\\/\\\/congovirtuel.com\\\/information\\\/covid-19-rdc-un-pont-aerien-europeen-depuis-zaventem-pour-deconfiner-le-travail-humanitaire\\\/#primaryimage\"},\"image\":{\"@id\":\"https:\\\/\\\/congovirtuel.com\\\/information\\\/covid-19-rdc-un-pont-aerien-europeen-depuis-zaventem-pour-deconfiner-le-travail-humanitaire\\\/#primaryimage\"},\"thumbnailUrl\":\"https:\\\/\\\/congovirtuel.com\\\/information\\\/wp-content\\\/uploads\\\/2020\\\/06\\\/geste_barri\u00e8re-1200-x-675.jpg\",\"datePublished\":\"2020-06-07T13:22:33+00:00\",\"dateModified\":\"2020-06-07T13:23:05+00:00\",\"breadcrumb\":{\"@id\":\"https:\\\/\\\/congovirtuel.com\\\/information\\\/covid-19-rdc-un-pont-aerien-europeen-depuis-zaventem-pour-deconfiner-le-travail-humanitaire\\\/#breadcrumb\"},\"inLanguage\":\"fr-FR\",\"potentialAction\":[{\"@type\":\"ReadAction\",\"target\":[\"https:\\\/\\\/congovirtuel.com\\\/information\\\/covid-19-rdc-un-pont-aerien-europeen-depuis-zaventem-pour-deconfiner-le-travail-humanitaire\\\/\"]}]},{\"@type\":\"ImageObject\",\"inLanguage\":\"fr-FR\",\"@id\":\"https:\\\/\\\/congovirtuel.com\\\/information\\\/covid-19-rdc-un-pont-aerien-europeen-depuis-zaventem-pour-deconfiner-le-travail-humanitaire\\\/#primaryimage\",\"url\":\"https:\\\/\\\/congovirtuel.com\\\/information\\\/wp-content\\\/uploads\\\/2020\\\/06\\\/geste_barri\u00e8re-1200-x-675.jpg\",\"contentUrl\":\"https:\\\/\\\/congovirtuel.com\\\/information\\\/wp-content\\\/uploads\\\/2020\\\/06\\\/geste_barri\u00e8re-1200-x-675.jpg\",\"width\":1200,\"height\":675},{\"@type\":\"BreadcrumbList\",\"@id\":\"https:\\\/\\\/congovirtuel.com\\\/information\\\/covid-19-rdc-un-pont-aerien-europeen-depuis-zaventem-pour-deconfiner-le-travail-humanitaire\\\/#breadcrumb\",\"itemListElement\":[{\"@type\":\"ListItem\",\"position\":1,\"name\":\"Accueil\",\"item\":\"https:\\\/\\\/congovirtuel.com\\\/information\\\/\"},{\"@type\":\"ListItem\",\"position\":2,\"name\":\"COVID-19 RDC: un pont a\u00e9rien europ\u00e9en depuis Zaventem pour \u00ab\u00a0d\u00e9confiner le travail humanitaire\u00a0\u00bb\"}]},{\"@type\":\"WebSite\",\"@id\":\"https:\\\/\\\/congovirtuel.com\\\/information\\\/#website\",\"url\":\"https:\\\/\\\/congovirtuel.com\\\/information\\\/\",\"name\":\"Actualit\u00e9s congolaises et internationales\",\"description\":\"site d&#039;analyse et de traitement d&#039;information\",\"publisher\":{\"@id\":\"https:\\\/\\\/congovirtuel.com\\\/information\\\/#organization\"},\"potentialAction\":[{\"@type\":\"SearchAction\",\"target\":{\"@type\":\"EntryPoint\",\"urlTemplate\":\"https:\\\/\\\/congovirtuel.com\\\/information\\\/?s={search_term_string}\"},\"query-input\":{\"@type\":\"PropertyValueSpecification\",\"valueRequired\":true,\"valueName\":\"search_term_string\"}}],\"inLanguage\":\"fr-FR\"},{\"@type\":\"Organization\",\"@id\":\"https:\\\/\\\/congovirtuel.com\\\/information\\\/#organization\",\"name\":\"Biblioth\u00e8que Virtuelle de la RDC\",\"url\":\"https:\\\/\\\/congovirtuel.com\\\/information\\\/\",\"logo\":{\"@type\":\"ImageObject\",\"inLanguage\":\"fr-FR\",\"@id\":\"https:\\\/\\\/congovirtuel.com\\\/information\\\/#\\\/schema\\\/logo\\\/image\\\/\",\"url\":\"https:\\\/\\\/congovirtuel.com\\\/information\\\/wp-content\\\/uploads\\\/2018\\\/10\\\/header-info-congovirtuel-vraie.jpg\",\"contentUrl\":\"https:\\\/\\\/congovirtuel.com\\\/information\\\/wp-content\\\/uploads\\\/2018\\\/10\\\/header-info-congovirtuel-vraie.jpg\",\"width\":728,\"height\":90,\"caption\":\"Biblioth\u00e8que Virtuelle de la RDC\"},\"image\":{\"@id\":\"https:\\\/\\\/congovirtuel.com\\\/information\\\/#\\\/schema\\\/logo\\\/image\\\/\"},\"sameAs\":[\"https:\\\/\\\/web.facebook.com\\\/Congovirtuel-763617960319601\\\/?ref=aymt_homepage_panel&amp;amp;amp;amp;amp;amp;amp;amp;amp;amp;amp;eid=ARCoxULa66767kIgF_KYav6VdjXTI4yk_LW4yoVO9s6NXpysgb7Cb65vpxcxgqzOAKvIbLQxaAETcqHT\",\"https:\\\/\\\/x.com\\\/congovirtuel\",\"https:\\\/\\\/www.youtube.com\\\/channel\\\/UCkFfprYzGgS3EWNpeMXpToQ?view_as=subscriber\"]},{\"@type\":\"Person\",\"@id\":\"https:\\\/\\\/congovirtuel.com\\\/information\\\/#\\\/schema\\\/person\\\/739a44bf7990966cb53d58d2fdeca0b6\",\"name\":\"infocongovirtuel\",\"image\":{\"@type\":\"ImageObject\",\"inLanguage\":\"fr-FR\",\"@id\":\"https:\\\/\\\/secure.gravatar.com\\\/avatar\\\/4d76991aa72469f0eb22e772586c99113c6997f88da636a9db8f2ce3a2c05e69?s=96&d=mm&r=g\",\"url\":\"https:\\\/\\\/secure.gravatar.com\\\/avatar\\\/4d76991aa72469f0eb22e772586c99113c6997f88da636a9db8f2ce3a2c05e69?s=96&d=mm&r=g\",\"contentUrl\":\"https:\\\/\\\/secure.gravatar.com\\\/avatar\\\/4d76991aa72469f0eb22e772586c99113c6997f88da636a9db8f2ce3a2c05e69?s=96&d=mm&r=g\",\"caption\":\"infocongovirtuel\"},\"url\":\"https:\\\/\\\/congovirtuel.com\\\/information\\\/author\\\/infocongovirtuel\\\/\"}]}<\/script>\n<!-- \/ Yoast SEO plugin. -->","yoast_head_json":{"title":"COVID-19 RDC: un pont a\u00e9rien europ\u00e9en depuis Zaventem pour \"d\u00e9confiner le travail humanitaire\" - Actualit\u00e9s congolaises et internationales","robots":{"index":"index","follow":"follow","max-snippet":"max-snippet:-1","max-image-preview":"max-image-preview:large","max-video-preview":"max-video-preview:-1"},"canonical":"https:\/\/congovirtuel.com\/information\/covid-19-rdc-un-pont-aerien-europeen-depuis-zaventem-pour-deconfiner-le-travail-humanitaire\/","og_locale":"fr_FR","og_type":"article","og_title":"COVID-19 RDC: un pont a\u00e9rien europ\u00e9en depuis Zaventem pour \"d\u00e9confiner le travail humanitaire\" - Actualit\u00e9s congolaises et internationales","og_description":"Trois avions d\u00e9colleront ce soir de l\u2019a\u00e9roport de Bruxelles, \u00e0 Zaventem. Ils partent pour la R\u00e9publique d\u00e9mocratique du Congo&nbsp;aux frais de l\u2019Union europ\u00e9enne. A leur bord, 370 passagers&nbsp;: des politiques, des diplomates&nbsp;et des humanitaires, ainsi que du mat\u00e9riel. Le mois dernier d\u00e9j\u00e0, trois autres avions avaient d\u00e9coll\u00e9 de Lyon, en France, \u00e9galement affr\u00e9t\u00e9s par&nbsp;l\u2019Union europ\u00e9enne, mais cette fois \u00e0 destination de la R\u00e9publique Centrafricaine. Une double mission qualifi\u00e9e de \u00ab\u00a0pont a\u00e9rien\u00a0\u00bb par l\u2019Union europ\u00e9enne, pour soutenir le travail humanitaire alourdi&nbsp;par le coronavirus. Un commissaire dans l\u2019avion Le Commissaire europ\u00e9en en&hellip;","og_url":"https:\/\/congovirtuel.com\/information\/covid-19-rdc-un-pont-aerien-europeen-depuis-zaventem-pour-deconfiner-le-travail-humanitaire\/","og_site_name":"Actualit\u00e9s congolaises et internationales","article_publisher":"https:\/\/web.facebook.com\/Congovirtuel-763617960319601\/?ref=aymt_homepage_panel&amp%3bamp%3bamp%3bamp%3bamp%3bamp%3bamp%3bamp%3bamp%3bamp%3bamp%3beid=ARCoxULa66767kIgF_KYav6VdjXTI4yk_LW4yoVO9s6NXpysgb7Cb65vpxcxgqzOAKvIbLQxaAETcqHT","article_published_time":"2020-06-07T13:22:33+00:00","article_modified_time":"2020-06-07T13:23:05+00:00","og_image":[{"width":1200,"height":675,"url":"https:\/\/congovirtuel.com\/information\/wp-content\/uploads\/2020\/06\/geste_barri\u00e8re-1200-x-675.jpg","type":"image\/jpeg"}],"author":"infocongovirtuel","twitter_card":"summary_large_image","twitter_creator":"@congovirtuel","twitter_site":"@congovirtuel","twitter_misc":{"\u00c9crit par":"infocongovirtuel","Dur\u00e9e de lecture estim\u00e9e":"5 minutes"},"schema":{"@context":"https:\/\/schema.org","@graph":[{"@type":"Article","@id":"https:\/\/congovirtuel.com\/information\/covid-19-rdc-un-pont-aerien-europeen-depuis-zaventem-pour-deconfiner-le-travail-humanitaire\/#article","isPartOf":{"@id":"https:\/\/congovirtuel.com\/information\/covid-19-rdc-un-pont-aerien-europeen-depuis-zaventem-pour-deconfiner-le-travail-humanitaire\/"},"author":{"name":"infocongovirtuel","@id":"https:\/\/congovirtuel.com\/information\/#\/schema\/person\/739a44bf7990966cb53d58d2fdeca0b6"},"headline":"COVID-19 RDC: un pont a\u00e9rien europ\u00e9en depuis Zaventem pour \u00ab\u00a0d\u00e9confiner le travail humanitaire\u00a0\u00bb","datePublished":"2020-06-07T13:22:33+00:00","dateModified":"2020-06-07T13:23:05+00:00","mainEntityOfPage":{"@id":"https:\/\/congovirtuel.com\/information\/covid-19-rdc-un-pont-aerien-europeen-depuis-zaventem-pour-deconfiner-le-travail-humanitaire\/"},"wordCount":1017,"commentCount":0,"publisher":{"@id":"https:\/\/congovirtuel.com\/information\/#organization"},"image":{"@id":"https:\/\/congovirtuel.com\/information\/covid-19-rdc-un-pont-aerien-europeen-depuis-zaventem-pour-deconfiner-le-travail-humanitaire\/#primaryimage"},"thumbnailUrl":"https:\/\/congovirtuel.com\/information\/wp-content\/uploads\/2020\/06\/geste_barri\u00e8re-1200-x-675.jpg","articleSection":["RDC-BELGIQUE"],"inLanguage":"fr-FR","potentialAction":[{"@type":"CommentAction","name":"Comment","target":["https:\/\/congovirtuel.com\/information\/covid-19-rdc-un-pont-aerien-europeen-depuis-zaventem-pour-deconfiner-le-travail-humanitaire\/#respond"]}]},{"@type":"WebPage","@id":"https:\/\/congovirtuel.com\/information\/covid-19-rdc-un-pont-aerien-europeen-depuis-zaventem-pour-deconfiner-le-travail-humanitaire\/","url":"https:\/\/congovirtuel.com\/information\/covid-19-rdc-un-pont-aerien-europeen-depuis-zaventem-pour-deconfiner-le-travail-humanitaire\/","name":"COVID-19 RDC: un pont a\u00e9rien europ\u00e9en depuis Zaventem pour \"d\u00e9confiner le travail humanitaire\" - Actualit\u00e9s congolaises et internationales","isPartOf":{"@id":"https:\/\/congovirtuel.com\/information\/#website"},"primaryImageOfPage":{"@id":"https:\/\/congovirtuel.com\/information\/covid-19-rdc-un-pont-aerien-europeen-depuis-zaventem-pour-deconfiner-le-travail-humanitaire\/#primaryimage"},"image":{"@id":"https:\/\/congovirtuel.com\/information\/covid-19-rdc-un-pont-aerien-europeen-depuis-zaventem-pour-deconfiner-le-travail-humanitaire\/#primaryimage"},"thumbnailUrl":"https:\/\/congovirtuel.com\/information\/wp-content\/uploads\/2020\/06\/geste_barri\u00e8re-1200-x-675.jpg","datePublished":"2020-06-07T13:22:33+00:00","dateModified":"2020-06-07T13:23:05+00:00","breadcrumb":{"@id":"https:\/\/congovirtuel.com\/information\/covid-19-rdc-un-pont-aerien-europeen-depuis-zaventem-pour-deconfiner-le-travail-humanitaire\/#breadcrumb"},"inLanguage":"fr-FR","potentialAction":[{"@type":"ReadAction","target":["https:\/\/congovirtuel.com\/information\/covid-19-rdc-un-pont-aerien-europeen-depuis-zaventem-pour-deconfiner-le-travail-humanitaire\/"]}]},{"@type":"ImageObject","inLanguage":"fr-FR","@id":"https:\/\/congovirtuel.com\/information\/covid-19-rdc-un-pont-aerien-europeen-depuis-zaventem-pour-deconfiner-le-travail-humanitaire\/#primaryimage","url":"https:\/\/congovirtuel.com\/information\/wp-content\/uploads\/2020\/06\/geste_barri\u00e8re-1200-x-675.jpg","contentUrl":"https:\/\/congovirtuel.com\/information\/wp-content\/uploads\/2020\/06\/geste_barri\u00e8re-1200-x-675.jpg","width":1200,"height":675},{"@type":"BreadcrumbList","@id":"https:\/\/congovirtuel.com\/information\/covid-19-rdc-un-pont-aerien-europeen-depuis-zaventem-pour-deconfiner-le-travail-humanitaire\/#breadcrumb","itemListElement":[{"@type":"ListItem","position":1,"name":"Accueil","item":"https:\/\/congovirtuel.com\/information\/"},{"@type":"ListItem","position":2,"name":"COVID-19 RDC: un pont a\u00e9rien europ\u00e9en depuis Zaventem pour \u00ab\u00a0d\u00e9confiner le travail humanitaire\u00a0\u00bb"}]},{"@type":"WebSite","@id":"https:\/\/congovirtuel.com\/information\/#website","url":"https:\/\/congovirtuel.com\/information\/","name":"Actualit\u00e9s congolaises et internationales","description":"site d&#039;analyse et de traitement d&#039;information","publisher":{"@id":"https:\/\/congovirtuel.com\/information\/#organization"},"potentialAction":[{"@type":"SearchAction","target":{"@type":"EntryPoint","urlTemplate":"https:\/\/congovirtuel.com\/information\/?s={search_term_string}"},"query-input":{"@type":"PropertyValueSpecification","valueRequired":true,"valueName":"search_term_string"}}],"inLanguage":"fr-FR"},{"@type":"Organization","@id":"https:\/\/congovirtuel.com\/information\/#organization","name":"Biblioth\u00e8que Virtuelle de la RDC","url":"https:\/\/congovirtuel.com\/information\/","logo":{"@type":"ImageObject","inLanguage":"fr-FR","@id":"https:\/\/congovirtuel.com\/information\/#\/schema\/logo\/image\/","url":"https:\/\/congovirtuel.com\/information\/wp-content\/uploads\/2018\/10\/header-info-congovirtuel-vraie.jpg","contentUrl":"https:\/\/congovirtuel.com\/information\/wp-content\/uploads\/2018\/10\/header-info-congovirtuel-vraie.jpg","width":728,"height":90,"caption":"Biblioth\u00e8que Virtuelle de la RDC"},"image":{"@id":"https:\/\/congovirtuel.com\/information\/#\/schema\/logo\/image\/"},"sameAs":["https:\/\/web.facebook.com\/Congovirtuel-763617960319601\/?ref=aymt_homepage_panel&amp;amp;amp;amp;amp;amp;amp;amp;amp;amp;amp;eid=ARCoxULa66767kIgF_KYav6VdjXTI4yk_LW4yoVO9s6NXpysgb7Cb65vpxcxgqzOAKvIbLQxaAETcqHT","https:\/\/x.com\/congovirtuel","https:\/\/www.youtube.com\/channel\/UCkFfprYzGgS3EWNpeMXpToQ?view_as=subscriber"]},{"@type":"Person","@id":"https:\/\/congovirtuel.com\/information\/#\/schema\/person\/739a44bf7990966cb53d58d2fdeca0b6","name":"infocongovirtuel","image":{"@type":"ImageObject","inLanguage":"fr-FR","@id":"https:\/\/secure.gravatar.com\/avatar\/4d76991aa72469f0eb22e772586c99113c6997f88da636a9db8f2ce3a2c05e69?s=96&d=mm&r=g","url":"https:\/\/secure.gravatar.com\/avatar\/4d76991aa72469f0eb22e772586c99113c6997f88da636a9db8f2ce3a2c05e69?s=96&d=mm&r=g","contentUrl":"https:\/\/secure.gravatar.com\/avatar\/4d76991aa72469f0eb22e772586c99113c6997f88da636a9db8f2ce3a2c05e69?s=96&d=mm&r=g","caption":"infocongovirtuel"},"url":"https:\/\/congovirtuel.com\/information\/author\/infocongovirtuel\/"}]}},"gt_translate_keys":[{"key":"link","format":"url"}],"_links":{"self":[{"href":"https:\/\/congovirtuel.com\/information\/wp-json\/wp\/v2\/posts\/1801","targetHints":{"allow":["GET"]}}],"collection":[{"href":"https:\/\/congovirtuel.com\/information\/wp-json\/wp\/v2\/posts"}],"about":[{"href":"https:\/\/congovirtuel.com\/information\/wp-json\/wp\/v2\/types\/post"}],"author":[{"embeddable":true,"href":"https:\/\/congovirtuel.com\/information\/wp-json\/wp\/v2\/users\/1"}],"replies":[{"embeddable":true,"href":"https:\/\/congovirtuel.com\/information\/wp-json\/wp\/v2\/comments?post=1801"}],"version-history":[{"count":1,"href":"https:\/\/congovirtuel.com\/information\/wp-json\/wp\/v2\/posts\/1801\/revisions"}],"predecessor-version":[{"id":1811,"href":"https:\/\/congovirtuel.com\/information\/wp-json\/wp\/v2\/posts\/1801\/revisions\/1811"}],"wp:featuredmedia":[{"embeddable":true,"href":"https:\/\/congovirtuel.com\/information\/wp-json\/wp\/v2\/media\/1810"}],"wp:attachment":[{"href":"https:\/\/congovirtuel.com\/information\/wp-json\/wp\/v2\/media?parent=1801"}],"wp:term":[{"taxonomy":"category","embeddable":true,"href":"https:\/\/congovirtuel.com\/information\/wp-json\/wp\/v2\/categories?post=1801"},{"taxonomy":"post_tag","embeddable":true,"href":"https:\/\/congovirtuel.com\/information\/wp-json\/wp\/v2\/tags?post=1801"}],"curies":[{"name":"wp","href":"https:\/\/api.w.org\/{rel}","templated":true}]}}