{"id":18396,"date":"2022-03-21T13:24:42","date_gmt":"2022-03-21T12:24:42","guid":{"rendered":"https:\/\/congovirtuel.com\/information\/?p=18396"},"modified":"2022-03-21T13:24:42","modified_gmt":"2022-03-21T12:24:42","slug":"rdc-ituri-affames-des-eleves-fuient-lecole-pour-des-travaux-journaliers-a-djugu","status":"publish","type":"post","link":"https:\/\/congovirtuel.com\/information\/rdc-ituri-affames-des-eleves-fuient-lecole-pour-des-travaux-journaliers-a-djugu\/","title":{"rendered":"RDC-Ituri : affam\u00e9s, des \u00e9l\u00e8ves fuient l\u2019\u00e9cole pour des travaux journaliers \u00e0 Djugu","gt_translate_keys":[{"key":"rendered","format":"text"}]},"content":{"rendered":"<p>Des \u00e9l\u00e8ves h\u00e9berg\u00e9s dans le camp des d\u00e9plac\u00e9s de Bule, dans le territoire de Djugu, se sont vu priv\u00e9s de moyens d\u2019acquisition des connaissances au profit des travaux de survie. Leur nombre, estim\u00e9 \u00e0 plus de 20\u00a0000, si l\u2019on en croit Radio Okapi. Ces \u00e9l\u00e8ves font partie de diff\u00e9rents sites de concentration de Bule situ\u00e9s \u00e0 90 km de Bunia, en Ituri.<\/p>\n<p>Environ 20\u00a0000 \u00e9l\u00e8ves du camp des d\u00e9plac\u00e9s de Bule ne vont pas \u00e0 l\u2019\u00e9cole. Selon leurs parents, le manque de moyens de survie pousse les enfants \u00e0 entreprendre des travaux journaliers au sein des communaut\u00e9s locales.<\/p>\n<p>Ils l\u2019ont dit \u00e0 l\u2019occasion de la visite, le 19 mars 2022, du repr\u00e9sentant sp\u00e9cial adjoint en charge des affaires humanitaires et de d\u00e9veloppement. Ils plaident notamment pour la construction des hangars aux sites pour servir des salles de classes.<\/p>\n<p>Les sites de Lala, Savo et Tsukpa sont compos\u00e9s d\u2019environ soixante mille d\u00e9plac\u00e9s, dont la moiti\u00e9 sont des enfants en \u00e2ge scolaire. Cependant, moins de 20 pour cent fr\u00e9quentent l\u2019\u00e9cole en dehors de sites \u00e0 au moins 3 kilom\u00e8tres.<\/p>\n<p>La plupart d\u2019entre eux, qui se disent affam\u00e9s, fuient les cours pour qu\u00e9mander ou marauder au centre commercial. La majorit\u00e9 des enfants aident leurs parents dans les travaux journaliers : cultiver des champs ou puiser de l\u2019eau moyennant 200 \u00e0 1500 francs congolais par jour qui les aide pour la survie. \u00ab Le jour o\u00f9 ils n\u2019attrapent pas ce genre de boulot, ils rentrent passer nuit \u00e0 jeun \u00bb, t\u00e9moigne une m\u00e8re.<\/p>\n<p>Le comit\u00e9 de d\u00e9plac\u00e9s lance un cri d\u2019alarme pour que l\u2019aide humanitaire soit r\u00e9guli\u00e8re, en vue d\u2019encourager les enfants \u00e0 aller \u00e0 l\u2019\u00e9cole.<\/p>\n<p>Raymond Okeseleke\/Digitalcongo<\/p>\n","protected":false,"gt_translate_keys":[{"key":"rendered","format":"html"}]},"excerpt":{"rendered":"<p>Des \u00e9l\u00e8ves h\u00e9berg\u00e9s dans le camp des d\u00e9plac\u00e9s de Bule, dans le territoire de Djugu, se sont vu priv\u00e9s de moyens d\u2019acquisition des connaissances au profit des travaux de survie. Leur nombre, estim\u00e9 \u00e0 plus de 20\u00a0000, si l\u2019on en croit Radio Okapi. Ces \u00e9l\u00e8ves font partie de diff\u00e9rents sites de concentration de Bule situ\u00e9s \u00e0 90 km de Bunia, en Ituri. Environ 20\u00a0000 \u00e9l\u00e8ves du camp des d\u00e9plac\u00e9s de Bule ne vont pas \u00e0 l\u2019\u00e9cole. Selon leurs parents, le manque de moyens de survie pousse les enfants \u00e0 entreprendre&hellip;<\/p>\n","protected":false,"gt_translate_keys":[{"key":"rendered","format":"html"}]},"author":1,"featured_media":18397,"comment_status":"open","ping_status":"open","sticky":false,"template":"","format":"standard","meta":{"_crdt_document":"","footnotes":""},"categories":[7557],"tags":[36910],"class_list":["post-18396","post","type-post","status-publish","format-standard","has-post-thumbnail","hentry","category-famine","tag-camp-des-deplaces-de-bule"],"gutentor_comment":0,"yoast_head":"<!-- This site is optimized with the Yoast SEO plugin v27.5 - https:\/\/yoast.com\/product\/yoast-seo-wordpress\/ -->\n<title>RDC-Ituri : affam\u00e9s, des \u00e9l\u00e8ves fuient l\u2019\u00e9cole pour des travaux journaliers \u00e0 Djugu - Actualit\u00e9s congolaises et internationales<\/title>\n<meta name=\"robots\" content=\"index, follow, max-snippet:-1, max-image-preview:large, max-video-preview:-1\" \/>\n<link rel=\"canonical\" href=\"https:\/\/congovirtuel.com\/information\/rdc-ituri-affames-des-eleves-fuient-lecole-pour-des-travaux-journaliers-a-djugu\/\" \/>\n<meta property=\"og:locale\" content=\"fr_FR\" \/>\n<meta property=\"og:type\" content=\"article\" \/>\n<meta property=\"og:title\" content=\"RDC-Ituri : affam\u00e9s, des \u00e9l\u00e8ves fuient l\u2019\u00e9cole pour des travaux journaliers \u00e0 Djugu - Actualit\u00e9s congolaises et internationales\" \/>\n<meta property=\"og:description\" content=\"Des \u00e9l\u00e8ves h\u00e9berg\u00e9s dans le camp des d\u00e9plac\u00e9s de Bule, dans le territoire de Djugu, se sont vu priv\u00e9s de moyens d\u2019acquisition des connaissances au profit des travaux de survie. Leur nombre, estim\u00e9 \u00e0 plus de 20\u00a0000, si l\u2019on en croit Radio Okapi. Ces \u00e9l\u00e8ves font partie de diff\u00e9rents sites de concentration de Bule situ\u00e9s \u00e0 90 km de Bunia, en Ituri. Environ 20\u00a0000 \u00e9l\u00e8ves du camp des d\u00e9plac\u00e9s de Bule ne vont pas \u00e0 l\u2019\u00e9cole. Selon leurs parents, le manque de moyens de survie pousse les enfants \u00e0 entreprendre&hellip;\" \/>\n<meta property=\"og:url\" content=\"https:\/\/congovirtuel.com\/information\/rdc-ituri-affames-des-eleves-fuient-lecole-pour-des-travaux-journaliers-a-djugu\/\" \/>\n<meta property=\"og:site_name\" content=\"Actualit\u00e9s congolaises et internationales\" \/>\n<meta property=\"article:publisher\" content=\"https:\/\/web.facebook.com\/Congovirtuel-763617960319601\/?ref=aymt_homepage_panel&amp;amp%3bamp%3bamp%3bamp%3bamp%3bamp%3bamp%3bamp%3bamp%3bamp%3bamp%3beid=ARCoxULa66767kIgF_KYav6VdjXTI4yk_LW4yoVO9s6NXpysgb7Cb65vpxcxgqzOAKvIbLQxaAETcqHT\" \/>\n<meta property=\"article:published_time\" content=\"2022-03-21T12:24:42+00:00\" \/>\n<meta property=\"og:image\" content=\"https:\/\/congovirtuel.com\/information\/wp-content\/uploads\/2022\/03\/Camp_Bule.jpg\" \/>\n\t<meta property=\"og:image:width\" content=\"800\" \/>\n\t<meta property=\"og:image:height\" content=\"480\" \/>\n\t<meta property=\"og:image:type\" content=\"image\/jpeg\" \/>\n<meta name=\"author\" content=\"infocongovirtuel\" \/>\n<meta name=\"twitter:card\" content=\"summary_large_image\" \/>\n<meta name=\"twitter:creator\" content=\"@congovirtuel\" \/>\n<meta name=\"twitter:site\" content=\"@congovirtuel\" \/>\n<meta name=\"twitter:label1\" content=\"\u00c9crit par\" \/>\n\t<meta name=\"twitter:data1\" content=\"infocongovirtuel\" \/>\n\t<meta name=\"twitter:label2\" content=\"Dur\u00e9e de lecture estim\u00e9e\" \/>\n\t<meta name=\"twitter:data2\" content=\"1 minute\" \/>\n<script type=\"application\/ld+json\" class=\"yoast-schema-graph\">{\"@context\":\"https:\\\/\\\/schema.org\",\"@graph\":[{\"@type\":\"Article\",\"@id\":\"https:\\\/\\\/congovirtuel.com\\\/information\\\/rdc-ituri-affames-des-eleves-fuient-lecole-pour-des-travaux-journaliers-a-djugu\\\/#article\",\"isPartOf\":{\"@id\":\"https:\\\/\\\/congovirtuel.com\\\/information\\\/rdc-ituri-affames-des-eleves-fuient-lecole-pour-des-travaux-journaliers-a-djugu\\\/\"},\"author\":{\"name\":\"infocongovirtuel\",\"@id\":\"https:\\\/\\\/congovirtuel.com\\\/information\\\/#\\\/schema\\\/person\\\/739a44bf7990966cb53d58d2fdeca0b6\"},\"headline\":\"RDC-Ituri : affam\u00e9s, des \u00e9l\u00e8ves fuient l\u2019\u00e9cole pour des travaux journaliers \u00e0 Djugu\",\"datePublished\":\"2022-03-21T12:24:42+00:00\",\"mainEntityOfPage\":{\"@id\":\"https:\\\/\\\/congovirtuel.com\\\/information\\\/rdc-ituri-affames-des-eleves-fuient-lecole-pour-des-travaux-journaliers-a-djugu\\\/\"},\"wordCount\":310,\"commentCount\":0,\"publisher\":{\"@id\":\"https:\\\/\\\/congovirtuel.com\\\/information\\\/#organization\"},\"image\":{\"@id\":\"https:\\\/\\\/congovirtuel.com\\\/information\\\/rdc-ituri-affames-des-eleves-fuient-lecole-pour-des-travaux-journaliers-a-djugu\\\/#primaryimage\"},\"thumbnailUrl\":\"https:\\\/\\\/congovirtuel.com\\\/information\\\/wp-content\\\/uploads\\\/2022\\\/03\\\/Camp_Bule.jpg\",\"keywords\":[\"camp des d\u00e9plac\u00e9s de Bule\"],\"articleSection\":[\"Famine\"],\"inLanguage\":\"fr-FR\",\"potentialAction\":[{\"@type\":\"CommentAction\",\"name\":\"Comment\",\"target\":[\"https:\\\/\\\/congovirtuel.com\\\/information\\\/rdc-ituri-affames-des-eleves-fuient-lecole-pour-des-travaux-journaliers-a-djugu\\\/#respond\"]}]},{\"@type\":\"WebPage\",\"@id\":\"https:\\\/\\\/congovirtuel.com\\\/information\\\/rdc-ituri-affames-des-eleves-fuient-lecole-pour-des-travaux-journaliers-a-djugu\\\/\",\"url\":\"https:\\\/\\\/congovirtuel.com\\\/information\\\/rdc-ituri-affames-des-eleves-fuient-lecole-pour-des-travaux-journaliers-a-djugu\\\/\",\"name\":\"RDC-Ituri : affam\u00e9s, des \u00e9l\u00e8ves fuient l\u2019\u00e9cole pour des travaux journaliers \u00e0 Djugu - Actualit\u00e9s congolaises et internationales\",\"isPartOf\":{\"@id\":\"https:\\\/\\\/congovirtuel.com\\\/information\\\/#website\"},\"primaryImageOfPage\":{\"@id\":\"https:\\\/\\\/congovirtuel.com\\\/information\\\/rdc-ituri-affames-des-eleves-fuient-lecole-pour-des-travaux-journaliers-a-djugu\\\/#primaryimage\"},\"image\":{\"@id\":\"https:\\\/\\\/congovirtuel.com\\\/information\\\/rdc-ituri-affames-des-eleves-fuient-lecole-pour-des-travaux-journaliers-a-djugu\\\/#primaryimage\"},\"thumbnailUrl\":\"https:\\\/\\\/congovirtuel.com\\\/information\\\/wp-content\\\/uploads\\\/2022\\\/03\\\/Camp_Bule.jpg\",\"datePublished\":\"2022-03-21T12:24:42+00:00\",\"breadcrumb\":{\"@id\":\"https:\\\/\\\/congovirtuel.com\\\/information\\\/rdc-ituri-affames-des-eleves-fuient-lecole-pour-des-travaux-journaliers-a-djugu\\\/#breadcrumb\"},\"inLanguage\":\"fr-FR\",\"potentialAction\":[{\"@type\":\"ReadAction\",\"target\":[\"https:\\\/\\\/congovirtuel.com\\\/information\\\/rdc-ituri-affames-des-eleves-fuient-lecole-pour-des-travaux-journaliers-a-djugu\\\/\"]}]},{\"@type\":\"ImageObject\",\"inLanguage\":\"fr-FR\",\"@id\":\"https:\\\/\\\/congovirtuel.com\\\/information\\\/rdc-ituri-affames-des-eleves-fuient-lecole-pour-des-travaux-journaliers-a-djugu\\\/#primaryimage\",\"url\":\"https:\\\/\\\/congovirtuel.com\\\/information\\\/wp-content\\\/uploads\\\/2022\\\/03\\\/Camp_Bule.jpg\",\"contentUrl\":\"https:\\\/\\\/congovirtuel.com\\\/information\\\/wp-content\\\/uploads\\\/2022\\\/03\\\/Camp_Bule.jpg\",\"width\":800,\"height\":480,\"caption\":\"camp des d\u00e9plac\u00e9s de Bule\"},{\"@type\":\"BreadcrumbList\",\"@id\":\"https:\\\/\\\/congovirtuel.com\\\/information\\\/rdc-ituri-affames-des-eleves-fuient-lecole-pour-des-travaux-journaliers-a-djugu\\\/#breadcrumb\",\"itemListElement\":[{\"@type\":\"ListItem\",\"position\":1,\"name\":\"Accueil\",\"item\":\"https:\\\/\\\/congovirtuel.com\\\/information\\\/\"},{\"@type\":\"ListItem\",\"position\":2,\"name\":\"RDC-Ituri : affam\u00e9s, des \u00e9l\u00e8ves fuient l\u2019\u00e9cole pour des travaux journaliers \u00e0 Djugu\"}]},{\"@type\":\"WebSite\",\"@id\":\"https:\\\/\\\/congovirtuel.com\\\/information\\\/#website\",\"url\":\"https:\\\/\\\/congovirtuel.com\\\/information\\\/\",\"name\":\"Actualit\u00e9s congolaises et internationales\",\"description\":\"site d&#039;analyse et de traitement d&#039;information\",\"publisher\":{\"@id\":\"https:\\\/\\\/congovirtuel.com\\\/information\\\/#organization\"},\"potentialAction\":[{\"@type\":\"SearchAction\",\"target\":{\"@type\":\"EntryPoint\",\"urlTemplate\":\"https:\\\/\\\/congovirtuel.com\\\/information\\\/?s={search_term_string}\"},\"query-input\":{\"@type\":\"PropertyValueSpecification\",\"valueRequired\":true,\"valueName\":\"search_term_string\"}}],\"inLanguage\":\"fr-FR\"},{\"@type\":\"Organization\",\"@id\":\"https:\\\/\\\/congovirtuel.com\\\/information\\\/#organization\",\"name\":\"Biblioth\u00e8que Virtuelle de la RDC\",\"url\":\"https:\\\/\\\/congovirtuel.com\\\/information\\\/\",\"logo\":{\"@type\":\"ImageObject\",\"inLanguage\":\"fr-FR\",\"@id\":\"https:\\\/\\\/congovirtuel.com\\\/information\\\/#\\\/schema\\\/logo\\\/image\\\/\",\"url\":\"https:\\\/\\\/congovirtuel.com\\\/information\\\/wp-content\\\/uploads\\\/2018\\\/10\\\/header-info-congovirtuel-vraie.jpg\",\"contentUrl\":\"https:\\\/\\\/congovirtuel.com\\\/information\\\/wp-content\\\/uploads\\\/2018\\\/10\\\/header-info-congovirtuel-vraie.jpg\",\"width\":728,\"height\":90,\"caption\":\"Biblioth\u00e8que Virtuelle de la RDC\"},\"image\":{\"@id\":\"https:\\\/\\\/congovirtuel.com\\\/information\\\/#\\\/schema\\\/logo\\\/image\\\/\"},\"sameAs\":[\"https:\\\/\\\/web.facebook.com\\\/Congovirtuel-763617960319601\\\/?ref=aymt_homepage_panel&amp;amp;amp;amp;amp;amp;amp;amp;amp;amp;amp;eid=ARCoxULa66767kIgF_KYav6VdjXTI4yk_LW4yoVO9s6NXpysgb7Cb65vpxcxgqzOAKvIbLQxaAETcqHT\",\"https:\\\/\\\/x.com\\\/congovirtuel\",\"https:\\\/\\\/www.youtube.com\\\/channel\\\/UCkFfprYzGgS3EWNpeMXpToQ?view_as=subscriber\"]},{\"@type\":\"Person\",\"@id\":\"https:\\\/\\\/congovirtuel.com\\\/information\\\/#\\\/schema\\\/person\\\/739a44bf7990966cb53d58d2fdeca0b6\",\"name\":\"infocongovirtuel\",\"image\":{\"@type\":\"ImageObject\",\"inLanguage\":\"fr-FR\",\"@id\":\"https:\\\/\\\/secure.gravatar.com\\\/avatar\\\/4d76991aa72469f0eb22e772586c99113c6997f88da636a9db8f2ce3a2c05e69?s=96&d=mm&r=g\",\"url\":\"https:\\\/\\\/secure.gravatar.com\\\/avatar\\\/4d76991aa72469f0eb22e772586c99113c6997f88da636a9db8f2ce3a2c05e69?s=96&d=mm&r=g\",\"contentUrl\":\"https:\\\/\\\/secure.gravatar.com\\\/avatar\\\/4d76991aa72469f0eb22e772586c99113c6997f88da636a9db8f2ce3a2c05e69?s=96&d=mm&r=g\",\"caption\":\"infocongovirtuel\"},\"url\":\"https:\\\/\\\/congovirtuel.com\\\/information\\\/author\\\/infocongovirtuel\\\/\"}]}<\/script>\n<!-- \/ Yoast SEO plugin. -->","yoast_head_json":{"title":"RDC-Ituri : affam\u00e9s, des \u00e9l\u00e8ves fuient l\u2019\u00e9cole pour des travaux journaliers \u00e0 Djugu - Actualit\u00e9s congolaises et internationales","robots":{"index":"index","follow":"follow","max-snippet":"max-snippet:-1","max-image-preview":"max-image-preview:large","max-video-preview":"max-video-preview:-1"},"canonical":"https:\/\/congovirtuel.com\/information\/rdc-ituri-affames-des-eleves-fuient-lecole-pour-des-travaux-journaliers-a-djugu\/","og_locale":"fr_FR","og_type":"article","og_title":"RDC-Ituri : affam\u00e9s, des \u00e9l\u00e8ves fuient l\u2019\u00e9cole pour des travaux journaliers \u00e0 Djugu - Actualit\u00e9s congolaises et internationales","og_description":"Des \u00e9l\u00e8ves h\u00e9berg\u00e9s dans le camp des d\u00e9plac\u00e9s de Bule, dans le territoire de Djugu, se sont vu priv\u00e9s de moyens d\u2019acquisition des connaissances au profit des travaux de survie. Leur nombre, estim\u00e9 \u00e0 plus de 20\u00a0000, si l\u2019on en croit Radio Okapi. Ces \u00e9l\u00e8ves font partie de diff\u00e9rents sites de concentration de Bule situ\u00e9s \u00e0 90 km de Bunia, en Ituri. Environ 20\u00a0000 \u00e9l\u00e8ves du camp des d\u00e9plac\u00e9s de Bule ne vont pas \u00e0 l\u2019\u00e9cole. Selon leurs parents, le manque de moyens de survie pousse les enfants \u00e0 entreprendre&hellip;","og_url":"https:\/\/congovirtuel.com\/information\/rdc-ituri-affames-des-eleves-fuient-lecole-pour-des-travaux-journaliers-a-djugu\/","og_site_name":"Actualit\u00e9s congolaises et internationales","article_publisher":"https:\/\/web.facebook.com\/Congovirtuel-763617960319601\/?ref=aymt_homepage_panel&amp%3bamp%3bamp%3bamp%3bamp%3bamp%3bamp%3bamp%3bamp%3bamp%3bamp%3beid=ARCoxULa66767kIgF_KYav6VdjXTI4yk_LW4yoVO9s6NXpysgb7Cb65vpxcxgqzOAKvIbLQxaAETcqHT","article_published_time":"2022-03-21T12:24:42+00:00","og_image":[{"width":800,"height":480,"url":"https:\/\/congovirtuel.com\/information\/wp-content\/uploads\/2022\/03\/Camp_Bule.jpg","type":"image\/jpeg"}],"author":"infocongovirtuel","twitter_card":"summary_large_image","twitter_creator":"@congovirtuel","twitter_site":"@congovirtuel","twitter_misc":{"\u00c9crit par":"infocongovirtuel","Dur\u00e9e de lecture estim\u00e9e":"1 minute"},"schema":{"@context":"https:\/\/schema.org","@graph":[{"@type":"Article","@id":"https:\/\/congovirtuel.com\/information\/rdc-ituri-affames-des-eleves-fuient-lecole-pour-des-travaux-journaliers-a-djugu\/#article","isPartOf":{"@id":"https:\/\/congovirtuel.com\/information\/rdc-ituri-affames-des-eleves-fuient-lecole-pour-des-travaux-journaliers-a-djugu\/"},"author":{"name":"infocongovirtuel","@id":"https:\/\/congovirtuel.com\/information\/#\/schema\/person\/739a44bf7990966cb53d58d2fdeca0b6"},"headline":"RDC-Ituri : affam\u00e9s, des \u00e9l\u00e8ves fuient l\u2019\u00e9cole pour des travaux journaliers \u00e0 Djugu","datePublished":"2022-03-21T12:24:42+00:00","mainEntityOfPage":{"@id":"https:\/\/congovirtuel.com\/information\/rdc-ituri-affames-des-eleves-fuient-lecole-pour-des-travaux-journaliers-a-djugu\/"},"wordCount":310,"commentCount":0,"publisher":{"@id":"https:\/\/congovirtuel.com\/information\/#organization"},"image":{"@id":"https:\/\/congovirtuel.com\/information\/rdc-ituri-affames-des-eleves-fuient-lecole-pour-des-travaux-journaliers-a-djugu\/#primaryimage"},"thumbnailUrl":"https:\/\/congovirtuel.com\/information\/wp-content\/uploads\/2022\/03\/Camp_Bule.jpg","keywords":["camp des d\u00e9plac\u00e9s de Bule"],"articleSection":["Famine"],"inLanguage":"fr-FR","potentialAction":[{"@type":"CommentAction","name":"Comment","target":["https:\/\/congovirtuel.com\/information\/rdc-ituri-affames-des-eleves-fuient-lecole-pour-des-travaux-journaliers-a-djugu\/#respond"]}]},{"@type":"WebPage","@id":"https:\/\/congovirtuel.com\/information\/rdc-ituri-affames-des-eleves-fuient-lecole-pour-des-travaux-journaliers-a-djugu\/","url":"https:\/\/congovirtuel.com\/information\/rdc-ituri-affames-des-eleves-fuient-lecole-pour-des-travaux-journaliers-a-djugu\/","name":"RDC-Ituri : affam\u00e9s, des \u00e9l\u00e8ves fuient l\u2019\u00e9cole pour des travaux journaliers \u00e0 Djugu - Actualit\u00e9s congolaises et internationales","isPartOf":{"@id":"https:\/\/congovirtuel.com\/information\/#website"},"primaryImageOfPage":{"@id":"https:\/\/congovirtuel.com\/information\/rdc-ituri-affames-des-eleves-fuient-lecole-pour-des-travaux-journaliers-a-djugu\/#primaryimage"},"image":{"@id":"https:\/\/congovirtuel.com\/information\/rdc-ituri-affames-des-eleves-fuient-lecole-pour-des-travaux-journaliers-a-djugu\/#primaryimage"},"thumbnailUrl":"https:\/\/congovirtuel.com\/information\/wp-content\/uploads\/2022\/03\/Camp_Bule.jpg","datePublished":"2022-03-21T12:24:42+00:00","breadcrumb":{"@id":"https:\/\/congovirtuel.com\/information\/rdc-ituri-affames-des-eleves-fuient-lecole-pour-des-travaux-journaliers-a-djugu\/#breadcrumb"},"inLanguage":"fr-FR","potentialAction":[{"@type":"ReadAction","target":["https:\/\/congovirtuel.com\/information\/rdc-ituri-affames-des-eleves-fuient-lecole-pour-des-travaux-journaliers-a-djugu\/"]}]},{"@type":"ImageObject","inLanguage":"fr-FR","@id":"https:\/\/congovirtuel.com\/information\/rdc-ituri-affames-des-eleves-fuient-lecole-pour-des-travaux-journaliers-a-djugu\/#primaryimage","url":"https:\/\/congovirtuel.com\/information\/wp-content\/uploads\/2022\/03\/Camp_Bule.jpg","contentUrl":"https:\/\/congovirtuel.com\/information\/wp-content\/uploads\/2022\/03\/Camp_Bule.jpg","width":800,"height":480,"caption":"camp des d\u00e9plac\u00e9s de Bule"},{"@type":"BreadcrumbList","@id":"https:\/\/congovirtuel.com\/information\/rdc-ituri-affames-des-eleves-fuient-lecole-pour-des-travaux-journaliers-a-djugu\/#breadcrumb","itemListElement":[{"@type":"ListItem","position":1,"name":"Accueil","item":"https:\/\/congovirtuel.com\/information\/"},{"@type":"ListItem","position":2,"name":"RDC-Ituri : affam\u00e9s, des \u00e9l\u00e8ves fuient l\u2019\u00e9cole pour des travaux journaliers \u00e0 Djugu"}]},{"@type":"WebSite","@id":"https:\/\/congovirtuel.com\/information\/#website","url":"https:\/\/congovirtuel.com\/information\/","name":"Actualit\u00e9s congolaises et internationales","description":"site d&#039;analyse et de traitement d&#039;information","publisher":{"@id":"https:\/\/congovirtuel.com\/information\/#organization"},"potentialAction":[{"@type":"SearchAction","target":{"@type":"EntryPoint","urlTemplate":"https:\/\/congovirtuel.com\/information\/?s={search_term_string}"},"query-input":{"@type":"PropertyValueSpecification","valueRequired":true,"valueName":"search_term_string"}}],"inLanguage":"fr-FR"},{"@type":"Organization","@id":"https:\/\/congovirtuel.com\/information\/#organization","name":"Biblioth\u00e8que Virtuelle de la RDC","url":"https:\/\/congovirtuel.com\/information\/","logo":{"@type":"ImageObject","inLanguage":"fr-FR","@id":"https:\/\/congovirtuel.com\/information\/#\/schema\/logo\/image\/","url":"https:\/\/congovirtuel.com\/information\/wp-content\/uploads\/2018\/10\/header-info-congovirtuel-vraie.jpg","contentUrl":"https:\/\/congovirtuel.com\/information\/wp-content\/uploads\/2018\/10\/header-info-congovirtuel-vraie.jpg","width":728,"height":90,"caption":"Biblioth\u00e8que Virtuelle de la RDC"},"image":{"@id":"https:\/\/congovirtuel.com\/information\/#\/schema\/logo\/image\/"},"sameAs":["https:\/\/web.facebook.com\/Congovirtuel-763617960319601\/?ref=aymt_homepage_panel&amp;amp;amp;amp;amp;amp;amp;amp;amp;amp;amp;eid=ARCoxULa66767kIgF_KYav6VdjXTI4yk_LW4yoVO9s6NXpysgb7Cb65vpxcxgqzOAKvIbLQxaAETcqHT","https:\/\/x.com\/congovirtuel","https:\/\/www.youtube.com\/channel\/UCkFfprYzGgS3EWNpeMXpToQ?view_as=subscriber"]},{"@type":"Person","@id":"https:\/\/congovirtuel.com\/information\/#\/schema\/person\/739a44bf7990966cb53d58d2fdeca0b6","name":"infocongovirtuel","image":{"@type":"ImageObject","inLanguage":"fr-FR","@id":"https:\/\/secure.gravatar.com\/avatar\/4d76991aa72469f0eb22e772586c99113c6997f88da636a9db8f2ce3a2c05e69?s=96&d=mm&r=g","url":"https:\/\/secure.gravatar.com\/avatar\/4d76991aa72469f0eb22e772586c99113c6997f88da636a9db8f2ce3a2c05e69?s=96&d=mm&r=g","contentUrl":"https:\/\/secure.gravatar.com\/avatar\/4d76991aa72469f0eb22e772586c99113c6997f88da636a9db8f2ce3a2c05e69?s=96&d=mm&r=g","caption":"infocongovirtuel"},"url":"https:\/\/congovirtuel.com\/information\/author\/infocongovirtuel\/"}]}},"gt_translate_keys":[{"key":"link","format":"url"}],"_links":{"self":[{"href":"https:\/\/congovirtuel.com\/information\/wp-json\/wp\/v2\/posts\/18396","targetHints":{"allow":["GET"]}}],"collection":[{"href":"https:\/\/congovirtuel.com\/information\/wp-json\/wp\/v2\/posts"}],"about":[{"href":"https:\/\/congovirtuel.com\/information\/wp-json\/wp\/v2\/types\/post"}],"author":[{"embeddable":true,"href":"https:\/\/congovirtuel.com\/information\/wp-json\/wp\/v2\/users\/1"}],"replies":[{"embeddable":true,"href":"https:\/\/congovirtuel.com\/information\/wp-json\/wp\/v2\/comments?post=18396"}],"version-history":[{"count":1,"href":"https:\/\/congovirtuel.com\/information\/wp-json\/wp\/v2\/posts\/18396\/revisions"}],"predecessor-version":[{"id":18398,"href":"https:\/\/congovirtuel.com\/information\/wp-json\/wp\/v2\/posts\/18396\/revisions\/18398"}],"wp:featuredmedia":[{"embeddable":true,"href":"https:\/\/congovirtuel.com\/information\/wp-json\/wp\/v2\/media\/18397"}],"wp:attachment":[{"href":"https:\/\/congovirtuel.com\/information\/wp-json\/wp\/v2\/media?parent=18396"}],"wp:term":[{"taxonomy":"category","embeddable":true,"href":"https:\/\/congovirtuel.com\/information\/wp-json\/wp\/v2\/categories?post=18396"},{"taxonomy":"post_tag","embeddable":true,"href":"https:\/\/congovirtuel.com\/information\/wp-json\/wp\/v2\/tags?post=18396"}],"curies":[{"name":"wp","href":"https:\/\/api.w.org\/{rel}","templated":true}]}}