{"id":18577,"date":"2022-04-02T10:11:26","date_gmt":"2022-04-02T09:11:26","guid":{"rendered":"https:\/\/congovirtuel.com\/information\/?p=18577"},"modified":"2022-04-02T10:13:30","modified_gmt":"2022-04-02T09:13:30","slug":"will-smith-demissionne-de-lacademie-des-oscars-apres-sa-gifle-a-chris-rock","status":"publish","type":"post","link":"https:\/\/congovirtuel.com\/information\/will-smith-demissionne-de-lacademie-des-oscars-apres-sa-gifle-a-chris-rock\/","title":{"rendered":"Will Smith d\u00e9missionne de l&rsquo;Acad\u00e9mie des Oscars apr\u00e8s sa gifle \u00e0 Chris Rock","gt_translate_keys":[{"key":"rendered","format":"text"}]},"content":{"rendered":"<p dir=\"ltr\">Sous le coup d&rsquo;une proc\u00e9dure disciplinaire apr\u00e8s la gifle ass\u00e9n\u00e9e \u00e0 l&rsquo;humoriste Chris Rock en pleine c\u00e9r\u00e9monie des Oscars, Will Smith a pris les devants et annonc\u00e9 vendredi sa d\u00e9mission de l&rsquo;organisation qui d\u00e9cerne les prestigieux troph\u00e9es.<\/p>\n<p dir=\"ltr\">\u00ab\u00a0Mes actions lors de la c\u00e9r\u00e9monie des 94e Oscars ont \u00e9t\u00e9 choquantes, douloureuses et inexcusables\u00a0\u00bb, \u00e9crit Will Smith dans un communiqu\u00e9.<\/p>\n<p dir=\"ltr\">\u00ab\u00a0La liste de ceux que j&rsquo;ai bless\u00e9s est longue et comprend Chris, sa famille, nombre de mes amis chers et de mes proches, tous ceux qui \u00e9taient dans le public ou chez eux\u00a0\u00bb devant la retransmission dimanche dernier, poursuit l&rsquo;acteur de 53 ans.<\/p>\n<p dir=\"ltr\">\u00ab\u00a0Je d\u00e9missionne de mon poste de membre de l&rsquo;Acad\u00e9mie des arts et sciences du cin\u00e9ma et j&rsquo;accepterai toutes les cons\u00e9quences que le conseil d&rsquo;administration estimera appropri\u00e9es\u00a0\u00bb, assure-t-il.<\/p>\n<p dir=\"ltr\">C&rsquo;est une plaisanterie de Chris Rock sur les cheveux ras de Jada Pinkett Smith, \u00e9pouse de Will Smith atteinte d&rsquo;une maladie provoquant une importante chute de cheveux, qui avait d\u00e9clench\u00e9 l&rsquo;esclandre dimanche soir.<\/p>\n<p dir=\"ltr\">Will Smith \u00e9tait soudainement mont\u00e9 sur sc\u00e8ne et avait gifl\u00e9 Chris Rock sous l\u2019\u0153il m\u00e9dus\u00e9 des c\u00e9l\u00e9brit\u00e9s et des t\u00e9l\u00e9spectateurs.<\/p>\n<p dir=\"ltr\">Quelques dizaines de minutes apr\u00e8s la gifle, il \u00e9tait revenu sur la sc\u00e8ne des Oscars pour recevoir le prix du meilleur acteur, pour son r\u00f4le dans \u00ab\u00a0La M\u00e9thode Williams\u00a0\u00bb.<\/p>\n<p dir=\"ltr\">\u00ab\u00a0J&rsquo;ai trahi la confiance de l&rsquo;Acad\u00e9mie. J&rsquo;ai priv\u00e9 d&rsquo;autres candidats et vainqueurs de la chance de pouvoir c\u00e9l\u00e9brer leur travail extraordinaire. J&rsquo;ai le c\u0153ur bris\u00e9\u00a0\u00bb, regrette-t-il dans son texte.<\/p>\n<p dir=\"ltr\">&#8211; Professionnalisme de Chris Rock &#8211;<br \/>\nDans une lettre aux membres de l&rsquo;Acad\u00e9mie, les dirigeants s&rsquo;\u00e9taient dits \u00ab\u00a0scandalis\u00e9s\u00a0\u00bb par l&rsquo;incident, d\u00e9plorant que la c\u00e9r\u00e9monie \u00ab\u00a0ait \u00e9t\u00e9 \u00e9clips\u00e9e par le comportement inacceptable et nuisible d&rsquo;un candidat sur sc\u00e8ne\u00a0\u00bb.<\/p>\n<p dir=\"ltr\">Le conseil d&rsquo;administration a entam\u00e9 des poursuites disciplinaires \u00e0 l&rsquo;encontre de Will Smith.<\/p>\n<p dir=\"ltr\">Il doit se r\u00e9unir le 18 avril pour statuer sur son cas et d\u00e9cider d&rsquo;\u00e9ventuelles sanctions, laissant \u00e0 l&rsquo;acteur un d\u00e9lai d&rsquo;au moins 15 jours pour \u00ab\u00a0\u00eatre entendu au moyen d&rsquo;une r\u00e9ponse \u00e9crite\u00a0\u00bb.<\/p>\n<p dir=\"ltr\">Parmi les sanctions pr\u00e9vues par le r\u00e8glement interne de l&rsquo;organisation figurait la suspension ou l&rsquo;exclusion de l&rsquo;Acad\u00e9mie, qui compte pr\u00e8s de 10.000 membres.<\/p>\n<p dir=\"ltr\">Des voix s&rsquo;\u00e9taient \u00e9lev\u00e9es pour r\u00e9clamer que Will Smith soit d\u00e9chu de son Oscar mais d&rsquo;autres ont fait observer que ni Harvey Weinstein, ancien magnat d&rsquo;Hollywood condamn\u00e9 pour viol et agression sexuelle, ni le r\u00e9alisateur Roman Polanski n&rsquo;avaient \u00e9t\u00e9 contraints de rendre leur statuette apr\u00e8s avoir \u00e9t\u00e9 exclus de l&rsquo;Acad\u00e9mie.<\/p>\n<p dir=\"ltr\">Le producteur de la soir\u00e9e des Oscars, Will Packer, a rendu hommage au sang-froid et au professionnalisme de Chris Rock qui ont selon lui sauv\u00e9 la soir\u00e9e des Oscars.<\/p>\n<p dir=\"ltr\">\u00ab\u00a0C&rsquo;est parce que Chris a g\u00e9r\u00e9 ce moment avec \u00e9l\u00e9gance et sang-froid que nous avons pu continuer le spectacle\u00a0\u00bb, a dit Will Packer vendredi \u00e0 la t\u00e9l\u00e9vision ABC.<\/p>\n<p dir=\"ltr\">Apr\u00e8s avoir \u00e9t\u00e9 gifl\u00e9, l&rsquo;humoriste avait rapidement encha\u00een\u00e9, remettant comme pr\u00e9vu le troph\u00e9e du meilleur documentaire. Il avait ensuite pr\u00e9f\u00e9r\u00e9 jouer l&rsquo;apaisement, refusant de porter plainte contre Will Smith que les policiers \u00e9taient pr\u00eats \u00e0 arr\u00eater pour son geste.<\/p>\n<p dir=\"ltr\">\u00ab\u00a0Cela nous a d&rsquo;une certaine mani\u00e8re autoris\u00e9s \u00e0 poursuivre le show, ce que nous voulions faire\u00a0\u00bb, a soulign\u00e9 le producteur.<\/p>\n<p dir=\"ltr\">Chris Rock s&rsquo;est pour la premi\u00e8re fois exprim\u00e9 sur l&rsquo;incident mercredi soir, peu apr\u00e8s son arriv\u00e9e sur sc\u00e8ne pour un spectacle \u00e0 Boston.<\/p>\n<p dir=\"ltr\">\u00ab\u00a0Je suis encore en train de dig\u00e9rer ce qui s&rsquo;est pass\u00e9. Donc, \u00e0 un moment donn\u00e9, je vais parler de ce truc. Et ce sera s\u00e9rieux et dr\u00f4le\u00a0\u00bb, a-t-il dit.<\/p>\n<p dir=\"ltr\">VOA<\/p>\n","protected":false,"gt_translate_keys":[{"key":"rendered","format":"html"}]},"excerpt":{"rendered":"<p>Sous le coup d&rsquo;une proc\u00e9dure disciplinaire apr\u00e8s la gifle ass\u00e9n\u00e9e \u00e0 l&rsquo;humoriste Chris Rock en pleine c\u00e9r\u00e9monie des Oscars, Will Smith a pris les devants et annonc\u00e9 vendredi sa d\u00e9mission de l&rsquo;organisation qui d\u00e9cerne les prestigieux troph\u00e9es. \u00ab\u00a0Mes actions lors de la c\u00e9r\u00e9monie des 94e Oscars ont \u00e9t\u00e9 choquantes, douloureuses et inexcusables\u00a0\u00bb, \u00e9crit Will Smith dans un communiqu\u00e9. \u00ab\u00a0La liste de ceux que j&rsquo;ai bless\u00e9s est longue et comprend Chris, sa famille, nombre de mes amis chers et de mes proches, tous ceux qui \u00e9taient dans le public ou chez&hellip;<\/p>\n","protected":false,"gt_translate_keys":[{"key":"rendered","format":"html"}]},"author":1,"featured_media":18579,"comment_status":"open","ping_status":"open","sticky":false,"template":"","format":"standard","meta":{"_crdt_document":"","footnotes":""},"categories":[1461],"tags":[36940],"class_list":["post-18577","post","type-post","status-publish","format-standard","has-post-thumbnail","hentry","category-pop-stars","tag-will-smith"],"gutentor_comment":0,"yoast_head":"<!-- This site is optimized with the Yoast SEO plugin v27.5 - https:\/\/yoast.com\/product\/yoast-seo-wordpress\/ -->\n<title>Will Smith d\u00e9missionne de l&#039;Acad\u00e9mie des Oscars apr\u00e8s sa gifle \u00e0 Chris Rock - Actualit\u00e9s congolaises et internationales<\/title>\n<meta name=\"robots\" content=\"index, follow, max-snippet:-1, max-image-preview:large, max-video-preview:-1\" \/>\n<link rel=\"canonical\" href=\"https:\/\/congovirtuel.com\/information\/will-smith-demissionne-de-lacademie-des-oscars-apres-sa-gifle-a-chris-rock\/\" \/>\n<meta property=\"og:locale\" content=\"fr_FR\" \/>\n<meta property=\"og:type\" content=\"article\" \/>\n<meta property=\"og:title\" content=\"Will Smith d\u00e9missionne de l&#039;Acad\u00e9mie des Oscars apr\u00e8s sa gifle \u00e0 Chris Rock - Actualit\u00e9s congolaises et internationales\" \/>\n<meta property=\"og:description\" content=\"Sous le coup d&rsquo;une proc\u00e9dure disciplinaire apr\u00e8s la gifle ass\u00e9n\u00e9e \u00e0 l&rsquo;humoriste Chris Rock en pleine c\u00e9r\u00e9monie des Oscars, Will Smith a pris les devants et annonc\u00e9 vendredi sa d\u00e9mission de l&rsquo;organisation qui d\u00e9cerne les prestigieux troph\u00e9es. \u00ab\u00a0Mes actions lors de la c\u00e9r\u00e9monie des 94e Oscars ont \u00e9t\u00e9 choquantes, douloureuses et inexcusables\u00a0\u00bb, \u00e9crit Will Smith dans un communiqu\u00e9. \u00ab\u00a0La liste de ceux que j&rsquo;ai bless\u00e9s est longue et comprend Chris, sa famille, nombre de mes amis chers et de mes proches, tous ceux qui \u00e9taient dans le public ou chez&hellip;\" \/>\n<meta property=\"og:url\" content=\"https:\/\/congovirtuel.com\/information\/will-smith-demissionne-de-lacademie-des-oscars-apres-sa-gifle-a-chris-rock\/\" \/>\n<meta property=\"og:site_name\" content=\"Actualit\u00e9s congolaises et internationales\" \/>\n<meta property=\"article:publisher\" content=\"https:\/\/web.facebook.com\/Congovirtuel-763617960319601\/?ref=aymt_homepage_panel&amp;amp%3bamp%3bamp%3bamp%3bamp%3bamp%3bamp%3bamp%3bamp%3bamp%3bamp%3beid=ARCoxULa66767kIgF_KYav6VdjXTI4yk_LW4yoVO9s6NXpysgb7Cb65vpxcxgqzOAKvIbLQxaAETcqHT\" \/>\n<meta property=\"article:published_time\" content=\"2022-04-02T09:11:26+00:00\" \/>\n<meta property=\"article:modified_time\" content=\"2022-04-02T09:13:30+00:00\" \/>\n<meta property=\"og:image\" content=\"https:\/\/congovirtuel.com\/information\/wp-content\/uploads\/2022\/04\/02870000-0aff-0242-a40e-08da132a3d9e_w408_r1_s.webp\" \/>\n\t<meta property=\"og:image:width\" content=\"408\" \/>\n\t<meta property=\"og:image:height\" content=\"230\" \/>\n\t<meta property=\"og:image:type\" content=\"image\/webp\" \/>\n<meta name=\"author\" content=\"infocongovirtuel\" \/>\n<meta name=\"twitter:card\" content=\"summary_large_image\" \/>\n<meta name=\"twitter:creator\" content=\"@congovirtuel\" \/>\n<meta name=\"twitter:site\" content=\"@congovirtuel\" \/>\n<meta name=\"twitter:label1\" content=\"\u00c9crit par\" \/>\n\t<meta name=\"twitter:data1\" content=\"infocongovirtuel\" \/>\n\t<meta name=\"twitter:label2\" content=\"Dur\u00e9e de lecture estim\u00e9e\" \/>\n\t<meta name=\"twitter:data2\" content=\"3 minutes\" \/>\n<script type=\"application\/ld+json\" class=\"yoast-schema-graph\">{\"@context\":\"https:\\\/\\\/schema.org\",\"@graph\":[{\"@type\":\"Article\",\"@id\":\"https:\\\/\\\/congovirtuel.com\\\/information\\\/will-smith-demissionne-de-lacademie-des-oscars-apres-sa-gifle-a-chris-rock\\\/#article\",\"isPartOf\":{\"@id\":\"https:\\\/\\\/congovirtuel.com\\\/information\\\/will-smith-demissionne-de-lacademie-des-oscars-apres-sa-gifle-a-chris-rock\\\/\"},\"author\":{\"name\":\"infocongovirtuel\",\"@id\":\"https:\\\/\\\/congovirtuel.com\\\/information\\\/#\\\/schema\\\/person\\\/739a44bf7990966cb53d58d2fdeca0b6\"},\"headline\":\"Will Smith d\u00e9missionne de l&rsquo;Acad\u00e9mie des Oscars apr\u00e8s sa gifle \u00e0 Chris Rock\",\"datePublished\":\"2022-04-02T09:11:26+00:00\",\"dateModified\":\"2022-04-02T09:13:30+00:00\",\"mainEntityOfPage\":{\"@id\":\"https:\\\/\\\/congovirtuel.com\\\/information\\\/will-smith-demissionne-de-lacademie-des-oscars-apres-sa-gifle-a-chris-rock\\\/\"},\"wordCount\":688,\"commentCount\":0,\"publisher\":{\"@id\":\"https:\\\/\\\/congovirtuel.com\\\/information\\\/#organization\"},\"image\":{\"@id\":\"https:\\\/\\\/congovirtuel.com\\\/information\\\/will-smith-demissionne-de-lacademie-des-oscars-apres-sa-gifle-a-chris-rock\\\/#primaryimage\"},\"thumbnailUrl\":\"https:\\\/\\\/congovirtuel.com\\\/information\\\/wp-content\\\/uploads\\\/2022\\\/04\\\/02870000-0aff-0242-a40e-08da132a3d9e_w408_r1_s.webp\",\"keywords\":[\"Will Smith\"],\"articleSection\":[\"Pop Stars\"],\"inLanguage\":\"fr-FR\",\"potentialAction\":[{\"@type\":\"CommentAction\",\"name\":\"Comment\",\"target\":[\"https:\\\/\\\/congovirtuel.com\\\/information\\\/will-smith-demissionne-de-lacademie-des-oscars-apres-sa-gifle-a-chris-rock\\\/#respond\"]}]},{\"@type\":\"WebPage\",\"@id\":\"https:\\\/\\\/congovirtuel.com\\\/information\\\/will-smith-demissionne-de-lacademie-des-oscars-apres-sa-gifle-a-chris-rock\\\/\",\"url\":\"https:\\\/\\\/congovirtuel.com\\\/information\\\/will-smith-demissionne-de-lacademie-des-oscars-apres-sa-gifle-a-chris-rock\\\/\",\"name\":\"Will Smith d\u00e9missionne de l'Acad\u00e9mie des Oscars apr\u00e8s sa gifle \u00e0 Chris Rock - Actualit\u00e9s congolaises et internationales\",\"isPartOf\":{\"@id\":\"https:\\\/\\\/congovirtuel.com\\\/information\\\/#website\"},\"primaryImageOfPage\":{\"@id\":\"https:\\\/\\\/congovirtuel.com\\\/information\\\/will-smith-demissionne-de-lacademie-des-oscars-apres-sa-gifle-a-chris-rock\\\/#primaryimage\"},\"image\":{\"@id\":\"https:\\\/\\\/congovirtuel.com\\\/information\\\/will-smith-demissionne-de-lacademie-des-oscars-apres-sa-gifle-a-chris-rock\\\/#primaryimage\"},\"thumbnailUrl\":\"https:\\\/\\\/congovirtuel.com\\\/information\\\/wp-content\\\/uploads\\\/2022\\\/04\\\/02870000-0aff-0242-a40e-08da132a3d9e_w408_r1_s.webp\",\"datePublished\":\"2022-04-02T09:11:26+00:00\",\"dateModified\":\"2022-04-02T09:13:30+00:00\",\"breadcrumb\":{\"@id\":\"https:\\\/\\\/congovirtuel.com\\\/information\\\/will-smith-demissionne-de-lacademie-des-oscars-apres-sa-gifle-a-chris-rock\\\/#breadcrumb\"},\"inLanguage\":\"fr-FR\",\"potentialAction\":[{\"@type\":\"ReadAction\",\"target\":[\"https:\\\/\\\/congovirtuel.com\\\/information\\\/will-smith-demissionne-de-lacademie-des-oscars-apres-sa-gifle-a-chris-rock\\\/\"]}]},{\"@type\":\"ImageObject\",\"inLanguage\":\"fr-FR\",\"@id\":\"https:\\\/\\\/congovirtuel.com\\\/information\\\/will-smith-demissionne-de-lacademie-des-oscars-apres-sa-gifle-a-chris-rock\\\/#primaryimage\",\"url\":\"https:\\\/\\\/congovirtuel.com\\\/information\\\/wp-content\\\/uploads\\\/2022\\\/04\\\/02870000-0aff-0242-a40e-08da132a3d9e_w408_r1_s.webp\",\"contentUrl\":\"https:\\\/\\\/congovirtuel.com\\\/information\\\/wp-content\\\/uploads\\\/2022\\\/04\\\/02870000-0aff-0242-a40e-08da132a3d9e_w408_r1_s.webp\",\"width\":408,\"height\":230},{\"@type\":\"BreadcrumbList\",\"@id\":\"https:\\\/\\\/congovirtuel.com\\\/information\\\/will-smith-demissionne-de-lacademie-des-oscars-apres-sa-gifle-a-chris-rock\\\/#breadcrumb\",\"itemListElement\":[{\"@type\":\"ListItem\",\"position\":1,\"name\":\"Accueil\",\"item\":\"https:\\\/\\\/congovirtuel.com\\\/information\\\/\"},{\"@type\":\"ListItem\",\"position\":2,\"name\":\"Will Smith d\u00e9missionne de l&rsquo;Acad\u00e9mie des Oscars apr\u00e8s sa gifle \u00e0 Chris Rock\"}]},{\"@type\":\"WebSite\",\"@id\":\"https:\\\/\\\/congovirtuel.com\\\/information\\\/#website\",\"url\":\"https:\\\/\\\/congovirtuel.com\\\/information\\\/\",\"name\":\"Actualit\u00e9s congolaises et internationales\",\"description\":\"site d&#039;analyse et de traitement d&#039;information\",\"publisher\":{\"@id\":\"https:\\\/\\\/congovirtuel.com\\\/information\\\/#organization\"},\"potentialAction\":[{\"@type\":\"SearchAction\",\"target\":{\"@type\":\"EntryPoint\",\"urlTemplate\":\"https:\\\/\\\/congovirtuel.com\\\/information\\\/?s={search_term_string}\"},\"query-input\":{\"@type\":\"PropertyValueSpecification\",\"valueRequired\":true,\"valueName\":\"search_term_string\"}}],\"inLanguage\":\"fr-FR\"},{\"@type\":\"Organization\",\"@id\":\"https:\\\/\\\/congovirtuel.com\\\/information\\\/#organization\",\"name\":\"Biblioth\u00e8que Virtuelle de la RDC\",\"url\":\"https:\\\/\\\/congovirtuel.com\\\/information\\\/\",\"logo\":{\"@type\":\"ImageObject\",\"inLanguage\":\"fr-FR\",\"@id\":\"https:\\\/\\\/congovirtuel.com\\\/information\\\/#\\\/schema\\\/logo\\\/image\\\/\",\"url\":\"https:\\\/\\\/congovirtuel.com\\\/information\\\/wp-content\\\/uploads\\\/2018\\\/10\\\/header-info-congovirtuel-vraie.jpg\",\"contentUrl\":\"https:\\\/\\\/congovirtuel.com\\\/information\\\/wp-content\\\/uploads\\\/2018\\\/10\\\/header-info-congovirtuel-vraie.jpg\",\"width\":728,\"height\":90,\"caption\":\"Biblioth\u00e8que Virtuelle de la RDC\"},\"image\":{\"@id\":\"https:\\\/\\\/congovirtuel.com\\\/information\\\/#\\\/schema\\\/logo\\\/image\\\/\"},\"sameAs\":[\"https:\\\/\\\/web.facebook.com\\\/Congovirtuel-763617960319601\\\/?ref=aymt_homepage_panel&amp;amp;amp;amp;amp;amp;amp;amp;amp;amp;amp;eid=ARCoxULa66767kIgF_KYav6VdjXTI4yk_LW4yoVO9s6NXpysgb7Cb65vpxcxgqzOAKvIbLQxaAETcqHT\",\"https:\\\/\\\/x.com\\\/congovirtuel\",\"https:\\\/\\\/www.youtube.com\\\/channel\\\/UCkFfprYzGgS3EWNpeMXpToQ?view_as=subscriber\"]},{\"@type\":\"Person\",\"@id\":\"https:\\\/\\\/congovirtuel.com\\\/information\\\/#\\\/schema\\\/person\\\/739a44bf7990966cb53d58d2fdeca0b6\",\"name\":\"infocongovirtuel\",\"image\":{\"@type\":\"ImageObject\",\"inLanguage\":\"fr-FR\",\"@id\":\"https:\\\/\\\/secure.gravatar.com\\\/avatar\\\/4d76991aa72469f0eb22e772586c99113c6997f88da636a9db8f2ce3a2c05e69?s=96&d=mm&r=g\",\"url\":\"https:\\\/\\\/secure.gravatar.com\\\/avatar\\\/4d76991aa72469f0eb22e772586c99113c6997f88da636a9db8f2ce3a2c05e69?s=96&d=mm&r=g\",\"contentUrl\":\"https:\\\/\\\/secure.gravatar.com\\\/avatar\\\/4d76991aa72469f0eb22e772586c99113c6997f88da636a9db8f2ce3a2c05e69?s=96&d=mm&r=g\",\"caption\":\"infocongovirtuel\"},\"url\":\"https:\\\/\\\/congovirtuel.com\\\/information\\\/author\\\/infocongovirtuel\\\/\"}]}<\/script>\n<!-- \/ Yoast SEO plugin. -->","yoast_head_json":{"title":"Will Smith d\u00e9missionne de l'Acad\u00e9mie des Oscars apr\u00e8s sa gifle \u00e0 Chris Rock - Actualit\u00e9s congolaises et internationales","robots":{"index":"index","follow":"follow","max-snippet":"max-snippet:-1","max-image-preview":"max-image-preview:large","max-video-preview":"max-video-preview:-1"},"canonical":"https:\/\/congovirtuel.com\/information\/will-smith-demissionne-de-lacademie-des-oscars-apres-sa-gifle-a-chris-rock\/","og_locale":"fr_FR","og_type":"article","og_title":"Will Smith d\u00e9missionne de l'Acad\u00e9mie des Oscars apr\u00e8s sa gifle \u00e0 Chris Rock - Actualit\u00e9s congolaises et internationales","og_description":"Sous le coup d&rsquo;une proc\u00e9dure disciplinaire apr\u00e8s la gifle ass\u00e9n\u00e9e \u00e0 l&rsquo;humoriste Chris Rock en pleine c\u00e9r\u00e9monie des Oscars, Will Smith a pris les devants et annonc\u00e9 vendredi sa d\u00e9mission de l&rsquo;organisation qui d\u00e9cerne les prestigieux troph\u00e9es. \u00ab\u00a0Mes actions lors de la c\u00e9r\u00e9monie des 94e Oscars ont \u00e9t\u00e9 choquantes, douloureuses et inexcusables\u00a0\u00bb, \u00e9crit Will Smith dans un communiqu\u00e9. \u00ab\u00a0La liste de ceux que j&rsquo;ai bless\u00e9s est longue et comprend Chris, sa famille, nombre de mes amis chers et de mes proches, tous ceux qui \u00e9taient dans le public ou chez&hellip;","og_url":"https:\/\/congovirtuel.com\/information\/will-smith-demissionne-de-lacademie-des-oscars-apres-sa-gifle-a-chris-rock\/","og_site_name":"Actualit\u00e9s congolaises et internationales","article_publisher":"https:\/\/web.facebook.com\/Congovirtuel-763617960319601\/?ref=aymt_homepage_panel&amp%3bamp%3bamp%3bamp%3bamp%3bamp%3bamp%3bamp%3bamp%3bamp%3bamp%3beid=ARCoxULa66767kIgF_KYav6VdjXTI4yk_LW4yoVO9s6NXpysgb7Cb65vpxcxgqzOAKvIbLQxaAETcqHT","article_published_time":"2022-04-02T09:11:26+00:00","article_modified_time":"2022-04-02T09:13:30+00:00","og_image":[{"width":408,"height":230,"url":"https:\/\/congovirtuel.com\/information\/wp-content\/uploads\/2022\/04\/02870000-0aff-0242-a40e-08da132a3d9e_w408_r1_s.webp","type":"image\/webp"}],"author":"infocongovirtuel","twitter_card":"summary_large_image","twitter_creator":"@congovirtuel","twitter_site":"@congovirtuel","twitter_misc":{"\u00c9crit par":"infocongovirtuel","Dur\u00e9e de lecture estim\u00e9e":"3 minutes"},"schema":{"@context":"https:\/\/schema.org","@graph":[{"@type":"Article","@id":"https:\/\/congovirtuel.com\/information\/will-smith-demissionne-de-lacademie-des-oscars-apres-sa-gifle-a-chris-rock\/#article","isPartOf":{"@id":"https:\/\/congovirtuel.com\/information\/will-smith-demissionne-de-lacademie-des-oscars-apres-sa-gifle-a-chris-rock\/"},"author":{"name":"infocongovirtuel","@id":"https:\/\/congovirtuel.com\/information\/#\/schema\/person\/739a44bf7990966cb53d58d2fdeca0b6"},"headline":"Will Smith d\u00e9missionne de l&rsquo;Acad\u00e9mie des Oscars apr\u00e8s sa gifle \u00e0 Chris Rock","datePublished":"2022-04-02T09:11:26+00:00","dateModified":"2022-04-02T09:13:30+00:00","mainEntityOfPage":{"@id":"https:\/\/congovirtuel.com\/information\/will-smith-demissionne-de-lacademie-des-oscars-apres-sa-gifle-a-chris-rock\/"},"wordCount":688,"commentCount":0,"publisher":{"@id":"https:\/\/congovirtuel.com\/information\/#organization"},"image":{"@id":"https:\/\/congovirtuel.com\/information\/will-smith-demissionne-de-lacademie-des-oscars-apres-sa-gifle-a-chris-rock\/#primaryimage"},"thumbnailUrl":"https:\/\/congovirtuel.com\/information\/wp-content\/uploads\/2022\/04\/02870000-0aff-0242-a40e-08da132a3d9e_w408_r1_s.webp","keywords":["Will Smith"],"articleSection":["Pop Stars"],"inLanguage":"fr-FR","potentialAction":[{"@type":"CommentAction","name":"Comment","target":["https:\/\/congovirtuel.com\/information\/will-smith-demissionne-de-lacademie-des-oscars-apres-sa-gifle-a-chris-rock\/#respond"]}]},{"@type":"WebPage","@id":"https:\/\/congovirtuel.com\/information\/will-smith-demissionne-de-lacademie-des-oscars-apres-sa-gifle-a-chris-rock\/","url":"https:\/\/congovirtuel.com\/information\/will-smith-demissionne-de-lacademie-des-oscars-apres-sa-gifle-a-chris-rock\/","name":"Will Smith d\u00e9missionne de l'Acad\u00e9mie des Oscars apr\u00e8s sa gifle \u00e0 Chris Rock - Actualit\u00e9s congolaises et internationales","isPartOf":{"@id":"https:\/\/congovirtuel.com\/information\/#website"},"primaryImageOfPage":{"@id":"https:\/\/congovirtuel.com\/information\/will-smith-demissionne-de-lacademie-des-oscars-apres-sa-gifle-a-chris-rock\/#primaryimage"},"image":{"@id":"https:\/\/congovirtuel.com\/information\/will-smith-demissionne-de-lacademie-des-oscars-apres-sa-gifle-a-chris-rock\/#primaryimage"},"thumbnailUrl":"https:\/\/congovirtuel.com\/information\/wp-content\/uploads\/2022\/04\/02870000-0aff-0242-a40e-08da132a3d9e_w408_r1_s.webp","datePublished":"2022-04-02T09:11:26+00:00","dateModified":"2022-04-02T09:13:30+00:00","breadcrumb":{"@id":"https:\/\/congovirtuel.com\/information\/will-smith-demissionne-de-lacademie-des-oscars-apres-sa-gifle-a-chris-rock\/#breadcrumb"},"inLanguage":"fr-FR","potentialAction":[{"@type":"ReadAction","target":["https:\/\/congovirtuel.com\/information\/will-smith-demissionne-de-lacademie-des-oscars-apres-sa-gifle-a-chris-rock\/"]}]},{"@type":"ImageObject","inLanguage":"fr-FR","@id":"https:\/\/congovirtuel.com\/information\/will-smith-demissionne-de-lacademie-des-oscars-apres-sa-gifle-a-chris-rock\/#primaryimage","url":"https:\/\/congovirtuel.com\/information\/wp-content\/uploads\/2022\/04\/02870000-0aff-0242-a40e-08da132a3d9e_w408_r1_s.webp","contentUrl":"https:\/\/congovirtuel.com\/information\/wp-content\/uploads\/2022\/04\/02870000-0aff-0242-a40e-08da132a3d9e_w408_r1_s.webp","width":408,"height":230},{"@type":"BreadcrumbList","@id":"https:\/\/congovirtuel.com\/information\/will-smith-demissionne-de-lacademie-des-oscars-apres-sa-gifle-a-chris-rock\/#breadcrumb","itemListElement":[{"@type":"ListItem","position":1,"name":"Accueil","item":"https:\/\/congovirtuel.com\/information\/"},{"@type":"ListItem","position":2,"name":"Will Smith d\u00e9missionne de l&rsquo;Acad\u00e9mie des Oscars apr\u00e8s sa gifle \u00e0 Chris Rock"}]},{"@type":"WebSite","@id":"https:\/\/congovirtuel.com\/information\/#website","url":"https:\/\/congovirtuel.com\/information\/","name":"Actualit\u00e9s congolaises et internationales","description":"site d&#039;analyse et de traitement d&#039;information","publisher":{"@id":"https:\/\/congovirtuel.com\/information\/#organization"},"potentialAction":[{"@type":"SearchAction","target":{"@type":"EntryPoint","urlTemplate":"https:\/\/congovirtuel.com\/information\/?s={search_term_string}"},"query-input":{"@type":"PropertyValueSpecification","valueRequired":true,"valueName":"search_term_string"}}],"inLanguage":"fr-FR"},{"@type":"Organization","@id":"https:\/\/congovirtuel.com\/information\/#organization","name":"Biblioth\u00e8que Virtuelle de la RDC","url":"https:\/\/congovirtuel.com\/information\/","logo":{"@type":"ImageObject","inLanguage":"fr-FR","@id":"https:\/\/congovirtuel.com\/information\/#\/schema\/logo\/image\/","url":"https:\/\/congovirtuel.com\/information\/wp-content\/uploads\/2018\/10\/header-info-congovirtuel-vraie.jpg","contentUrl":"https:\/\/congovirtuel.com\/information\/wp-content\/uploads\/2018\/10\/header-info-congovirtuel-vraie.jpg","width":728,"height":90,"caption":"Biblioth\u00e8que Virtuelle de la RDC"},"image":{"@id":"https:\/\/congovirtuel.com\/information\/#\/schema\/logo\/image\/"},"sameAs":["https:\/\/web.facebook.com\/Congovirtuel-763617960319601\/?ref=aymt_homepage_panel&amp;amp;amp;amp;amp;amp;amp;amp;amp;amp;amp;eid=ARCoxULa66767kIgF_KYav6VdjXTI4yk_LW4yoVO9s6NXpysgb7Cb65vpxcxgqzOAKvIbLQxaAETcqHT","https:\/\/x.com\/congovirtuel","https:\/\/www.youtube.com\/channel\/UCkFfprYzGgS3EWNpeMXpToQ?view_as=subscriber"]},{"@type":"Person","@id":"https:\/\/congovirtuel.com\/information\/#\/schema\/person\/739a44bf7990966cb53d58d2fdeca0b6","name":"infocongovirtuel","image":{"@type":"ImageObject","inLanguage":"fr-FR","@id":"https:\/\/secure.gravatar.com\/avatar\/4d76991aa72469f0eb22e772586c99113c6997f88da636a9db8f2ce3a2c05e69?s=96&d=mm&r=g","url":"https:\/\/secure.gravatar.com\/avatar\/4d76991aa72469f0eb22e772586c99113c6997f88da636a9db8f2ce3a2c05e69?s=96&d=mm&r=g","contentUrl":"https:\/\/secure.gravatar.com\/avatar\/4d76991aa72469f0eb22e772586c99113c6997f88da636a9db8f2ce3a2c05e69?s=96&d=mm&r=g","caption":"infocongovirtuel"},"url":"https:\/\/congovirtuel.com\/information\/author\/infocongovirtuel\/"}]}},"gt_translate_keys":[{"key":"link","format":"url"}],"_links":{"self":[{"href":"https:\/\/congovirtuel.com\/information\/wp-json\/wp\/v2\/posts\/18577","targetHints":{"allow":["GET"]}}],"collection":[{"href":"https:\/\/congovirtuel.com\/information\/wp-json\/wp\/v2\/posts"}],"about":[{"href":"https:\/\/congovirtuel.com\/information\/wp-json\/wp\/v2\/types\/post"}],"author":[{"embeddable":true,"href":"https:\/\/congovirtuel.com\/information\/wp-json\/wp\/v2\/users\/1"}],"replies":[{"embeddable":true,"href":"https:\/\/congovirtuel.com\/information\/wp-json\/wp\/v2\/comments?post=18577"}],"version-history":[{"count":1,"href":"https:\/\/congovirtuel.com\/information\/wp-json\/wp\/v2\/posts\/18577\/revisions"}],"predecessor-version":[{"id":18578,"href":"https:\/\/congovirtuel.com\/information\/wp-json\/wp\/v2\/posts\/18577\/revisions\/18578"}],"wp:featuredmedia":[{"embeddable":true,"href":"https:\/\/congovirtuel.com\/information\/wp-json\/wp\/v2\/media\/18579"}],"wp:attachment":[{"href":"https:\/\/congovirtuel.com\/information\/wp-json\/wp\/v2\/media?parent=18577"}],"wp:term":[{"taxonomy":"category","embeddable":true,"href":"https:\/\/congovirtuel.com\/information\/wp-json\/wp\/v2\/categories?post=18577"},{"taxonomy":"post_tag","embeddable":true,"href":"https:\/\/congovirtuel.com\/information\/wp-json\/wp\/v2\/tags?post=18577"}],"curies":[{"name":"wp","href":"https:\/\/api.w.org\/{rel}","templated":true}]}}