{"id":18594,"date":"2022-04-06T19:56:18","date_gmt":"2022-04-06T18:56:18","guid":{"rendered":"https:\/\/congovirtuel.com\/information\/?p=18594"},"modified":"2022-04-06T19:57:44","modified_gmt":"2022-04-06T18:57:44","slug":"rdc-meurtre-des-deux-imams-a-beni-le-chef-des-adf-pointe-du-doigt","status":"publish","type":"post","link":"https:\/\/congovirtuel.com\/information\/rdc-meurtre-des-deux-imams-a-beni-le-chef-des-adf-pointe-du-doigt\/","title":{"rendered":"RDC: Meurtre des deux imams \u00e0 Beni : le chef des ADF point\u00e9 du doigt","gt_translate_keys":[{"key":"rendered","format":"text"}]},"content":{"rendered":"<p>Le proc\u00e8s sur l\u2019assassinat par balles de deux imams, l\u2019an dernier, a \u00e9t\u00e9 poursuivi le mardi 5 avril 2022, par le tribunal militaire de Beni dans le Nord-Kivu. Le pr\u00e9venu Isma\u00ebl Ikumu a r\u00e9v\u00e9l\u00e9 devant les juges que Amin Osman et Djamali Moussa ont \u00e9t\u00e9 tu\u00e9s par un commando de l\u2019ADF.<\/p>\n<p>D\u2019origine ougandaise, l\u2019accus\u00e9 a d\u00e9voil\u00e9 que ce meurtre a \u00e9t\u00e9 commandit\u00e9 par Moussa Seka Baluku, qui est le n\u00b01 de ce groupe arm\u00e9. Il a encore dans sa d\u00e9position pr\u00e9cis\u00e9 que leur chef reprochait aux deux infortun\u00e9s de lui avoir escroqu\u00e9 la somme de 50 000 dollars am\u00e9ricains, a dit le logisticien de la r\u00e9bellion de l&rsquo;ADF.<\/p>\n<p>&nbsp;<\/p>\n<p>Et cette version a \u00e9t\u00e9 rejet\u00e9e par la partie civile, repr\u00e9sentant la communaut\u00e9 islamique. Elle assure que les deux imams tu\u00e9s ont \u00e9t\u00e9 menac\u00e9s plusieurs fois par les rebelles ADF pour leur prise de position publique contre l&rsquo;activisme de cette r\u00e9bellion. De son c\u00f4t\u00e9, le minist\u00e8re public a pr\u00e9sent\u00e9 un relev\u00e9 d&rsquo;appels requis aupr\u00e8s d\u2019Airtel.<\/p>\n<p>&nbsp;<\/p>\n<p>Cette soci\u00e9t\u00e9 de t\u00e9l\u00e9phonie cellulaire a r\u00e9v\u00e9l\u00e9 l\u2019\u00e9change des messages entre certains pr\u00e9venus au proc\u00e8s et le chef ADF Moussa Kamusi, la veille et le jour de l&rsquo;assassinat de ces deux imams, rapporte Radio Okapi. Sur une dizaine de pr\u00e9venus, il y a des Congolais, un Ougandais et deux Burundais, tous, sont poursuivis pour participation \u00e0 un mouvement insurrectionnel, assassinat et terrorisme. La prochaine audience est fix\u00e9e au mardi 12 avril.<\/p>\n<p>&nbsp;<\/p>\n<p>Gis\u00e8le Mbuyi\/Digital<\/p>\n<p>&nbsp;<\/p>\n","protected":false,"gt_translate_keys":[{"key":"rendered","format":"html"}]},"excerpt":{"rendered":"<p>Le proc\u00e8s sur l\u2019assassinat par balles de deux imams, l\u2019an dernier, a \u00e9t\u00e9 poursuivi le mardi 5 avril 2022, par le tribunal militaire de Beni dans le Nord-Kivu. Le pr\u00e9venu Isma\u00ebl Ikumu a r\u00e9v\u00e9l\u00e9 devant les juges que Amin Osman et Djamali Moussa ont \u00e9t\u00e9 tu\u00e9s par un commando de l\u2019ADF. D\u2019origine ougandaise, l\u2019accus\u00e9 a d\u00e9voil\u00e9 que ce meurtre a \u00e9t\u00e9 commandit\u00e9 par Moussa Seka Baluku, qui est le n\u00b01 de ce groupe arm\u00e9. Il a encore dans sa d\u00e9position pr\u00e9cis\u00e9 que leur chef reprochait aux deux infortun\u00e9s de lui&hellip;<\/p>\n","protected":false,"gt_translate_keys":[{"key":"rendered","format":"html"}]},"author":1,"featured_media":18596,"comment_status":"open","ping_status":"open","sticky":false,"template":"","format":"standard","meta":{"_crdt_document":"","footnotes":""},"categories":[199],"tags":[36943],"class_list":["post-18594","post","type-post","status-publish","format-standard","has-post-thumbnail","hentry","category-insecurite","tag-assassinat-imam-beni"],"gutentor_comment":0,"yoast_head":"<!-- This site is optimized with the Yoast SEO plugin v27.5 - https:\/\/yoast.com\/product\/yoast-seo-wordpress\/ -->\n<title>RDC: Meurtre des deux imams \u00e0 Beni : le chef des ADF point\u00e9 du doigt - Actualit\u00e9s congolaises et internationales<\/title>\n<meta name=\"robots\" content=\"index, follow, max-snippet:-1, max-image-preview:large, max-video-preview:-1\" \/>\n<link rel=\"canonical\" href=\"https:\/\/congovirtuel.com\/information\/rdc-meurtre-des-deux-imams-a-beni-le-chef-des-adf-pointe-du-doigt\/\" \/>\n<meta property=\"og:locale\" content=\"fr_FR\" \/>\n<meta property=\"og:type\" content=\"article\" \/>\n<meta property=\"og:title\" content=\"RDC: Meurtre des deux imams \u00e0 Beni : le chef des ADF point\u00e9 du doigt - Actualit\u00e9s congolaises et internationales\" \/>\n<meta property=\"og:description\" content=\"Le proc\u00e8s sur l\u2019assassinat par balles de deux imams, l\u2019an dernier, a \u00e9t\u00e9 poursuivi le mardi 5 avril 2022, par le tribunal militaire de Beni dans le Nord-Kivu. Le pr\u00e9venu Isma\u00ebl Ikumu a r\u00e9v\u00e9l\u00e9 devant les juges que Amin Osman et Djamali Moussa ont \u00e9t\u00e9 tu\u00e9s par un commando de l\u2019ADF. D\u2019origine ougandaise, l\u2019accus\u00e9 a d\u00e9voil\u00e9 que ce meurtre a \u00e9t\u00e9 commandit\u00e9 par Moussa Seka Baluku, qui est le n\u00b01 de ce groupe arm\u00e9. Il a encore dans sa d\u00e9position pr\u00e9cis\u00e9 que leur chef reprochait aux deux infortun\u00e9s de lui&hellip;\" \/>\n<meta property=\"og:url\" content=\"https:\/\/congovirtuel.com\/information\/rdc-meurtre-des-deux-imams-a-beni-le-chef-des-adf-pointe-du-doigt\/\" \/>\n<meta property=\"og:site_name\" content=\"Actualit\u00e9s congolaises et internationales\" \/>\n<meta property=\"article:publisher\" content=\"https:\/\/web.facebook.com\/Congovirtuel-763617960319601\/?ref=aymt_homepage_panel&amp;amp%3bamp%3bamp%3bamp%3bamp%3bamp%3bamp%3bamp%3bamp%3bamp%3bamp%3beid=ARCoxULa66767kIgF_KYav6VdjXTI4yk_LW4yoVO9s6NXpysgb7Cb65vpxcxgqzOAKvIbLQxaAETcqHT\" \/>\n<meta property=\"article:published_time\" content=\"2022-04-06T18:56:18+00:00\" \/>\n<meta property=\"article:modified_time\" content=\"2022-04-06T18:57:44+00:00\" \/>\n<meta property=\"og:image\" content=\"https:\/\/congovirtuel.com\/information\/wp-content\/uploads\/2022\/04\/1649247505.jpg\" \/>\n\t<meta property=\"og:image:width\" content=\"700\" \/>\n\t<meta property=\"og:image:height\" content=\"420\" \/>\n\t<meta property=\"og:image:type\" content=\"image\/jpeg\" \/>\n<meta name=\"author\" content=\"infocongovirtuel\" \/>\n<meta name=\"twitter:card\" content=\"summary_large_image\" \/>\n<meta name=\"twitter:creator\" content=\"@congovirtuel\" \/>\n<meta name=\"twitter:site\" content=\"@congovirtuel\" \/>\n<meta name=\"twitter:label1\" content=\"\u00c9crit par\" \/>\n\t<meta name=\"twitter:data1\" content=\"infocongovirtuel\" \/>\n\t<meta name=\"twitter:label2\" content=\"Dur\u00e9e de lecture estim\u00e9e\" \/>\n\t<meta name=\"twitter:data2\" content=\"2 minutes\" \/>\n<script type=\"application\/ld+json\" class=\"yoast-schema-graph\">{\"@context\":\"https:\\\/\\\/schema.org\",\"@graph\":[{\"@type\":\"Article\",\"@id\":\"https:\\\/\\\/congovirtuel.com\\\/information\\\/rdc-meurtre-des-deux-imams-a-beni-le-chef-des-adf-pointe-du-doigt\\\/#article\",\"isPartOf\":{\"@id\":\"https:\\\/\\\/congovirtuel.com\\\/information\\\/rdc-meurtre-des-deux-imams-a-beni-le-chef-des-adf-pointe-du-doigt\\\/\"},\"author\":{\"name\":\"infocongovirtuel\",\"@id\":\"https:\\\/\\\/congovirtuel.com\\\/information\\\/#\\\/schema\\\/person\\\/739a44bf7990966cb53d58d2fdeca0b6\"},\"headline\":\"RDC: Meurtre des deux imams \u00e0 Beni : le chef des ADF point\u00e9 du doigt\",\"datePublished\":\"2022-04-06T18:56:18+00:00\",\"dateModified\":\"2022-04-06T18:57:44+00:00\",\"mainEntityOfPage\":{\"@id\":\"https:\\\/\\\/congovirtuel.com\\\/information\\\/rdc-meurtre-des-deux-imams-a-beni-le-chef-des-adf-pointe-du-doigt\\\/\"},\"wordCount\":290,\"commentCount\":0,\"publisher\":{\"@id\":\"https:\\\/\\\/congovirtuel.com\\\/information\\\/#organization\"},\"image\":{\"@id\":\"https:\\\/\\\/congovirtuel.com\\\/information\\\/rdc-meurtre-des-deux-imams-a-beni-le-chef-des-adf-pointe-du-doigt\\\/#primaryimage\"},\"thumbnailUrl\":\"https:\\\/\\\/congovirtuel.com\\\/information\\\/wp-content\\\/uploads\\\/2022\\\/04\\\/1649247505.jpg\",\"keywords\":[\"Assassinat Imam Beni\"],\"articleSection\":[\"Ins\u00e9curit\u00e9\"],\"inLanguage\":\"fr-FR\",\"potentialAction\":[{\"@type\":\"CommentAction\",\"name\":\"Comment\",\"target\":[\"https:\\\/\\\/congovirtuel.com\\\/information\\\/rdc-meurtre-des-deux-imams-a-beni-le-chef-des-adf-pointe-du-doigt\\\/#respond\"]}]},{\"@type\":\"WebPage\",\"@id\":\"https:\\\/\\\/congovirtuel.com\\\/information\\\/rdc-meurtre-des-deux-imams-a-beni-le-chef-des-adf-pointe-du-doigt\\\/\",\"url\":\"https:\\\/\\\/congovirtuel.com\\\/information\\\/rdc-meurtre-des-deux-imams-a-beni-le-chef-des-adf-pointe-du-doigt\\\/\",\"name\":\"RDC: Meurtre des deux imams \u00e0 Beni : le chef des ADF point\u00e9 du doigt - Actualit\u00e9s congolaises et internationales\",\"isPartOf\":{\"@id\":\"https:\\\/\\\/congovirtuel.com\\\/information\\\/#website\"},\"primaryImageOfPage\":{\"@id\":\"https:\\\/\\\/congovirtuel.com\\\/information\\\/rdc-meurtre-des-deux-imams-a-beni-le-chef-des-adf-pointe-du-doigt\\\/#primaryimage\"},\"image\":{\"@id\":\"https:\\\/\\\/congovirtuel.com\\\/information\\\/rdc-meurtre-des-deux-imams-a-beni-le-chef-des-adf-pointe-du-doigt\\\/#primaryimage\"},\"thumbnailUrl\":\"https:\\\/\\\/congovirtuel.com\\\/information\\\/wp-content\\\/uploads\\\/2022\\\/04\\\/1649247505.jpg\",\"datePublished\":\"2022-04-06T18:56:18+00:00\",\"dateModified\":\"2022-04-06T18:57:44+00:00\",\"breadcrumb\":{\"@id\":\"https:\\\/\\\/congovirtuel.com\\\/information\\\/rdc-meurtre-des-deux-imams-a-beni-le-chef-des-adf-pointe-du-doigt\\\/#breadcrumb\"},\"inLanguage\":\"fr-FR\",\"potentialAction\":[{\"@type\":\"ReadAction\",\"target\":[\"https:\\\/\\\/congovirtuel.com\\\/information\\\/rdc-meurtre-des-deux-imams-a-beni-le-chef-des-adf-pointe-du-doigt\\\/\"]}]},{\"@type\":\"ImageObject\",\"inLanguage\":\"fr-FR\",\"@id\":\"https:\\\/\\\/congovirtuel.com\\\/information\\\/rdc-meurtre-des-deux-imams-a-beni-le-chef-des-adf-pointe-du-doigt\\\/#primaryimage\",\"url\":\"https:\\\/\\\/congovirtuel.com\\\/information\\\/wp-content\\\/uploads\\\/2022\\\/04\\\/1649247505.jpg\",\"contentUrl\":\"https:\\\/\\\/congovirtuel.com\\\/information\\\/wp-content\\\/uploads\\\/2022\\\/04\\\/1649247505.jpg\",\"width\":700,\"height\":420},{\"@type\":\"BreadcrumbList\",\"@id\":\"https:\\\/\\\/congovirtuel.com\\\/information\\\/rdc-meurtre-des-deux-imams-a-beni-le-chef-des-adf-pointe-du-doigt\\\/#breadcrumb\",\"itemListElement\":[{\"@type\":\"ListItem\",\"position\":1,\"name\":\"Accueil\",\"item\":\"https:\\\/\\\/congovirtuel.com\\\/information\\\/\"},{\"@type\":\"ListItem\",\"position\":2,\"name\":\"RDC: Meurtre des deux imams \u00e0 Beni : le chef des ADF point\u00e9 du doigt\"}]},{\"@type\":\"WebSite\",\"@id\":\"https:\\\/\\\/congovirtuel.com\\\/information\\\/#website\",\"url\":\"https:\\\/\\\/congovirtuel.com\\\/information\\\/\",\"name\":\"Actualit\u00e9s congolaises et internationales\",\"description\":\"site d&#039;analyse et de traitement d&#039;information\",\"publisher\":{\"@id\":\"https:\\\/\\\/congovirtuel.com\\\/information\\\/#organization\"},\"potentialAction\":[{\"@type\":\"SearchAction\",\"target\":{\"@type\":\"EntryPoint\",\"urlTemplate\":\"https:\\\/\\\/congovirtuel.com\\\/information\\\/?s={search_term_string}\"},\"query-input\":{\"@type\":\"PropertyValueSpecification\",\"valueRequired\":true,\"valueName\":\"search_term_string\"}}],\"inLanguage\":\"fr-FR\"},{\"@type\":\"Organization\",\"@id\":\"https:\\\/\\\/congovirtuel.com\\\/information\\\/#organization\",\"name\":\"Biblioth\u00e8que Virtuelle de la RDC\",\"url\":\"https:\\\/\\\/congovirtuel.com\\\/information\\\/\",\"logo\":{\"@type\":\"ImageObject\",\"inLanguage\":\"fr-FR\",\"@id\":\"https:\\\/\\\/congovirtuel.com\\\/information\\\/#\\\/schema\\\/logo\\\/image\\\/\",\"url\":\"https:\\\/\\\/congovirtuel.com\\\/information\\\/wp-content\\\/uploads\\\/2018\\\/10\\\/header-info-congovirtuel-vraie.jpg\",\"contentUrl\":\"https:\\\/\\\/congovirtuel.com\\\/information\\\/wp-content\\\/uploads\\\/2018\\\/10\\\/header-info-congovirtuel-vraie.jpg\",\"width\":728,\"height\":90,\"caption\":\"Biblioth\u00e8que Virtuelle de la RDC\"},\"image\":{\"@id\":\"https:\\\/\\\/congovirtuel.com\\\/information\\\/#\\\/schema\\\/logo\\\/image\\\/\"},\"sameAs\":[\"https:\\\/\\\/web.facebook.com\\\/Congovirtuel-763617960319601\\\/?ref=aymt_homepage_panel&amp;amp;amp;amp;amp;amp;amp;amp;amp;amp;amp;eid=ARCoxULa66767kIgF_KYav6VdjXTI4yk_LW4yoVO9s6NXpysgb7Cb65vpxcxgqzOAKvIbLQxaAETcqHT\",\"https:\\\/\\\/x.com\\\/congovirtuel\",\"https:\\\/\\\/www.youtube.com\\\/channel\\\/UCkFfprYzGgS3EWNpeMXpToQ?view_as=subscriber\"]},{\"@type\":\"Person\",\"@id\":\"https:\\\/\\\/congovirtuel.com\\\/information\\\/#\\\/schema\\\/person\\\/739a44bf7990966cb53d58d2fdeca0b6\",\"name\":\"infocongovirtuel\",\"image\":{\"@type\":\"ImageObject\",\"inLanguage\":\"fr-FR\",\"@id\":\"https:\\\/\\\/secure.gravatar.com\\\/avatar\\\/4d76991aa72469f0eb22e772586c99113c6997f88da636a9db8f2ce3a2c05e69?s=96&d=mm&r=g\",\"url\":\"https:\\\/\\\/secure.gravatar.com\\\/avatar\\\/4d76991aa72469f0eb22e772586c99113c6997f88da636a9db8f2ce3a2c05e69?s=96&d=mm&r=g\",\"contentUrl\":\"https:\\\/\\\/secure.gravatar.com\\\/avatar\\\/4d76991aa72469f0eb22e772586c99113c6997f88da636a9db8f2ce3a2c05e69?s=96&d=mm&r=g\",\"caption\":\"infocongovirtuel\"},\"url\":\"https:\\\/\\\/congovirtuel.com\\\/information\\\/author\\\/infocongovirtuel\\\/\"}]}<\/script>\n<!-- \/ Yoast SEO plugin. -->","yoast_head_json":{"title":"RDC: Meurtre des deux imams \u00e0 Beni : le chef des ADF point\u00e9 du doigt - Actualit\u00e9s congolaises et internationales","robots":{"index":"index","follow":"follow","max-snippet":"max-snippet:-1","max-image-preview":"max-image-preview:large","max-video-preview":"max-video-preview:-1"},"canonical":"https:\/\/congovirtuel.com\/information\/rdc-meurtre-des-deux-imams-a-beni-le-chef-des-adf-pointe-du-doigt\/","og_locale":"fr_FR","og_type":"article","og_title":"RDC: Meurtre des deux imams \u00e0 Beni : le chef des ADF point\u00e9 du doigt - Actualit\u00e9s congolaises et internationales","og_description":"Le proc\u00e8s sur l\u2019assassinat par balles de deux imams, l\u2019an dernier, a \u00e9t\u00e9 poursuivi le mardi 5 avril 2022, par le tribunal militaire de Beni dans le Nord-Kivu. Le pr\u00e9venu Isma\u00ebl Ikumu a r\u00e9v\u00e9l\u00e9 devant les juges que Amin Osman et Djamali Moussa ont \u00e9t\u00e9 tu\u00e9s par un commando de l\u2019ADF. D\u2019origine ougandaise, l\u2019accus\u00e9 a d\u00e9voil\u00e9 que ce meurtre a \u00e9t\u00e9 commandit\u00e9 par Moussa Seka Baluku, qui est le n\u00b01 de ce groupe arm\u00e9. Il a encore dans sa d\u00e9position pr\u00e9cis\u00e9 que leur chef reprochait aux deux infortun\u00e9s de lui&hellip;","og_url":"https:\/\/congovirtuel.com\/information\/rdc-meurtre-des-deux-imams-a-beni-le-chef-des-adf-pointe-du-doigt\/","og_site_name":"Actualit\u00e9s congolaises et internationales","article_publisher":"https:\/\/web.facebook.com\/Congovirtuel-763617960319601\/?ref=aymt_homepage_panel&amp%3bamp%3bamp%3bamp%3bamp%3bamp%3bamp%3bamp%3bamp%3bamp%3bamp%3beid=ARCoxULa66767kIgF_KYav6VdjXTI4yk_LW4yoVO9s6NXpysgb7Cb65vpxcxgqzOAKvIbLQxaAETcqHT","article_published_time":"2022-04-06T18:56:18+00:00","article_modified_time":"2022-04-06T18:57:44+00:00","og_image":[{"width":700,"height":420,"url":"https:\/\/congovirtuel.com\/information\/wp-content\/uploads\/2022\/04\/1649247505.jpg","type":"image\/jpeg"}],"author":"infocongovirtuel","twitter_card":"summary_large_image","twitter_creator":"@congovirtuel","twitter_site":"@congovirtuel","twitter_misc":{"\u00c9crit par":"infocongovirtuel","Dur\u00e9e de lecture estim\u00e9e":"2 minutes"},"schema":{"@context":"https:\/\/schema.org","@graph":[{"@type":"Article","@id":"https:\/\/congovirtuel.com\/information\/rdc-meurtre-des-deux-imams-a-beni-le-chef-des-adf-pointe-du-doigt\/#article","isPartOf":{"@id":"https:\/\/congovirtuel.com\/information\/rdc-meurtre-des-deux-imams-a-beni-le-chef-des-adf-pointe-du-doigt\/"},"author":{"name":"infocongovirtuel","@id":"https:\/\/congovirtuel.com\/information\/#\/schema\/person\/739a44bf7990966cb53d58d2fdeca0b6"},"headline":"RDC: Meurtre des deux imams \u00e0 Beni : le chef des ADF point\u00e9 du doigt","datePublished":"2022-04-06T18:56:18+00:00","dateModified":"2022-04-06T18:57:44+00:00","mainEntityOfPage":{"@id":"https:\/\/congovirtuel.com\/information\/rdc-meurtre-des-deux-imams-a-beni-le-chef-des-adf-pointe-du-doigt\/"},"wordCount":290,"commentCount":0,"publisher":{"@id":"https:\/\/congovirtuel.com\/information\/#organization"},"image":{"@id":"https:\/\/congovirtuel.com\/information\/rdc-meurtre-des-deux-imams-a-beni-le-chef-des-adf-pointe-du-doigt\/#primaryimage"},"thumbnailUrl":"https:\/\/congovirtuel.com\/information\/wp-content\/uploads\/2022\/04\/1649247505.jpg","keywords":["Assassinat Imam Beni"],"articleSection":["Ins\u00e9curit\u00e9"],"inLanguage":"fr-FR","potentialAction":[{"@type":"CommentAction","name":"Comment","target":["https:\/\/congovirtuel.com\/information\/rdc-meurtre-des-deux-imams-a-beni-le-chef-des-adf-pointe-du-doigt\/#respond"]}]},{"@type":"WebPage","@id":"https:\/\/congovirtuel.com\/information\/rdc-meurtre-des-deux-imams-a-beni-le-chef-des-adf-pointe-du-doigt\/","url":"https:\/\/congovirtuel.com\/information\/rdc-meurtre-des-deux-imams-a-beni-le-chef-des-adf-pointe-du-doigt\/","name":"RDC: Meurtre des deux imams \u00e0 Beni : le chef des ADF point\u00e9 du doigt - Actualit\u00e9s congolaises et internationales","isPartOf":{"@id":"https:\/\/congovirtuel.com\/information\/#website"},"primaryImageOfPage":{"@id":"https:\/\/congovirtuel.com\/information\/rdc-meurtre-des-deux-imams-a-beni-le-chef-des-adf-pointe-du-doigt\/#primaryimage"},"image":{"@id":"https:\/\/congovirtuel.com\/information\/rdc-meurtre-des-deux-imams-a-beni-le-chef-des-adf-pointe-du-doigt\/#primaryimage"},"thumbnailUrl":"https:\/\/congovirtuel.com\/information\/wp-content\/uploads\/2022\/04\/1649247505.jpg","datePublished":"2022-04-06T18:56:18+00:00","dateModified":"2022-04-06T18:57:44+00:00","breadcrumb":{"@id":"https:\/\/congovirtuel.com\/information\/rdc-meurtre-des-deux-imams-a-beni-le-chef-des-adf-pointe-du-doigt\/#breadcrumb"},"inLanguage":"fr-FR","potentialAction":[{"@type":"ReadAction","target":["https:\/\/congovirtuel.com\/information\/rdc-meurtre-des-deux-imams-a-beni-le-chef-des-adf-pointe-du-doigt\/"]}]},{"@type":"ImageObject","inLanguage":"fr-FR","@id":"https:\/\/congovirtuel.com\/information\/rdc-meurtre-des-deux-imams-a-beni-le-chef-des-adf-pointe-du-doigt\/#primaryimage","url":"https:\/\/congovirtuel.com\/information\/wp-content\/uploads\/2022\/04\/1649247505.jpg","contentUrl":"https:\/\/congovirtuel.com\/information\/wp-content\/uploads\/2022\/04\/1649247505.jpg","width":700,"height":420},{"@type":"BreadcrumbList","@id":"https:\/\/congovirtuel.com\/information\/rdc-meurtre-des-deux-imams-a-beni-le-chef-des-adf-pointe-du-doigt\/#breadcrumb","itemListElement":[{"@type":"ListItem","position":1,"name":"Accueil","item":"https:\/\/congovirtuel.com\/information\/"},{"@type":"ListItem","position":2,"name":"RDC: Meurtre des deux imams \u00e0 Beni : le chef des ADF point\u00e9 du doigt"}]},{"@type":"WebSite","@id":"https:\/\/congovirtuel.com\/information\/#website","url":"https:\/\/congovirtuel.com\/information\/","name":"Actualit\u00e9s congolaises et internationales","description":"site d&#039;analyse et de traitement d&#039;information","publisher":{"@id":"https:\/\/congovirtuel.com\/information\/#organization"},"potentialAction":[{"@type":"SearchAction","target":{"@type":"EntryPoint","urlTemplate":"https:\/\/congovirtuel.com\/information\/?s={search_term_string}"},"query-input":{"@type":"PropertyValueSpecification","valueRequired":true,"valueName":"search_term_string"}}],"inLanguage":"fr-FR"},{"@type":"Organization","@id":"https:\/\/congovirtuel.com\/information\/#organization","name":"Biblioth\u00e8que Virtuelle de la RDC","url":"https:\/\/congovirtuel.com\/information\/","logo":{"@type":"ImageObject","inLanguage":"fr-FR","@id":"https:\/\/congovirtuel.com\/information\/#\/schema\/logo\/image\/","url":"https:\/\/congovirtuel.com\/information\/wp-content\/uploads\/2018\/10\/header-info-congovirtuel-vraie.jpg","contentUrl":"https:\/\/congovirtuel.com\/information\/wp-content\/uploads\/2018\/10\/header-info-congovirtuel-vraie.jpg","width":728,"height":90,"caption":"Biblioth\u00e8que Virtuelle de la RDC"},"image":{"@id":"https:\/\/congovirtuel.com\/information\/#\/schema\/logo\/image\/"},"sameAs":["https:\/\/web.facebook.com\/Congovirtuel-763617960319601\/?ref=aymt_homepage_panel&amp;amp;amp;amp;amp;amp;amp;amp;amp;amp;amp;eid=ARCoxULa66767kIgF_KYav6VdjXTI4yk_LW4yoVO9s6NXpysgb7Cb65vpxcxgqzOAKvIbLQxaAETcqHT","https:\/\/x.com\/congovirtuel","https:\/\/www.youtube.com\/channel\/UCkFfprYzGgS3EWNpeMXpToQ?view_as=subscriber"]},{"@type":"Person","@id":"https:\/\/congovirtuel.com\/information\/#\/schema\/person\/739a44bf7990966cb53d58d2fdeca0b6","name":"infocongovirtuel","image":{"@type":"ImageObject","inLanguage":"fr-FR","@id":"https:\/\/secure.gravatar.com\/avatar\/4d76991aa72469f0eb22e772586c99113c6997f88da636a9db8f2ce3a2c05e69?s=96&d=mm&r=g","url":"https:\/\/secure.gravatar.com\/avatar\/4d76991aa72469f0eb22e772586c99113c6997f88da636a9db8f2ce3a2c05e69?s=96&d=mm&r=g","contentUrl":"https:\/\/secure.gravatar.com\/avatar\/4d76991aa72469f0eb22e772586c99113c6997f88da636a9db8f2ce3a2c05e69?s=96&d=mm&r=g","caption":"infocongovirtuel"},"url":"https:\/\/congovirtuel.com\/information\/author\/infocongovirtuel\/"}]}},"gt_translate_keys":[{"key":"link","format":"url"}],"_links":{"self":[{"href":"https:\/\/congovirtuel.com\/information\/wp-json\/wp\/v2\/posts\/18594","targetHints":{"allow":["GET"]}}],"collection":[{"href":"https:\/\/congovirtuel.com\/information\/wp-json\/wp\/v2\/posts"}],"about":[{"href":"https:\/\/congovirtuel.com\/information\/wp-json\/wp\/v2\/types\/post"}],"author":[{"embeddable":true,"href":"https:\/\/congovirtuel.com\/information\/wp-json\/wp\/v2\/users\/1"}],"replies":[{"embeddable":true,"href":"https:\/\/congovirtuel.com\/information\/wp-json\/wp\/v2\/comments?post=18594"}],"version-history":[{"count":1,"href":"https:\/\/congovirtuel.com\/information\/wp-json\/wp\/v2\/posts\/18594\/revisions"}],"predecessor-version":[{"id":18595,"href":"https:\/\/congovirtuel.com\/information\/wp-json\/wp\/v2\/posts\/18594\/revisions\/18595"}],"wp:featuredmedia":[{"embeddable":true,"href":"https:\/\/congovirtuel.com\/information\/wp-json\/wp\/v2\/media\/18596"}],"wp:attachment":[{"href":"https:\/\/congovirtuel.com\/information\/wp-json\/wp\/v2\/media?parent=18594"}],"wp:term":[{"taxonomy":"category","embeddable":true,"href":"https:\/\/congovirtuel.com\/information\/wp-json\/wp\/v2\/categories?post=18594"},{"taxonomy":"post_tag","embeddable":true,"href":"https:\/\/congovirtuel.com\/information\/wp-json\/wp\/v2\/tags?post=18594"}],"curies":[{"name":"wp","href":"https:\/\/api.w.org\/{rel}","templated":true}]}}