{"id":18611,"date":"2022-04-07T18:50:20","date_gmt":"2022-04-07T17:50:20","guid":{"rendered":"https:\/\/congovirtuel.com\/information\/?p=18611"},"modified":"2022-04-07T18:50:20","modified_gmt":"2022-04-07T17:50:20","slug":"rdc-justice-francois-beya-verbalise-par-lauditorat-general-des-fardc","status":"publish","type":"post","link":"https:\/\/congovirtuel.com\/information\/rdc-justice-francois-beya-verbalise-par-lauditorat-general-des-fardc\/","title":{"rendered":"RDC- Justice: Fran\u00e7ois Beya verbalis\u00e9 par l\u2019Auditorat g\u00e9n\u00e9ral des FARDC","gt_translate_keys":[{"key":"rendered","format":"text"}]},"content":{"rendered":"<div align=\"center\">\n<p dir=\"ltr\" style=\"text-align: left;\">En d\u00e9tention depuis le lundi 4 avril dans les apr\u00e8s \u2013 midi \u00e0 la prison centrale de Makala, Fran\u00e7ois Beya Kasonga a \u00e9t\u00e9 verbalis\u00e9 hier mercredi 6 avril par l\u2019Auditorat g\u00e9n\u00e9ral des FARDC. \u00ab Free Fran\u00e7ois Beya \u00ab, qui annonce la nouvelle, se r\u00e9jouit de la pr\u00e9sence d\u2019un avocat lors de l\u2019audition.<\/p>\n<\/div>\n<div align=\"center\">\n<p dir=\"ltr\" style=\"text-align: left;\">La nouvelle est aussi confirm\u00e9e par d\u2019autres sources comme Me Georges Kapiamba, qui a \u00e9t\u00e9 parmi les premiers \u00e0 avoir fait entendre l\u2019interpellation du d\u00e9sormais ancien Conseiller sp\u00e9cial en mati\u00e8re de s\u00e9curit\u00e9 en RDC du Pr\u00e9sident F\u00e9lix-Antoine Tshisekedi Tshilombo.<\/p>\n<p dir=\"ltr\" style=\"text-align: left;\">La d\u00e9claration de l\u2019homme de l\u2019Association Congolaise pour l\u2019Acc\u00e8s \u00e0 la Justice (ACAJ) \u00e9tait intervenue presque quelques temps apr\u00e8s la conduite de Fran\u00e7ois Beya Kasonga au si\u00e8ge de l\u2019ex Banque congolaise, devenu le QG de l\u2019Agence Nationale de Renseignements (ANR), sous escorte militaire.<\/p>\n<p dir=\"ltr\" style=\"text-align: left;\">La m\u00eame organisation de soutien \u00e0 Fant\u00f4mas, l\u2019autre appellation de Fran\u00e7ois Beya dans le jargon de renseignements o\u00f9 il est blanchi sous le harnais, fait jusque l\u00e0 confiance \u00e0 la justice pour l\u2019avoir entendu sur Pv en pr\u00e9sence de son avocat. Le bagnard avait \u00e9t\u00e9 conduit \u00e0 l\u2019ANR pour des activit\u00e9s de nature \u00e0 d\u00e9stabiliser le pays.<\/p>\n<p dir=\"ltr\" style=\"text-align: left;\">Si lui a \u00e9t\u00e9 conduit \u00e0 Makala, les autres personnes impliqu\u00e9es dans le dossier ont pris la route de la prison militaire de la Ndolo<\/p>\n<\/div>\n","protected":false,"gt_translate_keys":[{"key":"rendered","format":"html"}]},"excerpt":{"rendered":"<p>En d\u00e9tention depuis le lundi 4 avril dans les apr\u00e8s \u2013 midi \u00e0 la prison centrale de Makala, Fran\u00e7ois Beya Kasonga a \u00e9t\u00e9 verbalis\u00e9 hier mercredi 6 avril par l\u2019Auditorat g\u00e9n\u00e9ral des FARDC. \u00ab Free Fran\u00e7ois Beya \u00ab, qui annonce la nouvelle, se r\u00e9jouit de la pr\u00e9sence d\u2019un avocat lors de l\u2019audition. La nouvelle est aussi confirm\u00e9e par d\u2019autres sources comme Me Georges Kapiamba, qui a \u00e9t\u00e9 parmi les premiers \u00e0 avoir fait entendre l\u2019interpellation du d\u00e9sormais ancien Conseiller sp\u00e9cial en mati\u00e8re de s\u00e9curit\u00e9 en RDC du Pr\u00e9sident F\u00e9lix-Antoine Tshisekedi&hellip;<\/p>\n","protected":false,"gt_translate_keys":[{"key":"rendered","format":"html"}]},"author":1,"featured_media":17853,"comment_status":"open","ping_status":"open","sticky":false,"template":"","format":"standard","meta":{"_crdt_document":"","footnotes":""},"categories":[461],"tags":[35999],"class_list":["post-18611","post","type-post","status-publish","format-standard","has-post-thumbnail","hentry","category-justice","tag-arrestation-francois-beya"],"gutentor_comment":0,"yoast_head":"<!-- This site is optimized with the Yoast SEO plugin v27.5 - https:\/\/yoast.com\/product\/yoast-seo-wordpress\/ -->\n<title>RDC- Justice: Fran\u00e7ois Beya verbalis\u00e9 par l\u2019Auditorat g\u00e9n\u00e9ral des FARDC - Actualit\u00e9s congolaises et internationales<\/title>\n<meta name=\"robots\" content=\"index, follow, max-snippet:-1, max-image-preview:large, max-video-preview:-1\" \/>\n<link rel=\"canonical\" href=\"https:\/\/congovirtuel.com\/information\/rdc-justice-francois-beya-verbalise-par-lauditorat-general-des-fardc\/\" \/>\n<meta property=\"og:locale\" content=\"fr_FR\" \/>\n<meta property=\"og:type\" content=\"article\" \/>\n<meta property=\"og:title\" content=\"RDC- Justice: Fran\u00e7ois Beya verbalis\u00e9 par l\u2019Auditorat g\u00e9n\u00e9ral des FARDC - Actualit\u00e9s congolaises et internationales\" \/>\n<meta property=\"og:description\" content=\"En d\u00e9tention depuis le lundi 4 avril dans les apr\u00e8s \u2013 midi \u00e0 la prison centrale de Makala, Fran\u00e7ois Beya Kasonga a \u00e9t\u00e9 verbalis\u00e9 hier mercredi 6 avril par l\u2019Auditorat g\u00e9n\u00e9ral des FARDC. \u00ab Free Fran\u00e7ois Beya \u00ab, qui annonce la nouvelle, se r\u00e9jouit de la pr\u00e9sence d\u2019un avocat lors de l\u2019audition. La nouvelle est aussi confirm\u00e9e par d\u2019autres sources comme Me Georges Kapiamba, qui a \u00e9t\u00e9 parmi les premiers \u00e0 avoir fait entendre l\u2019interpellation du d\u00e9sormais ancien Conseiller sp\u00e9cial en mati\u00e8re de s\u00e9curit\u00e9 en RDC du Pr\u00e9sident F\u00e9lix-Antoine Tshisekedi&hellip;\" \/>\n<meta property=\"og:url\" content=\"https:\/\/congovirtuel.com\/information\/rdc-justice-francois-beya-verbalise-par-lauditorat-general-des-fardc\/\" \/>\n<meta property=\"og:site_name\" content=\"Actualit\u00e9s congolaises et internationales\" \/>\n<meta property=\"article:publisher\" content=\"https:\/\/web.facebook.com\/Congovirtuel-763617960319601\/?ref=aymt_homepage_panel&amp;amp%3bamp%3bamp%3bamp%3bamp%3bamp%3bamp%3bamp%3bamp%3bamp%3bamp%3beid=ARCoxULa66767kIgF_KYav6VdjXTI4yk_LW4yoVO9s6NXpysgb7Cb65vpxcxgqzOAKvIbLQxaAETcqHT\" \/>\n<meta property=\"article:published_time\" content=\"2022-04-07T17:50:20+00:00\" \/>\n<meta property=\"og:image\" content=\"https:\/\/congovirtuel.com\/information\/wp-content\/uploads\/2022\/02\/PSX_20220207_071505.jpg\" \/>\n\t<meta property=\"og:image:width\" content=\"799\" \/>\n\t<meta property=\"og:image:height\" content=\"418\" \/>\n\t<meta property=\"og:image:type\" content=\"image\/jpeg\" \/>\n<meta name=\"author\" content=\"infocongovirtuel\" \/>\n<meta name=\"twitter:card\" content=\"summary_large_image\" \/>\n<meta name=\"twitter:creator\" content=\"@congovirtuel\" \/>\n<meta name=\"twitter:site\" content=\"@congovirtuel\" \/>\n<meta name=\"twitter:label1\" content=\"\u00c9crit par\" \/>\n\t<meta name=\"twitter:data1\" content=\"infocongovirtuel\" \/>\n\t<meta name=\"twitter:label2\" content=\"Dur\u00e9e de lecture estim\u00e9e\" \/>\n\t<meta name=\"twitter:data2\" content=\"2 minutes\" \/>\n<script type=\"application\/ld+json\" class=\"yoast-schema-graph\">{\"@context\":\"https:\\\/\\\/schema.org\",\"@graph\":[{\"@type\":\"Article\",\"@id\":\"https:\\\/\\\/congovirtuel.com\\\/information\\\/rdc-justice-francois-beya-verbalise-par-lauditorat-general-des-fardc\\\/#article\",\"isPartOf\":{\"@id\":\"https:\\\/\\\/congovirtuel.com\\\/information\\\/rdc-justice-francois-beya-verbalise-par-lauditorat-general-des-fardc\\\/\"},\"author\":{\"name\":\"infocongovirtuel\",\"@id\":\"https:\\\/\\\/congovirtuel.com\\\/information\\\/#\\\/schema\\\/person\\\/739a44bf7990966cb53d58d2fdeca0b6\"},\"headline\":\"RDC- Justice: Fran\u00e7ois Beya verbalis\u00e9 par l\u2019Auditorat g\u00e9n\u00e9ral des FARDC\",\"datePublished\":\"2022-04-07T17:50:20+00:00\",\"mainEntityOfPage\":{\"@id\":\"https:\\\/\\\/congovirtuel.com\\\/information\\\/rdc-justice-francois-beya-verbalise-par-lauditorat-general-des-fardc\\\/\"},\"wordCount\":257,\"commentCount\":0,\"publisher\":{\"@id\":\"https:\\\/\\\/congovirtuel.com\\\/information\\\/#organization\"},\"image\":{\"@id\":\"https:\\\/\\\/congovirtuel.com\\\/information\\\/rdc-justice-francois-beya-verbalise-par-lauditorat-general-des-fardc\\\/#primaryimage\"},\"thumbnailUrl\":\"https:\\\/\\\/congovirtuel.com\\\/information\\\/wp-content\\\/uploads\\\/2022\\\/02\\\/PSX_20220207_071505.jpg\",\"keywords\":[\"Arrestation Fran\u00e7ois Beya\"],\"articleSection\":[\"Justice\"],\"inLanguage\":\"fr-FR\",\"potentialAction\":[{\"@type\":\"CommentAction\",\"name\":\"Comment\",\"target\":[\"https:\\\/\\\/congovirtuel.com\\\/information\\\/rdc-justice-francois-beya-verbalise-par-lauditorat-general-des-fardc\\\/#respond\"]}]},{\"@type\":\"WebPage\",\"@id\":\"https:\\\/\\\/congovirtuel.com\\\/information\\\/rdc-justice-francois-beya-verbalise-par-lauditorat-general-des-fardc\\\/\",\"url\":\"https:\\\/\\\/congovirtuel.com\\\/information\\\/rdc-justice-francois-beya-verbalise-par-lauditorat-general-des-fardc\\\/\",\"name\":\"RDC- Justice: Fran\u00e7ois Beya verbalis\u00e9 par l\u2019Auditorat g\u00e9n\u00e9ral des FARDC - Actualit\u00e9s congolaises et internationales\",\"isPartOf\":{\"@id\":\"https:\\\/\\\/congovirtuel.com\\\/information\\\/#website\"},\"primaryImageOfPage\":{\"@id\":\"https:\\\/\\\/congovirtuel.com\\\/information\\\/rdc-justice-francois-beya-verbalise-par-lauditorat-general-des-fardc\\\/#primaryimage\"},\"image\":{\"@id\":\"https:\\\/\\\/congovirtuel.com\\\/information\\\/rdc-justice-francois-beya-verbalise-par-lauditorat-general-des-fardc\\\/#primaryimage\"},\"thumbnailUrl\":\"https:\\\/\\\/congovirtuel.com\\\/information\\\/wp-content\\\/uploads\\\/2022\\\/02\\\/PSX_20220207_071505.jpg\",\"datePublished\":\"2022-04-07T17:50:20+00:00\",\"breadcrumb\":{\"@id\":\"https:\\\/\\\/congovirtuel.com\\\/information\\\/rdc-justice-francois-beya-verbalise-par-lauditorat-general-des-fardc\\\/#breadcrumb\"},\"inLanguage\":\"fr-FR\",\"potentialAction\":[{\"@type\":\"ReadAction\",\"target\":[\"https:\\\/\\\/congovirtuel.com\\\/information\\\/rdc-justice-francois-beya-verbalise-par-lauditorat-general-des-fardc\\\/\"]}]},{\"@type\":\"ImageObject\",\"inLanguage\":\"fr-FR\",\"@id\":\"https:\\\/\\\/congovirtuel.com\\\/information\\\/rdc-justice-francois-beya-verbalise-par-lauditorat-general-des-fardc\\\/#primaryimage\",\"url\":\"https:\\\/\\\/congovirtuel.com\\\/information\\\/wp-content\\\/uploads\\\/2022\\\/02\\\/PSX_20220207_071505.jpg\",\"contentUrl\":\"https:\\\/\\\/congovirtuel.com\\\/information\\\/wp-content\\\/uploads\\\/2022\\\/02\\\/PSX_20220207_071505.jpg\",\"width\":799,\"height\":418,\"caption\":\"Fran\u00e7ois Beya\"},{\"@type\":\"BreadcrumbList\",\"@id\":\"https:\\\/\\\/congovirtuel.com\\\/information\\\/rdc-justice-francois-beya-verbalise-par-lauditorat-general-des-fardc\\\/#breadcrumb\",\"itemListElement\":[{\"@type\":\"ListItem\",\"position\":1,\"name\":\"Accueil\",\"item\":\"https:\\\/\\\/congovirtuel.com\\\/information\\\/\"},{\"@type\":\"ListItem\",\"position\":2,\"name\":\"RDC- Justice: Fran\u00e7ois Beya verbalis\u00e9 par l\u2019Auditorat g\u00e9n\u00e9ral des FARDC\"}]},{\"@type\":\"WebSite\",\"@id\":\"https:\\\/\\\/congovirtuel.com\\\/information\\\/#website\",\"url\":\"https:\\\/\\\/congovirtuel.com\\\/information\\\/\",\"name\":\"Actualit\u00e9s congolaises et internationales\",\"description\":\"site d&#039;analyse et de traitement d&#039;information\",\"publisher\":{\"@id\":\"https:\\\/\\\/congovirtuel.com\\\/information\\\/#organization\"},\"potentialAction\":[{\"@type\":\"SearchAction\",\"target\":{\"@type\":\"EntryPoint\",\"urlTemplate\":\"https:\\\/\\\/congovirtuel.com\\\/information\\\/?s={search_term_string}\"},\"query-input\":{\"@type\":\"PropertyValueSpecification\",\"valueRequired\":true,\"valueName\":\"search_term_string\"}}],\"inLanguage\":\"fr-FR\"},{\"@type\":\"Organization\",\"@id\":\"https:\\\/\\\/congovirtuel.com\\\/information\\\/#organization\",\"name\":\"Biblioth\u00e8que Virtuelle de la RDC\",\"url\":\"https:\\\/\\\/congovirtuel.com\\\/information\\\/\",\"logo\":{\"@type\":\"ImageObject\",\"inLanguage\":\"fr-FR\",\"@id\":\"https:\\\/\\\/congovirtuel.com\\\/information\\\/#\\\/schema\\\/logo\\\/image\\\/\",\"url\":\"https:\\\/\\\/congovirtuel.com\\\/information\\\/wp-content\\\/uploads\\\/2018\\\/10\\\/header-info-congovirtuel-vraie.jpg\",\"contentUrl\":\"https:\\\/\\\/congovirtuel.com\\\/information\\\/wp-content\\\/uploads\\\/2018\\\/10\\\/header-info-congovirtuel-vraie.jpg\",\"width\":728,\"height\":90,\"caption\":\"Biblioth\u00e8que Virtuelle de la RDC\"},\"image\":{\"@id\":\"https:\\\/\\\/congovirtuel.com\\\/information\\\/#\\\/schema\\\/logo\\\/image\\\/\"},\"sameAs\":[\"https:\\\/\\\/web.facebook.com\\\/Congovirtuel-763617960319601\\\/?ref=aymt_homepage_panel&amp;amp;amp;amp;amp;amp;amp;amp;amp;amp;amp;eid=ARCoxULa66767kIgF_KYav6VdjXTI4yk_LW4yoVO9s6NXpysgb7Cb65vpxcxgqzOAKvIbLQxaAETcqHT\",\"https:\\\/\\\/x.com\\\/congovirtuel\",\"https:\\\/\\\/www.youtube.com\\\/channel\\\/UCkFfprYzGgS3EWNpeMXpToQ?view_as=subscriber\"]},{\"@type\":\"Person\",\"@id\":\"https:\\\/\\\/congovirtuel.com\\\/information\\\/#\\\/schema\\\/person\\\/739a44bf7990966cb53d58d2fdeca0b6\",\"name\":\"infocongovirtuel\",\"image\":{\"@type\":\"ImageObject\",\"inLanguage\":\"fr-FR\",\"@id\":\"https:\\\/\\\/secure.gravatar.com\\\/avatar\\\/4d76991aa72469f0eb22e772586c99113c6997f88da636a9db8f2ce3a2c05e69?s=96&d=mm&r=g\",\"url\":\"https:\\\/\\\/secure.gravatar.com\\\/avatar\\\/4d76991aa72469f0eb22e772586c99113c6997f88da636a9db8f2ce3a2c05e69?s=96&d=mm&r=g\",\"contentUrl\":\"https:\\\/\\\/secure.gravatar.com\\\/avatar\\\/4d76991aa72469f0eb22e772586c99113c6997f88da636a9db8f2ce3a2c05e69?s=96&d=mm&r=g\",\"caption\":\"infocongovirtuel\"},\"url\":\"https:\\\/\\\/congovirtuel.com\\\/information\\\/author\\\/infocongovirtuel\\\/\"}]}<\/script>\n<!-- \/ Yoast SEO plugin. -->","yoast_head_json":{"title":"RDC- Justice: Fran\u00e7ois Beya verbalis\u00e9 par l\u2019Auditorat g\u00e9n\u00e9ral des FARDC - Actualit\u00e9s congolaises et internationales","robots":{"index":"index","follow":"follow","max-snippet":"max-snippet:-1","max-image-preview":"max-image-preview:large","max-video-preview":"max-video-preview:-1"},"canonical":"https:\/\/congovirtuel.com\/information\/rdc-justice-francois-beya-verbalise-par-lauditorat-general-des-fardc\/","og_locale":"fr_FR","og_type":"article","og_title":"RDC- Justice: Fran\u00e7ois Beya verbalis\u00e9 par l\u2019Auditorat g\u00e9n\u00e9ral des FARDC - Actualit\u00e9s congolaises et internationales","og_description":"En d\u00e9tention depuis le lundi 4 avril dans les apr\u00e8s \u2013 midi \u00e0 la prison centrale de Makala, Fran\u00e7ois Beya Kasonga a \u00e9t\u00e9 verbalis\u00e9 hier mercredi 6 avril par l\u2019Auditorat g\u00e9n\u00e9ral des FARDC. \u00ab Free Fran\u00e7ois Beya \u00ab, qui annonce la nouvelle, se r\u00e9jouit de la pr\u00e9sence d\u2019un avocat lors de l\u2019audition. La nouvelle est aussi confirm\u00e9e par d\u2019autres sources comme Me Georges Kapiamba, qui a \u00e9t\u00e9 parmi les premiers \u00e0 avoir fait entendre l\u2019interpellation du d\u00e9sormais ancien Conseiller sp\u00e9cial en mati\u00e8re de s\u00e9curit\u00e9 en RDC du Pr\u00e9sident F\u00e9lix-Antoine Tshisekedi&hellip;","og_url":"https:\/\/congovirtuel.com\/information\/rdc-justice-francois-beya-verbalise-par-lauditorat-general-des-fardc\/","og_site_name":"Actualit\u00e9s congolaises et internationales","article_publisher":"https:\/\/web.facebook.com\/Congovirtuel-763617960319601\/?ref=aymt_homepage_panel&amp%3bamp%3bamp%3bamp%3bamp%3bamp%3bamp%3bamp%3bamp%3bamp%3bamp%3beid=ARCoxULa66767kIgF_KYav6VdjXTI4yk_LW4yoVO9s6NXpysgb7Cb65vpxcxgqzOAKvIbLQxaAETcqHT","article_published_time":"2022-04-07T17:50:20+00:00","og_image":[{"width":799,"height":418,"url":"https:\/\/congovirtuel.com\/information\/wp-content\/uploads\/2022\/02\/PSX_20220207_071505.jpg","type":"image\/jpeg"}],"author":"infocongovirtuel","twitter_card":"summary_large_image","twitter_creator":"@congovirtuel","twitter_site":"@congovirtuel","twitter_misc":{"\u00c9crit par":"infocongovirtuel","Dur\u00e9e de lecture estim\u00e9e":"2 minutes"},"schema":{"@context":"https:\/\/schema.org","@graph":[{"@type":"Article","@id":"https:\/\/congovirtuel.com\/information\/rdc-justice-francois-beya-verbalise-par-lauditorat-general-des-fardc\/#article","isPartOf":{"@id":"https:\/\/congovirtuel.com\/information\/rdc-justice-francois-beya-verbalise-par-lauditorat-general-des-fardc\/"},"author":{"name":"infocongovirtuel","@id":"https:\/\/congovirtuel.com\/information\/#\/schema\/person\/739a44bf7990966cb53d58d2fdeca0b6"},"headline":"RDC- Justice: Fran\u00e7ois Beya verbalis\u00e9 par l\u2019Auditorat g\u00e9n\u00e9ral des FARDC","datePublished":"2022-04-07T17:50:20+00:00","mainEntityOfPage":{"@id":"https:\/\/congovirtuel.com\/information\/rdc-justice-francois-beya-verbalise-par-lauditorat-general-des-fardc\/"},"wordCount":257,"commentCount":0,"publisher":{"@id":"https:\/\/congovirtuel.com\/information\/#organization"},"image":{"@id":"https:\/\/congovirtuel.com\/information\/rdc-justice-francois-beya-verbalise-par-lauditorat-general-des-fardc\/#primaryimage"},"thumbnailUrl":"https:\/\/congovirtuel.com\/information\/wp-content\/uploads\/2022\/02\/PSX_20220207_071505.jpg","keywords":["Arrestation Fran\u00e7ois Beya"],"articleSection":["Justice"],"inLanguage":"fr-FR","potentialAction":[{"@type":"CommentAction","name":"Comment","target":["https:\/\/congovirtuel.com\/information\/rdc-justice-francois-beya-verbalise-par-lauditorat-general-des-fardc\/#respond"]}]},{"@type":"WebPage","@id":"https:\/\/congovirtuel.com\/information\/rdc-justice-francois-beya-verbalise-par-lauditorat-general-des-fardc\/","url":"https:\/\/congovirtuel.com\/information\/rdc-justice-francois-beya-verbalise-par-lauditorat-general-des-fardc\/","name":"RDC- Justice: Fran\u00e7ois Beya verbalis\u00e9 par l\u2019Auditorat g\u00e9n\u00e9ral des FARDC - Actualit\u00e9s congolaises et internationales","isPartOf":{"@id":"https:\/\/congovirtuel.com\/information\/#website"},"primaryImageOfPage":{"@id":"https:\/\/congovirtuel.com\/information\/rdc-justice-francois-beya-verbalise-par-lauditorat-general-des-fardc\/#primaryimage"},"image":{"@id":"https:\/\/congovirtuel.com\/information\/rdc-justice-francois-beya-verbalise-par-lauditorat-general-des-fardc\/#primaryimage"},"thumbnailUrl":"https:\/\/congovirtuel.com\/information\/wp-content\/uploads\/2022\/02\/PSX_20220207_071505.jpg","datePublished":"2022-04-07T17:50:20+00:00","breadcrumb":{"@id":"https:\/\/congovirtuel.com\/information\/rdc-justice-francois-beya-verbalise-par-lauditorat-general-des-fardc\/#breadcrumb"},"inLanguage":"fr-FR","potentialAction":[{"@type":"ReadAction","target":["https:\/\/congovirtuel.com\/information\/rdc-justice-francois-beya-verbalise-par-lauditorat-general-des-fardc\/"]}]},{"@type":"ImageObject","inLanguage":"fr-FR","@id":"https:\/\/congovirtuel.com\/information\/rdc-justice-francois-beya-verbalise-par-lauditorat-general-des-fardc\/#primaryimage","url":"https:\/\/congovirtuel.com\/information\/wp-content\/uploads\/2022\/02\/PSX_20220207_071505.jpg","contentUrl":"https:\/\/congovirtuel.com\/information\/wp-content\/uploads\/2022\/02\/PSX_20220207_071505.jpg","width":799,"height":418,"caption":"Fran\u00e7ois Beya"},{"@type":"BreadcrumbList","@id":"https:\/\/congovirtuel.com\/information\/rdc-justice-francois-beya-verbalise-par-lauditorat-general-des-fardc\/#breadcrumb","itemListElement":[{"@type":"ListItem","position":1,"name":"Accueil","item":"https:\/\/congovirtuel.com\/information\/"},{"@type":"ListItem","position":2,"name":"RDC- Justice: Fran\u00e7ois Beya verbalis\u00e9 par l\u2019Auditorat g\u00e9n\u00e9ral des FARDC"}]},{"@type":"WebSite","@id":"https:\/\/congovirtuel.com\/information\/#website","url":"https:\/\/congovirtuel.com\/information\/","name":"Actualit\u00e9s congolaises et internationales","description":"site d&#039;analyse et de traitement d&#039;information","publisher":{"@id":"https:\/\/congovirtuel.com\/information\/#organization"},"potentialAction":[{"@type":"SearchAction","target":{"@type":"EntryPoint","urlTemplate":"https:\/\/congovirtuel.com\/information\/?s={search_term_string}"},"query-input":{"@type":"PropertyValueSpecification","valueRequired":true,"valueName":"search_term_string"}}],"inLanguage":"fr-FR"},{"@type":"Organization","@id":"https:\/\/congovirtuel.com\/information\/#organization","name":"Biblioth\u00e8que Virtuelle de la RDC","url":"https:\/\/congovirtuel.com\/information\/","logo":{"@type":"ImageObject","inLanguage":"fr-FR","@id":"https:\/\/congovirtuel.com\/information\/#\/schema\/logo\/image\/","url":"https:\/\/congovirtuel.com\/information\/wp-content\/uploads\/2018\/10\/header-info-congovirtuel-vraie.jpg","contentUrl":"https:\/\/congovirtuel.com\/information\/wp-content\/uploads\/2018\/10\/header-info-congovirtuel-vraie.jpg","width":728,"height":90,"caption":"Biblioth\u00e8que Virtuelle de la RDC"},"image":{"@id":"https:\/\/congovirtuel.com\/information\/#\/schema\/logo\/image\/"},"sameAs":["https:\/\/web.facebook.com\/Congovirtuel-763617960319601\/?ref=aymt_homepage_panel&amp;amp;amp;amp;amp;amp;amp;amp;amp;amp;amp;eid=ARCoxULa66767kIgF_KYav6VdjXTI4yk_LW4yoVO9s6NXpysgb7Cb65vpxcxgqzOAKvIbLQxaAETcqHT","https:\/\/x.com\/congovirtuel","https:\/\/www.youtube.com\/channel\/UCkFfprYzGgS3EWNpeMXpToQ?view_as=subscriber"]},{"@type":"Person","@id":"https:\/\/congovirtuel.com\/information\/#\/schema\/person\/739a44bf7990966cb53d58d2fdeca0b6","name":"infocongovirtuel","image":{"@type":"ImageObject","inLanguage":"fr-FR","@id":"https:\/\/secure.gravatar.com\/avatar\/4d76991aa72469f0eb22e772586c99113c6997f88da636a9db8f2ce3a2c05e69?s=96&d=mm&r=g","url":"https:\/\/secure.gravatar.com\/avatar\/4d76991aa72469f0eb22e772586c99113c6997f88da636a9db8f2ce3a2c05e69?s=96&d=mm&r=g","contentUrl":"https:\/\/secure.gravatar.com\/avatar\/4d76991aa72469f0eb22e772586c99113c6997f88da636a9db8f2ce3a2c05e69?s=96&d=mm&r=g","caption":"infocongovirtuel"},"url":"https:\/\/congovirtuel.com\/information\/author\/infocongovirtuel\/"}]}},"gt_translate_keys":[{"key":"link","format":"url"}],"_links":{"self":[{"href":"https:\/\/congovirtuel.com\/information\/wp-json\/wp\/v2\/posts\/18611","targetHints":{"allow":["GET"]}}],"collection":[{"href":"https:\/\/congovirtuel.com\/information\/wp-json\/wp\/v2\/posts"}],"about":[{"href":"https:\/\/congovirtuel.com\/information\/wp-json\/wp\/v2\/types\/post"}],"author":[{"embeddable":true,"href":"https:\/\/congovirtuel.com\/information\/wp-json\/wp\/v2\/users\/1"}],"replies":[{"embeddable":true,"href":"https:\/\/congovirtuel.com\/information\/wp-json\/wp\/v2\/comments?post=18611"}],"version-history":[{"count":1,"href":"https:\/\/congovirtuel.com\/information\/wp-json\/wp\/v2\/posts\/18611\/revisions"}],"predecessor-version":[{"id":18612,"href":"https:\/\/congovirtuel.com\/information\/wp-json\/wp\/v2\/posts\/18611\/revisions\/18612"}],"wp:featuredmedia":[{"embeddable":true,"href":"https:\/\/congovirtuel.com\/information\/wp-json\/wp\/v2\/media\/17853"}],"wp:attachment":[{"href":"https:\/\/congovirtuel.com\/information\/wp-json\/wp\/v2\/media?parent=18611"}],"wp:term":[{"taxonomy":"category","embeddable":true,"href":"https:\/\/congovirtuel.com\/information\/wp-json\/wp\/v2\/categories?post=18611"},{"taxonomy":"post_tag","embeddable":true,"href":"https:\/\/congovirtuel.com\/information\/wp-json\/wp\/v2\/tags?post=18611"}],"curies":[{"name":"wp","href":"https:\/\/api.w.org\/{rel}","templated":true}]}}