{"id":18686,"date":"2022-04-19T10:38:19","date_gmt":"2022-04-19T09:38:19","guid":{"rendered":"https:\/\/congovirtuel.com\/information\/?p=18686"},"modified":"2022-04-19T10:38:19","modified_gmt":"2022-04-19T09:38:19","slug":"m23-adflattention-internationale-se-porte-sur-lukraine-la-rdc-et-le-sud-soudan-doivent-payer-pour-leur-refugies-en-ouganda-esther-anyakun-davina","status":"publish","type":"post","link":"https:\/\/congovirtuel.com\/information\/m23-adflattention-internationale-se-porte-sur-lukraine-la-rdc-et-le-sud-soudan-doivent-payer-pour-leur-refugies-en-ouganda-esther-anyakun-davina\/","title":{"rendered":"M23\/ADF:L&rsquo;attention internationale se porte\u00a0 sur l&rsquo;Ukraine, la RDC et le Sud Soudan \u00ab\u00a0doivent payer pour leur r\u00e9fugi\u00e9s en Ouganda\u00a0\u00bb (Esther Anyakun Davina)","gt_translate_keys":[{"key":"rendered","format":"text"}]},"content":{"rendered":"<p>La ministre d&rsquo;\u00c9tat charg\u00e9e des secours, de la pr\u00e9paration aux catastrophes et des r\u00e9fugi\u00e9s, Esther Anyakun Davina, a demand\u00e9 aux gouvernements de la R\u00e9publique d\u00e9mocratique du Congo et du Soudan du Sud de contribuer au soutien du bien-\u00eatre des r\u00e9fugi\u00e9s en Ouganda.<\/p>\n<p>&nbsp;<\/p>\n<p>La ministre a d\u00e9clar\u00e9 que l&rsquo;Ouganda supportait un fardeau suppl\u00e9mentaire pour accueillir le grand nombre de r\u00e9fugi\u00e9s des deux pays et pourtant, les causes de l&rsquo;afflux dans le pays ne contribuaient en rien \u00e0 soutenir leur peuple.<\/p>\n<p>&nbsp;<\/p>\n<p>&nbsp;<\/p>\n<p>Fin f\u00e9vrier, l&rsquo;Ouganda comptait au total 1 595 405 r\u00e9fugi\u00e9s, dont 964 960 en provenance du Soudan du Sud. Le nombre a augment\u00e9 depuis, avec plus de 35 000 nouveaux arrivants en mars et avril en provenance de la RDC.<\/p>\n<p>&nbsp;<\/p>\n<p>Lors d&rsquo;une r\u00e9union avec le groupe de pilotage du Cadre de r\u00e9ponse globale pour les r\u00e9fugi\u00e9s (CRRF) mercredi \u00e0 Kampala, la ministre Anyakun a d\u00e9clar\u00e9 qu&rsquo;il \u00e9tait maintenant temps pour les pays dont les citoyens ont \u00e9t\u00e9 forc\u00e9s de fuir vers l&rsquo;Ouganda de commencer \u00e0 les soutenir .<\/p>\n<p>&nbsp;<\/p>\n<p>\u00ab <em>Le Soudan du Sud et la R\u00e9publique d\u00e9mocratique du Congo doivent commencer \u00e0 mobiliser des ressources et \u00e0 les envoyer en Ouganda, car c&rsquo;est nous qui gardons, nourrissons et h\u00e9bergeons ces r\u00e9fugi\u00e9s. C&rsquo;est nous, l&rsquo;Ouganda, qui faisons tout, donc ces pays doivent commencer \u00e0 mobiliser des ressources et les envoyer en Ouganda pour la r\u00e9ponse aux r\u00e9fugi\u00e9s<\/em> \u00bb, a d\u00e9clar\u00e9 Mme Anyakun aux membres.<\/p>\n<p>&nbsp;<\/p>\n<p>L&rsquo;Ouganda a une politique de porte ouverte pour les r\u00e9fugi\u00e9s et les demandeurs d&rsquo;asile d&rsquo;autres pays en guerre. Mais Mme Anyakun a d\u00e9clar\u00e9 que la politique est exploit\u00e9e par les pays voisins qui n&rsquo;ont pas r\u00e9ussi \u00e0 prot\u00e9ger la vie de leurs citoyens.<\/p>\n<p><em>\u00a0<\/em><\/p>\n<p><em>\u00a0\u00ab\u00a0Quelque chose doit \u00eatre fait et il faut le porter \u00e0 un autre niveau en termes d&rsquo;engagement et de mobilisation des ressources car nous n&rsquo;allons pas \u00eatre mis \u00e0 rude \u00e9preuve<\/em>\u00ab\u00a0, a-t-elle averti.<\/p>\n<p>&nbsp;<\/p>\n<p>&nbsp;<\/p>\n<p>Les deux pays voisins ont \u00e9t\u00e9 tourment\u00e9s par des ann\u00e9es d&rsquo;insurrection orchestr\u00e9e par des divergences politiques.<\/p>\n<p>&nbsp;<\/p>\n<p>Le dernier afflux de r\u00e9fugi\u00e9s en provenance de la RDC est survenu apr\u00e8s que les rebelles du M23 ont lanc\u00e9 une offensive contre les forces gouvernementales, d\u00e9pla\u00e7ant des milliers d&rsquo;habitants, les for\u00e7ant \u00e0 fuir vers l&rsquo;Ouganda. La ministre a d\u00e9clar\u00e9 que si l&rsquo;attention internationale se porte d\u00e9sormais sur l&rsquo;Ukraine, les pays de la r\u00e9gion doivent assumer leurs propres responsabilit\u00e9s envers leurs propres r\u00e9fugi\u00e9s.<\/p>\n<p>&nbsp;<\/p>\n<p>\u00ab <em>L&rsquo;Ouganda a tenu toutes les promesses qu&rsquo;il a faites, les donateurs ont tenu toutes les promesses qu&rsquo;ils ont faites, mais le probl\u00e8me d&rsquo;urgence actuel d\u00e9passe nos capacit\u00e9s. C&rsquo;est pourquoi je demande aux gouvernements des autres pays de commencer \u00e0 mobiliser des ressources et \u00e0 les envoyer en Ouganda afin que nous puissions les aider, car tous les donateurs regardent maintenant la guerre en Ukraine<\/em> \u00bb, a-t-elle d\u00e9clar\u00e9.<\/p>\n<p>&nbsp;<\/p>\n<p>Mme Anyakun a d\u00e9clar\u00e9 hier qu&rsquo;il doit y avoir des efforts r\u00e9gionaux pour amener les factions bellig\u00e9rantes \u00e0 venir \u00e0 une table ronde pour r\u00e9soudre leurs diff\u00e9rends. Elle a \u00e9galement d\u00e9clar\u00e9 que les questions de gouvernance dans les pays respectifs doivent \u00e9galement \u00eatre abord\u00e9es par le dialogue.<\/p>\n<p>&nbsp;<\/p>\n<p>Mme Brigitte Eno, repr\u00e9sentante adjointe du HCR en Ouganda, a d\u00e9clar\u00e9 que l&rsquo;approche r\u00e9gionale de la r\u00e9solution des conflits en Afrique de l&rsquo;Est est une id\u00e9e bienvenue et que l&rsquo;organe des Nations Unies soutiendra et facilitera les discussions pour trouver une solution durable aux conflits arm\u00e9s dans la r\u00e9gion.<\/p>\n<p>&nbsp;<\/p>\n<p>Elle a demand\u00e9 \u00e0 l&rsquo;Ouganda de prendre l&rsquo;initiative de d\u00e9fendre l&rsquo;approche r\u00e9gionale.<\/p>\n<p>&nbsp;<\/p>\n<p><a href=\"mailto:fdraku@ug.nationmedia.com\">fdraku@ug.nationmedia.com<\/a><\/p>\n","protected":false,"gt_translate_keys":[{"key":"rendered","format":"html"}]},"excerpt":{"rendered":"<p>La ministre d&rsquo;\u00c9tat charg\u00e9e des secours, de la pr\u00e9paration aux catastrophes et des r\u00e9fugi\u00e9s, Esther Anyakun Davina, a demand\u00e9 aux gouvernements de la R\u00e9publique d\u00e9mocratique du Congo et du Soudan du Sud de contribuer au soutien du bien-\u00eatre des r\u00e9fugi\u00e9s en Ouganda. &nbsp; La ministre a d\u00e9clar\u00e9 que l&rsquo;Ouganda supportait un fardeau suppl\u00e9mentaire pour accueillir le grand nombre de r\u00e9fugi\u00e9s des deux pays et pourtant, les causes de l&rsquo;afflux dans le pays ne contribuaient en rien \u00e0 soutenir leur peuple. &nbsp; &nbsp; Fin f\u00e9vrier, l&rsquo;Ouganda comptait au total 1 595&hellip;<\/p>\n","protected":false,"gt_translate_keys":[{"key":"rendered","format":"html"}]},"author":1,"featured_media":3493,"comment_status":"open","ping_status":"open","sticky":false,"template":"","format":"standard","meta":{"_crdt_document":"","footnotes":""},"categories":[199],"tags":[146],"class_list":["post-18686","post","type-post","status-publish","format-standard","has-post-thumbnail","hentry","category-insecurite","tag-refugies-congolais"],"gutentor_comment":0,"yoast_head":"<!-- This site is optimized with the Yoast SEO plugin v27.5 - https:\/\/yoast.com\/product\/yoast-seo-wordpress\/ -->\n<title>M23\/ADF:L&#039;attention internationale se porte\u00a0 sur l&#039;Ukraine, la RDC et le Sud Soudan &quot;doivent payer pour leur r\u00e9fugi\u00e9s en Ouganda&quot; (Esther Anyakun Davina) - Actualit\u00e9s congolaises et internationales<\/title>\n<meta name=\"robots\" content=\"index, follow, max-snippet:-1, max-image-preview:large, max-video-preview:-1\" \/>\n<link rel=\"canonical\" href=\"https:\/\/congovirtuel.com\/information\/m23-adflattention-internationale-se-porte-sur-lukraine-la-rdc-et-le-sud-soudan-doivent-payer-pour-leur-refugies-en-ouganda-esther-anyakun-davina\/\" \/>\n<meta property=\"og:locale\" content=\"fr_FR\" \/>\n<meta property=\"og:type\" content=\"article\" \/>\n<meta property=\"og:title\" content=\"M23\/ADF:L&#039;attention internationale se porte\u00a0 sur l&#039;Ukraine, la RDC et le Sud Soudan &quot;doivent payer pour leur r\u00e9fugi\u00e9s en Ouganda&quot; (Esther Anyakun Davina) - Actualit\u00e9s congolaises et internationales\" \/>\n<meta property=\"og:description\" content=\"La ministre d&rsquo;\u00c9tat charg\u00e9e des secours, de la pr\u00e9paration aux catastrophes et des r\u00e9fugi\u00e9s, Esther Anyakun Davina, a demand\u00e9 aux gouvernements de la R\u00e9publique d\u00e9mocratique du Congo et du Soudan du Sud de contribuer au soutien du bien-\u00eatre des r\u00e9fugi\u00e9s en Ouganda. &nbsp; La ministre a d\u00e9clar\u00e9 que l&rsquo;Ouganda supportait un fardeau suppl\u00e9mentaire pour accueillir le grand nombre de r\u00e9fugi\u00e9s des deux pays et pourtant, les causes de l&rsquo;afflux dans le pays ne contribuaient en rien \u00e0 soutenir leur peuple. &nbsp; &nbsp; Fin f\u00e9vrier, l&rsquo;Ouganda comptait au total 1 595&hellip;\" \/>\n<meta property=\"og:url\" content=\"https:\/\/congovirtuel.com\/information\/m23-adflattention-internationale-se-porte-sur-lukraine-la-rdc-et-le-sud-soudan-doivent-payer-pour-leur-refugies-en-ouganda-esther-anyakun-davina\/\" \/>\n<meta property=\"og:site_name\" content=\"Actualit\u00e9s congolaises et internationales\" \/>\n<meta property=\"article:publisher\" content=\"https:\/\/web.facebook.com\/Congovirtuel-763617960319601\/?ref=aymt_homepage_panel&amp;amp%3bamp%3bamp%3bamp%3bamp%3bamp%3bamp%3bamp%3bamp%3bamp%3bamp%3beid=ARCoxULa66767kIgF_KYav6VdjXTI4yk_LW4yoVO9s6NXpysgb7Cb65vpxcxgqzOAKvIbLQxaAETcqHT\" \/>\n<meta property=\"article:published_time\" content=\"2022-04-19T09:38:19+00:00\" \/>\n<meta property=\"og:image\" content=\"https:\/\/congovirtuel.com\/information\/wp-content\/uploads\/2020\/10\/frontiere_Beni2.jpg\" \/>\n\t<meta property=\"og:image:width\" content=\"1200\" \/>\n\t<meta property=\"og:image:height\" content=\"675\" \/>\n\t<meta property=\"og:image:type\" content=\"image\/jpeg\" \/>\n<meta name=\"author\" content=\"infocongovirtuel\" \/>\n<meta name=\"twitter:card\" content=\"summary_large_image\" \/>\n<meta name=\"twitter:creator\" content=\"@congovirtuel\" \/>\n<meta name=\"twitter:site\" content=\"@congovirtuel\" \/>\n<meta name=\"twitter:label1\" content=\"\u00c9crit par\" \/>\n\t<meta name=\"twitter:data1\" content=\"infocongovirtuel\" \/>\n\t<meta name=\"twitter:label2\" content=\"Dur\u00e9e de lecture estim\u00e9e\" \/>\n\t<meta name=\"twitter:data2\" content=\"3 minutes\" \/>\n<script type=\"application\/ld+json\" class=\"yoast-schema-graph\">{\"@context\":\"https:\\\/\\\/schema.org\",\"@graph\":[{\"@type\":\"Article\",\"@id\":\"https:\\\/\\\/congovirtuel.com\\\/information\\\/m23-adflattention-internationale-se-porte-sur-lukraine-la-rdc-et-le-sud-soudan-doivent-payer-pour-leur-refugies-en-ouganda-esther-anyakun-davina\\\/#article\",\"isPartOf\":{\"@id\":\"https:\\\/\\\/congovirtuel.com\\\/information\\\/m23-adflattention-internationale-se-porte-sur-lukraine-la-rdc-et-le-sud-soudan-doivent-payer-pour-leur-refugies-en-ouganda-esther-anyakun-davina\\\/\"},\"author\":{\"name\":\"infocongovirtuel\",\"@id\":\"https:\\\/\\\/congovirtuel.com\\\/information\\\/#\\\/schema\\\/person\\\/739a44bf7990966cb53d58d2fdeca0b6\"},\"headline\":\"M23\\\/ADF:L&rsquo;attention internationale se porte\u00a0 sur l&rsquo;Ukraine, la RDC et le Sud Soudan \u00ab\u00a0doivent payer pour leur r\u00e9fugi\u00e9s en Ouganda\u00a0\u00bb (Esther Anyakun Davina)\",\"datePublished\":\"2022-04-19T09:38:19+00:00\",\"mainEntityOfPage\":{\"@id\":\"https:\\\/\\\/congovirtuel.com\\\/information\\\/m23-adflattention-internationale-se-porte-sur-lukraine-la-rdc-et-le-sud-soudan-doivent-payer-pour-leur-refugies-en-ouganda-esther-anyakun-davina\\\/\"},\"wordCount\":687,\"commentCount\":0,\"publisher\":{\"@id\":\"https:\\\/\\\/congovirtuel.com\\\/information\\\/#organization\"},\"image\":{\"@id\":\"https:\\\/\\\/congovirtuel.com\\\/information\\\/m23-adflattention-internationale-se-porte-sur-lukraine-la-rdc-et-le-sud-soudan-doivent-payer-pour-leur-refugies-en-ouganda-esther-anyakun-davina\\\/#primaryimage\"},\"thumbnailUrl\":\"https:\\\/\\\/congovirtuel.com\\\/information\\\/wp-content\\\/uploads\\\/2020\\\/10\\\/frontiere_Beni2.jpg\",\"keywords\":[\"r\u00e9fugi\u00e9s congolais\"],\"articleSection\":[\"Ins\u00e9curit\u00e9\"],\"inLanguage\":\"fr-FR\",\"potentialAction\":[{\"@type\":\"CommentAction\",\"name\":\"Comment\",\"target\":[\"https:\\\/\\\/congovirtuel.com\\\/information\\\/m23-adflattention-internationale-se-porte-sur-lukraine-la-rdc-et-le-sud-soudan-doivent-payer-pour-leur-refugies-en-ouganda-esther-anyakun-davina\\\/#respond\"]}]},{\"@type\":\"WebPage\",\"@id\":\"https:\\\/\\\/congovirtuel.com\\\/information\\\/m23-adflattention-internationale-se-porte-sur-lukraine-la-rdc-et-le-sud-soudan-doivent-payer-pour-leur-refugies-en-ouganda-esther-anyakun-davina\\\/\",\"url\":\"https:\\\/\\\/congovirtuel.com\\\/information\\\/m23-adflattention-internationale-se-porte-sur-lukraine-la-rdc-et-le-sud-soudan-doivent-payer-pour-leur-refugies-en-ouganda-esther-anyakun-davina\\\/\",\"name\":\"M23\\\/ADF:L'attention internationale se porte\u00a0 sur l'Ukraine, la RDC et le Sud Soudan \\\"doivent payer pour leur r\u00e9fugi\u00e9s en Ouganda\\\" (Esther Anyakun Davina) - Actualit\u00e9s congolaises et internationales\",\"isPartOf\":{\"@id\":\"https:\\\/\\\/congovirtuel.com\\\/information\\\/#website\"},\"primaryImageOfPage\":{\"@id\":\"https:\\\/\\\/congovirtuel.com\\\/information\\\/m23-adflattention-internationale-se-porte-sur-lukraine-la-rdc-et-le-sud-soudan-doivent-payer-pour-leur-refugies-en-ouganda-esther-anyakun-davina\\\/#primaryimage\"},\"image\":{\"@id\":\"https:\\\/\\\/congovirtuel.com\\\/information\\\/m23-adflattention-internationale-se-porte-sur-lukraine-la-rdc-et-le-sud-soudan-doivent-payer-pour-leur-refugies-en-ouganda-esther-anyakun-davina\\\/#primaryimage\"},\"thumbnailUrl\":\"https:\\\/\\\/congovirtuel.com\\\/information\\\/wp-content\\\/uploads\\\/2020\\\/10\\\/frontiere_Beni2.jpg\",\"datePublished\":\"2022-04-19T09:38:19+00:00\",\"breadcrumb\":{\"@id\":\"https:\\\/\\\/congovirtuel.com\\\/information\\\/m23-adflattention-internationale-se-porte-sur-lukraine-la-rdc-et-le-sud-soudan-doivent-payer-pour-leur-refugies-en-ouganda-esther-anyakun-davina\\\/#breadcrumb\"},\"inLanguage\":\"fr-FR\",\"potentialAction\":[{\"@type\":\"ReadAction\",\"target\":[\"https:\\\/\\\/congovirtuel.com\\\/information\\\/m23-adflattention-internationale-se-porte-sur-lukraine-la-rdc-et-le-sud-soudan-doivent-payer-pour-leur-refugies-en-ouganda-esther-anyakun-davina\\\/\"]}]},{\"@type\":\"ImageObject\",\"inLanguage\":\"fr-FR\",\"@id\":\"https:\\\/\\\/congovirtuel.com\\\/information\\\/m23-adflattention-internationale-se-porte-sur-lukraine-la-rdc-et-le-sud-soudan-doivent-payer-pour-leur-refugies-en-ouganda-esther-anyakun-davina\\\/#primaryimage\",\"url\":\"https:\\\/\\\/congovirtuel.com\\\/information\\\/wp-content\\\/uploads\\\/2020\\\/10\\\/frontiere_Beni2.jpg\",\"contentUrl\":\"https:\\\/\\\/congovirtuel.com\\\/information\\\/wp-content\\\/uploads\\\/2020\\\/10\\\/frontiere_Beni2.jpg\",\"width\":1200,\"height\":675,\"caption\":\"fronti\u00e8re RDC-BENI - OUGANDA\"},{\"@type\":\"BreadcrumbList\",\"@id\":\"https:\\\/\\\/congovirtuel.com\\\/information\\\/m23-adflattention-internationale-se-porte-sur-lukraine-la-rdc-et-le-sud-soudan-doivent-payer-pour-leur-refugies-en-ouganda-esther-anyakun-davina\\\/#breadcrumb\",\"itemListElement\":[{\"@type\":\"ListItem\",\"position\":1,\"name\":\"Accueil\",\"item\":\"https:\\\/\\\/congovirtuel.com\\\/information\\\/\"},{\"@type\":\"ListItem\",\"position\":2,\"name\":\"M23\\\/ADF:L&rsquo;attention internationale se porte\u00a0 sur l&rsquo;Ukraine, la RDC et le Sud Soudan \u00ab\u00a0doivent payer pour leur r\u00e9fugi\u00e9s en Ouganda\u00a0\u00bb (Esther Anyakun Davina)\"}]},{\"@type\":\"WebSite\",\"@id\":\"https:\\\/\\\/congovirtuel.com\\\/information\\\/#website\",\"url\":\"https:\\\/\\\/congovirtuel.com\\\/information\\\/\",\"name\":\"Actualit\u00e9s congolaises et internationales\",\"description\":\"site d&#039;analyse et de traitement d&#039;information\",\"publisher\":{\"@id\":\"https:\\\/\\\/congovirtuel.com\\\/information\\\/#organization\"},\"potentialAction\":[{\"@type\":\"SearchAction\",\"target\":{\"@type\":\"EntryPoint\",\"urlTemplate\":\"https:\\\/\\\/congovirtuel.com\\\/information\\\/?s={search_term_string}\"},\"query-input\":{\"@type\":\"PropertyValueSpecification\",\"valueRequired\":true,\"valueName\":\"search_term_string\"}}],\"inLanguage\":\"fr-FR\"},{\"@type\":\"Organization\",\"@id\":\"https:\\\/\\\/congovirtuel.com\\\/information\\\/#organization\",\"name\":\"Biblioth\u00e8que Virtuelle de la RDC\",\"url\":\"https:\\\/\\\/congovirtuel.com\\\/information\\\/\",\"logo\":{\"@type\":\"ImageObject\",\"inLanguage\":\"fr-FR\",\"@id\":\"https:\\\/\\\/congovirtuel.com\\\/information\\\/#\\\/schema\\\/logo\\\/image\\\/\",\"url\":\"https:\\\/\\\/congovirtuel.com\\\/information\\\/wp-content\\\/uploads\\\/2018\\\/10\\\/header-info-congovirtuel-vraie.jpg\",\"contentUrl\":\"https:\\\/\\\/congovirtuel.com\\\/information\\\/wp-content\\\/uploads\\\/2018\\\/10\\\/header-info-congovirtuel-vraie.jpg\",\"width\":728,\"height\":90,\"caption\":\"Biblioth\u00e8que Virtuelle de la RDC\"},\"image\":{\"@id\":\"https:\\\/\\\/congovirtuel.com\\\/information\\\/#\\\/schema\\\/logo\\\/image\\\/\"},\"sameAs\":[\"https:\\\/\\\/web.facebook.com\\\/Congovirtuel-763617960319601\\\/?ref=aymt_homepage_panel&amp;amp;amp;amp;amp;amp;amp;amp;amp;amp;amp;eid=ARCoxULa66767kIgF_KYav6VdjXTI4yk_LW4yoVO9s6NXpysgb7Cb65vpxcxgqzOAKvIbLQxaAETcqHT\",\"https:\\\/\\\/x.com\\\/congovirtuel\",\"https:\\\/\\\/www.youtube.com\\\/channel\\\/UCkFfprYzGgS3EWNpeMXpToQ?view_as=subscriber\"]},{\"@type\":\"Person\",\"@id\":\"https:\\\/\\\/congovirtuel.com\\\/information\\\/#\\\/schema\\\/person\\\/739a44bf7990966cb53d58d2fdeca0b6\",\"name\":\"infocongovirtuel\",\"image\":{\"@type\":\"ImageObject\",\"inLanguage\":\"fr-FR\",\"@id\":\"https:\\\/\\\/secure.gravatar.com\\\/avatar\\\/4d76991aa72469f0eb22e772586c99113c6997f88da636a9db8f2ce3a2c05e69?s=96&d=mm&r=g\",\"url\":\"https:\\\/\\\/secure.gravatar.com\\\/avatar\\\/4d76991aa72469f0eb22e772586c99113c6997f88da636a9db8f2ce3a2c05e69?s=96&d=mm&r=g\",\"contentUrl\":\"https:\\\/\\\/secure.gravatar.com\\\/avatar\\\/4d76991aa72469f0eb22e772586c99113c6997f88da636a9db8f2ce3a2c05e69?s=96&d=mm&r=g\",\"caption\":\"infocongovirtuel\"},\"url\":\"https:\\\/\\\/congovirtuel.com\\\/information\\\/author\\\/infocongovirtuel\\\/\"}]}<\/script>\n<!-- \/ Yoast SEO plugin. -->","yoast_head_json":{"title":"M23\/ADF:L'attention internationale se porte\u00a0 sur l'Ukraine, la RDC et le Sud Soudan \"doivent payer pour leur r\u00e9fugi\u00e9s en Ouganda\" (Esther Anyakun Davina) - Actualit\u00e9s congolaises et internationales","robots":{"index":"index","follow":"follow","max-snippet":"max-snippet:-1","max-image-preview":"max-image-preview:large","max-video-preview":"max-video-preview:-1"},"canonical":"https:\/\/congovirtuel.com\/information\/m23-adflattention-internationale-se-porte-sur-lukraine-la-rdc-et-le-sud-soudan-doivent-payer-pour-leur-refugies-en-ouganda-esther-anyakun-davina\/","og_locale":"fr_FR","og_type":"article","og_title":"M23\/ADF:L'attention internationale se porte\u00a0 sur l'Ukraine, la RDC et le Sud Soudan \"doivent payer pour leur r\u00e9fugi\u00e9s en Ouganda\" (Esther Anyakun Davina) - Actualit\u00e9s congolaises et internationales","og_description":"La ministre d&rsquo;\u00c9tat charg\u00e9e des secours, de la pr\u00e9paration aux catastrophes et des r\u00e9fugi\u00e9s, Esther Anyakun Davina, a demand\u00e9 aux gouvernements de la R\u00e9publique d\u00e9mocratique du Congo et du Soudan du Sud de contribuer au soutien du bien-\u00eatre des r\u00e9fugi\u00e9s en Ouganda. &nbsp; La ministre a d\u00e9clar\u00e9 que l&rsquo;Ouganda supportait un fardeau suppl\u00e9mentaire pour accueillir le grand nombre de r\u00e9fugi\u00e9s des deux pays et pourtant, les causes de l&rsquo;afflux dans le pays ne contribuaient en rien \u00e0 soutenir leur peuple. &nbsp; &nbsp; Fin f\u00e9vrier, l&rsquo;Ouganda comptait au total 1 595&hellip;","og_url":"https:\/\/congovirtuel.com\/information\/m23-adflattention-internationale-se-porte-sur-lukraine-la-rdc-et-le-sud-soudan-doivent-payer-pour-leur-refugies-en-ouganda-esther-anyakun-davina\/","og_site_name":"Actualit\u00e9s congolaises et internationales","article_publisher":"https:\/\/web.facebook.com\/Congovirtuel-763617960319601\/?ref=aymt_homepage_panel&amp%3bamp%3bamp%3bamp%3bamp%3bamp%3bamp%3bamp%3bamp%3bamp%3bamp%3beid=ARCoxULa66767kIgF_KYav6VdjXTI4yk_LW4yoVO9s6NXpysgb7Cb65vpxcxgqzOAKvIbLQxaAETcqHT","article_published_time":"2022-04-19T09:38:19+00:00","og_image":[{"width":1200,"height":675,"url":"https:\/\/congovirtuel.com\/information\/wp-content\/uploads\/2020\/10\/frontiere_Beni2.jpg","type":"image\/jpeg"}],"author":"infocongovirtuel","twitter_card":"summary_large_image","twitter_creator":"@congovirtuel","twitter_site":"@congovirtuel","twitter_misc":{"\u00c9crit par":"infocongovirtuel","Dur\u00e9e de lecture estim\u00e9e":"3 minutes"},"schema":{"@context":"https:\/\/schema.org","@graph":[{"@type":"Article","@id":"https:\/\/congovirtuel.com\/information\/m23-adflattention-internationale-se-porte-sur-lukraine-la-rdc-et-le-sud-soudan-doivent-payer-pour-leur-refugies-en-ouganda-esther-anyakun-davina\/#article","isPartOf":{"@id":"https:\/\/congovirtuel.com\/information\/m23-adflattention-internationale-se-porte-sur-lukraine-la-rdc-et-le-sud-soudan-doivent-payer-pour-leur-refugies-en-ouganda-esther-anyakun-davina\/"},"author":{"name":"infocongovirtuel","@id":"https:\/\/congovirtuel.com\/information\/#\/schema\/person\/739a44bf7990966cb53d58d2fdeca0b6"},"headline":"M23\/ADF:L&rsquo;attention internationale se porte\u00a0 sur l&rsquo;Ukraine, la RDC et le Sud Soudan \u00ab\u00a0doivent payer pour leur r\u00e9fugi\u00e9s en Ouganda\u00a0\u00bb (Esther Anyakun Davina)","datePublished":"2022-04-19T09:38:19+00:00","mainEntityOfPage":{"@id":"https:\/\/congovirtuel.com\/information\/m23-adflattention-internationale-se-porte-sur-lukraine-la-rdc-et-le-sud-soudan-doivent-payer-pour-leur-refugies-en-ouganda-esther-anyakun-davina\/"},"wordCount":687,"commentCount":0,"publisher":{"@id":"https:\/\/congovirtuel.com\/information\/#organization"},"image":{"@id":"https:\/\/congovirtuel.com\/information\/m23-adflattention-internationale-se-porte-sur-lukraine-la-rdc-et-le-sud-soudan-doivent-payer-pour-leur-refugies-en-ouganda-esther-anyakun-davina\/#primaryimage"},"thumbnailUrl":"https:\/\/congovirtuel.com\/information\/wp-content\/uploads\/2020\/10\/frontiere_Beni2.jpg","keywords":["r\u00e9fugi\u00e9s congolais"],"articleSection":["Ins\u00e9curit\u00e9"],"inLanguage":"fr-FR","potentialAction":[{"@type":"CommentAction","name":"Comment","target":["https:\/\/congovirtuel.com\/information\/m23-adflattention-internationale-se-porte-sur-lukraine-la-rdc-et-le-sud-soudan-doivent-payer-pour-leur-refugies-en-ouganda-esther-anyakun-davina\/#respond"]}]},{"@type":"WebPage","@id":"https:\/\/congovirtuel.com\/information\/m23-adflattention-internationale-se-porte-sur-lukraine-la-rdc-et-le-sud-soudan-doivent-payer-pour-leur-refugies-en-ouganda-esther-anyakun-davina\/","url":"https:\/\/congovirtuel.com\/information\/m23-adflattention-internationale-se-porte-sur-lukraine-la-rdc-et-le-sud-soudan-doivent-payer-pour-leur-refugies-en-ouganda-esther-anyakun-davina\/","name":"M23\/ADF:L'attention internationale se porte\u00a0 sur l'Ukraine, la RDC et le Sud Soudan \"doivent payer pour leur r\u00e9fugi\u00e9s en Ouganda\" (Esther Anyakun Davina) - Actualit\u00e9s congolaises et internationales","isPartOf":{"@id":"https:\/\/congovirtuel.com\/information\/#website"},"primaryImageOfPage":{"@id":"https:\/\/congovirtuel.com\/information\/m23-adflattention-internationale-se-porte-sur-lukraine-la-rdc-et-le-sud-soudan-doivent-payer-pour-leur-refugies-en-ouganda-esther-anyakun-davina\/#primaryimage"},"image":{"@id":"https:\/\/congovirtuel.com\/information\/m23-adflattention-internationale-se-porte-sur-lukraine-la-rdc-et-le-sud-soudan-doivent-payer-pour-leur-refugies-en-ouganda-esther-anyakun-davina\/#primaryimage"},"thumbnailUrl":"https:\/\/congovirtuel.com\/information\/wp-content\/uploads\/2020\/10\/frontiere_Beni2.jpg","datePublished":"2022-04-19T09:38:19+00:00","breadcrumb":{"@id":"https:\/\/congovirtuel.com\/information\/m23-adflattention-internationale-se-porte-sur-lukraine-la-rdc-et-le-sud-soudan-doivent-payer-pour-leur-refugies-en-ouganda-esther-anyakun-davina\/#breadcrumb"},"inLanguage":"fr-FR","potentialAction":[{"@type":"ReadAction","target":["https:\/\/congovirtuel.com\/information\/m23-adflattention-internationale-se-porte-sur-lukraine-la-rdc-et-le-sud-soudan-doivent-payer-pour-leur-refugies-en-ouganda-esther-anyakun-davina\/"]}]},{"@type":"ImageObject","inLanguage":"fr-FR","@id":"https:\/\/congovirtuel.com\/information\/m23-adflattention-internationale-se-porte-sur-lukraine-la-rdc-et-le-sud-soudan-doivent-payer-pour-leur-refugies-en-ouganda-esther-anyakun-davina\/#primaryimage","url":"https:\/\/congovirtuel.com\/information\/wp-content\/uploads\/2020\/10\/frontiere_Beni2.jpg","contentUrl":"https:\/\/congovirtuel.com\/information\/wp-content\/uploads\/2020\/10\/frontiere_Beni2.jpg","width":1200,"height":675,"caption":"fronti\u00e8re RDC-BENI - OUGANDA"},{"@type":"BreadcrumbList","@id":"https:\/\/congovirtuel.com\/information\/m23-adflattention-internationale-se-porte-sur-lukraine-la-rdc-et-le-sud-soudan-doivent-payer-pour-leur-refugies-en-ouganda-esther-anyakun-davina\/#breadcrumb","itemListElement":[{"@type":"ListItem","position":1,"name":"Accueil","item":"https:\/\/congovirtuel.com\/information\/"},{"@type":"ListItem","position":2,"name":"M23\/ADF:L&rsquo;attention internationale se porte\u00a0 sur l&rsquo;Ukraine, la RDC et le Sud Soudan \u00ab\u00a0doivent payer pour leur r\u00e9fugi\u00e9s en Ouganda\u00a0\u00bb (Esther Anyakun Davina)"}]},{"@type":"WebSite","@id":"https:\/\/congovirtuel.com\/information\/#website","url":"https:\/\/congovirtuel.com\/information\/","name":"Actualit\u00e9s congolaises et internationales","description":"site d&#039;analyse et de traitement d&#039;information","publisher":{"@id":"https:\/\/congovirtuel.com\/information\/#organization"},"potentialAction":[{"@type":"SearchAction","target":{"@type":"EntryPoint","urlTemplate":"https:\/\/congovirtuel.com\/information\/?s={search_term_string}"},"query-input":{"@type":"PropertyValueSpecification","valueRequired":true,"valueName":"search_term_string"}}],"inLanguage":"fr-FR"},{"@type":"Organization","@id":"https:\/\/congovirtuel.com\/information\/#organization","name":"Biblioth\u00e8que Virtuelle de la RDC","url":"https:\/\/congovirtuel.com\/information\/","logo":{"@type":"ImageObject","inLanguage":"fr-FR","@id":"https:\/\/congovirtuel.com\/information\/#\/schema\/logo\/image\/","url":"https:\/\/congovirtuel.com\/information\/wp-content\/uploads\/2018\/10\/header-info-congovirtuel-vraie.jpg","contentUrl":"https:\/\/congovirtuel.com\/information\/wp-content\/uploads\/2018\/10\/header-info-congovirtuel-vraie.jpg","width":728,"height":90,"caption":"Biblioth\u00e8que Virtuelle de la RDC"},"image":{"@id":"https:\/\/congovirtuel.com\/information\/#\/schema\/logo\/image\/"},"sameAs":["https:\/\/web.facebook.com\/Congovirtuel-763617960319601\/?ref=aymt_homepage_panel&amp;amp;amp;amp;amp;amp;amp;amp;amp;amp;amp;eid=ARCoxULa66767kIgF_KYav6VdjXTI4yk_LW4yoVO9s6NXpysgb7Cb65vpxcxgqzOAKvIbLQxaAETcqHT","https:\/\/x.com\/congovirtuel","https:\/\/www.youtube.com\/channel\/UCkFfprYzGgS3EWNpeMXpToQ?view_as=subscriber"]},{"@type":"Person","@id":"https:\/\/congovirtuel.com\/information\/#\/schema\/person\/739a44bf7990966cb53d58d2fdeca0b6","name":"infocongovirtuel","image":{"@type":"ImageObject","inLanguage":"fr-FR","@id":"https:\/\/secure.gravatar.com\/avatar\/4d76991aa72469f0eb22e772586c99113c6997f88da636a9db8f2ce3a2c05e69?s=96&d=mm&r=g","url":"https:\/\/secure.gravatar.com\/avatar\/4d76991aa72469f0eb22e772586c99113c6997f88da636a9db8f2ce3a2c05e69?s=96&d=mm&r=g","contentUrl":"https:\/\/secure.gravatar.com\/avatar\/4d76991aa72469f0eb22e772586c99113c6997f88da636a9db8f2ce3a2c05e69?s=96&d=mm&r=g","caption":"infocongovirtuel"},"url":"https:\/\/congovirtuel.com\/information\/author\/infocongovirtuel\/"}]}},"gt_translate_keys":[{"key":"link","format":"url"}],"_links":{"self":[{"href":"https:\/\/congovirtuel.com\/information\/wp-json\/wp\/v2\/posts\/18686","targetHints":{"allow":["GET"]}}],"collection":[{"href":"https:\/\/congovirtuel.com\/information\/wp-json\/wp\/v2\/posts"}],"about":[{"href":"https:\/\/congovirtuel.com\/information\/wp-json\/wp\/v2\/types\/post"}],"author":[{"embeddable":true,"href":"https:\/\/congovirtuel.com\/information\/wp-json\/wp\/v2\/users\/1"}],"replies":[{"embeddable":true,"href":"https:\/\/congovirtuel.com\/information\/wp-json\/wp\/v2\/comments?post=18686"}],"version-history":[{"count":1,"href":"https:\/\/congovirtuel.com\/information\/wp-json\/wp\/v2\/posts\/18686\/revisions"}],"predecessor-version":[{"id":18687,"href":"https:\/\/congovirtuel.com\/information\/wp-json\/wp\/v2\/posts\/18686\/revisions\/18687"}],"wp:featuredmedia":[{"embeddable":true,"href":"https:\/\/congovirtuel.com\/information\/wp-json\/wp\/v2\/media\/3493"}],"wp:attachment":[{"href":"https:\/\/congovirtuel.com\/information\/wp-json\/wp\/v2\/media?parent=18686"}],"wp:term":[{"taxonomy":"category","embeddable":true,"href":"https:\/\/congovirtuel.com\/information\/wp-json\/wp\/v2\/categories?post=18686"},{"taxonomy":"post_tag","embeddable":true,"href":"https:\/\/congovirtuel.com\/information\/wp-json\/wp\/v2\/tags?post=18686"}],"curies":[{"name":"wp","href":"https:\/\/api.w.org\/{rel}","templated":true}]}}