{"id":18763,"date":"2022-04-26T18:30:04","date_gmt":"2022-04-26T17:30:04","guid":{"rendered":"https:\/\/congovirtuel.com\/information\/?p=18763"},"modified":"2022-04-26T18:30:04","modified_gmt":"2022-04-26T17:30:04","slug":"rdc-tshisekedi-a-t-il-mis-la-main-sur-une-partie-du-butin-de-gertler-pour-financer-sa-campagne-de-reelection-difficile-lannee-prochaine-iss","status":"publish","type":"post","link":"https:\/\/congovirtuel.com\/information\/rdc-tshisekedi-a-t-il-mis-la-main-sur-une-partie-du-butin-de-gertler-pour-financer-sa-campagne-de-reelection-difficile-lannee-prochaine-iss\/","title":{"rendered":"RDC: Tshisekedi a-t-il mis la main sur une partie du\u00a0\u00bb butin \u00ab\u00a0de Gertler pour\u00a0\u00bb financer\u00a0\u00bb sa campagne de r\u00e9\u00e9lection\u00a0\u00bb difficile \u00a0\u00bb l&rsquo;ann\u00e9e prochaine? (ISS)","gt_translate_keys":[{"key":"rendered","format":"text"}]},"content":{"rendered":"<p><strong>\u00a0<\/strong><strong><em>L&rsquo;accord minier\u00a0 du pr\u00e9sident de la RDC avec un magnat minier risque d&rsquo;\u00eatre une erreur de calcul co\u00fbteuse. Les questions surgissent\u00a0 sur le fait que le pr\u00e9sident F\u00e9lix Tshisekedi ne divulgue pas les d\u00e9tails de l&rsquo;accord pour r\u00e9cup\u00e9rer les actifs du magnat controvers\u00e9 des mines.<\/em><\/strong><\/p>\n<p>&nbsp;<\/p>\n<p>Au-del\u00e0 des mots, de nombreux indices sur ce qu&rsquo;est vraiment l&rsquo;\u00e9nigmatique pr\u00e9sident F\u00e9lix Tshisekedi semblent cach\u00e9s dans l&rsquo;accord secret que son gouvernement a sign\u00e9 le 24 f\u00e9vrier avec le c\u00e9l\u00e8bre magnat minier isra\u00e9lien Dan Gertler.<\/p>\n<p>&nbsp;<\/p>\n<p>Gertler \u00e9tait le plus proche ami\u00a0\u00a0 de l&rsquo;ancien pr\u00e9sident de la R\u00e9publique d\u00e9mocratique du Congo (RDC), Joseph Kabila. Le protocole d&rsquo;accord entre Tshisekedi et Gertler permettrait \u00e0 la RDC de \u00ab\u00a0<em>r\u00e9cup\u00e9rer les actifs miniers et p\u00e9troliers contest\u00e9s\u00a0\u00bb<\/em> de la soci\u00e9t\u00e9 Ventura de Gertler, d&rsquo;une valeur de plus de 2 milliards de dollars, a indiqu\u00e9 la RDC.<\/p>\n<p>&nbsp;<\/p>\n<p>\u00ab <em>C&rsquo;est une premi\u00e8re historique pour le pays, qui r\u00e9cup\u00e8re ainsi des actifs dont la vente avait \u00e9t\u00e9 remise en cause. L&rsquo;\u00c9tat congolais va donc revaloriser ces actifs au profit exclusif de la population<\/em> \u00bb, a d\u00e9clar\u00e9 la pr\u00e9sidence de la RDC dans des publications sur Twitter .<\/p>\n<p>&nbsp;<\/p>\n<p>Mais l&rsquo;absence de publication des d\u00e9tails de l&rsquo;accord jusqu&rsquo;\u00e0 pr\u00e9sent a soulev\u00e9 de nombreuses questions sur ses m\u00e9rites. L&rsquo;organisme de surveillance anti-corruption de la RDC Le Congo n&rsquo;est pas \u00e0 vendre (CNPAV) est l&rsquo;une des nombreuses voix de la soci\u00e9t\u00e9 civile exigeant que l&rsquo;accord complet soit rendu public. Cela apaiserait les craintes que Tshisekedi n&rsquo;ait pas simplement lanc\u00e9 \u00ab\u00a0<em>un nouveau cycle de corruption\u00a0\u00bb<\/em>.<\/p>\n<p>&nbsp;<\/p>\n<p>CNPAV a d\u00e9clar\u00e9 que Gertler poss\u00e9dait toujours plusieurs actifs strat\u00e9giques, notamment les blocs p\u00e9troliers 1 et 2 sur le lac Albert et des permis aurif\u00e8res pr\u00e8s de Kibali. Il a d\u00e9clar\u00e9 que le public devait \u00eatre rassur\u00e9 que ces actifs seraient enti\u00e8rement r\u00e9cup\u00e9r\u00e9s, et d&rsquo;autres ont sugg\u00e9r\u00e9 que leur pr\u00e9tendue valeur devait \u00eatre corrobor\u00e9e.<\/p>\n<p>&nbsp;<\/p>\n<p>CNPAV a \u00e9galement not\u00e9 que Gertler gagnait toujours des redevances \u00abcolossales\u00bb de plus de 200 000 dollars par jour des trois int\u00e9r\u00eats miniers de cuivre-cobalt KCC, Mutanda et Metalkol. Les d\u00e9clarations du gouvernement ont montr\u00e9 que seule une partie des redevances de KCC serait r\u00e9cup\u00e9r\u00e9e, ce qui signifie que Gertler re\u00e7oit toujours d&rsquo;\u00e9normes commissions de Mutanda et Metalkol. Ils sugg\u00e8rent \u00e9galement que Gertler c\u00e8de certains actifs en \u00e9change de l&rsquo;abandon par l&rsquo;\u00c9tat des poursuites contre lui.<\/p>\n<p>&nbsp;<\/p>\n<p>L&rsquo;accord semble favoriser Gertler par rapport \u00e0 la RDC. En tant qu&rsquo;ancien envoy\u00e9 sp\u00e9cial des \u00c9tats-Unis (US) pour les Grands Lacs, J Peter Pham a tweet\u00e9 : \u00ab <em>Le Congo devrait r\u00e9cup\u00e9rer ses ressources, mais il ne devrait pas&#8230; donner un sou \u00e0 Gertler&#8230; la victime d&rsquo;un crime ne devrait pas \u00eatre oblig\u00e9e de payer\u2026 pour r\u00e9cup\u00e9rer ce qui lui appartenait depuis le d\u00e9but.<\/em><\/p>\n<p>&nbsp;<\/p>\n<p><em>Pham reste activement engag\u00e9 en RDC et lors de ses visites r\u00e9guli\u00e8res \u00e0 Kinshasa, rencontre de hauts responsables, dont Tshisekedi. \u00ab\u00a0Il convient de rappeler que M. #Gertler reste sanctionn\u00e9 par les #USA et tout r\u00e8glement financier ou commercial avec cette personne cibl\u00e9e qui viole les restrictions #OFAC impos\u00e9es par le @USTreasury ne fera pas avancer notre partenariat privil\u00e9gi\u00e9 avec la #RDC<\/em>\u00ab\u00a0, a-t-il d\u00e9clar\u00e9.<\/p>\n<p>&nbsp;<\/p>\n<p>Ce fut un rappel utile qu&rsquo;en d\u00e9cembre 2017 et juin 2018, le Tr\u00e9sor am\u00e9ricain a impos\u00e9 des sanctions financi\u00e8res \u00e0 Gertler en vertu de sa loi Global Magnitsky . Il a d\u00e9clar\u00e9 qu&rsquo;il avait \u00ab\u00a0<em>amass\u00e9 sa fortune gr\u00e2ce \u00e0 des centaines de millions de dollars de transactions mini\u00e8res et p\u00e9troli\u00e8res opaques et corrompues en R\u00e9publique d\u00e9mocratique du Congo<\/em>\u00ab\u00a0.<\/p>\n<p>&nbsp;<\/p>\n<p>Le Tr\u00e9sor am\u00e9ricain a not\u00e9 que Gertler avait utilis\u00e9 son amiti\u00e9 avec Kabila pour servir d&rsquo;interm\u00e9diaire dans les ventes d&rsquo;actifs miniers en RDC. Le pays aurait perdu plus de 1,36 milliard de dollars de revenus en raison de la sous-\u00e9valuation des actifs vendus \u00e0 des soci\u00e9t\u00e9s offshore li\u00e9es \u00e0 Gertler.<\/p>\n<p>&nbsp;<\/p>\n<p>Des sources diplomatiques pensent que Gertler a \u00e9t\u00e9 motiv\u00e9 pour signer l&rsquo;accord du 24 f\u00e9vrier par un accord de plaidoyer imminent que le g\u00e9ant des mati\u00e8res premi\u00e8res Glencore est sur le point de conclure avec les \u00c9tats-Unis pour des accusations de corruption li\u00e9es \u00e0 ses activit\u00e9s en RDC. Glencore aurait mis de c\u00f4t\u00e9 environ 1,5 milliard de dollars pour r\u00e9gler.<\/p>\n<p>&nbsp;<\/p>\n<p>Glencore exploite KCC et Mutanda et paie une grande partie des redevances que Gertler gagne encore. Et les sources diplomatiques ont d\u00e9clar\u00e9 \u00e0 ISS Today que l&rsquo;accord Mutanda entre Gertler et Glencore faisait partie de l&rsquo;enqu\u00eate am\u00e9ricaine sur la corruption de Glencore.<\/p>\n<p>&nbsp;<\/p>\n<p>Les sources sugg\u00e8rent que Gertler a peut-\u00eatre cherch\u00e9 l&rsquo;accord avec la RDC pour anticiper ou att\u00e9nuer les poursuites judiciaires am\u00e9ricaines. Ils ont not\u00e9 que les r\u00e9clamations contre lui jusqu&rsquo;\u00e0 pr\u00e9sent en vertu de la loi Magnitsky n&rsquo;\u00e9taient que civiles. Toute accusation dans l&rsquo;affaire Glencore pourrait \u00eatre criminelle.<\/p>\n<p>&nbsp;<\/p>\n<p>Mais si les motivations de Gertler sont faciles \u00e0 comprendre, on ne sait en aucun cas ce qui a motiv\u00e9 Tshisekedi. S&rsquo;agissait-il simplement de mettre la main sur une partie du butin de Gertler \u2013 peut-\u00eatre pour aider \u00e0 financer une campagne de r\u00e9\u00e9lection difficile l&rsquo;ann\u00e9e prochaine \u2013 comme l&rsquo;ont sugg\u00e9r\u00e9 certains commentateurs politiques ? Pourtant, les importantes retomb\u00e9es nationales ont nui \u00e0 sa r\u00e9putation et pourraient nuire \u00e0 ses chances de r\u00e9\u00e9lection.<\/p>\n<p>&nbsp;<\/p>\n<p>De plus, l&rsquo;accord a exasp\u00e9r\u00e9 Washington. Le sous-secr\u00e9taire au Tr\u00e9sor am\u00e9ricain charg\u00e9 du terrorisme et du renseignement financier, Brian Nelson, s&rsquo;est rendu \u00e0 Kinshasa le mois dernier pour exprimer le m\u00e9contentement du gouvernement am\u00e9ricain face \u00e0 un accord qui sape les sanctions de la loi Magnitsky contre Gertler. L&rsquo;administration Biden a \u00e9galement r\u00e9impos\u00e9 les sanctions \u00e0 Gertler, apr\u00e8s un sursis de l&rsquo;administration Trump \u00e0 ses derniers jours.<\/p>\n<p>&nbsp;<\/p>\n<p>L&rsquo;interpr\u00e9tation la plus charitable de Washington est que Tshisekedi n&rsquo;a pas accord\u00e9 suffisamment d&rsquo;attention \u00e0 l&rsquo;accord ou n&rsquo;a pas pr\u00e9vu ses implications pour ses liens avec les \u00c9tats-Unis. Cela devrait \u00eatre une relation importante puisque Washington l&rsquo;a aid\u00e9 dans sa lutte pour le pouvoir avec Kabila. Dans cette optique, les lieutenants de Tshisekedi ont concoct\u00e9 l&rsquo;accord dans leur propre int\u00e9r\u00eat et le pr\u00e9sident l&rsquo;a approuv\u00e9 sans examen. En cons\u00e9quence, ces sources sugg\u00e8rent que l&rsquo;accord ne sera pas conclu.<\/p>\n<p>&nbsp;<\/p>\n<p>Le point de vue le moins charitable est que Tshisekedi perp\u00e9tue discr\u00e8tement le cycle de corruption de la RDC, comme le soup\u00e7onne la CNPAV. Il a promis d&rsquo;\u00e9radiquer la corruption mais n&rsquo;a rien fait de l\u00e9gal et de visible, par exemple, \u00e0 propos des nombreuses r\u00e9v\u00e9lations autour de Kabila et de ses copains, r\u00e9v\u00e9l\u00e9es dans la fuite Congo Hold-up en novembre dernier. Cela sugg\u00e9rerait une contrepartie secr\u00e8te avec son pr\u00e9d\u00e9cesseur \u2013 peut-\u00eatre la m\u00eame vari\u00e9t\u00e9 que l&rsquo;accord avec Gertler.<\/p>\n<p>&nbsp;<\/p>\n<p>Le temps nous le dira, esp\u00e9rons-le, m\u00eame s&rsquo;il serait utile aux Congolais que Tshisekedi publie le protocole d&rsquo;accord avec Gertler pour donner une id\u00e9e de sa position sur la corruption.<\/p>\n<p>&nbsp;<\/p>\n<p><a href=\"https:\/\/issafrica.org\/iss-today\"><strong><em>Peter Fabricius, consultant, Institut d&rsquo;\u00e9tudes de s\u00e9curit\u00e9 (ISS) Pretoria.<\/em><\/strong><\/a><\/p>\n<p>&nbsp;<\/p>\n","protected":false,"gt_translate_keys":[{"key":"rendered","format":"html"}]},"excerpt":{"rendered":"<p>\u00a0L&rsquo;accord minier\u00a0 du pr\u00e9sident de la RDC avec un magnat minier risque d&rsquo;\u00eatre une erreur de calcul co\u00fbteuse. Les questions surgissent\u00a0 sur le fait que le pr\u00e9sident F\u00e9lix Tshisekedi ne divulgue pas les d\u00e9tails de l&rsquo;accord pour r\u00e9cup\u00e9rer les actifs du magnat controvers\u00e9 des mines. &nbsp; Au-del\u00e0 des mots, de nombreux indices sur ce qu&rsquo;est vraiment l&rsquo;\u00e9nigmatique pr\u00e9sident F\u00e9lix Tshisekedi semblent cach\u00e9s dans l&rsquo;accord secret que son gouvernement a sign\u00e9 le 24 f\u00e9vrier avec le c\u00e9l\u00e8bre magnat minier isra\u00e9lien Dan Gertler. &nbsp; Gertler \u00e9tait le plus proche ami\u00a0\u00a0 de l&rsquo;ancien&hellip;<\/p>\n","protected":false,"gt_translate_keys":[{"key":"rendered","format":"html"}]},"author":1,"featured_media":16444,"comment_status":"open","ping_status":"open","sticky":false,"template":"","format":"standard","meta":{"_crdt_document":"","footnotes":""},"categories":[461],"tags":[],"class_list":["post-18763","post","type-post","status-publish","format-standard","has-post-thumbnail","hentry","category-justice"],"gutentor_comment":0,"yoast_head":"<!-- This site is optimized with the Yoast SEO plugin v27.5 - https:\/\/yoast.com\/product\/yoast-seo-wordpress\/ -->\n<title>RDC: Tshisekedi a-t-il mis la main sur une partie du&quot; butin &quot;de Gertler pour&quot; financer&quot; sa campagne de r\u00e9\u00e9lection&quot; difficile &quot; l&#039;ann\u00e9e prochaine? (ISS) - Actualit\u00e9s congolaises et internationales<\/title>\n<meta name=\"robots\" content=\"index, follow, max-snippet:-1, max-image-preview:large, max-video-preview:-1\" \/>\n<link rel=\"canonical\" href=\"https:\/\/congovirtuel.com\/information\/rdc-tshisekedi-a-t-il-mis-la-main-sur-une-partie-du-butin-de-gertler-pour-financer-sa-campagne-de-reelection-difficile-lannee-prochaine-iss\/\" \/>\n<meta property=\"og:locale\" content=\"fr_FR\" \/>\n<meta property=\"og:type\" content=\"article\" \/>\n<meta property=\"og:title\" content=\"RDC: Tshisekedi a-t-il mis la main sur une partie du&quot; butin &quot;de Gertler pour&quot; financer&quot; sa campagne de r\u00e9\u00e9lection&quot; difficile &quot; l&#039;ann\u00e9e prochaine? (ISS) - Actualit\u00e9s congolaises et internationales\" \/>\n<meta property=\"og:description\" content=\"\u00a0L&rsquo;accord minier\u00a0 du pr\u00e9sident de la RDC avec un magnat minier risque d&rsquo;\u00eatre une erreur de calcul co\u00fbteuse. Les questions surgissent\u00a0 sur le fait que le pr\u00e9sident F\u00e9lix Tshisekedi ne divulgue pas les d\u00e9tails de l&rsquo;accord pour r\u00e9cup\u00e9rer les actifs du magnat controvers\u00e9 des mines. &nbsp; Au-del\u00e0 des mots, de nombreux indices sur ce qu&rsquo;est vraiment l&rsquo;\u00e9nigmatique pr\u00e9sident F\u00e9lix Tshisekedi semblent cach\u00e9s dans l&rsquo;accord secret que son gouvernement a sign\u00e9 le 24 f\u00e9vrier avec le c\u00e9l\u00e8bre magnat minier isra\u00e9lien Dan Gertler. &nbsp; Gertler \u00e9tait le plus proche ami\u00a0\u00a0 de l&rsquo;ancien&hellip;\" \/>\n<meta property=\"og:url\" content=\"https:\/\/congovirtuel.com\/information\/rdc-tshisekedi-a-t-il-mis-la-main-sur-une-partie-du-butin-de-gertler-pour-financer-sa-campagne-de-reelection-difficile-lannee-prochaine-iss\/\" \/>\n<meta property=\"og:site_name\" content=\"Actualit\u00e9s congolaises et internationales\" \/>\n<meta property=\"article:publisher\" content=\"https:\/\/web.facebook.com\/Congovirtuel-763617960319601\/?ref=aymt_homepage_panel&amp;amp%3bamp%3bamp%3bamp%3bamp%3bamp%3bamp%3bamp%3bamp%3bamp%3bamp%3beid=ARCoxULa66767kIgF_KYav6VdjXTI4yk_LW4yoVO9s6NXpysgb7Cb65vpxcxgqzOAKvIbLQxaAETcqHT\" \/>\n<meta property=\"article:published_time\" content=\"2022-04-26T17:30:04+00:00\" \/>\n<meta property=\"og:image\" content=\"https:\/\/congovirtuel.com\/information\/wp-content\/uploads\/2021\/12\/Tshisekedi_Gertler_Kabila-1200-x-409.jpg\" \/>\n\t<meta property=\"og:image:width\" content=\"1200\" \/>\n\t<meta property=\"og:image:height\" content=\"409\" \/>\n\t<meta property=\"og:image:type\" content=\"image\/jpeg\" \/>\n<meta name=\"author\" content=\"infocongovirtuel\" \/>\n<meta name=\"twitter:card\" content=\"summary_large_image\" \/>\n<meta name=\"twitter:creator\" content=\"@congovirtuel\" \/>\n<meta name=\"twitter:site\" content=\"@congovirtuel\" \/>\n<meta name=\"twitter:label1\" content=\"\u00c9crit par\" \/>\n\t<meta name=\"twitter:data1\" content=\"infocongovirtuel\" \/>\n\t<meta name=\"twitter:label2\" content=\"Dur\u00e9e de lecture estim\u00e9e\" \/>\n\t<meta name=\"twitter:data2\" content=\"6 minutes\" \/>\n<script type=\"application\/ld+json\" class=\"yoast-schema-graph\">{\"@context\":\"https:\\\/\\\/schema.org\",\"@graph\":[{\"@type\":\"Article\",\"@id\":\"https:\\\/\\\/congovirtuel.com\\\/information\\\/rdc-tshisekedi-a-t-il-mis-la-main-sur-une-partie-du-butin-de-gertler-pour-financer-sa-campagne-de-reelection-difficile-lannee-prochaine-iss\\\/#article\",\"isPartOf\":{\"@id\":\"https:\\\/\\\/congovirtuel.com\\\/information\\\/rdc-tshisekedi-a-t-il-mis-la-main-sur-une-partie-du-butin-de-gertler-pour-financer-sa-campagne-de-reelection-difficile-lannee-prochaine-iss\\\/\"},\"author\":{\"name\":\"infocongovirtuel\",\"@id\":\"https:\\\/\\\/congovirtuel.com\\\/information\\\/#\\\/schema\\\/person\\\/739a44bf7990966cb53d58d2fdeca0b6\"},\"headline\":\"RDC: Tshisekedi a-t-il mis la main sur une partie du\u00a0\u00bb butin \u00ab\u00a0de Gertler pour\u00a0\u00bb financer\u00a0\u00bb sa campagne de r\u00e9\u00e9lection\u00a0\u00bb difficile \u00a0\u00bb l&rsquo;ann\u00e9e prochaine? (ISS)\",\"datePublished\":\"2022-04-26T17:30:04+00:00\",\"mainEntityOfPage\":{\"@id\":\"https:\\\/\\\/congovirtuel.com\\\/information\\\/rdc-tshisekedi-a-t-il-mis-la-main-sur-une-partie-du-butin-de-gertler-pour-financer-sa-campagne-de-reelection-difficile-lannee-prochaine-iss\\\/\"},\"wordCount\":1303,\"commentCount\":0,\"publisher\":{\"@id\":\"https:\\\/\\\/congovirtuel.com\\\/information\\\/#organization\"},\"image\":{\"@id\":\"https:\\\/\\\/congovirtuel.com\\\/information\\\/rdc-tshisekedi-a-t-il-mis-la-main-sur-une-partie-du-butin-de-gertler-pour-financer-sa-campagne-de-reelection-difficile-lannee-prochaine-iss\\\/#primaryimage\"},\"thumbnailUrl\":\"https:\\\/\\\/congovirtuel.com\\\/information\\\/wp-content\\\/uploads\\\/2021\\\/12\\\/Tshisekedi_Gertler_Kabila-1200-x-409.jpg\",\"articleSection\":[\"Justice\"],\"inLanguage\":\"fr-FR\",\"potentialAction\":[{\"@type\":\"CommentAction\",\"name\":\"Comment\",\"target\":[\"https:\\\/\\\/congovirtuel.com\\\/information\\\/rdc-tshisekedi-a-t-il-mis-la-main-sur-une-partie-du-butin-de-gertler-pour-financer-sa-campagne-de-reelection-difficile-lannee-prochaine-iss\\\/#respond\"]}]},{\"@type\":\"WebPage\",\"@id\":\"https:\\\/\\\/congovirtuel.com\\\/information\\\/rdc-tshisekedi-a-t-il-mis-la-main-sur-une-partie-du-butin-de-gertler-pour-financer-sa-campagne-de-reelection-difficile-lannee-prochaine-iss\\\/\",\"url\":\"https:\\\/\\\/congovirtuel.com\\\/information\\\/rdc-tshisekedi-a-t-il-mis-la-main-sur-une-partie-du-butin-de-gertler-pour-financer-sa-campagne-de-reelection-difficile-lannee-prochaine-iss\\\/\",\"name\":\"RDC: Tshisekedi a-t-il mis la main sur une partie du\\\" butin \\\"de Gertler pour\\\" financer\\\" sa campagne de r\u00e9\u00e9lection\\\" difficile \\\" l'ann\u00e9e prochaine? (ISS) - Actualit\u00e9s congolaises et internationales\",\"isPartOf\":{\"@id\":\"https:\\\/\\\/congovirtuel.com\\\/information\\\/#website\"},\"primaryImageOfPage\":{\"@id\":\"https:\\\/\\\/congovirtuel.com\\\/information\\\/rdc-tshisekedi-a-t-il-mis-la-main-sur-une-partie-du-butin-de-gertler-pour-financer-sa-campagne-de-reelection-difficile-lannee-prochaine-iss\\\/#primaryimage\"},\"image\":{\"@id\":\"https:\\\/\\\/congovirtuel.com\\\/information\\\/rdc-tshisekedi-a-t-il-mis-la-main-sur-une-partie-du-butin-de-gertler-pour-financer-sa-campagne-de-reelection-difficile-lannee-prochaine-iss\\\/#primaryimage\"},\"thumbnailUrl\":\"https:\\\/\\\/congovirtuel.com\\\/information\\\/wp-content\\\/uploads\\\/2021\\\/12\\\/Tshisekedi_Gertler_Kabila-1200-x-409.jpg\",\"datePublished\":\"2022-04-26T17:30:04+00:00\",\"breadcrumb\":{\"@id\":\"https:\\\/\\\/congovirtuel.com\\\/information\\\/rdc-tshisekedi-a-t-il-mis-la-main-sur-une-partie-du-butin-de-gertler-pour-financer-sa-campagne-de-reelection-difficile-lannee-prochaine-iss\\\/#breadcrumb\"},\"inLanguage\":\"fr-FR\",\"potentialAction\":[{\"@type\":\"ReadAction\",\"target\":[\"https:\\\/\\\/congovirtuel.com\\\/information\\\/rdc-tshisekedi-a-t-il-mis-la-main-sur-une-partie-du-butin-de-gertler-pour-financer-sa-campagne-de-reelection-difficile-lannee-prochaine-iss\\\/\"]}]},{\"@type\":\"ImageObject\",\"inLanguage\":\"fr-FR\",\"@id\":\"https:\\\/\\\/congovirtuel.com\\\/information\\\/rdc-tshisekedi-a-t-il-mis-la-main-sur-une-partie-du-butin-de-gertler-pour-financer-sa-campagne-de-reelection-difficile-lannee-prochaine-iss\\\/#primaryimage\",\"url\":\"https:\\\/\\\/congovirtuel.com\\\/information\\\/wp-content\\\/uploads\\\/2021\\\/12\\\/Tshisekedi_Gertler_Kabila-1200-x-409.jpg\",\"contentUrl\":\"https:\\\/\\\/congovirtuel.com\\\/information\\\/wp-content\\\/uploads\\\/2021\\\/12\\\/Tshisekedi_Gertler_Kabila-1200-x-409.jpg\",\"width\":1200,\"height\":409},{\"@type\":\"BreadcrumbList\",\"@id\":\"https:\\\/\\\/congovirtuel.com\\\/information\\\/rdc-tshisekedi-a-t-il-mis-la-main-sur-une-partie-du-butin-de-gertler-pour-financer-sa-campagne-de-reelection-difficile-lannee-prochaine-iss\\\/#breadcrumb\",\"itemListElement\":[{\"@type\":\"ListItem\",\"position\":1,\"name\":\"Accueil\",\"item\":\"https:\\\/\\\/congovirtuel.com\\\/information\\\/\"},{\"@type\":\"ListItem\",\"position\":2,\"name\":\"RDC: Tshisekedi a-t-il mis la main sur une partie du\u00a0\u00bb butin \u00ab\u00a0de Gertler pour\u00a0\u00bb financer\u00a0\u00bb sa campagne de r\u00e9\u00e9lection\u00a0\u00bb difficile \u00a0\u00bb l&rsquo;ann\u00e9e prochaine? (ISS)\"}]},{\"@type\":\"WebSite\",\"@id\":\"https:\\\/\\\/congovirtuel.com\\\/information\\\/#website\",\"url\":\"https:\\\/\\\/congovirtuel.com\\\/information\\\/\",\"name\":\"Actualit\u00e9s congolaises et internationales\",\"description\":\"site d&#039;analyse et de traitement d&#039;information\",\"publisher\":{\"@id\":\"https:\\\/\\\/congovirtuel.com\\\/information\\\/#organization\"},\"potentialAction\":[{\"@type\":\"SearchAction\",\"target\":{\"@type\":\"EntryPoint\",\"urlTemplate\":\"https:\\\/\\\/congovirtuel.com\\\/information\\\/?s={search_term_string}\"},\"query-input\":{\"@type\":\"PropertyValueSpecification\",\"valueRequired\":true,\"valueName\":\"search_term_string\"}}],\"inLanguage\":\"fr-FR\"},{\"@type\":\"Organization\",\"@id\":\"https:\\\/\\\/congovirtuel.com\\\/information\\\/#organization\",\"name\":\"Biblioth\u00e8que Virtuelle de la RDC\",\"url\":\"https:\\\/\\\/congovirtuel.com\\\/information\\\/\",\"logo\":{\"@type\":\"ImageObject\",\"inLanguage\":\"fr-FR\",\"@id\":\"https:\\\/\\\/congovirtuel.com\\\/information\\\/#\\\/schema\\\/logo\\\/image\\\/\",\"url\":\"https:\\\/\\\/congovirtuel.com\\\/information\\\/wp-content\\\/uploads\\\/2018\\\/10\\\/header-info-congovirtuel-vraie.jpg\",\"contentUrl\":\"https:\\\/\\\/congovirtuel.com\\\/information\\\/wp-content\\\/uploads\\\/2018\\\/10\\\/header-info-congovirtuel-vraie.jpg\",\"width\":728,\"height\":90,\"caption\":\"Biblioth\u00e8que Virtuelle de la RDC\"},\"image\":{\"@id\":\"https:\\\/\\\/congovirtuel.com\\\/information\\\/#\\\/schema\\\/logo\\\/image\\\/\"},\"sameAs\":[\"https:\\\/\\\/web.facebook.com\\\/Congovirtuel-763617960319601\\\/?ref=aymt_homepage_panel&amp;amp;amp;amp;amp;amp;amp;amp;amp;amp;amp;eid=ARCoxULa66767kIgF_KYav6VdjXTI4yk_LW4yoVO9s6NXpysgb7Cb65vpxcxgqzOAKvIbLQxaAETcqHT\",\"https:\\\/\\\/x.com\\\/congovirtuel\",\"https:\\\/\\\/www.youtube.com\\\/channel\\\/UCkFfprYzGgS3EWNpeMXpToQ?view_as=subscriber\"]},{\"@type\":\"Person\",\"@id\":\"https:\\\/\\\/congovirtuel.com\\\/information\\\/#\\\/schema\\\/person\\\/739a44bf7990966cb53d58d2fdeca0b6\",\"name\":\"infocongovirtuel\",\"image\":{\"@type\":\"ImageObject\",\"inLanguage\":\"fr-FR\",\"@id\":\"https:\\\/\\\/secure.gravatar.com\\\/avatar\\\/4d76991aa72469f0eb22e772586c99113c6997f88da636a9db8f2ce3a2c05e69?s=96&d=mm&r=g\",\"url\":\"https:\\\/\\\/secure.gravatar.com\\\/avatar\\\/4d76991aa72469f0eb22e772586c99113c6997f88da636a9db8f2ce3a2c05e69?s=96&d=mm&r=g\",\"contentUrl\":\"https:\\\/\\\/secure.gravatar.com\\\/avatar\\\/4d76991aa72469f0eb22e772586c99113c6997f88da636a9db8f2ce3a2c05e69?s=96&d=mm&r=g\",\"caption\":\"infocongovirtuel\"},\"url\":\"https:\\\/\\\/congovirtuel.com\\\/information\\\/author\\\/infocongovirtuel\\\/\"}]}<\/script>\n<!-- \/ Yoast SEO plugin. -->","yoast_head_json":{"title":"RDC: Tshisekedi a-t-il mis la main sur une partie du\" butin \"de Gertler pour\" financer\" sa campagne de r\u00e9\u00e9lection\" difficile \" l'ann\u00e9e prochaine? (ISS) - Actualit\u00e9s congolaises et internationales","robots":{"index":"index","follow":"follow","max-snippet":"max-snippet:-1","max-image-preview":"max-image-preview:large","max-video-preview":"max-video-preview:-1"},"canonical":"https:\/\/congovirtuel.com\/information\/rdc-tshisekedi-a-t-il-mis-la-main-sur-une-partie-du-butin-de-gertler-pour-financer-sa-campagne-de-reelection-difficile-lannee-prochaine-iss\/","og_locale":"fr_FR","og_type":"article","og_title":"RDC: Tshisekedi a-t-il mis la main sur une partie du\" butin \"de Gertler pour\" financer\" sa campagne de r\u00e9\u00e9lection\" difficile \" l'ann\u00e9e prochaine? (ISS) - Actualit\u00e9s congolaises et internationales","og_description":"\u00a0L&rsquo;accord minier\u00a0 du pr\u00e9sident de la RDC avec un magnat minier risque d&rsquo;\u00eatre une erreur de calcul co\u00fbteuse. Les questions surgissent\u00a0 sur le fait que le pr\u00e9sident F\u00e9lix Tshisekedi ne divulgue pas les d\u00e9tails de l&rsquo;accord pour r\u00e9cup\u00e9rer les actifs du magnat controvers\u00e9 des mines. &nbsp; Au-del\u00e0 des mots, de nombreux indices sur ce qu&rsquo;est vraiment l&rsquo;\u00e9nigmatique pr\u00e9sident F\u00e9lix Tshisekedi semblent cach\u00e9s dans l&rsquo;accord secret que son gouvernement a sign\u00e9 le 24 f\u00e9vrier avec le c\u00e9l\u00e8bre magnat minier isra\u00e9lien Dan Gertler. &nbsp; Gertler \u00e9tait le plus proche ami\u00a0\u00a0 de l&rsquo;ancien&hellip;","og_url":"https:\/\/congovirtuel.com\/information\/rdc-tshisekedi-a-t-il-mis-la-main-sur-une-partie-du-butin-de-gertler-pour-financer-sa-campagne-de-reelection-difficile-lannee-prochaine-iss\/","og_site_name":"Actualit\u00e9s congolaises et internationales","article_publisher":"https:\/\/web.facebook.com\/Congovirtuel-763617960319601\/?ref=aymt_homepage_panel&amp%3bamp%3bamp%3bamp%3bamp%3bamp%3bamp%3bamp%3bamp%3bamp%3bamp%3beid=ARCoxULa66767kIgF_KYav6VdjXTI4yk_LW4yoVO9s6NXpysgb7Cb65vpxcxgqzOAKvIbLQxaAETcqHT","article_published_time":"2022-04-26T17:30:04+00:00","og_image":[{"width":1200,"height":409,"url":"https:\/\/congovirtuel.com\/information\/wp-content\/uploads\/2021\/12\/Tshisekedi_Gertler_Kabila-1200-x-409.jpg","type":"image\/jpeg"}],"author":"infocongovirtuel","twitter_card":"summary_large_image","twitter_creator":"@congovirtuel","twitter_site":"@congovirtuel","twitter_misc":{"\u00c9crit par":"infocongovirtuel","Dur\u00e9e de lecture estim\u00e9e":"6 minutes"},"schema":{"@context":"https:\/\/schema.org","@graph":[{"@type":"Article","@id":"https:\/\/congovirtuel.com\/information\/rdc-tshisekedi-a-t-il-mis-la-main-sur-une-partie-du-butin-de-gertler-pour-financer-sa-campagne-de-reelection-difficile-lannee-prochaine-iss\/#article","isPartOf":{"@id":"https:\/\/congovirtuel.com\/information\/rdc-tshisekedi-a-t-il-mis-la-main-sur-une-partie-du-butin-de-gertler-pour-financer-sa-campagne-de-reelection-difficile-lannee-prochaine-iss\/"},"author":{"name":"infocongovirtuel","@id":"https:\/\/congovirtuel.com\/information\/#\/schema\/person\/739a44bf7990966cb53d58d2fdeca0b6"},"headline":"RDC: Tshisekedi a-t-il mis la main sur une partie du\u00a0\u00bb butin \u00ab\u00a0de Gertler pour\u00a0\u00bb financer\u00a0\u00bb sa campagne de r\u00e9\u00e9lection\u00a0\u00bb difficile \u00a0\u00bb l&rsquo;ann\u00e9e prochaine? (ISS)","datePublished":"2022-04-26T17:30:04+00:00","mainEntityOfPage":{"@id":"https:\/\/congovirtuel.com\/information\/rdc-tshisekedi-a-t-il-mis-la-main-sur-une-partie-du-butin-de-gertler-pour-financer-sa-campagne-de-reelection-difficile-lannee-prochaine-iss\/"},"wordCount":1303,"commentCount":0,"publisher":{"@id":"https:\/\/congovirtuel.com\/information\/#organization"},"image":{"@id":"https:\/\/congovirtuel.com\/information\/rdc-tshisekedi-a-t-il-mis-la-main-sur-une-partie-du-butin-de-gertler-pour-financer-sa-campagne-de-reelection-difficile-lannee-prochaine-iss\/#primaryimage"},"thumbnailUrl":"https:\/\/congovirtuel.com\/information\/wp-content\/uploads\/2021\/12\/Tshisekedi_Gertler_Kabila-1200-x-409.jpg","articleSection":["Justice"],"inLanguage":"fr-FR","potentialAction":[{"@type":"CommentAction","name":"Comment","target":["https:\/\/congovirtuel.com\/information\/rdc-tshisekedi-a-t-il-mis-la-main-sur-une-partie-du-butin-de-gertler-pour-financer-sa-campagne-de-reelection-difficile-lannee-prochaine-iss\/#respond"]}]},{"@type":"WebPage","@id":"https:\/\/congovirtuel.com\/information\/rdc-tshisekedi-a-t-il-mis-la-main-sur-une-partie-du-butin-de-gertler-pour-financer-sa-campagne-de-reelection-difficile-lannee-prochaine-iss\/","url":"https:\/\/congovirtuel.com\/information\/rdc-tshisekedi-a-t-il-mis-la-main-sur-une-partie-du-butin-de-gertler-pour-financer-sa-campagne-de-reelection-difficile-lannee-prochaine-iss\/","name":"RDC: Tshisekedi a-t-il mis la main sur une partie du\" butin \"de Gertler pour\" financer\" sa campagne de r\u00e9\u00e9lection\" difficile \" l'ann\u00e9e prochaine? (ISS) - Actualit\u00e9s congolaises et internationales","isPartOf":{"@id":"https:\/\/congovirtuel.com\/information\/#website"},"primaryImageOfPage":{"@id":"https:\/\/congovirtuel.com\/information\/rdc-tshisekedi-a-t-il-mis-la-main-sur-une-partie-du-butin-de-gertler-pour-financer-sa-campagne-de-reelection-difficile-lannee-prochaine-iss\/#primaryimage"},"image":{"@id":"https:\/\/congovirtuel.com\/information\/rdc-tshisekedi-a-t-il-mis-la-main-sur-une-partie-du-butin-de-gertler-pour-financer-sa-campagne-de-reelection-difficile-lannee-prochaine-iss\/#primaryimage"},"thumbnailUrl":"https:\/\/congovirtuel.com\/information\/wp-content\/uploads\/2021\/12\/Tshisekedi_Gertler_Kabila-1200-x-409.jpg","datePublished":"2022-04-26T17:30:04+00:00","breadcrumb":{"@id":"https:\/\/congovirtuel.com\/information\/rdc-tshisekedi-a-t-il-mis-la-main-sur-une-partie-du-butin-de-gertler-pour-financer-sa-campagne-de-reelection-difficile-lannee-prochaine-iss\/#breadcrumb"},"inLanguage":"fr-FR","potentialAction":[{"@type":"ReadAction","target":["https:\/\/congovirtuel.com\/information\/rdc-tshisekedi-a-t-il-mis-la-main-sur-une-partie-du-butin-de-gertler-pour-financer-sa-campagne-de-reelection-difficile-lannee-prochaine-iss\/"]}]},{"@type":"ImageObject","inLanguage":"fr-FR","@id":"https:\/\/congovirtuel.com\/information\/rdc-tshisekedi-a-t-il-mis-la-main-sur-une-partie-du-butin-de-gertler-pour-financer-sa-campagne-de-reelection-difficile-lannee-prochaine-iss\/#primaryimage","url":"https:\/\/congovirtuel.com\/information\/wp-content\/uploads\/2021\/12\/Tshisekedi_Gertler_Kabila-1200-x-409.jpg","contentUrl":"https:\/\/congovirtuel.com\/information\/wp-content\/uploads\/2021\/12\/Tshisekedi_Gertler_Kabila-1200-x-409.jpg","width":1200,"height":409},{"@type":"BreadcrumbList","@id":"https:\/\/congovirtuel.com\/information\/rdc-tshisekedi-a-t-il-mis-la-main-sur-une-partie-du-butin-de-gertler-pour-financer-sa-campagne-de-reelection-difficile-lannee-prochaine-iss\/#breadcrumb","itemListElement":[{"@type":"ListItem","position":1,"name":"Accueil","item":"https:\/\/congovirtuel.com\/information\/"},{"@type":"ListItem","position":2,"name":"RDC: Tshisekedi a-t-il mis la main sur une partie du\u00a0\u00bb butin \u00ab\u00a0de Gertler pour\u00a0\u00bb financer\u00a0\u00bb sa campagne de r\u00e9\u00e9lection\u00a0\u00bb difficile \u00a0\u00bb l&rsquo;ann\u00e9e prochaine? (ISS)"}]},{"@type":"WebSite","@id":"https:\/\/congovirtuel.com\/information\/#website","url":"https:\/\/congovirtuel.com\/information\/","name":"Actualit\u00e9s congolaises et internationales","description":"site d&#039;analyse et de traitement d&#039;information","publisher":{"@id":"https:\/\/congovirtuel.com\/information\/#organization"},"potentialAction":[{"@type":"SearchAction","target":{"@type":"EntryPoint","urlTemplate":"https:\/\/congovirtuel.com\/information\/?s={search_term_string}"},"query-input":{"@type":"PropertyValueSpecification","valueRequired":true,"valueName":"search_term_string"}}],"inLanguage":"fr-FR"},{"@type":"Organization","@id":"https:\/\/congovirtuel.com\/information\/#organization","name":"Biblioth\u00e8que Virtuelle de la RDC","url":"https:\/\/congovirtuel.com\/information\/","logo":{"@type":"ImageObject","inLanguage":"fr-FR","@id":"https:\/\/congovirtuel.com\/information\/#\/schema\/logo\/image\/","url":"https:\/\/congovirtuel.com\/information\/wp-content\/uploads\/2018\/10\/header-info-congovirtuel-vraie.jpg","contentUrl":"https:\/\/congovirtuel.com\/information\/wp-content\/uploads\/2018\/10\/header-info-congovirtuel-vraie.jpg","width":728,"height":90,"caption":"Biblioth\u00e8que Virtuelle de la RDC"},"image":{"@id":"https:\/\/congovirtuel.com\/information\/#\/schema\/logo\/image\/"},"sameAs":["https:\/\/web.facebook.com\/Congovirtuel-763617960319601\/?ref=aymt_homepage_panel&amp;amp;amp;amp;amp;amp;amp;amp;amp;amp;amp;eid=ARCoxULa66767kIgF_KYav6VdjXTI4yk_LW4yoVO9s6NXpysgb7Cb65vpxcxgqzOAKvIbLQxaAETcqHT","https:\/\/x.com\/congovirtuel","https:\/\/www.youtube.com\/channel\/UCkFfprYzGgS3EWNpeMXpToQ?view_as=subscriber"]},{"@type":"Person","@id":"https:\/\/congovirtuel.com\/information\/#\/schema\/person\/739a44bf7990966cb53d58d2fdeca0b6","name":"infocongovirtuel","image":{"@type":"ImageObject","inLanguage":"fr-FR","@id":"https:\/\/secure.gravatar.com\/avatar\/4d76991aa72469f0eb22e772586c99113c6997f88da636a9db8f2ce3a2c05e69?s=96&d=mm&r=g","url":"https:\/\/secure.gravatar.com\/avatar\/4d76991aa72469f0eb22e772586c99113c6997f88da636a9db8f2ce3a2c05e69?s=96&d=mm&r=g","contentUrl":"https:\/\/secure.gravatar.com\/avatar\/4d76991aa72469f0eb22e772586c99113c6997f88da636a9db8f2ce3a2c05e69?s=96&d=mm&r=g","caption":"infocongovirtuel"},"url":"https:\/\/congovirtuel.com\/information\/author\/infocongovirtuel\/"}]}},"gt_translate_keys":[{"key":"link","format":"url"}],"_links":{"self":[{"href":"https:\/\/congovirtuel.com\/information\/wp-json\/wp\/v2\/posts\/18763","targetHints":{"allow":["GET"]}}],"collection":[{"href":"https:\/\/congovirtuel.com\/information\/wp-json\/wp\/v2\/posts"}],"about":[{"href":"https:\/\/congovirtuel.com\/information\/wp-json\/wp\/v2\/types\/post"}],"author":[{"embeddable":true,"href":"https:\/\/congovirtuel.com\/information\/wp-json\/wp\/v2\/users\/1"}],"replies":[{"embeddable":true,"href":"https:\/\/congovirtuel.com\/information\/wp-json\/wp\/v2\/comments?post=18763"}],"version-history":[{"count":1,"href":"https:\/\/congovirtuel.com\/information\/wp-json\/wp\/v2\/posts\/18763\/revisions"}],"predecessor-version":[{"id":18764,"href":"https:\/\/congovirtuel.com\/information\/wp-json\/wp\/v2\/posts\/18763\/revisions\/18764"}],"wp:featuredmedia":[{"embeddable":true,"href":"https:\/\/congovirtuel.com\/information\/wp-json\/wp\/v2\/media\/16444"}],"wp:attachment":[{"href":"https:\/\/congovirtuel.com\/information\/wp-json\/wp\/v2\/media?parent=18763"}],"wp:term":[{"taxonomy":"category","embeddable":true,"href":"https:\/\/congovirtuel.com\/information\/wp-json\/wp\/v2\/categories?post=18763"},{"taxonomy":"post_tag","embeddable":true,"href":"https:\/\/congovirtuel.com\/information\/wp-json\/wp\/v2\/tags?post=18763"}],"curies":[{"name":"wp","href":"https:\/\/api.w.org\/{rel}","templated":true}]}}