{"id":18877,"date":"2022-05-01T15:10:54","date_gmt":"2022-05-01T14:10:54","guid":{"rendered":"https:\/\/congovirtuel.com\/information\/?p=18877"},"modified":"2022-05-01T15:22:18","modified_gmt":"2022-05-01T14:22:18","slug":"18877-2-gertler","status":"publish","type":"post","link":"https:\/\/congovirtuel.com\/information\/18877-2-gertler\/","title":{"rendered":"La RDC soutient \u00ab\u00a0les efforts\u00a0\u00bb de Dan Gertler pour qu&rsquo;il soit  retir\u00e9 de la liste des sanctions am\u00e9ricaines(Bloomberg)","gt_translate_keys":[{"key":"rendered","format":"text"}]},"content":{"rendered":"<p>La R\u00e9publique d\u00e9mocratique du Congo soutiendra les efforts de Dan Gertler pour \u00eatre retir\u00e9 de la liste des sanctions am\u00e9ricaines dans le cadre d&rsquo;un r\u00e8glement mettant fin \u00e0 une affaire d&rsquo;arbitrage international intent\u00e9e par le milliardaire isra\u00e9lien sur la propri\u00e9t\u00e9 de deux blocs p\u00e9troliers.<\/p>\n<p>&nbsp;<\/p>\n<p>Gertler a \u00e9t\u00e9 sanctionn\u00e9 en 2017 par le Tr\u00e9sor am\u00e9ricain pour \u00ab\u00a0<em>des centaines de millions de dollars de transactions mini\u00e8res et p\u00e9troli\u00e8res opaques et corrompues<\/em>\u00a0\u00bb au Congo sous l&rsquo;administration pr\u00e9c\u00e9dente du pr\u00e9sident Joseph Kabila.<\/p>\n<p>&nbsp;<\/p>\n<p>Selon Andr\u00e9 Wameso, conseiller du pr\u00e9sident F\u00e9lix Tshisekedi pour les affaires \u00e9conomiques, aux termes de l&rsquo;accord, Gertler restituera \u00e0 l&rsquo;\u00c9tat des actifs d&rsquo;une valeur potentielle de plusieurs milliards de dollars en \u00e9change du remboursement des d\u00e9penses et de l&rsquo;aide du Congo dans la tentative de Gertler de mettre fin \u00e0 les sanctions. Wameso a refus\u00e9 de fournir une copie de l&rsquo;accord, invoquant une clause de confidentialit\u00e9. Un porte-parole de la soci\u00e9t\u00e9 holding de Gertler, Ventora, a \u00e9galement refus\u00e9 de fournir une copie, affirmant que sa publication relevait du Congo et que Gertler soutenait la d\u00e9cision prise par le gouvernement.<\/p>\n<p>&nbsp;<\/p>\n<p>\u00ab\u00a0<em>Nous dirons aux Am\u00e9ricains que nous n&rsquo;avons plus de probl\u00e8me avec\u00a0 Gertler<\/em>\u00ab\u00a0, a d\u00e9clar\u00e9 Wameso dans une interview dans la capitale, Kinshasa, la semaine derni\u00e8re. <em>\u00ab\u00a0Il n&rsquo;y a aucune barri\u00e8re<\/em>\u00a0\u00bb que\u00a0 le Congo peut mettre pour que\u00a0 Gertler soit retir\u00e9 de la liste des sanctions et\u00a0 que le\u00a0 r\u00e8glement prenne effet, a-t-il d\u00e9clar\u00e9.<\/p>\n<p>&nbsp;<\/p>\n<p><strong>Renoncer aux droits<\/strong><\/p>\n<p>&nbsp;<\/p>\n<p>Gertler est arriv\u00e9 au Congo pour la premi\u00e8re fois en 1997 et a nou\u00e9 une amiti\u00e9 avec Kabila qui a conduit \u00e0 des milliards de dollars d&rsquo;investissements dans les minerais\u00a0 et le p\u00e9trole. Il a travaill\u00e9 en \u00e9troite collaboration avec les g\u00e9ants miniers Glencore Plc et Eurasian Natural Resources Corp. \u2013 qui fait maintenant partie d&rsquo;Eurasian Resources Group \u2013 et conservera ses flux de redevances lucratifs dans les projets de cuivre et de cobalt appartenant aux soci\u00e9t\u00e9s dans le cadre du r\u00e8glement.<\/p>\n<p>&nbsp;<\/p>\n<p>La relation de Gertler avec les deux entreprises a caus\u00e9 des probl\u00e8mes aux trois parties. Outre les complications caus\u00e9es par les relations commerciales en cours des entreprises avec une personne sanctionn\u00e9e, ENRC et Glencore font toutes deux l&rsquo;objet d&rsquo;enqu\u00eates du Serious Fraud Office du Royaume-Uni sur leurs\u00a0 activit\u00e9s au Congo. Glencore fait \u00e9galement l&rsquo;objet d&rsquo;une enqu\u00eate par le minist\u00e8re am\u00e9ricain de la Justice. ENRC nie tout acte r\u00e9pr\u00e9hensible et n&rsquo;a pas \u00e9t\u00e9 inculp\u00e9. Glencore coop\u00e8re avec les autorit\u00e9s am\u00e9ricaines.<\/p>\n<p>&nbsp;<\/p>\n<p>Gertler nie \u00e9galement les actes r\u00e9pr\u00e9hensibles et n&rsquo;a jamais \u00e9t\u00e9 inculp\u00e9. Un porte-parole de Ventora a d\u00e9clar\u00e9 que les flux de redevances pour le projet Metalkol d&rsquo;ERG et les mines Mutanda et KCC de Glencore ont \u00e9t\u00e9 acquis \u00ab\u00a0<em>de mani\u00e8re tout \u00e0 fait normale\u00a0\u00bb. <\/em><\/p>\n<p>&nbsp;<\/p>\n<p>En plus des deux blocs p\u00e9troliers, Gertler renoncera \u00e9galement aux droits sur les permis d&rsquo;or et de minerai de fer pour environ 240 millions d&rsquo;euros (254 millions de dollars) en compensation des d\u00e9penses, a d\u00e9clar\u00e9 Wameso le mois dernier.<\/p>\n<p>&nbsp;<\/p>\n<p>Gertler paiera environ 249 millions d&rsquo;euros au mineur d&rsquo;\u00c9tat G\u00e9camines pour l&rsquo;un des flux de redevances dans le cadre de l&rsquo;accord, qui sera principalement compens\u00e9 par un pr\u00eat que la G\u00e9camines a contract\u00e9 aupr\u00e8s de Gertler en 2017 et qui est maintenant \u00e9valu\u00e9 \u00e0 192 millions d&rsquo;euros avec int\u00e9r\u00eats, avait d\u00e9clar\u00e9 Wameso.<\/p>\n<p>&nbsp;<\/p>\n<p>\u00ab\u00a0<em>Cet accord a un co\u00fbt consid\u00e9rable d&rsquo;environ 2 milliards de dollars pour Gertler et ses entreprises, mais garantit \u00e9galement que les actifs \u00e0 fort potentiel ne sont pas laiss\u00e9s en suspens du d\u00e9veloppement dans l&rsquo;arbitrage international, ce qui n&rsquo;est dans l&rsquo;int\u00e9r\u00eat de personne\u00a0\u00bb<\/em>, a d\u00e9clar\u00e9 le porte-parole de Ventora.<\/p>\n<p>&nbsp;<\/p>\n<p>Les sanctions am\u00e9ricaines ont aid\u00e9 Gertler \u00e0 n\u00e9gocier, a d\u00e9clar\u00e9 Wameso.<\/p>\n<p>&nbsp;<\/p>\n<p>\u00ab\u00a0<em>Dan Gertler n&rsquo;a pas fait \u00e7a parce que c&rsquo;est un ange. Il l&rsquo;a fait parce qu&rsquo;il \u00e9tait \u00e9galement sous sanctions et qu&rsquo;il \u00e9tait dos au mur <\/em>\u00bb, a d\u00e9clar\u00e9 Wameso. \u00ab\u00a0<em>J&rsquo;aimerais que les \u00c9tats-Unis sanctionnent plus de gens comme \u00e7a. Cela aiderait la RDC \u00e0 conclure le m\u00eame r\u00e8glement \u00e0 l&rsquo;amiable qu&rsquo;elle a conclu avec Dan Gertler et \u00e0 r\u00e9cup\u00e9rer ses actifs<\/em>.<\/p>\n<p>&nbsp;<\/p>\n<p><strong>Les ONG s&rsquo;opposent<\/strong><\/p>\n<p>&nbsp;<\/p>\n<p>La soci\u00e9t\u00e9 civile congolaise s&rsquo;est divis\u00e9e sur l&rsquo;accord. Une trentaine de repr\u00e9sentants de diverses organisations non gouvernementales qui ont rencontr\u00e9 Wameso et d&rsquo;autres conseillers pr\u00e9sidentiels pour discuter de l&rsquo;accord au d\u00e9but du mois ont sign\u00e9 un document vu par Bloomberg qui \u00e9tait largement favorable \u00e0 l&rsquo;accord. D&rsquo;autres qui ont assist\u00e9 \u00e0 la r\u00e9union ont rejet\u00e9 le r\u00e8glement comme \u00e9tant trop g\u00e9n\u00e9reux pour Gertler et ont critiqu\u00e9 le gouvernement pour ne pas avoir publi\u00e9 l&rsquo;accord.<\/p>\n<p>&nbsp;<\/p>\n<p>Une coalition d&rsquo;ONG congolaises et internationales connue sous le nom de \u00ab\u00a0Congo n&rsquo;est pas \u00e0 vendre\u00a0\u00bb a qualifi\u00e9 certaines parties de l &lsquo;accord de \u00abquasi immorales\u00bb dans un communiqu\u00e9 la semaine derni\u00e8re, affirmant que <em>\u00abl&rsquo;accord n&rsquo;inclut aucune compensation pour les \u00e9normes pertes et dommages ant\u00e9rieurs subis par la RDC \u00e0 la suite des actes de corruption pour lesquels M. Dan Gertler a \u00e9t\u00e9 sanctionn\u00e9 <\/em>\u00bb, les pertes qu&rsquo;elle calcule \u00e0 pr\u00e8s de 2 milliards de dollars.<\/p>\n<p>&nbsp;<\/p>\n<p>\u00ab\u00a0<em>Le refus de publier cet accord par le gouvernement risque de cr\u00e9er un pr\u00e9c\u00e9dent auquel d&rsquo;autres entreprises pourront se r\u00e9f\u00e9rer comme un mod\u00e8le pour ne pas publier d&rsquo;accords \u00e0 l&rsquo;avenir\u00a0\u00bb,<\/em> ont d\u00e9clar\u00e9 vendredi trente-deux ONG dans un communiqu\u00e9 sous la banni\u00e8re de la Coalition pour la Gouvernance des Entreprises Publiques.<\/p>\n<p>&nbsp;<\/p>\n<p>\u00ab\u00a0<em>La loi congolaise exige la publication des contrats relatifs aux ressources naturelles, mais pas un r\u00e8glement dans une affaire d&rsquo;arbitrage<\/em>\u00ab\u00a0, a d\u00e9clar\u00e9 Wameso.<\/p>\n<p>&nbsp;<\/p>\n<p>\u00ab\u00a0<em>La divulgation compl\u00e8te de l&rsquo;accord appartient au gouvernement de la RDC, un pays souverain\u00a0\u00bb,<\/em> a d\u00e9clar\u00e9 le porte-parole de Ventora. \u00ab\u00a0<em>Nous soutiendrons toute d\u00e9cision prise par la RDC.\u00a0\u00bb<\/em><\/p>\n<p>&nbsp;<\/p>\n<p>Gertler poss\u00e9dait un certain nombre d&rsquo;actifs qui ne sont pas inclus dans l&rsquo;accord, notamment des droits sur des projets de zinc, de cuivre et de mangan\u00e8se que le porte-parole de Ventora a d\u00e9clar\u00e9 avoir vendus auparavant, le laissant sans actifs physiques dans le pays. Le porte-parole n&rsquo;a pas fourni plus de d\u00e9tails sur les ventes.<\/p>\n<p>&nbsp;<\/p>\n<p>Le r\u00e8glement contient une clause qui permet au Congo de poursuivre d&rsquo;autres projets appartenant \u00e0 Gertler s&rsquo;il s&rsquo;av\u00e8re qu&rsquo;ils n&rsquo;\u00e9taient pas inclus dans l&rsquo;accord, a d\u00e9clar\u00e9 Wameso.<\/p>\n<p><em>\u00a0<\/em><\/p>\n<p><em>\u00ab\u00a0Si nous d\u00e9couvrons qu&rsquo;il existe d&rsquo;autres actifs miniers qui ne faisaient pas partie de l&rsquo;accord, il y aura un nouvel accord pour reprendre ces actifs<\/em>\u00ab\u00a0, a-t-il d\u00e9clar\u00e9.<\/p>\n<p>&nbsp;<\/p>\n<p>(Par Michael J. Kavanagh)<\/p>\n","protected":false,"gt_translate_keys":[{"key":"rendered","format":"html"}]},"excerpt":{"rendered":"<p>La R\u00e9publique d\u00e9mocratique du Congo soutiendra les efforts de Dan Gertler pour \u00eatre retir\u00e9 de la liste des sanctions am\u00e9ricaines dans le cadre d&rsquo;un r\u00e8glement mettant fin \u00e0 une affaire d&rsquo;arbitrage international intent\u00e9e par le milliardaire isra\u00e9lien sur la propri\u00e9t\u00e9 de deux blocs p\u00e9troliers. &nbsp; Gertler a \u00e9t\u00e9 sanctionn\u00e9 en 2017 par le Tr\u00e9sor am\u00e9ricain pour \u00ab\u00a0des centaines de millions de dollars de transactions mini\u00e8res et p\u00e9troli\u00e8res opaques et corrompues\u00a0\u00bb au Congo sous l&rsquo;administration pr\u00e9c\u00e9dente du pr\u00e9sident Joseph Kabila. &nbsp; Selon Andr\u00e9 Wameso, conseiller du pr\u00e9sident F\u00e9lix Tshisekedi pour les&hellip;<\/p>\n","protected":false,"gt_translate_keys":[{"key":"rendered","format":"html"}]},"author":1,"featured_media":6177,"comment_status":"open","ping_status":"open","sticky":false,"template":"","format":"standard","meta":{"_crdt_document":"","footnotes":""},"categories":[499],"tags":[36803],"class_list":["post-18877","post","type-post","status-publish","format-standard","has-post-thumbnail","hentry","category-les-hommes-du-president","tag-accord-dan-gertler-et-la-rdc"],"gutentor_comment":0,"yoast_head":"<!-- This site is optimized with the Yoast SEO plugin v27.5 - https:\/\/yoast.com\/product\/yoast-seo-wordpress\/ -->\n<title>La RDC soutient &quot;les efforts&quot; de Dan Gertler pour qu&#039;il soit retir\u00e9 de la liste des sanctions am\u00e9ricaines(Bloomberg) - Actualit\u00e9s congolaises et internationales<\/title>\n<meta name=\"robots\" content=\"index, follow, max-snippet:-1, max-image-preview:large, max-video-preview:-1\" \/>\n<link rel=\"canonical\" href=\"https:\/\/congovirtuel.com\/information\/18877-2-gertler\/\" \/>\n<meta property=\"og:locale\" content=\"fr_FR\" \/>\n<meta property=\"og:type\" content=\"article\" \/>\n<meta property=\"og:title\" content=\"La RDC soutient &quot;les efforts&quot; de Dan Gertler pour qu&#039;il soit retir\u00e9 de la liste des sanctions am\u00e9ricaines(Bloomberg) - Actualit\u00e9s congolaises et internationales\" \/>\n<meta property=\"og:description\" content=\"La R\u00e9publique d\u00e9mocratique du Congo soutiendra les efforts de Dan Gertler pour \u00eatre retir\u00e9 de la liste des sanctions am\u00e9ricaines dans le cadre d&rsquo;un r\u00e8glement mettant fin \u00e0 une affaire d&rsquo;arbitrage international intent\u00e9e par le milliardaire isra\u00e9lien sur la propri\u00e9t\u00e9 de deux blocs p\u00e9troliers. &nbsp; Gertler a \u00e9t\u00e9 sanctionn\u00e9 en 2017 par le Tr\u00e9sor am\u00e9ricain pour \u00ab\u00a0des centaines de millions de dollars de transactions mini\u00e8res et p\u00e9troli\u00e8res opaques et corrompues\u00a0\u00bb au Congo sous l&rsquo;administration pr\u00e9c\u00e9dente du pr\u00e9sident Joseph Kabila. &nbsp; Selon Andr\u00e9 Wameso, conseiller du pr\u00e9sident F\u00e9lix Tshisekedi pour les&hellip;\" \/>\n<meta property=\"og:url\" content=\"https:\/\/congovirtuel.com\/information\/18877-2-gertler\/\" \/>\n<meta property=\"og:site_name\" content=\"Actualit\u00e9s congolaises et internationales\" \/>\n<meta property=\"article:publisher\" content=\"https:\/\/web.facebook.com\/Congovirtuel-763617960319601\/?ref=aymt_homepage_panel&amp;amp%3bamp%3bamp%3bamp%3bamp%3bamp%3bamp%3bamp%3bamp%3bamp%3bamp%3beid=ARCoxULa66767kIgF_KYav6VdjXTI4yk_LW4yoVO9s6NXpysgb7Cb65vpxcxgqzOAKvIbLQxaAETcqHT\" \/>\n<meta property=\"article:published_time\" content=\"2022-05-01T14:10:54+00:00\" \/>\n<meta property=\"article:modified_time\" content=\"2022-05-01T14:22:18+00:00\" \/>\n<meta property=\"og:image\" content=\"https:\/\/congovirtuel.com\/information\/wp-content\/uploads\/2021\/02\/Dan_Gertler.jpg\" \/>\n\t<meta property=\"og:image:width\" content=\"980\" \/>\n\t<meta property=\"og:image:height\" content=\"551\" \/>\n\t<meta property=\"og:image:type\" content=\"image\/jpeg\" \/>\n<meta name=\"author\" content=\"infocongovirtuel\" \/>\n<meta name=\"twitter:card\" content=\"summary_large_image\" \/>\n<meta name=\"twitter:creator\" content=\"@congovirtuel\" \/>\n<meta name=\"twitter:site\" content=\"@congovirtuel\" \/>\n<meta name=\"twitter:label1\" content=\"\u00c9crit par\" \/>\n\t<meta name=\"twitter:data1\" content=\"infocongovirtuel\" \/>\n\t<meta name=\"twitter:label2\" content=\"Dur\u00e9e de lecture estim\u00e9e\" \/>\n\t<meta name=\"twitter:data2\" content=\"6 minutes\" \/>\n<script type=\"application\/ld+json\" class=\"yoast-schema-graph\">{\"@context\":\"https:\\\/\\\/schema.org\",\"@graph\":[{\"@type\":\"Article\",\"@id\":\"https:\\\/\\\/congovirtuel.com\\\/information\\\/18877-2-gertler\\\/#article\",\"isPartOf\":{\"@id\":\"https:\\\/\\\/congovirtuel.com\\\/information\\\/18877-2-gertler\\\/\"},\"author\":{\"name\":\"infocongovirtuel\",\"@id\":\"https:\\\/\\\/congovirtuel.com\\\/information\\\/#\\\/schema\\\/person\\\/739a44bf7990966cb53d58d2fdeca0b6\"},\"headline\":\"La RDC soutient \u00ab\u00a0les efforts\u00a0\u00bb de Dan Gertler pour qu&rsquo;il soit retir\u00e9 de la liste des sanctions am\u00e9ricaines(Bloomberg)\",\"datePublished\":\"2022-05-01T14:10:54+00:00\",\"dateModified\":\"2022-05-01T14:22:18+00:00\",\"mainEntityOfPage\":{\"@id\":\"https:\\\/\\\/congovirtuel.com\\\/information\\\/18877-2-gertler\\\/\"},\"wordCount\":1207,\"commentCount\":0,\"publisher\":{\"@id\":\"https:\\\/\\\/congovirtuel.com\\\/information\\\/#organization\"},\"image\":{\"@id\":\"https:\\\/\\\/congovirtuel.com\\\/information\\\/18877-2-gertler\\\/#primaryimage\"},\"thumbnailUrl\":\"https:\\\/\\\/congovirtuel.com\\\/information\\\/wp-content\\\/uploads\\\/2021\\\/02\\\/Dan_Gertler.jpg\",\"keywords\":[\"Accord Dan Gertler et la RDC\"],\"articleSection\":[\"Les Hommes du Pr\u00e9sident\"],\"inLanguage\":\"fr-FR\",\"potentialAction\":[{\"@type\":\"CommentAction\",\"name\":\"Comment\",\"target\":[\"https:\\\/\\\/congovirtuel.com\\\/information\\\/18877-2-gertler\\\/#respond\"]}]},{\"@type\":\"WebPage\",\"@id\":\"https:\\\/\\\/congovirtuel.com\\\/information\\\/18877-2-gertler\\\/\",\"url\":\"https:\\\/\\\/congovirtuel.com\\\/information\\\/18877-2-gertler\\\/\",\"name\":\"La RDC soutient \\\"les efforts\\\" de Dan Gertler pour qu'il soit retir\u00e9 de la liste des sanctions am\u00e9ricaines(Bloomberg) - Actualit\u00e9s congolaises et internationales\",\"isPartOf\":{\"@id\":\"https:\\\/\\\/congovirtuel.com\\\/information\\\/#website\"},\"primaryImageOfPage\":{\"@id\":\"https:\\\/\\\/congovirtuel.com\\\/information\\\/18877-2-gertler\\\/#primaryimage\"},\"image\":{\"@id\":\"https:\\\/\\\/congovirtuel.com\\\/information\\\/18877-2-gertler\\\/#primaryimage\"},\"thumbnailUrl\":\"https:\\\/\\\/congovirtuel.com\\\/information\\\/wp-content\\\/uploads\\\/2021\\\/02\\\/Dan_Gertler.jpg\",\"datePublished\":\"2022-05-01T14:10:54+00:00\",\"dateModified\":\"2022-05-01T14:22:18+00:00\",\"breadcrumb\":{\"@id\":\"https:\\\/\\\/congovirtuel.com\\\/information\\\/18877-2-gertler\\\/#breadcrumb\"},\"inLanguage\":\"fr-FR\",\"potentialAction\":[{\"@type\":\"ReadAction\",\"target\":[\"https:\\\/\\\/congovirtuel.com\\\/information\\\/18877-2-gertler\\\/\"]}]},{\"@type\":\"ImageObject\",\"inLanguage\":\"fr-FR\",\"@id\":\"https:\\\/\\\/congovirtuel.com\\\/information\\\/18877-2-gertler\\\/#primaryimage\",\"url\":\"https:\\\/\\\/congovirtuel.com\\\/information\\\/wp-content\\\/uploads\\\/2021\\\/02\\\/Dan_Gertler.jpg\",\"contentUrl\":\"https:\\\/\\\/congovirtuel.com\\\/information\\\/wp-content\\\/uploads\\\/2021\\\/02\\\/Dan_Gertler.jpg\",\"width\":980,\"height\":551,\"caption\":\"Dan_Gertler\"},{\"@type\":\"BreadcrumbList\",\"@id\":\"https:\\\/\\\/congovirtuel.com\\\/information\\\/18877-2-gertler\\\/#breadcrumb\",\"itemListElement\":[{\"@type\":\"ListItem\",\"position\":1,\"name\":\"Accueil\",\"item\":\"https:\\\/\\\/congovirtuel.com\\\/information\\\/\"},{\"@type\":\"ListItem\",\"position\":2,\"name\":\"La RDC soutient \u00ab\u00a0les efforts\u00a0\u00bb de Dan Gertler pour qu&rsquo;il soit retir\u00e9 de la liste des sanctions am\u00e9ricaines(Bloomberg)\"}]},{\"@type\":\"WebSite\",\"@id\":\"https:\\\/\\\/congovirtuel.com\\\/information\\\/#website\",\"url\":\"https:\\\/\\\/congovirtuel.com\\\/information\\\/\",\"name\":\"Actualit\u00e9s congolaises et internationales\",\"description\":\"site d&#039;analyse et de traitement d&#039;information\",\"publisher\":{\"@id\":\"https:\\\/\\\/congovirtuel.com\\\/information\\\/#organization\"},\"potentialAction\":[{\"@type\":\"SearchAction\",\"target\":{\"@type\":\"EntryPoint\",\"urlTemplate\":\"https:\\\/\\\/congovirtuel.com\\\/information\\\/?s={search_term_string}\"},\"query-input\":{\"@type\":\"PropertyValueSpecification\",\"valueRequired\":true,\"valueName\":\"search_term_string\"}}],\"inLanguage\":\"fr-FR\"},{\"@type\":\"Organization\",\"@id\":\"https:\\\/\\\/congovirtuel.com\\\/information\\\/#organization\",\"name\":\"Biblioth\u00e8que Virtuelle de la RDC\",\"url\":\"https:\\\/\\\/congovirtuel.com\\\/information\\\/\",\"logo\":{\"@type\":\"ImageObject\",\"inLanguage\":\"fr-FR\",\"@id\":\"https:\\\/\\\/congovirtuel.com\\\/information\\\/#\\\/schema\\\/logo\\\/image\\\/\",\"url\":\"https:\\\/\\\/congovirtuel.com\\\/information\\\/wp-content\\\/uploads\\\/2018\\\/10\\\/header-info-congovirtuel-vraie.jpg\",\"contentUrl\":\"https:\\\/\\\/congovirtuel.com\\\/information\\\/wp-content\\\/uploads\\\/2018\\\/10\\\/header-info-congovirtuel-vraie.jpg\",\"width\":728,\"height\":90,\"caption\":\"Biblioth\u00e8que Virtuelle de la RDC\"},\"image\":{\"@id\":\"https:\\\/\\\/congovirtuel.com\\\/information\\\/#\\\/schema\\\/logo\\\/image\\\/\"},\"sameAs\":[\"https:\\\/\\\/web.facebook.com\\\/Congovirtuel-763617960319601\\\/?ref=aymt_homepage_panel&amp;amp;amp;amp;amp;amp;amp;amp;amp;amp;amp;eid=ARCoxULa66767kIgF_KYav6VdjXTI4yk_LW4yoVO9s6NXpysgb7Cb65vpxcxgqzOAKvIbLQxaAETcqHT\",\"https:\\\/\\\/x.com\\\/congovirtuel\",\"https:\\\/\\\/www.youtube.com\\\/channel\\\/UCkFfprYzGgS3EWNpeMXpToQ?view_as=subscriber\"]},{\"@type\":\"Person\",\"@id\":\"https:\\\/\\\/congovirtuel.com\\\/information\\\/#\\\/schema\\\/person\\\/739a44bf7990966cb53d58d2fdeca0b6\",\"name\":\"infocongovirtuel\",\"image\":{\"@type\":\"ImageObject\",\"inLanguage\":\"fr-FR\",\"@id\":\"https:\\\/\\\/secure.gravatar.com\\\/avatar\\\/4d76991aa72469f0eb22e772586c99113c6997f88da636a9db8f2ce3a2c05e69?s=96&d=mm&r=g\",\"url\":\"https:\\\/\\\/secure.gravatar.com\\\/avatar\\\/4d76991aa72469f0eb22e772586c99113c6997f88da636a9db8f2ce3a2c05e69?s=96&d=mm&r=g\",\"contentUrl\":\"https:\\\/\\\/secure.gravatar.com\\\/avatar\\\/4d76991aa72469f0eb22e772586c99113c6997f88da636a9db8f2ce3a2c05e69?s=96&d=mm&r=g\",\"caption\":\"infocongovirtuel\"},\"url\":\"https:\\\/\\\/congovirtuel.com\\\/information\\\/author\\\/infocongovirtuel\\\/\"}]}<\/script>\n<!-- \/ Yoast SEO plugin. -->","yoast_head_json":{"title":"La RDC soutient \"les efforts\" de Dan Gertler pour qu'il soit retir\u00e9 de la liste des sanctions am\u00e9ricaines(Bloomberg) - Actualit\u00e9s congolaises et internationales","robots":{"index":"index","follow":"follow","max-snippet":"max-snippet:-1","max-image-preview":"max-image-preview:large","max-video-preview":"max-video-preview:-1"},"canonical":"https:\/\/congovirtuel.com\/information\/18877-2-gertler\/","og_locale":"fr_FR","og_type":"article","og_title":"La RDC soutient \"les efforts\" de Dan Gertler pour qu'il soit retir\u00e9 de la liste des sanctions am\u00e9ricaines(Bloomberg) - Actualit\u00e9s congolaises et internationales","og_description":"La R\u00e9publique d\u00e9mocratique du Congo soutiendra les efforts de Dan Gertler pour \u00eatre retir\u00e9 de la liste des sanctions am\u00e9ricaines dans le cadre d&rsquo;un r\u00e8glement mettant fin \u00e0 une affaire d&rsquo;arbitrage international intent\u00e9e par le milliardaire isra\u00e9lien sur la propri\u00e9t\u00e9 de deux blocs p\u00e9troliers. &nbsp; Gertler a \u00e9t\u00e9 sanctionn\u00e9 en 2017 par le Tr\u00e9sor am\u00e9ricain pour \u00ab\u00a0des centaines de millions de dollars de transactions mini\u00e8res et p\u00e9troli\u00e8res opaques et corrompues\u00a0\u00bb au Congo sous l&rsquo;administration pr\u00e9c\u00e9dente du pr\u00e9sident Joseph Kabila. &nbsp; Selon Andr\u00e9 Wameso, conseiller du pr\u00e9sident F\u00e9lix Tshisekedi pour les&hellip;","og_url":"https:\/\/congovirtuel.com\/information\/18877-2-gertler\/","og_site_name":"Actualit\u00e9s congolaises et internationales","article_publisher":"https:\/\/web.facebook.com\/Congovirtuel-763617960319601\/?ref=aymt_homepage_panel&amp%3bamp%3bamp%3bamp%3bamp%3bamp%3bamp%3bamp%3bamp%3bamp%3bamp%3beid=ARCoxULa66767kIgF_KYav6VdjXTI4yk_LW4yoVO9s6NXpysgb7Cb65vpxcxgqzOAKvIbLQxaAETcqHT","article_published_time":"2022-05-01T14:10:54+00:00","article_modified_time":"2022-05-01T14:22:18+00:00","og_image":[{"width":980,"height":551,"url":"https:\/\/congovirtuel.com\/information\/wp-content\/uploads\/2021\/02\/Dan_Gertler.jpg","type":"image\/jpeg"}],"author":"infocongovirtuel","twitter_card":"summary_large_image","twitter_creator":"@congovirtuel","twitter_site":"@congovirtuel","twitter_misc":{"\u00c9crit par":"infocongovirtuel","Dur\u00e9e de lecture estim\u00e9e":"6 minutes"},"schema":{"@context":"https:\/\/schema.org","@graph":[{"@type":"Article","@id":"https:\/\/congovirtuel.com\/information\/18877-2-gertler\/#article","isPartOf":{"@id":"https:\/\/congovirtuel.com\/information\/18877-2-gertler\/"},"author":{"name":"infocongovirtuel","@id":"https:\/\/congovirtuel.com\/information\/#\/schema\/person\/739a44bf7990966cb53d58d2fdeca0b6"},"headline":"La RDC soutient \u00ab\u00a0les efforts\u00a0\u00bb de Dan Gertler pour qu&rsquo;il soit retir\u00e9 de la liste des sanctions am\u00e9ricaines(Bloomberg)","datePublished":"2022-05-01T14:10:54+00:00","dateModified":"2022-05-01T14:22:18+00:00","mainEntityOfPage":{"@id":"https:\/\/congovirtuel.com\/information\/18877-2-gertler\/"},"wordCount":1207,"commentCount":0,"publisher":{"@id":"https:\/\/congovirtuel.com\/information\/#organization"},"image":{"@id":"https:\/\/congovirtuel.com\/information\/18877-2-gertler\/#primaryimage"},"thumbnailUrl":"https:\/\/congovirtuel.com\/information\/wp-content\/uploads\/2021\/02\/Dan_Gertler.jpg","keywords":["Accord Dan Gertler et la RDC"],"articleSection":["Les Hommes du Pr\u00e9sident"],"inLanguage":"fr-FR","potentialAction":[{"@type":"CommentAction","name":"Comment","target":["https:\/\/congovirtuel.com\/information\/18877-2-gertler\/#respond"]}]},{"@type":"WebPage","@id":"https:\/\/congovirtuel.com\/information\/18877-2-gertler\/","url":"https:\/\/congovirtuel.com\/information\/18877-2-gertler\/","name":"La RDC soutient \"les efforts\" de Dan Gertler pour qu'il soit retir\u00e9 de la liste des sanctions am\u00e9ricaines(Bloomberg) - Actualit\u00e9s congolaises et internationales","isPartOf":{"@id":"https:\/\/congovirtuel.com\/information\/#website"},"primaryImageOfPage":{"@id":"https:\/\/congovirtuel.com\/information\/18877-2-gertler\/#primaryimage"},"image":{"@id":"https:\/\/congovirtuel.com\/information\/18877-2-gertler\/#primaryimage"},"thumbnailUrl":"https:\/\/congovirtuel.com\/information\/wp-content\/uploads\/2021\/02\/Dan_Gertler.jpg","datePublished":"2022-05-01T14:10:54+00:00","dateModified":"2022-05-01T14:22:18+00:00","breadcrumb":{"@id":"https:\/\/congovirtuel.com\/information\/18877-2-gertler\/#breadcrumb"},"inLanguage":"fr-FR","potentialAction":[{"@type":"ReadAction","target":["https:\/\/congovirtuel.com\/information\/18877-2-gertler\/"]}]},{"@type":"ImageObject","inLanguage":"fr-FR","@id":"https:\/\/congovirtuel.com\/information\/18877-2-gertler\/#primaryimage","url":"https:\/\/congovirtuel.com\/information\/wp-content\/uploads\/2021\/02\/Dan_Gertler.jpg","contentUrl":"https:\/\/congovirtuel.com\/information\/wp-content\/uploads\/2021\/02\/Dan_Gertler.jpg","width":980,"height":551,"caption":"Dan_Gertler"},{"@type":"BreadcrumbList","@id":"https:\/\/congovirtuel.com\/information\/18877-2-gertler\/#breadcrumb","itemListElement":[{"@type":"ListItem","position":1,"name":"Accueil","item":"https:\/\/congovirtuel.com\/information\/"},{"@type":"ListItem","position":2,"name":"La RDC soutient \u00ab\u00a0les efforts\u00a0\u00bb de Dan Gertler pour qu&rsquo;il soit retir\u00e9 de la liste des sanctions am\u00e9ricaines(Bloomberg)"}]},{"@type":"WebSite","@id":"https:\/\/congovirtuel.com\/information\/#website","url":"https:\/\/congovirtuel.com\/information\/","name":"Actualit\u00e9s congolaises et internationales","description":"site d&#039;analyse et de traitement d&#039;information","publisher":{"@id":"https:\/\/congovirtuel.com\/information\/#organization"},"potentialAction":[{"@type":"SearchAction","target":{"@type":"EntryPoint","urlTemplate":"https:\/\/congovirtuel.com\/information\/?s={search_term_string}"},"query-input":{"@type":"PropertyValueSpecification","valueRequired":true,"valueName":"search_term_string"}}],"inLanguage":"fr-FR"},{"@type":"Organization","@id":"https:\/\/congovirtuel.com\/information\/#organization","name":"Biblioth\u00e8que Virtuelle de la RDC","url":"https:\/\/congovirtuel.com\/information\/","logo":{"@type":"ImageObject","inLanguage":"fr-FR","@id":"https:\/\/congovirtuel.com\/information\/#\/schema\/logo\/image\/","url":"https:\/\/congovirtuel.com\/information\/wp-content\/uploads\/2018\/10\/header-info-congovirtuel-vraie.jpg","contentUrl":"https:\/\/congovirtuel.com\/information\/wp-content\/uploads\/2018\/10\/header-info-congovirtuel-vraie.jpg","width":728,"height":90,"caption":"Biblioth\u00e8que Virtuelle de la RDC"},"image":{"@id":"https:\/\/congovirtuel.com\/information\/#\/schema\/logo\/image\/"},"sameAs":["https:\/\/web.facebook.com\/Congovirtuel-763617960319601\/?ref=aymt_homepage_panel&amp;amp;amp;amp;amp;amp;amp;amp;amp;amp;amp;eid=ARCoxULa66767kIgF_KYav6VdjXTI4yk_LW4yoVO9s6NXpysgb7Cb65vpxcxgqzOAKvIbLQxaAETcqHT","https:\/\/x.com\/congovirtuel","https:\/\/www.youtube.com\/channel\/UCkFfprYzGgS3EWNpeMXpToQ?view_as=subscriber"]},{"@type":"Person","@id":"https:\/\/congovirtuel.com\/information\/#\/schema\/person\/739a44bf7990966cb53d58d2fdeca0b6","name":"infocongovirtuel","image":{"@type":"ImageObject","inLanguage":"fr-FR","@id":"https:\/\/secure.gravatar.com\/avatar\/4d76991aa72469f0eb22e772586c99113c6997f88da636a9db8f2ce3a2c05e69?s=96&d=mm&r=g","url":"https:\/\/secure.gravatar.com\/avatar\/4d76991aa72469f0eb22e772586c99113c6997f88da636a9db8f2ce3a2c05e69?s=96&d=mm&r=g","contentUrl":"https:\/\/secure.gravatar.com\/avatar\/4d76991aa72469f0eb22e772586c99113c6997f88da636a9db8f2ce3a2c05e69?s=96&d=mm&r=g","caption":"infocongovirtuel"},"url":"https:\/\/congovirtuel.com\/information\/author\/infocongovirtuel\/"}]}},"gt_translate_keys":[{"key":"link","format":"url"}],"_links":{"self":[{"href":"https:\/\/congovirtuel.com\/information\/wp-json\/wp\/v2\/posts\/18877","targetHints":{"allow":["GET"]}}],"collection":[{"href":"https:\/\/congovirtuel.com\/information\/wp-json\/wp\/v2\/posts"}],"about":[{"href":"https:\/\/congovirtuel.com\/information\/wp-json\/wp\/v2\/types\/post"}],"author":[{"embeddable":true,"href":"https:\/\/congovirtuel.com\/information\/wp-json\/wp\/v2\/users\/1"}],"replies":[{"embeddable":true,"href":"https:\/\/congovirtuel.com\/information\/wp-json\/wp\/v2\/comments?post=18877"}],"version-history":[{"count":3,"href":"https:\/\/congovirtuel.com\/information\/wp-json\/wp\/v2\/posts\/18877\/revisions"}],"predecessor-version":[{"id":18880,"href":"https:\/\/congovirtuel.com\/information\/wp-json\/wp\/v2\/posts\/18877\/revisions\/18880"}],"wp:featuredmedia":[{"embeddable":true,"href":"https:\/\/congovirtuel.com\/information\/wp-json\/wp\/v2\/media\/6177"}],"wp:attachment":[{"href":"https:\/\/congovirtuel.com\/information\/wp-json\/wp\/v2\/media?parent=18877"}],"wp:term":[{"taxonomy":"category","embeddable":true,"href":"https:\/\/congovirtuel.com\/information\/wp-json\/wp\/v2\/categories?post=18877"},{"taxonomy":"post_tag","embeddable":true,"href":"https:\/\/congovirtuel.com\/information\/wp-json\/wp\/v2\/tags?post=18877"}],"curies":[{"name":"wp","href":"https:\/\/api.w.org\/{rel}","templated":true}]}}