{"id":18881,"date":"2022-05-02T18:28:33","date_gmt":"2022-05-02T17:28:33","guid":{"rendered":"https:\/\/congovirtuel.com\/information\/?p=18881"},"modified":"2022-05-02T18:34:59","modified_gmt":"2022-05-02T17:34:59","slug":"rdc-nord-kivu-cloture-en-bonte-du-mois-de-ramadan-a-beni","status":"publish","type":"post","link":"https:\/\/congovirtuel.com\/information\/rdc-nord-kivu-cloture-en-bonte-du-mois-de-ramadan-a-beni\/","title":{"rendered":"RDC-Nord-Kivu : Cl\u00f4ture en bont\u00e9 du mois de Ramadan \u00e0 Beni","gt_translate_keys":[{"key":"rendered","format":"text"}]},"content":{"rendered":"<p>Les musulmans du monde entier ont \u00e9t\u00e9 \u00e0 l\u2019honneur pour cl\u00f4turer le mois de Ramadan, une f\u00eate consacr\u00e9e \u00e0 quarante jours et quarante nuits sans manger d\u00e9nomm\u00e9e A\u00efd-el fitri.<\/p>\n<p>Dans la ville de Beni au Nord-Kivu, la cl\u00f4ture a \u00e9t\u00e9 faite \u00e0 la mosqu\u00e9e de allah Djamiya de Mupanda o\u00f9 plus de mille croyants musulmans \u00e9taient visibles avec des robes blanches et des \u00e9charpes \u00e0 la t\u00eate.<\/p>\n<p>Prenant la parole, le charg\u00e9 des cultes en ville le sheikh Isma\u00efl Musa appelle les mulmans de continuer \u00e0 pr\u00eacher la bonne parole de Dieu et se distinguer dans la communaut\u00e9 avec de bon comportementsen craignant Dieu malgr\u00e9 la fin du Ramadan.<\/p>\n<p>Notre source remercie les autorit\u00e9s s\u00e9curitaires pour leur accompagnement pendant ce mois de Ramadan lors des leurs cultes tenus pendant les heures vesp\u00e9rales et l\u2019arrestation des certains pr\u00e9sum\u00e9s assassins de leurs imams Ali amini tu\u00e9s en plein culte et de leur sheikh Djamaly Moussa par des pr\u00e9sum\u00e9s combattants ADF.<\/p>\n<p>&nbsp;<\/p>\n<p>KAKULE sikywaya depuis BENI<\/p>\n","protected":false,"gt_translate_keys":[{"key":"rendered","format":"html"}]},"excerpt":{"rendered":"<p>Les musulmans du monde entier ont \u00e9t\u00e9 \u00e0 l\u2019honneur pour cl\u00f4turer le mois de Ramadan, une f\u00eate consacr\u00e9e \u00e0 quarante jours et quarante nuits sans manger d\u00e9nomm\u00e9e A\u00efd-el fitri. Dans la ville de Beni au Nord-Kivu, la cl\u00f4ture a \u00e9t\u00e9 faite \u00e0 la mosqu\u00e9e de allah Djamiya de Mupanda o\u00f9 plus de mille croyants musulmans \u00e9taient visibles avec des robes blanches et des \u00e9charpes \u00e0 la t\u00eate. Prenant la parole, le charg\u00e9 des cultes en ville le sheikh Isma\u00efl Musa appelle les mulmans de continuer \u00e0 pr\u00eacher la bonne parole&hellip;<\/p>\n","protected":false,"gt_translate_keys":[{"key":"rendered","format":"html"}]},"author":1,"featured_media":18883,"comment_status":"open","ping_status":"open","sticky":false,"template":"","format":"standard","meta":{"_crdt_document":"","footnotes":""},"categories":[4],"tags":[37083],"class_list":["post-18881","post","type-post","status-publish","format-standard","has-post-thumbnail","hentry","category-religions","tag-ramadan"],"gutentor_comment":0,"yoast_head":"<!-- This site is optimized with the Yoast SEO plugin v27.5 - https:\/\/yoast.com\/product\/yoast-seo-wordpress\/ -->\n<title>RDC-Nord-Kivu : Cl\u00f4ture en bont\u00e9 du mois de Ramadan \u00e0 Beni - Actualit\u00e9s congolaises et internationales<\/title>\n<meta name=\"robots\" content=\"index, follow, max-snippet:-1, max-image-preview:large, max-video-preview:-1\" \/>\n<link rel=\"canonical\" href=\"https:\/\/congovirtuel.com\/information\/rdc-nord-kivu-cloture-en-bonte-du-mois-de-ramadan-a-beni\/\" \/>\n<meta property=\"og:locale\" content=\"fr_FR\" \/>\n<meta property=\"og:type\" content=\"article\" \/>\n<meta property=\"og:title\" content=\"RDC-Nord-Kivu : Cl\u00f4ture en bont\u00e9 du mois de Ramadan \u00e0 Beni - Actualit\u00e9s congolaises et internationales\" \/>\n<meta property=\"og:description\" content=\"Les musulmans du monde entier ont \u00e9t\u00e9 \u00e0 l\u2019honneur pour cl\u00f4turer le mois de Ramadan, une f\u00eate consacr\u00e9e \u00e0 quarante jours et quarante nuits sans manger d\u00e9nomm\u00e9e A\u00efd-el fitri. Dans la ville de Beni au Nord-Kivu, la cl\u00f4ture a \u00e9t\u00e9 faite \u00e0 la mosqu\u00e9e de allah Djamiya de Mupanda o\u00f9 plus de mille croyants musulmans \u00e9taient visibles avec des robes blanches et des \u00e9charpes \u00e0 la t\u00eate. Prenant la parole, le charg\u00e9 des cultes en ville le sheikh Isma\u00efl Musa appelle les mulmans de continuer \u00e0 pr\u00eacher la bonne parole&hellip;\" \/>\n<meta property=\"og:url\" content=\"https:\/\/congovirtuel.com\/information\/rdc-nord-kivu-cloture-en-bonte-du-mois-de-ramadan-a-beni\/\" \/>\n<meta property=\"og:site_name\" content=\"Actualit\u00e9s congolaises et internationales\" \/>\n<meta property=\"article:publisher\" content=\"https:\/\/web.facebook.com\/Congovirtuel-763617960319601\/?ref=aymt_homepage_panel&amp;amp%3bamp%3bamp%3bamp%3bamp%3bamp%3bamp%3bamp%3bamp%3bamp%3bamp%3beid=ARCoxULa66767kIgF_KYav6VdjXTI4yk_LW4yoVO9s6NXpysgb7Cb65vpxcxgqzOAKvIbLQxaAETcqHT\" \/>\n<meta property=\"article:published_time\" content=\"2022-05-02T17:28:33+00:00\" \/>\n<meta property=\"article:modified_time\" content=\"2022-05-02T17:34:59+00:00\" \/>\n<meta property=\"og:image\" content=\"https:\/\/congovirtuel.com\/information\/wp-content\/uploads\/2022\/05\/3B451F11-934E-4B27-8490-5583B2B6FB15.jpeg\" \/>\n\t<meta property=\"og:image:width\" content=\"1080\" \/>\n\t<meta property=\"og:image:height\" content=\"486\" \/>\n\t<meta property=\"og:image:type\" content=\"image\/jpeg\" \/>\n<meta name=\"author\" content=\"infocongovirtuel\" \/>\n<meta name=\"twitter:card\" content=\"summary_large_image\" \/>\n<meta name=\"twitter:creator\" content=\"@congovirtuel\" \/>\n<meta name=\"twitter:site\" content=\"@congovirtuel\" \/>\n<meta name=\"twitter:label1\" content=\"\u00c9crit par\" \/>\n\t<meta name=\"twitter:data1\" content=\"infocongovirtuel\" \/>\n\t<meta name=\"twitter:label2\" content=\"Dur\u00e9e de lecture estim\u00e9e\" \/>\n\t<meta name=\"twitter:data2\" content=\"1 minute\" \/>\n<script type=\"application\/ld+json\" class=\"yoast-schema-graph\">{\"@context\":\"https:\\\/\\\/schema.org\",\"@graph\":[{\"@type\":\"Article\",\"@id\":\"https:\\\/\\\/congovirtuel.com\\\/information\\\/rdc-nord-kivu-cloture-en-bonte-du-mois-de-ramadan-a-beni\\\/#article\",\"isPartOf\":{\"@id\":\"https:\\\/\\\/congovirtuel.com\\\/information\\\/rdc-nord-kivu-cloture-en-bonte-du-mois-de-ramadan-a-beni\\\/\"},\"author\":{\"name\":\"infocongovirtuel\",\"@id\":\"https:\\\/\\\/congovirtuel.com\\\/information\\\/#\\\/schema\\\/person\\\/739a44bf7990966cb53d58d2fdeca0b6\"},\"headline\":\"RDC-Nord-Kivu : Cl\u00f4ture en bont\u00e9 du mois de Ramadan \u00e0 Beni\",\"datePublished\":\"2022-05-02T17:28:33+00:00\",\"dateModified\":\"2022-05-02T17:34:59+00:00\",\"mainEntityOfPage\":{\"@id\":\"https:\\\/\\\/congovirtuel.com\\\/information\\\/rdc-nord-kivu-cloture-en-bonte-du-mois-de-ramadan-a-beni\\\/\"},\"wordCount\":189,\"commentCount\":0,\"publisher\":{\"@id\":\"https:\\\/\\\/congovirtuel.com\\\/information\\\/#organization\"},\"image\":{\"@id\":\"https:\\\/\\\/congovirtuel.com\\\/information\\\/rdc-nord-kivu-cloture-en-bonte-du-mois-de-ramadan-a-beni\\\/#primaryimage\"},\"thumbnailUrl\":\"https:\\\/\\\/congovirtuel.com\\\/information\\\/wp-content\\\/uploads\\\/2022\\\/05\\\/3B451F11-934E-4B27-8490-5583B2B6FB15.jpeg\",\"keywords\":[\"Ramadan\"],\"articleSection\":[\"Religions\"],\"inLanguage\":\"fr-FR\",\"potentialAction\":[{\"@type\":\"CommentAction\",\"name\":\"Comment\",\"target\":[\"https:\\\/\\\/congovirtuel.com\\\/information\\\/rdc-nord-kivu-cloture-en-bonte-du-mois-de-ramadan-a-beni\\\/#respond\"]}]},{\"@type\":\"WebPage\",\"@id\":\"https:\\\/\\\/congovirtuel.com\\\/information\\\/rdc-nord-kivu-cloture-en-bonte-du-mois-de-ramadan-a-beni\\\/\",\"url\":\"https:\\\/\\\/congovirtuel.com\\\/information\\\/rdc-nord-kivu-cloture-en-bonte-du-mois-de-ramadan-a-beni\\\/\",\"name\":\"RDC-Nord-Kivu : Cl\u00f4ture en bont\u00e9 du mois de Ramadan \u00e0 Beni - Actualit\u00e9s congolaises et internationales\",\"isPartOf\":{\"@id\":\"https:\\\/\\\/congovirtuel.com\\\/information\\\/#website\"},\"primaryImageOfPage\":{\"@id\":\"https:\\\/\\\/congovirtuel.com\\\/information\\\/rdc-nord-kivu-cloture-en-bonte-du-mois-de-ramadan-a-beni\\\/#primaryimage\"},\"image\":{\"@id\":\"https:\\\/\\\/congovirtuel.com\\\/information\\\/rdc-nord-kivu-cloture-en-bonte-du-mois-de-ramadan-a-beni\\\/#primaryimage\"},\"thumbnailUrl\":\"https:\\\/\\\/congovirtuel.com\\\/information\\\/wp-content\\\/uploads\\\/2022\\\/05\\\/3B451F11-934E-4B27-8490-5583B2B6FB15.jpeg\",\"datePublished\":\"2022-05-02T17:28:33+00:00\",\"dateModified\":\"2022-05-02T17:34:59+00:00\",\"breadcrumb\":{\"@id\":\"https:\\\/\\\/congovirtuel.com\\\/information\\\/rdc-nord-kivu-cloture-en-bonte-du-mois-de-ramadan-a-beni\\\/#breadcrumb\"},\"inLanguage\":\"fr-FR\",\"potentialAction\":[{\"@type\":\"ReadAction\",\"target\":[\"https:\\\/\\\/congovirtuel.com\\\/information\\\/rdc-nord-kivu-cloture-en-bonte-du-mois-de-ramadan-a-beni\\\/\"]}]},{\"@type\":\"ImageObject\",\"inLanguage\":\"fr-FR\",\"@id\":\"https:\\\/\\\/congovirtuel.com\\\/information\\\/rdc-nord-kivu-cloture-en-bonte-du-mois-de-ramadan-a-beni\\\/#primaryimage\",\"url\":\"https:\\\/\\\/congovirtuel.com\\\/information\\\/wp-content\\\/uploads\\\/2022\\\/05\\\/3B451F11-934E-4B27-8490-5583B2B6FB15.jpeg\",\"contentUrl\":\"https:\\\/\\\/congovirtuel.com\\\/information\\\/wp-content\\\/uploads\\\/2022\\\/05\\\/3B451F11-934E-4B27-8490-5583B2B6FB15.jpeg\",\"width\":1080,\"height\":486},{\"@type\":\"BreadcrumbList\",\"@id\":\"https:\\\/\\\/congovirtuel.com\\\/information\\\/rdc-nord-kivu-cloture-en-bonte-du-mois-de-ramadan-a-beni\\\/#breadcrumb\",\"itemListElement\":[{\"@type\":\"ListItem\",\"position\":1,\"name\":\"Accueil\",\"item\":\"https:\\\/\\\/congovirtuel.com\\\/information\\\/\"},{\"@type\":\"ListItem\",\"position\":2,\"name\":\"RDC-Nord-Kivu : Cl\u00f4ture en bont\u00e9 du mois de Ramadan \u00e0 Beni\"}]},{\"@type\":\"WebSite\",\"@id\":\"https:\\\/\\\/congovirtuel.com\\\/information\\\/#website\",\"url\":\"https:\\\/\\\/congovirtuel.com\\\/information\\\/\",\"name\":\"Actualit\u00e9s congolaises et internationales\",\"description\":\"site d&#039;analyse et de traitement d&#039;information\",\"publisher\":{\"@id\":\"https:\\\/\\\/congovirtuel.com\\\/information\\\/#organization\"},\"potentialAction\":[{\"@type\":\"SearchAction\",\"target\":{\"@type\":\"EntryPoint\",\"urlTemplate\":\"https:\\\/\\\/congovirtuel.com\\\/information\\\/?s={search_term_string}\"},\"query-input\":{\"@type\":\"PropertyValueSpecification\",\"valueRequired\":true,\"valueName\":\"search_term_string\"}}],\"inLanguage\":\"fr-FR\"},{\"@type\":\"Organization\",\"@id\":\"https:\\\/\\\/congovirtuel.com\\\/information\\\/#organization\",\"name\":\"Biblioth\u00e8que Virtuelle de la RDC\",\"url\":\"https:\\\/\\\/congovirtuel.com\\\/information\\\/\",\"logo\":{\"@type\":\"ImageObject\",\"inLanguage\":\"fr-FR\",\"@id\":\"https:\\\/\\\/congovirtuel.com\\\/information\\\/#\\\/schema\\\/logo\\\/image\\\/\",\"url\":\"https:\\\/\\\/congovirtuel.com\\\/information\\\/wp-content\\\/uploads\\\/2018\\\/10\\\/header-info-congovirtuel-vraie.jpg\",\"contentUrl\":\"https:\\\/\\\/congovirtuel.com\\\/information\\\/wp-content\\\/uploads\\\/2018\\\/10\\\/header-info-congovirtuel-vraie.jpg\",\"width\":728,\"height\":90,\"caption\":\"Biblioth\u00e8que Virtuelle de la RDC\"},\"image\":{\"@id\":\"https:\\\/\\\/congovirtuel.com\\\/information\\\/#\\\/schema\\\/logo\\\/image\\\/\"},\"sameAs\":[\"https:\\\/\\\/web.facebook.com\\\/Congovirtuel-763617960319601\\\/?ref=aymt_homepage_panel&amp;amp;amp;amp;amp;amp;amp;amp;amp;amp;amp;eid=ARCoxULa66767kIgF_KYav6VdjXTI4yk_LW4yoVO9s6NXpysgb7Cb65vpxcxgqzOAKvIbLQxaAETcqHT\",\"https:\\\/\\\/x.com\\\/congovirtuel\",\"https:\\\/\\\/www.youtube.com\\\/channel\\\/UCkFfprYzGgS3EWNpeMXpToQ?view_as=subscriber\"]},{\"@type\":\"Person\",\"@id\":\"https:\\\/\\\/congovirtuel.com\\\/information\\\/#\\\/schema\\\/person\\\/739a44bf7990966cb53d58d2fdeca0b6\",\"name\":\"infocongovirtuel\",\"image\":{\"@type\":\"ImageObject\",\"inLanguage\":\"fr-FR\",\"@id\":\"https:\\\/\\\/secure.gravatar.com\\\/avatar\\\/4d76991aa72469f0eb22e772586c99113c6997f88da636a9db8f2ce3a2c05e69?s=96&d=mm&r=g\",\"url\":\"https:\\\/\\\/secure.gravatar.com\\\/avatar\\\/4d76991aa72469f0eb22e772586c99113c6997f88da636a9db8f2ce3a2c05e69?s=96&d=mm&r=g\",\"contentUrl\":\"https:\\\/\\\/secure.gravatar.com\\\/avatar\\\/4d76991aa72469f0eb22e772586c99113c6997f88da636a9db8f2ce3a2c05e69?s=96&d=mm&r=g\",\"caption\":\"infocongovirtuel\"},\"url\":\"https:\\\/\\\/congovirtuel.com\\\/information\\\/author\\\/infocongovirtuel\\\/\"}]}<\/script>\n<!-- \/ Yoast SEO plugin. -->","yoast_head_json":{"title":"RDC-Nord-Kivu : Cl\u00f4ture en bont\u00e9 du mois de Ramadan \u00e0 Beni - Actualit\u00e9s congolaises et internationales","robots":{"index":"index","follow":"follow","max-snippet":"max-snippet:-1","max-image-preview":"max-image-preview:large","max-video-preview":"max-video-preview:-1"},"canonical":"https:\/\/congovirtuel.com\/information\/rdc-nord-kivu-cloture-en-bonte-du-mois-de-ramadan-a-beni\/","og_locale":"fr_FR","og_type":"article","og_title":"RDC-Nord-Kivu : Cl\u00f4ture en bont\u00e9 du mois de Ramadan \u00e0 Beni - Actualit\u00e9s congolaises et internationales","og_description":"Les musulmans du monde entier ont \u00e9t\u00e9 \u00e0 l\u2019honneur pour cl\u00f4turer le mois de Ramadan, une f\u00eate consacr\u00e9e \u00e0 quarante jours et quarante nuits sans manger d\u00e9nomm\u00e9e A\u00efd-el fitri. Dans la ville de Beni au Nord-Kivu, la cl\u00f4ture a \u00e9t\u00e9 faite \u00e0 la mosqu\u00e9e de allah Djamiya de Mupanda o\u00f9 plus de mille croyants musulmans \u00e9taient visibles avec des robes blanches et des \u00e9charpes \u00e0 la t\u00eate. Prenant la parole, le charg\u00e9 des cultes en ville le sheikh Isma\u00efl Musa appelle les mulmans de continuer \u00e0 pr\u00eacher la bonne parole&hellip;","og_url":"https:\/\/congovirtuel.com\/information\/rdc-nord-kivu-cloture-en-bonte-du-mois-de-ramadan-a-beni\/","og_site_name":"Actualit\u00e9s congolaises et internationales","article_publisher":"https:\/\/web.facebook.com\/Congovirtuel-763617960319601\/?ref=aymt_homepage_panel&amp%3bamp%3bamp%3bamp%3bamp%3bamp%3bamp%3bamp%3bamp%3bamp%3bamp%3beid=ARCoxULa66767kIgF_KYav6VdjXTI4yk_LW4yoVO9s6NXpysgb7Cb65vpxcxgqzOAKvIbLQxaAETcqHT","article_published_time":"2022-05-02T17:28:33+00:00","article_modified_time":"2022-05-02T17:34:59+00:00","og_image":[{"width":1080,"height":486,"url":"https:\/\/congovirtuel.com\/information\/wp-content\/uploads\/2022\/05\/3B451F11-934E-4B27-8490-5583B2B6FB15.jpeg","type":"image\/jpeg"}],"author":"infocongovirtuel","twitter_card":"summary_large_image","twitter_creator":"@congovirtuel","twitter_site":"@congovirtuel","twitter_misc":{"\u00c9crit par":"infocongovirtuel","Dur\u00e9e de lecture estim\u00e9e":"1 minute"},"schema":{"@context":"https:\/\/schema.org","@graph":[{"@type":"Article","@id":"https:\/\/congovirtuel.com\/information\/rdc-nord-kivu-cloture-en-bonte-du-mois-de-ramadan-a-beni\/#article","isPartOf":{"@id":"https:\/\/congovirtuel.com\/information\/rdc-nord-kivu-cloture-en-bonte-du-mois-de-ramadan-a-beni\/"},"author":{"name":"infocongovirtuel","@id":"https:\/\/congovirtuel.com\/information\/#\/schema\/person\/739a44bf7990966cb53d58d2fdeca0b6"},"headline":"RDC-Nord-Kivu : Cl\u00f4ture en bont\u00e9 du mois de Ramadan \u00e0 Beni","datePublished":"2022-05-02T17:28:33+00:00","dateModified":"2022-05-02T17:34:59+00:00","mainEntityOfPage":{"@id":"https:\/\/congovirtuel.com\/information\/rdc-nord-kivu-cloture-en-bonte-du-mois-de-ramadan-a-beni\/"},"wordCount":189,"commentCount":0,"publisher":{"@id":"https:\/\/congovirtuel.com\/information\/#organization"},"image":{"@id":"https:\/\/congovirtuel.com\/information\/rdc-nord-kivu-cloture-en-bonte-du-mois-de-ramadan-a-beni\/#primaryimage"},"thumbnailUrl":"https:\/\/congovirtuel.com\/information\/wp-content\/uploads\/2022\/05\/3B451F11-934E-4B27-8490-5583B2B6FB15.jpeg","keywords":["Ramadan"],"articleSection":["Religions"],"inLanguage":"fr-FR","potentialAction":[{"@type":"CommentAction","name":"Comment","target":["https:\/\/congovirtuel.com\/information\/rdc-nord-kivu-cloture-en-bonte-du-mois-de-ramadan-a-beni\/#respond"]}]},{"@type":"WebPage","@id":"https:\/\/congovirtuel.com\/information\/rdc-nord-kivu-cloture-en-bonte-du-mois-de-ramadan-a-beni\/","url":"https:\/\/congovirtuel.com\/information\/rdc-nord-kivu-cloture-en-bonte-du-mois-de-ramadan-a-beni\/","name":"RDC-Nord-Kivu : Cl\u00f4ture en bont\u00e9 du mois de Ramadan \u00e0 Beni - Actualit\u00e9s congolaises et internationales","isPartOf":{"@id":"https:\/\/congovirtuel.com\/information\/#website"},"primaryImageOfPage":{"@id":"https:\/\/congovirtuel.com\/information\/rdc-nord-kivu-cloture-en-bonte-du-mois-de-ramadan-a-beni\/#primaryimage"},"image":{"@id":"https:\/\/congovirtuel.com\/information\/rdc-nord-kivu-cloture-en-bonte-du-mois-de-ramadan-a-beni\/#primaryimage"},"thumbnailUrl":"https:\/\/congovirtuel.com\/information\/wp-content\/uploads\/2022\/05\/3B451F11-934E-4B27-8490-5583B2B6FB15.jpeg","datePublished":"2022-05-02T17:28:33+00:00","dateModified":"2022-05-02T17:34:59+00:00","breadcrumb":{"@id":"https:\/\/congovirtuel.com\/information\/rdc-nord-kivu-cloture-en-bonte-du-mois-de-ramadan-a-beni\/#breadcrumb"},"inLanguage":"fr-FR","potentialAction":[{"@type":"ReadAction","target":["https:\/\/congovirtuel.com\/information\/rdc-nord-kivu-cloture-en-bonte-du-mois-de-ramadan-a-beni\/"]}]},{"@type":"ImageObject","inLanguage":"fr-FR","@id":"https:\/\/congovirtuel.com\/information\/rdc-nord-kivu-cloture-en-bonte-du-mois-de-ramadan-a-beni\/#primaryimage","url":"https:\/\/congovirtuel.com\/information\/wp-content\/uploads\/2022\/05\/3B451F11-934E-4B27-8490-5583B2B6FB15.jpeg","contentUrl":"https:\/\/congovirtuel.com\/information\/wp-content\/uploads\/2022\/05\/3B451F11-934E-4B27-8490-5583B2B6FB15.jpeg","width":1080,"height":486},{"@type":"BreadcrumbList","@id":"https:\/\/congovirtuel.com\/information\/rdc-nord-kivu-cloture-en-bonte-du-mois-de-ramadan-a-beni\/#breadcrumb","itemListElement":[{"@type":"ListItem","position":1,"name":"Accueil","item":"https:\/\/congovirtuel.com\/information\/"},{"@type":"ListItem","position":2,"name":"RDC-Nord-Kivu : Cl\u00f4ture en bont\u00e9 du mois de Ramadan \u00e0 Beni"}]},{"@type":"WebSite","@id":"https:\/\/congovirtuel.com\/information\/#website","url":"https:\/\/congovirtuel.com\/information\/","name":"Actualit\u00e9s congolaises et internationales","description":"site d&#039;analyse et de traitement d&#039;information","publisher":{"@id":"https:\/\/congovirtuel.com\/information\/#organization"},"potentialAction":[{"@type":"SearchAction","target":{"@type":"EntryPoint","urlTemplate":"https:\/\/congovirtuel.com\/information\/?s={search_term_string}"},"query-input":{"@type":"PropertyValueSpecification","valueRequired":true,"valueName":"search_term_string"}}],"inLanguage":"fr-FR"},{"@type":"Organization","@id":"https:\/\/congovirtuel.com\/information\/#organization","name":"Biblioth\u00e8que Virtuelle de la RDC","url":"https:\/\/congovirtuel.com\/information\/","logo":{"@type":"ImageObject","inLanguage":"fr-FR","@id":"https:\/\/congovirtuel.com\/information\/#\/schema\/logo\/image\/","url":"https:\/\/congovirtuel.com\/information\/wp-content\/uploads\/2018\/10\/header-info-congovirtuel-vraie.jpg","contentUrl":"https:\/\/congovirtuel.com\/information\/wp-content\/uploads\/2018\/10\/header-info-congovirtuel-vraie.jpg","width":728,"height":90,"caption":"Biblioth\u00e8que Virtuelle de la RDC"},"image":{"@id":"https:\/\/congovirtuel.com\/information\/#\/schema\/logo\/image\/"},"sameAs":["https:\/\/web.facebook.com\/Congovirtuel-763617960319601\/?ref=aymt_homepage_panel&amp;amp;amp;amp;amp;amp;amp;amp;amp;amp;amp;eid=ARCoxULa66767kIgF_KYav6VdjXTI4yk_LW4yoVO9s6NXpysgb7Cb65vpxcxgqzOAKvIbLQxaAETcqHT","https:\/\/x.com\/congovirtuel","https:\/\/www.youtube.com\/channel\/UCkFfprYzGgS3EWNpeMXpToQ?view_as=subscriber"]},{"@type":"Person","@id":"https:\/\/congovirtuel.com\/information\/#\/schema\/person\/739a44bf7990966cb53d58d2fdeca0b6","name":"infocongovirtuel","image":{"@type":"ImageObject","inLanguage":"fr-FR","@id":"https:\/\/secure.gravatar.com\/avatar\/4d76991aa72469f0eb22e772586c99113c6997f88da636a9db8f2ce3a2c05e69?s=96&d=mm&r=g","url":"https:\/\/secure.gravatar.com\/avatar\/4d76991aa72469f0eb22e772586c99113c6997f88da636a9db8f2ce3a2c05e69?s=96&d=mm&r=g","contentUrl":"https:\/\/secure.gravatar.com\/avatar\/4d76991aa72469f0eb22e772586c99113c6997f88da636a9db8f2ce3a2c05e69?s=96&d=mm&r=g","caption":"infocongovirtuel"},"url":"https:\/\/congovirtuel.com\/information\/author\/infocongovirtuel\/"}]}},"gt_translate_keys":[{"key":"link","format":"url"}],"_links":{"self":[{"href":"https:\/\/congovirtuel.com\/information\/wp-json\/wp\/v2\/posts\/18881","targetHints":{"allow":["GET"]}}],"collection":[{"href":"https:\/\/congovirtuel.com\/information\/wp-json\/wp\/v2\/posts"}],"about":[{"href":"https:\/\/congovirtuel.com\/information\/wp-json\/wp\/v2\/types\/post"}],"author":[{"embeddable":true,"href":"https:\/\/congovirtuel.com\/information\/wp-json\/wp\/v2\/users\/1"}],"replies":[{"embeddable":true,"href":"https:\/\/congovirtuel.com\/information\/wp-json\/wp\/v2\/comments?post=18881"}],"version-history":[{"count":1,"href":"https:\/\/congovirtuel.com\/information\/wp-json\/wp\/v2\/posts\/18881\/revisions"}],"predecessor-version":[{"id":18882,"href":"https:\/\/congovirtuel.com\/information\/wp-json\/wp\/v2\/posts\/18881\/revisions\/18882"}],"wp:featuredmedia":[{"embeddable":true,"href":"https:\/\/congovirtuel.com\/information\/wp-json\/wp\/v2\/media\/18883"}],"wp:attachment":[{"href":"https:\/\/congovirtuel.com\/information\/wp-json\/wp\/v2\/media?parent=18881"}],"wp:term":[{"taxonomy":"category","embeddable":true,"href":"https:\/\/congovirtuel.com\/information\/wp-json\/wp\/v2\/categories?post=18881"},{"taxonomy":"post_tag","embeddable":true,"href":"https:\/\/congovirtuel.com\/information\/wp-json\/wp\/v2\/tags?post=18881"}],"curies":[{"name":"wp","href":"https:\/\/api.w.org\/{rel}","templated":true}]}}