{"id":18921,"date":"2022-05-08T17:58:18","date_gmt":"2022-05-08T16:58:18","guid":{"rendered":"https:\/\/congovirtuel.com\/information\/?p=18921"},"modified":"2022-05-08T17:58:18","modified_gmt":"2022-05-08T16:58:18","slug":"rdc-denonciation-dentrave-a-la-liberte-de-presse-envers-et-contre-le-journaliste-pero-luwara-tribune","status":"publish","type":"post","link":"https:\/\/congovirtuel.com\/information\/rdc-denonciation-dentrave-a-la-liberte-de-presse-envers-et-contre-le-journaliste-pero-luwara-tribune\/","title":{"rendered":"RDC: D\u00e9nonciation d\u2019entrave \u00e0 la libert\u00e9 de presse envers et\u00a0 contre le journaliste PERO LUWARA (Tribune)","gt_translate_keys":[{"key":"rendered","format":"text"}]},"content":{"rendered":"<p>Un journaliste en danger en effet, monsieur PERO dont question est un journaliste\u00a0 de formation et professionnel respectant l\u2019\u00e9thique et la d\u00e9ontologie journaliste et est\u00a0 \u00a0en m\u00eame responsable de l\u2019entreprise congolaise des m\u00e9dias non de moindre, d\u00e9nomm\u00e9e CPTV, ayant dans son actif un chaine YouTube\u00a0 avec actuellement plus de 78,200 abonn\u00e9s, \u00a0\u00a0\u00a0une Page Facebook\u00a0 de plus de 23000 followers,\u00a0 un compte Twitter\u00a0\u00a0 de plus 1000 personnes connect\u00e9es.<\/p>\n<p>A la tr\u00e8s professionnel et tr\u00e8s dynamique, ledit journaliste aux questions pertinentes\u00a0 face \u00e0 ses invit\u00e9s, et aux analyses politiques personnelles\u00a0 tr\u00e8s fulgurantes, ledit journaliste,\u00a0\u00a0\u00a0\u00a0\u00a0\u00a0\u00a0\u00a0\u00a0\u00a0\u00a0\u00a0\u00a0 qui risquait vraisemblablement de subir le sort de Che Beya ou de Norbert Zongo, Jamal Khashoggi en R\u00e9publique sous la pr\u00e9sidence de F\u00e9lix Antoine Tshilombo Tshisekedi,\u00a0 un pr\u00e9dateur \u00e9conomique\u00a0 dans sa gestion de la chose publique au vu et au su m\u00eame\u00a0 \u00a0du citoyen lambda.<\/p>\n<p>&nbsp;<\/p>\n<p>Pour la petite histoire apr\u00e8s une visite d\u00e9magogique dans la ville de Lubumbashi\u00a0 par le Pr\u00e9sident usurpateur des \u00e9lections pr\u00e9sidentielles de d\u00e9cembre 2018\u00a0 au pays\u00a0 \u00a0de Patrice Emery Lumumba, le journaliste ind\u00e9pendant d\u2019esprit et \u00e9quivalent de Patrick poivre d\u2019Arvor en France a au-del\u00e0 de la ph\u00e9nom\u00e9nologie politique de l\u2019accueil spectaculaire d\u00e9montr\u00e9 que celui qui y \u00e9tait accueilli en pacificateur, probablement par ses fr\u00e8res de m\u00eame tribu \u00e9migr\u00e9s au sud du pays pour des raisons principalement \u00e9conomiques, nomm\u00e9ment F\u00e9lix Antoine Tshilombo, le Pr\u00e9sident de facto,\u00a0 est la vraie cause de la tension sociale r\u00e9gnant\u00a0 \u00a0\u00a0\u00a0\u00a0\u00a0\u00a0dans la province du Haut-Katanga. Toute la critique \u00e0 ce sujet n\u2019a \u00e9t\u00e9 qu\u2019objective et de style anaphorique par une comparaison \u00e0 l\u2019ancien r\u00e9gime, l\u2019actuel r\u00e9gime n\u2019\u00e9tant pas proactive.<\/p>\n<p>&nbsp;<\/p>\n<p>Il nous souviendra que l\u2019instrumentalisation politique des responsables du MPR ainsi que\u00a0 \u00a0de l\u2019UFERI dont F\u00e9lix en question est rest\u00e9 tr\u00e8s proche a fait qu\u2019il y ait exil forc\u00e9 et massacres du peuple Luba , faits r\u00e9pertori\u00e9s dans le Rapport Mapping.<\/p>\n<p>&nbsp;<\/p>\n<p>Cependant en date du 03\/05\/2022, tout en \u00e9tant pr\u00e9sent \u00e0 Kinshasa sur 146, avenue Bula, dans le quartier Moulaert dans la commune Bandalungwa, malencontreusement au jour\u00a0 \u00a0de la Journ\u00e9e mondiale de la libert\u00e9 de la presse, un muselage ou une camisole de force veut \u00eatre impos\u00e9 \u00e0 ce journaliste en danger comme les journalistes russes \u00e0 l\u2019heure actuelle,\u00a0 \u00a0 par un mandat d\u2019amener enregistr\u00e9 sous RMP.4209\/PG.023\/a\/2022\/MWA, par un Avis\u00a0 \u00a0de recherche r\u00e9f\u00e9renc\u00e9 Affaire MP c\/ PERO LUWARA PG030\/8014\/PG.023.b\/SC\/2022, actes respectivement sign\u00e9s simultan\u00e9ment avec acharnement par monsieur MALEMBE WANKANI Mari Fidel, avocat g\u00e9n\u00e9ral au parquet g\u00e9n\u00e9ral pr\u00e8s la Cour d\u2019Appel de Kinshasa Gombe et\u00a0 par monsieur Sylvain KALUILA MUANA, le Procureur g\u00e9n\u00e9ral \u00a0sans mandat de comparution pr\u00e9alable sous pr\u00e9texte tour \u00e0 tour d\u2019imputation dommageable et d\u2019offense envers le Chef\u00a0 \u00a0 de l\u2019Etat mais avec possibilit\u00e9 d\u2019ex\u00e9cution du titre manu militari aux m\u00e9pris de dispositions\u00a0 \u00a0 de l\u2019article 5 alin\u00e9a 4, 15 alin\u00e9a 1,2,3,5 du d\u00e9cret du 6 ao\u00fbt 1959 portant le Code \u00a0de proc\u00e9dure p\u00e9nale.<\/p>\n<p>&nbsp;<\/p>\n<p>En pratique, monsieur PERO qui risquait de subir une s\u00e9questration arbitraire et\u00a0 \u00a0 \u00a0des intimidations puis des tortures faits r\u00e9primand\u00e9s par l\u2019article 180, 160, 67 du Code p\u00e9nal congolais D\u00e9cret du 30 janvier 1940 tel que modifi\u00e9 et compl\u00e9t\u00e9 \u00e0 ce jour mis \u00e0 jour au 30 novembre 2004 et 16 de la Constitution de la R\u00e9publique d\u00e9mocratique du Congo modifi\u00e9e par la Loi n\u00b0 11\/002 du 20 janvier 2011 portant r\u00e9vision de certains articles de la Constitution de la R\u00e9publique D\u00e9mocratique du Congo du 18 f\u00e9vrier 2006. Bref, il est oblig\u00e9 malgr\u00e9 son gr\u00e9 de se r\u00e9soudre \u00e0 l\u2019exil au m\u00e9pris de l\u2019article 30 in fine de l\u2019actuelle Constitution\u00a0 de la R\u00e9publique.<\/p>\n<p>Du reste, avec violations aucune au regard du titre quatre\u00a0 de la Loi n\u00b096-002 du 22 juin 1996 fixant\u00a0 \u00a0 les modalit\u00e9s de l\u2019exercice de la libert\u00e9 de presse, ainsi que du TITRE X DES DROITS, DEVOIRS ET INCOMPATIBILIT\u00c9 de l\u2019ORDONNANCE-LOI 81-012 portant statuts\u00a0 \u00a0des journalistes \u0153uvrant en R\u00e9publique du Za\u00efre du 2 avril 1981, La libert\u00e9 de la presse, la libert\u00e9 d\u2019information et d\u2019\u00e9mission par la radio et la t\u00e9l\u00e9vision, la presse \u00e9crite ou tout autre moyen de communication sont garanties par l\u2019article 24 alin\u00e9a 2 de CONSTITUTION\u00a0 \u00a0 \u00a0 DE LA REPUBLIQUE DEMOCRATIQUE DU CONGO Modifi\u00e9e par la Loi n\u00b0 11\/002 du 20 janvier 2011 portant r\u00e9vision de certains articles de la Constitution de la R\u00e9publique D\u00e9mocratique \u00a0\u00a0\u00a0du Congo du 18 f\u00e9vrier 2006,\u00a0 les d\u00e9clarations du journaliste concern\u00e9 en date du 02 mai 2022<a href=\"#_ftn1\" name=\"_ftnref1\">[1]<\/a> dans la vid\u00e9o You tube titr\u00e9e \u00abD\u00c9CRY 2.5.22, FATSHI, PYROMANE, IMPLIQU\u00c9 DANS LE CONFLIT KATANGO-KASA\u00cfEN. IL DEMANDE PARDON JKK \u00bb ne saurait constituer les \u00e9l\u00e9ments mat\u00e9riel et intentionnel de l\u2019incrimination \u00ab Imputation dommageable \u00bb telle que prescrite \u00e0 l\u2019article 74 du Code p\u00e9nal pr\u00e9cit\u00e9 parce que\u00a0 ses dispositions font partie\u00a0 LIVRE DEUXIEME\u00a0 \u00a0DES INFRACTIONS ET DE LEUR REPRESSION EN PARTICULIER TITRE I DES INFRACTIONS\u00a0\u00a0\u00a0\u00a0\u00a0\u00a0\u00a0\u00a0\u00a0\u00a0\u00a0\u00a0\u00a0\u00a0\u00a0\u00a0\u00a0\u00a0\u00a0\u00a0\u00a0\u00a0\u00a0\u00a0 CONTRE\u00a0 LES PERSONNES du Code p\u00e9nal d\u2019une part et d\u2019autre part la E-r\u00e9putation de F\u00e9lix l\u2019index\u00e9 n\u2019est nullement m\u00e9chamment m\u00eame si publiquement le professionnel des m\u00e9dias a imput\u00e9 des faits pr\u00e9cis qui est de nature \u00e0 porter atteinte\u00a0 \u00e0 son honneur ou \u00e0 la consid\u00e9ration\u00a0 \u00a0 \u00a0de sa personne, car ces faits totalement plausibles. Ces faits d\u00e9cri\u00e9s \u00e9tant vrais et objectifs, \u00a0\u00a0\u00a0ne constituent pour le moins une offense conform\u00e9ment \u00e0 l\u2019article premier\u00a0 \u00a0 \u00a0 \u00a0 \u00a0 \u00a0 \u00a0 \u00a0de l\u2019ORDONNANCE-LOI 300 du 16 d\u00e9cembre 1963 sur la r\u00e9pression des offenses envers le chef de l\u2019\u00c9tat.<\/p>\n<p>&nbsp;<\/p>\n<p>L\u2019analyse juridique fait que le dol sp\u00e9cial de \u00ab<strong>\u00a0m\u00e9chamment\u00a0<\/strong>\u00bb ne puisse \u00eatre envers l\u2019int\u00e9grit\u00e9 morale de monsieur F\u00e9lix Antoine Tshilombo vu la stature publique de ce dernier malgr\u00e9 l\u2019enthousiasme du journaliste d\u2019une part et d\u2019autre part le mobile \u00ab\u00a0<strong>d\u2019exposition au m\u00e9pris \u00a0\u00a0\u00a0au public<\/strong>\u00a0\u00bb est inop\u00e9rant vu la v\u00e9racit\u00e9\u00a0 des faits non de droit priv\u00e9 mais des faits purement d\u2019\u00e9thique politique. Par ailleurs, d\u2019apr\u00e8s Paul Gabriel KAPITA Shabanguy, un des fameux 13 parlementaires, lors du 40<sup>\u00e8me<\/sup>\u00a0 anniversaire du Parti dont il est cofondateur, le bilan est dramatiquement n\u00e9gatif \u00e9tant donn\u00e9 que F\u00e9lix Tshilombo n\u2019est que pr\u00e9dateur politique qui m\u00e9rite la liquidation0<\/p>\n<p>&nbsp;<\/p>\n<p>En outre, sur le plan administratif, il y a empi\u00e8tement ratione materiae vu l\u2019article 212\u00a0 \u00a0 de la Constitution pr\u00e9cit\u00e9e d\u2019autant que le CHAPITRE VII : DU REGIME DISCIPLINAIRE ET\u00a0 \u00a0 DES SANCTIONS PENALES de Loi organique n\u00b0 11\/001 du 10 janvier 2011 portant composition, attribution et fonctionnement du Conseil Sup\u00e9rieur de l\u2019Audiovisuel et de la Communication.<\/p>\n<p>&nbsp;<\/p>\n<p>Somme toute la philosophie politique du monsieur le Procureur pr\u00e8s du Parquet g\u00e9n\u00e9ral\u00a0 \u00a0de Kinshasa Matete cit\u00e9, nomm\u00e9 en 2020 par F\u00e9lix Antoine Tshilombo<a href=\"#_ftn2\" name=\"_ftnref2\">[2]<\/a> n\u2019est pas conciliante avec la libert\u00e9 de presse de mani\u00e8re notoire<a href=\"#_ftn3\" name=\"_ftnref3\">[3]<\/a>.<\/p>\n<p>&nbsp;<\/p>\n<p>En pi\u00e8ce jointe, j\u2019ai annex\u00e9 le mandat d\u2019amener cit\u00e9 ci-haut s\u2019il vous plait, encore les personnes publiques disposent relativement du droit \u00e0 l\u2019image.<\/p>\n<p>&nbsp;<\/p>\n<p>Dans l\u2019attente d\u2019une suite favorable \u00e0 notre demande, veuillez agr\u00e9er l\u2019expression\u00a0 de nos salutations les plus distingu\u00e9es.<\/p>\n<p>&nbsp;<\/p>\n<p><strong>ANNEXE : Extrait de l\u2019Expos\u00e9 des Motifs de LOI N\u00b096-002 DU 22 JUIN 1996 FIXANT LES MODALITES DE L\u2019EXERCICE\u00a0 \u00a0DE LA LIBERTE DE PRESSE<\/strong><\/p>\n<p>&nbsp;<\/p>\n<p>&nbsp;<\/p>\n<p>Le processus de d\u00e9mocratisation de la vie politique et sociale de notre pays reconna\u00eet\u00a0 \u00a0\u00e0\u00a0 la presse un r\u00f4le \u00e9minent. En effet, comme cadre appropri\u00e9 d\u2019expression des libert\u00e9s d\u2019opinions telles que d\u00e9finies aux articles 23 et 24 de la Constitution de la R\u00e9publique D\u00e9mocratique du Congo, la presse, tant officielle que priv\u00e9e, est un mode privil\u00e9gi\u00e9\u00a0 \u00a0de communication des masses, d\u2019information et de culture. La D\u00e9claration Universelle\u00a0 \u00a0 des Droits de l\u2019Homme proclam\u00e9e en 1948 par l\u2019Assembl\u00e9e G\u00e9n\u00e9rale des Nations Unies,\u00a0 \u00a0le Pacte international sur les Droits civils et politiques de 1966 et la Charte Africaine des Droits\u00a0 \u00a0 de l\u2019Homme et des Peuples de 1981, reconnaissent le principe de ces libert\u00e9s fondamentales\u2026.<\/p>\n<p>&nbsp;<\/p>\n<p>La volont\u00e9 de r\u00e9tablir en R\u00e9publique D\u00e9mocratique du Congo une presse libre et responsable proc\u00e8de des pr\u00e9occupations \u00e9mises non seulement par de nombreuses assises de la presse, mis \u00e9galement par les forces politiques et sociales r\u00e9unies au sein de la conf\u00e9rence nationale souveraine, puis par les concertations du palais du peuple. Cette volont\u00e9 de concilier la libert\u00e9 et la volont\u00e9 de la presse a conduit le constituant \u00e0 exiger, sur pied de l\u2019article 18 ; paragraphe 2, la fixation des \u00ab modalit\u00e9s de l\u2019exercice de la libert\u00e9 de la presse \u00bb, celle-ci impliquant\u00a0 \u00a0 la garantie de l\u2019ind\u00e9pendance du journaliste et autres professionnels de la presse ainsi \u00a0que leur responsabilit\u00e9 vis-\u00e0-vis de la soci\u00e9t\u00e9, de l\u2019ordre public et des droits des tiers.<\/p>\n<p>&nbsp;<\/p>\n<p><a href=\"#_ftnref1\" name=\"_ftn1\">[1]<\/a> https:\/\/youtu.be\/KG1NFfQwdXY<\/p>\n<p><a href=\"#_ftnref2\" name=\"_ftn2\">[2]<\/a> https:\/\/twitter.com\/HonoreMvula1\/status\/1284225464509386752?s=20&amp;t=cmPloSXn1QCPMjhU3xEBvw<\/p>\n<p><a href=\"#_ftnref3\" name=\"_ftn3\">[3]<\/a> https:\/\/congoprofond.net\/medias-le-procureur-sylvain-kaluila-soppose-a-la-depenalisation-des-delits-de-presse\/<\/p>\n<p>Tribune Rohnny Monsekwe<\/p>\n","protected":false,"gt_translate_keys":[{"key":"rendered","format":"html"}]},"excerpt":{"rendered":"<p>Un journaliste en danger en effet, monsieur PERO dont question est un journaliste\u00a0 de formation et professionnel respectant l\u2019\u00e9thique et la d\u00e9ontologie journaliste et est\u00a0 \u00a0en m\u00eame responsable de l\u2019entreprise congolaise des m\u00e9dias non de moindre, d\u00e9nomm\u00e9e CPTV, ayant dans son actif un chaine YouTube\u00a0 avec actuellement plus de 78,200 abonn\u00e9s, \u00a0\u00a0\u00a0une Page Facebook\u00a0 de plus de 23000 followers,\u00a0 un compte Twitter\u00a0\u00a0 de plus 1000 personnes connect\u00e9es. A la tr\u00e8s professionnel et tr\u00e8s dynamique, ledit journaliste aux questions pertinentes\u00a0 face \u00e0 ses invit\u00e9s, et aux analyses politiques personnelles\u00a0 tr\u00e8s fulgurantes,&hellip;<\/p>\n","protected":false,"gt_translate_keys":[{"key":"rendered","format":"html"}]},"author":1,"featured_media":18888,"comment_status":"open","ping_status":"open","sticky":false,"template":"","format":"standard","meta":{"_crdt_document":"","footnotes":""},"categories":[4911],"tags":[],"class_list":["post-18921","post","type-post","status-publish","format-standard","has-post-thumbnail","hentry","category-medias"],"gutentor_comment":0,"yoast_head":"<!-- This site is optimized with the Yoast SEO plugin v27.5 - https:\/\/yoast.com\/product\/yoast-seo-wordpress\/ -->\n<title>RDC: D\u00e9nonciation d\u2019entrave \u00e0 la libert\u00e9 de presse envers et\u00a0 contre le journaliste PERO LUWARA (Tribune) - Actualit\u00e9s congolaises et internationales<\/title>\n<meta name=\"robots\" content=\"index, follow, max-snippet:-1, max-image-preview:large, max-video-preview:-1\" \/>\n<link rel=\"canonical\" href=\"https:\/\/congovirtuel.com\/information\/rdc-denonciation-dentrave-a-la-liberte-de-presse-envers-et-contre-le-journaliste-pero-luwara-tribune\/\" \/>\n<meta property=\"og:locale\" content=\"fr_FR\" \/>\n<meta property=\"og:type\" content=\"article\" \/>\n<meta property=\"og:title\" content=\"RDC: D\u00e9nonciation d\u2019entrave \u00e0 la libert\u00e9 de presse envers et\u00a0 contre le journaliste PERO LUWARA (Tribune) - Actualit\u00e9s congolaises et internationales\" \/>\n<meta property=\"og:description\" content=\"Un journaliste en danger en effet, monsieur PERO dont question est un journaliste\u00a0 de formation et professionnel respectant l\u2019\u00e9thique et la d\u00e9ontologie journaliste et est\u00a0 \u00a0en m\u00eame responsable de l\u2019entreprise congolaise des m\u00e9dias non de moindre, d\u00e9nomm\u00e9e CPTV, ayant dans son actif un chaine YouTube\u00a0 avec actuellement plus de 78,200 abonn\u00e9s, \u00a0\u00a0\u00a0une Page Facebook\u00a0 de plus de 23000 followers,\u00a0 un compte Twitter\u00a0\u00a0 de plus 1000 personnes connect\u00e9es. A la tr\u00e8s professionnel et tr\u00e8s dynamique, ledit journaliste aux questions pertinentes\u00a0 face \u00e0 ses invit\u00e9s, et aux analyses politiques personnelles\u00a0 tr\u00e8s fulgurantes,&hellip;\" \/>\n<meta property=\"og:url\" content=\"https:\/\/congovirtuel.com\/information\/rdc-denonciation-dentrave-a-la-liberte-de-presse-envers-et-contre-le-journaliste-pero-luwara-tribune\/\" \/>\n<meta property=\"og:site_name\" content=\"Actualit\u00e9s congolaises et internationales\" \/>\n<meta property=\"article:publisher\" content=\"https:\/\/web.facebook.com\/Congovirtuel-763617960319601\/?ref=aymt_homepage_panel&amp;amp%3bamp%3bamp%3bamp%3bamp%3bamp%3bamp%3bamp%3bamp%3bamp%3bamp%3beid=ARCoxULa66767kIgF_KYav6VdjXTI4yk_LW4yoVO9s6NXpysgb7Cb65vpxcxgqzOAKvIbLQxaAETcqHT\" \/>\n<meta property=\"article:published_time\" content=\"2022-05-08T16:58:18+00:00\" \/>\n<meta property=\"og:image\" content=\"https:\/\/congovirtuel.com\/information\/wp-content\/uploads\/2022\/05\/6CE66CBF-BE3C-4781-A562-8D929FB47795.jpeg\" \/>\n\t<meta property=\"og:image:width\" content=\"768\" \/>\n\t<meta property=\"og:image:height\" content=\"432\" \/>\n\t<meta property=\"og:image:type\" content=\"image\/jpeg\" \/>\n<meta name=\"author\" content=\"infocongovirtuel\" \/>\n<meta name=\"twitter:card\" content=\"summary_large_image\" \/>\n<meta name=\"twitter:creator\" content=\"@congovirtuel\" \/>\n<meta name=\"twitter:site\" content=\"@congovirtuel\" \/>\n<meta name=\"twitter:label1\" content=\"\u00c9crit par\" \/>\n\t<meta name=\"twitter:data1\" content=\"infocongovirtuel\" \/>\n\t<meta name=\"twitter:label2\" content=\"Dur\u00e9e de lecture estim\u00e9e\" \/>\n\t<meta name=\"twitter:data2\" content=\"7 minutes\" \/>\n<script type=\"application\/ld+json\" class=\"yoast-schema-graph\">{\"@context\":\"https:\\\/\\\/schema.org\",\"@graph\":[{\"@type\":\"Article\",\"@id\":\"https:\\\/\\\/congovirtuel.com\\\/information\\\/rdc-denonciation-dentrave-a-la-liberte-de-presse-envers-et-contre-le-journaliste-pero-luwara-tribune\\\/#article\",\"isPartOf\":{\"@id\":\"https:\\\/\\\/congovirtuel.com\\\/information\\\/rdc-denonciation-dentrave-a-la-liberte-de-presse-envers-et-contre-le-journaliste-pero-luwara-tribune\\\/\"},\"author\":{\"name\":\"infocongovirtuel\",\"@id\":\"https:\\\/\\\/congovirtuel.com\\\/information\\\/#\\\/schema\\\/person\\\/739a44bf7990966cb53d58d2fdeca0b6\"},\"headline\":\"RDC: D\u00e9nonciation d\u2019entrave \u00e0 la libert\u00e9 de presse envers et\u00a0 contre le journaliste PERO LUWARA (Tribune)\",\"datePublished\":\"2022-05-08T16:58:18+00:00\",\"mainEntityOfPage\":{\"@id\":\"https:\\\/\\\/congovirtuel.com\\\/information\\\/rdc-denonciation-dentrave-a-la-liberte-de-presse-envers-et-contre-le-journaliste-pero-luwara-tribune\\\/\"},\"wordCount\":1550,\"commentCount\":0,\"publisher\":{\"@id\":\"https:\\\/\\\/congovirtuel.com\\\/information\\\/#organization\"},\"image\":{\"@id\":\"https:\\\/\\\/congovirtuel.com\\\/information\\\/rdc-denonciation-dentrave-a-la-liberte-de-presse-envers-et-contre-le-journaliste-pero-luwara-tribune\\\/#primaryimage\"},\"thumbnailUrl\":\"https:\\\/\\\/congovirtuel.com\\\/information\\\/wp-content\\\/uploads\\\/2022\\\/05\\\/6CE66CBF-BE3C-4781-A562-8D929FB47795.jpeg\",\"articleSection\":[\"M\u00e9dias\"],\"inLanguage\":\"fr-FR\",\"potentialAction\":[{\"@type\":\"CommentAction\",\"name\":\"Comment\",\"target\":[\"https:\\\/\\\/congovirtuel.com\\\/information\\\/rdc-denonciation-dentrave-a-la-liberte-de-presse-envers-et-contre-le-journaliste-pero-luwara-tribune\\\/#respond\"]}]},{\"@type\":\"WebPage\",\"@id\":\"https:\\\/\\\/congovirtuel.com\\\/information\\\/rdc-denonciation-dentrave-a-la-liberte-de-presse-envers-et-contre-le-journaliste-pero-luwara-tribune\\\/\",\"url\":\"https:\\\/\\\/congovirtuel.com\\\/information\\\/rdc-denonciation-dentrave-a-la-liberte-de-presse-envers-et-contre-le-journaliste-pero-luwara-tribune\\\/\",\"name\":\"RDC: D\u00e9nonciation d\u2019entrave \u00e0 la libert\u00e9 de presse envers et\u00a0 contre le journaliste PERO LUWARA (Tribune) - Actualit\u00e9s congolaises et internationales\",\"isPartOf\":{\"@id\":\"https:\\\/\\\/congovirtuel.com\\\/information\\\/#website\"},\"primaryImageOfPage\":{\"@id\":\"https:\\\/\\\/congovirtuel.com\\\/information\\\/rdc-denonciation-dentrave-a-la-liberte-de-presse-envers-et-contre-le-journaliste-pero-luwara-tribune\\\/#primaryimage\"},\"image\":{\"@id\":\"https:\\\/\\\/congovirtuel.com\\\/information\\\/rdc-denonciation-dentrave-a-la-liberte-de-presse-envers-et-contre-le-journaliste-pero-luwara-tribune\\\/#primaryimage\"},\"thumbnailUrl\":\"https:\\\/\\\/congovirtuel.com\\\/information\\\/wp-content\\\/uploads\\\/2022\\\/05\\\/6CE66CBF-BE3C-4781-A562-8D929FB47795.jpeg\",\"datePublished\":\"2022-05-08T16:58:18+00:00\",\"breadcrumb\":{\"@id\":\"https:\\\/\\\/congovirtuel.com\\\/information\\\/rdc-denonciation-dentrave-a-la-liberte-de-presse-envers-et-contre-le-journaliste-pero-luwara-tribune\\\/#breadcrumb\"},\"inLanguage\":\"fr-FR\",\"potentialAction\":[{\"@type\":\"ReadAction\",\"target\":[\"https:\\\/\\\/congovirtuel.com\\\/information\\\/rdc-denonciation-dentrave-a-la-liberte-de-presse-envers-et-contre-le-journaliste-pero-luwara-tribune\\\/\"]}]},{\"@type\":\"ImageObject\",\"inLanguage\":\"fr-FR\",\"@id\":\"https:\\\/\\\/congovirtuel.com\\\/information\\\/rdc-denonciation-dentrave-a-la-liberte-de-presse-envers-et-contre-le-journaliste-pero-luwara-tribune\\\/#primaryimage\",\"url\":\"https:\\\/\\\/congovirtuel.com\\\/information\\\/wp-content\\\/uploads\\\/2022\\\/05\\\/6CE66CBF-BE3C-4781-A562-8D929FB47795.jpeg\",\"contentUrl\":\"https:\\\/\\\/congovirtuel.com\\\/information\\\/wp-content\\\/uploads\\\/2022\\\/05\\\/6CE66CBF-BE3C-4781-A562-8D929FB47795.jpeg\",\"width\":768,\"height\":432},{\"@type\":\"BreadcrumbList\",\"@id\":\"https:\\\/\\\/congovirtuel.com\\\/information\\\/rdc-denonciation-dentrave-a-la-liberte-de-presse-envers-et-contre-le-journaliste-pero-luwara-tribune\\\/#breadcrumb\",\"itemListElement\":[{\"@type\":\"ListItem\",\"position\":1,\"name\":\"Accueil\",\"item\":\"https:\\\/\\\/congovirtuel.com\\\/information\\\/\"},{\"@type\":\"ListItem\",\"position\":2,\"name\":\"RDC: D\u00e9nonciation d\u2019entrave \u00e0 la libert\u00e9 de presse envers et\u00a0 contre le journaliste PERO LUWARA (Tribune)\"}]},{\"@type\":\"WebSite\",\"@id\":\"https:\\\/\\\/congovirtuel.com\\\/information\\\/#website\",\"url\":\"https:\\\/\\\/congovirtuel.com\\\/information\\\/\",\"name\":\"Actualit\u00e9s congolaises et internationales\",\"description\":\"site d&#039;analyse et de traitement d&#039;information\",\"publisher\":{\"@id\":\"https:\\\/\\\/congovirtuel.com\\\/information\\\/#organization\"},\"potentialAction\":[{\"@type\":\"SearchAction\",\"target\":{\"@type\":\"EntryPoint\",\"urlTemplate\":\"https:\\\/\\\/congovirtuel.com\\\/information\\\/?s={search_term_string}\"},\"query-input\":{\"@type\":\"PropertyValueSpecification\",\"valueRequired\":true,\"valueName\":\"search_term_string\"}}],\"inLanguage\":\"fr-FR\"},{\"@type\":\"Organization\",\"@id\":\"https:\\\/\\\/congovirtuel.com\\\/information\\\/#organization\",\"name\":\"Biblioth\u00e8que Virtuelle de la RDC\",\"url\":\"https:\\\/\\\/congovirtuel.com\\\/information\\\/\",\"logo\":{\"@type\":\"ImageObject\",\"inLanguage\":\"fr-FR\",\"@id\":\"https:\\\/\\\/congovirtuel.com\\\/information\\\/#\\\/schema\\\/logo\\\/image\\\/\",\"url\":\"https:\\\/\\\/congovirtuel.com\\\/information\\\/wp-content\\\/uploads\\\/2018\\\/10\\\/header-info-congovirtuel-vraie.jpg\",\"contentUrl\":\"https:\\\/\\\/congovirtuel.com\\\/information\\\/wp-content\\\/uploads\\\/2018\\\/10\\\/header-info-congovirtuel-vraie.jpg\",\"width\":728,\"height\":90,\"caption\":\"Biblioth\u00e8que Virtuelle de la RDC\"},\"image\":{\"@id\":\"https:\\\/\\\/congovirtuel.com\\\/information\\\/#\\\/schema\\\/logo\\\/image\\\/\"},\"sameAs\":[\"https:\\\/\\\/web.facebook.com\\\/Congovirtuel-763617960319601\\\/?ref=aymt_homepage_panel&amp;amp;amp;amp;amp;amp;amp;amp;amp;amp;amp;eid=ARCoxULa66767kIgF_KYav6VdjXTI4yk_LW4yoVO9s6NXpysgb7Cb65vpxcxgqzOAKvIbLQxaAETcqHT\",\"https:\\\/\\\/x.com\\\/congovirtuel\",\"https:\\\/\\\/www.youtube.com\\\/channel\\\/UCkFfprYzGgS3EWNpeMXpToQ?view_as=subscriber\"]},{\"@type\":\"Person\",\"@id\":\"https:\\\/\\\/congovirtuel.com\\\/information\\\/#\\\/schema\\\/person\\\/739a44bf7990966cb53d58d2fdeca0b6\",\"name\":\"infocongovirtuel\",\"image\":{\"@type\":\"ImageObject\",\"inLanguage\":\"fr-FR\",\"@id\":\"https:\\\/\\\/secure.gravatar.com\\\/avatar\\\/4d76991aa72469f0eb22e772586c99113c6997f88da636a9db8f2ce3a2c05e69?s=96&d=mm&r=g\",\"url\":\"https:\\\/\\\/secure.gravatar.com\\\/avatar\\\/4d76991aa72469f0eb22e772586c99113c6997f88da636a9db8f2ce3a2c05e69?s=96&d=mm&r=g\",\"contentUrl\":\"https:\\\/\\\/secure.gravatar.com\\\/avatar\\\/4d76991aa72469f0eb22e772586c99113c6997f88da636a9db8f2ce3a2c05e69?s=96&d=mm&r=g\",\"caption\":\"infocongovirtuel\"},\"url\":\"https:\\\/\\\/congovirtuel.com\\\/information\\\/author\\\/infocongovirtuel\\\/\"}]}<\/script>\n<!-- \/ Yoast SEO plugin. -->","yoast_head_json":{"title":"RDC: D\u00e9nonciation d\u2019entrave \u00e0 la libert\u00e9 de presse envers et\u00a0 contre le journaliste PERO LUWARA (Tribune) - Actualit\u00e9s congolaises et internationales","robots":{"index":"index","follow":"follow","max-snippet":"max-snippet:-1","max-image-preview":"max-image-preview:large","max-video-preview":"max-video-preview:-1"},"canonical":"https:\/\/congovirtuel.com\/information\/rdc-denonciation-dentrave-a-la-liberte-de-presse-envers-et-contre-le-journaliste-pero-luwara-tribune\/","og_locale":"fr_FR","og_type":"article","og_title":"RDC: D\u00e9nonciation d\u2019entrave \u00e0 la libert\u00e9 de presse envers et\u00a0 contre le journaliste PERO LUWARA (Tribune) - Actualit\u00e9s congolaises et internationales","og_description":"Un journaliste en danger en effet, monsieur PERO dont question est un journaliste\u00a0 de formation et professionnel respectant l\u2019\u00e9thique et la d\u00e9ontologie journaliste et est\u00a0 \u00a0en m\u00eame responsable de l\u2019entreprise congolaise des m\u00e9dias non de moindre, d\u00e9nomm\u00e9e CPTV, ayant dans son actif un chaine YouTube\u00a0 avec actuellement plus de 78,200 abonn\u00e9s, \u00a0\u00a0\u00a0une Page Facebook\u00a0 de plus de 23000 followers,\u00a0 un compte Twitter\u00a0\u00a0 de plus 1000 personnes connect\u00e9es. A la tr\u00e8s professionnel et tr\u00e8s dynamique, ledit journaliste aux questions pertinentes\u00a0 face \u00e0 ses invit\u00e9s, et aux analyses politiques personnelles\u00a0 tr\u00e8s fulgurantes,&hellip;","og_url":"https:\/\/congovirtuel.com\/information\/rdc-denonciation-dentrave-a-la-liberte-de-presse-envers-et-contre-le-journaliste-pero-luwara-tribune\/","og_site_name":"Actualit\u00e9s congolaises et internationales","article_publisher":"https:\/\/web.facebook.com\/Congovirtuel-763617960319601\/?ref=aymt_homepage_panel&amp%3bamp%3bamp%3bamp%3bamp%3bamp%3bamp%3bamp%3bamp%3bamp%3bamp%3beid=ARCoxULa66767kIgF_KYav6VdjXTI4yk_LW4yoVO9s6NXpysgb7Cb65vpxcxgqzOAKvIbLQxaAETcqHT","article_published_time":"2022-05-08T16:58:18+00:00","og_image":[{"width":768,"height":432,"url":"https:\/\/congovirtuel.com\/information\/wp-content\/uploads\/2022\/05\/6CE66CBF-BE3C-4781-A562-8D929FB47795.jpeg","type":"image\/jpeg"}],"author":"infocongovirtuel","twitter_card":"summary_large_image","twitter_creator":"@congovirtuel","twitter_site":"@congovirtuel","twitter_misc":{"\u00c9crit par":"infocongovirtuel","Dur\u00e9e de lecture estim\u00e9e":"7 minutes"},"schema":{"@context":"https:\/\/schema.org","@graph":[{"@type":"Article","@id":"https:\/\/congovirtuel.com\/information\/rdc-denonciation-dentrave-a-la-liberte-de-presse-envers-et-contre-le-journaliste-pero-luwara-tribune\/#article","isPartOf":{"@id":"https:\/\/congovirtuel.com\/information\/rdc-denonciation-dentrave-a-la-liberte-de-presse-envers-et-contre-le-journaliste-pero-luwara-tribune\/"},"author":{"name":"infocongovirtuel","@id":"https:\/\/congovirtuel.com\/information\/#\/schema\/person\/739a44bf7990966cb53d58d2fdeca0b6"},"headline":"RDC: D\u00e9nonciation d\u2019entrave \u00e0 la libert\u00e9 de presse envers et\u00a0 contre le journaliste PERO LUWARA (Tribune)","datePublished":"2022-05-08T16:58:18+00:00","mainEntityOfPage":{"@id":"https:\/\/congovirtuel.com\/information\/rdc-denonciation-dentrave-a-la-liberte-de-presse-envers-et-contre-le-journaliste-pero-luwara-tribune\/"},"wordCount":1550,"commentCount":0,"publisher":{"@id":"https:\/\/congovirtuel.com\/information\/#organization"},"image":{"@id":"https:\/\/congovirtuel.com\/information\/rdc-denonciation-dentrave-a-la-liberte-de-presse-envers-et-contre-le-journaliste-pero-luwara-tribune\/#primaryimage"},"thumbnailUrl":"https:\/\/congovirtuel.com\/information\/wp-content\/uploads\/2022\/05\/6CE66CBF-BE3C-4781-A562-8D929FB47795.jpeg","articleSection":["M\u00e9dias"],"inLanguage":"fr-FR","potentialAction":[{"@type":"CommentAction","name":"Comment","target":["https:\/\/congovirtuel.com\/information\/rdc-denonciation-dentrave-a-la-liberte-de-presse-envers-et-contre-le-journaliste-pero-luwara-tribune\/#respond"]}]},{"@type":"WebPage","@id":"https:\/\/congovirtuel.com\/information\/rdc-denonciation-dentrave-a-la-liberte-de-presse-envers-et-contre-le-journaliste-pero-luwara-tribune\/","url":"https:\/\/congovirtuel.com\/information\/rdc-denonciation-dentrave-a-la-liberte-de-presse-envers-et-contre-le-journaliste-pero-luwara-tribune\/","name":"RDC: D\u00e9nonciation d\u2019entrave \u00e0 la libert\u00e9 de presse envers et\u00a0 contre le journaliste PERO LUWARA (Tribune) - Actualit\u00e9s congolaises et internationales","isPartOf":{"@id":"https:\/\/congovirtuel.com\/information\/#website"},"primaryImageOfPage":{"@id":"https:\/\/congovirtuel.com\/information\/rdc-denonciation-dentrave-a-la-liberte-de-presse-envers-et-contre-le-journaliste-pero-luwara-tribune\/#primaryimage"},"image":{"@id":"https:\/\/congovirtuel.com\/information\/rdc-denonciation-dentrave-a-la-liberte-de-presse-envers-et-contre-le-journaliste-pero-luwara-tribune\/#primaryimage"},"thumbnailUrl":"https:\/\/congovirtuel.com\/information\/wp-content\/uploads\/2022\/05\/6CE66CBF-BE3C-4781-A562-8D929FB47795.jpeg","datePublished":"2022-05-08T16:58:18+00:00","breadcrumb":{"@id":"https:\/\/congovirtuel.com\/information\/rdc-denonciation-dentrave-a-la-liberte-de-presse-envers-et-contre-le-journaliste-pero-luwara-tribune\/#breadcrumb"},"inLanguage":"fr-FR","potentialAction":[{"@type":"ReadAction","target":["https:\/\/congovirtuel.com\/information\/rdc-denonciation-dentrave-a-la-liberte-de-presse-envers-et-contre-le-journaliste-pero-luwara-tribune\/"]}]},{"@type":"ImageObject","inLanguage":"fr-FR","@id":"https:\/\/congovirtuel.com\/information\/rdc-denonciation-dentrave-a-la-liberte-de-presse-envers-et-contre-le-journaliste-pero-luwara-tribune\/#primaryimage","url":"https:\/\/congovirtuel.com\/information\/wp-content\/uploads\/2022\/05\/6CE66CBF-BE3C-4781-A562-8D929FB47795.jpeg","contentUrl":"https:\/\/congovirtuel.com\/information\/wp-content\/uploads\/2022\/05\/6CE66CBF-BE3C-4781-A562-8D929FB47795.jpeg","width":768,"height":432},{"@type":"BreadcrumbList","@id":"https:\/\/congovirtuel.com\/information\/rdc-denonciation-dentrave-a-la-liberte-de-presse-envers-et-contre-le-journaliste-pero-luwara-tribune\/#breadcrumb","itemListElement":[{"@type":"ListItem","position":1,"name":"Accueil","item":"https:\/\/congovirtuel.com\/information\/"},{"@type":"ListItem","position":2,"name":"RDC: D\u00e9nonciation d\u2019entrave \u00e0 la libert\u00e9 de presse envers et\u00a0 contre le journaliste PERO LUWARA (Tribune)"}]},{"@type":"WebSite","@id":"https:\/\/congovirtuel.com\/information\/#website","url":"https:\/\/congovirtuel.com\/information\/","name":"Actualit\u00e9s congolaises et internationales","description":"site d&#039;analyse et de traitement d&#039;information","publisher":{"@id":"https:\/\/congovirtuel.com\/information\/#organization"},"potentialAction":[{"@type":"SearchAction","target":{"@type":"EntryPoint","urlTemplate":"https:\/\/congovirtuel.com\/information\/?s={search_term_string}"},"query-input":{"@type":"PropertyValueSpecification","valueRequired":true,"valueName":"search_term_string"}}],"inLanguage":"fr-FR"},{"@type":"Organization","@id":"https:\/\/congovirtuel.com\/information\/#organization","name":"Biblioth\u00e8que Virtuelle de la RDC","url":"https:\/\/congovirtuel.com\/information\/","logo":{"@type":"ImageObject","inLanguage":"fr-FR","@id":"https:\/\/congovirtuel.com\/information\/#\/schema\/logo\/image\/","url":"https:\/\/congovirtuel.com\/information\/wp-content\/uploads\/2018\/10\/header-info-congovirtuel-vraie.jpg","contentUrl":"https:\/\/congovirtuel.com\/information\/wp-content\/uploads\/2018\/10\/header-info-congovirtuel-vraie.jpg","width":728,"height":90,"caption":"Biblioth\u00e8que Virtuelle de la RDC"},"image":{"@id":"https:\/\/congovirtuel.com\/information\/#\/schema\/logo\/image\/"},"sameAs":["https:\/\/web.facebook.com\/Congovirtuel-763617960319601\/?ref=aymt_homepage_panel&amp;amp;amp;amp;amp;amp;amp;amp;amp;amp;amp;eid=ARCoxULa66767kIgF_KYav6VdjXTI4yk_LW4yoVO9s6NXpysgb7Cb65vpxcxgqzOAKvIbLQxaAETcqHT","https:\/\/x.com\/congovirtuel","https:\/\/www.youtube.com\/channel\/UCkFfprYzGgS3EWNpeMXpToQ?view_as=subscriber"]},{"@type":"Person","@id":"https:\/\/congovirtuel.com\/information\/#\/schema\/person\/739a44bf7990966cb53d58d2fdeca0b6","name":"infocongovirtuel","image":{"@type":"ImageObject","inLanguage":"fr-FR","@id":"https:\/\/secure.gravatar.com\/avatar\/4d76991aa72469f0eb22e772586c99113c6997f88da636a9db8f2ce3a2c05e69?s=96&d=mm&r=g","url":"https:\/\/secure.gravatar.com\/avatar\/4d76991aa72469f0eb22e772586c99113c6997f88da636a9db8f2ce3a2c05e69?s=96&d=mm&r=g","contentUrl":"https:\/\/secure.gravatar.com\/avatar\/4d76991aa72469f0eb22e772586c99113c6997f88da636a9db8f2ce3a2c05e69?s=96&d=mm&r=g","caption":"infocongovirtuel"},"url":"https:\/\/congovirtuel.com\/information\/author\/infocongovirtuel\/"}]}},"gt_translate_keys":[{"key":"link","format":"url"}],"_links":{"self":[{"href":"https:\/\/congovirtuel.com\/information\/wp-json\/wp\/v2\/posts\/18921","targetHints":{"allow":["GET"]}}],"collection":[{"href":"https:\/\/congovirtuel.com\/information\/wp-json\/wp\/v2\/posts"}],"about":[{"href":"https:\/\/congovirtuel.com\/information\/wp-json\/wp\/v2\/types\/post"}],"author":[{"embeddable":true,"href":"https:\/\/congovirtuel.com\/information\/wp-json\/wp\/v2\/users\/1"}],"replies":[{"embeddable":true,"href":"https:\/\/congovirtuel.com\/information\/wp-json\/wp\/v2\/comments?post=18921"}],"version-history":[{"count":1,"href":"https:\/\/congovirtuel.com\/information\/wp-json\/wp\/v2\/posts\/18921\/revisions"}],"predecessor-version":[{"id":18922,"href":"https:\/\/congovirtuel.com\/information\/wp-json\/wp\/v2\/posts\/18921\/revisions\/18922"}],"wp:featuredmedia":[{"embeddable":true,"href":"https:\/\/congovirtuel.com\/information\/wp-json\/wp\/v2\/media\/18888"}],"wp:attachment":[{"href":"https:\/\/congovirtuel.com\/information\/wp-json\/wp\/v2\/media?parent=18921"}],"wp:term":[{"taxonomy":"category","embeddable":true,"href":"https:\/\/congovirtuel.com\/information\/wp-json\/wp\/v2\/categories?post=18921"},{"taxonomy":"post_tag","embeddable":true,"href":"https:\/\/congovirtuel.com\/information\/wp-json\/wp\/v2\/tags?post=18921"}],"curies":[{"name":"wp","href":"https:\/\/api.w.org\/{rel}","templated":true}]}}