{"id":1893,"date":"2020-06-13T16:07:57","date_gmt":"2020-06-13T15:07:57","guid":{"rendered":"https:\/\/congovirtuel.com\/information\/?p=1893"},"modified":"2020-06-13T16:08:06","modified_gmt":"2020-06-13T15:08:06","slug":"rdc-fcc-cach-a-qui-profite-le-temps","status":"publish","type":"post","link":"https:\/\/congovirtuel.com\/information\/rdc-fcc-cach-a-qui-profite-le-temps\/","title":{"rendered":"RDC: FCC-CACH, \u00e0 qui profite le temps ?","gt_translate_keys":[{"key":"rendered","format":"text"}]},"content":{"rendered":"\n<p class=\"wp-block-paragraph\">Le temps est \u00ab\u00a0 <strong><em>le principium rationis<\/em><\/strong>\u00a0\u00bb de la chose politique<a href=\"#_ftn1\">[1]<\/a> \u00e9tant entendu\u00a0 que <strong><em>la politique comme sph\u00e8re d\u2019actions s\u2019inscrit dans un horizon de temporalit\u00e9<\/em><\/strong> qui est pour le cas d\u2019esp\u00e8ce celui d\u2019un mandat constitutionnel de cinq ans.<\/p>\n\n\n\n<p class=\"wp-block-paragraph\">Tenant compte de la contrainte de la temporalit\u00e9 de l\u2019action politique, toute r\u00e9flexion strat\u00e9gique sur l\u2019action politique devrait inexorablement se tourner vers une r\u00e9flexion sur le temps, quoique tr\u00e8s peu des politologues se soient tent\u00e9s &nbsp;d\u2019investiguer sur ce champ exploratoire.<\/p>\n\n\n\n<p class=\"wp-block-paragraph\">D\u00e8s lors, la politique se d\u00e9clinant <strong><em>comme l\u2019art d\u2019user du temps, de se projeter dans le temps, d\u2019agir en contre-temps<\/em><\/strong>, la coalition FCC-CACH ne saurait \u00e9chapper \u00e0 cette in\u00e9vitable r\u00e9alit\u00e9.<\/p>\n\n\n\n<p class=\"wp-block-paragraph\">Attelage circonstanciel et contre-nature, la Coalition FCC-CACH continue son bonhomme de chemin&nbsp; rythm\u00e9 d\u2019agitations, de r\u00e9cusations mutuelles et de \u00ab&nbsp;rembrassades&nbsp;\u00bb.&nbsp; A quelques trois ann\u00e9es des \u00e9lections pr\u00e9sidentielles de 2023 qui pointent \u00e0 grand pas \u00e0 l\u2019horizon, il est opportun de s\u2019interroger&nbsp; \u00e0 juste titre \u00e0 qui profite le temps politique dans cette coalition&nbsp;? Et partageant les points de vue de Daniel itineraty&nbsp; qui affirme que celui&nbsp; qui contr\u00f4le le temps a un pouvoir<a href=\"#_ftn2\">[2]<\/a>&nbsp;, il y a lieu de questionner les strat\u00e9gies temporelles de chaque acteur et de d\u00e9crypter &nbsp;comment chacune des parties&nbsp; entend imposer son agenda.<\/p>\n\n\n\n<h2 class=\"wp-block-heading\"><strong>CACH, La conqu\u00eate permanente&nbsp;?<\/strong><\/h2>\n\n\n\n<p class=\"wp-block-paragraph\">Le temps politique se vit dans \u00ab&nbsp;la pr\u00e9paration du spasme pr\u00e9sidentiel&nbsp;<a href=\"#_ftn3\">[3]<\/a>\u00bb autour duquel se contracte la politique contemporaine. Echelonn\u00e9 autour des sc\u00e8nes temporelles successives (temps des pr\u00e9tendants, temps des primaires, temps de la campagne, temps de la victoire, temps de cents jours, temps de la gestion, temps du bilan, temps de la r\u00e9\u00e9lection), le temps politique en r\u00e9publique D\u00e9mocratique du Congo semble plut\u00f4t \u00e9pouser le contour d\u2019une&nbsp; \u00ab&nbsp;<strong><em>Collusion temporelle<\/em><\/strong>&nbsp;\u00bb. Et ceci semble davantage s\u2019affirmer dans les strat\u00e9gies temporelles du CACH.<\/p>\n\n\n\n<p class=\"wp-block-paragraph\">En effet, le ticket CACH ayant emport\u00e9 l\u2019actuel Pr\u00e9sident de la R\u00e9publique F\u00e9lix Antoine TSHISEKEDI TSHILOMBO \u00e0 la magistrature supr\u00eame, la contrainte d\u2019une majorit\u00e9 oppos\u00e9e, le choix d\u2019une cohabitation douloureuse et chahut\u00e9e semblent avoir d\u00e9termin\u00e9e celle-ci \u00e0 la \u00ab&nbsp;reconqu\u00eate strat\u00e9gique des alliances&nbsp;\u00bb.<\/p>\n\n\n\n<p class=\"wp-block-paragraph\">Face \u00e0 une mouvance pr\u00e9sidentielle va-t\u2019en guerre et en conqu\u00eate permanente, le jeu politique demeure fig\u00e9 \u00ab&nbsp;aux jeux de conqu\u00eates&nbsp; et de repositionnement strat\u00e9gique&nbsp;\u00bb, plus d\u2019une ann\u00e9e apr\u00e8s la fin des \u00e9lections.<\/p>\n\n\n\n<p class=\"wp-block-paragraph\">Dans l\u2019hypoth\u00e8se o\u00f9 la strat\u00e9gie actuelle du CACH se focaliserait sur les possibilit\u00e9s du \u00ab&nbsp;d\u00e9-corsage&nbsp;\u00bb de l\u2019alternance relative<a href=\"#_ftn4\">[4]<\/a> impos\u00e9e par les \u00e9lections de 2018 au profit d\u2019une alternance m\u00e9diatis\u00e9e<a href=\"#_ftn5\">[5]<\/a>, la question pertinente est de savoir dans quelle strat\u00e9gie temporelle celle-ci s\u2019inscrit-elle. S\u2019agit-t-il de l\u2019horizon d\u2019une session&nbsp;? D\u2019une ann\u00e9e&nbsp;? De deux&nbsp;? A d\u00e9faut de s\u2019inscrire dans&nbsp; une strat\u00e9gie temporelle bien d\u00e9finie, le CACH ne s\u2019expose-t-il&nbsp; pas dans un agenda politique p\u00e9rilleux \u00e0 m\u00eame &nbsp;de l\u2019entrainer tout au long du&nbsp; mandat&nbsp; dans des \u00ab&nbsp; guerres des tranch\u00e9es&nbsp;\u00bb&nbsp;? D\u00e8s lors quel r\u00e9sultat attendre d\u2019une strat\u00e9gie qui n\u2019int\u00e8gre nullement le moment essentiel du jeu politique contemporain, \u00e0 savoir l\u2019\u00e9lection pr\u00e9sidentielle ainsi que son obligation de r\u00e9devabilit\u00e9 (accountability)&nbsp;?quelle alternative alors&nbsp;? Maintenir un \u00ab&nbsp;attelage brinquebalant&nbsp;\u00bb&nbsp;? Le CACH accepterait \u2013elle d\u2019abandonner sa pr\u00e9tention \u00e0 l\u2019\u00e9mancipation sur le sacro-saint autel de la cohabitation pacifique et de la stabilit\u00e9 institutionnelle et politique&nbsp;? Rien n\u2019est moins s\u00fbr. Le froid r\u00e9alisme politique de la mod\u00e9ration ne saurait faire m\u00e9nage commune avec \u00ab&nbsp;une base politique&nbsp;\u00bb longuement nourrie aux mamelles du radicalisme et du manich\u00e9isme o\u00f9 toute mod\u00e9ration est ais\u00e9ment assimilable \u00e0 la compromission.<\/p>\n\n\n\n<h2 class=\"wp-block-heading\"><strong>FCC, la strat\u00e9gie de l\u2019usure du temps<\/strong><\/h2>\n\n\n\n<p class=\"wp-block-paragraph\">Grand perdant des pr\u00e9sidentielles de 2018, apr\u00e8s dix huit longues ann\u00e9es \u00e0 la t\u00eate de la R\u00e9publique, le Front commun pour le Congo, FCC, plateforme politique de l\u2019homme de Kingakati, joseph Kabila Kabange, &nbsp;pr\u00e9sident sortant dont les verrous constitutionnels interdisait un mandat successif de plus,&nbsp; a su tirer son \u00e9pingle du jeu en conservant la majorit\u00e9 parlementaire et le contr\u00f4le de 24 provinces sur les 26. Cette victoire aux l\u00e9gislatives aura le m\u00e9rite d\u2019emp\u00eacher le pays&nbsp; de basculer vers une alternance absolue<a href=\"#_ftn6\">[6]<\/a> , scenarii moins dramatiques et bien plus favorables que toutes les futuribles et pr\u00e9dictions \u00e9labor\u00e9es alors par les analystes.<\/p>\n\n\n\n<p class=\"wp-block-paragraph\">Comment d\u00e8s lors d\u00e9crypter la strat\u00e9gie temporelle du FCC, confort\u00e9e par cette majorit\u00e9 qui lui accorde une main mise suffisante dans la marche de l\u2019Etat&nbsp;?les \u00e9quilibres actuels lui \u00e9tant favorables, il est de bonne guerre pour le FCC de maintenir le rapport des forces actuels sinon de le renforcer. En cons\u00e9quence, &nbsp;&nbsp;les deux acteurs se retrouvent enferm\u00e9s dans un <strong>duel clausewitzien <\/strong>o\u00f9 chaque partie&nbsp; tendant davantage \u00e0 d\u00e9passer l\u2019autre aboutit \u00e0 \u00ab&nbsp;la mont\u00e9e aux&nbsp; extr\u00eames&nbsp;\u00bb jusqu\u2019\u00e0 l\u2019an\u00e9antissement total de l\u2019un. Ce jeu de somme nulle o\u00f9 les gains &nbsp;de l\u2019un sont les pertes de l\u2019autre entretient&nbsp; une conflictualit\u00e9 permanente, une sorte de&nbsp; guerre de tranch\u00e9e qui scl\u00e9rose le jeu et l\u2019action politique et rel\u00e8gue en arri\u00e8re plan des questions de gouvernance et de d\u00e9veloppement.<\/p>\n\n\n\n<p class=\"wp-block-paragraph\">A ce qui peut paraitre&nbsp; comme une strat\u00e9gie d\u2019an\u00e9antissement (bataille)&nbsp; du CACH, le FCC r\u00e9pond par une strat\u00e9gie d\u2019usure (bataille et mouvement). La strat\u00e9gie bipolaire&nbsp; ch\u00e8re \u00e0 Hans Delbr\u00fcck a pour objectif d\u2019affaiblir progressivement l\u2019adversaire, \u00e0 le pousser \u00e0 bout afin de le placer dans une position d\u2019inf\u00e9riorit\u00e9 lorsqu\u2019il va n\u00e9gocier<a href=\"#_ftn7\">[7]<\/a>.<\/p>\n\n\n\n<h2 class=\"wp-block-heading\"><strong>A qui profite le temps&nbsp;?<\/strong><\/h2>\n\n\n\n<p class=\"wp-block-paragraph\">Emp\u00eatr\u00e9s dans des logiques distinctes et contradictoires, les deux acteurs s\u2019enferment dans \u00ab&nbsp;un pr\u00e9sentisme&nbsp;\u00bb qui &nbsp;se pr\u00e9occupe davantage de&nbsp; l\u2019espace ou de la territorialit\u00e9 du conflit (ex\u00e9cutif-parlement-judiciaire) que sur sa temporalit\u00e9. Et pourtant, le temps, comme le dit pierre Lenain, est un fait politique massif, incontournable et qu\u2019on ne peut parler de l\u2019action politique en ignorant le temps<a href=\"#_ftn8\">[8]<\/a>&nbsp;!&nbsp; On peut en d\u00e9duire que le temps dans son \u00e9volution actuelle n\u2019est nullement profitable \u00e0 ces deux logiques d\u2019action ainsi qu\u2019\u00e0 ces acteurs. &nbsp;Il devient indispensable &nbsp;d\u00e8s lors pour les acteurs de <strong><em>r\u00e9inventer une chronopolitique qui int\u00e8gre les attentes du peuple, d\u00e9sabus\u00e9 et lass\u00e9 par ces guerres lointaines qui ne rencontrent nullement ces attentes pourtant si simple&nbsp;: vivre. Vivre en paix. Et vivre heureux.<\/em><\/strong><\/p>\n\n\n\n<p class=\"wp-block-paragraph\">Fait \u00e0 Kinshasa, le 12 juin 2020.<\/p>\n\n\n\n<p class=\"wp-block-paragraph\"><strong>Christian NDOMBO MOLEKA<\/strong><\/p>\n\n\n\n<p class=\"wp-block-paragraph\">&nbsp;&nbsp;&nbsp;&nbsp;&nbsp;&nbsp; <em>Politologue prospectiviste et coordonnateur National de la DYPOL<\/em><\/p>\n\n\n\n<p class=\"wp-block-paragraph\"><em>La Dynamique des politologues de la RD Congo.<\/em><\/p>\n\n\n\n<hr class=\"wp-block-separator\"\/>\n\n\n\n<p class=\"wp-block-paragraph\"><a href=\"#_ftnref1\">[1]<\/a> Pierre Lenain, le Temps Politique, \u00e9conomica, paris,<\/p>\n\n\n\n<p class=\"wp-block-paragraph\"><a href=\"#_ftnref2\">[2]<\/a> Daniel itineraty, le futur et ses ennemis, de la confiscation de l\u2019avenir \u00e0 l\u2019esp\u00e9rance politique, climats, paris ,2008.<\/p>\n\n\n\n<p class=\"wp-block-paragraph\"><a href=\"#_ftnref3\">[3]<\/a> Emmanuel Macron, les labyrinthes du politique, que peut-on attendre pour 2012 et apr\u00e8s&nbsp;?<\/p>\n\n\n\n<p class=\"wp-block-paragraph\"><a href=\"#_ftnref4\">[4]<\/a> On parle d\u2019alternance relative lorsque le transfert du pouvoir politique entre la majorit\u00e9 et l\u2019opposition ne conf\u00e8re qu\u2019\u00e0 celle-ci la maitrise de l\u2019ex\u00e9cutif&nbsp; ou de la seule majorit\u00e9 parlementaire.<\/p>\n\n\n\n<p class=\"wp-block-paragraph\"><a href=\"#_ftnref5\">[5]<\/a> On parle d\u2019alternance m\u00e9diatis\u00e9e quand le transfert du pouvoir n\u2019est pas la cons\u00e9quence n\u00e9cessaire et imm\u00e9diate d\u2019une \u00e9lection l\u00e9gislative, mais celle-ci est provoqu\u00e9e par un changement, mieux, un renversement d\u2019alliances entre les partis politiques repr\u00e9sent\u00e9s au parlement.<\/p>\n\n\n\n<p class=\"wp-block-paragraph\"><a href=\"#_ftnref6\">[6]<\/a> On parle d\u2019alternance absolue&nbsp; quand le transfert du pouvoir de la majorit\u00e9 \u00e0 l\u2019opposition se fait \u00e0 l\u2019ex\u00e9cutif et \u00e0 l\u2019assembl\u00e9e issue du suffrage universel (majorit\u00e9 pr\u00e9sidentielle et parlementaire).<\/p>\n\n\n\n<p class=\"wp-block-paragraph\"><a href=\"#_ftnref7\">[7]<\/a> Hans Delbruck, history of the art of war within the framework of political history, greenwood press, 1975-1985 tir\u00e9 sur www.leconflit,com\/2018\/03\/hans-delbruck.<\/p>\n\n\n\n<p class=\"wp-block-paragraph\"><a href=\"#_ftnref8\">[8]<\/a> Pierre Lenain, le Temps politique, \u00e9conomica, paris.<\/p>\n","protected":false,"gt_translate_keys":[{"key":"rendered","format":"html"}]},"excerpt":{"rendered":"<p>Le temps est \u00ab\u00a0 le principium rationis\u00a0\u00bb de la chose politique[1] \u00e9tant entendu\u00a0 que la politique comme sph\u00e8re d\u2019actions s\u2019inscrit dans un horizon de temporalit\u00e9 qui est pour le cas d\u2019esp\u00e8ce celui d\u2019un mandat constitutionnel de cinq ans. Tenant compte de la contrainte de la temporalit\u00e9 de l\u2019action politique, toute r\u00e9flexion strat\u00e9gique sur l\u2019action politique devrait inexorablement se tourner vers une r\u00e9flexion sur le temps, quoique tr\u00e8s peu des politologues se soient tent\u00e9s &nbsp;d\u2019investiguer sur ce champ exploratoire. D\u00e8s lors, la politique se d\u00e9clinant comme l\u2019art d\u2019user du temps, de&hellip;<\/p>\n","protected":false,"gt_translate_keys":[{"key":"rendered","format":"html"}]},"author":1,"featured_media":1894,"comment_status":"open","ping_status":"open","sticky":false,"template":"","format":"standard","meta":{"_crdt_document":"","footnotes":""},"categories":[639],"tags":[258,259,261,260],"class_list":["post-1893","post","type-post","status-publish","format-standard","has-post-thumbnail","hentry","category-tribune","tag-christian-ndombo","tag-dypol","tag-ndombo-moleka","tag-politologue-congolais"],"gutentor_comment":0,"yoast_head":"<!-- This site is optimized with the Yoast SEO plugin v27.5 - https:\/\/yoast.com\/product\/yoast-seo-wordpress\/ -->\n<title>RDC: FCC-CACH, \u00e0 qui profite le temps ? - Actualit\u00e9s congolaises et internationales<\/title>\n<meta name=\"robots\" content=\"index, follow, max-snippet:-1, max-image-preview:large, max-video-preview:-1\" \/>\n<link rel=\"canonical\" href=\"https:\/\/congovirtuel.com\/information\/rdc-fcc-cach-a-qui-profite-le-temps\/\" \/>\n<meta property=\"og:locale\" content=\"fr_FR\" \/>\n<meta property=\"og:type\" content=\"article\" \/>\n<meta property=\"og:title\" content=\"RDC: FCC-CACH, \u00e0 qui profite le temps ? - Actualit\u00e9s congolaises et internationales\" \/>\n<meta property=\"og:description\" content=\"Le temps est \u00ab\u00a0 le principium rationis\u00a0\u00bb de la chose politique[1] \u00e9tant entendu\u00a0 que la politique comme sph\u00e8re d\u2019actions s\u2019inscrit dans un horizon de temporalit\u00e9 qui est pour le cas d\u2019esp\u00e8ce celui d\u2019un mandat constitutionnel de cinq ans. Tenant compte de la contrainte de la temporalit\u00e9 de l\u2019action politique, toute r\u00e9flexion strat\u00e9gique sur l\u2019action politique devrait inexorablement se tourner vers une r\u00e9flexion sur le temps, quoique tr\u00e8s peu des politologues se soient tent\u00e9s &nbsp;d\u2019investiguer sur ce champ exploratoire. D\u00e8s lors, la politique se d\u00e9clinant comme l\u2019art d\u2019user du temps, de&hellip;\" \/>\n<meta property=\"og:url\" content=\"https:\/\/congovirtuel.com\/information\/rdc-fcc-cach-a-qui-profite-le-temps\/\" \/>\n<meta property=\"og:site_name\" content=\"Actualit\u00e9s congolaises et internationales\" \/>\n<meta property=\"article:publisher\" content=\"https:\/\/web.facebook.com\/Congovirtuel-763617960319601\/?ref=aymt_homepage_panel&amp;amp%3bamp%3bamp%3bamp%3bamp%3bamp%3bamp%3bamp%3bamp%3bamp%3bamp%3beid=ARCoxULa66767kIgF_KYav6VdjXTI4yk_LW4yoVO9s6NXpysgb7Cb65vpxcxgqzOAKvIbLQxaAETcqHT\" \/>\n<meta property=\"article:published_time\" content=\"2020-06-13T15:07:57+00:00\" \/>\n<meta property=\"article:modified_time\" content=\"2020-06-13T15:08:06+00:00\" \/>\n<meta property=\"og:image\" content=\"https:\/\/congovirtuel.com\/information\/wp-content\/uploads\/2020\/06\/christian_ndombo_cepas.jpg\" \/>\n\t<meta property=\"og:image:width\" content=\"512\" \/>\n\t<meta property=\"og:image:height\" content=\"512\" \/>\n\t<meta property=\"og:image:type\" content=\"image\/jpeg\" \/>\n<meta name=\"author\" content=\"infocongovirtuel\" \/>\n<meta name=\"twitter:card\" content=\"summary_large_image\" \/>\n<meta name=\"twitter:creator\" content=\"@congovirtuel\" \/>\n<meta name=\"twitter:site\" content=\"@congovirtuel\" \/>\n<meta name=\"twitter:label1\" content=\"\u00c9crit par\" \/>\n\t<meta name=\"twitter:data1\" content=\"infocongovirtuel\" \/>\n\t<meta name=\"twitter:label2\" content=\"Dur\u00e9e de lecture estim\u00e9e\" \/>\n\t<meta name=\"twitter:data2\" content=\"7 minutes\" \/>\n<script type=\"application\/ld+json\" class=\"yoast-schema-graph\">{\"@context\":\"https:\\\/\\\/schema.org\",\"@graph\":[{\"@type\":\"Article\",\"@id\":\"https:\\\/\\\/congovirtuel.com\\\/information\\\/rdc-fcc-cach-a-qui-profite-le-temps\\\/#article\",\"isPartOf\":{\"@id\":\"https:\\\/\\\/congovirtuel.com\\\/information\\\/rdc-fcc-cach-a-qui-profite-le-temps\\\/\"},\"author\":{\"name\":\"infocongovirtuel\",\"@id\":\"https:\\\/\\\/congovirtuel.com\\\/information\\\/#\\\/schema\\\/person\\\/739a44bf7990966cb53d58d2fdeca0b6\"},\"headline\":\"RDC: FCC-CACH, \u00e0 qui profite le temps ?\",\"datePublished\":\"2020-06-13T15:07:57+00:00\",\"dateModified\":\"2020-06-13T15:08:06+00:00\",\"mainEntityOfPage\":{\"@id\":\"https:\\\/\\\/congovirtuel.com\\\/information\\\/rdc-fcc-cach-a-qui-profite-le-temps\\\/\"},\"wordCount\":1400,\"commentCount\":0,\"publisher\":{\"@id\":\"https:\\\/\\\/congovirtuel.com\\\/information\\\/#organization\"},\"image\":{\"@id\":\"https:\\\/\\\/congovirtuel.com\\\/information\\\/rdc-fcc-cach-a-qui-profite-le-temps\\\/#primaryimage\"},\"thumbnailUrl\":\"https:\\\/\\\/congovirtuel.com\\\/information\\\/wp-content\\\/uploads\\\/2020\\\/06\\\/christian_ndombo_cepas.jpg\",\"keywords\":[\"Christian Ndombo\",\"DYPOL\",\"ndombo moleka\",\"politologue congolais\"],\"articleSection\":[\"Tribune\"],\"inLanguage\":\"fr-FR\",\"potentialAction\":[{\"@type\":\"CommentAction\",\"name\":\"Comment\",\"target\":[\"https:\\\/\\\/congovirtuel.com\\\/information\\\/rdc-fcc-cach-a-qui-profite-le-temps\\\/#respond\"]}]},{\"@type\":\"WebPage\",\"@id\":\"https:\\\/\\\/congovirtuel.com\\\/information\\\/rdc-fcc-cach-a-qui-profite-le-temps\\\/\",\"url\":\"https:\\\/\\\/congovirtuel.com\\\/information\\\/rdc-fcc-cach-a-qui-profite-le-temps\\\/\",\"name\":\"RDC: FCC-CACH, \u00e0 qui profite le temps ? - Actualit\u00e9s congolaises et internationales\",\"isPartOf\":{\"@id\":\"https:\\\/\\\/congovirtuel.com\\\/information\\\/#website\"},\"primaryImageOfPage\":{\"@id\":\"https:\\\/\\\/congovirtuel.com\\\/information\\\/rdc-fcc-cach-a-qui-profite-le-temps\\\/#primaryimage\"},\"image\":{\"@id\":\"https:\\\/\\\/congovirtuel.com\\\/information\\\/rdc-fcc-cach-a-qui-profite-le-temps\\\/#primaryimage\"},\"thumbnailUrl\":\"https:\\\/\\\/congovirtuel.com\\\/information\\\/wp-content\\\/uploads\\\/2020\\\/06\\\/christian_ndombo_cepas.jpg\",\"datePublished\":\"2020-06-13T15:07:57+00:00\",\"dateModified\":\"2020-06-13T15:08:06+00:00\",\"breadcrumb\":{\"@id\":\"https:\\\/\\\/congovirtuel.com\\\/information\\\/rdc-fcc-cach-a-qui-profite-le-temps\\\/#breadcrumb\"},\"inLanguage\":\"fr-FR\",\"potentialAction\":[{\"@type\":\"ReadAction\",\"target\":[\"https:\\\/\\\/congovirtuel.com\\\/information\\\/rdc-fcc-cach-a-qui-profite-le-temps\\\/\"]}]},{\"@type\":\"ImageObject\",\"inLanguage\":\"fr-FR\",\"@id\":\"https:\\\/\\\/congovirtuel.com\\\/information\\\/rdc-fcc-cach-a-qui-profite-le-temps\\\/#primaryimage\",\"url\":\"https:\\\/\\\/congovirtuel.com\\\/information\\\/wp-content\\\/uploads\\\/2020\\\/06\\\/christian_ndombo_cepas.jpg\",\"contentUrl\":\"https:\\\/\\\/congovirtuel.com\\\/information\\\/wp-content\\\/uploads\\\/2020\\\/06\\\/christian_ndombo_cepas.jpg\",\"width\":512,\"height\":512,\"caption\":\"Christian Ndombo\"},{\"@type\":\"BreadcrumbList\",\"@id\":\"https:\\\/\\\/congovirtuel.com\\\/information\\\/rdc-fcc-cach-a-qui-profite-le-temps\\\/#breadcrumb\",\"itemListElement\":[{\"@type\":\"ListItem\",\"position\":1,\"name\":\"Accueil\",\"item\":\"https:\\\/\\\/congovirtuel.com\\\/information\\\/\"},{\"@type\":\"ListItem\",\"position\":2,\"name\":\"RDC: FCC-CACH, \u00e0 qui profite le temps ?\"}]},{\"@type\":\"WebSite\",\"@id\":\"https:\\\/\\\/congovirtuel.com\\\/information\\\/#website\",\"url\":\"https:\\\/\\\/congovirtuel.com\\\/information\\\/\",\"name\":\"Actualit\u00e9s congolaises et internationales\",\"description\":\"site d&#039;analyse et de traitement d&#039;information\",\"publisher\":{\"@id\":\"https:\\\/\\\/congovirtuel.com\\\/information\\\/#organization\"},\"potentialAction\":[{\"@type\":\"SearchAction\",\"target\":{\"@type\":\"EntryPoint\",\"urlTemplate\":\"https:\\\/\\\/congovirtuel.com\\\/information\\\/?s={search_term_string}\"},\"query-input\":{\"@type\":\"PropertyValueSpecification\",\"valueRequired\":true,\"valueName\":\"search_term_string\"}}],\"inLanguage\":\"fr-FR\"},{\"@type\":\"Organization\",\"@id\":\"https:\\\/\\\/congovirtuel.com\\\/information\\\/#organization\",\"name\":\"Biblioth\u00e8que Virtuelle de la RDC\",\"url\":\"https:\\\/\\\/congovirtuel.com\\\/information\\\/\",\"logo\":{\"@type\":\"ImageObject\",\"inLanguage\":\"fr-FR\",\"@id\":\"https:\\\/\\\/congovirtuel.com\\\/information\\\/#\\\/schema\\\/logo\\\/image\\\/\",\"url\":\"https:\\\/\\\/congovirtuel.com\\\/information\\\/wp-content\\\/uploads\\\/2018\\\/10\\\/header-info-congovirtuel-vraie.jpg\",\"contentUrl\":\"https:\\\/\\\/congovirtuel.com\\\/information\\\/wp-content\\\/uploads\\\/2018\\\/10\\\/header-info-congovirtuel-vraie.jpg\",\"width\":728,\"height\":90,\"caption\":\"Biblioth\u00e8que Virtuelle de la RDC\"},\"image\":{\"@id\":\"https:\\\/\\\/congovirtuel.com\\\/information\\\/#\\\/schema\\\/logo\\\/image\\\/\"},\"sameAs\":[\"https:\\\/\\\/web.facebook.com\\\/Congovirtuel-763617960319601\\\/?ref=aymt_homepage_panel&amp;amp;amp;amp;amp;amp;amp;amp;amp;amp;amp;eid=ARCoxULa66767kIgF_KYav6VdjXTI4yk_LW4yoVO9s6NXpysgb7Cb65vpxcxgqzOAKvIbLQxaAETcqHT\",\"https:\\\/\\\/x.com\\\/congovirtuel\",\"https:\\\/\\\/www.youtube.com\\\/channel\\\/UCkFfprYzGgS3EWNpeMXpToQ?view_as=subscriber\"]},{\"@type\":\"Person\",\"@id\":\"https:\\\/\\\/congovirtuel.com\\\/information\\\/#\\\/schema\\\/person\\\/739a44bf7990966cb53d58d2fdeca0b6\",\"name\":\"infocongovirtuel\",\"image\":{\"@type\":\"ImageObject\",\"inLanguage\":\"fr-FR\",\"@id\":\"https:\\\/\\\/secure.gravatar.com\\\/avatar\\\/4d76991aa72469f0eb22e772586c99113c6997f88da636a9db8f2ce3a2c05e69?s=96&d=mm&r=g\",\"url\":\"https:\\\/\\\/secure.gravatar.com\\\/avatar\\\/4d76991aa72469f0eb22e772586c99113c6997f88da636a9db8f2ce3a2c05e69?s=96&d=mm&r=g\",\"contentUrl\":\"https:\\\/\\\/secure.gravatar.com\\\/avatar\\\/4d76991aa72469f0eb22e772586c99113c6997f88da636a9db8f2ce3a2c05e69?s=96&d=mm&r=g\",\"caption\":\"infocongovirtuel\"},\"url\":\"https:\\\/\\\/congovirtuel.com\\\/information\\\/author\\\/infocongovirtuel\\\/\"}]}<\/script>\n<!-- \/ Yoast SEO plugin. -->","yoast_head_json":{"title":"RDC: FCC-CACH, \u00e0 qui profite le temps ? - Actualit\u00e9s congolaises et internationales","robots":{"index":"index","follow":"follow","max-snippet":"max-snippet:-1","max-image-preview":"max-image-preview:large","max-video-preview":"max-video-preview:-1"},"canonical":"https:\/\/congovirtuel.com\/information\/rdc-fcc-cach-a-qui-profite-le-temps\/","og_locale":"fr_FR","og_type":"article","og_title":"RDC: FCC-CACH, \u00e0 qui profite le temps ? - Actualit\u00e9s congolaises et internationales","og_description":"Le temps est \u00ab\u00a0 le principium rationis\u00a0\u00bb de la chose politique[1] \u00e9tant entendu\u00a0 que la politique comme sph\u00e8re d\u2019actions s\u2019inscrit dans un horizon de temporalit\u00e9 qui est pour le cas d\u2019esp\u00e8ce celui d\u2019un mandat constitutionnel de cinq ans. Tenant compte de la contrainte de la temporalit\u00e9 de l\u2019action politique, toute r\u00e9flexion strat\u00e9gique sur l\u2019action politique devrait inexorablement se tourner vers une r\u00e9flexion sur le temps, quoique tr\u00e8s peu des politologues se soient tent\u00e9s &nbsp;d\u2019investiguer sur ce champ exploratoire. D\u00e8s lors, la politique se d\u00e9clinant comme l\u2019art d\u2019user du temps, de&hellip;","og_url":"https:\/\/congovirtuel.com\/information\/rdc-fcc-cach-a-qui-profite-le-temps\/","og_site_name":"Actualit\u00e9s congolaises et internationales","article_publisher":"https:\/\/web.facebook.com\/Congovirtuel-763617960319601\/?ref=aymt_homepage_panel&amp%3bamp%3bamp%3bamp%3bamp%3bamp%3bamp%3bamp%3bamp%3bamp%3bamp%3beid=ARCoxULa66767kIgF_KYav6VdjXTI4yk_LW4yoVO9s6NXpysgb7Cb65vpxcxgqzOAKvIbLQxaAETcqHT","article_published_time":"2020-06-13T15:07:57+00:00","article_modified_time":"2020-06-13T15:08:06+00:00","og_image":[{"width":512,"height":512,"url":"https:\/\/congovirtuel.com\/information\/wp-content\/uploads\/2020\/06\/christian_ndombo_cepas.jpg","type":"image\/jpeg"}],"author":"infocongovirtuel","twitter_card":"summary_large_image","twitter_creator":"@congovirtuel","twitter_site":"@congovirtuel","twitter_misc":{"\u00c9crit par":"infocongovirtuel","Dur\u00e9e de lecture estim\u00e9e":"7 minutes"},"schema":{"@context":"https:\/\/schema.org","@graph":[{"@type":"Article","@id":"https:\/\/congovirtuel.com\/information\/rdc-fcc-cach-a-qui-profite-le-temps\/#article","isPartOf":{"@id":"https:\/\/congovirtuel.com\/information\/rdc-fcc-cach-a-qui-profite-le-temps\/"},"author":{"name":"infocongovirtuel","@id":"https:\/\/congovirtuel.com\/information\/#\/schema\/person\/739a44bf7990966cb53d58d2fdeca0b6"},"headline":"RDC: FCC-CACH, \u00e0 qui profite le temps ?","datePublished":"2020-06-13T15:07:57+00:00","dateModified":"2020-06-13T15:08:06+00:00","mainEntityOfPage":{"@id":"https:\/\/congovirtuel.com\/information\/rdc-fcc-cach-a-qui-profite-le-temps\/"},"wordCount":1400,"commentCount":0,"publisher":{"@id":"https:\/\/congovirtuel.com\/information\/#organization"},"image":{"@id":"https:\/\/congovirtuel.com\/information\/rdc-fcc-cach-a-qui-profite-le-temps\/#primaryimage"},"thumbnailUrl":"https:\/\/congovirtuel.com\/information\/wp-content\/uploads\/2020\/06\/christian_ndombo_cepas.jpg","keywords":["Christian Ndombo","DYPOL","ndombo moleka","politologue congolais"],"articleSection":["Tribune"],"inLanguage":"fr-FR","potentialAction":[{"@type":"CommentAction","name":"Comment","target":["https:\/\/congovirtuel.com\/information\/rdc-fcc-cach-a-qui-profite-le-temps\/#respond"]}]},{"@type":"WebPage","@id":"https:\/\/congovirtuel.com\/information\/rdc-fcc-cach-a-qui-profite-le-temps\/","url":"https:\/\/congovirtuel.com\/information\/rdc-fcc-cach-a-qui-profite-le-temps\/","name":"RDC: FCC-CACH, \u00e0 qui profite le temps ? - Actualit\u00e9s congolaises et internationales","isPartOf":{"@id":"https:\/\/congovirtuel.com\/information\/#website"},"primaryImageOfPage":{"@id":"https:\/\/congovirtuel.com\/information\/rdc-fcc-cach-a-qui-profite-le-temps\/#primaryimage"},"image":{"@id":"https:\/\/congovirtuel.com\/information\/rdc-fcc-cach-a-qui-profite-le-temps\/#primaryimage"},"thumbnailUrl":"https:\/\/congovirtuel.com\/information\/wp-content\/uploads\/2020\/06\/christian_ndombo_cepas.jpg","datePublished":"2020-06-13T15:07:57+00:00","dateModified":"2020-06-13T15:08:06+00:00","breadcrumb":{"@id":"https:\/\/congovirtuel.com\/information\/rdc-fcc-cach-a-qui-profite-le-temps\/#breadcrumb"},"inLanguage":"fr-FR","potentialAction":[{"@type":"ReadAction","target":["https:\/\/congovirtuel.com\/information\/rdc-fcc-cach-a-qui-profite-le-temps\/"]}]},{"@type":"ImageObject","inLanguage":"fr-FR","@id":"https:\/\/congovirtuel.com\/information\/rdc-fcc-cach-a-qui-profite-le-temps\/#primaryimage","url":"https:\/\/congovirtuel.com\/information\/wp-content\/uploads\/2020\/06\/christian_ndombo_cepas.jpg","contentUrl":"https:\/\/congovirtuel.com\/information\/wp-content\/uploads\/2020\/06\/christian_ndombo_cepas.jpg","width":512,"height":512,"caption":"Christian Ndombo"},{"@type":"BreadcrumbList","@id":"https:\/\/congovirtuel.com\/information\/rdc-fcc-cach-a-qui-profite-le-temps\/#breadcrumb","itemListElement":[{"@type":"ListItem","position":1,"name":"Accueil","item":"https:\/\/congovirtuel.com\/information\/"},{"@type":"ListItem","position":2,"name":"RDC: FCC-CACH, \u00e0 qui profite le temps ?"}]},{"@type":"WebSite","@id":"https:\/\/congovirtuel.com\/information\/#website","url":"https:\/\/congovirtuel.com\/information\/","name":"Actualit\u00e9s congolaises et internationales","description":"site d&#039;analyse et de traitement d&#039;information","publisher":{"@id":"https:\/\/congovirtuel.com\/information\/#organization"},"potentialAction":[{"@type":"SearchAction","target":{"@type":"EntryPoint","urlTemplate":"https:\/\/congovirtuel.com\/information\/?s={search_term_string}"},"query-input":{"@type":"PropertyValueSpecification","valueRequired":true,"valueName":"search_term_string"}}],"inLanguage":"fr-FR"},{"@type":"Organization","@id":"https:\/\/congovirtuel.com\/information\/#organization","name":"Biblioth\u00e8que Virtuelle de la RDC","url":"https:\/\/congovirtuel.com\/information\/","logo":{"@type":"ImageObject","inLanguage":"fr-FR","@id":"https:\/\/congovirtuel.com\/information\/#\/schema\/logo\/image\/","url":"https:\/\/congovirtuel.com\/information\/wp-content\/uploads\/2018\/10\/header-info-congovirtuel-vraie.jpg","contentUrl":"https:\/\/congovirtuel.com\/information\/wp-content\/uploads\/2018\/10\/header-info-congovirtuel-vraie.jpg","width":728,"height":90,"caption":"Biblioth\u00e8que Virtuelle de la RDC"},"image":{"@id":"https:\/\/congovirtuel.com\/information\/#\/schema\/logo\/image\/"},"sameAs":["https:\/\/web.facebook.com\/Congovirtuel-763617960319601\/?ref=aymt_homepage_panel&amp;amp;amp;amp;amp;amp;amp;amp;amp;amp;amp;eid=ARCoxULa66767kIgF_KYav6VdjXTI4yk_LW4yoVO9s6NXpysgb7Cb65vpxcxgqzOAKvIbLQxaAETcqHT","https:\/\/x.com\/congovirtuel","https:\/\/www.youtube.com\/channel\/UCkFfprYzGgS3EWNpeMXpToQ?view_as=subscriber"]},{"@type":"Person","@id":"https:\/\/congovirtuel.com\/information\/#\/schema\/person\/739a44bf7990966cb53d58d2fdeca0b6","name":"infocongovirtuel","image":{"@type":"ImageObject","inLanguage":"fr-FR","@id":"https:\/\/secure.gravatar.com\/avatar\/4d76991aa72469f0eb22e772586c99113c6997f88da636a9db8f2ce3a2c05e69?s=96&d=mm&r=g","url":"https:\/\/secure.gravatar.com\/avatar\/4d76991aa72469f0eb22e772586c99113c6997f88da636a9db8f2ce3a2c05e69?s=96&d=mm&r=g","contentUrl":"https:\/\/secure.gravatar.com\/avatar\/4d76991aa72469f0eb22e772586c99113c6997f88da636a9db8f2ce3a2c05e69?s=96&d=mm&r=g","caption":"infocongovirtuel"},"url":"https:\/\/congovirtuel.com\/information\/author\/infocongovirtuel\/"}]}},"gt_translate_keys":[{"key":"link","format":"url"}],"_links":{"self":[{"href":"https:\/\/congovirtuel.com\/information\/wp-json\/wp\/v2\/posts\/1893","targetHints":{"allow":["GET"]}}],"collection":[{"href":"https:\/\/congovirtuel.com\/information\/wp-json\/wp\/v2\/posts"}],"about":[{"href":"https:\/\/congovirtuel.com\/information\/wp-json\/wp\/v2\/types\/post"}],"author":[{"embeddable":true,"href":"https:\/\/congovirtuel.com\/information\/wp-json\/wp\/v2\/users\/1"}],"replies":[{"embeddable":true,"href":"https:\/\/congovirtuel.com\/information\/wp-json\/wp\/v2\/comments?post=1893"}],"version-history":[{"count":1,"href":"https:\/\/congovirtuel.com\/information\/wp-json\/wp\/v2\/posts\/1893\/revisions"}],"predecessor-version":[{"id":1895,"href":"https:\/\/congovirtuel.com\/information\/wp-json\/wp\/v2\/posts\/1893\/revisions\/1895"}],"wp:featuredmedia":[{"embeddable":true,"href":"https:\/\/congovirtuel.com\/information\/wp-json\/wp\/v2\/media\/1894"}],"wp:attachment":[{"href":"https:\/\/congovirtuel.com\/information\/wp-json\/wp\/v2\/media?parent=1893"}],"wp:term":[{"taxonomy":"category","embeddable":true,"href":"https:\/\/congovirtuel.com\/information\/wp-json\/wp\/v2\/categories?post=1893"},{"taxonomy":"post_tag","embeddable":true,"href":"https:\/\/congovirtuel.com\/information\/wp-json\/wp\/v2\/tags?post=1893"}],"curies":[{"name":"wp","href":"https:\/\/api.w.org\/{rel}","templated":true}]}}