{"id":18943,"date":"2022-05-10T12:14:06","date_gmt":"2022-05-10T11:14:06","guid":{"rendered":"https:\/\/congovirtuel.com\/information\/?p=18943"},"modified":"2022-05-10T12:14:06","modified_gmt":"2022-05-10T11:14:06","slug":"la-rdc-et-le-rwanda-en-pourparlers-a-kigali-pour-formaliser-les-activites-transfrontalieres","status":"publish","type":"post","link":"https:\/\/congovirtuel.com\/information\/la-rdc-et-le-rwanda-en-pourparlers-a-kigali-pour-formaliser-les-activites-transfrontalieres\/","title":{"rendered":"La RDC et le Rwanda en pourparlers \u00e0 Kigali pour formaliser les activit\u00e9s transfrontali\u00e8res","gt_translate_keys":[{"key":"rendered","format":"text"}]},"content":{"rendered":"<p>La R\u00e9publique d\u00e9mocratique du Congo a engag\u00e9 des pourparlers directs avec le Rwanda sur la formalisation des activit\u00e9s dans leur fronti\u00e8re commune. C\u2019est au cours d&rsquo;une rencontre bipartite qui s&rsquo;est tenue lundi 9 mai \u00e0 Kigali que seront arr\u00eat\u00e9es certaines dispositions pratiques.<\/p>\n<p>Une \u00e9quipe d\u2019experts civils et militaires ainsi que des repr\u00e9sentants des autorit\u00e9s locales ont entam\u00e9\u00a0 une d\u00e9licate mission li\u00e9e \u00e0 formaliser les activit\u00e9s au niveau des fronti\u00e8res communes. Les fronti\u00e8res \u00e0 la fois terrestre (entre Goma et Gisenyi), lacustre (\u00e0 travers le lac Kivu) et fluviale (le long de la rivi\u00e8re Ruzizi), ont toujours \u00e9t\u00e9 marqu\u00e9es par de multiples tensions et exactions depuis des ann\u00e9es.<\/p>\n<p>Cette rencontre bipartite fait suite \u00e0 la reprise des trafics jeudi 1er ao\u00fbt en d\u00e9but d\u2019apr\u00e8s-midi entre Goma et Gisenyi cons\u00e9cutive \u00e0 une fermeture unilat\u00e9rale par la partie rwandaise.<\/p>\n<p>Selon des sources concordantes, le maire de Goma, le commissaire sup\u00e9rieur principal Fran\u00e7ois Kabeya Makosa, fait partie de la d\u00e9l\u00e9gation de la RDC conduite par le minist\u00e8re du Commerce ext\u00e9rieur de lka R\u00e9publique d\u00e9mocratique du Congo. La pr\u00e9sence des services douaniers et de l\u2019immigration a \u00e9galement \u00e9t\u00e9 signal\u00e9e \u00e0 cette rencontre de quatre jours.<\/p>\n<p>Les intentions li\u00e9es \u00e0 la formalisation des activit\u00e9s transfrontali\u00e8res entre la RDC et le Rwanda ont germ\u00e9 en ao\u00fbt 2014. Les deux parties ont envisag\u00e9 de poser des bornes sur la partie terrestre et des bou\u00e9es au niveau du lac Kivu. A priori, le trac\u00e9 de la fronti\u00e8re n&rsquo;a pas \u00e9t\u00e9 source de discorde.<\/p>\n<p>Les d\u00e9l\u00e9gu\u00e9s des minist\u00e8res congolais et rwandais de l\u2019Int\u00e9rieur ainsi que les membres de la commission permanente des fronti\u00e8res Rwanda\u2013RDC se sont facilement mis d&rsquo;accord en se basant sur la carte coloniale dress\u00e9e en 1911, entre la Belgique (le premier colonisateur du Congo) et l&rsquo;Allemagne (le second colonisateur du Rwanda).<\/p>\n<p><b>Raymond Okeseleke\/Digitalcongo<\/b><\/p>\n","protected":false,"gt_translate_keys":[{"key":"rendered","format":"html"}]},"excerpt":{"rendered":"<p>La R\u00e9publique d\u00e9mocratique du Congo a engag\u00e9 des pourparlers directs avec le Rwanda sur la formalisation des activit\u00e9s dans leur fronti\u00e8re commune. C\u2019est au cours d&rsquo;une rencontre bipartite qui s&rsquo;est tenue lundi 9 mai \u00e0 Kigali que seront arr\u00eat\u00e9es certaines dispositions pratiques. Une \u00e9quipe d\u2019experts civils et militaires ainsi que des repr\u00e9sentants des autorit\u00e9s locales ont entam\u00e9\u00a0 une d\u00e9licate mission li\u00e9e \u00e0 formaliser les activit\u00e9s au niveau des fronti\u00e8res communes. Les fronti\u00e8res \u00e0 la fois terrestre (entre Goma et Gisenyi), lacustre (\u00e0 travers le lac Kivu) et fluviale (le long&hellip;<\/p>\n","protected":false,"gt_translate_keys":[{"key":"rendered","format":"html"}]},"author":1,"featured_media":18944,"comment_status":"open","ping_status":"open","sticky":false,"template":"","format":"standard","meta":{"_crdt_document":"","footnotes":""},"categories":[237],"tags":[37095],"class_list":["post-18943","post","type-post","status-publish","format-standard","has-post-thumbnail","hentry","category-rdc-rwanda","tag-rdc-rwanda"],"gutentor_comment":0,"yoast_head":"<!-- This site is optimized with the Yoast SEO plugin v27.5 - https:\/\/yoast.com\/product\/yoast-seo-wordpress\/ -->\n<title>La RDC et le Rwanda en pourparlers \u00e0 Kigali pour formaliser les activit\u00e9s transfrontali\u00e8res - Actualit\u00e9s congolaises et internationales<\/title>\n<meta name=\"robots\" content=\"index, follow, max-snippet:-1, max-image-preview:large, max-video-preview:-1\" \/>\n<link rel=\"canonical\" href=\"https:\/\/congovirtuel.com\/information\/la-rdc-et-le-rwanda-en-pourparlers-a-kigali-pour-formaliser-les-activites-transfrontalieres\/\" \/>\n<meta property=\"og:locale\" content=\"fr_FR\" \/>\n<meta property=\"og:type\" content=\"article\" \/>\n<meta property=\"og:title\" content=\"La RDC et le Rwanda en pourparlers \u00e0 Kigali pour formaliser les activit\u00e9s transfrontali\u00e8res - Actualit\u00e9s congolaises et internationales\" \/>\n<meta property=\"og:description\" content=\"La R\u00e9publique d\u00e9mocratique du Congo a engag\u00e9 des pourparlers directs avec le Rwanda sur la formalisation des activit\u00e9s dans leur fronti\u00e8re commune. C\u2019est au cours d&rsquo;une rencontre bipartite qui s&rsquo;est tenue lundi 9 mai \u00e0 Kigali que seront arr\u00eat\u00e9es certaines dispositions pratiques. Une \u00e9quipe d\u2019experts civils et militaires ainsi que des repr\u00e9sentants des autorit\u00e9s locales ont entam\u00e9\u00a0 une d\u00e9licate mission li\u00e9e \u00e0 formaliser les activit\u00e9s au niveau des fronti\u00e8res communes. Les fronti\u00e8res \u00e0 la fois terrestre (entre Goma et Gisenyi), lacustre (\u00e0 travers le lac Kivu) et fluviale (le long&hellip;\" \/>\n<meta property=\"og:url\" content=\"https:\/\/congovirtuel.com\/information\/la-rdc-et-le-rwanda-en-pourparlers-a-kigali-pour-formaliser-les-activites-transfrontalieres\/\" \/>\n<meta property=\"og:site_name\" content=\"Actualit\u00e9s congolaises et internationales\" \/>\n<meta property=\"article:publisher\" content=\"https:\/\/web.facebook.com\/Congovirtuel-763617960319601\/?ref=aymt_homepage_panel&amp;amp%3bamp%3bamp%3bamp%3bamp%3bamp%3bamp%3bamp%3bamp%3bamp%3bamp%3beid=ARCoxULa66767kIgF_KYav6VdjXTI4yk_LW4yoVO9s6NXpysgb7Cb65vpxcxgqzOAKvIbLQxaAETcqHT\" \/>\n<meta property=\"article:published_time\" content=\"2022-05-10T11:14:06+00:00\" \/>\n<meta property=\"og:image\" content=\"https:\/\/congovirtuel.com\/information\/wp-content\/uploads\/2022\/05\/Tshisekedi_Kagame_frontiere_rwanda.jpg\" \/>\n\t<meta property=\"og:image:width\" content=\"875\" \/>\n\t<meta property=\"og:image:height\" content=\"583\" \/>\n\t<meta property=\"og:image:type\" content=\"image\/jpeg\" \/>\n<meta name=\"author\" content=\"infocongovirtuel\" \/>\n<meta name=\"twitter:card\" content=\"summary_large_image\" \/>\n<meta name=\"twitter:creator\" content=\"@congovirtuel\" \/>\n<meta name=\"twitter:site\" content=\"@congovirtuel\" \/>\n<meta name=\"twitter:label1\" content=\"\u00c9crit par\" \/>\n\t<meta name=\"twitter:data1\" content=\"infocongovirtuel\" \/>\n\t<meta name=\"twitter:label2\" content=\"Dur\u00e9e de lecture estim\u00e9e\" \/>\n\t<meta name=\"twitter:data2\" content=\"2 minutes\" \/>\n<script type=\"application\/ld+json\" class=\"yoast-schema-graph\">{\"@context\":\"https:\\\/\\\/schema.org\",\"@graph\":[{\"@type\":\"Article\",\"@id\":\"https:\\\/\\\/congovirtuel.com\\\/information\\\/la-rdc-et-le-rwanda-en-pourparlers-a-kigali-pour-formaliser-les-activites-transfrontalieres\\\/#article\",\"isPartOf\":{\"@id\":\"https:\\\/\\\/congovirtuel.com\\\/information\\\/la-rdc-et-le-rwanda-en-pourparlers-a-kigali-pour-formaliser-les-activites-transfrontalieres\\\/\"},\"author\":{\"name\":\"infocongovirtuel\",\"@id\":\"https:\\\/\\\/congovirtuel.com\\\/information\\\/#\\\/schema\\\/person\\\/739a44bf7990966cb53d58d2fdeca0b6\"},\"headline\":\"La RDC et le Rwanda en pourparlers \u00e0 Kigali pour formaliser les activit\u00e9s transfrontali\u00e8res\",\"datePublished\":\"2022-05-10T11:14:06+00:00\",\"mainEntityOfPage\":{\"@id\":\"https:\\\/\\\/congovirtuel.com\\\/information\\\/la-rdc-et-le-rwanda-en-pourparlers-a-kigali-pour-formaliser-les-activites-transfrontalieres\\\/\"},\"wordCount\":356,\"commentCount\":0,\"publisher\":{\"@id\":\"https:\\\/\\\/congovirtuel.com\\\/information\\\/#organization\"},\"image\":{\"@id\":\"https:\\\/\\\/congovirtuel.com\\\/information\\\/la-rdc-et-le-rwanda-en-pourparlers-a-kigali-pour-formaliser-les-activites-transfrontalieres\\\/#primaryimage\"},\"thumbnailUrl\":\"https:\\\/\\\/congovirtuel.com\\\/information\\\/wp-content\\\/uploads\\\/2022\\\/05\\\/Tshisekedi_Kagame_frontiere_rwanda.jpg\",\"keywords\":[\"RDC RWANDA\"],\"articleSection\":[\"RDC-RWANDA\"],\"inLanguage\":\"fr-FR\",\"potentialAction\":[{\"@type\":\"CommentAction\",\"name\":\"Comment\",\"target\":[\"https:\\\/\\\/congovirtuel.com\\\/information\\\/la-rdc-et-le-rwanda-en-pourparlers-a-kigali-pour-formaliser-les-activites-transfrontalieres\\\/#respond\"]}]},{\"@type\":\"WebPage\",\"@id\":\"https:\\\/\\\/congovirtuel.com\\\/information\\\/la-rdc-et-le-rwanda-en-pourparlers-a-kigali-pour-formaliser-les-activites-transfrontalieres\\\/\",\"url\":\"https:\\\/\\\/congovirtuel.com\\\/information\\\/la-rdc-et-le-rwanda-en-pourparlers-a-kigali-pour-formaliser-les-activites-transfrontalieres\\\/\",\"name\":\"La RDC et le Rwanda en pourparlers \u00e0 Kigali pour formaliser les activit\u00e9s transfrontali\u00e8res - Actualit\u00e9s congolaises et internationales\",\"isPartOf\":{\"@id\":\"https:\\\/\\\/congovirtuel.com\\\/information\\\/#website\"},\"primaryImageOfPage\":{\"@id\":\"https:\\\/\\\/congovirtuel.com\\\/information\\\/la-rdc-et-le-rwanda-en-pourparlers-a-kigali-pour-formaliser-les-activites-transfrontalieres\\\/#primaryimage\"},\"image\":{\"@id\":\"https:\\\/\\\/congovirtuel.com\\\/information\\\/la-rdc-et-le-rwanda-en-pourparlers-a-kigali-pour-formaliser-les-activites-transfrontalieres\\\/#primaryimage\"},\"thumbnailUrl\":\"https:\\\/\\\/congovirtuel.com\\\/information\\\/wp-content\\\/uploads\\\/2022\\\/05\\\/Tshisekedi_Kagame_frontiere_rwanda.jpg\",\"datePublished\":\"2022-05-10T11:14:06+00:00\",\"breadcrumb\":{\"@id\":\"https:\\\/\\\/congovirtuel.com\\\/information\\\/la-rdc-et-le-rwanda-en-pourparlers-a-kigali-pour-formaliser-les-activites-transfrontalieres\\\/#breadcrumb\"},\"inLanguage\":\"fr-FR\",\"potentialAction\":[{\"@type\":\"ReadAction\",\"target\":[\"https:\\\/\\\/congovirtuel.com\\\/information\\\/la-rdc-et-le-rwanda-en-pourparlers-a-kigali-pour-formaliser-les-activites-transfrontalieres\\\/\"]}]},{\"@type\":\"ImageObject\",\"inLanguage\":\"fr-FR\",\"@id\":\"https:\\\/\\\/congovirtuel.com\\\/information\\\/la-rdc-et-le-rwanda-en-pourparlers-a-kigali-pour-formaliser-les-activites-transfrontalieres\\\/#primaryimage\",\"url\":\"https:\\\/\\\/congovirtuel.com\\\/information\\\/wp-content\\\/uploads\\\/2022\\\/05\\\/Tshisekedi_Kagame_frontiere_rwanda.jpg\",\"contentUrl\":\"https:\\\/\\\/congovirtuel.com\\\/information\\\/wp-content\\\/uploads\\\/2022\\\/05\\\/Tshisekedi_Kagame_frontiere_rwanda.jpg\",\"width\":875,\"height\":583,\"caption\":\"Tshisekedi_Kagame_fronti\u00e8re_rwanda\"},{\"@type\":\"BreadcrumbList\",\"@id\":\"https:\\\/\\\/congovirtuel.com\\\/information\\\/la-rdc-et-le-rwanda-en-pourparlers-a-kigali-pour-formaliser-les-activites-transfrontalieres\\\/#breadcrumb\",\"itemListElement\":[{\"@type\":\"ListItem\",\"position\":1,\"name\":\"Accueil\",\"item\":\"https:\\\/\\\/congovirtuel.com\\\/information\\\/\"},{\"@type\":\"ListItem\",\"position\":2,\"name\":\"La RDC et le Rwanda en pourparlers \u00e0 Kigali pour formaliser les activit\u00e9s transfrontali\u00e8res\"}]},{\"@type\":\"WebSite\",\"@id\":\"https:\\\/\\\/congovirtuel.com\\\/information\\\/#website\",\"url\":\"https:\\\/\\\/congovirtuel.com\\\/information\\\/\",\"name\":\"Actualit\u00e9s congolaises et internationales\",\"description\":\"site d&#039;analyse et de traitement d&#039;information\",\"publisher\":{\"@id\":\"https:\\\/\\\/congovirtuel.com\\\/information\\\/#organization\"},\"potentialAction\":[{\"@type\":\"SearchAction\",\"target\":{\"@type\":\"EntryPoint\",\"urlTemplate\":\"https:\\\/\\\/congovirtuel.com\\\/information\\\/?s={search_term_string}\"},\"query-input\":{\"@type\":\"PropertyValueSpecification\",\"valueRequired\":true,\"valueName\":\"search_term_string\"}}],\"inLanguage\":\"fr-FR\"},{\"@type\":\"Organization\",\"@id\":\"https:\\\/\\\/congovirtuel.com\\\/information\\\/#organization\",\"name\":\"Biblioth\u00e8que Virtuelle de la RDC\",\"url\":\"https:\\\/\\\/congovirtuel.com\\\/information\\\/\",\"logo\":{\"@type\":\"ImageObject\",\"inLanguage\":\"fr-FR\",\"@id\":\"https:\\\/\\\/congovirtuel.com\\\/information\\\/#\\\/schema\\\/logo\\\/image\\\/\",\"url\":\"https:\\\/\\\/congovirtuel.com\\\/information\\\/wp-content\\\/uploads\\\/2018\\\/10\\\/header-info-congovirtuel-vraie.jpg\",\"contentUrl\":\"https:\\\/\\\/congovirtuel.com\\\/information\\\/wp-content\\\/uploads\\\/2018\\\/10\\\/header-info-congovirtuel-vraie.jpg\",\"width\":728,\"height\":90,\"caption\":\"Biblioth\u00e8que Virtuelle de la RDC\"},\"image\":{\"@id\":\"https:\\\/\\\/congovirtuel.com\\\/information\\\/#\\\/schema\\\/logo\\\/image\\\/\"},\"sameAs\":[\"https:\\\/\\\/web.facebook.com\\\/Congovirtuel-763617960319601\\\/?ref=aymt_homepage_panel&amp;amp;amp;amp;amp;amp;amp;amp;amp;amp;amp;eid=ARCoxULa66767kIgF_KYav6VdjXTI4yk_LW4yoVO9s6NXpysgb7Cb65vpxcxgqzOAKvIbLQxaAETcqHT\",\"https:\\\/\\\/x.com\\\/congovirtuel\",\"https:\\\/\\\/www.youtube.com\\\/channel\\\/UCkFfprYzGgS3EWNpeMXpToQ?view_as=subscriber\"]},{\"@type\":\"Person\",\"@id\":\"https:\\\/\\\/congovirtuel.com\\\/information\\\/#\\\/schema\\\/person\\\/739a44bf7990966cb53d58d2fdeca0b6\",\"name\":\"infocongovirtuel\",\"image\":{\"@type\":\"ImageObject\",\"inLanguage\":\"fr-FR\",\"@id\":\"https:\\\/\\\/secure.gravatar.com\\\/avatar\\\/4d76991aa72469f0eb22e772586c99113c6997f88da636a9db8f2ce3a2c05e69?s=96&d=mm&r=g\",\"url\":\"https:\\\/\\\/secure.gravatar.com\\\/avatar\\\/4d76991aa72469f0eb22e772586c99113c6997f88da636a9db8f2ce3a2c05e69?s=96&d=mm&r=g\",\"contentUrl\":\"https:\\\/\\\/secure.gravatar.com\\\/avatar\\\/4d76991aa72469f0eb22e772586c99113c6997f88da636a9db8f2ce3a2c05e69?s=96&d=mm&r=g\",\"caption\":\"infocongovirtuel\"},\"url\":\"https:\\\/\\\/congovirtuel.com\\\/information\\\/author\\\/infocongovirtuel\\\/\"}]}<\/script>\n<!-- \/ Yoast SEO plugin. -->","yoast_head_json":{"title":"La RDC et le Rwanda en pourparlers \u00e0 Kigali pour formaliser les activit\u00e9s transfrontali\u00e8res - Actualit\u00e9s congolaises et internationales","robots":{"index":"index","follow":"follow","max-snippet":"max-snippet:-1","max-image-preview":"max-image-preview:large","max-video-preview":"max-video-preview:-1"},"canonical":"https:\/\/congovirtuel.com\/information\/la-rdc-et-le-rwanda-en-pourparlers-a-kigali-pour-formaliser-les-activites-transfrontalieres\/","og_locale":"fr_FR","og_type":"article","og_title":"La RDC et le Rwanda en pourparlers \u00e0 Kigali pour formaliser les activit\u00e9s transfrontali\u00e8res - Actualit\u00e9s congolaises et internationales","og_description":"La R\u00e9publique d\u00e9mocratique du Congo a engag\u00e9 des pourparlers directs avec le Rwanda sur la formalisation des activit\u00e9s dans leur fronti\u00e8re commune. C\u2019est au cours d&rsquo;une rencontre bipartite qui s&rsquo;est tenue lundi 9 mai \u00e0 Kigali que seront arr\u00eat\u00e9es certaines dispositions pratiques. Une \u00e9quipe d\u2019experts civils et militaires ainsi que des repr\u00e9sentants des autorit\u00e9s locales ont entam\u00e9\u00a0 une d\u00e9licate mission li\u00e9e \u00e0 formaliser les activit\u00e9s au niveau des fronti\u00e8res communes. Les fronti\u00e8res \u00e0 la fois terrestre (entre Goma et Gisenyi), lacustre (\u00e0 travers le lac Kivu) et fluviale (le long&hellip;","og_url":"https:\/\/congovirtuel.com\/information\/la-rdc-et-le-rwanda-en-pourparlers-a-kigali-pour-formaliser-les-activites-transfrontalieres\/","og_site_name":"Actualit\u00e9s congolaises et internationales","article_publisher":"https:\/\/web.facebook.com\/Congovirtuel-763617960319601\/?ref=aymt_homepage_panel&amp%3bamp%3bamp%3bamp%3bamp%3bamp%3bamp%3bamp%3bamp%3bamp%3bamp%3beid=ARCoxULa66767kIgF_KYav6VdjXTI4yk_LW4yoVO9s6NXpysgb7Cb65vpxcxgqzOAKvIbLQxaAETcqHT","article_published_time":"2022-05-10T11:14:06+00:00","og_image":[{"width":875,"height":583,"url":"https:\/\/congovirtuel.com\/information\/wp-content\/uploads\/2022\/05\/Tshisekedi_Kagame_frontiere_rwanda.jpg","type":"image\/jpeg"}],"author":"infocongovirtuel","twitter_card":"summary_large_image","twitter_creator":"@congovirtuel","twitter_site":"@congovirtuel","twitter_misc":{"\u00c9crit par":"infocongovirtuel","Dur\u00e9e de lecture estim\u00e9e":"2 minutes"},"schema":{"@context":"https:\/\/schema.org","@graph":[{"@type":"Article","@id":"https:\/\/congovirtuel.com\/information\/la-rdc-et-le-rwanda-en-pourparlers-a-kigali-pour-formaliser-les-activites-transfrontalieres\/#article","isPartOf":{"@id":"https:\/\/congovirtuel.com\/information\/la-rdc-et-le-rwanda-en-pourparlers-a-kigali-pour-formaliser-les-activites-transfrontalieres\/"},"author":{"name":"infocongovirtuel","@id":"https:\/\/congovirtuel.com\/information\/#\/schema\/person\/739a44bf7990966cb53d58d2fdeca0b6"},"headline":"La RDC et le Rwanda en pourparlers \u00e0 Kigali pour formaliser les activit\u00e9s transfrontali\u00e8res","datePublished":"2022-05-10T11:14:06+00:00","mainEntityOfPage":{"@id":"https:\/\/congovirtuel.com\/information\/la-rdc-et-le-rwanda-en-pourparlers-a-kigali-pour-formaliser-les-activites-transfrontalieres\/"},"wordCount":356,"commentCount":0,"publisher":{"@id":"https:\/\/congovirtuel.com\/information\/#organization"},"image":{"@id":"https:\/\/congovirtuel.com\/information\/la-rdc-et-le-rwanda-en-pourparlers-a-kigali-pour-formaliser-les-activites-transfrontalieres\/#primaryimage"},"thumbnailUrl":"https:\/\/congovirtuel.com\/information\/wp-content\/uploads\/2022\/05\/Tshisekedi_Kagame_frontiere_rwanda.jpg","keywords":["RDC RWANDA"],"articleSection":["RDC-RWANDA"],"inLanguage":"fr-FR","potentialAction":[{"@type":"CommentAction","name":"Comment","target":["https:\/\/congovirtuel.com\/information\/la-rdc-et-le-rwanda-en-pourparlers-a-kigali-pour-formaliser-les-activites-transfrontalieres\/#respond"]}]},{"@type":"WebPage","@id":"https:\/\/congovirtuel.com\/information\/la-rdc-et-le-rwanda-en-pourparlers-a-kigali-pour-formaliser-les-activites-transfrontalieres\/","url":"https:\/\/congovirtuel.com\/information\/la-rdc-et-le-rwanda-en-pourparlers-a-kigali-pour-formaliser-les-activites-transfrontalieres\/","name":"La RDC et le Rwanda en pourparlers \u00e0 Kigali pour formaliser les activit\u00e9s transfrontali\u00e8res - Actualit\u00e9s congolaises et internationales","isPartOf":{"@id":"https:\/\/congovirtuel.com\/information\/#website"},"primaryImageOfPage":{"@id":"https:\/\/congovirtuel.com\/information\/la-rdc-et-le-rwanda-en-pourparlers-a-kigali-pour-formaliser-les-activites-transfrontalieres\/#primaryimage"},"image":{"@id":"https:\/\/congovirtuel.com\/information\/la-rdc-et-le-rwanda-en-pourparlers-a-kigali-pour-formaliser-les-activites-transfrontalieres\/#primaryimage"},"thumbnailUrl":"https:\/\/congovirtuel.com\/information\/wp-content\/uploads\/2022\/05\/Tshisekedi_Kagame_frontiere_rwanda.jpg","datePublished":"2022-05-10T11:14:06+00:00","breadcrumb":{"@id":"https:\/\/congovirtuel.com\/information\/la-rdc-et-le-rwanda-en-pourparlers-a-kigali-pour-formaliser-les-activites-transfrontalieres\/#breadcrumb"},"inLanguage":"fr-FR","potentialAction":[{"@type":"ReadAction","target":["https:\/\/congovirtuel.com\/information\/la-rdc-et-le-rwanda-en-pourparlers-a-kigali-pour-formaliser-les-activites-transfrontalieres\/"]}]},{"@type":"ImageObject","inLanguage":"fr-FR","@id":"https:\/\/congovirtuel.com\/information\/la-rdc-et-le-rwanda-en-pourparlers-a-kigali-pour-formaliser-les-activites-transfrontalieres\/#primaryimage","url":"https:\/\/congovirtuel.com\/information\/wp-content\/uploads\/2022\/05\/Tshisekedi_Kagame_frontiere_rwanda.jpg","contentUrl":"https:\/\/congovirtuel.com\/information\/wp-content\/uploads\/2022\/05\/Tshisekedi_Kagame_frontiere_rwanda.jpg","width":875,"height":583,"caption":"Tshisekedi_Kagame_fronti\u00e8re_rwanda"},{"@type":"BreadcrumbList","@id":"https:\/\/congovirtuel.com\/information\/la-rdc-et-le-rwanda-en-pourparlers-a-kigali-pour-formaliser-les-activites-transfrontalieres\/#breadcrumb","itemListElement":[{"@type":"ListItem","position":1,"name":"Accueil","item":"https:\/\/congovirtuel.com\/information\/"},{"@type":"ListItem","position":2,"name":"La RDC et le Rwanda en pourparlers \u00e0 Kigali pour formaliser les activit\u00e9s transfrontali\u00e8res"}]},{"@type":"WebSite","@id":"https:\/\/congovirtuel.com\/information\/#website","url":"https:\/\/congovirtuel.com\/information\/","name":"Actualit\u00e9s congolaises et internationales","description":"site d&#039;analyse et de traitement d&#039;information","publisher":{"@id":"https:\/\/congovirtuel.com\/information\/#organization"},"potentialAction":[{"@type":"SearchAction","target":{"@type":"EntryPoint","urlTemplate":"https:\/\/congovirtuel.com\/information\/?s={search_term_string}"},"query-input":{"@type":"PropertyValueSpecification","valueRequired":true,"valueName":"search_term_string"}}],"inLanguage":"fr-FR"},{"@type":"Organization","@id":"https:\/\/congovirtuel.com\/information\/#organization","name":"Biblioth\u00e8que Virtuelle de la RDC","url":"https:\/\/congovirtuel.com\/information\/","logo":{"@type":"ImageObject","inLanguage":"fr-FR","@id":"https:\/\/congovirtuel.com\/information\/#\/schema\/logo\/image\/","url":"https:\/\/congovirtuel.com\/information\/wp-content\/uploads\/2018\/10\/header-info-congovirtuel-vraie.jpg","contentUrl":"https:\/\/congovirtuel.com\/information\/wp-content\/uploads\/2018\/10\/header-info-congovirtuel-vraie.jpg","width":728,"height":90,"caption":"Biblioth\u00e8que Virtuelle de la RDC"},"image":{"@id":"https:\/\/congovirtuel.com\/information\/#\/schema\/logo\/image\/"},"sameAs":["https:\/\/web.facebook.com\/Congovirtuel-763617960319601\/?ref=aymt_homepage_panel&amp;amp;amp;amp;amp;amp;amp;amp;amp;amp;amp;eid=ARCoxULa66767kIgF_KYav6VdjXTI4yk_LW4yoVO9s6NXpysgb7Cb65vpxcxgqzOAKvIbLQxaAETcqHT","https:\/\/x.com\/congovirtuel","https:\/\/www.youtube.com\/channel\/UCkFfprYzGgS3EWNpeMXpToQ?view_as=subscriber"]},{"@type":"Person","@id":"https:\/\/congovirtuel.com\/information\/#\/schema\/person\/739a44bf7990966cb53d58d2fdeca0b6","name":"infocongovirtuel","image":{"@type":"ImageObject","inLanguage":"fr-FR","@id":"https:\/\/secure.gravatar.com\/avatar\/4d76991aa72469f0eb22e772586c99113c6997f88da636a9db8f2ce3a2c05e69?s=96&d=mm&r=g","url":"https:\/\/secure.gravatar.com\/avatar\/4d76991aa72469f0eb22e772586c99113c6997f88da636a9db8f2ce3a2c05e69?s=96&d=mm&r=g","contentUrl":"https:\/\/secure.gravatar.com\/avatar\/4d76991aa72469f0eb22e772586c99113c6997f88da636a9db8f2ce3a2c05e69?s=96&d=mm&r=g","caption":"infocongovirtuel"},"url":"https:\/\/congovirtuel.com\/information\/author\/infocongovirtuel\/"}]}},"gt_translate_keys":[{"key":"link","format":"url"}],"_links":{"self":[{"href":"https:\/\/congovirtuel.com\/information\/wp-json\/wp\/v2\/posts\/18943","targetHints":{"allow":["GET"]}}],"collection":[{"href":"https:\/\/congovirtuel.com\/information\/wp-json\/wp\/v2\/posts"}],"about":[{"href":"https:\/\/congovirtuel.com\/information\/wp-json\/wp\/v2\/types\/post"}],"author":[{"embeddable":true,"href":"https:\/\/congovirtuel.com\/information\/wp-json\/wp\/v2\/users\/1"}],"replies":[{"embeddable":true,"href":"https:\/\/congovirtuel.com\/information\/wp-json\/wp\/v2\/comments?post=18943"}],"version-history":[{"count":1,"href":"https:\/\/congovirtuel.com\/information\/wp-json\/wp\/v2\/posts\/18943\/revisions"}],"predecessor-version":[{"id":18945,"href":"https:\/\/congovirtuel.com\/information\/wp-json\/wp\/v2\/posts\/18943\/revisions\/18945"}],"wp:featuredmedia":[{"embeddable":true,"href":"https:\/\/congovirtuel.com\/information\/wp-json\/wp\/v2\/media\/18944"}],"wp:attachment":[{"href":"https:\/\/congovirtuel.com\/information\/wp-json\/wp\/v2\/media?parent=18943"}],"wp:term":[{"taxonomy":"category","embeddable":true,"href":"https:\/\/congovirtuel.com\/information\/wp-json\/wp\/v2\/categories?post=18943"},{"taxonomy":"post_tag","embeddable":true,"href":"https:\/\/congovirtuel.com\/information\/wp-json\/wp\/v2\/tags?post=18943"}],"curies":[{"name":"wp","href":"https:\/\/api.w.org\/{rel}","templated":true}]}}