{"id":18956,"date":"2022-05-11T10:30:11","date_gmt":"2022-05-11T09:30:11","guid":{"rendered":"https:\/\/congovirtuel.com\/information\/?p=18956"},"modified":"2022-05-11T10:30:11","modified_gmt":"2022-05-11T09:30:11","slug":"une-journaliste-dal-jazeera-tuee-de-sang-froid-par-les-forces-israeliennes","status":"publish","type":"post","link":"https:\/\/congovirtuel.com\/information\/une-journaliste-dal-jazeera-tuee-de-sang-froid-par-les-forces-israeliennes\/","title":{"rendered":"Une journaliste d\u2019Al Jazeera tu\u00e9e \u00ab de sang-froid \u00bb par les forces isra\u00e9liennes","gt_translate_keys":[{"key":"rendered","format":"text"}]},"content":{"rendered":"<p>La journaliste Shireen Abu Akleh, une des plus connues de la cha\u00eene de t\u00e9l\u00e9vision panarabe\u00a0<a href=\"https:\/\/www.20minutes.fr\/monde\/2110175-20170727-israel-netanyahou-veut-expulser-al-jazeera\">al-Jazeera<\/a>, a \u00e9t\u00e9 tu\u00e9e mercredi matin par un tir de l\u2019arm\u00e9e isra\u00e9lienne alors qu\u2019elle couvrait des affrontements arm\u00e9s en\u00a0<a href=\"https:\/\/www.20minutes.fr\/monde\/cisjordanie\/\">Cisjordanie<\/a>\u00a0occup\u00e9e, selon des t\u00e9moins, des responsables palestiniens et son employeur.<\/p>\n<h2>Une femme d\u2019une cinquantaine d\u2019ann\u00e9es<\/h2>\n<p>Le minist\u00e8re palestinien de la Sant\u00e9 et la cha\u00eene al-Jazeera ont annonc\u00e9 le d\u00e9c\u00e8s de cette journaliste par un tir de l\u2019arm\u00e9e isra\u00e9lienne lors de ces affrontements \u00e0 J\u00e9nine, bastion des factions arm\u00e9es palestiniennes dans le nord de la Cisjordanie occup\u00e9e. Un photographe de l\u2019AFP sur place a aussi fait \u00e9tat des tirs de l\u2019arm\u00e9e isra\u00e9lienne et vu le corps de la reporter qui portait un gilet pare-balles sur lequel est inscrit le mot \u00ab presse \u00bb.<\/p>\n<p><a href=\"https:\/\/www.20minutes.fr\/monde\/palestine\/\">Palestinienne<\/a>, chr\u00e9tienne et \u00e2g\u00e9e d\u2019une cinquantaine d\u2019ann\u00e9es, Shireen Abu Akleh avait travaill\u00e9 \u00e0 \u00ab La Voix de la Palestine \u00bb, Radio Monte-Carlo, avant de rejoindre la cha\u00eene al-Jazeera, o\u00f9 elle s\u2019est fait conna\u00eetre \u00e0 travers le Moyen-Orient pour ses reportages sur le conflit isra\u00e9lo-palestinien.<\/p>\n<p>Un autre journaliste, Ali al-Samoudi, bless\u00e9 lors de ces affrontements, a accus\u00e9 l\u2019arm\u00e9e isra\u00e9lienne d\u2019avoir ouvert le feu sur les journalistes. \u00ab Nous \u00e9tions en chemin pour couvrir l\u2019op\u00e9ration de l\u2019arm\u00e9e lorsqu\u2019ils ont ouvert le feu sur nous (\u2026) Une balle m\u2019a atteint. La seconde balle a touch\u00e9 Shireen \u00bb, a-t-il d\u00e9clar\u00e9 \u00e0 sa sortie de l\u2019h\u00f4pital.<\/p>\n<h2>Une balle \u00ab au visage \u00bb<\/h2>\n<p>Dans un communiqu\u00e9, al-Jazeera a affirm\u00e9 que Shireen Abu Akleh a \u00e9t\u00e9 tu\u00e9e \u00ab de sang-froid \u00bb par les forces isra\u00e9liennes. \u00ab Al-Jazeera condamne ce crime odieux, qui a pour objectif d\u2019emp\u00eacher les m\u00e9dias de faire leur travail \u00bb, a indiqu\u00e9 la cha\u00eene qatarie, appelant la communaut\u00e9 internationale \u00e0 \u00ab tenir pour responsables les forces d\u2019occupation isra\u00e9liennes pour avoir intentionnellement cibl\u00e9 et tu\u00e9 Shireen \u00bb, qui a re\u00e7u une balle \u00ab au visage \u00bb selon les autorit\u00e9s qataries.<\/p>\n<p>Pour sa part, l\u2019arm\u00e9e isra\u00e9lienne a indiqu\u00e9 dans un communiqu\u00e9 avoir men\u00e9 au cours des derni\u00e8res heures, des op\u00e9rations dans le camp palestinien de J\u00e9nine, et d\u2019autres secteurs de Cisjordanie, afin \u00ab d\u2019appr\u00e9hender des personnes soup\u00e7onn\u00e9es de\u00a0<a href=\"https:\/\/www.20minutes.fr\/dossier\/terrorisme\">terrorisme<\/a>\u00a0\u00bb.<\/p>\n<p><strong>20minutes<\/strong><\/p>\n","protected":false,"gt_translate_keys":[{"key":"rendered","format":"html"}]},"excerpt":{"rendered":"<p>La journaliste Shireen Abu Akleh, une des plus connues de la cha\u00eene de t\u00e9l\u00e9vision panarabe\u00a0al-Jazeera, a \u00e9t\u00e9 tu\u00e9e mercredi matin par un tir de l\u2019arm\u00e9e isra\u00e9lienne alors qu\u2019elle couvrait des affrontements arm\u00e9s en\u00a0Cisjordanie\u00a0occup\u00e9e, selon des t\u00e9moins, des responsables palestiniens et son employeur. Une femme d\u2019une cinquantaine d\u2019ann\u00e9es Le minist\u00e8re palestinien de la Sant\u00e9 et la cha\u00eene al-Jazeera ont annonc\u00e9 le d\u00e9c\u00e8s de cette journaliste par un tir de l\u2019arm\u00e9e isra\u00e9lienne lors de ces affrontements \u00e0 J\u00e9nine, bastion des factions arm\u00e9es palestiniennes dans le nord de la Cisjordanie occup\u00e9e. Un photographe&hellip;<\/p>\n","protected":false,"gt_translate_keys":[{"key":"rendered","format":"html"}]},"author":1,"featured_media":18957,"comment_status":"open","ping_status":"open","sticky":false,"template":"","format":"standard","meta":{"_crdt_document":"","footnotes":""},"categories":[4911],"tags":[],"class_list":["post-18956","post","type-post","status-publish","format-standard","has-post-thumbnail","hentry","category-medias"],"gutentor_comment":0,"yoast_head":"<!-- This site is optimized with the Yoast SEO plugin v27.5 - https:\/\/yoast.com\/product\/yoast-seo-wordpress\/ -->\n<title>Une journaliste d\u2019Al Jazeera tu\u00e9e \u00ab de sang-froid \u00bb par les forces isra\u00e9liennes - Actualit\u00e9s congolaises et internationales<\/title>\n<meta name=\"robots\" content=\"index, follow, max-snippet:-1, max-image-preview:large, max-video-preview:-1\" \/>\n<link rel=\"canonical\" href=\"https:\/\/congovirtuel.com\/information\/une-journaliste-dal-jazeera-tuee-de-sang-froid-par-les-forces-israeliennes\/\" \/>\n<meta property=\"og:locale\" content=\"fr_FR\" \/>\n<meta property=\"og:type\" content=\"article\" \/>\n<meta property=\"og:title\" content=\"Une journaliste d\u2019Al Jazeera tu\u00e9e \u00ab de sang-froid \u00bb par les forces isra\u00e9liennes - Actualit\u00e9s congolaises et internationales\" \/>\n<meta property=\"og:description\" content=\"La journaliste Shireen Abu Akleh, une des plus connues de la cha\u00eene de t\u00e9l\u00e9vision panarabe\u00a0al-Jazeera, a \u00e9t\u00e9 tu\u00e9e mercredi matin par un tir de l\u2019arm\u00e9e isra\u00e9lienne alors qu\u2019elle couvrait des affrontements arm\u00e9s en\u00a0Cisjordanie\u00a0occup\u00e9e, selon des t\u00e9moins, des responsables palestiniens et son employeur. Une femme d\u2019une cinquantaine d\u2019ann\u00e9es Le minist\u00e8re palestinien de la Sant\u00e9 et la cha\u00eene al-Jazeera ont annonc\u00e9 le d\u00e9c\u00e8s de cette journaliste par un tir de l\u2019arm\u00e9e isra\u00e9lienne lors de ces affrontements \u00e0 J\u00e9nine, bastion des factions arm\u00e9es palestiniennes dans le nord de la Cisjordanie occup\u00e9e. Un photographe&hellip;\" \/>\n<meta property=\"og:url\" content=\"https:\/\/congovirtuel.com\/information\/une-journaliste-dal-jazeera-tuee-de-sang-froid-par-les-forces-israeliennes\/\" \/>\n<meta property=\"og:site_name\" content=\"Actualit\u00e9s congolaises et internationales\" \/>\n<meta property=\"article:publisher\" content=\"https:\/\/web.facebook.com\/Congovirtuel-763617960319601\/?ref=aymt_homepage_panel&amp;amp%3bamp%3bamp%3bamp%3bamp%3bamp%3bamp%3bamp%3bamp%3bamp%3bamp%3beid=ARCoxULa66767kIgF_KYav6VdjXTI4yk_LW4yoVO9s6NXpysgb7Cb65vpxcxgqzOAKvIbLQxaAETcqHT\" \/>\n<meta property=\"article:published_time\" content=\"2022-05-11T09:30:11+00:00\" \/>\n<meta property=\"og:image\" content=\"https:\/\/congovirtuel.com\/information\/wp-content\/uploads\/2022\/05\/Shiren.jpg\" \/>\n\t<meta property=\"og:image:width\" content=\"640\" \/>\n\t<meta property=\"og:image:height\" content=\"410\" \/>\n\t<meta property=\"og:image:type\" content=\"image\/jpeg\" \/>\n<meta name=\"author\" content=\"infocongovirtuel\" \/>\n<meta name=\"twitter:card\" content=\"summary_large_image\" \/>\n<meta name=\"twitter:creator\" content=\"@congovirtuel\" \/>\n<meta name=\"twitter:site\" content=\"@congovirtuel\" \/>\n<meta name=\"twitter:label1\" content=\"\u00c9crit par\" \/>\n\t<meta name=\"twitter:data1\" content=\"infocongovirtuel\" \/>\n\t<meta name=\"twitter:label2\" content=\"Dur\u00e9e de lecture estim\u00e9e\" \/>\n\t<meta name=\"twitter:data2\" content=\"2 minutes\" \/>\n<script type=\"application\/ld+json\" class=\"yoast-schema-graph\">{\"@context\":\"https:\\\/\\\/schema.org\",\"@graph\":[{\"@type\":\"Article\",\"@id\":\"https:\\\/\\\/congovirtuel.com\\\/information\\\/une-journaliste-dal-jazeera-tuee-de-sang-froid-par-les-forces-israeliennes\\\/#article\",\"isPartOf\":{\"@id\":\"https:\\\/\\\/congovirtuel.com\\\/information\\\/une-journaliste-dal-jazeera-tuee-de-sang-froid-par-les-forces-israeliennes\\\/\"},\"author\":{\"name\":\"infocongovirtuel\",\"@id\":\"https:\\\/\\\/congovirtuel.com\\\/information\\\/#\\\/schema\\\/person\\\/739a44bf7990966cb53d58d2fdeca0b6\"},\"headline\":\"Une journaliste d\u2019Al Jazeera tu\u00e9e \u00ab de sang-froid \u00bb par les forces isra\u00e9liennes\",\"datePublished\":\"2022-05-11T09:30:11+00:00\",\"mainEntityOfPage\":{\"@id\":\"https:\\\/\\\/congovirtuel.com\\\/information\\\/une-journaliste-dal-jazeera-tuee-de-sang-froid-par-les-forces-israeliennes\\\/\"},\"wordCount\":413,\"commentCount\":0,\"publisher\":{\"@id\":\"https:\\\/\\\/congovirtuel.com\\\/information\\\/#organization\"},\"image\":{\"@id\":\"https:\\\/\\\/congovirtuel.com\\\/information\\\/une-journaliste-dal-jazeera-tuee-de-sang-froid-par-les-forces-israeliennes\\\/#primaryimage\"},\"thumbnailUrl\":\"https:\\\/\\\/congovirtuel.com\\\/information\\\/wp-content\\\/uploads\\\/2022\\\/05\\\/Shiren.jpg\",\"articleSection\":[\"M\u00e9dias\"],\"inLanguage\":\"fr-FR\",\"potentialAction\":[{\"@type\":\"CommentAction\",\"name\":\"Comment\",\"target\":[\"https:\\\/\\\/congovirtuel.com\\\/information\\\/une-journaliste-dal-jazeera-tuee-de-sang-froid-par-les-forces-israeliennes\\\/#respond\"]}]},{\"@type\":\"WebPage\",\"@id\":\"https:\\\/\\\/congovirtuel.com\\\/information\\\/une-journaliste-dal-jazeera-tuee-de-sang-froid-par-les-forces-israeliennes\\\/\",\"url\":\"https:\\\/\\\/congovirtuel.com\\\/information\\\/une-journaliste-dal-jazeera-tuee-de-sang-froid-par-les-forces-israeliennes\\\/\",\"name\":\"Une journaliste d\u2019Al Jazeera tu\u00e9e \u00ab de sang-froid \u00bb par les forces isra\u00e9liennes - Actualit\u00e9s congolaises et internationales\",\"isPartOf\":{\"@id\":\"https:\\\/\\\/congovirtuel.com\\\/information\\\/#website\"},\"primaryImageOfPage\":{\"@id\":\"https:\\\/\\\/congovirtuel.com\\\/information\\\/une-journaliste-dal-jazeera-tuee-de-sang-froid-par-les-forces-israeliennes\\\/#primaryimage\"},\"image\":{\"@id\":\"https:\\\/\\\/congovirtuel.com\\\/information\\\/une-journaliste-dal-jazeera-tuee-de-sang-froid-par-les-forces-israeliennes\\\/#primaryimage\"},\"thumbnailUrl\":\"https:\\\/\\\/congovirtuel.com\\\/information\\\/wp-content\\\/uploads\\\/2022\\\/05\\\/Shiren.jpg\",\"datePublished\":\"2022-05-11T09:30:11+00:00\",\"breadcrumb\":{\"@id\":\"https:\\\/\\\/congovirtuel.com\\\/information\\\/une-journaliste-dal-jazeera-tuee-de-sang-froid-par-les-forces-israeliennes\\\/#breadcrumb\"},\"inLanguage\":\"fr-FR\",\"potentialAction\":[{\"@type\":\"ReadAction\",\"target\":[\"https:\\\/\\\/congovirtuel.com\\\/information\\\/une-journaliste-dal-jazeera-tuee-de-sang-froid-par-les-forces-israeliennes\\\/\"]}]},{\"@type\":\"ImageObject\",\"inLanguage\":\"fr-FR\",\"@id\":\"https:\\\/\\\/congovirtuel.com\\\/information\\\/une-journaliste-dal-jazeera-tuee-de-sang-froid-par-les-forces-israeliennes\\\/#primaryimage\",\"url\":\"https:\\\/\\\/congovirtuel.com\\\/information\\\/wp-content\\\/uploads\\\/2022\\\/05\\\/Shiren.jpg\",\"contentUrl\":\"https:\\\/\\\/congovirtuel.com\\\/information\\\/wp-content\\\/uploads\\\/2022\\\/05\\\/Shiren.jpg\",\"width\":640,\"height\":410},{\"@type\":\"BreadcrumbList\",\"@id\":\"https:\\\/\\\/congovirtuel.com\\\/information\\\/une-journaliste-dal-jazeera-tuee-de-sang-froid-par-les-forces-israeliennes\\\/#breadcrumb\",\"itemListElement\":[{\"@type\":\"ListItem\",\"position\":1,\"name\":\"Accueil\",\"item\":\"https:\\\/\\\/congovirtuel.com\\\/information\\\/\"},{\"@type\":\"ListItem\",\"position\":2,\"name\":\"Une journaliste d\u2019Al Jazeera tu\u00e9e \u00ab de sang-froid \u00bb par les forces isra\u00e9liennes\"}]},{\"@type\":\"WebSite\",\"@id\":\"https:\\\/\\\/congovirtuel.com\\\/information\\\/#website\",\"url\":\"https:\\\/\\\/congovirtuel.com\\\/information\\\/\",\"name\":\"Actualit\u00e9s congolaises et internationales\",\"description\":\"site d&#039;analyse et de traitement d&#039;information\",\"publisher\":{\"@id\":\"https:\\\/\\\/congovirtuel.com\\\/information\\\/#organization\"},\"potentialAction\":[{\"@type\":\"SearchAction\",\"target\":{\"@type\":\"EntryPoint\",\"urlTemplate\":\"https:\\\/\\\/congovirtuel.com\\\/information\\\/?s={search_term_string}\"},\"query-input\":{\"@type\":\"PropertyValueSpecification\",\"valueRequired\":true,\"valueName\":\"search_term_string\"}}],\"inLanguage\":\"fr-FR\"},{\"@type\":\"Organization\",\"@id\":\"https:\\\/\\\/congovirtuel.com\\\/information\\\/#organization\",\"name\":\"Biblioth\u00e8que Virtuelle de la RDC\",\"url\":\"https:\\\/\\\/congovirtuel.com\\\/information\\\/\",\"logo\":{\"@type\":\"ImageObject\",\"inLanguage\":\"fr-FR\",\"@id\":\"https:\\\/\\\/congovirtuel.com\\\/information\\\/#\\\/schema\\\/logo\\\/image\\\/\",\"url\":\"https:\\\/\\\/congovirtuel.com\\\/information\\\/wp-content\\\/uploads\\\/2018\\\/10\\\/header-info-congovirtuel-vraie.jpg\",\"contentUrl\":\"https:\\\/\\\/congovirtuel.com\\\/information\\\/wp-content\\\/uploads\\\/2018\\\/10\\\/header-info-congovirtuel-vraie.jpg\",\"width\":728,\"height\":90,\"caption\":\"Biblioth\u00e8que Virtuelle de la RDC\"},\"image\":{\"@id\":\"https:\\\/\\\/congovirtuel.com\\\/information\\\/#\\\/schema\\\/logo\\\/image\\\/\"},\"sameAs\":[\"https:\\\/\\\/web.facebook.com\\\/Congovirtuel-763617960319601\\\/?ref=aymt_homepage_panel&amp;amp;amp;amp;amp;amp;amp;amp;amp;amp;amp;eid=ARCoxULa66767kIgF_KYav6VdjXTI4yk_LW4yoVO9s6NXpysgb7Cb65vpxcxgqzOAKvIbLQxaAETcqHT\",\"https:\\\/\\\/x.com\\\/congovirtuel\",\"https:\\\/\\\/www.youtube.com\\\/channel\\\/UCkFfprYzGgS3EWNpeMXpToQ?view_as=subscriber\"]},{\"@type\":\"Person\",\"@id\":\"https:\\\/\\\/congovirtuel.com\\\/information\\\/#\\\/schema\\\/person\\\/739a44bf7990966cb53d58d2fdeca0b6\",\"name\":\"infocongovirtuel\",\"image\":{\"@type\":\"ImageObject\",\"inLanguage\":\"fr-FR\",\"@id\":\"https:\\\/\\\/secure.gravatar.com\\\/avatar\\\/4d76991aa72469f0eb22e772586c99113c6997f88da636a9db8f2ce3a2c05e69?s=96&d=mm&r=g\",\"url\":\"https:\\\/\\\/secure.gravatar.com\\\/avatar\\\/4d76991aa72469f0eb22e772586c99113c6997f88da636a9db8f2ce3a2c05e69?s=96&d=mm&r=g\",\"contentUrl\":\"https:\\\/\\\/secure.gravatar.com\\\/avatar\\\/4d76991aa72469f0eb22e772586c99113c6997f88da636a9db8f2ce3a2c05e69?s=96&d=mm&r=g\",\"caption\":\"infocongovirtuel\"},\"url\":\"https:\\\/\\\/congovirtuel.com\\\/information\\\/author\\\/infocongovirtuel\\\/\"}]}<\/script>\n<!-- \/ Yoast SEO plugin. -->","yoast_head_json":{"title":"Une journaliste d\u2019Al Jazeera tu\u00e9e \u00ab de sang-froid \u00bb par les forces isra\u00e9liennes - Actualit\u00e9s congolaises et internationales","robots":{"index":"index","follow":"follow","max-snippet":"max-snippet:-1","max-image-preview":"max-image-preview:large","max-video-preview":"max-video-preview:-1"},"canonical":"https:\/\/congovirtuel.com\/information\/une-journaliste-dal-jazeera-tuee-de-sang-froid-par-les-forces-israeliennes\/","og_locale":"fr_FR","og_type":"article","og_title":"Une journaliste d\u2019Al Jazeera tu\u00e9e \u00ab de sang-froid \u00bb par les forces isra\u00e9liennes - Actualit\u00e9s congolaises et internationales","og_description":"La journaliste Shireen Abu Akleh, une des plus connues de la cha\u00eene de t\u00e9l\u00e9vision panarabe\u00a0al-Jazeera, a \u00e9t\u00e9 tu\u00e9e mercredi matin par un tir de l\u2019arm\u00e9e isra\u00e9lienne alors qu\u2019elle couvrait des affrontements arm\u00e9s en\u00a0Cisjordanie\u00a0occup\u00e9e, selon des t\u00e9moins, des responsables palestiniens et son employeur. Une femme d\u2019une cinquantaine d\u2019ann\u00e9es Le minist\u00e8re palestinien de la Sant\u00e9 et la cha\u00eene al-Jazeera ont annonc\u00e9 le d\u00e9c\u00e8s de cette journaliste par un tir de l\u2019arm\u00e9e isra\u00e9lienne lors de ces affrontements \u00e0 J\u00e9nine, bastion des factions arm\u00e9es palestiniennes dans le nord de la Cisjordanie occup\u00e9e. Un photographe&hellip;","og_url":"https:\/\/congovirtuel.com\/information\/une-journaliste-dal-jazeera-tuee-de-sang-froid-par-les-forces-israeliennes\/","og_site_name":"Actualit\u00e9s congolaises et internationales","article_publisher":"https:\/\/web.facebook.com\/Congovirtuel-763617960319601\/?ref=aymt_homepage_panel&amp%3bamp%3bamp%3bamp%3bamp%3bamp%3bamp%3bamp%3bamp%3bamp%3bamp%3beid=ARCoxULa66767kIgF_KYav6VdjXTI4yk_LW4yoVO9s6NXpysgb7Cb65vpxcxgqzOAKvIbLQxaAETcqHT","article_published_time":"2022-05-11T09:30:11+00:00","og_image":[{"width":640,"height":410,"url":"https:\/\/congovirtuel.com\/information\/wp-content\/uploads\/2022\/05\/Shiren.jpg","type":"image\/jpeg"}],"author":"infocongovirtuel","twitter_card":"summary_large_image","twitter_creator":"@congovirtuel","twitter_site":"@congovirtuel","twitter_misc":{"\u00c9crit par":"infocongovirtuel","Dur\u00e9e de lecture estim\u00e9e":"2 minutes"},"schema":{"@context":"https:\/\/schema.org","@graph":[{"@type":"Article","@id":"https:\/\/congovirtuel.com\/information\/une-journaliste-dal-jazeera-tuee-de-sang-froid-par-les-forces-israeliennes\/#article","isPartOf":{"@id":"https:\/\/congovirtuel.com\/information\/une-journaliste-dal-jazeera-tuee-de-sang-froid-par-les-forces-israeliennes\/"},"author":{"name":"infocongovirtuel","@id":"https:\/\/congovirtuel.com\/information\/#\/schema\/person\/739a44bf7990966cb53d58d2fdeca0b6"},"headline":"Une journaliste d\u2019Al Jazeera tu\u00e9e \u00ab de sang-froid \u00bb par les forces isra\u00e9liennes","datePublished":"2022-05-11T09:30:11+00:00","mainEntityOfPage":{"@id":"https:\/\/congovirtuel.com\/information\/une-journaliste-dal-jazeera-tuee-de-sang-froid-par-les-forces-israeliennes\/"},"wordCount":413,"commentCount":0,"publisher":{"@id":"https:\/\/congovirtuel.com\/information\/#organization"},"image":{"@id":"https:\/\/congovirtuel.com\/information\/une-journaliste-dal-jazeera-tuee-de-sang-froid-par-les-forces-israeliennes\/#primaryimage"},"thumbnailUrl":"https:\/\/congovirtuel.com\/information\/wp-content\/uploads\/2022\/05\/Shiren.jpg","articleSection":["M\u00e9dias"],"inLanguage":"fr-FR","potentialAction":[{"@type":"CommentAction","name":"Comment","target":["https:\/\/congovirtuel.com\/information\/une-journaliste-dal-jazeera-tuee-de-sang-froid-par-les-forces-israeliennes\/#respond"]}]},{"@type":"WebPage","@id":"https:\/\/congovirtuel.com\/information\/une-journaliste-dal-jazeera-tuee-de-sang-froid-par-les-forces-israeliennes\/","url":"https:\/\/congovirtuel.com\/information\/une-journaliste-dal-jazeera-tuee-de-sang-froid-par-les-forces-israeliennes\/","name":"Une journaliste d\u2019Al Jazeera tu\u00e9e \u00ab de sang-froid \u00bb par les forces isra\u00e9liennes - Actualit\u00e9s congolaises et internationales","isPartOf":{"@id":"https:\/\/congovirtuel.com\/information\/#website"},"primaryImageOfPage":{"@id":"https:\/\/congovirtuel.com\/information\/une-journaliste-dal-jazeera-tuee-de-sang-froid-par-les-forces-israeliennes\/#primaryimage"},"image":{"@id":"https:\/\/congovirtuel.com\/information\/une-journaliste-dal-jazeera-tuee-de-sang-froid-par-les-forces-israeliennes\/#primaryimage"},"thumbnailUrl":"https:\/\/congovirtuel.com\/information\/wp-content\/uploads\/2022\/05\/Shiren.jpg","datePublished":"2022-05-11T09:30:11+00:00","breadcrumb":{"@id":"https:\/\/congovirtuel.com\/information\/une-journaliste-dal-jazeera-tuee-de-sang-froid-par-les-forces-israeliennes\/#breadcrumb"},"inLanguage":"fr-FR","potentialAction":[{"@type":"ReadAction","target":["https:\/\/congovirtuel.com\/information\/une-journaliste-dal-jazeera-tuee-de-sang-froid-par-les-forces-israeliennes\/"]}]},{"@type":"ImageObject","inLanguage":"fr-FR","@id":"https:\/\/congovirtuel.com\/information\/une-journaliste-dal-jazeera-tuee-de-sang-froid-par-les-forces-israeliennes\/#primaryimage","url":"https:\/\/congovirtuel.com\/information\/wp-content\/uploads\/2022\/05\/Shiren.jpg","contentUrl":"https:\/\/congovirtuel.com\/information\/wp-content\/uploads\/2022\/05\/Shiren.jpg","width":640,"height":410},{"@type":"BreadcrumbList","@id":"https:\/\/congovirtuel.com\/information\/une-journaliste-dal-jazeera-tuee-de-sang-froid-par-les-forces-israeliennes\/#breadcrumb","itemListElement":[{"@type":"ListItem","position":1,"name":"Accueil","item":"https:\/\/congovirtuel.com\/information\/"},{"@type":"ListItem","position":2,"name":"Une journaliste d\u2019Al Jazeera tu\u00e9e \u00ab de sang-froid \u00bb par les forces isra\u00e9liennes"}]},{"@type":"WebSite","@id":"https:\/\/congovirtuel.com\/information\/#website","url":"https:\/\/congovirtuel.com\/information\/","name":"Actualit\u00e9s congolaises et internationales","description":"site d&#039;analyse et de traitement d&#039;information","publisher":{"@id":"https:\/\/congovirtuel.com\/information\/#organization"},"potentialAction":[{"@type":"SearchAction","target":{"@type":"EntryPoint","urlTemplate":"https:\/\/congovirtuel.com\/information\/?s={search_term_string}"},"query-input":{"@type":"PropertyValueSpecification","valueRequired":true,"valueName":"search_term_string"}}],"inLanguage":"fr-FR"},{"@type":"Organization","@id":"https:\/\/congovirtuel.com\/information\/#organization","name":"Biblioth\u00e8que Virtuelle de la RDC","url":"https:\/\/congovirtuel.com\/information\/","logo":{"@type":"ImageObject","inLanguage":"fr-FR","@id":"https:\/\/congovirtuel.com\/information\/#\/schema\/logo\/image\/","url":"https:\/\/congovirtuel.com\/information\/wp-content\/uploads\/2018\/10\/header-info-congovirtuel-vraie.jpg","contentUrl":"https:\/\/congovirtuel.com\/information\/wp-content\/uploads\/2018\/10\/header-info-congovirtuel-vraie.jpg","width":728,"height":90,"caption":"Biblioth\u00e8que Virtuelle de la RDC"},"image":{"@id":"https:\/\/congovirtuel.com\/information\/#\/schema\/logo\/image\/"},"sameAs":["https:\/\/web.facebook.com\/Congovirtuel-763617960319601\/?ref=aymt_homepage_panel&amp;amp;amp;amp;amp;amp;amp;amp;amp;amp;amp;eid=ARCoxULa66767kIgF_KYav6VdjXTI4yk_LW4yoVO9s6NXpysgb7Cb65vpxcxgqzOAKvIbLQxaAETcqHT","https:\/\/x.com\/congovirtuel","https:\/\/www.youtube.com\/channel\/UCkFfprYzGgS3EWNpeMXpToQ?view_as=subscriber"]},{"@type":"Person","@id":"https:\/\/congovirtuel.com\/information\/#\/schema\/person\/739a44bf7990966cb53d58d2fdeca0b6","name":"infocongovirtuel","image":{"@type":"ImageObject","inLanguage":"fr-FR","@id":"https:\/\/secure.gravatar.com\/avatar\/4d76991aa72469f0eb22e772586c99113c6997f88da636a9db8f2ce3a2c05e69?s=96&d=mm&r=g","url":"https:\/\/secure.gravatar.com\/avatar\/4d76991aa72469f0eb22e772586c99113c6997f88da636a9db8f2ce3a2c05e69?s=96&d=mm&r=g","contentUrl":"https:\/\/secure.gravatar.com\/avatar\/4d76991aa72469f0eb22e772586c99113c6997f88da636a9db8f2ce3a2c05e69?s=96&d=mm&r=g","caption":"infocongovirtuel"},"url":"https:\/\/congovirtuel.com\/information\/author\/infocongovirtuel\/"}]}},"gt_translate_keys":[{"key":"link","format":"url"}],"_links":{"self":[{"href":"https:\/\/congovirtuel.com\/information\/wp-json\/wp\/v2\/posts\/18956","targetHints":{"allow":["GET"]}}],"collection":[{"href":"https:\/\/congovirtuel.com\/information\/wp-json\/wp\/v2\/posts"}],"about":[{"href":"https:\/\/congovirtuel.com\/information\/wp-json\/wp\/v2\/types\/post"}],"author":[{"embeddable":true,"href":"https:\/\/congovirtuel.com\/information\/wp-json\/wp\/v2\/users\/1"}],"replies":[{"embeddable":true,"href":"https:\/\/congovirtuel.com\/information\/wp-json\/wp\/v2\/comments?post=18956"}],"version-history":[{"count":1,"href":"https:\/\/congovirtuel.com\/information\/wp-json\/wp\/v2\/posts\/18956\/revisions"}],"predecessor-version":[{"id":18958,"href":"https:\/\/congovirtuel.com\/information\/wp-json\/wp\/v2\/posts\/18956\/revisions\/18958"}],"wp:featuredmedia":[{"embeddable":true,"href":"https:\/\/congovirtuel.com\/information\/wp-json\/wp\/v2\/media\/18957"}],"wp:attachment":[{"href":"https:\/\/congovirtuel.com\/information\/wp-json\/wp\/v2\/media?parent=18956"}],"wp:term":[{"taxonomy":"category","embeddable":true,"href":"https:\/\/congovirtuel.com\/information\/wp-json\/wp\/v2\/categories?post=18956"},{"taxonomy":"post_tag","embeddable":true,"href":"https:\/\/congovirtuel.com\/information\/wp-json\/wp\/v2\/tags?post=18956"}],"curies":[{"name":"wp","href":"https:\/\/api.w.org\/{rel}","templated":true}]}}