{"id":19138,"date":"2022-05-25T07:00:16","date_gmt":"2022-05-25T06:00:16","guid":{"rendered":"https:\/\/congovirtuel.com\/information\/?p=19138"},"modified":"2022-05-25T07:00:16","modified_gmt":"2022-05-25T06:00:16","slug":"usa-21-morts-lors-de-la-fusillade-de-robb-j-biden-se-dit-ecoeurer-et-fatiguer","status":"publish","type":"post","link":"https:\/\/congovirtuel.com\/information\/usa-21-morts-lors-de-la-fusillade-de-robb-j-biden-se-dit-ecoeurer-et-fatiguer\/","title":{"rendered":"USA: 21 morts lors de la fusillade de Robb, J. Biden se dit \u00e9c\u0153urer et fatiguer","gt_translate_keys":[{"key":"rendered","format":"text"}]},"content":{"rendered":"<p>USA: 21 morts lors de la fusillade de Robb, J. Biden se dit \u00e9coeur\u00e9 et fatigu\u00e9<\/p>\n<p>Vingt et une personnes ont \u00e9t\u00e9 tu\u00e9es &#8211; 19 enfants et deux adultes &#8211; dans la fusillade qui a endeuill\u00e9 mardi 24 mai une \u00e9cole primaire du Texas.<\/p>\n<p>Le suspect, un jeune homme \u00e2g\u00e9 de 18 ans, a tu\u00e9 19 enfants et deux adultes, \u00ab d&rsquo;une fa\u00e7on atroce et insens\u00e9e \u00bb dans la ville d&rsquo;Uvalde, a d\u00e9clar\u00e9 le gouverneur r\u00e9publicain du Texas Greg Abbott lors d&rsquo;une conf\u00e9rence de presse. Plus d&rsquo;une douzaine d&rsquo;\u00e9l\u00e8ves sont encore hospitalis\u00e9s.<\/p>\n<p>Le tireur pr\u00e9sum\u00e9, identifi\u00e9 comme Salvador Ramos, est lui aussi d\u00e9c\u00e9d\u00e9 dans cette tuerie qui a touch\u00e9 la commune situ\u00e9e \u00e0 environ 130 kilom\u00e8tres \u00e0 l&rsquo;ouest de San Antonio. Il aurait d&rsquo;abord tir\u00e9 sur sa grand-m\u00e8re, avant de se rendre \u00e0 l&rsquo;\u00e9cole et \u00ab d&rsquo;abandonner sa voiture \u00bb pour entrer dans le b\u00e2timent avec \u00ab une arme de poing \u00bb et peut-\u00eatre \u00ab un fusil \u00bb, selon le gouverneur.<\/p>\n<p>La fusillade s&rsquo;est produite \u00e0 l&rsquo;\u00e9cole primaire Robb, qui accueille 600 enfants \u00e2g\u00e9s de 5 \u00e0 11 ans \u00e0 Uvalde. Cette attaque constitue l&rsquo;une des pires dans une \u00e9cole depuis des ann\u00e9es. La police \u00e9tudie le passif du jeune homme et ses traces num\u00e9riques pour trouver son motif, qui reste pour l&rsquo;instant un myst\u00e8re.<\/p>\n<p>\u00ab Le minist\u00e8re de la s\u00e9curit\u00e9 publique participe \u00e0 l\u2019enqu\u00eate, qui pour le moment nous porte \u00e0 croire que le suspect a agi seul pour commettre cet acte de haine, a expliqu\u00e9 la police d&rsquo;Uvalde lors d&rsquo;une conf\u00e9rence de presse. Les familles ont \u00e9t\u00e9 pr\u00e9venues, et nous leur portons assistance, comme le district le doit. Pour ce qui est du reste, des mesures de s\u00e9curit\u00e9 ont \u00e9t\u00e9 prises dans toute notre ville, et de nombreux membres des forces de l\u2019ordre font en sorte que les \u00e9l\u00e8ves sortent de l\u2019\u00e9cole en toute s\u00e9curit\u00e9. Nos pri\u00e8res, et nous l\u2019esp\u00e9rons les v\u00f4tres, vont \u00e0 toutes les familles. \u00bb<\/p>\n<p>Les forces de l&rsquo;ordre, \u00e9paul\u00e9es par les gardes fronti\u00e8res pr\u00e9sents en nombres dans cette r\u00e9gion frontali\u00e8re a 1h de route du Mexique ont boucl\u00e9 la zone, rapporte notre correspondant \u00e0 Houston, Thomas Harms. Au Texas, les gens sont sous le choc. La communaut\u00e9 d\u2019Uvalde est principalement rurale, forte de pr\u00e8s de 16 000 habitant et compos\u00e9e \u00e0 78 % d\u2019hispaniques.<\/p>\n<p>Biden s&rsquo;en prend au lobby des armes<br \/>\n\u00ab Quand pour l&rsquo;amour de Dieu allons-nous affronter le lobby des armes? \u00bb, a lanc\u00e9 Joe Biden visiblement \u00e9mu, quelques heures apr\u00e8s la fusillade. \u00ab Je suis \u00e9coeur\u00e9 et fatigu\u00e9 \u00bb, a-t-il ajout\u00e9. \u00ab Il est temps de transformer cette douleur en action pour chaque parent, pour chaque citoyen de ce pays \u00bb, a-t-il lanc\u00e9, d\u00e9non\u00e7ant \u00ab ceux qui emp\u00eachent ou repoussent ou bloquent des lois de bon sens sur les armes \u00e0 feu \u00bb.<\/p>\n<p>La Maison Blanche a par ailleurs ordonn\u00e9 la mise en berne des drapeaux dans tous les b\u00e2timents publics pour \u00ab honorer les victimes \u00bb d&rsquo;Uvalde. \u00ab Trop, c&rsquo;est trop \u00bb, s&rsquo;est emport\u00e9e la vice-pr\u00e9sidente Kamala Harris. \u00ab Nos coeurs continuent d&rsquo;\u00eatre bris\u00e9s \u00bb, a-t-elle d\u00e9clar\u00e9. \u00ab Nous devons trouver le courage d&rsquo;agir \u00bb, a-t-elle ajout\u00e9 \u00e0 l&rsquo;adresse du Congr\u00e8s, impuissant \u00e0 l\u00e9gif\u00e9rer malgr\u00e9 les trag\u00e9dies.<\/p>\n<p>Forte \u00e9motion aussi au Capitole, rapporte notre correspondant David Thomson. \u00ab Qu\u2019est ce qu\u2019on fait maintenant, qu\u2019est ce qu\u2019on fait maintenant ? a demand\u00e9 le s\u00e9nateur Chris Murphy \u00e0 ses coll\u00e8gues. Il y a plus de tuerie de masse dans ce pays dit il que de jour dans l\u2019ann\u00e9e. \u00bb Chris Murphy est s\u00e9nateur du Connecticut, l\u2019Etat o\u00f9 se trouve l\u2019\u00e9cole de Sandy Hook o\u00f9 28 personnes dont 20 enfants avaient \u00e9t\u00e9 tu\u00e9s en 2012. \u00ab Nous avons maintenant un nouveau Sandy Hook \u00bb, a d\u00e9plor\u00e9 le s\u00e9nateur qui a demand\u00e9 les larmes aux yeux plus de contr\u00f4le sur les armes a feu aux Etats-Unis.<\/p>\n<p>Le s\u00e9nateur du Texas Ted Cruz a dit \u00eatre horrifi\u00e9 mais a tout de suite pr\u00e9cis\u00e9 que selon lui le contr\u00f4le des armes n&rsquo;est pas la solution. Il pr\u00f4ne plus de policiers arm\u00e9s notamment dans les \u00e9coles. Plusieurs \u00e9lus d\u00e9mocrates du Texas ont par ailleurs appel\u00e9 a des veill\u00e9es en m\u00e9moires des jeunes victimes.<\/p>\n<p>RFI<\/p>\n","protected":false,"gt_translate_keys":[{"key":"rendered","format":"html"}]},"excerpt":{"rendered":"<p>USA: 21 morts lors de la fusillade de Robb, J. Biden se dit \u00e9coeur\u00e9 et fatigu\u00e9 Vingt et une personnes ont \u00e9t\u00e9 tu\u00e9es &#8211; 19 enfants et deux adultes &#8211; dans la fusillade qui a endeuill\u00e9 mardi 24 mai une \u00e9cole primaire du Texas. Le suspect, un jeune homme \u00e2g\u00e9 de 18 ans, a tu\u00e9 19 enfants et deux adultes, \u00ab d&rsquo;une fa\u00e7on atroce et insens\u00e9e \u00bb dans la ville d&rsquo;Uvalde, a d\u00e9clar\u00e9 le gouverneur r\u00e9publicain du Texas Greg Abbott lors d&rsquo;une conf\u00e9rence de presse. Plus d&rsquo;une douzaine d&rsquo;\u00e9l\u00e8ves sont&hellip;<\/p>\n","protected":false,"gt_translate_keys":[{"key":"rendered","format":"html"}]},"author":1,"featured_media":4828,"comment_status":"open","ping_status":"open","sticky":false,"template":"","format":"standard","meta":{"_crdt_document":"","footnotes":""},"categories":[9],"tags":[],"class_list":["post-19138","post","type-post","status-publish","format-standard","has-post-thumbnail","hentry","category-usa"],"gutentor_comment":0,"yoast_head":"<!-- This site is optimized with the Yoast SEO plugin v27.5 - https:\/\/yoast.com\/product\/yoast-seo-wordpress\/ -->\n<title>USA: 21 morts lors de la fusillade de Robb, J. Biden se dit \u00e9c\u0153urer et fatiguer - Actualit\u00e9s congolaises et internationales<\/title>\n<meta name=\"robots\" content=\"index, follow, max-snippet:-1, max-image-preview:large, max-video-preview:-1\" \/>\n<link rel=\"canonical\" href=\"https:\/\/congovirtuel.com\/information\/usa-21-morts-lors-de-la-fusillade-de-robb-j-biden-se-dit-ecoeurer-et-fatiguer\/\" \/>\n<meta property=\"og:locale\" content=\"fr_FR\" \/>\n<meta property=\"og:type\" content=\"article\" \/>\n<meta property=\"og:title\" content=\"USA: 21 morts lors de la fusillade de Robb, J. Biden se dit \u00e9c\u0153urer et fatiguer - Actualit\u00e9s congolaises et internationales\" \/>\n<meta property=\"og:description\" content=\"USA: 21 morts lors de la fusillade de Robb, J. Biden se dit \u00e9coeur\u00e9 et fatigu\u00e9 Vingt et une personnes ont \u00e9t\u00e9 tu\u00e9es &#8211; 19 enfants et deux adultes &#8211; dans la fusillade qui a endeuill\u00e9 mardi 24 mai une \u00e9cole primaire du Texas. Le suspect, un jeune homme \u00e2g\u00e9 de 18 ans, a tu\u00e9 19 enfants et deux adultes, \u00ab d&rsquo;une fa\u00e7on atroce et insens\u00e9e \u00bb dans la ville d&rsquo;Uvalde, a d\u00e9clar\u00e9 le gouverneur r\u00e9publicain du Texas Greg Abbott lors d&rsquo;une conf\u00e9rence de presse. Plus d&rsquo;une douzaine d&rsquo;\u00e9l\u00e8ves sont&hellip;\" \/>\n<meta property=\"og:url\" content=\"https:\/\/congovirtuel.com\/information\/usa-21-morts-lors-de-la-fusillade-de-robb-j-biden-se-dit-ecoeurer-et-fatiguer\/\" \/>\n<meta property=\"og:site_name\" content=\"Actualit\u00e9s congolaises et internationales\" \/>\n<meta property=\"article:publisher\" content=\"https:\/\/web.facebook.com\/Congovirtuel-763617960319601\/?ref=aymt_homepage_panel&amp;amp%3bamp%3bamp%3bamp%3bamp%3bamp%3bamp%3bamp%3bamp%3bamp%3bamp%3beid=ARCoxULa66767kIgF_KYav6VdjXTI4yk_LW4yoVO9s6NXpysgb7Cb65vpxcxgqzOAKvIbLQxaAETcqHT\" \/>\n<meta property=\"article:published_time\" content=\"2022-05-25T06:00:16+00:00\" \/>\n<meta property=\"og:image\" content=\"https:\/\/congovirtuel.com\/information\/wp-content\/uploads\/2020\/12\/biden_two.jpg\" \/>\n\t<meta property=\"og:image:width\" content=\"980\" \/>\n\t<meta property=\"og:image:height\" content=\"426\" \/>\n\t<meta property=\"og:image:type\" content=\"image\/jpeg\" \/>\n<meta name=\"author\" content=\"infocongovirtuel\" \/>\n<meta name=\"twitter:card\" content=\"summary_large_image\" \/>\n<meta name=\"twitter:creator\" content=\"@congovirtuel\" \/>\n<meta name=\"twitter:site\" content=\"@congovirtuel\" \/>\n<meta name=\"twitter:label1\" content=\"\u00c9crit par\" \/>\n\t<meta name=\"twitter:data1\" content=\"infocongovirtuel\" \/>\n\t<meta name=\"twitter:label2\" content=\"Dur\u00e9e de lecture estim\u00e9e\" \/>\n\t<meta name=\"twitter:data2\" content=\"4 minutes\" \/>\n<script type=\"application\/ld+json\" class=\"yoast-schema-graph\">{\"@context\":\"https:\\\/\\\/schema.org\",\"@graph\":[{\"@type\":\"Article\",\"@id\":\"https:\\\/\\\/congovirtuel.com\\\/information\\\/usa-21-morts-lors-de-la-fusillade-de-robb-j-biden-se-dit-ecoeurer-et-fatiguer\\\/#article\",\"isPartOf\":{\"@id\":\"https:\\\/\\\/congovirtuel.com\\\/information\\\/usa-21-morts-lors-de-la-fusillade-de-robb-j-biden-se-dit-ecoeurer-et-fatiguer\\\/\"},\"author\":{\"name\":\"infocongovirtuel\",\"@id\":\"https:\\\/\\\/congovirtuel.com\\\/information\\\/#\\\/schema\\\/person\\\/739a44bf7990966cb53d58d2fdeca0b6\"},\"headline\":\"USA: 21 morts lors de la fusillade de Robb, J. Biden se dit \u00e9c\u0153urer et fatiguer\",\"datePublished\":\"2022-05-25T06:00:16+00:00\",\"mainEntityOfPage\":{\"@id\":\"https:\\\/\\\/congovirtuel.com\\\/information\\\/usa-21-morts-lors-de-la-fusillade-de-robb-j-biden-se-dit-ecoeurer-et-fatiguer\\\/\"},\"wordCount\":746,\"commentCount\":0,\"publisher\":{\"@id\":\"https:\\\/\\\/congovirtuel.com\\\/information\\\/#organization\"},\"image\":{\"@id\":\"https:\\\/\\\/congovirtuel.com\\\/information\\\/usa-21-morts-lors-de-la-fusillade-de-robb-j-biden-se-dit-ecoeurer-et-fatiguer\\\/#primaryimage\"},\"thumbnailUrl\":\"https:\\\/\\\/congovirtuel.com\\\/information\\\/wp-content\\\/uploads\\\/2020\\\/12\\\/biden_two.jpg\",\"articleSection\":[\"USA\"],\"inLanguage\":\"fr-FR\",\"potentialAction\":[{\"@type\":\"CommentAction\",\"name\":\"Comment\",\"target\":[\"https:\\\/\\\/congovirtuel.com\\\/information\\\/usa-21-morts-lors-de-la-fusillade-de-robb-j-biden-se-dit-ecoeurer-et-fatiguer\\\/#respond\"]}]},{\"@type\":\"WebPage\",\"@id\":\"https:\\\/\\\/congovirtuel.com\\\/information\\\/usa-21-morts-lors-de-la-fusillade-de-robb-j-biden-se-dit-ecoeurer-et-fatiguer\\\/\",\"url\":\"https:\\\/\\\/congovirtuel.com\\\/information\\\/usa-21-morts-lors-de-la-fusillade-de-robb-j-biden-se-dit-ecoeurer-et-fatiguer\\\/\",\"name\":\"USA: 21 morts lors de la fusillade de Robb, J. Biden se dit \u00e9c\u0153urer et fatiguer - Actualit\u00e9s congolaises et internationales\",\"isPartOf\":{\"@id\":\"https:\\\/\\\/congovirtuel.com\\\/information\\\/#website\"},\"primaryImageOfPage\":{\"@id\":\"https:\\\/\\\/congovirtuel.com\\\/information\\\/usa-21-morts-lors-de-la-fusillade-de-robb-j-biden-se-dit-ecoeurer-et-fatiguer\\\/#primaryimage\"},\"image\":{\"@id\":\"https:\\\/\\\/congovirtuel.com\\\/information\\\/usa-21-morts-lors-de-la-fusillade-de-robb-j-biden-se-dit-ecoeurer-et-fatiguer\\\/#primaryimage\"},\"thumbnailUrl\":\"https:\\\/\\\/congovirtuel.com\\\/information\\\/wp-content\\\/uploads\\\/2020\\\/12\\\/biden_two.jpg\",\"datePublished\":\"2022-05-25T06:00:16+00:00\",\"breadcrumb\":{\"@id\":\"https:\\\/\\\/congovirtuel.com\\\/information\\\/usa-21-morts-lors-de-la-fusillade-de-robb-j-biden-se-dit-ecoeurer-et-fatiguer\\\/#breadcrumb\"},\"inLanguage\":\"fr-FR\",\"potentialAction\":[{\"@type\":\"ReadAction\",\"target\":[\"https:\\\/\\\/congovirtuel.com\\\/information\\\/usa-21-morts-lors-de-la-fusillade-de-robb-j-biden-se-dit-ecoeurer-et-fatiguer\\\/\"]}]},{\"@type\":\"ImageObject\",\"inLanguage\":\"fr-FR\",\"@id\":\"https:\\\/\\\/congovirtuel.com\\\/information\\\/usa-21-morts-lors-de-la-fusillade-de-robb-j-biden-se-dit-ecoeurer-et-fatiguer\\\/#primaryimage\",\"url\":\"https:\\\/\\\/congovirtuel.com\\\/information\\\/wp-content\\\/uploads\\\/2020\\\/12\\\/biden_two.jpg\",\"contentUrl\":\"https:\\\/\\\/congovirtuel.com\\\/information\\\/wp-content\\\/uploads\\\/2020\\\/12\\\/biden_two.jpg\",\"width\":980,\"height\":426,\"caption\":\"biden\"},{\"@type\":\"BreadcrumbList\",\"@id\":\"https:\\\/\\\/congovirtuel.com\\\/information\\\/usa-21-morts-lors-de-la-fusillade-de-robb-j-biden-se-dit-ecoeurer-et-fatiguer\\\/#breadcrumb\",\"itemListElement\":[{\"@type\":\"ListItem\",\"position\":1,\"name\":\"Accueil\",\"item\":\"https:\\\/\\\/congovirtuel.com\\\/information\\\/\"},{\"@type\":\"ListItem\",\"position\":2,\"name\":\"USA: 21 morts lors de la fusillade de Robb, J. Biden se dit \u00e9c\u0153urer et fatiguer\"}]},{\"@type\":\"WebSite\",\"@id\":\"https:\\\/\\\/congovirtuel.com\\\/information\\\/#website\",\"url\":\"https:\\\/\\\/congovirtuel.com\\\/information\\\/\",\"name\":\"Actualit\u00e9s congolaises et internationales\",\"description\":\"site d&#039;analyse et de traitement d&#039;information\",\"publisher\":{\"@id\":\"https:\\\/\\\/congovirtuel.com\\\/information\\\/#organization\"},\"potentialAction\":[{\"@type\":\"SearchAction\",\"target\":{\"@type\":\"EntryPoint\",\"urlTemplate\":\"https:\\\/\\\/congovirtuel.com\\\/information\\\/?s={search_term_string}\"},\"query-input\":{\"@type\":\"PropertyValueSpecification\",\"valueRequired\":true,\"valueName\":\"search_term_string\"}}],\"inLanguage\":\"fr-FR\"},{\"@type\":\"Organization\",\"@id\":\"https:\\\/\\\/congovirtuel.com\\\/information\\\/#organization\",\"name\":\"Biblioth\u00e8que Virtuelle de la RDC\",\"url\":\"https:\\\/\\\/congovirtuel.com\\\/information\\\/\",\"logo\":{\"@type\":\"ImageObject\",\"inLanguage\":\"fr-FR\",\"@id\":\"https:\\\/\\\/congovirtuel.com\\\/information\\\/#\\\/schema\\\/logo\\\/image\\\/\",\"url\":\"https:\\\/\\\/congovirtuel.com\\\/information\\\/wp-content\\\/uploads\\\/2018\\\/10\\\/header-info-congovirtuel-vraie.jpg\",\"contentUrl\":\"https:\\\/\\\/congovirtuel.com\\\/information\\\/wp-content\\\/uploads\\\/2018\\\/10\\\/header-info-congovirtuel-vraie.jpg\",\"width\":728,\"height\":90,\"caption\":\"Biblioth\u00e8que Virtuelle de la RDC\"},\"image\":{\"@id\":\"https:\\\/\\\/congovirtuel.com\\\/information\\\/#\\\/schema\\\/logo\\\/image\\\/\"},\"sameAs\":[\"https:\\\/\\\/web.facebook.com\\\/Congovirtuel-763617960319601\\\/?ref=aymt_homepage_panel&amp;amp;amp;amp;amp;amp;amp;amp;amp;amp;amp;eid=ARCoxULa66767kIgF_KYav6VdjXTI4yk_LW4yoVO9s6NXpysgb7Cb65vpxcxgqzOAKvIbLQxaAETcqHT\",\"https:\\\/\\\/x.com\\\/congovirtuel\",\"https:\\\/\\\/www.youtube.com\\\/channel\\\/UCkFfprYzGgS3EWNpeMXpToQ?view_as=subscriber\"]},{\"@type\":\"Person\",\"@id\":\"https:\\\/\\\/congovirtuel.com\\\/information\\\/#\\\/schema\\\/person\\\/739a44bf7990966cb53d58d2fdeca0b6\",\"name\":\"infocongovirtuel\",\"image\":{\"@type\":\"ImageObject\",\"inLanguage\":\"fr-FR\",\"@id\":\"https:\\\/\\\/secure.gravatar.com\\\/avatar\\\/4d76991aa72469f0eb22e772586c99113c6997f88da636a9db8f2ce3a2c05e69?s=96&d=mm&r=g\",\"url\":\"https:\\\/\\\/secure.gravatar.com\\\/avatar\\\/4d76991aa72469f0eb22e772586c99113c6997f88da636a9db8f2ce3a2c05e69?s=96&d=mm&r=g\",\"contentUrl\":\"https:\\\/\\\/secure.gravatar.com\\\/avatar\\\/4d76991aa72469f0eb22e772586c99113c6997f88da636a9db8f2ce3a2c05e69?s=96&d=mm&r=g\",\"caption\":\"infocongovirtuel\"},\"url\":\"https:\\\/\\\/congovirtuel.com\\\/information\\\/author\\\/infocongovirtuel\\\/\"}]}<\/script>\n<!-- \/ Yoast SEO plugin. -->","yoast_head_json":{"title":"USA: 21 morts lors de la fusillade de Robb, J. Biden se dit \u00e9c\u0153urer et fatiguer - Actualit\u00e9s congolaises et internationales","robots":{"index":"index","follow":"follow","max-snippet":"max-snippet:-1","max-image-preview":"max-image-preview:large","max-video-preview":"max-video-preview:-1"},"canonical":"https:\/\/congovirtuel.com\/information\/usa-21-morts-lors-de-la-fusillade-de-robb-j-biden-se-dit-ecoeurer-et-fatiguer\/","og_locale":"fr_FR","og_type":"article","og_title":"USA: 21 morts lors de la fusillade de Robb, J. Biden se dit \u00e9c\u0153urer et fatiguer - Actualit\u00e9s congolaises et internationales","og_description":"USA: 21 morts lors de la fusillade de Robb, J. Biden se dit \u00e9coeur\u00e9 et fatigu\u00e9 Vingt et une personnes ont \u00e9t\u00e9 tu\u00e9es &#8211; 19 enfants et deux adultes &#8211; dans la fusillade qui a endeuill\u00e9 mardi 24 mai une \u00e9cole primaire du Texas. Le suspect, un jeune homme \u00e2g\u00e9 de 18 ans, a tu\u00e9 19 enfants et deux adultes, \u00ab d&rsquo;une fa\u00e7on atroce et insens\u00e9e \u00bb dans la ville d&rsquo;Uvalde, a d\u00e9clar\u00e9 le gouverneur r\u00e9publicain du Texas Greg Abbott lors d&rsquo;une conf\u00e9rence de presse. Plus d&rsquo;une douzaine d&rsquo;\u00e9l\u00e8ves sont&hellip;","og_url":"https:\/\/congovirtuel.com\/information\/usa-21-morts-lors-de-la-fusillade-de-robb-j-biden-se-dit-ecoeurer-et-fatiguer\/","og_site_name":"Actualit\u00e9s congolaises et internationales","article_publisher":"https:\/\/web.facebook.com\/Congovirtuel-763617960319601\/?ref=aymt_homepage_panel&amp%3bamp%3bamp%3bamp%3bamp%3bamp%3bamp%3bamp%3bamp%3bamp%3bamp%3beid=ARCoxULa66767kIgF_KYav6VdjXTI4yk_LW4yoVO9s6NXpysgb7Cb65vpxcxgqzOAKvIbLQxaAETcqHT","article_published_time":"2022-05-25T06:00:16+00:00","og_image":[{"width":980,"height":426,"url":"https:\/\/congovirtuel.com\/information\/wp-content\/uploads\/2020\/12\/biden_two.jpg","type":"image\/jpeg"}],"author":"infocongovirtuel","twitter_card":"summary_large_image","twitter_creator":"@congovirtuel","twitter_site":"@congovirtuel","twitter_misc":{"\u00c9crit par":"infocongovirtuel","Dur\u00e9e de lecture estim\u00e9e":"4 minutes"},"schema":{"@context":"https:\/\/schema.org","@graph":[{"@type":"Article","@id":"https:\/\/congovirtuel.com\/information\/usa-21-morts-lors-de-la-fusillade-de-robb-j-biden-se-dit-ecoeurer-et-fatiguer\/#article","isPartOf":{"@id":"https:\/\/congovirtuel.com\/information\/usa-21-morts-lors-de-la-fusillade-de-robb-j-biden-se-dit-ecoeurer-et-fatiguer\/"},"author":{"name":"infocongovirtuel","@id":"https:\/\/congovirtuel.com\/information\/#\/schema\/person\/739a44bf7990966cb53d58d2fdeca0b6"},"headline":"USA: 21 morts lors de la fusillade de Robb, J. Biden se dit \u00e9c\u0153urer et fatiguer","datePublished":"2022-05-25T06:00:16+00:00","mainEntityOfPage":{"@id":"https:\/\/congovirtuel.com\/information\/usa-21-morts-lors-de-la-fusillade-de-robb-j-biden-se-dit-ecoeurer-et-fatiguer\/"},"wordCount":746,"commentCount":0,"publisher":{"@id":"https:\/\/congovirtuel.com\/information\/#organization"},"image":{"@id":"https:\/\/congovirtuel.com\/information\/usa-21-morts-lors-de-la-fusillade-de-robb-j-biden-se-dit-ecoeurer-et-fatiguer\/#primaryimage"},"thumbnailUrl":"https:\/\/congovirtuel.com\/information\/wp-content\/uploads\/2020\/12\/biden_two.jpg","articleSection":["USA"],"inLanguage":"fr-FR","potentialAction":[{"@type":"CommentAction","name":"Comment","target":["https:\/\/congovirtuel.com\/information\/usa-21-morts-lors-de-la-fusillade-de-robb-j-biden-se-dit-ecoeurer-et-fatiguer\/#respond"]}]},{"@type":"WebPage","@id":"https:\/\/congovirtuel.com\/information\/usa-21-morts-lors-de-la-fusillade-de-robb-j-biden-se-dit-ecoeurer-et-fatiguer\/","url":"https:\/\/congovirtuel.com\/information\/usa-21-morts-lors-de-la-fusillade-de-robb-j-biden-se-dit-ecoeurer-et-fatiguer\/","name":"USA: 21 morts lors de la fusillade de Robb, J. Biden se dit \u00e9c\u0153urer et fatiguer - Actualit\u00e9s congolaises et internationales","isPartOf":{"@id":"https:\/\/congovirtuel.com\/information\/#website"},"primaryImageOfPage":{"@id":"https:\/\/congovirtuel.com\/information\/usa-21-morts-lors-de-la-fusillade-de-robb-j-biden-se-dit-ecoeurer-et-fatiguer\/#primaryimage"},"image":{"@id":"https:\/\/congovirtuel.com\/information\/usa-21-morts-lors-de-la-fusillade-de-robb-j-biden-se-dit-ecoeurer-et-fatiguer\/#primaryimage"},"thumbnailUrl":"https:\/\/congovirtuel.com\/information\/wp-content\/uploads\/2020\/12\/biden_two.jpg","datePublished":"2022-05-25T06:00:16+00:00","breadcrumb":{"@id":"https:\/\/congovirtuel.com\/information\/usa-21-morts-lors-de-la-fusillade-de-robb-j-biden-se-dit-ecoeurer-et-fatiguer\/#breadcrumb"},"inLanguage":"fr-FR","potentialAction":[{"@type":"ReadAction","target":["https:\/\/congovirtuel.com\/information\/usa-21-morts-lors-de-la-fusillade-de-robb-j-biden-se-dit-ecoeurer-et-fatiguer\/"]}]},{"@type":"ImageObject","inLanguage":"fr-FR","@id":"https:\/\/congovirtuel.com\/information\/usa-21-morts-lors-de-la-fusillade-de-robb-j-biden-se-dit-ecoeurer-et-fatiguer\/#primaryimage","url":"https:\/\/congovirtuel.com\/information\/wp-content\/uploads\/2020\/12\/biden_two.jpg","contentUrl":"https:\/\/congovirtuel.com\/information\/wp-content\/uploads\/2020\/12\/biden_two.jpg","width":980,"height":426,"caption":"biden"},{"@type":"BreadcrumbList","@id":"https:\/\/congovirtuel.com\/information\/usa-21-morts-lors-de-la-fusillade-de-robb-j-biden-se-dit-ecoeurer-et-fatiguer\/#breadcrumb","itemListElement":[{"@type":"ListItem","position":1,"name":"Accueil","item":"https:\/\/congovirtuel.com\/information\/"},{"@type":"ListItem","position":2,"name":"USA: 21 morts lors de la fusillade de Robb, J. Biden se dit \u00e9c\u0153urer et fatiguer"}]},{"@type":"WebSite","@id":"https:\/\/congovirtuel.com\/information\/#website","url":"https:\/\/congovirtuel.com\/information\/","name":"Actualit\u00e9s congolaises et internationales","description":"site d&#039;analyse et de traitement d&#039;information","publisher":{"@id":"https:\/\/congovirtuel.com\/information\/#organization"},"potentialAction":[{"@type":"SearchAction","target":{"@type":"EntryPoint","urlTemplate":"https:\/\/congovirtuel.com\/information\/?s={search_term_string}"},"query-input":{"@type":"PropertyValueSpecification","valueRequired":true,"valueName":"search_term_string"}}],"inLanguage":"fr-FR"},{"@type":"Organization","@id":"https:\/\/congovirtuel.com\/information\/#organization","name":"Biblioth\u00e8que Virtuelle de la RDC","url":"https:\/\/congovirtuel.com\/information\/","logo":{"@type":"ImageObject","inLanguage":"fr-FR","@id":"https:\/\/congovirtuel.com\/information\/#\/schema\/logo\/image\/","url":"https:\/\/congovirtuel.com\/information\/wp-content\/uploads\/2018\/10\/header-info-congovirtuel-vraie.jpg","contentUrl":"https:\/\/congovirtuel.com\/information\/wp-content\/uploads\/2018\/10\/header-info-congovirtuel-vraie.jpg","width":728,"height":90,"caption":"Biblioth\u00e8que Virtuelle de la RDC"},"image":{"@id":"https:\/\/congovirtuel.com\/information\/#\/schema\/logo\/image\/"},"sameAs":["https:\/\/web.facebook.com\/Congovirtuel-763617960319601\/?ref=aymt_homepage_panel&amp;amp;amp;amp;amp;amp;amp;amp;amp;amp;amp;eid=ARCoxULa66767kIgF_KYav6VdjXTI4yk_LW4yoVO9s6NXpysgb7Cb65vpxcxgqzOAKvIbLQxaAETcqHT","https:\/\/x.com\/congovirtuel","https:\/\/www.youtube.com\/channel\/UCkFfprYzGgS3EWNpeMXpToQ?view_as=subscriber"]},{"@type":"Person","@id":"https:\/\/congovirtuel.com\/information\/#\/schema\/person\/739a44bf7990966cb53d58d2fdeca0b6","name":"infocongovirtuel","image":{"@type":"ImageObject","inLanguage":"fr-FR","@id":"https:\/\/secure.gravatar.com\/avatar\/4d76991aa72469f0eb22e772586c99113c6997f88da636a9db8f2ce3a2c05e69?s=96&d=mm&r=g","url":"https:\/\/secure.gravatar.com\/avatar\/4d76991aa72469f0eb22e772586c99113c6997f88da636a9db8f2ce3a2c05e69?s=96&d=mm&r=g","contentUrl":"https:\/\/secure.gravatar.com\/avatar\/4d76991aa72469f0eb22e772586c99113c6997f88da636a9db8f2ce3a2c05e69?s=96&d=mm&r=g","caption":"infocongovirtuel"},"url":"https:\/\/congovirtuel.com\/information\/author\/infocongovirtuel\/"}]}},"gt_translate_keys":[{"key":"link","format":"url"}],"_links":{"self":[{"href":"https:\/\/congovirtuel.com\/information\/wp-json\/wp\/v2\/posts\/19138","targetHints":{"allow":["GET"]}}],"collection":[{"href":"https:\/\/congovirtuel.com\/information\/wp-json\/wp\/v2\/posts"}],"about":[{"href":"https:\/\/congovirtuel.com\/information\/wp-json\/wp\/v2\/types\/post"}],"author":[{"embeddable":true,"href":"https:\/\/congovirtuel.com\/information\/wp-json\/wp\/v2\/users\/1"}],"replies":[{"embeddable":true,"href":"https:\/\/congovirtuel.com\/information\/wp-json\/wp\/v2\/comments?post=19138"}],"version-history":[{"count":1,"href":"https:\/\/congovirtuel.com\/information\/wp-json\/wp\/v2\/posts\/19138\/revisions"}],"predecessor-version":[{"id":19139,"href":"https:\/\/congovirtuel.com\/information\/wp-json\/wp\/v2\/posts\/19138\/revisions\/19139"}],"wp:featuredmedia":[{"embeddable":true,"href":"https:\/\/congovirtuel.com\/information\/wp-json\/wp\/v2\/media\/4828"}],"wp:attachment":[{"href":"https:\/\/congovirtuel.com\/information\/wp-json\/wp\/v2\/media?parent=19138"}],"wp:term":[{"taxonomy":"category","embeddable":true,"href":"https:\/\/congovirtuel.com\/information\/wp-json\/wp\/v2\/categories?post=19138"},{"taxonomy":"post_tag","embeddable":true,"href":"https:\/\/congovirtuel.com\/information\/wp-json\/wp\/v2\/tags?post=19138"}],"curies":[{"name":"wp","href":"https:\/\/api.w.org\/{rel}","templated":true}]}}