{"id":1916,"date":"2020-06-14T17:00:47","date_gmt":"2020-06-14T16:00:47","guid":{"rendered":"https:\/\/congovirtuel.com\/information\/?p=1916"},"modified":"2020-06-14T17:00:56","modified_gmt":"2020-06-14T16:00:56","slug":"des-images-de-donald-trump-suscitent-des-speculations-sur-son-etat-de-sante","status":"publish","type":"post","link":"https:\/\/congovirtuel.com\/information\/des-images-de-donald-trump-suscitent-des-speculations-sur-son-etat-de-sante\/","title":{"rendered":"Des images de Donald Trump suscitent des sp\u00e9culations sur son \u00e9tat de sant\u00e9","gt_translate_keys":[{"key":"rendered","format":"text"}]},"content":{"rendered":"\n<p class=\"wp-block-paragraph\">L\u2019\u00e9tat de sant\u00e9 de Donald Trump faisait l\u2019objet de sp\u00e9culations aux Etats-Unis dimanche, le jour de ses 74 ans, apr\u00e8s qu\u2019il eut sembl\u00e9 donner la veille quelques signes de fatigue lors d\u2019une c\u00e9r\u00e9monie.<\/p>\n\n\n\n<p class=\"wp-block-paragraph\">Le pr\u00e9sident am\u00e9ricain avait tenu, malgr\u00e9 la pand\u00e9mie, \u00e0 venir saluer samedi la promotion 2020 de la prestigieuse acad\u00e9mie militaire de West Point, pr\u00e8s de New York.<\/p>\n\n\n\n<p class=\"wp-block-paragraph\">Accus\u00e9 d\u2019avoir cherch\u00e9 \u00e0 politiser l\u2019arm\u00e9e face aux manifestations antiracistes des derni\u00e8res semaines \u00e0 travers le pays, il y a prononc\u00e9 un discours inhabituellement consensuel pour lui qui aime s\u2019\u00e9carter de son prompteur.<\/p>\n\n\n\n<p class=\"wp-block-paragraph\">Invit\u00e9 \u00e0 quitter la sc\u00e8ne apr\u00e8s s\u2019\u00eatre adress\u00e9 aux futures \u00e9lites de l\u2019arm\u00e9e am\u00e9ricaine, il a sembl\u00e9 conna\u00eetre quelques difficult\u00e9s sur la rampe d\u2019acc\u00e8s, descendue \u00e0 petits pas pr\u00e9cautionneux.<\/p>\n\n\n\n<p class=\"wp-block-paragraph\">Des m\u00e9dias am\u00e9ricains ont \u00e9galement relev\u00e9 qu\u2019il avait eu besoin de ses deux mains, au milieu du m\u00eame discours, pour porter un verre d\u2019eau \u00e0 ses l\u00e8vres &#8212; ce qu\u2019il a d\u00e9j\u00e0 fait \u00e0 plusieurs reprises par le pass\u00e9 &#8211;, et qu\u2019il avait pein\u00e9 \u00e0 prononcer correctement le nom du g\u00e9n\u00e9ral Douglas MacArthur, h\u00e9ros de la Seconde Guerre mondiale.<\/p>\n\n\n\n<p class=\"wp-block-paragraph\">Donald Trump s\u2019est charg\u00e9 lui-m\u00eame tard samedi soir sur Twitter de r\u00e9pondre aux interrogations sur sa condition physique.<\/p>\n\n\n\n<p class=\"wp-block-paragraph\">La rampe d\u2019acc\u00e8s \u00e0 l\u2019estrade de West Point \u00e9tait \u00abtr\u00e8s longue et raide, n\u2019avait pas de rambarde et, surtout, \u00e9tait tr\u00e8s glissante\u00bb, a-t-il avanc\u00e9.<\/p>\n\n\n\n<p class=\"wp-block-paragraph\">Il affirme avoir donc redoubl\u00e9 de prudence pour ne pas tomber et donner l\u2019occasion aux m\u00e9dias de se moquer de lui. Et souligne avoir d\u00e9val\u00e9 \u00aben courant\u00bb les trois derniers m\u00e8tres de la rampe.<\/p>\n\n\n\n<h2 class=\"wp-block-heading\">Plus vieux pr\u00e9sident de l\u2019histoire<\/h2>\n\n\n\n<p class=\"wp-block-paragraph\">Le sujet est d\u2019autant plus glissant que le milliardaire r\u00e9publicain de 74 ans a fait de sa sant\u00e9 un argument de campagne face \u00e0 son futur adversaire d\u00e9mocrate \u00e0 la pr\u00e9sidentielle de novembre, Joe Biden, \u00e2g\u00e9 lui de 77 ans.<\/p>\n\n\n\n<p class=\"wp-block-paragraph\">Donald Trump se pla\u00eet r\u00e9guli\u00e8rement \u00e0 attaquer sur sa forme physique et mentale l\u2019ancien vice-pr\u00e9sident, connu pour ses gaffes et trous de m\u00e9moire, qu\u2019il surnomme \u00abJoe l\u2019endormi\u00bb.<\/p>\n\n\n\n<p class=\"wp-block-paragraph\">Mais ces railleries n\u2019emp\u00eachent pas les sp\u00e9culations sur son propre \u00e9tat de sant\u00e9, notamment lorsqu\u2019il avait effectu\u00e9 en novembre une myst\u00e9rieuse visite \u00e0 un h\u00f4pital militaire pr\u00e8s de Washington, en dehors du calendrier habituel.<\/p>\n\n\n\n<p class=\"wp-block-paragraph\">Des rumeurs voulaient qu\u2019elle avait \u00e9t\u00e9 d\u00e9clench\u00e9e par des douleurs \u00e0 la poitrine, qui peuvent \u00eatre le signe de probl\u00e8mes cardiaques notamment.<\/p>\n\n\n\n<p class=\"wp-block-paragraph\">Mais la Maison Blanche avait indiqu\u00e9 que son examen annuel de routine avait \u00e9t\u00e9 anticip\u00e9 en raison d\u2019un calendrier 2020 particuli\u00e8rement charg\u00e9, et son m\u00e9decin avait affirm\u00e9 qu\u2019il n\u2019avait pas \u00e9t\u00e9 \u00abdiagnostiqu\u00e9 ni trait\u00e9 pour des probl\u00e8mes urgents ou aigus\u00bb.<\/p>\n\n\n\n<p class=\"wp-block-paragraph\">Lors d\u2019une c\u00e9r\u00e9monie d\u2019hommage, fin mai au cimeti\u00e8re militaire d\u2019Arlington, aux soldats am\u00e9ricains tomb\u00e9s au combat, Donald Trump avait d\u00e9j\u00e0 soulev\u00e9 quelques doutes en paraissant avoir du mal \u00e0 se maintenir immobile.<\/p>\n\n\n\n<h2 class=\"wp-block-heading\">Un traitement controvers\u00e9<\/h2>\n\n\n\n<p class=\"wp-block-paragraph\">Ag\u00e9 de 70 ans et 220 jours au moment de sa prise de fonctions en janvier 2017, le plus vieux pr\u00e9sident de l\u2019histoire des Etats-Unis &#8212; devant Ronald Reagan &#8212; a par ailleurs r\u00e9cemment suscit\u00e9 la controverse en disant avoir re\u00e7u pendant deux semaines un traitement d\u2019hydroxychloroquine, \u00e0 titre pr\u00e9ventif contre le nouveau coronavirus.<\/p>\n\n\n\n<p class=\"wp-block-paragraph\">Selon le m\u00e9decin de la Maison Blanche, l\u2019ancien homme d\u2019affaires new-yorkais n\u2019a subi aucun des effets secondaires provoqu\u00e9s par cet antipalud\u00e9en dont l\u2019efficacit\u00e9 contre le Covid-19 n\u2019a jamais \u00e9t\u00e9 d\u00e9montr\u00e9e rigoureusement.<\/p>\n\n\n\n<p class=\"wp-block-paragraph\">\u00abLes donn\u00e9s indiquent que le pr\u00e9sident reste en bonne sant\u00e9\u00bb, avait conclu d\u00e9but juin le Dr Sean Conley dans un bref compte-rendu, pr\u00e9cisant que le septuag\u00e9naire, amateur de golf et de fast food, pesait 110 kg pour 1,90 m.<\/p>\n\n\n\n<p class=\"wp-block-paragraph\"><strong>Lesoir.be<\/strong><\/p>\n","protected":false,"gt_translate_keys":[{"key":"rendered","format":"html"}]},"excerpt":{"rendered":"<p>L\u2019\u00e9tat de sant\u00e9 de Donald Trump faisait l\u2019objet de sp\u00e9culations aux Etats-Unis dimanche, le jour de ses 74 ans, apr\u00e8s qu\u2019il eut sembl\u00e9 donner la veille quelques signes de fatigue lors d\u2019une c\u00e9r\u00e9monie. Le pr\u00e9sident am\u00e9ricain avait tenu, malgr\u00e9 la pand\u00e9mie, \u00e0 venir saluer samedi la promotion 2020 de la prestigieuse acad\u00e9mie militaire de West Point, pr\u00e8s de New York. Accus\u00e9 d\u2019avoir cherch\u00e9 \u00e0 politiser l\u2019arm\u00e9e face aux manifestations antiracistes des derni\u00e8res semaines \u00e0 travers le pays, il y a prononc\u00e9 un discours inhabituellement consensuel pour lui qui aime s\u2019\u00e9carter&hellip;<\/p>\n","protected":false,"gt_translate_keys":[{"key":"rendered","format":"html"}]},"author":1,"featured_media":1917,"comment_status":"open","ping_status":"open","sticky":false,"template":"","format":"standard","meta":{"_crdt_document":"","footnotes":""},"categories":[9],"tags":[1153,1155,1156],"class_list":["post-1916","post","type-post","status-publish","format-standard","has-post-thumbnail","hentry","category-usa","tag-trump-malade","tag-trump-sick","tag-trump-wespoint"],"gutentor_comment":0,"yoast_head":"<!-- This site is optimized with the Yoast SEO plugin v27.5 - https:\/\/yoast.com\/product\/yoast-seo-wordpress\/ -->\n<title>Des images de Donald Trump suscitent des sp\u00e9culations sur son \u00e9tat de sant\u00e9 - Actualit\u00e9s congolaises et internationales<\/title>\n<meta name=\"robots\" content=\"index, follow, max-snippet:-1, max-image-preview:large, max-video-preview:-1\" \/>\n<link rel=\"canonical\" href=\"https:\/\/congovirtuel.com\/information\/des-images-de-donald-trump-suscitent-des-speculations-sur-son-etat-de-sante\/\" \/>\n<meta property=\"og:locale\" content=\"fr_FR\" \/>\n<meta property=\"og:type\" content=\"article\" \/>\n<meta property=\"og:title\" content=\"Des images de Donald Trump suscitent des sp\u00e9culations sur son \u00e9tat de sant\u00e9 - Actualit\u00e9s congolaises et internationales\" \/>\n<meta property=\"og:description\" content=\"L\u2019\u00e9tat de sant\u00e9 de Donald Trump faisait l\u2019objet de sp\u00e9culations aux Etats-Unis dimanche, le jour de ses 74 ans, apr\u00e8s qu\u2019il eut sembl\u00e9 donner la veille quelques signes de fatigue lors d\u2019une c\u00e9r\u00e9monie. Le pr\u00e9sident am\u00e9ricain avait tenu, malgr\u00e9 la pand\u00e9mie, \u00e0 venir saluer samedi la promotion 2020 de la prestigieuse acad\u00e9mie militaire de West Point, pr\u00e8s de New York. Accus\u00e9 d\u2019avoir cherch\u00e9 \u00e0 politiser l\u2019arm\u00e9e face aux manifestations antiracistes des derni\u00e8res semaines \u00e0 travers le pays, il y a prononc\u00e9 un discours inhabituellement consensuel pour lui qui aime s\u2019\u00e9carter&hellip;\" \/>\n<meta property=\"og:url\" content=\"https:\/\/congovirtuel.com\/information\/des-images-de-donald-trump-suscitent-des-speculations-sur-son-etat-de-sante\/\" \/>\n<meta property=\"og:site_name\" content=\"Actualit\u00e9s congolaises et internationales\" \/>\n<meta property=\"article:publisher\" content=\"https:\/\/web.facebook.com\/Congovirtuel-763617960319601\/?ref=aymt_homepage_panel&amp;amp%3bamp%3bamp%3bamp%3bamp%3bamp%3bamp%3bamp%3bamp%3bamp%3bamp%3beid=ARCoxULa66767kIgF_KYav6VdjXTI4yk_LW4yoVO9s6NXpysgb7Cb65vpxcxgqzOAKvIbLQxaAETcqHT\" \/>\n<meta property=\"article:published_time\" content=\"2020-06-14T16:00:47+00:00\" \/>\n<meta property=\"article:modified_time\" content=\"2020-06-14T16:00:56+00:00\" \/>\n<meta property=\"og:image\" content=\"https:\/\/congovirtuel.com\/information\/wp-content\/uploads\/2020\/06\/trump_pentagone.jpg\" \/>\n\t<meta property=\"og:image:width\" content=\"1003\" \/>\n\t<meta property=\"og:image:height\" content=\"669\" \/>\n\t<meta property=\"og:image:type\" content=\"image\/jpeg\" \/>\n<meta name=\"author\" content=\"infocongovirtuel\" \/>\n<meta name=\"twitter:card\" content=\"summary_large_image\" \/>\n<meta name=\"twitter:creator\" content=\"@congovirtuel\" \/>\n<meta name=\"twitter:site\" content=\"@congovirtuel\" \/>\n<meta name=\"twitter:label1\" content=\"\u00c9crit par\" \/>\n\t<meta name=\"twitter:data1\" content=\"infocongovirtuel\" \/>\n\t<meta name=\"twitter:label2\" content=\"Dur\u00e9e de lecture estim\u00e9e\" \/>\n\t<meta name=\"twitter:data2\" content=\"3 minutes\" \/>\n<script type=\"application\/ld+json\" class=\"yoast-schema-graph\">{\"@context\":\"https:\\\/\\\/schema.org\",\"@graph\":[{\"@type\":\"Article\",\"@id\":\"https:\\\/\\\/congovirtuel.com\\\/information\\\/des-images-de-donald-trump-suscitent-des-speculations-sur-son-etat-de-sante\\\/#article\",\"isPartOf\":{\"@id\":\"https:\\\/\\\/congovirtuel.com\\\/information\\\/des-images-de-donald-trump-suscitent-des-speculations-sur-son-etat-de-sante\\\/\"},\"author\":{\"name\":\"infocongovirtuel\",\"@id\":\"https:\\\/\\\/congovirtuel.com\\\/information\\\/#\\\/schema\\\/person\\\/739a44bf7990966cb53d58d2fdeca0b6\"},\"headline\":\"Des images de Donald Trump suscitent des sp\u00e9culations sur son \u00e9tat de sant\u00e9\",\"datePublished\":\"2020-06-14T16:00:47+00:00\",\"dateModified\":\"2020-06-14T16:00:56+00:00\",\"mainEntityOfPage\":{\"@id\":\"https:\\\/\\\/congovirtuel.com\\\/information\\\/des-images-de-donald-trump-suscitent-des-speculations-sur-son-etat-de-sante\\\/\"},\"wordCount\":689,\"commentCount\":0,\"publisher\":{\"@id\":\"https:\\\/\\\/congovirtuel.com\\\/information\\\/#organization\"},\"image\":{\"@id\":\"https:\\\/\\\/congovirtuel.com\\\/information\\\/des-images-de-donald-trump-suscitent-des-speculations-sur-son-etat-de-sante\\\/#primaryimage\"},\"thumbnailUrl\":\"https:\\\/\\\/congovirtuel.com\\\/information\\\/wp-content\\\/uploads\\\/2020\\\/06\\\/trump_pentagone.jpg\",\"keywords\":[\"Trump malade\",\"Trump Sick\",\"Trump Wespoint\"],\"articleSection\":[\"USA\"],\"inLanguage\":\"fr-FR\",\"potentialAction\":[{\"@type\":\"CommentAction\",\"name\":\"Comment\",\"target\":[\"https:\\\/\\\/congovirtuel.com\\\/information\\\/des-images-de-donald-trump-suscitent-des-speculations-sur-son-etat-de-sante\\\/#respond\"]}]},{\"@type\":\"WebPage\",\"@id\":\"https:\\\/\\\/congovirtuel.com\\\/information\\\/des-images-de-donald-trump-suscitent-des-speculations-sur-son-etat-de-sante\\\/\",\"url\":\"https:\\\/\\\/congovirtuel.com\\\/information\\\/des-images-de-donald-trump-suscitent-des-speculations-sur-son-etat-de-sante\\\/\",\"name\":\"Des images de Donald Trump suscitent des sp\u00e9culations sur son \u00e9tat de sant\u00e9 - Actualit\u00e9s congolaises et internationales\",\"isPartOf\":{\"@id\":\"https:\\\/\\\/congovirtuel.com\\\/information\\\/#website\"},\"primaryImageOfPage\":{\"@id\":\"https:\\\/\\\/congovirtuel.com\\\/information\\\/des-images-de-donald-trump-suscitent-des-speculations-sur-son-etat-de-sante\\\/#primaryimage\"},\"image\":{\"@id\":\"https:\\\/\\\/congovirtuel.com\\\/information\\\/des-images-de-donald-trump-suscitent-des-speculations-sur-son-etat-de-sante\\\/#primaryimage\"},\"thumbnailUrl\":\"https:\\\/\\\/congovirtuel.com\\\/information\\\/wp-content\\\/uploads\\\/2020\\\/06\\\/trump_pentagone.jpg\",\"datePublished\":\"2020-06-14T16:00:47+00:00\",\"dateModified\":\"2020-06-14T16:00:56+00:00\",\"breadcrumb\":{\"@id\":\"https:\\\/\\\/congovirtuel.com\\\/information\\\/des-images-de-donald-trump-suscitent-des-speculations-sur-son-etat-de-sante\\\/#breadcrumb\"},\"inLanguage\":\"fr-FR\",\"potentialAction\":[{\"@type\":\"ReadAction\",\"target\":[\"https:\\\/\\\/congovirtuel.com\\\/information\\\/des-images-de-donald-trump-suscitent-des-speculations-sur-son-etat-de-sante\\\/\"]}]},{\"@type\":\"ImageObject\",\"inLanguage\":\"fr-FR\",\"@id\":\"https:\\\/\\\/congovirtuel.com\\\/information\\\/des-images-de-donald-trump-suscitent-des-speculations-sur-son-etat-de-sante\\\/#primaryimage\",\"url\":\"https:\\\/\\\/congovirtuel.com\\\/information\\\/wp-content\\\/uploads\\\/2020\\\/06\\\/trump_pentagone.jpg\",\"contentUrl\":\"https:\\\/\\\/congovirtuel.com\\\/information\\\/wp-content\\\/uploads\\\/2020\\\/06\\\/trump_pentagone.jpg\",\"width\":1003,\"height\":669,\"caption\":\"Trump Donald\"},{\"@type\":\"BreadcrumbList\",\"@id\":\"https:\\\/\\\/congovirtuel.com\\\/information\\\/des-images-de-donald-trump-suscitent-des-speculations-sur-son-etat-de-sante\\\/#breadcrumb\",\"itemListElement\":[{\"@type\":\"ListItem\",\"position\":1,\"name\":\"Accueil\",\"item\":\"https:\\\/\\\/congovirtuel.com\\\/information\\\/\"},{\"@type\":\"ListItem\",\"position\":2,\"name\":\"Des images de Donald Trump suscitent des sp\u00e9culations sur son \u00e9tat de sant\u00e9\"}]},{\"@type\":\"WebSite\",\"@id\":\"https:\\\/\\\/congovirtuel.com\\\/information\\\/#website\",\"url\":\"https:\\\/\\\/congovirtuel.com\\\/information\\\/\",\"name\":\"Actualit\u00e9s congolaises et internationales\",\"description\":\"site d&#039;analyse et de traitement d&#039;information\",\"publisher\":{\"@id\":\"https:\\\/\\\/congovirtuel.com\\\/information\\\/#organization\"},\"potentialAction\":[{\"@type\":\"SearchAction\",\"target\":{\"@type\":\"EntryPoint\",\"urlTemplate\":\"https:\\\/\\\/congovirtuel.com\\\/information\\\/?s={search_term_string}\"},\"query-input\":{\"@type\":\"PropertyValueSpecification\",\"valueRequired\":true,\"valueName\":\"search_term_string\"}}],\"inLanguage\":\"fr-FR\"},{\"@type\":\"Organization\",\"@id\":\"https:\\\/\\\/congovirtuel.com\\\/information\\\/#organization\",\"name\":\"Biblioth\u00e8que Virtuelle de la RDC\",\"url\":\"https:\\\/\\\/congovirtuel.com\\\/information\\\/\",\"logo\":{\"@type\":\"ImageObject\",\"inLanguage\":\"fr-FR\",\"@id\":\"https:\\\/\\\/congovirtuel.com\\\/information\\\/#\\\/schema\\\/logo\\\/image\\\/\",\"url\":\"https:\\\/\\\/congovirtuel.com\\\/information\\\/wp-content\\\/uploads\\\/2018\\\/10\\\/header-info-congovirtuel-vraie.jpg\",\"contentUrl\":\"https:\\\/\\\/congovirtuel.com\\\/information\\\/wp-content\\\/uploads\\\/2018\\\/10\\\/header-info-congovirtuel-vraie.jpg\",\"width\":728,\"height\":90,\"caption\":\"Biblioth\u00e8que Virtuelle de la RDC\"},\"image\":{\"@id\":\"https:\\\/\\\/congovirtuel.com\\\/information\\\/#\\\/schema\\\/logo\\\/image\\\/\"},\"sameAs\":[\"https:\\\/\\\/web.facebook.com\\\/Congovirtuel-763617960319601\\\/?ref=aymt_homepage_panel&amp;amp;amp;amp;amp;amp;amp;amp;amp;amp;amp;eid=ARCoxULa66767kIgF_KYav6VdjXTI4yk_LW4yoVO9s6NXpysgb7Cb65vpxcxgqzOAKvIbLQxaAETcqHT\",\"https:\\\/\\\/x.com\\\/congovirtuel\",\"https:\\\/\\\/www.youtube.com\\\/channel\\\/UCkFfprYzGgS3EWNpeMXpToQ?view_as=subscriber\"]},{\"@type\":\"Person\",\"@id\":\"https:\\\/\\\/congovirtuel.com\\\/information\\\/#\\\/schema\\\/person\\\/739a44bf7990966cb53d58d2fdeca0b6\",\"name\":\"infocongovirtuel\",\"image\":{\"@type\":\"ImageObject\",\"inLanguage\":\"fr-FR\",\"@id\":\"https:\\\/\\\/secure.gravatar.com\\\/avatar\\\/4d76991aa72469f0eb22e772586c99113c6997f88da636a9db8f2ce3a2c05e69?s=96&d=mm&r=g\",\"url\":\"https:\\\/\\\/secure.gravatar.com\\\/avatar\\\/4d76991aa72469f0eb22e772586c99113c6997f88da636a9db8f2ce3a2c05e69?s=96&d=mm&r=g\",\"contentUrl\":\"https:\\\/\\\/secure.gravatar.com\\\/avatar\\\/4d76991aa72469f0eb22e772586c99113c6997f88da636a9db8f2ce3a2c05e69?s=96&d=mm&r=g\",\"caption\":\"infocongovirtuel\"},\"url\":\"https:\\\/\\\/congovirtuel.com\\\/information\\\/author\\\/infocongovirtuel\\\/\"}]}<\/script>\n<!-- \/ Yoast SEO plugin. -->","yoast_head_json":{"title":"Des images de Donald Trump suscitent des sp\u00e9culations sur son \u00e9tat de sant\u00e9 - Actualit\u00e9s congolaises et internationales","robots":{"index":"index","follow":"follow","max-snippet":"max-snippet:-1","max-image-preview":"max-image-preview:large","max-video-preview":"max-video-preview:-1"},"canonical":"https:\/\/congovirtuel.com\/information\/des-images-de-donald-trump-suscitent-des-speculations-sur-son-etat-de-sante\/","og_locale":"fr_FR","og_type":"article","og_title":"Des images de Donald Trump suscitent des sp\u00e9culations sur son \u00e9tat de sant\u00e9 - Actualit\u00e9s congolaises et internationales","og_description":"L\u2019\u00e9tat de sant\u00e9 de Donald Trump faisait l\u2019objet de sp\u00e9culations aux Etats-Unis dimanche, le jour de ses 74 ans, apr\u00e8s qu\u2019il eut sembl\u00e9 donner la veille quelques signes de fatigue lors d\u2019une c\u00e9r\u00e9monie. Le pr\u00e9sident am\u00e9ricain avait tenu, malgr\u00e9 la pand\u00e9mie, \u00e0 venir saluer samedi la promotion 2020 de la prestigieuse acad\u00e9mie militaire de West Point, pr\u00e8s de New York. Accus\u00e9 d\u2019avoir cherch\u00e9 \u00e0 politiser l\u2019arm\u00e9e face aux manifestations antiracistes des derni\u00e8res semaines \u00e0 travers le pays, il y a prononc\u00e9 un discours inhabituellement consensuel pour lui qui aime s\u2019\u00e9carter&hellip;","og_url":"https:\/\/congovirtuel.com\/information\/des-images-de-donald-trump-suscitent-des-speculations-sur-son-etat-de-sante\/","og_site_name":"Actualit\u00e9s congolaises et internationales","article_publisher":"https:\/\/web.facebook.com\/Congovirtuel-763617960319601\/?ref=aymt_homepage_panel&amp%3bamp%3bamp%3bamp%3bamp%3bamp%3bamp%3bamp%3bamp%3bamp%3bamp%3beid=ARCoxULa66767kIgF_KYav6VdjXTI4yk_LW4yoVO9s6NXpysgb7Cb65vpxcxgqzOAKvIbLQxaAETcqHT","article_published_time":"2020-06-14T16:00:47+00:00","article_modified_time":"2020-06-14T16:00:56+00:00","og_image":[{"width":1003,"height":669,"url":"https:\/\/congovirtuel.com\/information\/wp-content\/uploads\/2020\/06\/trump_pentagone.jpg","type":"image\/jpeg"}],"author":"infocongovirtuel","twitter_card":"summary_large_image","twitter_creator":"@congovirtuel","twitter_site":"@congovirtuel","twitter_misc":{"\u00c9crit par":"infocongovirtuel","Dur\u00e9e de lecture estim\u00e9e":"3 minutes"},"schema":{"@context":"https:\/\/schema.org","@graph":[{"@type":"Article","@id":"https:\/\/congovirtuel.com\/information\/des-images-de-donald-trump-suscitent-des-speculations-sur-son-etat-de-sante\/#article","isPartOf":{"@id":"https:\/\/congovirtuel.com\/information\/des-images-de-donald-trump-suscitent-des-speculations-sur-son-etat-de-sante\/"},"author":{"name":"infocongovirtuel","@id":"https:\/\/congovirtuel.com\/information\/#\/schema\/person\/739a44bf7990966cb53d58d2fdeca0b6"},"headline":"Des images de Donald Trump suscitent des sp\u00e9culations sur son \u00e9tat de sant\u00e9","datePublished":"2020-06-14T16:00:47+00:00","dateModified":"2020-06-14T16:00:56+00:00","mainEntityOfPage":{"@id":"https:\/\/congovirtuel.com\/information\/des-images-de-donald-trump-suscitent-des-speculations-sur-son-etat-de-sante\/"},"wordCount":689,"commentCount":0,"publisher":{"@id":"https:\/\/congovirtuel.com\/information\/#organization"},"image":{"@id":"https:\/\/congovirtuel.com\/information\/des-images-de-donald-trump-suscitent-des-speculations-sur-son-etat-de-sante\/#primaryimage"},"thumbnailUrl":"https:\/\/congovirtuel.com\/information\/wp-content\/uploads\/2020\/06\/trump_pentagone.jpg","keywords":["Trump malade","Trump Sick","Trump Wespoint"],"articleSection":["USA"],"inLanguage":"fr-FR","potentialAction":[{"@type":"CommentAction","name":"Comment","target":["https:\/\/congovirtuel.com\/information\/des-images-de-donald-trump-suscitent-des-speculations-sur-son-etat-de-sante\/#respond"]}]},{"@type":"WebPage","@id":"https:\/\/congovirtuel.com\/information\/des-images-de-donald-trump-suscitent-des-speculations-sur-son-etat-de-sante\/","url":"https:\/\/congovirtuel.com\/information\/des-images-de-donald-trump-suscitent-des-speculations-sur-son-etat-de-sante\/","name":"Des images de Donald Trump suscitent des sp\u00e9culations sur son \u00e9tat de sant\u00e9 - Actualit\u00e9s congolaises et internationales","isPartOf":{"@id":"https:\/\/congovirtuel.com\/information\/#website"},"primaryImageOfPage":{"@id":"https:\/\/congovirtuel.com\/information\/des-images-de-donald-trump-suscitent-des-speculations-sur-son-etat-de-sante\/#primaryimage"},"image":{"@id":"https:\/\/congovirtuel.com\/information\/des-images-de-donald-trump-suscitent-des-speculations-sur-son-etat-de-sante\/#primaryimage"},"thumbnailUrl":"https:\/\/congovirtuel.com\/information\/wp-content\/uploads\/2020\/06\/trump_pentagone.jpg","datePublished":"2020-06-14T16:00:47+00:00","dateModified":"2020-06-14T16:00:56+00:00","breadcrumb":{"@id":"https:\/\/congovirtuel.com\/information\/des-images-de-donald-trump-suscitent-des-speculations-sur-son-etat-de-sante\/#breadcrumb"},"inLanguage":"fr-FR","potentialAction":[{"@type":"ReadAction","target":["https:\/\/congovirtuel.com\/information\/des-images-de-donald-trump-suscitent-des-speculations-sur-son-etat-de-sante\/"]}]},{"@type":"ImageObject","inLanguage":"fr-FR","@id":"https:\/\/congovirtuel.com\/information\/des-images-de-donald-trump-suscitent-des-speculations-sur-son-etat-de-sante\/#primaryimage","url":"https:\/\/congovirtuel.com\/information\/wp-content\/uploads\/2020\/06\/trump_pentagone.jpg","contentUrl":"https:\/\/congovirtuel.com\/information\/wp-content\/uploads\/2020\/06\/trump_pentagone.jpg","width":1003,"height":669,"caption":"Trump Donald"},{"@type":"BreadcrumbList","@id":"https:\/\/congovirtuel.com\/information\/des-images-de-donald-trump-suscitent-des-speculations-sur-son-etat-de-sante\/#breadcrumb","itemListElement":[{"@type":"ListItem","position":1,"name":"Accueil","item":"https:\/\/congovirtuel.com\/information\/"},{"@type":"ListItem","position":2,"name":"Des images de Donald Trump suscitent des sp\u00e9culations sur son \u00e9tat de sant\u00e9"}]},{"@type":"WebSite","@id":"https:\/\/congovirtuel.com\/information\/#website","url":"https:\/\/congovirtuel.com\/information\/","name":"Actualit\u00e9s congolaises et internationales","description":"site d&#039;analyse et de traitement d&#039;information","publisher":{"@id":"https:\/\/congovirtuel.com\/information\/#organization"},"potentialAction":[{"@type":"SearchAction","target":{"@type":"EntryPoint","urlTemplate":"https:\/\/congovirtuel.com\/information\/?s={search_term_string}"},"query-input":{"@type":"PropertyValueSpecification","valueRequired":true,"valueName":"search_term_string"}}],"inLanguage":"fr-FR"},{"@type":"Organization","@id":"https:\/\/congovirtuel.com\/information\/#organization","name":"Biblioth\u00e8que Virtuelle de la RDC","url":"https:\/\/congovirtuel.com\/information\/","logo":{"@type":"ImageObject","inLanguage":"fr-FR","@id":"https:\/\/congovirtuel.com\/information\/#\/schema\/logo\/image\/","url":"https:\/\/congovirtuel.com\/information\/wp-content\/uploads\/2018\/10\/header-info-congovirtuel-vraie.jpg","contentUrl":"https:\/\/congovirtuel.com\/information\/wp-content\/uploads\/2018\/10\/header-info-congovirtuel-vraie.jpg","width":728,"height":90,"caption":"Biblioth\u00e8que Virtuelle de la RDC"},"image":{"@id":"https:\/\/congovirtuel.com\/information\/#\/schema\/logo\/image\/"},"sameAs":["https:\/\/web.facebook.com\/Congovirtuel-763617960319601\/?ref=aymt_homepage_panel&amp;amp;amp;amp;amp;amp;amp;amp;amp;amp;amp;eid=ARCoxULa66767kIgF_KYav6VdjXTI4yk_LW4yoVO9s6NXpysgb7Cb65vpxcxgqzOAKvIbLQxaAETcqHT","https:\/\/x.com\/congovirtuel","https:\/\/www.youtube.com\/channel\/UCkFfprYzGgS3EWNpeMXpToQ?view_as=subscriber"]},{"@type":"Person","@id":"https:\/\/congovirtuel.com\/information\/#\/schema\/person\/739a44bf7990966cb53d58d2fdeca0b6","name":"infocongovirtuel","image":{"@type":"ImageObject","inLanguage":"fr-FR","@id":"https:\/\/secure.gravatar.com\/avatar\/4d76991aa72469f0eb22e772586c99113c6997f88da636a9db8f2ce3a2c05e69?s=96&d=mm&r=g","url":"https:\/\/secure.gravatar.com\/avatar\/4d76991aa72469f0eb22e772586c99113c6997f88da636a9db8f2ce3a2c05e69?s=96&d=mm&r=g","contentUrl":"https:\/\/secure.gravatar.com\/avatar\/4d76991aa72469f0eb22e772586c99113c6997f88da636a9db8f2ce3a2c05e69?s=96&d=mm&r=g","caption":"infocongovirtuel"},"url":"https:\/\/congovirtuel.com\/information\/author\/infocongovirtuel\/"}]}},"gt_translate_keys":[{"key":"link","format":"url"}],"_links":{"self":[{"href":"https:\/\/congovirtuel.com\/information\/wp-json\/wp\/v2\/posts\/1916","targetHints":{"allow":["GET"]}}],"collection":[{"href":"https:\/\/congovirtuel.com\/information\/wp-json\/wp\/v2\/posts"}],"about":[{"href":"https:\/\/congovirtuel.com\/information\/wp-json\/wp\/v2\/types\/post"}],"author":[{"embeddable":true,"href":"https:\/\/congovirtuel.com\/information\/wp-json\/wp\/v2\/users\/1"}],"replies":[{"embeddable":true,"href":"https:\/\/congovirtuel.com\/information\/wp-json\/wp\/v2\/comments?post=1916"}],"version-history":[{"count":1,"href":"https:\/\/congovirtuel.com\/information\/wp-json\/wp\/v2\/posts\/1916\/revisions"}],"predecessor-version":[{"id":1918,"href":"https:\/\/congovirtuel.com\/information\/wp-json\/wp\/v2\/posts\/1916\/revisions\/1918"}],"wp:featuredmedia":[{"embeddable":true,"href":"https:\/\/congovirtuel.com\/information\/wp-json\/wp\/v2\/media\/1917"}],"wp:attachment":[{"href":"https:\/\/congovirtuel.com\/information\/wp-json\/wp\/v2\/media?parent=1916"}],"wp:term":[{"taxonomy":"category","embeddable":true,"href":"https:\/\/congovirtuel.com\/information\/wp-json\/wp\/v2\/categories?post=1916"},{"taxonomy":"post_tag","embeddable":true,"href":"https:\/\/congovirtuel.com\/information\/wp-json\/wp\/v2\/tags?post=1916"}],"curies":[{"name":"wp","href":"https:\/\/api.w.org\/{rel}","templated":true}]}}