{"id":19288,"date":"2022-06-05T07:11:14","date_gmt":"2022-06-05T06:11:14","guid":{"rendered":"https:\/\/congovirtuel.com\/information\/?p=19288"},"modified":"2022-06-05T07:11:14","modified_gmt":"2022-06-05T06:11:14","slug":"rdc-presidentielle-2023-j-p-bemba-est-sauve-par-la-nouvelle-loi-electorale-a-mbata","status":"publish","type":"post","link":"https:\/\/congovirtuel.com\/information\/rdc-presidentielle-2023-j-p-bemba-est-sauve-par-la-nouvelle-loi-electorale-a-mbata\/","title":{"rendered":"RDC- pr\u00e9sidentielle 2023 : J.P Bemba est sauv\u00e9 par la nouvelle loi \u00e9lectorale (A. Mbata)","gt_translate_keys":[{"key":"rendered","format":"text"}]},"content":{"rendered":"<p dir=\"ltr\"><b>Dans un point de presse organis\u00e9 ce samedi 04 juin 2022, Andr\u00e9 Mbata, premier vice-pr\u00e9sident de l&rsquo;Assembl\u00e9e nationale, a fait savoir que Jean-Pierre Bemba, pr\u00e9sident du Mouvement de Lib\u00e9ration du Congo (MLC), peut participer aux futures \u00e9lections.<\/b><\/p>\n<p dir=\"ltr\">\u00c0 l&rsquo;en croire, J-P Bemba est sauv\u00e9 par la nouvelle loi \u00e9lectorale qui d\u00e9sormais apporte une distinction entre les in\u00e9ligibilit\u00e9s d\u00e9finitives et temporaires.<\/p>\n<blockquote>\n<p dir=\"ltr\">\u00ab\u00a0<i>Les crimes les plus graves en droit international sont sanctionn\u00e9s par la Cour p\u00e9nale internationale. Si quelqu&rsquo;un a \u00e9t\u00e9 reconnu par exemple coupable de crime de g\u00e9nocide, il est in\u00e9ligible \u00e0 vie. Si vous avez \u00e9t\u00e9 reconnu coupable de crime de guerre, vous \u00eates aussi in\u00e9ligible \u00e0 vie. Crime contre l&rsquo;humanit\u00e9, vous \u00eates aussi in\u00e9ligible \u00e0 vie. Donc on a tenu \u00e0 distinguer les in\u00e9ligibilit\u00e9s temporaires et les in\u00e9ligibilit\u00e9s d\u00e9finitives, et Dieu merci pour Jean-Pierre Bemba et d&rsquo;autres compatriotes, ils pourront b\u00e9n\u00e9ficier de ce nouveau syst\u00e8me et je crois que c&rsquo;est faux de dire que Jean-Pierre Bemba a \u00e9t\u00e9 exclu<\/i>\u00a0\u00bb, a expliqu\u00e9 Andr\u00e9 Mbata.<\/p>\n<\/blockquote>\n<p dir=\"ltr\">\nEn outre, A. Mbata a affirm\u00e9 que Jean-Pierre Bemba est \u00e9ligible pour avoir d\u00e9j\u00e0 purg\u00e9 sa peine.<\/p>\n<blockquote>\n<p dir=\"ltr\">\u00ab\u00a0<i>Lorsque vous \u00e9tiez par exemple condamn\u00e9 pour corruption ou vol, vous \u00eates in\u00e9ligible, mais apr\u00e8s un certain nombre d&rsquo;ann\u00e9es apr\u00e8s avoir purg\u00e9 votre peine, dans ce cas-l\u00e0 vous devenez \u00e9ligible. Si quelqu&rsquo;un a \u00e9t\u00e9 condamn\u00e9 pour corruption en 1980, est-ce qu&rsquo;il doit \u00eatre in\u00e9ligible \u00e0 vie ? Mais d\u00e8s qu&rsquo;il a d\u00e9j\u00e0 purg\u00e9 sa peine, il devient \u00e9ligible et je crois que Jean-Pierre Bemba se retrouve dans ce cas-l\u00e0 d&rsquo;in\u00e9ligibilit\u00e9 temporaire<\/i>\u00a0\u00bb, a-t-il affirm\u00e9.<\/p>\n<\/blockquote>\n<p dir=\"ltr\">\nPour rappel, la loi \u00e9lectorale pr\u00e9voit que les personnes qui doivent \u00eatre frapp\u00e9es par les in\u00e9ligibilit\u00e9s d\u00e9finitives sont celles condamn\u00e9es pour des crimes graves \u00e0 savoir : g\u00e9nocide, crime de guerre, crime contre l&rsquo;humanit\u00e9.<\/p>\n<p dir=\"ltr\">Les personnes frapp\u00e9es par les in\u00e9ligibilit\u00e9s temporaires sont celles condamn\u00e9es notamment pour corruption et vol.<\/p>\n<p dir=\"ltr\"><b>Roberto Tshahe\/7sur7.cd<\/b><\/p>\n","protected":false,"gt_translate_keys":[{"key":"rendered","format":"html"}]},"excerpt":{"rendered":"<p>Dans un point de presse organis\u00e9 ce samedi 04 juin 2022, Andr\u00e9 Mbata, premier vice-pr\u00e9sident de l&rsquo;Assembl\u00e9e nationale, a fait savoir que Jean-Pierre Bemba, pr\u00e9sident du Mouvement de Lib\u00e9ration du Congo (MLC), peut participer aux futures \u00e9lections. \u00c0 l&rsquo;en croire, J-P Bemba est sauv\u00e9 par la nouvelle loi \u00e9lectorale qui d\u00e9sormais apporte une distinction entre les in\u00e9ligibilit\u00e9s d\u00e9finitives et temporaires. \u00ab\u00a0Les crimes les plus graves en droit international sont sanctionn\u00e9s par la Cour p\u00e9nale internationale. Si quelqu&rsquo;un a \u00e9t\u00e9 reconnu par exemple coupable de crime de g\u00e9nocide, il est in\u00e9ligible&hellip;<\/p>\n","protected":false,"gt_translate_keys":[{"key":"rendered","format":"html"}]},"author":1,"featured_media":2798,"comment_status":"open","ping_status":"open","sticky":false,"template":"","format":"standard","meta":{"_crdt_document":"","footnotes":""},"categories":[5572],"tags":[37153],"class_list":["post-19288","post","type-post","status-publish","format-standard","has-post-thumbnail","hentry","category-election","tag-jp-bemba-candidat-2023"],"gutentor_comment":1,"yoast_head":"<!-- This site is optimized with the Yoast SEO plugin v27.5 - https:\/\/yoast.com\/product\/yoast-seo-wordpress\/ -->\n<title>RDC- pr\u00e9sidentielle 2023 : J.P Bemba est sauv\u00e9 par la nouvelle loi \u00e9lectorale (A. Mbata) - Actualit\u00e9s congolaises et internationales<\/title>\n<meta name=\"robots\" content=\"index, follow, max-snippet:-1, max-image-preview:large, max-video-preview:-1\" \/>\n<link rel=\"canonical\" href=\"https:\/\/congovirtuel.com\/information\/rdc-presidentielle-2023-j-p-bemba-est-sauve-par-la-nouvelle-loi-electorale-a-mbata\/\" \/>\n<meta property=\"og:locale\" content=\"fr_FR\" \/>\n<meta property=\"og:type\" content=\"article\" \/>\n<meta property=\"og:title\" content=\"RDC- pr\u00e9sidentielle 2023 : J.P Bemba est sauv\u00e9 par la nouvelle loi \u00e9lectorale (A. Mbata) - Actualit\u00e9s congolaises et internationales\" \/>\n<meta property=\"og:description\" content=\"Dans un point de presse organis\u00e9 ce samedi 04 juin 2022, Andr\u00e9 Mbata, premier vice-pr\u00e9sident de l&rsquo;Assembl\u00e9e nationale, a fait savoir que Jean-Pierre Bemba, pr\u00e9sident du Mouvement de Lib\u00e9ration du Congo (MLC), peut participer aux futures \u00e9lections. \u00c0 l&rsquo;en croire, J-P Bemba est sauv\u00e9 par la nouvelle loi \u00e9lectorale qui d\u00e9sormais apporte une distinction entre les in\u00e9ligibilit\u00e9s d\u00e9finitives et temporaires. \u00ab\u00a0Les crimes les plus graves en droit international sont sanctionn\u00e9s par la Cour p\u00e9nale internationale. Si quelqu&rsquo;un a \u00e9t\u00e9 reconnu par exemple coupable de crime de g\u00e9nocide, il est in\u00e9ligible&hellip;\" \/>\n<meta property=\"og:url\" content=\"https:\/\/congovirtuel.com\/information\/rdc-presidentielle-2023-j-p-bemba-est-sauve-par-la-nouvelle-loi-electorale-a-mbata\/\" \/>\n<meta property=\"og:site_name\" content=\"Actualit\u00e9s congolaises et internationales\" \/>\n<meta property=\"article:publisher\" content=\"https:\/\/web.facebook.com\/Congovirtuel-763617960319601\/?ref=aymt_homepage_panel&amp;amp%3bamp%3bamp%3bamp%3bamp%3bamp%3bamp%3bamp%3bamp%3bamp%3bamp%3beid=ARCoxULa66767kIgF_KYav6VdjXTI4yk_LW4yoVO9s6NXpysgb7Cb65vpxcxgqzOAKvIbLQxaAETcqHT\" \/>\n<meta property=\"article:published_time\" content=\"2022-06-05T06:11:14+00:00\" \/>\n<meta property=\"og:image\" content=\"https:\/\/congovirtuel.com\/information\/wp-content\/uploads\/2020\/08\/jean-pierre_Bemba-1200-x-600.jpg\" \/>\n\t<meta property=\"og:image:width\" content=\"1200\" \/>\n\t<meta property=\"og:image:height\" content=\"600\" \/>\n\t<meta property=\"og:image:type\" content=\"image\/jpeg\" \/>\n<meta name=\"author\" content=\"infocongovirtuel\" \/>\n<meta name=\"twitter:card\" content=\"summary_large_image\" \/>\n<meta name=\"twitter:creator\" content=\"@congovirtuel\" \/>\n<meta name=\"twitter:site\" content=\"@congovirtuel\" \/>\n<meta name=\"twitter:label1\" content=\"\u00c9crit par\" \/>\n\t<meta name=\"twitter:data1\" content=\"infocongovirtuel\" \/>\n\t<meta name=\"twitter:label2\" content=\"Dur\u00e9e de lecture estim\u00e9e\" \/>\n\t<meta name=\"twitter:data2\" content=\"2 minutes\" \/>\n<script type=\"application\/ld+json\" class=\"yoast-schema-graph\">{\"@context\":\"https:\\\/\\\/schema.org\",\"@graph\":[{\"@type\":\"Article\",\"@id\":\"https:\\\/\\\/congovirtuel.com\\\/information\\\/rdc-presidentielle-2023-j-p-bemba-est-sauve-par-la-nouvelle-loi-electorale-a-mbata\\\/#article\",\"isPartOf\":{\"@id\":\"https:\\\/\\\/congovirtuel.com\\\/information\\\/rdc-presidentielle-2023-j-p-bemba-est-sauve-par-la-nouvelle-loi-electorale-a-mbata\\\/\"},\"author\":{\"name\":\"infocongovirtuel\",\"@id\":\"https:\\\/\\\/congovirtuel.com\\\/information\\\/#\\\/schema\\\/person\\\/739a44bf7990966cb53d58d2fdeca0b6\"},\"headline\":\"RDC- pr\u00e9sidentielle 2023 : J.P Bemba est sauv\u00e9 par la nouvelle loi \u00e9lectorale (A. Mbata)\",\"datePublished\":\"2022-06-05T06:11:14+00:00\",\"mainEntityOfPage\":{\"@id\":\"https:\\\/\\\/congovirtuel.com\\\/information\\\/rdc-presidentielle-2023-j-p-bemba-est-sauve-par-la-nouvelle-loi-electorale-a-mbata\\\/\"},\"wordCount\":364,\"commentCount\":1,\"publisher\":{\"@id\":\"https:\\\/\\\/congovirtuel.com\\\/information\\\/#organization\"},\"image\":{\"@id\":\"https:\\\/\\\/congovirtuel.com\\\/information\\\/rdc-presidentielle-2023-j-p-bemba-est-sauve-par-la-nouvelle-loi-electorale-a-mbata\\\/#primaryimage\"},\"thumbnailUrl\":\"https:\\\/\\\/congovirtuel.com\\\/information\\\/wp-content\\\/uploads\\\/2020\\\/08\\\/jean-pierre_Bemba-1200-x-600.jpg\",\"keywords\":[\"JP Bemba candidat 2023\"],\"articleSection\":[\"\u00c9lection\"],\"inLanguage\":\"fr-FR\",\"potentialAction\":[{\"@type\":\"CommentAction\",\"name\":\"Comment\",\"target\":[\"https:\\\/\\\/congovirtuel.com\\\/information\\\/rdc-presidentielle-2023-j-p-bemba-est-sauve-par-la-nouvelle-loi-electorale-a-mbata\\\/#respond\"]}]},{\"@type\":\"WebPage\",\"@id\":\"https:\\\/\\\/congovirtuel.com\\\/information\\\/rdc-presidentielle-2023-j-p-bemba-est-sauve-par-la-nouvelle-loi-electorale-a-mbata\\\/\",\"url\":\"https:\\\/\\\/congovirtuel.com\\\/information\\\/rdc-presidentielle-2023-j-p-bemba-est-sauve-par-la-nouvelle-loi-electorale-a-mbata\\\/\",\"name\":\"RDC- pr\u00e9sidentielle 2023 : J.P Bemba est sauv\u00e9 par la nouvelle loi \u00e9lectorale (A. Mbata) - Actualit\u00e9s congolaises et internationales\",\"isPartOf\":{\"@id\":\"https:\\\/\\\/congovirtuel.com\\\/information\\\/#website\"},\"primaryImageOfPage\":{\"@id\":\"https:\\\/\\\/congovirtuel.com\\\/information\\\/rdc-presidentielle-2023-j-p-bemba-est-sauve-par-la-nouvelle-loi-electorale-a-mbata\\\/#primaryimage\"},\"image\":{\"@id\":\"https:\\\/\\\/congovirtuel.com\\\/information\\\/rdc-presidentielle-2023-j-p-bemba-est-sauve-par-la-nouvelle-loi-electorale-a-mbata\\\/#primaryimage\"},\"thumbnailUrl\":\"https:\\\/\\\/congovirtuel.com\\\/information\\\/wp-content\\\/uploads\\\/2020\\\/08\\\/jean-pierre_Bemba-1200-x-600.jpg\",\"datePublished\":\"2022-06-05T06:11:14+00:00\",\"breadcrumb\":{\"@id\":\"https:\\\/\\\/congovirtuel.com\\\/information\\\/rdc-presidentielle-2023-j-p-bemba-est-sauve-par-la-nouvelle-loi-electorale-a-mbata\\\/#breadcrumb\"},\"inLanguage\":\"fr-FR\",\"potentialAction\":[{\"@type\":\"ReadAction\",\"target\":[\"https:\\\/\\\/congovirtuel.com\\\/information\\\/rdc-presidentielle-2023-j-p-bemba-est-sauve-par-la-nouvelle-loi-electorale-a-mbata\\\/\"]}]},{\"@type\":\"ImageObject\",\"inLanguage\":\"fr-FR\",\"@id\":\"https:\\\/\\\/congovirtuel.com\\\/information\\\/rdc-presidentielle-2023-j-p-bemba-est-sauve-par-la-nouvelle-loi-electorale-a-mbata\\\/#primaryimage\",\"url\":\"https:\\\/\\\/congovirtuel.com\\\/information\\\/wp-content\\\/uploads\\\/2020\\\/08\\\/jean-pierre_Bemba-1200-x-600.jpg\",\"contentUrl\":\"https:\\\/\\\/congovirtuel.com\\\/information\\\/wp-content\\\/uploads\\\/2020\\\/08\\\/jean-pierre_Bemba-1200-x-600.jpg\",\"width\":1200,\"height\":600,\"caption\":\"Bemba\"},{\"@type\":\"BreadcrumbList\",\"@id\":\"https:\\\/\\\/congovirtuel.com\\\/information\\\/rdc-presidentielle-2023-j-p-bemba-est-sauve-par-la-nouvelle-loi-electorale-a-mbata\\\/#breadcrumb\",\"itemListElement\":[{\"@type\":\"ListItem\",\"position\":1,\"name\":\"Accueil\",\"item\":\"https:\\\/\\\/congovirtuel.com\\\/information\\\/\"},{\"@type\":\"ListItem\",\"position\":2,\"name\":\"RDC- pr\u00e9sidentielle 2023 : J.P Bemba est sauv\u00e9 par la nouvelle loi \u00e9lectorale (A. Mbata)\"}]},{\"@type\":\"WebSite\",\"@id\":\"https:\\\/\\\/congovirtuel.com\\\/information\\\/#website\",\"url\":\"https:\\\/\\\/congovirtuel.com\\\/information\\\/\",\"name\":\"Actualit\u00e9s congolaises et internationales\",\"description\":\"site d&#039;analyse et de traitement d&#039;information\",\"publisher\":{\"@id\":\"https:\\\/\\\/congovirtuel.com\\\/information\\\/#organization\"},\"potentialAction\":[{\"@type\":\"SearchAction\",\"target\":{\"@type\":\"EntryPoint\",\"urlTemplate\":\"https:\\\/\\\/congovirtuel.com\\\/information\\\/?s={search_term_string}\"},\"query-input\":{\"@type\":\"PropertyValueSpecification\",\"valueRequired\":true,\"valueName\":\"search_term_string\"}}],\"inLanguage\":\"fr-FR\"},{\"@type\":\"Organization\",\"@id\":\"https:\\\/\\\/congovirtuel.com\\\/information\\\/#organization\",\"name\":\"Biblioth\u00e8que Virtuelle de la RDC\",\"url\":\"https:\\\/\\\/congovirtuel.com\\\/information\\\/\",\"logo\":{\"@type\":\"ImageObject\",\"inLanguage\":\"fr-FR\",\"@id\":\"https:\\\/\\\/congovirtuel.com\\\/information\\\/#\\\/schema\\\/logo\\\/image\\\/\",\"url\":\"https:\\\/\\\/congovirtuel.com\\\/information\\\/wp-content\\\/uploads\\\/2018\\\/10\\\/header-info-congovirtuel-vraie.jpg\",\"contentUrl\":\"https:\\\/\\\/congovirtuel.com\\\/information\\\/wp-content\\\/uploads\\\/2018\\\/10\\\/header-info-congovirtuel-vraie.jpg\",\"width\":728,\"height\":90,\"caption\":\"Biblioth\u00e8que Virtuelle de la RDC\"},\"image\":{\"@id\":\"https:\\\/\\\/congovirtuel.com\\\/information\\\/#\\\/schema\\\/logo\\\/image\\\/\"},\"sameAs\":[\"https:\\\/\\\/web.facebook.com\\\/Congovirtuel-763617960319601\\\/?ref=aymt_homepage_panel&amp;amp;amp;amp;amp;amp;amp;amp;amp;amp;amp;eid=ARCoxULa66767kIgF_KYav6VdjXTI4yk_LW4yoVO9s6NXpysgb7Cb65vpxcxgqzOAKvIbLQxaAETcqHT\",\"https:\\\/\\\/x.com\\\/congovirtuel\",\"https:\\\/\\\/www.youtube.com\\\/channel\\\/UCkFfprYzGgS3EWNpeMXpToQ?view_as=subscriber\"]},{\"@type\":\"Person\",\"@id\":\"https:\\\/\\\/congovirtuel.com\\\/information\\\/#\\\/schema\\\/person\\\/739a44bf7990966cb53d58d2fdeca0b6\",\"name\":\"infocongovirtuel\",\"image\":{\"@type\":\"ImageObject\",\"inLanguage\":\"fr-FR\",\"@id\":\"https:\\\/\\\/secure.gravatar.com\\\/avatar\\\/4d76991aa72469f0eb22e772586c99113c6997f88da636a9db8f2ce3a2c05e69?s=96&d=mm&r=g\",\"url\":\"https:\\\/\\\/secure.gravatar.com\\\/avatar\\\/4d76991aa72469f0eb22e772586c99113c6997f88da636a9db8f2ce3a2c05e69?s=96&d=mm&r=g\",\"contentUrl\":\"https:\\\/\\\/secure.gravatar.com\\\/avatar\\\/4d76991aa72469f0eb22e772586c99113c6997f88da636a9db8f2ce3a2c05e69?s=96&d=mm&r=g\",\"caption\":\"infocongovirtuel\"},\"url\":\"https:\\\/\\\/congovirtuel.com\\\/information\\\/author\\\/infocongovirtuel\\\/\"}]}<\/script>\n<!-- \/ Yoast SEO plugin. -->","yoast_head_json":{"title":"RDC- pr\u00e9sidentielle 2023 : J.P Bemba est sauv\u00e9 par la nouvelle loi \u00e9lectorale (A. Mbata) - Actualit\u00e9s congolaises et internationales","robots":{"index":"index","follow":"follow","max-snippet":"max-snippet:-1","max-image-preview":"max-image-preview:large","max-video-preview":"max-video-preview:-1"},"canonical":"https:\/\/congovirtuel.com\/information\/rdc-presidentielle-2023-j-p-bemba-est-sauve-par-la-nouvelle-loi-electorale-a-mbata\/","og_locale":"fr_FR","og_type":"article","og_title":"RDC- pr\u00e9sidentielle 2023 : J.P Bemba est sauv\u00e9 par la nouvelle loi \u00e9lectorale (A. Mbata) - Actualit\u00e9s congolaises et internationales","og_description":"Dans un point de presse organis\u00e9 ce samedi 04 juin 2022, Andr\u00e9 Mbata, premier vice-pr\u00e9sident de l&rsquo;Assembl\u00e9e nationale, a fait savoir que Jean-Pierre Bemba, pr\u00e9sident du Mouvement de Lib\u00e9ration du Congo (MLC), peut participer aux futures \u00e9lections. \u00c0 l&rsquo;en croire, J-P Bemba est sauv\u00e9 par la nouvelle loi \u00e9lectorale qui d\u00e9sormais apporte une distinction entre les in\u00e9ligibilit\u00e9s d\u00e9finitives et temporaires. \u00ab\u00a0Les crimes les plus graves en droit international sont sanctionn\u00e9s par la Cour p\u00e9nale internationale. Si quelqu&rsquo;un a \u00e9t\u00e9 reconnu par exemple coupable de crime de g\u00e9nocide, il est in\u00e9ligible&hellip;","og_url":"https:\/\/congovirtuel.com\/information\/rdc-presidentielle-2023-j-p-bemba-est-sauve-par-la-nouvelle-loi-electorale-a-mbata\/","og_site_name":"Actualit\u00e9s congolaises et internationales","article_publisher":"https:\/\/web.facebook.com\/Congovirtuel-763617960319601\/?ref=aymt_homepage_panel&amp%3bamp%3bamp%3bamp%3bamp%3bamp%3bamp%3bamp%3bamp%3bamp%3bamp%3beid=ARCoxULa66767kIgF_KYav6VdjXTI4yk_LW4yoVO9s6NXpysgb7Cb65vpxcxgqzOAKvIbLQxaAETcqHT","article_published_time":"2022-06-05T06:11:14+00:00","og_image":[{"width":1200,"height":600,"url":"https:\/\/congovirtuel.com\/information\/wp-content\/uploads\/2020\/08\/jean-pierre_Bemba-1200-x-600.jpg","type":"image\/jpeg"}],"author":"infocongovirtuel","twitter_card":"summary_large_image","twitter_creator":"@congovirtuel","twitter_site":"@congovirtuel","twitter_misc":{"\u00c9crit par":"infocongovirtuel","Dur\u00e9e de lecture estim\u00e9e":"2 minutes"},"schema":{"@context":"https:\/\/schema.org","@graph":[{"@type":"Article","@id":"https:\/\/congovirtuel.com\/information\/rdc-presidentielle-2023-j-p-bemba-est-sauve-par-la-nouvelle-loi-electorale-a-mbata\/#article","isPartOf":{"@id":"https:\/\/congovirtuel.com\/information\/rdc-presidentielle-2023-j-p-bemba-est-sauve-par-la-nouvelle-loi-electorale-a-mbata\/"},"author":{"name":"infocongovirtuel","@id":"https:\/\/congovirtuel.com\/information\/#\/schema\/person\/739a44bf7990966cb53d58d2fdeca0b6"},"headline":"RDC- pr\u00e9sidentielle 2023 : J.P Bemba est sauv\u00e9 par la nouvelle loi \u00e9lectorale (A. Mbata)","datePublished":"2022-06-05T06:11:14+00:00","mainEntityOfPage":{"@id":"https:\/\/congovirtuel.com\/information\/rdc-presidentielle-2023-j-p-bemba-est-sauve-par-la-nouvelle-loi-electorale-a-mbata\/"},"wordCount":364,"commentCount":1,"publisher":{"@id":"https:\/\/congovirtuel.com\/information\/#organization"},"image":{"@id":"https:\/\/congovirtuel.com\/information\/rdc-presidentielle-2023-j-p-bemba-est-sauve-par-la-nouvelle-loi-electorale-a-mbata\/#primaryimage"},"thumbnailUrl":"https:\/\/congovirtuel.com\/information\/wp-content\/uploads\/2020\/08\/jean-pierre_Bemba-1200-x-600.jpg","keywords":["JP Bemba candidat 2023"],"articleSection":["\u00c9lection"],"inLanguage":"fr-FR","potentialAction":[{"@type":"CommentAction","name":"Comment","target":["https:\/\/congovirtuel.com\/information\/rdc-presidentielle-2023-j-p-bemba-est-sauve-par-la-nouvelle-loi-electorale-a-mbata\/#respond"]}]},{"@type":"WebPage","@id":"https:\/\/congovirtuel.com\/information\/rdc-presidentielle-2023-j-p-bemba-est-sauve-par-la-nouvelle-loi-electorale-a-mbata\/","url":"https:\/\/congovirtuel.com\/information\/rdc-presidentielle-2023-j-p-bemba-est-sauve-par-la-nouvelle-loi-electorale-a-mbata\/","name":"RDC- pr\u00e9sidentielle 2023 : J.P Bemba est sauv\u00e9 par la nouvelle loi \u00e9lectorale (A. Mbata) - Actualit\u00e9s congolaises et internationales","isPartOf":{"@id":"https:\/\/congovirtuel.com\/information\/#website"},"primaryImageOfPage":{"@id":"https:\/\/congovirtuel.com\/information\/rdc-presidentielle-2023-j-p-bemba-est-sauve-par-la-nouvelle-loi-electorale-a-mbata\/#primaryimage"},"image":{"@id":"https:\/\/congovirtuel.com\/information\/rdc-presidentielle-2023-j-p-bemba-est-sauve-par-la-nouvelle-loi-electorale-a-mbata\/#primaryimage"},"thumbnailUrl":"https:\/\/congovirtuel.com\/information\/wp-content\/uploads\/2020\/08\/jean-pierre_Bemba-1200-x-600.jpg","datePublished":"2022-06-05T06:11:14+00:00","breadcrumb":{"@id":"https:\/\/congovirtuel.com\/information\/rdc-presidentielle-2023-j-p-bemba-est-sauve-par-la-nouvelle-loi-electorale-a-mbata\/#breadcrumb"},"inLanguage":"fr-FR","potentialAction":[{"@type":"ReadAction","target":["https:\/\/congovirtuel.com\/information\/rdc-presidentielle-2023-j-p-bemba-est-sauve-par-la-nouvelle-loi-electorale-a-mbata\/"]}]},{"@type":"ImageObject","inLanguage":"fr-FR","@id":"https:\/\/congovirtuel.com\/information\/rdc-presidentielle-2023-j-p-bemba-est-sauve-par-la-nouvelle-loi-electorale-a-mbata\/#primaryimage","url":"https:\/\/congovirtuel.com\/information\/wp-content\/uploads\/2020\/08\/jean-pierre_Bemba-1200-x-600.jpg","contentUrl":"https:\/\/congovirtuel.com\/information\/wp-content\/uploads\/2020\/08\/jean-pierre_Bemba-1200-x-600.jpg","width":1200,"height":600,"caption":"Bemba"},{"@type":"BreadcrumbList","@id":"https:\/\/congovirtuel.com\/information\/rdc-presidentielle-2023-j-p-bemba-est-sauve-par-la-nouvelle-loi-electorale-a-mbata\/#breadcrumb","itemListElement":[{"@type":"ListItem","position":1,"name":"Accueil","item":"https:\/\/congovirtuel.com\/information\/"},{"@type":"ListItem","position":2,"name":"RDC- pr\u00e9sidentielle 2023 : J.P Bemba est sauv\u00e9 par la nouvelle loi \u00e9lectorale (A. Mbata)"}]},{"@type":"WebSite","@id":"https:\/\/congovirtuel.com\/information\/#website","url":"https:\/\/congovirtuel.com\/information\/","name":"Actualit\u00e9s congolaises et internationales","description":"site d&#039;analyse et de traitement d&#039;information","publisher":{"@id":"https:\/\/congovirtuel.com\/information\/#organization"},"potentialAction":[{"@type":"SearchAction","target":{"@type":"EntryPoint","urlTemplate":"https:\/\/congovirtuel.com\/information\/?s={search_term_string}"},"query-input":{"@type":"PropertyValueSpecification","valueRequired":true,"valueName":"search_term_string"}}],"inLanguage":"fr-FR"},{"@type":"Organization","@id":"https:\/\/congovirtuel.com\/information\/#organization","name":"Biblioth\u00e8que Virtuelle de la RDC","url":"https:\/\/congovirtuel.com\/information\/","logo":{"@type":"ImageObject","inLanguage":"fr-FR","@id":"https:\/\/congovirtuel.com\/information\/#\/schema\/logo\/image\/","url":"https:\/\/congovirtuel.com\/information\/wp-content\/uploads\/2018\/10\/header-info-congovirtuel-vraie.jpg","contentUrl":"https:\/\/congovirtuel.com\/information\/wp-content\/uploads\/2018\/10\/header-info-congovirtuel-vraie.jpg","width":728,"height":90,"caption":"Biblioth\u00e8que Virtuelle de la RDC"},"image":{"@id":"https:\/\/congovirtuel.com\/information\/#\/schema\/logo\/image\/"},"sameAs":["https:\/\/web.facebook.com\/Congovirtuel-763617960319601\/?ref=aymt_homepage_panel&amp;amp;amp;amp;amp;amp;amp;amp;amp;amp;amp;eid=ARCoxULa66767kIgF_KYav6VdjXTI4yk_LW4yoVO9s6NXpysgb7Cb65vpxcxgqzOAKvIbLQxaAETcqHT","https:\/\/x.com\/congovirtuel","https:\/\/www.youtube.com\/channel\/UCkFfprYzGgS3EWNpeMXpToQ?view_as=subscriber"]},{"@type":"Person","@id":"https:\/\/congovirtuel.com\/information\/#\/schema\/person\/739a44bf7990966cb53d58d2fdeca0b6","name":"infocongovirtuel","image":{"@type":"ImageObject","inLanguage":"fr-FR","@id":"https:\/\/secure.gravatar.com\/avatar\/4d76991aa72469f0eb22e772586c99113c6997f88da636a9db8f2ce3a2c05e69?s=96&d=mm&r=g","url":"https:\/\/secure.gravatar.com\/avatar\/4d76991aa72469f0eb22e772586c99113c6997f88da636a9db8f2ce3a2c05e69?s=96&d=mm&r=g","contentUrl":"https:\/\/secure.gravatar.com\/avatar\/4d76991aa72469f0eb22e772586c99113c6997f88da636a9db8f2ce3a2c05e69?s=96&d=mm&r=g","caption":"infocongovirtuel"},"url":"https:\/\/congovirtuel.com\/information\/author\/infocongovirtuel\/"}]}},"gt_translate_keys":[{"key":"link","format":"url"}],"_links":{"self":[{"href":"https:\/\/congovirtuel.com\/information\/wp-json\/wp\/v2\/posts\/19288","targetHints":{"allow":["GET"]}}],"collection":[{"href":"https:\/\/congovirtuel.com\/information\/wp-json\/wp\/v2\/posts"}],"about":[{"href":"https:\/\/congovirtuel.com\/information\/wp-json\/wp\/v2\/types\/post"}],"author":[{"embeddable":true,"href":"https:\/\/congovirtuel.com\/information\/wp-json\/wp\/v2\/users\/1"}],"replies":[{"embeddable":true,"href":"https:\/\/congovirtuel.com\/information\/wp-json\/wp\/v2\/comments?post=19288"}],"version-history":[{"count":1,"href":"https:\/\/congovirtuel.com\/information\/wp-json\/wp\/v2\/posts\/19288\/revisions"}],"predecessor-version":[{"id":19289,"href":"https:\/\/congovirtuel.com\/information\/wp-json\/wp\/v2\/posts\/19288\/revisions\/19289"}],"wp:featuredmedia":[{"embeddable":true,"href":"https:\/\/congovirtuel.com\/information\/wp-json\/wp\/v2\/media\/2798"}],"wp:attachment":[{"href":"https:\/\/congovirtuel.com\/information\/wp-json\/wp\/v2\/media?parent=19288"}],"wp:term":[{"taxonomy":"category","embeddable":true,"href":"https:\/\/congovirtuel.com\/information\/wp-json\/wp\/v2\/categories?post=19288"},{"taxonomy":"post_tag","embeddable":true,"href":"https:\/\/congovirtuel.com\/information\/wp-json\/wp\/v2\/tags?post=19288"}],"curies":[{"name":"wp","href":"https:\/\/api.w.org\/{rel}","templated":true}]}}