{"id":19370,"date":"2022-06-12T17:18:43","date_gmt":"2022-06-12T16:18:43","guid":{"rendered":"https:\/\/congovirtuel.com\/information\/?p=19370"},"modified":"2022-06-12T17:18:43","modified_gmt":"2022-06-12T16:18:43","slug":"agression-du-rwanda-contre-la-rdc-mukwege-demande-a-la-belgique-dagir","status":"publish","type":"post","link":"https:\/\/congovirtuel.com\/information\/agression-du-rwanda-contre-la-rdc-mukwege-demande-a-la-belgique-dagir\/","title":{"rendered":"\u00ab\u00a0Agression\u00a0\u00bb du Rwanda contre la RDC: Mukwege demande \u00e0 la Belgique d&rsquo;agir","gt_translate_keys":[{"key":"rendered","format":"text"}]},"content":{"rendered":"<p>\u00ab\u00a0La Belgique a une expertise sur le Congo (&#8230;), ce qui lui donne une certaine responsabilit\u00e9\u00a0\u00bb, a estim\u00e9 le Dr Mukwege, qui a re\u00e7u le prix Nobel de la paix pour son action en faveur des femmes victimes de viols, dans une r\u00e9gion en proie aux violences de groupes arm\u00e9s depuis pr\u00e8s de trente ans.<\/p>\n<p>Le m\u00e9decin congolais Denis Mukwege, prix Nobel de la paix 2018, a appel\u00e9 dimanche la Belgique \u00e0 intervenir dans la crise entre la R\u00e9publique d\u00e9mocratique du Congo et le Rwanda, accus\u00e9 par Kinshasa de soutenir la r\u00e9bellion du M23. \u00ab\u00a0L&rsquo;agression du Rwanda \u00e0 travers le M23 ce n&rsquo;est pas une nouvelle chose\u00a0\u00bb, a d\u00e9clar\u00e9 le m\u00e9decin devant la presse \u00e0 Bukavu (Sud-Kivu, est de la RDC), juste avant la visite dans son h\u00f4pital de Panzi, \u00e0 la p\u00e9riph\u00e9rie de la ville, du roi des Belges et de son \u00e9pouse, qui ach\u00e8vent une visite de six jours en RDC, ancienne colonie belge.<\/p>\n<p>Cette visite royale est un acte de courage exceptionnel (&#8230;), nous rendre visite en ce moment, o\u00f9 le Congo est victime d&rsquo;une \u00e9ni\u00e8me agression, est un acte humanitaire fort\u00a0\u00bb, a-t-il estim\u00e9, alors que des combats violents \u00e9taient de nouveau signal\u00e9s dans la province voisine du Nord-Kivu entre les forces gouvernementales et le M23 (\u00ab\u00a0Mouvement du 23 mars\u00a0\u00bb), une ancienne r\u00e9bellion tutsi vaincue en 2013 et r\u00e9apparue en fin d&rsquo;ann\u00e9e derni\u00e8re.<\/p>\n<p>\u00ab\u00a0La Belgique a une expertise sur le Congo (&#8230;), ce qui lui donne une certaine responsabilit\u00e9\u00a0\u00bb, a estim\u00e9 le Dr Mukwege, qui a re\u00e7u le prix Nobel de la paix pour son action en faveur des femmes victimes de viols, dans une r\u00e9gion en proie aux violences de groupes arm\u00e9s depuis pr\u00e8s de trente ans.<\/p>\n<p>Contre \u00ab\u00a0la violence qui se passe actuellement au Congo, la Belgique peut jouer un r\u00f4le tr\u00e8s important\u00a0\u00bb, a-t-il dit, en rappelant qu&rsquo;en 2012, quand le M23 avait \u00ab\u00a0attaqu\u00e9 pour la premi\u00e8re fois, le pr\u00e9sident des \u00c9tats-Unis Barack Obama avait appel\u00e9 (&#8230;) le pr\u00e9sident rwandais pour lui demander d&rsquo;arr\u00eater\u00a0\u00bb.<\/p>\n<p>\u00ab\u00a0Une semaine apr\u00e8s, ce mouvement s&rsquo;\u00e9tait repli\u00e9 au Rwanda, donc cet appel t\u00e9l\u00e9phonique nous a donn\u00e9 la paix pendant dix ans\u00a0\u00bb, a-t-il ajout\u00e9.<\/p>\n<p>\u00ab\u00a0L&rsquo;agression est claire, il faut la nommer, et la Belgique peut le faire\u00a0\u00bb, a insist\u00e9 le docteur, qui \u00ab\u00a0pense que la Belgique peut porter un plaidoyer.<\/p>\n<p>L&rsquo;agression est claire, il faut la nommer, et la Belgique peut le faire\u00a0\u00bb, a insist\u00e9 le docteur, qui \u00ab\u00a0pense que la Belgique peut porter un plaidoyer tr\u00e8s fort aupr\u00e8s de l&rsquo;Union europ\u00e9enne et au niveau des Nations unies\u00a0\u00bb.<\/p>\n<p>Depuis le d\u00e9but de cette nouvelle crise entre les deux voisins, le Rwanda nie tout soutien au M23.<\/p>\n<p>Afriquelalibre<\/p>\n<p>&nbsp;<\/p>\n","protected":false,"gt_translate_keys":[{"key":"rendered","format":"html"}]},"excerpt":{"rendered":"<p>\u00ab\u00a0La Belgique a une expertise sur le Congo (&#8230;), ce qui lui donne une certaine responsabilit\u00e9\u00a0\u00bb, a estim\u00e9 le Dr Mukwege, qui a re\u00e7u le prix Nobel de la paix pour son action en faveur des femmes victimes de viols, dans une r\u00e9gion en proie aux violences de groupes arm\u00e9s depuis pr\u00e8s de trente ans. Le m\u00e9decin congolais Denis Mukwege, prix Nobel de la paix 2018, a appel\u00e9 dimanche la Belgique \u00e0 intervenir dans la crise entre la R\u00e9publique d\u00e9mocratique du Congo et le Rwanda, accus\u00e9 par Kinshasa de soutenir&hellip;<\/p>\n","protected":false,"gt_translate_keys":[{"key":"rendered","format":"html"}]},"author":1,"featured_media":19369,"comment_status":"open","ping_status":"open","sticky":false,"template":"","format":"standard","meta":{"_crdt_document":"","footnotes":""},"categories":[199],"tags":[37177],"class_list":["post-19370","post","type-post","status-publish","format-standard","has-post-thumbnail","hentry","category-insecurite","tag-mukwege-m23"],"gutentor_comment":0,"yoast_head":"<!-- This site is optimized with the Yoast SEO plugin v27.5 - https:\/\/yoast.com\/product\/yoast-seo-wordpress\/ -->\n<title>&quot;Agression&quot; du Rwanda contre la RDC: Mukwege demande \u00e0 la Belgique d&#039;agir - Actualit\u00e9s congolaises et internationales<\/title>\n<meta name=\"robots\" content=\"index, follow, max-snippet:-1, max-image-preview:large, max-video-preview:-1\" \/>\n<link rel=\"canonical\" href=\"https:\/\/congovirtuel.com\/information\/agression-du-rwanda-contre-la-rdc-mukwege-demande-a-la-belgique-dagir\/\" \/>\n<meta property=\"og:locale\" content=\"fr_FR\" \/>\n<meta property=\"og:type\" content=\"article\" \/>\n<meta property=\"og:title\" content=\"&quot;Agression&quot; du Rwanda contre la RDC: Mukwege demande \u00e0 la Belgique d&#039;agir - Actualit\u00e9s congolaises et internationales\" \/>\n<meta property=\"og:description\" content=\"\u00ab\u00a0La Belgique a une expertise sur le Congo (&#8230;), ce qui lui donne une certaine responsabilit\u00e9\u00a0\u00bb, a estim\u00e9 le Dr Mukwege, qui a re\u00e7u le prix Nobel de la paix pour son action en faveur des femmes victimes de viols, dans une r\u00e9gion en proie aux violences de groupes arm\u00e9s depuis pr\u00e8s de trente ans. Le m\u00e9decin congolais Denis Mukwege, prix Nobel de la paix 2018, a appel\u00e9 dimanche la Belgique \u00e0 intervenir dans la crise entre la R\u00e9publique d\u00e9mocratique du Congo et le Rwanda, accus\u00e9 par Kinshasa de soutenir&hellip;\" \/>\n<meta property=\"og:url\" content=\"https:\/\/congovirtuel.com\/information\/agression-du-rwanda-contre-la-rdc-mukwege-demande-a-la-belgique-dagir\/\" \/>\n<meta property=\"og:site_name\" content=\"Actualit\u00e9s congolaises et internationales\" \/>\n<meta property=\"article:publisher\" content=\"https:\/\/web.facebook.com\/Congovirtuel-763617960319601\/?ref=aymt_homepage_panel&amp;amp%3bamp%3bamp%3bamp%3bamp%3bamp%3bamp%3bamp%3bamp%3bamp%3bamp%3beid=ARCoxULa66767kIgF_KYav6VdjXTI4yk_LW4yoVO9s6NXpysgb7Cb65vpxcxgqzOAKvIbLQxaAETcqHT\" \/>\n<meta property=\"article:published_time\" content=\"2022-06-12T16:18:43+00:00\" \/>\n<meta property=\"og:image\" content=\"https:\/\/congovirtuel.com\/information\/wp-content\/uploads\/2022\/06\/32B00F04-274B-4CA1-92CF-35F7CE887AD4.jpeg\" \/>\n\t<meta property=\"og:image:width\" content=\"1080\" \/>\n\t<meta property=\"og:image:height\" content=\"1074\" \/>\n\t<meta property=\"og:image:type\" content=\"image\/jpeg\" \/>\n<meta name=\"author\" content=\"infocongovirtuel\" \/>\n<meta name=\"twitter:card\" content=\"summary_large_image\" \/>\n<meta name=\"twitter:creator\" content=\"@congovirtuel\" \/>\n<meta name=\"twitter:site\" content=\"@congovirtuel\" \/>\n<meta name=\"twitter:label1\" content=\"\u00c9crit par\" \/>\n\t<meta name=\"twitter:data1\" content=\"infocongovirtuel\" \/>\n\t<meta name=\"twitter:label2\" content=\"Dur\u00e9e de lecture estim\u00e9e\" \/>\n\t<meta name=\"twitter:data2\" content=\"3 minutes\" \/>\n<script type=\"application\/ld+json\" class=\"yoast-schema-graph\">{\"@context\":\"https:\\\/\\\/schema.org\",\"@graph\":[{\"@type\":\"Article\",\"@id\":\"https:\\\/\\\/congovirtuel.com\\\/information\\\/agression-du-rwanda-contre-la-rdc-mukwege-demande-a-la-belgique-dagir\\\/#article\",\"isPartOf\":{\"@id\":\"https:\\\/\\\/congovirtuel.com\\\/information\\\/agression-du-rwanda-contre-la-rdc-mukwege-demande-a-la-belgique-dagir\\\/\"},\"author\":{\"name\":\"infocongovirtuel\",\"@id\":\"https:\\\/\\\/congovirtuel.com\\\/information\\\/#\\\/schema\\\/person\\\/739a44bf7990966cb53d58d2fdeca0b6\"},\"headline\":\"\u00ab\u00a0Agression\u00a0\u00bb du Rwanda contre la RDC: Mukwege demande \u00e0 la Belgique d&rsquo;agir\",\"datePublished\":\"2022-06-12T16:18:43+00:00\",\"mainEntityOfPage\":{\"@id\":\"https:\\\/\\\/congovirtuel.com\\\/information\\\/agression-du-rwanda-contre-la-rdc-mukwege-demande-a-la-belgique-dagir\\\/\"},\"wordCount\":483,\"commentCount\":0,\"publisher\":{\"@id\":\"https:\\\/\\\/congovirtuel.com\\\/information\\\/#organization\"},\"image\":{\"@id\":\"https:\\\/\\\/congovirtuel.com\\\/information\\\/agression-du-rwanda-contre-la-rdc-mukwege-demande-a-la-belgique-dagir\\\/#primaryimage\"},\"thumbnailUrl\":\"https:\\\/\\\/congovirtuel.com\\\/information\\\/wp-content\\\/uploads\\\/2022\\\/06\\\/32B00F04-274B-4CA1-92CF-35F7CE887AD4.jpeg\",\"keywords\":[\"Mukwege M23\"],\"articleSection\":[\"Ins\u00e9curit\u00e9\"],\"inLanguage\":\"fr-FR\",\"potentialAction\":[{\"@type\":\"CommentAction\",\"name\":\"Comment\",\"target\":[\"https:\\\/\\\/congovirtuel.com\\\/information\\\/agression-du-rwanda-contre-la-rdc-mukwege-demande-a-la-belgique-dagir\\\/#respond\"]}]},{\"@type\":\"WebPage\",\"@id\":\"https:\\\/\\\/congovirtuel.com\\\/information\\\/agression-du-rwanda-contre-la-rdc-mukwege-demande-a-la-belgique-dagir\\\/\",\"url\":\"https:\\\/\\\/congovirtuel.com\\\/information\\\/agression-du-rwanda-contre-la-rdc-mukwege-demande-a-la-belgique-dagir\\\/\",\"name\":\"\\\"Agression\\\" du Rwanda contre la RDC: Mukwege demande \u00e0 la Belgique d'agir - Actualit\u00e9s congolaises et internationales\",\"isPartOf\":{\"@id\":\"https:\\\/\\\/congovirtuel.com\\\/information\\\/#website\"},\"primaryImageOfPage\":{\"@id\":\"https:\\\/\\\/congovirtuel.com\\\/information\\\/agression-du-rwanda-contre-la-rdc-mukwege-demande-a-la-belgique-dagir\\\/#primaryimage\"},\"image\":{\"@id\":\"https:\\\/\\\/congovirtuel.com\\\/information\\\/agression-du-rwanda-contre-la-rdc-mukwege-demande-a-la-belgique-dagir\\\/#primaryimage\"},\"thumbnailUrl\":\"https:\\\/\\\/congovirtuel.com\\\/information\\\/wp-content\\\/uploads\\\/2022\\\/06\\\/32B00F04-274B-4CA1-92CF-35F7CE887AD4.jpeg\",\"datePublished\":\"2022-06-12T16:18:43+00:00\",\"breadcrumb\":{\"@id\":\"https:\\\/\\\/congovirtuel.com\\\/information\\\/agression-du-rwanda-contre-la-rdc-mukwege-demande-a-la-belgique-dagir\\\/#breadcrumb\"},\"inLanguage\":\"fr-FR\",\"potentialAction\":[{\"@type\":\"ReadAction\",\"target\":[\"https:\\\/\\\/congovirtuel.com\\\/information\\\/agression-du-rwanda-contre-la-rdc-mukwege-demande-a-la-belgique-dagir\\\/\"]}]},{\"@type\":\"ImageObject\",\"inLanguage\":\"fr-FR\",\"@id\":\"https:\\\/\\\/congovirtuel.com\\\/information\\\/agression-du-rwanda-contre-la-rdc-mukwege-demande-a-la-belgique-dagir\\\/#primaryimage\",\"url\":\"https:\\\/\\\/congovirtuel.com\\\/information\\\/wp-content\\\/uploads\\\/2022\\\/06\\\/32B00F04-274B-4CA1-92CF-35F7CE887AD4.jpeg\",\"contentUrl\":\"https:\\\/\\\/congovirtuel.com\\\/information\\\/wp-content\\\/uploads\\\/2022\\\/06\\\/32B00F04-274B-4CA1-92CF-35F7CE887AD4.jpeg\",\"width\":1080,\"height\":1074},{\"@type\":\"BreadcrumbList\",\"@id\":\"https:\\\/\\\/congovirtuel.com\\\/information\\\/agression-du-rwanda-contre-la-rdc-mukwege-demande-a-la-belgique-dagir\\\/#breadcrumb\",\"itemListElement\":[{\"@type\":\"ListItem\",\"position\":1,\"name\":\"Accueil\",\"item\":\"https:\\\/\\\/congovirtuel.com\\\/information\\\/\"},{\"@type\":\"ListItem\",\"position\":2,\"name\":\"\u00ab\u00a0Agression\u00a0\u00bb du Rwanda contre la RDC: Mukwege demande \u00e0 la Belgique d&rsquo;agir\"}]},{\"@type\":\"WebSite\",\"@id\":\"https:\\\/\\\/congovirtuel.com\\\/information\\\/#website\",\"url\":\"https:\\\/\\\/congovirtuel.com\\\/information\\\/\",\"name\":\"Actualit\u00e9s congolaises et internationales\",\"description\":\"site d&#039;analyse et de traitement d&#039;information\",\"publisher\":{\"@id\":\"https:\\\/\\\/congovirtuel.com\\\/information\\\/#organization\"},\"potentialAction\":[{\"@type\":\"SearchAction\",\"target\":{\"@type\":\"EntryPoint\",\"urlTemplate\":\"https:\\\/\\\/congovirtuel.com\\\/information\\\/?s={search_term_string}\"},\"query-input\":{\"@type\":\"PropertyValueSpecification\",\"valueRequired\":true,\"valueName\":\"search_term_string\"}}],\"inLanguage\":\"fr-FR\"},{\"@type\":\"Organization\",\"@id\":\"https:\\\/\\\/congovirtuel.com\\\/information\\\/#organization\",\"name\":\"Biblioth\u00e8que Virtuelle de la RDC\",\"url\":\"https:\\\/\\\/congovirtuel.com\\\/information\\\/\",\"logo\":{\"@type\":\"ImageObject\",\"inLanguage\":\"fr-FR\",\"@id\":\"https:\\\/\\\/congovirtuel.com\\\/information\\\/#\\\/schema\\\/logo\\\/image\\\/\",\"url\":\"https:\\\/\\\/congovirtuel.com\\\/information\\\/wp-content\\\/uploads\\\/2018\\\/10\\\/header-info-congovirtuel-vraie.jpg\",\"contentUrl\":\"https:\\\/\\\/congovirtuel.com\\\/information\\\/wp-content\\\/uploads\\\/2018\\\/10\\\/header-info-congovirtuel-vraie.jpg\",\"width\":728,\"height\":90,\"caption\":\"Biblioth\u00e8que Virtuelle de la RDC\"},\"image\":{\"@id\":\"https:\\\/\\\/congovirtuel.com\\\/information\\\/#\\\/schema\\\/logo\\\/image\\\/\"},\"sameAs\":[\"https:\\\/\\\/web.facebook.com\\\/Congovirtuel-763617960319601\\\/?ref=aymt_homepage_panel&amp;amp;amp;amp;amp;amp;amp;amp;amp;amp;amp;eid=ARCoxULa66767kIgF_KYav6VdjXTI4yk_LW4yoVO9s6NXpysgb7Cb65vpxcxgqzOAKvIbLQxaAETcqHT\",\"https:\\\/\\\/x.com\\\/congovirtuel\",\"https:\\\/\\\/www.youtube.com\\\/channel\\\/UCkFfprYzGgS3EWNpeMXpToQ?view_as=subscriber\"]},{\"@type\":\"Person\",\"@id\":\"https:\\\/\\\/congovirtuel.com\\\/information\\\/#\\\/schema\\\/person\\\/739a44bf7990966cb53d58d2fdeca0b6\",\"name\":\"infocongovirtuel\",\"image\":{\"@type\":\"ImageObject\",\"inLanguage\":\"fr-FR\",\"@id\":\"https:\\\/\\\/secure.gravatar.com\\\/avatar\\\/4d76991aa72469f0eb22e772586c99113c6997f88da636a9db8f2ce3a2c05e69?s=96&d=mm&r=g\",\"url\":\"https:\\\/\\\/secure.gravatar.com\\\/avatar\\\/4d76991aa72469f0eb22e772586c99113c6997f88da636a9db8f2ce3a2c05e69?s=96&d=mm&r=g\",\"contentUrl\":\"https:\\\/\\\/secure.gravatar.com\\\/avatar\\\/4d76991aa72469f0eb22e772586c99113c6997f88da636a9db8f2ce3a2c05e69?s=96&d=mm&r=g\",\"caption\":\"infocongovirtuel\"},\"url\":\"https:\\\/\\\/congovirtuel.com\\\/information\\\/author\\\/infocongovirtuel\\\/\"}]}<\/script>\n<!-- \/ Yoast SEO plugin. -->","yoast_head_json":{"title":"\"Agression\" du Rwanda contre la RDC: Mukwege demande \u00e0 la Belgique d'agir - Actualit\u00e9s congolaises et internationales","robots":{"index":"index","follow":"follow","max-snippet":"max-snippet:-1","max-image-preview":"max-image-preview:large","max-video-preview":"max-video-preview:-1"},"canonical":"https:\/\/congovirtuel.com\/information\/agression-du-rwanda-contre-la-rdc-mukwege-demande-a-la-belgique-dagir\/","og_locale":"fr_FR","og_type":"article","og_title":"\"Agression\" du Rwanda contre la RDC: Mukwege demande \u00e0 la Belgique d'agir - Actualit\u00e9s congolaises et internationales","og_description":"\u00ab\u00a0La Belgique a une expertise sur le Congo (&#8230;), ce qui lui donne une certaine responsabilit\u00e9\u00a0\u00bb, a estim\u00e9 le Dr Mukwege, qui a re\u00e7u le prix Nobel de la paix pour son action en faveur des femmes victimes de viols, dans une r\u00e9gion en proie aux violences de groupes arm\u00e9s depuis pr\u00e8s de trente ans. Le m\u00e9decin congolais Denis Mukwege, prix Nobel de la paix 2018, a appel\u00e9 dimanche la Belgique \u00e0 intervenir dans la crise entre la R\u00e9publique d\u00e9mocratique du Congo et le Rwanda, accus\u00e9 par Kinshasa de soutenir&hellip;","og_url":"https:\/\/congovirtuel.com\/information\/agression-du-rwanda-contre-la-rdc-mukwege-demande-a-la-belgique-dagir\/","og_site_name":"Actualit\u00e9s congolaises et internationales","article_publisher":"https:\/\/web.facebook.com\/Congovirtuel-763617960319601\/?ref=aymt_homepage_panel&amp%3bamp%3bamp%3bamp%3bamp%3bamp%3bamp%3bamp%3bamp%3bamp%3bamp%3beid=ARCoxULa66767kIgF_KYav6VdjXTI4yk_LW4yoVO9s6NXpysgb7Cb65vpxcxgqzOAKvIbLQxaAETcqHT","article_published_time":"2022-06-12T16:18:43+00:00","og_image":[{"width":1080,"height":1074,"url":"https:\/\/congovirtuel.com\/information\/wp-content\/uploads\/2022\/06\/32B00F04-274B-4CA1-92CF-35F7CE887AD4.jpeg","type":"image\/jpeg"}],"author":"infocongovirtuel","twitter_card":"summary_large_image","twitter_creator":"@congovirtuel","twitter_site":"@congovirtuel","twitter_misc":{"\u00c9crit par":"infocongovirtuel","Dur\u00e9e de lecture estim\u00e9e":"3 minutes"},"schema":{"@context":"https:\/\/schema.org","@graph":[{"@type":"Article","@id":"https:\/\/congovirtuel.com\/information\/agression-du-rwanda-contre-la-rdc-mukwege-demande-a-la-belgique-dagir\/#article","isPartOf":{"@id":"https:\/\/congovirtuel.com\/information\/agression-du-rwanda-contre-la-rdc-mukwege-demande-a-la-belgique-dagir\/"},"author":{"name":"infocongovirtuel","@id":"https:\/\/congovirtuel.com\/information\/#\/schema\/person\/739a44bf7990966cb53d58d2fdeca0b6"},"headline":"\u00ab\u00a0Agression\u00a0\u00bb du Rwanda contre la RDC: Mukwege demande \u00e0 la Belgique d&rsquo;agir","datePublished":"2022-06-12T16:18:43+00:00","mainEntityOfPage":{"@id":"https:\/\/congovirtuel.com\/information\/agression-du-rwanda-contre-la-rdc-mukwege-demande-a-la-belgique-dagir\/"},"wordCount":483,"commentCount":0,"publisher":{"@id":"https:\/\/congovirtuel.com\/information\/#organization"},"image":{"@id":"https:\/\/congovirtuel.com\/information\/agression-du-rwanda-contre-la-rdc-mukwege-demande-a-la-belgique-dagir\/#primaryimage"},"thumbnailUrl":"https:\/\/congovirtuel.com\/information\/wp-content\/uploads\/2022\/06\/32B00F04-274B-4CA1-92CF-35F7CE887AD4.jpeg","keywords":["Mukwege M23"],"articleSection":["Ins\u00e9curit\u00e9"],"inLanguage":"fr-FR","potentialAction":[{"@type":"CommentAction","name":"Comment","target":["https:\/\/congovirtuel.com\/information\/agression-du-rwanda-contre-la-rdc-mukwege-demande-a-la-belgique-dagir\/#respond"]}]},{"@type":"WebPage","@id":"https:\/\/congovirtuel.com\/information\/agression-du-rwanda-contre-la-rdc-mukwege-demande-a-la-belgique-dagir\/","url":"https:\/\/congovirtuel.com\/information\/agression-du-rwanda-contre-la-rdc-mukwege-demande-a-la-belgique-dagir\/","name":"\"Agression\" du Rwanda contre la RDC: Mukwege demande \u00e0 la Belgique d'agir - Actualit\u00e9s congolaises et internationales","isPartOf":{"@id":"https:\/\/congovirtuel.com\/information\/#website"},"primaryImageOfPage":{"@id":"https:\/\/congovirtuel.com\/information\/agression-du-rwanda-contre-la-rdc-mukwege-demande-a-la-belgique-dagir\/#primaryimage"},"image":{"@id":"https:\/\/congovirtuel.com\/information\/agression-du-rwanda-contre-la-rdc-mukwege-demande-a-la-belgique-dagir\/#primaryimage"},"thumbnailUrl":"https:\/\/congovirtuel.com\/information\/wp-content\/uploads\/2022\/06\/32B00F04-274B-4CA1-92CF-35F7CE887AD4.jpeg","datePublished":"2022-06-12T16:18:43+00:00","breadcrumb":{"@id":"https:\/\/congovirtuel.com\/information\/agression-du-rwanda-contre-la-rdc-mukwege-demande-a-la-belgique-dagir\/#breadcrumb"},"inLanguage":"fr-FR","potentialAction":[{"@type":"ReadAction","target":["https:\/\/congovirtuel.com\/information\/agression-du-rwanda-contre-la-rdc-mukwege-demande-a-la-belgique-dagir\/"]}]},{"@type":"ImageObject","inLanguage":"fr-FR","@id":"https:\/\/congovirtuel.com\/information\/agression-du-rwanda-contre-la-rdc-mukwege-demande-a-la-belgique-dagir\/#primaryimage","url":"https:\/\/congovirtuel.com\/information\/wp-content\/uploads\/2022\/06\/32B00F04-274B-4CA1-92CF-35F7CE887AD4.jpeg","contentUrl":"https:\/\/congovirtuel.com\/information\/wp-content\/uploads\/2022\/06\/32B00F04-274B-4CA1-92CF-35F7CE887AD4.jpeg","width":1080,"height":1074},{"@type":"BreadcrumbList","@id":"https:\/\/congovirtuel.com\/information\/agression-du-rwanda-contre-la-rdc-mukwege-demande-a-la-belgique-dagir\/#breadcrumb","itemListElement":[{"@type":"ListItem","position":1,"name":"Accueil","item":"https:\/\/congovirtuel.com\/information\/"},{"@type":"ListItem","position":2,"name":"\u00ab\u00a0Agression\u00a0\u00bb du Rwanda contre la RDC: Mukwege demande \u00e0 la Belgique d&rsquo;agir"}]},{"@type":"WebSite","@id":"https:\/\/congovirtuel.com\/information\/#website","url":"https:\/\/congovirtuel.com\/information\/","name":"Actualit\u00e9s congolaises et internationales","description":"site d&#039;analyse et de traitement d&#039;information","publisher":{"@id":"https:\/\/congovirtuel.com\/information\/#organization"},"potentialAction":[{"@type":"SearchAction","target":{"@type":"EntryPoint","urlTemplate":"https:\/\/congovirtuel.com\/information\/?s={search_term_string}"},"query-input":{"@type":"PropertyValueSpecification","valueRequired":true,"valueName":"search_term_string"}}],"inLanguage":"fr-FR"},{"@type":"Organization","@id":"https:\/\/congovirtuel.com\/information\/#organization","name":"Biblioth\u00e8que Virtuelle de la RDC","url":"https:\/\/congovirtuel.com\/information\/","logo":{"@type":"ImageObject","inLanguage":"fr-FR","@id":"https:\/\/congovirtuel.com\/information\/#\/schema\/logo\/image\/","url":"https:\/\/congovirtuel.com\/information\/wp-content\/uploads\/2018\/10\/header-info-congovirtuel-vraie.jpg","contentUrl":"https:\/\/congovirtuel.com\/information\/wp-content\/uploads\/2018\/10\/header-info-congovirtuel-vraie.jpg","width":728,"height":90,"caption":"Biblioth\u00e8que Virtuelle de la RDC"},"image":{"@id":"https:\/\/congovirtuel.com\/information\/#\/schema\/logo\/image\/"},"sameAs":["https:\/\/web.facebook.com\/Congovirtuel-763617960319601\/?ref=aymt_homepage_panel&amp;amp;amp;amp;amp;amp;amp;amp;amp;amp;amp;eid=ARCoxULa66767kIgF_KYav6VdjXTI4yk_LW4yoVO9s6NXpysgb7Cb65vpxcxgqzOAKvIbLQxaAETcqHT","https:\/\/x.com\/congovirtuel","https:\/\/www.youtube.com\/channel\/UCkFfprYzGgS3EWNpeMXpToQ?view_as=subscriber"]},{"@type":"Person","@id":"https:\/\/congovirtuel.com\/information\/#\/schema\/person\/739a44bf7990966cb53d58d2fdeca0b6","name":"infocongovirtuel","image":{"@type":"ImageObject","inLanguage":"fr-FR","@id":"https:\/\/secure.gravatar.com\/avatar\/4d76991aa72469f0eb22e772586c99113c6997f88da636a9db8f2ce3a2c05e69?s=96&d=mm&r=g","url":"https:\/\/secure.gravatar.com\/avatar\/4d76991aa72469f0eb22e772586c99113c6997f88da636a9db8f2ce3a2c05e69?s=96&d=mm&r=g","contentUrl":"https:\/\/secure.gravatar.com\/avatar\/4d76991aa72469f0eb22e772586c99113c6997f88da636a9db8f2ce3a2c05e69?s=96&d=mm&r=g","caption":"infocongovirtuel"},"url":"https:\/\/congovirtuel.com\/information\/author\/infocongovirtuel\/"}]}},"gt_translate_keys":[{"key":"link","format":"url"}],"_links":{"self":[{"href":"https:\/\/congovirtuel.com\/information\/wp-json\/wp\/v2\/posts\/19370","targetHints":{"allow":["GET"]}}],"collection":[{"href":"https:\/\/congovirtuel.com\/information\/wp-json\/wp\/v2\/posts"}],"about":[{"href":"https:\/\/congovirtuel.com\/information\/wp-json\/wp\/v2\/types\/post"}],"author":[{"embeddable":true,"href":"https:\/\/congovirtuel.com\/information\/wp-json\/wp\/v2\/users\/1"}],"replies":[{"embeddable":true,"href":"https:\/\/congovirtuel.com\/information\/wp-json\/wp\/v2\/comments?post=19370"}],"version-history":[{"count":1,"href":"https:\/\/congovirtuel.com\/information\/wp-json\/wp\/v2\/posts\/19370\/revisions"}],"predecessor-version":[{"id":19371,"href":"https:\/\/congovirtuel.com\/information\/wp-json\/wp\/v2\/posts\/19370\/revisions\/19371"}],"wp:featuredmedia":[{"embeddable":true,"href":"https:\/\/congovirtuel.com\/information\/wp-json\/wp\/v2\/media\/19369"}],"wp:attachment":[{"href":"https:\/\/congovirtuel.com\/information\/wp-json\/wp\/v2\/media?parent=19370"}],"wp:term":[{"taxonomy":"category","embeddable":true,"href":"https:\/\/congovirtuel.com\/information\/wp-json\/wp\/v2\/categories?post=19370"},{"taxonomy":"post_tag","embeddable":true,"href":"https:\/\/congovirtuel.com\/information\/wp-json\/wp\/v2\/tags?post=19370"}],"curies":[{"name":"wp","href":"https:\/\/api.w.org\/{rel}","templated":true}]}}