{"id":19537,"date":"2022-06-27T10:40:53","date_gmt":"2022-06-27T09:40:53","guid":{"rendered":"https:\/\/congovirtuel.com\/information\/?p=19537"},"modified":"2022-06-27T10:40:53","modified_gmt":"2022-06-27T09:40:53","slug":"rdc-guerre-controverse-sur-la-mort-de-sultani-makenga-chef-du-m23","status":"publish","type":"post","link":"https:\/\/congovirtuel.com\/information\/rdc-guerre-controverse-sur-la-mort-de-sultani-makenga-chef-du-m23\/","title":{"rendered":"RDC guerre: Controverse sur la mort de Sultani Makenga, chef du M23","gt_translate_keys":[{"key":"rendered","format":"text"}]},"content":{"rendered":"<p dir=\"ltr\">Selon le journaliste Christophe Rigaud de Afrikarabia, il y a de fortes Rumeurs autour de la mort de Sultani Makenga. Mais il n\u2019y a \u00ab aucune confirmation s\u00e9rieuse pour l\u2019instant, mais une source s\u00e9curitaire nous confirme le d\u00e9c\u00e8s du Colonel Youssouf Mboneza et de 3 autres officiers M23 apr\u00e8s le bombardement d\u2019un h\u00e9licopt\u00e8re des FARDC \u00bb, a \u00e9crit le journaliste sur Twitter.<\/p>\n<p dir=\"ltr\">D\u2019autres sources ont rapport\u00e9 la nouvelle sans la confirmer, \u00e9voquant toujours des \u00ab\u00a0sources s\u00e9curitaires\u00a0\u00bb.<\/p>\n<p dir=\"ltr\">Le colonel Sultani Makenga est le chef militaire du Mouvement du 23 mars, un groupe militaire rebelle bas\u00e9 dans les r\u00e9gions orientales de la R\u00e9publique d\u00e9mocratique du Congo. Makenga est un Tutsi ethnique et a grandi au Sud-Kivu. Il a combattu pour le Front patriotique rwandais pendant la guerre civile rwandaise (Wikip\u00e9dia)<\/p>\n<p dir=\"ltr\">En novembre 2012, Sultani Makenga et sa r\u00e9bellion du Mouvement du 23-Mars (M23) faisaient trembler l\u2019\u00c9tat congolais en prenant la ville de Goma (Est). Soutenu militairement par plusieurs pays d\u2019Afrique australe, Kinshasa avait d\u00e9cr\u00e9t\u00e9 une mobilisation g\u00e9n\u00e9rale contre cet ancien officier devenu l\u2019ennemi public num\u00e9ro un.<\/p>\n<p dir=\"ltr\">La rumeur de sa mort est-elle une fausse alerte\u00a0? Ce n\u2019est pas la premi\u00e8re fois que la rumeur de la mort de ce terroriste circule dans l\u2019est de la RDC et des pays voisins.<\/p>\n<p dir=\"ltr\">D\u00e9fait en 2013, Makenga avait fui en Ouganda. Sous le coup de sanctions onusiennes, il est retourn\u00e9 dans le maquis congolais au d\u00e9but de 2017 avec, selon les experts de l\u2019ONU, environ 200 hommes. Cette tentative a fait long feu. Et, \u00e0 moins d\u2019un soutien ext\u00e9rieur, Makenga (44 ans), qui se cachait toujours dans la for\u00eat, n\u2019aurait plus les moyens de faire le coup de feu en RDC.<\/p>\n<p dir=\"ltr\">Infocongo<\/p>\n","protected":false,"gt_translate_keys":[{"key":"rendered","format":"html"}]},"excerpt":{"rendered":"<p>Selon le journaliste Christophe Rigaud de Afrikarabia, il y a de fortes Rumeurs autour de la mort de Sultani Makenga. Mais il n\u2019y a \u00ab aucune confirmation s\u00e9rieuse pour l\u2019instant, mais une source s\u00e9curitaire nous confirme le d\u00e9c\u00e8s du Colonel Youssouf Mboneza et de 3 autres officiers M23 apr\u00e8s le bombardement d\u2019un h\u00e9licopt\u00e8re des FARDC \u00bb, a \u00e9crit le journaliste sur Twitter. D\u2019autres sources ont rapport\u00e9 la nouvelle sans la confirmer, \u00e9voquant toujours des \u00ab\u00a0sources s\u00e9curitaires\u00a0\u00bb. Le colonel Sultani Makenga est le chef militaire du Mouvement du 23 mars, un&hellip;<\/p>\n","protected":false,"gt_translate_keys":[{"key":"rendered","format":"html"}]},"author":1,"featured_media":19538,"comment_status":"open","ping_status":"open","sticky":false,"template":"","format":"standard","meta":{"_crdt_document":"","footnotes":""},"categories":[199],"tags":[36990],"class_list":["post-19537","post","type-post","status-publish","format-standard","has-post-thumbnail","hentry","category-insecurite","tag-sultani-makenga"],"gutentor_comment":0,"yoast_head":"<!-- This site is optimized with the Yoast SEO plugin v27.5 - https:\/\/yoast.com\/product\/yoast-seo-wordpress\/ -->\n<title>RDC guerre: Controverse sur la mort de Sultani Makenga, chef du M23 - Actualit\u00e9s congolaises et internationales<\/title>\n<meta name=\"robots\" content=\"index, follow, max-snippet:-1, max-image-preview:large, max-video-preview:-1\" \/>\n<link rel=\"canonical\" href=\"https:\/\/congovirtuel.com\/information\/rdc-guerre-controverse-sur-la-mort-de-sultani-makenga-chef-du-m23\/\" \/>\n<meta property=\"og:locale\" content=\"fr_FR\" \/>\n<meta property=\"og:type\" content=\"article\" \/>\n<meta property=\"og:title\" content=\"RDC guerre: Controverse sur la mort de Sultani Makenga, chef du M23 - Actualit\u00e9s congolaises et internationales\" \/>\n<meta property=\"og:description\" content=\"Selon le journaliste Christophe Rigaud de Afrikarabia, il y a de fortes Rumeurs autour de la mort de Sultani Makenga. Mais il n\u2019y a \u00ab aucune confirmation s\u00e9rieuse pour l\u2019instant, mais une source s\u00e9curitaire nous confirme le d\u00e9c\u00e8s du Colonel Youssouf Mboneza et de 3 autres officiers M23 apr\u00e8s le bombardement d\u2019un h\u00e9licopt\u00e8re des FARDC \u00bb, a \u00e9crit le journaliste sur Twitter. D\u2019autres sources ont rapport\u00e9 la nouvelle sans la confirmer, \u00e9voquant toujours des \u00ab\u00a0sources s\u00e9curitaires\u00a0\u00bb. Le colonel Sultani Makenga est le chef militaire du Mouvement du 23 mars, un&hellip;\" \/>\n<meta property=\"og:url\" content=\"https:\/\/congovirtuel.com\/information\/rdc-guerre-controverse-sur-la-mort-de-sultani-makenga-chef-du-m23\/\" \/>\n<meta property=\"og:site_name\" content=\"Actualit\u00e9s congolaises et internationales\" \/>\n<meta property=\"article:publisher\" content=\"https:\/\/web.facebook.com\/Congovirtuel-763617960319601\/?ref=aymt_homepage_panel&amp;amp%3bamp%3bamp%3bamp%3bamp%3bamp%3bamp%3bamp%3bamp%3bamp%3bamp%3beid=ARCoxULa66767kIgF_KYav6VdjXTI4yk_LW4yoVO9s6NXpysgb7Cb65vpxcxgqzOAKvIbLQxaAETcqHT\" \/>\n<meta property=\"article:published_time\" content=\"2022-06-27T09:40:53+00:00\" \/>\n<meta property=\"og:image\" content=\"https:\/\/congovirtuel.com\/information\/wp-content\/uploads\/2022\/06\/sultani-makenga-768x432-1.jpg\" \/>\n\t<meta property=\"og:image:width\" content=\"768\" \/>\n\t<meta property=\"og:image:height\" content=\"432\" \/>\n\t<meta property=\"og:image:type\" content=\"image\/jpeg\" \/>\n<meta name=\"author\" content=\"infocongovirtuel\" \/>\n<meta name=\"twitter:card\" content=\"summary_large_image\" \/>\n<meta name=\"twitter:creator\" content=\"@congovirtuel\" \/>\n<meta name=\"twitter:site\" content=\"@congovirtuel\" \/>\n<meta name=\"twitter:label1\" content=\"\u00c9crit par\" \/>\n\t<meta name=\"twitter:data1\" content=\"infocongovirtuel\" \/>\n\t<meta name=\"twitter:label2\" content=\"Dur\u00e9e de lecture estim\u00e9e\" \/>\n\t<meta name=\"twitter:data2\" content=\"2 minutes\" \/>\n<script type=\"application\/ld+json\" class=\"yoast-schema-graph\">{\"@context\":\"https:\\\/\\\/schema.org\",\"@graph\":[{\"@type\":\"Article\",\"@id\":\"https:\\\/\\\/congovirtuel.com\\\/information\\\/rdc-guerre-controverse-sur-la-mort-de-sultani-makenga-chef-du-m23\\\/#article\",\"isPartOf\":{\"@id\":\"https:\\\/\\\/congovirtuel.com\\\/information\\\/rdc-guerre-controverse-sur-la-mort-de-sultani-makenga-chef-du-m23\\\/\"},\"author\":{\"name\":\"infocongovirtuel\",\"@id\":\"https:\\\/\\\/congovirtuel.com\\\/information\\\/#\\\/schema\\\/person\\\/739a44bf7990966cb53d58d2fdeca0b6\"},\"headline\":\"RDC guerre: Controverse sur la mort de Sultani Makenga, chef du M23\",\"datePublished\":\"2022-06-27T09:40:53+00:00\",\"mainEntityOfPage\":{\"@id\":\"https:\\\/\\\/congovirtuel.com\\\/information\\\/rdc-guerre-controverse-sur-la-mort-de-sultani-makenga-chef-du-m23\\\/\"},\"wordCount\":314,\"commentCount\":0,\"publisher\":{\"@id\":\"https:\\\/\\\/congovirtuel.com\\\/information\\\/#organization\"},\"image\":{\"@id\":\"https:\\\/\\\/congovirtuel.com\\\/information\\\/rdc-guerre-controverse-sur-la-mort-de-sultani-makenga-chef-du-m23\\\/#primaryimage\"},\"thumbnailUrl\":\"https:\\\/\\\/congovirtuel.com\\\/information\\\/wp-content\\\/uploads\\\/2022\\\/06\\\/sultani-makenga-768x432-1.jpg\",\"keywords\":[\"Sultani Makenga\"],\"articleSection\":[\"Ins\u00e9curit\u00e9\"],\"inLanguage\":\"fr-FR\",\"potentialAction\":[{\"@type\":\"CommentAction\",\"name\":\"Comment\",\"target\":[\"https:\\\/\\\/congovirtuel.com\\\/information\\\/rdc-guerre-controverse-sur-la-mort-de-sultani-makenga-chef-du-m23\\\/#respond\"]}]},{\"@type\":\"WebPage\",\"@id\":\"https:\\\/\\\/congovirtuel.com\\\/information\\\/rdc-guerre-controverse-sur-la-mort-de-sultani-makenga-chef-du-m23\\\/\",\"url\":\"https:\\\/\\\/congovirtuel.com\\\/information\\\/rdc-guerre-controverse-sur-la-mort-de-sultani-makenga-chef-du-m23\\\/\",\"name\":\"RDC guerre: Controverse sur la mort de Sultani Makenga, chef du M23 - Actualit\u00e9s congolaises et internationales\",\"isPartOf\":{\"@id\":\"https:\\\/\\\/congovirtuel.com\\\/information\\\/#website\"},\"primaryImageOfPage\":{\"@id\":\"https:\\\/\\\/congovirtuel.com\\\/information\\\/rdc-guerre-controverse-sur-la-mort-de-sultani-makenga-chef-du-m23\\\/#primaryimage\"},\"image\":{\"@id\":\"https:\\\/\\\/congovirtuel.com\\\/information\\\/rdc-guerre-controverse-sur-la-mort-de-sultani-makenga-chef-du-m23\\\/#primaryimage\"},\"thumbnailUrl\":\"https:\\\/\\\/congovirtuel.com\\\/information\\\/wp-content\\\/uploads\\\/2022\\\/06\\\/sultani-makenga-768x432-1.jpg\",\"datePublished\":\"2022-06-27T09:40:53+00:00\",\"breadcrumb\":{\"@id\":\"https:\\\/\\\/congovirtuel.com\\\/information\\\/rdc-guerre-controverse-sur-la-mort-de-sultani-makenga-chef-du-m23\\\/#breadcrumb\"},\"inLanguage\":\"fr-FR\",\"potentialAction\":[{\"@type\":\"ReadAction\",\"target\":[\"https:\\\/\\\/congovirtuel.com\\\/information\\\/rdc-guerre-controverse-sur-la-mort-de-sultani-makenga-chef-du-m23\\\/\"]}]},{\"@type\":\"ImageObject\",\"inLanguage\":\"fr-FR\",\"@id\":\"https:\\\/\\\/congovirtuel.com\\\/information\\\/rdc-guerre-controverse-sur-la-mort-de-sultani-makenga-chef-du-m23\\\/#primaryimage\",\"url\":\"https:\\\/\\\/congovirtuel.com\\\/information\\\/wp-content\\\/uploads\\\/2022\\\/06\\\/sultani-makenga-768x432-1.jpg\",\"contentUrl\":\"https:\\\/\\\/congovirtuel.com\\\/information\\\/wp-content\\\/uploads\\\/2022\\\/06\\\/sultani-makenga-768x432-1.jpg\",\"width\":768,\"height\":432},{\"@type\":\"BreadcrumbList\",\"@id\":\"https:\\\/\\\/congovirtuel.com\\\/information\\\/rdc-guerre-controverse-sur-la-mort-de-sultani-makenga-chef-du-m23\\\/#breadcrumb\",\"itemListElement\":[{\"@type\":\"ListItem\",\"position\":1,\"name\":\"Accueil\",\"item\":\"https:\\\/\\\/congovirtuel.com\\\/information\\\/\"},{\"@type\":\"ListItem\",\"position\":2,\"name\":\"RDC guerre: Controverse sur la mort de Sultani Makenga, chef du M23\"}]},{\"@type\":\"WebSite\",\"@id\":\"https:\\\/\\\/congovirtuel.com\\\/information\\\/#website\",\"url\":\"https:\\\/\\\/congovirtuel.com\\\/information\\\/\",\"name\":\"Actualit\u00e9s congolaises et internationales\",\"description\":\"site d&#039;analyse et de traitement d&#039;information\",\"publisher\":{\"@id\":\"https:\\\/\\\/congovirtuel.com\\\/information\\\/#organization\"},\"potentialAction\":[{\"@type\":\"SearchAction\",\"target\":{\"@type\":\"EntryPoint\",\"urlTemplate\":\"https:\\\/\\\/congovirtuel.com\\\/information\\\/?s={search_term_string}\"},\"query-input\":{\"@type\":\"PropertyValueSpecification\",\"valueRequired\":true,\"valueName\":\"search_term_string\"}}],\"inLanguage\":\"fr-FR\"},{\"@type\":\"Organization\",\"@id\":\"https:\\\/\\\/congovirtuel.com\\\/information\\\/#organization\",\"name\":\"Biblioth\u00e8que Virtuelle de la RDC\",\"url\":\"https:\\\/\\\/congovirtuel.com\\\/information\\\/\",\"logo\":{\"@type\":\"ImageObject\",\"inLanguage\":\"fr-FR\",\"@id\":\"https:\\\/\\\/congovirtuel.com\\\/information\\\/#\\\/schema\\\/logo\\\/image\\\/\",\"url\":\"https:\\\/\\\/congovirtuel.com\\\/information\\\/wp-content\\\/uploads\\\/2018\\\/10\\\/header-info-congovirtuel-vraie.jpg\",\"contentUrl\":\"https:\\\/\\\/congovirtuel.com\\\/information\\\/wp-content\\\/uploads\\\/2018\\\/10\\\/header-info-congovirtuel-vraie.jpg\",\"width\":728,\"height\":90,\"caption\":\"Biblioth\u00e8que Virtuelle de la RDC\"},\"image\":{\"@id\":\"https:\\\/\\\/congovirtuel.com\\\/information\\\/#\\\/schema\\\/logo\\\/image\\\/\"},\"sameAs\":[\"https:\\\/\\\/web.facebook.com\\\/Congovirtuel-763617960319601\\\/?ref=aymt_homepage_panel&amp;amp;amp;amp;amp;amp;amp;amp;amp;amp;amp;eid=ARCoxULa66767kIgF_KYav6VdjXTI4yk_LW4yoVO9s6NXpysgb7Cb65vpxcxgqzOAKvIbLQxaAETcqHT\",\"https:\\\/\\\/x.com\\\/congovirtuel\",\"https:\\\/\\\/www.youtube.com\\\/channel\\\/UCkFfprYzGgS3EWNpeMXpToQ?view_as=subscriber\"]},{\"@type\":\"Person\",\"@id\":\"https:\\\/\\\/congovirtuel.com\\\/information\\\/#\\\/schema\\\/person\\\/739a44bf7990966cb53d58d2fdeca0b6\",\"name\":\"infocongovirtuel\",\"image\":{\"@type\":\"ImageObject\",\"inLanguage\":\"fr-FR\",\"@id\":\"https:\\\/\\\/secure.gravatar.com\\\/avatar\\\/4d76991aa72469f0eb22e772586c99113c6997f88da636a9db8f2ce3a2c05e69?s=96&d=mm&r=g\",\"url\":\"https:\\\/\\\/secure.gravatar.com\\\/avatar\\\/4d76991aa72469f0eb22e772586c99113c6997f88da636a9db8f2ce3a2c05e69?s=96&d=mm&r=g\",\"contentUrl\":\"https:\\\/\\\/secure.gravatar.com\\\/avatar\\\/4d76991aa72469f0eb22e772586c99113c6997f88da636a9db8f2ce3a2c05e69?s=96&d=mm&r=g\",\"caption\":\"infocongovirtuel\"},\"url\":\"https:\\\/\\\/congovirtuel.com\\\/information\\\/author\\\/infocongovirtuel\\\/\"}]}<\/script>\n<!-- \/ Yoast SEO plugin. -->","yoast_head_json":{"title":"RDC guerre: Controverse sur la mort de Sultani Makenga, chef du M23 - Actualit\u00e9s congolaises et internationales","robots":{"index":"index","follow":"follow","max-snippet":"max-snippet:-1","max-image-preview":"max-image-preview:large","max-video-preview":"max-video-preview:-1"},"canonical":"https:\/\/congovirtuel.com\/information\/rdc-guerre-controverse-sur-la-mort-de-sultani-makenga-chef-du-m23\/","og_locale":"fr_FR","og_type":"article","og_title":"RDC guerre: Controverse sur la mort de Sultani Makenga, chef du M23 - Actualit\u00e9s congolaises et internationales","og_description":"Selon le journaliste Christophe Rigaud de Afrikarabia, il y a de fortes Rumeurs autour de la mort de Sultani Makenga. Mais il n\u2019y a \u00ab aucune confirmation s\u00e9rieuse pour l\u2019instant, mais une source s\u00e9curitaire nous confirme le d\u00e9c\u00e8s du Colonel Youssouf Mboneza et de 3 autres officiers M23 apr\u00e8s le bombardement d\u2019un h\u00e9licopt\u00e8re des FARDC \u00bb, a \u00e9crit le journaliste sur Twitter. D\u2019autres sources ont rapport\u00e9 la nouvelle sans la confirmer, \u00e9voquant toujours des \u00ab\u00a0sources s\u00e9curitaires\u00a0\u00bb. Le colonel Sultani Makenga est le chef militaire du Mouvement du 23 mars, un&hellip;","og_url":"https:\/\/congovirtuel.com\/information\/rdc-guerre-controverse-sur-la-mort-de-sultani-makenga-chef-du-m23\/","og_site_name":"Actualit\u00e9s congolaises et internationales","article_publisher":"https:\/\/web.facebook.com\/Congovirtuel-763617960319601\/?ref=aymt_homepage_panel&amp%3bamp%3bamp%3bamp%3bamp%3bamp%3bamp%3bamp%3bamp%3bamp%3bamp%3beid=ARCoxULa66767kIgF_KYav6VdjXTI4yk_LW4yoVO9s6NXpysgb7Cb65vpxcxgqzOAKvIbLQxaAETcqHT","article_published_time":"2022-06-27T09:40:53+00:00","og_image":[{"width":768,"height":432,"url":"https:\/\/congovirtuel.com\/information\/wp-content\/uploads\/2022\/06\/sultani-makenga-768x432-1.jpg","type":"image\/jpeg"}],"author":"infocongovirtuel","twitter_card":"summary_large_image","twitter_creator":"@congovirtuel","twitter_site":"@congovirtuel","twitter_misc":{"\u00c9crit par":"infocongovirtuel","Dur\u00e9e de lecture estim\u00e9e":"2 minutes"},"schema":{"@context":"https:\/\/schema.org","@graph":[{"@type":"Article","@id":"https:\/\/congovirtuel.com\/information\/rdc-guerre-controverse-sur-la-mort-de-sultani-makenga-chef-du-m23\/#article","isPartOf":{"@id":"https:\/\/congovirtuel.com\/information\/rdc-guerre-controverse-sur-la-mort-de-sultani-makenga-chef-du-m23\/"},"author":{"name":"infocongovirtuel","@id":"https:\/\/congovirtuel.com\/information\/#\/schema\/person\/739a44bf7990966cb53d58d2fdeca0b6"},"headline":"RDC guerre: Controverse sur la mort de Sultani Makenga, chef du M23","datePublished":"2022-06-27T09:40:53+00:00","mainEntityOfPage":{"@id":"https:\/\/congovirtuel.com\/information\/rdc-guerre-controverse-sur-la-mort-de-sultani-makenga-chef-du-m23\/"},"wordCount":314,"commentCount":0,"publisher":{"@id":"https:\/\/congovirtuel.com\/information\/#organization"},"image":{"@id":"https:\/\/congovirtuel.com\/information\/rdc-guerre-controverse-sur-la-mort-de-sultani-makenga-chef-du-m23\/#primaryimage"},"thumbnailUrl":"https:\/\/congovirtuel.com\/information\/wp-content\/uploads\/2022\/06\/sultani-makenga-768x432-1.jpg","keywords":["Sultani Makenga"],"articleSection":["Ins\u00e9curit\u00e9"],"inLanguage":"fr-FR","potentialAction":[{"@type":"CommentAction","name":"Comment","target":["https:\/\/congovirtuel.com\/information\/rdc-guerre-controverse-sur-la-mort-de-sultani-makenga-chef-du-m23\/#respond"]}]},{"@type":"WebPage","@id":"https:\/\/congovirtuel.com\/information\/rdc-guerre-controverse-sur-la-mort-de-sultani-makenga-chef-du-m23\/","url":"https:\/\/congovirtuel.com\/information\/rdc-guerre-controverse-sur-la-mort-de-sultani-makenga-chef-du-m23\/","name":"RDC guerre: Controverse sur la mort de Sultani Makenga, chef du M23 - Actualit\u00e9s congolaises et internationales","isPartOf":{"@id":"https:\/\/congovirtuel.com\/information\/#website"},"primaryImageOfPage":{"@id":"https:\/\/congovirtuel.com\/information\/rdc-guerre-controverse-sur-la-mort-de-sultani-makenga-chef-du-m23\/#primaryimage"},"image":{"@id":"https:\/\/congovirtuel.com\/information\/rdc-guerre-controverse-sur-la-mort-de-sultani-makenga-chef-du-m23\/#primaryimage"},"thumbnailUrl":"https:\/\/congovirtuel.com\/information\/wp-content\/uploads\/2022\/06\/sultani-makenga-768x432-1.jpg","datePublished":"2022-06-27T09:40:53+00:00","breadcrumb":{"@id":"https:\/\/congovirtuel.com\/information\/rdc-guerre-controverse-sur-la-mort-de-sultani-makenga-chef-du-m23\/#breadcrumb"},"inLanguage":"fr-FR","potentialAction":[{"@type":"ReadAction","target":["https:\/\/congovirtuel.com\/information\/rdc-guerre-controverse-sur-la-mort-de-sultani-makenga-chef-du-m23\/"]}]},{"@type":"ImageObject","inLanguage":"fr-FR","@id":"https:\/\/congovirtuel.com\/information\/rdc-guerre-controverse-sur-la-mort-de-sultani-makenga-chef-du-m23\/#primaryimage","url":"https:\/\/congovirtuel.com\/information\/wp-content\/uploads\/2022\/06\/sultani-makenga-768x432-1.jpg","contentUrl":"https:\/\/congovirtuel.com\/information\/wp-content\/uploads\/2022\/06\/sultani-makenga-768x432-1.jpg","width":768,"height":432},{"@type":"BreadcrumbList","@id":"https:\/\/congovirtuel.com\/information\/rdc-guerre-controverse-sur-la-mort-de-sultani-makenga-chef-du-m23\/#breadcrumb","itemListElement":[{"@type":"ListItem","position":1,"name":"Accueil","item":"https:\/\/congovirtuel.com\/information\/"},{"@type":"ListItem","position":2,"name":"RDC guerre: Controverse sur la mort de Sultani Makenga, chef du M23"}]},{"@type":"WebSite","@id":"https:\/\/congovirtuel.com\/information\/#website","url":"https:\/\/congovirtuel.com\/information\/","name":"Actualit\u00e9s congolaises et internationales","description":"site d&#039;analyse et de traitement d&#039;information","publisher":{"@id":"https:\/\/congovirtuel.com\/information\/#organization"},"potentialAction":[{"@type":"SearchAction","target":{"@type":"EntryPoint","urlTemplate":"https:\/\/congovirtuel.com\/information\/?s={search_term_string}"},"query-input":{"@type":"PropertyValueSpecification","valueRequired":true,"valueName":"search_term_string"}}],"inLanguage":"fr-FR"},{"@type":"Organization","@id":"https:\/\/congovirtuel.com\/information\/#organization","name":"Biblioth\u00e8que Virtuelle de la RDC","url":"https:\/\/congovirtuel.com\/information\/","logo":{"@type":"ImageObject","inLanguage":"fr-FR","@id":"https:\/\/congovirtuel.com\/information\/#\/schema\/logo\/image\/","url":"https:\/\/congovirtuel.com\/information\/wp-content\/uploads\/2018\/10\/header-info-congovirtuel-vraie.jpg","contentUrl":"https:\/\/congovirtuel.com\/information\/wp-content\/uploads\/2018\/10\/header-info-congovirtuel-vraie.jpg","width":728,"height":90,"caption":"Biblioth\u00e8que Virtuelle de la RDC"},"image":{"@id":"https:\/\/congovirtuel.com\/information\/#\/schema\/logo\/image\/"},"sameAs":["https:\/\/web.facebook.com\/Congovirtuel-763617960319601\/?ref=aymt_homepage_panel&amp;amp;amp;amp;amp;amp;amp;amp;amp;amp;amp;eid=ARCoxULa66767kIgF_KYav6VdjXTI4yk_LW4yoVO9s6NXpysgb7Cb65vpxcxgqzOAKvIbLQxaAETcqHT","https:\/\/x.com\/congovirtuel","https:\/\/www.youtube.com\/channel\/UCkFfprYzGgS3EWNpeMXpToQ?view_as=subscriber"]},{"@type":"Person","@id":"https:\/\/congovirtuel.com\/information\/#\/schema\/person\/739a44bf7990966cb53d58d2fdeca0b6","name":"infocongovirtuel","image":{"@type":"ImageObject","inLanguage":"fr-FR","@id":"https:\/\/secure.gravatar.com\/avatar\/4d76991aa72469f0eb22e772586c99113c6997f88da636a9db8f2ce3a2c05e69?s=96&d=mm&r=g","url":"https:\/\/secure.gravatar.com\/avatar\/4d76991aa72469f0eb22e772586c99113c6997f88da636a9db8f2ce3a2c05e69?s=96&d=mm&r=g","contentUrl":"https:\/\/secure.gravatar.com\/avatar\/4d76991aa72469f0eb22e772586c99113c6997f88da636a9db8f2ce3a2c05e69?s=96&d=mm&r=g","caption":"infocongovirtuel"},"url":"https:\/\/congovirtuel.com\/information\/author\/infocongovirtuel\/"}]}},"gt_translate_keys":[{"key":"link","format":"url"}],"_links":{"self":[{"href":"https:\/\/congovirtuel.com\/information\/wp-json\/wp\/v2\/posts\/19537","targetHints":{"allow":["GET"]}}],"collection":[{"href":"https:\/\/congovirtuel.com\/information\/wp-json\/wp\/v2\/posts"}],"about":[{"href":"https:\/\/congovirtuel.com\/information\/wp-json\/wp\/v2\/types\/post"}],"author":[{"embeddable":true,"href":"https:\/\/congovirtuel.com\/information\/wp-json\/wp\/v2\/users\/1"}],"replies":[{"embeddable":true,"href":"https:\/\/congovirtuel.com\/information\/wp-json\/wp\/v2\/comments?post=19537"}],"version-history":[{"count":1,"href":"https:\/\/congovirtuel.com\/information\/wp-json\/wp\/v2\/posts\/19537\/revisions"}],"predecessor-version":[{"id":19539,"href":"https:\/\/congovirtuel.com\/information\/wp-json\/wp\/v2\/posts\/19537\/revisions\/19539"}],"wp:featuredmedia":[{"embeddable":true,"href":"https:\/\/congovirtuel.com\/information\/wp-json\/wp\/v2\/media\/19538"}],"wp:attachment":[{"href":"https:\/\/congovirtuel.com\/information\/wp-json\/wp\/v2\/media?parent=19537"}],"wp:term":[{"taxonomy":"category","embeddable":true,"href":"https:\/\/congovirtuel.com\/information\/wp-json\/wp\/v2\/categories?post=19537"},{"taxonomy":"post_tag","embeddable":true,"href":"https:\/\/congovirtuel.com\/information\/wp-json\/wp\/v2\/tags?post=19537"}],"curies":[{"name":"wp","href":"https:\/\/api.w.org\/{rel}","templated":true}]}}