{"id":19608,"date":"2022-07-04T15:58:20","date_gmt":"2022-07-04T14:58:20","guid":{"rendered":"https:\/\/congovirtuel.com\/information\/?p=19608"},"modified":"2022-07-04T16:09:31","modified_gmt":"2022-07-04T15:09:31","slug":"kagame-compare-le-comportement-de-la-rdc-a-celui-dun-enfant-adoptif-interview","status":"publish","type":"post","link":"https:\/\/congovirtuel.com\/information\/kagame-compare-le-comportement-de-la-rdc-a-celui-dun-enfant-adoptif-interview\/","title":{"rendered":"Kagame compare le comportement de la RDC \u00e0 celui d&rsquo;un enfant adoptif (Interview)","gt_translate_keys":[{"key":"rendered","format":"text"}]},"content":{"rendered":"<div align=\"left\">\n<p dir=\"ltr\">Le pr\u00e9sident Paul Kagame a d\u00e9crit la R\u00e9publique d\u00e9mocratique du Congo comme ayant une attitude d&rsquo;\u00e9ducation des enfants, ce qui cause des probl\u00e8mes mais se termine par une d\u00e9claration selon laquelle certaines personnes en abuseraient.<\/p>\n<\/div>\n<div align=\"left\">\n<p dir=\"ltr\">Le pr\u00e9sident Kagame revenait sur les accusations de longue date de la RDC contre le Rwanda pour avoir soutenu le groupe M23.\u00a0C&rsquo;\u00e9tait dans un entretien accord\u00e9 \u00e0 l&rsquo;Agence nationale de presse ce lundi 4 juillet 2022.<\/p>\n<\/div>\n<div align=\"left\">\n<p dir=\"ltr\">Concernant la question du M23, qui a d\u00e9clench\u00e9 des combats en RDC, le gouvernement du pays accusant le Rwanda de le soutenir, le pr\u00e9sident Kagame a d\u00e9clar\u00e9 que la question remonte \u00e0 l&rsquo;histoire ancienne.<\/p>\n<\/div>\n<div align=\"left\">\n<p dir=\"ltr\">Il a affirm\u00e9 que ses aveux avaient \u00e9t\u00e9 obtenus sous la torture et que ses aveux avaient \u00e9t\u00e9 obtenus sous la torture.<\/p>\n<\/div>\n<div align=\"left\">\n<p dir=\"ltr\">Il a affirm\u00e9 que ses aveux avaient \u00e9t\u00e9 obtenus sous la torture et que ses aveux avaient \u00e9t\u00e9 obtenus sous la torture.<\/p>\n<\/div>\n<div align=\"left\">\n<p dir=\"ltr\">Le pr\u00e9sident Kagame a d\u00e9clar\u00e9 que lorsque F\u00e9lix Antoine Tshisekedi a \u00e9t\u00e9 \u00e9lu, la question du M23 \u00e9tait tellement discut\u00e9e que certains de ses envoy\u00e9s \u00e9taient venus au Rwanda pour voir les r\u00e9fugi\u00e9s qui avaient fui et avaient \u00e9t\u00e9 assur\u00e9s qu&rsquo;ils allaient r\u00e9soudre leur probl\u00e8me.<\/p>\n<\/div>\n<div align=\"left\">\n<p dir=\"ltr\">Il a dit que lorsque le M23 est entr\u00e9 en guerre, le Rwanda avait averti le Congo sur la base de ses informations de renseignement.<\/p>\n<p dir=\"ltr\">C&rsquo;est comme un b\u00e9b\u00e9 qu&rsquo;on \u00e9l\u00e8ve<\/p>\n<p dir=\"ltr\">Le pr\u00e9sident Kagame a d\u00e9clar\u00e9 que les accusations de la RDC contre le Rwanda en faveur du M23 sont sans fondement mais que le pays soutient les FDLR qui compromettent la s\u00e9curit\u00e9 du Rwanda.<\/p>\n<p dir=\"ltr\">\u00ab\u00a0C&rsquo;est simplement venu \u00e0 notre connaissance \u00e0 ce moment-l\u00e0. La m\u00eame chose s&rsquo;est produite avec la fusillade sur le sol rwandais. \u00ab\u00a0Quelque chose se passe depuis 2019 lorsque les FDLR ont envahi notre territoire \u00e0 Kinigi mais ont subi la pression de nos troupes, qui \u00e9taient venues de la RDC et ont re\u00e7u des armes de la RDC\u00a0\u00bb.<\/p>\n<p dir=\"ltr\">Il a ajout\u00e9 qu&rsquo;apr\u00e8s les attentats, il y a eu une troisi\u00e8me fusillade sur le sol rwandais.<\/p>\n<p dir=\"ltr\">\u00ab\u00a0C&rsquo;est simplement venu \u00e0 notre connaissance \u00e0 ce moment-l\u00e0. Nous avons discut\u00e9 de tout cela avec la RDC, c&rsquo;est-\u00e0-dire. D&rsquo;autre part, pourquoi devrions-nous nous impliquer ainsi dans les probl\u00e8mes de la RDC ? Mais ils ont fait de leur mieux pour nous remettre \u00e0 leur place. \u00bb<\/p>\n<p dir=\"ltr\">Le pr\u00e9sident Kagame a poursuivi en disant qu&rsquo;\u00e0 diff\u00e9rents moments, le Congo s&rsquo;est comport\u00e9 comme un enfant adoptif.<\/p>\n<p dir=\"ltr\">\u00ab\u00a0L&rsquo;autre probl\u00e8me, c&rsquo;est que le Congo s&rsquo;est comport\u00e9 comme un enfant adoptif depuis des ann\u00e9es jusqu&rsquo;\u00e0 demain, causant des probl\u00e8mes et finissant par pleurer, crier qu&rsquo;il y a quelqu&rsquo;un qui lui fait du mal et semble faire partie du monde qui biais\u00e9s envers la RDC et alors qu&rsquo;ils sont fautifs. \u00bb<\/p>\n<p dir=\"ltr\">Le pr\u00e9sident Kagame a d\u00e9clar\u00e9 que le Rwanda n&rsquo;a aucun probl\u00e8me avec le fait que la RDC a d\u00e9clar\u00e9 qu&rsquo;elle ne voulait pas que ses troupes fassent partie de l&rsquo;EAC, qui ira r\u00e9tablir la paix dans l&rsquo;est du pays.<\/p>\n<p dir=\"ltr\">Il a d\u00e9clar\u00e9 que le d\u00e9sir du Rwanda \u00e9tait que toutes les troupes impliqu\u00e9es soient impliqu\u00e9es dans la r\u00e9solution de la crise de s\u00e9curit\u00e9 de longue date dans l&rsquo;est de la RDC et dans la fourniture d&rsquo;une solution aux attaques incessantes du Rwanda.<\/p>\n<p dir=\"ltr\">Depuis le d\u00e9but de cette ann\u00e9e, le M23 a cess\u00e9 les hostilit\u00e9s et la RDC a de nouveau d\u00e9menti les all\u00e9gations selon lesquelles le groupe soutiendrait le Rwanda.<\/p>\n<p dir=\"ltr\">Lors d&rsquo;une visite au Congo Brazzaville en juin 2022, le pr\u00e9sident F\u00e9lix Antoine Tshisekedi a d\u00e9clar\u00e9 que sa priorit\u00e9 \u00e9tait de rechercher la paix, de construire l&rsquo;amiti\u00e9 et la solidarit\u00e9 mais que personne ne devait y voir une faiblesse ou une tentation de provoquer son pays.<\/p>\n<p dir=\"ltr\">Audacieux, Tshisekedi a t\u00e9moign\u00e9 qu&rsquo;il ne doutait pas que le Rwanda aidait le M23 \u00e0 provoquer son pays mais qu&rsquo;il voulait que son pays vive mieux avec ses voisins.<\/p>\n<p dir=\"ltr\">\u00ab\u00a0J&rsquo;esp\u00e8re que le Rwanda a retenu la le\u00e7on car aujourd&rsquo;hui, il ne fait aucun doute que le Rwanda aide le M23 \u00e0 apprendre \u00e0 provoquer la RDC\u00a0\u00bb, a-t-il d\u00e9clar\u00e9.<\/p>\n<p dir=\"ltr\">Tshisekedi a poursuivi en disant qu&rsquo;en 2013, le M23 a \u00e9t\u00e9 vaincu et que ses armes ont \u00e9t\u00e9 saisies, mais aujourd&rsquo;hui, il a de nouveau perdu la t\u00eate, ce qui signifie qu&rsquo;il s&rsquo;est repli\u00e9 quelque part.<\/p>\n<p dir=\"ltr\">IGIHE<\/p>\n<\/div>\n","protected":false,"gt_translate_keys":[{"key":"rendered","format":"html"}]},"excerpt":{"rendered":"<p>Le pr\u00e9sident Paul Kagame a d\u00e9crit la R\u00e9publique d\u00e9mocratique du Congo comme ayant une attitude d&rsquo;\u00e9ducation des enfants, ce qui cause des probl\u00e8mes mais se termine par une d\u00e9claration selon laquelle certaines personnes en abuseraient. Le pr\u00e9sident Kagame revenait sur les accusations de longue date de la RDC contre le Rwanda pour avoir soutenu le groupe M23.\u00a0C&rsquo;\u00e9tait dans un entretien accord\u00e9 \u00e0 l&rsquo;Agence nationale de presse ce lundi 4 juillet 2022. Concernant la question du M23, qui a d\u00e9clench\u00e9 des combats en RDC, le gouvernement du pays accusant le Rwanda&hellip;<\/p>\n","protected":false,"gt_translate_keys":[{"key":"rendered","format":"html"}]},"author":1,"featured_media":19609,"comment_status":"open","ping_status":"open","sticky":false,"template":"","format":"standard","meta":{"_crdt_document":"","footnotes":""},"categories":[199],"tags":[37209],"class_list":["post-19608","post","type-post","status-publish","format-standard","has-post-thumbnail","hentry","category-insecurite","tag-interview-kagame-crise-m23"],"gutentor_comment":1,"yoast_head":"<!-- This site is optimized with the Yoast SEO plugin v27.5 - https:\/\/yoast.com\/product\/yoast-seo-wordpress\/ -->\n<title>Kagame compare le comportement de la RDC \u00e0 celui d&#039;un enfant adoptif (Interview) - Actualit\u00e9s congolaises et internationales<\/title>\n<meta name=\"robots\" content=\"index, follow, max-snippet:-1, max-image-preview:large, max-video-preview:-1\" \/>\n<link rel=\"canonical\" href=\"https:\/\/congovirtuel.com\/information\/kagame-compare-le-comportement-de-la-rdc-a-celui-dun-enfant-adoptif-interview\/\" \/>\n<meta property=\"og:locale\" content=\"fr_FR\" \/>\n<meta property=\"og:type\" content=\"article\" \/>\n<meta property=\"og:title\" content=\"Kagame compare le comportement de la RDC \u00e0 celui d&#039;un enfant adoptif (Interview) - Actualit\u00e9s congolaises et internationales\" \/>\n<meta property=\"og:description\" content=\"Le pr\u00e9sident Paul Kagame a d\u00e9crit la R\u00e9publique d\u00e9mocratique du Congo comme ayant une attitude d&rsquo;\u00e9ducation des enfants, ce qui cause des probl\u00e8mes mais se termine par une d\u00e9claration selon laquelle certaines personnes en abuseraient. Le pr\u00e9sident Kagame revenait sur les accusations de longue date de la RDC contre le Rwanda pour avoir soutenu le groupe M23.\u00a0C&rsquo;\u00e9tait dans un entretien accord\u00e9 \u00e0 l&rsquo;Agence nationale de presse ce lundi 4 juillet 2022. Concernant la question du M23, qui a d\u00e9clench\u00e9 des combats en RDC, le gouvernement du pays accusant le Rwanda&hellip;\" \/>\n<meta property=\"og:url\" content=\"https:\/\/congovirtuel.com\/information\/kagame-compare-le-comportement-de-la-rdc-a-celui-dun-enfant-adoptif-interview\/\" \/>\n<meta property=\"og:site_name\" content=\"Actualit\u00e9s congolaises et internationales\" \/>\n<meta property=\"article:publisher\" content=\"https:\/\/web.facebook.com\/Congovirtuel-763617960319601\/?ref=aymt_homepage_panel&amp;amp%3bamp%3bamp%3bamp%3bamp%3bamp%3bamp%3bamp%3bamp%3bamp%3bamp%3beid=ARCoxULa66767kIgF_KYav6VdjXTI4yk_LW4yoVO9s6NXpysgb7Cb65vpxcxgqzOAKvIbLQxaAETcqHT\" \/>\n<meta property=\"article:published_time\" content=\"2022-07-04T14:58:20+00:00\" \/>\n<meta property=\"article:modified_time\" content=\"2022-07-04T15:09:31+00:00\" \/>\n<meta property=\"og:image\" content=\"https:\/\/congovirtuel.com\/information\/wp-content\/uploads\/2022\/07\/whatsapp_image_2022-07-04_at_12.53_58_pm_1_-b5ffb.jpg\" \/>\n\t<meta property=\"og:image:width\" content=\"600\" \/>\n\t<meta property=\"og:image:height\" content=\"424\" \/>\n\t<meta property=\"og:image:type\" content=\"image\/jpeg\" \/>\n<meta name=\"author\" content=\"infocongovirtuel\" \/>\n<meta name=\"twitter:card\" content=\"summary_large_image\" \/>\n<meta name=\"twitter:creator\" content=\"@congovirtuel\" \/>\n<meta name=\"twitter:site\" content=\"@congovirtuel\" \/>\n<meta name=\"twitter:label1\" content=\"\u00c9crit par\" \/>\n\t<meta name=\"twitter:data1\" content=\"infocongovirtuel\" \/>\n\t<meta name=\"twitter:label2\" content=\"Dur\u00e9e de lecture estim\u00e9e\" \/>\n\t<meta name=\"twitter:data2\" content=\"4 minutes\" \/>\n<script type=\"application\/ld+json\" class=\"yoast-schema-graph\">{\"@context\":\"https:\\\/\\\/schema.org\",\"@graph\":[{\"@type\":\"Article\",\"@id\":\"https:\\\/\\\/congovirtuel.com\\\/information\\\/kagame-compare-le-comportement-de-la-rdc-a-celui-dun-enfant-adoptif-interview\\\/#article\",\"isPartOf\":{\"@id\":\"https:\\\/\\\/congovirtuel.com\\\/information\\\/kagame-compare-le-comportement-de-la-rdc-a-celui-dun-enfant-adoptif-interview\\\/\"},\"author\":{\"name\":\"infocongovirtuel\",\"@id\":\"https:\\\/\\\/congovirtuel.com\\\/information\\\/#\\\/schema\\\/person\\\/739a44bf7990966cb53d58d2fdeca0b6\"},\"headline\":\"Kagame compare le comportement de la RDC \u00e0 celui d&rsquo;un enfant adoptif (Interview)\",\"datePublished\":\"2022-07-04T14:58:20+00:00\",\"dateModified\":\"2022-07-04T15:09:31+00:00\",\"mainEntityOfPage\":{\"@id\":\"https:\\\/\\\/congovirtuel.com\\\/information\\\/kagame-compare-le-comportement-de-la-rdc-a-celui-dun-enfant-adoptif-interview\\\/\"},\"wordCount\":793,\"commentCount\":1,\"publisher\":{\"@id\":\"https:\\\/\\\/congovirtuel.com\\\/information\\\/#organization\"},\"image\":{\"@id\":\"https:\\\/\\\/congovirtuel.com\\\/information\\\/kagame-compare-le-comportement-de-la-rdc-a-celui-dun-enfant-adoptif-interview\\\/#primaryimage\"},\"thumbnailUrl\":\"https:\\\/\\\/congovirtuel.com\\\/information\\\/wp-content\\\/uploads\\\/2022\\\/07\\\/whatsapp_image_2022-07-04_at_12.53_58_pm_1_-b5ffb.jpg\",\"keywords\":[\"Interview Kagame crise M23\"],\"articleSection\":[\"Ins\u00e9curit\u00e9\"],\"inLanguage\":\"fr-FR\",\"potentialAction\":[{\"@type\":\"CommentAction\",\"name\":\"Comment\",\"target\":[\"https:\\\/\\\/congovirtuel.com\\\/information\\\/kagame-compare-le-comportement-de-la-rdc-a-celui-dun-enfant-adoptif-interview\\\/#respond\"]}]},{\"@type\":\"WebPage\",\"@id\":\"https:\\\/\\\/congovirtuel.com\\\/information\\\/kagame-compare-le-comportement-de-la-rdc-a-celui-dun-enfant-adoptif-interview\\\/\",\"url\":\"https:\\\/\\\/congovirtuel.com\\\/information\\\/kagame-compare-le-comportement-de-la-rdc-a-celui-dun-enfant-adoptif-interview\\\/\",\"name\":\"Kagame compare le comportement de la RDC \u00e0 celui d'un enfant adoptif (Interview) - Actualit\u00e9s congolaises et internationales\",\"isPartOf\":{\"@id\":\"https:\\\/\\\/congovirtuel.com\\\/information\\\/#website\"},\"primaryImageOfPage\":{\"@id\":\"https:\\\/\\\/congovirtuel.com\\\/information\\\/kagame-compare-le-comportement-de-la-rdc-a-celui-dun-enfant-adoptif-interview\\\/#primaryimage\"},\"image\":{\"@id\":\"https:\\\/\\\/congovirtuel.com\\\/information\\\/kagame-compare-le-comportement-de-la-rdc-a-celui-dun-enfant-adoptif-interview\\\/#primaryimage\"},\"thumbnailUrl\":\"https:\\\/\\\/congovirtuel.com\\\/information\\\/wp-content\\\/uploads\\\/2022\\\/07\\\/whatsapp_image_2022-07-04_at_12.53_58_pm_1_-b5ffb.jpg\",\"datePublished\":\"2022-07-04T14:58:20+00:00\",\"dateModified\":\"2022-07-04T15:09:31+00:00\",\"breadcrumb\":{\"@id\":\"https:\\\/\\\/congovirtuel.com\\\/information\\\/kagame-compare-le-comportement-de-la-rdc-a-celui-dun-enfant-adoptif-interview\\\/#breadcrumb\"},\"inLanguage\":\"fr-FR\",\"potentialAction\":[{\"@type\":\"ReadAction\",\"target\":[\"https:\\\/\\\/congovirtuel.com\\\/information\\\/kagame-compare-le-comportement-de-la-rdc-a-celui-dun-enfant-adoptif-interview\\\/\"]}]},{\"@type\":\"ImageObject\",\"inLanguage\":\"fr-FR\",\"@id\":\"https:\\\/\\\/congovirtuel.com\\\/information\\\/kagame-compare-le-comportement-de-la-rdc-a-celui-dun-enfant-adoptif-interview\\\/#primaryimage\",\"url\":\"https:\\\/\\\/congovirtuel.com\\\/information\\\/wp-content\\\/uploads\\\/2022\\\/07\\\/whatsapp_image_2022-07-04_at_12.53_58_pm_1_-b5ffb.jpg\",\"contentUrl\":\"https:\\\/\\\/congovirtuel.com\\\/information\\\/wp-content\\\/uploads\\\/2022\\\/07\\\/whatsapp_image_2022-07-04_at_12.53_58_pm_1_-b5ffb.jpg\",\"width\":600,\"height\":424},{\"@type\":\"BreadcrumbList\",\"@id\":\"https:\\\/\\\/congovirtuel.com\\\/information\\\/kagame-compare-le-comportement-de-la-rdc-a-celui-dun-enfant-adoptif-interview\\\/#breadcrumb\",\"itemListElement\":[{\"@type\":\"ListItem\",\"position\":1,\"name\":\"Accueil\",\"item\":\"https:\\\/\\\/congovirtuel.com\\\/information\\\/\"},{\"@type\":\"ListItem\",\"position\":2,\"name\":\"Kagame compare le comportement de la RDC \u00e0 celui d&rsquo;un enfant adoptif (Interview)\"}]},{\"@type\":\"WebSite\",\"@id\":\"https:\\\/\\\/congovirtuel.com\\\/information\\\/#website\",\"url\":\"https:\\\/\\\/congovirtuel.com\\\/information\\\/\",\"name\":\"Actualit\u00e9s congolaises et internationales\",\"description\":\"site d&#039;analyse et de traitement d&#039;information\",\"publisher\":{\"@id\":\"https:\\\/\\\/congovirtuel.com\\\/information\\\/#organization\"},\"potentialAction\":[{\"@type\":\"SearchAction\",\"target\":{\"@type\":\"EntryPoint\",\"urlTemplate\":\"https:\\\/\\\/congovirtuel.com\\\/information\\\/?s={search_term_string}\"},\"query-input\":{\"@type\":\"PropertyValueSpecification\",\"valueRequired\":true,\"valueName\":\"search_term_string\"}}],\"inLanguage\":\"fr-FR\"},{\"@type\":\"Organization\",\"@id\":\"https:\\\/\\\/congovirtuel.com\\\/information\\\/#organization\",\"name\":\"Biblioth\u00e8que Virtuelle de la RDC\",\"url\":\"https:\\\/\\\/congovirtuel.com\\\/information\\\/\",\"logo\":{\"@type\":\"ImageObject\",\"inLanguage\":\"fr-FR\",\"@id\":\"https:\\\/\\\/congovirtuel.com\\\/information\\\/#\\\/schema\\\/logo\\\/image\\\/\",\"url\":\"https:\\\/\\\/congovirtuel.com\\\/information\\\/wp-content\\\/uploads\\\/2018\\\/10\\\/header-info-congovirtuel-vraie.jpg\",\"contentUrl\":\"https:\\\/\\\/congovirtuel.com\\\/information\\\/wp-content\\\/uploads\\\/2018\\\/10\\\/header-info-congovirtuel-vraie.jpg\",\"width\":728,\"height\":90,\"caption\":\"Biblioth\u00e8que Virtuelle de la RDC\"},\"image\":{\"@id\":\"https:\\\/\\\/congovirtuel.com\\\/information\\\/#\\\/schema\\\/logo\\\/image\\\/\"},\"sameAs\":[\"https:\\\/\\\/web.facebook.com\\\/Congovirtuel-763617960319601\\\/?ref=aymt_homepage_panel&amp;amp;amp;amp;amp;amp;amp;amp;amp;amp;amp;eid=ARCoxULa66767kIgF_KYav6VdjXTI4yk_LW4yoVO9s6NXpysgb7Cb65vpxcxgqzOAKvIbLQxaAETcqHT\",\"https:\\\/\\\/x.com\\\/congovirtuel\",\"https:\\\/\\\/www.youtube.com\\\/channel\\\/UCkFfprYzGgS3EWNpeMXpToQ?view_as=subscriber\"]},{\"@type\":\"Person\",\"@id\":\"https:\\\/\\\/congovirtuel.com\\\/information\\\/#\\\/schema\\\/person\\\/739a44bf7990966cb53d58d2fdeca0b6\",\"name\":\"infocongovirtuel\",\"image\":{\"@type\":\"ImageObject\",\"inLanguage\":\"fr-FR\",\"@id\":\"https:\\\/\\\/secure.gravatar.com\\\/avatar\\\/4d76991aa72469f0eb22e772586c99113c6997f88da636a9db8f2ce3a2c05e69?s=96&d=mm&r=g\",\"url\":\"https:\\\/\\\/secure.gravatar.com\\\/avatar\\\/4d76991aa72469f0eb22e772586c99113c6997f88da636a9db8f2ce3a2c05e69?s=96&d=mm&r=g\",\"contentUrl\":\"https:\\\/\\\/secure.gravatar.com\\\/avatar\\\/4d76991aa72469f0eb22e772586c99113c6997f88da636a9db8f2ce3a2c05e69?s=96&d=mm&r=g\",\"caption\":\"infocongovirtuel\"},\"url\":\"https:\\\/\\\/congovirtuel.com\\\/information\\\/author\\\/infocongovirtuel\\\/\"}]}<\/script>\n<!-- \/ Yoast SEO plugin. -->","yoast_head_json":{"title":"Kagame compare le comportement de la RDC \u00e0 celui d'un enfant adoptif (Interview) - Actualit\u00e9s congolaises et internationales","robots":{"index":"index","follow":"follow","max-snippet":"max-snippet:-1","max-image-preview":"max-image-preview:large","max-video-preview":"max-video-preview:-1"},"canonical":"https:\/\/congovirtuel.com\/information\/kagame-compare-le-comportement-de-la-rdc-a-celui-dun-enfant-adoptif-interview\/","og_locale":"fr_FR","og_type":"article","og_title":"Kagame compare le comportement de la RDC \u00e0 celui d'un enfant adoptif (Interview) - Actualit\u00e9s congolaises et internationales","og_description":"Le pr\u00e9sident Paul Kagame a d\u00e9crit la R\u00e9publique d\u00e9mocratique du Congo comme ayant une attitude d&rsquo;\u00e9ducation des enfants, ce qui cause des probl\u00e8mes mais se termine par une d\u00e9claration selon laquelle certaines personnes en abuseraient. Le pr\u00e9sident Kagame revenait sur les accusations de longue date de la RDC contre le Rwanda pour avoir soutenu le groupe M23.\u00a0C&rsquo;\u00e9tait dans un entretien accord\u00e9 \u00e0 l&rsquo;Agence nationale de presse ce lundi 4 juillet 2022. Concernant la question du M23, qui a d\u00e9clench\u00e9 des combats en RDC, le gouvernement du pays accusant le Rwanda&hellip;","og_url":"https:\/\/congovirtuel.com\/information\/kagame-compare-le-comportement-de-la-rdc-a-celui-dun-enfant-adoptif-interview\/","og_site_name":"Actualit\u00e9s congolaises et internationales","article_publisher":"https:\/\/web.facebook.com\/Congovirtuel-763617960319601\/?ref=aymt_homepage_panel&amp%3bamp%3bamp%3bamp%3bamp%3bamp%3bamp%3bamp%3bamp%3bamp%3bamp%3beid=ARCoxULa66767kIgF_KYav6VdjXTI4yk_LW4yoVO9s6NXpysgb7Cb65vpxcxgqzOAKvIbLQxaAETcqHT","article_published_time":"2022-07-04T14:58:20+00:00","article_modified_time":"2022-07-04T15:09:31+00:00","og_image":[{"width":600,"height":424,"url":"https:\/\/congovirtuel.com\/information\/wp-content\/uploads\/2022\/07\/whatsapp_image_2022-07-04_at_12.53_58_pm_1_-b5ffb.jpg","type":"image\/jpeg"}],"author":"infocongovirtuel","twitter_card":"summary_large_image","twitter_creator":"@congovirtuel","twitter_site":"@congovirtuel","twitter_misc":{"\u00c9crit par":"infocongovirtuel","Dur\u00e9e de lecture estim\u00e9e":"4 minutes"},"schema":{"@context":"https:\/\/schema.org","@graph":[{"@type":"Article","@id":"https:\/\/congovirtuel.com\/information\/kagame-compare-le-comportement-de-la-rdc-a-celui-dun-enfant-adoptif-interview\/#article","isPartOf":{"@id":"https:\/\/congovirtuel.com\/information\/kagame-compare-le-comportement-de-la-rdc-a-celui-dun-enfant-adoptif-interview\/"},"author":{"name":"infocongovirtuel","@id":"https:\/\/congovirtuel.com\/information\/#\/schema\/person\/739a44bf7990966cb53d58d2fdeca0b6"},"headline":"Kagame compare le comportement de la RDC \u00e0 celui d&rsquo;un enfant adoptif (Interview)","datePublished":"2022-07-04T14:58:20+00:00","dateModified":"2022-07-04T15:09:31+00:00","mainEntityOfPage":{"@id":"https:\/\/congovirtuel.com\/information\/kagame-compare-le-comportement-de-la-rdc-a-celui-dun-enfant-adoptif-interview\/"},"wordCount":793,"commentCount":1,"publisher":{"@id":"https:\/\/congovirtuel.com\/information\/#organization"},"image":{"@id":"https:\/\/congovirtuel.com\/information\/kagame-compare-le-comportement-de-la-rdc-a-celui-dun-enfant-adoptif-interview\/#primaryimage"},"thumbnailUrl":"https:\/\/congovirtuel.com\/information\/wp-content\/uploads\/2022\/07\/whatsapp_image_2022-07-04_at_12.53_58_pm_1_-b5ffb.jpg","keywords":["Interview Kagame crise M23"],"articleSection":["Ins\u00e9curit\u00e9"],"inLanguage":"fr-FR","potentialAction":[{"@type":"CommentAction","name":"Comment","target":["https:\/\/congovirtuel.com\/information\/kagame-compare-le-comportement-de-la-rdc-a-celui-dun-enfant-adoptif-interview\/#respond"]}]},{"@type":"WebPage","@id":"https:\/\/congovirtuel.com\/information\/kagame-compare-le-comportement-de-la-rdc-a-celui-dun-enfant-adoptif-interview\/","url":"https:\/\/congovirtuel.com\/information\/kagame-compare-le-comportement-de-la-rdc-a-celui-dun-enfant-adoptif-interview\/","name":"Kagame compare le comportement de la RDC \u00e0 celui d'un enfant adoptif (Interview) - Actualit\u00e9s congolaises et internationales","isPartOf":{"@id":"https:\/\/congovirtuel.com\/information\/#website"},"primaryImageOfPage":{"@id":"https:\/\/congovirtuel.com\/information\/kagame-compare-le-comportement-de-la-rdc-a-celui-dun-enfant-adoptif-interview\/#primaryimage"},"image":{"@id":"https:\/\/congovirtuel.com\/information\/kagame-compare-le-comportement-de-la-rdc-a-celui-dun-enfant-adoptif-interview\/#primaryimage"},"thumbnailUrl":"https:\/\/congovirtuel.com\/information\/wp-content\/uploads\/2022\/07\/whatsapp_image_2022-07-04_at_12.53_58_pm_1_-b5ffb.jpg","datePublished":"2022-07-04T14:58:20+00:00","dateModified":"2022-07-04T15:09:31+00:00","breadcrumb":{"@id":"https:\/\/congovirtuel.com\/information\/kagame-compare-le-comportement-de-la-rdc-a-celui-dun-enfant-adoptif-interview\/#breadcrumb"},"inLanguage":"fr-FR","potentialAction":[{"@type":"ReadAction","target":["https:\/\/congovirtuel.com\/information\/kagame-compare-le-comportement-de-la-rdc-a-celui-dun-enfant-adoptif-interview\/"]}]},{"@type":"ImageObject","inLanguage":"fr-FR","@id":"https:\/\/congovirtuel.com\/information\/kagame-compare-le-comportement-de-la-rdc-a-celui-dun-enfant-adoptif-interview\/#primaryimage","url":"https:\/\/congovirtuel.com\/information\/wp-content\/uploads\/2022\/07\/whatsapp_image_2022-07-04_at_12.53_58_pm_1_-b5ffb.jpg","contentUrl":"https:\/\/congovirtuel.com\/information\/wp-content\/uploads\/2022\/07\/whatsapp_image_2022-07-04_at_12.53_58_pm_1_-b5ffb.jpg","width":600,"height":424},{"@type":"BreadcrumbList","@id":"https:\/\/congovirtuel.com\/information\/kagame-compare-le-comportement-de-la-rdc-a-celui-dun-enfant-adoptif-interview\/#breadcrumb","itemListElement":[{"@type":"ListItem","position":1,"name":"Accueil","item":"https:\/\/congovirtuel.com\/information\/"},{"@type":"ListItem","position":2,"name":"Kagame compare le comportement de la RDC \u00e0 celui d&rsquo;un enfant adoptif (Interview)"}]},{"@type":"WebSite","@id":"https:\/\/congovirtuel.com\/information\/#website","url":"https:\/\/congovirtuel.com\/information\/","name":"Actualit\u00e9s congolaises et internationales","description":"site d&#039;analyse et de traitement d&#039;information","publisher":{"@id":"https:\/\/congovirtuel.com\/information\/#organization"},"potentialAction":[{"@type":"SearchAction","target":{"@type":"EntryPoint","urlTemplate":"https:\/\/congovirtuel.com\/information\/?s={search_term_string}"},"query-input":{"@type":"PropertyValueSpecification","valueRequired":true,"valueName":"search_term_string"}}],"inLanguage":"fr-FR"},{"@type":"Organization","@id":"https:\/\/congovirtuel.com\/information\/#organization","name":"Biblioth\u00e8que Virtuelle de la RDC","url":"https:\/\/congovirtuel.com\/information\/","logo":{"@type":"ImageObject","inLanguage":"fr-FR","@id":"https:\/\/congovirtuel.com\/information\/#\/schema\/logo\/image\/","url":"https:\/\/congovirtuel.com\/information\/wp-content\/uploads\/2018\/10\/header-info-congovirtuel-vraie.jpg","contentUrl":"https:\/\/congovirtuel.com\/information\/wp-content\/uploads\/2018\/10\/header-info-congovirtuel-vraie.jpg","width":728,"height":90,"caption":"Biblioth\u00e8que Virtuelle de la RDC"},"image":{"@id":"https:\/\/congovirtuel.com\/information\/#\/schema\/logo\/image\/"},"sameAs":["https:\/\/web.facebook.com\/Congovirtuel-763617960319601\/?ref=aymt_homepage_panel&amp;amp;amp;amp;amp;amp;amp;amp;amp;amp;amp;eid=ARCoxULa66767kIgF_KYav6VdjXTI4yk_LW4yoVO9s6NXpysgb7Cb65vpxcxgqzOAKvIbLQxaAETcqHT","https:\/\/x.com\/congovirtuel","https:\/\/www.youtube.com\/channel\/UCkFfprYzGgS3EWNpeMXpToQ?view_as=subscriber"]},{"@type":"Person","@id":"https:\/\/congovirtuel.com\/information\/#\/schema\/person\/739a44bf7990966cb53d58d2fdeca0b6","name":"infocongovirtuel","image":{"@type":"ImageObject","inLanguage":"fr-FR","@id":"https:\/\/secure.gravatar.com\/avatar\/4d76991aa72469f0eb22e772586c99113c6997f88da636a9db8f2ce3a2c05e69?s=96&d=mm&r=g","url":"https:\/\/secure.gravatar.com\/avatar\/4d76991aa72469f0eb22e772586c99113c6997f88da636a9db8f2ce3a2c05e69?s=96&d=mm&r=g","contentUrl":"https:\/\/secure.gravatar.com\/avatar\/4d76991aa72469f0eb22e772586c99113c6997f88da636a9db8f2ce3a2c05e69?s=96&d=mm&r=g","caption":"infocongovirtuel"},"url":"https:\/\/congovirtuel.com\/information\/author\/infocongovirtuel\/"}]}},"gt_translate_keys":[{"key":"link","format":"url"}],"_links":{"self":[{"href":"https:\/\/congovirtuel.com\/information\/wp-json\/wp\/v2\/posts\/19608","targetHints":{"allow":["GET"]}}],"collection":[{"href":"https:\/\/congovirtuel.com\/information\/wp-json\/wp\/v2\/posts"}],"about":[{"href":"https:\/\/congovirtuel.com\/information\/wp-json\/wp\/v2\/types\/post"}],"author":[{"embeddable":true,"href":"https:\/\/congovirtuel.com\/information\/wp-json\/wp\/v2\/users\/1"}],"replies":[{"embeddable":true,"href":"https:\/\/congovirtuel.com\/information\/wp-json\/wp\/v2\/comments?post=19608"}],"version-history":[{"count":2,"href":"https:\/\/congovirtuel.com\/information\/wp-json\/wp\/v2\/posts\/19608\/revisions"}],"predecessor-version":[{"id":19611,"href":"https:\/\/congovirtuel.com\/information\/wp-json\/wp\/v2\/posts\/19608\/revisions\/19611"}],"wp:featuredmedia":[{"embeddable":true,"href":"https:\/\/congovirtuel.com\/information\/wp-json\/wp\/v2\/media\/19609"}],"wp:attachment":[{"href":"https:\/\/congovirtuel.com\/information\/wp-json\/wp\/v2\/media?parent=19608"}],"wp:term":[{"taxonomy":"category","embeddable":true,"href":"https:\/\/congovirtuel.com\/information\/wp-json\/wp\/v2\/categories?post=19608"},{"taxonomy":"post_tag","embeddable":true,"href":"https:\/\/congovirtuel.com\/information\/wp-json\/wp\/v2\/tags?post=19608"}],"curies":[{"name":"wp","href":"https:\/\/api.w.org\/{rel}","templated":true}]}}