{"id":19642,"date":"2022-07-06T15:15:46","date_gmt":"2022-07-06T14:15:46","guid":{"rendered":"https:\/\/congovirtuel.com\/information\/?p=19642"},"modified":"2022-07-06T15:15:46","modified_gmt":"2022-07-06T14:15:46","slug":"rdc-nous-sommes-pas-faibles-interview-de-f-tshisekedi-a-financial-times","status":"publish","type":"post","link":"https:\/\/congovirtuel.com\/information\/rdc-nous-sommes-pas-faibles-interview-de-f-tshisekedi-a-financial-times\/","title":{"rendered":"RDC: \u00ab\u00a0Nous sommes pas faibles\u00a0\u00bb, Interview de F. Tshisekedi \u00e0 Financial Times","gt_translate_keys":[{"key":"rendered","format":"text"}]},"content":{"rendered":"<p>Le pr\u00e9sident du Congo a averti que la guerre pourrait \u00e9clater avec le Rwanda \u00e0 moins que son voisin ne cesse de soutenir les groupes rebelles qui combattent dans l&rsquo;est du plus grand pays d&rsquo;Afrique subsaharienne. \u00a0\u00bb <em>Cette possibilit\u00e9 ne peut \u00eatre exclue. Si la provocation du Rwanda continue, nous ne resterons pas assis sans rien faire\u00a0\u00bb<\/em>, a d\u00e9clar\u00e9 F\u00e9lix Tshisekedi, pr\u00e9sident de la R\u00e9publique d\u00e9mocratique du Congo au quotidien Financial Times dans son bureau \u00e0 Kinshasa.<\/p>\n<p>Les d\u00e9clarations de Tshisekedi font suite \u00e0 une forte offensive dans l&rsquo;est du Congo par le groupe arm\u00e9 M23, qui, selon lui, \u00e9tait soutenu par le Rwanda. Ces derni\u00e8res semaines, les militants ont intensifi\u00e9 leurs attaques dans un conflit qui a d\u00e9plac\u00e9 170 000 personnes depuis que le M23 a refait surface \u00e0 la fin de l&rsquo;ann\u00e9e derni\u00e8re, pr\u00e8s d&rsquo;une d\u00e9cennie apr\u00e8s la conclusion d&rsquo;un accord de paix. Les \u00c9tats-Unis ont exprim\u00e9 leur inqui\u00e9tude face aux attaques transfrontali\u00e8res. \u00ab\u00a0<em>Il n&rsquo;y a absolument aucun doute que le Rwanda soutient le Mouvement du 23 mars\u00a0\u00bb,<\/em> a d\u00e9clar\u00e9 Tshisekedi. \u00ab\u00a0<em>Nous voulons la paix<\/em>\u00ab\u00a0, a-t-il ajout\u00e9, lors de l&rsquo;un de ses premiers entretiens avec des m\u00e9dias internationaux depuis sa prise de fonction en 2019 apr\u00e8s une victoire \u00e9lectorale contest\u00e9e.<\/p>\n<p>Mais si tout va bien\u2009. . . \u00e0 un moment donn\u00e9, nous prendrons des mesures. Kigali a ni\u00e9 toute implication dans les affaires int\u00e9rieures de la RDC et a d\u00e9clar\u00e9 qu&rsquo;il y avait eu des bombardements depuis le territoire de la RDC vers le Rwanda. \u00c0 la fin des ann\u00e9es 1990, le Rwanda et l&rsquo;Ouganda ont envahi le Congo, d\u00e9clenchant une s\u00e9rie de guerres qui ont aspir\u00e9 plusieurs pays africains et sont devenues connues sous le nom de \u00ab\u00a0<em>guerre mondiale de l&rsquo;Afrique\u00a0\u00bb.<\/em> Entre 1998 et 2008, environ 5,4 millions de personnes ont \u00e9t\u00e9 tu\u00e9es dans les conflits dans l&rsquo;est de la RDC, selon l&rsquo;IRC. Les guerres ont engendr\u00e9 une soupe alphab\u00e9tique de milices arm\u00e9es, chacune cherchant \u00e0 acc\u00e9der aux ressources mini\u00e8res . Le M23 a men\u00e9 une r\u00e9bellion en 2012 mais a \u00e9t\u00e9 vaincu par les troupes congolaises et onusiennes, ce qui a conduit \u00e0 un accord de paix en 2013.<\/p>\n<p>Apr\u00e8s une mise en \u0153uvre difficile et in\u00e9gale, le groupe arm\u00e9 a refait surface \u00e0 la fin de l&rsquo;ann\u00e9e derni\u00e8re. \u00ab <em>Le Rwanda combat en RDC sous le couvert du M23, qui a \u00e9t\u00e9 vaincu en 2013<\/em> \u00bb, a d\u00e9clar\u00e9 Tshisekedi, ajoutant comme preuve le fait que des soldats rwandais ont \u00e9t\u00e9 captur\u00e9s en RDC. \u00ab\u00a0<em>Sa derni\u00e8re \u00e9mergence est due aux Forces de d\u00e9fense rwandaises, qui se cachent derri\u00e8re le M23.\u00a0\u00bb<\/em><\/p>\n<p>Jeudi dernier, le secr\u00e9taire d&rsquo;\u00c9tat am\u00e9ricain Antony Blinken a appel\u00e9 le pr\u00e9sident kenyan Uhuru Kenyatta pour un\u00a0 d\u00e9ploiement d&rsquo;une nouvelle force militaire r\u00e9gionale dans l&rsquo;est de la RDC, pour discuter des \u00ab\u00a0<em>efforts pour faire face \u00e0 la poursuite de la violence<\/em>\u00ab\u00a0.<\/p>\n<p>Le bureau de Blinken s&rsquo;est dit \u00ab\u00a0<em>inquiet par les informations faisant \u00e9tat d&rsquo;attaques transfrontali\u00e8res entre la RDC et le Rwanda\u00a0\u00bb,<\/em> un sentiment repris par l&rsquo;Union africaine. Avec l&rsquo;approbation de Kinshasa, l&rsquo;Ouganda a d\u00e9j\u00e0 envoy\u00e9 des troupes dans l&rsquo;est de la RDC. \u00ab\u00a0<em>Pendant des ann\u00e9es, les voisins de la RDC ont utilis\u00e9 des milices dans\u00a0 comme proxies <\/em>\u00ab\u00a0, a d\u00e9clar\u00e9 Crisis Group dans un r\u00e9cent rapport. Dans l&rsquo;interview, Tshisekedi a \u00e9galement accus\u00e9 le Rwanda de vouloir profiter de la vaste richesse min\u00e9rale de son pays, qui comprend l&rsquo;or et certains des plus grands gisements de coltan au monde, qui est utilis\u00e9 dans les appareils \u00e9lectroniques. \u00ab <em>Le Rwanda a des int\u00e9r\u00eats \u00e9conomiques acquis illicitement en RDC<\/em> \u00bb, a d\u00e9clar\u00e9 Tshisekedi.<\/p>\n<p>Tant que l&rsquo;ordre ne sera pas r\u00e9tabli dans l&rsquo;est de la RDC, tant que l&rsquo;anarchie et l&rsquo;ins\u00e9curit\u00e9 pr\u00e9vaudront, le Rwanda en profitera. Le Tr\u00e9sor am\u00e9ricain a d\u00e9clar\u00e9 en mars que \u00ab\u00a0<em>plus de 90% de l&rsquo;or de la RDC est pass\u00e9 en contrebande vers les \u00c9tats de la r\u00e9gion\u00a0\u00bb,<\/em> y compris le Rwanda, o\u00f9 il est souvent raffin\u00e9 et export\u00e9 vers les march\u00e9s mondiaux. \u00ab\u00a0<em>Dans l&rsquo;est de la RDC, o\u00f9 il y a environ 130 groupes arm\u00e9s actifs, le commerce de l&rsquo;or est un facteur majeur de conflit\u00a0\u00bb,<\/em> a-t-il ajout\u00e9. Tshisekedi, qui a d\u00e9clar\u00e9 qu&rsquo;il avait l&rsquo;intention de se repr\u00e9senter l&rsquo;ann\u00e9e prochaine, a pris ses fonctions il y a trois ans malgr\u00e9 les nombreuses accusations de fraude de l&rsquo;\u00c9glise catholique et de l&rsquo;opposition.<\/p>\n<p><a href=\"https:\/\/www.ft.com\/content\/2b97f6e6-189d-11e9-b93e-f4351a53f1c3\">L&rsquo;analyse FT de deux collections distinctes de donn\u00e9es de vote lors de l&rsquo;\u00e9lection a montr\u00e9 que son adversaire Martin Fayulu \u00e9tait clairement le vainqueur<\/a>. Tshisekedi nie la fraude. \u00ab\u00a0<em>C&rsquo;est facile de dire que je n&rsquo;ai pas gagn\u00e9 les \u00e9lections\u00a0\u00bb,<\/em> a-t-il dit, \u00ab\u00a0mais cela doit \u00eatre prouv\u00e9\u00a0\u00bb. Lundi, son homologue rwandais , Paul Kagame, a accus\u00e9 les troupes congolaises de \u00ab\u00a0<a href=\"https:\/\/mobile.twitter.com\/rbarwanda\/status\/1543921093500600320?s=27\"><em>combattre ensemble<\/em><\/a><em>\u00ab\u00a0<\/em> avec les Forces d\u00e9mocratiques de lib\u00e9ration du Rwanda (FDLR), dont les rangs comprennent des combattants hutus accus\u00e9s d&rsquo;avoir particip\u00e9 au g\u00e9nocide rwandais de 1994 contre le peuple tutsi. Le M23 est domin\u00e9 par les Tutsis et pr\u00e9tend les prot\u00e9ger contre les groupes arm\u00e9s Hutu, comme les FDLR.<\/p>\n<p>Tshisekedi a d\u00e9clar\u00e9 qu&rsquo;il s&rsquo;agissait d&rsquo;une \u00ab\u00a0<em>excuse qui ne tient pas debout<\/em> \u00a0\u00bb et que ses forces avaient arr\u00eat\u00e9 \u00ab\u00a0<em>des centaines<\/em>\u00a0\u00bb de combattants FDLR et les avaient remis \u00e0 Kigali. Il a ajout\u00e9 qu&rsquo;il y avait deux efforts de m\u00e9diation parall\u00e8les : l&rsquo;un dirig\u00e9 par le pr\u00e9sident angolais Jo\u00e3o Louren\u00e7o visant \u00e0 rapprocher Tshisekedi et Kagame mercredi et l&rsquo;autre dirig\u00e9 par Kenyatta sous les auspices de la Communaut\u00e9 de l&rsquo;Afrique de l&rsquo;Est. \u00ab\u00a0<em>Il y aura de l&rsquo;espoir tant qu&rsquo;il y a de la sinc\u00e9rit\u00e9\u00a0\u00bb,<\/em> a d\u00e9clar\u00e9 Tshisekedi. \u00ab <em>Si le Rwanda reconna\u00eet qu&rsquo;il a soutenu le M23 et pourquoi il soutient ce mouvement, ce serait sinc\u00e8re. Nous pourrons ensuite discuter et mettre tout cela sur la table. Si le Rwanda refusait d&rsquo;admettre qu&rsquo;il soutenait le M23<\/em> \u00ab\u00a0<em>cela signifierait qu&rsquo;il y a un agenda cach\u00e9\u00a0\u00bb,<\/em> a-t-il ajout\u00e9.<\/p>\n<p><a href=\"https:\/\/www.ft.com\/content\/8611194b-cb8b-442d-a5bd-7de2c2aad26a\"><strong><em>Financial Times<\/em><\/strong><\/a><\/p>\n","protected":false,"gt_translate_keys":[{"key":"rendered","format":"html"}]},"excerpt":{"rendered":"<p>Le pr\u00e9sident du Congo a averti que la guerre pourrait \u00e9clater avec le Rwanda \u00e0 moins que son voisin ne cesse de soutenir les groupes rebelles qui combattent dans l&rsquo;est du plus grand pays d&rsquo;Afrique subsaharienne. \u00a0\u00bb Cette possibilit\u00e9 ne peut \u00eatre exclue. Si la provocation du Rwanda continue, nous ne resterons pas assis sans rien faire\u00a0\u00bb, a d\u00e9clar\u00e9 F\u00e9lix Tshisekedi, pr\u00e9sident de la R\u00e9publique d\u00e9mocratique du Congo au quotidien Financial Times dans son bureau \u00e0 Kinshasa. Les d\u00e9clarations de Tshisekedi font suite \u00e0 une forte offensive dans l&rsquo;est du&hellip;<\/p>\n","protected":false,"gt_translate_keys":[{"key":"rendered","format":"html"}]},"author":1,"featured_media":11055,"comment_status":"open","ping_status":"open","sticky":false,"template":"","format":"standard","meta":{"_crdt_document":"","footnotes":""},"categories":[237],"tags":[],"class_list":["post-19642","post","type-post","status-publish","format-standard","has-post-thumbnail","hentry","category-rdc-rwanda"],"gutentor_comment":0,"yoast_head":"<!-- This site is optimized with the Yoast SEO plugin v27.5 - https:\/\/yoast.com\/product\/yoast-seo-wordpress\/ -->\n<title>RDC: &quot;Nous sommes pas faibles&quot;, Interview de F. Tshisekedi \u00e0 Financial Times - Actualit\u00e9s congolaises et internationales<\/title>\n<meta name=\"robots\" content=\"index, follow, max-snippet:-1, max-image-preview:large, max-video-preview:-1\" \/>\n<link rel=\"canonical\" href=\"https:\/\/congovirtuel.com\/information\/rdc-nous-sommes-pas-faibles-interview-de-f-tshisekedi-a-financial-times\/\" \/>\n<meta property=\"og:locale\" content=\"fr_FR\" \/>\n<meta property=\"og:type\" content=\"article\" \/>\n<meta property=\"og:title\" content=\"RDC: &quot;Nous sommes pas faibles&quot;, Interview de F. Tshisekedi \u00e0 Financial Times - Actualit\u00e9s congolaises et internationales\" \/>\n<meta property=\"og:description\" content=\"Le pr\u00e9sident du Congo a averti que la guerre pourrait \u00e9clater avec le Rwanda \u00e0 moins que son voisin ne cesse de soutenir les groupes rebelles qui combattent dans l&rsquo;est du plus grand pays d&rsquo;Afrique subsaharienne. \u00a0\u00bb Cette possibilit\u00e9 ne peut \u00eatre exclue. Si la provocation du Rwanda continue, nous ne resterons pas assis sans rien faire\u00a0\u00bb, a d\u00e9clar\u00e9 F\u00e9lix Tshisekedi, pr\u00e9sident de la R\u00e9publique d\u00e9mocratique du Congo au quotidien Financial Times dans son bureau \u00e0 Kinshasa. Les d\u00e9clarations de Tshisekedi font suite \u00e0 une forte offensive dans l&rsquo;est du&hellip;\" \/>\n<meta property=\"og:url\" content=\"https:\/\/congovirtuel.com\/information\/rdc-nous-sommes-pas-faibles-interview-de-f-tshisekedi-a-financial-times\/\" \/>\n<meta property=\"og:site_name\" content=\"Actualit\u00e9s congolaises et internationales\" \/>\n<meta property=\"article:publisher\" content=\"https:\/\/web.facebook.com\/Congovirtuel-763617960319601\/?ref=aymt_homepage_panel&amp;amp%3bamp%3bamp%3bamp%3bamp%3bamp%3bamp%3bamp%3bamp%3bamp%3bamp%3beid=ARCoxULa66767kIgF_KYav6VdjXTI4yk_LW4yoVO9s6NXpysgb7Cb65vpxcxgqzOAKvIbLQxaAETcqHT\" \/>\n<meta property=\"article:published_time\" content=\"2022-07-06T14:15:46+00:00\" \/>\n<meta property=\"og:image\" content=\"https:\/\/congovirtuel.com\/information\/wp-content\/uploads\/2021\/06\/Tshisekedi_FARDC.jpg\" \/>\n\t<meta property=\"og:image:width\" content=\"850\" \/>\n\t<meta property=\"og:image:height\" content=\"565\" \/>\n\t<meta property=\"og:image:type\" content=\"image\/jpeg\" \/>\n<meta name=\"author\" content=\"infocongovirtuel\" \/>\n<meta name=\"twitter:card\" content=\"summary_large_image\" \/>\n<meta name=\"twitter:creator\" content=\"@congovirtuel\" \/>\n<meta name=\"twitter:site\" content=\"@congovirtuel\" \/>\n<meta name=\"twitter:label1\" content=\"\u00c9crit par\" \/>\n\t<meta name=\"twitter:data1\" content=\"infocongovirtuel\" \/>\n\t<meta name=\"twitter:label2\" content=\"Dur\u00e9e de lecture estim\u00e9e\" \/>\n\t<meta name=\"twitter:data2\" content=\"5 minutes\" \/>\n<script type=\"application\/ld+json\" class=\"yoast-schema-graph\">{\"@context\":\"https:\\\/\\\/schema.org\",\"@graph\":[{\"@type\":\"Article\",\"@id\":\"https:\\\/\\\/congovirtuel.com\\\/information\\\/rdc-nous-sommes-pas-faibles-interview-de-f-tshisekedi-a-financial-times\\\/#article\",\"isPartOf\":{\"@id\":\"https:\\\/\\\/congovirtuel.com\\\/information\\\/rdc-nous-sommes-pas-faibles-interview-de-f-tshisekedi-a-financial-times\\\/\"},\"author\":{\"name\":\"infocongovirtuel\",\"@id\":\"https:\\\/\\\/congovirtuel.com\\\/information\\\/#\\\/schema\\\/person\\\/739a44bf7990966cb53d58d2fdeca0b6\"},\"headline\":\"RDC: \u00ab\u00a0Nous sommes pas faibles\u00a0\u00bb, Interview de F. Tshisekedi \u00e0 Financial Times\",\"datePublished\":\"2022-07-06T14:15:46+00:00\",\"mainEntityOfPage\":{\"@id\":\"https:\\\/\\\/congovirtuel.com\\\/information\\\/rdc-nous-sommes-pas-faibles-interview-de-f-tshisekedi-a-financial-times\\\/\"},\"wordCount\":1065,\"commentCount\":0,\"publisher\":{\"@id\":\"https:\\\/\\\/congovirtuel.com\\\/information\\\/#organization\"},\"image\":{\"@id\":\"https:\\\/\\\/congovirtuel.com\\\/information\\\/rdc-nous-sommes-pas-faibles-interview-de-f-tshisekedi-a-financial-times\\\/#primaryimage\"},\"thumbnailUrl\":\"https:\\\/\\\/congovirtuel.com\\\/information\\\/wp-content\\\/uploads\\\/2021\\\/06\\\/Tshisekedi_FARDC.jpg\",\"articleSection\":[\"RDC-RWANDA\"],\"inLanguage\":\"fr-FR\",\"potentialAction\":[{\"@type\":\"CommentAction\",\"name\":\"Comment\",\"target\":[\"https:\\\/\\\/congovirtuel.com\\\/information\\\/rdc-nous-sommes-pas-faibles-interview-de-f-tshisekedi-a-financial-times\\\/#respond\"]}]},{\"@type\":\"WebPage\",\"@id\":\"https:\\\/\\\/congovirtuel.com\\\/information\\\/rdc-nous-sommes-pas-faibles-interview-de-f-tshisekedi-a-financial-times\\\/\",\"url\":\"https:\\\/\\\/congovirtuel.com\\\/information\\\/rdc-nous-sommes-pas-faibles-interview-de-f-tshisekedi-a-financial-times\\\/\",\"name\":\"RDC: \\\"Nous sommes pas faibles\\\", Interview de F. Tshisekedi \u00e0 Financial Times - Actualit\u00e9s congolaises et internationales\",\"isPartOf\":{\"@id\":\"https:\\\/\\\/congovirtuel.com\\\/information\\\/#website\"},\"primaryImageOfPage\":{\"@id\":\"https:\\\/\\\/congovirtuel.com\\\/information\\\/rdc-nous-sommes-pas-faibles-interview-de-f-tshisekedi-a-financial-times\\\/#primaryimage\"},\"image\":{\"@id\":\"https:\\\/\\\/congovirtuel.com\\\/information\\\/rdc-nous-sommes-pas-faibles-interview-de-f-tshisekedi-a-financial-times\\\/#primaryimage\"},\"thumbnailUrl\":\"https:\\\/\\\/congovirtuel.com\\\/information\\\/wp-content\\\/uploads\\\/2021\\\/06\\\/Tshisekedi_FARDC.jpg\",\"datePublished\":\"2022-07-06T14:15:46+00:00\",\"breadcrumb\":{\"@id\":\"https:\\\/\\\/congovirtuel.com\\\/information\\\/rdc-nous-sommes-pas-faibles-interview-de-f-tshisekedi-a-financial-times\\\/#breadcrumb\"},\"inLanguage\":\"fr-FR\",\"potentialAction\":[{\"@type\":\"ReadAction\",\"target\":[\"https:\\\/\\\/congovirtuel.com\\\/information\\\/rdc-nous-sommes-pas-faibles-interview-de-f-tshisekedi-a-financial-times\\\/\"]}]},{\"@type\":\"ImageObject\",\"inLanguage\":\"fr-FR\",\"@id\":\"https:\\\/\\\/congovirtuel.com\\\/information\\\/rdc-nous-sommes-pas-faibles-interview-de-f-tshisekedi-a-financial-times\\\/#primaryimage\",\"url\":\"https:\\\/\\\/congovirtuel.com\\\/information\\\/wp-content\\\/uploads\\\/2021\\\/06\\\/Tshisekedi_FARDC.jpg\",\"contentUrl\":\"https:\\\/\\\/congovirtuel.com\\\/information\\\/wp-content\\\/uploads\\\/2021\\\/06\\\/Tshisekedi_FARDC.jpg\",\"width\":850,\"height\":565},{\"@type\":\"BreadcrumbList\",\"@id\":\"https:\\\/\\\/congovirtuel.com\\\/information\\\/rdc-nous-sommes-pas-faibles-interview-de-f-tshisekedi-a-financial-times\\\/#breadcrumb\",\"itemListElement\":[{\"@type\":\"ListItem\",\"position\":1,\"name\":\"Accueil\",\"item\":\"https:\\\/\\\/congovirtuel.com\\\/information\\\/\"},{\"@type\":\"ListItem\",\"position\":2,\"name\":\"RDC: \u00ab\u00a0Nous sommes pas faibles\u00a0\u00bb, Interview de F. Tshisekedi \u00e0 Financial Times\"}]},{\"@type\":\"WebSite\",\"@id\":\"https:\\\/\\\/congovirtuel.com\\\/information\\\/#website\",\"url\":\"https:\\\/\\\/congovirtuel.com\\\/information\\\/\",\"name\":\"Actualit\u00e9s congolaises et internationales\",\"description\":\"site d&#039;analyse et de traitement d&#039;information\",\"publisher\":{\"@id\":\"https:\\\/\\\/congovirtuel.com\\\/information\\\/#organization\"},\"potentialAction\":[{\"@type\":\"SearchAction\",\"target\":{\"@type\":\"EntryPoint\",\"urlTemplate\":\"https:\\\/\\\/congovirtuel.com\\\/information\\\/?s={search_term_string}\"},\"query-input\":{\"@type\":\"PropertyValueSpecification\",\"valueRequired\":true,\"valueName\":\"search_term_string\"}}],\"inLanguage\":\"fr-FR\"},{\"@type\":\"Organization\",\"@id\":\"https:\\\/\\\/congovirtuel.com\\\/information\\\/#organization\",\"name\":\"Biblioth\u00e8que Virtuelle de la RDC\",\"url\":\"https:\\\/\\\/congovirtuel.com\\\/information\\\/\",\"logo\":{\"@type\":\"ImageObject\",\"inLanguage\":\"fr-FR\",\"@id\":\"https:\\\/\\\/congovirtuel.com\\\/information\\\/#\\\/schema\\\/logo\\\/image\\\/\",\"url\":\"https:\\\/\\\/congovirtuel.com\\\/information\\\/wp-content\\\/uploads\\\/2018\\\/10\\\/header-info-congovirtuel-vraie.jpg\",\"contentUrl\":\"https:\\\/\\\/congovirtuel.com\\\/information\\\/wp-content\\\/uploads\\\/2018\\\/10\\\/header-info-congovirtuel-vraie.jpg\",\"width\":728,\"height\":90,\"caption\":\"Biblioth\u00e8que Virtuelle de la RDC\"},\"image\":{\"@id\":\"https:\\\/\\\/congovirtuel.com\\\/information\\\/#\\\/schema\\\/logo\\\/image\\\/\"},\"sameAs\":[\"https:\\\/\\\/web.facebook.com\\\/Congovirtuel-763617960319601\\\/?ref=aymt_homepage_panel&amp;amp;amp;amp;amp;amp;amp;amp;amp;amp;amp;eid=ARCoxULa66767kIgF_KYav6VdjXTI4yk_LW4yoVO9s6NXpysgb7Cb65vpxcxgqzOAKvIbLQxaAETcqHT\",\"https:\\\/\\\/x.com\\\/congovirtuel\",\"https:\\\/\\\/www.youtube.com\\\/channel\\\/UCkFfprYzGgS3EWNpeMXpToQ?view_as=subscriber\"]},{\"@type\":\"Person\",\"@id\":\"https:\\\/\\\/congovirtuel.com\\\/information\\\/#\\\/schema\\\/person\\\/739a44bf7990966cb53d58d2fdeca0b6\",\"name\":\"infocongovirtuel\",\"image\":{\"@type\":\"ImageObject\",\"inLanguage\":\"fr-FR\",\"@id\":\"https:\\\/\\\/secure.gravatar.com\\\/avatar\\\/4d76991aa72469f0eb22e772586c99113c6997f88da636a9db8f2ce3a2c05e69?s=96&d=mm&r=g\",\"url\":\"https:\\\/\\\/secure.gravatar.com\\\/avatar\\\/4d76991aa72469f0eb22e772586c99113c6997f88da636a9db8f2ce3a2c05e69?s=96&d=mm&r=g\",\"contentUrl\":\"https:\\\/\\\/secure.gravatar.com\\\/avatar\\\/4d76991aa72469f0eb22e772586c99113c6997f88da636a9db8f2ce3a2c05e69?s=96&d=mm&r=g\",\"caption\":\"infocongovirtuel\"},\"url\":\"https:\\\/\\\/congovirtuel.com\\\/information\\\/author\\\/infocongovirtuel\\\/\"}]}<\/script>\n<!-- \/ Yoast SEO plugin. -->","yoast_head_json":{"title":"RDC: \"Nous sommes pas faibles\", Interview de F. Tshisekedi \u00e0 Financial Times - Actualit\u00e9s congolaises et internationales","robots":{"index":"index","follow":"follow","max-snippet":"max-snippet:-1","max-image-preview":"max-image-preview:large","max-video-preview":"max-video-preview:-1"},"canonical":"https:\/\/congovirtuel.com\/information\/rdc-nous-sommes-pas-faibles-interview-de-f-tshisekedi-a-financial-times\/","og_locale":"fr_FR","og_type":"article","og_title":"RDC: \"Nous sommes pas faibles\", Interview de F. Tshisekedi \u00e0 Financial Times - Actualit\u00e9s congolaises et internationales","og_description":"Le pr\u00e9sident du Congo a averti que la guerre pourrait \u00e9clater avec le Rwanda \u00e0 moins que son voisin ne cesse de soutenir les groupes rebelles qui combattent dans l&rsquo;est du plus grand pays d&rsquo;Afrique subsaharienne. \u00a0\u00bb Cette possibilit\u00e9 ne peut \u00eatre exclue. Si la provocation du Rwanda continue, nous ne resterons pas assis sans rien faire\u00a0\u00bb, a d\u00e9clar\u00e9 F\u00e9lix Tshisekedi, pr\u00e9sident de la R\u00e9publique d\u00e9mocratique du Congo au quotidien Financial Times dans son bureau \u00e0 Kinshasa. Les d\u00e9clarations de Tshisekedi font suite \u00e0 une forte offensive dans l&rsquo;est du&hellip;","og_url":"https:\/\/congovirtuel.com\/information\/rdc-nous-sommes-pas-faibles-interview-de-f-tshisekedi-a-financial-times\/","og_site_name":"Actualit\u00e9s congolaises et internationales","article_publisher":"https:\/\/web.facebook.com\/Congovirtuel-763617960319601\/?ref=aymt_homepage_panel&amp%3bamp%3bamp%3bamp%3bamp%3bamp%3bamp%3bamp%3bamp%3bamp%3bamp%3beid=ARCoxULa66767kIgF_KYav6VdjXTI4yk_LW4yoVO9s6NXpysgb7Cb65vpxcxgqzOAKvIbLQxaAETcqHT","article_published_time":"2022-07-06T14:15:46+00:00","og_image":[{"width":850,"height":565,"url":"https:\/\/congovirtuel.com\/information\/wp-content\/uploads\/2021\/06\/Tshisekedi_FARDC.jpg","type":"image\/jpeg"}],"author":"infocongovirtuel","twitter_card":"summary_large_image","twitter_creator":"@congovirtuel","twitter_site":"@congovirtuel","twitter_misc":{"\u00c9crit par":"infocongovirtuel","Dur\u00e9e de lecture estim\u00e9e":"5 minutes"},"schema":{"@context":"https:\/\/schema.org","@graph":[{"@type":"Article","@id":"https:\/\/congovirtuel.com\/information\/rdc-nous-sommes-pas-faibles-interview-de-f-tshisekedi-a-financial-times\/#article","isPartOf":{"@id":"https:\/\/congovirtuel.com\/information\/rdc-nous-sommes-pas-faibles-interview-de-f-tshisekedi-a-financial-times\/"},"author":{"name":"infocongovirtuel","@id":"https:\/\/congovirtuel.com\/information\/#\/schema\/person\/739a44bf7990966cb53d58d2fdeca0b6"},"headline":"RDC: \u00ab\u00a0Nous sommes pas faibles\u00a0\u00bb, Interview de F. Tshisekedi \u00e0 Financial Times","datePublished":"2022-07-06T14:15:46+00:00","mainEntityOfPage":{"@id":"https:\/\/congovirtuel.com\/information\/rdc-nous-sommes-pas-faibles-interview-de-f-tshisekedi-a-financial-times\/"},"wordCount":1065,"commentCount":0,"publisher":{"@id":"https:\/\/congovirtuel.com\/information\/#organization"},"image":{"@id":"https:\/\/congovirtuel.com\/information\/rdc-nous-sommes-pas-faibles-interview-de-f-tshisekedi-a-financial-times\/#primaryimage"},"thumbnailUrl":"https:\/\/congovirtuel.com\/information\/wp-content\/uploads\/2021\/06\/Tshisekedi_FARDC.jpg","articleSection":["RDC-RWANDA"],"inLanguage":"fr-FR","potentialAction":[{"@type":"CommentAction","name":"Comment","target":["https:\/\/congovirtuel.com\/information\/rdc-nous-sommes-pas-faibles-interview-de-f-tshisekedi-a-financial-times\/#respond"]}]},{"@type":"WebPage","@id":"https:\/\/congovirtuel.com\/information\/rdc-nous-sommes-pas-faibles-interview-de-f-tshisekedi-a-financial-times\/","url":"https:\/\/congovirtuel.com\/information\/rdc-nous-sommes-pas-faibles-interview-de-f-tshisekedi-a-financial-times\/","name":"RDC: \"Nous sommes pas faibles\", Interview de F. Tshisekedi \u00e0 Financial Times - Actualit\u00e9s congolaises et internationales","isPartOf":{"@id":"https:\/\/congovirtuel.com\/information\/#website"},"primaryImageOfPage":{"@id":"https:\/\/congovirtuel.com\/information\/rdc-nous-sommes-pas-faibles-interview-de-f-tshisekedi-a-financial-times\/#primaryimage"},"image":{"@id":"https:\/\/congovirtuel.com\/information\/rdc-nous-sommes-pas-faibles-interview-de-f-tshisekedi-a-financial-times\/#primaryimage"},"thumbnailUrl":"https:\/\/congovirtuel.com\/information\/wp-content\/uploads\/2021\/06\/Tshisekedi_FARDC.jpg","datePublished":"2022-07-06T14:15:46+00:00","breadcrumb":{"@id":"https:\/\/congovirtuel.com\/information\/rdc-nous-sommes-pas-faibles-interview-de-f-tshisekedi-a-financial-times\/#breadcrumb"},"inLanguage":"fr-FR","potentialAction":[{"@type":"ReadAction","target":["https:\/\/congovirtuel.com\/information\/rdc-nous-sommes-pas-faibles-interview-de-f-tshisekedi-a-financial-times\/"]}]},{"@type":"ImageObject","inLanguage":"fr-FR","@id":"https:\/\/congovirtuel.com\/information\/rdc-nous-sommes-pas-faibles-interview-de-f-tshisekedi-a-financial-times\/#primaryimage","url":"https:\/\/congovirtuel.com\/information\/wp-content\/uploads\/2021\/06\/Tshisekedi_FARDC.jpg","contentUrl":"https:\/\/congovirtuel.com\/information\/wp-content\/uploads\/2021\/06\/Tshisekedi_FARDC.jpg","width":850,"height":565},{"@type":"BreadcrumbList","@id":"https:\/\/congovirtuel.com\/information\/rdc-nous-sommes-pas-faibles-interview-de-f-tshisekedi-a-financial-times\/#breadcrumb","itemListElement":[{"@type":"ListItem","position":1,"name":"Accueil","item":"https:\/\/congovirtuel.com\/information\/"},{"@type":"ListItem","position":2,"name":"RDC: \u00ab\u00a0Nous sommes pas faibles\u00a0\u00bb, Interview de F. Tshisekedi \u00e0 Financial Times"}]},{"@type":"WebSite","@id":"https:\/\/congovirtuel.com\/information\/#website","url":"https:\/\/congovirtuel.com\/information\/","name":"Actualit\u00e9s congolaises et internationales","description":"site d&#039;analyse et de traitement d&#039;information","publisher":{"@id":"https:\/\/congovirtuel.com\/information\/#organization"},"potentialAction":[{"@type":"SearchAction","target":{"@type":"EntryPoint","urlTemplate":"https:\/\/congovirtuel.com\/information\/?s={search_term_string}"},"query-input":{"@type":"PropertyValueSpecification","valueRequired":true,"valueName":"search_term_string"}}],"inLanguage":"fr-FR"},{"@type":"Organization","@id":"https:\/\/congovirtuel.com\/information\/#organization","name":"Biblioth\u00e8que Virtuelle de la RDC","url":"https:\/\/congovirtuel.com\/information\/","logo":{"@type":"ImageObject","inLanguage":"fr-FR","@id":"https:\/\/congovirtuel.com\/information\/#\/schema\/logo\/image\/","url":"https:\/\/congovirtuel.com\/information\/wp-content\/uploads\/2018\/10\/header-info-congovirtuel-vraie.jpg","contentUrl":"https:\/\/congovirtuel.com\/information\/wp-content\/uploads\/2018\/10\/header-info-congovirtuel-vraie.jpg","width":728,"height":90,"caption":"Biblioth\u00e8que Virtuelle de la RDC"},"image":{"@id":"https:\/\/congovirtuel.com\/information\/#\/schema\/logo\/image\/"},"sameAs":["https:\/\/web.facebook.com\/Congovirtuel-763617960319601\/?ref=aymt_homepage_panel&amp;amp;amp;amp;amp;amp;amp;amp;amp;amp;amp;eid=ARCoxULa66767kIgF_KYav6VdjXTI4yk_LW4yoVO9s6NXpysgb7Cb65vpxcxgqzOAKvIbLQxaAETcqHT","https:\/\/x.com\/congovirtuel","https:\/\/www.youtube.com\/channel\/UCkFfprYzGgS3EWNpeMXpToQ?view_as=subscriber"]},{"@type":"Person","@id":"https:\/\/congovirtuel.com\/information\/#\/schema\/person\/739a44bf7990966cb53d58d2fdeca0b6","name":"infocongovirtuel","image":{"@type":"ImageObject","inLanguage":"fr-FR","@id":"https:\/\/secure.gravatar.com\/avatar\/4d76991aa72469f0eb22e772586c99113c6997f88da636a9db8f2ce3a2c05e69?s=96&d=mm&r=g","url":"https:\/\/secure.gravatar.com\/avatar\/4d76991aa72469f0eb22e772586c99113c6997f88da636a9db8f2ce3a2c05e69?s=96&d=mm&r=g","contentUrl":"https:\/\/secure.gravatar.com\/avatar\/4d76991aa72469f0eb22e772586c99113c6997f88da636a9db8f2ce3a2c05e69?s=96&d=mm&r=g","caption":"infocongovirtuel"},"url":"https:\/\/congovirtuel.com\/information\/author\/infocongovirtuel\/"}]}},"gt_translate_keys":[{"key":"link","format":"url"}],"_links":{"self":[{"href":"https:\/\/congovirtuel.com\/information\/wp-json\/wp\/v2\/posts\/19642","targetHints":{"allow":["GET"]}}],"collection":[{"href":"https:\/\/congovirtuel.com\/information\/wp-json\/wp\/v2\/posts"}],"about":[{"href":"https:\/\/congovirtuel.com\/information\/wp-json\/wp\/v2\/types\/post"}],"author":[{"embeddable":true,"href":"https:\/\/congovirtuel.com\/information\/wp-json\/wp\/v2\/users\/1"}],"replies":[{"embeddable":true,"href":"https:\/\/congovirtuel.com\/information\/wp-json\/wp\/v2\/comments?post=19642"}],"version-history":[{"count":1,"href":"https:\/\/congovirtuel.com\/information\/wp-json\/wp\/v2\/posts\/19642\/revisions"}],"predecessor-version":[{"id":19643,"href":"https:\/\/congovirtuel.com\/information\/wp-json\/wp\/v2\/posts\/19642\/revisions\/19643"}],"wp:featuredmedia":[{"embeddable":true,"href":"https:\/\/congovirtuel.com\/information\/wp-json\/wp\/v2\/media\/11055"}],"wp:attachment":[{"href":"https:\/\/congovirtuel.com\/information\/wp-json\/wp\/v2\/media?parent=19642"}],"wp:term":[{"taxonomy":"category","embeddable":true,"href":"https:\/\/congovirtuel.com\/information\/wp-json\/wp\/v2\/categories?post=19642"},{"taxonomy":"post_tag","embeddable":true,"href":"https:\/\/congovirtuel.com\/information\/wp-json\/wp\/v2\/tags?post=19642"}],"curies":[{"name":"wp","href":"https:\/\/api.w.org\/{rel}","templated":true}]}}