{"id":19688,"date":"2022-07-08T16:41:53","date_gmt":"2022-07-08T15:41:53","guid":{"rendered":"https:\/\/congovirtuel.com\/information\/?p=19688"},"modified":"2022-07-08T16:49:34","modified_gmt":"2022-07-08T15:49:34","slug":"sommet-luanda-retour-de-semuhanuka-au-rwanda-c-lutundula-a-menti-selon-un-medias-rwandais","status":"publish","type":"post","link":"https:\/\/congovirtuel.com\/information\/sommet-luanda-retour-de-semuhanuka-au-rwanda-c-lutundula-a-menti-selon-un-medias-rwandais\/","title":{"rendered":"Sommet Luanda: retour de Semuhanuka au Rwanda, C. Lutundula a menti selon un m\u00e9dias rwandais","gt_translate_keys":[{"key":"rendered","format":"text"}]},"content":{"rendered":"<p>Le ministre des Affaires \u00e9trang\u00e8res de la R\u00e9publique d\u00e9mocratique du Congo, Christophe Lutundula, a menti au monde entier que pour la premi\u00e8re fois le Rwanda avait accept\u00e9 d&rsquo;accueillir des r\u00e9fugi\u00e9s rwandais dont d&rsquo;anciens r\u00e9fugi\u00e9s des FDLR sur le territoire de son pays lors de son Le programme se fait attendre depuis longtemps, en 1997.<\/p>\n<p>Lutundula a fait ces remarques lors d&rsquo;une \u00e9mission radio nationale congolaise sur les conclusions du sommet des chefs d&rsquo;\u00c9tat du Rwanda et de la RDC tenu en Angola, visant \u00e0 apaiser les tensions entre les deux pays.<\/p>\n<p>Le document d\u00e9crit une s\u00e9rie d&rsquo;activit\u00e9s visant \u00e0 r\u00e9concilier les relations entre les deux parties, soulignant la n\u00e9cessit\u00e9 de renforcer la coop\u00e9ration politique et diplomatique entre les deux pays.<\/p>\n<p>La r\u00e9solution appelle au retour des r\u00e9fugi\u00e9s de la RDC et \u00e0 la fin de la coop\u00e9ration du Rwanda avec la RDC dans un programme visant \u00e0 \u00e9changer des informations dans la lutte pour \u00e9radiquer compl\u00e8tement les FDLR.<\/p>\n<p>Revenant \u00e0 la conclusion, Lutundula a dit qu&rsquo;il \u00e9tait int\u00e9ressant que pour la premi\u00e8re fois, le Rwanda ait accept\u00e9 d&rsquo;accepter des r\u00e9fugi\u00e9s rwandais vivant dans le pays.<\/p>\n<p>\u00ab\u00a0L&rsquo;\u00e9quipe de sauvetage n&rsquo;a pas \u00e9t\u00e9 appel\u00e9e pour lui\u00a0\u00bb, a-t-elle d\u00e9clar\u00e9 \u00e0 l&rsquo;Associated Press.\u00a0C&rsquo;est la chose d\u00e9cente \u00e0 faire, et \u00e7a devrait s&rsquo;arr\u00eater l\u00e0.\u00a0\u00bb<\/p>\n<p>\u00ab Quand on parle de r\u00e9fugi\u00e9s, il n&rsquo;y a pas que les r\u00e9fugi\u00e9s congolais au Rwanda ou en Ouganda qui sont li\u00e9s au M23, mais pour la premi\u00e8re fois de mani\u00e8re claire, le Rwanda \u00e0 travers son Pr\u00e9sident a accept\u00e9 le principe du retour des r\u00e9fugi\u00e9s par \u00ab surtout le membres des FDLR qui se trouvent sur notre territoire \u00bb.<\/p>\n<p>\u00ab\u00a0Parce que, comme vous le savez, le Rwanda ne croyait pas au retour des FDLR, il a pr\u00e9tendu \u00eatre les auteurs du G\u00e9nocide, mais maintenant il l&rsquo;a ouvertement reconnu \u00e0 travers les m\u00e9dias.\u00a0\u00bb<\/p>\n<p>Les propos de Lutundula sont faux car le Rwanda a mis en place depuis 25 ans une Commission pour le rel\u00e8vement et la reconstruction des forces arm\u00e9es.<\/p>\n<p>La commission a des succursales \u00e0 toutes les fronti\u00e8res du pays et travaille au jour le jour pour accueillir les membres de diverses factions, y compris les FDLR.<\/p>\n<p>Habituellement, lorsque les r\u00e9fugi\u00e9s sont amen\u00e9s au Rwanda, ils sont accueillis pour \u00eatre d&rsquo;abord form\u00e9s aux valeurs rwandaises o\u00f9 ils passent environ six mois \u00e0 Mutobo.<\/p>\n<p>Les stagiaires \u00e9taient des hommes parce qu&rsquo;ils \u00e9taient pour la plupart des soldats tandis que les femmes et les filles ont \u00e9t\u00e9 emmen\u00e9es au camp de Nyarushishi dans le district de Rusizi, o\u00f9 elles ont attendu un peu de temps pour \u00eatre ramen\u00e9es \u00e0 la maison.<\/p>\n<p>Lorsqu&rsquo;ils sont licenci\u00e9s, ils ont la possibilit\u00e9 de les accompagner comme base de d\u00e9veloppement.<\/p>\n<p>Il existe \u00e9galement un plan pour les surveiller afin que m\u00eame les jeunes filles et gar\u00e7ons puissent \u00eatre trouv\u00e9s dans le pays.<\/p>\n<p>Le programme enseigne une vari\u00e9t\u00e9 de professions, notamment la couture, la couture, la m\u00e9canique, les soins capillaires, la faim, le tissage et plus encore.<\/p>\n<p>Plus de 11 000 ont d\u00e9j\u00e0 \u00e9t\u00e9 transf\u00e9r\u00e9s au Mutobo Center. Ils comprenaient des officiers sup\u00e9rieurs de l&rsquo;arm\u00e9e, dont le g\u00e9n\u00e9ral de brigade, le colonel, le lieutenant-colonel, le major, le capitaine, le lieutenant, le sous-lieutenant et d&rsquo;autres.<\/p>\n<p>Les exemples incluent les survivants du g\u00e9n\u00e9ral Paul Rwarakabije qui ont \u00e9t\u00e9 exil\u00e9s dans l&rsquo;arm\u00e9e rwandaise en 2004 et le g\u00e9n\u00e9ral de division Paul Rwarakabije, le colonel J\u00e9r\u00f4me Ngendahimana, le lieutenant-colonel Evariste Murenzi et Thadee Nzeyimana.<\/p>\n<p>IGIHE<\/p>\n","protected":false,"gt_translate_keys":[{"key":"rendered","format":"html"}]},"excerpt":{"rendered":"<p>Le ministre des Affaires \u00e9trang\u00e8res de la R\u00e9publique d\u00e9mocratique du Congo, Christophe Lutundula, a menti au monde entier que pour la premi\u00e8re fois le Rwanda avait accept\u00e9 d&rsquo;accueillir des r\u00e9fugi\u00e9s rwandais dont d&rsquo;anciens r\u00e9fugi\u00e9s des FDLR sur le territoire de son pays lors de son Le programme se fait attendre depuis longtemps, en 1997. Lutundula a fait ces remarques lors d&rsquo;une \u00e9mission radio nationale congolaise sur les conclusions du sommet des chefs d&rsquo;\u00c9tat du Rwanda et de la RDC tenu en Angola, visant \u00e0 apaiser les tensions entre les deux&hellip;<\/p>\n","protected":false,"gt_translate_keys":[{"key":"rendered","format":"html"}]},"author":1,"featured_media":14806,"comment_status":"open","ping_status":"open","sticky":false,"template":"","format":"standard","meta":{"_crdt_document":"","footnotes":""},"categories":[237],"tags":[],"class_list":["post-19688","post","type-post","status-publish","format-standard","has-post-thumbnail","hentry","category-rdc-rwanda"],"gutentor_comment":0,"yoast_head":"<!-- This site is optimized with the Yoast SEO plugin v27.5 - https:\/\/yoast.com\/product\/yoast-seo-wordpress\/ -->\n<title>Sommet Luanda: retour de Semuhanuka au Rwanda, C. Lutundula a menti selon un m\u00e9dias rwandais - Actualit\u00e9s congolaises et internationales<\/title>\n<meta name=\"robots\" content=\"index, follow, max-snippet:-1, max-image-preview:large, max-video-preview:-1\" \/>\n<link rel=\"canonical\" href=\"https:\/\/congovirtuel.com\/information\/sommet-luanda-retour-de-semuhanuka-au-rwanda-c-lutundula-a-menti-selon-un-medias-rwandais\/\" \/>\n<meta property=\"og:locale\" content=\"fr_FR\" \/>\n<meta property=\"og:type\" content=\"article\" \/>\n<meta property=\"og:title\" content=\"Sommet Luanda: retour de Semuhanuka au Rwanda, C. Lutundula a menti selon un m\u00e9dias rwandais - Actualit\u00e9s congolaises et internationales\" \/>\n<meta property=\"og:description\" content=\"Le ministre des Affaires \u00e9trang\u00e8res de la R\u00e9publique d\u00e9mocratique du Congo, Christophe Lutundula, a menti au monde entier que pour la premi\u00e8re fois le Rwanda avait accept\u00e9 d&rsquo;accueillir des r\u00e9fugi\u00e9s rwandais dont d&rsquo;anciens r\u00e9fugi\u00e9s des FDLR sur le territoire de son pays lors de son Le programme se fait attendre depuis longtemps, en 1997. Lutundula a fait ces remarques lors d&rsquo;une \u00e9mission radio nationale congolaise sur les conclusions du sommet des chefs d&rsquo;\u00c9tat du Rwanda et de la RDC tenu en Angola, visant \u00e0 apaiser les tensions entre les deux&hellip;\" \/>\n<meta property=\"og:url\" content=\"https:\/\/congovirtuel.com\/information\/sommet-luanda-retour-de-semuhanuka-au-rwanda-c-lutundula-a-menti-selon-un-medias-rwandais\/\" \/>\n<meta property=\"og:site_name\" content=\"Actualit\u00e9s congolaises et internationales\" \/>\n<meta property=\"article:publisher\" content=\"https:\/\/web.facebook.com\/Congovirtuel-763617960319601\/?ref=aymt_homepage_panel&amp;amp%3bamp%3bamp%3bamp%3bamp%3bamp%3bamp%3bamp%3bamp%3bamp%3bamp%3beid=ARCoxULa66767kIgF_KYav6VdjXTI4yk_LW4yoVO9s6NXpysgb7Cb65vpxcxgqzOAKvIbLQxaAETcqHT\" \/>\n<meta property=\"article:published_time\" content=\"2022-07-08T15:41:53+00:00\" \/>\n<meta property=\"article:modified_time\" content=\"2022-07-08T15:49:34+00:00\" \/>\n<meta property=\"og:image\" content=\"https:\/\/congovirtuel.com\/information\/wp-content\/uploads\/2021\/10\/lutundula_apala_21_02145_jpg_640_350_1.jpeg\" \/>\n\t<meta property=\"og:image:width\" content=\"640\" \/>\n\t<meta property=\"og:image:height\" content=\"350\" \/>\n\t<meta property=\"og:image:type\" content=\"image\/jpeg\" \/>\n<meta name=\"author\" content=\"infocongovirtuel\" \/>\n<meta name=\"twitter:card\" content=\"summary_large_image\" \/>\n<meta name=\"twitter:creator\" content=\"@congovirtuel\" \/>\n<meta name=\"twitter:site\" content=\"@congovirtuel\" \/>\n<meta name=\"twitter:label1\" content=\"\u00c9crit par\" \/>\n\t<meta name=\"twitter:data1\" content=\"infocongovirtuel\" \/>\n\t<meta name=\"twitter:label2\" content=\"Dur\u00e9e de lecture estim\u00e9e\" \/>\n\t<meta name=\"twitter:data2\" content=\"3 minutes\" \/>\n<script type=\"application\/ld+json\" class=\"yoast-schema-graph\">{\"@context\":\"https:\\\/\\\/schema.org\",\"@graph\":[{\"@type\":\"Article\",\"@id\":\"https:\\\/\\\/congovirtuel.com\\\/information\\\/sommet-luanda-retour-de-semuhanuka-au-rwanda-c-lutundula-a-menti-selon-un-medias-rwandais\\\/#article\",\"isPartOf\":{\"@id\":\"https:\\\/\\\/congovirtuel.com\\\/information\\\/sommet-luanda-retour-de-semuhanuka-au-rwanda-c-lutundula-a-menti-selon-un-medias-rwandais\\\/\"},\"author\":{\"name\":\"infocongovirtuel\",\"@id\":\"https:\\\/\\\/congovirtuel.com\\\/information\\\/#\\\/schema\\\/person\\\/739a44bf7990966cb53d58d2fdeca0b6\"},\"headline\":\"Sommet Luanda: retour de Semuhanuka au Rwanda, C. Lutundula a menti selon un m\u00e9dias rwandais\",\"datePublished\":\"2022-07-08T15:41:53+00:00\",\"dateModified\":\"2022-07-08T15:49:34+00:00\",\"mainEntityOfPage\":{\"@id\":\"https:\\\/\\\/congovirtuel.com\\\/information\\\/sommet-luanda-retour-de-semuhanuka-au-rwanda-c-lutundula-a-menti-selon-un-medias-rwandais\\\/\"},\"wordCount\":651,\"commentCount\":0,\"publisher\":{\"@id\":\"https:\\\/\\\/congovirtuel.com\\\/information\\\/#organization\"},\"image\":{\"@id\":\"https:\\\/\\\/congovirtuel.com\\\/information\\\/sommet-luanda-retour-de-semuhanuka-au-rwanda-c-lutundula-a-menti-selon-un-medias-rwandais\\\/#primaryimage\"},\"thumbnailUrl\":\"https:\\\/\\\/congovirtuel.com\\\/information\\\/wp-content\\\/uploads\\\/2021\\\/10\\\/lutundula_apala_21_02145_jpg_640_350_1.jpeg\",\"articleSection\":[\"RDC-RWANDA\"],\"inLanguage\":\"fr-FR\",\"potentialAction\":[{\"@type\":\"CommentAction\",\"name\":\"Comment\",\"target\":[\"https:\\\/\\\/congovirtuel.com\\\/information\\\/sommet-luanda-retour-de-semuhanuka-au-rwanda-c-lutundula-a-menti-selon-un-medias-rwandais\\\/#respond\"]}]},{\"@type\":\"WebPage\",\"@id\":\"https:\\\/\\\/congovirtuel.com\\\/information\\\/sommet-luanda-retour-de-semuhanuka-au-rwanda-c-lutundula-a-menti-selon-un-medias-rwandais\\\/\",\"url\":\"https:\\\/\\\/congovirtuel.com\\\/information\\\/sommet-luanda-retour-de-semuhanuka-au-rwanda-c-lutundula-a-menti-selon-un-medias-rwandais\\\/\",\"name\":\"Sommet Luanda: retour de Semuhanuka au Rwanda, C. Lutundula a menti selon un m\u00e9dias rwandais - Actualit\u00e9s congolaises et internationales\",\"isPartOf\":{\"@id\":\"https:\\\/\\\/congovirtuel.com\\\/information\\\/#website\"},\"primaryImageOfPage\":{\"@id\":\"https:\\\/\\\/congovirtuel.com\\\/information\\\/sommet-luanda-retour-de-semuhanuka-au-rwanda-c-lutundula-a-menti-selon-un-medias-rwandais\\\/#primaryimage\"},\"image\":{\"@id\":\"https:\\\/\\\/congovirtuel.com\\\/information\\\/sommet-luanda-retour-de-semuhanuka-au-rwanda-c-lutundula-a-menti-selon-un-medias-rwandais\\\/#primaryimage\"},\"thumbnailUrl\":\"https:\\\/\\\/congovirtuel.com\\\/information\\\/wp-content\\\/uploads\\\/2021\\\/10\\\/lutundula_apala_21_02145_jpg_640_350_1.jpeg\",\"datePublished\":\"2022-07-08T15:41:53+00:00\",\"dateModified\":\"2022-07-08T15:49:34+00:00\",\"breadcrumb\":{\"@id\":\"https:\\\/\\\/congovirtuel.com\\\/information\\\/sommet-luanda-retour-de-semuhanuka-au-rwanda-c-lutundula-a-menti-selon-un-medias-rwandais\\\/#breadcrumb\"},\"inLanguage\":\"fr-FR\",\"potentialAction\":[{\"@type\":\"ReadAction\",\"target\":[\"https:\\\/\\\/congovirtuel.com\\\/information\\\/sommet-luanda-retour-de-semuhanuka-au-rwanda-c-lutundula-a-menti-selon-un-medias-rwandais\\\/\"]}]},{\"@type\":\"ImageObject\",\"inLanguage\":\"fr-FR\",\"@id\":\"https:\\\/\\\/congovirtuel.com\\\/information\\\/sommet-luanda-retour-de-semuhanuka-au-rwanda-c-lutundula-a-menti-selon-un-medias-rwandais\\\/#primaryimage\",\"url\":\"https:\\\/\\\/congovirtuel.com\\\/information\\\/wp-content\\\/uploads\\\/2021\\\/10\\\/lutundula_apala_21_02145_jpg_640_350_1.jpeg\",\"contentUrl\":\"https:\\\/\\\/congovirtuel.com\\\/information\\\/wp-content\\\/uploads\\\/2021\\\/10\\\/lutundula_apala_21_02145_jpg_640_350_1.jpeg\",\"width\":640,\"height\":350},{\"@type\":\"BreadcrumbList\",\"@id\":\"https:\\\/\\\/congovirtuel.com\\\/information\\\/sommet-luanda-retour-de-semuhanuka-au-rwanda-c-lutundula-a-menti-selon-un-medias-rwandais\\\/#breadcrumb\",\"itemListElement\":[{\"@type\":\"ListItem\",\"position\":1,\"name\":\"Accueil\",\"item\":\"https:\\\/\\\/congovirtuel.com\\\/information\\\/\"},{\"@type\":\"ListItem\",\"position\":2,\"name\":\"Sommet Luanda: retour de Semuhanuka au Rwanda, C. Lutundula a menti selon un m\u00e9dias rwandais\"}]},{\"@type\":\"WebSite\",\"@id\":\"https:\\\/\\\/congovirtuel.com\\\/information\\\/#website\",\"url\":\"https:\\\/\\\/congovirtuel.com\\\/information\\\/\",\"name\":\"Actualit\u00e9s congolaises et internationales\",\"description\":\"site d&#039;analyse et de traitement d&#039;information\",\"publisher\":{\"@id\":\"https:\\\/\\\/congovirtuel.com\\\/information\\\/#organization\"},\"potentialAction\":[{\"@type\":\"SearchAction\",\"target\":{\"@type\":\"EntryPoint\",\"urlTemplate\":\"https:\\\/\\\/congovirtuel.com\\\/information\\\/?s={search_term_string}\"},\"query-input\":{\"@type\":\"PropertyValueSpecification\",\"valueRequired\":true,\"valueName\":\"search_term_string\"}}],\"inLanguage\":\"fr-FR\"},{\"@type\":\"Organization\",\"@id\":\"https:\\\/\\\/congovirtuel.com\\\/information\\\/#organization\",\"name\":\"Biblioth\u00e8que Virtuelle de la RDC\",\"url\":\"https:\\\/\\\/congovirtuel.com\\\/information\\\/\",\"logo\":{\"@type\":\"ImageObject\",\"inLanguage\":\"fr-FR\",\"@id\":\"https:\\\/\\\/congovirtuel.com\\\/information\\\/#\\\/schema\\\/logo\\\/image\\\/\",\"url\":\"https:\\\/\\\/congovirtuel.com\\\/information\\\/wp-content\\\/uploads\\\/2018\\\/10\\\/header-info-congovirtuel-vraie.jpg\",\"contentUrl\":\"https:\\\/\\\/congovirtuel.com\\\/information\\\/wp-content\\\/uploads\\\/2018\\\/10\\\/header-info-congovirtuel-vraie.jpg\",\"width\":728,\"height\":90,\"caption\":\"Biblioth\u00e8que Virtuelle de la RDC\"},\"image\":{\"@id\":\"https:\\\/\\\/congovirtuel.com\\\/information\\\/#\\\/schema\\\/logo\\\/image\\\/\"},\"sameAs\":[\"https:\\\/\\\/web.facebook.com\\\/Congovirtuel-763617960319601\\\/?ref=aymt_homepage_panel&amp;amp;amp;amp;amp;amp;amp;amp;amp;amp;amp;eid=ARCoxULa66767kIgF_KYav6VdjXTI4yk_LW4yoVO9s6NXpysgb7Cb65vpxcxgqzOAKvIbLQxaAETcqHT\",\"https:\\\/\\\/x.com\\\/congovirtuel\",\"https:\\\/\\\/www.youtube.com\\\/channel\\\/UCkFfprYzGgS3EWNpeMXpToQ?view_as=subscriber\"]},{\"@type\":\"Person\",\"@id\":\"https:\\\/\\\/congovirtuel.com\\\/information\\\/#\\\/schema\\\/person\\\/739a44bf7990966cb53d58d2fdeca0b6\",\"name\":\"infocongovirtuel\",\"image\":{\"@type\":\"ImageObject\",\"inLanguage\":\"fr-FR\",\"@id\":\"https:\\\/\\\/secure.gravatar.com\\\/avatar\\\/4d76991aa72469f0eb22e772586c99113c6997f88da636a9db8f2ce3a2c05e69?s=96&d=mm&r=g\",\"url\":\"https:\\\/\\\/secure.gravatar.com\\\/avatar\\\/4d76991aa72469f0eb22e772586c99113c6997f88da636a9db8f2ce3a2c05e69?s=96&d=mm&r=g\",\"contentUrl\":\"https:\\\/\\\/secure.gravatar.com\\\/avatar\\\/4d76991aa72469f0eb22e772586c99113c6997f88da636a9db8f2ce3a2c05e69?s=96&d=mm&r=g\",\"caption\":\"infocongovirtuel\"},\"url\":\"https:\\\/\\\/congovirtuel.com\\\/information\\\/author\\\/infocongovirtuel\\\/\"}]}<\/script>\n<!-- \/ Yoast SEO plugin. -->","yoast_head_json":{"title":"Sommet Luanda: retour de Semuhanuka au Rwanda, C. Lutundula a menti selon un m\u00e9dias rwandais - Actualit\u00e9s congolaises et internationales","robots":{"index":"index","follow":"follow","max-snippet":"max-snippet:-1","max-image-preview":"max-image-preview:large","max-video-preview":"max-video-preview:-1"},"canonical":"https:\/\/congovirtuel.com\/information\/sommet-luanda-retour-de-semuhanuka-au-rwanda-c-lutundula-a-menti-selon-un-medias-rwandais\/","og_locale":"fr_FR","og_type":"article","og_title":"Sommet Luanda: retour de Semuhanuka au Rwanda, C. Lutundula a menti selon un m\u00e9dias rwandais - Actualit\u00e9s congolaises et internationales","og_description":"Le ministre des Affaires \u00e9trang\u00e8res de la R\u00e9publique d\u00e9mocratique du Congo, Christophe Lutundula, a menti au monde entier que pour la premi\u00e8re fois le Rwanda avait accept\u00e9 d&rsquo;accueillir des r\u00e9fugi\u00e9s rwandais dont d&rsquo;anciens r\u00e9fugi\u00e9s des FDLR sur le territoire de son pays lors de son Le programme se fait attendre depuis longtemps, en 1997. Lutundula a fait ces remarques lors d&rsquo;une \u00e9mission radio nationale congolaise sur les conclusions du sommet des chefs d&rsquo;\u00c9tat du Rwanda et de la RDC tenu en Angola, visant \u00e0 apaiser les tensions entre les deux&hellip;","og_url":"https:\/\/congovirtuel.com\/information\/sommet-luanda-retour-de-semuhanuka-au-rwanda-c-lutundula-a-menti-selon-un-medias-rwandais\/","og_site_name":"Actualit\u00e9s congolaises et internationales","article_publisher":"https:\/\/web.facebook.com\/Congovirtuel-763617960319601\/?ref=aymt_homepage_panel&amp%3bamp%3bamp%3bamp%3bamp%3bamp%3bamp%3bamp%3bamp%3bamp%3bamp%3beid=ARCoxULa66767kIgF_KYav6VdjXTI4yk_LW4yoVO9s6NXpysgb7Cb65vpxcxgqzOAKvIbLQxaAETcqHT","article_published_time":"2022-07-08T15:41:53+00:00","article_modified_time":"2022-07-08T15:49:34+00:00","og_image":[{"width":640,"height":350,"url":"https:\/\/congovirtuel.com\/information\/wp-content\/uploads\/2021\/10\/lutundula_apala_21_02145_jpg_640_350_1.jpeg","type":"image\/jpeg"}],"author":"infocongovirtuel","twitter_card":"summary_large_image","twitter_creator":"@congovirtuel","twitter_site":"@congovirtuel","twitter_misc":{"\u00c9crit par":"infocongovirtuel","Dur\u00e9e de lecture estim\u00e9e":"3 minutes"},"schema":{"@context":"https:\/\/schema.org","@graph":[{"@type":"Article","@id":"https:\/\/congovirtuel.com\/information\/sommet-luanda-retour-de-semuhanuka-au-rwanda-c-lutundula-a-menti-selon-un-medias-rwandais\/#article","isPartOf":{"@id":"https:\/\/congovirtuel.com\/information\/sommet-luanda-retour-de-semuhanuka-au-rwanda-c-lutundula-a-menti-selon-un-medias-rwandais\/"},"author":{"name":"infocongovirtuel","@id":"https:\/\/congovirtuel.com\/information\/#\/schema\/person\/739a44bf7990966cb53d58d2fdeca0b6"},"headline":"Sommet Luanda: retour de Semuhanuka au Rwanda, C. Lutundula a menti selon un m\u00e9dias rwandais","datePublished":"2022-07-08T15:41:53+00:00","dateModified":"2022-07-08T15:49:34+00:00","mainEntityOfPage":{"@id":"https:\/\/congovirtuel.com\/information\/sommet-luanda-retour-de-semuhanuka-au-rwanda-c-lutundula-a-menti-selon-un-medias-rwandais\/"},"wordCount":651,"commentCount":0,"publisher":{"@id":"https:\/\/congovirtuel.com\/information\/#organization"},"image":{"@id":"https:\/\/congovirtuel.com\/information\/sommet-luanda-retour-de-semuhanuka-au-rwanda-c-lutundula-a-menti-selon-un-medias-rwandais\/#primaryimage"},"thumbnailUrl":"https:\/\/congovirtuel.com\/information\/wp-content\/uploads\/2021\/10\/lutundula_apala_21_02145_jpg_640_350_1.jpeg","articleSection":["RDC-RWANDA"],"inLanguage":"fr-FR","potentialAction":[{"@type":"CommentAction","name":"Comment","target":["https:\/\/congovirtuel.com\/information\/sommet-luanda-retour-de-semuhanuka-au-rwanda-c-lutundula-a-menti-selon-un-medias-rwandais\/#respond"]}]},{"@type":"WebPage","@id":"https:\/\/congovirtuel.com\/information\/sommet-luanda-retour-de-semuhanuka-au-rwanda-c-lutundula-a-menti-selon-un-medias-rwandais\/","url":"https:\/\/congovirtuel.com\/information\/sommet-luanda-retour-de-semuhanuka-au-rwanda-c-lutundula-a-menti-selon-un-medias-rwandais\/","name":"Sommet Luanda: retour de Semuhanuka au Rwanda, C. Lutundula a menti selon un m\u00e9dias rwandais - Actualit\u00e9s congolaises et internationales","isPartOf":{"@id":"https:\/\/congovirtuel.com\/information\/#website"},"primaryImageOfPage":{"@id":"https:\/\/congovirtuel.com\/information\/sommet-luanda-retour-de-semuhanuka-au-rwanda-c-lutundula-a-menti-selon-un-medias-rwandais\/#primaryimage"},"image":{"@id":"https:\/\/congovirtuel.com\/information\/sommet-luanda-retour-de-semuhanuka-au-rwanda-c-lutundula-a-menti-selon-un-medias-rwandais\/#primaryimage"},"thumbnailUrl":"https:\/\/congovirtuel.com\/information\/wp-content\/uploads\/2021\/10\/lutundula_apala_21_02145_jpg_640_350_1.jpeg","datePublished":"2022-07-08T15:41:53+00:00","dateModified":"2022-07-08T15:49:34+00:00","breadcrumb":{"@id":"https:\/\/congovirtuel.com\/information\/sommet-luanda-retour-de-semuhanuka-au-rwanda-c-lutundula-a-menti-selon-un-medias-rwandais\/#breadcrumb"},"inLanguage":"fr-FR","potentialAction":[{"@type":"ReadAction","target":["https:\/\/congovirtuel.com\/information\/sommet-luanda-retour-de-semuhanuka-au-rwanda-c-lutundula-a-menti-selon-un-medias-rwandais\/"]}]},{"@type":"ImageObject","inLanguage":"fr-FR","@id":"https:\/\/congovirtuel.com\/information\/sommet-luanda-retour-de-semuhanuka-au-rwanda-c-lutundula-a-menti-selon-un-medias-rwandais\/#primaryimage","url":"https:\/\/congovirtuel.com\/information\/wp-content\/uploads\/2021\/10\/lutundula_apala_21_02145_jpg_640_350_1.jpeg","contentUrl":"https:\/\/congovirtuel.com\/information\/wp-content\/uploads\/2021\/10\/lutundula_apala_21_02145_jpg_640_350_1.jpeg","width":640,"height":350},{"@type":"BreadcrumbList","@id":"https:\/\/congovirtuel.com\/information\/sommet-luanda-retour-de-semuhanuka-au-rwanda-c-lutundula-a-menti-selon-un-medias-rwandais\/#breadcrumb","itemListElement":[{"@type":"ListItem","position":1,"name":"Accueil","item":"https:\/\/congovirtuel.com\/information\/"},{"@type":"ListItem","position":2,"name":"Sommet Luanda: retour de Semuhanuka au Rwanda, C. Lutundula a menti selon un m\u00e9dias rwandais"}]},{"@type":"WebSite","@id":"https:\/\/congovirtuel.com\/information\/#website","url":"https:\/\/congovirtuel.com\/information\/","name":"Actualit\u00e9s congolaises et internationales","description":"site d&#039;analyse et de traitement d&#039;information","publisher":{"@id":"https:\/\/congovirtuel.com\/information\/#organization"},"potentialAction":[{"@type":"SearchAction","target":{"@type":"EntryPoint","urlTemplate":"https:\/\/congovirtuel.com\/information\/?s={search_term_string}"},"query-input":{"@type":"PropertyValueSpecification","valueRequired":true,"valueName":"search_term_string"}}],"inLanguage":"fr-FR"},{"@type":"Organization","@id":"https:\/\/congovirtuel.com\/information\/#organization","name":"Biblioth\u00e8que Virtuelle de la RDC","url":"https:\/\/congovirtuel.com\/information\/","logo":{"@type":"ImageObject","inLanguage":"fr-FR","@id":"https:\/\/congovirtuel.com\/information\/#\/schema\/logo\/image\/","url":"https:\/\/congovirtuel.com\/information\/wp-content\/uploads\/2018\/10\/header-info-congovirtuel-vraie.jpg","contentUrl":"https:\/\/congovirtuel.com\/information\/wp-content\/uploads\/2018\/10\/header-info-congovirtuel-vraie.jpg","width":728,"height":90,"caption":"Biblioth\u00e8que Virtuelle de la RDC"},"image":{"@id":"https:\/\/congovirtuel.com\/information\/#\/schema\/logo\/image\/"},"sameAs":["https:\/\/web.facebook.com\/Congovirtuel-763617960319601\/?ref=aymt_homepage_panel&amp;amp;amp;amp;amp;amp;amp;amp;amp;amp;amp;eid=ARCoxULa66767kIgF_KYav6VdjXTI4yk_LW4yoVO9s6NXpysgb7Cb65vpxcxgqzOAKvIbLQxaAETcqHT","https:\/\/x.com\/congovirtuel","https:\/\/www.youtube.com\/channel\/UCkFfprYzGgS3EWNpeMXpToQ?view_as=subscriber"]},{"@type":"Person","@id":"https:\/\/congovirtuel.com\/information\/#\/schema\/person\/739a44bf7990966cb53d58d2fdeca0b6","name":"infocongovirtuel","image":{"@type":"ImageObject","inLanguage":"fr-FR","@id":"https:\/\/secure.gravatar.com\/avatar\/4d76991aa72469f0eb22e772586c99113c6997f88da636a9db8f2ce3a2c05e69?s=96&d=mm&r=g","url":"https:\/\/secure.gravatar.com\/avatar\/4d76991aa72469f0eb22e772586c99113c6997f88da636a9db8f2ce3a2c05e69?s=96&d=mm&r=g","contentUrl":"https:\/\/secure.gravatar.com\/avatar\/4d76991aa72469f0eb22e772586c99113c6997f88da636a9db8f2ce3a2c05e69?s=96&d=mm&r=g","caption":"infocongovirtuel"},"url":"https:\/\/congovirtuel.com\/information\/author\/infocongovirtuel\/"}]}},"gt_translate_keys":[{"key":"link","format":"url"}],"_links":{"self":[{"href":"https:\/\/congovirtuel.com\/information\/wp-json\/wp\/v2\/posts\/19688","targetHints":{"allow":["GET"]}}],"collection":[{"href":"https:\/\/congovirtuel.com\/information\/wp-json\/wp\/v2\/posts"}],"about":[{"href":"https:\/\/congovirtuel.com\/information\/wp-json\/wp\/v2\/types\/post"}],"author":[{"embeddable":true,"href":"https:\/\/congovirtuel.com\/information\/wp-json\/wp\/v2\/users\/1"}],"replies":[{"embeddable":true,"href":"https:\/\/congovirtuel.com\/information\/wp-json\/wp\/v2\/comments?post=19688"}],"version-history":[{"count":2,"href":"https:\/\/congovirtuel.com\/information\/wp-json\/wp\/v2\/posts\/19688\/revisions"}],"predecessor-version":[{"id":19690,"href":"https:\/\/congovirtuel.com\/information\/wp-json\/wp\/v2\/posts\/19688\/revisions\/19690"}],"wp:featuredmedia":[{"embeddable":true,"href":"https:\/\/congovirtuel.com\/information\/wp-json\/wp\/v2\/media\/14806"}],"wp:attachment":[{"href":"https:\/\/congovirtuel.com\/information\/wp-json\/wp\/v2\/media?parent=19688"}],"wp:term":[{"taxonomy":"category","embeddable":true,"href":"https:\/\/congovirtuel.com\/information\/wp-json\/wp\/v2\/categories?post=19688"},{"taxonomy":"post_tag","embeddable":true,"href":"https:\/\/congovirtuel.com\/information\/wp-json\/wp\/v2\/tags?post=19688"}],"curies":[{"name":"wp","href":"https:\/\/api.w.org\/{rel}","templated":true}]}}