{"id":197,"date":"2019-09-08T06:31:42","date_gmt":"2019-09-08T05:31:42","guid":{"rendered":"https:\/\/congovirtuel.com\/information\/?p=197"},"modified":"2019-09-08T06:31:44","modified_gmt":"2019-09-08T05:31:44","slug":"muhammadu-buhari-bientot-en-afrique-du-sud-apres-les-tensions-xenophobes","status":"publish","type":"post","link":"https:\/\/congovirtuel.com\/information\/muhammadu-buhari-bientot-en-afrique-du-sud-apres-les-tensions-xenophobes\/","title":{"rendered":"Muhammadu Buhari bient\u00f4t en Afrique du Sud apr\u00e8s les tensions x\u00e9nophobes","gt_translate_keys":[{"key":"rendered","format":"text"}]},"content":{"rendered":"\n<p class=\"wp-block-paragraph\"><strong>Le pr\u00e9sident nig\u00e9rian Muhammadu Buhari effectuera en octobre une visite d&rsquo;Etat en Afrique du Sud, a annonc\u00e9 samedi Pretoria quelques jours apr\u00e8s une \u00e9ruption de violences x\u00e9nophobes sur son sol qui a consid\u00e9rablement tendu ses relations avec Abuja.<\/strong><\/p>\n\n\n\n<p class=\"wp-block-paragraph\">Ce voyage vise \u00ab\u00a0\u00e0 renforcer les liens d\u00e9j\u00e0 forts entre les deux pays et \u00e0 d\u00e9velopper leurs r\u00e9ponses aux d\u00e9fis auxquels sont confront\u00e9s leurs citoyens et leurs entreprises\u00a0\u00bb, a indiqu\u00e9 la pr\u00e9sidence sud-africaine dans un communiqu\u00e9.<\/p>\n\n\n\n<p class=\"wp-block-paragraph\">Ces derniers jours, l&rsquo;Afrique du Sud, a connu une vague de violences meurtri\u00e8res dirig\u00e9es contre les \u00e9trangers, principalement dans sa plus grande ville, Johannesburg, qui s&rsquo;est sold\u00e9e par la mort d&rsquo;au moins 10 personnes et des d\u00e9g\u00e2ts consid\u00e9rables, selon le dernier bilan de ses autorit\u00e9s.<\/p>\n\n\n\n<script async src=\"\/\/pagead2.googlesyndication.com\/pagead\/js\/adsbygoogle.js\"><\/script>\n<!-- code responsive -->\n<ins class=\"adsbygoogle\"\n     style=\"display:block\"\n     data-ad-client=\"ca-pub-2119363214666215\"\n     data-ad-slot=\"1973679082\"\n     data-ad-format=\"auto\"><\/ins>\n<script>\n(adsbygoogle = window.adsbygoogle || []).push({});\n<\/script>  \n\n\n\n<p class=\"wp-block-paragraph\">es \u00e9meutes ont caus\u00e9 de vives r\u00e9actions contre des int\u00e9r\u00eats sud-africains dans plusieurs pays du continent, notamment au Nigeria.<\/p>\n\n\n\n<p class=\"wp-block-paragraph\">Pretoria a annonc\u00e9 jeudi la fermeture \u00ab\u00a0temporaire\u00a0\u00bb de ses missions diplomatiques au Nigeria en faisant \u00e9tat de \u00ab\u00a0menaces\u00a0\u00bb et le g\u00e9ant sud-africain des t\u00e9l\u00e9communications MTN, num\u00e9ro 1 du secteur sur le continent, celle de ses agences dans le pays.<\/p>\n\n\n\n<p class=\"wp-block-paragraph\">La visite du chef de l&rsquo;Etat nig\u00e9rian a \u00e9t\u00e9 d\u00e9cid\u00e9e apr\u00e8s des discussions entre son envoy\u00e9 sp\u00e9cial \u00e0 Pretoria et le pr\u00e9sident sud-africain Cyril Ramaphosa, a pr\u00e9cis\u00e9 le communiqu\u00e9.<\/p>\n\n\n\n<p class=\"wp-block-paragraph\">Lors de cette entrevue, le repr\u00e9sentant de M. Buhari a r\u00e9p\u00e9t\u00e9 les \u00ab\u00a0inqui\u00e9tudes\u00a0\u00bb de son pays sur les r\u00e9centes \u00e9meutes, tandis que M. Ramaphosa a soulign\u00e9 que leurs deux pays \u00e9taient \u00ab\u00a0d\u00e9termin\u00e9s \u00e0 construire une Afrique en paix avec elle-m\u00eame et les autres\u00a0\u00bb, a encore ajout\u00e9 la pr\u00e9sidence sud-africaine.<\/p>\n\n\n\n<p class=\"wp-block-paragraph\">L&rsquo;Afrique du Sud, premi\u00e8re puissance industrielle du continent, est le th\u00e9\u00e2tre r\u00e9gulier de violences x\u00e9nophobes, nourries par le fort taux de ch\u00f4mage (29%) et la pauvret\u00e9 qui frappent sa population.<\/p>\n\n\n\n<p class=\"wp-block-paragraph\">VOA and AFP<\/p>\n","protected":false,"gt_translate_keys":[{"key":"rendered","format":"html"}]},"excerpt":{"rendered":"<p>Le pr\u00e9sident nig\u00e9rian Muhammadu Buhari effectuera en octobre une visite d&rsquo;Etat en Afrique du Sud, a annonc\u00e9 samedi Pretoria quelques jours apr\u00e8s une \u00e9ruption de violences x\u00e9nophobes sur son sol qui a consid\u00e9rablement tendu ses relations avec Abuja. Ce voyage vise \u00ab\u00a0\u00e0 renforcer les liens d\u00e9j\u00e0 forts entre les deux pays et \u00e0 d\u00e9velopper leurs r\u00e9ponses aux d\u00e9fis auxquels sont confront\u00e9s leurs citoyens et leurs entreprises\u00a0\u00bb, a indiqu\u00e9 la pr\u00e9sidence sud-africaine dans un communiqu\u00e9. Ces derniers jours, l&rsquo;Afrique du Sud, a connu une vague de violences meurtri\u00e8res dirig\u00e9es contre les&hellip;<\/p>\n","protected":false,"gt_translate_keys":[{"key":"rendered","format":"html"}]},"author":1,"featured_media":198,"comment_status":"open","ping_status":"open","sticky":false,"template":"","format":"standard","meta":{"_crdt_document":"","footnotes":""},"categories":[1],"tags":[],"class_list":["post-197","post","type-post","status-publish","format-standard","has-post-thumbnail","hentry","category-non-classe"],"gutentor_comment":0,"yoast_head":"<!-- This site is optimized with the Yoast SEO plugin v27.5 - https:\/\/yoast.com\/product\/yoast-seo-wordpress\/ -->\n<title>Muhammadu Buhari bient\u00f4t en Afrique du Sud apr\u00e8s les tensions x\u00e9nophobes - Actualit\u00e9s congolaises et internationales<\/title>\n<meta name=\"robots\" content=\"index, follow, max-snippet:-1, max-image-preview:large, max-video-preview:-1\" \/>\n<link rel=\"canonical\" href=\"https:\/\/congovirtuel.com\/information\/muhammadu-buhari-bientot-en-afrique-du-sud-apres-les-tensions-xenophobes\/\" \/>\n<meta property=\"og:locale\" content=\"fr_FR\" \/>\n<meta property=\"og:type\" content=\"article\" \/>\n<meta property=\"og:title\" content=\"Muhammadu Buhari bient\u00f4t en Afrique du Sud apr\u00e8s les tensions x\u00e9nophobes - Actualit\u00e9s congolaises et internationales\" \/>\n<meta property=\"og:description\" content=\"Le pr\u00e9sident nig\u00e9rian Muhammadu Buhari effectuera en octobre une visite d&rsquo;Etat en Afrique du Sud, a annonc\u00e9 samedi Pretoria quelques jours apr\u00e8s une \u00e9ruption de violences x\u00e9nophobes sur son sol qui a consid\u00e9rablement tendu ses relations avec Abuja. Ce voyage vise \u00ab\u00a0\u00e0 renforcer les liens d\u00e9j\u00e0 forts entre les deux pays et \u00e0 d\u00e9velopper leurs r\u00e9ponses aux d\u00e9fis auxquels sont confront\u00e9s leurs citoyens et leurs entreprises\u00a0\u00bb, a indiqu\u00e9 la pr\u00e9sidence sud-africaine dans un communiqu\u00e9. Ces derniers jours, l&rsquo;Afrique du Sud, a connu une vague de violences meurtri\u00e8res dirig\u00e9es contre les&hellip;\" \/>\n<meta property=\"og:url\" content=\"https:\/\/congovirtuel.com\/information\/muhammadu-buhari-bientot-en-afrique-du-sud-apres-les-tensions-xenophobes\/\" \/>\n<meta property=\"og:site_name\" content=\"Actualit\u00e9s congolaises et internationales\" \/>\n<meta property=\"article:publisher\" content=\"https:\/\/web.facebook.com\/Congovirtuel-763617960319601\/?ref=aymt_homepage_panel&amp;amp%3bamp%3bamp%3bamp%3bamp%3bamp%3bamp%3bamp%3bamp%3bamp%3bamp%3beid=ARCoxULa66767kIgF_KYav6VdjXTI4yk_LW4yoVO9s6NXpysgb7Cb65vpxcxgqzOAKvIbLQxaAETcqHT\" \/>\n<meta property=\"article:published_time\" content=\"2019-09-08T05:31:42+00:00\" \/>\n<meta property=\"article:modified_time\" content=\"2019-09-08T05:31:44+00:00\" \/>\n<meta property=\"og:image\" content=\"https:\/\/congovirtuel.com\/information\/wp-content\/uploads\/2019\/09\/buhari.jpg\" \/>\n\t<meta property=\"og:image:width\" content=\"1023\" \/>\n\t<meta property=\"og:image:height\" content=\"575\" \/>\n\t<meta property=\"og:image:type\" content=\"image\/jpeg\" \/>\n<meta name=\"author\" content=\"infocongovirtuel\" \/>\n<meta name=\"twitter:card\" content=\"summary_large_image\" \/>\n<meta name=\"twitter:creator\" content=\"@congovirtuel\" \/>\n<meta name=\"twitter:site\" content=\"@congovirtuel\" \/>\n<meta name=\"twitter:label1\" content=\"\u00c9crit par\" \/>\n\t<meta name=\"twitter:data1\" content=\"infocongovirtuel\" \/>\n\t<meta name=\"twitter:label2\" content=\"Dur\u00e9e de lecture estim\u00e9e\" \/>\n\t<meta name=\"twitter:data2\" content=\"2 minutes\" \/>\n<script type=\"application\/ld+json\" class=\"yoast-schema-graph\">{\"@context\":\"https:\\\/\\\/schema.org\",\"@graph\":[{\"@type\":\"Article\",\"@id\":\"https:\\\/\\\/congovirtuel.com\\\/information\\\/muhammadu-buhari-bientot-en-afrique-du-sud-apres-les-tensions-xenophobes\\\/#article\",\"isPartOf\":{\"@id\":\"https:\\\/\\\/congovirtuel.com\\\/information\\\/muhammadu-buhari-bientot-en-afrique-du-sud-apres-les-tensions-xenophobes\\\/\"},\"author\":{\"name\":\"infocongovirtuel\",\"@id\":\"https:\\\/\\\/congovirtuel.com\\\/information\\\/#\\\/schema\\\/person\\\/739a44bf7990966cb53d58d2fdeca0b6\"},\"headline\":\"Muhammadu Buhari bient\u00f4t en Afrique du Sud apr\u00e8s les tensions x\u00e9nophobes\",\"datePublished\":\"2019-09-08T05:31:42+00:00\",\"dateModified\":\"2019-09-08T05:31:44+00:00\",\"mainEntityOfPage\":{\"@id\":\"https:\\\/\\\/congovirtuel.com\\\/information\\\/muhammadu-buhari-bientot-en-afrique-du-sud-apres-les-tensions-xenophobes\\\/\"},\"wordCount\":347,\"commentCount\":0,\"publisher\":{\"@id\":\"https:\\\/\\\/congovirtuel.com\\\/information\\\/#organization\"},\"image\":{\"@id\":\"https:\\\/\\\/congovirtuel.com\\\/information\\\/muhammadu-buhari-bientot-en-afrique-du-sud-apres-les-tensions-xenophobes\\\/#primaryimage\"},\"thumbnailUrl\":\"https:\\\/\\\/congovirtuel.com\\\/information\\\/wp-content\\\/uploads\\\/2019\\\/09\\\/buhari.jpg\",\"inLanguage\":\"fr-FR\",\"potentialAction\":[{\"@type\":\"CommentAction\",\"name\":\"Comment\",\"target\":[\"https:\\\/\\\/congovirtuel.com\\\/information\\\/muhammadu-buhari-bientot-en-afrique-du-sud-apres-les-tensions-xenophobes\\\/#respond\"]}]},{\"@type\":\"WebPage\",\"@id\":\"https:\\\/\\\/congovirtuel.com\\\/information\\\/muhammadu-buhari-bientot-en-afrique-du-sud-apres-les-tensions-xenophobes\\\/\",\"url\":\"https:\\\/\\\/congovirtuel.com\\\/information\\\/muhammadu-buhari-bientot-en-afrique-du-sud-apres-les-tensions-xenophobes\\\/\",\"name\":\"Muhammadu Buhari bient\u00f4t en Afrique du Sud apr\u00e8s les tensions x\u00e9nophobes - Actualit\u00e9s congolaises et internationales\",\"isPartOf\":{\"@id\":\"https:\\\/\\\/congovirtuel.com\\\/information\\\/#website\"},\"primaryImageOfPage\":{\"@id\":\"https:\\\/\\\/congovirtuel.com\\\/information\\\/muhammadu-buhari-bientot-en-afrique-du-sud-apres-les-tensions-xenophobes\\\/#primaryimage\"},\"image\":{\"@id\":\"https:\\\/\\\/congovirtuel.com\\\/information\\\/muhammadu-buhari-bientot-en-afrique-du-sud-apres-les-tensions-xenophobes\\\/#primaryimage\"},\"thumbnailUrl\":\"https:\\\/\\\/congovirtuel.com\\\/information\\\/wp-content\\\/uploads\\\/2019\\\/09\\\/buhari.jpg\",\"datePublished\":\"2019-09-08T05:31:42+00:00\",\"dateModified\":\"2019-09-08T05:31:44+00:00\",\"breadcrumb\":{\"@id\":\"https:\\\/\\\/congovirtuel.com\\\/information\\\/muhammadu-buhari-bientot-en-afrique-du-sud-apres-les-tensions-xenophobes\\\/#breadcrumb\"},\"inLanguage\":\"fr-FR\",\"potentialAction\":[{\"@type\":\"ReadAction\",\"target\":[\"https:\\\/\\\/congovirtuel.com\\\/information\\\/muhammadu-buhari-bientot-en-afrique-du-sud-apres-les-tensions-xenophobes\\\/\"]}]},{\"@type\":\"ImageObject\",\"inLanguage\":\"fr-FR\",\"@id\":\"https:\\\/\\\/congovirtuel.com\\\/information\\\/muhammadu-buhari-bientot-en-afrique-du-sud-apres-les-tensions-xenophobes\\\/#primaryimage\",\"url\":\"https:\\\/\\\/congovirtuel.com\\\/information\\\/wp-content\\\/uploads\\\/2019\\\/09\\\/buhari.jpg\",\"contentUrl\":\"https:\\\/\\\/congovirtuel.com\\\/information\\\/wp-content\\\/uploads\\\/2019\\\/09\\\/buhari.jpg\",\"width\":1023,\"height\":575},{\"@type\":\"BreadcrumbList\",\"@id\":\"https:\\\/\\\/congovirtuel.com\\\/information\\\/muhammadu-buhari-bientot-en-afrique-du-sud-apres-les-tensions-xenophobes\\\/#breadcrumb\",\"itemListElement\":[{\"@type\":\"ListItem\",\"position\":1,\"name\":\"Accueil\",\"item\":\"https:\\\/\\\/congovirtuel.com\\\/information\\\/\"},{\"@type\":\"ListItem\",\"position\":2,\"name\":\"Muhammadu Buhari bient\u00f4t en Afrique du Sud apr\u00e8s les tensions x\u00e9nophobes\"}]},{\"@type\":\"WebSite\",\"@id\":\"https:\\\/\\\/congovirtuel.com\\\/information\\\/#website\",\"url\":\"https:\\\/\\\/congovirtuel.com\\\/information\\\/\",\"name\":\"Actualit\u00e9s congolaises et internationales\",\"description\":\"site d&#039;analyse et de traitement d&#039;information\",\"publisher\":{\"@id\":\"https:\\\/\\\/congovirtuel.com\\\/information\\\/#organization\"},\"potentialAction\":[{\"@type\":\"SearchAction\",\"target\":{\"@type\":\"EntryPoint\",\"urlTemplate\":\"https:\\\/\\\/congovirtuel.com\\\/information\\\/?s={search_term_string}\"},\"query-input\":{\"@type\":\"PropertyValueSpecification\",\"valueRequired\":true,\"valueName\":\"search_term_string\"}}],\"inLanguage\":\"fr-FR\"},{\"@type\":\"Organization\",\"@id\":\"https:\\\/\\\/congovirtuel.com\\\/information\\\/#organization\",\"name\":\"Biblioth\u00e8que Virtuelle de la RDC\",\"url\":\"https:\\\/\\\/congovirtuel.com\\\/information\\\/\",\"logo\":{\"@type\":\"ImageObject\",\"inLanguage\":\"fr-FR\",\"@id\":\"https:\\\/\\\/congovirtuel.com\\\/information\\\/#\\\/schema\\\/logo\\\/image\\\/\",\"url\":\"https:\\\/\\\/congovirtuel.com\\\/information\\\/wp-content\\\/uploads\\\/2018\\\/10\\\/header-info-congovirtuel-vraie.jpg\",\"contentUrl\":\"https:\\\/\\\/congovirtuel.com\\\/information\\\/wp-content\\\/uploads\\\/2018\\\/10\\\/header-info-congovirtuel-vraie.jpg\",\"width\":728,\"height\":90,\"caption\":\"Biblioth\u00e8que Virtuelle de la RDC\"},\"image\":{\"@id\":\"https:\\\/\\\/congovirtuel.com\\\/information\\\/#\\\/schema\\\/logo\\\/image\\\/\"},\"sameAs\":[\"https:\\\/\\\/web.facebook.com\\\/Congovirtuel-763617960319601\\\/?ref=aymt_homepage_panel&amp;amp;amp;amp;amp;amp;amp;amp;amp;amp;amp;eid=ARCoxULa66767kIgF_KYav6VdjXTI4yk_LW4yoVO9s6NXpysgb7Cb65vpxcxgqzOAKvIbLQxaAETcqHT\",\"https:\\\/\\\/x.com\\\/congovirtuel\",\"https:\\\/\\\/www.youtube.com\\\/channel\\\/UCkFfprYzGgS3EWNpeMXpToQ?view_as=subscriber\"]},{\"@type\":\"Person\",\"@id\":\"https:\\\/\\\/congovirtuel.com\\\/information\\\/#\\\/schema\\\/person\\\/739a44bf7990966cb53d58d2fdeca0b6\",\"name\":\"infocongovirtuel\",\"image\":{\"@type\":\"ImageObject\",\"inLanguage\":\"fr-FR\",\"@id\":\"https:\\\/\\\/secure.gravatar.com\\\/avatar\\\/4d76991aa72469f0eb22e772586c99113c6997f88da636a9db8f2ce3a2c05e69?s=96&d=mm&r=g\",\"url\":\"https:\\\/\\\/secure.gravatar.com\\\/avatar\\\/4d76991aa72469f0eb22e772586c99113c6997f88da636a9db8f2ce3a2c05e69?s=96&d=mm&r=g\",\"contentUrl\":\"https:\\\/\\\/secure.gravatar.com\\\/avatar\\\/4d76991aa72469f0eb22e772586c99113c6997f88da636a9db8f2ce3a2c05e69?s=96&d=mm&r=g\",\"caption\":\"infocongovirtuel\"},\"url\":\"https:\\\/\\\/congovirtuel.com\\\/information\\\/author\\\/infocongovirtuel\\\/\"}]}<\/script>\n<!-- \/ Yoast SEO plugin. -->","yoast_head_json":{"title":"Muhammadu Buhari bient\u00f4t en Afrique du Sud apr\u00e8s les tensions x\u00e9nophobes - Actualit\u00e9s congolaises et internationales","robots":{"index":"index","follow":"follow","max-snippet":"max-snippet:-1","max-image-preview":"max-image-preview:large","max-video-preview":"max-video-preview:-1"},"canonical":"https:\/\/congovirtuel.com\/information\/muhammadu-buhari-bientot-en-afrique-du-sud-apres-les-tensions-xenophobes\/","og_locale":"fr_FR","og_type":"article","og_title":"Muhammadu Buhari bient\u00f4t en Afrique du Sud apr\u00e8s les tensions x\u00e9nophobes - Actualit\u00e9s congolaises et internationales","og_description":"Le pr\u00e9sident nig\u00e9rian Muhammadu Buhari effectuera en octobre une visite d&rsquo;Etat en Afrique du Sud, a annonc\u00e9 samedi Pretoria quelques jours apr\u00e8s une \u00e9ruption de violences x\u00e9nophobes sur son sol qui a consid\u00e9rablement tendu ses relations avec Abuja. Ce voyage vise \u00ab\u00a0\u00e0 renforcer les liens d\u00e9j\u00e0 forts entre les deux pays et \u00e0 d\u00e9velopper leurs r\u00e9ponses aux d\u00e9fis auxquels sont confront\u00e9s leurs citoyens et leurs entreprises\u00a0\u00bb, a indiqu\u00e9 la pr\u00e9sidence sud-africaine dans un communiqu\u00e9. Ces derniers jours, l&rsquo;Afrique du Sud, a connu une vague de violences meurtri\u00e8res dirig\u00e9es contre les&hellip;","og_url":"https:\/\/congovirtuel.com\/information\/muhammadu-buhari-bientot-en-afrique-du-sud-apres-les-tensions-xenophobes\/","og_site_name":"Actualit\u00e9s congolaises et internationales","article_publisher":"https:\/\/web.facebook.com\/Congovirtuel-763617960319601\/?ref=aymt_homepage_panel&amp%3bamp%3bamp%3bamp%3bamp%3bamp%3bamp%3bamp%3bamp%3bamp%3bamp%3beid=ARCoxULa66767kIgF_KYav6VdjXTI4yk_LW4yoVO9s6NXpysgb7Cb65vpxcxgqzOAKvIbLQxaAETcqHT","article_published_time":"2019-09-08T05:31:42+00:00","article_modified_time":"2019-09-08T05:31:44+00:00","og_image":[{"width":1023,"height":575,"url":"https:\/\/congovirtuel.com\/information\/wp-content\/uploads\/2019\/09\/buhari.jpg","type":"image\/jpeg"}],"author":"infocongovirtuel","twitter_card":"summary_large_image","twitter_creator":"@congovirtuel","twitter_site":"@congovirtuel","twitter_misc":{"\u00c9crit par":"infocongovirtuel","Dur\u00e9e de lecture estim\u00e9e":"2 minutes"},"schema":{"@context":"https:\/\/schema.org","@graph":[{"@type":"Article","@id":"https:\/\/congovirtuel.com\/information\/muhammadu-buhari-bientot-en-afrique-du-sud-apres-les-tensions-xenophobes\/#article","isPartOf":{"@id":"https:\/\/congovirtuel.com\/information\/muhammadu-buhari-bientot-en-afrique-du-sud-apres-les-tensions-xenophobes\/"},"author":{"name":"infocongovirtuel","@id":"https:\/\/congovirtuel.com\/information\/#\/schema\/person\/739a44bf7990966cb53d58d2fdeca0b6"},"headline":"Muhammadu Buhari bient\u00f4t en Afrique du Sud apr\u00e8s les tensions x\u00e9nophobes","datePublished":"2019-09-08T05:31:42+00:00","dateModified":"2019-09-08T05:31:44+00:00","mainEntityOfPage":{"@id":"https:\/\/congovirtuel.com\/information\/muhammadu-buhari-bientot-en-afrique-du-sud-apres-les-tensions-xenophobes\/"},"wordCount":347,"commentCount":0,"publisher":{"@id":"https:\/\/congovirtuel.com\/information\/#organization"},"image":{"@id":"https:\/\/congovirtuel.com\/information\/muhammadu-buhari-bientot-en-afrique-du-sud-apres-les-tensions-xenophobes\/#primaryimage"},"thumbnailUrl":"https:\/\/congovirtuel.com\/information\/wp-content\/uploads\/2019\/09\/buhari.jpg","inLanguage":"fr-FR","potentialAction":[{"@type":"CommentAction","name":"Comment","target":["https:\/\/congovirtuel.com\/information\/muhammadu-buhari-bientot-en-afrique-du-sud-apres-les-tensions-xenophobes\/#respond"]}]},{"@type":"WebPage","@id":"https:\/\/congovirtuel.com\/information\/muhammadu-buhari-bientot-en-afrique-du-sud-apres-les-tensions-xenophobes\/","url":"https:\/\/congovirtuel.com\/information\/muhammadu-buhari-bientot-en-afrique-du-sud-apres-les-tensions-xenophobes\/","name":"Muhammadu Buhari bient\u00f4t en Afrique du Sud apr\u00e8s les tensions x\u00e9nophobes - Actualit\u00e9s congolaises et internationales","isPartOf":{"@id":"https:\/\/congovirtuel.com\/information\/#website"},"primaryImageOfPage":{"@id":"https:\/\/congovirtuel.com\/information\/muhammadu-buhari-bientot-en-afrique-du-sud-apres-les-tensions-xenophobes\/#primaryimage"},"image":{"@id":"https:\/\/congovirtuel.com\/information\/muhammadu-buhari-bientot-en-afrique-du-sud-apres-les-tensions-xenophobes\/#primaryimage"},"thumbnailUrl":"https:\/\/congovirtuel.com\/information\/wp-content\/uploads\/2019\/09\/buhari.jpg","datePublished":"2019-09-08T05:31:42+00:00","dateModified":"2019-09-08T05:31:44+00:00","breadcrumb":{"@id":"https:\/\/congovirtuel.com\/information\/muhammadu-buhari-bientot-en-afrique-du-sud-apres-les-tensions-xenophobes\/#breadcrumb"},"inLanguage":"fr-FR","potentialAction":[{"@type":"ReadAction","target":["https:\/\/congovirtuel.com\/information\/muhammadu-buhari-bientot-en-afrique-du-sud-apres-les-tensions-xenophobes\/"]}]},{"@type":"ImageObject","inLanguage":"fr-FR","@id":"https:\/\/congovirtuel.com\/information\/muhammadu-buhari-bientot-en-afrique-du-sud-apres-les-tensions-xenophobes\/#primaryimage","url":"https:\/\/congovirtuel.com\/information\/wp-content\/uploads\/2019\/09\/buhari.jpg","contentUrl":"https:\/\/congovirtuel.com\/information\/wp-content\/uploads\/2019\/09\/buhari.jpg","width":1023,"height":575},{"@type":"BreadcrumbList","@id":"https:\/\/congovirtuel.com\/information\/muhammadu-buhari-bientot-en-afrique-du-sud-apres-les-tensions-xenophobes\/#breadcrumb","itemListElement":[{"@type":"ListItem","position":1,"name":"Accueil","item":"https:\/\/congovirtuel.com\/information\/"},{"@type":"ListItem","position":2,"name":"Muhammadu Buhari bient\u00f4t en Afrique du Sud apr\u00e8s les tensions x\u00e9nophobes"}]},{"@type":"WebSite","@id":"https:\/\/congovirtuel.com\/information\/#website","url":"https:\/\/congovirtuel.com\/information\/","name":"Actualit\u00e9s congolaises et internationales","description":"site d&#039;analyse et de traitement d&#039;information","publisher":{"@id":"https:\/\/congovirtuel.com\/information\/#organization"},"potentialAction":[{"@type":"SearchAction","target":{"@type":"EntryPoint","urlTemplate":"https:\/\/congovirtuel.com\/information\/?s={search_term_string}"},"query-input":{"@type":"PropertyValueSpecification","valueRequired":true,"valueName":"search_term_string"}}],"inLanguage":"fr-FR"},{"@type":"Organization","@id":"https:\/\/congovirtuel.com\/information\/#organization","name":"Biblioth\u00e8que Virtuelle de la RDC","url":"https:\/\/congovirtuel.com\/information\/","logo":{"@type":"ImageObject","inLanguage":"fr-FR","@id":"https:\/\/congovirtuel.com\/information\/#\/schema\/logo\/image\/","url":"https:\/\/congovirtuel.com\/information\/wp-content\/uploads\/2018\/10\/header-info-congovirtuel-vraie.jpg","contentUrl":"https:\/\/congovirtuel.com\/information\/wp-content\/uploads\/2018\/10\/header-info-congovirtuel-vraie.jpg","width":728,"height":90,"caption":"Biblioth\u00e8que Virtuelle de la RDC"},"image":{"@id":"https:\/\/congovirtuel.com\/information\/#\/schema\/logo\/image\/"},"sameAs":["https:\/\/web.facebook.com\/Congovirtuel-763617960319601\/?ref=aymt_homepage_panel&amp;amp;amp;amp;amp;amp;amp;amp;amp;amp;amp;eid=ARCoxULa66767kIgF_KYav6VdjXTI4yk_LW4yoVO9s6NXpysgb7Cb65vpxcxgqzOAKvIbLQxaAETcqHT","https:\/\/x.com\/congovirtuel","https:\/\/www.youtube.com\/channel\/UCkFfprYzGgS3EWNpeMXpToQ?view_as=subscriber"]},{"@type":"Person","@id":"https:\/\/congovirtuel.com\/information\/#\/schema\/person\/739a44bf7990966cb53d58d2fdeca0b6","name":"infocongovirtuel","image":{"@type":"ImageObject","inLanguage":"fr-FR","@id":"https:\/\/secure.gravatar.com\/avatar\/4d76991aa72469f0eb22e772586c99113c6997f88da636a9db8f2ce3a2c05e69?s=96&d=mm&r=g","url":"https:\/\/secure.gravatar.com\/avatar\/4d76991aa72469f0eb22e772586c99113c6997f88da636a9db8f2ce3a2c05e69?s=96&d=mm&r=g","contentUrl":"https:\/\/secure.gravatar.com\/avatar\/4d76991aa72469f0eb22e772586c99113c6997f88da636a9db8f2ce3a2c05e69?s=96&d=mm&r=g","caption":"infocongovirtuel"},"url":"https:\/\/congovirtuel.com\/information\/author\/infocongovirtuel\/"}]}},"gt_translate_keys":[{"key":"link","format":"url"}],"_links":{"self":[{"href":"https:\/\/congovirtuel.com\/information\/wp-json\/wp\/v2\/posts\/197","targetHints":{"allow":["GET"]}}],"collection":[{"href":"https:\/\/congovirtuel.com\/information\/wp-json\/wp\/v2\/posts"}],"about":[{"href":"https:\/\/congovirtuel.com\/information\/wp-json\/wp\/v2\/types\/post"}],"author":[{"embeddable":true,"href":"https:\/\/congovirtuel.com\/information\/wp-json\/wp\/v2\/users\/1"}],"replies":[{"embeddable":true,"href":"https:\/\/congovirtuel.com\/information\/wp-json\/wp\/v2\/comments?post=197"}],"version-history":[{"count":1,"href":"https:\/\/congovirtuel.com\/information\/wp-json\/wp\/v2\/posts\/197\/revisions"}],"predecessor-version":[{"id":199,"href":"https:\/\/congovirtuel.com\/information\/wp-json\/wp\/v2\/posts\/197\/revisions\/199"}],"wp:featuredmedia":[{"embeddable":true,"href":"https:\/\/congovirtuel.com\/information\/wp-json\/wp\/v2\/media\/198"}],"wp:attachment":[{"href":"https:\/\/congovirtuel.com\/information\/wp-json\/wp\/v2\/media?parent=197"}],"wp:term":[{"taxonomy":"category","embeddable":true,"href":"https:\/\/congovirtuel.com\/information\/wp-json\/wp\/v2\/categories?post=197"},{"taxonomy":"post_tag","embeddable":true,"href":"https:\/\/congovirtuel.com\/information\/wp-json\/wp\/v2\/tags?post=197"}],"curies":[{"name":"wp","href":"https:\/\/api.w.org\/{rel}","templated":true}]}}