{"id":19785,"date":"2022-07-18T10:17:51","date_gmt":"2022-07-18T09:17:51","guid":{"rendered":"https:\/\/congovirtuel.com\/information\/?p=19785"},"modified":"2022-07-18T10:20:20","modified_gmt":"2022-07-18T09:20:20","slug":"kabundelanceparti","status":"publish","type":"post","link":"https:\/\/congovirtuel.com\/information\/kabundelanceparti\/","title":{"rendered":"RDC: J M Kabund lance \u00ab\u00a0alliance pour le\u00a0 Changement\u00a0\u00bb, d\u00e9nonce l\u2019incomp\u00e9tence du r\u00e9gime et se positionne en opposant de F\u00e9lix Tshiskedi","gt_translate_keys":[{"key":"rendered","format":"text"}]},"content":{"rendered":"<p>Jean-Marc Kabund a lanc\u00e9, ce lundi 18 juillet, son propre parti politique \u00ab Alliance pour le changement \u00bb. C&rsquo;\u00e9tait au cours d&rsquo;un point de presse qu&rsquo;il tient dans sa r\u00e9sidence priv\u00e9e. Il se positionne en opposant de F\u00e9lix Tshisekedi. Bien avant, il a rappel\u00e9 l\u2019humiliation, l\u2019ingratitude et les calomnies dont il a \u00e9t\u00e9 victime au d\u00e9but de cette ann\u00e9e.<\/p>\n<p>Il a \u00e9t\u00e9 secr\u00e9taire g\u00e9n\u00e9ral et pr\u00e9sident int\u00e9rimaire de l\u2019UDPS. En premi\u00e8re ligne dans la lutte contre le basculement de la majorit\u00e9 en d\u00e9faveur de Joseph Kabila, il avait, par la suite, \u00e9t\u00e9 radi\u00e9 de son parti apr\u00e8s des d\u00e9saccords profonds avec F\u00e9lix Tshisekedi et une exp\u00e9dition punitive de la Garde pr\u00e9sidentielle \u00e0 son domicile des suites d\u2019une altercation entre un militaire de cette unit\u00e9 de l\u2019arm\u00e9e et sa garde rapproch\u00e9e.<\/p>\n<p>Jean-Marc Kabund a aussi occup\u00e9 le poste de 1er vice-pr\u00e9sident de l\u2019Assembl\u00e9e nationale. Sa d\u00e9mission en mars dernier de cette fonction \u00e9tait cons\u00e9cutive \u00e0 la confiance qui lui a \u00e9t\u00e9 retir\u00e9e par les d\u00e9put\u00e9s du parti pr\u00e9sidentiel.<\/p>\n<p>Apr\u00e8s cette d\u00e9mission, il avait annonc\u00e9 l\u2019ouverture \u00ab d\u2019une nouvelle page de l\u2019histoire, qui sera \u00e9crite avec la sueur de notre front, qui coulera chaque jour qu\u2019on affrontera les brimades, humiliations et tortures \u00bb.<\/p>\n<p>41 ans, l\u2019\u00e9lu de Mont Amba (Kinshasa) a gard\u00e9 son si\u00e8ge \u00e0 la chambre basse du parlement et est membre de la commission politique administrative et juridique (PAJ).<\/p>\n<p>Actualite.cd<\/p>\n","protected":false,"gt_translate_keys":[{"key":"rendered","format":"html"}]},"excerpt":{"rendered":"<p>Jean-Marc Kabund a lanc\u00e9, ce lundi 18 juillet, son propre parti politique \u00ab Alliance pour le changement \u00bb. C&rsquo;\u00e9tait au cours d&rsquo;un point de presse qu&rsquo;il tient dans sa r\u00e9sidence priv\u00e9e. Il se positionne en opposant de F\u00e9lix Tshisekedi. Bien avant, il a rappel\u00e9 l\u2019humiliation, l\u2019ingratitude et les calomnies dont il a \u00e9t\u00e9 victime au d\u00e9but de cette ann\u00e9e. Il a \u00e9t\u00e9 secr\u00e9taire g\u00e9n\u00e9ral et pr\u00e9sident int\u00e9rimaire de l\u2019UDPS. En premi\u00e8re ligne dans la lutte contre le basculement de la majorit\u00e9 en d\u00e9faveur de Joseph Kabila, il avait, par la&hellip;<\/p>\n","protected":false,"gt_translate_keys":[{"key":"rendered","format":"html"}]},"author":1,"featured_media":16978,"comment_status":"open","ping_status":"open","sticky":false,"template":"","format":"standard","meta":{"_crdt_document":"","footnotes":""},"categories":[2],"tags":[37231,37233,37232],"class_list":["post-19785","post","type-post","status-publish","format-standard","has-post-thumbnail","hentry","category-politique","tag-alliance-pour-le-changement","tag-nom-parti-politique-kabund","tag-parti-politique-kabund"],"gutentor_comment":0,"yoast_head":"<!-- This site is optimized with the Yoast SEO plugin v27.5 - https:\/\/yoast.com\/product\/yoast-seo-wordpress\/ -->\n<title>RDC: J M Kabund lance &quot;alliance pour le\u00a0 Changement&quot;, d\u00e9nonce l\u2019incomp\u00e9tence du r\u00e9gime et se positionne en opposant de F\u00e9lix Tshiskedi - Actualit\u00e9s congolaises et internationales<\/title>\n<meta name=\"robots\" content=\"index, follow, max-snippet:-1, max-image-preview:large, max-video-preview:-1\" \/>\n<link rel=\"canonical\" href=\"https:\/\/congovirtuel.com\/information\/kabundelanceparti\/\" \/>\n<meta property=\"og:locale\" content=\"fr_FR\" \/>\n<meta property=\"og:type\" content=\"article\" \/>\n<meta property=\"og:title\" content=\"RDC: J M Kabund lance &quot;alliance pour le\u00a0 Changement&quot;, d\u00e9nonce l\u2019incomp\u00e9tence du r\u00e9gime et se positionne en opposant de F\u00e9lix Tshiskedi - Actualit\u00e9s congolaises et internationales\" \/>\n<meta property=\"og:description\" content=\"Jean-Marc Kabund a lanc\u00e9, ce lundi 18 juillet, son propre parti politique \u00ab Alliance pour le changement \u00bb. C&rsquo;\u00e9tait au cours d&rsquo;un point de presse qu&rsquo;il tient dans sa r\u00e9sidence priv\u00e9e. Il se positionne en opposant de F\u00e9lix Tshisekedi. Bien avant, il a rappel\u00e9 l\u2019humiliation, l\u2019ingratitude et les calomnies dont il a \u00e9t\u00e9 victime au d\u00e9but de cette ann\u00e9e. Il a \u00e9t\u00e9 secr\u00e9taire g\u00e9n\u00e9ral et pr\u00e9sident int\u00e9rimaire de l\u2019UDPS. En premi\u00e8re ligne dans la lutte contre le basculement de la majorit\u00e9 en d\u00e9faveur de Joseph Kabila, il avait, par la&hellip;\" \/>\n<meta property=\"og:url\" content=\"https:\/\/congovirtuel.com\/information\/kabundelanceparti\/\" \/>\n<meta property=\"og:site_name\" content=\"Actualit\u00e9s congolaises et internationales\" \/>\n<meta property=\"article:publisher\" content=\"https:\/\/web.facebook.com\/Congovirtuel-763617960319601\/?ref=aymt_homepage_panel&amp;amp%3bamp%3bamp%3bamp%3bamp%3bamp%3bamp%3bamp%3bamp%3bamp%3bamp%3beid=ARCoxULa66767kIgF_KYav6VdjXTI4yk_LW4yoVO9s6NXpysgb7Cb65vpxcxgqzOAKvIbLQxaAETcqHT\" \/>\n<meta property=\"article:published_time\" content=\"2022-07-18T09:17:51+00:00\" \/>\n<meta property=\"article:modified_time\" content=\"2022-07-18T09:20:20+00:00\" \/>\n<meta property=\"og:image\" content=\"https:\/\/congovirtuel.com\/information\/wp-content\/uploads\/2022\/01\/Jean_Marc_Kabund.jpg\" \/>\n\t<meta property=\"og:image:width\" content=\"1024\" \/>\n\t<meta property=\"og:image:height\" content=\"537\" \/>\n\t<meta property=\"og:image:type\" content=\"image\/jpeg\" \/>\n<meta name=\"author\" content=\"infocongovirtuel\" \/>\n<meta name=\"twitter:card\" content=\"summary_large_image\" \/>\n<meta name=\"twitter:creator\" content=\"@congovirtuel\" \/>\n<meta name=\"twitter:site\" content=\"@congovirtuel\" \/>\n<meta name=\"twitter:label1\" content=\"\u00c9crit par\" \/>\n\t<meta name=\"twitter:data1\" content=\"infocongovirtuel\" \/>\n\t<meta name=\"twitter:label2\" content=\"Dur\u00e9e de lecture estim\u00e9e\" \/>\n\t<meta name=\"twitter:data2\" content=\"2 minutes\" \/>\n<script type=\"application\/ld+json\" class=\"yoast-schema-graph\">{\"@context\":\"https:\\\/\\\/schema.org\",\"@graph\":[{\"@type\":\"Article\",\"@id\":\"https:\\\/\\\/congovirtuel.com\\\/information\\\/kabundelanceparti\\\/#article\",\"isPartOf\":{\"@id\":\"https:\\\/\\\/congovirtuel.com\\\/information\\\/kabundelanceparti\\\/\"},\"author\":{\"name\":\"infocongovirtuel\",\"@id\":\"https:\\\/\\\/congovirtuel.com\\\/information\\\/#\\\/schema\\\/person\\\/739a44bf7990966cb53d58d2fdeca0b6\"},\"headline\":\"RDC: J M Kabund lance \u00ab\u00a0alliance pour le\u00a0 Changement\u00a0\u00bb, d\u00e9nonce l\u2019incomp\u00e9tence du r\u00e9gime et se positionne en opposant de F\u00e9lix Tshiskedi\",\"datePublished\":\"2022-07-18T09:17:51+00:00\",\"dateModified\":\"2022-07-18T09:20:20+00:00\",\"mainEntityOfPage\":{\"@id\":\"https:\\\/\\\/congovirtuel.com\\\/information\\\/kabundelanceparti\\\/\"},\"wordCount\":292,\"commentCount\":0,\"publisher\":{\"@id\":\"https:\\\/\\\/congovirtuel.com\\\/information\\\/#organization\"},\"image\":{\"@id\":\"https:\\\/\\\/congovirtuel.com\\\/information\\\/kabundelanceparti\\\/#primaryimage\"},\"thumbnailUrl\":\"https:\\\/\\\/congovirtuel.com\\\/information\\\/wp-content\\\/uploads\\\/2022\\\/01\\\/Jean_Marc_Kabund.jpg\",\"keywords\":[\"Alliance pour le changement\",\"Nom parti politique Kabund\",\"Parti politique Kabund\"],\"articleSection\":[\"Politique\"],\"inLanguage\":\"fr-FR\",\"potentialAction\":[{\"@type\":\"CommentAction\",\"name\":\"Comment\",\"target\":[\"https:\\\/\\\/congovirtuel.com\\\/information\\\/kabundelanceparti\\\/#respond\"]}]},{\"@type\":\"WebPage\",\"@id\":\"https:\\\/\\\/congovirtuel.com\\\/information\\\/kabundelanceparti\\\/\",\"url\":\"https:\\\/\\\/congovirtuel.com\\\/information\\\/kabundelanceparti\\\/\",\"name\":\"RDC: J M Kabund lance \\\"alliance pour le\u00a0 Changement\\\", d\u00e9nonce l\u2019incomp\u00e9tence du r\u00e9gime et se positionne en opposant de F\u00e9lix Tshiskedi - Actualit\u00e9s congolaises et internationales\",\"isPartOf\":{\"@id\":\"https:\\\/\\\/congovirtuel.com\\\/information\\\/#website\"},\"primaryImageOfPage\":{\"@id\":\"https:\\\/\\\/congovirtuel.com\\\/information\\\/kabundelanceparti\\\/#primaryimage\"},\"image\":{\"@id\":\"https:\\\/\\\/congovirtuel.com\\\/information\\\/kabundelanceparti\\\/#primaryimage\"},\"thumbnailUrl\":\"https:\\\/\\\/congovirtuel.com\\\/information\\\/wp-content\\\/uploads\\\/2022\\\/01\\\/Jean_Marc_Kabund.jpg\",\"datePublished\":\"2022-07-18T09:17:51+00:00\",\"dateModified\":\"2022-07-18T09:20:20+00:00\",\"breadcrumb\":{\"@id\":\"https:\\\/\\\/congovirtuel.com\\\/information\\\/kabundelanceparti\\\/#breadcrumb\"},\"inLanguage\":\"fr-FR\",\"potentialAction\":[{\"@type\":\"ReadAction\",\"target\":[\"https:\\\/\\\/congovirtuel.com\\\/information\\\/kabundelanceparti\\\/\"]}]},{\"@type\":\"ImageObject\",\"inLanguage\":\"fr-FR\",\"@id\":\"https:\\\/\\\/congovirtuel.com\\\/information\\\/kabundelanceparti\\\/#primaryimage\",\"url\":\"https:\\\/\\\/congovirtuel.com\\\/information\\\/wp-content\\\/uploads\\\/2022\\\/01\\\/Jean_Marc_Kabund.jpg\",\"contentUrl\":\"https:\\\/\\\/congovirtuel.com\\\/information\\\/wp-content\\\/uploads\\\/2022\\\/01\\\/Jean_Marc_Kabund.jpg\",\"width\":1024,\"height\":537,\"caption\":\"Jean_Marc_Kabund\"},{\"@type\":\"BreadcrumbList\",\"@id\":\"https:\\\/\\\/congovirtuel.com\\\/information\\\/kabundelanceparti\\\/#breadcrumb\",\"itemListElement\":[{\"@type\":\"ListItem\",\"position\":1,\"name\":\"Accueil\",\"item\":\"https:\\\/\\\/congovirtuel.com\\\/information\\\/\"},{\"@type\":\"ListItem\",\"position\":2,\"name\":\"RDC: J M Kabund lance \u00ab\u00a0alliance pour le\u00a0 Changement\u00a0\u00bb, d\u00e9nonce l\u2019incomp\u00e9tence du r\u00e9gime et se positionne en opposant de F\u00e9lix Tshiskedi\"}]},{\"@type\":\"WebSite\",\"@id\":\"https:\\\/\\\/congovirtuel.com\\\/information\\\/#website\",\"url\":\"https:\\\/\\\/congovirtuel.com\\\/information\\\/\",\"name\":\"Actualit\u00e9s congolaises et internationales\",\"description\":\"site d&#039;analyse et de traitement d&#039;information\",\"publisher\":{\"@id\":\"https:\\\/\\\/congovirtuel.com\\\/information\\\/#organization\"},\"potentialAction\":[{\"@type\":\"SearchAction\",\"target\":{\"@type\":\"EntryPoint\",\"urlTemplate\":\"https:\\\/\\\/congovirtuel.com\\\/information\\\/?s={search_term_string}\"},\"query-input\":{\"@type\":\"PropertyValueSpecification\",\"valueRequired\":true,\"valueName\":\"search_term_string\"}}],\"inLanguage\":\"fr-FR\"},{\"@type\":\"Organization\",\"@id\":\"https:\\\/\\\/congovirtuel.com\\\/information\\\/#organization\",\"name\":\"Biblioth\u00e8que Virtuelle de la RDC\",\"url\":\"https:\\\/\\\/congovirtuel.com\\\/information\\\/\",\"logo\":{\"@type\":\"ImageObject\",\"inLanguage\":\"fr-FR\",\"@id\":\"https:\\\/\\\/congovirtuel.com\\\/information\\\/#\\\/schema\\\/logo\\\/image\\\/\",\"url\":\"https:\\\/\\\/congovirtuel.com\\\/information\\\/wp-content\\\/uploads\\\/2018\\\/10\\\/header-info-congovirtuel-vraie.jpg\",\"contentUrl\":\"https:\\\/\\\/congovirtuel.com\\\/information\\\/wp-content\\\/uploads\\\/2018\\\/10\\\/header-info-congovirtuel-vraie.jpg\",\"width\":728,\"height\":90,\"caption\":\"Biblioth\u00e8que Virtuelle de la RDC\"},\"image\":{\"@id\":\"https:\\\/\\\/congovirtuel.com\\\/information\\\/#\\\/schema\\\/logo\\\/image\\\/\"},\"sameAs\":[\"https:\\\/\\\/web.facebook.com\\\/Congovirtuel-763617960319601\\\/?ref=aymt_homepage_panel&amp;amp;amp;amp;amp;amp;amp;amp;amp;amp;amp;eid=ARCoxULa66767kIgF_KYav6VdjXTI4yk_LW4yoVO9s6NXpysgb7Cb65vpxcxgqzOAKvIbLQxaAETcqHT\",\"https:\\\/\\\/x.com\\\/congovirtuel\",\"https:\\\/\\\/www.youtube.com\\\/channel\\\/UCkFfprYzGgS3EWNpeMXpToQ?view_as=subscriber\"]},{\"@type\":\"Person\",\"@id\":\"https:\\\/\\\/congovirtuel.com\\\/information\\\/#\\\/schema\\\/person\\\/739a44bf7990966cb53d58d2fdeca0b6\",\"name\":\"infocongovirtuel\",\"image\":{\"@type\":\"ImageObject\",\"inLanguage\":\"fr-FR\",\"@id\":\"https:\\\/\\\/secure.gravatar.com\\\/avatar\\\/4d76991aa72469f0eb22e772586c99113c6997f88da636a9db8f2ce3a2c05e69?s=96&d=mm&r=g\",\"url\":\"https:\\\/\\\/secure.gravatar.com\\\/avatar\\\/4d76991aa72469f0eb22e772586c99113c6997f88da636a9db8f2ce3a2c05e69?s=96&d=mm&r=g\",\"contentUrl\":\"https:\\\/\\\/secure.gravatar.com\\\/avatar\\\/4d76991aa72469f0eb22e772586c99113c6997f88da636a9db8f2ce3a2c05e69?s=96&d=mm&r=g\",\"caption\":\"infocongovirtuel\"},\"url\":\"https:\\\/\\\/congovirtuel.com\\\/information\\\/author\\\/infocongovirtuel\\\/\"}]}<\/script>\n<!-- \/ Yoast SEO plugin. -->","yoast_head_json":{"title":"RDC: J M Kabund lance \"alliance pour le\u00a0 Changement\", d\u00e9nonce l\u2019incomp\u00e9tence du r\u00e9gime et se positionne en opposant de F\u00e9lix Tshiskedi - Actualit\u00e9s congolaises et internationales","robots":{"index":"index","follow":"follow","max-snippet":"max-snippet:-1","max-image-preview":"max-image-preview:large","max-video-preview":"max-video-preview:-1"},"canonical":"https:\/\/congovirtuel.com\/information\/kabundelanceparti\/","og_locale":"fr_FR","og_type":"article","og_title":"RDC: J M Kabund lance \"alliance pour le\u00a0 Changement\", d\u00e9nonce l\u2019incomp\u00e9tence du r\u00e9gime et se positionne en opposant de F\u00e9lix Tshiskedi - Actualit\u00e9s congolaises et internationales","og_description":"Jean-Marc Kabund a lanc\u00e9, ce lundi 18 juillet, son propre parti politique \u00ab Alliance pour le changement \u00bb. C&rsquo;\u00e9tait au cours d&rsquo;un point de presse qu&rsquo;il tient dans sa r\u00e9sidence priv\u00e9e. Il se positionne en opposant de F\u00e9lix Tshisekedi. Bien avant, il a rappel\u00e9 l\u2019humiliation, l\u2019ingratitude et les calomnies dont il a \u00e9t\u00e9 victime au d\u00e9but de cette ann\u00e9e. Il a \u00e9t\u00e9 secr\u00e9taire g\u00e9n\u00e9ral et pr\u00e9sident int\u00e9rimaire de l\u2019UDPS. En premi\u00e8re ligne dans la lutte contre le basculement de la majorit\u00e9 en d\u00e9faveur de Joseph Kabila, il avait, par la&hellip;","og_url":"https:\/\/congovirtuel.com\/information\/kabundelanceparti\/","og_site_name":"Actualit\u00e9s congolaises et internationales","article_publisher":"https:\/\/web.facebook.com\/Congovirtuel-763617960319601\/?ref=aymt_homepage_panel&amp%3bamp%3bamp%3bamp%3bamp%3bamp%3bamp%3bamp%3bamp%3bamp%3bamp%3beid=ARCoxULa66767kIgF_KYav6VdjXTI4yk_LW4yoVO9s6NXpysgb7Cb65vpxcxgqzOAKvIbLQxaAETcqHT","article_published_time":"2022-07-18T09:17:51+00:00","article_modified_time":"2022-07-18T09:20:20+00:00","og_image":[{"width":1024,"height":537,"url":"https:\/\/congovirtuel.com\/information\/wp-content\/uploads\/2022\/01\/Jean_Marc_Kabund.jpg","type":"image\/jpeg"}],"author":"infocongovirtuel","twitter_card":"summary_large_image","twitter_creator":"@congovirtuel","twitter_site":"@congovirtuel","twitter_misc":{"\u00c9crit par":"infocongovirtuel","Dur\u00e9e de lecture estim\u00e9e":"2 minutes"},"schema":{"@context":"https:\/\/schema.org","@graph":[{"@type":"Article","@id":"https:\/\/congovirtuel.com\/information\/kabundelanceparti\/#article","isPartOf":{"@id":"https:\/\/congovirtuel.com\/information\/kabundelanceparti\/"},"author":{"name":"infocongovirtuel","@id":"https:\/\/congovirtuel.com\/information\/#\/schema\/person\/739a44bf7990966cb53d58d2fdeca0b6"},"headline":"RDC: J M Kabund lance \u00ab\u00a0alliance pour le\u00a0 Changement\u00a0\u00bb, d\u00e9nonce l\u2019incomp\u00e9tence du r\u00e9gime et se positionne en opposant de F\u00e9lix Tshiskedi","datePublished":"2022-07-18T09:17:51+00:00","dateModified":"2022-07-18T09:20:20+00:00","mainEntityOfPage":{"@id":"https:\/\/congovirtuel.com\/information\/kabundelanceparti\/"},"wordCount":292,"commentCount":0,"publisher":{"@id":"https:\/\/congovirtuel.com\/information\/#organization"},"image":{"@id":"https:\/\/congovirtuel.com\/information\/kabundelanceparti\/#primaryimage"},"thumbnailUrl":"https:\/\/congovirtuel.com\/information\/wp-content\/uploads\/2022\/01\/Jean_Marc_Kabund.jpg","keywords":["Alliance pour le changement","Nom parti politique Kabund","Parti politique Kabund"],"articleSection":["Politique"],"inLanguage":"fr-FR","potentialAction":[{"@type":"CommentAction","name":"Comment","target":["https:\/\/congovirtuel.com\/information\/kabundelanceparti\/#respond"]}]},{"@type":"WebPage","@id":"https:\/\/congovirtuel.com\/information\/kabundelanceparti\/","url":"https:\/\/congovirtuel.com\/information\/kabundelanceparti\/","name":"RDC: J M Kabund lance \"alliance pour le\u00a0 Changement\", d\u00e9nonce l\u2019incomp\u00e9tence du r\u00e9gime et se positionne en opposant de F\u00e9lix Tshiskedi - Actualit\u00e9s congolaises et internationales","isPartOf":{"@id":"https:\/\/congovirtuel.com\/information\/#website"},"primaryImageOfPage":{"@id":"https:\/\/congovirtuel.com\/information\/kabundelanceparti\/#primaryimage"},"image":{"@id":"https:\/\/congovirtuel.com\/information\/kabundelanceparti\/#primaryimage"},"thumbnailUrl":"https:\/\/congovirtuel.com\/information\/wp-content\/uploads\/2022\/01\/Jean_Marc_Kabund.jpg","datePublished":"2022-07-18T09:17:51+00:00","dateModified":"2022-07-18T09:20:20+00:00","breadcrumb":{"@id":"https:\/\/congovirtuel.com\/information\/kabundelanceparti\/#breadcrumb"},"inLanguage":"fr-FR","potentialAction":[{"@type":"ReadAction","target":["https:\/\/congovirtuel.com\/information\/kabundelanceparti\/"]}]},{"@type":"ImageObject","inLanguage":"fr-FR","@id":"https:\/\/congovirtuel.com\/information\/kabundelanceparti\/#primaryimage","url":"https:\/\/congovirtuel.com\/information\/wp-content\/uploads\/2022\/01\/Jean_Marc_Kabund.jpg","contentUrl":"https:\/\/congovirtuel.com\/information\/wp-content\/uploads\/2022\/01\/Jean_Marc_Kabund.jpg","width":1024,"height":537,"caption":"Jean_Marc_Kabund"},{"@type":"BreadcrumbList","@id":"https:\/\/congovirtuel.com\/information\/kabundelanceparti\/#breadcrumb","itemListElement":[{"@type":"ListItem","position":1,"name":"Accueil","item":"https:\/\/congovirtuel.com\/information\/"},{"@type":"ListItem","position":2,"name":"RDC: J M Kabund lance \u00ab\u00a0alliance pour le\u00a0 Changement\u00a0\u00bb, d\u00e9nonce l\u2019incomp\u00e9tence du r\u00e9gime et se positionne en opposant de F\u00e9lix Tshiskedi"}]},{"@type":"WebSite","@id":"https:\/\/congovirtuel.com\/information\/#website","url":"https:\/\/congovirtuel.com\/information\/","name":"Actualit\u00e9s congolaises et internationales","description":"site d&#039;analyse et de traitement d&#039;information","publisher":{"@id":"https:\/\/congovirtuel.com\/information\/#organization"},"potentialAction":[{"@type":"SearchAction","target":{"@type":"EntryPoint","urlTemplate":"https:\/\/congovirtuel.com\/information\/?s={search_term_string}"},"query-input":{"@type":"PropertyValueSpecification","valueRequired":true,"valueName":"search_term_string"}}],"inLanguage":"fr-FR"},{"@type":"Organization","@id":"https:\/\/congovirtuel.com\/information\/#organization","name":"Biblioth\u00e8que Virtuelle de la RDC","url":"https:\/\/congovirtuel.com\/information\/","logo":{"@type":"ImageObject","inLanguage":"fr-FR","@id":"https:\/\/congovirtuel.com\/information\/#\/schema\/logo\/image\/","url":"https:\/\/congovirtuel.com\/information\/wp-content\/uploads\/2018\/10\/header-info-congovirtuel-vraie.jpg","contentUrl":"https:\/\/congovirtuel.com\/information\/wp-content\/uploads\/2018\/10\/header-info-congovirtuel-vraie.jpg","width":728,"height":90,"caption":"Biblioth\u00e8que Virtuelle de la RDC"},"image":{"@id":"https:\/\/congovirtuel.com\/information\/#\/schema\/logo\/image\/"},"sameAs":["https:\/\/web.facebook.com\/Congovirtuel-763617960319601\/?ref=aymt_homepage_panel&amp;amp;amp;amp;amp;amp;amp;amp;amp;amp;amp;eid=ARCoxULa66767kIgF_KYav6VdjXTI4yk_LW4yoVO9s6NXpysgb7Cb65vpxcxgqzOAKvIbLQxaAETcqHT","https:\/\/x.com\/congovirtuel","https:\/\/www.youtube.com\/channel\/UCkFfprYzGgS3EWNpeMXpToQ?view_as=subscriber"]},{"@type":"Person","@id":"https:\/\/congovirtuel.com\/information\/#\/schema\/person\/739a44bf7990966cb53d58d2fdeca0b6","name":"infocongovirtuel","image":{"@type":"ImageObject","inLanguage":"fr-FR","@id":"https:\/\/secure.gravatar.com\/avatar\/4d76991aa72469f0eb22e772586c99113c6997f88da636a9db8f2ce3a2c05e69?s=96&d=mm&r=g","url":"https:\/\/secure.gravatar.com\/avatar\/4d76991aa72469f0eb22e772586c99113c6997f88da636a9db8f2ce3a2c05e69?s=96&d=mm&r=g","contentUrl":"https:\/\/secure.gravatar.com\/avatar\/4d76991aa72469f0eb22e772586c99113c6997f88da636a9db8f2ce3a2c05e69?s=96&d=mm&r=g","caption":"infocongovirtuel"},"url":"https:\/\/congovirtuel.com\/information\/author\/infocongovirtuel\/"}]}},"gt_translate_keys":[{"key":"link","format":"url"}],"_links":{"self":[{"href":"https:\/\/congovirtuel.com\/information\/wp-json\/wp\/v2\/posts\/19785","targetHints":{"allow":["GET"]}}],"collection":[{"href":"https:\/\/congovirtuel.com\/information\/wp-json\/wp\/v2\/posts"}],"about":[{"href":"https:\/\/congovirtuel.com\/information\/wp-json\/wp\/v2\/types\/post"}],"author":[{"embeddable":true,"href":"https:\/\/congovirtuel.com\/information\/wp-json\/wp\/v2\/users\/1"}],"replies":[{"embeddable":true,"href":"https:\/\/congovirtuel.com\/information\/wp-json\/wp\/v2\/comments?post=19785"}],"version-history":[{"count":2,"href":"https:\/\/congovirtuel.com\/information\/wp-json\/wp\/v2\/posts\/19785\/revisions"}],"predecessor-version":[{"id":19788,"href":"https:\/\/congovirtuel.com\/information\/wp-json\/wp\/v2\/posts\/19785\/revisions\/19788"}],"wp:featuredmedia":[{"embeddable":true,"href":"https:\/\/congovirtuel.com\/information\/wp-json\/wp\/v2\/media\/16978"}],"wp:attachment":[{"href":"https:\/\/congovirtuel.com\/information\/wp-json\/wp\/v2\/media?parent=19785"}],"wp:term":[{"taxonomy":"category","embeddable":true,"href":"https:\/\/congovirtuel.com\/information\/wp-json\/wp\/v2\/categories?post=19785"},{"taxonomy":"post_tag","embeddable":true,"href":"https:\/\/congovirtuel.com\/information\/wp-json\/wp\/v2\/tags?post=19785"}],"curies":[{"name":"wp","href":"https:\/\/api.w.org\/{rel}","templated":true}]}}