{"id":19872,"date":"2022-07-25T15:42:11","date_gmt":"2022-07-25T14:42:11","guid":{"rendered":"https:\/\/congovirtuel.com\/information\/?p=19872"},"modified":"2022-07-25T15:42:11","modified_gmt":"2022-07-25T14:42:11","slug":"la-rdc-recherche-pascal-beveraggi-homme-daffaires-francais-accuse-de-viol","status":"publish","type":"post","link":"https:\/\/congovirtuel.com\/information\/la-rdc-recherche-pascal-beveraggi-homme-daffaires-francais-accuse-de-viol\/","title":{"rendered":"La RDC recherche Pascal Beveraggi homme d\u2019affaires fran\u00e7ais, accus\u00e9 de viol","gt_translate_keys":[{"key":"rendered","format":"text"}]},"content":{"rendered":"<p>L\u2019homme d\u2019affaires fran\u00e7ais Pascal Beveraggi est recherch\u00e9 par la justice congolaise et soup\u00e7onn\u00e9 d\u2019avoir commis un viol sur une enfant entre 2016 et 2019. Un avis de recherche a \u00e9t\u00e9 diffus\u00e9 et un mandat d\u2019amener a \u00e9t\u00e9 d\u00e9livr\u00e9 par la justice. L\u2019homme d\u00e9nonce un \u00ab abandon total de l\u2019\u00c9tat de droit \u00bb.<\/p>\n<p>Le parquet de Kinshasa a \u00e9mis deux mandats contre un homme d\u2019affaires fran\u00e7ais op\u00e9rant en R\u00e9publique d\u00e9mocratique du Congo pour \u00ab viol d\u2019enfant \u00bb et \u00ab faux en \u00e9criture \u00bb en vue de le faire juger, a-t-on appris ce lundi 25 juillet 2022 de sources judiciaires et d\u2019une ONG.<\/p>\n<p>Des faits qui se seraient produits entre 2016 et 2019.<\/p>\n<p>La d\u00e9nonciation de viol aupr\u00e8s de la justice congolaise a \u00e9t\u00e9 faite en mars dernier par l\u2019ONG congolaise \u00ab Comit\u00e9 des observateurs des droits de l\u2019Homme \u00bb pour des faits qui se seraient d\u00e9roul\u00e9s entre 2016 et 2019 sur une jeune fille n\u00e9e en novembre 2002.<\/p>\n<p>\u00ab En cas de d\u00e9couverte, l\u2019appr\u00e9hender et l\u2019acheminer sous bonne escorte au parquet g\u00e9n\u00e9ral de Kinshasa\/Gombe \u00bb, a \u00e9crit Bonheur Luntaka, chef de ce parquet. Le mandat d\u2019amener et l\u2019avis de recherche ont \u00e9t\u00e9 authentifi\u00e9s par l\u2019AFP.<\/p>\n<p>\u00ab Accusations farfelues \u00bb<br \/>\nDans une lettre adress\u00e9e au pr\u00e9sident congolais F\u00e9lix Tshisekedi en janvier, Pascal Beveraggi a indiqu\u00e9 \u00eatre victime d\u2019\u00ab accusations aussi farfelues qu\u2019inf\u00e2mes \u00bb en RDC o\u00f9 il a fait \u00ab le constat amer d\u2019un abandon total de l\u2019\u00c9tat de droit \u00bb.<\/p>\n<p>Depuis 2019, cet entrepreneur et l\u2019ex-gouverneur du Katanga Mo\u00efse Katumbi se disputent la propri\u00e9t\u00e9 d\u2019une entreprise mini\u00e8re MCK (Mining Company of Katanga) de Lubumbashi devant des tribunaux congolais et fran\u00e7ais. L\u2019homme d\u2019affaires fran\u00e7ais est devenu c\u00e9l\u00e8bre en RDC apr\u00e8s avoir pris la direction du Football club Lupopo en 2019, l\u2019une des formations sportives populaires de Lubumbashi (sud-est) et de la RDC.<\/p>\n<p>Ouest-France<\/p>\n","protected":false,"gt_translate_keys":[{"key":"rendered","format":"html"}]},"excerpt":{"rendered":"<p>L\u2019homme d\u2019affaires fran\u00e7ais Pascal Beveraggi est recherch\u00e9 par la justice congolaise et soup\u00e7onn\u00e9 d\u2019avoir commis un viol sur une enfant entre 2016 et 2019. Un avis de recherche a \u00e9t\u00e9 diffus\u00e9 et un mandat d\u2019amener a \u00e9t\u00e9 d\u00e9livr\u00e9 par la justice. L\u2019homme d\u00e9nonce un \u00ab abandon total de l\u2019\u00c9tat de droit \u00bb. Le parquet de Kinshasa a \u00e9mis deux mandats contre un homme d\u2019affaires fran\u00e7ais op\u00e9rant en R\u00e9publique d\u00e9mocratique du Congo pour \u00ab viol d\u2019enfant \u00bb et \u00ab faux en \u00e9criture \u00bb en vue de le faire juger, a-t-on appris&hellip;<\/p>\n","protected":false,"gt_translate_keys":[{"key":"rendered","format":"html"}]},"author":1,"featured_media":5174,"comment_status":"open","ping_status":"open","sticky":false,"template":"","format":"standard","meta":{"_crdt_document":"","footnotes":""},"categories":[461],"tags":[37240],"class_list":["post-19872","post","type-post","status-publish","format-standard","has-post-thumbnail","hentry","category-justice","tag-justice-pascal-beveraggi"],"gutentor_comment":0,"yoast_head":"<!-- This site is optimized with the Yoast SEO plugin v27.5 - https:\/\/yoast.com\/product\/yoast-seo-wordpress\/ -->\n<title>La RDC recherche Pascal Beveraggi homme d\u2019affaires fran\u00e7ais, accus\u00e9 de viol - Actualit\u00e9s congolaises et internationales<\/title>\n<meta name=\"robots\" content=\"index, follow, max-snippet:-1, max-image-preview:large, max-video-preview:-1\" \/>\n<link rel=\"canonical\" href=\"https:\/\/congovirtuel.com\/information\/la-rdc-recherche-pascal-beveraggi-homme-daffaires-francais-accuse-de-viol\/\" \/>\n<meta property=\"og:locale\" content=\"fr_FR\" \/>\n<meta property=\"og:type\" content=\"article\" \/>\n<meta property=\"og:title\" content=\"La RDC recherche Pascal Beveraggi homme d\u2019affaires fran\u00e7ais, accus\u00e9 de viol - Actualit\u00e9s congolaises et internationales\" \/>\n<meta property=\"og:description\" content=\"L\u2019homme d\u2019affaires fran\u00e7ais Pascal Beveraggi est recherch\u00e9 par la justice congolaise et soup\u00e7onn\u00e9 d\u2019avoir commis un viol sur une enfant entre 2016 et 2019. Un avis de recherche a \u00e9t\u00e9 diffus\u00e9 et un mandat d\u2019amener a \u00e9t\u00e9 d\u00e9livr\u00e9 par la justice. L\u2019homme d\u00e9nonce un \u00ab abandon total de l\u2019\u00c9tat de droit \u00bb. Le parquet de Kinshasa a \u00e9mis deux mandats contre un homme d\u2019affaires fran\u00e7ais op\u00e9rant en R\u00e9publique d\u00e9mocratique du Congo pour \u00ab viol d\u2019enfant \u00bb et \u00ab faux en \u00e9criture \u00bb en vue de le faire juger, a-t-on appris&hellip;\" \/>\n<meta property=\"og:url\" content=\"https:\/\/congovirtuel.com\/information\/la-rdc-recherche-pascal-beveraggi-homme-daffaires-francais-accuse-de-viol\/\" \/>\n<meta property=\"og:site_name\" content=\"Actualit\u00e9s congolaises et internationales\" \/>\n<meta property=\"article:publisher\" content=\"https:\/\/web.facebook.com\/Congovirtuel-763617960319601\/?ref=aymt_homepage_panel&amp;amp%3bamp%3bamp%3bamp%3bamp%3bamp%3bamp%3bamp%3bamp%3bamp%3bamp%3beid=ARCoxULa66767kIgF_KYav6VdjXTI4yk_LW4yoVO9s6NXpysgb7Cb65vpxcxgqzOAKvIbLQxaAETcqHT\" \/>\n<meta property=\"article:published_time\" content=\"2022-07-25T14:42:11+00:00\" \/>\n<meta property=\"og:image\" content=\"https:\/\/congovirtuel.com\/information\/wp-content\/uploads\/2020\/12\/pascal_beveraggi-800-x-559.jpg\" \/>\n\t<meta property=\"og:image:width\" content=\"800\" \/>\n\t<meta property=\"og:image:height\" content=\"559\" \/>\n\t<meta property=\"og:image:type\" content=\"image\/jpeg\" \/>\n<meta name=\"author\" content=\"infocongovirtuel\" \/>\n<meta name=\"twitter:card\" content=\"summary_large_image\" \/>\n<meta name=\"twitter:creator\" content=\"@congovirtuel\" \/>\n<meta name=\"twitter:site\" content=\"@congovirtuel\" \/>\n<meta name=\"twitter:label1\" content=\"\u00c9crit par\" \/>\n\t<meta name=\"twitter:data1\" content=\"infocongovirtuel\" \/>\n\t<meta name=\"twitter:label2\" content=\"Dur\u00e9e de lecture estim\u00e9e\" \/>\n\t<meta name=\"twitter:data2\" content=\"2 minutes\" \/>\n<script type=\"application\/ld+json\" class=\"yoast-schema-graph\">{\"@context\":\"https:\\\/\\\/schema.org\",\"@graph\":[{\"@type\":\"Article\",\"@id\":\"https:\\\/\\\/congovirtuel.com\\\/information\\\/la-rdc-recherche-pascal-beveraggi-homme-daffaires-francais-accuse-de-viol\\\/#article\",\"isPartOf\":{\"@id\":\"https:\\\/\\\/congovirtuel.com\\\/information\\\/la-rdc-recherche-pascal-beveraggi-homme-daffaires-francais-accuse-de-viol\\\/\"},\"author\":{\"name\":\"infocongovirtuel\",\"@id\":\"https:\\\/\\\/congovirtuel.com\\\/information\\\/#\\\/schema\\\/person\\\/739a44bf7990966cb53d58d2fdeca0b6\"},\"headline\":\"La RDC recherche Pascal Beveraggi homme d\u2019affaires fran\u00e7ais, accus\u00e9 de viol\",\"datePublished\":\"2022-07-25T14:42:11+00:00\",\"mainEntityOfPage\":{\"@id\":\"https:\\\/\\\/congovirtuel.com\\\/information\\\/la-rdc-recherche-pascal-beveraggi-homme-daffaires-francais-accuse-de-viol\\\/\"},\"wordCount\":343,\"commentCount\":0,\"publisher\":{\"@id\":\"https:\\\/\\\/congovirtuel.com\\\/information\\\/#organization\"},\"image\":{\"@id\":\"https:\\\/\\\/congovirtuel.com\\\/information\\\/la-rdc-recherche-pascal-beveraggi-homme-daffaires-francais-accuse-de-viol\\\/#primaryimage\"},\"thumbnailUrl\":\"https:\\\/\\\/congovirtuel.com\\\/information\\\/wp-content\\\/uploads\\\/2020\\\/12\\\/pascal_beveraggi-800-x-559.jpg\",\"keywords\":[\"Justice Pascal Beveraggi\"],\"articleSection\":[\"Justice\"],\"inLanguage\":\"fr-FR\",\"potentialAction\":[{\"@type\":\"CommentAction\",\"name\":\"Comment\",\"target\":[\"https:\\\/\\\/congovirtuel.com\\\/information\\\/la-rdc-recherche-pascal-beveraggi-homme-daffaires-francais-accuse-de-viol\\\/#respond\"]}]},{\"@type\":\"WebPage\",\"@id\":\"https:\\\/\\\/congovirtuel.com\\\/information\\\/la-rdc-recherche-pascal-beveraggi-homme-daffaires-francais-accuse-de-viol\\\/\",\"url\":\"https:\\\/\\\/congovirtuel.com\\\/information\\\/la-rdc-recherche-pascal-beveraggi-homme-daffaires-francais-accuse-de-viol\\\/\",\"name\":\"La RDC recherche Pascal Beveraggi homme d\u2019affaires fran\u00e7ais, accus\u00e9 de viol - Actualit\u00e9s congolaises et internationales\",\"isPartOf\":{\"@id\":\"https:\\\/\\\/congovirtuel.com\\\/information\\\/#website\"},\"primaryImageOfPage\":{\"@id\":\"https:\\\/\\\/congovirtuel.com\\\/information\\\/la-rdc-recherche-pascal-beveraggi-homme-daffaires-francais-accuse-de-viol\\\/#primaryimage\"},\"image\":{\"@id\":\"https:\\\/\\\/congovirtuel.com\\\/information\\\/la-rdc-recherche-pascal-beveraggi-homme-daffaires-francais-accuse-de-viol\\\/#primaryimage\"},\"thumbnailUrl\":\"https:\\\/\\\/congovirtuel.com\\\/information\\\/wp-content\\\/uploads\\\/2020\\\/12\\\/pascal_beveraggi-800-x-559.jpg\",\"datePublished\":\"2022-07-25T14:42:11+00:00\",\"breadcrumb\":{\"@id\":\"https:\\\/\\\/congovirtuel.com\\\/information\\\/la-rdc-recherche-pascal-beveraggi-homme-daffaires-francais-accuse-de-viol\\\/#breadcrumb\"},\"inLanguage\":\"fr-FR\",\"potentialAction\":[{\"@type\":\"ReadAction\",\"target\":[\"https:\\\/\\\/congovirtuel.com\\\/information\\\/la-rdc-recherche-pascal-beveraggi-homme-daffaires-francais-accuse-de-viol\\\/\"]}]},{\"@type\":\"ImageObject\",\"inLanguage\":\"fr-FR\",\"@id\":\"https:\\\/\\\/congovirtuel.com\\\/information\\\/la-rdc-recherche-pascal-beveraggi-homme-daffaires-francais-accuse-de-viol\\\/#primaryimage\",\"url\":\"https:\\\/\\\/congovirtuel.com\\\/information\\\/wp-content\\\/uploads\\\/2020\\\/12\\\/pascal_beveraggi-800-x-559.jpg\",\"contentUrl\":\"https:\\\/\\\/congovirtuel.com\\\/information\\\/wp-content\\\/uploads\\\/2020\\\/12\\\/pascal_beveraggi-800-x-559.jpg\",\"width\":800,\"height\":559},{\"@type\":\"BreadcrumbList\",\"@id\":\"https:\\\/\\\/congovirtuel.com\\\/information\\\/la-rdc-recherche-pascal-beveraggi-homme-daffaires-francais-accuse-de-viol\\\/#breadcrumb\",\"itemListElement\":[{\"@type\":\"ListItem\",\"position\":1,\"name\":\"Accueil\",\"item\":\"https:\\\/\\\/congovirtuel.com\\\/information\\\/\"},{\"@type\":\"ListItem\",\"position\":2,\"name\":\"La RDC recherche Pascal Beveraggi homme d\u2019affaires fran\u00e7ais, accus\u00e9 de viol\"}]},{\"@type\":\"WebSite\",\"@id\":\"https:\\\/\\\/congovirtuel.com\\\/information\\\/#website\",\"url\":\"https:\\\/\\\/congovirtuel.com\\\/information\\\/\",\"name\":\"Actualit\u00e9s congolaises et internationales\",\"description\":\"site d&#039;analyse et de traitement d&#039;information\",\"publisher\":{\"@id\":\"https:\\\/\\\/congovirtuel.com\\\/information\\\/#organization\"},\"potentialAction\":[{\"@type\":\"SearchAction\",\"target\":{\"@type\":\"EntryPoint\",\"urlTemplate\":\"https:\\\/\\\/congovirtuel.com\\\/information\\\/?s={search_term_string}\"},\"query-input\":{\"@type\":\"PropertyValueSpecification\",\"valueRequired\":true,\"valueName\":\"search_term_string\"}}],\"inLanguage\":\"fr-FR\"},{\"@type\":\"Organization\",\"@id\":\"https:\\\/\\\/congovirtuel.com\\\/information\\\/#organization\",\"name\":\"Biblioth\u00e8que Virtuelle de la RDC\",\"url\":\"https:\\\/\\\/congovirtuel.com\\\/information\\\/\",\"logo\":{\"@type\":\"ImageObject\",\"inLanguage\":\"fr-FR\",\"@id\":\"https:\\\/\\\/congovirtuel.com\\\/information\\\/#\\\/schema\\\/logo\\\/image\\\/\",\"url\":\"https:\\\/\\\/congovirtuel.com\\\/information\\\/wp-content\\\/uploads\\\/2018\\\/10\\\/header-info-congovirtuel-vraie.jpg\",\"contentUrl\":\"https:\\\/\\\/congovirtuel.com\\\/information\\\/wp-content\\\/uploads\\\/2018\\\/10\\\/header-info-congovirtuel-vraie.jpg\",\"width\":728,\"height\":90,\"caption\":\"Biblioth\u00e8que Virtuelle de la RDC\"},\"image\":{\"@id\":\"https:\\\/\\\/congovirtuel.com\\\/information\\\/#\\\/schema\\\/logo\\\/image\\\/\"},\"sameAs\":[\"https:\\\/\\\/web.facebook.com\\\/Congovirtuel-763617960319601\\\/?ref=aymt_homepage_panel&amp;amp;amp;amp;amp;amp;amp;amp;amp;amp;amp;eid=ARCoxULa66767kIgF_KYav6VdjXTI4yk_LW4yoVO9s6NXpysgb7Cb65vpxcxgqzOAKvIbLQxaAETcqHT\",\"https:\\\/\\\/x.com\\\/congovirtuel\",\"https:\\\/\\\/www.youtube.com\\\/channel\\\/UCkFfprYzGgS3EWNpeMXpToQ?view_as=subscriber\"]},{\"@type\":\"Person\",\"@id\":\"https:\\\/\\\/congovirtuel.com\\\/information\\\/#\\\/schema\\\/person\\\/739a44bf7990966cb53d58d2fdeca0b6\",\"name\":\"infocongovirtuel\",\"image\":{\"@type\":\"ImageObject\",\"inLanguage\":\"fr-FR\",\"@id\":\"https:\\\/\\\/secure.gravatar.com\\\/avatar\\\/4d76991aa72469f0eb22e772586c99113c6997f88da636a9db8f2ce3a2c05e69?s=96&d=mm&r=g\",\"url\":\"https:\\\/\\\/secure.gravatar.com\\\/avatar\\\/4d76991aa72469f0eb22e772586c99113c6997f88da636a9db8f2ce3a2c05e69?s=96&d=mm&r=g\",\"contentUrl\":\"https:\\\/\\\/secure.gravatar.com\\\/avatar\\\/4d76991aa72469f0eb22e772586c99113c6997f88da636a9db8f2ce3a2c05e69?s=96&d=mm&r=g\",\"caption\":\"infocongovirtuel\"},\"url\":\"https:\\\/\\\/congovirtuel.com\\\/information\\\/author\\\/infocongovirtuel\\\/\"}]}<\/script>\n<!-- \/ Yoast SEO plugin. -->","yoast_head_json":{"title":"La RDC recherche Pascal Beveraggi homme d\u2019affaires fran\u00e7ais, accus\u00e9 de viol - Actualit\u00e9s congolaises et internationales","robots":{"index":"index","follow":"follow","max-snippet":"max-snippet:-1","max-image-preview":"max-image-preview:large","max-video-preview":"max-video-preview:-1"},"canonical":"https:\/\/congovirtuel.com\/information\/la-rdc-recherche-pascal-beveraggi-homme-daffaires-francais-accuse-de-viol\/","og_locale":"fr_FR","og_type":"article","og_title":"La RDC recherche Pascal Beveraggi homme d\u2019affaires fran\u00e7ais, accus\u00e9 de viol - Actualit\u00e9s congolaises et internationales","og_description":"L\u2019homme d\u2019affaires fran\u00e7ais Pascal Beveraggi est recherch\u00e9 par la justice congolaise et soup\u00e7onn\u00e9 d\u2019avoir commis un viol sur une enfant entre 2016 et 2019. Un avis de recherche a \u00e9t\u00e9 diffus\u00e9 et un mandat d\u2019amener a \u00e9t\u00e9 d\u00e9livr\u00e9 par la justice. L\u2019homme d\u00e9nonce un \u00ab abandon total de l\u2019\u00c9tat de droit \u00bb. Le parquet de Kinshasa a \u00e9mis deux mandats contre un homme d\u2019affaires fran\u00e7ais op\u00e9rant en R\u00e9publique d\u00e9mocratique du Congo pour \u00ab viol d\u2019enfant \u00bb et \u00ab faux en \u00e9criture \u00bb en vue de le faire juger, a-t-on appris&hellip;","og_url":"https:\/\/congovirtuel.com\/information\/la-rdc-recherche-pascal-beveraggi-homme-daffaires-francais-accuse-de-viol\/","og_site_name":"Actualit\u00e9s congolaises et internationales","article_publisher":"https:\/\/web.facebook.com\/Congovirtuel-763617960319601\/?ref=aymt_homepage_panel&amp%3bamp%3bamp%3bamp%3bamp%3bamp%3bamp%3bamp%3bamp%3bamp%3bamp%3beid=ARCoxULa66767kIgF_KYav6VdjXTI4yk_LW4yoVO9s6NXpysgb7Cb65vpxcxgqzOAKvIbLQxaAETcqHT","article_published_time":"2022-07-25T14:42:11+00:00","og_image":[{"width":800,"height":559,"url":"https:\/\/congovirtuel.com\/information\/wp-content\/uploads\/2020\/12\/pascal_beveraggi-800-x-559.jpg","type":"image\/jpeg"}],"author":"infocongovirtuel","twitter_card":"summary_large_image","twitter_creator":"@congovirtuel","twitter_site":"@congovirtuel","twitter_misc":{"\u00c9crit par":"infocongovirtuel","Dur\u00e9e de lecture estim\u00e9e":"2 minutes"},"schema":{"@context":"https:\/\/schema.org","@graph":[{"@type":"Article","@id":"https:\/\/congovirtuel.com\/information\/la-rdc-recherche-pascal-beveraggi-homme-daffaires-francais-accuse-de-viol\/#article","isPartOf":{"@id":"https:\/\/congovirtuel.com\/information\/la-rdc-recherche-pascal-beveraggi-homme-daffaires-francais-accuse-de-viol\/"},"author":{"name":"infocongovirtuel","@id":"https:\/\/congovirtuel.com\/information\/#\/schema\/person\/739a44bf7990966cb53d58d2fdeca0b6"},"headline":"La RDC recherche Pascal Beveraggi homme d\u2019affaires fran\u00e7ais, accus\u00e9 de viol","datePublished":"2022-07-25T14:42:11+00:00","mainEntityOfPage":{"@id":"https:\/\/congovirtuel.com\/information\/la-rdc-recherche-pascal-beveraggi-homme-daffaires-francais-accuse-de-viol\/"},"wordCount":343,"commentCount":0,"publisher":{"@id":"https:\/\/congovirtuel.com\/information\/#organization"},"image":{"@id":"https:\/\/congovirtuel.com\/information\/la-rdc-recherche-pascal-beveraggi-homme-daffaires-francais-accuse-de-viol\/#primaryimage"},"thumbnailUrl":"https:\/\/congovirtuel.com\/information\/wp-content\/uploads\/2020\/12\/pascal_beveraggi-800-x-559.jpg","keywords":["Justice Pascal Beveraggi"],"articleSection":["Justice"],"inLanguage":"fr-FR","potentialAction":[{"@type":"CommentAction","name":"Comment","target":["https:\/\/congovirtuel.com\/information\/la-rdc-recherche-pascal-beveraggi-homme-daffaires-francais-accuse-de-viol\/#respond"]}]},{"@type":"WebPage","@id":"https:\/\/congovirtuel.com\/information\/la-rdc-recherche-pascal-beveraggi-homme-daffaires-francais-accuse-de-viol\/","url":"https:\/\/congovirtuel.com\/information\/la-rdc-recherche-pascal-beveraggi-homme-daffaires-francais-accuse-de-viol\/","name":"La RDC recherche Pascal Beveraggi homme d\u2019affaires fran\u00e7ais, accus\u00e9 de viol - Actualit\u00e9s congolaises et internationales","isPartOf":{"@id":"https:\/\/congovirtuel.com\/information\/#website"},"primaryImageOfPage":{"@id":"https:\/\/congovirtuel.com\/information\/la-rdc-recherche-pascal-beveraggi-homme-daffaires-francais-accuse-de-viol\/#primaryimage"},"image":{"@id":"https:\/\/congovirtuel.com\/information\/la-rdc-recherche-pascal-beveraggi-homme-daffaires-francais-accuse-de-viol\/#primaryimage"},"thumbnailUrl":"https:\/\/congovirtuel.com\/information\/wp-content\/uploads\/2020\/12\/pascal_beveraggi-800-x-559.jpg","datePublished":"2022-07-25T14:42:11+00:00","breadcrumb":{"@id":"https:\/\/congovirtuel.com\/information\/la-rdc-recherche-pascal-beveraggi-homme-daffaires-francais-accuse-de-viol\/#breadcrumb"},"inLanguage":"fr-FR","potentialAction":[{"@type":"ReadAction","target":["https:\/\/congovirtuel.com\/information\/la-rdc-recherche-pascal-beveraggi-homme-daffaires-francais-accuse-de-viol\/"]}]},{"@type":"ImageObject","inLanguage":"fr-FR","@id":"https:\/\/congovirtuel.com\/information\/la-rdc-recherche-pascal-beveraggi-homme-daffaires-francais-accuse-de-viol\/#primaryimage","url":"https:\/\/congovirtuel.com\/information\/wp-content\/uploads\/2020\/12\/pascal_beveraggi-800-x-559.jpg","contentUrl":"https:\/\/congovirtuel.com\/information\/wp-content\/uploads\/2020\/12\/pascal_beveraggi-800-x-559.jpg","width":800,"height":559},{"@type":"BreadcrumbList","@id":"https:\/\/congovirtuel.com\/information\/la-rdc-recherche-pascal-beveraggi-homme-daffaires-francais-accuse-de-viol\/#breadcrumb","itemListElement":[{"@type":"ListItem","position":1,"name":"Accueil","item":"https:\/\/congovirtuel.com\/information\/"},{"@type":"ListItem","position":2,"name":"La RDC recherche Pascal Beveraggi homme d\u2019affaires fran\u00e7ais, accus\u00e9 de viol"}]},{"@type":"WebSite","@id":"https:\/\/congovirtuel.com\/information\/#website","url":"https:\/\/congovirtuel.com\/information\/","name":"Actualit\u00e9s congolaises et internationales","description":"site d&#039;analyse et de traitement d&#039;information","publisher":{"@id":"https:\/\/congovirtuel.com\/information\/#organization"},"potentialAction":[{"@type":"SearchAction","target":{"@type":"EntryPoint","urlTemplate":"https:\/\/congovirtuel.com\/information\/?s={search_term_string}"},"query-input":{"@type":"PropertyValueSpecification","valueRequired":true,"valueName":"search_term_string"}}],"inLanguage":"fr-FR"},{"@type":"Organization","@id":"https:\/\/congovirtuel.com\/information\/#organization","name":"Biblioth\u00e8que Virtuelle de la RDC","url":"https:\/\/congovirtuel.com\/information\/","logo":{"@type":"ImageObject","inLanguage":"fr-FR","@id":"https:\/\/congovirtuel.com\/information\/#\/schema\/logo\/image\/","url":"https:\/\/congovirtuel.com\/information\/wp-content\/uploads\/2018\/10\/header-info-congovirtuel-vraie.jpg","contentUrl":"https:\/\/congovirtuel.com\/information\/wp-content\/uploads\/2018\/10\/header-info-congovirtuel-vraie.jpg","width":728,"height":90,"caption":"Biblioth\u00e8que Virtuelle de la RDC"},"image":{"@id":"https:\/\/congovirtuel.com\/information\/#\/schema\/logo\/image\/"},"sameAs":["https:\/\/web.facebook.com\/Congovirtuel-763617960319601\/?ref=aymt_homepage_panel&amp;amp;amp;amp;amp;amp;amp;amp;amp;amp;amp;eid=ARCoxULa66767kIgF_KYav6VdjXTI4yk_LW4yoVO9s6NXpysgb7Cb65vpxcxgqzOAKvIbLQxaAETcqHT","https:\/\/x.com\/congovirtuel","https:\/\/www.youtube.com\/channel\/UCkFfprYzGgS3EWNpeMXpToQ?view_as=subscriber"]},{"@type":"Person","@id":"https:\/\/congovirtuel.com\/information\/#\/schema\/person\/739a44bf7990966cb53d58d2fdeca0b6","name":"infocongovirtuel","image":{"@type":"ImageObject","inLanguage":"fr-FR","@id":"https:\/\/secure.gravatar.com\/avatar\/4d76991aa72469f0eb22e772586c99113c6997f88da636a9db8f2ce3a2c05e69?s=96&d=mm&r=g","url":"https:\/\/secure.gravatar.com\/avatar\/4d76991aa72469f0eb22e772586c99113c6997f88da636a9db8f2ce3a2c05e69?s=96&d=mm&r=g","contentUrl":"https:\/\/secure.gravatar.com\/avatar\/4d76991aa72469f0eb22e772586c99113c6997f88da636a9db8f2ce3a2c05e69?s=96&d=mm&r=g","caption":"infocongovirtuel"},"url":"https:\/\/congovirtuel.com\/information\/author\/infocongovirtuel\/"}]}},"gt_translate_keys":[{"key":"link","format":"url"}],"_links":{"self":[{"href":"https:\/\/congovirtuel.com\/information\/wp-json\/wp\/v2\/posts\/19872","targetHints":{"allow":["GET"]}}],"collection":[{"href":"https:\/\/congovirtuel.com\/information\/wp-json\/wp\/v2\/posts"}],"about":[{"href":"https:\/\/congovirtuel.com\/information\/wp-json\/wp\/v2\/types\/post"}],"author":[{"embeddable":true,"href":"https:\/\/congovirtuel.com\/information\/wp-json\/wp\/v2\/users\/1"}],"replies":[{"embeddable":true,"href":"https:\/\/congovirtuel.com\/information\/wp-json\/wp\/v2\/comments?post=19872"}],"version-history":[{"count":1,"href":"https:\/\/congovirtuel.com\/information\/wp-json\/wp\/v2\/posts\/19872\/revisions"}],"predecessor-version":[{"id":19873,"href":"https:\/\/congovirtuel.com\/information\/wp-json\/wp\/v2\/posts\/19872\/revisions\/19873"}],"wp:featuredmedia":[{"embeddable":true,"href":"https:\/\/congovirtuel.com\/information\/wp-json\/wp\/v2\/media\/5174"}],"wp:attachment":[{"href":"https:\/\/congovirtuel.com\/information\/wp-json\/wp\/v2\/media?parent=19872"}],"wp:term":[{"taxonomy":"category","embeddable":true,"href":"https:\/\/congovirtuel.com\/information\/wp-json\/wp\/v2\/categories?post=19872"},{"taxonomy":"post_tag","embeddable":true,"href":"https:\/\/congovirtuel.com\/information\/wp-json\/wp\/v2\/tags?post=19872"}],"curies":[{"name":"wp","href":"https:\/\/api.w.org\/{rel}","templated":true}]}}