{"id":1988,"date":"2020-06-17T14:47:53","date_gmt":"2020-06-17T13:47:53","guid":{"rendered":"https:\/\/congovirtuel.com\/information\/?p=1988"},"modified":"2020-06-17T14:49:38","modified_gmt":"2020-06-17T13:49:38","slug":"yvelines-un-homme-interpelle-pour-lincendie-de-la-maison-du-president-congolais","status":"publish","type":"post","link":"https:\/\/congovirtuel.com\/information\/yvelines-un-homme-interpelle-pour-lincendie-de-la-maison-du-president-congolais\/","title":{"rendered":"Yvelines : un homme interpell\u00e9 pour l\u2019incendie de la maison du pr\u00e9sident congolais","gt_translate_keys":[{"key":"rendered","format":"text"}]},"content":{"rendered":"\n<p class=\"wp-block-paragraph\">Un opposant de Denis Sassou-Nguesso, pr\u00e9sident de la R\u00e9publique du Congo, a \u00e9t\u00e9 interpell\u00e9 par la police charg\u00e9e de l&rsquo;enqu\u00eate sur l&rsquo;incendie de la maison du pr\u00e9sident congolais dans les Yvelines.<\/p>\n\n\n\n<p class=\"wp-block-paragraph\">Un opposant de Denis Sassou-Nguesso a \u00e9t\u00e9 interpell\u00e9 mardi 16 juin par les enqu\u00eateurs de la Police judiciaire de Versailles (PJ), dans les Yvelines, selon les informations de RTL. Il est soup\u00e7onn\u00e9 d\u2019\u00eatre\u00a0<strong>\u00e0 l\u2019origine de l\u2019incendie qui a touch\u00e9, dans la nuit de samedi \u00e0 dimanche 15 mars, la r\u00e9sidence priv\u00e9e de Denis Sassou-Nguesso<\/strong>\u00a0le pr\u00e9sident de la R\u00e9publique du Congo, au V\u00e9sinet.\u00a0<\/p>\n\n\n\n<p class=\"wp-block-paragraph\">L\u2019homme interpell\u00e9 est soup\u00e7onn\u00e9 d\u2019avoir mis le feu \u00e0 cinq v\u00e9hicules gar\u00e9s dans l\u2019all\u00e9e de la r\u00e9sidence, tagu\u00e9 sur les murs&nbsp;<strong>\u00ab\u00a0Sassou assassin\u00a0\u00bb, mais aussi \u00ab\u00a0Sassou d\u00e9gage, le Congo libre\u00a0\u00bb<\/strong>, avant d\u2019\u00eatre mis en fuite vers 2h45 par le gardien de cette immense demeure.<\/p>\n\n\n\n<p class=\"wp-block-paragraph\">Sur place un bidon d\u2019essence vide et un briquet avaient \u00e9t\u00e9 abandonn\u00e9s. La Police judiciaire de Versailles, en charge de l\u2019enqu\u00eate, a interpell\u00e9 le suspect gr\u00e2ce \u00e0 l\u2019analyse de son ADN.\u00a0<\/p>\n\n\n\n<p class=\"wp-block-paragraph\">RTL.FR<\/p>\n","protected":false,"gt_translate_keys":[{"key":"rendered","format":"html"}]},"excerpt":{"rendered":"<p>Un opposant de Denis Sassou-Nguesso, pr\u00e9sident de la R\u00e9publique du Congo, a \u00e9t\u00e9 interpell\u00e9 par la police charg\u00e9e de l&rsquo;enqu\u00eate sur l&rsquo;incendie de la maison du pr\u00e9sident congolais dans les Yvelines. Un opposant de Denis Sassou-Nguesso a \u00e9t\u00e9 interpell\u00e9 mardi 16 juin par les enqu\u00eateurs de la Police judiciaire de Versailles (PJ), dans les Yvelines, selon les informations de RTL. Il est soup\u00e7onn\u00e9 d\u2019\u00eatre\u00a0\u00e0 l\u2019origine de l\u2019incendie qui a touch\u00e9, dans la nuit de samedi \u00e0 dimanche 15 mars, la r\u00e9sidence priv\u00e9e de Denis Sassou-Nguesso\u00a0le pr\u00e9sident de la R\u00e9publique du&hellip;<\/p>\n","protected":false,"gt_translate_keys":[{"key":"rendered","format":"html"}]},"author":1,"featured_media":1989,"comment_status":"open","ping_status":"open","sticky":false,"template":"","format":"standard","meta":{"_crdt_document":"","footnotes":""},"categories":[1076],"tags":[1217,1215,1216],"class_list":["post-1988","post","type-post","status-publish","format-standard","has-post-thumbnail","hentry","category-congo-brazza","tag-congo-brazza","tag-residence-sasou-yvelines","tag-sassou-ngweso"],"gutentor_comment":0,"yoast_head":"<!-- This site is optimized with the Yoast SEO plugin v27.5 - https:\/\/yoast.com\/product\/yoast-seo-wordpress\/ -->\n<title>Yvelines : un homme interpell\u00e9 pour l\u2019incendie de la maison du pr\u00e9sident congolais - Actualit\u00e9s congolaises et internationales<\/title>\n<meta name=\"robots\" content=\"index, follow, max-snippet:-1, max-image-preview:large, max-video-preview:-1\" \/>\n<link rel=\"canonical\" href=\"https:\/\/congovirtuel.com\/information\/yvelines-un-homme-interpelle-pour-lincendie-de-la-maison-du-president-congolais\/\" \/>\n<meta property=\"og:locale\" content=\"fr_FR\" \/>\n<meta property=\"og:type\" content=\"article\" \/>\n<meta property=\"og:title\" content=\"Yvelines : un homme interpell\u00e9 pour l\u2019incendie de la maison du pr\u00e9sident congolais - Actualit\u00e9s congolaises et internationales\" \/>\n<meta property=\"og:description\" content=\"Un opposant de Denis Sassou-Nguesso, pr\u00e9sident de la R\u00e9publique du Congo, a \u00e9t\u00e9 interpell\u00e9 par la police charg\u00e9e de l&rsquo;enqu\u00eate sur l&rsquo;incendie de la maison du pr\u00e9sident congolais dans les Yvelines. Un opposant de Denis Sassou-Nguesso a \u00e9t\u00e9 interpell\u00e9 mardi 16 juin par les enqu\u00eateurs de la Police judiciaire de Versailles (PJ), dans les Yvelines, selon les informations de RTL. Il est soup\u00e7onn\u00e9 d\u2019\u00eatre\u00a0\u00e0 l\u2019origine de l\u2019incendie qui a touch\u00e9, dans la nuit de samedi \u00e0 dimanche 15 mars, la r\u00e9sidence priv\u00e9e de Denis Sassou-Nguesso\u00a0le pr\u00e9sident de la R\u00e9publique du&hellip;\" \/>\n<meta property=\"og:url\" content=\"https:\/\/congovirtuel.com\/information\/yvelines-un-homme-interpelle-pour-lincendie-de-la-maison-du-president-congolais\/\" \/>\n<meta property=\"og:site_name\" content=\"Actualit\u00e9s congolaises et internationales\" \/>\n<meta property=\"article:publisher\" content=\"https:\/\/web.facebook.com\/Congovirtuel-763617960319601\/?ref=aymt_homepage_panel&amp;amp%3bamp%3bamp%3bamp%3bamp%3bamp%3bamp%3bamp%3bamp%3bamp%3bamp%3beid=ARCoxULa66767kIgF_KYav6VdjXTI4yk_LW4yoVO9s6NXpysgb7Cb65vpxcxgqzOAKvIbLQxaAETcqHT\" \/>\n<meta property=\"article:published_time\" content=\"2020-06-17T13:47:53+00:00\" \/>\n<meta property=\"article:modified_time\" content=\"2020-06-17T13:49:38+00:00\" \/>\n<meta property=\"og:image\" content=\"https:\/\/congovirtuel.com\/information\/wp-content\/uploads\/2020\/06\/sassou.jpg\" \/>\n\t<meta property=\"og:image:width\" content=\"880\" \/>\n\t<meta property=\"og:image:height\" content=\"586\" \/>\n\t<meta property=\"og:image:type\" content=\"image\/jpeg\" \/>\n<meta name=\"author\" content=\"infocongovirtuel\" \/>\n<meta name=\"twitter:card\" content=\"summary_large_image\" \/>\n<meta name=\"twitter:creator\" content=\"@congovirtuel\" \/>\n<meta name=\"twitter:site\" content=\"@congovirtuel\" \/>\n<meta name=\"twitter:label1\" content=\"\u00c9crit par\" \/>\n\t<meta name=\"twitter:data1\" content=\"infocongovirtuel\" \/>\n\t<meta name=\"twitter:label2\" content=\"Dur\u00e9e de lecture estim\u00e9e\" \/>\n\t<meta name=\"twitter:data2\" content=\"1 minute\" \/>\n<script type=\"application\/ld+json\" class=\"yoast-schema-graph\">{\"@context\":\"https:\\\/\\\/schema.org\",\"@graph\":[{\"@type\":\"Article\",\"@id\":\"https:\\\/\\\/congovirtuel.com\\\/information\\\/yvelines-un-homme-interpelle-pour-lincendie-de-la-maison-du-president-congolais\\\/#article\",\"isPartOf\":{\"@id\":\"https:\\\/\\\/congovirtuel.com\\\/information\\\/yvelines-un-homme-interpelle-pour-lincendie-de-la-maison-du-president-congolais\\\/\"},\"author\":{\"name\":\"infocongovirtuel\",\"@id\":\"https:\\\/\\\/congovirtuel.com\\\/information\\\/#\\\/schema\\\/person\\\/739a44bf7990966cb53d58d2fdeca0b6\"},\"headline\":\"Yvelines : un homme interpell\u00e9 pour l\u2019incendie de la maison du pr\u00e9sident congolais\",\"datePublished\":\"2020-06-17T13:47:53+00:00\",\"dateModified\":\"2020-06-17T13:49:38+00:00\",\"mainEntityOfPage\":{\"@id\":\"https:\\\/\\\/congovirtuel.com\\\/information\\\/yvelines-un-homme-interpelle-pour-lincendie-de-la-maison-du-president-congolais\\\/\"},\"wordCount\":214,\"commentCount\":0,\"publisher\":{\"@id\":\"https:\\\/\\\/congovirtuel.com\\\/information\\\/#organization\"},\"image\":{\"@id\":\"https:\\\/\\\/congovirtuel.com\\\/information\\\/yvelines-un-homme-interpelle-pour-lincendie-de-la-maison-du-president-congolais\\\/#primaryimage\"},\"thumbnailUrl\":\"https:\\\/\\\/congovirtuel.com\\\/information\\\/wp-content\\\/uploads\\\/2020\\\/06\\\/sassou.jpg\",\"keywords\":[\"congo - brazza\",\"r\u00e9sidence sasou Yvelines\",\"sassou ngweso\"],\"articleSection\":[\"Congo-Brazza\"],\"inLanguage\":\"fr-FR\",\"potentialAction\":[{\"@type\":\"CommentAction\",\"name\":\"Comment\",\"target\":[\"https:\\\/\\\/congovirtuel.com\\\/information\\\/yvelines-un-homme-interpelle-pour-lincendie-de-la-maison-du-president-congolais\\\/#respond\"]}]},{\"@type\":\"WebPage\",\"@id\":\"https:\\\/\\\/congovirtuel.com\\\/information\\\/yvelines-un-homme-interpelle-pour-lincendie-de-la-maison-du-president-congolais\\\/\",\"url\":\"https:\\\/\\\/congovirtuel.com\\\/information\\\/yvelines-un-homme-interpelle-pour-lincendie-de-la-maison-du-president-congolais\\\/\",\"name\":\"Yvelines : un homme interpell\u00e9 pour l\u2019incendie de la maison du pr\u00e9sident congolais - Actualit\u00e9s congolaises et internationales\",\"isPartOf\":{\"@id\":\"https:\\\/\\\/congovirtuel.com\\\/information\\\/#website\"},\"primaryImageOfPage\":{\"@id\":\"https:\\\/\\\/congovirtuel.com\\\/information\\\/yvelines-un-homme-interpelle-pour-lincendie-de-la-maison-du-president-congolais\\\/#primaryimage\"},\"image\":{\"@id\":\"https:\\\/\\\/congovirtuel.com\\\/information\\\/yvelines-un-homme-interpelle-pour-lincendie-de-la-maison-du-president-congolais\\\/#primaryimage\"},\"thumbnailUrl\":\"https:\\\/\\\/congovirtuel.com\\\/information\\\/wp-content\\\/uploads\\\/2020\\\/06\\\/sassou.jpg\",\"datePublished\":\"2020-06-17T13:47:53+00:00\",\"dateModified\":\"2020-06-17T13:49:38+00:00\",\"breadcrumb\":{\"@id\":\"https:\\\/\\\/congovirtuel.com\\\/information\\\/yvelines-un-homme-interpelle-pour-lincendie-de-la-maison-du-president-congolais\\\/#breadcrumb\"},\"inLanguage\":\"fr-FR\",\"potentialAction\":[{\"@type\":\"ReadAction\",\"target\":[\"https:\\\/\\\/congovirtuel.com\\\/information\\\/yvelines-un-homme-interpelle-pour-lincendie-de-la-maison-du-president-congolais\\\/\"]}]},{\"@type\":\"ImageObject\",\"inLanguage\":\"fr-FR\",\"@id\":\"https:\\\/\\\/congovirtuel.com\\\/information\\\/yvelines-un-homme-interpelle-pour-lincendie-de-la-maison-du-president-congolais\\\/#primaryimage\",\"url\":\"https:\\\/\\\/congovirtuel.com\\\/information\\\/wp-content\\\/uploads\\\/2020\\\/06\\\/sassou.jpg\",\"contentUrl\":\"https:\\\/\\\/congovirtuel.com\\\/information\\\/wp-content\\\/uploads\\\/2020\\\/06\\\/sassou.jpg\",\"width\":880,\"height\":586,\"caption\":\"Sassou\"},{\"@type\":\"BreadcrumbList\",\"@id\":\"https:\\\/\\\/congovirtuel.com\\\/information\\\/yvelines-un-homme-interpelle-pour-lincendie-de-la-maison-du-president-congolais\\\/#breadcrumb\",\"itemListElement\":[{\"@type\":\"ListItem\",\"position\":1,\"name\":\"Accueil\",\"item\":\"https:\\\/\\\/congovirtuel.com\\\/information\\\/\"},{\"@type\":\"ListItem\",\"position\":2,\"name\":\"Yvelines : un homme interpell\u00e9 pour l\u2019incendie de la maison du pr\u00e9sident congolais\"}]},{\"@type\":\"WebSite\",\"@id\":\"https:\\\/\\\/congovirtuel.com\\\/information\\\/#website\",\"url\":\"https:\\\/\\\/congovirtuel.com\\\/information\\\/\",\"name\":\"Actualit\u00e9s congolaises et internationales\",\"description\":\"site d&#039;analyse et de traitement d&#039;information\",\"publisher\":{\"@id\":\"https:\\\/\\\/congovirtuel.com\\\/information\\\/#organization\"},\"potentialAction\":[{\"@type\":\"SearchAction\",\"target\":{\"@type\":\"EntryPoint\",\"urlTemplate\":\"https:\\\/\\\/congovirtuel.com\\\/information\\\/?s={search_term_string}\"},\"query-input\":{\"@type\":\"PropertyValueSpecification\",\"valueRequired\":true,\"valueName\":\"search_term_string\"}}],\"inLanguage\":\"fr-FR\"},{\"@type\":\"Organization\",\"@id\":\"https:\\\/\\\/congovirtuel.com\\\/information\\\/#organization\",\"name\":\"Biblioth\u00e8que Virtuelle de la RDC\",\"url\":\"https:\\\/\\\/congovirtuel.com\\\/information\\\/\",\"logo\":{\"@type\":\"ImageObject\",\"inLanguage\":\"fr-FR\",\"@id\":\"https:\\\/\\\/congovirtuel.com\\\/information\\\/#\\\/schema\\\/logo\\\/image\\\/\",\"url\":\"https:\\\/\\\/congovirtuel.com\\\/information\\\/wp-content\\\/uploads\\\/2018\\\/10\\\/header-info-congovirtuel-vraie.jpg\",\"contentUrl\":\"https:\\\/\\\/congovirtuel.com\\\/information\\\/wp-content\\\/uploads\\\/2018\\\/10\\\/header-info-congovirtuel-vraie.jpg\",\"width\":728,\"height\":90,\"caption\":\"Biblioth\u00e8que Virtuelle de la RDC\"},\"image\":{\"@id\":\"https:\\\/\\\/congovirtuel.com\\\/information\\\/#\\\/schema\\\/logo\\\/image\\\/\"},\"sameAs\":[\"https:\\\/\\\/web.facebook.com\\\/Congovirtuel-763617960319601\\\/?ref=aymt_homepage_panel&amp;amp;amp;amp;amp;amp;amp;amp;amp;amp;amp;eid=ARCoxULa66767kIgF_KYav6VdjXTI4yk_LW4yoVO9s6NXpysgb7Cb65vpxcxgqzOAKvIbLQxaAETcqHT\",\"https:\\\/\\\/x.com\\\/congovirtuel\",\"https:\\\/\\\/www.youtube.com\\\/channel\\\/UCkFfprYzGgS3EWNpeMXpToQ?view_as=subscriber\"]},{\"@type\":\"Person\",\"@id\":\"https:\\\/\\\/congovirtuel.com\\\/information\\\/#\\\/schema\\\/person\\\/739a44bf7990966cb53d58d2fdeca0b6\",\"name\":\"infocongovirtuel\",\"image\":{\"@type\":\"ImageObject\",\"inLanguage\":\"fr-FR\",\"@id\":\"https:\\\/\\\/secure.gravatar.com\\\/avatar\\\/4d76991aa72469f0eb22e772586c99113c6997f88da636a9db8f2ce3a2c05e69?s=96&d=mm&r=g\",\"url\":\"https:\\\/\\\/secure.gravatar.com\\\/avatar\\\/4d76991aa72469f0eb22e772586c99113c6997f88da636a9db8f2ce3a2c05e69?s=96&d=mm&r=g\",\"contentUrl\":\"https:\\\/\\\/secure.gravatar.com\\\/avatar\\\/4d76991aa72469f0eb22e772586c99113c6997f88da636a9db8f2ce3a2c05e69?s=96&d=mm&r=g\",\"caption\":\"infocongovirtuel\"},\"url\":\"https:\\\/\\\/congovirtuel.com\\\/information\\\/author\\\/infocongovirtuel\\\/\"}]}<\/script>\n<!-- \/ Yoast SEO plugin. -->","yoast_head_json":{"title":"Yvelines : un homme interpell\u00e9 pour l\u2019incendie de la maison du pr\u00e9sident congolais - Actualit\u00e9s congolaises et internationales","robots":{"index":"index","follow":"follow","max-snippet":"max-snippet:-1","max-image-preview":"max-image-preview:large","max-video-preview":"max-video-preview:-1"},"canonical":"https:\/\/congovirtuel.com\/information\/yvelines-un-homme-interpelle-pour-lincendie-de-la-maison-du-president-congolais\/","og_locale":"fr_FR","og_type":"article","og_title":"Yvelines : un homme interpell\u00e9 pour l\u2019incendie de la maison du pr\u00e9sident congolais - Actualit\u00e9s congolaises et internationales","og_description":"Un opposant de Denis Sassou-Nguesso, pr\u00e9sident de la R\u00e9publique du Congo, a \u00e9t\u00e9 interpell\u00e9 par la police charg\u00e9e de l&rsquo;enqu\u00eate sur l&rsquo;incendie de la maison du pr\u00e9sident congolais dans les Yvelines. Un opposant de Denis Sassou-Nguesso a \u00e9t\u00e9 interpell\u00e9 mardi 16 juin par les enqu\u00eateurs de la Police judiciaire de Versailles (PJ), dans les Yvelines, selon les informations de RTL. Il est soup\u00e7onn\u00e9 d\u2019\u00eatre\u00a0\u00e0 l\u2019origine de l\u2019incendie qui a touch\u00e9, dans la nuit de samedi \u00e0 dimanche 15 mars, la r\u00e9sidence priv\u00e9e de Denis Sassou-Nguesso\u00a0le pr\u00e9sident de la R\u00e9publique du&hellip;","og_url":"https:\/\/congovirtuel.com\/information\/yvelines-un-homme-interpelle-pour-lincendie-de-la-maison-du-president-congolais\/","og_site_name":"Actualit\u00e9s congolaises et internationales","article_publisher":"https:\/\/web.facebook.com\/Congovirtuel-763617960319601\/?ref=aymt_homepage_panel&amp%3bamp%3bamp%3bamp%3bamp%3bamp%3bamp%3bamp%3bamp%3bamp%3bamp%3beid=ARCoxULa66767kIgF_KYav6VdjXTI4yk_LW4yoVO9s6NXpysgb7Cb65vpxcxgqzOAKvIbLQxaAETcqHT","article_published_time":"2020-06-17T13:47:53+00:00","article_modified_time":"2020-06-17T13:49:38+00:00","og_image":[{"width":880,"height":586,"url":"https:\/\/congovirtuel.com\/information\/wp-content\/uploads\/2020\/06\/sassou.jpg","type":"image\/jpeg"}],"author":"infocongovirtuel","twitter_card":"summary_large_image","twitter_creator":"@congovirtuel","twitter_site":"@congovirtuel","twitter_misc":{"\u00c9crit par":"infocongovirtuel","Dur\u00e9e de lecture estim\u00e9e":"1 minute"},"schema":{"@context":"https:\/\/schema.org","@graph":[{"@type":"Article","@id":"https:\/\/congovirtuel.com\/information\/yvelines-un-homme-interpelle-pour-lincendie-de-la-maison-du-president-congolais\/#article","isPartOf":{"@id":"https:\/\/congovirtuel.com\/information\/yvelines-un-homme-interpelle-pour-lincendie-de-la-maison-du-president-congolais\/"},"author":{"name":"infocongovirtuel","@id":"https:\/\/congovirtuel.com\/information\/#\/schema\/person\/739a44bf7990966cb53d58d2fdeca0b6"},"headline":"Yvelines : un homme interpell\u00e9 pour l\u2019incendie de la maison du pr\u00e9sident congolais","datePublished":"2020-06-17T13:47:53+00:00","dateModified":"2020-06-17T13:49:38+00:00","mainEntityOfPage":{"@id":"https:\/\/congovirtuel.com\/information\/yvelines-un-homme-interpelle-pour-lincendie-de-la-maison-du-president-congolais\/"},"wordCount":214,"commentCount":0,"publisher":{"@id":"https:\/\/congovirtuel.com\/information\/#organization"},"image":{"@id":"https:\/\/congovirtuel.com\/information\/yvelines-un-homme-interpelle-pour-lincendie-de-la-maison-du-president-congolais\/#primaryimage"},"thumbnailUrl":"https:\/\/congovirtuel.com\/information\/wp-content\/uploads\/2020\/06\/sassou.jpg","keywords":["congo - brazza","r\u00e9sidence sasou Yvelines","sassou ngweso"],"articleSection":["Congo-Brazza"],"inLanguage":"fr-FR","potentialAction":[{"@type":"CommentAction","name":"Comment","target":["https:\/\/congovirtuel.com\/information\/yvelines-un-homme-interpelle-pour-lincendie-de-la-maison-du-president-congolais\/#respond"]}]},{"@type":"WebPage","@id":"https:\/\/congovirtuel.com\/information\/yvelines-un-homme-interpelle-pour-lincendie-de-la-maison-du-president-congolais\/","url":"https:\/\/congovirtuel.com\/information\/yvelines-un-homme-interpelle-pour-lincendie-de-la-maison-du-president-congolais\/","name":"Yvelines : un homme interpell\u00e9 pour l\u2019incendie de la maison du pr\u00e9sident congolais - Actualit\u00e9s congolaises et internationales","isPartOf":{"@id":"https:\/\/congovirtuel.com\/information\/#website"},"primaryImageOfPage":{"@id":"https:\/\/congovirtuel.com\/information\/yvelines-un-homme-interpelle-pour-lincendie-de-la-maison-du-president-congolais\/#primaryimage"},"image":{"@id":"https:\/\/congovirtuel.com\/information\/yvelines-un-homme-interpelle-pour-lincendie-de-la-maison-du-president-congolais\/#primaryimage"},"thumbnailUrl":"https:\/\/congovirtuel.com\/information\/wp-content\/uploads\/2020\/06\/sassou.jpg","datePublished":"2020-06-17T13:47:53+00:00","dateModified":"2020-06-17T13:49:38+00:00","breadcrumb":{"@id":"https:\/\/congovirtuel.com\/information\/yvelines-un-homme-interpelle-pour-lincendie-de-la-maison-du-president-congolais\/#breadcrumb"},"inLanguage":"fr-FR","potentialAction":[{"@type":"ReadAction","target":["https:\/\/congovirtuel.com\/information\/yvelines-un-homme-interpelle-pour-lincendie-de-la-maison-du-president-congolais\/"]}]},{"@type":"ImageObject","inLanguage":"fr-FR","@id":"https:\/\/congovirtuel.com\/information\/yvelines-un-homme-interpelle-pour-lincendie-de-la-maison-du-president-congolais\/#primaryimage","url":"https:\/\/congovirtuel.com\/information\/wp-content\/uploads\/2020\/06\/sassou.jpg","contentUrl":"https:\/\/congovirtuel.com\/information\/wp-content\/uploads\/2020\/06\/sassou.jpg","width":880,"height":586,"caption":"Sassou"},{"@type":"BreadcrumbList","@id":"https:\/\/congovirtuel.com\/information\/yvelines-un-homme-interpelle-pour-lincendie-de-la-maison-du-president-congolais\/#breadcrumb","itemListElement":[{"@type":"ListItem","position":1,"name":"Accueil","item":"https:\/\/congovirtuel.com\/information\/"},{"@type":"ListItem","position":2,"name":"Yvelines : un homme interpell\u00e9 pour l\u2019incendie de la maison du pr\u00e9sident congolais"}]},{"@type":"WebSite","@id":"https:\/\/congovirtuel.com\/information\/#website","url":"https:\/\/congovirtuel.com\/information\/","name":"Actualit\u00e9s congolaises et internationales","description":"site d&#039;analyse et de traitement d&#039;information","publisher":{"@id":"https:\/\/congovirtuel.com\/information\/#organization"},"potentialAction":[{"@type":"SearchAction","target":{"@type":"EntryPoint","urlTemplate":"https:\/\/congovirtuel.com\/information\/?s={search_term_string}"},"query-input":{"@type":"PropertyValueSpecification","valueRequired":true,"valueName":"search_term_string"}}],"inLanguage":"fr-FR"},{"@type":"Organization","@id":"https:\/\/congovirtuel.com\/information\/#organization","name":"Biblioth\u00e8que Virtuelle de la RDC","url":"https:\/\/congovirtuel.com\/information\/","logo":{"@type":"ImageObject","inLanguage":"fr-FR","@id":"https:\/\/congovirtuel.com\/information\/#\/schema\/logo\/image\/","url":"https:\/\/congovirtuel.com\/information\/wp-content\/uploads\/2018\/10\/header-info-congovirtuel-vraie.jpg","contentUrl":"https:\/\/congovirtuel.com\/information\/wp-content\/uploads\/2018\/10\/header-info-congovirtuel-vraie.jpg","width":728,"height":90,"caption":"Biblioth\u00e8que Virtuelle de la RDC"},"image":{"@id":"https:\/\/congovirtuel.com\/information\/#\/schema\/logo\/image\/"},"sameAs":["https:\/\/web.facebook.com\/Congovirtuel-763617960319601\/?ref=aymt_homepage_panel&amp;amp;amp;amp;amp;amp;amp;amp;amp;amp;amp;eid=ARCoxULa66767kIgF_KYav6VdjXTI4yk_LW4yoVO9s6NXpysgb7Cb65vpxcxgqzOAKvIbLQxaAETcqHT","https:\/\/x.com\/congovirtuel","https:\/\/www.youtube.com\/channel\/UCkFfprYzGgS3EWNpeMXpToQ?view_as=subscriber"]},{"@type":"Person","@id":"https:\/\/congovirtuel.com\/information\/#\/schema\/person\/739a44bf7990966cb53d58d2fdeca0b6","name":"infocongovirtuel","image":{"@type":"ImageObject","inLanguage":"fr-FR","@id":"https:\/\/secure.gravatar.com\/avatar\/4d76991aa72469f0eb22e772586c99113c6997f88da636a9db8f2ce3a2c05e69?s=96&d=mm&r=g","url":"https:\/\/secure.gravatar.com\/avatar\/4d76991aa72469f0eb22e772586c99113c6997f88da636a9db8f2ce3a2c05e69?s=96&d=mm&r=g","contentUrl":"https:\/\/secure.gravatar.com\/avatar\/4d76991aa72469f0eb22e772586c99113c6997f88da636a9db8f2ce3a2c05e69?s=96&d=mm&r=g","caption":"infocongovirtuel"},"url":"https:\/\/congovirtuel.com\/information\/author\/infocongovirtuel\/"}]}},"gt_translate_keys":[{"key":"link","format":"url"}],"_links":{"self":[{"href":"https:\/\/congovirtuel.com\/information\/wp-json\/wp\/v2\/posts\/1988","targetHints":{"allow":["GET"]}}],"collection":[{"href":"https:\/\/congovirtuel.com\/information\/wp-json\/wp\/v2\/posts"}],"about":[{"href":"https:\/\/congovirtuel.com\/information\/wp-json\/wp\/v2\/types\/post"}],"author":[{"embeddable":true,"href":"https:\/\/congovirtuel.com\/information\/wp-json\/wp\/v2\/users\/1"}],"replies":[{"embeddable":true,"href":"https:\/\/congovirtuel.com\/information\/wp-json\/wp\/v2\/comments?post=1988"}],"version-history":[{"count":1,"href":"https:\/\/congovirtuel.com\/information\/wp-json\/wp\/v2\/posts\/1988\/revisions"}],"predecessor-version":[{"id":1990,"href":"https:\/\/congovirtuel.com\/information\/wp-json\/wp\/v2\/posts\/1988\/revisions\/1990"}],"wp:featuredmedia":[{"embeddable":true,"href":"https:\/\/congovirtuel.com\/information\/wp-json\/wp\/v2\/media\/1989"}],"wp:attachment":[{"href":"https:\/\/congovirtuel.com\/information\/wp-json\/wp\/v2\/media?parent=1988"}],"wp:term":[{"taxonomy":"category","embeddable":true,"href":"https:\/\/congovirtuel.com\/information\/wp-json\/wp\/v2\/categories?post=1988"},{"taxonomy":"post_tag","embeddable":true,"href":"https:\/\/congovirtuel.com\/information\/wp-json\/wp\/v2\/tags?post=1988"}],"curies":[{"name":"wp","href":"https:\/\/api.w.org\/{rel}","templated":true}]}}