{"id":19971,"date":"2022-08-02T22:49:39","date_gmt":"2022-08-02T21:49:39","guid":{"rendered":"https:\/\/congovirtuel.com\/information\/?p=19971"},"modified":"2022-08-02T22:49:39","modified_gmt":"2022-08-02T21:49:39","slug":"rdc-la-direction-du-m23-a-nomme-lawrence-kanyuka-comme-porte-parole-de-laile-politique","status":"publish","type":"post","link":"https:\/\/congovirtuel.com\/information\/rdc-la-direction-du-m23-a-nomme-lawrence-kanyuka-comme-porte-parole-de-laile-politique\/","title":{"rendered":"RDC : La direction du M23 a nomm\u00e9 Lawrence Kanyuka comme porte-parole de l&rsquo;aile politique","gt_translate_keys":[{"key":"rendered","format":"text"}]},"content":{"rendered":"<p>La direction du M23 a nomm\u00e9 Lawrence Kanyuka comme porte-parole de l&rsquo;aile politique du groupe qui travaillera en \u00e9troite collaboration avec le porte-parole militaire, le Maj Willy Ngoma.<\/p>\n<p>La nouvelle nomination a \u00e9t\u00e9 annonc\u00e9e dans un communiqu\u00e9 publi\u00e9 par le groupe rebelle M23 le 31 juillet 2022.<\/p>\n<p>\u00ab\u00a0<em>Nous avons nomm\u00e9 Lawrence Kanyuka comme porte-parole politique du M23 tandis que le major Willy Ngoma continuera \u00e0 servir de porte-parole militaire<\/em>\u00ab\u00a0, lit-on dans un communiqu\u00e9 sign\u00e9 par Bertrand Bisimwa, le pr\u00e9sident du M23.<\/p>\n<p>Cela fait un certain temps que les combats entre l&rsquo;arm\u00e9e congolaise (FARDC) et le M23 ont repris . Le groupe rebelle accuse la RDC de ne pas avoir mis en oeuvre les accords de paix.<\/p>\n<p>Depuis que les combats ont repris , le M23 a captur\u00e9 diff\u00e9rentes parties de l&rsquo;est de la RDC, y compris la ville de Bunagana.<\/p>\n<p>R\u00e9cemment, le M23 a nomm\u00e9 de nouveaux dirigeants de Bunagana et a \u00e9mis des r\u00e8gles pour les citoyens vivant dans la ville.<\/p>\n<p><strong><em>Ighei<\/em><\/strong><\/p>\n","protected":false,"gt_translate_keys":[{"key":"rendered","format":"html"}]},"excerpt":{"rendered":"<p>La direction du M23 a nomm\u00e9 Lawrence Kanyuka comme porte-parole de l&rsquo;aile politique du groupe qui travaillera en \u00e9troite collaboration avec le porte-parole militaire, le Maj Willy Ngoma. La nouvelle nomination a \u00e9t\u00e9 annonc\u00e9e dans un communiqu\u00e9 publi\u00e9 par le groupe rebelle M23 le 31 juillet 2022. \u00ab\u00a0Nous avons nomm\u00e9 Lawrence Kanyuka comme porte-parole politique du M23 tandis que le major Willy Ngoma continuera \u00e0 servir de porte-parole militaire\u00ab\u00a0, lit-on dans un communiqu\u00e9 sign\u00e9 par Bertrand Bisimwa, le pr\u00e9sident du M23. Cela fait un certain temps que les combats entre&hellip;<\/p>\n","protected":false,"gt_translate_keys":[{"key":"rendered","format":"html"}]},"author":1,"featured_media":19970,"comment_status":"open","ping_status":"open","sticky":false,"template":"","format":"standard","meta":{"_crdt_document":"","footnotes":""},"categories":[199],"tags":[],"class_list":["post-19971","post","type-post","status-publish","format-standard","has-post-thumbnail","hentry","category-insecurite"],"gutentor_comment":1,"yoast_head":"<!-- This site is optimized with the Yoast SEO plugin v27.5 - https:\/\/yoast.com\/product\/yoast-seo-wordpress\/ -->\n<title>RDC : La direction du M23 a nomm\u00e9 Lawrence Kanyuka comme porte-parole de l&#039;aile politique - Actualit\u00e9s congolaises et internationales<\/title>\n<meta name=\"robots\" content=\"index, follow, max-snippet:-1, max-image-preview:large, max-video-preview:-1\" \/>\n<link rel=\"canonical\" href=\"https:\/\/congovirtuel.com\/information\/rdc-la-direction-du-m23-a-nomme-lawrence-kanyuka-comme-porte-parole-de-laile-politique\/\" \/>\n<meta property=\"og:locale\" content=\"fr_FR\" \/>\n<meta property=\"og:type\" content=\"article\" \/>\n<meta property=\"og:title\" content=\"RDC : La direction du M23 a nomm\u00e9 Lawrence Kanyuka comme porte-parole de l&#039;aile politique - Actualit\u00e9s congolaises et internationales\" \/>\n<meta property=\"og:description\" content=\"La direction du M23 a nomm\u00e9 Lawrence Kanyuka comme porte-parole de l&rsquo;aile politique du groupe qui travaillera en \u00e9troite collaboration avec le porte-parole militaire, le Maj Willy Ngoma. La nouvelle nomination a \u00e9t\u00e9 annonc\u00e9e dans un communiqu\u00e9 publi\u00e9 par le groupe rebelle M23 le 31 juillet 2022. \u00ab\u00a0Nous avons nomm\u00e9 Lawrence Kanyuka comme porte-parole politique du M23 tandis que le major Willy Ngoma continuera \u00e0 servir de porte-parole militaire\u00ab\u00a0, lit-on dans un communiqu\u00e9 sign\u00e9 par Bertrand Bisimwa, le pr\u00e9sident du M23. Cela fait un certain temps que les combats entre&hellip;\" \/>\n<meta property=\"og:url\" content=\"https:\/\/congovirtuel.com\/information\/rdc-la-direction-du-m23-a-nomme-lawrence-kanyuka-comme-porte-parole-de-laile-politique\/\" \/>\n<meta property=\"og:site_name\" content=\"Actualit\u00e9s congolaises et internationales\" \/>\n<meta property=\"article:publisher\" content=\"https:\/\/web.facebook.com\/Congovirtuel-763617960319601\/?ref=aymt_homepage_panel&amp;amp%3bamp%3bamp%3bamp%3bamp%3bamp%3bamp%3bamp%3bamp%3bamp%3bamp%3beid=ARCoxULa66767kIgF_KYav6VdjXTI4yk_LW4yoVO9s6NXpysgb7Cb65vpxcxgqzOAKvIbLQxaAETcqHT\" \/>\n<meta property=\"article:published_time\" content=\"2022-08-02T21:49:39+00:00\" \/>\n<meta property=\"og:image\" content=\"https:\/\/congovirtuel.com\/information\/wp-content\/uploads\/2022\/08\/images-7.jpeg\" \/>\n\t<meta property=\"og:image:width\" content=\"479\" \/>\n\t<meta property=\"og:image:height\" content=\"640\" \/>\n\t<meta property=\"og:image:type\" content=\"image\/jpeg\" \/>\n<meta name=\"author\" content=\"infocongovirtuel\" \/>\n<meta name=\"twitter:card\" content=\"summary_large_image\" \/>\n<meta name=\"twitter:creator\" content=\"@congovirtuel\" \/>\n<meta name=\"twitter:site\" content=\"@congovirtuel\" \/>\n<meta name=\"twitter:label1\" content=\"\u00c9crit par\" \/>\n\t<meta name=\"twitter:data1\" content=\"infocongovirtuel\" \/>\n\t<meta name=\"twitter:label2\" content=\"Dur\u00e9e de lecture estim\u00e9e\" \/>\n\t<meta name=\"twitter:data2\" content=\"1 minute\" \/>\n<script type=\"application\/ld+json\" class=\"yoast-schema-graph\">{\"@context\":\"https:\\\/\\\/schema.org\",\"@graph\":[{\"@type\":\"Article\",\"@id\":\"https:\\\/\\\/congovirtuel.com\\\/information\\\/rdc-la-direction-du-m23-a-nomme-lawrence-kanyuka-comme-porte-parole-de-laile-politique\\\/#article\",\"isPartOf\":{\"@id\":\"https:\\\/\\\/congovirtuel.com\\\/information\\\/rdc-la-direction-du-m23-a-nomme-lawrence-kanyuka-comme-porte-parole-de-laile-politique\\\/\"},\"author\":{\"name\":\"infocongovirtuel\",\"@id\":\"https:\\\/\\\/congovirtuel.com\\\/information\\\/#\\\/schema\\\/person\\\/739a44bf7990966cb53d58d2fdeca0b6\"},\"headline\":\"RDC : La direction du M23 a nomm\u00e9 Lawrence Kanyuka comme porte-parole de l&rsquo;aile politique\",\"datePublished\":\"2022-08-02T21:49:39+00:00\",\"mainEntityOfPage\":{\"@id\":\"https:\\\/\\\/congovirtuel.com\\\/information\\\/rdc-la-direction-du-m23-a-nomme-lawrence-kanyuka-comme-porte-parole-de-laile-politique\\\/\"},\"wordCount\":182,\"commentCount\":0,\"publisher\":{\"@id\":\"https:\\\/\\\/congovirtuel.com\\\/information\\\/#organization\"},\"image\":{\"@id\":\"https:\\\/\\\/congovirtuel.com\\\/information\\\/rdc-la-direction-du-m23-a-nomme-lawrence-kanyuka-comme-porte-parole-de-laile-politique\\\/#primaryimage\"},\"thumbnailUrl\":\"https:\\\/\\\/congovirtuel.com\\\/information\\\/wp-content\\\/uploads\\\/2022\\\/08\\\/images-7.jpeg\",\"articleSection\":[\"Ins\u00e9curit\u00e9\"],\"inLanguage\":\"fr-FR\",\"potentialAction\":[{\"@type\":\"CommentAction\",\"name\":\"Comment\",\"target\":[\"https:\\\/\\\/congovirtuel.com\\\/information\\\/rdc-la-direction-du-m23-a-nomme-lawrence-kanyuka-comme-porte-parole-de-laile-politique\\\/#respond\"]}]},{\"@type\":\"WebPage\",\"@id\":\"https:\\\/\\\/congovirtuel.com\\\/information\\\/rdc-la-direction-du-m23-a-nomme-lawrence-kanyuka-comme-porte-parole-de-laile-politique\\\/\",\"url\":\"https:\\\/\\\/congovirtuel.com\\\/information\\\/rdc-la-direction-du-m23-a-nomme-lawrence-kanyuka-comme-porte-parole-de-laile-politique\\\/\",\"name\":\"RDC : La direction du M23 a nomm\u00e9 Lawrence Kanyuka comme porte-parole de l'aile politique - Actualit\u00e9s congolaises et internationales\",\"isPartOf\":{\"@id\":\"https:\\\/\\\/congovirtuel.com\\\/information\\\/#website\"},\"primaryImageOfPage\":{\"@id\":\"https:\\\/\\\/congovirtuel.com\\\/information\\\/rdc-la-direction-du-m23-a-nomme-lawrence-kanyuka-comme-porte-parole-de-laile-politique\\\/#primaryimage\"},\"image\":{\"@id\":\"https:\\\/\\\/congovirtuel.com\\\/information\\\/rdc-la-direction-du-m23-a-nomme-lawrence-kanyuka-comme-porte-parole-de-laile-politique\\\/#primaryimage\"},\"thumbnailUrl\":\"https:\\\/\\\/congovirtuel.com\\\/information\\\/wp-content\\\/uploads\\\/2022\\\/08\\\/images-7.jpeg\",\"datePublished\":\"2022-08-02T21:49:39+00:00\",\"breadcrumb\":{\"@id\":\"https:\\\/\\\/congovirtuel.com\\\/information\\\/rdc-la-direction-du-m23-a-nomme-lawrence-kanyuka-comme-porte-parole-de-laile-politique\\\/#breadcrumb\"},\"inLanguage\":\"fr-FR\",\"potentialAction\":[{\"@type\":\"ReadAction\",\"target\":[\"https:\\\/\\\/congovirtuel.com\\\/information\\\/rdc-la-direction-du-m23-a-nomme-lawrence-kanyuka-comme-porte-parole-de-laile-politique\\\/\"]}]},{\"@type\":\"ImageObject\",\"inLanguage\":\"fr-FR\",\"@id\":\"https:\\\/\\\/congovirtuel.com\\\/information\\\/rdc-la-direction-du-m23-a-nomme-lawrence-kanyuka-comme-porte-parole-de-laile-politique\\\/#primaryimage\",\"url\":\"https:\\\/\\\/congovirtuel.com\\\/information\\\/wp-content\\\/uploads\\\/2022\\\/08\\\/images-7.jpeg\",\"contentUrl\":\"https:\\\/\\\/congovirtuel.com\\\/information\\\/wp-content\\\/uploads\\\/2022\\\/08\\\/images-7.jpeg\",\"width\":479,\"height\":640},{\"@type\":\"BreadcrumbList\",\"@id\":\"https:\\\/\\\/congovirtuel.com\\\/information\\\/rdc-la-direction-du-m23-a-nomme-lawrence-kanyuka-comme-porte-parole-de-laile-politique\\\/#breadcrumb\",\"itemListElement\":[{\"@type\":\"ListItem\",\"position\":1,\"name\":\"Accueil\",\"item\":\"https:\\\/\\\/congovirtuel.com\\\/information\\\/\"},{\"@type\":\"ListItem\",\"position\":2,\"name\":\"RDC : La direction du M23 a nomm\u00e9 Lawrence Kanyuka comme porte-parole de l&rsquo;aile politique\"}]},{\"@type\":\"WebSite\",\"@id\":\"https:\\\/\\\/congovirtuel.com\\\/information\\\/#website\",\"url\":\"https:\\\/\\\/congovirtuel.com\\\/information\\\/\",\"name\":\"Actualit\u00e9s congolaises et internationales\",\"description\":\"site d&#039;analyse et de traitement d&#039;information\",\"publisher\":{\"@id\":\"https:\\\/\\\/congovirtuel.com\\\/information\\\/#organization\"},\"potentialAction\":[{\"@type\":\"SearchAction\",\"target\":{\"@type\":\"EntryPoint\",\"urlTemplate\":\"https:\\\/\\\/congovirtuel.com\\\/information\\\/?s={search_term_string}\"},\"query-input\":{\"@type\":\"PropertyValueSpecification\",\"valueRequired\":true,\"valueName\":\"search_term_string\"}}],\"inLanguage\":\"fr-FR\"},{\"@type\":\"Organization\",\"@id\":\"https:\\\/\\\/congovirtuel.com\\\/information\\\/#organization\",\"name\":\"Biblioth\u00e8que Virtuelle de la RDC\",\"url\":\"https:\\\/\\\/congovirtuel.com\\\/information\\\/\",\"logo\":{\"@type\":\"ImageObject\",\"inLanguage\":\"fr-FR\",\"@id\":\"https:\\\/\\\/congovirtuel.com\\\/information\\\/#\\\/schema\\\/logo\\\/image\\\/\",\"url\":\"https:\\\/\\\/congovirtuel.com\\\/information\\\/wp-content\\\/uploads\\\/2018\\\/10\\\/header-info-congovirtuel-vraie.jpg\",\"contentUrl\":\"https:\\\/\\\/congovirtuel.com\\\/information\\\/wp-content\\\/uploads\\\/2018\\\/10\\\/header-info-congovirtuel-vraie.jpg\",\"width\":728,\"height\":90,\"caption\":\"Biblioth\u00e8que Virtuelle de la RDC\"},\"image\":{\"@id\":\"https:\\\/\\\/congovirtuel.com\\\/information\\\/#\\\/schema\\\/logo\\\/image\\\/\"},\"sameAs\":[\"https:\\\/\\\/web.facebook.com\\\/Congovirtuel-763617960319601\\\/?ref=aymt_homepage_panel&amp;amp;amp;amp;amp;amp;amp;amp;amp;amp;amp;eid=ARCoxULa66767kIgF_KYav6VdjXTI4yk_LW4yoVO9s6NXpysgb7Cb65vpxcxgqzOAKvIbLQxaAETcqHT\",\"https:\\\/\\\/x.com\\\/congovirtuel\",\"https:\\\/\\\/www.youtube.com\\\/channel\\\/UCkFfprYzGgS3EWNpeMXpToQ?view_as=subscriber\"]},{\"@type\":\"Person\",\"@id\":\"https:\\\/\\\/congovirtuel.com\\\/information\\\/#\\\/schema\\\/person\\\/739a44bf7990966cb53d58d2fdeca0b6\",\"name\":\"infocongovirtuel\",\"image\":{\"@type\":\"ImageObject\",\"inLanguage\":\"fr-FR\",\"@id\":\"https:\\\/\\\/secure.gravatar.com\\\/avatar\\\/4d76991aa72469f0eb22e772586c99113c6997f88da636a9db8f2ce3a2c05e69?s=96&d=mm&r=g\",\"url\":\"https:\\\/\\\/secure.gravatar.com\\\/avatar\\\/4d76991aa72469f0eb22e772586c99113c6997f88da636a9db8f2ce3a2c05e69?s=96&d=mm&r=g\",\"contentUrl\":\"https:\\\/\\\/secure.gravatar.com\\\/avatar\\\/4d76991aa72469f0eb22e772586c99113c6997f88da636a9db8f2ce3a2c05e69?s=96&d=mm&r=g\",\"caption\":\"infocongovirtuel\"},\"url\":\"https:\\\/\\\/congovirtuel.com\\\/information\\\/author\\\/infocongovirtuel\\\/\"}]}<\/script>\n<!-- \/ Yoast SEO plugin. -->","yoast_head_json":{"title":"RDC : La direction du M23 a nomm\u00e9 Lawrence Kanyuka comme porte-parole de l'aile politique - Actualit\u00e9s congolaises et internationales","robots":{"index":"index","follow":"follow","max-snippet":"max-snippet:-1","max-image-preview":"max-image-preview:large","max-video-preview":"max-video-preview:-1"},"canonical":"https:\/\/congovirtuel.com\/information\/rdc-la-direction-du-m23-a-nomme-lawrence-kanyuka-comme-porte-parole-de-laile-politique\/","og_locale":"fr_FR","og_type":"article","og_title":"RDC : La direction du M23 a nomm\u00e9 Lawrence Kanyuka comme porte-parole de l'aile politique - Actualit\u00e9s congolaises et internationales","og_description":"La direction du M23 a nomm\u00e9 Lawrence Kanyuka comme porte-parole de l&rsquo;aile politique du groupe qui travaillera en \u00e9troite collaboration avec le porte-parole militaire, le Maj Willy Ngoma. La nouvelle nomination a \u00e9t\u00e9 annonc\u00e9e dans un communiqu\u00e9 publi\u00e9 par le groupe rebelle M23 le 31 juillet 2022. \u00ab\u00a0Nous avons nomm\u00e9 Lawrence Kanyuka comme porte-parole politique du M23 tandis que le major Willy Ngoma continuera \u00e0 servir de porte-parole militaire\u00ab\u00a0, lit-on dans un communiqu\u00e9 sign\u00e9 par Bertrand Bisimwa, le pr\u00e9sident du M23. Cela fait un certain temps que les combats entre&hellip;","og_url":"https:\/\/congovirtuel.com\/information\/rdc-la-direction-du-m23-a-nomme-lawrence-kanyuka-comme-porte-parole-de-laile-politique\/","og_site_name":"Actualit\u00e9s congolaises et internationales","article_publisher":"https:\/\/web.facebook.com\/Congovirtuel-763617960319601\/?ref=aymt_homepage_panel&amp%3bamp%3bamp%3bamp%3bamp%3bamp%3bamp%3bamp%3bamp%3bamp%3bamp%3beid=ARCoxULa66767kIgF_KYav6VdjXTI4yk_LW4yoVO9s6NXpysgb7Cb65vpxcxgqzOAKvIbLQxaAETcqHT","article_published_time":"2022-08-02T21:49:39+00:00","og_image":[{"width":479,"height":640,"url":"https:\/\/congovirtuel.com\/information\/wp-content\/uploads\/2022\/08\/images-7.jpeg","type":"image\/jpeg"}],"author":"infocongovirtuel","twitter_card":"summary_large_image","twitter_creator":"@congovirtuel","twitter_site":"@congovirtuel","twitter_misc":{"\u00c9crit par":"infocongovirtuel","Dur\u00e9e de lecture estim\u00e9e":"1 minute"},"schema":{"@context":"https:\/\/schema.org","@graph":[{"@type":"Article","@id":"https:\/\/congovirtuel.com\/information\/rdc-la-direction-du-m23-a-nomme-lawrence-kanyuka-comme-porte-parole-de-laile-politique\/#article","isPartOf":{"@id":"https:\/\/congovirtuel.com\/information\/rdc-la-direction-du-m23-a-nomme-lawrence-kanyuka-comme-porte-parole-de-laile-politique\/"},"author":{"name":"infocongovirtuel","@id":"https:\/\/congovirtuel.com\/information\/#\/schema\/person\/739a44bf7990966cb53d58d2fdeca0b6"},"headline":"RDC : La direction du M23 a nomm\u00e9 Lawrence Kanyuka comme porte-parole de l&rsquo;aile politique","datePublished":"2022-08-02T21:49:39+00:00","mainEntityOfPage":{"@id":"https:\/\/congovirtuel.com\/information\/rdc-la-direction-du-m23-a-nomme-lawrence-kanyuka-comme-porte-parole-de-laile-politique\/"},"wordCount":182,"commentCount":0,"publisher":{"@id":"https:\/\/congovirtuel.com\/information\/#organization"},"image":{"@id":"https:\/\/congovirtuel.com\/information\/rdc-la-direction-du-m23-a-nomme-lawrence-kanyuka-comme-porte-parole-de-laile-politique\/#primaryimage"},"thumbnailUrl":"https:\/\/congovirtuel.com\/information\/wp-content\/uploads\/2022\/08\/images-7.jpeg","articleSection":["Ins\u00e9curit\u00e9"],"inLanguage":"fr-FR","potentialAction":[{"@type":"CommentAction","name":"Comment","target":["https:\/\/congovirtuel.com\/information\/rdc-la-direction-du-m23-a-nomme-lawrence-kanyuka-comme-porte-parole-de-laile-politique\/#respond"]}]},{"@type":"WebPage","@id":"https:\/\/congovirtuel.com\/information\/rdc-la-direction-du-m23-a-nomme-lawrence-kanyuka-comme-porte-parole-de-laile-politique\/","url":"https:\/\/congovirtuel.com\/information\/rdc-la-direction-du-m23-a-nomme-lawrence-kanyuka-comme-porte-parole-de-laile-politique\/","name":"RDC : La direction du M23 a nomm\u00e9 Lawrence Kanyuka comme porte-parole de l'aile politique - Actualit\u00e9s congolaises et internationales","isPartOf":{"@id":"https:\/\/congovirtuel.com\/information\/#website"},"primaryImageOfPage":{"@id":"https:\/\/congovirtuel.com\/information\/rdc-la-direction-du-m23-a-nomme-lawrence-kanyuka-comme-porte-parole-de-laile-politique\/#primaryimage"},"image":{"@id":"https:\/\/congovirtuel.com\/information\/rdc-la-direction-du-m23-a-nomme-lawrence-kanyuka-comme-porte-parole-de-laile-politique\/#primaryimage"},"thumbnailUrl":"https:\/\/congovirtuel.com\/information\/wp-content\/uploads\/2022\/08\/images-7.jpeg","datePublished":"2022-08-02T21:49:39+00:00","breadcrumb":{"@id":"https:\/\/congovirtuel.com\/information\/rdc-la-direction-du-m23-a-nomme-lawrence-kanyuka-comme-porte-parole-de-laile-politique\/#breadcrumb"},"inLanguage":"fr-FR","potentialAction":[{"@type":"ReadAction","target":["https:\/\/congovirtuel.com\/information\/rdc-la-direction-du-m23-a-nomme-lawrence-kanyuka-comme-porte-parole-de-laile-politique\/"]}]},{"@type":"ImageObject","inLanguage":"fr-FR","@id":"https:\/\/congovirtuel.com\/information\/rdc-la-direction-du-m23-a-nomme-lawrence-kanyuka-comme-porte-parole-de-laile-politique\/#primaryimage","url":"https:\/\/congovirtuel.com\/information\/wp-content\/uploads\/2022\/08\/images-7.jpeg","contentUrl":"https:\/\/congovirtuel.com\/information\/wp-content\/uploads\/2022\/08\/images-7.jpeg","width":479,"height":640},{"@type":"BreadcrumbList","@id":"https:\/\/congovirtuel.com\/information\/rdc-la-direction-du-m23-a-nomme-lawrence-kanyuka-comme-porte-parole-de-laile-politique\/#breadcrumb","itemListElement":[{"@type":"ListItem","position":1,"name":"Accueil","item":"https:\/\/congovirtuel.com\/information\/"},{"@type":"ListItem","position":2,"name":"RDC : La direction du M23 a nomm\u00e9 Lawrence Kanyuka comme porte-parole de l&rsquo;aile politique"}]},{"@type":"WebSite","@id":"https:\/\/congovirtuel.com\/information\/#website","url":"https:\/\/congovirtuel.com\/information\/","name":"Actualit\u00e9s congolaises et internationales","description":"site d&#039;analyse et de traitement d&#039;information","publisher":{"@id":"https:\/\/congovirtuel.com\/information\/#organization"},"potentialAction":[{"@type":"SearchAction","target":{"@type":"EntryPoint","urlTemplate":"https:\/\/congovirtuel.com\/information\/?s={search_term_string}"},"query-input":{"@type":"PropertyValueSpecification","valueRequired":true,"valueName":"search_term_string"}}],"inLanguage":"fr-FR"},{"@type":"Organization","@id":"https:\/\/congovirtuel.com\/information\/#organization","name":"Biblioth\u00e8que Virtuelle de la RDC","url":"https:\/\/congovirtuel.com\/information\/","logo":{"@type":"ImageObject","inLanguage":"fr-FR","@id":"https:\/\/congovirtuel.com\/information\/#\/schema\/logo\/image\/","url":"https:\/\/congovirtuel.com\/information\/wp-content\/uploads\/2018\/10\/header-info-congovirtuel-vraie.jpg","contentUrl":"https:\/\/congovirtuel.com\/information\/wp-content\/uploads\/2018\/10\/header-info-congovirtuel-vraie.jpg","width":728,"height":90,"caption":"Biblioth\u00e8que Virtuelle de la RDC"},"image":{"@id":"https:\/\/congovirtuel.com\/information\/#\/schema\/logo\/image\/"},"sameAs":["https:\/\/web.facebook.com\/Congovirtuel-763617960319601\/?ref=aymt_homepage_panel&amp;amp;amp;amp;amp;amp;amp;amp;amp;amp;amp;eid=ARCoxULa66767kIgF_KYav6VdjXTI4yk_LW4yoVO9s6NXpysgb7Cb65vpxcxgqzOAKvIbLQxaAETcqHT","https:\/\/x.com\/congovirtuel","https:\/\/www.youtube.com\/channel\/UCkFfprYzGgS3EWNpeMXpToQ?view_as=subscriber"]},{"@type":"Person","@id":"https:\/\/congovirtuel.com\/information\/#\/schema\/person\/739a44bf7990966cb53d58d2fdeca0b6","name":"infocongovirtuel","image":{"@type":"ImageObject","inLanguage":"fr-FR","@id":"https:\/\/secure.gravatar.com\/avatar\/4d76991aa72469f0eb22e772586c99113c6997f88da636a9db8f2ce3a2c05e69?s=96&d=mm&r=g","url":"https:\/\/secure.gravatar.com\/avatar\/4d76991aa72469f0eb22e772586c99113c6997f88da636a9db8f2ce3a2c05e69?s=96&d=mm&r=g","contentUrl":"https:\/\/secure.gravatar.com\/avatar\/4d76991aa72469f0eb22e772586c99113c6997f88da636a9db8f2ce3a2c05e69?s=96&d=mm&r=g","caption":"infocongovirtuel"},"url":"https:\/\/congovirtuel.com\/information\/author\/infocongovirtuel\/"}]}},"gt_translate_keys":[{"key":"link","format":"url"}],"_links":{"self":[{"href":"https:\/\/congovirtuel.com\/information\/wp-json\/wp\/v2\/posts\/19971","targetHints":{"allow":["GET"]}}],"collection":[{"href":"https:\/\/congovirtuel.com\/information\/wp-json\/wp\/v2\/posts"}],"about":[{"href":"https:\/\/congovirtuel.com\/information\/wp-json\/wp\/v2\/types\/post"}],"author":[{"embeddable":true,"href":"https:\/\/congovirtuel.com\/information\/wp-json\/wp\/v2\/users\/1"}],"replies":[{"embeddable":true,"href":"https:\/\/congovirtuel.com\/information\/wp-json\/wp\/v2\/comments?post=19971"}],"version-history":[{"count":1,"href":"https:\/\/congovirtuel.com\/information\/wp-json\/wp\/v2\/posts\/19971\/revisions"}],"predecessor-version":[{"id":19972,"href":"https:\/\/congovirtuel.com\/information\/wp-json\/wp\/v2\/posts\/19971\/revisions\/19972"}],"wp:featuredmedia":[{"embeddable":true,"href":"https:\/\/congovirtuel.com\/information\/wp-json\/wp\/v2\/media\/19970"}],"wp:attachment":[{"href":"https:\/\/congovirtuel.com\/information\/wp-json\/wp\/v2\/media?parent=19971"}],"wp:term":[{"taxonomy":"category","embeddable":true,"href":"https:\/\/congovirtuel.com\/information\/wp-json\/wp\/v2\/categories?post=19971"},{"taxonomy":"post_tag","embeddable":true,"href":"https:\/\/congovirtuel.com\/information\/wp-json\/wp\/v2\/tags?post=19971"}],"curies":[{"name":"wp","href":"https:\/\/api.w.org\/{rel}","templated":true}]}}