{"id":19994,"date":"2022-08-05T11:36:38","date_gmt":"2022-08-05T10:36:38","guid":{"rendered":"https:\/\/congovirtuel.com\/information\/?p=19994"},"modified":"2022-08-05T11:36:38","modified_gmt":"2022-08-05T10:36:38","slug":"rdc-refus-de-repondre-a-linvitation-de-c-mboso-kabund-sous-la-menace-de-la-levee-de-ses-immunites","status":"publish","type":"post","link":"https:\/\/congovirtuel.com\/information\/rdc-refus-de-repondre-a-linvitation-de-c-mboso-kabund-sous-la-menace-de-la-levee-de-ses-immunites\/","title":{"rendered":"RDC: Refus de r\u00e9pondre \u00e0 l\u2019invitation de C. Mboso: Kabund sous la menace de la lev\u00e9e de ses immunit\u00e9s","gt_translate_keys":[{"key":"rendered","format":"text"}]},"content":{"rendered":"<p>L\u2019ancien premier vice-pr\u00e9sident de l\u2019Assembl\u00e9e nationale, Jean-Marc Kabund-a-Kabund, ne s\u2019est pas pr\u00e9sent\u00e9 hier jeudi 4 ao\u00fbt au Bureau de l\u2019Assembl\u00e9e nationale, o\u00f9 il \u00e9tait convoqu\u00e9 pour \u00eatre auditionn\u00e9 au sujet du r\u00e9quisitoire du procureur g\u00e9n\u00e9ral pr\u00e8s la Cour de cassation sollicitant l\u2019autorisation des poursuites judiciaires et la lev\u00e9e de ses immunit\u00e9s parlementaires avant la fin de l\u2019instruction initi\u00e9e par cette instance. Pr\u00e9sident national int\u00e9rimaire d\u00e9chu de l\u2019Union pour la D\u00e9mocratie et le Progr\u00e8s Social (UDPS), Kabund a pr\u00e9f\u00e9r\u00e9 envoyer une correspondance \u00e0 Christophe Mboso Nkodia Pwanga, pr\u00e9sident du Bureau de la Chambre basse du Parlement.<\/p>\n<p>Dans cette missive, homme d\u00e9nonce ce qu\u2019il appelle \u00ab\u00a0certaines irr\u00e9gularit\u00e9s\u00a0\u00bb contenues dans la d\u00e9marche entam\u00e9e \u00e0 son \u00e9gard par le chef du Bureau de la Repr\u00e9sentation nationale. \u00ab\u00a0Comment le procureur g\u00e9n\u00e9ral, qui m\u2019a entendu dans la proc\u00e9dure d\u2019instruction le 28 juillet 2022 sur base du r\u00e9quisitoire n\u00b0 RMP.V\/0100\/PGCCAS\/ 2022\/USE du 26 Juillet 2022, et m\u2019a r\u00e9 convoqu\u00e9 le 09 ao\u00fbt 2022, pouvait-il vous saisir pour demander l\u2019autorisation des poursuites et de la lev\u00e9e de mes immunit\u00e9s par son r\u00e9quisitoire n\u00b0 4375\/RMP.V\/0100\/PGCCAS\/USE\/2022 du 29 juillet 2022, soit 1 jour apr\u00e8s ma premi\u00e8re comparution, alors que l\u2019instruction du dossier est en cours, si on s\u2019en tient au mandat de comparution \u00e9mis le 02 aout 2022 ?\u00a0\u00bb, demande Kabund \u00e0 Mboso.<\/p>\n<p>Dans le m\u00eame ordre d\u2019id\u00e9es, l\u2019ancien pr\u00e9sident int\u00e9rimaire du parti pr\u00e9sidentiel devenu opposant rappelle au speaker de l\u2019Assembl\u00e9e nationale que, concernant le premier r\u00e9quisitoire, le Bureau de cette Chambre l\u00e9gislative ne lui a pas r\u00e9serv\u00e9 copie de la d\u00e9cision qu\u2019il a pourtant communiqu\u00e9e au parquet g\u00e9n\u00e9ral pr\u00e8s la Cour de Cassation.<\/p>\n<h2>Un argument non convaincant<\/h2>\n<p>De l\u2019avis de Jean-Marc Kabund, cette fa\u00e7on d\u2019agir n\u2019est pas conforme \u00e0 \u00ab\u00a0l\u2019article 107, alin\u00e9a 1 de la Constitution du 18 f\u00e9vrier 2006 de la R\u00e9publique d\u00e9mocratique du Congo qui \u00e9nonce : aucun parlementaire ne peut \u00eatre poursuivi, recherch\u00e9, arr\u00eat\u00e9, d\u00e9tenu ou jug\u00e9 en raison des opinions pour votes \u00e9mis par lui dans l\u2019exercice de ses fonctions\u00a0\u00bb.<\/p>\n<p>Et de poursuivre\u00a0: \u00ab\u00a0En respect des droits de la d\u00e9fense, l\u2019Assembl\u00e9e nationale aurait d\u00fb me communiquer le r\u00e9quisitoire du parquet g\u00e9n\u00e9ral qui contiendrait des infractions \u00e0 ma charge, pour me permettre de pr\u00e9parer ma d\u00e9fense et ce, en vertu de l\u2019article 19, alin\u00e9a 3 de la Constitution du 18 f\u00e9vrier 2006 de la R\u00e9publique d\u00e9mocratique du Congo qui \u00e9nonce : le droit de la d\u00e9fense est organis\u00e9 et garanti\u00a0\u00bb.<\/p>\n<p>Pour conclure, Kabund demande \u00e0 Mboso de bien vouloir surseoir \u00e0 la d\u00e9marche relative \u00e0 la lev\u00e9e des immunit\u00e9s jusqu\u2019\u00e0 la cl\u00f4ture de l\u2019instruction judiciaire du dossier car, dit-il, \u00ab\u00a0j\u2019aimerais avoir un proc\u00e8s \u00e9quitable\u00a0\u00bb. Pour leur part, les analystes osent croire que \u00ab\u00a0l\u2019article 107, alin\u00e9a 1 de la Constitution du 18 f\u00e9vrier 2006\u00a0\u00bb sus \u00e9voqu\u00e9 par le pr\u00e9sident national de l\u2019Alliance pour le changement (AC) ne semble pas du tout convaincant.<\/p>\n<p>Pour cette raison, ils estiment que le concerne risque une lev\u00e9e des immunit\u00e9s par d\u00e9faut car, les propos jug\u00e9s outrageants prof\u00e9r\u00e9s par Jean-Marc Kabund lors de sa derni\u00e8re sortie m\u00e9diatique n\u2019ont pas \u00e9t\u00e9 exprim\u00e9s \u00ab dans l\u2019exercice de ses fonctions\u00a0\u00bb, mais en pleines vacances parlementaires et que la Constitution n\u2019autorise pas des injures publiques. D\u2019ailleurs, certains commentateurs assurent que Kabund aurait bien fait de s\u2019exprimer devant ses pairs d\u00e9put\u00e9s.<\/p>\n<p>CNTV<\/p>\n","protected":false,"gt_translate_keys":[{"key":"rendered","format":"html"}]},"excerpt":{"rendered":"<p>L\u2019ancien premier vice-pr\u00e9sident de l\u2019Assembl\u00e9e nationale, Jean-Marc Kabund-a-Kabund, ne s\u2019est pas pr\u00e9sent\u00e9 hier jeudi 4 ao\u00fbt au Bureau de l\u2019Assembl\u00e9e nationale, o\u00f9 il \u00e9tait convoqu\u00e9 pour \u00eatre auditionn\u00e9 au sujet du r\u00e9quisitoire du procureur g\u00e9n\u00e9ral pr\u00e8s la Cour de cassation sollicitant l\u2019autorisation des poursuites judiciaires et la lev\u00e9e de ses immunit\u00e9s parlementaires avant la fin de l\u2019instruction initi\u00e9e par cette instance. Pr\u00e9sident national int\u00e9rimaire d\u00e9chu de l\u2019Union pour la D\u00e9mocratie et le Progr\u00e8s Social (UDPS), Kabund a pr\u00e9f\u00e9r\u00e9 envoyer une correspondance \u00e0 Christophe Mboso Nkodia Pwanga, pr\u00e9sident du Bureau de&hellip;<\/p>\n","protected":false,"gt_translate_keys":[{"key":"rendered","format":"html"}]},"author":1,"featured_media":19995,"comment_status":"open","ping_status":"open","sticky":false,"template":"","format":"standard","meta":{"_crdt_document":"","footnotes":""},"categories":[1260],"tags":[37259],"class_list":["post-19994","post","type-post","status-publish","format-standard","has-post-thumbnail","hentry","category-opposition","tag-levee-des-immunites-kabund"],"gutentor_comment":0,"yoast_head":"<!-- This site is optimized with the Yoast SEO plugin v27.5 - https:\/\/yoast.com\/product\/yoast-seo-wordpress\/ -->\n<title>RDC: Refus de r\u00e9pondre \u00e0 l\u2019invitation de C. Mboso: Kabund sous la menace de la lev\u00e9e de ses immunit\u00e9s - Actualit\u00e9s congolaises et internationales<\/title>\n<meta name=\"robots\" content=\"index, follow, max-snippet:-1, max-image-preview:large, max-video-preview:-1\" \/>\n<link rel=\"canonical\" href=\"https:\/\/congovirtuel.com\/information\/rdc-refus-de-repondre-a-linvitation-de-c-mboso-kabund-sous-la-menace-de-la-levee-de-ses-immunites\/\" \/>\n<meta property=\"og:locale\" content=\"fr_FR\" \/>\n<meta property=\"og:type\" content=\"article\" \/>\n<meta property=\"og:title\" content=\"RDC: Refus de r\u00e9pondre \u00e0 l\u2019invitation de C. Mboso: Kabund sous la menace de la lev\u00e9e de ses immunit\u00e9s - Actualit\u00e9s congolaises et internationales\" \/>\n<meta property=\"og:description\" content=\"L\u2019ancien premier vice-pr\u00e9sident de l\u2019Assembl\u00e9e nationale, Jean-Marc Kabund-a-Kabund, ne s\u2019est pas pr\u00e9sent\u00e9 hier jeudi 4 ao\u00fbt au Bureau de l\u2019Assembl\u00e9e nationale, o\u00f9 il \u00e9tait convoqu\u00e9 pour \u00eatre auditionn\u00e9 au sujet du r\u00e9quisitoire du procureur g\u00e9n\u00e9ral pr\u00e8s la Cour de cassation sollicitant l\u2019autorisation des poursuites judiciaires et la lev\u00e9e de ses immunit\u00e9s parlementaires avant la fin de l\u2019instruction initi\u00e9e par cette instance. Pr\u00e9sident national int\u00e9rimaire d\u00e9chu de l\u2019Union pour la D\u00e9mocratie et le Progr\u00e8s Social (UDPS), Kabund a pr\u00e9f\u00e9r\u00e9 envoyer une correspondance \u00e0 Christophe Mboso Nkodia Pwanga, pr\u00e9sident du Bureau de&hellip;\" \/>\n<meta property=\"og:url\" content=\"https:\/\/congovirtuel.com\/information\/rdc-refus-de-repondre-a-linvitation-de-c-mboso-kabund-sous-la-menace-de-la-levee-de-ses-immunites\/\" \/>\n<meta property=\"og:site_name\" content=\"Actualit\u00e9s congolaises et internationales\" \/>\n<meta property=\"article:publisher\" content=\"https:\/\/web.facebook.com\/Congovirtuel-763617960319601\/?ref=aymt_homepage_panel&amp;amp%3bamp%3bamp%3bamp%3bamp%3bamp%3bamp%3bamp%3bamp%3bamp%3bamp%3beid=ARCoxULa66767kIgF_KYav6VdjXTI4yk_LW4yoVO9s6NXpysgb7Cb65vpxcxgqzOAKvIbLQxaAETcqHT\" \/>\n<meta property=\"article:published_time\" content=\"2022-08-05T10:36:38+00:00\" \/>\n<meta property=\"og:image\" content=\"https:\/\/congovirtuel.com\/information\/wp-content\/uploads\/2022\/08\/mboso_kabund-1200-x-628.jpg\" \/>\n\t<meta property=\"og:image:width\" content=\"1200\" \/>\n\t<meta property=\"og:image:height\" content=\"628\" \/>\n\t<meta property=\"og:image:type\" content=\"image\/jpeg\" \/>\n<meta name=\"author\" content=\"infocongovirtuel\" \/>\n<meta name=\"twitter:card\" content=\"summary_large_image\" \/>\n<meta name=\"twitter:creator\" content=\"@congovirtuel\" \/>\n<meta name=\"twitter:site\" content=\"@congovirtuel\" \/>\n<meta name=\"twitter:label1\" content=\"\u00c9crit par\" \/>\n\t<meta name=\"twitter:data1\" content=\"infocongovirtuel\" \/>\n\t<meta name=\"twitter:label2\" content=\"Dur\u00e9e de lecture estim\u00e9e\" \/>\n\t<meta name=\"twitter:data2\" content=\"3 minutes\" \/>\n<script type=\"application\/ld+json\" class=\"yoast-schema-graph\">{\"@context\":\"https:\\\/\\\/schema.org\",\"@graph\":[{\"@type\":\"Article\",\"@id\":\"https:\\\/\\\/congovirtuel.com\\\/information\\\/rdc-refus-de-repondre-a-linvitation-de-c-mboso-kabund-sous-la-menace-de-la-levee-de-ses-immunites\\\/#article\",\"isPartOf\":{\"@id\":\"https:\\\/\\\/congovirtuel.com\\\/information\\\/rdc-refus-de-repondre-a-linvitation-de-c-mboso-kabund-sous-la-menace-de-la-levee-de-ses-immunites\\\/\"},\"author\":{\"name\":\"infocongovirtuel\",\"@id\":\"https:\\\/\\\/congovirtuel.com\\\/information\\\/#\\\/schema\\\/person\\\/739a44bf7990966cb53d58d2fdeca0b6\"},\"headline\":\"RDC: Refus de r\u00e9pondre \u00e0 l\u2019invitation de C. Mboso: Kabund sous la menace de la lev\u00e9e de ses immunit\u00e9s\",\"datePublished\":\"2022-08-05T10:36:38+00:00\",\"mainEntityOfPage\":{\"@id\":\"https:\\\/\\\/congovirtuel.com\\\/information\\\/rdc-refus-de-repondre-a-linvitation-de-c-mboso-kabund-sous-la-menace-de-la-levee-de-ses-immunites\\\/\"},\"wordCount\":648,\"commentCount\":0,\"publisher\":{\"@id\":\"https:\\\/\\\/congovirtuel.com\\\/information\\\/#organization\"},\"image\":{\"@id\":\"https:\\\/\\\/congovirtuel.com\\\/information\\\/rdc-refus-de-repondre-a-linvitation-de-c-mboso-kabund-sous-la-menace-de-la-levee-de-ses-immunites\\\/#primaryimage\"},\"thumbnailUrl\":\"https:\\\/\\\/congovirtuel.com\\\/information\\\/wp-content\\\/uploads\\\/2022\\\/08\\\/mboso_kabund-1200-x-628.jpg\",\"keywords\":[\"lev\u00e9e des immunit\u00e9s Kabund\"],\"articleSection\":[\"Opposition\"],\"inLanguage\":\"fr-FR\",\"potentialAction\":[{\"@type\":\"CommentAction\",\"name\":\"Comment\",\"target\":[\"https:\\\/\\\/congovirtuel.com\\\/information\\\/rdc-refus-de-repondre-a-linvitation-de-c-mboso-kabund-sous-la-menace-de-la-levee-de-ses-immunites\\\/#respond\"]}]},{\"@type\":\"WebPage\",\"@id\":\"https:\\\/\\\/congovirtuel.com\\\/information\\\/rdc-refus-de-repondre-a-linvitation-de-c-mboso-kabund-sous-la-menace-de-la-levee-de-ses-immunites\\\/\",\"url\":\"https:\\\/\\\/congovirtuel.com\\\/information\\\/rdc-refus-de-repondre-a-linvitation-de-c-mboso-kabund-sous-la-menace-de-la-levee-de-ses-immunites\\\/\",\"name\":\"RDC: Refus de r\u00e9pondre \u00e0 l\u2019invitation de C. Mboso: Kabund sous la menace de la lev\u00e9e de ses immunit\u00e9s - Actualit\u00e9s congolaises et internationales\",\"isPartOf\":{\"@id\":\"https:\\\/\\\/congovirtuel.com\\\/information\\\/#website\"},\"primaryImageOfPage\":{\"@id\":\"https:\\\/\\\/congovirtuel.com\\\/information\\\/rdc-refus-de-repondre-a-linvitation-de-c-mboso-kabund-sous-la-menace-de-la-levee-de-ses-immunites\\\/#primaryimage\"},\"image\":{\"@id\":\"https:\\\/\\\/congovirtuel.com\\\/information\\\/rdc-refus-de-repondre-a-linvitation-de-c-mboso-kabund-sous-la-menace-de-la-levee-de-ses-immunites\\\/#primaryimage\"},\"thumbnailUrl\":\"https:\\\/\\\/congovirtuel.com\\\/information\\\/wp-content\\\/uploads\\\/2022\\\/08\\\/mboso_kabund-1200-x-628.jpg\",\"datePublished\":\"2022-08-05T10:36:38+00:00\",\"breadcrumb\":{\"@id\":\"https:\\\/\\\/congovirtuel.com\\\/information\\\/rdc-refus-de-repondre-a-linvitation-de-c-mboso-kabund-sous-la-menace-de-la-levee-de-ses-immunites\\\/#breadcrumb\"},\"inLanguage\":\"fr-FR\",\"potentialAction\":[{\"@type\":\"ReadAction\",\"target\":[\"https:\\\/\\\/congovirtuel.com\\\/information\\\/rdc-refus-de-repondre-a-linvitation-de-c-mboso-kabund-sous-la-menace-de-la-levee-de-ses-immunites\\\/\"]}]},{\"@type\":\"ImageObject\",\"inLanguage\":\"fr-FR\",\"@id\":\"https:\\\/\\\/congovirtuel.com\\\/information\\\/rdc-refus-de-repondre-a-linvitation-de-c-mboso-kabund-sous-la-menace-de-la-levee-de-ses-immunites\\\/#primaryimage\",\"url\":\"https:\\\/\\\/congovirtuel.com\\\/information\\\/wp-content\\\/uploads\\\/2022\\\/08\\\/mboso_kabund-1200-x-628.jpg\",\"contentUrl\":\"https:\\\/\\\/congovirtuel.com\\\/information\\\/wp-content\\\/uploads\\\/2022\\\/08\\\/mboso_kabund-1200-x-628.jpg\",\"width\":1200,\"height\":628,\"caption\":\"JM Kabund et Mboso\"},{\"@type\":\"BreadcrumbList\",\"@id\":\"https:\\\/\\\/congovirtuel.com\\\/information\\\/rdc-refus-de-repondre-a-linvitation-de-c-mboso-kabund-sous-la-menace-de-la-levee-de-ses-immunites\\\/#breadcrumb\",\"itemListElement\":[{\"@type\":\"ListItem\",\"position\":1,\"name\":\"Accueil\",\"item\":\"https:\\\/\\\/congovirtuel.com\\\/information\\\/\"},{\"@type\":\"ListItem\",\"position\":2,\"name\":\"RDC: Refus de r\u00e9pondre \u00e0 l\u2019invitation de C. Mboso: Kabund sous la menace de la lev\u00e9e de ses immunit\u00e9s\"}]},{\"@type\":\"WebSite\",\"@id\":\"https:\\\/\\\/congovirtuel.com\\\/information\\\/#website\",\"url\":\"https:\\\/\\\/congovirtuel.com\\\/information\\\/\",\"name\":\"Actualit\u00e9s congolaises et internationales\",\"description\":\"site d&#039;analyse et de traitement d&#039;information\",\"publisher\":{\"@id\":\"https:\\\/\\\/congovirtuel.com\\\/information\\\/#organization\"},\"potentialAction\":[{\"@type\":\"SearchAction\",\"target\":{\"@type\":\"EntryPoint\",\"urlTemplate\":\"https:\\\/\\\/congovirtuel.com\\\/information\\\/?s={search_term_string}\"},\"query-input\":{\"@type\":\"PropertyValueSpecification\",\"valueRequired\":true,\"valueName\":\"search_term_string\"}}],\"inLanguage\":\"fr-FR\"},{\"@type\":\"Organization\",\"@id\":\"https:\\\/\\\/congovirtuel.com\\\/information\\\/#organization\",\"name\":\"Biblioth\u00e8que Virtuelle de la RDC\",\"url\":\"https:\\\/\\\/congovirtuel.com\\\/information\\\/\",\"logo\":{\"@type\":\"ImageObject\",\"inLanguage\":\"fr-FR\",\"@id\":\"https:\\\/\\\/congovirtuel.com\\\/information\\\/#\\\/schema\\\/logo\\\/image\\\/\",\"url\":\"https:\\\/\\\/congovirtuel.com\\\/information\\\/wp-content\\\/uploads\\\/2018\\\/10\\\/header-info-congovirtuel-vraie.jpg\",\"contentUrl\":\"https:\\\/\\\/congovirtuel.com\\\/information\\\/wp-content\\\/uploads\\\/2018\\\/10\\\/header-info-congovirtuel-vraie.jpg\",\"width\":728,\"height\":90,\"caption\":\"Biblioth\u00e8que Virtuelle de la RDC\"},\"image\":{\"@id\":\"https:\\\/\\\/congovirtuel.com\\\/information\\\/#\\\/schema\\\/logo\\\/image\\\/\"},\"sameAs\":[\"https:\\\/\\\/web.facebook.com\\\/Congovirtuel-763617960319601\\\/?ref=aymt_homepage_panel&amp;amp;amp;amp;amp;amp;amp;amp;amp;amp;amp;eid=ARCoxULa66767kIgF_KYav6VdjXTI4yk_LW4yoVO9s6NXpysgb7Cb65vpxcxgqzOAKvIbLQxaAETcqHT\",\"https:\\\/\\\/x.com\\\/congovirtuel\",\"https:\\\/\\\/www.youtube.com\\\/channel\\\/UCkFfprYzGgS3EWNpeMXpToQ?view_as=subscriber\"]},{\"@type\":\"Person\",\"@id\":\"https:\\\/\\\/congovirtuel.com\\\/information\\\/#\\\/schema\\\/person\\\/739a44bf7990966cb53d58d2fdeca0b6\",\"name\":\"infocongovirtuel\",\"image\":{\"@type\":\"ImageObject\",\"inLanguage\":\"fr-FR\",\"@id\":\"https:\\\/\\\/secure.gravatar.com\\\/avatar\\\/4d76991aa72469f0eb22e772586c99113c6997f88da636a9db8f2ce3a2c05e69?s=96&d=mm&r=g\",\"url\":\"https:\\\/\\\/secure.gravatar.com\\\/avatar\\\/4d76991aa72469f0eb22e772586c99113c6997f88da636a9db8f2ce3a2c05e69?s=96&d=mm&r=g\",\"contentUrl\":\"https:\\\/\\\/secure.gravatar.com\\\/avatar\\\/4d76991aa72469f0eb22e772586c99113c6997f88da636a9db8f2ce3a2c05e69?s=96&d=mm&r=g\",\"caption\":\"infocongovirtuel\"},\"url\":\"https:\\\/\\\/congovirtuel.com\\\/information\\\/author\\\/infocongovirtuel\\\/\"}]}<\/script>\n<!-- \/ Yoast SEO plugin. -->","yoast_head_json":{"title":"RDC: Refus de r\u00e9pondre \u00e0 l\u2019invitation de C. Mboso: Kabund sous la menace de la lev\u00e9e de ses immunit\u00e9s - Actualit\u00e9s congolaises et internationales","robots":{"index":"index","follow":"follow","max-snippet":"max-snippet:-1","max-image-preview":"max-image-preview:large","max-video-preview":"max-video-preview:-1"},"canonical":"https:\/\/congovirtuel.com\/information\/rdc-refus-de-repondre-a-linvitation-de-c-mboso-kabund-sous-la-menace-de-la-levee-de-ses-immunites\/","og_locale":"fr_FR","og_type":"article","og_title":"RDC: Refus de r\u00e9pondre \u00e0 l\u2019invitation de C. Mboso: Kabund sous la menace de la lev\u00e9e de ses immunit\u00e9s - Actualit\u00e9s congolaises et internationales","og_description":"L\u2019ancien premier vice-pr\u00e9sident de l\u2019Assembl\u00e9e nationale, Jean-Marc Kabund-a-Kabund, ne s\u2019est pas pr\u00e9sent\u00e9 hier jeudi 4 ao\u00fbt au Bureau de l\u2019Assembl\u00e9e nationale, o\u00f9 il \u00e9tait convoqu\u00e9 pour \u00eatre auditionn\u00e9 au sujet du r\u00e9quisitoire du procureur g\u00e9n\u00e9ral pr\u00e8s la Cour de cassation sollicitant l\u2019autorisation des poursuites judiciaires et la lev\u00e9e de ses immunit\u00e9s parlementaires avant la fin de l\u2019instruction initi\u00e9e par cette instance. Pr\u00e9sident national int\u00e9rimaire d\u00e9chu de l\u2019Union pour la D\u00e9mocratie et le Progr\u00e8s Social (UDPS), Kabund a pr\u00e9f\u00e9r\u00e9 envoyer une correspondance \u00e0 Christophe Mboso Nkodia Pwanga, pr\u00e9sident du Bureau de&hellip;","og_url":"https:\/\/congovirtuel.com\/information\/rdc-refus-de-repondre-a-linvitation-de-c-mboso-kabund-sous-la-menace-de-la-levee-de-ses-immunites\/","og_site_name":"Actualit\u00e9s congolaises et internationales","article_publisher":"https:\/\/web.facebook.com\/Congovirtuel-763617960319601\/?ref=aymt_homepage_panel&amp%3bamp%3bamp%3bamp%3bamp%3bamp%3bamp%3bamp%3bamp%3bamp%3bamp%3beid=ARCoxULa66767kIgF_KYav6VdjXTI4yk_LW4yoVO9s6NXpysgb7Cb65vpxcxgqzOAKvIbLQxaAETcqHT","article_published_time":"2022-08-05T10:36:38+00:00","og_image":[{"width":1200,"height":628,"url":"https:\/\/congovirtuel.com\/information\/wp-content\/uploads\/2022\/08\/mboso_kabund-1200-x-628.jpg","type":"image\/jpeg"}],"author":"infocongovirtuel","twitter_card":"summary_large_image","twitter_creator":"@congovirtuel","twitter_site":"@congovirtuel","twitter_misc":{"\u00c9crit par":"infocongovirtuel","Dur\u00e9e de lecture estim\u00e9e":"3 minutes"},"schema":{"@context":"https:\/\/schema.org","@graph":[{"@type":"Article","@id":"https:\/\/congovirtuel.com\/information\/rdc-refus-de-repondre-a-linvitation-de-c-mboso-kabund-sous-la-menace-de-la-levee-de-ses-immunites\/#article","isPartOf":{"@id":"https:\/\/congovirtuel.com\/information\/rdc-refus-de-repondre-a-linvitation-de-c-mboso-kabund-sous-la-menace-de-la-levee-de-ses-immunites\/"},"author":{"name":"infocongovirtuel","@id":"https:\/\/congovirtuel.com\/information\/#\/schema\/person\/739a44bf7990966cb53d58d2fdeca0b6"},"headline":"RDC: Refus de r\u00e9pondre \u00e0 l\u2019invitation de C. Mboso: Kabund sous la menace de la lev\u00e9e de ses immunit\u00e9s","datePublished":"2022-08-05T10:36:38+00:00","mainEntityOfPage":{"@id":"https:\/\/congovirtuel.com\/information\/rdc-refus-de-repondre-a-linvitation-de-c-mboso-kabund-sous-la-menace-de-la-levee-de-ses-immunites\/"},"wordCount":648,"commentCount":0,"publisher":{"@id":"https:\/\/congovirtuel.com\/information\/#organization"},"image":{"@id":"https:\/\/congovirtuel.com\/information\/rdc-refus-de-repondre-a-linvitation-de-c-mboso-kabund-sous-la-menace-de-la-levee-de-ses-immunites\/#primaryimage"},"thumbnailUrl":"https:\/\/congovirtuel.com\/information\/wp-content\/uploads\/2022\/08\/mboso_kabund-1200-x-628.jpg","keywords":["lev\u00e9e des immunit\u00e9s Kabund"],"articleSection":["Opposition"],"inLanguage":"fr-FR","potentialAction":[{"@type":"CommentAction","name":"Comment","target":["https:\/\/congovirtuel.com\/information\/rdc-refus-de-repondre-a-linvitation-de-c-mboso-kabund-sous-la-menace-de-la-levee-de-ses-immunites\/#respond"]}]},{"@type":"WebPage","@id":"https:\/\/congovirtuel.com\/information\/rdc-refus-de-repondre-a-linvitation-de-c-mboso-kabund-sous-la-menace-de-la-levee-de-ses-immunites\/","url":"https:\/\/congovirtuel.com\/information\/rdc-refus-de-repondre-a-linvitation-de-c-mboso-kabund-sous-la-menace-de-la-levee-de-ses-immunites\/","name":"RDC: Refus de r\u00e9pondre \u00e0 l\u2019invitation de C. Mboso: Kabund sous la menace de la lev\u00e9e de ses immunit\u00e9s - Actualit\u00e9s congolaises et internationales","isPartOf":{"@id":"https:\/\/congovirtuel.com\/information\/#website"},"primaryImageOfPage":{"@id":"https:\/\/congovirtuel.com\/information\/rdc-refus-de-repondre-a-linvitation-de-c-mboso-kabund-sous-la-menace-de-la-levee-de-ses-immunites\/#primaryimage"},"image":{"@id":"https:\/\/congovirtuel.com\/information\/rdc-refus-de-repondre-a-linvitation-de-c-mboso-kabund-sous-la-menace-de-la-levee-de-ses-immunites\/#primaryimage"},"thumbnailUrl":"https:\/\/congovirtuel.com\/information\/wp-content\/uploads\/2022\/08\/mboso_kabund-1200-x-628.jpg","datePublished":"2022-08-05T10:36:38+00:00","breadcrumb":{"@id":"https:\/\/congovirtuel.com\/information\/rdc-refus-de-repondre-a-linvitation-de-c-mboso-kabund-sous-la-menace-de-la-levee-de-ses-immunites\/#breadcrumb"},"inLanguage":"fr-FR","potentialAction":[{"@type":"ReadAction","target":["https:\/\/congovirtuel.com\/information\/rdc-refus-de-repondre-a-linvitation-de-c-mboso-kabund-sous-la-menace-de-la-levee-de-ses-immunites\/"]}]},{"@type":"ImageObject","inLanguage":"fr-FR","@id":"https:\/\/congovirtuel.com\/information\/rdc-refus-de-repondre-a-linvitation-de-c-mboso-kabund-sous-la-menace-de-la-levee-de-ses-immunites\/#primaryimage","url":"https:\/\/congovirtuel.com\/information\/wp-content\/uploads\/2022\/08\/mboso_kabund-1200-x-628.jpg","contentUrl":"https:\/\/congovirtuel.com\/information\/wp-content\/uploads\/2022\/08\/mboso_kabund-1200-x-628.jpg","width":1200,"height":628,"caption":"JM Kabund et Mboso"},{"@type":"BreadcrumbList","@id":"https:\/\/congovirtuel.com\/information\/rdc-refus-de-repondre-a-linvitation-de-c-mboso-kabund-sous-la-menace-de-la-levee-de-ses-immunites\/#breadcrumb","itemListElement":[{"@type":"ListItem","position":1,"name":"Accueil","item":"https:\/\/congovirtuel.com\/information\/"},{"@type":"ListItem","position":2,"name":"RDC: Refus de r\u00e9pondre \u00e0 l\u2019invitation de C. Mboso: Kabund sous la menace de la lev\u00e9e de ses immunit\u00e9s"}]},{"@type":"WebSite","@id":"https:\/\/congovirtuel.com\/information\/#website","url":"https:\/\/congovirtuel.com\/information\/","name":"Actualit\u00e9s congolaises et internationales","description":"site d&#039;analyse et de traitement d&#039;information","publisher":{"@id":"https:\/\/congovirtuel.com\/information\/#organization"},"potentialAction":[{"@type":"SearchAction","target":{"@type":"EntryPoint","urlTemplate":"https:\/\/congovirtuel.com\/information\/?s={search_term_string}"},"query-input":{"@type":"PropertyValueSpecification","valueRequired":true,"valueName":"search_term_string"}}],"inLanguage":"fr-FR"},{"@type":"Organization","@id":"https:\/\/congovirtuel.com\/information\/#organization","name":"Biblioth\u00e8que Virtuelle de la RDC","url":"https:\/\/congovirtuel.com\/information\/","logo":{"@type":"ImageObject","inLanguage":"fr-FR","@id":"https:\/\/congovirtuel.com\/information\/#\/schema\/logo\/image\/","url":"https:\/\/congovirtuel.com\/information\/wp-content\/uploads\/2018\/10\/header-info-congovirtuel-vraie.jpg","contentUrl":"https:\/\/congovirtuel.com\/information\/wp-content\/uploads\/2018\/10\/header-info-congovirtuel-vraie.jpg","width":728,"height":90,"caption":"Biblioth\u00e8que Virtuelle de la RDC"},"image":{"@id":"https:\/\/congovirtuel.com\/information\/#\/schema\/logo\/image\/"},"sameAs":["https:\/\/web.facebook.com\/Congovirtuel-763617960319601\/?ref=aymt_homepage_panel&amp;amp;amp;amp;amp;amp;amp;amp;amp;amp;amp;eid=ARCoxULa66767kIgF_KYav6VdjXTI4yk_LW4yoVO9s6NXpysgb7Cb65vpxcxgqzOAKvIbLQxaAETcqHT","https:\/\/x.com\/congovirtuel","https:\/\/www.youtube.com\/channel\/UCkFfprYzGgS3EWNpeMXpToQ?view_as=subscriber"]},{"@type":"Person","@id":"https:\/\/congovirtuel.com\/information\/#\/schema\/person\/739a44bf7990966cb53d58d2fdeca0b6","name":"infocongovirtuel","image":{"@type":"ImageObject","inLanguage":"fr-FR","@id":"https:\/\/secure.gravatar.com\/avatar\/4d76991aa72469f0eb22e772586c99113c6997f88da636a9db8f2ce3a2c05e69?s=96&d=mm&r=g","url":"https:\/\/secure.gravatar.com\/avatar\/4d76991aa72469f0eb22e772586c99113c6997f88da636a9db8f2ce3a2c05e69?s=96&d=mm&r=g","contentUrl":"https:\/\/secure.gravatar.com\/avatar\/4d76991aa72469f0eb22e772586c99113c6997f88da636a9db8f2ce3a2c05e69?s=96&d=mm&r=g","caption":"infocongovirtuel"},"url":"https:\/\/congovirtuel.com\/information\/author\/infocongovirtuel\/"}]}},"gt_translate_keys":[{"key":"link","format":"url"}],"_links":{"self":[{"href":"https:\/\/congovirtuel.com\/information\/wp-json\/wp\/v2\/posts\/19994","targetHints":{"allow":["GET"]}}],"collection":[{"href":"https:\/\/congovirtuel.com\/information\/wp-json\/wp\/v2\/posts"}],"about":[{"href":"https:\/\/congovirtuel.com\/information\/wp-json\/wp\/v2\/types\/post"}],"author":[{"embeddable":true,"href":"https:\/\/congovirtuel.com\/information\/wp-json\/wp\/v2\/users\/1"}],"replies":[{"embeddable":true,"href":"https:\/\/congovirtuel.com\/information\/wp-json\/wp\/v2\/comments?post=19994"}],"version-history":[{"count":1,"href":"https:\/\/congovirtuel.com\/information\/wp-json\/wp\/v2\/posts\/19994\/revisions"}],"predecessor-version":[{"id":19996,"href":"https:\/\/congovirtuel.com\/information\/wp-json\/wp\/v2\/posts\/19994\/revisions\/19996"}],"wp:featuredmedia":[{"embeddable":true,"href":"https:\/\/congovirtuel.com\/information\/wp-json\/wp\/v2\/media\/19995"}],"wp:attachment":[{"href":"https:\/\/congovirtuel.com\/information\/wp-json\/wp\/v2\/media?parent=19994"}],"wp:term":[{"taxonomy":"category","embeddable":true,"href":"https:\/\/congovirtuel.com\/information\/wp-json\/wp\/v2\/categories?post=19994"},{"taxonomy":"post_tag","embeddable":true,"href":"https:\/\/congovirtuel.com\/information\/wp-json\/wp\/v2\/tags?post=19994"}],"curies":[{"name":"wp","href":"https:\/\/api.w.org\/{rel}","templated":true}]}}