{"id":200,"date":"2019-09-08T07:24:19","date_gmt":"2019-09-08T06:24:19","guid":{"rendered":"https:\/\/congovirtuel.com\/information\/?p=200"},"modified":"2019-09-08T07:24:22","modified_gmt":"2019-09-08T06:24:22","slug":"caster-semenya-commence-son-nouveau-voyage-au-club-de-football","status":"publish","type":"post","link":"https:\/\/congovirtuel.com\/information\/caster-semenya-commence-son-nouveau-voyage-au-club-de-football\/","title":{"rendered":"Caster Semenya commence son \u00ab\u00a0nouveau voyage\u00a0\u00bb au club de football","gt_translate_keys":[{"key":"rendered","format":"text"}]},"content":{"rendered":"\n<p class=\"wp-block-paragraph\">Caster Semenya, athl\u00e8te en difficult\u00e9, a \u00e9chang\u00e9 ses\nchaussures de course contre des chaussures de football apr\u00e8s avoir rejoint le\nclub de football JVW dans la ligue sud-africaine SASOL.<\/p>\n\n\n\n<p class=\"wp-block-paragraph\">La double championne olympique du 800 m n&rsquo;a pas le droit de\nd\u00e9fendre son titre mondial du 800 m \u00e0 Doha ce mois-ci, \u00e0 moins qu&rsquo;elle ne\nprenne des m\u00e9dicaments qui \u00e9liminent les hormones.<\/p>\n\n\n\n<p class=\"wp-block-paragraph\">Et alors que sa carri\u00e8re d&rsquo;athl\u00e8te est sur la glace, la\nfemme de 28 ans s&rsquo;est entra\u00een\u00e9e avec JVW dans l&rsquo;est de Johannesburg.<\/p>\n\n\n\n<p class=\"wp-block-paragraph\">\u00ab\u00a0Je suis reconnaissant pour cette opportunit\u00e9 et\nj&rsquo;appr\u00e9cie l&rsquo;amour et le soutien que je re\u00e7ois d\u00e9j\u00e0 de l&rsquo;\u00e9quipe\u00a0\u00bb, a\nd\u00e9clar\u00e9 Semenya sur le site du club. \u00ab\u00a0J&rsquo;attends ce nouveau voyage avec\nimpatience et j&rsquo;esp\u00e8re pouvoir contribuer autant que je peux au club.\u00a0\u00bb<\/p>\n\n\n\n<p class=\"wp-block-paragraph\">Semenya n&rsquo;est pas en mesure de jouer la premi\u00e8re \u00e9quipe de football pour le club cette saison, car la fen\u00eatre de transfert est ferm\u00e9e. Au lieu de cela, elle devra attendre jusqu&rsquo;en 2020 pour faire ses d\u00e9buts si son \u00e9cart d&rsquo;athl\u00e9tisme se poursuit pendant un an.<\/p>\n\n\n\n<script async src=\"\/\/pagead2.googlesyndication.com\/pagead\/js\/adsbygoogle.js\"><\/script>\n<!-- code responsive -->\n<ins class=\"adsbygoogle\"\n     style=\"display:block\"\n     data-ad-client=\"ca-pub-2119363214666215\"\n     data-ad-slot=\"1973679082\"\n     data-ad-format=\"auto\"><\/ins>\n<script>\n(adsbygoogle = window.adsbygoogle || []).push({});\n<\/script>  \n\n\n\n<p class=\"wp-block-paragraph\">La fondatrice et capitaine de JVW, Janine van Wyk, qui vient\nde signer avec la formation danoise Fortuna Hjorring, a d\u00e9clar\u00e9 qu&rsquo;elle \u00e9tait\n\u00ab\u00a0extr\u00eamement heureuse de voir un athl\u00e8te aussi embl\u00e9matique\u00a0\u00bb\nrejoindre ses rangs.<\/p>\n\n\n\n<p class=\"wp-block-paragraph\">\u00ab\u00a0Je l&rsquo;ai accueillie lors de sa premi\u00e8re s\u00e9ance\nd&rsquo;entra\u00eenement avec l&rsquo;\u00e9quipe mardi\u00a0\u00bb, a-t-elle d\u00e9clar\u00e9 sur le site du club.\n\u00ab\u00a0J&rsquo;ai \u00e9t\u00e9 impressionn\u00e9 de constater qu&rsquo;elle poss\u00e8de tous les fondamentaux.\u00a0\u00bb<\/p>\n\n\n\n<p class=\"wp-block-paragraph\">Semenya se bat contre le Tribunal arbitral du sport (TAS)\napr\u00e8s que cette institution a approuv\u00e9 la nouvelle limite de testost\u00e9rone de\nl\u2019Association internationale de l\u2019athl\u00e9tisme (IAAF) pour les athl\u00e8tes\nf\u00e9minines.<\/p>\n\n\n\n<p class=\"wp-block-paragraph\">En vertu de la r\u00e8gle, tous les athl\u00e8tes dont le\nd\u00e9veloppement sexuel est diff\u00e9rent devraient r\u00e9duire leur taux de testost\u00e9rone\ndans le sang \u00e0 un niveau sp\u00e9cifique pendant au moins six mois, puis le\nmaintenir pendant le reste de leur carri\u00e8re sportive, afin de pouvoir\nparticiper aux \u00e9preuves \u00e0 partir de 400 m\u00e8tres. \u00e0 un mile.<\/p>\n\n\n\n<p class=\"wp-block-paragraph\">La Sud-Africaine Semenya, qui a naturellement \u00e9lev\u00e9 les niveaux de testost\u00e9rone, est rest\u00e9e \u00ab\u00a0inflexible\u00a0\u00bb contre le r\u00e9gime, selon un communiqu\u00e9 publi\u00e9 par son repr\u00e9sentant en juillet.<\/p>\n\n\n\n<p class=\"wp-block-paragraph\">By CNN<\/p>\n","protected":false,"gt_translate_keys":[{"key":"rendered","format":"html"}]},"excerpt":{"rendered":"<p>Caster Semenya, athl\u00e8te en difficult\u00e9, a \u00e9chang\u00e9 ses chaussures de course contre des chaussures de football apr\u00e8s avoir rejoint le club de football JVW dans la ligue sud-africaine SASOL. La double championne olympique du 800 m n&rsquo;a pas le droit de d\u00e9fendre son titre mondial du 800 m \u00e0 Doha ce mois-ci, \u00e0 moins qu&rsquo;elle ne prenne des m\u00e9dicaments qui \u00e9liminent les hormones. Et alors que sa carri\u00e8re d&rsquo;athl\u00e8te est sur la glace, la femme de 28 ans s&rsquo;est entra\u00een\u00e9e avec JVW dans l&rsquo;est de Johannesburg. \u00ab\u00a0Je suis reconnaissant pour&hellip;<\/p>\n","protected":false,"gt_translate_keys":[{"key":"rendered","format":"html"}]},"author":1,"featured_media":201,"comment_status":"open","ping_status":"open","sticky":false,"template":"","format":"standard","meta":{"_crdt_document":"","footnotes":""},"categories":[1],"tags":[],"class_list":["post-200","post","type-post","status-publish","format-standard","has-post-thumbnail","hentry","category-non-classe"],"gutentor_comment":0,"yoast_head":"<!-- This site is optimized with the Yoast SEO plugin v27.5 - https:\/\/yoast.com\/product\/yoast-seo-wordpress\/ -->\n<title>Caster Semenya commence son &quot;nouveau voyage&quot; au club de football - Actualit\u00e9s congolaises et internationales<\/title>\n<meta name=\"robots\" content=\"index, follow, max-snippet:-1, max-image-preview:large, max-video-preview:-1\" \/>\n<link rel=\"canonical\" href=\"https:\/\/congovirtuel.com\/information\/caster-semenya-commence-son-nouveau-voyage-au-club-de-football\/\" \/>\n<meta property=\"og:locale\" content=\"fr_FR\" \/>\n<meta property=\"og:type\" content=\"article\" \/>\n<meta property=\"og:title\" content=\"Caster Semenya commence son &quot;nouveau voyage&quot; au club de football - Actualit\u00e9s congolaises et internationales\" \/>\n<meta property=\"og:description\" content=\"Caster Semenya, athl\u00e8te en difficult\u00e9, a \u00e9chang\u00e9 ses chaussures de course contre des chaussures de football apr\u00e8s avoir rejoint le club de football JVW dans la ligue sud-africaine SASOL. La double championne olympique du 800 m n&rsquo;a pas le droit de d\u00e9fendre son titre mondial du 800 m \u00e0 Doha ce mois-ci, \u00e0 moins qu&rsquo;elle ne prenne des m\u00e9dicaments qui \u00e9liminent les hormones. Et alors que sa carri\u00e8re d&rsquo;athl\u00e8te est sur la glace, la femme de 28 ans s&rsquo;est entra\u00een\u00e9e avec JVW dans l&rsquo;est de Johannesburg. \u00ab\u00a0Je suis reconnaissant pour&hellip;\" \/>\n<meta property=\"og:url\" content=\"https:\/\/congovirtuel.com\/information\/caster-semenya-commence-son-nouveau-voyage-au-club-de-football\/\" \/>\n<meta property=\"og:site_name\" content=\"Actualit\u00e9s congolaises et internationales\" \/>\n<meta property=\"article:publisher\" content=\"https:\/\/web.facebook.com\/Congovirtuel-763617960319601\/?ref=aymt_homepage_panel&amp;amp%3bamp%3bamp%3bamp%3bamp%3bamp%3bamp%3bamp%3bamp%3bamp%3bamp%3beid=ARCoxULa66767kIgF_KYav6VdjXTI4yk_LW4yoVO9s6NXpysgb7Cb65vpxcxgqzOAKvIbLQxaAETcqHT\" \/>\n<meta property=\"article:published_time\" content=\"2019-09-08T06:24:19+00:00\" \/>\n<meta property=\"article:modified_time\" content=\"2019-09-08T06:24:22+00:00\" \/>\n<meta property=\"og:image\" content=\"https:\/\/congovirtuel.com\/information\/wp-content\/uploads\/2019\/09\/semenya.jpg\" \/>\n\t<meta property=\"og:image:width\" content=\"1190\" \/>\n\t<meta property=\"og:image:height\" content=\"669\" \/>\n\t<meta property=\"og:image:type\" content=\"image\/jpeg\" \/>\n<meta name=\"author\" content=\"infocongovirtuel\" \/>\n<meta name=\"twitter:card\" content=\"summary_large_image\" \/>\n<meta name=\"twitter:creator\" content=\"@congovirtuel\" \/>\n<meta name=\"twitter:site\" content=\"@congovirtuel\" \/>\n<meta name=\"twitter:label1\" content=\"\u00c9crit par\" \/>\n\t<meta name=\"twitter:data1\" content=\"infocongovirtuel\" \/>\n\t<meta name=\"twitter:label2\" content=\"Dur\u00e9e de lecture estim\u00e9e\" \/>\n\t<meta name=\"twitter:data2\" content=\"2 minutes\" \/>\n<script type=\"application\/ld+json\" class=\"yoast-schema-graph\">{\"@context\":\"https:\\\/\\\/schema.org\",\"@graph\":[{\"@type\":\"Article\",\"@id\":\"https:\\\/\\\/congovirtuel.com\\\/information\\\/caster-semenya-commence-son-nouveau-voyage-au-club-de-football\\\/#article\",\"isPartOf\":{\"@id\":\"https:\\\/\\\/congovirtuel.com\\\/information\\\/caster-semenya-commence-son-nouveau-voyage-au-club-de-football\\\/\"},\"author\":{\"name\":\"infocongovirtuel\",\"@id\":\"https:\\\/\\\/congovirtuel.com\\\/information\\\/#\\\/schema\\\/person\\\/739a44bf7990966cb53d58d2fdeca0b6\"},\"headline\":\"Caster Semenya commence son \u00ab\u00a0nouveau voyage\u00a0\u00bb au club de football\",\"datePublished\":\"2019-09-08T06:24:19+00:00\",\"dateModified\":\"2019-09-08T06:24:22+00:00\",\"mainEntityOfPage\":{\"@id\":\"https:\\\/\\\/congovirtuel.com\\\/information\\\/caster-semenya-commence-son-nouveau-voyage-au-club-de-football\\\/\"},\"wordCount\":418,\"commentCount\":0,\"publisher\":{\"@id\":\"https:\\\/\\\/congovirtuel.com\\\/information\\\/#organization\"},\"image\":{\"@id\":\"https:\\\/\\\/congovirtuel.com\\\/information\\\/caster-semenya-commence-son-nouveau-voyage-au-club-de-football\\\/#primaryimage\"},\"thumbnailUrl\":\"https:\\\/\\\/congovirtuel.com\\\/information\\\/wp-content\\\/uploads\\\/2019\\\/09\\\/semenya.jpg\",\"inLanguage\":\"fr-FR\",\"potentialAction\":[{\"@type\":\"CommentAction\",\"name\":\"Comment\",\"target\":[\"https:\\\/\\\/congovirtuel.com\\\/information\\\/caster-semenya-commence-son-nouveau-voyage-au-club-de-football\\\/#respond\"]}]},{\"@type\":\"WebPage\",\"@id\":\"https:\\\/\\\/congovirtuel.com\\\/information\\\/caster-semenya-commence-son-nouveau-voyage-au-club-de-football\\\/\",\"url\":\"https:\\\/\\\/congovirtuel.com\\\/information\\\/caster-semenya-commence-son-nouveau-voyage-au-club-de-football\\\/\",\"name\":\"Caster Semenya commence son \\\"nouveau voyage\\\" au club de football - Actualit\u00e9s congolaises et internationales\",\"isPartOf\":{\"@id\":\"https:\\\/\\\/congovirtuel.com\\\/information\\\/#website\"},\"primaryImageOfPage\":{\"@id\":\"https:\\\/\\\/congovirtuel.com\\\/information\\\/caster-semenya-commence-son-nouveau-voyage-au-club-de-football\\\/#primaryimage\"},\"image\":{\"@id\":\"https:\\\/\\\/congovirtuel.com\\\/information\\\/caster-semenya-commence-son-nouveau-voyage-au-club-de-football\\\/#primaryimage\"},\"thumbnailUrl\":\"https:\\\/\\\/congovirtuel.com\\\/information\\\/wp-content\\\/uploads\\\/2019\\\/09\\\/semenya.jpg\",\"datePublished\":\"2019-09-08T06:24:19+00:00\",\"dateModified\":\"2019-09-08T06:24:22+00:00\",\"breadcrumb\":{\"@id\":\"https:\\\/\\\/congovirtuel.com\\\/information\\\/caster-semenya-commence-son-nouveau-voyage-au-club-de-football\\\/#breadcrumb\"},\"inLanguage\":\"fr-FR\",\"potentialAction\":[{\"@type\":\"ReadAction\",\"target\":[\"https:\\\/\\\/congovirtuel.com\\\/information\\\/caster-semenya-commence-son-nouveau-voyage-au-club-de-football\\\/\"]}]},{\"@type\":\"ImageObject\",\"inLanguage\":\"fr-FR\",\"@id\":\"https:\\\/\\\/congovirtuel.com\\\/information\\\/caster-semenya-commence-son-nouveau-voyage-au-club-de-football\\\/#primaryimage\",\"url\":\"https:\\\/\\\/congovirtuel.com\\\/information\\\/wp-content\\\/uploads\\\/2019\\\/09\\\/semenya.jpg\",\"contentUrl\":\"https:\\\/\\\/congovirtuel.com\\\/information\\\/wp-content\\\/uploads\\\/2019\\\/09\\\/semenya.jpg\",\"width\":1190,\"height\":669},{\"@type\":\"BreadcrumbList\",\"@id\":\"https:\\\/\\\/congovirtuel.com\\\/information\\\/caster-semenya-commence-son-nouveau-voyage-au-club-de-football\\\/#breadcrumb\",\"itemListElement\":[{\"@type\":\"ListItem\",\"position\":1,\"name\":\"Accueil\",\"item\":\"https:\\\/\\\/congovirtuel.com\\\/information\\\/\"},{\"@type\":\"ListItem\",\"position\":2,\"name\":\"Caster Semenya commence son \u00ab\u00a0nouveau voyage\u00a0\u00bb au club de football\"}]},{\"@type\":\"WebSite\",\"@id\":\"https:\\\/\\\/congovirtuel.com\\\/information\\\/#website\",\"url\":\"https:\\\/\\\/congovirtuel.com\\\/information\\\/\",\"name\":\"Actualit\u00e9s congolaises et internationales\",\"description\":\"site d&#039;analyse et de traitement d&#039;information\",\"publisher\":{\"@id\":\"https:\\\/\\\/congovirtuel.com\\\/information\\\/#organization\"},\"potentialAction\":[{\"@type\":\"SearchAction\",\"target\":{\"@type\":\"EntryPoint\",\"urlTemplate\":\"https:\\\/\\\/congovirtuel.com\\\/information\\\/?s={search_term_string}\"},\"query-input\":{\"@type\":\"PropertyValueSpecification\",\"valueRequired\":true,\"valueName\":\"search_term_string\"}}],\"inLanguage\":\"fr-FR\"},{\"@type\":\"Organization\",\"@id\":\"https:\\\/\\\/congovirtuel.com\\\/information\\\/#organization\",\"name\":\"Biblioth\u00e8que Virtuelle de la RDC\",\"url\":\"https:\\\/\\\/congovirtuel.com\\\/information\\\/\",\"logo\":{\"@type\":\"ImageObject\",\"inLanguage\":\"fr-FR\",\"@id\":\"https:\\\/\\\/congovirtuel.com\\\/information\\\/#\\\/schema\\\/logo\\\/image\\\/\",\"url\":\"https:\\\/\\\/congovirtuel.com\\\/information\\\/wp-content\\\/uploads\\\/2018\\\/10\\\/header-info-congovirtuel-vraie.jpg\",\"contentUrl\":\"https:\\\/\\\/congovirtuel.com\\\/information\\\/wp-content\\\/uploads\\\/2018\\\/10\\\/header-info-congovirtuel-vraie.jpg\",\"width\":728,\"height\":90,\"caption\":\"Biblioth\u00e8que Virtuelle de la RDC\"},\"image\":{\"@id\":\"https:\\\/\\\/congovirtuel.com\\\/information\\\/#\\\/schema\\\/logo\\\/image\\\/\"},\"sameAs\":[\"https:\\\/\\\/web.facebook.com\\\/Congovirtuel-763617960319601\\\/?ref=aymt_homepage_panel&amp;amp;amp;amp;amp;amp;amp;amp;amp;amp;amp;eid=ARCoxULa66767kIgF_KYav6VdjXTI4yk_LW4yoVO9s6NXpysgb7Cb65vpxcxgqzOAKvIbLQxaAETcqHT\",\"https:\\\/\\\/x.com\\\/congovirtuel\",\"https:\\\/\\\/www.youtube.com\\\/channel\\\/UCkFfprYzGgS3EWNpeMXpToQ?view_as=subscriber\"]},{\"@type\":\"Person\",\"@id\":\"https:\\\/\\\/congovirtuel.com\\\/information\\\/#\\\/schema\\\/person\\\/739a44bf7990966cb53d58d2fdeca0b6\",\"name\":\"infocongovirtuel\",\"image\":{\"@type\":\"ImageObject\",\"inLanguage\":\"fr-FR\",\"@id\":\"https:\\\/\\\/secure.gravatar.com\\\/avatar\\\/4d76991aa72469f0eb22e772586c99113c6997f88da636a9db8f2ce3a2c05e69?s=96&d=mm&r=g\",\"url\":\"https:\\\/\\\/secure.gravatar.com\\\/avatar\\\/4d76991aa72469f0eb22e772586c99113c6997f88da636a9db8f2ce3a2c05e69?s=96&d=mm&r=g\",\"contentUrl\":\"https:\\\/\\\/secure.gravatar.com\\\/avatar\\\/4d76991aa72469f0eb22e772586c99113c6997f88da636a9db8f2ce3a2c05e69?s=96&d=mm&r=g\",\"caption\":\"infocongovirtuel\"},\"url\":\"https:\\\/\\\/congovirtuel.com\\\/information\\\/author\\\/infocongovirtuel\\\/\"}]}<\/script>\n<!-- \/ Yoast SEO plugin. -->","yoast_head_json":{"title":"Caster Semenya commence son \"nouveau voyage\" au club de football - Actualit\u00e9s congolaises et internationales","robots":{"index":"index","follow":"follow","max-snippet":"max-snippet:-1","max-image-preview":"max-image-preview:large","max-video-preview":"max-video-preview:-1"},"canonical":"https:\/\/congovirtuel.com\/information\/caster-semenya-commence-son-nouveau-voyage-au-club-de-football\/","og_locale":"fr_FR","og_type":"article","og_title":"Caster Semenya commence son \"nouveau voyage\" au club de football - Actualit\u00e9s congolaises et internationales","og_description":"Caster Semenya, athl\u00e8te en difficult\u00e9, a \u00e9chang\u00e9 ses chaussures de course contre des chaussures de football apr\u00e8s avoir rejoint le club de football JVW dans la ligue sud-africaine SASOL. La double championne olympique du 800 m n&rsquo;a pas le droit de d\u00e9fendre son titre mondial du 800 m \u00e0 Doha ce mois-ci, \u00e0 moins qu&rsquo;elle ne prenne des m\u00e9dicaments qui \u00e9liminent les hormones. Et alors que sa carri\u00e8re d&rsquo;athl\u00e8te est sur la glace, la femme de 28 ans s&rsquo;est entra\u00een\u00e9e avec JVW dans l&rsquo;est de Johannesburg. \u00ab\u00a0Je suis reconnaissant pour&hellip;","og_url":"https:\/\/congovirtuel.com\/information\/caster-semenya-commence-son-nouveau-voyage-au-club-de-football\/","og_site_name":"Actualit\u00e9s congolaises et internationales","article_publisher":"https:\/\/web.facebook.com\/Congovirtuel-763617960319601\/?ref=aymt_homepage_panel&amp%3bamp%3bamp%3bamp%3bamp%3bamp%3bamp%3bamp%3bamp%3bamp%3bamp%3beid=ARCoxULa66767kIgF_KYav6VdjXTI4yk_LW4yoVO9s6NXpysgb7Cb65vpxcxgqzOAKvIbLQxaAETcqHT","article_published_time":"2019-09-08T06:24:19+00:00","article_modified_time":"2019-09-08T06:24:22+00:00","og_image":[{"width":1190,"height":669,"url":"https:\/\/congovirtuel.com\/information\/wp-content\/uploads\/2019\/09\/semenya.jpg","type":"image\/jpeg"}],"author":"infocongovirtuel","twitter_card":"summary_large_image","twitter_creator":"@congovirtuel","twitter_site":"@congovirtuel","twitter_misc":{"\u00c9crit par":"infocongovirtuel","Dur\u00e9e de lecture estim\u00e9e":"2 minutes"},"schema":{"@context":"https:\/\/schema.org","@graph":[{"@type":"Article","@id":"https:\/\/congovirtuel.com\/information\/caster-semenya-commence-son-nouveau-voyage-au-club-de-football\/#article","isPartOf":{"@id":"https:\/\/congovirtuel.com\/information\/caster-semenya-commence-son-nouveau-voyage-au-club-de-football\/"},"author":{"name":"infocongovirtuel","@id":"https:\/\/congovirtuel.com\/information\/#\/schema\/person\/739a44bf7990966cb53d58d2fdeca0b6"},"headline":"Caster Semenya commence son \u00ab\u00a0nouveau voyage\u00a0\u00bb au club de football","datePublished":"2019-09-08T06:24:19+00:00","dateModified":"2019-09-08T06:24:22+00:00","mainEntityOfPage":{"@id":"https:\/\/congovirtuel.com\/information\/caster-semenya-commence-son-nouveau-voyage-au-club-de-football\/"},"wordCount":418,"commentCount":0,"publisher":{"@id":"https:\/\/congovirtuel.com\/information\/#organization"},"image":{"@id":"https:\/\/congovirtuel.com\/information\/caster-semenya-commence-son-nouveau-voyage-au-club-de-football\/#primaryimage"},"thumbnailUrl":"https:\/\/congovirtuel.com\/information\/wp-content\/uploads\/2019\/09\/semenya.jpg","inLanguage":"fr-FR","potentialAction":[{"@type":"CommentAction","name":"Comment","target":["https:\/\/congovirtuel.com\/information\/caster-semenya-commence-son-nouveau-voyage-au-club-de-football\/#respond"]}]},{"@type":"WebPage","@id":"https:\/\/congovirtuel.com\/information\/caster-semenya-commence-son-nouveau-voyage-au-club-de-football\/","url":"https:\/\/congovirtuel.com\/information\/caster-semenya-commence-son-nouveau-voyage-au-club-de-football\/","name":"Caster Semenya commence son \"nouveau voyage\" au club de football - Actualit\u00e9s congolaises et internationales","isPartOf":{"@id":"https:\/\/congovirtuel.com\/information\/#website"},"primaryImageOfPage":{"@id":"https:\/\/congovirtuel.com\/information\/caster-semenya-commence-son-nouveau-voyage-au-club-de-football\/#primaryimage"},"image":{"@id":"https:\/\/congovirtuel.com\/information\/caster-semenya-commence-son-nouveau-voyage-au-club-de-football\/#primaryimage"},"thumbnailUrl":"https:\/\/congovirtuel.com\/information\/wp-content\/uploads\/2019\/09\/semenya.jpg","datePublished":"2019-09-08T06:24:19+00:00","dateModified":"2019-09-08T06:24:22+00:00","breadcrumb":{"@id":"https:\/\/congovirtuel.com\/information\/caster-semenya-commence-son-nouveau-voyage-au-club-de-football\/#breadcrumb"},"inLanguage":"fr-FR","potentialAction":[{"@type":"ReadAction","target":["https:\/\/congovirtuel.com\/information\/caster-semenya-commence-son-nouveau-voyage-au-club-de-football\/"]}]},{"@type":"ImageObject","inLanguage":"fr-FR","@id":"https:\/\/congovirtuel.com\/information\/caster-semenya-commence-son-nouveau-voyage-au-club-de-football\/#primaryimage","url":"https:\/\/congovirtuel.com\/information\/wp-content\/uploads\/2019\/09\/semenya.jpg","contentUrl":"https:\/\/congovirtuel.com\/information\/wp-content\/uploads\/2019\/09\/semenya.jpg","width":1190,"height":669},{"@type":"BreadcrumbList","@id":"https:\/\/congovirtuel.com\/information\/caster-semenya-commence-son-nouveau-voyage-au-club-de-football\/#breadcrumb","itemListElement":[{"@type":"ListItem","position":1,"name":"Accueil","item":"https:\/\/congovirtuel.com\/information\/"},{"@type":"ListItem","position":2,"name":"Caster Semenya commence son \u00ab\u00a0nouveau voyage\u00a0\u00bb au club de football"}]},{"@type":"WebSite","@id":"https:\/\/congovirtuel.com\/information\/#website","url":"https:\/\/congovirtuel.com\/information\/","name":"Actualit\u00e9s congolaises et internationales","description":"site d&#039;analyse et de traitement d&#039;information","publisher":{"@id":"https:\/\/congovirtuel.com\/information\/#organization"},"potentialAction":[{"@type":"SearchAction","target":{"@type":"EntryPoint","urlTemplate":"https:\/\/congovirtuel.com\/information\/?s={search_term_string}"},"query-input":{"@type":"PropertyValueSpecification","valueRequired":true,"valueName":"search_term_string"}}],"inLanguage":"fr-FR"},{"@type":"Organization","@id":"https:\/\/congovirtuel.com\/information\/#organization","name":"Biblioth\u00e8que Virtuelle de la RDC","url":"https:\/\/congovirtuel.com\/information\/","logo":{"@type":"ImageObject","inLanguage":"fr-FR","@id":"https:\/\/congovirtuel.com\/information\/#\/schema\/logo\/image\/","url":"https:\/\/congovirtuel.com\/information\/wp-content\/uploads\/2018\/10\/header-info-congovirtuel-vraie.jpg","contentUrl":"https:\/\/congovirtuel.com\/information\/wp-content\/uploads\/2018\/10\/header-info-congovirtuel-vraie.jpg","width":728,"height":90,"caption":"Biblioth\u00e8que Virtuelle de la RDC"},"image":{"@id":"https:\/\/congovirtuel.com\/information\/#\/schema\/logo\/image\/"},"sameAs":["https:\/\/web.facebook.com\/Congovirtuel-763617960319601\/?ref=aymt_homepage_panel&amp;amp;amp;amp;amp;amp;amp;amp;amp;amp;amp;eid=ARCoxULa66767kIgF_KYav6VdjXTI4yk_LW4yoVO9s6NXpysgb7Cb65vpxcxgqzOAKvIbLQxaAETcqHT","https:\/\/x.com\/congovirtuel","https:\/\/www.youtube.com\/channel\/UCkFfprYzGgS3EWNpeMXpToQ?view_as=subscriber"]},{"@type":"Person","@id":"https:\/\/congovirtuel.com\/information\/#\/schema\/person\/739a44bf7990966cb53d58d2fdeca0b6","name":"infocongovirtuel","image":{"@type":"ImageObject","inLanguage":"fr-FR","@id":"https:\/\/secure.gravatar.com\/avatar\/4d76991aa72469f0eb22e772586c99113c6997f88da636a9db8f2ce3a2c05e69?s=96&d=mm&r=g","url":"https:\/\/secure.gravatar.com\/avatar\/4d76991aa72469f0eb22e772586c99113c6997f88da636a9db8f2ce3a2c05e69?s=96&d=mm&r=g","contentUrl":"https:\/\/secure.gravatar.com\/avatar\/4d76991aa72469f0eb22e772586c99113c6997f88da636a9db8f2ce3a2c05e69?s=96&d=mm&r=g","caption":"infocongovirtuel"},"url":"https:\/\/congovirtuel.com\/information\/author\/infocongovirtuel\/"}]}},"gt_translate_keys":[{"key":"link","format":"url"}],"_links":{"self":[{"href":"https:\/\/congovirtuel.com\/information\/wp-json\/wp\/v2\/posts\/200","targetHints":{"allow":["GET"]}}],"collection":[{"href":"https:\/\/congovirtuel.com\/information\/wp-json\/wp\/v2\/posts"}],"about":[{"href":"https:\/\/congovirtuel.com\/information\/wp-json\/wp\/v2\/types\/post"}],"author":[{"embeddable":true,"href":"https:\/\/congovirtuel.com\/information\/wp-json\/wp\/v2\/users\/1"}],"replies":[{"embeddable":true,"href":"https:\/\/congovirtuel.com\/information\/wp-json\/wp\/v2\/comments?post=200"}],"version-history":[{"count":1,"href":"https:\/\/congovirtuel.com\/information\/wp-json\/wp\/v2\/posts\/200\/revisions"}],"predecessor-version":[{"id":202,"href":"https:\/\/congovirtuel.com\/information\/wp-json\/wp\/v2\/posts\/200\/revisions\/202"}],"wp:featuredmedia":[{"embeddable":true,"href":"https:\/\/congovirtuel.com\/information\/wp-json\/wp\/v2\/media\/201"}],"wp:attachment":[{"href":"https:\/\/congovirtuel.com\/information\/wp-json\/wp\/v2\/media?parent=200"}],"wp:term":[{"taxonomy":"category","embeddable":true,"href":"https:\/\/congovirtuel.com\/information\/wp-json\/wp\/v2\/categories?post=200"},{"taxonomy":"post_tag","embeddable":true,"href":"https:\/\/congovirtuel.com\/information\/wp-json\/wp\/v2\/tags?post=200"}],"curies":[{"name":"wp","href":"https:\/\/api.w.org\/{rel}","templated":true}]}}