{"id":20181,"date":"2022-08-25T16:44:24","date_gmt":"2022-08-25T15:44:24","guid":{"rendered":"https:\/\/congovirtuel.com\/information\/?p=20181"},"modified":"2022-08-25T16:44:24","modified_gmt":"2022-08-25T15:44:24","slug":"novak-djokovic-prive-de-lus-open-faute-de-vaccin-contre-le-covid-19","status":"publish","type":"post","link":"https:\/\/congovirtuel.com\/information\/novak-djokovic-prive-de-lus-open-faute-de-vaccin-contre-le-covid-19\/","title":{"rendered":"Novak Djokovic priv\u00e9 de l\u2019US Open faute de vaccin contre le Covid-19","gt_translate_keys":[{"key":"rendered","format":"text"}]},"content":{"rendered":"<div align=\"left\">\n<p dir=\"ltr\">C\u2019est la saga qui a rythm\u00e9 l\u2019\u00e9t\u00e9 des passionn\u00e9s de tennis : Novak Djokovic participera-t-il \u00e0 l\u2019US Open ? Apr\u00e8s des semaines de suspense, le verdict est tomb\u00e9. Le Serbe ne sera pas de la partie \u00e0 New York pour disputer le dernier grand rendez-vous de la saison, du 29 ao\u00fbt au 11 septembre.<\/p>\n<\/div>\n<div align=\"left\">\n<p dir=\"ltr\">Dans un tweet publi\u00e9 jeudi 25\u00a0ao\u00fbt, \u00e0 deux heures du tirage au sort, Novak Djokovic a annonc\u00e9 qu\u2019il d\u00e9clarait forfait pour le tournoi du Grand Chelem.<i>\u00a0\u00ab\u00a0Malheureusement, je ne serai pas en mesure de me rendre \u00e0 New York cette fois pour l\u2019US Open.<\/i>\u00a0(\u2026)\u00a0<i>Je vais me maintenir en bonne forme et garder un \u00e9tat d\u2019esprit positif en attendant de pouvoir reprendre la comp\u00e9tition.\u00a0\u00bb<\/i><\/p>\n<p dir=\"ltr\">Avec le Monde<\/p>\n<\/div>\n","protected":false,"gt_translate_keys":[{"key":"rendered","format":"html"}]},"excerpt":{"rendered":"<p>C\u2019est la saga qui a rythm\u00e9 l\u2019\u00e9t\u00e9 des passionn\u00e9s de tennis : Novak Djokovic participera-t-il \u00e0 l\u2019US Open ? Apr\u00e8s des semaines de suspense, le verdict est tomb\u00e9. Le Serbe ne sera pas de la partie \u00e0 New York pour disputer le dernier grand rendez-vous de la saison, du 29 ao\u00fbt au 11 septembre. Dans un tweet publi\u00e9 jeudi 25\u00a0ao\u00fbt, \u00e0 deux heures du tirage au sort, Novak Djokovic a annonc\u00e9 qu\u2019il d\u00e9clarait forfait pour le tournoi du Grand Chelem.\u00a0\u00ab\u00a0Malheureusement, je ne serai pas en mesure de me rendre \u00e0&hellip;<\/p>\n","protected":false,"gt_translate_keys":[{"key":"rendered","format":"html"}]},"author":1,"featured_media":20180,"comment_status":"open","ping_status":"open","sticky":false,"template":"","format":"standard","meta":{"_crdt_document":"","footnotes":""},"categories":[221],"tags":[37272],"class_list":["post-20181","post","type-post","status-publish","format-standard","has-post-thumbnail","hentry","category-vaccin","tag-novak-djokovic"],"gutentor_comment":0,"yoast_head":"<!-- This site is optimized with the Yoast SEO plugin v27.5 - https:\/\/yoast.com\/product\/yoast-seo-wordpress\/ -->\n<title>Novak Djokovic priv\u00e9 de l\u2019US Open faute de vaccin contre le Covid-19 - Actualit\u00e9s congolaises et internationales<\/title>\n<meta name=\"robots\" content=\"index, follow, max-snippet:-1, max-image-preview:large, max-video-preview:-1\" \/>\n<link rel=\"canonical\" href=\"https:\/\/congovirtuel.com\/information\/novak-djokovic-prive-de-lus-open-faute-de-vaccin-contre-le-covid-19\/\" \/>\n<meta property=\"og:locale\" content=\"fr_FR\" \/>\n<meta property=\"og:type\" content=\"article\" \/>\n<meta property=\"og:title\" content=\"Novak Djokovic priv\u00e9 de l\u2019US Open faute de vaccin contre le Covid-19 - Actualit\u00e9s congolaises et internationales\" \/>\n<meta property=\"og:description\" content=\"C\u2019est la saga qui a rythm\u00e9 l\u2019\u00e9t\u00e9 des passionn\u00e9s de tennis : Novak Djokovic participera-t-il \u00e0 l\u2019US Open ? Apr\u00e8s des semaines de suspense, le verdict est tomb\u00e9. Le Serbe ne sera pas de la partie \u00e0 New York pour disputer le dernier grand rendez-vous de la saison, du 29 ao\u00fbt au 11 septembre. Dans un tweet publi\u00e9 jeudi 25\u00a0ao\u00fbt, \u00e0 deux heures du tirage au sort, Novak Djokovic a annonc\u00e9 qu\u2019il d\u00e9clarait forfait pour le tournoi du Grand Chelem.\u00a0\u00ab\u00a0Malheureusement, je ne serai pas en mesure de me rendre \u00e0&hellip;\" \/>\n<meta property=\"og:url\" content=\"https:\/\/congovirtuel.com\/information\/novak-djokovic-prive-de-lus-open-faute-de-vaccin-contre-le-covid-19\/\" \/>\n<meta property=\"og:site_name\" content=\"Actualit\u00e9s congolaises et internationales\" \/>\n<meta property=\"article:publisher\" content=\"https:\/\/web.facebook.com\/Congovirtuel-763617960319601\/?ref=aymt_homepage_panel&amp;amp%3bamp%3bamp%3bamp%3bamp%3bamp%3bamp%3bamp%3bamp%3bamp%3bamp%3beid=ARCoxULa66767kIgF_KYav6VdjXTI4yk_LW4yoVO9s6NXpysgb7Cb65vpxcxgqzOAKvIbLQxaAETcqHT\" \/>\n<meta property=\"article:published_time\" content=\"2022-08-25T15:44:24+00:00\" \/>\n<meta property=\"og:image\" content=\"https:\/\/congovirtuel.com\/information\/wp-content\/uploads\/2022\/08\/4b2634d_f98083ec267443719153f6dc78b206f2-f98083ec267443719153f6dc78b206f2-0-1.jpg\" \/>\n\t<meta property=\"og:image:width\" content=\"664\" \/>\n\t<meta property=\"og:image:height\" content=\"443\" \/>\n\t<meta property=\"og:image:type\" content=\"image\/jpeg\" \/>\n<meta name=\"author\" content=\"infocongovirtuel\" \/>\n<meta name=\"twitter:card\" content=\"summary_large_image\" \/>\n<meta name=\"twitter:creator\" content=\"@congovirtuel\" \/>\n<meta name=\"twitter:site\" content=\"@congovirtuel\" \/>\n<meta name=\"twitter:label1\" content=\"\u00c9crit par\" \/>\n\t<meta name=\"twitter:data1\" content=\"infocongovirtuel\" \/>\n\t<meta name=\"twitter:label2\" content=\"Dur\u00e9e de lecture estim\u00e9e\" \/>\n\t<meta name=\"twitter:data2\" content=\"1 minute\" \/>\n<script type=\"application\/ld+json\" class=\"yoast-schema-graph\">{\"@context\":\"https:\\\/\\\/schema.org\",\"@graph\":[{\"@type\":\"Article\",\"@id\":\"https:\\\/\\\/congovirtuel.com\\\/information\\\/novak-djokovic-prive-de-lus-open-faute-de-vaccin-contre-le-covid-19\\\/#article\",\"isPartOf\":{\"@id\":\"https:\\\/\\\/congovirtuel.com\\\/information\\\/novak-djokovic-prive-de-lus-open-faute-de-vaccin-contre-le-covid-19\\\/\"},\"author\":{\"name\":\"infocongovirtuel\",\"@id\":\"https:\\\/\\\/congovirtuel.com\\\/information\\\/#\\\/schema\\\/person\\\/739a44bf7990966cb53d58d2fdeca0b6\"},\"headline\":\"Novak Djokovic priv\u00e9 de l\u2019US Open faute de vaccin contre le Covid-19\",\"datePublished\":\"2022-08-25T15:44:24+00:00\",\"mainEntityOfPage\":{\"@id\":\"https:\\\/\\\/congovirtuel.com\\\/information\\\/novak-djokovic-prive-de-lus-open-faute-de-vaccin-contre-le-covid-19\\\/\"},\"wordCount\":138,\"commentCount\":0,\"publisher\":{\"@id\":\"https:\\\/\\\/congovirtuel.com\\\/information\\\/#organization\"},\"image\":{\"@id\":\"https:\\\/\\\/congovirtuel.com\\\/information\\\/novak-djokovic-prive-de-lus-open-faute-de-vaccin-contre-le-covid-19\\\/#primaryimage\"},\"thumbnailUrl\":\"https:\\\/\\\/congovirtuel.com\\\/information\\\/wp-content\\\/uploads\\\/2022\\\/08\\\/4b2634d_f98083ec267443719153f6dc78b206f2-f98083ec267443719153f6dc78b206f2-0-1.jpg\",\"keywords\":[\"Novak Djokovic\"],\"articleSection\":[\"Vaccin\"],\"inLanguage\":\"fr-FR\",\"potentialAction\":[{\"@type\":\"CommentAction\",\"name\":\"Comment\",\"target\":[\"https:\\\/\\\/congovirtuel.com\\\/information\\\/novak-djokovic-prive-de-lus-open-faute-de-vaccin-contre-le-covid-19\\\/#respond\"]}]},{\"@type\":\"WebPage\",\"@id\":\"https:\\\/\\\/congovirtuel.com\\\/information\\\/novak-djokovic-prive-de-lus-open-faute-de-vaccin-contre-le-covid-19\\\/\",\"url\":\"https:\\\/\\\/congovirtuel.com\\\/information\\\/novak-djokovic-prive-de-lus-open-faute-de-vaccin-contre-le-covid-19\\\/\",\"name\":\"Novak Djokovic priv\u00e9 de l\u2019US Open faute de vaccin contre le Covid-19 - Actualit\u00e9s congolaises et internationales\",\"isPartOf\":{\"@id\":\"https:\\\/\\\/congovirtuel.com\\\/information\\\/#website\"},\"primaryImageOfPage\":{\"@id\":\"https:\\\/\\\/congovirtuel.com\\\/information\\\/novak-djokovic-prive-de-lus-open-faute-de-vaccin-contre-le-covid-19\\\/#primaryimage\"},\"image\":{\"@id\":\"https:\\\/\\\/congovirtuel.com\\\/information\\\/novak-djokovic-prive-de-lus-open-faute-de-vaccin-contre-le-covid-19\\\/#primaryimage\"},\"thumbnailUrl\":\"https:\\\/\\\/congovirtuel.com\\\/information\\\/wp-content\\\/uploads\\\/2022\\\/08\\\/4b2634d_f98083ec267443719153f6dc78b206f2-f98083ec267443719153f6dc78b206f2-0-1.jpg\",\"datePublished\":\"2022-08-25T15:44:24+00:00\",\"breadcrumb\":{\"@id\":\"https:\\\/\\\/congovirtuel.com\\\/information\\\/novak-djokovic-prive-de-lus-open-faute-de-vaccin-contre-le-covid-19\\\/#breadcrumb\"},\"inLanguage\":\"fr-FR\",\"potentialAction\":[{\"@type\":\"ReadAction\",\"target\":[\"https:\\\/\\\/congovirtuel.com\\\/information\\\/novak-djokovic-prive-de-lus-open-faute-de-vaccin-contre-le-covid-19\\\/\"]}]},{\"@type\":\"ImageObject\",\"inLanguage\":\"fr-FR\",\"@id\":\"https:\\\/\\\/congovirtuel.com\\\/information\\\/novak-djokovic-prive-de-lus-open-faute-de-vaccin-contre-le-covid-19\\\/#primaryimage\",\"url\":\"https:\\\/\\\/congovirtuel.com\\\/information\\\/wp-content\\\/uploads\\\/2022\\\/08\\\/4b2634d_f98083ec267443719153f6dc78b206f2-f98083ec267443719153f6dc78b206f2-0-1.jpg\",\"contentUrl\":\"https:\\\/\\\/congovirtuel.com\\\/information\\\/wp-content\\\/uploads\\\/2022\\\/08\\\/4b2634d_f98083ec267443719153f6dc78b206f2-f98083ec267443719153f6dc78b206f2-0-1.jpg\",\"width\":664,\"height\":443,\"caption\":\"FILE - Novak Djokovic, of Serbia, wipes the sweat off during a training session at the Mutua Madrid Open tennis tournament in Madrid, Spain, on April 30, 2022. Djokovic withdrew from the upcoming hard-court tournament in Montreal on Thursday, AUg. 4, 2022, because he is not vaccinated against COVID-19 and is therefore not allowed to enter Canada. (AP Photo\\\/Manu Fernandez, File)\"},{\"@type\":\"BreadcrumbList\",\"@id\":\"https:\\\/\\\/congovirtuel.com\\\/information\\\/novak-djokovic-prive-de-lus-open-faute-de-vaccin-contre-le-covid-19\\\/#breadcrumb\",\"itemListElement\":[{\"@type\":\"ListItem\",\"position\":1,\"name\":\"Accueil\",\"item\":\"https:\\\/\\\/congovirtuel.com\\\/information\\\/\"},{\"@type\":\"ListItem\",\"position\":2,\"name\":\"Novak Djokovic priv\u00e9 de l\u2019US Open faute de vaccin contre le Covid-19\"}]},{\"@type\":\"WebSite\",\"@id\":\"https:\\\/\\\/congovirtuel.com\\\/information\\\/#website\",\"url\":\"https:\\\/\\\/congovirtuel.com\\\/information\\\/\",\"name\":\"Actualit\u00e9s congolaises et internationales\",\"description\":\"site d&#039;analyse et de traitement d&#039;information\",\"publisher\":{\"@id\":\"https:\\\/\\\/congovirtuel.com\\\/information\\\/#organization\"},\"potentialAction\":[{\"@type\":\"SearchAction\",\"target\":{\"@type\":\"EntryPoint\",\"urlTemplate\":\"https:\\\/\\\/congovirtuel.com\\\/information\\\/?s={search_term_string}\"},\"query-input\":{\"@type\":\"PropertyValueSpecification\",\"valueRequired\":true,\"valueName\":\"search_term_string\"}}],\"inLanguage\":\"fr-FR\"},{\"@type\":\"Organization\",\"@id\":\"https:\\\/\\\/congovirtuel.com\\\/information\\\/#organization\",\"name\":\"Biblioth\u00e8que Virtuelle de la RDC\",\"url\":\"https:\\\/\\\/congovirtuel.com\\\/information\\\/\",\"logo\":{\"@type\":\"ImageObject\",\"inLanguage\":\"fr-FR\",\"@id\":\"https:\\\/\\\/congovirtuel.com\\\/information\\\/#\\\/schema\\\/logo\\\/image\\\/\",\"url\":\"https:\\\/\\\/congovirtuel.com\\\/information\\\/wp-content\\\/uploads\\\/2018\\\/10\\\/header-info-congovirtuel-vraie.jpg\",\"contentUrl\":\"https:\\\/\\\/congovirtuel.com\\\/information\\\/wp-content\\\/uploads\\\/2018\\\/10\\\/header-info-congovirtuel-vraie.jpg\",\"width\":728,\"height\":90,\"caption\":\"Biblioth\u00e8que Virtuelle de la RDC\"},\"image\":{\"@id\":\"https:\\\/\\\/congovirtuel.com\\\/information\\\/#\\\/schema\\\/logo\\\/image\\\/\"},\"sameAs\":[\"https:\\\/\\\/web.facebook.com\\\/Congovirtuel-763617960319601\\\/?ref=aymt_homepage_panel&amp;amp;amp;amp;amp;amp;amp;amp;amp;amp;amp;eid=ARCoxULa66767kIgF_KYav6VdjXTI4yk_LW4yoVO9s6NXpysgb7Cb65vpxcxgqzOAKvIbLQxaAETcqHT\",\"https:\\\/\\\/x.com\\\/congovirtuel\",\"https:\\\/\\\/www.youtube.com\\\/channel\\\/UCkFfprYzGgS3EWNpeMXpToQ?view_as=subscriber\"]},{\"@type\":\"Person\",\"@id\":\"https:\\\/\\\/congovirtuel.com\\\/information\\\/#\\\/schema\\\/person\\\/739a44bf7990966cb53d58d2fdeca0b6\",\"name\":\"infocongovirtuel\",\"image\":{\"@type\":\"ImageObject\",\"inLanguage\":\"fr-FR\",\"@id\":\"https:\\\/\\\/secure.gravatar.com\\\/avatar\\\/4d76991aa72469f0eb22e772586c99113c6997f88da636a9db8f2ce3a2c05e69?s=96&d=mm&r=g\",\"url\":\"https:\\\/\\\/secure.gravatar.com\\\/avatar\\\/4d76991aa72469f0eb22e772586c99113c6997f88da636a9db8f2ce3a2c05e69?s=96&d=mm&r=g\",\"contentUrl\":\"https:\\\/\\\/secure.gravatar.com\\\/avatar\\\/4d76991aa72469f0eb22e772586c99113c6997f88da636a9db8f2ce3a2c05e69?s=96&d=mm&r=g\",\"caption\":\"infocongovirtuel\"},\"url\":\"https:\\\/\\\/congovirtuel.com\\\/information\\\/author\\\/infocongovirtuel\\\/\"}]}<\/script>\n<!-- \/ Yoast SEO plugin. -->","yoast_head_json":{"title":"Novak Djokovic priv\u00e9 de l\u2019US Open faute de vaccin contre le Covid-19 - Actualit\u00e9s congolaises et internationales","robots":{"index":"index","follow":"follow","max-snippet":"max-snippet:-1","max-image-preview":"max-image-preview:large","max-video-preview":"max-video-preview:-1"},"canonical":"https:\/\/congovirtuel.com\/information\/novak-djokovic-prive-de-lus-open-faute-de-vaccin-contre-le-covid-19\/","og_locale":"fr_FR","og_type":"article","og_title":"Novak Djokovic priv\u00e9 de l\u2019US Open faute de vaccin contre le Covid-19 - Actualit\u00e9s congolaises et internationales","og_description":"C\u2019est la saga qui a rythm\u00e9 l\u2019\u00e9t\u00e9 des passionn\u00e9s de tennis : Novak Djokovic participera-t-il \u00e0 l\u2019US Open ? Apr\u00e8s des semaines de suspense, le verdict est tomb\u00e9. Le Serbe ne sera pas de la partie \u00e0 New York pour disputer le dernier grand rendez-vous de la saison, du 29 ao\u00fbt au 11 septembre. Dans un tweet publi\u00e9 jeudi 25\u00a0ao\u00fbt, \u00e0 deux heures du tirage au sort, Novak Djokovic a annonc\u00e9 qu\u2019il d\u00e9clarait forfait pour le tournoi du Grand Chelem.\u00a0\u00ab\u00a0Malheureusement, je ne serai pas en mesure de me rendre \u00e0&hellip;","og_url":"https:\/\/congovirtuel.com\/information\/novak-djokovic-prive-de-lus-open-faute-de-vaccin-contre-le-covid-19\/","og_site_name":"Actualit\u00e9s congolaises et internationales","article_publisher":"https:\/\/web.facebook.com\/Congovirtuel-763617960319601\/?ref=aymt_homepage_panel&amp%3bamp%3bamp%3bamp%3bamp%3bamp%3bamp%3bamp%3bamp%3bamp%3bamp%3beid=ARCoxULa66767kIgF_KYav6VdjXTI4yk_LW4yoVO9s6NXpysgb7Cb65vpxcxgqzOAKvIbLQxaAETcqHT","article_published_time":"2022-08-25T15:44:24+00:00","og_image":[{"width":664,"height":443,"url":"https:\/\/congovirtuel.com\/information\/wp-content\/uploads\/2022\/08\/4b2634d_f98083ec267443719153f6dc78b206f2-f98083ec267443719153f6dc78b206f2-0-1.jpg","type":"image\/jpeg"}],"author":"infocongovirtuel","twitter_card":"summary_large_image","twitter_creator":"@congovirtuel","twitter_site":"@congovirtuel","twitter_misc":{"\u00c9crit par":"infocongovirtuel","Dur\u00e9e de lecture estim\u00e9e":"1 minute"},"schema":{"@context":"https:\/\/schema.org","@graph":[{"@type":"Article","@id":"https:\/\/congovirtuel.com\/information\/novak-djokovic-prive-de-lus-open-faute-de-vaccin-contre-le-covid-19\/#article","isPartOf":{"@id":"https:\/\/congovirtuel.com\/information\/novak-djokovic-prive-de-lus-open-faute-de-vaccin-contre-le-covid-19\/"},"author":{"name":"infocongovirtuel","@id":"https:\/\/congovirtuel.com\/information\/#\/schema\/person\/739a44bf7990966cb53d58d2fdeca0b6"},"headline":"Novak Djokovic priv\u00e9 de l\u2019US Open faute de vaccin contre le Covid-19","datePublished":"2022-08-25T15:44:24+00:00","mainEntityOfPage":{"@id":"https:\/\/congovirtuel.com\/information\/novak-djokovic-prive-de-lus-open-faute-de-vaccin-contre-le-covid-19\/"},"wordCount":138,"commentCount":0,"publisher":{"@id":"https:\/\/congovirtuel.com\/information\/#organization"},"image":{"@id":"https:\/\/congovirtuel.com\/information\/novak-djokovic-prive-de-lus-open-faute-de-vaccin-contre-le-covid-19\/#primaryimage"},"thumbnailUrl":"https:\/\/congovirtuel.com\/information\/wp-content\/uploads\/2022\/08\/4b2634d_f98083ec267443719153f6dc78b206f2-f98083ec267443719153f6dc78b206f2-0-1.jpg","keywords":["Novak Djokovic"],"articleSection":["Vaccin"],"inLanguage":"fr-FR","potentialAction":[{"@type":"CommentAction","name":"Comment","target":["https:\/\/congovirtuel.com\/information\/novak-djokovic-prive-de-lus-open-faute-de-vaccin-contre-le-covid-19\/#respond"]}]},{"@type":"WebPage","@id":"https:\/\/congovirtuel.com\/information\/novak-djokovic-prive-de-lus-open-faute-de-vaccin-contre-le-covid-19\/","url":"https:\/\/congovirtuel.com\/information\/novak-djokovic-prive-de-lus-open-faute-de-vaccin-contre-le-covid-19\/","name":"Novak Djokovic priv\u00e9 de l\u2019US Open faute de vaccin contre le Covid-19 - Actualit\u00e9s congolaises et internationales","isPartOf":{"@id":"https:\/\/congovirtuel.com\/information\/#website"},"primaryImageOfPage":{"@id":"https:\/\/congovirtuel.com\/information\/novak-djokovic-prive-de-lus-open-faute-de-vaccin-contre-le-covid-19\/#primaryimage"},"image":{"@id":"https:\/\/congovirtuel.com\/information\/novak-djokovic-prive-de-lus-open-faute-de-vaccin-contre-le-covid-19\/#primaryimage"},"thumbnailUrl":"https:\/\/congovirtuel.com\/information\/wp-content\/uploads\/2022\/08\/4b2634d_f98083ec267443719153f6dc78b206f2-f98083ec267443719153f6dc78b206f2-0-1.jpg","datePublished":"2022-08-25T15:44:24+00:00","breadcrumb":{"@id":"https:\/\/congovirtuel.com\/information\/novak-djokovic-prive-de-lus-open-faute-de-vaccin-contre-le-covid-19\/#breadcrumb"},"inLanguage":"fr-FR","potentialAction":[{"@type":"ReadAction","target":["https:\/\/congovirtuel.com\/information\/novak-djokovic-prive-de-lus-open-faute-de-vaccin-contre-le-covid-19\/"]}]},{"@type":"ImageObject","inLanguage":"fr-FR","@id":"https:\/\/congovirtuel.com\/information\/novak-djokovic-prive-de-lus-open-faute-de-vaccin-contre-le-covid-19\/#primaryimage","url":"https:\/\/congovirtuel.com\/information\/wp-content\/uploads\/2022\/08\/4b2634d_f98083ec267443719153f6dc78b206f2-f98083ec267443719153f6dc78b206f2-0-1.jpg","contentUrl":"https:\/\/congovirtuel.com\/information\/wp-content\/uploads\/2022\/08\/4b2634d_f98083ec267443719153f6dc78b206f2-f98083ec267443719153f6dc78b206f2-0-1.jpg","width":664,"height":443,"caption":"FILE - Novak Djokovic, of Serbia, wipes the sweat off during a training session at the Mutua Madrid Open tennis tournament in Madrid, Spain, on April 30, 2022. Djokovic withdrew from the upcoming hard-court tournament in Montreal on Thursday, AUg. 4, 2022, because he is not vaccinated against COVID-19 and is therefore not allowed to enter Canada. (AP Photo\/Manu Fernandez, File)"},{"@type":"BreadcrumbList","@id":"https:\/\/congovirtuel.com\/information\/novak-djokovic-prive-de-lus-open-faute-de-vaccin-contre-le-covid-19\/#breadcrumb","itemListElement":[{"@type":"ListItem","position":1,"name":"Accueil","item":"https:\/\/congovirtuel.com\/information\/"},{"@type":"ListItem","position":2,"name":"Novak Djokovic priv\u00e9 de l\u2019US Open faute de vaccin contre le Covid-19"}]},{"@type":"WebSite","@id":"https:\/\/congovirtuel.com\/information\/#website","url":"https:\/\/congovirtuel.com\/information\/","name":"Actualit\u00e9s congolaises et internationales","description":"site d&#039;analyse et de traitement d&#039;information","publisher":{"@id":"https:\/\/congovirtuel.com\/information\/#organization"},"potentialAction":[{"@type":"SearchAction","target":{"@type":"EntryPoint","urlTemplate":"https:\/\/congovirtuel.com\/information\/?s={search_term_string}"},"query-input":{"@type":"PropertyValueSpecification","valueRequired":true,"valueName":"search_term_string"}}],"inLanguage":"fr-FR"},{"@type":"Organization","@id":"https:\/\/congovirtuel.com\/information\/#organization","name":"Biblioth\u00e8que Virtuelle de la RDC","url":"https:\/\/congovirtuel.com\/information\/","logo":{"@type":"ImageObject","inLanguage":"fr-FR","@id":"https:\/\/congovirtuel.com\/information\/#\/schema\/logo\/image\/","url":"https:\/\/congovirtuel.com\/information\/wp-content\/uploads\/2018\/10\/header-info-congovirtuel-vraie.jpg","contentUrl":"https:\/\/congovirtuel.com\/information\/wp-content\/uploads\/2018\/10\/header-info-congovirtuel-vraie.jpg","width":728,"height":90,"caption":"Biblioth\u00e8que Virtuelle de la RDC"},"image":{"@id":"https:\/\/congovirtuel.com\/information\/#\/schema\/logo\/image\/"},"sameAs":["https:\/\/web.facebook.com\/Congovirtuel-763617960319601\/?ref=aymt_homepage_panel&amp;amp;amp;amp;amp;amp;amp;amp;amp;amp;amp;eid=ARCoxULa66767kIgF_KYav6VdjXTI4yk_LW4yoVO9s6NXpysgb7Cb65vpxcxgqzOAKvIbLQxaAETcqHT","https:\/\/x.com\/congovirtuel","https:\/\/www.youtube.com\/channel\/UCkFfprYzGgS3EWNpeMXpToQ?view_as=subscriber"]},{"@type":"Person","@id":"https:\/\/congovirtuel.com\/information\/#\/schema\/person\/739a44bf7990966cb53d58d2fdeca0b6","name":"infocongovirtuel","image":{"@type":"ImageObject","inLanguage":"fr-FR","@id":"https:\/\/secure.gravatar.com\/avatar\/4d76991aa72469f0eb22e772586c99113c6997f88da636a9db8f2ce3a2c05e69?s=96&d=mm&r=g","url":"https:\/\/secure.gravatar.com\/avatar\/4d76991aa72469f0eb22e772586c99113c6997f88da636a9db8f2ce3a2c05e69?s=96&d=mm&r=g","contentUrl":"https:\/\/secure.gravatar.com\/avatar\/4d76991aa72469f0eb22e772586c99113c6997f88da636a9db8f2ce3a2c05e69?s=96&d=mm&r=g","caption":"infocongovirtuel"},"url":"https:\/\/congovirtuel.com\/information\/author\/infocongovirtuel\/"}]}},"gt_translate_keys":[{"key":"link","format":"url"}],"_links":{"self":[{"href":"https:\/\/congovirtuel.com\/information\/wp-json\/wp\/v2\/posts\/20181","targetHints":{"allow":["GET"]}}],"collection":[{"href":"https:\/\/congovirtuel.com\/information\/wp-json\/wp\/v2\/posts"}],"about":[{"href":"https:\/\/congovirtuel.com\/information\/wp-json\/wp\/v2\/types\/post"}],"author":[{"embeddable":true,"href":"https:\/\/congovirtuel.com\/information\/wp-json\/wp\/v2\/users\/1"}],"replies":[{"embeddable":true,"href":"https:\/\/congovirtuel.com\/information\/wp-json\/wp\/v2\/comments?post=20181"}],"version-history":[{"count":1,"href":"https:\/\/congovirtuel.com\/information\/wp-json\/wp\/v2\/posts\/20181\/revisions"}],"predecessor-version":[{"id":20182,"href":"https:\/\/congovirtuel.com\/information\/wp-json\/wp\/v2\/posts\/20181\/revisions\/20182"}],"wp:featuredmedia":[{"embeddable":true,"href":"https:\/\/congovirtuel.com\/information\/wp-json\/wp\/v2\/media\/20180"}],"wp:attachment":[{"href":"https:\/\/congovirtuel.com\/information\/wp-json\/wp\/v2\/media?parent=20181"}],"wp:term":[{"taxonomy":"category","embeddable":true,"href":"https:\/\/congovirtuel.com\/information\/wp-json\/wp\/v2\/categories?post=20181"},{"taxonomy":"post_tag","embeddable":true,"href":"https:\/\/congovirtuel.com\/information\/wp-json\/wp\/v2\/tags?post=20181"}],"curies":[{"name":"wp","href":"https:\/\/api.w.org\/{rel}","templated":true}]}}