{"id":2019,"date":"2020-06-20T09:07:55","date_gmt":"2020-06-20T08:07:55","guid":{"rendered":"https:\/\/congovirtuel.com\/information\/?p=2019"},"modified":"2020-06-20T09:08:16","modified_gmt":"2020-06-20T08:08:16","slug":"pour-pierre-kompany-la-belgique-doit-sexcuser-pour-son-passe-colonial","status":"publish","type":"post","link":"https:\/\/congovirtuel.com\/information\/pour-pierre-kompany-la-belgique-doit-sexcuser-pour-son-passe-colonial\/","title":{"rendered":"Pour Pierre Kompany, la Belgique doit \u00abs\u2019excuser\u00bb pour son pass\u00e9 colonial","gt_translate_keys":[{"key":"rendered","format":"text"}]},"content":{"rendered":"\n<p class=\"wp-block-paragraph\">Sur l\u2019occupation belge du Congo \u00abil y a eu trop de non-dits\u00bb, \u00abcomme dans certaines familles\u00bb, et il faut maintenant que l\u2019ancienne puissance coloniale pr\u00e9sente \u00abdes excuses\u00bb, estime l\u2019\u00e9lu belge d\u2019origine congolaise Pierre Kompany, dans un entretien avec l\u2019AFP. \u00abLes excuses doivent venir en fait de l\u2019Etat et du Roi\u00bb, estime-t-il.<\/p>\n\n\n\n<p class=\"wp-block-paragraph\">Pour Pierre Kompany, les statues de l\u2019ancien souverain (qui r\u00e9gna de 1865 \u00e0 1909) auraient d\u00fb depuis des ann\u00e9es \u00eatre remis\u00e9es dans les mus\u00e9es pour \u00e9viter les actes de vandalisme subis ces derniers jours.<\/p>\n\n\n\n<p class=\"wp-block-paragraph\">\u00abPersonne n\u2019entrerait dans un mus\u00e9e pour casser\u00bb et les admirateurs de ces statues \u00abpayeraient pour aller les voir\u00bb, ironise le d\u00e9put\u00e9 bruxellois.<\/p>\n\n\n\n<p class=\"wp-block-paragraph\">Selon les historiens, la colonisation au XIXe si\u00e8cle de l\u2019actuelle RDC, sous l\u2019autorit\u00e9 de L\u00e9opold II, a \u00e9t\u00e9 tr\u00e8s brutale, marqu\u00e9e par le recours au travail forc\u00e9 pour exploiter le caoutchouc. Des photos de mains coup\u00e9es ont document\u00e9 les exactions.<\/p>\n\n\n\n<p class=\"wp-block-paragraph\">\u00abIl y a une r\u00e9alit\u00e9 flagrante, elle n\u2019est pas discutable\u00bb, poursuit M. Kompany, qui appelle \u00e0 \u00abdire la v\u00e9rit\u00e9\u00bb \u00e0 l\u2019approche des 60 ans de l\u2019ind\u00e9pendance le 30 juin 1960.<\/p>\n\n\n\n<p class=\"wp-block-paragraph\">Une occasion a \u00e9t\u00e9 manqu\u00e9e en 2009 lors du centenaire de la mort de L\u00e9opold II, que l\u2019Etat belge a refus\u00e9 de c\u00e9l\u00e9brer, rappelle-t-il.<\/p>\n\n\n\n<p class=\"wp-block-paragraph\">Pour assumer ce pass\u00e9 et l\u2019enseigner \u00e0 l\u2019\u00e9cole, \u00abla responsabilit\u00e9 appartient aujourd\u2019hui d\u2019abord \u00e0 l\u2019Etat belge\u00bb.<\/p>\n\n\n\n<p class=\"wp-block-paragraph\">\u00abSi l\u2019Etat pr\u00e9sente ses excuses \u00e7a serait d\u00e9j\u00e0 beaucoup. Mais si la famille royale le fait aussi, elle en sortirait grandie\u00bb. \u00abLes excuses doivent venir en fait de l\u2019Etat et du Roi\u00bb Philippe, pr\u00e9cise-t-il ensuite.<\/p>\n\n\n\n<p class=\"wp-block-paragraph\"><strong>Lesoir.be<\/strong><\/p>\n","protected":false,"gt_translate_keys":[{"key":"rendered","format":"html"}]},"excerpt":{"rendered":"<p>Sur l\u2019occupation belge du Congo \u00abil y a eu trop de non-dits\u00bb, \u00abcomme dans certaines familles\u00bb, et il faut maintenant que l\u2019ancienne puissance coloniale pr\u00e9sente \u00abdes excuses\u00bb, estime l\u2019\u00e9lu belge d\u2019origine congolaise Pierre Kompany, dans un entretien avec l\u2019AFP. \u00abLes excuses doivent venir en fait de l\u2019Etat et du Roi\u00bb, estime-t-il. Pour Pierre Kompany, les statues de l\u2019ancien souverain (qui r\u00e9gna de 1865 \u00e0 1909) auraient d\u00fb depuis des ann\u00e9es \u00eatre remis\u00e9es dans les mus\u00e9es pour \u00e9viter les actes de vandalisme subis ces derniers jours. \u00abPersonne n\u2019entrerait dans un mus\u00e9e&hellip;<\/p>\n","protected":false,"gt_translate_keys":[{"key":"rendered","format":"html"}]},"author":1,"featured_media":2020,"comment_status":"open","ping_status":"open","sticky":false,"template":"","format":"standard","meta":{"_crdt_document":"","footnotes":""},"categories":[671],"tags":[1243,1245,1123],"class_list":["post-2019","post","type-post","status-publish","format-standard","has-post-thumbnail","hentry","category-rdc-belgique","tag-pierre-kompany","tag-reparation-passe-colonial","tag-statue-leopold-ii"],"gutentor_comment":0,"yoast_head":"<!-- This site is optimized with the Yoast SEO plugin v27.5 - https:\/\/yoast.com\/product\/yoast-seo-wordpress\/ -->\n<title>Pour Pierre Kompany, la Belgique doit \u00abs\u2019excuser\u00bb pour son pass\u00e9 colonial - Actualit\u00e9s congolaises et internationales<\/title>\n<meta name=\"robots\" content=\"index, follow, max-snippet:-1, max-image-preview:large, max-video-preview:-1\" \/>\n<link rel=\"canonical\" href=\"https:\/\/congovirtuel.com\/information\/pour-pierre-kompany-la-belgique-doit-sexcuser-pour-son-passe-colonial\/\" \/>\n<meta property=\"og:locale\" content=\"fr_FR\" \/>\n<meta property=\"og:type\" content=\"article\" \/>\n<meta property=\"og:title\" content=\"Pour Pierre Kompany, la Belgique doit \u00abs\u2019excuser\u00bb pour son pass\u00e9 colonial - Actualit\u00e9s congolaises et internationales\" \/>\n<meta property=\"og:description\" content=\"Sur l\u2019occupation belge du Congo \u00abil y a eu trop de non-dits\u00bb, \u00abcomme dans certaines familles\u00bb, et il faut maintenant que l\u2019ancienne puissance coloniale pr\u00e9sente \u00abdes excuses\u00bb, estime l\u2019\u00e9lu belge d\u2019origine congolaise Pierre Kompany, dans un entretien avec l\u2019AFP. \u00abLes excuses doivent venir en fait de l\u2019Etat et du Roi\u00bb, estime-t-il. Pour Pierre Kompany, les statues de l\u2019ancien souverain (qui r\u00e9gna de 1865 \u00e0 1909) auraient d\u00fb depuis des ann\u00e9es \u00eatre remis\u00e9es dans les mus\u00e9es pour \u00e9viter les actes de vandalisme subis ces derniers jours. \u00abPersonne n\u2019entrerait dans un mus\u00e9e&hellip;\" \/>\n<meta property=\"og:url\" content=\"https:\/\/congovirtuel.com\/information\/pour-pierre-kompany-la-belgique-doit-sexcuser-pour-son-passe-colonial\/\" \/>\n<meta property=\"og:site_name\" content=\"Actualit\u00e9s congolaises et internationales\" \/>\n<meta property=\"article:publisher\" content=\"https:\/\/web.facebook.com\/Congovirtuel-763617960319601\/?ref=aymt_homepage_panel&amp;amp%3bamp%3bamp%3bamp%3bamp%3bamp%3bamp%3bamp%3bamp%3bamp%3bamp%3beid=ARCoxULa66767kIgF_KYav6VdjXTI4yk_LW4yoVO9s6NXpysgb7Cb65vpxcxgqzOAKvIbLQxaAETcqHT\" \/>\n<meta property=\"article:published_time\" content=\"2020-06-20T08:07:55+00:00\" \/>\n<meta property=\"article:modified_time\" content=\"2020-06-20T08:08:16+00:00\" \/>\n<meta property=\"og:image\" content=\"https:\/\/congovirtuel.com\/information\/wp-content\/uploads\/2020\/06\/pierre_et_vincent_kompany.jpg\" \/>\n\t<meta property=\"og:image:width\" content=\"1187\" \/>\n\t<meta property=\"og:image:height\" content=\"669\" \/>\n\t<meta property=\"og:image:type\" content=\"image\/jpeg\" \/>\n<meta name=\"author\" content=\"infocongovirtuel\" \/>\n<meta name=\"twitter:card\" content=\"summary_large_image\" \/>\n<meta name=\"twitter:creator\" content=\"@congovirtuel\" \/>\n<meta name=\"twitter:site\" content=\"@congovirtuel\" \/>\n<meta name=\"twitter:label1\" content=\"\u00c9crit par\" \/>\n\t<meta name=\"twitter:data1\" content=\"infocongovirtuel\" \/>\n\t<meta name=\"twitter:label2\" content=\"Dur\u00e9e de lecture estim\u00e9e\" \/>\n\t<meta name=\"twitter:data2\" content=\"1 minute\" \/>\n<script type=\"application\/ld+json\" class=\"yoast-schema-graph\">{\"@context\":\"https:\\\/\\\/schema.org\",\"@graph\":[{\"@type\":\"Article\",\"@id\":\"https:\\\/\\\/congovirtuel.com\\\/information\\\/pour-pierre-kompany-la-belgique-doit-sexcuser-pour-son-passe-colonial\\\/#article\",\"isPartOf\":{\"@id\":\"https:\\\/\\\/congovirtuel.com\\\/information\\\/pour-pierre-kompany-la-belgique-doit-sexcuser-pour-son-passe-colonial\\\/\"},\"author\":{\"name\":\"infocongovirtuel\",\"@id\":\"https:\\\/\\\/congovirtuel.com\\\/information\\\/#\\\/schema\\\/person\\\/739a44bf7990966cb53d58d2fdeca0b6\"},\"headline\":\"Pour Pierre Kompany, la Belgique doit \u00abs\u2019excuser\u00bb pour son pass\u00e9 colonial\",\"datePublished\":\"2020-06-20T08:07:55+00:00\",\"dateModified\":\"2020-06-20T08:08:16+00:00\",\"mainEntityOfPage\":{\"@id\":\"https:\\\/\\\/congovirtuel.com\\\/information\\\/pour-pierre-kompany-la-belgique-doit-sexcuser-pour-son-passe-colonial\\\/\"},\"wordCount\":298,\"commentCount\":0,\"publisher\":{\"@id\":\"https:\\\/\\\/congovirtuel.com\\\/information\\\/#organization\"},\"image\":{\"@id\":\"https:\\\/\\\/congovirtuel.com\\\/information\\\/pour-pierre-kompany-la-belgique-doit-sexcuser-pour-son-passe-colonial\\\/#primaryimage\"},\"thumbnailUrl\":\"https:\\\/\\\/congovirtuel.com\\\/information\\\/wp-content\\\/uploads\\\/2020\\\/06\\\/pierre_et_vincent_kompany.jpg\",\"keywords\":[\"Pierre Kompany\",\"r\u00e9paration pass\u00e9 colonial\",\"Statue L\u00e9opold II\"],\"articleSection\":[\"RDC-BELGIQUE\"],\"inLanguage\":\"fr-FR\",\"potentialAction\":[{\"@type\":\"CommentAction\",\"name\":\"Comment\",\"target\":[\"https:\\\/\\\/congovirtuel.com\\\/information\\\/pour-pierre-kompany-la-belgique-doit-sexcuser-pour-son-passe-colonial\\\/#respond\"]}]},{\"@type\":\"WebPage\",\"@id\":\"https:\\\/\\\/congovirtuel.com\\\/information\\\/pour-pierre-kompany-la-belgique-doit-sexcuser-pour-son-passe-colonial\\\/\",\"url\":\"https:\\\/\\\/congovirtuel.com\\\/information\\\/pour-pierre-kompany-la-belgique-doit-sexcuser-pour-son-passe-colonial\\\/\",\"name\":\"Pour Pierre Kompany, la Belgique doit \u00abs\u2019excuser\u00bb pour son pass\u00e9 colonial - Actualit\u00e9s congolaises et internationales\",\"isPartOf\":{\"@id\":\"https:\\\/\\\/congovirtuel.com\\\/information\\\/#website\"},\"primaryImageOfPage\":{\"@id\":\"https:\\\/\\\/congovirtuel.com\\\/information\\\/pour-pierre-kompany-la-belgique-doit-sexcuser-pour-son-passe-colonial\\\/#primaryimage\"},\"image\":{\"@id\":\"https:\\\/\\\/congovirtuel.com\\\/information\\\/pour-pierre-kompany-la-belgique-doit-sexcuser-pour-son-passe-colonial\\\/#primaryimage\"},\"thumbnailUrl\":\"https:\\\/\\\/congovirtuel.com\\\/information\\\/wp-content\\\/uploads\\\/2020\\\/06\\\/pierre_et_vincent_kompany.jpg\",\"datePublished\":\"2020-06-20T08:07:55+00:00\",\"dateModified\":\"2020-06-20T08:08:16+00:00\",\"breadcrumb\":{\"@id\":\"https:\\\/\\\/congovirtuel.com\\\/information\\\/pour-pierre-kompany-la-belgique-doit-sexcuser-pour-son-passe-colonial\\\/#breadcrumb\"},\"inLanguage\":\"fr-FR\",\"potentialAction\":[{\"@type\":\"ReadAction\",\"target\":[\"https:\\\/\\\/congovirtuel.com\\\/information\\\/pour-pierre-kompany-la-belgique-doit-sexcuser-pour-son-passe-colonial\\\/\"]}]},{\"@type\":\"ImageObject\",\"inLanguage\":\"fr-FR\",\"@id\":\"https:\\\/\\\/congovirtuel.com\\\/information\\\/pour-pierre-kompany-la-belgique-doit-sexcuser-pour-son-passe-colonial\\\/#primaryimage\",\"url\":\"https:\\\/\\\/congovirtuel.com\\\/information\\\/wp-content\\\/uploads\\\/2020\\\/06\\\/pierre_et_vincent_kompany.jpg\",\"contentUrl\":\"https:\\\/\\\/congovirtuel.com\\\/information\\\/wp-content\\\/uploads\\\/2020\\\/06\\\/pierre_et_vincent_kompany.jpg\",\"width\":1187,\"height\":669},{\"@type\":\"BreadcrumbList\",\"@id\":\"https:\\\/\\\/congovirtuel.com\\\/information\\\/pour-pierre-kompany-la-belgique-doit-sexcuser-pour-son-passe-colonial\\\/#breadcrumb\",\"itemListElement\":[{\"@type\":\"ListItem\",\"position\":1,\"name\":\"Accueil\",\"item\":\"https:\\\/\\\/congovirtuel.com\\\/information\\\/\"},{\"@type\":\"ListItem\",\"position\":2,\"name\":\"Pour Pierre Kompany, la Belgique doit \u00abs\u2019excuser\u00bb pour son pass\u00e9 colonial\"}]},{\"@type\":\"WebSite\",\"@id\":\"https:\\\/\\\/congovirtuel.com\\\/information\\\/#website\",\"url\":\"https:\\\/\\\/congovirtuel.com\\\/information\\\/\",\"name\":\"Actualit\u00e9s congolaises et internationales\",\"description\":\"site d&#039;analyse et de traitement d&#039;information\",\"publisher\":{\"@id\":\"https:\\\/\\\/congovirtuel.com\\\/information\\\/#organization\"},\"potentialAction\":[{\"@type\":\"SearchAction\",\"target\":{\"@type\":\"EntryPoint\",\"urlTemplate\":\"https:\\\/\\\/congovirtuel.com\\\/information\\\/?s={search_term_string}\"},\"query-input\":{\"@type\":\"PropertyValueSpecification\",\"valueRequired\":true,\"valueName\":\"search_term_string\"}}],\"inLanguage\":\"fr-FR\"},{\"@type\":\"Organization\",\"@id\":\"https:\\\/\\\/congovirtuel.com\\\/information\\\/#organization\",\"name\":\"Biblioth\u00e8que Virtuelle de la RDC\",\"url\":\"https:\\\/\\\/congovirtuel.com\\\/information\\\/\",\"logo\":{\"@type\":\"ImageObject\",\"inLanguage\":\"fr-FR\",\"@id\":\"https:\\\/\\\/congovirtuel.com\\\/information\\\/#\\\/schema\\\/logo\\\/image\\\/\",\"url\":\"https:\\\/\\\/congovirtuel.com\\\/information\\\/wp-content\\\/uploads\\\/2018\\\/10\\\/header-info-congovirtuel-vraie.jpg\",\"contentUrl\":\"https:\\\/\\\/congovirtuel.com\\\/information\\\/wp-content\\\/uploads\\\/2018\\\/10\\\/header-info-congovirtuel-vraie.jpg\",\"width\":728,\"height\":90,\"caption\":\"Biblioth\u00e8que Virtuelle de la RDC\"},\"image\":{\"@id\":\"https:\\\/\\\/congovirtuel.com\\\/information\\\/#\\\/schema\\\/logo\\\/image\\\/\"},\"sameAs\":[\"https:\\\/\\\/web.facebook.com\\\/Congovirtuel-763617960319601\\\/?ref=aymt_homepage_panel&amp;amp;amp;amp;amp;amp;amp;amp;amp;amp;amp;eid=ARCoxULa66767kIgF_KYav6VdjXTI4yk_LW4yoVO9s6NXpysgb7Cb65vpxcxgqzOAKvIbLQxaAETcqHT\",\"https:\\\/\\\/x.com\\\/congovirtuel\",\"https:\\\/\\\/www.youtube.com\\\/channel\\\/UCkFfprYzGgS3EWNpeMXpToQ?view_as=subscriber\"]},{\"@type\":\"Person\",\"@id\":\"https:\\\/\\\/congovirtuel.com\\\/information\\\/#\\\/schema\\\/person\\\/739a44bf7990966cb53d58d2fdeca0b6\",\"name\":\"infocongovirtuel\",\"image\":{\"@type\":\"ImageObject\",\"inLanguage\":\"fr-FR\",\"@id\":\"https:\\\/\\\/secure.gravatar.com\\\/avatar\\\/4d76991aa72469f0eb22e772586c99113c6997f88da636a9db8f2ce3a2c05e69?s=96&d=mm&r=g\",\"url\":\"https:\\\/\\\/secure.gravatar.com\\\/avatar\\\/4d76991aa72469f0eb22e772586c99113c6997f88da636a9db8f2ce3a2c05e69?s=96&d=mm&r=g\",\"contentUrl\":\"https:\\\/\\\/secure.gravatar.com\\\/avatar\\\/4d76991aa72469f0eb22e772586c99113c6997f88da636a9db8f2ce3a2c05e69?s=96&d=mm&r=g\",\"caption\":\"infocongovirtuel\"},\"url\":\"https:\\\/\\\/congovirtuel.com\\\/information\\\/author\\\/infocongovirtuel\\\/\"}]}<\/script>\n<!-- \/ Yoast SEO plugin. -->","yoast_head_json":{"title":"Pour Pierre Kompany, la Belgique doit \u00abs\u2019excuser\u00bb pour son pass\u00e9 colonial - Actualit\u00e9s congolaises et internationales","robots":{"index":"index","follow":"follow","max-snippet":"max-snippet:-1","max-image-preview":"max-image-preview:large","max-video-preview":"max-video-preview:-1"},"canonical":"https:\/\/congovirtuel.com\/information\/pour-pierre-kompany-la-belgique-doit-sexcuser-pour-son-passe-colonial\/","og_locale":"fr_FR","og_type":"article","og_title":"Pour Pierre Kompany, la Belgique doit \u00abs\u2019excuser\u00bb pour son pass\u00e9 colonial - Actualit\u00e9s congolaises et internationales","og_description":"Sur l\u2019occupation belge du Congo \u00abil y a eu trop de non-dits\u00bb, \u00abcomme dans certaines familles\u00bb, et il faut maintenant que l\u2019ancienne puissance coloniale pr\u00e9sente \u00abdes excuses\u00bb, estime l\u2019\u00e9lu belge d\u2019origine congolaise Pierre Kompany, dans un entretien avec l\u2019AFP. \u00abLes excuses doivent venir en fait de l\u2019Etat et du Roi\u00bb, estime-t-il. Pour Pierre Kompany, les statues de l\u2019ancien souverain (qui r\u00e9gna de 1865 \u00e0 1909) auraient d\u00fb depuis des ann\u00e9es \u00eatre remis\u00e9es dans les mus\u00e9es pour \u00e9viter les actes de vandalisme subis ces derniers jours. \u00abPersonne n\u2019entrerait dans un mus\u00e9e&hellip;","og_url":"https:\/\/congovirtuel.com\/information\/pour-pierre-kompany-la-belgique-doit-sexcuser-pour-son-passe-colonial\/","og_site_name":"Actualit\u00e9s congolaises et internationales","article_publisher":"https:\/\/web.facebook.com\/Congovirtuel-763617960319601\/?ref=aymt_homepage_panel&amp%3bamp%3bamp%3bamp%3bamp%3bamp%3bamp%3bamp%3bamp%3bamp%3bamp%3beid=ARCoxULa66767kIgF_KYav6VdjXTI4yk_LW4yoVO9s6NXpysgb7Cb65vpxcxgqzOAKvIbLQxaAETcqHT","article_published_time":"2020-06-20T08:07:55+00:00","article_modified_time":"2020-06-20T08:08:16+00:00","og_image":[{"width":1187,"height":669,"url":"https:\/\/congovirtuel.com\/information\/wp-content\/uploads\/2020\/06\/pierre_et_vincent_kompany.jpg","type":"image\/jpeg"}],"author":"infocongovirtuel","twitter_card":"summary_large_image","twitter_creator":"@congovirtuel","twitter_site":"@congovirtuel","twitter_misc":{"\u00c9crit par":"infocongovirtuel","Dur\u00e9e de lecture estim\u00e9e":"1 minute"},"schema":{"@context":"https:\/\/schema.org","@graph":[{"@type":"Article","@id":"https:\/\/congovirtuel.com\/information\/pour-pierre-kompany-la-belgique-doit-sexcuser-pour-son-passe-colonial\/#article","isPartOf":{"@id":"https:\/\/congovirtuel.com\/information\/pour-pierre-kompany-la-belgique-doit-sexcuser-pour-son-passe-colonial\/"},"author":{"name":"infocongovirtuel","@id":"https:\/\/congovirtuel.com\/information\/#\/schema\/person\/739a44bf7990966cb53d58d2fdeca0b6"},"headline":"Pour Pierre Kompany, la Belgique doit \u00abs\u2019excuser\u00bb pour son pass\u00e9 colonial","datePublished":"2020-06-20T08:07:55+00:00","dateModified":"2020-06-20T08:08:16+00:00","mainEntityOfPage":{"@id":"https:\/\/congovirtuel.com\/information\/pour-pierre-kompany-la-belgique-doit-sexcuser-pour-son-passe-colonial\/"},"wordCount":298,"commentCount":0,"publisher":{"@id":"https:\/\/congovirtuel.com\/information\/#organization"},"image":{"@id":"https:\/\/congovirtuel.com\/information\/pour-pierre-kompany-la-belgique-doit-sexcuser-pour-son-passe-colonial\/#primaryimage"},"thumbnailUrl":"https:\/\/congovirtuel.com\/information\/wp-content\/uploads\/2020\/06\/pierre_et_vincent_kompany.jpg","keywords":["Pierre Kompany","r\u00e9paration pass\u00e9 colonial","Statue L\u00e9opold II"],"articleSection":["RDC-BELGIQUE"],"inLanguage":"fr-FR","potentialAction":[{"@type":"CommentAction","name":"Comment","target":["https:\/\/congovirtuel.com\/information\/pour-pierre-kompany-la-belgique-doit-sexcuser-pour-son-passe-colonial\/#respond"]}]},{"@type":"WebPage","@id":"https:\/\/congovirtuel.com\/information\/pour-pierre-kompany-la-belgique-doit-sexcuser-pour-son-passe-colonial\/","url":"https:\/\/congovirtuel.com\/information\/pour-pierre-kompany-la-belgique-doit-sexcuser-pour-son-passe-colonial\/","name":"Pour Pierre Kompany, la Belgique doit \u00abs\u2019excuser\u00bb pour son pass\u00e9 colonial - Actualit\u00e9s congolaises et internationales","isPartOf":{"@id":"https:\/\/congovirtuel.com\/information\/#website"},"primaryImageOfPage":{"@id":"https:\/\/congovirtuel.com\/information\/pour-pierre-kompany-la-belgique-doit-sexcuser-pour-son-passe-colonial\/#primaryimage"},"image":{"@id":"https:\/\/congovirtuel.com\/information\/pour-pierre-kompany-la-belgique-doit-sexcuser-pour-son-passe-colonial\/#primaryimage"},"thumbnailUrl":"https:\/\/congovirtuel.com\/information\/wp-content\/uploads\/2020\/06\/pierre_et_vincent_kompany.jpg","datePublished":"2020-06-20T08:07:55+00:00","dateModified":"2020-06-20T08:08:16+00:00","breadcrumb":{"@id":"https:\/\/congovirtuel.com\/information\/pour-pierre-kompany-la-belgique-doit-sexcuser-pour-son-passe-colonial\/#breadcrumb"},"inLanguage":"fr-FR","potentialAction":[{"@type":"ReadAction","target":["https:\/\/congovirtuel.com\/information\/pour-pierre-kompany-la-belgique-doit-sexcuser-pour-son-passe-colonial\/"]}]},{"@type":"ImageObject","inLanguage":"fr-FR","@id":"https:\/\/congovirtuel.com\/information\/pour-pierre-kompany-la-belgique-doit-sexcuser-pour-son-passe-colonial\/#primaryimage","url":"https:\/\/congovirtuel.com\/information\/wp-content\/uploads\/2020\/06\/pierre_et_vincent_kompany.jpg","contentUrl":"https:\/\/congovirtuel.com\/information\/wp-content\/uploads\/2020\/06\/pierre_et_vincent_kompany.jpg","width":1187,"height":669},{"@type":"BreadcrumbList","@id":"https:\/\/congovirtuel.com\/information\/pour-pierre-kompany-la-belgique-doit-sexcuser-pour-son-passe-colonial\/#breadcrumb","itemListElement":[{"@type":"ListItem","position":1,"name":"Accueil","item":"https:\/\/congovirtuel.com\/information\/"},{"@type":"ListItem","position":2,"name":"Pour Pierre Kompany, la Belgique doit \u00abs\u2019excuser\u00bb pour son pass\u00e9 colonial"}]},{"@type":"WebSite","@id":"https:\/\/congovirtuel.com\/information\/#website","url":"https:\/\/congovirtuel.com\/information\/","name":"Actualit\u00e9s congolaises et internationales","description":"site d&#039;analyse et de traitement d&#039;information","publisher":{"@id":"https:\/\/congovirtuel.com\/information\/#organization"},"potentialAction":[{"@type":"SearchAction","target":{"@type":"EntryPoint","urlTemplate":"https:\/\/congovirtuel.com\/information\/?s={search_term_string}"},"query-input":{"@type":"PropertyValueSpecification","valueRequired":true,"valueName":"search_term_string"}}],"inLanguage":"fr-FR"},{"@type":"Organization","@id":"https:\/\/congovirtuel.com\/information\/#organization","name":"Biblioth\u00e8que Virtuelle de la RDC","url":"https:\/\/congovirtuel.com\/information\/","logo":{"@type":"ImageObject","inLanguage":"fr-FR","@id":"https:\/\/congovirtuel.com\/information\/#\/schema\/logo\/image\/","url":"https:\/\/congovirtuel.com\/information\/wp-content\/uploads\/2018\/10\/header-info-congovirtuel-vraie.jpg","contentUrl":"https:\/\/congovirtuel.com\/information\/wp-content\/uploads\/2018\/10\/header-info-congovirtuel-vraie.jpg","width":728,"height":90,"caption":"Biblioth\u00e8que Virtuelle de la RDC"},"image":{"@id":"https:\/\/congovirtuel.com\/information\/#\/schema\/logo\/image\/"},"sameAs":["https:\/\/web.facebook.com\/Congovirtuel-763617960319601\/?ref=aymt_homepage_panel&amp;amp;amp;amp;amp;amp;amp;amp;amp;amp;amp;eid=ARCoxULa66767kIgF_KYav6VdjXTI4yk_LW4yoVO9s6NXpysgb7Cb65vpxcxgqzOAKvIbLQxaAETcqHT","https:\/\/x.com\/congovirtuel","https:\/\/www.youtube.com\/channel\/UCkFfprYzGgS3EWNpeMXpToQ?view_as=subscriber"]},{"@type":"Person","@id":"https:\/\/congovirtuel.com\/information\/#\/schema\/person\/739a44bf7990966cb53d58d2fdeca0b6","name":"infocongovirtuel","image":{"@type":"ImageObject","inLanguage":"fr-FR","@id":"https:\/\/secure.gravatar.com\/avatar\/4d76991aa72469f0eb22e772586c99113c6997f88da636a9db8f2ce3a2c05e69?s=96&d=mm&r=g","url":"https:\/\/secure.gravatar.com\/avatar\/4d76991aa72469f0eb22e772586c99113c6997f88da636a9db8f2ce3a2c05e69?s=96&d=mm&r=g","contentUrl":"https:\/\/secure.gravatar.com\/avatar\/4d76991aa72469f0eb22e772586c99113c6997f88da636a9db8f2ce3a2c05e69?s=96&d=mm&r=g","caption":"infocongovirtuel"},"url":"https:\/\/congovirtuel.com\/information\/author\/infocongovirtuel\/"}]}},"gt_translate_keys":[{"key":"link","format":"url"}],"_links":{"self":[{"href":"https:\/\/congovirtuel.com\/information\/wp-json\/wp\/v2\/posts\/2019","targetHints":{"allow":["GET"]}}],"collection":[{"href":"https:\/\/congovirtuel.com\/information\/wp-json\/wp\/v2\/posts"}],"about":[{"href":"https:\/\/congovirtuel.com\/information\/wp-json\/wp\/v2\/types\/post"}],"author":[{"embeddable":true,"href":"https:\/\/congovirtuel.com\/information\/wp-json\/wp\/v2\/users\/1"}],"replies":[{"embeddable":true,"href":"https:\/\/congovirtuel.com\/information\/wp-json\/wp\/v2\/comments?post=2019"}],"version-history":[{"count":1,"href":"https:\/\/congovirtuel.com\/information\/wp-json\/wp\/v2\/posts\/2019\/revisions"}],"predecessor-version":[{"id":2021,"href":"https:\/\/congovirtuel.com\/information\/wp-json\/wp\/v2\/posts\/2019\/revisions\/2021"}],"wp:featuredmedia":[{"embeddable":true,"href":"https:\/\/congovirtuel.com\/information\/wp-json\/wp\/v2\/media\/2020"}],"wp:attachment":[{"href":"https:\/\/congovirtuel.com\/information\/wp-json\/wp\/v2\/media?parent=2019"}],"wp:term":[{"taxonomy":"category","embeddable":true,"href":"https:\/\/congovirtuel.com\/information\/wp-json\/wp\/v2\/categories?post=2019"},{"taxonomy":"post_tag","embeddable":true,"href":"https:\/\/congovirtuel.com\/information\/wp-json\/wp\/v2\/tags?post=2019"}],"curies":[{"name":"wp","href":"https:\/\/api.w.org\/{rel}","templated":true}]}}