{"id":20276,"date":"2022-09-07T13:52:06","date_gmt":"2022-09-07T12:52:06","guid":{"rendered":"https:\/\/congovirtuel.com\/information\/?p=20276"},"modified":"2022-09-07T13:52:06","modified_gmt":"2022-09-07T12:52:06","slug":"les-pays-africains-devraient-saisir-ce-moment-de-crise-pour-reconstruire-des-systemes-alimentaires-durables","status":"publish","type":"post","link":"https:\/\/congovirtuel.com\/information\/les-pays-africains-devraient-saisir-ce-moment-de-crise-pour-reconstruire-des-systemes-alimentaires-durables\/","title":{"rendered":"\u00ab Les pays africains devraient saisir ce moment de crise pour reconstruire des syst\u00e8mes alimentaires durables \u00bb","gt_translate_keys":[{"key":"rendered","format":"text"}]},"content":{"rendered":"<p>Alors que la guerre en Ukraine a mis en lumi\u00e8re la vuln\u00e9rabilit\u00e9 des Etats du continent, Ibrahim Mayaki et Marion Guillou, de la Fondation Afrique-Europe, appellent \u00e0 investir davantage dans l\u2019agriculture.<\/p>\n<p>Si les premi\u00e8res cargaisons de c\u00e9r\u00e9ales en provenance d\u2019Ukraine commencent \u00e0 \u00eatre livr\u00e9es sur les march\u00e9s gr\u00e2ce \u00e0 l\u2019accord n\u00e9goci\u00e9 par l\u2019ONU et la Turquie, le conflit russo-ukrainien a rappel\u00e9 \u00e0 quel point le contr\u00f4le des approvisionnements alimentaires est un levier g\u00e9opolitique majeur. Dans ce contexte, \u00ab l\u2019autonomie strat\u00e9gique \u00bb est devenue le mantra du jour. N\u00e9anmoins, les pays sont confront\u00e9s \u00e0 des options tr\u00e8s diff\u00e9rentes lorsqu\u2019il s\u2019agit de la mettre en pratique.<\/p>\n<p>Le sujet est crucial en Afrique, o\u00f9 le d\u00e9ficit alimentaire augmente sous l\u2019effet de la forte croissance urbaine, d\u2019une faible productivit\u00e9 agricole, des impacts climatiques croissants et d\u2019investissements limit\u00e9s dans l\u2019agriculture et les syst\u00e8mes alimentaires. Ce d\u00e9ficit a bondi de 10 % des besoins alimentaires en 1970 \u00e0 20-25 % aujourd\u2019hui.<\/p>\n<p>L\u2019invasion de l\u2019Ukraine par la Russie aggrave encore la situation. Selon les derni\u00e8res donn\u00e9es, plus de 750 millions de personnes vivent dans des pays qui importent entre 50 et 100 % de leurs besoins en c\u00e9r\u00e9ales d\u2019Ukraine et de Russie. Parmi ces pays, quatorze des plus vuln\u00e9rables se trouvent en Afrique. En plus d\u2019avoir externalis\u00e9 leur production c\u00e9r\u00e9ali\u00e8re, nombre d\u2019entre eux ach\u00e8tent leurs engrais \u00e0 l\u2019autre bout du monde \u2013 en Russie notamment \u2013, ce qui les a encore davantage fragilis\u00e9s.<\/p>\n<p><strong>De nombreuses cultures \u00ab n\u00e9glig\u00e9es \u00bb<\/strong><\/p>\n<p>Afin de pouvoir construire en Afrique des syst\u00e8mes agroalimentaires plus r\u00e9silients, il convient d\u2019envisager plusieurs mesures, certaines pour tout de suite et d\u2019autres \u00e0 plus long terme.<\/p>\n<p>Plus d\u2019investissements publics dans le secteur agroalimentaire. Dans le cadre des d\u00e9clarations de Maputo en 2003, compl\u00e9t\u00e9es \u00e0 Malabo en 2014 par le Programme d\u00e9taill\u00e9 du d\u00e9veloppement de l\u2019agriculture en Afrique (PDDAA), les gouvernements africains se sont engag\u00e9s \u00e0 consacrer 10 % de leurs d\u00e9penses publiques \u00e0 l\u2019alimentation et \u00e0 l\u2019agriculture. Pourtant, un bilan \u00e9tabli en 2018 a montr\u00e9 que moins de la moiti\u00e9 des 54 pays africains avaient assorti leurs engagements de ressources. Et la pand\u00e9mie de Covid-19 a encore resserr\u00e9 le financement public. Cependant, le PDDAA a aid\u00e9 de nombreux gouvernements \u00e0 concevoir des strat\u00e9gies nationales d\u2019investissement agricole et \u00e0 adopter une approche des syst\u00e8mes alimentaires, qui doit maintenant \u00eatre renforc\u00e9e.<\/p>\n<p>Un \u00e9largissement de la protection sociale. La plupart des pays africains disposent d\u00e9sormais de syst\u00e8mes de soutien aux membres les plus pauvres de la soci\u00e9t\u00e9, sous la forme de filets de s\u00e9curit\u00e9 en esp\u00e8ces ou en nature. Le moment est venu d\u2019augmenter ces revenus et de veiller \u00e0 ce qu\u2019ils puissent r\u00e9pondre aux besoins alimentaires de base gr\u00e2ce \u00e0 des sources de financement nationales ou internationales.<\/p>\n<p>Plus d\u2019investissements dans la culture de prot\u00e9ines v\u00e9g\u00e9tales. La n\u00e9cessit\u00e9 de r\u00e9duire les \u00e9missions de gaz \u00e0 effet de serre associ\u00e9es \u00e0 l\u2019agriculture peut \u00eatre satisfaite en ensemen\u00e7ant davantage de terres avec des plantes fixatrices d\u2019azote, comme les lentilles, les pois et les haricots. Ces cultures s\u2019int\u00e8grent bien dans les syst\u00e8mes agricoles mixtes, offrent des fourrages pr\u00e9cieux pour les animaux et enrichissent les sols \u00e0 mesure qu\u2019elles poussent. Elles fournissent \u00e9galement des prot\u00e9ines bon march\u00e9 pour am\u00e9liorer les r\u00e9gimes alimentaires et mieux \u00e9quilibrer l\u2019alimentation humaine.<\/p>\n<p>Un soutien r\u00e9affirm\u00e9 \u00e0 la production de cultures vivri\u00e8res locales. Il existe de nombreuses \u00ab cultures n\u00e9glig\u00e9es \u00bb en Afrique, telles que le mil, le sorgho, le fonio et le teff. Celles-ci pourraient aider \u00e0 nourrir les villes s\u2019il y avait plus de recherche pour am\u00e9liorer les rendements et d\u2019investissement dans les cha\u00eenes de commercialisation. Souvent, ces cultures sont bien mieux adapt\u00e9es aux conditions \u00e9cologiques locales que le riz et le bl\u00e9, tout en \u00e9tant plus nutritives.<\/p>\n<p>Une int\u00e9gration de l\u2019\u00e9levage dans les paysages et les syst\u00e8mes agricoles. Trop souvent, des conflits sur l\u2019utilisation des terres voient le jour entre pasteurs et cultivateurs. La sp\u00e9cialisation des exploitations agricoles a conduit \u00e0 s\u00e9parer les animaux des cultures. Pourtant, les deux font bon m\u00e9nage, qu\u2019il s\u2019agisse d\u2019animaux broutant dans les chaumes, de b\u0153ufs utilis\u00e9s pour labourer les champs ou de d\u00e9jections animales fournissant d\u2019excellents nutriments pour les sols.<\/p>\n<p>Un d\u00e9veloppement de la production d\u2019engrais, notamment organiques. Les prix des engrais chimiques ont augment\u00e9 rapidement avant le d\u00e9but de la guerre, entra\u00een\u00e9s par la hausse des prix du gaz, et ils se situent d\u00e9sormais \u00e0 deux \u00e0 trois fois leurs niveaux de 2020. Il existe aujourd\u2019hui des diff\u00e9rences consid\u00e9rables dans les niveaux d\u2019utilisation d\u2019engrais, entre la moyenne chinoise de 350 kg\/ha et la moyenne africaine de 25 kg\/ha. La production d\u2019engrais organiques [d\u00e9riv\u00e9s de mati\u00e8re animale et v\u00e9g\u00e9tale] n\u00e9cessite donc une attention beaucoup plus grande, car ils sont bien pr\u00e9f\u00e9rables en termes d\u2019\u00e9missions de gaz \u00e0 effet de serre que les engrais min\u00e9raux. Mais surtout, les agriculteurs africains ont besoin d\u2019approvisionnements fiables, au bon moment et en quantit\u00e9 suffisante pour g\u00e9rer la croissance des cultures.<\/p>\n<p><strong>Lutter contre la sp\u00e9culation<\/strong><\/p>\n<p>Certaines mesures concernant plus sp\u00e9cifiquement les organisations multilat\u00e9rales auront un impact direct sur la s\u00e9curit\u00e9 alimentaire du continent. Citons par exemple la n\u00e9cessit\u00e9 d\u2019une meilleure \u00e9valuation des r\u00e9serves alimentaires ou la mise en place d\u2019un syst\u00e8me de collecte de donn\u00e9es en temps r\u00e9el sur les march\u00e9s afin de lutter contre la sp\u00e9culation.<\/p>\n<p>Une s\u00e9rie d\u2019initiatives ont d\u00e9j\u00e0 \u00e9t\u00e9 lanc\u00e9es pour stimuler la production alimentaire en Afrique, telles que la Mission pour la r\u00e9silience alimentaire et agricole (FARM), associant l\u2019Union europ\u00e9enne et l\u2019Union africaine, ou l\u2019Alliance mondiale pour la s\u00e9curit\u00e9 alimentaire (GAFS) du G7 et de la Banque mondiale. Mais il est indispensable de s\u2019assurer que chaque nouveau projet contribue aux plans d\u00e9j\u00e0 existants dans les pays, plus que de les en d\u00e9tourner. Il faut \u00e0 tout prix \u00e9viter que ces initiatives conduisent les d\u00e9cideurs africains \u00e0 renoncer aux priorit\u00e9s qu\u2019ils se sont d\u00e9j\u00e0 fix\u00e9es.<\/p>\n<p>A court terme, l\u2019espoir repose sur une aide alimentaire d\u2019urgence et sur la reprise des exportations de c\u00e9r\u00e9ales. Mais quand bien m\u00eame l\u2019Ukraine parvient \u00e0 exp\u00e9dier ses r\u00e9coltes avec succ\u00e8s, les pays africains devraient saisir ce moment de crise pour reconstruire des syst\u00e8mes alimentaires et agricoles durables qui r\u00e9pondent aux besoins des producteurs et des consommateurs locaux.<\/p>\n<p><strong><em>Ibrahim Mayaki, ancien secr\u00e9taire ex\u00e9cutif de l\u2019Agence de planification et de coordination du Nouveau partenariat pour le d\u00e9veloppement de l\u2019Afrique (Nepad), et Marion Guillou, ancienne pr\u00e9sidente-directrice g\u00e9n\u00e9rale de l\u2019Institut national de recherche pour l\u2019agriculture, l\u2019alimentation et l\u2019environnement (Inrae), sont copr\u00e9sidents du groupe strat\u00e9gique pour les syst\u00e8mes agroalimentaires \u00e0 la Fondation Afrique-Europe.<\/em><\/strong><\/p>\n<p>&nbsp;<\/p>\n","protected":false,"gt_translate_keys":[{"key":"rendered","format":"html"}]},"excerpt":{"rendered":"<p>Alors que la guerre en Ukraine a mis en lumi\u00e8re la vuln\u00e9rabilit\u00e9 des Etats du continent, Ibrahim Mayaki et Marion Guillou, de la Fondation Afrique-Europe, appellent \u00e0 investir davantage dans l\u2019agriculture. Si les premi\u00e8res cargaisons de c\u00e9r\u00e9ales en provenance d\u2019Ukraine commencent \u00e0 \u00eatre livr\u00e9es sur les march\u00e9s gr\u00e2ce \u00e0 l\u2019accord n\u00e9goci\u00e9 par l\u2019ONU et la Turquie, le conflit russo-ukrainien a rappel\u00e9 \u00e0 quel point le contr\u00f4le des approvisionnements alimentaires est un levier g\u00e9opolitique majeur. Dans ce contexte, \u00ab l\u2019autonomie strat\u00e9gique \u00bb est devenue le mantra du jour. N\u00e9anmoins, les pays&hellip;<\/p>\n","protected":false,"gt_translate_keys":[{"key":"rendered","format":"html"}]},"author":1,"featured_media":10667,"comment_status":"open","ping_status":"open","sticky":false,"template":"","format":"standard","meta":{"_crdt_document":"","footnotes":""},"categories":[12],"tags":[],"class_list":["post-20276","post","type-post","status-publish","format-standard","has-post-thumbnail","hentry","category-afrique"],"gutentor_comment":0,"yoast_head":"<!-- This site is optimized with the Yoast SEO plugin v27.5 - https:\/\/yoast.com\/product\/yoast-seo-wordpress\/ -->\n<title>\u00ab Les pays africains devraient saisir ce moment de crise pour reconstruire des syst\u00e8mes alimentaires durables \u00bb - Actualit\u00e9s congolaises et internationales<\/title>\n<meta name=\"robots\" content=\"index, follow, max-snippet:-1, max-image-preview:large, max-video-preview:-1\" \/>\n<link rel=\"canonical\" href=\"https:\/\/congovirtuel.com\/information\/les-pays-africains-devraient-saisir-ce-moment-de-crise-pour-reconstruire-des-systemes-alimentaires-durables\/\" \/>\n<meta property=\"og:locale\" content=\"fr_FR\" \/>\n<meta property=\"og:type\" content=\"article\" \/>\n<meta property=\"og:title\" content=\"\u00ab Les pays africains devraient saisir ce moment de crise pour reconstruire des syst\u00e8mes alimentaires durables \u00bb - Actualit\u00e9s congolaises et internationales\" \/>\n<meta property=\"og:description\" content=\"Alors que la guerre en Ukraine a mis en lumi\u00e8re la vuln\u00e9rabilit\u00e9 des Etats du continent, Ibrahim Mayaki et Marion Guillou, de la Fondation Afrique-Europe, appellent \u00e0 investir davantage dans l\u2019agriculture. Si les premi\u00e8res cargaisons de c\u00e9r\u00e9ales en provenance d\u2019Ukraine commencent \u00e0 \u00eatre livr\u00e9es sur les march\u00e9s gr\u00e2ce \u00e0 l\u2019accord n\u00e9goci\u00e9 par l\u2019ONU et la Turquie, le conflit russo-ukrainien a rappel\u00e9 \u00e0 quel point le contr\u00f4le des approvisionnements alimentaires est un levier g\u00e9opolitique majeur. Dans ce contexte, \u00ab l\u2019autonomie strat\u00e9gique \u00bb est devenue le mantra du jour. N\u00e9anmoins, les pays&hellip;\" \/>\n<meta property=\"og:url\" content=\"https:\/\/congovirtuel.com\/information\/les-pays-africains-devraient-saisir-ce-moment-de-crise-pour-reconstruire-des-systemes-alimentaires-durables\/\" \/>\n<meta property=\"og:site_name\" content=\"Actualit\u00e9s congolaises et internationales\" \/>\n<meta property=\"article:publisher\" content=\"https:\/\/web.facebook.com\/Congovirtuel-763617960319601\/?ref=aymt_homepage_panel&amp;amp%3bamp%3bamp%3bamp%3bamp%3bamp%3bamp%3bamp%3bamp%3bamp%3bamp%3beid=ARCoxULa66767kIgF_KYav6VdjXTI4yk_LW4yoVO9s6NXpysgb7Cb65vpxcxgqzOAKvIbLQxaAETcqHT\" \/>\n<meta property=\"article:published_time\" content=\"2022-09-07T12:52:06+00:00\" \/>\n<meta property=\"og:image\" content=\"https:\/\/congovirtuel.com\/information\/wp-content\/uploads\/2021\/06\/rue_diamant_afrique_du_sud-1200-x-650.jpg\" \/>\n\t<meta property=\"og:image:width\" content=\"1200\" \/>\n\t<meta property=\"og:image:height\" content=\"650\" \/>\n\t<meta property=\"og:image:type\" content=\"image\/jpeg\" \/>\n<meta name=\"author\" content=\"infocongovirtuel\" \/>\n<meta name=\"twitter:card\" content=\"summary_large_image\" \/>\n<meta name=\"twitter:creator\" content=\"@congovirtuel\" \/>\n<meta name=\"twitter:site\" content=\"@congovirtuel\" \/>\n<meta name=\"twitter:label1\" content=\"\u00c9crit par\" \/>\n\t<meta name=\"twitter:data1\" content=\"infocongovirtuel\" \/>\n\t<meta name=\"twitter:label2\" content=\"Dur\u00e9e de lecture estim\u00e9e\" \/>\n\t<meta name=\"twitter:data2\" content=\"6 minutes\" \/>\n<script type=\"application\/ld+json\" class=\"yoast-schema-graph\">{\"@context\":\"https:\\\/\\\/schema.org\",\"@graph\":[{\"@type\":\"Article\",\"@id\":\"https:\\\/\\\/congovirtuel.com\\\/information\\\/les-pays-africains-devraient-saisir-ce-moment-de-crise-pour-reconstruire-des-systemes-alimentaires-durables\\\/#article\",\"isPartOf\":{\"@id\":\"https:\\\/\\\/congovirtuel.com\\\/information\\\/les-pays-africains-devraient-saisir-ce-moment-de-crise-pour-reconstruire-des-systemes-alimentaires-durables\\\/\"},\"author\":{\"name\":\"infocongovirtuel\",\"@id\":\"https:\\\/\\\/congovirtuel.com\\\/information\\\/#\\\/schema\\\/person\\\/739a44bf7990966cb53d58d2fdeca0b6\"},\"headline\":\"\u00ab Les pays africains devraient saisir ce moment de crise pour reconstruire des syst\u00e8mes alimentaires durables \u00bb\",\"datePublished\":\"2022-09-07T12:52:06+00:00\",\"mainEntityOfPage\":{\"@id\":\"https:\\\/\\\/congovirtuel.com\\\/information\\\/les-pays-africains-devraient-saisir-ce-moment-de-crise-pour-reconstruire-des-systemes-alimentaires-durables\\\/\"},\"wordCount\":1228,\"commentCount\":0,\"publisher\":{\"@id\":\"https:\\\/\\\/congovirtuel.com\\\/information\\\/#organization\"},\"image\":{\"@id\":\"https:\\\/\\\/congovirtuel.com\\\/information\\\/les-pays-africains-devraient-saisir-ce-moment-de-crise-pour-reconstruire-des-systemes-alimentaires-durables\\\/#primaryimage\"},\"thumbnailUrl\":\"https:\\\/\\\/congovirtuel.com\\\/information\\\/wp-content\\\/uploads\\\/2021\\\/06\\\/rue_diamant_afrique_du_sud-1200-x-650.jpg\",\"articleSection\":[\"Afrique\"],\"inLanguage\":\"fr-FR\",\"potentialAction\":[{\"@type\":\"CommentAction\",\"name\":\"Comment\",\"target\":[\"https:\\\/\\\/congovirtuel.com\\\/information\\\/les-pays-africains-devraient-saisir-ce-moment-de-crise-pour-reconstruire-des-systemes-alimentaires-durables\\\/#respond\"]}]},{\"@type\":\"WebPage\",\"@id\":\"https:\\\/\\\/congovirtuel.com\\\/information\\\/les-pays-africains-devraient-saisir-ce-moment-de-crise-pour-reconstruire-des-systemes-alimentaires-durables\\\/\",\"url\":\"https:\\\/\\\/congovirtuel.com\\\/information\\\/les-pays-africains-devraient-saisir-ce-moment-de-crise-pour-reconstruire-des-systemes-alimentaires-durables\\\/\",\"name\":\"\u00ab Les pays africains devraient saisir ce moment de crise pour reconstruire des syst\u00e8mes alimentaires durables \u00bb - Actualit\u00e9s congolaises et internationales\",\"isPartOf\":{\"@id\":\"https:\\\/\\\/congovirtuel.com\\\/information\\\/#website\"},\"primaryImageOfPage\":{\"@id\":\"https:\\\/\\\/congovirtuel.com\\\/information\\\/les-pays-africains-devraient-saisir-ce-moment-de-crise-pour-reconstruire-des-systemes-alimentaires-durables\\\/#primaryimage\"},\"image\":{\"@id\":\"https:\\\/\\\/congovirtuel.com\\\/information\\\/les-pays-africains-devraient-saisir-ce-moment-de-crise-pour-reconstruire-des-systemes-alimentaires-durables\\\/#primaryimage\"},\"thumbnailUrl\":\"https:\\\/\\\/congovirtuel.com\\\/information\\\/wp-content\\\/uploads\\\/2021\\\/06\\\/rue_diamant_afrique_du_sud-1200-x-650.jpg\",\"datePublished\":\"2022-09-07T12:52:06+00:00\",\"breadcrumb\":{\"@id\":\"https:\\\/\\\/congovirtuel.com\\\/information\\\/les-pays-africains-devraient-saisir-ce-moment-de-crise-pour-reconstruire-des-systemes-alimentaires-durables\\\/#breadcrumb\"},\"inLanguage\":\"fr-FR\",\"potentialAction\":[{\"@type\":\"ReadAction\",\"target\":[\"https:\\\/\\\/congovirtuel.com\\\/information\\\/les-pays-africains-devraient-saisir-ce-moment-de-crise-pour-reconstruire-des-systemes-alimentaires-durables\\\/\"]}]},{\"@type\":\"ImageObject\",\"inLanguage\":\"fr-FR\",\"@id\":\"https:\\\/\\\/congovirtuel.com\\\/information\\\/les-pays-africains-devraient-saisir-ce-moment-de-crise-pour-reconstruire-des-systemes-alimentaires-durables\\\/#primaryimage\",\"url\":\"https:\\\/\\\/congovirtuel.com\\\/information\\\/wp-content\\\/uploads\\\/2021\\\/06\\\/rue_diamant_afrique_du_sud-1200-x-650.jpg\",\"contentUrl\":\"https:\\\/\\\/congovirtuel.com\\\/information\\\/wp-content\\\/uploads\\\/2021\\\/06\\\/rue_diamant_afrique_du_sud-1200-x-650.jpg\",\"width\":1200,\"height\":650},{\"@type\":\"BreadcrumbList\",\"@id\":\"https:\\\/\\\/congovirtuel.com\\\/information\\\/les-pays-africains-devraient-saisir-ce-moment-de-crise-pour-reconstruire-des-systemes-alimentaires-durables\\\/#breadcrumb\",\"itemListElement\":[{\"@type\":\"ListItem\",\"position\":1,\"name\":\"Accueil\",\"item\":\"https:\\\/\\\/congovirtuel.com\\\/information\\\/\"},{\"@type\":\"ListItem\",\"position\":2,\"name\":\"\u00ab Les pays africains devraient saisir ce moment de crise pour reconstruire des syst\u00e8mes alimentaires durables \u00bb\"}]},{\"@type\":\"WebSite\",\"@id\":\"https:\\\/\\\/congovirtuel.com\\\/information\\\/#website\",\"url\":\"https:\\\/\\\/congovirtuel.com\\\/information\\\/\",\"name\":\"Actualit\u00e9s congolaises et internationales\",\"description\":\"site d&#039;analyse et de traitement d&#039;information\",\"publisher\":{\"@id\":\"https:\\\/\\\/congovirtuel.com\\\/information\\\/#organization\"},\"potentialAction\":[{\"@type\":\"SearchAction\",\"target\":{\"@type\":\"EntryPoint\",\"urlTemplate\":\"https:\\\/\\\/congovirtuel.com\\\/information\\\/?s={search_term_string}\"},\"query-input\":{\"@type\":\"PropertyValueSpecification\",\"valueRequired\":true,\"valueName\":\"search_term_string\"}}],\"inLanguage\":\"fr-FR\"},{\"@type\":\"Organization\",\"@id\":\"https:\\\/\\\/congovirtuel.com\\\/information\\\/#organization\",\"name\":\"Biblioth\u00e8que Virtuelle de la RDC\",\"url\":\"https:\\\/\\\/congovirtuel.com\\\/information\\\/\",\"logo\":{\"@type\":\"ImageObject\",\"inLanguage\":\"fr-FR\",\"@id\":\"https:\\\/\\\/congovirtuel.com\\\/information\\\/#\\\/schema\\\/logo\\\/image\\\/\",\"url\":\"https:\\\/\\\/congovirtuel.com\\\/information\\\/wp-content\\\/uploads\\\/2018\\\/10\\\/header-info-congovirtuel-vraie.jpg\",\"contentUrl\":\"https:\\\/\\\/congovirtuel.com\\\/information\\\/wp-content\\\/uploads\\\/2018\\\/10\\\/header-info-congovirtuel-vraie.jpg\",\"width\":728,\"height\":90,\"caption\":\"Biblioth\u00e8que Virtuelle de la RDC\"},\"image\":{\"@id\":\"https:\\\/\\\/congovirtuel.com\\\/information\\\/#\\\/schema\\\/logo\\\/image\\\/\"},\"sameAs\":[\"https:\\\/\\\/web.facebook.com\\\/Congovirtuel-763617960319601\\\/?ref=aymt_homepage_panel&amp;amp;amp;amp;amp;amp;amp;amp;amp;amp;amp;eid=ARCoxULa66767kIgF_KYav6VdjXTI4yk_LW4yoVO9s6NXpysgb7Cb65vpxcxgqzOAKvIbLQxaAETcqHT\",\"https:\\\/\\\/x.com\\\/congovirtuel\",\"https:\\\/\\\/www.youtube.com\\\/channel\\\/UCkFfprYzGgS3EWNpeMXpToQ?view_as=subscriber\"]},{\"@type\":\"Person\",\"@id\":\"https:\\\/\\\/congovirtuel.com\\\/information\\\/#\\\/schema\\\/person\\\/739a44bf7990966cb53d58d2fdeca0b6\",\"name\":\"infocongovirtuel\",\"image\":{\"@type\":\"ImageObject\",\"inLanguage\":\"fr-FR\",\"@id\":\"https:\\\/\\\/secure.gravatar.com\\\/avatar\\\/4d76991aa72469f0eb22e772586c99113c6997f88da636a9db8f2ce3a2c05e69?s=96&d=mm&r=g\",\"url\":\"https:\\\/\\\/secure.gravatar.com\\\/avatar\\\/4d76991aa72469f0eb22e772586c99113c6997f88da636a9db8f2ce3a2c05e69?s=96&d=mm&r=g\",\"contentUrl\":\"https:\\\/\\\/secure.gravatar.com\\\/avatar\\\/4d76991aa72469f0eb22e772586c99113c6997f88da636a9db8f2ce3a2c05e69?s=96&d=mm&r=g\",\"caption\":\"infocongovirtuel\"},\"url\":\"https:\\\/\\\/congovirtuel.com\\\/information\\\/author\\\/infocongovirtuel\\\/\"}]}<\/script>\n<!-- \/ Yoast SEO plugin. -->","yoast_head_json":{"title":"\u00ab Les pays africains devraient saisir ce moment de crise pour reconstruire des syst\u00e8mes alimentaires durables \u00bb - Actualit\u00e9s congolaises et internationales","robots":{"index":"index","follow":"follow","max-snippet":"max-snippet:-1","max-image-preview":"max-image-preview:large","max-video-preview":"max-video-preview:-1"},"canonical":"https:\/\/congovirtuel.com\/information\/les-pays-africains-devraient-saisir-ce-moment-de-crise-pour-reconstruire-des-systemes-alimentaires-durables\/","og_locale":"fr_FR","og_type":"article","og_title":"\u00ab Les pays africains devraient saisir ce moment de crise pour reconstruire des syst\u00e8mes alimentaires durables \u00bb - Actualit\u00e9s congolaises et internationales","og_description":"Alors que la guerre en Ukraine a mis en lumi\u00e8re la vuln\u00e9rabilit\u00e9 des Etats du continent, Ibrahim Mayaki et Marion Guillou, de la Fondation Afrique-Europe, appellent \u00e0 investir davantage dans l\u2019agriculture. Si les premi\u00e8res cargaisons de c\u00e9r\u00e9ales en provenance d\u2019Ukraine commencent \u00e0 \u00eatre livr\u00e9es sur les march\u00e9s gr\u00e2ce \u00e0 l\u2019accord n\u00e9goci\u00e9 par l\u2019ONU et la Turquie, le conflit russo-ukrainien a rappel\u00e9 \u00e0 quel point le contr\u00f4le des approvisionnements alimentaires est un levier g\u00e9opolitique majeur. Dans ce contexte, \u00ab l\u2019autonomie strat\u00e9gique \u00bb est devenue le mantra du jour. N\u00e9anmoins, les pays&hellip;","og_url":"https:\/\/congovirtuel.com\/information\/les-pays-africains-devraient-saisir-ce-moment-de-crise-pour-reconstruire-des-systemes-alimentaires-durables\/","og_site_name":"Actualit\u00e9s congolaises et internationales","article_publisher":"https:\/\/web.facebook.com\/Congovirtuel-763617960319601\/?ref=aymt_homepage_panel&amp%3bamp%3bamp%3bamp%3bamp%3bamp%3bamp%3bamp%3bamp%3bamp%3bamp%3beid=ARCoxULa66767kIgF_KYav6VdjXTI4yk_LW4yoVO9s6NXpysgb7Cb65vpxcxgqzOAKvIbLQxaAETcqHT","article_published_time":"2022-09-07T12:52:06+00:00","og_image":[{"width":1200,"height":650,"url":"https:\/\/congovirtuel.com\/information\/wp-content\/uploads\/2021\/06\/rue_diamant_afrique_du_sud-1200-x-650.jpg","type":"image\/jpeg"}],"author":"infocongovirtuel","twitter_card":"summary_large_image","twitter_creator":"@congovirtuel","twitter_site":"@congovirtuel","twitter_misc":{"\u00c9crit par":"infocongovirtuel","Dur\u00e9e de lecture estim\u00e9e":"6 minutes"},"schema":{"@context":"https:\/\/schema.org","@graph":[{"@type":"Article","@id":"https:\/\/congovirtuel.com\/information\/les-pays-africains-devraient-saisir-ce-moment-de-crise-pour-reconstruire-des-systemes-alimentaires-durables\/#article","isPartOf":{"@id":"https:\/\/congovirtuel.com\/information\/les-pays-africains-devraient-saisir-ce-moment-de-crise-pour-reconstruire-des-systemes-alimentaires-durables\/"},"author":{"name":"infocongovirtuel","@id":"https:\/\/congovirtuel.com\/information\/#\/schema\/person\/739a44bf7990966cb53d58d2fdeca0b6"},"headline":"\u00ab Les pays africains devraient saisir ce moment de crise pour reconstruire des syst\u00e8mes alimentaires durables \u00bb","datePublished":"2022-09-07T12:52:06+00:00","mainEntityOfPage":{"@id":"https:\/\/congovirtuel.com\/information\/les-pays-africains-devraient-saisir-ce-moment-de-crise-pour-reconstruire-des-systemes-alimentaires-durables\/"},"wordCount":1228,"commentCount":0,"publisher":{"@id":"https:\/\/congovirtuel.com\/information\/#organization"},"image":{"@id":"https:\/\/congovirtuel.com\/information\/les-pays-africains-devraient-saisir-ce-moment-de-crise-pour-reconstruire-des-systemes-alimentaires-durables\/#primaryimage"},"thumbnailUrl":"https:\/\/congovirtuel.com\/information\/wp-content\/uploads\/2021\/06\/rue_diamant_afrique_du_sud-1200-x-650.jpg","articleSection":["Afrique"],"inLanguage":"fr-FR","potentialAction":[{"@type":"CommentAction","name":"Comment","target":["https:\/\/congovirtuel.com\/information\/les-pays-africains-devraient-saisir-ce-moment-de-crise-pour-reconstruire-des-systemes-alimentaires-durables\/#respond"]}]},{"@type":"WebPage","@id":"https:\/\/congovirtuel.com\/information\/les-pays-africains-devraient-saisir-ce-moment-de-crise-pour-reconstruire-des-systemes-alimentaires-durables\/","url":"https:\/\/congovirtuel.com\/information\/les-pays-africains-devraient-saisir-ce-moment-de-crise-pour-reconstruire-des-systemes-alimentaires-durables\/","name":"\u00ab Les pays africains devraient saisir ce moment de crise pour reconstruire des syst\u00e8mes alimentaires durables \u00bb - Actualit\u00e9s congolaises et internationales","isPartOf":{"@id":"https:\/\/congovirtuel.com\/information\/#website"},"primaryImageOfPage":{"@id":"https:\/\/congovirtuel.com\/information\/les-pays-africains-devraient-saisir-ce-moment-de-crise-pour-reconstruire-des-systemes-alimentaires-durables\/#primaryimage"},"image":{"@id":"https:\/\/congovirtuel.com\/information\/les-pays-africains-devraient-saisir-ce-moment-de-crise-pour-reconstruire-des-systemes-alimentaires-durables\/#primaryimage"},"thumbnailUrl":"https:\/\/congovirtuel.com\/information\/wp-content\/uploads\/2021\/06\/rue_diamant_afrique_du_sud-1200-x-650.jpg","datePublished":"2022-09-07T12:52:06+00:00","breadcrumb":{"@id":"https:\/\/congovirtuel.com\/information\/les-pays-africains-devraient-saisir-ce-moment-de-crise-pour-reconstruire-des-systemes-alimentaires-durables\/#breadcrumb"},"inLanguage":"fr-FR","potentialAction":[{"@type":"ReadAction","target":["https:\/\/congovirtuel.com\/information\/les-pays-africains-devraient-saisir-ce-moment-de-crise-pour-reconstruire-des-systemes-alimentaires-durables\/"]}]},{"@type":"ImageObject","inLanguage":"fr-FR","@id":"https:\/\/congovirtuel.com\/information\/les-pays-africains-devraient-saisir-ce-moment-de-crise-pour-reconstruire-des-systemes-alimentaires-durables\/#primaryimage","url":"https:\/\/congovirtuel.com\/information\/wp-content\/uploads\/2021\/06\/rue_diamant_afrique_du_sud-1200-x-650.jpg","contentUrl":"https:\/\/congovirtuel.com\/information\/wp-content\/uploads\/2021\/06\/rue_diamant_afrique_du_sud-1200-x-650.jpg","width":1200,"height":650},{"@type":"BreadcrumbList","@id":"https:\/\/congovirtuel.com\/information\/les-pays-africains-devraient-saisir-ce-moment-de-crise-pour-reconstruire-des-systemes-alimentaires-durables\/#breadcrumb","itemListElement":[{"@type":"ListItem","position":1,"name":"Accueil","item":"https:\/\/congovirtuel.com\/information\/"},{"@type":"ListItem","position":2,"name":"\u00ab Les pays africains devraient saisir ce moment de crise pour reconstruire des syst\u00e8mes alimentaires durables \u00bb"}]},{"@type":"WebSite","@id":"https:\/\/congovirtuel.com\/information\/#website","url":"https:\/\/congovirtuel.com\/information\/","name":"Actualit\u00e9s congolaises et internationales","description":"site d&#039;analyse et de traitement d&#039;information","publisher":{"@id":"https:\/\/congovirtuel.com\/information\/#organization"},"potentialAction":[{"@type":"SearchAction","target":{"@type":"EntryPoint","urlTemplate":"https:\/\/congovirtuel.com\/information\/?s={search_term_string}"},"query-input":{"@type":"PropertyValueSpecification","valueRequired":true,"valueName":"search_term_string"}}],"inLanguage":"fr-FR"},{"@type":"Organization","@id":"https:\/\/congovirtuel.com\/information\/#organization","name":"Biblioth\u00e8que Virtuelle de la RDC","url":"https:\/\/congovirtuel.com\/information\/","logo":{"@type":"ImageObject","inLanguage":"fr-FR","@id":"https:\/\/congovirtuel.com\/information\/#\/schema\/logo\/image\/","url":"https:\/\/congovirtuel.com\/information\/wp-content\/uploads\/2018\/10\/header-info-congovirtuel-vraie.jpg","contentUrl":"https:\/\/congovirtuel.com\/information\/wp-content\/uploads\/2018\/10\/header-info-congovirtuel-vraie.jpg","width":728,"height":90,"caption":"Biblioth\u00e8que Virtuelle de la RDC"},"image":{"@id":"https:\/\/congovirtuel.com\/information\/#\/schema\/logo\/image\/"},"sameAs":["https:\/\/web.facebook.com\/Congovirtuel-763617960319601\/?ref=aymt_homepage_panel&amp;amp;amp;amp;amp;amp;amp;amp;amp;amp;amp;eid=ARCoxULa66767kIgF_KYav6VdjXTI4yk_LW4yoVO9s6NXpysgb7Cb65vpxcxgqzOAKvIbLQxaAETcqHT","https:\/\/x.com\/congovirtuel","https:\/\/www.youtube.com\/channel\/UCkFfprYzGgS3EWNpeMXpToQ?view_as=subscriber"]},{"@type":"Person","@id":"https:\/\/congovirtuel.com\/information\/#\/schema\/person\/739a44bf7990966cb53d58d2fdeca0b6","name":"infocongovirtuel","image":{"@type":"ImageObject","inLanguage":"fr-FR","@id":"https:\/\/secure.gravatar.com\/avatar\/4d76991aa72469f0eb22e772586c99113c6997f88da636a9db8f2ce3a2c05e69?s=96&d=mm&r=g","url":"https:\/\/secure.gravatar.com\/avatar\/4d76991aa72469f0eb22e772586c99113c6997f88da636a9db8f2ce3a2c05e69?s=96&d=mm&r=g","contentUrl":"https:\/\/secure.gravatar.com\/avatar\/4d76991aa72469f0eb22e772586c99113c6997f88da636a9db8f2ce3a2c05e69?s=96&d=mm&r=g","caption":"infocongovirtuel"},"url":"https:\/\/congovirtuel.com\/information\/author\/infocongovirtuel\/"}]}},"gt_translate_keys":[{"key":"link","format":"url"}],"_links":{"self":[{"href":"https:\/\/congovirtuel.com\/information\/wp-json\/wp\/v2\/posts\/20276","targetHints":{"allow":["GET"]}}],"collection":[{"href":"https:\/\/congovirtuel.com\/information\/wp-json\/wp\/v2\/posts"}],"about":[{"href":"https:\/\/congovirtuel.com\/information\/wp-json\/wp\/v2\/types\/post"}],"author":[{"embeddable":true,"href":"https:\/\/congovirtuel.com\/information\/wp-json\/wp\/v2\/users\/1"}],"replies":[{"embeddable":true,"href":"https:\/\/congovirtuel.com\/information\/wp-json\/wp\/v2\/comments?post=20276"}],"version-history":[{"count":1,"href":"https:\/\/congovirtuel.com\/information\/wp-json\/wp\/v2\/posts\/20276\/revisions"}],"predecessor-version":[{"id":20277,"href":"https:\/\/congovirtuel.com\/information\/wp-json\/wp\/v2\/posts\/20276\/revisions\/20277"}],"wp:featuredmedia":[{"embeddable":true,"href":"https:\/\/congovirtuel.com\/information\/wp-json\/wp\/v2\/media\/10667"}],"wp:attachment":[{"href":"https:\/\/congovirtuel.com\/information\/wp-json\/wp\/v2\/media?parent=20276"}],"wp:term":[{"taxonomy":"category","embeddable":true,"href":"https:\/\/congovirtuel.com\/information\/wp-json\/wp\/v2\/categories?post=20276"},{"taxonomy":"post_tag","embeddable":true,"href":"https:\/\/congovirtuel.com\/information\/wp-json\/wp\/v2\/tags?post=20276"}],"curies":[{"name":"wp","href":"https:\/\/api.w.org\/{rel}","templated":true}]}}